{"id":40394,"date":"2015-06-20T01:39:45","date_gmt":"2015-06-20T00:09:45","guid":{"rendered":"http:\/\/eldigitaldeasturias.com\/magazine365\/?p=40394"},"modified":"2015-06-20T01:39:45","modified_gmt":"2015-06-20T00:09:45","slug":"vueling-arranca-la-temporada-de-verano-en-menorca","status":"publish","type":"post","link":"https:\/\/eldigitaldeasturias.com\/magazine365\/vueling-arranca-la-temporada-de-verano-en-menorca\/","title":{"rendered":"Vueling arranca la temporada de verano en Menorca"},"content":{"rendered":"<p><img fetchpriority=\"high\" decoding=\"async\" class=\"alignleft size-medium wp-image-40395\" src=\"https:\/\/eldigitaldeasturias.com\/magazine365\/wp-content\/uploads\/2015\/06\/fotonoticia_20150619125252_800-360x250.jpg\" alt=\"fotonoticia_20150619125252_800\" width=\"360\" height=\"250\" srcset=\"https:\/\/eldigitaldeasturias.com\/magazine365\/wp-content\/uploads\/2015\/06\/fotonoticia_20150619125252_800-360x250.jpg 360w, https:\/\/eldigitaldeasturias.com\/magazine365\/wp-content\/uploads\/2015\/06\/fotonoticia_20150619125252_800-650x451.jpg 650w, https:\/\/eldigitaldeasturias.com\/magazine365\/wp-content\/uploads\/2015\/06\/fotonoticia_20150619125252_800-768x533.jpg 768w, https:\/\/eldigitaldeasturias.com\/magazine365\/wp-content\/uploads\/2015\/06\/fotonoticia_20150619125252_800-150x104.jpg 150w, https:\/\/eldigitaldeasturias.com\/magazine365\/wp-content\/uploads\/2015\/06\/fotonoticia_20150619125252_800-450x312.jpg 450w, https:\/\/eldigitaldeasturias.com\/magazine365\/wp-content\/uploads\/2015\/06\/fotonoticia_20150619125252_800-100x70.jpg 100w, https:\/\/eldigitaldeasturias.com\/magazine365\/wp-content\/uploads\/2015\/06\/fotonoticia_20150619125252_800-218x150.jpg 218w, https:\/\/eldigitaldeasturias.com\/magazine365\/wp-content\/uploads\/2015\/06\/fotonoticia_20150619125252_800-696x483.jpg 696w, https:\/\/eldigitaldeasturias.com\/magazine365\/wp-content\/uploads\/2015\/06\/fotonoticia_20150619125252_800-605x420.jpg 605w, https:\/\/eldigitaldeasturias.com\/magazine365\/wp-content\/uploads\/2015\/06\/fotonoticia_20150619125252_800.jpg 800w\" sizes=\"(max-width: 360px) 100vw, 360px\" \/>La compa\u00f1\u00eda a\u00e9rea Vueling ha anunciado este viernes el inicio de su temporada de verano en el aeropuerto de Menorca con el estreno de cuatro nuevas rutas directas, dos internacionales a las ciudades italianas de Tur\u00edn y G\u00e9nova, y dos dom\u00e9sticas a M\u00e1laga y Santiago de Compostela, lo que supone un incremento de su actividad en la Isla con aumento de frecuencias en rutas ya consolidadas ampliaci\u00f3n de su red de destinos.<\/p>\n<p>La nueva ruta a Tur\u00edn contar\u00e1 con dos frecuencias semanales, y la conexi\u00f3n con G\u00e9nova tendr\u00e1 un vuelo semanal durante los meses de julio y agosto.<\/p>\n<p>Por otra parte, las nuevas rutas nacionales a los destinos de M\u00e1laga y Santiago de Compostela operar\u00e1n con dos frecuencias semanales durante los meses de mayor demanda.<\/p>\n<p>En su d\u00e9cimo a\u00f1o en Menorca, la aerol\u00ednea ya suma un total de once rutas directas, para las cuales se han puesto a la venta un total de 768.000 asientos, un 8 por ciento m\u00e1s que en 2014.<\/p>\n<p>La compa\u00f1\u00eda ha celebrado este viernes la llegada del primer vuelo procedente de M\u00e1laga con el bautizo del avi\u00f3n tras tomar tierra en Menorca a las 08.35 horas.<\/p>\n<p>El vuelo ha llegado con 130 pasajeros a bordo, que han sido testigos del bautizo con un gran arco de agua realizado por los bomberos del aeropuerto.<\/p>\n<p>Adem\u00e1s, el comandante Gustavo Cort\u00e9s y el resto de la tripulaci\u00f3n, acompa\u00f1ados por Vicente Guillam\u00f3n, jefe de escala; David Vidal, gerente de la Fundaci\u00f3 Dest\u00ed Menorca; y Tom\u00e1s Melgar, director del Aeropuerto de Menorca, han obsequiado a los pasajeros con una tarta y una degustaci\u00f3n de queso de Mah\u00f3n-Menorca y pomada.<\/p>\n<p>La ruta a Santiago de Compostela comenzar\u00e1 sus operaciones el pr\u00f3ximo 27 de junio; Tur\u00edn lo har\u00e1 tres d\u00edas m\u00e1s tarde, el d\u00eda 1 de julio, y G\u00e9nova el 21 de julio.<\/p>\n<p>Vueling ha anunciado asimismo que, adem\u00e1s de ampliar frecuencias, ha alargado el tiempo de operaci\u00f3n en rutas a destinos ya consolidados.<\/p>\n<p>Es el caso de Alicante, que este verano no solo operar\u00e1 durante los meses de centrales sino que lo har\u00e1 hasta octubre con cuatro frecuencias semanales.<\/p>\n<p>Lo mismo ocurre con la ruta a Bilbao, que ampl\u00eda hasta doce sus frecuencias semanales y se alargar\u00e1 tambi\u00e9n hasta el oto\u00f1o.<\/p>\n<p>Tambi\u00e9n las conexiones directas con Par\u00eds (Orly) y Sevilla est\u00e1n viendo aumentadas sus operaciones con hasta tres frecuencias semanales, una m\u00e1s que en 2014.<\/p>\n<p>MENORCA-BARCELONA<\/p>\n<p>Por otra parte, el enlace multifrecuencia Menorca-Barcelona, que en su d\u00e9cimo a\u00f1o de operaci\u00f3n cuenta con hasta 13 frecuencias diarias, ofrece a los pasajeros un amplio abanico de horarios para poder ir y volver de la Ciudad Condal en el mismo d\u00eda.<\/p>\n<p>Y los pasajeros que vayan a disfrutar de sus vacaciones fuera de la Isla podr\u00e1n conectar con los m\u00e1s de 155 destinos que Vueling ofrece en Europa, \u00c1frica y Oriente Pr\u00f3ximo a trav\u00e9s de sus hubs de Barcelona y Roma-Fiumicino.<\/p>\n","protected":false},"excerpt":{"rendered":"<p>La compa\u00f1\u00eda a\u00e9rea Vueling ha anunciado este viernes el inicio de su temporada de verano en el aeropuerto de Menorca con el estreno de cuatro nuevas rutas directas, dos internacionales a las ciudades italianas de Tur\u00edn y G\u00e9nova, y dos dom\u00e9sticas a M\u00e1laga y Santiago de Compostela, lo que supone un incremento de su actividad<\/p>\n","protected":false},"author":1,"featured_media":40395,"comment_status":"open","ping_status":"closed","sticky":false,"template":"","format":"standard","meta":{"footnotes":""},"categories":[222],"tags":[],"class_list":{"0":"post-40394","1":"post","2":"type-post","3":"status-publish","4":"format-standard","5":"has-post-thumbnail","7":"category-actualidad-turismo"},"aioseo_notices":[],"aioseo_head":"\n\t\t<!-- All in One SEO Pro 4.9.6.1 - aioseo.com -->\n\t<meta name=\"description\" content=\"La compa\u00f1\u00eda a\u00e9rea Vueling ha anunciado este viernes el inicio de su temporada de verano en el aeropuerto de Menorca con el estreno de cuatro nuevas rutas directas, dos internacionales a las ciudades italianas de Tur\u00edn y G\u00e9nova, y dos dom\u00e9sticas a M\u00e1laga y Santiago de Compostela, lo que supone un incremento de su actividad\" \/>\n\t<meta name=\"robots\" content=\"max-image-preview:large\" \/>\n\t<meta name=\"author\" content=\"admin\"\/>\n\t<meta name=\"google-site-verification\" content=\"UA-38556648-1\" \/>\n\t<meta name=\"keywords\" content=\"actualidad turismo\" \/>\n\t<link rel=\"canonical\" href=\"https:\/\/eldigitaldeasturias.com\/magazine365\/vueling-arranca-la-temporada-de-verano-en-menorca\/\" \/>\n\t<meta name=\"generator\" content=\"All in One SEO Pro (AIOSEO) 4.9.6.1\" \/>\n\t\t<meta property=\"og:locale\" content=\"es_ES\" \/>\n\t\t<meta property=\"og:site_name\" content=\"El Digital de Asturias \u2013 Revista de ocio, turismo y estilo de vida\" \/>\n\t\t<meta property=\"og:type\" content=\"article\" \/>\n\t\t<meta property=\"og:title\" content=\"Vueling arranca la temporada de verano en Menorca | El Digital de Asturias\" \/>\n\t\t<meta property=\"og:description\" content=\"La compa\u00f1\u00eda a\u00e9rea Vueling ha anunciado este viernes el inicio de su temporada de verano en el aeropuerto de Menorca con el estreno de cuatro nuevas rutas directas, dos internacionales a las ciudades italianas de Tur\u00edn y G\u00e9nova, y dos dom\u00e9sticas a M\u00e1laga y Santiago de Compostela, lo que supone un incremento de su actividad\" \/>\n\t\t<meta property=\"og:url\" content=\"https:\/\/eldigitaldeasturias.com\/magazine365\/vueling-arranca-la-temporada-de-verano-en-menorca\/\" \/>\n\t\t<meta property=\"og:image\" content=\"https:\/\/eldigitaldeasturias.com\/magazine365\/wp-content\/uploads\/2015\/06\/fotonoticia_20150619125252_800.jpg\" \/>\n\t\t<meta property=\"og:image:secure_url\" content=\"https:\/\/eldigitaldeasturias.com\/magazine365\/wp-content\/uploads\/2015\/06\/fotonoticia_20150619125252_800.jpg\" \/>\n\t\t<meta property=\"og:image:width\" content=\"800\" \/>\n\t\t<meta property=\"og:image:height\" content=\"555\" \/>\n\t\t<meta property=\"article:published_time\" content=\"2015-06-20T00:09:45+00:00\" \/>\n\t\t<meta property=\"article:modified_time\" content=\"2015-06-20T00:09:45+00:00\" \/>\n\t\t<meta name=\"twitter:card\" content=\"summary_large_image\" \/>\n\t\t<meta name=\"twitter:title\" content=\"Vueling arranca la temporada de verano en Menorca | El Digital de Asturias\" \/>\n\t\t<meta name=\"twitter:description\" content=\"La compa\u00f1\u00eda a\u00e9rea Vueling ha anunciado este viernes el inicio de su temporada de verano en el aeropuerto de Menorca con el estreno de cuatro nuevas rutas directas, dos internacionales a las ciudades italianas de Tur\u00edn y G\u00e9nova, y dos dom\u00e9sticas a M\u00e1laga y Santiago de Compostela, lo que supone un incremento de su actividad\" \/>\n\t\t<meta name=\"twitter:image\" content=\"https:\/\/eldigitaldeasturias.com\/magazine365\/wp-content\/uploads\/2015\/06\/fotonoticia_20150619125252_800.jpg\" \/>\n\t\t<script type=\"application\/ld+json\" class=\"aioseo-schema\">\n\t\t\t{\"@context\":\"https:\\\/\\\/schema.org\",\"@graph\":[{\"@type\":\"Article\",\"@id\":\"https:\\\/\\\/eldigitaldeasturias.com\\\/magazine365\\\/vueling-arranca-la-temporada-de-verano-en-menorca\\\/#article\",\"name\":\"Vueling arranca la temporada de verano en Menorca | El Digital de Asturias\",\"headline\":\"Vueling arranca la temporada de verano en Menorca\",\"author\":{\"@id\":\"https:\\\/\\\/eldigitaldeasturias.com\\\/magazine365\\\/author\\\/admin\\\/#author\"},\"publisher\":{\"@id\":\"https:\\\/\\\/eldigitaldeasturias.com\\\/magazine365\\\/#organization\"},\"image\":{\"@type\":\"ImageObject\",\"url\":\"https:\\\/\\\/eldigitaldeasturias.com\\\/magazine365\\\/wp-content\\\/uploads\\\/2015\\\/06\\\/fotonoticia_20150619125252_800.jpg\",\"width\":800,\"height\":555},\"datePublished\":\"2015-06-20T01:39:45+02:00\",\"dateModified\":\"2015-06-20T01:39:45+02:00\",\"inLanguage\":\"es-ES\",\"mainEntityOfPage\":{\"@id\":\"https:\\\/\\\/eldigitaldeasturias.com\\\/magazine365\\\/vueling-arranca-la-temporada-de-verano-en-menorca\\\/#webpage\"},\"isPartOf\":{\"@id\":\"https:\\\/\\\/eldigitaldeasturias.com\\\/magazine365\\\/vueling-arranca-la-temporada-de-verano-en-menorca\\\/#webpage\"},\"articleSection\":\"Actualidad Turismo\"},{\"@type\":\"BreadcrumbList\",\"@id\":\"https:\\\/\\\/eldigitaldeasturias.com\\\/magazine365\\\/vueling-arranca-la-temporada-de-verano-en-menorca\\\/#breadcrumblist\",\"itemListElement\":[{\"@type\":\"ListItem\",\"@id\":\"https:\\\/\\\/eldigitaldeasturias.com\\\/magazine365#listItem\",\"position\":1,\"name\":\"Home\",\"item\":\"https:\\\/\\\/eldigitaldeasturias.com\\\/magazine365\",\"nextItem\":{\"@type\":\"ListItem\",\"@id\":\"https:\\\/\\\/eldigitaldeasturias.com\\\/magazine365\\\/category\\\/actualidad-turismo\\\/#listItem\",\"name\":\"Actualidad Turismo\"}},{\"@type\":\"ListItem\",\"@id\":\"https:\\\/\\\/eldigitaldeasturias.com\\\/magazine365\\\/category\\\/actualidad-turismo\\\/#listItem\",\"position\":2,\"name\":\"Actualidad Turismo\",\"item\":\"https:\\\/\\\/eldigitaldeasturias.com\\\/magazine365\\\/category\\\/actualidad-turismo\\\/\",\"nextItem\":{\"@type\":\"ListItem\",\"@id\":\"https:\\\/\\\/eldigitaldeasturias.com\\\/magazine365\\\/vueling-arranca-la-temporada-de-verano-en-menorca\\\/#listItem\",\"name\":\"Vueling arranca la temporada de verano en Menorca\"},\"previousItem\":{\"@type\":\"ListItem\",\"@id\":\"https:\\\/\\\/eldigitaldeasturias.com\\\/magazine365#listItem\",\"name\":\"Home\"}},{\"@type\":\"ListItem\",\"@id\":\"https:\\\/\\\/eldigitaldeasturias.com\\\/magazine365\\\/vueling-arranca-la-temporada-de-verano-en-menorca\\\/#listItem\",\"position\":3,\"name\":\"Vueling arranca la temporada de verano en Menorca\",\"previousItem\":{\"@type\":\"ListItem\",\"@id\":\"https:\\\/\\\/eldigitaldeasturias.com\\\/magazine365\\\/category\\\/actualidad-turismo\\\/#listItem\",\"name\":\"Actualidad Turismo\"}}]},{\"@type\":\"Organization\",\"@id\":\"https:\\\/\\\/eldigitaldeasturias.com\\\/magazine365\\\/#organization\",\"name\":\"El digital de Asturias\",\"description\":\"Revista de ocio, turismo y estilo de vida\",\"url\":\"https:\\\/\\\/eldigitaldeasturias.com\\\/magazine365\\\/\",\"logo\":{\"@type\":\"ImageObject\",\"url\":\"https:\\\/\\\/www.eldigitaldeasturias.com\\\/noticias\\\/wp-content\\\/uploads\\\/2020\\\/12\\\/EDA.jpg\",\"@id\":\"https:\\\/\\\/eldigitaldeasturias.com\\\/magazine365\\\/vueling-arranca-la-temporada-de-verano-en-menorca\\\/#organizationLogo\"},\"image\":{\"@id\":\"https:\\\/\\\/eldigitaldeasturias.com\\\/magazine365\\\/vueling-arranca-la-temporada-de-verano-en-menorca\\\/#organizationLogo\"}},{\"@type\":\"Person\",\"@id\":\"https:\\\/\\\/eldigitaldeasturias.com\\\/magazine365\\\/author\\\/admin\\\/#author\",\"url\":\"https:\\\/\\\/eldigitaldeasturias.com\\\/magazine365\\\/author\\\/admin\\\/\",\"name\":\"admin\",\"image\":{\"@type\":\"ImageObject\",\"@id\":\"https:\\\/\\\/eldigitaldeasturias.com\\\/magazine365\\\/vueling-arranca-la-temporada-de-verano-en-menorca\\\/#authorImage\",\"url\":\"https:\\\/\\\/eldigitaldeasturias.com\\\/magazine365\\\/wp-content\\\/litespeed\\\/avatar\\\/e571bcf59a0edd6fa6838245a470f2fe.jpg?ver=1777574230\",\"width\":96,\"height\":96,\"caption\":\"admin\"}},{\"@type\":\"WebPage\",\"@id\":\"https:\\\/\\\/eldigitaldeasturias.com\\\/magazine365\\\/vueling-arranca-la-temporada-de-verano-en-menorca\\\/#webpage\",\"url\":\"https:\\\/\\\/eldigitaldeasturias.com\\\/magazine365\\\/vueling-arranca-la-temporada-de-verano-en-menorca\\\/\",\"name\":\"Vueling arranca la temporada de verano en Menorca | El Digital de Asturias\",\"description\":\"La compa\\u00f1\\u00eda a\\u00e9rea Vueling ha anunciado este viernes el inicio de su temporada de verano en el aeropuerto de Menorca con el estreno de cuatro nuevas rutas directas, dos internacionales a las ciudades italianas de Tur\\u00edn y G\\u00e9nova, y dos dom\\u00e9sticas a M\\u00e1laga y Santiago de Compostela, lo que supone un incremento de su actividad\",\"inLanguage\":\"es-ES\",\"isPartOf\":{\"@id\":\"https:\\\/\\\/eldigitaldeasturias.com\\\/magazine365\\\/#website\"},\"breadcrumb\":{\"@id\":\"https:\\\/\\\/eldigitaldeasturias.com\\\/magazine365\\\/vueling-arranca-la-temporada-de-verano-en-menorca\\\/#breadcrumblist\"},\"author\":{\"@id\":\"https:\\\/\\\/eldigitaldeasturias.com\\\/magazine365\\\/author\\\/admin\\\/#author\"},\"creator\":{\"@id\":\"https:\\\/\\\/eldigitaldeasturias.com\\\/magazine365\\\/author\\\/admin\\\/#author\"},\"image\":{\"@type\":\"ImageObject\",\"url\":\"https:\\\/\\\/eldigitaldeasturias.com\\\/magazine365\\\/wp-content\\\/uploads\\\/2015\\\/06\\\/fotonoticia_20150619125252_800.jpg\",\"@id\":\"https:\\\/\\\/eldigitaldeasturias.com\\\/magazine365\\\/vueling-arranca-la-temporada-de-verano-en-menorca\\\/#mainImage\",\"width\":800,\"height\":555},\"primaryImageOfPage\":{\"@id\":\"https:\\\/\\\/eldigitaldeasturias.com\\\/magazine365\\\/vueling-arranca-la-temporada-de-verano-en-menorca\\\/#mainImage\"},\"datePublished\":\"2015-06-20T01:39:45+02:00\",\"dateModified\":\"2015-06-20T01:39:45+02:00\"},{\"@type\":\"WebSite\",\"@id\":\"https:\\\/\\\/eldigitaldeasturias.com\\\/magazine365\\\/#website\",\"url\":\"https:\\\/\\\/eldigitaldeasturias.com\\\/magazine365\\\/\",\"name\":\"El Digital de Asturias\",\"description\":\"Revista de ocio, turismo y estilo de vida\",\"inLanguage\":\"es-ES\",\"publisher\":{\"@id\":\"https:\\\/\\\/eldigitaldeasturias.com\\\/magazine365\\\/#organization\"}}]}\n\t\t<\/script>\n\t\t<!-- All in One SEO Pro -->\r\n\t\t<title>Vueling arranca la temporada de verano en Menorca | El Digital de Asturias<\/title>\n\n","aioseo_head_json":{"title":"Vueling arranca la temporada de verano en Menorca | El Digital de Asturias","description":"La compa\u00f1\u00eda a\u00e9rea Vueling ha anunciado este viernes el inicio de su temporada de verano en el aeropuerto de Menorca con el estreno de cuatro nuevas rutas directas, dos internacionales a las ciudades italianas de Tur\u00edn y G\u00e9nova, y dos dom\u00e9sticas a M\u00e1laga y Santiago de Compostela, lo que supone un incremento de su actividad","canonical_url":"https:\/\/eldigitaldeasturias.com\/magazine365\/vueling-arranca-la-temporada-de-verano-en-menorca\/","robots":"max-image-preview:large","keywords":"actualidad turismo","webmasterTools":{"google-site-verification":"UA-38556648-1","miscellaneous":""},"schema":{"@context":"https:\/\/schema.org","@graph":[{"@type":"Article","@id":"https:\/\/eldigitaldeasturias.com\/magazine365\/vueling-arranca-la-temporada-de-verano-en-menorca\/#article","name":"Vueling arranca la temporada de verano en Menorca | El Digital de Asturias","headline":"Vueling arranca la temporada de verano en Menorca","author":{"@id":"https:\/\/eldigitaldeasturias.com\/magazine365\/author\/admin\/#author"},"publisher":{"@id":"https:\/\/eldigitaldeasturias.com\/magazine365\/#organization"},"image":{"@type":"ImageObject","url":"https:\/\/eldigitaldeasturias.com\/magazine365\/wp-content\/uploads\/2015\/06\/fotonoticia_20150619125252_800.jpg","width":800,"height":555},"datePublished":"2015-06-20T01:39:45+02:00","dateModified":"2015-06-20T01:39:45+02:00","inLanguage":"es-ES","mainEntityOfPage":{"@id":"https:\/\/eldigitaldeasturias.com\/magazine365\/vueling-arranca-la-temporada-de-verano-en-menorca\/#webpage"},"isPartOf":{"@id":"https:\/\/eldigitaldeasturias.com\/magazine365\/vueling-arranca-la-temporada-de-verano-en-menorca\/#webpage"},"articleSection":"Actualidad Turismo"},{"@type":"BreadcrumbList","@id":"https:\/\/eldigitaldeasturias.com\/magazine365\/vueling-arranca-la-temporada-de-verano-en-menorca\/#breadcrumblist","itemListElement":[{"@type":"ListItem","@id":"https:\/\/eldigitaldeasturias.com\/magazine365#listItem","position":1,"name":"Home","item":"https:\/\/eldigitaldeasturias.com\/magazine365","nextItem":{"@type":"ListItem","@id":"https:\/\/eldigitaldeasturias.com\/magazine365\/category\/actualidad-turismo\/#listItem","name":"Actualidad Turismo"}},{"@type":"ListItem","@id":"https:\/\/eldigitaldeasturias.com\/magazine365\/category\/actualidad-turismo\/#listItem","position":2,"name":"Actualidad Turismo","item":"https:\/\/eldigitaldeasturias.com\/magazine365\/category\/actualidad-turismo\/","nextItem":{"@type":"ListItem","@id":"https:\/\/eldigitaldeasturias.com\/magazine365\/vueling-arranca-la-temporada-de-verano-en-menorca\/#listItem","name":"Vueling arranca la temporada de verano en Menorca"},"previousItem":{"@type":"ListItem","@id":"https:\/\/eldigitaldeasturias.com\/magazine365#listItem","name":"Home"}},{"@type":"ListItem","@id":"https:\/\/eldigitaldeasturias.com\/magazine365\/vueling-arranca-la-temporada-de-verano-en-menorca\/#listItem","position":3,"name":"Vueling arranca la temporada de verano en Menorca","previousItem":{"@type":"ListItem","@id":"https:\/\/eldigitaldeasturias.com\/magazine365\/category\/actualidad-turismo\/#listItem","name":"Actualidad Turismo"}}]},{"@type":"Organization","@id":"https:\/\/eldigitaldeasturias.com\/magazine365\/#organization","name":"El digital de Asturias","description":"Revista de ocio, turismo y estilo de vida","url":"https:\/\/eldigitaldeasturias.com\/magazine365\/","logo":{"@type":"ImageObject","url":"https:\/\/www.eldigitaldeasturias.com\/noticias\/wp-content\/uploads\/2020\/12\/EDA.jpg","@id":"https:\/\/eldigitaldeasturias.com\/magazine365\/vueling-arranca-la-temporada-de-verano-en-menorca\/#organizationLogo"},"image":{"@id":"https:\/\/eldigitaldeasturias.com\/magazine365\/vueling-arranca-la-temporada-de-verano-en-menorca\/#organizationLogo"}},{"@type":"Person","@id":"https:\/\/eldigitaldeasturias.com\/magazine365\/author\/admin\/#author","url":"https:\/\/eldigitaldeasturias.com\/magazine365\/author\/admin\/","name":"admin","image":{"@type":"ImageObject","@id":"https:\/\/eldigitaldeasturias.com\/magazine365\/vueling-arranca-la-temporada-de-verano-en-menorca\/#authorImage","url":"https:\/\/eldigitaldeasturias.com\/magazine365\/wp-content\/litespeed\/avatar\/e571bcf59a0edd6fa6838245a470f2fe.jpg?ver=1777574230","width":96,"height":96,"caption":"admin"}},{"@type":"WebPage","@id":"https:\/\/eldigitaldeasturias.com\/magazine365\/vueling-arranca-la-temporada-de-verano-en-menorca\/#webpage","url":"https:\/\/eldigitaldeasturias.com\/magazine365\/vueling-arranca-la-temporada-de-verano-en-menorca\/","name":"Vueling arranca la temporada de verano en Menorca | El Digital de Asturias","description":"La compa\u00f1\u00eda a\u00e9rea Vueling ha anunciado este viernes el inicio de su temporada de verano en el aeropuerto de Menorca con el estreno de cuatro nuevas rutas directas, dos internacionales a las ciudades italianas de Tur\u00edn y G\u00e9nova, y dos dom\u00e9sticas a M\u00e1laga y Santiago de Compostela, lo que supone un incremento de su actividad","inLanguage":"es-ES","isPartOf":{"@id":"https:\/\/eldigitaldeasturias.com\/magazine365\/#website"},"breadcrumb":{"@id":"https:\/\/eldigitaldeasturias.com\/magazine365\/vueling-arranca-la-temporada-de-verano-en-menorca\/#breadcrumblist"},"author":{"@id":"https:\/\/eldigitaldeasturias.com\/magazine365\/author\/admin\/#author"},"creator":{"@id":"https:\/\/eldigitaldeasturias.com\/magazine365\/author\/admin\/#author"},"image":{"@type":"ImageObject","url":"https:\/\/eldigitaldeasturias.com\/magazine365\/wp-content\/uploads\/2015\/06\/fotonoticia_20150619125252_800.jpg","@id":"https:\/\/eldigitaldeasturias.com\/magazine365\/vueling-arranca-la-temporada-de-verano-en-menorca\/#mainImage","width":800,"height":555},"primaryImageOfPage":{"@id":"https:\/\/eldigitaldeasturias.com\/magazine365\/vueling-arranca-la-temporada-de-verano-en-menorca\/#mainImage"},"datePublished":"2015-06-20T01:39:45+02:00","dateModified":"2015-06-20T01:39:45+02:00"},{"@type":"WebSite","@id":"https:\/\/eldigitaldeasturias.com\/magazine365\/#website","url":"https:\/\/eldigitaldeasturias.com\/magazine365\/","name":"El Digital de Asturias","description":"Revista de ocio, turismo y estilo de vida","inLanguage":"es-ES","publisher":{"@id":"https:\/\/eldigitaldeasturias.com\/magazine365\/#organization"}}]},"og:locale":"es_ES","og:site_name":"El Digital de Asturias \u2013 Revista de ocio, turismo y estilo de vida","og:type":"article","og:title":"Vueling arranca la temporada de verano en Menorca | El Digital de Asturias","og:description":"La compa\u00f1\u00eda a\u00e9rea Vueling ha anunciado este viernes el inicio de su temporada de verano en el aeropuerto de Menorca con el estreno de cuatro nuevas rutas directas, dos internacionales a las ciudades italianas de Tur\u00edn y G\u00e9nova, y dos dom\u00e9sticas a M\u00e1laga y Santiago de Compostela, lo que supone un incremento de su actividad","og:url":"https:\/\/eldigitaldeasturias.com\/magazine365\/vueling-arranca-la-temporada-de-verano-en-menorca\/","og:image":"https:\/\/eldigitaldeasturias.com\/magazine365\/wp-content\/uploads\/2015\/06\/fotonoticia_20150619125252_800.jpg","og:image:secure_url":"https:\/\/eldigitaldeasturias.com\/magazine365\/wp-content\/uploads\/2015\/06\/fotonoticia_20150619125252_800.jpg","og:image:width":800,"og:image:height":555,"article:published_time":"2015-06-20T00:09:45+00:00","article:modified_time":"2015-06-20T00:09:45+00:00","twitter:card":"summary_large_image","twitter:title":"Vueling arranca la temporada de verano en Menorca | El Digital de Asturias","twitter:description":"La compa\u00f1\u00eda a\u00e9rea Vueling ha anunciado este viernes el inicio de su temporada de verano en el aeropuerto de Menorca con el estreno de cuatro nuevas rutas directas, dos internacionales a las ciudades italianas de Tur\u00edn y G\u00e9nova, y dos dom\u00e9sticas a M\u00e1laga y Santiago de Compostela, lo que supone un incremento de su actividad","twitter:image":"https:\/\/eldigitaldeasturias.com\/magazine365\/wp-content\/uploads\/2015\/06\/fotonoticia_20150619125252_800.jpg"},"aioseo_meta_data":{"post_id":"40394","title":null,"description":null,"keywords":null,"keyphrases":null,"primary_term":null,"canonical_url":null,"og_title":null,"og_description":null,"og_object_type":"default","og_image_type":"default","og_image_url":null,"og_image_width":null,"og_image_height":null,"og_image_custom_url":null,"og_image_custom_fields":null,"og_video":null,"og_custom_url":null,"og_article_section":null,"og_article_tags":null,"twitter_use_og":false,"twitter_card":"default","twitter_image_type":"default","twitter_image_url":null,"twitter_image_custom_url":null,"twitter_image_custom_fields":null,"twitter_title":null,"twitter_description":null,"schema":{"blockGraphs":[],"customGraphs":[],"default":{"data":{"Article":[],"Course":[],"Dataset":[],"FAQPage":[],"Movie":[],"Person":[],"Product":[],"ProductReview":[],"Car":[],"Recipe":[],"Service":[],"SoftwareApplication":[],"WebPage":[]},"graphName":"","isEnabled":true},"graphs":[],"defaultGraph":"","defaultPostTypeGraph":""},"schema_type":null,"schema_type_options":null,"pillar_content":false,"robots_default":true,"robots_noindex":false,"robots_noarchive":false,"robots_nosnippet":false,"robots_nofollow":false,"robots_noimageindex":false,"robots_noodp":false,"robots_notranslate":false,"robots_max_snippet":null,"robots_max_videopreview":null,"robots_max_imagepreview":"large","priority":null,"frequency":null,"location":null,"local_seo":null,"seo_analyzer_scan_date":"2025-09-19 13:27:52","breadcrumb_settings":null,"limit_modified_date":false,"open_ai":null,"ai":null,"created":"2021-03-09 02:28:42","updated":"2025-09-19 13:27:52"},"aioseo_breadcrumb":"<div class=\"aioseo-breadcrumbs\"><span class=\"aioseo-breadcrumb\">\n\t<a href=\"https:\/\/eldigitaldeasturias.com\/magazine365\" title=\"Home\">Home<\/a>\n<\/span><span class=\"aioseo-breadcrumb-separator\">\u2013<\/span><span class=\"aioseo-breadcrumb\">\n\t<a href=\"https:\/\/eldigitaldeasturias.com\/magazine365\/category\/actualidad-turismo\/\" title=\"Actualidad Turismo\">Actualidad Turismo<\/a>\n<\/span><span class=\"aioseo-breadcrumb-separator\">\u2013<\/span><span class=\"aioseo-breadcrumb\">\n\t<a href=\"https:\/\/eldigitaldeasturias.com\/magazine365\/vueling-arranca-la-temporada-de-verano-en-menorca\/\" title=\"Vueling arranca la temporada de verano en Menorca\">Vueling arranca la temporada de verano en Menorca<\/a>\n<\/span><\/div>","aioseo_breadcrumb_json":[{"label":"Home","link":"https:\/\/eldigitaldeasturias.com\/magazine365"},{"label":"Actualidad Turismo","link":"https:\/\/eldigitaldeasturias.com\/magazine365\/category\/actualidad-turismo\/"},{"label":"Vueling arranca la temporada de verano en Menorca","link":"https:\/\/eldigitaldeasturias.com\/magazine365\/vueling-arranca-la-temporada-de-verano-en-menorca\/"}],"_links":{"self":[{"href":"https:\/\/eldigitaldeasturias.com\/magazine365\/wp-json\/wp\/v2\/posts\/40394","targetHints":{"allow":["GET"]}}],"collection":[{"href":"https:\/\/eldigitaldeasturias.com\/magazine365\/wp-json\/wp\/v2\/posts"}],"about":[{"href":"https:\/\/eldigitaldeasturias.com\/magazine365\/wp-json\/wp\/v2\/types\/post"}],"author":[{"embeddable":true,"href":"https:\/\/eldigitaldeasturias.com\/magazine365\/wp-json\/wp\/v2\/users\/1"}],"replies":[{"embeddable":true,"href":"https:\/\/eldigitaldeasturias.com\/magazine365\/wp-json\/wp\/v2\/comments?post=40394"}],"version-history":[{"count":0,"href":"https:\/\/eldigitaldeasturias.com\/magazine365\/wp-json\/wp\/v2\/posts\/40394\/revisions"}],"wp:featuredmedia":[{"embeddable":true,"href":"https:\/\/eldigitaldeasturias.com\/magazine365\/wp-json\/wp\/v2\/media\/40395"}],"wp:attachment":[{"href":"https:\/\/eldigitaldeasturias.com\/magazine365\/wp-json\/wp\/v2\/media?parent=40394"}],"wp:term":[{"taxonomy":"category","embeddable":true,"href":"https:\/\/eldigitaldeasturias.com\/magazine365\/wp-json\/wp\/v2\/categories?post=40394"},{"taxonomy":"post_tag","embeddable":true,"href":"https:\/\/eldigitaldeasturias.com\/magazine365\/wp-json\/wp\/v2\/tags?post=40394"}],"curies":[{"name":"wp","href":"https:\/\/api.w.org\/{rel}","templated":true}]}}