{"id":40389,"date":"2015-06-19T12:41:12","date_gmt":"2015-06-19T11:11:12","guid":{"rendered":"http:\/\/eldigitaldeasturias.com\/magazine365\/?p=40389"},"modified":"2015-06-19T12:41:12","modified_gmt":"2015-06-19T11:11:12","slug":"iag-envia-hoy-la-oferta-formal-por-el-100-de-aer-lingus","status":"publish","type":"post","link":"https:\/\/eldigitaldeasturias.com\/magazine365\/iag-envia-hoy-la-oferta-formal-por-el-100-de-aer-lingus\/","title":{"rendered":"IAG env\u00eda hoy la oferta formal por el 100% de Aer Lingus"},"content":{"rendered":"<p><img fetchpriority=\"high\" decoding=\"async\" class=\"alignleft size-medium wp-image-39724\" src=\"https:\/\/eldigitaldeasturias.com\/magazine365\/wp-content\/uploads\/2015\/06\/aeropu-360x240.jpg\" alt=\"aeropu\" width=\"360\" height=\"240\" srcset=\"https:\/\/eldigitaldeasturias.com\/magazine365\/wp-content\/uploads\/2015\/06\/aeropu-360x240.jpg 360w, https:\/\/eldigitaldeasturias.com\/magazine365\/wp-content\/uploads\/2015\/06\/aeropu-650x433.jpg 650w, https:\/\/eldigitaldeasturias.com\/magazine365\/wp-content\/uploads\/2015\/06\/aeropu-768x512.jpg 768w, https:\/\/eldigitaldeasturias.com\/magazine365\/wp-content\/uploads\/2015\/06\/aeropu-150x100.jpg 150w, https:\/\/eldigitaldeasturias.com\/magazine365\/wp-content\/uploads\/2015\/06\/aeropu-450x300.jpg 450w, https:\/\/eldigitaldeasturias.com\/magazine365\/wp-content\/uploads\/2015\/06\/aeropu-696x464.jpg 696w, https:\/\/eldigitaldeasturias.com\/magazine365\/wp-content\/uploads\/2015\/06\/aeropu-630x420.jpg 630w, https:\/\/eldigitaldeasturias.com\/magazine365\/wp-content\/uploads\/2015\/06\/aeropu-84x55.jpg 84w, https:\/\/eldigitaldeasturias.com\/magazine365\/wp-content\/uploads\/2015\/06\/aeropu.jpg 800w\" sizes=\"(max-width: 360px) 100vw, 360px\" \/>Internacional Consolidated Airlines Group (IAG) env\u00eda este viernes la oferta formal por el 100% del capital de Aer Lingus a los accionistas de esta compa\u00f1\u00eda a\u00e9rea, cuyo plazo de aceptaci\u00f3n inicial finaliza a las cinco de la tarde (hora irlandesa) del pr\u00f3ximo 16 de julio, seg\u00fan inform\u00f3 el grupo a\u00e9reo a la Comisi\u00f3n Nacional del Mercado de Valores (CNMV).<\/p>\n<p>El &#8216;holding&#8217;, que agrupa a Iberia, British Airways (BA) y Vueling, lanz\u00f3 el 26 de mayo una oferta p\u00fablica de adquisici\u00f3n (OPA) de 2,55 euros por cada acci\u00f3n de Aer Lingus, incluyendo un dividendo en efectivo ya acordado de 0,05 euros por t\u00edtulo, lo que supone valorar la compa\u00f1\u00eda en 1.400 millones de euros.<\/p>\n<p>La OPA, que se dirigir\u00e1 a todos los accionistas de Aer Lingus, se formular\u00e1 como una compraventa en met\u00e1lico, siendo la contraprestaci\u00f3n de 2,55 euros por cada t\u00edtulo de la irlandesa, que incluye un pago en efectivo de 2,50 euros por acci\u00f3n y el pago de un dividendo de 0,05 euros por t\u00edtulo.<\/p>\n<p>Entre sus condiciones figuran las aceptaciones (que no hayan sido retiradas) de las acciones de Aer Lingus que representen no menos del 90% del valor nominal de los t\u00edtulos a las que se dirige la oferta y a la aceptaci\u00f3n de aquellas titularidad de Ryanair.<\/p>\n<p>El consejero delegado de IAG, Willie Walsh, confirm\u00f3 ayer ante la junta de accionistas del grupo en Madrid que \u00aben breve\u00bb se enviar\u00edan los documentos de una oferta formal a los accionistas de Aer Lingus para comprar el 100% de la aerol\u00ednea irlandesa.<\/p>\n<p>El ejecutivo irland\u00e9s, que fue consejero delegado de Aer Lingus de 2001 a 2005, defendi\u00f3 que IAG siempre dijo que solo incorporar\u00eda al grupo compa\u00f1\u00edas que fueran \u00abbeneficiosas\u00bb para la rentabilidad y la estrategia del &#8216;holding&#8217; y que aportaran un \u00abretorno real\u00bb para los accionistas. \u00abAer Lingus es una compa\u00f1\u00eda de este tipo\u00bb, apunt\u00f3.<\/p>\n<p>JUNTA EXTRAORDINARIA DE ACCIONISTAS DE AER LINGUS.<\/p>\n<p>El documento de la oferta contiene tambi\u00e9n la convocatoria para el 16 de julio de la junta general extraordinaria de accionistas de Aer Lingus, compa\u00f1\u00eda controlada por su rival Ryanair con el 29,8% del capital, el Gobierno irland\u00e9s (25%) y algo m\u00e1s del 45% repartido entre diferentes accionistas, entre ellos Etihad Airways, que estar\u00eda dispuesta a vender su casi 5%.<\/p>\n<p>Los documentos con las propuestas realizadas por AERL Holding, de conformidad con la norma 15 de la Ley irlandesa de OPAs a los titulares de valores convertibles de Aer Lingus, incluyendo el formulario de aceptaci\u00f3n tambi\u00e9n se remitir\u00e1 hoy a los titulares.<\/p>\n<p>Esta oferta formal de IAG se produce despu\u00e9s de que el &#8216;holding&#8217; remitiera una primera oferta de 2,30 euros por acci\u00f3n y una segunda mejorada de 2,40 euros en efectivo por cada t\u00edtulo de Aer Lingus, que fueron rechazadas en ambos casos por el consejo de administraci\u00f3n de la irlandesa.<\/p>\n<p>CONDICIONES DE LA OFERTA.<\/p>\n<p>Para hacerse ahora con el 100% de Aer Lingus, IAG ya cuenta con el visto bueno del Gobierno de Dubl\u00edn y con la aprobaci\u00f3n de la C\u00e1mara irlandesa, una de las condiciones de la oferta, ya que la decisi\u00f3n del Ejecutivo irland\u00e9s de recomendar su aceptaci\u00f3n deb\u00eda ser ratificada en el parlamento, que la aprob\u00f3 el pasado 28 de mayo por 74 votos a favor y 51 votos en contra.<\/p>\n<p>La oferta de IAG por Aer Lingus incluye compromisos para asegurar los &#8216;slots&#8217; de la irlandesa en Londres, salvo que exista un acuerdo expl\u00edcito con el Gobierno de Irlanda.<\/p>\n<p>La intenci\u00f3n de IAG es que bajo su propiedad, Aer Lingus opere como un negocio separado con su propia marca, equipo directivo y operaciones, y contin\u00fae proveyendo conectividad a Irlanda, al tiempo que se beneficia de pertenecer a un grupo de mayor tama\u00f1o que sumar\u00e1 un &#8216;hub&#8217; en Dubl\u00edn.<\/p>\n<p>IAG obtendr\u00eda nuevo tr\u00e1fico desde Irlanda para alimentar sus otros &#8216;hub&#8217;, al tiempo que reforzar\u00eda sus rutas de largo radio en Asia-Pac\u00edfico, \u00c1frica y Latinoam\u00e9rica, aceptando para ello no vender &#8216;slots&#8217; de Aer Lingus en Heathrow a Dubl\u00edn, Cork y Shannon durante siete a\u00f1os, seg\u00fan el compromiso adquirido con el Gobierno de Dubl\u00edn.<\/p>\n<p>Bajo su titularidad, IAG espera que surjan oportunidades de creaci\u00f3n de empleo en Aer Lingus, especialmente en Irlanda. En concreto, prev\u00e9 un crecimiento neto del empleo en la aerol\u00ednea irlandesa de aproximadamente 150 empleados hasta el 31 de diciembre de 2016 y de hasta 635 nuevos puestos de trabajo para 2020.<\/p>\n","protected":false},"excerpt":{"rendered":"<p>Internacional Consolidated Airlines Group (IAG) env\u00eda este viernes la oferta formal por el 100% del capital de Aer Lingus a los accionistas de esta compa\u00f1\u00eda a\u00e9rea, cuyo plazo de aceptaci\u00f3n inicial finaliza a las cinco de la tarde (hora irlandesa) del pr\u00f3ximo 16 de julio, seg\u00fan inform\u00f3 el grupo a\u00e9reo a la Comisi\u00f3n Nacional del<\/p>\n","protected":false},"author":1,"featured_media":39724,"comment_status":"open","ping_status":"closed","sticky":false,"template":"","format":"standard","meta":{"footnotes":""},"categories":[222],"tags":[],"class_list":{"0":"post-40389","1":"post","2":"type-post","3":"status-publish","4":"format-standard","5":"has-post-thumbnail","7":"category-actualidad-turismo"},"aioseo_notices":[],"aioseo_head":"\n\t\t<!-- All in One SEO Pro 4.9.6.1 - aioseo.com -->\n\t<meta name=\"description\" content=\"Internacional Consolidated Airlines Group (IAG) env\u00eda este viernes la oferta formal por el 100% del capital de Aer Lingus a los accionistas de esta compa\u00f1\u00eda a\u00e9rea, cuyo plazo de aceptaci\u00f3n inicial finaliza a las cinco de la tarde (hora irlandesa) del pr\u00f3ximo 16 de julio, seg\u00fan inform\u00f3 el grupo a\u00e9reo a la Comisi\u00f3n Nacional del\" \/>\n\t<meta name=\"robots\" content=\"max-image-preview:large\" \/>\n\t<meta name=\"author\" content=\"admin\"\/>\n\t<meta name=\"google-site-verification\" content=\"UA-38556648-1\" \/>\n\t<meta name=\"keywords\" content=\"actualidad turismo\" \/>\n\t<link rel=\"canonical\" href=\"https:\/\/eldigitaldeasturias.com\/magazine365\/iag-envia-hoy-la-oferta-formal-por-el-100-de-aer-lingus\/\" \/>\n\t<meta name=\"generator\" content=\"All in One SEO Pro (AIOSEO) 4.9.6.1\" \/>\n\t\t<meta property=\"og:locale\" content=\"es_ES\" \/>\n\t\t<meta property=\"og:site_name\" content=\"El Digital de Asturias \u2013 Revista de ocio, turismo y estilo de vida\" \/>\n\t\t<meta property=\"og:type\" content=\"article\" \/>\n\t\t<meta property=\"og:title\" content=\"IAG env\u00eda hoy la oferta formal por el 100% de Aer Lingus | El Digital de Asturias\" \/>\n\t\t<meta property=\"og:description\" content=\"Internacional Consolidated Airlines Group (IAG) env\u00eda este viernes la oferta formal por el 100% del capital de Aer Lingus a los accionistas de esta compa\u00f1\u00eda a\u00e9rea, cuyo plazo de aceptaci\u00f3n inicial finaliza a las cinco de la tarde (hora irlandesa) del pr\u00f3ximo 16 de julio, seg\u00fan inform\u00f3 el grupo a\u00e9reo a la Comisi\u00f3n Nacional del\" \/>\n\t\t<meta property=\"og:url\" content=\"https:\/\/eldigitaldeasturias.com\/magazine365\/iag-envia-hoy-la-oferta-formal-por-el-100-de-aer-lingus\/\" \/>\n\t\t<meta property=\"og:image\" content=\"https:\/\/eldigitaldeasturias.com\/magazine365\/wp-content\/uploads\/2015\/06\/aeropu.jpg\" \/>\n\t\t<meta property=\"og:image:secure_url\" content=\"https:\/\/eldigitaldeasturias.com\/magazine365\/wp-content\/uploads\/2015\/06\/aeropu.jpg\" \/>\n\t\t<meta property=\"og:image:width\" content=\"800\" \/>\n\t\t<meta property=\"og:image:height\" content=\"533\" \/>\n\t\t<meta property=\"article:published_time\" content=\"2015-06-19T11:11:12+00:00\" \/>\n\t\t<meta property=\"article:modified_time\" content=\"2015-06-19T11:11:12+00:00\" \/>\n\t\t<meta name=\"twitter:card\" content=\"summary_large_image\" \/>\n\t\t<meta name=\"twitter:title\" content=\"IAG env\u00eda hoy la oferta formal por el 100% de Aer Lingus | El Digital de Asturias\" \/>\n\t\t<meta name=\"twitter:description\" content=\"Internacional Consolidated Airlines Group (IAG) env\u00eda este viernes la oferta formal por el 100% del capital de Aer Lingus a los accionistas de esta compa\u00f1\u00eda a\u00e9rea, cuyo plazo de aceptaci\u00f3n inicial finaliza a las cinco de la tarde (hora irlandesa) del pr\u00f3ximo 16 de julio, seg\u00fan inform\u00f3 el grupo a\u00e9reo a la Comisi\u00f3n Nacional del\" \/>\n\t\t<meta name=\"twitter:image\" content=\"https:\/\/eldigitaldeasturias.com\/magazine365\/wp-content\/uploads\/2015\/06\/aeropu.jpg\" \/>\n\t\t<script type=\"application\/ld+json\" class=\"aioseo-schema\">\n\t\t\t{\"@context\":\"https:\\\/\\\/schema.org\",\"@graph\":[{\"@type\":\"Article\",\"@id\":\"https:\\\/\\\/eldigitaldeasturias.com\\\/magazine365\\\/iag-envia-hoy-la-oferta-formal-por-el-100-de-aer-lingus\\\/#article\",\"name\":\"IAG env\\u00eda hoy la oferta formal por el 100% de Aer Lingus | El Digital de Asturias\",\"headline\":\"IAG env\\u00eda hoy la oferta formal por el 100% de Aer Lingus\",\"author\":{\"@id\":\"https:\\\/\\\/eldigitaldeasturias.com\\\/magazine365\\\/author\\\/admin\\\/#author\"},\"publisher\":{\"@id\":\"https:\\\/\\\/eldigitaldeasturias.com\\\/magazine365\\\/#organization\"},\"image\":{\"@type\":\"ImageObject\",\"url\":\"https:\\\/\\\/eldigitaldeasturias.com\\\/magazine365\\\/wp-content\\\/uploads\\\/2015\\\/06\\\/aeropu.jpg\",\"width\":800,\"height\":533},\"datePublished\":\"2015-06-19T12:41:12+02:00\",\"dateModified\":\"2015-06-19T12:41:12+02:00\",\"inLanguage\":\"es-ES\",\"mainEntityOfPage\":{\"@id\":\"https:\\\/\\\/eldigitaldeasturias.com\\\/magazine365\\\/iag-envia-hoy-la-oferta-formal-por-el-100-de-aer-lingus\\\/#webpage\"},\"isPartOf\":{\"@id\":\"https:\\\/\\\/eldigitaldeasturias.com\\\/magazine365\\\/iag-envia-hoy-la-oferta-formal-por-el-100-de-aer-lingus\\\/#webpage\"},\"articleSection\":\"Actualidad Turismo\"},{\"@type\":\"BreadcrumbList\",\"@id\":\"https:\\\/\\\/eldigitaldeasturias.com\\\/magazine365\\\/iag-envia-hoy-la-oferta-formal-por-el-100-de-aer-lingus\\\/#breadcrumblist\",\"itemListElement\":[{\"@type\":\"ListItem\",\"@id\":\"https:\\\/\\\/eldigitaldeasturias.com\\\/magazine365#listItem\",\"position\":1,\"name\":\"Home\",\"item\":\"https:\\\/\\\/eldigitaldeasturias.com\\\/magazine365\",\"nextItem\":{\"@type\":\"ListItem\",\"@id\":\"https:\\\/\\\/eldigitaldeasturias.com\\\/magazine365\\\/category\\\/actualidad-turismo\\\/#listItem\",\"name\":\"Actualidad Turismo\"}},{\"@type\":\"ListItem\",\"@id\":\"https:\\\/\\\/eldigitaldeasturias.com\\\/magazine365\\\/category\\\/actualidad-turismo\\\/#listItem\",\"position\":2,\"name\":\"Actualidad Turismo\",\"item\":\"https:\\\/\\\/eldigitaldeasturias.com\\\/magazine365\\\/category\\\/actualidad-turismo\\\/\",\"nextItem\":{\"@type\":\"ListItem\",\"@id\":\"https:\\\/\\\/eldigitaldeasturias.com\\\/magazine365\\\/iag-envia-hoy-la-oferta-formal-por-el-100-de-aer-lingus\\\/#listItem\",\"name\":\"IAG env\\u00eda hoy la oferta formal por el 100% de Aer Lingus\"},\"previousItem\":{\"@type\":\"ListItem\",\"@id\":\"https:\\\/\\\/eldigitaldeasturias.com\\\/magazine365#listItem\",\"name\":\"Home\"}},{\"@type\":\"ListItem\",\"@id\":\"https:\\\/\\\/eldigitaldeasturias.com\\\/magazine365\\\/iag-envia-hoy-la-oferta-formal-por-el-100-de-aer-lingus\\\/#listItem\",\"position\":3,\"name\":\"IAG env\\u00eda hoy la oferta formal por el 100% de Aer Lingus\",\"previousItem\":{\"@type\":\"ListItem\",\"@id\":\"https:\\\/\\\/eldigitaldeasturias.com\\\/magazine365\\\/category\\\/actualidad-turismo\\\/#listItem\",\"name\":\"Actualidad Turismo\"}}]},{\"@type\":\"Organization\",\"@id\":\"https:\\\/\\\/eldigitaldeasturias.com\\\/magazine365\\\/#organization\",\"name\":\"El digital de Asturias\",\"description\":\"Revista de ocio, turismo y estilo de vida\",\"url\":\"https:\\\/\\\/eldigitaldeasturias.com\\\/magazine365\\\/\",\"logo\":{\"@type\":\"ImageObject\",\"url\":\"https:\\\/\\\/www.eldigitaldeasturias.com\\\/noticias\\\/wp-content\\\/uploads\\\/2020\\\/12\\\/EDA.jpg\",\"@id\":\"https:\\\/\\\/eldigitaldeasturias.com\\\/magazine365\\\/iag-envia-hoy-la-oferta-formal-por-el-100-de-aer-lingus\\\/#organizationLogo\"},\"image\":{\"@id\":\"https:\\\/\\\/eldigitaldeasturias.com\\\/magazine365\\\/iag-envia-hoy-la-oferta-formal-por-el-100-de-aer-lingus\\\/#organizationLogo\"}},{\"@type\":\"Person\",\"@id\":\"https:\\\/\\\/eldigitaldeasturias.com\\\/magazine365\\\/author\\\/admin\\\/#author\",\"url\":\"https:\\\/\\\/eldigitaldeasturias.com\\\/magazine365\\\/author\\\/admin\\\/\",\"name\":\"admin\",\"image\":{\"@type\":\"ImageObject\",\"@id\":\"https:\\\/\\\/eldigitaldeasturias.com\\\/magazine365\\\/iag-envia-hoy-la-oferta-formal-por-el-100-de-aer-lingus\\\/#authorImage\",\"url\":\"https:\\\/\\\/eldigitaldeasturias.com\\\/magazine365\\\/wp-content\\\/litespeed\\\/avatar\\\/e571bcf59a0edd6fa6838245a470f2fe.jpg?ver=1777574230\",\"width\":96,\"height\":96,\"caption\":\"admin\"}},{\"@type\":\"WebPage\",\"@id\":\"https:\\\/\\\/eldigitaldeasturias.com\\\/magazine365\\\/iag-envia-hoy-la-oferta-formal-por-el-100-de-aer-lingus\\\/#webpage\",\"url\":\"https:\\\/\\\/eldigitaldeasturias.com\\\/magazine365\\\/iag-envia-hoy-la-oferta-formal-por-el-100-de-aer-lingus\\\/\",\"name\":\"IAG env\\u00eda hoy la oferta formal por el 100% de Aer Lingus | El Digital de Asturias\",\"description\":\"Internacional Consolidated Airlines Group (IAG) env\\u00eda este viernes la oferta formal por el 100% del capital de Aer Lingus a los accionistas de esta compa\\u00f1\\u00eda a\\u00e9rea, cuyo plazo de aceptaci\\u00f3n inicial finaliza a las cinco de la tarde (hora irlandesa) del pr\\u00f3ximo 16 de julio, seg\\u00fan inform\\u00f3 el grupo a\\u00e9reo a la Comisi\\u00f3n Nacional del\",\"inLanguage\":\"es-ES\",\"isPartOf\":{\"@id\":\"https:\\\/\\\/eldigitaldeasturias.com\\\/magazine365\\\/#website\"},\"breadcrumb\":{\"@id\":\"https:\\\/\\\/eldigitaldeasturias.com\\\/magazine365\\\/iag-envia-hoy-la-oferta-formal-por-el-100-de-aer-lingus\\\/#breadcrumblist\"},\"author\":{\"@id\":\"https:\\\/\\\/eldigitaldeasturias.com\\\/magazine365\\\/author\\\/admin\\\/#author\"},\"creator\":{\"@id\":\"https:\\\/\\\/eldigitaldeasturias.com\\\/magazine365\\\/author\\\/admin\\\/#author\"},\"image\":{\"@type\":\"ImageObject\",\"url\":\"https:\\\/\\\/eldigitaldeasturias.com\\\/magazine365\\\/wp-content\\\/uploads\\\/2015\\\/06\\\/aeropu.jpg\",\"@id\":\"https:\\\/\\\/eldigitaldeasturias.com\\\/magazine365\\\/iag-envia-hoy-la-oferta-formal-por-el-100-de-aer-lingus\\\/#mainImage\",\"width\":800,\"height\":533},\"primaryImageOfPage\":{\"@id\":\"https:\\\/\\\/eldigitaldeasturias.com\\\/magazine365\\\/iag-envia-hoy-la-oferta-formal-por-el-100-de-aer-lingus\\\/#mainImage\"},\"datePublished\":\"2015-06-19T12:41:12+02:00\",\"dateModified\":\"2015-06-19T12:41:12+02:00\"},{\"@type\":\"WebSite\",\"@id\":\"https:\\\/\\\/eldigitaldeasturias.com\\\/magazine365\\\/#website\",\"url\":\"https:\\\/\\\/eldigitaldeasturias.com\\\/magazine365\\\/\",\"name\":\"El Digital de Asturias\",\"description\":\"Revista de ocio, turismo y estilo de vida\",\"inLanguage\":\"es-ES\",\"publisher\":{\"@id\":\"https:\\\/\\\/eldigitaldeasturias.com\\\/magazine365\\\/#organization\"}}]}\n\t\t<\/script>\n\t\t<!-- All in One SEO Pro -->\r\n\t\t<title>IAG env\u00eda hoy la oferta formal por el 100% de Aer Lingus | El Digital de Asturias<\/title>\n\n","aioseo_head_json":{"title":"IAG env\u00eda hoy la oferta formal por el 100% de Aer Lingus | El Digital de Asturias","description":"Internacional Consolidated Airlines Group (IAG) env\u00eda este viernes la oferta formal por el 100% del capital de Aer Lingus a los accionistas de esta compa\u00f1\u00eda a\u00e9rea, cuyo plazo de aceptaci\u00f3n inicial finaliza a las cinco de la tarde (hora irlandesa) del pr\u00f3ximo 16 de julio, seg\u00fan inform\u00f3 el grupo a\u00e9reo a la Comisi\u00f3n Nacional del","canonical_url":"https:\/\/eldigitaldeasturias.com\/magazine365\/iag-envia-hoy-la-oferta-formal-por-el-100-de-aer-lingus\/","robots":"max-image-preview:large","keywords":"actualidad turismo","webmasterTools":{"google-site-verification":"UA-38556648-1","miscellaneous":""},"schema":{"@context":"https:\/\/schema.org","@graph":[{"@type":"Article","@id":"https:\/\/eldigitaldeasturias.com\/magazine365\/iag-envia-hoy-la-oferta-formal-por-el-100-de-aer-lingus\/#article","name":"IAG env\u00eda hoy la oferta formal por el 100% de Aer Lingus | El Digital de Asturias","headline":"IAG env\u00eda hoy la oferta formal por el 100% de Aer Lingus","author":{"@id":"https:\/\/eldigitaldeasturias.com\/magazine365\/author\/admin\/#author"},"publisher":{"@id":"https:\/\/eldigitaldeasturias.com\/magazine365\/#organization"},"image":{"@type":"ImageObject","url":"https:\/\/eldigitaldeasturias.com\/magazine365\/wp-content\/uploads\/2015\/06\/aeropu.jpg","width":800,"height":533},"datePublished":"2015-06-19T12:41:12+02:00","dateModified":"2015-06-19T12:41:12+02:00","inLanguage":"es-ES","mainEntityOfPage":{"@id":"https:\/\/eldigitaldeasturias.com\/magazine365\/iag-envia-hoy-la-oferta-formal-por-el-100-de-aer-lingus\/#webpage"},"isPartOf":{"@id":"https:\/\/eldigitaldeasturias.com\/magazine365\/iag-envia-hoy-la-oferta-formal-por-el-100-de-aer-lingus\/#webpage"},"articleSection":"Actualidad Turismo"},{"@type":"BreadcrumbList","@id":"https:\/\/eldigitaldeasturias.com\/magazine365\/iag-envia-hoy-la-oferta-formal-por-el-100-de-aer-lingus\/#breadcrumblist","itemListElement":[{"@type":"ListItem","@id":"https:\/\/eldigitaldeasturias.com\/magazine365#listItem","position":1,"name":"Home","item":"https:\/\/eldigitaldeasturias.com\/magazine365","nextItem":{"@type":"ListItem","@id":"https:\/\/eldigitaldeasturias.com\/magazine365\/category\/actualidad-turismo\/#listItem","name":"Actualidad Turismo"}},{"@type":"ListItem","@id":"https:\/\/eldigitaldeasturias.com\/magazine365\/category\/actualidad-turismo\/#listItem","position":2,"name":"Actualidad Turismo","item":"https:\/\/eldigitaldeasturias.com\/magazine365\/category\/actualidad-turismo\/","nextItem":{"@type":"ListItem","@id":"https:\/\/eldigitaldeasturias.com\/magazine365\/iag-envia-hoy-la-oferta-formal-por-el-100-de-aer-lingus\/#listItem","name":"IAG env\u00eda hoy la oferta formal por el 100% de Aer Lingus"},"previousItem":{"@type":"ListItem","@id":"https:\/\/eldigitaldeasturias.com\/magazine365#listItem","name":"Home"}},{"@type":"ListItem","@id":"https:\/\/eldigitaldeasturias.com\/magazine365\/iag-envia-hoy-la-oferta-formal-por-el-100-de-aer-lingus\/#listItem","position":3,"name":"IAG env\u00eda hoy la oferta formal por el 100% de Aer Lingus","previousItem":{"@type":"ListItem","@id":"https:\/\/eldigitaldeasturias.com\/magazine365\/category\/actualidad-turismo\/#listItem","name":"Actualidad Turismo"}}]},{"@type":"Organization","@id":"https:\/\/eldigitaldeasturias.com\/magazine365\/#organization","name":"El digital de Asturias","description":"Revista de ocio, turismo y estilo de vida","url":"https:\/\/eldigitaldeasturias.com\/magazine365\/","logo":{"@type":"ImageObject","url":"https:\/\/www.eldigitaldeasturias.com\/noticias\/wp-content\/uploads\/2020\/12\/EDA.jpg","@id":"https:\/\/eldigitaldeasturias.com\/magazine365\/iag-envia-hoy-la-oferta-formal-por-el-100-de-aer-lingus\/#organizationLogo"},"image":{"@id":"https:\/\/eldigitaldeasturias.com\/magazine365\/iag-envia-hoy-la-oferta-formal-por-el-100-de-aer-lingus\/#organizationLogo"}},{"@type":"Person","@id":"https:\/\/eldigitaldeasturias.com\/magazine365\/author\/admin\/#author","url":"https:\/\/eldigitaldeasturias.com\/magazine365\/author\/admin\/","name":"admin","image":{"@type":"ImageObject","@id":"https:\/\/eldigitaldeasturias.com\/magazine365\/iag-envia-hoy-la-oferta-formal-por-el-100-de-aer-lingus\/#authorImage","url":"https:\/\/eldigitaldeasturias.com\/magazine365\/wp-content\/litespeed\/avatar\/e571bcf59a0edd6fa6838245a470f2fe.jpg?ver=1777574230","width":96,"height":96,"caption":"admin"}},{"@type":"WebPage","@id":"https:\/\/eldigitaldeasturias.com\/magazine365\/iag-envia-hoy-la-oferta-formal-por-el-100-de-aer-lingus\/#webpage","url":"https:\/\/eldigitaldeasturias.com\/magazine365\/iag-envia-hoy-la-oferta-formal-por-el-100-de-aer-lingus\/","name":"IAG env\u00eda hoy la oferta formal por el 100% de Aer Lingus | El Digital de Asturias","description":"Internacional Consolidated Airlines Group (IAG) env\u00eda este viernes la oferta formal por el 100% del capital de Aer Lingus a los accionistas de esta compa\u00f1\u00eda a\u00e9rea, cuyo plazo de aceptaci\u00f3n inicial finaliza a las cinco de la tarde (hora irlandesa) del pr\u00f3ximo 16 de julio, seg\u00fan inform\u00f3 el grupo a\u00e9reo a la Comisi\u00f3n Nacional del","inLanguage":"es-ES","isPartOf":{"@id":"https:\/\/eldigitaldeasturias.com\/magazine365\/#website"},"breadcrumb":{"@id":"https:\/\/eldigitaldeasturias.com\/magazine365\/iag-envia-hoy-la-oferta-formal-por-el-100-de-aer-lingus\/#breadcrumblist"},"author":{"@id":"https:\/\/eldigitaldeasturias.com\/magazine365\/author\/admin\/#author"},"creator":{"@id":"https:\/\/eldigitaldeasturias.com\/magazine365\/author\/admin\/#author"},"image":{"@type":"ImageObject","url":"https:\/\/eldigitaldeasturias.com\/magazine365\/wp-content\/uploads\/2015\/06\/aeropu.jpg","@id":"https:\/\/eldigitaldeasturias.com\/magazine365\/iag-envia-hoy-la-oferta-formal-por-el-100-de-aer-lingus\/#mainImage","width":800,"height":533},"primaryImageOfPage":{"@id":"https:\/\/eldigitaldeasturias.com\/magazine365\/iag-envia-hoy-la-oferta-formal-por-el-100-de-aer-lingus\/#mainImage"},"datePublished":"2015-06-19T12:41:12+02:00","dateModified":"2015-06-19T12:41:12+02:00"},{"@type":"WebSite","@id":"https:\/\/eldigitaldeasturias.com\/magazine365\/#website","url":"https:\/\/eldigitaldeasturias.com\/magazine365\/","name":"El Digital de Asturias","description":"Revista de ocio, turismo y estilo de vida","inLanguage":"es-ES","publisher":{"@id":"https:\/\/eldigitaldeasturias.com\/magazine365\/#organization"}}]},"og:locale":"es_ES","og:site_name":"El Digital de Asturias \u2013 Revista de ocio, turismo y estilo de vida","og:type":"article","og:title":"IAG env\u00eda hoy la oferta formal por el 100% de Aer Lingus | El Digital de Asturias","og:description":"Internacional Consolidated Airlines Group (IAG) env\u00eda este viernes la oferta formal por el 100% del capital de Aer Lingus a los accionistas de esta compa\u00f1\u00eda a\u00e9rea, cuyo plazo de aceptaci\u00f3n inicial finaliza a las cinco de la tarde (hora irlandesa) del pr\u00f3ximo 16 de julio, seg\u00fan inform\u00f3 el grupo a\u00e9reo a la Comisi\u00f3n Nacional del","og:url":"https:\/\/eldigitaldeasturias.com\/magazine365\/iag-envia-hoy-la-oferta-formal-por-el-100-de-aer-lingus\/","og:image":"https:\/\/eldigitaldeasturias.com\/magazine365\/wp-content\/uploads\/2015\/06\/aeropu.jpg","og:image:secure_url":"https:\/\/eldigitaldeasturias.com\/magazine365\/wp-content\/uploads\/2015\/06\/aeropu.jpg","og:image:width":800,"og:image:height":533,"article:published_time":"2015-06-19T11:11:12+00:00","article:modified_time":"2015-06-19T11:11:12+00:00","twitter:card":"summary_large_image","twitter:title":"IAG env\u00eda hoy la oferta formal por el 100% de Aer Lingus | El Digital de Asturias","twitter:description":"Internacional Consolidated Airlines Group (IAG) env\u00eda este viernes la oferta formal por el 100% del capital de Aer Lingus a los accionistas de esta compa\u00f1\u00eda a\u00e9rea, cuyo plazo de aceptaci\u00f3n inicial finaliza a las cinco de la tarde (hora irlandesa) del pr\u00f3ximo 16 de julio, seg\u00fan inform\u00f3 el grupo a\u00e9reo a la Comisi\u00f3n Nacional del","twitter:image":"https:\/\/eldigitaldeasturias.com\/magazine365\/wp-content\/uploads\/2015\/06\/aeropu.jpg"},"aioseo_meta_data":{"post_id":"40389","title":null,"description":null,"keywords":null,"keyphrases":null,"primary_term":null,"canonical_url":null,"og_title":null,"og_description":null,"og_object_type":"default","og_image_type":"default","og_image_url":null,"og_image_width":null,"og_image_height":null,"og_image_custom_url":null,"og_image_custom_fields":null,"og_video":null,"og_custom_url":null,"og_article_section":null,"og_article_tags":null,"twitter_use_og":false,"twitter_card":"default","twitter_image_type":"default","twitter_image_url":null,"twitter_image_custom_url":null,"twitter_image_custom_fields":null,"twitter_title":null,"twitter_description":null,"schema":{"blockGraphs":[],"customGraphs":[],"default":{"data":{"Article":[],"Course":[],"Dataset":[],"FAQPage":[],"Movie":[],"Person":[],"Product":[],"ProductReview":[],"Car":[],"Recipe":[],"Service":[],"SoftwareApplication":[],"WebPage":[]},"graphName":"","isEnabled":true},"graphs":[],"defaultGraph":"","defaultPostTypeGraph":""},"schema_type":null,"schema_type_options":null,"pillar_content":false,"robots_default":true,"robots_noindex":false,"robots_noarchive":false,"robots_nosnippet":false,"robots_nofollow":false,"robots_noimageindex":false,"robots_noodp":false,"robots_notranslate":false,"robots_max_snippet":null,"robots_max_videopreview":null,"robots_max_imagepreview":"large","priority":null,"frequency":null,"location":null,"local_seo":null,"seo_analyzer_scan_date":"2025-09-19 13:26:15","breadcrumb_settings":null,"limit_modified_date":false,"open_ai":null,"ai":null,"created":"2021-03-09 02:28:42","updated":"2025-09-19 13:26:15"},"aioseo_breadcrumb":"<div class=\"aioseo-breadcrumbs\"><span class=\"aioseo-breadcrumb\">\n\t<a href=\"https:\/\/eldigitaldeasturias.com\/magazine365\" title=\"Home\">Home<\/a>\n<\/span><span class=\"aioseo-breadcrumb-separator\">\u2013<\/span><span class=\"aioseo-breadcrumb\">\n\t<a href=\"https:\/\/eldigitaldeasturias.com\/magazine365\/category\/actualidad-turismo\/\" title=\"Actualidad Turismo\">Actualidad Turismo<\/a>\n<\/span><span class=\"aioseo-breadcrumb-separator\">\u2013<\/span><span class=\"aioseo-breadcrumb\">\n\t<a href=\"https:\/\/eldigitaldeasturias.com\/magazine365\/iag-envia-hoy-la-oferta-formal-por-el-100-de-aer-lingus\/\" title=\"IAG env\u00eda hoy la oferta formal por el 100% de Aer Lingus\">IAG env\u00eda hoy la oferta formal por el 100% de Aer Lingus<\/a>\n<\/span><\/div>","aioseo_breadcrumb_json":[{"label":"Home","link":"https:\/\/eldigitaldeasturias.com\/magazine365"},{"label":"Actualidad Turismo","link":"https:\/\/eldigitaldeasturias.com\/magazine365\/category\/actualidad-turismo\/"},{"label":"IAG env\u00eda hoy la oferta formal por el 100% de Aer Lingus","link":"https:\/\/eldigitaldeasturias.com\/magazine365\/iag-envia-hoy-la-oferta-formal-por-el-100-de-aer-lingus\/"}],"_links":{"self":[{"href":"https:\/\/eldigitaldeasturias.com\/magazine365\/wp-json\/wp\/v2\/posts\/40389","targetHints":{"allow":["GET"]}}],"collection":[{"href":"https:\/\/eldigitaldeasturias.com\/magazine365\/wp-json\/wp\/v2\/posts"}],"about":[{"href":"https:\/\/eldigitaldeasturias.com\/magazine365\/wp-json\/wp\/v2\/types\/post"}],"author":[{"embeddable":true,"href":"https:\/\/eldigitaldeasturias.com\/magazine365\/wp-json\/wp\/v2\/users\/1"}],"replies":[{"embeddable":true,"href":"https:\/\/eldigitaldeasturias.com\/magazine365\/wp-json\/wp\/v2\/comments?post=40389"}],"version-history":[{"count":0,"href":"https:\/\/eldigitaldeasturias.com\/magazine365\/wp-json\/wp\/v2\/posts\/40389\/revisions"}],"wp:featuredmedia":[{"embeddable":true,"href":"https:\/\/eldigitaldeasturias.com\/magazine365\/wp-json\/wp\/v2\/media\/39724"}],"wp:attachment":[{"href":"https:\/\/eldigitaldeasturias.com\/magazine365\/wp-json\/wp\/v2\/media?parent=40389"}],"wp:term":[{"taxonomy":"category","embeddable":true,"href":"https:\/\/eldigitaldeasturias.com\/magazine365\/wp-json\/wp\/v2\/categories?post=40389"},{"taxonomy":"post_tag","embeddable":true,"href":"https:\/\/eldigitaldeasturias.com\/magazine365\/wp-json\/wp\/v2\/tags?post=40389"}],"curies":[{"name":"wp","href":"https:\/\/api.w.org\/{rel}","templated":true}]}}