{"id":40375,"date":"2015-06-19T06:39:47","date_gmt":"2015-06-19T05:09:47","guid":{"rendered":"http:\/\/eldigitaldeasturias.com\/magazine365\/?p=40375"},"modified":"2015-06-19T06:39:47","modified_gmt":"2015-06-19T05:09:47","slug":"la-xunta-implantara-por-responsabilidad-el-plan-de-as-catedrais","status":"publish","type":"post","link":"https:\/\/eldigitaldeasturias.com\/magazine365\/la-xunta-implantara-por-responsabilidad-el-plan-de-as-catedrais\/","title":{"rendered":"La Xunta implantar\u00e1 \u00abpor responsabilidad\u00bb el Plan de As Catedrais"},"content":{"rendered":"<p><img fetchpriority=\"high\" decoding=\"async\" class=\"alignleft size-medium wp-image-40376\" src=\"https:\/\/eldigitaldeasturias.com\/magazine365\/wp-content\/uploads\/2015\/06\/fotonoticia_20150618185234_800-360x192.jpg\" alt=\"fotonoticia_20150618185234_800\" width=\"360\" height=\"192\" srcset=\"https:\/\/eldigitaldeasturias.com\/magazine365\/wp-content\/uploads\/2015\/06\/fotonoticia_20150618185234_800-360x192.jpg 360w, https:\/\/eldigitaldeasturias.com\/magazine365\/wp-content\/uploads\/2015\/06\/fotonoticia_20150618185234_800-650x346.jpg 650w, https:\/\/eldigitaldeasturias.com\/magazine365\/wp-content\/uploads\/2015\/06\/fotonoticia_20150618185234_800-768x409.jpg 768w, https:\/\/eldigitaldeasturias.com\/magazine365\/wp-content\/uploads\/2015\/06\/fotonoticia_20150618185234_800-150x80.jpg 150w, https:\/\/eldigitaldeasturias.com\/magazine365\/wp-content\/uploads\/2015\/06\/fotonoticia_20150618185234_800-450x240.jpg 450w, https:\/\/eldigitaldeasturias.com\/magazine365\/wp-content\/uploads\/2015\/06\/fotonoticia_20150618185234_800-696x371.jpg 696w, https:\/\/eldigitaldeasturias.com\/magazine365\/wp-content\/uploads\/2015\/06\/fotonoticia_20150618185234_800-789x420.jpg 789w, https:\/\/eldigitaldeasturias.com\/magazine365\/wp-content\/uploads\/2015\/06\/fotonoticia_20150618185234_800-420x225.jpg 420w, https:\/\/eldigitaldeasturias.com\/magazine365\/wp-content\/uploads\/2015\/06\/fotonoticia_20150618185234_800.jpg 800w\" sizes=\"(max-width: 360px) 100vw, 360px\" \/>La Xunta de Galicia pondr\u00e1 en marcha el pr\u00f3ximo 1 de julio el Plan de Conservaci\u00f3n de la Playa de As Catedrais aunque el documento cuente con la oposici\u00f3n del Ayuntamiento de Ribadeo (Lugo), una instituci\u00f3n a la que la consejer\u00eda de Medio Ambiente, Ethel V\u00e1zquez, ha pedido \u00abno perder el tiempo en luchas\u00bb.<\/p>\n<p>Ethel V\u00e1zquez ha participado este jueves en Santiago en una reuni\u00f3n con agencias de viajes, operadores tur\u00edsticos y representantes del Cl\u00faster del Turismo de Galicia, a los que ha explicado este plan en compa\u00f1\u00eda de la directora de Turismo de Galicia, Nava Castro.<\/p>\n<p>La consejer\u00eda de Medio Ambiente ha recordado que el objetivo de este plan es \u00abcompatibilizar la preservaci\u00f3n de ese espacio natural con el disfrute de los turistas\u00bb, haciendo del turismo \u00abuna actividad sostenible\u00bb.<\/p>\n<p>Para ello, ha pedido la colaboraci\u00f3n de todos los operadores implicados en el sector para aplicar este proyecto, distribuyendo las autorizaciones que la Xunta ya ha puesto a disposici\u00f3n de los ciudadanos.<\/p>\n<p>En la misma l\u00ednea, Etel V\u00e1zquez se ha comprometido a aplicar este plan con \u00abflexibilidad\u00bb y a abrir \u00abv\u00edas de di\u00e1logo\u00bb y \u00abencontrar consensos\u00bb en la materia si fuese necesario.<\/p>\n<p>CR\u00cdTICAS A RIBADEO<\/p>\n<p>A preguntas de los medios, Ethel V\u00e1zquez ha criticado la actitud mostrada hacia el plan por el gobierno local de Ribadeo, que rechaz\u00f3 en un pleno extraordinario este mi\u00e9rcoles la implantaci\u00f3n de estas medidas.<\/p>\n<p>\u00abEstoy sorprendida por este cambio de actitud repentino\u00bb, ha indicado la conserjer\u00eda, quien ha recordado que este plan fue una \u00abdemanda social reiterada por el propio alcalde\u00bb durante el \u00faltimo a\u00f1o.<\/p>\n<p>Ethel V\u00e1zquez se puso en contacto este mi\u00e9rcoles a trav\u00e9s de una carta con el alcalde de Ribadeo, el nacionalista Fernando Su\u00e1rez, a quien traslad\u00f3 \u00abel convencimiento de que el di\u00e1logo es imprescindible para que este plan funcione bien\u00bb. Sin embargo, ha criticado que el consistorio impidiese a la consejer\u00eda tomar parte en el pleno del mi\u00e9rcoles para \u00abexplicar el plan\u00bb.<\/p>\n<p>La consejer\u00eda ha indicado que la Xunta se \u00abcomprometi\u00f3 hace un a\u00f1o\u00bb a elaborar este plan y ha garantizado que comenzar\u00e1 su aplicaci\u00f3n el 1 de julio porque \u00abno se puede estar un verano m\u00e1s sin regular el acceso\u00bb. \u00abVamos a aplicar la ley porque est\u00e1 acreditado el riesgo, no podemos perder el tiempo en luchas ni en mensajes alarmistas del Ayuntamiento de Ribadeo, tenemos que ser responsables con la protecci\u00f3n del espacio natural\u00bb, ha resumido la consejer\u00eda.<\/p>\n<p>Ethel V\u00e1zquez ha confirmado que habr\u00e1 \u00abformas de mejorar\u00bb el plan incluso aunque est\u00e9 en marcha y ha reiterado su oferta al \u00abdi\u00e1logo\u00bb. Al mismo tiempo ha confirmado que este viernes se reunir\u00e1 con el delegado del Gobierno en Galicia, Santiago Villanueva, para analizar la implantaci\u00f3n del documento y prever actuaciones si fuese necesario. \u00abSi el ayuntamiento no pone aparcamientos como hizo hasta ahora, tendremos eso previsto\u00bb, ha ejemplificado.<\/p>\n","protected":false},"excerpt":{"rendered":"<p>La Xunta de Galicia pondr\u00e1 en marcha el pr\u00f3ximo 1 de julio el Plan de Conservaci\u00f3n de la Playa de As Catedrais aunque el documento cuente con la oposici\u00f3n del Ayuntamiento de Ribadeo (Lugo), una instituci\u00f3n a la que la consejer\u00eda de Medio Ambiente, Ethel V\u00e1zquez, ha pedido \u00abno perder el tiempo en luchas\u00bb. Ethel<\/p>\n","protected":false},"author":1,"featured_media":40376,"comment_status":"open","ping_status":"closed","sticky":false,"template":"","format":"standard","meta":{"footnotes":""},"categories":[222],"tags":[],"class_list":{"0":"post-40375","1":"post","2":"type-post","3":"status-publish","4":"format-standard","5":"has-post-thumbnail","7":"category-actualidad-turismo"},"aioseo_notices":[],"aioseo_head":"\n\t\t<!-- All in One SEO Pro 4.9.6.1 - aioseo.com -->\n\t<meta name=\"description\" content=\"La Xunta de Galicia pondr\u00e1 en marcha el pr\u00f3ximo 1 de julio el Plan de Conservaci\u00f3n de la Playa de As Catedrais aunque el documento cuente con la oposici\u00f3n del Ayuntamiento de Ribadeo (Lugo), una instituci\u00f3n a la que la consejer\u00eda de Medio Ambiente, Ethel V\u00e1zquez, ha pedido &quot;no perder el tiempo en luchas&quot;. Ethel\" \/>\n\t<meta name=\"robots\" content=\"max-image-preview:large\" \/>\n\t<meta name=\"author\" content=\"admin\"\/>\n\t<meta name=\"google-site-verification\" content=\"UA-38556648-1\" \/>\n\t<meta name=\"keywords\" content=\"actualidad turismo\" \/>\n\t<link rel=\"canonical\" href=\"https:\/\/eldigitaldeasturias.com\/magazine365\/la-xunta-implantara-por-responsabilidad-el-plan-de-as-catedrais\/\" \/>\n\t<meta name=\"generator\" content=\"All in One SEO Pro (AIOSEO) 4.9.6.1\" \/>\n\t\t<meta property=\"og:locale\" content=\"es_ES\" \/>\n\t\t<meta property=\"og:site_name\" content=\"El Digital de Asturias \u2013 Revista de ocio, turismo y estilo de vida\" \/>\n\t\t<meta property=\"og:type\" content=\"article\" \/>\n\t\t<meta property=\"og:title\" content=\"La Xunta implantar\u00e1 \u00abpor responsabilidad\u00bb el Plan de As Catedrais | El Digital de Asturias\" \/>\n\t\t<meta property=\"og:description\" content=\"La Xunta de Galicia pondr\u00e1 en marcha el pr\u00f3ximo 1 de julio el Plan de Conservaci\u00f3n de la Playa de As Catedrais aunque el documento cuente con la oposici\u00f3n del Ayuntamiento de Ribadeo (Lugo), una instituci\u00f3n a la que la consejer\u00eda de Medio Ambiente, Ethel V\u00e1zquez, ha pedido &quot;no perder el tiempo en luchas&quot;. Ethel\" \/>\n\t\t<meta property=\"og:url\" content=\"https:\/\/eldigitaldeasturias.com\/magazine365\/la-xunta-implantara-por-responsabilidad-el-plan-de-as-catedrais\/\" \/>\n\t\t<meta property=\"og:image\" content=\"https:\/\/eldigitaldeasturias.com\/magazine365\/wp-content\/uploads\/2015\/06\/fotonoticia_20150618185234_800.jpg\" \/>\n\t\t<meta property=\"og:image:secure_url\" content=\"https:\/\/eldigitaldeasturias.com\/magazine365\/wp-content\/uploads\/2015\/06\/fotonoticia_20150618185234_800.jpg\" \/>\n\t\t<meta property=\"og:image:width\" content=\"800\" \/>\n\t\t<meta property=\"og:image:height\" content=\"426\" \/>\n\t\t<meta property=\"article:published_time\" content=\"2015-06-19T05:09:47+00:00\" \/>\n\t\t<meta property=\"article:modified_time\" content=\"2015-06-19T05:09:47+00:00\" \/>\n\t\t<meta name=\"twitter:card\" content=\"summary_large_image\" \/>\n\t\t<meta name=\"twitter:title\" content=\"La Xunta implantar\u00e1 \u00abpor responsabilidad\u00bb el Plan de As Catedrais | El Digital de Asturias\" \/>\n\t\t<meta name=\"twitter:description\" content=\"La Xunta de Galicia pondr\u00e1 en marcha el pr\u00f3ximo 1 de julio el Plan de Conservaci\u00f3n de la Playa de As Catedrais aunque el documento cuente con la oposici\u00f3n del Ayuntamiento de Ribadeo (Lugo), una instituci\u00f3n a la que la consejer\u00eda de Medio Ambiente, Ethel V\u00e1zquez, ha pedido &quot;no perder el tiempo en luchas&quot;. Ethel\" \/>\n\t\t<meta name=\"twitter:image\" content=\"https:\/\/eldigitaldeasturias.com\/magazine365\/wp-content\/uploads\/2015\/06\/fotonoticia_20150618185234_800.jpg\" \/>\n\t\t<script type=\"application\/ld+json\" class=\"aioseo-schema\">\n\t\t\t{\"@context\":\"https:\\\/\\\/schema.org\",\"@graph\":[{\"@type\":\"Article\",\"@id\":\"https:\\\/\\\/eldigitaldeasturias.com\\\/magazine365\\\/la-xunta-implantara-por-responsabilidad-el-plan-de-as-catedrais\\\/#article\",\"name\":\"La Xunta implantar\\u00e1 \\u00abpor responsabilidad\\u00bb el Plan de As Catedrais | El Digital de Asturias\",\"headline\":\"La Xunta implantar\\u00e1 \\u00abpor responsabilidad\\u00bb el Plan de As Catedrais\",\"author\":{\"@id\":\"https:\\\/\\\/eldigitaldeasturias.com\\\/magazine365\\\/author\\\/admin\\\/#author\"},\"publisher\":{\"@id\":\"https:\\\/\\\/eldigitaldeasturias.com\\\/magazine365\\\/#organization\"},\"image\":{\"@type\":\"ImageObject\",\"url\":\"https:\\\/\\\/eldigitaldeasturias.com\\\/magazine365\\\/wp-content\\\/uploads\\\/2015\\\/06\\\/fotonoticia_20150618185234_800.jpg\",\"width\":800,\"height\":426},\"datePublished\":\"2015-06-19T06:39:47+02:00\",\"dateModified\":\"2015-06-19T06:39:47+02:00\",\"inLanguage\":\"es-ES\",\"mainEntityOfPage\":{\"@id\":\"https:\\\/\\\/eldigitaldeasturias.com\\\/magazine365\\\/la-xunta-implantara-por-responsabilidad-el-plan-de-as-catedrais\\\/#webpage\"},\"isPartOf\":{\"@id\":\"https:\\\/\\\/eldigitaldeasturias.com\\\/magazine365\\\/la-xunta-implantara-por-responsabilidad-el-plan-de-as-catedrais\\\/#webpage\"},\"articleSection\":\"Actualidad Turismo\"},{\"@type\":\"BreadcrumbList\",\"@id\":\"https:\\\/\\\/eldigitaldeasturias.com\\\/magazine365\\\/la-xunta-implantara-por-responsabilidad-el-plan-de-as-catedrais\\\/#breadcrumblist\",\"itemListElement\":[{\"@type\":\"ListItem\",\"@id\":\"https:\\\/\\\/eldigitaldeasturias.com\\\/magazine365#listItem\",\"position\":1,\"name\":\"Home\",\"item\":\"https:\\\/\\\/eldigitaldeasturias.com\\\/magazine365\",\"nextItem\":{\"@type\":\"ListItem\",\"@id\":\"https:\\\/\\\/eldigitaldeasturias.com\\\/magazine365\\\/category\\\/actualidad-turismo\\\/#listItem\",\"name\":\"Actualidad Turismo\"}},{\"@type\":\"ListItem\",\"@id\":\"https:\\\/\\\/eldigitaldeasturias.com\\\/magazine365\\\/category\\\/actualidad-turismo\\\/#listItem\",\"position\":2,\"name\":\"Actualidad Turismo\",\"item\":\"https:\\\/\\\/eldigitaldeasturias.com\\\/magazine365\\\/category\\\/actualidad-turismo\\\/\",\"nextItem\":{\"@type\":\"ListItem\",\"@id\":\"https:\\\/\\\/eldigitaldeasturias.com\\\/magazine365\\\/la-xunta-implantara-por-responsabilidad-el-plan-de-as-catedrais\\\/#listItem\",\"name\":\"La Xunta implantar\\u00e1 \\u00abpor responsabilidad\\u00bb el Plan de As Catedrais\"},\"previousItem\":{\"@type\":\"ListItem\",\"@id\":\"https:\\\/\\\/eldigitaldeasturias.com\\\/magazine365#listItem\",\"name\":\"Home\"}},{\"@type\":\"ListItem\",\"@id\":\"https:\\\/\\\/eldigitaldeasturias.com\\\/magazine365\\\/la-xunta-implantara-por-responsabilidad-el-plan-de-as-catedrais\\\/#listItem\",\"position\":3,\"name\":\"La Xunta implantar\\u00e1 \\u00abpor responsabilidad\\u00bb el Plan de As Catedrais\",\"previousItem\":{\"@type\":\"ListItem\",\"@id\":\"https:\\\/\\\/eldigitaldeasturias.com\\\/magazine365\\\/category\\\/actualidad-turismo\\\/#listItem\",\"name\":\"Actualidad Turismo\"}}]},{\"@type\":\"Organization\",\"@id\":\"https:\\\/\\\/eldigitaldeasturias.com\\\/magazine365\\\/#organization\",\"name\":\"El digital de Asturias\",\"description\":\"Revista de ocio, turismo y estilo de vida\",\"url\":\"https:\\\/\\\/eldigitaldeasturias.com\\\/magazine365\\\/\",\"logo\":{\"@type\":\"ImageObject\",\"url\":\"https:\\\/\\\/www.eldigitaldeasturias.com\\\/noticias\\\/wp-content\\\/uploads\\\/2020\\\/12\\\/EDA.jpg\",\"@id\":\"https:\\\/\\\/eldigitaldeasturias.com\\\/magazine365\\\/la-xunta-implantara-por-responsabilidad-el-plan-de-as-catedrais\\\/#organizationLogo\"},\"image\":{\"@id\":\"https:\\\/\\\/eldigitaldeasturias.com\\\/magazine365\\\/la-xunta-implantara-por-responsabilidad-el-plan-de-as-catedrais\\\/#organizationLogo\"}},{\"@type\":\"Person\",\"@id\":\"https:\\\/\\\/eldigitaldeasturias.com\\\/magazine365\\\/author\\\/admin\\\/#author\",\"url\":\"https:\\\/\\\/eldigitaldeasturias.com\\\/magazine365\\\/author\\\/admin\\\/\",\"name\":\"admin\",\"image\":{\"@type\":\"ImageObject\",\"@id\":\"https:\\\/\\\/eldigitaldeasturias.com\\\/magazine365\\\/la-xunta-implantara-por-responsabilidad-el-plan-de-as-catedrais\\\/#authorImage\",\"url\":\"https:\\\/\\\/eldigitaldeasturias.com\\\/magazine365\\\/wp-content\\\/litespeed\\\/avatar\\\/e571bcf59a0edd6fa6838245a470f2fe.jpg?ver=1777574230\",\"width\":96,\"height\":96,\"caption\":\"admin\"}},{\"@type\":\"WebPage\",\"@id\":\"https:\\\/\\\/eldigitaldeasturias.com\\\/magazine365\\\/la-xunta-implantara-por-responsabilidad-el-plan-de-as-catedrais\\\/#webpage\",\"url\":\"https:\\\/\\\/eldigitaldeasturias.com\\\/magazine365\\\/la-xunta-implantara-por-responsabilidad-el-plan-de-as-catedrais\\\/\",\"name\":\"La Xunta implantar\\u00e1 \\u00abpor responsabilidad\\u00bb el Plan de As Catedrais | El Digital de Asturias\",\"description\":\"La Xunta de Galicia pondr\\u00e1 en marcha el pr\\u00f3ximo 1 de julio el Plan de Conservaci\\u00f3n de la Playa de As Catedrais aunque el documento cuente con la oposici\\u00f3n del Ayuntamiento de Ribadeo (Lugo), una instituci\\u00f3n a la que la consejer\\u00eda de Medio Ambiente, Ethel V\\u00e1zquez, ha pedido \\\"no perder el tiempo en luchas\\\". Ethel\",\"inLanguage\":\"es-ES\",\"isPartOf\":{\"@id\":\"https:\\\/\\\/eldigitaldeasturias.com\\\/magazine365\\\/#website\"},\"breadcrumb\":{\"@id\":\"https:\\\/\\\/eldigitaldeasturias.com\\\/magazine365\\\/la-xunta-implantara-por-responsabilidad-el-plan-de-as-catedrais\\\/#breadcrumblist\"},\"author\":{\"@id\":\"https:\\\/\\\/eldigitaldeasturias.com\\\/magazine365\\\/author\\\/admin\\\/#author\"},\"creator\":{\"@id\":\"https:\\\/\\\/eldigitaldeasturias.com\\\/magazine365\\\/author\\\/admin\\\/#author\"},\"image\":{\"@type\":\"ImageObject\",\"url\":\"https:\\\/\\\/eldigitaldeasturias.com\\\/magazine365\\\/wp-content\\\/uploads\\\/2015\\\/06\\\/fotonoticia_20150618185234_800.jpg\",\"@id\":\"https:\\\/\\\/eldigitaldeasturias.com\\\/magazine365\\\/la-xunta-implantara-por-responsabilidad-el-plan-de-as-catedrais\\\/#mainImage\",\"width\":800,\"height\":426},\"primaryImageOfPage\":{\"@id\":\"https:\\\/\\\/eldigitaldeasturias.com\\\/magazine365\\\/la-xunta-implantara-por-responsabilidad-el-plan-de-as-catedrais\\\/#mainImage\"},\"datePublished\":\"2015-06-19T06:39:47+02:00\",\"dateModified\":\"2015-06-19T06:39:47+02:00\"},{\"@type\":\"WebSite\",\"@id\":\"https:\\\/\\\/eldigitaldeasturias.com\\\/magazine365\\\/#website\",\"url\":\"https:\\\/\\\/eldigitaldeasturias.com\\\/magazine365\\\/\",\"name\":\"El Digital de Asturias\",\"description\":\"Revista de ocio, turismo y estilo de vida\",\"inLanguage\":\"es-ES\",\"publisher\":{\"@id\":\"https:\\\/\\\/eldigitaldeasturias.com\\\/magazine365\\\/#organization\"}}]}\n\t\t<\/script>\n\t\t<!-- All in One SEO Pro -->\r\n\t\t<title>La Xunta implantar\u00e1 \u00abpor responsabilidad\u00bb el Plan de As Catedrais | El Digital de Asturias<\/title>\n\n","aioseo_head_json":{"title":"La Xunta implantar\u00e1 \u00abpor responsabilidad\u00bb el Plan de As Catedrais | El Digital de Asturias","description":"La Xunta de Galicia pondr\u00e1 en marcha el pr\u00f3ximo 1 de julio el Plan de Conservaci\u00f3n de la Playa de As Catedrais aunque el documento cuente con la oposici\u00f3n del Ayuntamiento de Ribadeo (Lugo), una instituci\u00f3n a la que la consejer\u00eda de Medio Ambiente, Ethel V\u00e1zquez, ha pedido \"no perder el tiempo en luchas\". Ethel","canonical_url":"https:\/\/eldigitaldeasturias.com\/magazine365\/la-xunta-implantara-por-responsabilidad-el-plan-de-as-catedrais\/","robots":"max-image-preview:large","keywords":"actualidad turismo","webmasterTools":{"google-site-verification":"UA-38556648-1","miscellaneous":""},"schema":{"@context":"https:\/\/schema.org","@graph":[{"@type":"Article","@id":"https:\/\/eldigitaldeasturias.com\/magazine365\/la-xunta-implantara-por-responsabilidad-el-plan-de-as-catedrais\/#article","name":"La Xunta implantar\u00e1 \u00abpor responsabilidad\u00bb el Plan de As Catedrais | El Digital de Asturias","headline":"La Xunta implantar\u00e1 \u00abpor responsabilidad\u00bb el Plan de As Catedrais","author":{"@id":"https:\/\/eldigitaldeasturias.com\/magazine365\/author\/admin\/#author"},"publisher":{"@id":"https:\/\/eldigitaldeasturias.com\/magazine365\/#organization"},"image":{"@type":"ImageObject","url":"https:\/\/eldigitaldeasturias.com\/magazine365\/wp-content\/uploads\/2015\/06\/fotonoticia_20150618185234_800.jpg","width":800,"height":426},"datePublished":"2015-06-19T06:39:47+02:00","dateModified":"2015-06-19T06:39:47+02:00","inLanguage":"es-ES","mainEntityOfPage":{"@id":"https:\/\/eldigitaldeasturias.com\/magazine365\/la-xunta-implantara-por-responsabilidad-el-plan-de-as-catedrais\/#webpage"},"isPartOf":{"@id":"https:\/\/eldigitaldeasturias.com\/magazine365\/la-xunta-implantara-por-responsabilidad-el-plan-de-as-catedrais\/#webpage"},"articleSection":"Actualidad Turismo"},{"@type":"BreadcrumbList","@id":"https:\/\/eldigitaldeasturias.com\/magazine365\/la-xunta-implantara-por-responsabilidad-el-plan-de-as-catedrais\/#breadcrumblist","itemListElement":[{"@type":"ListItem","@id":"https:\/\/eldigitaldeasturias.com\/magazine365#listItem","position":1,"name":"Home","item":"https:\/\/eldigitaldeasturias.com\/magazine365","nextItem":{"@type":"ListItem","@id":"https:\/\/eldigitaldeasturias.com\/magazine365\/category\/actualidad-turismo\/#listItem","name":"Actualidad Turismo"}},{"@type":"ListItem","@id":"https:\/\/eldigitaldeasturias.com\/magazine365\/category\/actualidad-turismo\/#listItem","position":2,"name":"Actualidad Turismo","item":"https:\/\/eldigitaldeasturias.com\/magazine365\/category\/actualidad-turismo\/","nextItem":{"@type":"ListItem","@id":"https:\/\/eldigitaldeasturias.com\/magazine365\/la-xunta-implantara-por-responsabilidad-el-plan-de-as-catedrais\/#listItem","name":"La Xunta implantar\u00e1 \u00abpor responsabilidad\u00bb el Plan de As Catedrais"},"previousItem":{"@type":"ListItem","@id":"https:\/\/eldigitaldeasturias.com\/magazine365#listItem","name":"Home"}},{"@type":"ListItem","@id":"https:\/\/eldigitaldeasturias.com\/magazine365\/la-xunta-implantara-por-responsabilidad-el-plan-de-as-catedrais\/#listItem","position":3,"name":"La Xunta implantar\u00e1 \u00abpor responsabilidad\u00bb el Plan de As Catedrais","previousItem":{"@type":"ListItem","@id":"https:\/\/eldigitaldeasturias.com\/magazine365\/category\/actualidad-turismo\/#listItem","name":"Actualidad Turismo"}}]},{"@type":"Organization","@id":"https:\/\/eldigitaldeasturias.com\/magazine365\/#organization","name":"El digital de Asturias","description":"Revista de ocio, turismo y estilo de vida","url":"https:\/\/eldigitaldeasturias.com\/magazine365\/","logo":{"@type":"ImageObject","url":"https:\/\/www.eldigitaldeasturias.com\/noticias\/wp-content\/uploads\/2020\/12\/EDA.jpg","@id":"https:\/\/eldigitaldeasturias.com\/magazine365\/la-xunta-implantara-por-responsabilidad-el-plan-de-as-catedrais\/#organizationLogo"},"image":{"@id":"https:\/\/eldigitaldeasturias.com\/magazine365\/la-xunta-implantara-por-responsabilidad-el-plan-de-as-catedrais\/#organizationLogo"}},{"@type":"Person","@id":"https:\/\/eldigitaldeasturias.com\/magazine365\/author\/admin\/#author","url":"https:\/\/eldigitaldeasturias.com\/magazine365\/author\/admin\/","name":"admin","image":{"@type":"ImageObject","@id":"https:\/\/eldigitaldeasturias.com\/magazine365\/la-xunta-implantara-por-responsabilidad-el-plan-de-as-catedrais\/#authorImage","url":"https:\/\/eldigitaldeasturias.com\/magazine365\/wp-content\/litespeed\/avatar\/e571bcf59a0edd6fa6838245a470f2fe.jpg?ver=1777574230","width":96,"height":96,"caption":"admin"}},{"@type":"WebPage","@id":"https:\/\/eldigitaldeasturias.com\/magazine365\/la-xunta-implantara-por-responsabilidad-el-plan-de-as-catedrais\/#webpage","url":"https:\/\/eldigitaldeasturias.com\/magazine365\/la-xunta-implantara-por-responsabilidad-el-plan-de-as-catedrais\/","name":"La Xunta implantar\u00e1 \u00abpor responsabilidad\u00bb el Plan de As Catedrais | El Digital de Asturias","description":"La Xunta de Galicia pondr\u00e1 en marcha el pr\u00f3ximo 1 de julio el Plan de Conservaci\u00f3n de la Playa de As Catedrais aunque el documento cuente con la oposici\u00f3n del Ayuntamiento de Ribadeo (Lugo), una instituci\u00f3n a la que la consejer\u00eda de Medio Ambiente, Ethel V\u00e1zquez, ha pedido \"no perder el tiempo en luchas\". Ethel","inLanguage":"es-ES","isPartOf":{"@id":"https:\/\/eldigitaldeasturias.com\/magazine365\/#website"},"breadcrumb":{"@id":"https:\/\/eldigitaldeasturias.com\/magazine365\/la-xunta-implantara-por-responsabilidad-el-plan-de-as-catedrais\/#breadcrumblist"},"author":{"@id":"https:\/\/eldigitaldeasturias.com\/magazine365\/author\/admin\/#author"},"creator":{"@id":"https:\/\/eldigitaldeasturias.com\/magazine365\/author\/admin\/#author"},"image":{"@type":"ImageObject","url":"https:\/\/eldigitaldeasturias.com\/magazine365\/wp-content\/uploads\/2015\/06\/fotonoticia_20150618185234_800.jpg","@id":"https:\/\/eldigitaldeasturias.com\/magazine365\/la-xunta-implantara-por-responsabilidad-el-plan-de-as-catedrais\/#mainImage","width":800,"height":426},"primaryImageOfPage":{"@id":"https:\/\/eldigitaldeasturias.com\/magazine365\/la-xunta-implantara-por-responsabilidad-el-plan-de-as-catedrais\/#mainImage"},"datePublished":"2015-06-19T06:39:47+02:00","dateModified":"2015-06-19T06:39:47+02:00"},{"@type":"WebSite","@id":"https:\/\/eldigitaldeasturias.com\/magazine365\/#website","url":"https:\/\/eldigitaldeasturias.com\/magazine365\/","name":"El Digital de Asturias","description":"Revista de ocio, turismo y estilo de vida","inLanguage":"es-ES","publisher":{"@id":"https:\/\/eldigitaldeasturias.com\/magazine365\/#organization"}}]},"og:locale":"es_ES","og:site_name":"El Digital de Asturias \u2013 Revista de ocio, turismo y estilo de vida","og:type":"article","og:title":"La Xunta implantar\u00e1 \u00abpor responsabilidad\u00bb el Plan de As Catedrais | El Digital de Asturias","og:description":"La Xunta de Galicia pondr\u00e1 en marcha el pr\u00f3ximo 1 de julio el Plan de Conservaci\u00f3n de la Playa de As Catedrais aunque el documento cuente con la oposici\u00f3n del Ayuntamiento de Ribadeo (Lugo), una instituci\u00f3n a la que la consejer\u00eda de Medio Ambiente, Ethel V\u00e1zquez, ha pedido &quot;no perder el tiempo en luchas&quot;. Ethel","og:url":"https:\/\/eldigitaldeasturias.com\/magazine365\/la-xunta-implantara-por-responsabilidad-el-plan-de-as-catedrais\/","og:image":"https:\/\/eldigitaldeasturias.com\/magazine365\/wp-content\/uploads\/2015\/06\/fotonoticia_20150618185234_800.jpg","og:image:secure_url":"https:\/\/eldigitaldeasturias.com\/magazine365\/wp-content\/uploads\/2015\/06\/fotonoticia_20150618185234_800.jpg","og:image:width":800,"og:image:height":426,"article:published_time":"2015-06-19T05:09:47+00:00","article:modified_time":"2015-06-19T05:09:47+00:00","twitter:card":"summary_large_image","twitter:title":"La Xunta implantar\u00e1 \u00abpor responsabilidad\u00bb el Plan de As Catedrais | El Digital de Asturias","twitter:description":"La Xunta de Galicia pondr\u00e1 en marcha el pr\u00f3ximo 1 de julio el Plan de Conservaci\u00f3n de la Playa de As Catedrais aunque el documento cuente con la oposici\u00f3n del Ayuntamiento de Ribadeo (Lugo), una instituci\u00f3n a la que la consejer\u00eda de Medio Ambiente, Ethel V\u00e1zquez, ha pedido &quot;no perder el tiempo en luchas&quot;. Ethel","twitter:image":"https:\/\/eldigitaldeasturias.com\/magazine365\/wp-content\/uploads\/2015\/06\/fotonoticia_20150618185234_800.jpg"},"aioseo_meta_data":{"post_id":"40375","title":null,"description":null,"keywords":null,"keyphrases":null,"primary_term":null,"canonical_url":null,"og_title":null,"og_description":null,"og_object_type":"default","og_image_type":"default","og_image_url":null,"og_image_width":null,"og_image_height":null,"og_image_custom_url":null,"og_image_custom_fields":null,"og_video":null,"og_custom_url":null,"og_article_section":null,"og_article_tags":null,"twitter_use_og":false,"twitter_card":"default","twitter_image_type":"default","twitter_image_url":null,"twitter_image_custom_url":null,"twitter_image_custom_fields":null,"twitter_title":null,"twitter_description":null,"schema":{"blockGraphs":[],"customGraphs":[],"default":{"data":{"Article":[],"Course":[],"Dataset":[],"FAQPage":[],"Movie":[],"Person":[],"Product":[],"ProductReview":[],"Car":[],"Recipe":[],"Service":[],"SoftwareApplication":[],"WebPage":[]},"graphName":"","isEnabled":true},"graphs":[],"defaultGraph":"","defaultPostTypeGraph":""},"schema_type":null,"schema_type_options":null,"pillar_content":false,"robots_default":true,"robots_noindex":false,"robots_noarchive":false,"robots_nosnippet":false,"robots_nofollow":false,"robots_noimageindex":false,"robots_noodp":false,"robots_notranslate":false,"robots_max_snippet":null,"robots_max_videopreview":null,"robots_max_imagepreview":"large","priority":null,"frequency":null,"location":null,"local_seo":null,"seo_analyzer_scan_date":"2025-09-19 13:25:06","breadcrumb_settings":null,"limit_modified_date":false,"open_ai":null,"ai":null,"created":"2021-03-09 02:30:21","updated":"2025-09-19 13:25:06"},"aioseo_breadcrumb":"<div class=\"aioseo-breadcrumbs\"><span class=\"aioseo-breadcrumb\">\n\t<a href=\"https:\/\/eldigitaldeasturias.com\/magazine365\" title=\"Home\">Home<\/a>\n<\/span><span class=\"aioseo-breadcrumb-separator\">\u2013<\/span><span class=\"aioseo-breadcrumb\">\n\t<a href=\"https:\/\/eldigitaldeasturias.com\/magazine365\/category\/actualidad-turismo\/\" title=\"Actualidad Turismo\">Actualidad Turismo<\/a>\n<\/span><span class=\"aioseo-breadcrumb-separator\">\u2013<\/span><span class=\"aioseo-breadcrumb\">\n\t<a href=\"https:\/\/eldigitaldeasturias.com\/magazine365\/la-xunta-implantara-por-responsabilidad-el-plan-de-as-catedrais\/\" title=\"La Xunta implantar\u00e1 \u00abpor responsabilidad\u00bb el Plan de As Catedrais\">La Xunta implantar\u00e1 \u00abpor responsabilidad\u00bb el Plan de As Catedrais<\/a>\n<\/span><\/div>","aioseo_breadcrumb_json":[{"label":"Home","link":"https:\/\/eldigitaldeasturias.com\/magazine365"},{"label":"Actualidad Turismo","link":"https:\/\/eldigitaldeasturias.com\/magazine365\/category\/actualidad-turismo\/"},{"label":"La Xunta implantar\u00e1 \u00abpor responsabilidad\u00bb el Plan de As Catedrais","link":"https:\/\/eldigitaldeasturias.com\/magazine365\/la-xunta-implantara-por-responsabilidad-el-plan-de-as-catedrais\/"}],"_links":{"self":[{"href":"https:\/\/eldigitaldeasturias.com\/magazine365\/wp-json\/wp\/v2\/posts\/40375","targetHints":{"allow":["GET"]}}],"collection":[{"href":"https:\/\/eldigitaldeasturias.com\/magazine365\/wp-json\/wp\/v2\/posts"}],"about":[{"href":"https:\/\/eldigitaldeasturias.com\/magazine365\/wp-json\/wp\/v2\/types\/post"}],"author":[{"embeddable":true,"href":"https:\/\/eldigitaldeasturias.com\/magazine365\/wp-json\/wp\/v2\/users\/1"}],"replies":[{"embeddable":true,"href":"https:\/\/eldigitaldeasturias.com\/magazine365\/wp-json\/wp\/v2\/comments?post=40375"}],"version-history":[{"count":0,"href":"https:\/\/eldigitaldeasturias.com\/magazine365\/wp-json\/wp\/v2\/posts\/40375\/revisions"}],"wp:featuredmedia":[{"embeddable":true,"href":"https:\/\/eldigitaldeasturias.com\/magazine365\/wp-json\/wp\/v2\/media\/40376"}],"wp:attachment":[{"href":"https:\/\/eldigitaldeasturias.com\/magazine365\/wp-json\/wp\/v2\/media?parent=40375"}],"wp:term":[{"taxonomy":"category","embeddable":true,"href":"https:\/\/eldigitaldeasturias.com\/magazine365\/wp-json\/wp\/v2\/categories?post=40375"},{"taxonomy":"post_tag","embeddable":true,"href":"https:\/\/eldigitaldeasturias.com\/magazine365\/wp-json\/wp\/v2\/tags?post=40375"}],"curies":[{"name":"wp","href":"https:\/\/api.w.org\/{rel}","templated":true}]}}