{"id":40360,"date":"2015-06-19T06:29:43","date_gmt":"2015-06-19T04:59:43","guid":{"rendered":"http:\/\/eldigitaldeasturias.com\/magazine365\/?p=40360"},"modified":"2015-06-19T06:29:43","modified_gmt":"2015-06-19T04:59:43","slug":"easyjet-abrira-una-base-de-operaciones-en-el-prat-en-2016","status":"publish","type":"post","link":"https:\/\/eldigitaldeasturias.com\/magazine365\/easyjet-abrira-una-base-de-operaciones-en-el-prat-en-2016\/","title":{"rendered":"easyJet abrir\u00e1 una base de operaciones en El Prat en 2016"},"content":{"rendered":"<p><img fetchpriority=\"high\" decoding=\"async\" class=\"alignleft size-medium wp-image-40361\" src=\"https:\/\/eldigitaldeasturias.com\/magazine365\/wp-content\/uploads\/2015\/06\/fotonoticia_20150618175640_800-360x213.jpg\" alt=\"fotonoticia_20150618175640_800\" width=\"360\" height=\"213\" srcset=\"https:\/\/eldigitaldeasturias.com\/magazine365\/wp-content\/uploads\/2015\/06\/fotonoticia_20150618175640_800-360x213.jpg 360w, https:\/\/eldigitaldeasturias.com\/magazine365\/wp-content\/uploads\/2015\/06\/fotonoticia_20150618175640_800-650x384.jpg 650w, https:\/\/eldigitaldeasturias.com\/magazine365\/wp-content\/uploads\/2015\/06\/fotonoticia_20150618175640_800-768x454.jpg 768w, https:\/\/eldigitaldeasturias.com\/magazine365\/wp-content\/uploads\/2015\/06\/fotonoticia_20150618175640_800-150x89.jpg 150w, https:\/\/eldigitaldeasturias.com\/magazine365\/wp-content\/uploads\/2015\/06\/fotonoticia_20150618175640_800-450x266.jpg 450w, https:\/\/eldigitaldeasturias.com\/magazine365\/wp-content\/uploads\/2015\/06\/fotonoticia_20150618175640_800-696x412.jpg 696w, https:\/\/eldigitaldeasturias.com\/magazine365\/wp-content\/uploads\/2015\/06\/fotonoticia_20150618175640_800-710x420.jpg 710w, https:\/\/eldigitaldeasturias.com\/magazine365\/wp-content\/uploads\/2015\/06\/fotonoticia_20150618175640_800.jpg 800w\" sizes=\"(max-width: 360px) 100vw, 360px\" \/>La aerol\u00ednea de bajo coste easyJet abrir\u00e1 en febrero de 2016 una base de operaciones en el aeropuerto de Barcelona-El Prat, lo que supondr\u00e1 la creaci\u00f3n de 120 nuevos puestos de trabajo y la mejora de las conexiones para los pasajeros de negocios.<\/p>\n<p>La nueva base de operaciones de easyJet contar\u00e1 con tres aviones Airbus de la familia A320, que estar\u00e1n basados en el aeropuerto de El Prat.<\/p>\n<p>La compa\u00f1\u00eda prev\u00e9 crear 120 nuevos puestos de trabajo, principalmente de pilotos y tripulantes de cabina, en el aeropuerto de El Prat, donde ya cuenta con 130 trabajadores.<\/p>\n<p>En una rueda de prensa convocada en el aeropuerto de El Prat, el director general de easyJet en Espa\u00f1a, Javier G\u00e1ndara, ha explicado que \u00abBarcelona es ahora mismo el aeropuerto al que easyJet vuela con m\u00e1s tr\u00e1fico sin ser una base, por lo que crear una base de operaciones es un paso natural en el desarrollo de la compa\u00f1\u00eda\u00bb.<\/p>\n<p>G\u00e1ndara ha destacado que las 120 personas que easyJet contratar\u00e1 \u00abtendr\u00e1n contratos laborales espa\u00f1oles, pagando la Seguridad Social y los impuestos en Espa\u00f1a\u00bb.<\/p>\n<p>Seg\u00fan easyJet, al disponer de aviones basados en el aeropuerto de El Prat, la compa\u00f1\u00eda podr\u00e1 ofrecer una mayor flexibilidad de horarios a los pasajeros de negocios ya que ofrecer\u00e1 vuelos con salida a horas m\u00e1s tempranas.<\/p>\n<p>Por su parte, la directora del aeropuerto de El Prat, Sonia Corrochano, ha dicho que la apuesta de easyJet \u00abrefuerza la terminal T2, que el a\u00f1o pasado cerr\u00f3 con m\u00e1s de 12 millones de pasajeros\u00bb.<\/p>\n<p>Desde que easyJet empez\u00f3 a volar en Barcelona en 1996, la aerol\u00ednea de bajo coste ha transportado a 32 millones de viajeros y actualmente cuenta con 14 destinaciones en El Prat.<\/p>\n<p>easyJet es la cuarta compa\u00f1\u00eda que dispondr\u00e1 de una base de operaciones en El Prat, tras Vueling, Ryanair y Norwegian.<\/p>\n","protected":false},"excerpt":{"rendered":"<p>La aerol\u00ednea de bajo coste easyJet abrir\u00e1 en febrero de 2016 una base de operaciones en el aeropuerto de Barcelona-El Prat, lo que supondr\u00e1 la creaci\u00f3n de 120 nuevos puestos de trabajo y la mejora de las conexiones para los pasajeros de negocios. La nueva base de operaciones de easyJet contar\u00e1 con tres aviones Airbus<\/p>\n","protected":false},"author":1,"featured_media":40361,"comment_status":"open","ping_status":"closed","sticky":false,"template":"","format":"standard","meta":{"footnotes":""},"categories":[224],"tags":[],"class_list":{"0":"post-40360","1":"post","2":"type-post","3":"status-publish","4":"format-standard","5":"has-post-thumbnail","7":"category-noticias-actualidad"},"aioseo_notices":[],"aioseo_head":"\n\t\t<!-- All in One SEO Pro 4.9.6.1 - aioseo.com -->\n\t<meta name=\"description\" content=\"La aerol\u00ednea de bajo coste easyJet abrir\u00e1 en febrero de 2016 una base de operaciones en el aeropuerto de Barcelona-El Prat, lo que supondr\u00e1 la creaci\u00f3n de 120 nuevos puestos de trabajo y la mejora de las conexiones para los pasajeros de negocios. La nueva base de operaciones de easyJet contar\u00e1 con tres aviones Airbus\" \/>\n\t<meta name=\"robots\" content=\"max-image-preview:large\" \/>\n\t<meta name=\"author\" content=\"admin\"\/>\n\t<meta name=\"google-site-verification\" content=\"UA-38556648-1\" \/>\n\t<meta name=\"keywords\" content=\"noticias y actualidad\" \/>\n\t<link rel=\"canonical\" href=\"https:\/\/eldigitaldeasturias.com\/magazine365\/easyjet-abrira-una-base-de-operaciones-en-el-prat-en-2016\/\" \/>\n\t<meta name=\"generator\" content=\"All in One SEO Pro (AIOSEO) 4.9.6.1\" \/>\n\t\t<meta property=\"og:locale\" content=\"es_ES\" \/>\n\t\t<meta property=\"og:site_name\" content=\"El Digital de Asturias \u2013 Revista de ocio, turismo y estilo de vida\" \/>\n\t\t<meta property=\"og:type\" content=\"article\" \/>\n\t\t<meta property=\"og:title\" content=\"easyJet abrir\u00e1 una base de operaciones en El Prat en 2016 | El Digital de Asturias\" \/>\n\t\t<meta property=\"og:description\" content=\"La aerol\u00ednea de bajo coste easyJet abrir\u00e1 en febrero de 2016 una base de operaciones en el aeropuerto de Barcelona-El Prat, lo que supondr\u00e1 la creaci\u00f3n de 120 nuevos puestos de trabajo y la mejora de las conexiones para los pasajeros de negocios. La nueva base de operaciones de easyJet contar\u00e1 con tres aviones Airbus\" \/>\n\t\t<meta property=\"og:url\" content=\"https:\/\/eldigitaldeasturias.com\/magazine365\/easyjet-abrira-una-base-de-operaciones-en-el-prat-en-2016\/\" \/>\n\t\t<meta property=\"og:image\" content=\"https:\/\/eldigitaldeasturias.com\/magazine365\/wp-content\/uploads\/2015\/06\/fotonoticia_20150618175640_800.jpg\" \/>\n\t\t<meta property=\"og:image:secure_url\" content=\"https:\/\/eldigitaldeasturias.com\/magazine365\/wp-content\/uploads\/2015\/06\/fotonoticia_20150618175640_800.jpg\" \/>\n\t\t<meta property=\"og:image:width\" content=\"800\" \/>\n\t\t<meta property=\"og:image:height\" content=\"473\" \/>\n\t\t<meta property=\"article:published_time\" content=\"2015-06-19T04:59:43+00:00\" \/>\n\t\t<meta property=\"article:modified_time\" content=\"2015-06-19T04:59:43+00:00\" \/>\n\t\t<meta name=\"twitter:card\" content=\"summary_large_image\" \/>\n\t\t<meta name=\"twitter:title\" content=\"easyJet abrir\u00e1 una base de operaciones en El Prat en 2016 | El Digital de Asturias\" \/>\n\t\t<meta name=\"twitter:description\" content=\"La aerol\u00ednea de bajo coste easyJet abrir\u00e1 en febrero de 2016 una base de operaciones en el aeropuerto de Barcelona-El Prat, lo que supondr\u00e1 la creaci\u00f3n de 120 nuevos puestos de trabajo y la mejora de las conexiones para los pasajeros de negocios. La nueva base de operaciones de easyJet contar\u00e1 con tres aviones Airbus\" \/>\n\t\t<meta name=\"twitter:image\" content=\"https:\/\/eldigitaldeasturias.com\/magazine365\/wp-content\/uploads\/2015\/06\/fotonoticia_20150618175640_800.jpg\" \/>\n\t\t<script type=\"application\/ld+json\" class=\"aioseo-schema\">\n\t\t\t{\"@context\":\"https:\\\/\\\/schema.org\",\"@graph\":[{\"@type\":\"Article\",\"@id\":\"https:\\\/\\\/eldigitaldeasturias.com\\\/magazine365\\\/easyjet-abrira-una-base-de-operaciones-en-el-prat-en-2016\\\/#article\",\"name\":\"easyJet abrir\\u00e1 una base de operaciones en El Prat en 2016 | El Digital de Asturias\",\"headline\":\"easyJet abrir\\u00e1 una base de operaciones en El Prat en 2016\",\"author\":{\"@id\":\"https:\\\/\\\/eldigitaldeasturias.com\\\/magazine365\\\/author\\\/admin\\\/#author\"},\"publisher\":{\"@id\":\"https:\\\/\\\/eldigitaldeasturias.com\\\/magazine365\\\/#organization\"},\"image\":{\"@type\":\"ImageObject\",\"url\":\"https:\\\/\\\/eldigitaldeasturias.com\\\/magazine365\\\/wp-content\\\/uploads\\\/2015\\\/06\\\/fotonoticia_20150618175640_800.jpg\",\"width\":800,\"height\":473},\"datePublished\":\"2015-06-19T06:29:43+02:00\",\"dateModified\":\"2015-06-19T06:29:43+02:00\",\"inLanguage\":\"es-ES\",\"mainEntityOfPage\":{\"@id\":\"https:\\\/\\\/eldigitaldeasturias.com\\\/magazine365\\\/easyjet-abrira-una-base-de-operaciones-en-el-prat-en-2016\\\/#webpage\"},\"isPartOf\":{\"@id\":\"https:\\\/\\\/eldigitaldeasturias.com\\\/magazine365\\\/easyjet-abrira-una-base-de-operaciones-en-el-prat-en-2016\\\/#webpage\"},\"articleSection\":\"Noticias y Actualidad\"},{\"@type\":\"BreadcrumbList\",\"@id\":\"https:\\\/\\\/eldigitaldeasturias.com\\\/magazine365\\\/easyjet-abrira-una-base-de-operaciones-en-el-prat-en-2016\\\/#breadcrumblist\",\"itemListElement\":[{\"@type\":\"ListItem\",\"@id\":\"https:\\\/\\\/eldigitaldeasturias.com\\\/magazine365#listItem\",\"position\":1,\"name\":\"Home\",\"item\":\"https:\\\/\\\/eldigitaldeasturias.com\\\/magazine365\",\"nextItem\":{\"@type\":\"ListItem\",\"@id\":\"https:\\\/\\\/eldigitaldeasturias.com\\\/magazine365\\\/category\\\/noticias-actualidad\\\/#listItem\",\"name\":\"Noticias y Actualidad\"}},{\"@type\":\"ListItem\",\"@id\":\"https:\\\/\\\/eldigitaldeasturias.com\\\/magazine365\\\/category\\\/noticias-actualidad\\\/#listItem\",\"position\":2,\"name\":\"Noticias y Actualidad\",\"item\":\"https:\\\/\\\/eldigitaldeasturias.com\\\/magazine365\\\/category\\\/noticias-actualidad\\\/\",\"nextItem\":{\"@type\":\"ListItem\",\"@id\":\"https:\\\/\\\/eldigitaldeasturias.com\\\/magazine365\\\/easyjet-abrira-una-base-de-operaciones-en-el-prat-en-2016\\\/#listItem\",\"name\":\"easyJet abrir\\u00e1 una base de operaciones en El Prat en 2016\"},\"previousItem\":{\"@type\":\"ListItem\",\"@id\":\"https:\\\/\\\/eldigitaldeasturias.com\\\/magazine365#listItem\",\"name\":\"Home\"}},{\"@type\":\"ListItem\",\"@id\":\"https:\\\/\\\/eldigitaldeasturias.com\\\/magazine365\\\/easyjet-abrira-una-base-de-operaciones-en-el-prat-en-2016\\\/#listItem\",\"position\":3,\"name\":\"easyJet abrir\\u00e1 una base de operaciones en El Prat en 2016\",\"previousItem\":{\"@type\":\"ListItem\",\"@id\":\"https:\\\/\\\/eldigitaldeasturias.com\\\/magazine365\\\/category\\\/noticias-actualidad\\\/#listItem\",\"name\":\"Noticias y Actualidad\"}}]},{\"@type\":\"Organization\",\"@id\":\"https:\\\/\\\/eldigitaldeasturias.com\\\/magazine365\\\/#organization\",\"name\":\"El digital de Asturias\",\"description\":\"Revista de ocio, turismo y estilo de vida\",\"url\":\"https:\\\/\\\/eldigitaldeasturias.com\\\/magazine365\\\/\",\"logo\":{\"@type\":\"ImageObject\",\"url\":\"https:\\\/\\\/www.eldigitaldeasturias.com\\\/noticias\\\/wp-content\\\/uploads\\\/2020\\\/12\\\/EDA.jpg\",\"@id\":\"https:\\\/\\\/eldigitaldeasturias.com\\\/magazine365\\\/easyjet-abrira-una-base-de-operaciones-en-el-prat-en-2016\\\/#organizationLogo\"},\"image\":{\"@id\":\"https:\\\/\\\/eldigitaldeasturias.com\\\/magazine365\\\/easyjet-abrira-una-base-de-operaciones-en-el-prat-en-2016\\\/#organizationLogo\"}},{\"@type\":\"Person\",\"@id\":\"https:\\\/\\\/eldigitaldeasturias.com\\\/magazine365\\\/author\\\/admin\\\/#author\",\"url\":\"https:\\\/\\\/eldigitaldeasturias.com\\\/magazine365\\\/author\\\/admin\\\/\",\"name\":\"admin\",\"image\":{\"@type\":\"ImageObject\",\"@id\":\"https:\\\/\\\/eldigitaldeasturias.com\\\/magazine365\\\/easyjet-abrira-una-base-de-operaciones-en-el-prat-en-2016\\\/#authorImage\",\"url\":\"https:\\\/\\\/eldigitaldeasturias.com\\\/magazine365\\\/wp-content\\\/litespeed\\\/avatar\\\/e571bcf59a0edd6fa6838245a470f2fe.jpg?ver=1777574230\",\"width\":96,\"height\":96,\"caption\":\"admin\"}},{\"@type\":\"WebPage\",\"@id\":\"https:\\\/\\\/eldigitaldeasturias.com\\\/magazine365\\\/easyjet-abrira-una-base-de-operaciones-en-el-prat-en-2016\\\/#webpage\",\"url\":\"https:\\\/\\\/eldigitaldeasturias.com\\\/magazine365\\\/easyjet-abrira-una-base-de-operaciones-en-el-prat-en-2016\\\/\",\"name\":\"easyJet abrir\\u00e1 una base de operaciones en El Prat en 2016 | El Digital de Asturias\",\"description\":\"La aerol\\u00ednea de bajo coste easyJet abrir\\u00e1 en febrero de 2016 una base de operaciones en el aeropuerto de Barcelona-El Prat, lo que supondr\\u00e1 la creaci\\u00f3n de 120 nuevos puestos de trabajo y la mejora de las conexiones para los pasajeros de negocios. La nueva base de operaciones de easyJet contar\\u00e1 con tres aviones Airbus\",\"inLanguage\":\"es-ES\",\"isPartOf\":{\"@id\":\"https:\\\/\\\/eldigitaldeasturias.com\\\/magazine365\\\/#website\"},\"breadcrumb\":{\"@id\":\"https:\\\/\\\/eldigitaldeasturias.com\\\/magazine365\\\/easyjet-abrira-una-base-de-operaciones-en-el-prat-en-2016\\\/#breadcrumblist\"},\"author\":{\"@id\":\"https:\\\/\\\/eldigitaldeasturias.com\\\/magazine365\\\/author\\\/admin\\\/#author\"},\"creator\":{\"@id\":\"https:\\\/\\\/eldigitaldeasturias.com\\\/magazine365\\\/author\\\/admin\\\/#author\"},\"image\":{\"@type\":\"ImageObject\",\"url\":\"https:\\\/\\\/eldigitaldeasturias.com\\\/magazine365\\\/wp-content\\\/uploads\\\/2015\\\/06\\\/fotonoticia_20150618175640_800.jpg\",\"@id\":\"https:\\\/\\\/eldigitaldeasturias.com\\\/magazine365\\\/easyjet-abrira-una-base-de-operaciones-en-el-prat-en-2016\\\/#mainImage\",\"width\":800,\"height\":473},\"primaryImageOfPage\":{\"@id\":\"https:\\\/\\\/eldigitaldeasturias.com\\\/magazine365\\\/easyjet-abrira-una-base-de-operaciones-en-el-prat-en-2016\\\/#mainImage\"},\"datePublished\":\"2015-06-19T06:29:43+02:00\",\"dateModified\":\"2015-06-19T06:29:43+02:00\"},{\"@type\":\"WebSite\",\"@id\":\"https:\\\/\\\/eldigitaldeasturias.com\\\/magazine365\\\/#website\",\"url\":\"https:\\\/\\\/eldigitaldeasturias.com\\\/magazine365\\\/\",\"name\":\"El Digital de Asturias\",\"description\":\"Revista de ocio, turismo y estilo de vida\",\"inLanguage\":\"es-ES\",\"publisher\":{\"@id\":\"https:\\\/\\\/eldigitaldeasturias.com\\\/magazine365\\\/#organization\"}}]}\n\t\t<\/script>\n\t\t<!-- All in One SEO Pro -->\r\n\t\t<title>easyJet abrir\u00e1 una base de operaciones en El Prat en 2016 | El Digital de Asturias<\/title>\n\n","aioseo_head_json":{"title":"easyJet abrir\u00e1 una base de operaciones en El Prat en 2016 | El Digital de Asturias","description":"La aerol\u00ednea de bajo coste easyJet abrir\u00e1 en febrero de 2016 una base de operaciones en el aeropuerto de Barcelona-El Prat, lo que supondr\u00e1 la creaci\u00f3n de 120 nuevos puestos de trabajo y la mejora de las conexiones para los pasajeros de negocios. La nueva base de operaciones de easyJet contar\u00e1 con tres aviones Airbus","canonical_url":"https:\/\/eldigitaldeasturias.com\/magazine365\/easyjet-abrira-una-base-de-operaciones-en-el-prat-en-2016\/","robots":"max-image-preview:large","keywords":"noticias y actualidad","webmasterTools":{"google-site-verification":"UA-38556648-1","miscellaneous":""},"schema":{"@context":"https:\/\/schema.org","@graph":[{"@type":"Article","@id":"https:\/\/eldigitaldeasturias.com\/magazine365\/easyjet-abrira-una-base-de-operaciones-en-el-prat-en-2016\/#article","name":"easyJet abrir\u00e1 una base de operaciones en El Prat en 2016 | El Digital de Asturias","headline":"easyJet abrir\u00e1 una base de operaciones en El Prat en 2016","author":{"@id":"https:\/\/eldigitaldeasturias.com\/magazine365\/author\/admin\/#author"},"publisher":{"@id":"https:\/\/eldigitaldeasturias.com\/magazine365\/#organization"},"image":{"@type":"ImageObject","url":"https:\/\/eldigitaldeasturias.com\/magazine365\/wp-content\/uploads\/2015\/06\/fotonoticia_20150618175640_800.jpg","width":800,"height":473},"datePublished":"2015-06-19T06:29:43+02:00","dateModified":"2015-06-19T06:29:43+02:00","inLanguage":"es-ES","mainEntityOfPage":{"@id":"https:\/\/eldigitaldeasturias.com\/magazine365\/easyjet-abrira-una-base-de-operaciones-en-el-prat-en-2016\/#webpage"},"isPartOf":{"@id":"https:\/\/eldigitaldeasturias.com\/magazine365\/easyjet-abrira-una-base-de-operaciones-en-el-prat-en-2016\/#webpage"},"articleSection":"Noticias y Actualidad"},{"@type":"BreadcrumbList","@id":"https:\/\/eldigitaldeasturias.com\/magazine365\/easyjet-abrira-una-base-de-operaciones-en-el-prat-en-2016\/#breadcrumblist","itemListElement":[{"@type":"ListItem","@id":"https:\/\/eldigitaldeasturias.com\/magazine365#listItem","position":1,"name":"Home","item":"https:\/\/eldigitaldeasturias.com\/magazine365","nextItem":{"@type":"ListItem","@id":"https:\/\/eldigitaldeasturias.com\/magazine365\/category\/noticias-actualidad\/#listItem","name":"Noticias y Actualidad"}},{"@type":"ListItem","@id":"https:\/\/eldigitaldeasturias.com\/magazine365\/category\/noticias-actualidad\/#listItem","position":2,"name":"Noticias y Actualidad","item":"https:\/\/eldigitaldeasturias.com\/magazine365\/category\/noticias-actualidad\/","nextItem":{"@type":"ListItem","@id":"https:\/\/eldigitaldeasturias.com\/magazine365\/easyjet-abrira-una-base-de-operaciones-en-el-prat-en-2016\/#listItem","name":"easyJet abrir\u00e1 una base de operaciones en El Prat en 2016"},"previousItem":{"@type":"ListItem","@id":"https:\/\/eldigitaldeasturias.com\/magazine365#listItem","name":"Home"}},{"@type":"ListItem","@id":"https:\/\/eldigitaldeasturias.com\/magazine365\/easyjet-abrira-una-base-de-operaciones-en-el-prat-en-2016\/#listItem","position":3,"name":"easyJet abrir\u00e1 una base de operaciones en El Prat en 2016","previousItem":{"@type":"ListItem","@id":"https:\/\/eldigitaldeasturias.com\/magazine365\/category\/noticias-actualidad\/#listItem","name":"Noticias y Actualidad"}}]},{"@type":"Organization","@id":"https:\/\/eldigitaldeasturias.com\/magazine365\/#organization","name":"El digital de Asturias","description":"Revista de ocio, turismo y estilo de vida","url":"https:\/\/eldigitaldeasturias.com\/magazine365\/","logo":{"@type":"ImageObject","url":"https:\/\/www.eldigitaldeasturias.com\/noticias\/wp-content\/uploads\/2020\/12\/EDA.jpg","@id":"https:\/\/eldigitaldeasturias.com\/magazine365\/easyjet-abrira-una-base-de-operaciones-en-el-prat-en-2016\/#organizationLogo"},"image":{"@id":"https:\/\/eldigitaldeasturias.com\/magazine365\/easyjet-abrira-una-base-de-operaciones-en-el-prat-en-2016\/#organizationLogo"}},{"@type":"Person","@id":"https:\/\/eldigitaldeasturias.com\/magazine365\/author\/admin\/#author","url":"https:\/\/eldigitaldeasturias.com\/magazine365\/author\/admin\/","name":"admin","image":{"@type":"ImageObject","@id":"https:\/\/eldigitaldeasturias.com\/magazine365\/easyjet-abrira-una-base-de-operaciones-en-el-prat-en-2016\/#authorImage","url":"https:\/\/eldigitaldeasturias.com\/magazine365\/wp-content\/litespeed\/avatar\/e571bcf59a0edd6fa6838245a470f2fe.jpg?ver=1777574230","width":96,"height":96,"caption":"admin"}},{"@type":"WebPage","@id":"https:\/\/eldigitaldeasturias.com\/magazine365\/easyjet-abrira-una-base-de-operaciones-en-el-prat-en-2016\/#webpage","url":"https:\/\/eldigitaldeasturias.com\/magazine365\/easyjet-abrira-una-base-de-operaciones-en-el-prat-en-2016\/","name":"easyJet abrir\u00e1 una base de operaciones en El Prat en 2016 | El Digital de Asturias","description":"La aerol\u00ednea de bajo coste easyJet abrir\u00e1 en febrero de 2016 una base de operaciones en el aeropuerto de Barcelona-El Prat, lo que supondr\u00e1 la creaci\u00f3n de 120 nuevos puestos de trabajo y la mejora de las conexiones para los pasajeros de negocios. La nueva base de operaciones de easyJet contar\u00e1 con tres aviones Airbus","inLanguage":"es-ES","isPartOf":{"@id":"https:\/\/eldigitaldeasturias.com\/magazine365\/#website"},"breadcrumb":{"@id":"https:\/\/eldigitaldeasturias.com\/magazine365\/easyjet-abrira-una-base-de-operaciones-en-el-prat-en-2016\/#breadcrumblist"},"author":{"@id":"https:\/\/eldigitaldeasturias.com\/magazine365\/author\/admin\/#author"},"creator":{"@id":"https:\/\/eldigitaldeasturias.com\/magazine365\/author\/admin\/#author"},"image":{"@type":"ImageObject","url":"https:\/\/eldigitaldeasturias.com\/magazine365\/wp-content\/uploads\/2015\/06\/fotonoticia_20150618175640_800.jpg","@id":"https:\/\/eldigitaldeasturias.com\/magazine365\/easyjet-abrira-una-base-de-operaciones-en-el-prat-en-2016\/#mainImage","width":800,"height":473},"primaryImageOfPage":{"@id":"https:\/\/eldigitaldeasturias.com\/magazine365\/easyjet-abrira-una-base-de-operaciones-en-el-prat-en-2016\/#mainImage"},"datePublished":"2015-06-19T06:29:43+02:00","dateModified":"2015-06-19T06:29:43+02:00"},{"@type":"WebSite","@id":"https:\/\/eldigitaldeasturias.com\/magazine365\/#website","url":"https:\/\/eldigitaldeasturias.com\/magazine365\/","name":"El Digital de Asturias","description":"Revista de ocio, turismo y estilo de vida","inLanguage":"es-ES","publisher":{"@id":"https:\/\/eldigitaldeasturias.com\/magazine365\/#organization"}}]},"og:locale":"es_ES","og:site_name":"El Digital de Asturias \u2013 Revista de ocio, turismo y estilo de vida","og:type":"article","og:title":"easyJet abrir\u00e1 una base de operaciones en El Prat en 2016 | El Digital de Asturias","og:description":"La aerol\u00ednea de bajo coste easyJet abrir\u00e1 en febrero de 2016 una base de operaciones en el aeropuerto de Barcelona-El Prat, lo que supondr\u00e1 la creaci\u00f3n de 120 nuevos puestos de trabajo y la mejora de las conexiones para los pasajeros de negocios. La nueva base de operaciones de easyJet contar\u00e1 con tres aviones Airbus","og:url":"https:\/\/eldigitaldeasturias.com\/magazine365\/easyjet-abrira-una-base-de-operaciones-en-el-prat-en-2016\/","og:image":"https:\/\/eldigitaldeasturias.com\/magazine365\/wp-content\/uploads\/2015\/06\/fotonoticia_20150618175640_800.jpg","og:image:secure_url":"https:\/\/eldigitaldeasturias.com\/magazine365\/wp-content\/uploads\/2015\/06\/fotonoticia_20150618175640_800.jpg","og:image:width":800,"og:image:height":473,"article:published_time":"2015-06-19T04:59:43+00:00","article:modified_time":"2015-06-19T04:59:43+00:00","twitter:card":"summary_large_image","twitter:title":"easyJet abrir\u00e1 una base de operaciones en El Prat en 2016 | El Digital de Asturias","twitter:description":"La aerol\u00ednea de bajo coste easyJet abrir\u00e1 en febrero de 2016 una base de operaciones en el aeropuerto de Barcelona-El Prat, lo que supondr\u00e1 la creaci\u00f3n de 120 nuevos puestos de trabajo y la mejora de las conexiones para los pasajeros de negocios. La nueva base de operaciones de easyJet contar\u00e1 con tres aviones Airbus","twitter:image":"https:\/\/eldigitaldeasturias.com\/magazine365\/wp-content\/uploads\/2015\/06\/fotonoticia_20150618175640_800.jpg"},"aioseo_meta_data":{"post_id":"40360","title":null,"description":null,"keywords":null,"keyphrases":null,"primary_term":null,"canonical_url":null,"og_title":null,"og_description":null,"og_object_type":"default","og_image_type":"default","og_image_url":null,"og_image_width":null,"og_image_height":null,"og_image_custom_url":null,"og_image_custom_fields":null,"og_video":null,"og_custom_url":null,"og_article_section":null,"og_article_tags":null,"twitter_use_og":false,"twitter_card":"default","twitter_image_type":"default","twitter_image_url":null,"twitter_image_custom_url":null,"twitter_image_custom_fields":null,"twitter_title":null,"twitter_description":null,"schema":{"blockGraphs":[],"customGraphs":[],"default":{"data":{"Article":[],"Course":[],"Dataset":[],"FAQPage":[],"Movie":[],"Person":[],"Product":[],"ProductReview":[],"Car":[],"Recipe":[],"Service":[],"SoftwareApplication":[],"WebPage":[]},"graphName":"","isEnabled":true},"graphs":[],"defaultGraph":"","defaultPostTypeGraph":""},"schema_type":null,"schema_type_options":null,"pillar_content":false,"robots_default":true,"robots_noindex":false,"robots_noarchive":false,"robots_nosnippet":false,"robots_nofollow":false,"robots_noimageindex":false,"robots_noodp":false,"robots_notranslate":false,"robots_max_snippet":null,"robots_max_videopreview":null,"robots_max_imagepreview":"large","priority":null,"frequency":null,"location":null,"local_seo":null,"seo_analyzer_scan_date":"2025-09-19 13:23:55","breadcrumb_settings":null,"limit_modified_date":false,"open_ai":null,"ai":null,"created":"2021-03-09 02:30:21","updated":"2025-09-19 13:23:55"},"aioseo_breadcrumb":"<div class=\"aioseo-breadcrumbs\"><span class=\"aioseo-breadcrumb\">\n\t<a href=\"https:\/\/eldigitaldeasturias.com\/magazine365\" title=\"Home\">Home<\/a>\n<\/span><span class=\"aioseo-breadcrumb-separator\">\u2013<\/span><span class=\"aioseo-breadcrumb\">\n\t<a href=\"https:\/\/eldigitaldeasturias.com\/magazine365\/category\/noticias-actualidad\/\" title=\"Noticias y Actualidad\">Noticias y Actualidad<\/a>\n<\/span><span class=\"aioseo-breadcrumb-separator\">\u2013<\/span><span class=\"aioseo-breadcrumb\">\n\t<a href=\"https:\/\/eldigitaldeasturias.com\/magazine365\/easyjet-abrira-una-base-de-operaciones-en-el-prat-en-2016\/\" title=\"easyJet abrir\u00e1 una base de operaciones en El Prat en 2016\">easyJet abrir\u00e1 una base de operaciones en El Prat en 2016<\/a>\n<\/span><\/div>","aioseo_breadcrumb_json":[{"label":"Home","link":"https:\/\/eldigitaldeasturias.com\/magazine365"},{"label":"Noticias y Actualidad","link":"https:\/\/eldigitaldeasturias.com\/magazine365\/category\/noticias-actualidad\/"},{"label":"easyJet abrir\u00e1 una base de operaciones en El Prat en 2016","link":"https:\/\/eldigitaldeasturias.com\/magazine365\/easyjet-abrira-una-base-de-operaciones-en-el-prat-en-2016\/"}],"_links":{"self":[{"href":"https:\/\/eldigitaldeasturias.com\/magazine365\/wp-json\/wp\/v2\/posts\/40360","targetHints":{"allow":["GET"]}}],"collection":[{"href":"https:\/\/eldigitaldeasturias.com\/magazine365\/wp-json\/wp\/v2\/posts"}],"about":[{"href":"https:\/\/eldigitaldeasturias.com\/magazine365\/wp-json\/wp\/v2\/types\/post"}],"author":[{"embeddable":true,"href":"https:\/\/eldigitaldeasturias.com\/magazine365\/wp-json\/wp\/v2\/users\/1"}],"replies":[{"embeddable":true,"href":"https:\/\/eldigitaldeasturias.com\/magazine365\/wp-json\/wp\/v2\/comments?post=40360"}],"version-history":[{"count":0,"href":"https:\/\/eldigitaldeasturias.com\/magazine365\/wp-json\/wp\/v2\/posts\/40360\/revisions"}],"wp:featuredmedia":[{"embeddable":true,"href":"https:\/\/eldigitaldeasturias.com\/magazine365\/wp-json\/wp\/v2\/media\/40361"}],"wp:attachment":[{"href":"https:\/\/eldigitaldeasturias.com\/magazine365\/wp-json\/wp\/v2\/media?parent=40360"}],"wp:term":[{"taxonomy":"category","embeddable":true,"href":"https:\/\/eldigitaldeasturias.com\/magazine365\/wp-json\/wp\/v2\/categories?post=40360"},{"taxonomy":"post_tag","embeddable":true,"href":"https:\/\/eldigitaldeasturias.com\/magazine365\/wp-json\/wp\/v2\/tags?post=40360"}],"curies":[{"name":"wp","href":"https:\/\/api.w.org\/{rel}","templated":true}]}}