{"id":40354,"date":"2015-06-19T06:25:05","date_gmt":"2015-06-19T04:55:05","guid":{"rendered":"http:\/\/eldigitaldeasturias.com\/magazine365\/?p=40354"},"modified":"2015-06-19T06:25:05","modified_gmt":"2015-06-19T04:55:05","slug":"tecnicos-de-turismo-debaten-en-merida-sobre-mejoras-y-nuevas-aplicaciones-en-el-sector","status":"publish","type":"post","link":"https:\/\/eldigitaldeasturias.com\/magazine365\/tecnicos-de-turismo-debaten-en-merida-sobre-mejoras-y-nuevas-aplicaciones-en-el-sector\/","title":{"rendered":"T\u00e9cnicos de turismo debaten en M\u00e9rida sobre mejoras y nuevas aplicaciones en el sector"},"content":{"rendered":"<p><img fetchpriority=\"high\" decoding=\"async\" class=\"alignleft size-medium wp-image-40355\" src=\"https:\/\/eldigitaldeasturias.com\/magazine365\/wp-content\/uploads\/2015\/06\/fotonoticia_20150618174621_800-360x203.jpg\" alt=\"fotonoticia_20150618174621_800\" width=\"360\" height=\"203\" srcset=\"https:\/\/eldigitaldeasturias.com\/magazine365\/wp-content\/uploads\/2015\/06\/fotonoticia_20150618174621_800-360x203.jpg 360w, https:\/\/eldigitaldeasturias.com\/magazine365\/wp-content\/uploads\/2015\/06\/fotonoticia_20150618174621_800-650x366.jpg 650w, https:\/\/eldigitaldeasturias.com\/magazine365\/wp-content\/uploads\/2015\/06\/fotonoticia_20150618174621_800-768x432.jpg 768w, https:\/\/eldigitaldeasturias.com\/magazine365\/wp-content\/uploads\/2015\/06\/fotonoticia_20150618174621_800-150x84.jpg 150w, https:\/\/eldigitaldeasturias.com\/magazine365\/wp-content\/uploads\/2015\/06\/fotonoticia_20150618174621_800-450x253.jpg 450w, https:\/\/eldigitaldeasturias.com\/magazine365\/wp-content\/uploads\/2015\/06\/fotonoticia_20150618174621_800-696x392.jpg 696w, https:\/\/eldigitaldeasturias.com\/magazine365\/wp-content\/uploads\/2015\/06\/fotonoticia_20150618174621_800-747x420.jpg 747w, https:\/\/eldigitaldeasturias.com\/magazine365\/wp-content\/uploads\/2015\/06\/fotonoticia_20150618174621_800-499x280.jpg 499w, https:\/\/eldigitaldeasturias.com\/magazine365\/wp-content\/uploads\/2015\/06\/fotonoticia_20150618174621_800.jpg 800w\" sizes=\"(max-width: 360px) 100vw, 360px\" \/>La Direcci\u00f3n General de Turismo del Gobierno extreme\u00f1o ha celebrado este jueves una jornada de trabajo con t\u00e9cnicos de las oficinas tur\u00edsticas de la regi\u00f3n en M\u00e9rida (Badajoz) donde se han tratado, entre otros temas, las mejoras en el registro de visitantes y nuevas aplicaciones para el sector.<\/p>\n<p>Un encuentro que este viernes, 19 de junio, tendr\u00e1 lugar tambi\u00e9n en C\u00e1ceres y donde los t\u00e9cnicos de la Administraci\u00f3n regional han presentado diversos temas que se trabajan en colaboraci\u00f3n con las oficinas, cuyos responsables han podido plantear sus propuestas y demandas.<\/p>\n<p>As\u00ed se ha abordado la recogida de encuestas para los informes del Observatorio Tur\u00edstico de Extremadura, en los que las oficinas colaboran a trav\u00e9s de la encuesta directa a los turistas que visitan la regi\u00f3n, seg\u00fan ha indicado el Gobierno de Extremadura en nota de prensa.<\/p>\n<p>En este sentido, se han dado a conocer las mejoras en la aplicaci\u00f3n de registro de visitantes que utilizan las oficinas, modificada a partir de las propuestas de los t\u00e9cnicos y para facilitar la gesti\u00f3n de la informaci\u00f3n recopilada.<\/p>\n<p>Tambi\u00e9n se han presentado las nuevas aplicaciones promovidas desde la Direcci\u00f3n General de Turismo sobre Piscinas Naturales, Norte de Extremadura, Agenda de Turismo Cultural de Extremadura y Birding in Extremadura.<\/p>\n<p>En el \u00e1mbito de la difusi\u00f3n de contenidos de la Plataforma de Turismo de Extremadura (www.turismoextremadura.com), se ha tratado la importancia de la colaboraci\u00f3n de las oficinas en la actualizaci\u00f3n de contenidos del portal, para promocionar el destino, incrementar el n\u00famero de visitantes e incentivar la participaci\u00f3n en las actividades de cada territorio.<\/p>\n<p>Asimismo, se ha insistido en que la Plataforma es un medio de comunicaci\u00f3n a disposici\u00f3n de las oficinas, para difundir sus contenidos tanto en el apartado de propuestas como a trav\u00e9s de las redes sociales.<\/p>\n<p>Finalmente, se han presentado las Estrategias Regionales de Turismo Cultural; Turismo de Naturaleza y Deportivo; y Turismo Gastron\u00f3mico.<\/p>\n","protected":false},"excerpt":{"rendered":"<p>La Direcci\u00f3n General de Turismo del Gobierno extreme\u00f1o ha celebrado este jueves una jornada de trabajo con t\u00e9cnicos de las oficinas tur\u00edsticas de la regi\u00f3n en M\u00e9rida (Badajoz) donde se han tratado, entre otros temas, las mejoras en el registro de visitantes y nuevas aplicaciones para el sector. Un encuentro que este viernes, 19 de<\/p>\n","protected":false},"author":1,"featured_media":40355,"comment_status":"open","ping_status":"closed","sticky":false,"template":"","format":"standard","meta":{"footnotes":""},"categories":[222],"tags":[],"class_list":{"0":"post-40354","1":"post","2":"type-post","3":"status-publish","4":"format-standard","5":"has-post-thumbnail","7":"category-actualidad-turismo"},"aioseo_notices":[],"aioseo_head":"\n\t\t<!-- All in One SEO Pro 4.9.6.1 - aioseo.com -->\n\t<meta name=\"description\" content=\"La Direcci\u00f3n General de Turismo del Gobierno extreme\u00f1o ha celebrado este jueves una jornada de trabajo con t\u00e9cnicos de las oficinas tur\u00edsticas de la regi\u00f3n en M\u00e9rida (Badajoz) donde se han tratado, entre otros temas, las mejoras en el registro de visitantes y nuevas aplicaciones para el sector. Un encuentro que este viernes, 19 de\" \/>\n\t<meta name=\"robots\" content=\"max-image-preview:large\" \/>\n\t<meta name=\"author\" content=\"admin\"\/>\n\t<meta name=\"google-site-verification\" content=\"UA-38556648-1\" \/>\n\t<meta name=\"keywords\" content=\"actualidad turismo\" \/>\n\t<link rel=\"canonical\" href=\"https:\/\/eldigitaldeasturias.com\/magazine365\/tecnicos-de-turismo-debaten-en-merida-sobre-mejoras-y-nuevas-aplicaciones-en-el-sector\/\" \/>\n\t<meta name=\"generator\" content=\"All in One SEO Pro (AIOSEO) 4.9.6.1\" \/>\n\t\t<meta property=\"og:locale\" content=\"es_ES\" \/>\n\t\t<meta property=\"og:site_name\" content=\"El Digital de Asturias \u2013 Revista de ocio, turismo y estilo de vida\" \/>\n\t\t<meta property=\"og:type\" content=\"article\" \/>\n\t\t<meta property=\"og:title\" content=\"T\u00e9cnicos de turismo debaten en M\u00e9rida sobre mejoras y nuevas aplicaciones en el sector | El Digital de Asturias\" \/>\n\t\t<meta property=\"og:description\" content=\"La Direcci\u00f3n General de Turismo del Gobierno extreme\u00f1o ha celebrado este jueves una jornada de trabajo con t\u00e9cnicos de las oficinas tur\u00edsticas de la regi\u00f3n en M\u00e9rida (Badajoz) donde se han tratado, entre otros temas, las mejoras en el registro de visitantes y nuevas aplicaciones para el sector. Un encuentro que este viernes, 19 de\" \/>\n\t\t<meta property=\"og:url\" content=\"https:\/\/eldigitaldeasturias.com\/magazine365\/tecnicos-de-turismo-debaten-en-merida-sobre-mejoras-y-nuevas-aplicaciones-en-el-sector\/\" \/>\n\t\t<meta property=\"og:image\" content=\"https:\/\/eldigitaldeasturias.com\/magazine365\/wp-content\/uploads\/2015\/06\/fotonoticia_20150618174621_800.jpg\" \/>\n\t\t<meta property=\"og:image:secure_url\" content=\"https:\/\/eldigitaldeasturias.com\/magazine365\/wp-content\/uploads\/2015\/06\/fotonoticia_20150618174621_800.jpg\" \/>\n\t\t<meta property=\"og:image:width\" content=\"800\" \/>\n\t\t<meta property=\"og:image:height\" content=\"450\" \/>\n\t\t<meta property=\"article:published_time\" content=\"2015-06-19T04:55:05+00:00\" \/>\n\t\t<meta property=\"article:modified_time\" content=\"2015-06-19T04:55:05+00:00\" \/>\n\t\t<meta name=\"twitter:card\" content=\"summary_large_image\" \/>\n\t\t<meta name=\"twitter:title\" content=\"T\u00e9cnicos de turismo debaten en M\u00e9rida sobre mejoras y nuevas aplicaciones en el sector | El Digital de Asturias\" \/>\n\t\t<meta name=\"twitter:description\" content=\"La Direcci\u00f3n General de Turismo del Gobierno extreme\u00f1o ha celebrado este jueves una jornada de trabajo con t\u00e9cnicos de las oficinas tur\u00edsticas de la regi\u00f3n en M\u00e9rida (Badajoz) donde se han tratado, entre otros temas, las mejoras en el registro de visitantes y nuevas aplicaciones para el sector. Un encuentro que este viernes, 19 de\" \/>\n\t\t<meta name=\"twitter:image\" content=\"https:\/\/eldigitaldeasturias.com\/magazine365\/wp-content\/uploads\/2015\/06\/fotonoticia_20150618174621_800.jpg\" \/>\n\t\t<script type=\"application\/ld+json\" class=\"aioseo-schema\">\n\t\t\t{\"@context\":\"https:\\\/\\\/schema.org\",\"@graph\":[{\"@type\":\"Article\",\"@id\":\"https:\\\/\\\/eldigitaldeasturias.com\\\/magazine365\\\/tecnicos-de-turismo-debaten-en-merida-sobre-mejoras-y-nuevas-aplicaciones-en-el-sector\\\/#article\",\"name\":\"T\\u00e9cnicos de turismo debaten en M\\u00e9rida sobre mejoras y nuevas aplicaciones en el sector | El Digital de Asturias\",\"headline\":\"T\\u00e9cnicos de turismo debaten en M\\u00e9rida sobre mejoras y nuevas aplicaciones en el sector\",\"author\":{\"@id\":\"https:\\\/\\\/eldigitaldeasturias.com\\\/magazine365\\\/author\\\/admin\\\/#author\"},\"publisher\":{\"@id\":\"https:\\\/\\\/eldigitaldeasturias.com\\\/magazine365\\\/#organization\"},\"image\":{\"@type\":\"ImageObject\",\"url\":\"https:\\\/\\\/eldigitaldeasturias.com\\\/magazine365\\\/wp-content\\\/uploads\\\/2015\\\/06\\\/fotonoticia_20150618174621_800.jpg\",\"width\":800,\"height\":450},\"datePublished\":\"2015-06-19T06:25:05+02:00\",\"dateModified\":\"2015-06-19T06:25:05+02:00\",\"inLanguage\":\"es-ES\",\"mainEntityOfPage\":{\"@id\":\"https:\\\/\\\/eldigitaldeasturias.com\\\/magazine365\\\/tecnicos-de-turismo-debaten-en-merida-sobre-mejoras-y-nuevas-aplicaciones-en-el-sector\\\/#webpage\"},\"isPartOf\":{\"@id\":\"https:\\\/\\\/eldigitaldeasturias.com\\\/magazine365\\\/tecnicos-de-turismo-debaten-en-merida-sobre-mejoras-y-nuevas-aplicaciones-en-el-sector\\\/#webpage\"},\"articleSection\":\"Actualidad Turismo\"},{\"@type\":\"BreadcrumbList\",\"@id\":\"https:\\\/\\\/eldigitaldeasturias.com\\\/magazine365\\\/tecnicos-de-turismo-debaten-en-merida-sobre-mejoras-y-nuevas-aplicaciones-en-el-sector\\\/#breadcrumblist\",\"itemListElement\":[{\"@type\":\"ListItem\",\"@id\":\"https:\\\/\\\/eldigitaldeasturias.com\\\/magazine365#listItem\",\"position\":1,\"name\":\"Home\",\"item\":\"https:\\\/\\\/eldigitaldeasturias.com\\\/magazine365\",\"nextItem\":{\"@type\":\"ListItem\",\"@id\":\"https:\\\/\\\/eldigitaldeasturias.com\\\/magazine365\\\/category\\\/actualidad-turismo\\\/#listItem\",\"name\":\"Actualidad Turismo\"}},{\"@type\":\"ListItem\",\"@id\":\"https:\\\/\\\/eldigitaldeasturias.com\\\/magazine365\\\/category\\\/actualidad-turismo\\\/#listItem\",\"position\":2,\"name\":\"Actualidad Turismo\",\"item\":\"https:\\\/\\\/eldigitaldeasturias.com\\\/magazine365\\\/category\\\/actualidad-turismo\\\/\",\"nextItem\":{\"@type\":\"ListItem\",\"@id\":\"https:\\\/\\\/eldigitaldeasturias.com\\\/magazine365\\\/tecnicos-de-turismo-debaten-en-merida-sobre-mejoras-y-nuevas-aplicaciones-en-el-sector\\\/#listItem\",\"name\":\"T\\u00e9cnicos de turismo debaten en M\\u00e9rida sobre mejoras y nuevas aplicaciones en el sector\"},\"previousItem\":{\"@type\":\"ListItem\",\"@id\":\"https:\\\/\\\/eldigitaldeasturias.com\\\/magazine365#listItem\",\"name\":\"Home\"}},{\"@type\":\"ListItem\",\"@id\":\"https:\\\/\\\/eldigitaldeasturias.com\\\/magazine365\\\/tecnicos-de-turismo-debaten-en-merida-sobre-mejoras-y-nuevas-aplicaciones-en-el-sector\\\/#listItem\",\"position\":3,\"name\":\"T\\u00e9cnicos de turismo debaten en M\\u00e9rida sobre mejoras y nuevas aplicaciones en el sector\",\"previousItem\":{\"@type\":\"ListItem\",\"@id\":\"https:\\\/\\\/eldigitaldeasturias.com\\\/magazine365\\\/category\\\/actualidad-turismo\\\/#listItem\",\"name\":\"Actualidad Turismo\"}}]},{\"@type\":\"Organization\",\"@id\":\"https:\\\/\\\/eldigitaldeasturias.com\\\/magazine365\\\/#organization\",\"name\":\"El digital de Asturias\",\"description\":\"Revista de ocio, turismo y estilo de vida\",\"url\":\"https:\\\/\\\/eldigitaldeasturias.com\\\/magazine365\\\/\",\"logo\":{\"@type\":\"ImageObject\",\"url\":\"https:\\\/\\\/www.eldigitaldeasturias.com\\\/noticias\\\/wp-content\\\/uploads\\\/2020\\\/12\\\/EDA.jpg\",\"@id\":\"https:\\\/\\\/eldigitaldeasturias.com\\\/magazine365\\\/tecnicos-de-turismo-debaten-en-merida-sobre-mejoras-y-nuevas-aplicaciones-en-el-sector\\\/#organizationLogo\"},\"image\":{\"@id\":\"https:\\\/\\\/eldigitaldeasturias.com\\\/magazine365\\\/tecnicos-de-turismo-debaten-en-merida-sobre-mejoras-y-nuevas-aplicaciones-en-el-sector\\\/#organizationLogo\"}},{\"@type\":\"Person\",\"@id\":\"https:\\\/\\\/eldigitaldeasturias.com\\\/magazine365\\\/author\\\/admin\\\/#author\",\"url\":\"https:\\\/\\\/eldigitaldeasturias.com\\\/magazine365\\\/author\\\/admin\\\/\",\"name\":\"admin\",\"image\":{\"@type\":\"ImageObject\",\"@id\":\"https:\\\/\\\/eldigitaldeasturias.com\\\/magazine365\\\/tecnicos-de-turismo-debaten-en-merida-sobre-mejoras-y-nuevas-aplicaciones-en-el-sector\\\/#authorImage\",\"url\":\"https:\\\/\\\/eldigitaldeasturias.com\\\/magazine365\\\/wp-content\\\/litespeed\\\/avatar\\\/e571bcf59a0edd6fa6838245a470f2fe.jpg?ver=1777574230\",\"width\":96,\"height\":96,\"caption\":\"admin\"}},{\"@type\":\"WebPage\",\"@id\":\"https:\\\/\\\/eldigitaldeasturias.com\\\/magazine365\\\/tecnicos-de-turismo-debaten-en-merida-sobre-mejoras-y-nuevas-aplicaciones-en-el-sector\\\/#webpage\",\"url\":\"https:\\\/\\\/eldigitaldeasturias.com\\\/magazine365\\\/tecnicos-de-turismo-debaten-en-merida-sobre-mejoras-y-nuevas-aplicaciones-en-el-sector\\\/\",\"name\":\"T\\u00e9cnicos de turismo debaten en M\\u00e9rida sobre mejoras y nuevas aplicaciones en el sector | El Digital de Asturias\",\"description\":\"La Direcci\\u00f3n General de Turismo del Gobierno extreme\\u00f1o ha celebrado este jueves una jornada de trabajo con t\\u00e9cnicos de las oficinas tur\\u00edsticas de la regi\\u00f3n en M\\u00e9rida (Badajoz) donde se han tratado, entre otros temas, las mejoras en el registro de visitantes y nuevas aplicaciones para el sector. Un encuentro que este viernes, 19 de\",\"inLanguage\":\"es-ES\",\"isPartOf\":{\"@id\":\"https:\\\/\\\/eldigitaldeasturias.com\\\/magazine365\\\/#website\"},\"breadcrumb\":{\"@id\":\"https:\\\/\\\/eldigitaldeasturias.com\\\/magazine365\\\/tecnicos-de-turismo-debaten-en-merida-sobre-mejoras-y-nuevas-aplicaciones-en-el-sector\\\/#breadcrumblist\"},\"author\":{\"@id\":\"https:\\\/\\\/eldigitaldeasturias.com\\\/magazine365\\\/author\\\/admin\\\/#author\"},\"creator\":{\"@id\":\"https:\\\/\\\/eldigitaldeasturias.com\\\/magazine365\\\/author\\\/admin\\\/#author\"},\"image\":{\"@type\":\"ImageObject\",\"url\":\"https:\\\/\\\/eldigitaldeasturias.com\\\/magazine365\\\/wp-content\\\/uploads\\\/2015\\\/06\\\/fotonoticia_20150618174621_800.jpg\",\"@id\":\"https:\\\/\\\/eldigitaldeasturias.com\\\/magazine365\\\/tecnicos-de-turismo-debaten-en-merida-sobre-mejoras-y-nuevas-aplicaciones-en-el-sector\\\/#mainImage\",\"width\":800,\"height\":450},\"primaryImageOfPage\":{\"@id\":\"https:\\\/\\\/eldigitaldeasturias.com\\\/magazine365\\\/tecnicos-de-turismo-debaten-en-merida-sobre-mejoras-y-nuevas-aplicaciones-en-el-sector\\\/#mainImage\"},\"datePublished\":\"2015-06-19T06:25:05+02:00\",\"dateModified\":\"2015-06-19T06:25:05+02:00\"},{\"@type\":\"WebSite\",\"@id\":\"https:\\\/\\\/eldigitaldeasturias.com\\\/magazine365\\\/#website\",\"url\":\"https:\\\/\\\/eldigitaldeasturias.com\\\/magazine365\\\/\",\"name\":\"El Digital de Asturias\",\"description\":\"Revista de ocio, turismo y estilo de vida\",\"inLanguage\":\"es-ES\",\"publisher\":{\"@id\":\"https:\\\/\\\/eldigitaldeasturias.com\\\/magazine365\\\/#organization\"}}]}\n\t\t<\/script>\n\t\t<!-- All in One SEO Pro -->\r\n\t\t<title>T\u00e9cnicos de turismo debaten en M\u00e9rida sobre mejoras y nuevas aplicaciones en el sector | El Digital de Asturias<\/title>\n\n","aioseo_head_json":{"title":"T\u00e9cnicos de turismo debaten en M\u00e9rida sobre mejoras y nuevas aplicaciones en el sector | El Digital de Asturias","description":"La Direcci\u00f3n General de Turismo del Gobierno extreme\u00f1o ha celebrado este jueves una jornada de trabajo con t\u00e9cnicos de las oficinas tur\u00edsticas de la regi\u00f3n en M\u00e9rida (Badajoz) donde se han tratado, entre otros temas, las mejoras en el registro de visitantes y nuevas aplicaciones para el sector. Un encuentro que este viernes, 19 de","canonical_url":"https:\/\/eldigitaldeasturias.com\/magazine365\/tecnicos-de-turismo-debaten-en-merida-sobre-mejoras-y-nuevas-aplicaciones-en-el-sector\/","robots":"max-image-preview:large","keywords":"actualidad turismo","webmasterTools":{"google-site-verification":"UA-38556648-1","miscellaneous":""},"schema":{"@context":"https:\/\/schema.org","@graph":[{"@type":"Article","@id":"https:\/\/eldigitaldeasturias.com\/magazine365\/tecnicos-de-turismo-debaten-en-merida-sobre-mejoras-y-nuevas-aplicaciones-en-el-sector\/#article","name":"T\u00e9cnicos de turismo debaten en M\u00e9rida sobre mejoras y nuevas aplicaciones en el sector | El Digital de Asturias","headline":"T\u00e9cnicos de turismo debaten en M\u00e9rida sobre mejoras y nuevas aplicaciones en el sector","author":{"@id":"https:\/\/eldigitaldeasturias.com\/magazine365\/author\/admin\/#author"},"publisher":{"@id":"https:\/\/eldigitaldeasturias.com\/magazine365\/#organization"},"image":{"@type":"ImageObject","url":"https:\/\/eldigitaldeasturias.com\/magazine365\/wp-content\/uploads\/2015\/06\/fotonoticia_20150618174621_800.jpg","width":800,"height":450},"datePublished":"2015-06-19T06:25:05+02:00","dateModified":"2015-06-19T06:25:05+02:00","inLanguage":"es-ES","mainEntityOfPage":{"@id":"https:\/\/eldigitaldeasturias.com\/magazine365\/tecnicos-de-turismo-debaten-en-merida-sobre-mejoras-y-nuevas-aplicaciones-en-el-sector\/#webpage"},"isPartOf":{"@id":"https:\/\/eldigitaldeasturias.com\/magazine365\/tecnicos-de-turismo-debaten-en-merida-sobre-mejoras-y-nuevas-aplicaciones-en-el-sector\/#webpage"},"articleSection":"Actualidad Turismo"},{"@type":"BreadcrumbList","@id":"https:\/\/eldigitaldeasturias.com\/magazine365\/tecnicos-de-turismo-debaten-en-merida-sobre-mejoras-y-nuevas-aplicaciones-en-el-sector\/#breadcrumblist","itemListElement":[{"@type":"ListItem","@id":"https:\/\/eldigitaldeasturias.com\/magazine365#listItem","position":1,"name":"Home","item":"https:\/\/eldigitaldeasturias.com\/magazine365","nextItem":{"@type":"ListItem","@id":"https:\/\/eldigitaldeasturias.com\/magazine365\/category\/actualidad-turismo\/#listItem","name":"Actualidad Turismo"}},{"@type":"ListItem","@id":"https:\/\/eldigitaldeasturias.com\/magazine365\/category\/actualidad-turismo\/#listItem","position":2,"name":"Actualidad Turismo","item":"https:\/\/eldigitaldeasturias.com\/magazine365\/category\/actualidad-turismo\/","nextItem":{"@type":"ListItem","@id":"https:\/\/eldigitaldeasturias.com\/magazine365\/tecnicos-de-turismo-debaten-en-merida-sobre-mejoras-y-nuevas-aplicaciones-en-el-sector\/#listItem","name":"T\u00e9cnicos de turismo debaten en M\u00e9rida sobre mejoras y nuevas aplicaciones en el sector"},"previousItem":{"@type":"ListItem","@id":"https:\/\/eldigitaldeasturias.com\/magazine365#listItem","name":"Home"}},{"@type":"ListItem","@id":"https:\/\/eldigitaldeasturias.com\/magazine365\/tecnicos-de-turismo-debaten-en-merida-sobre-mejoras-y-nuevas-aplicaciones-en-el-sector\/#listItem","position":3,"name":"T\u00e9cnicos de turismo debaten en M\u00e9rida sobre mejoras y nuevas aplicaciones en el sector","previousItem":{"@type":"ListItem","@id":"https:\/\/eldigitaldeasturias.com\/magazine365\/category\/actualidad-turismo\/#listItem","name":"Actualidad Turismo"}}]},{"@type":"Organization","@id":"https:\/\/eldigitaldeasturias.com\/magazine365\/#organization","name":"El digital de Asturias","description":"Revista de ocio, turismo y estilo de vida","url":"https:\/\/eldigitaldeasturias.com\/magazine365\/","logo":{"@type":"ImageObject","url":"https:\/\/www.eldigitaldeasturias.com\/noticias\/wp-content\/uploads\/2020\/12\/EDA.jpg","@id":"https:\/\/eldigitaldeasturias.com\/magazine365\/tecnicos-de-turismo-debaten-en-merida-sobre-mejoras-y-nuevas-aplicaciones-en-el-sector\/#organizationLogo"},"image":{"@id":"https:\/\/eldigitaldeasturias.com\/magazine365\/tecnicos-de-turismo-debaten-en-merida-sobre-mejoras-y-nuevas-aplicaciones-en-el-sector\/#organizationLogo"}},{"@type":"Person","@id":"https:\/\/eldigitaldeasturias.com\/magazine365\/author\/admin\/#author","url":"https:\/\/eldigitaldeasturias.com\/magazine365\/author\/admin\/","name":"admin","image":{"@type":"ImageObject","@id":"https:\/\/eldigitaldeasturias.com\/magazine365\/tecnicos-de-turismo-debaten-en-merida-sobre-mejoras-y-nuevas-aplicaciones-en-el-sector\/#authorImage","url":"https:\/\/eldigitaldeasturias.com\/magazine365\/wp-content\/litespeed\/avatar\/e571bcf59a0edd6fa6838245a470f2fe.jpg?ver=1777574230","width":96,"height":96,"caption":"admin"}},{"@type":"WebPage","@id":"https:\/\/eldigitaldeasturias.com\/magazine365\/tecnicos-de-turismo-debaten-en-merida-sobre-mejoras-y-nuevas-aplicaciones-en-el-sector\/#webpage","url":"https:\/\/eldigitaldeasturias.com\/magazine365\/tecnicos-de-turismo-debaten-en-merida-sobre-mejoras-y-nuevas-aplicaciones-en-el-sector\/","name":"T\u00e9cnicos de turismo debaten en M\u00e9rida sobre mejoras y nuevas aplicaciones en el sector | El Digital de Asturias","description":"La Direcci\u00f3n General de Turismo del Gobierno extreme\u00f1o ha celebrado este jueves una jornada de trabajo con t\u00e9cnicos de las oficinas tur\u00edsticas de la regi\u00f3n en M\u00e9rida (Badajoz) donde se han tratado, entre otros temas, las mejoras en el registro de visitantes y nuevas aplicaciones para el sector. Un encuentro que este viernes, 19 de","inLanguage":"es-ES","isPartOf":{"@id":"https:\/\/eldigitaldeasturias.com\/magazine365\/#website"},"breadcrumb":{"@id":"https:\/\/eldigitaldeasturias.com\/magazine365\/tecnicos-de-turismo-debaten-en-merida-sobre-mejoras-y-nuevas-aplicaciones-en-el-sector\/#breadcrumblist"},"author":{"@id":"https:\/\/eldigitaldeasturias.com\/magazine365\/author\/admin\/#author"},"creator":{"@id":"https:\/\/eldigitaldeasturias.com\/magazine365\/author\/admin\/#author"},"image":{"@type":"ImageObject","url":"https:\/\/eldigitaldeasturias.com\/magazine365\/wp-content\/uploads\/2015\/06\/fotonoticia_20150618174621_800.jpg","@id":"https:\/\/eldigitaldeasturias.com\/magazine365\/tecnicos-de-turismo-debaten-en-merida-sobre-mejoras-y-nuevas-aplicaciones-en-el-sector\/#mainImage","width":800,"height":450},"primaryImageOfPage":{"@id":"https:\/\/eldigitaldeasturias.com\/magazine365\/tecnicos-de-turismo-debaten-en-merida-sobre-mejoras-y-nuevas-aplicaciones-en-el-sector\/#mainImage"},"datePublished":"2015-06-19T06:25:05+02:00","dateModified":"2015-06-19T06:25:05+02:00"},{"@type":"WebSite","@id":"https:\/\/eldigitaldeasturias.com\/magazine365\/#website","url":"https:\/\/eldigitaldeasturias.com\/magazine365\/","name":"El Digital de Asturias","description":"Revista de ocio, turismo y estilo de vida","inLanguage":"es-ES","publisher":{"@id":"https:\/\/eldigitaldeasturias.com\/magazine365\/#organization"}}]},"og:locale":"es_ES","og:site_name":"El Digital de Asturias \u2013 Revista de ocio, turismo y estilo de vida","og:type":"article","og:title":"T\u00e9cnicos de turismo debaten en M\u00e9rida sobre mejoras y nuevas aplicaciones en el sector | El Digital de Asturias","og:description":"La Direcci\u00f3n General de Turismo del Gobierno extreme\u00f1o ha celebrado este jueves una jornada de trabajo con t\u00e9cnicos de las oficinas tur\u00edsticas de la regi\u00f3n en M\u00e9rida (Badajoz) donde se han tratado, entre otros temas, las mejoras en el registro de visitantes y nuevas aplicaciones para el sector. Un encuentro que este viernes, 19 de","og:url":"https:\/\/eldigitaldeasturias.com\/magazine365\/tecnicos-de-turismo-debaten-en-merida-sobre-mejoras-y-nuevas-aplicaciones-en-el-sector\/","og:image":"https:\/\/eldigitaldeasturias.com\/magazine365\/wp-content\/uploads\/2015\/06\/fotonoticia_20150618174621_800.jpg","og:image:secure_url":"https:\/\/eldigitaldeasturias.com\/magazine365\/wp-content\/uploads\/2015\/06\/fotonoticia_20150618174621_800.jpg","og:image:width":800,"og:image:height":450,"article:published_time":"2015-06-19T04:55:05+00:00","article:modified_time":"2015-06-19T04:55:05+00:00","twitter:card":"summary_large_image","twitter:title":"T\u00e9cnicos de turismo debaten en M\u00e9rida sobre mejoras y nuevas aplicaciones en el sector | El Digital de Asturias","twitter:description":"La Direcci\u00f3n General de Turismo del Gobierno extreme\u00f1o ha celebrado este jueves una jornada de trabajo con t\u00e9cnicos de las oficinas tur\u00edsticas de la regi\u00f3n en M\u00e9rida (Badajoz) donde se han tratado, entre otros temas, las mejoras en el registro de visitantes y nuevas aplicaciones para el sector. Un encuentro que este viernes, 19 de","twitter:image":"https:\/\/eldigitaldeasturias.com\/magazine365\/wp-content\/uploads\/2015\/06\/fotonoticia_20150618174621_800.jpg"},"aioseo_meta_data":{"post_id":"40354","title":null,"description":null,"keywords":null,"keyphrases":null,"primary_term":null,"canonical_url":null,"og_title":null,"og_description":null,"og_object_type":"default","og_image_type":"default","og_image_url":null,"og_image_width":null,"og_image_height":null,"og_image_custom_url":null,"og_image_custom_fields":null,"og_video":null,"og_custom_url":null,"og_article_section":null,"og_article_tags":null,"twitter_use_og":false,"twitter_card":"default","twitter_image_type":"default","twitter_image_url":null,"twitter_image_custom_url":null,"twitter_image_custom_fields":null,"twitter_title":null,"twitter_description":null,"schema":{"blockGraphs":[],"customGraphs":[],"default":{"data":{"Article":[],"Course":[],"Dataset":[],"FAQPage":[],"Movie":[],"Person":[],"Product":[],"ProductReview":[],"Car":[],"Recipe":[],"Service":[],"SoftwareApplication":[],"WebPage":[]},"graphName":"","isEnabled":true},"graphs":[],"defaultGraph":"","defaultPostTypeGraph":""},"schema_type":null,"schema_type_options":null,"pillar_content":false,"robots_default":true,"robots_noindex":false,"robots_noarchive":false,"robots_nosnippet":false,"robots_nofollow":false,"robots_noimageindex":false,"robots_noodp":false,"robots_notranslate":false,"robots_max_snippet":null,"robots_max_videopreview":null,"robots_max_imagepreview":"large","priority":null,"frequency":null,"location":null,"local_seo":null,"seo_analyzer_scan_date":"2025-09-19 13:23:53","breadcrumb_settings":null,"limit_modified_date":false,"open_ai":null,"ai":null,"created":"2021-03-09 02:30:21","updated":"2025-09-19 13:23:53"},"aioseo_breadcrumb":"<div class=\"aioseo-breadcrumbs\"><span class=\"aioseo-breadcrumb\">\n\t<a href=\"https:\/\/eldigitaldeasturias.com\/magazine365\" title=\"Home\">Home<\/a>\n<\/span><span class=\"aioseo-breadcrumb-separator\">\u2013<\/span><span class=\"aioseo-breadcrumb\">\n\t<a href=\"https:\/\/eldigitaldeasturias.com\/magazine365\/category\/actualidad-turismo\/\" title=\"Actualidad Turismo\">Actualidad Turismo<\/a>\n<\/span><span class=\"aioseo-breadcrumb-separator\">\u2013<\/span><span class=\"aioseo-breadcrumb\">\n\t<a href=\"https:\/\/eldigitaldeasturias.com\/magazine365\/tecnicos-de-turismo-debaten-en-merida-sobre-mejoras-y-nuevas-aplicaciones-en-el-sector\/\" title=\"T\u00e9cnicos de turismo debaten en M\u00e9rida sobre mejoras y nuevas aplicaciones en el sector\">T\u00e9cnicos de turismo debaten en M\u00e9rida sobre mejoras y nuevas aplicaciones en el sector<\/a>\n<\/span><\/div>","aioseo_breadcrumb_json":[{"label":"Home","link":"https:\/\/eldigitaldeasturias.com\/magazine365"},{"label":"Actualidad Turismo","link":"https:\/\/eldigitaldeasturias.com\/magazine365\/category\/actualidad-turismo\/"},{"label":"T\u00e9cnicos de turismo debaten en M\u00e9rida sobre mejoras y nuevas aplicaciones en el sector","link":"https:\/\/eldigitaldeasturias.com\/magazine365\/tecnicos-de-turismo-debaten-en-merida-sobre-mejoras-y-nuevas-aplicaciones-en-el-sector\/"}],"_links":{"self":[{"href":"https:\/\/eldigitaldeasturias.com\/magazine365\/wp-json\/wp\/v2\/posts\/40354","targetHints":{"allow":["GET"]}}],"collection":[{"href":"https:\/\/eldigitaldeasturias.com\/magazine365\/wp-json\/wp\/v2\/posts"}],"about":[{"href":"https:\/\/eldigitaldeasturias.com\/magazine365\/wp-json\/wp\/v2\/types\/post"}],"author":[{"embeddable":true,"href":"https:\/\/eldigitaldeasturias.com\/magazine365\/wp-json\/wp\/v2\/users\/1"}],"replies":[{"embeddable":true,"href":"https:\/\/eldigitaldeasturias.com\/magazine365\/wp-json\/wp\/v2\/comments?post=40354"}],"version-history":[{"count":0,"href":"https:\/\/eldigitaldeasturias.com\/magazine365\/wp-json\/wp\/v2\/posts\/40354\/revisions"}],"wp:featuredmedia":[{"embeddable":true,"href":"https:\/\/eldigitaldeasturias.com\/magazine365\/wp-json\/wp\/v2\/media\/40355"}],"wp:attachment":[{"href":"https:\/\/eldigitaldeasturias.com\/magazine365\/wp-json\/wp\/v2\/media?parent=40354"}],"wp:term":[{"taxonomy":"category","embeddable":true,"href":"https:\/\/eldigitaldeasturias.com\/magazine365\/wp-json\/wp\/v2\/categories?post=40354"},{"taxonomy":"post_tag","embeddable":true,"href":"https:\/\/eldigitaldeasturias.com\/magazine365\/wp-json\/wp\/v2\/tags?post=40354"}],"curies":[{"name":"wp","href":"https:\/\/api.w.org\/{rel}","templated":true}]}}