{"id":40348,"date":"2015-06-19T06:22:21","date_gmt":"2015-06-19T04:52:21","guid":{"rendered":"http:\/\/eldigitaldeasturias.com\/magazine365\/?p=40348"},"modified":"2015-06-19T06:22:21","modified_gmt":"2015-06-19T04:52:21","slug":"el-sector-de-lujo-mundial-crecio-un-28-en-tres-anos","status":"publish","type":"post","link":"https:\/\/eldigitaldeasturias.com\/magazine365\/el-sector-de-lujo-mundial-crecio-un-28-en-tres-anos\/","title":{"rendered":"El sector de lujo mundial creci\u00f3 un 28% en tres a\u00f1os"},"content":{"rendered":"<p><img fetchpriority=\"high\" decoding=\"async\" class=\"alignleft size-medium wp-image-40349\" src=\"https:\/\/eldigitaldeasturias.com\/magazine365\/wp-content\/uploads\/2015\/06\/fotonoticia_20150618170600_800-360x234.jpg\" alt=\"fotonoticia_20150618170600_800\" width=\"360\" height=\"234\" srcset=\"https:\/\/eldigitaldeasturias.com\/magazine365\/wp-content\/uploads\/2015\/06\/fotonoticia_20150618170600_800-360x234.jpg 360w, https:\/\/eldigitaldeasturias.com\/magazine365\/wp-content\/uploads\/2015\/06\/fotonoticia_20150618170600_800-650x422.jpg 650w, https:\/\/eldigitaldeasturias.com\/magazine365\/wp-content\/uploads\/2015\/06\/fotonoticia_20150618170600_800-768x498.jpg 768w, https:\/\/eldigitaldeasturias.com\/magazine365\/wp-content\/uploads\/2015\/06\/fotonoticia_20150618170600_800-150x97.jpg 150w, https:\/\/eldigitaldeasturias.com\/magazine365\/wp-content\/uploads\/2015\/06\/fotonoticia_20150618170600_800-450x292.jpg 450w, https:\/\/eldigitaldeasturias.com\/magazine365\/wp-content\/uploads\/2015\/06\/fotonoticia_20150618170600_800-696x452.jpg 696w, https:\/\/eldigitaldeasturias.com\/magazine365\/wp-content\/uploads\/2015\/06\/fotonoticia_20150618170600_800-647x420.jpg 647w, https:\/\/eldigitaldeasturias.com\/magazine365\/wp-content\/uploads\/2015\/06\/fotonoticia_20150618170600_800-225x145.jpg 225w, https:\/\/eldigitaldeasturias.com\/magazine365\/wp-content\/uploads\/2015\/06\/fotonoticia_20150618170600_800-84x55.jpg 84w, https:\/\/eldigitaldeasturias.com\/magazine365\/wp-content\/uploads\/2015\/06\/fotonoticia_20150618170600_800.jpg 800w\" sizes=\"(max-width: 360px) 100vw, 360px\" \/>La industria de lujo mundial aument\u00f3 su resultado un 28% en tres a\u00f1os (de 2010 a 2013), hasta alcanzar los 800.000 millones de euros, suponiendo en la actualidad el 17% de exportaciones de la Uni\u00f3n Europea, una tendencia que el Gobierno apoya con el Plan Tur\u00edstico de Compras para reindustrializar el turismo nacional, seg\u00fan defienden empresas del sector y el ministro de Industria, Energ\u00eda y Turismo, Jos\u00e9 Manuel Soria.<\/p>\n<p>En Espa\u00f1a en torno a 7.000 y 8.000 millones de euros a cierre de 2014 se generaron por ventas de moda personal (ropa, complementos y cosm\u00e9tica, entre otros productos) del segmento de lujo.<\/p>\n<p>A nivel mundial, de los 800.000 millones de euros de resultado del sector de lujo en 2013, el 70% lo acapar\u00f3 Europa, defendi\u00f3 el presidente ejecutivo del C\u00edrculo Fortuny, Carlos Falc\u00f3.<\/p>\n<p>Este tipo de visitantes suponen adem\u00e1s la desestacionalizaci\u00f3n del turismo por lo que se debe apostar por un visitante de mayor poder adquisitivo mediante la diferenciaci\u00f3n del servicio, seg\u00fan el director general de Banco Santander, Enrique Garc\u00eda Candelas.<\/p>\n<p>El alto ejecutivo puso de ejemplo el caso de los hoteles, \u00abque ya no son mayoristas de camas y bebidas, sino que pasan al mundo de las sensaciones\u00bb y asegur\u00f3 que se debe impulsar \u00abla colaboraci\u00f3n p\u00fablico privada\u00bb para atraer a un turismo de alto nivel adquisitivo.<\/p>\n<p>IMPORTANCIA DE LA HIPERCONECTIVIDAD.<\/p>\n<p>Por su parte, Soria recalc\u00f3 la necesidad de la hiperconectividad, que debe ser vista como \u00abuna herramienta y una oportunidad\u00bb de modo que el cliente est\u00e9 siempre interactuando con el destino \u00abantes, durante e incluso despu\u00e9s\u00bb.<\/p>\n<p>El ministro destac\u00f3 que los datos positivos del sector se deben \u00aba la buena coyuntura econ\u00f3mica, a la bajada del crudo y a la nueva pol\u00edtica del Banco Europeo\u00bb, pero tambi\u00e9n a \u00abuna pol\u00edtica econ\u00f3mica clara de reformas absolutamente necesarias e imprescindibles\u00bb, pasando de destruirse 2.200 empleos diarios a crearse 6.000 nuevos puestos al d\u00eda.<\/p>\n","protected":false},"excerpt":{"rendered":"<p>La industria de lujo mundial aument\u00f3 su resultado un 28% en tres a\u00f1os (de 2010 a 2013), hasta alcanzar los 800.000 millones de euros, suponiendo en la actualidad el 17% de exportaciones de la Uni\u00f3n Europea, una tendencia que el Gobierno apoya con el Plan Tur\u00edstico de Compras para reindustrializar el turismo nacional, seg\u00fan defienden<\/p>\n","protected":false},"author":1,"featured_media":40349,"comment_status":"open","ping_status":"closed","sticky":false,"template":"","format":"standard","meta":{"footnotes":""},"categories":[222],"tags":[],"class_list":{"0":"post-40348","1":"post","2":"type-post","3":"status-publish","4":"format-standard","5":"has-post-thumbnail","7":"category-actualidad-turismo"},"aioseo_notices":[],"aioseo_head":"\n\t\t<!-- All in One SEO Pro 4.9.6.1 - aioseo.com -->\n\t<meta name=\"description\" content=\"La industria de lujo mundial aument\u00f3 su resultado un 28% en tres a\u00f1os (de 2010 a 2013), hasta alcanzar los 800.000 millones de euros, suponiendo en la actualidad el 17% de exportaciones de la Uni\u00f3n Europea, una tendencia que el Gobierno apoya con el Plan Tur\u00edstico de Compras para reindustrializar el turismo nacional, seg\u00fan defienden\" \/>\n\t<meta name=\"robots\" content=\"max-image-preview:large\" \/>\n\t<meta name=\"author\" content=\"admin\"\/>\n\t<meta name=\"google-site-verification\" content=\"UA-38556648-1\" \/>\n\t<meta name=\"keywords\" content=\"actualidad turismo\" \/>\n\t<link rel=\"canonical\" href=\"https:\/\/eldigitaldeasturias.com\/magazine365\/el-sector-de-lujo-mundial-crecio-un-28-en-tres-anos\/\" \/>\n\t<meta name=\"generator\" content=\"All in One SEO Pro (AIOSEO) 4.9.6.1\" \/>\n\t\t<meta property=\"og:locale\" content=\"es_ES\" \/>\n\t\t<meta property=\"og:site_name\" content=\"El Digital de Asturias \u2013 Revista de ocio, turismo y estilo de vida\" \/>\n\t\t<meta property=\"og:type\" content=\"article\" \/>\n\t\t<meta property=\"og:title\" content=\"El sector de lujo mundial creci\u00f3 un 28% en tres a\u00f1os | El Digital de Asturias\" \/>\n\t\t<meta property=\"og:description\" content=\"La industria de lujo mundial aument\u00f3 su resultado un 28% en tres a\u00f1os (de 2010 a 2013), hasta alcanzar los 800.000 millones de euros, suponiendo en la actualidad el 17% de exportaciones de la Uni\u00f3n Europea, una tendencia que el Gobierno apoya con el Plan Tur\u00edstico de Compras para reindustrializar el turismo nacional, seg\u00fan defienden\" \/>\n\t\t<meta property=\"og:url\" content=\"https:\/\/eldigitaldeasturias.com\/magazine365\/el-sector-de-lujo-mundial-crecio-un-28-en-tres-anos\/\" \/>\n\t\t<meta property=\"og:image\" content=\"https:\/\/eldigitaldeasturias.com\/magazine365\/wp-content\/uploads\/2015\/06\/fotonoticia_20150618170600_800.jpg\" \/>\n\t\t<meta property=\"og:image:secure_url\" content=\"https:\/\/eldigitaldeasturias.com\/magazine365\/wp-content\/uploads\/2015\/06\/fotonoticia_20150618170600_800.jpg\" \/>\n\t\t<meta property=\"og:image:width\" content=\"800\" \/>\n\t\t<meta property=\"og:image:height\" content=\"519\" \/>\n\t\t<meta property=\"article:published_time\" content=\"2015-06-19T04:52:21+00:00\" \/>\n\t\t<meta property=\"article:modified_time\" content=\"2015-06-19T04:52:21+00:00\" \/>\n\t\t<meta name=\"twitter:card\" content=\"summary_large_image\" \/>\n\t\t<meta name=\"twitter:title\" content=\"El sector de lujo mundial creci\u00f3 un 28% en tres a\u00f1os | El Digital de Asturias\" \/>\n\t\t<meta name=\"twitter:description\" content=\"La industria de lujo mundial aument\u00f3 su resultado un 28% en tres a\u00f1os (de 2010 a 2013), hasta alcanzar los 800.000 millones de euros, suponiendo en la actualidad el 17% de exportaciones de la Uni\u00f3n Europea, una tendencia que el Gobierno apoya con el Plan Tur\u00edstico de Compras para reindustrializar el turismo nacional, seg\u00fan defienden\" \/>\n\t\t<meta name=\"twitter:image\" content=\"https:\/\/eldigitaldeasturias.com\/magazine365\/wp-content\/uploads\/2015\/06\/fotonoticia_20150618170600_800.jpg\" \/>\n\t\t<script type=\"application\/ld+json\" class=\"aioseo-schema\">\n\t\t\t{\"@context\":\"https:\\\/\\\/schema.org\",\"@graph\":[{\"@type\":\"Article\",\"@id\":\"https:\\\/\\\/eldigitaldeasturias.com\\\/magazine365\\\/el-sector-de-lujo-mundial-crecio-un-28-en-tres-anos\\\/#article\",\"name\":\"El sector de lujo mundial creci\\u00f3 un 28% en tres a\\u00f1os | El Digital de Asturias\",\"headline\":\"El sector de lujo mundial creci\\u00f3 un 28% en tres a\\u00f1os\",\"author\":{\"@id\":\"https:\\\/\\\/eldigitaldeasturias.com\\\/magazine365\\\/author\\\/admin\\\/#author\"},\"publisher\":{\"@id\":\"https:\\\/\\\/eldigitaldeasturias.com\\\/magazine365\\\/#organization\"},\"image\":{\"@type\":\"ImageObject\",\"url\":\"https:\\\/\\\/eldigitaldeasturias.com\\\/magazine365\\\/wp-content\\\/uploads\\\/2015\\\/06\\\/fotonoticia_20150618170600_800.jpg\",\"width\":800,\"height\":519},\"datePublished\":\"2015-06-19T06:22:21+02:00\",\"dateModified\":\"2015-06-19T06:22:21+02:00\",\"inLanguage\":\"es-ES\",\"mainEntityOfPage\":{\"@id\":\"https:\\\/\\\/eldigitaldeasturias.com\\\/magazine365\\\/el-sector-de-lujo-mundial-crecio-un-28-en-tres-anos\\\/#webpage\"},\"isPartOf\":{\"@id\":\"https:\\\/\\\/eldigitaldeasturias.com\\\/magazine365\\\/el-sector-de-lujo-mundial-crecio-un-28-en-tres-anos\\\/#webpage\"},\"articleSection\":\"Actualidad Turismo\"},{\"@type\":\"BreadcrumbList\",\"@id\":\"https:\\\/\\\/eldigitaldeasturias.com\\\/magazine365\\\/el-sector-de-lujo-mundial-crecio-un-28-en-tres-anos\\\/#breadcrumblist\",\"itemListElement\":[{\"@type\":\"ListItem\",\"@id\":\"https:\\\/\\\/eldigitaldeasturias.com\\\/magazine365#listItem\",\"position\":1,\"name\":\"Home\",\"item\":\"https:\\\/\\\/eldigitaldeasturias.com\\\/magazine365\",\"nextItem\":{\"@type\":\"ListItem\",\"@id\":\"https:\\\/\\\/eldigitaldeasturias.com\\\/magazine365\\\/category\\\/actualidad-turismo\\\/#listItem\",\"name\":\"Actualidad Turismo\"}},{\"@type\":\"ListItem\",\"@id\":\"https:\\\/\\\/eldigitaldeasturias.com\\\/magazine365\\\/category\\\/actualidad-turismo\\\/#listItem\",\"position\":2,\"name\":\"Actualidad Turismo\",\"item\":\"https:\\\/\\\/eldigitaldeasturias.com\\\/magazine365\\\/category\\\/actualidad-turismo\\\/\",\"nextItem\":{\"@type\":\"ListItem\",\"@id\":\"https:\\\/\\\/eldigitaldeasturias.com\\\/magazine365\\\/el-sector-de-lujo-mundial-crecio-un-28-en-tres-anos\\\/#listItem\",\"name\":\"El sector de lujo mundial creci\\u00f3 un 28% en tres a\\u00f1os\"},\"previousItem\":{\"@type\":\"ListItem\",\"@id\":\"https:\\\/\\\/eldigitaldeasturias.com\\\/magazine365#listItem\",\"name\":\"Home\"}},{\"@type\":\"ListItem\",\"@id\":\"https:\\\/\\\/eldigitaldeasturias.com\\\/magazine365\\\/el-sector-de-lujo-mundial-crecio-un-28-en-tres-anos\\\/#listItem\",\"position\":3,\"name\":\"El sector de lujo mundial creci\\u00f3 un 28% en tres a\\u00f1os\",\"previousItem\":{\"@type\":\"ListItem\",\"@id\":\"https:\\\/\\\/eldigitaldeasturias.com\\\/magazine365\\\/category\\\/actualidad-turismo\\\/#listItem\",\"name\":\"Actualidad Turismo\"}}]},{\"@type\":\"Organization\",\"@id\":\"https:\\\/\\\/eldigitaldeasturias.com\\\/magazine365\\\/#organization\",\"name\":\"El digital de Asturias\",\"description\":\"Revista de ocio, turismo y estilo de vida\",\"url\":\"https:\\\/\\\/eldigitaldeasturias.com\\\/magazine365\\\/\",\"logo\":{\"@type\":\"ImageObject\",\"url\":\"https:\\\/\\\/www.eldigitaldeasturias.com\\\/noticias\\\/wp-content\\\/uploads\\\/2020\\\/12\\\/EDA.jpg\",\"@id\":\"https:\\\/\\\/eldigitaldeasturias.com\\\/magazine365\\\/el-sector-de-lujo-mundial-crecio-un-28-en-tres-anos\\\/#organizationLogo\"},\"image\":{\"@id\":\"https:\\\/\\\/eldigitaldeasturias.com\\\/magazine365\\\/el-sector-de-lujo-mundial-crecio-un-28-en-tres-anos\\\/#organizationLogo\"}},{\"@type\":\"Person\",\"@id\":\"https:\\\/\\\/eldigitaldeasturias.com\\\/magazine365\\\/author\\\/admin\\\/#author\",\"url\":\"https:\\\/\\\/eldigitaldeasturias.com\\\/magazine365\\\/author\\\/admin\\\/\",\"name\":\"admin\",\"image\":{\"@type\":\"ImageObject\",\"@id\":\"https:\\\/\\\/eldigitaldeasturias.com\\\/magazine365\\\/el-sector-de-lujo-mundial-crecio-un-28-en-tres-anos\\\/#authorImage\",\"url\":\"https:\\\/\\\/eldigitaldeasturias.com\\\/magazine365\\\/wp-content\\\/litespeed\\\/avatar\\\/e571bcf59a0edd6fa6838245a470f2fe.jpg?ver=1777574230\",\"width\":96,\"height\":96,\"caption\":\"admin\"}},{\"@type\":\"WebPage\",\"@id\":\"https:\\\/\\\/eldigitaldeasturias.com\\\/magazine365\\\/el-sector-de-lujo-mundial-crecio-un-28-en-tres-anos\\\/#webpage\",\"url\":\"https:\\\/\\\/eldigitaldeasturias.com\\\/magazine365\\\/el-sector-de-lujo-mundial-crecio-un-28-en-tres-anos\\\/\",\"name\":\"El sector de lujo mundial creci\\u00f3 un 28% en tres a\\u00f1os | El Digital de Asturias\",\"description\":\"La industria de lujo mundial aument\\u00f3 su resultado un 28% en tres a\\u00f1os (de 2010 a 2013), hasta alcanzar los 800.000 millones de euros, suponiendo en la actualidad el 17% de exportaciones de la Uni\\u00f3n Europea, una tendencia que el Gobierno apoya con el Plan Tur\\u00edstico de Compras para reindustrializar el turismo nacional, seg\\u00fan defienden\",\"inLanguage\":\"es-ES\",\"isPartOf\":{\"@id\":\"https:\\\/\\\/eldigitaldeasturias.com\\\/magazine365\\\/#website\"},\"breadcrumb\":{\"@id\":\"https:\\\/\\\/eldigitaldeasturias.com\\\/magazine365\\\/el-sector-de-lujo-mundial-crecio-un-28-en-tres-anos\\\/#breadcrumblist\"},\"author\":{\"@id\":\"https:\\\/\\\/eldigitaldeasturias.com\\\/magazine365\\\/author\\\/admin\\\/#author\"},\"creator\":{\"@id\":\"https:\\\/\\\/eldigitaldeasturias.com\\\/magazine365\\\/author\\\/admin\\\/#author\"},\"image\":{\"@type\":\"ImageObject\",\"url\":\"https:\\\/\\\/eldigitaldeasturias.com\\\/magazine365\\\/wp-content\\\/uploads\\\/2015\\\/06\\\/fotonoticia_20150618170600_800.jpg\",\"@id\":\"https:\\\/\\\/eldigitaldeasturias.com\\\/magazine365\\\/el-sector-de-lujo-mundial-crecio-un-28-en-tres-anos\\\/#mainImage\",\"width\":800,\"height\":519},\"primaryImageOfPage\":{\"@id\":\"https:\\\/\\\/eldigitaldeasturias.com\\\/magazine365\\\/el-sector-de-lujo-mundial-crecio-un-28-en-tres-anos\\\/#mainImage\"},\"datePublished\":\"2015-06-19T06:22:21+02:00\",\"dateModified\":\"2015-06-19T06:22:21+02:00\"},{\"@type\":\"WebSite\",\"@id\":\"https:\\\/\\\/eldigitaldeasturias.com\\\/magazine365\\\/#website\",\"url\":\"https:\\\/\\\/eldigitaldeasturias.com\\\/magazine365\\\/\",\"name\":\"El Digital de Asturias\",\"description\":\"Revista de ocio, turismo y estilo de vida\",\"inLanguage\":\"es-ES\",\"publisher\":{\"@id\":\"https:\\\/\\\/eldigitaldeasturias.com\\\/magazine365\\\/#organization\"}}]}\n\t\t<\/script>\n\t\t<!-- All in One SEO Pro -->\r\n\t\t<title>El sector de lujo mundial creci\u00f3 un 28% en tres a\u00f1os | El Digital de Asturias<\/title>\n\n","aioseo_head_json":{"title":"El sector de lujo mundial creci\u00f3 un 28% en tres a\u00f1os | El Digital de Asturias","description":"La industria de lujo mundial aument\u00f3 su resultado un 28% en tres a\u00f1os (de 2010 a 2013), hasta alcanzar los 800.000 millones de euros, suponiendo en la actualidad el 17% de exportaciones de la Uni\u00f3n Europea, una tendencia que el Gobierno apoya con el Plan Tur\u00edstico de Compras para reindustrializar el turismo nacional, seg\u00fan defienden","canonical_url":"https:\/\/eldigitaldeasturias.com\/magazine365\/el-sector-de-lujo-mundial-crecio-un-28-en-tres-anos\/","robots":"max-image-preview:large","keywords":"actualidad turismo","webmasterTools":{"google-site-verification":"UA-38556648-1","miscellaneous":""},"schema":{"@context":"https:\/\/schema.org","@graph":[{"@type":"Article","@id":"https:\/\/eldigitaldeasturias.com\/magazine365\/el-sector-de-lujo-mundial-crecio-un-28-en-tres-anos\/#article","name":"El sector de lujo mundial creci\u00f3 un 28% en tres a\u00f1os | El Digital de Asturias","headline":"El sector de lujo mundial creci\u00f3 un 28% en tres a\u00f1os","author":{"@id":"https:\/\/eldigitaldeasturias.com\/magazine365\/author\/admin\/#author"},"publisher":{"@id":"https:\/\/eldigitaldeasturias.com\/magazine365\/#organization"},"image":{"@type":"ImageObject","url":"https:\/\/eldigitaldeasturias.com\/magazine365\/wp-content\/uploads\/2015\/06\/fotonoticia_20150618170600_800.jpg","width":800,"height":519},"datePublished":"2015-06-19T06:22:21+02:00","dateModified":"2015-06-19T06:22:21+02:00","inLanguage":"es-ES","mainEntityOfPage":{"@id":"https:\/\/eldigitaldeasturias.com\/magazine365\/el-sector-de-lujo-mundial-crecio-un-28-en-tres-anos\/#webpage"},"isPartOf":{"@id":"https:\/\/eldigitaldeasturias.com\/magazine365\/el-sector-de-lujo-mundial-crecio-un-28-en-tres-anos\/#webpage"},"articleSection":"Actualidad Turismo"},{"@type":"BreadcrumbList","@id":"https:\/\/eldigitaldeasturias.com\/magazine365\/el-sector-de-lujo-mundial-crecio-un-28-en-tres-anos\/#breadcrumblist","itemListElement":[{"@type":"ListItem","@id":"https:\/\/eldigitaldeasturias.com\/magazine365#listItem","position":1,"name":"Home","item":"https:\/\/eldigitaldeasturias.com\/magazine365","nextItem":{"@type":"ListItem","@id":"https:\/\/eldigitaldeasturias.com\/magazine365\/category\/actualidad-turismo\/#listItem","name":"Actualidad Turismo"}},{"@type":"ListItem","@id":"https:\/\/eldigitaldeasturias.com\/magazine365\/category\/actualidad-turismo\/#listItem","position":2,"name":"Actualidad Turismo","item":"https:\/\/eldigitaldeasturias.com\/magazine365\/category\/actualidad-turismo\/","nextItem":{"@type":"ListItem","@id":"https:\/\/eldigitaldeasturias.com\/magazine365\/el-sector-de-lujo-mundial-crecio-un-28-en-tres-anos\/#listItem","name":"El sector de lujo mundial creci\u00f3 un 28% en tres a\u00f1os"},"previousItem":{"@type":"ListItem","@id":"https:\/\/eldigitaldeasturias.com\/magazine365#listItem","name":"Home"}},{"@type":"ListItem","@id":"https:\/\/eldigitaldeasturias.com\/magazine365\/el-sector-de-lujo-mundial-crecio-un-28-en-tres-anos\/#listItem","position":3,"name":"El sector de lujo mundial creci\u00f3 un 28% en tres a\u00f1os","previousItem":{"@type":"ListItem","@id":"https:\/\/eldigitaldeasturias.com\/magazine365\/category\/actualidad-turismo\/#listItem","name":"Actualidad Turismo"}}]},{"@type":"Organization","@id":"https:\/\/eldigitaldeasturias.com\/magazine365\/#organization","name":"El digital de Asturias","description":"Revista de ocio, turismo y estilo de vida","url":"https:\/\/eldigitaldeasturias.com\/magazine365\/","logo":{"@type":"ImageObject","url":"https:\/\/www.eldigitaldeasturias.com\/noticias\/wp-content\/uploads\/2020\/12\/EDA.jpg","@id":"https:\/\/eldigitaldeasturias.com\/magazine365\/el-sector-de-lujo-mundial-crecio-un-28-en-tres-anos\/#organizationLogo"},"image":{"@id":"https:\/\/eldigitaldeasturias.com\/magazine365\/el-sector-de-lujo-mundial-crecio-un-28-en-tres-anos\/#organizationLogo"}},{"@type":"Person","@id":"https:\/\/eldigitaldeasturias.com\/magazine365\/author\/admin\/#author","url":"https:\/\/eldigitaldeasturias.com\/magazine365\/author\/admin\/","name":"admin","image":{"@type":"ImageObject","@id":"https:\/\/eldigitaldeasturias.com\/magazine365\/el-sector-de-lujo-mundial-crecio-un-28-en-tres-anos\/#authorImage","url":"https:\/\/eldigitaldeasturias.com\/magazine365\/wp-content\/litespeed\/avatar\/e571bcf59a0edd6fa6838245a470f2fe.jpg?ver=1777574230","width":96,"height":96,"caption":"admin"}},{"@type":"WebPage","@id":"https:\/\/eldigitaldeasturias.com\/magazine365\/el-sector-de-lujo-mundial-crecio-un-28-en-tres-anos\/#webpage","url":"https:\/\/eldigitaldeasturias.com\/magazine365\/el-sector-de-lujo-mundial-crecio-un-28-en-tres-anos\/","name":"El sector de lujo mundial creci\u00f3 un 28% en tres a\u00f1os | El Digital de Asturias","description":"La industria de lujo mundial aument\u00f3 su resultado un 28% en tres a\u00f1os (de 2010 a 2013), hasta alcanzar los 800.000 millones de euros, suponiendo en la actualidad el 17% de exportaciones de la Uni\u00f3n Europea, una tendencia que el Gobierno apoya con el Plan Tur\u00edstico de Compras para reindustrializar el turismo nacional, seg\u00fan defienden","inLanguage":"es-ES","isPartOf":{"@id":"https:\/\/eldigitaldeasturias.com\/magazine365\/#website"},"breadcrumb":{"@id":"https:\/\/eldigitaldeasturias.com\/magazine365\/el-sector-de-lujo-mundial-crecio-un-28-en-tres-anos\/#breadcrumblist"},"author":{"@id":"https:\/\/eldigitaldeasturias.com\/magazine365\/author\/admin\/#author"},"creator":{"@id":"https:\/\/eldigitaldeasturias.com\/magazine365\/author\/admin\/#author"},"image":{"@type":"ImageObject","url":"https:\/\/eldigitaldeasturias.com\/magazine365\/wp-content\/uploads\/2015\/06\/fotonoticia_20150618170600_800.jpg","@id":"https:\/\/eldigitaldeasturias.com\/magazine365\/el-sector-de-lujo-mundial-crecio-un-28-en-tres-anos\/#mainImage","width":800,"height":519},"primaryImageOfPage":{"@id":"https:\/\/eldigitaldeasturias.com\/magazine365\/el-sector-de-lujo-mundial-crecio-un-28-en-tres-anos\/#mainImage"},"datePublished":"2015-06-19T06:22:21+02:00","dateModified":"2015-06-19T06:22:21+02:00"},{"@type":"WebSite","@id":"https:\/\/eldigitaldeasturias.com\/magazine365\/#website","url":"https:\/\/eldigitaldeasturias.com\/magazine365\/","name":"El Digital de Asturias","description":"Revista de ocio, turismo y estilo de vida","inLanguage":"es-ES","publisher":{"@id":"https:\/\/eldigitaldeasturias.com\/magazine365\/#organization"}}]},"og:locale":"es_ES","og:site_name":"El Digital de Asturias \u2013 Revista de ocio, turismo y estilo de vida","og:type":"article","og:title":"El sector de lujo mundial creci\u00f3 un 28% en tres a\u00f1os | El Digital de Asturias","og:description":"La industria de lujo mundial aument\u00f3 su resultado un 28% en tres a\u00f1os (de 2010 a 2013), hasta alcanzar los 800.000 millones de euros, suponiendo en la actualidad el 17% de exportaciones de la Uni\u00f3n Europea, una tendencia que el Gobierno apoya con el Plan Tur\u00edstico de Compras para reindustrializar el turismo nacional, seg\u00fan defienden","og:url":"https:\/\/eldigitaldeasturias.com\/magazine365\/el-sector-de-lujo-mundial-crecio-un-28-en-tres-anos\/","og:image":"https:\/\/eldigitaldeasturias.com\/magazine365\/wp-content\/uploads\/2015\/06\/fotonoticia_20150618170600_800.jpg","og:image:secure_url":"https:\/\/eldigitaldeasturias.com\/magazine365\/wp-content\/uploads\/2015\/06\/fotonoticia_20150618170600_800.jpg","og:image:width":800,"og:image:height":519,"article:published_time":"2015-06-19T04:52:21+00:00","article:modified_time":"2015-06-19T04:52:21+00:00","twitter:card":"summary_large_image","twitter:title":"El sector de lujo mundial creci\u00f3 un 28% en tres a\u00f1os | El Digital de Asturias","twitter:description":"La industria de lujo mundial aument\u00f3 su resultado un 28% en tres a\u00f1os (de 2010 a 2013), hasta alcanzar los 800.000 millones de euros, suponiendo en la actualidad el 17% de exportaciones de la Uni\u00f3n Europea, una tendencia que el Gobierno apoya con el Plan Tur\u00edstico de Compras para reindustrializar el turismo nacional, seg\u00fan defienden","twitter:image":"https:\/\/eldigitaldeasturias.com\/magazine365\/wp-content\/uploads\/2015\/06\/fotonoticia_20150618170600_800.jpg"},"aioseo_meta_data":{"post_id":"40348","title":null,"description":null,"keywords":null,"keyphrases":null,"primary_term":null,"canonical_url":null,"og_title":null,"og_description":null,"og_object_type":"default","og_image_type":"default","og_image_url":null,"og_image_width":null,"og_image_height":null,"og_image_custom_url":null,"og_image_custom_fields":null,"og_video":null,"og_custom_url":null,"og_article_section":null,"og_article_tags":null,"twitter_use_og":false,"twitter_card":"default","twitter_image_type":"default","twitter_image_url":null,"twitter_image_custom_url":null,"twitter_image_custom_fields":null,"twitter_title":null,"twitter_description":null,"schema":{"blockGraphs":[],"customGraphs":[],"default":{"data":{"Article":[],"Course":[],"Dataset":[],"FAQPage":[],"Movie":[],"Person":[],"Product":[],"ProductReview":[],"Car":[],"Recipe":[],"Service":[],"SoftwareApplication":[],"WebPage":[]},"graphName":"","isEnabled":true},"graphs":[],"defaultGraph":"","defaultPostTypeGraph":""},"schema_type":null,"schema_type_options":null,"pillar_content":false,"robots_default":true,"robots_noindex":false,"robots_noarchive":false,"robots_nosnippet":false,"robots_nofollow":false,"robots_noimageindex":false,"robots_noodp":false,"robots_notranslate":false,"robots_max_snippet":null,"robots_max_videopreview":null,"robots_max_imagepreview":"large","priority":null,"frequency":null,"location":null,"local_seo":null,"seo_analyzer_scan_date":"2025-09-19 13:22:26","breadcrumb_settings":null,"limit_modified_date":false,"open_ai":null,"ai":null,"created":"2021-03-09 02:30:21","updated":"2025-09-19 13:22:26"},"aioseo_breadcrumb":"<div class=\"aioseo-breadcrumbs\"><span class=\"aioseo-breadcrumb\">\n\t<a href=\"https:\/\/eldigitaldeasturias.com\/magazine365\" title=\"Home\">Home<\/a>\n<\/span><span class=\"aioseo-breadcrumb-separator\">\u2013<\/span><span class=\"aioseo-breadcrumb\">\n\t<a href=\"https:\/\/eldigitaldeasturias.com\/magazine365\/category\/actualidad-turismo\/\" title=\"Actualidad Turismo\">Actualidad Turismo<\/a>\n<\/span><span class=\"aioseo-breadcrumb-separator\">\u2013<\/span><span class=\"aioseo-breadcrumb\">\n\t<a href=\"https:\/\/eldigitaldeasturias.com\/magazine365\/el-sector-de-lujo-mundial-crecio-un-28-en-tres-anos\/\" title=\"El sector de lujo mundial creci\u00f3 un 28% en tres a\u00f1os\">El sector de lujo mundial creci\u00f3 un 28% en tres a\u00f1os<\/a>\n<\/span><\/div>","aioseo_breadcrumb_json":[{"label":"Home","link":"https:\/\/eldigitaldeasturias.com\/magazine365"},{"label":"Actualidad Turismo","link":"https:\/\/eldigitaldeasturias.com\/magazine365\/category\/actualidad-turismo\/"},{"label":"El sector de lujo mundial creci\u00f3 un 28% en tres a\u00f1os","link":"https:\/\/eldigitaldeasturias.com\/magazine365\/el-sector-de-lujo-mundial-crecio-un-28-en-tres-anos\/"}],"_links":{"self":[{"href":"https:\/\/eldigitaldeasturias.com\/magazine365\/wp-json\/wp\/v2\/posts\/40348","targetHints":{"allow":["GET"]}}],"collection":[{"href":"https:\/\/eldigitaldeasturias.com\/magazine365\/wp-json\/wp\/v2\/posts"}],"about":[{"href":"https:\/\/eldigitaldeasturias.com\/magazine365\/wp-json\/wp\/v2\/types\/post"}],"author":[{"embeddable":true,"href":"https:\/\/eldigitaldeasturias.com\/magazine365\/wp-json\/wp\/v2\/users\/1"}],"replies":[{"embeddable":true,"href":"https:\/\/eldigitaldeasturias.com\/magazine365\/wp-json\/wp\/v2\/comments?post=40348"}],"version-history":[{"count":0,"href":"https:\/\/eldigitaldeasturias.com\/magazine365\/wp-json\/wp\/v2\/posts\/40348\/revisions"}],"wp:featuredmedia":[{"embeddable":true,"href":"https:\/\/eldigitaldeasturias.com\/magazine365\/wp-json\/wp\/v2\/media\/40349"}],"wp:attachment":[{"href":"https:\/\/eldigitaldeasturias.com\/magazine365\/wp-json\/wp\/v2\/media?parent=40348"}],"wp:term":[{"taxonomy":"category","embeddable":true,"href":"https:\/\/eldigitaldeasturias.com\/magazine365\/wp-json\/wp\/v2\/categories?post=40348"},{"taxonomy":"post_tag","embeddable":true,"href":"https:\/\/eldigitaldeasturias.com\/magazine365\/wp-json\/wp\/v2\/tags?post=40348"}],"curies":[{"name":"wp","href":"https:\/\/api.w.org\/{rel}","templated":true}]}}