{"id":40345,"date":"2015-06-19T06:17:23","date_gmt":"2015-06-19T04:47:23","guid":{"rendered":"http:\/\/eldigitaldeasturias.com\/magazine365\/?p=40345"},"modified":"2015-06-19T06:17:23","modified_gmt":"2015-06-19T04:47:23","slug":"una-decena-de-embarcaciones-se-encargara-de-la-limpieza-del-litoral-de-la-axarquia-este-verano","status":"publish","type":"post","link":"https:\/\/eldigitaldeasturias.com\/magazine365\/una-decena-de-embarcaciones-se-encargara-de-la-limpieza-del-litoral-de-la-axarquia-este-verano\/","title":{"rendered":"Una decena de embarcaciones se encargar\u00e1 de la limpieza del litoral de la Axarqu\u00eda este verano"},"content":{"rendered":"<p><img fetchpriority=\"high\" decoding=\"async\" class=\"alignleft size-medium wp-image-40346\" src=\"https:\/\/eldigitaldeasturias.com\/magazine365\/wp-content\/uploads\/2015\/06\/fotonoticia_20150618163502_800-360x275.jpg\" alt=\"fotonoticia_20150618163502_800\" width=\"360\" height=\"275\" srcset=\"https:\/\/eldigitaldeasturias.com\/magazine365\/wp-content\/uploads\/2015\/06\/fotonoticia_20150618163502_800-360x275.jpg 360w, https:\/\/eldigitaldeasturias.com\/magazine365\/wp-content\/uploads\/2015\/06\/fotonoticia_20150618163502_800-650x496.jpg 650w, https:\/\/eldigitaldeasturias.com\/magazine365\/wp-content\/uploads\/2015\/06\/fotonoticia_20150618163502_800-768x586.jpg 768w, https:\/\/eldigitaldeasturias.com\/magazine365\/wp-content\/uploads\/2015\/06\/fotonoticia_20150618163502_800-150x114.jpg 150w, https:\/\/eldigitaldeasturias.com\/magazine365\/wp-content\/uploads\/2015\/06\/fotonoticia_20150618163502_800-450x343.jpg 450w, https:\/\/eldigitaldeasturias.com\/magazine365\/wp-content\/uploads\/2015\/06\/fotonoticia_20150618163502_800-80x60.jpg 80w, https:\/\/eldigitaldeasturias.com\/magazine365\/wp-content\/uploads\/2015\/06\/fotonoticia_20150618163502_800-696x531.jpg 696w, https:\/\/eldigitaldeasturias.com\/magazine365\/wp-content\/uploads\/2015\/06\/fotonoticia_20150618163502_800-551x420.jpg 551w, https:\/\/eldigitaldeasturias.com\/magazine365\/wp-content\/uploads\/2015\/06\/fotonoticia_20150618163502_800-100x75.jpg 100w, https:\/\/eldigitaldeasturias.com\/magazine365\/wp-content\/uploads\/2015\/06\/fotonoticia_20150618163502_800.jpg 800w\" sizes=\"(max-width: 360px) 100vw, 360px\" \/>Un total de 10 embarcaciones, una m\u00e1s que el pasado a\u00f1o, se encargar\u00e1n de la limpieza de las aguas del litoral de la comarca malague\u00f1a de la Axarqu\u00eda durante este pr\u00f3ximo verano, seg\u00fan ha dado a conocer la Mancomunidad de Municipios de la Costa del Sol-Axarqu\u00eda.<\/p>\n<p>El presidente en funciones de esta instituci\u00f3n, \u00d3scar Medina, ha presentado este jueves los pormenores del servicio, que estar\u00e1 operativo hasta el 15 de septiembre y ha sido adjudicado a la empresa Servimar Axarqu\u00eda por un presupuesto inferior a los 300.000 euros.<\/p>\n<p>Medina ha detallado que, pese a la inclusi\u00f3n de un barco m\u00e1s que en el verano de 2014, el coste del servicio de limpieza \u00abcontin\u00faa muy por debajo de lo que se pagaba anteriormente, en torno a 500.000 euros\u00bb, y ha recordado que al comienzo del actual mandato la Mancomunidad ya redujo esta partida casi a la mitad \u00absin descuidar la calidad\u00bb y contando con embarcaciones \u00abm\u00e1s grandes y mejor preparadas\u00bb.<\/p>\n<p>Respecto a la flota que trabajar\u00e1 este a\u00f1o, ha explicado que est\u00e1 formada por nueve barcos de recogida de residuos s\u00f3lidos, que estar\u00e1n asignados por municipios, y uno para la limpieza de hidrocarburos, m\u00e1s conocido como &#8216;quitanatas&#8217;, que se suma este a\u00f1o como novedad y trabajar\u00e1 en todo el litoral de la comarca.<\/p>\n<p>Medina, reci\u00e9n elegido alcalde de Torrox, ha subrayado que las 10 embarcaciones trabajar\u00e1n a lo largo de los cinco municipios costeros de la Axarqu\u00eda, incluido este \u00faltimo, que se hab\u00eda quedado fuera del servicio durante varios a\u00f1os consecutivos \u00abpor decisi\u00f3n del anterior regidor\u00bb.<\/p>\n<p>\u00abLos nueve kil\u00f3metros de costa de Torrox se limpiar\u00e1n este a\u00f1o, con el consecuente beneficio para los vecinos y tambi\u00e9n para el impulso del turismo que queremos poner en marcha\u00bb, ha a\u00f1adido.<\/p>\n<p>Por municipios, V\u00e9lez-M\u00e1laga contar\u00e1 con tres embarcaciones, Nerja y Torrox con dos, respectivamente, y Algarrobo y Rinc\u00f3n de la Victoria con una cada uno. Adem\u00e1s, se cuenta con dos barcos de repuesto por si alguno de ellos falla, \u00abde modo que la limpieza est\u00e1 garantizada durante todo este periodo\u00bb, ha indicado.<\/p>\n<p>Por su parte, el alcalde de V\u00e9lez-M\u00e1laga, Antonio Moreno Ferrer, ha destacado el hecho de que el servicio se haya adjudicado a una empresa local, lo que supondr\u00e1 la creaci\u00f3n de una veintena de puestos de trabajo en la comarca, y ha hecho hincapi\u00e9 en la importancia de la limpieza del agua de ba\u00f1o como atractivo tur\u00edstico, \u00ablo que a su vez se traduce en empleo y riqueza para la zona\u00bb.<\/p>\n<p>Asimismo, ha apelado a la responsabilidad de pescadores, vecinos y visitantes a la hora de cuidar las playas, y ha mostrado el compromiso del Ayuntamiento de V\u00e9lez-M\u00e1laga para poner en marcha un quinto colector en el n\u00facleo de Torre del Mar, \u00abque esperamos que sea una realidad lo antes posible\u00bb.<\/p>\n","protected":false},"excerpt":{"rendered":"<p>Un total de 10 embarcaciones, una m\u00e1s que el pasado a\u00f1o, se encargar\u00e1n de la limpieza de las aguas del litoral de la comarca malague\u00f1a de la Axarqu\u00eda durante este pr\u00f3ximo verano, seg\u00fan ha dado a conocer la Mancomunidad de Municipios de la Costa del Sol-Axarqu\u00eda. El presidente en funciones de esta instituci\u00f3n, \u00d3scar Medina,<\/p>\n","protected":false},"author":1,"featured_media":40346,"comment_status":"open","ping_status":"closed","sticky":false,"template":"","format":"standard","meta":{"footnotes":""},"categories":[222],"tags":[],"class_list":{"0":"post-40345","1":"post","2":"type-post","3":"status-publish","4":"format-standard","5":"has-post-thumbnail","7":"category-actualidad-turismo"},"aioseo_notices":[],"aioseo_head":"\n\t\t<!-- All in One SEO Pro 4.9.6.1 - aioseo.com -->\n\t<meta name=\"description\" content=\"Un total de 10 embarcaciones, una m\u00e1s que el pasado a\u00f1o, se encargar\u00e1n de la limpieza de las aguas del litoral de la comarca malague\u00f1a de la Axarqu\u00eda durante este pr\u00f3ximo verano, seg\u00fan ha dado a conocer la Mancomunidad de Municipios de la Costa del Sol-Axarqu\u00eda. El presidente en funciones de esta instituci\u00f3n, \u00d3scar Medina,\" \/>\n\t<meta name=\"robots\" content=\"max-image-preview:large\" \/>\n\t<meta name=\"author\" content=\"admin\"\/>\n\t<meta name=\"google-site-verification\" content=\"UA-38556648-1\" \/>\n\t<meta name=\"keywords\" content=\"actualidad turismo\" \/>\n\t<link rel=\"canonical\" href=\"https:\/\/eldigitaldeasturias.com\/magazine365\/una-decena-de-embarcaciones-se-encargara-de-la-limpieza-del-litoral-de-la-axarquia-este-verano\/\" \/>\n\t<meta name=\"generator\" content=\"All in One SEO Pro (AIOSEO) 4.9.6.1\" \/>\n\t\t<meta property=\"og:locale\" content=\"es_ES\" \/>\n\t\t<meta property=\"og:site_name\" content=\"El Digital de Asturias \u2013 Revista de ocio, turismo y estilo de vida\" \/>\n\t\t<meta property=\"og:type\" content=\"article\" \/>\n\t\t<meta property=\"og:title\" content=\"Una decena de embarcaciones se encargar\u00e1 de la limpieza del litoral de la Axarqu\u00eda este verano | El Digital de Asturias\" \/>\n\t\t<meta property=\"og:description\" content=\"Un total de 10 embarcaciones, una m\u00e1s que el pasado a\u00f1o, se encargar\u00e1n de la limpieza de las aguas del litoral de la comarca malague\u00f1a de la Axarqu\u00eda durante este pr\u00f3ximo verano, seg\u00fan ha dado a conocer la Mancomunidad de Municipios de la Costa del Sol-Axarqu\u00eda. El presidente en funciones de esta instituci\u00f3n, \u00d3scar Medina,\" \/>\n\t\t<meta property=\"og:url\" content=\"https:\/\/eldigitaldeasturias.com\/magazine365\/una-decena-de-embarcaciones-se-encargara-de-la-limpieza-del-litoral-de-la-axarquia-este-verano\/\" \/>\n\t\t<meta property=\"og:image\" content=\"https:\/\/eldigitaldeasturias.com\/magazine365\/wp-content\/uploads\/2015\/06\/fotonoticia_20150618163502_800.jpg\" \/>\n\t\t<meta property=\"og:image:secure_url\" content=\"https:\/\/eldigitaldeasturias.com\/magazine365\/wp-content\/uploads\/2015\/06\/fotonoticia_20150618163502_800.jpg\" \/>\n\t\t<meta property=\"og:image:width\" content=\"800\" \/>\n\t\t<meta property=\"og:image:height\" content=\"610\" \/>\n\t\t<meta property=\"article:published_time\" content=\"2015-06-19T04:47:23+00:00\" \/>\n\t\t<meta property=\"article:modified_time\" content=\"2015-06-19T04:47:23+00:00\" \/>\n\t\t<meta name=\"twitter:card\" content=\"summary_large_image\" \/>\n\t\t<meta name=\"twitter:title\" content=\"Una decena de embarcaciones se encargar\u00e1 de la limpieza del litoral de la Axarqu\u00eda este verano | El Digital de Asturias\" \/>\n\t\t<meta name=\"twitter:description\" content=\"Un total de 10 embarcaciones, una m\u00e1s que el pasado a\u00f1o, se encargar\u00e1n de la limpieza de las aguas del litoral de la comarca malague\u00f1a de la Axarqu\u00eda durante este pr\u00f3ximo verano, seg\u00fan ha dado a conocer la Mancomunidad de Municipios de la Costa del Sol-Axarqu\u00eda. El presidente en funciones de esta instituci\u00f3n, \u00d3scar Medina,\" \/>\n\t\t<meta name=\"twitter:image\" content=\"https:\/\/eldigitaldeasturias.com\/magazine365\/wp-content\/uploads\/2015\/06\/fotonoticia_20150618163502_800.jpg\" \/>\n\t\t<script type=\"application\/ld+json\" class=\"aioseo-schema\">\n\t\t\t{\"@context\":\"https:\\\/\\\/schema.org\",\"@graph\":[{\"@type\":\"Article\",\"@id\":\"https:\\\/\\\/eldigitaldeasturias.com\\\/magazine365\\\/una-decena-de-embarcaciones-se-encargara-de-la-limpieza-del-litoral-de-la-axarquia-este-verano\\\/#article\",\"name\":\"Una decena de embarcaciones se encargar\\u00e1 de la limpieza del litoral de la Axarqu\\u00eda este verano | El Digital de Asturias\",\"headline\":\"Una decena de embarcaciones se encargar\\u00e1 de la limpieza del litoral de la Axarqu\\u00eda este verano\",\"author\":{\"@id\":\"https:\\\/\\\/eldigitaldeasturias.com\\\/magazine365\\\/author\\\/admin\\\/#author\"},\"publisher\":{\"@id\":\"https:\\\/\\\/eldigitaldeasturias.com\\\/magazine365\\\/#organization\"},\"image\":{\"@type\":\"ImageObject\",\"url\":\"https:\\\/\\\/eldigitaldeasturias.com\\\/magazine365\\\/wp-content\\\/uploads\\\/2015\\\/06\\\/fotonoticia_20150618163502_800.jpg\",\"width\":800,\"height\":610},\"datePublished\":\"2015-06-19T06:17:23+02:00\",\"dateModified\":\"2015-06-19T06:17:23+02:00\",\"inLanguage\":\"es-ES\",\"mainEntityOfPage\":{\"@id\":\"https:\\\/\\\/eldigitaldeasturias.com\\\/magazine365\\\/una-decena-de-embarcaciones-se-encargara-de-la-limpieza-del-litoral-de-la-axarquia-este-verano\\\/#webpage\"},\"isPartOf\":{\"@id\":\"https:\\\/\\\/eldigitaldeasturias.com\\\/magazine365\\\/una-decena-de-embarcaciones-se-encargara-de-la-limpieza-del-litoral-de-la-axarquia-este-verano\\\/#webpage\"},\"articleSection\":\"Actualidad Turismo\"},{\"@type\":\"BreadcrumbList\",\"@id\":\"https:\\\/\\\/eldigitaldeasturias.com\\\/magazine365\\\/una-decena-de-embarcaciones-se-encargara-de-la-limpieza-del-litoral-de-la-axarquia-este-verano\\\/#breadcrumblist\",\"itemListElement\":[{\"@type\":\"ListItem\",\"@id\":\"https:\\\/\\\/eldigitaldeasturias.com\\\/magazine365#listItem\",\"position\":1,\"name\":\"Home\",\"item\":\"https:\\\/\\\/eldigitaldeasturias.com\\\/magazine365\",\"nextItem\":{\"@type\":\"ListItem\",\"@id\":\"https:\\\/\\\/eldigitaldeasturias.com\\\/magazine365\\\/category\\\/actualidad-turismo\\\/#listItem\",\"name\":\"Actualidad Turismo\"}},{\"@type\":\"ListItem\",\"@id\":\"https:\\\/\\\/eldigitaldeasturias.com\\\/magazine365\\\/category\\\/actualidad-turismo\\\/#listItem\",\"position\":2,\"name\":\"Actualidad Turismo\",\"item\":\"https:\\\/\\\/eldigitaldeasturias.com\\\/magazine365\\\/category\\\/actualidad-turismo\\\/\",\"nextItem\":{\"@type\":\"ListItem\",\"@id\":\"https:\\\/\\\/eldigitaldeasturias.com\\\/magazine365\\\/una-decena-de-embarcaciones-se-encargara-de-la-limpieza-del-litoral-de-la-axarquia-este-verano\\\/#listItem\",\"name\":\"Una decena de embarcaciones se encargar\\u00e1 de la limpieza del litoral de la Axarqu\\u00eda este verano\"},\"previousItem\":{\"@type\":\"ListItem\",\"@id\":\"https:\\\/\\\/eldigitaldeasturias.com\\\/magazine365#listItem\",\"name\":\"Home\"}},{\"@type\":\"ListItem\",\"@id\":\"https:\\\/\\\/eldigitaldeasturias.com\\\/magazine365\\\/una-decena-de-embarcaciones-se-encargara-de-la-limpieza-del-litoral-de-la-axarquia-este-verano\\\/#listItem\",\"position\":3,\"name\":\"Una decena de embarcaciones se encargar\\u00e1 de la limpieza del litoral de la Axarqu\\u00eda este verano\",\"previousItem\":{\"@type\":\"ListItem\",\"@id\":\"https:\\\/\\\/eldigitaldeasturias.com\\\/magazine365\\\/category\\\/actualidad-turismo\\\/#listItem\",\"name\":\"Actualidad Turismo\"}}]},{\"@type\":\"Organization\",\"@id\":\"https:\\\/\\\/eldigitaldeasturias.com\\\/magazine365\\\/#organization\",\"name\":\"El digital de Asturias\",\"description\":\"Revista de ocio, turismo y estilo de vida\",\"url\":\"https:\\\/\\\/eldigitaldeasturias.com\\\/magazine365\\\/\",\"logo\":{\"@type\":\"ImageObject\",\"url\":\"https:\\\/\\\/www.eldigitaldeasturias.com\\\/noticias\\\/wp-content\\\/uploads\\\/2020\\\/12\\\/EDA.jpg\",\"@id\":\"https:\\\/\\\/eldigitaldeasturias.com\\\/magazine365\\\/una-decena-de-embarcaciones-se-encargara-de-la-limpieza-del-litoral-de-la-axarquia-este-verano\\\/#organizationLogo\"},\"image\":{\"@id\":\"https:\\\/\\\/eldigitaldeasturias.com\\\/magazine365\\\/una-decena-de-embarcaciones-se-encargara-de-la-limpieza-del-litoral-de-la-axarquia-este-verano\\\/#organizationLogo\"}},{\"@type\":\"Person\",\"@id\":\"https:\\\/\\\/eldigitaldeasturias.com\\\/magazine365\\\/author\\\/admin\\\/#author\",\"url\":\"https:\\\/\\\/eldigitaldeasturias.com\\\/magazine365\\\/author\\\/admin\\\/\",\"name\":\"admin\",\"image\":{\"@type\":\"ImageObject\",\"@id\":\"https:\\\/\\\/eldigitaldeasturias.com\\\/magazine365\\\/una-decena-de-embarcaciones-se-encargara-de-la-limpieza-del-litoral-de-la-axarquia-este-verano\\\/#authorImage\",\"url\":\"https:\\\/\\\/eldigitaldeasturias.com\\\/magazine365\\\/wp-content\\\/litespeed\\\/avatar\\\/e571bcf59a0edd6fa6838245a470f2fe.jpg?ver=1777574230\",\"width\":96,\"height\":96,\"caption\":\"admin\"}},{\"@type\":\"WebPage\",\"@id\":\"https:\\\/\\\/eldigitaldeasturias.com\\\/magazine365\\\/una-decena-de-embarcaciones-se-encargara-de-la-limpieza-del-litoral-de-la-axarquia-este-verano\\\/#webpage\",\"url\":\"https:\\\/\\\/eldigitaldeasturias.com\\\/magazine365\\\/una-decena-de-embarcaciones-se-encargara-de-la-limpieza-del-litoral-de-la-axarquia-este-verano\\\/\",\"name\":\"Una decena de embarcaciones se encargar\\u00e1 de la limpieza del litoral de la Axarqu\\u00eda este verano | El Digital de Asturias\",\"description\":\"Un total de 10 embarcaciones, una m\\u00e1s que el pasado a\\u00f1o, se encargar\\u00e1n de la limpieza de las aguas del litoral de la comarca malague\\u00f1a de la Axarqu\\u00eda durante este pr\\u00f3ximo verano, seg\\u00fan ha dado a conocer la Mancomunidad de Municipios de la Costa del Sol-Axarqu\\u00eda. El presidente en funciones de esta instituci\\u00f3n, \\u00d3scar Medina,\",\"inLanguage\":\"es-ES\",\"isPartOf\":{\"@id\":\"https:\\\/\\\/eldigitaldeasturias.com\\\/magazine365\\\/#website\"},\"breadcrumb\":{\"@id\":\"https:\\\/\\\/eldigitaldeasturias.com\\\/magazine365\\\/una-decena-de-embarcaciones-se-encargara-de-la-limpieza-del-litoral-de-la-axarquia-este-verano\\\/#breadcrumblist\"},\"author\":{\"@id\":\"https:\\\/\\\/eldigitaldeasturias.com\\\/magazine365\\\/author\\\/admin\\\/#author\"},\"creator\":{\"@id\":\"https:\\\/\\\/eldigitaldeasturias.com\\\/magazine365\\\/author\\\/admin\\\/#author\"},\"image\":{\"@type\":\"ImageObject\",\"url\":\"https:\\\/\\\/eldigitaldeasturias.com\\\/magazine365\\\/wp-content\\\/uploads\\\/2015\\\/06\\\/fotonoticia_20150618163502_800.jpg\",\"@id\":\"https:\\\/\\\/eldigitaldeasturias.com\\\/magazine365\\\/una-decena-de-embarcaciones-se-encargara-de-la-limpieza-del-litoral-de-la-axarquia-este-verano\\\/#mainImage\",\"width\":800,\"height\":610},\"primaryImageOfPage\":{\"@id\":\"https:\\\/\\\/eldigitaldeasturias.com\\\/magazine365\\\/una-decena-de-embarcaciones-se-encargara-de-la-limpieza-del-litoral-de-la-axarquia-este-verano\\\/#mainImage\"},\"datePublished\":\"2015-06-19T06:17:23+02:00\",\"dateModified\":\"2015-06-19T06:17:23+02:00\"},{\"@type\":\"WebSite\",\"@id\":\"https:\\\/\\\/eldigitaldeasturias.com\\\/magazine365\\\/#website\",\"url\":\"https:\\\/\\\/eldigitaldeasturias.com\\\/magazine365\\\/\",\"name\":\"El Digital de Asturias\",\"description\":\"Revista de ocio, turismo y estilo de vida\",\"inLanguage\":\"es-ES\",\"publisher\":{\"@id\":\"https:\\\/\\\/eldigitaldeasturias.com\\\/magazine365\\\/#organization\"}}]}\n\t\t<\/script>\n\t\t<!-- All in One SEO Pro -->\r\n\t\t<title>Una decena de embarcaciones se encargar\u00e1 de la limpieza del litoral de la Axarqu\u00eda este verano | El Digital de Asturias<\/title>\n\n","aioseo_head_json":{"title":"Una decena de embarcaciones se encargar\u00e1 de la limpieza del litoral de la Axarqu\u00eda este verano | El Digital de Asturias","description":"Un total de 10 embarcaciones, una m\u00e1s que el pasado a\u00f1o, se encargar\u00e1n de la limpieza de las aguas del litoral de la comarca malague\u00f1a de la Axarqu\u00eda durante este pr\u00f3ximo verano, seg\u00fan ha dado a conocer la Mancomunidad de Municipios de la Costa del Sol-Axarqu\u00eda. El presidente en funciones de esta instituci\u00f3n, \u00d3scar Medina,","canonical_url":"https:\/\/eldigitaldeasturias.com\/magazine365\/una-decena-de-embarcaciones-se-encargara-de-la-limpieza-del-litoral-de-la-axarquia-este-verano\/","robots":"max-image-preview:large","keywords":"actualidad turismo","webmasterTools":{"google-site-verification":"UA-38556648-1","miscellaneous":""},"schema":{"@context":"https:\/\/schema.org","@graph":[{"@type":"Article","@id":"https:\/\/eldigitaldeasturias.com\/magazine365\/una-decena-de-embarcaciones-se-encargara-de-la-limpieza-del-litoral-de-la-axarquia-este-verano\/#article","name":"Una decena de embarcaciones se encargar\u00e1 de la limpieza del litoral de la Axarqu\u00eda este verano | El Digital de Asturias","headline":"Una decena de embarcaciones se encargar\u00e1 de la limpieza del litoral de la Axarqu\u00eda este verano","author":{"@id":"https:\/\/eldigitaldeasturias.com\/magazine365\/author\/admin\/#author"},"publisher":{"@id":"https:\/\/eldigitaldeasturias.com\/magazine365\/#organization"},"image":{"@type":"ImageObject","url":"https:\/\/eldigitaldeasturias.com\/magazine365\/wp-content\/uploads\/2015\/06\/fotonoticia_20150618163502_800.jpg","width":800,"height":610},"datePublished":"2015-06-19T06:17:23+02:00","dateModified":"2015-06-19T06:17:23+02:00","inLanguage":"es-ES","mainEntityOfPage":{"@id":"https:\/\/eldigitaldeasturias.com\/magazine365\/una-decena-de-embarcaciones-se-encargara-de-la-limpieza-del-litoral-de-la-axarquia-este-verano\/#webpage"},"isPartOf":{"@id":"https:\/\/eldigitaldeasturias.com\/magazine365\/una-decena-de-embarcaciones-se-encargara-de-la-limpieza-del-litoral-de-la-axarquia-este-verano\/#webpage"},"articleSection":"Actualidad Turismo"},{"@type":"BreadcrumbList","@id":"https:\/\/eldigitaldeasturias.com\/magazine365\/una-decena-de-embarcaciones-se-encargara-de-la-limpieza-del-litoral-de-la-axarquia-este-verano\/#breadcrumblist","itemListElement":[{"@type":"ListItem","@id":"https:\/\/eldigitaldeasturias.com\/magazine365#listItem","position":1,"name":"Home","item":"https:\/\/eldigitaldeasturias.com\/magazine365","nextItem":{"@type":"ListItem","@id":"https:\/\/eldigitaldeasturias.com\/magazine365\/category\/actualidad-turismo\/#listItem","name":"Actualidad Turismo"}},{"@type":"ListItem","@id":"https:\/\/eldigitaldeasturias.com\/magazine365\/category\/actualidad-turismo\/#listItem","position":2,"name":"Actualidad Turismo","item":"https:\/\/eldigitaldeasturias.com\/magazine365\/category\/actualidad-turismo\/","nextItem":{"@type":"ListItem","@id":"https:\/\/eldigitaldeasturias.com\/magazine365\/una-decena-de-embarcaciones-se-encargara-de-la-limpieza-del-litoral-de-la-axarquia-este-verano\/#listItem","name":"Una decena de embarcaciones se encargar\u00e1 de la limpieza del litoral de la Axarqu\u00eda este verano"},"previousItem":{"@type":"ListItem","@id":"https:\/\/eldigitaldeasturias.com\/magazine365#listItem","name":"Home"}},{"@type":"ListItem","@id":"https:\/\/eldigitaldeasturias.com\/magazine365\/una-decena-de-embarcaciones-se-encargara-de-la-limpieza-del-litoral-de-la-axarquia-este-verano\/#listItem","position":3,"name":"Una decena de embarcaciones se encargar\u00e1 de la limpieza del litoral de la Axarqu\u00eda este verano","previousItem":{"@type":"ListItem","@id":"https:\/\/eldigitaldeasturias.com\/magazine365\/category\/actualidad-turismo\/#listItem","name":"Actualidad Turismo"}}]},{"@type":"Organization","@id":"https:\/\/eldigitaldeasturias.com\/magazine365\/#organization","name":"El digital de Asturias","description":"Revista de ocio, turismo y estilo de vida","url":"https:\/\/eldigitaldeasturias.com\/magazine365\/","logo":{"@type":"ImageObject","url":"https:\/\/www.eldigitaldeasturias.com\/noticias\/wp-content\/uploads\/2020\/12\/EDA.jpg","@id":"https:\/\/eldigitaldeasturias.com\/magazine365\/una-decena-de-embarcaciones-se-encargara-de-la-limpieza-del-litoral-de-la-axarquia-este-verano\/#organizationLogo"},"image":{"@id":"https:\/\/eldigitaldeasturias.com\/magazine365\/una-decena-de-embarcaciones-se-encargara-de-la-limpieza-del-litoral-de-la-axarquia-este-verano\/#organizationLogo"}},{"@type":"Person","@id":"https:\/\/eldigitaldeasturias.com\/magazine365\/author\/admin\/#author","url":"https:\/\/eldigitaldeasturias.com\/magazine365\/author\/admin\/","name":"admin","image":{"@type":"ImageObject","@id":"https:\/\/eldigitaldeasturias.com\/magazine365\/una-decena-de-embarcaciones-se-encargara-de-la-limpieza-del-litoral-de-la-axarquia-este-verano\/#authorImage","url":"https:\/\/eldigitaldeasturias.com\/magazine365\/wp-content\/litespeed\/avatar\/e571bcf59a0edd6fa6838245a470f2fe.jpg?ver=1777574230","width":96,"height":96,"caption":"admin"}},{"@type":"WebPage","@id":"https:\/\/eldigitaldeasturias.com\/magazine365\/una-decena-de-embarcaciones-se-encargara-de-la-limpieza-del-litoral-de-la-axarquia-este-verano\/#webpage","url":"https:\/\/eldigitaldeasturias.com\/magazine365\/una-decena-de-embarcaciones-se-encargara-de-la-limpieza-del-litoral-de-la-axarquia-este-verano\/","name":"Una decena de embarcaciones se encargar\u00e1 de la limpieza del litoral de la Axarqu\u00eda este verano | El Digital de Asturias","description":"Un total de 10 embarcaciones, una m\u00e1s que el pasado a\u00f1o, se encargar\u00e1n de la limpieza de las aguas del litoral de la comarca malague\u00f1a de la Axarqu\u00eda durante este pr\u00f3ximo verano, seg\u00fan ha dado a conocer la Mancomunidad de Municipios de la Costa del Sol-Axarqu\u00eda. El presidente en funciones de esta instituci\u00f3n, \u00d3scar Medina,","inLanguage":"es-ES","isPartOf":{"@id":"https:\/\/eldigitaldeasturias.com\/magazine365\/#website"},"breadcrumb":{"@id":"https:\/\/eldigitaldeasturias.com\/magazine365\/una-decena-de-embarcaciones-se-encargara-de-la-limpieza-del-litoral-de-la-axarquia-este-verano\/#breadcrumblist"},"author":{"@id":"https:\/\/eldigitaldeasturias.com\/magazine365\/author\/admin\/#author"},"creator":{"@id":"https:\/\/eldigitaldeasturias.com\/magazine365\/author\/admin\/#author"},"image":{"@type":"ImageObject","url":"https:\/\/eldigitaldeasturias.com\/magazine365\/wp-content\/uploads\/2015\/06\/fotonoticia_20150618163502_800.jpg","@id":"https:\/\/eldigitaldeasturias.com\/magazine365\/una-decena-de-embarcaciones-se-encargara-de-la-limpieza-del-litoral-de-la-axarquia-este-verano\/#mainImage","width":800,"height":610},"primaryImageOfPage":{"@id":"https:\/\/eldigitaldeasturias.com\/magazine365\/una-decena-de-embarcaciones-se-encargara-de-la-limpieza-del-litoral-de-la-axarquia-este-verano\/#mainImage"},"datePublished":"2015-06-19T06:17:23+02:00","dateModified":"2015-06-19T06:17:23+02:00"},{"@type":"WebSite","@id":"https:\/\/eldigitaldeasturias.com\/magazine365\/#website","url":"https:\/\/eldigitaldeasturias.com\/magazine365\/","name":"El Digital de Asturias","description":"Revista de ocio, turismo y estilo de vida","inLanguage":"es-ES","publisher":{"@id":"https:\/\/eldigitaldeasturias.com\/magazine365\/#organization"}}]},"og:locale":"es_ES","og:site_name":"El Digital de Asturias \u2013 Revista de ocio, turismo y estilo de vida","og:type":"article","og:title":"Una decena de embarcaciones se encargar\u00e1 de la limpieza del litoral de la Axarqu\u00eda este verano | El Digital de Asturias","og:description":"Un total de 10 embarcaciones, una m\u00e1s que el pasado a\u00f1o, se encargar\u00e1n de la limpieza de las aguas del litoral de la comarca malague\u00f1a de la Axarqu\u00eda durante este pr\u00f3ximo verano, seg\u00fan ha dado a conocer la Mancomunidad de Municipios de la Costa del Sol-Axarqu\u00eda. El presidente en funciones de esta instituci\u00f3n, \u00d3scar Medina,","og:url":"https:\/\/eldigitaldeasturias.com\/magazine365\/una-decena-de-embarcaciones-se-encargara-de-la-limpieza-del-litoral-de-la-axarquia-este-verano\/","og:image":"https:\/\/eldigitaldeasturias.com\/magazine365\/wp-content\/uploads\/2015\/06\/fotonoticia_20150618163502_800.jpg","og:image:secure_url":"https:\/\/eldigitaldeasturias.com\/magazine365\/wp-content\/uploads\/2015\/06\/fotonoticia_20150618163502_800.jpg","og:image:width":800,"og:image:height":610,"article:published_time":"2015-06-19T04:47:23+00:00","article:modified_time":"2015-06-19T04:47:23+00:00","twitter:card":"summary_large_image","twitter:title":"Una decena de embarcaciones se encargar\u00e1 de la limpieza del litoral de la Axarqu\u00eda este verano | El Digital de Asturias","twitter:description":"Un total de 10 embarcaciones, una m\u00e1s que el pasado a\u00f1o, se encargar\u00e1n de la limpieza de las aguas del litoral de la comarca malague\u00f1a de la Axarqu\u00eda durante este pr\u00f3ximo verano, seg\u00fan ha dado a conocer la Mancomunidad de Municipios de la Costa del Sol-Axarqu\u00eda. El presidente en funciones de esta instituci\u00f3n, \u00d3scar Medina,","twitter:image":"https:\/\/eldigitaldeasturias.com\/magazine365\/wp-content\/uploads\/2015\/06\/fotonoticia_20150618163502_800.jpg"},"aioseo_meta_data":{"post_id":"40345","title":null,"description":null,"keywords":null,"keyphrases":null,"primary_term":null,"canonical_url":null,"og_title":null,"og_description":null,"og_object_type":"default","og_image_type":"default","og_image_url":null,"og_image_width":null,"og_image_height":null,"og_image_custom_url":null,"og_image_custom_fields":null,"og_video":null,"og_custom_url":null,"og_article_section":null,"og_article_tags":null,"twitter_use_og":false,"twitter_card":"default","twitter_image_type":"default","twitter_image_url":null,"twitter_image_custom_url":null,"twitter_image_custom_fields":null,"twitter_title":null,"twitter_description":null,"schema":{"blockGraphs":[],"customGraphs":[],"default":{"data":{"Article":[],"Course":[],"Dataset":[],"FAQPage":[],"Movie":[],"Person":[],"Product":[],"ProductReview":[],"Car":[],"Recipe":[],"Service":[],"SoftwareApplication":[],"WebPage":[]},"graphName":"","isEnabled":true},"graphs":[],"defaultGraph":"","defaultPostTypeGraph":""},"schema_type":null,"schema_type_options":null,"pillar_content":false,"robots_default":true,"robots_noindex":false,"robots_noarchive":false,"robots_nosnippet":false,"robots_nofollow":false,"robots_noimageindex":false,"robots_noodp":false,"robots_notranslate":false,"robots_max_snippet":null,"robots_max_videopreview":null,"robots_max_imagepreview":"large","priority":null,"frequency":null,"location":null,"local_seo":null,"seo_analyzer_scan_date":"2025-09-19 13:22:24","breadcrumb_settings":null,"limit_modified_date":false,"open_ai":null,"ai":null,"created":"2021-03-09 02:30:21","updated":"2025-09-19 13:22:24"},"aioseo_breadcrumb":"<div class=\"aioseo-breadcrumbs\"><span class=\"aioseo-breadcrumb\">\n\t<a href=\"https:\/\/eldigitaldeasturias.com\/magazine365\" title=\"Home\">Home<\/a>\n<\/span><span class=\"aioseo-breadcrumb-separator\">\u2013<\/span><span class=\"aioseo-breadcrumb\">\n\t<a href=\"https:\/\/eldigitaldeasturias.com\/magazine365\/category\/actualidad-turismo\/\" title=\"Actualidad Turismo\">Actualidad Turismo<\/a>\n<\/span><span class=\"aioseo-breadcrumb-separator\">\u2013<\/span><span class=\"aioseo-breadcrumb\">\n\t<a href=\"https:\/\/eldigitaldeasturias.com\/magazine365\/una-decena-de-embarcaciones-se-encargara-de-la-limpieza-del-litoral-de-la-axarquia-este-verano\/\" title=\"Una decena de embarcaciones se encargar\u00e1 de la limpieza del litoral de la Axarqu\u00eda este verano\">Una decena de embarcaciones se encargar\u00e1 de la limpieza del litoral de la Axarqu\u00eda este verano<\/a>\n<\/span><\/div>","aioseo_breadcrumb_json":[{"label":"Home","link":"https:\/\/eldigitaldeasturias.com\/magazine365"},{"label":"Actualidad Turismo","link":"https:\/\/eldigitaldeasturias.com\/magazine365\/category\/actualidad-turismo\/"},{"label":"Una decena de embarcaciones se encargar\u00e1 de la limpieza del litoral de la Axarqu\u00eda este verano","link":"https:\/\/eldigitaldeasturias.com\/magazine365\/una-decena-de-embarcaciones-se-encargara-de-la-limpieza-del-litoral-de-la-axarquia-este-verano\/"}],"_links":{"self":[{"href":"https:\/\/eldigitaldeasturias.com\/magazine365\/wp-json\/wp\/v2\/posts\/40345","targetHints":{"allow":["GET"]}}],"collection":[{"href":"https:\/\/eldigitaldeasturias.com\/magazine365\/wp-json\/wp\/v2\/posts"}],"about":[{"href":"https:\/\/eldigitaldeasturias.com\/magazine365\/wp-json\/wp\/v2\/types\/post"}],"author":[{"embeddable":true,"href":"https:\/\/eldigitaldeasturias.com\/magazine365\/wp-json\/wp\/v2\/users\/1"}],"replies":[{"embeddable":true,"href":"https:\/\/eldigitaldeasturias.com\/magazine365\/wp-json\/wp\/v2\/comments?post=40345"}],"version-history":[{"count":0,"href":"https:\/\/eldigitaldeasturias.com\/magazine365\/wp-json\/wp\/v2\/posts\/40345\/revisions"}],"wp:featuredmedia":[{"embeddable":true,"href":"https:\/\/eldigitaldeasturias.com\/magazine365\/wp-json\/wp\/v2\/media\/40346"}],"wp:attachment":[{"href":"https:\/\/eldigitaldeasturias.com\/magazine365\/wp-json\/wp\/v2\/media?parent=40345"}],"wp:term":[{"taxonomy":"category","embeddable":true,"href":"https:\/\/eldigitaldeasturias.com\/magazine365\/wp-json\/wp\/v2\/categories?post=40345"},{"taxonomy":"post_tag","embeddable":true,"href":"https:\/\/eldigitaldeasturias.com\/magazine365\/wp-json\/wp\/v2\/tags?post=40345"}],"curies":[{"name":"wp","href":"https:\/\/api.w.org\/{rel}","templated":true}]}}