{"id":40342,"date":"2015-06-19T06:14:59","date_gmt":"2015-06-19T04:44:59","guid":{"rendered":"http:\/\/eldigitaldeasturias.com\/magazine365\/?p=40342"},"modified":"2015-06-19T06:14:59","modified_gmt":"2015-06-19T04:44:59","slug":"philippe-eydaleine-nuevo-director-de-asuntos-publicos-en-europa-de-etihad-airways","status":"publish","type":"post","link":"https:\/\/eldigitaldeasturias.com\/magazine365\/philippe-eydaleine-nuevo-director-de-asuntos-publicos-en-europa-de-etihad-airways\/","title":{"rendered":"Philippe Eydaleine, nuevo director de asuntos p\u00fablicos en Europa de Etihad Airways"},"content":{"rendered":"<p><img fetchpriority=\"high\" decoding=\"async\" class=\"alignleft size-medium wp-image-40343\" src=\"https:\/\/eldigitaldeasturias.com\/magazine365\/wp-content\/uploads\/2015\/06\/fotonoticia_20150618163233_800-303x300.jpg\" alt=\"fotonoticia_20150618163233_800\" width=\"303\" height=\"300\" srcset=\"https:\/\/eldigitaldeasturias.com\/magazine365\/wp-content\/uploads\/2015\/06\/fotonoticia_20150618163233_800-303x300.jpg 303w, https:\/\/eldigitaldeasturias.com\/magazine365\/wp-content\/uploads\/2015\/06\/fotonoticia_20150618163233_800-646x640.jpg 646w, https:\/\/eldigitaldeasturias.com\/magazine365\/wp-content\/uploads\/2015\/06\/fotonoticia_20150618163233_800-768x760.jpg 768w, https:\/\/eldigitaldeasturias.com\/magazine365\/wp-content\/uploads\/2015\/06\/fotonoticia_20150618163233_800-150x149.jpg 150w, https:\/\/eldigitaldeasturias.com\/magazine365\/wp-content\/uploads\/2015\/06\/fotonoticia_20150618163233_800-450x446.jpg 450w, https:\/\/eldigitaldeasturias.com\/magazine365\/wp-content\/uploads\/2015\/06\/fotonoticia_20150618163233_800-696x689.jpg 696w, https:\/\/eldigitaldeasturias.com\/magazine365\/wp-content\/uploads\/2015\/06\/fotonoticia_20150618163233_800-424x420.jpg 424w, https:\/\/eldigitaldeasturias.com\/magazine365\/wp-content\/uploads\/2015\/06\/fotonoticia_20150618163233_800-50x50.jpg 50w, https:\/\/eldigitaldeasturias.com\/magazine365\/wp-content\/uploads\/2015\/06\/fotonoticia_20150618163233_800.jpg 800w\" sizes=\"(max-width: 303px) 100vw, 303px\" \/>Philippe Eydaleine ha sido nombrado nuevo director de asuntos p\u00fablicos en Europa de Etihad Airways, seg\u00fan ha informado la aerol\u00ednea en un comunicado.<\/p>\n<p>La compa\u00f1\u00eda ha se\u00f1alado que Eydaleine aporta \u00abliderazgo\u00bb en las relaciones p\u00fablicas y m\u00e1s de treinta a\u00f1os de experiencia en el sector.<\/p>\n<p>Philippe Eydaleine trabajar\u00e1 y establecer\u00e1 relaciones con instituciones europeas, responsables pol\u00edticos y accionistas para trabajar en el entendimiento de Etihad Airways y de los beneficios que ofrece a Europa en t\u00e9rminos de empleos, inversiones y conectividad.<\/p>\n<p>Sus oficinas estar\u00e1n ubicadas en Bruselas y trabajar\u00e1 estrechamente con la gesti\u00f3n a nivel regional de la compa\u00f1\u00eda en Berl\u00edn, reportando al vicepresidente internacional y de asuntos p\u00fablicos, Vijay Poonoosamy.<\/p>\n<p>Eydaleine se uni\u00f3 a Etihad Airways despu\u00e9s de haber mantenido el cargo de asesor pol\u00edtico de asuntos p\u00fablicos de la Uni\u00f3n Europea para la autoridad de aviaci\u00f3n civil francesa.<\/p>\n<p>Anteriormente, ocup\u00f3 varios puestos en Air France, entre ellos representante permanente en Bruselas, y trabaj\u00f3 en puestos de responsabilidad en el instituto a\u00e9reo de transporte, Air Inter.<\/p>\n<p>Tambi\u00e9n desempe\u00f1\u00f3 el cargo de asesor de aviaci\u00f3n civil de la secretar\u00eda de estado franc\u00e9s de transportes.<\/p>\n","protected":false},"excerpt":{"rendered":"<p>Philippe Eydaleine ha sido nombrado nuevo director de asuntos p\u00fablicos en Europa de Etihad Airways, seg\u00fan ha informado la aerol\u00ednea en un comunicado. La compa\u00f1\u00eda ha se\u00f1alado que Eydaleine aporta \u00abliderazgo\u00bb en las relaciones p\u00fablicas y m\u00e1s de treinta a\u00f1os de experiencia en el sector. Philippe Eydaleine trabajar\u00e1 y establecer\u00e1 relaciones con instituciones europeas, responsables<\/p>\n","protected":false},"author":1,"featured_media":40343,"comment_status":"open","ping_status":"closed","sticky":false,"template":"","format":"standard","meta":{"footnotes":""},"categories":[222],"tags":[],"class_list":{"0":"post-40342","1":"post","2":"type-post","3":"status-publish","4":"format-standard","5":"has-post-thumbnail","7":"category-actualidad-turismo"},"aioseo_notices":[],"aioseo_head":"\n\t\t<!-- All in One SEO Pro 4.9.6.1 - aioseo.com -->\n\t<meta name=\"description\" content=\"Philippe Eydaleine ha sido nombrado nuevo director de asuntos p\u00fablicos en Europa de Etihad Airways, seg\u00fan ha informado la aerol\u00ednea en un comunicado. La compa\u00f1\u00eda ha se\u00f1alado que Eydaleine aporta &quot;liderazgo&quot; en las relaciones p\u00fablicas y m\u00e1s de treinta a\u00f1os de experiencia en el sector. Philippe Eydaleine trabajar\u00e1 y establecer\u00e1 relaciones con instituciones europeas, responsables\" \/>\n\t<meta name=\"robots\" content=\"max-image-preview:large\" \/>\n\t<meta name=\"author\" content=\"admin\"\/>\n\t<meta name=\"google-site-verification\" content=\"UA-38556648-1\" \/>\n\t<meta name=\"keywords\" content=\"actualidad turismo\" \/>\n\t<link rel=\"canonical\" href=\"https:\/\/eldigitaldeasturias.com\/magazine365\/philippe-eydaleine-nuevo-director-de-asuntos-publicos-en-europa-de-etihad-airways\/\" \/>\n\t<meta name=\"generator\" content=\"All in One SEO Pro (AIOSEO) 4.9.6.1\" \/>\n\t\t<meta property=\"og:locale\" content=\"es_ES\" \/>\n\t\t<meta property=\"og:site_name\" content=\"El Digital de Asturias \u2013 Revista de ocio, turismo y estilo de vida\" \/>\n\t\t<meta property=\"og:type\" content=\"article\" \/>\n\t\t<meta property=\"og:title\" content=\"Philippe Eydaleine, nuevo director de asuntos p\u00fablicos en Europa de Etihad Airways | El Digital de Asturias\" \/>\n\t\t<meta property=\"og:description\" content=\"Philippe Eydaleine ha sido nombrado nuevo director de asuntos p\u00fablicos en Europa de Etihad Airways, seg\u00fan ha informado la aerol\u00ednea en un comunicado. La compa\u00f1\u00eda ha se\u00f1alado que Eydaleine aporta &quot;liderazgo&quot; en las relaciones p\u00fablicas y m\u00e1s de treinta a\u00f1os de experiencia en el sector. Philippe Eydaleine trabajar\u00e1 y establecer\u00e1 relaciones con instituciones europeas, responsables\" \/>\n\t\t<meta property=\"og:url\" content=\"https:\/\/eldigitaldeasturias.com\/magazine365\/philippe-eydaleine-nuevo-director-de-asuntos-publicos-en-europa-de-etihad-airways\/\" \/>\n\t\t<meta property=\"og:image\" content=\"https:\/\/eldigitaldeasturias.com\/magazine365\/wp-content\/uploads\/2015\/06\/fotonoticia_20150618163233_800.jpg\" \/>\n\t\t<meta property=\"og:image:secure_url\" content=\"https:\/\/eldigitaldeasturias.com\/magazine365\/wp-content\/uploads\/2015\/06\/fotonoticia_20150618163233_800.jpg\" \/>\n\t\t<meta property=\"og:image:width\" content=\"800\" \/>\n\t\t<meta property=\"og:image:height\" content=\"792\" \/>\n\t\t<meta property=\"article:published_time\" content=\"2015-06-19T04:44:59+00:00\" \/>\n\t\t<meta property=\"article:modified_time\" content=\"2015-06-19T04:44:59+00:00\" \/>\n\t\t<meta name=\"twitter:card\" content=\"summary_large_image\" \/>\n\t\t<meta name=\"twitter:title\" content=\"Philippe Eydaleine, nuevo director de asuntos p\u00fablicos en Europa de Etihad Airways | El Digital de Asturias\" \/>\n\t\t<meta name=\"twitter:description\" content=\"Philippe Eydaleine ha sido nombrado nuevo director de asuntos p\u00fablicos en Europa de Etihad Airways, seg\u00fan ha informado la aerol\u00ednea en un comunicado. La compa\u00f1\u00eda ha se\u00f1alado que Eydaleine aporta &quot;liderazgo&quot; en las relaciones p\u00fablicas y m\u00e1s de treinta a\u00f1os de experiencia en el sector. Philippe Eydaleine trabajar\u00e1 y establecer\u00e1 relaciones con instituciones europeas, responsables\" \/>\n\t\t<meta name=\"twitter:image\" content=\"https:\/\/eldigitaldeasturias.com\/magazine365\/wp-content\/uploads\/2015\/06\/fotonoticia_20150618163233_800.jpg\" \/>\n\t\t<script type=\"application\/ld+json\" class=\"aioseo-schema\">\n\t\t\t{\"@context\":\"https:\\\/\\\/schema.org\",\"@graph\":[{\"@type\":\"Article\",\"@id\":\"https:\\\/\\\/eldigitaldeasturias.com\\\/magazine365\\\/philippe-eydaleine-nuevo-director-de-asuntos-publicos-en-europa-de-etihad-airways\\\/#article\",\"name\":\"Philippe Eydaleine, nuevo director de asuntos p\\u00fablicos en Europa de Etihad Airways | El Digital de Asturias\",\"headline\":\"Philippe Eydaleine, nuevo director de asuntos p\\u00fablicos en Europa de Etihad Airways\",\"author\":{\"@id\":\"https:\\\/\\\/eldigitaldeasturias.com\\\/magazine365\\\/author\\\/admin\\\/#author\"},\"publisher\":{\"@id\":\"https:\\\/\\\/eldigitaldeasturias.com\\\/magazine365\\\/#organization\"},\"image\":{\"@type\":\"ImageObject\",\"url\":\"https:\\\/\\\/eldigitaldeasturias.com\\\/magazine365\\\/wp-content\\\/uploads\\\/2015\\\/06\\\/fotonoticia_20150618163233_800.jpg\",\"width\":800,\"height\":792},\"datePublished\":\"2015-06-19T06:14:59+02:00\",\"dateModified\":\"2015-06-19T06:14:59+02:00\",\"inLanguage\":\"es-ES\",\"mainEntityOfPage\":{\"@id\":\"https:\\\/\\\/eldigitaldeasturias.com\\\/magazine365\\\/philippe-eydaleine-nuevo-director-de-asuntos-publicos-en-europa-de-etihad-airways\\\/#webpage\"},\"isPartOf\":{\"@id\":\"https:\\\/\\\/eldigitaldeasturias.com\\\/magazine365\\\/philippe-eydaleine-nuevo-director-de-asuntos-publicos-en-europa-de-etihad-airways\\\/#webpage\"},\"articleSection\":\"Actualidad Turismo\"},{\"@type\":\"BreadcrumbList\",\"@id\":\"https:\\\/\\\/eldigitaldeasturias.com\\\/magazine365\\\/philippe-eydaleine-nuevo-director-de-asuntos-publicos-en-europa-de-etihad-airways\\\/#breadcrumblist\",\"itemListElement\":[{\"@type\":\"ListItem\",\"@id\":\"https:\\\/\\\/eldigitaldeasturias.com\\\/magazine365#listItem\",\"position\":1,\"name\":\"Home\",\"item\":\"https:\\\/\\\/eldigitaldeasturias.com\\\/magazine365\",\"nextItem\":{\"@type\":\"ListItem\",\"@id\":\"https:\\\/\\\/eldigitaldeasturias.com\\\/magazine365\\\/category\\\/actualidad-turismo\\\/#listItem\",\"name\":\"Actualidad Turismo\"}},{\"@type\":\"ListItem\",\"@id\":\"https:\\\/\\\/eldigitaldeasturias.com\\\/magazine365\\\/category\\\/actualidad-turismo\\\/#listItem\",\"position\":2,\"name\":\"Actualidad Turismo\",\"item\":\"https:\\\/\\\/eldigitaldeasturias.com\\\/magazine365\\\/category\\\/actualidad-turismo\\\/\",\"nextItem\":{\"@type\":\"ListItem\",\"@id\":\"https:\\\/\\\/eldigitaldeasturias.com\\\/magazine365\\\/philippe-eydaleine-nuevo-director-de-asuntos-publicos-en-europa-de-etihad-airways\\\/#listItem\",\"name\":\"Philippe Eydaleine, nuevo director de asuntos p\\u00fablicos en Europa de Etihad Airways\"},\"previousItem\":{\"@type\":\"ListItem\",\"@id\":\"https:\\\/\\\/eldigitaldeasturias.com\\\/magazine365#listItem\",\"name\":\"Home\"}},{\"@type\":\"ListItem\",\"@id\":\"https:\\\/\\\/eldigitaldeasturias.com\\\/magazine365\\\/philippe-eydaleine-nuevo-director-de-asuntos-publicos-en-europa-de-etihad-airways\\\/#listItem\",\"position\":3,\"name\":\"Philippe Eydaleine, nuevo director de asuntos p\\u00fablicos en Europa de Etihad Airways\",\"previousItem\":{\"@type\":\"ListItem\",\"@id\":\"https:\\\/\\\/eldigitaldeasturias.com\\\/magazine365\\\/category\\\/actualidad-turismo\\\/#listItem\",\"name\":\"Actualidad Turismo\"}}]},{\"@type\":\"Organization\",\"@id\":\"https:\\\/\\\/eldigitaldeasturias.com\\\/magazine365\\\/#organization\",\"name\":\"El digital de Asturias\",\"description\":\"Revista de ocio, turismo y estilo de vida\",\"url\":\"https:\\\/\\\/eldigitaldeasturias.com\\\/magazine365\\\/\",\"logo\":{\"@type\":\"ImageObject\",\"url\":\"https:\\\/\\\/www.eldigitaldeasturias.com\\\/noticias\\\/wp-content\\\/uploads\\\/2020\\\/12\\\/EDA.jpg\",\"@id\":\"https:\\\/\\\/eldigitaldeasturias.com\\\/magazine365\\\/philippe-eydaleine-nuevo-director-de-asuntos-publicos-en-europa-de-etihad-airways\\\/#organizationLogo\"},\"image\":{\"@id\":\"https:\\\/\\\/eldigitaldeasturias.com\\\/magazine365\\\/philippe-eydaleine-nuevo-director-de-asuntos-publicos-en-europa-de-etihad-airways\\\/#organizationLogo\"}},{\"@type\":\"Person\",\"@id\":\"https:\\\/\\\/eldigitaldeasturias.com\\\/magazine365\\\/author\\\/admin\\\/#author\",\"url\":\"https:\\\/\\\/eldigitaldeasturias.com\\\/magazine365\\\/author\\\/admin\\\/\",\"name\":\"admin\",\"image\":{\"@type\":\"ImageObject\",\"@id\":\"https:\\\/\\\/eldigitaldeasturias.com\\\/magazine365\\\/philippe-eydaleine-nuevo-director-de-asuntos-publicos-en-europa-de-etihad-airways\\\/#authorImage\",\"url\":\"https:\\\/\\\/eldigitaldeasturias.com\\\/magazine365\\\/wp-content\\\/litespeed\\\/avatar\\\/e571bcf59a0edd6fa6838245a470f2fe.jpg?ver=1777574230\",\"width\":96,\"height\":96,\"caption\":\"admin\"}},{\"@type\":\"WebPage\",\"@id\":\"https:\\\/\\\/eldigitaldeasturias.com\\\/magazine365\\\/philippe-eydaleine-nuevo-director-de-asuntos-publicos-en-europa-de-etihad-airways\\\/#webpage\",\"url\":\"https:\\\/\\\/eldigitaldeasturias.com\\\/magazine365\\\/philippe-eydaleine-nuevo-director-de-asuntos-publicos-en-europa-de-etihad-airways\\\/\",\"name\":\"Philippe Eydaleine, nuevo director de asuntos p\\u00fablicos en Europa de Etihad Airways | El Digital de Asturias\",\"description\":\"Philippe Eydaleine ha sido nombrado nuevo director de asuntos p\\u00fablicos en Europa de Etihad Airways, seg\\u00fan ha informado la aerol\\u00ednea en un comunicado. La compa\\u00f1\\u00eda ha se\\u00f1alado que Eydaleine aporta \\\"liderazgo\\\" en las relaciones p\\u00fablicas y m\\u00e1s de treinta a\\u00f1os de experiencia en el sector. Philippe Eydaleine trabajar\\u00e1 y establecer\\u00e1 relaciones con instituciones europeas, responsables\",\"inLanguage\":\"es-ES\",\"isPartOf\":{\"@id\":\"https:\\\/\\\/eldigitaldeasturias.com\\\/magazine365\\\/#website\"},\"breadcrumb\":{\"@id\":\"https:\\\/\\\/eldigitaldeasturias.com\\\/magazine365\\\/philippe-eydaleine-nuevo-director-de-asuntos-publicos-en-europa-de-etihad-airways\\\/#breadcrumblist\"},\"author\":{\"@id\":\"https:\\\/\\\/eldigitaldeasturias.com\\\/magazine365\\\/author\\\/admin\\\/#author\"},\"creator\":{\"@id\":\"https:\\\/\\\/eldigitaldeasturias.com\\\/magazine365\\\/author\\\/admin\\\/#author\"},\"image\":{\"@type\":\"ImageObject\",\"url\":\"https:\\\/\\\/eldigitaldeasturias.com\\\/magazine365\\\/wp-content\\\/uploads\\\/2015\\\/06\\\/fotonoticia_20150618163233_800.jpg\",\"@id\":\"https:\\\/\\\/eldigitaldeasturias.com\\\/magazine365\\\/philippe-eydaleine-nuevo-director-de-asuntos-publicos-en-europa-de-etihad-airways\\\/#mainImage\",\"width\":800,\"height\":792},\"primaryImageOfPage\":{\"@id\":\"https:\\\/\\\/eldigitaldeasturias.com\\\/magazine365\\\/philippe-eydaleine-nuevo-director-de-asuntos-publicos-en-europa-de-etihad-airways\\\/#mainImage\"},\"datePublished\":\"2015-06-19T06:14:59+02:00\",\"dateModified\":\"2015-06-19T06:14:59+02:00\"},{\"@type\":\"WebSite\",\"@id\":\"https:\\\/\\\/eldigitaldeasturias.com\\\/magazine365\\\/#website\",\"url\":\"https:\\\/\\\/eldigitaldeasturias.com\\\/magazine365\\\/\",\"name\":\"El Digital de Asturias\",\"description\":\"Revista de ocio, turismo y estilo de vida\",\"inLanguage\":\"es-ES\",\"publisher\":{\"@id\":\"https:\\\/\\\/eldigitaldeasturias.com\\\/magazine365\\\/#organization\"}}]}\n\t\t<\/script>\n\t\t<!-- All in One SEO Pro -->\r\n\t\t<title>Philippe Eydaleine, nuevo director de asuntos p\u00fablicos en Europa de Etihad Airways | El Digital de Asturias<\/title>\n\n","aioseo_head_json":{"title":"Philippe Eydaleine, nuevo director de asuntos p\u00fablicos en Europa de Etihad Airways | El Digital de Asturias","description":"Philippe Eydaleine ha sido nombrado nuevo director de asuntos p\u00fablicos en Europa de Etihad Airways, seg\u00fan ha informado la aerol\u00ednea en un comunicado. La compa\u00f1\u00eda ha se\u00f1alado que Eydaleine aporta \"liderazgo\" en las relaciones p\u00fablicas y m\u00e1s de treinta a\u00f1os de experiencia en el sector. Philippe Eydaleine trabajar\u00e1 y establecer\u00e1 relaciones con instituciones europeas, responsables","canonical_url":"https:\/\/eldigitaldeasturias.com\/magazine365\/philippe-eydaleine-nuevo-director-de-asuntos-publicos-en-europa-de-etihad-airways\/","robots":"max-image-preview:large","keywords":"actualidad turismo","webmasterTools":{"google-site-verification":"UA-38556648-1","miscellaneous":""},"schema":{"@context":"https:\/\/schema.org","@graph":[{"@type":"Article","@id":"https:\/\/eldigitaldeasturias.com\/magazine365\/philippe-eydaleine-nuevo-director-de-asuntos-publicos-en-europa-de-etihad-airways\/#article","name":"Philippe Eydaleine, nuevo director de asuntos p\u00fablicos en Europa de Etihad Airways | El Digital de Asturias","headline":"Philippe Eydaleine, nuevo director de asuntos p\u00fablicos en Europa de Etihad Airways","author":{"@id":"https:\/\/eldigitaldeasturias.com\/magazine365\/author\/admin\/#author"},"publisher":{"@id":"https:\/\/eldigitaldeasturias.com\/magazine365\/#organization"},"image":{"@type":"ImageObject","url":"https:\/\/eldigitaldeasturias.com\/magazine365\/wp-content\/uploads\/2015\/06\/fotonoticia_20150618163233_800.jpg","width":800,"height":792},"datePublished":"2015-06-19T06:14:59+02:00","dateModified":"2015-06-19T06:14:59+02:00","inLanguage":"es-ES","mainEntityOfPage":{"@id":"https:\/\/eldigitaldeasturias.com\/magazine365\/philippe-eydaleine-nuevo-director-de-asuntos-publicos-en-europa-de-etihad-airways\/#webpage"},"isPartOf":{"@id":"https:\/\/eldigitaldeasturias.com\/magazine365\/philippe-eydaleine-nuevo-director-de-asuntos-publicos-en-europa-de-etihad-airways\/#webpage"},"articleSection":"Actualidad Turismo"},{"@type":"BreadcrumbList","@id":"https:\/\/eldigitaldeasturias.com\/magazine365\/philippe-eydaleine-nuevo-director-de-asuntos-publicos-en-europa-de-etihad-airways\/#breadcrumblist","itemListElement":[{"@type":"ListItem","@id":"https:\/\/eldigitaldeasturias.com\/magazine365#listItem","position":1,"name":"Home","item":"https:\/\/eldigitaldeasturias.com\/magazine365","nextItem":{"@type":"ListItem","@id":"https:\/\/eldigitaldeasturias.com\/magazine365\/category\/actualidad-turismo\/#listItem","name":"Actualidad Turismo"}},{"@type":"ListItem","@id":"https:\/\/eldigitaldeasturias.com\/magazine365\/category\/actualidad-turismo\/#listItem","position":2,"name":"Actualidad Turismo","item":"https:\/\/eldigitaldeasturias.com\/magazine365\/category\/actualidad-turismo\/","nextItem":{"@type":"ListItem","@id":"https:\/\/eldigitaldeasturias.com\/magazine365\/philippe-eydaleine-nuevo-director-de-asuntos-publicos-en-europa-de-etihad-airways\/#listItem","name":"Philippe Eydaleine, nuevo director de asuntos p\u00fablicos en Europa de Etihad Airways"},"previousItem":{"@type":"ListItem","@id":"https:\/\/eldigitaldeasturias.com\/magazine365#listItem","name":"Home"}},{"@type":"ListItem","@id":"https:\/\/eldigitaldeasturias.com\/magazine365\/philippe-eydaleine-nuevo-director-de-asuntos-publicos-en-europa-de-etihad-airways\/#listItem","position":3,"name":"Philippe Eydaleine, nuevo director de asuntos p\u00fablicos en Europa de Etihad Airways","previousItem":{"@type":"ListItem","@id":"https:\/\/eldigitaldeasturias.com\/magazine365\/category\/actualidad-turismo\/#listItem","name":"Actualidad Turismo"}}]},{"@type":"Organization","@id":"https:\/\/eldigitaldeasturias.com\/magazine365\/#organization","name":"El digital de Asturias","description":"Revista de ocio, turismo y estilo de vida","url":"https:\/\/eldigitaldeasturias.com\/magazine365\/","logo":{"@type":"ImageObject","url":"https:\/\/www.eldigitaldeasturias.com\/noticias\/wp-content\/uploads\/2020\/12\/EDA.jpg","@id":"https:\/\/eldigitaldeasturias.com\/magazine365\/philippe-eydaleine-nuevo-director-de-asuntos-publicos-en-europa-de-etihad-airways\/#organizationLogo"},"image":{"@id":"https:\/\/eldigitaldeasturias.com\/magazine365\/philippe-eydaleine-nuevo-director-de-asuntos-publicos-en-europa-de-etihad-airways\/#organizationLogo"}},{"@type":"Person","@id":"https:\/\/eldigitaldeasturias.com\/magazine365\/author\/admin\/#author","url":"https:\/\/eldigitaldeasturias.com\/magazine365\/author\/admin\/","name":"admin","image":{"@type":"ImageObject","@id":"https:\/\/eldigitaldeasturias.com\/magazine365\/philippe-eydaleine-nuevo-director-de-asuntos-publicos-en-europa-de-etihad-airways\/#authorImage","url":"https:\/\/eldigitaldeasturias.com\/magazine365\/wp-content\/litespeed\/avatar\/e571bcf59a0edd6fa6838245a470f2fe.jpg?ver=1777574230","width":96,"height":96,"caption":"admin"}},{"@type":"WebPage","@id":"https:\/\/eldigitaldeasturias.com\/magazine365\/philippe-eydaleine-nuevo-director-de-asuntos-publicos-en-europa-de-etihad-airways\/#webpage","url":"https:\/\/eldigitaldeasturias.com\/magazine365\/philippe-eydaleine-nuevo-director-de-asuntos-publicos-en-europa-de-etihad-airways\/","name":"Philippe Eydaleine, nuevo director de asuntos p\u00fablicos en Europa de Etihad Airways | El Digital de Asturias","description":"Philippe Eydaleine ha sido nombrado nuevo director de asuntos p\u00fablicos en Europa de Etihad Airways, seg\u00fan ha informado la aerol\u00ednea en un comunicado. La compa\u00f1\u00eda ha se\u00f1alado que Eydaleine aporta \"liderazgo\" en las relaciones p\u00fablicas y m\u00e1s de treinta a\u00f1os de experiencia en el sector. Philippe Eydaleine trabajar\u00e1 y establecer\u00e1 relaciones con instituciones europeas, responsables","inLanguage":"es-ES","isPartOf":{"@id":"https:\/\/eldigitaldeasturias.com\/magazine365\/#website"},"breadcrumb":{"@id":"https:\/\/eldigitaldeasturias.com\/magazine365\/philippe-eydaleine-nuevo-director-de-asuntos-publicos-en-europa-de-etihad-airways\/#breadcrumblist"},"author":{"@id":"https:\/\/eldigitaldeasturias.com\/magazine365\/author\/admin\/#author"},"creator":{"@id":"https:\/\/eldigitaldeasturias.com\/magazine365\/author\/admin\/#author"},"image":{"@type":"ImageObject","url":"https:\/\/eldigitaldeasturias.com\/magazine365\/wp-content\/uploads\/2015\/06\/fotonoticia_20150618163233_800.jpg","@id":"https:\/\/eldigitaldeasturias.com\/magazine365\/philippe-eydaleine-nuevo-director-de-asuntos-publicos-en-europa-de-etihad-airways\/#mainImage","width":800,"height":792},"primaryImageOfPage":{"@id":"https:\/\/eldigitaldeasturias.com\/magazine365\/philippe-eydaleine-nuevo-director-de-asuntos-publicos-en-europa-de-etihad-airways\/#mainImage"},"datePublished":"2015-06-19T06:14:59+02:00","dateModified":"2015-06-19T06:14:59+02:00"},{"@type":"WebSite","@id":"https:\/\/eldigitaldeasturias.com\/magazine365\/#website","url":"https:\/\/eldigitaldeasturias.com\/magazine365\/","name":"El Digital de Asturias","description":"Revista de ocio, turismo y estilo de vida","inLanguage":"es-ES","publisher":{"@id":"https:\/\/eldigitaldeasturias.com\/magazine365\/#organization"}}]},"og:locale":"es_ES","og:site_name":"El Digital de Asturias \u2013 Revista de ocio, turismo y estilo de vida","og:type":"article","og:title":"Philippe Eydaleine, nuevo director de asuntos p\u00fablicos en Europa de Etihad Airways | El Digital de Asturias","og:description":"Philippe Eydaleine ha sido nombrado nuevo director de asuntos p\u00fablicos en Europa de Etihad Airways, seg\u00fan ha informado la aerol\u00ednea en un comunicado. La compa\u00f1\u00eda ha se\u00f1alado que Eydaleine aporta &quot;liderazgo&quot; en las relaciones p\u00fablicas y m\u00e1s de treinta a\u00f1os de experiencia en el sector. Philippe Eydaleine trabajar\u00e1 y establecer\u00e1 relaciones con instituciones europeas, responsables","og:url":"https:\/\/eldigitaldeasturias.com\/magazine365\/philippe-eydaleine-nuevo-director-de-asuntos-publicos-en-europa-de-etihad-airways\/","og:image":"https:\/\/eldigitaldeasturias.com\/magazine365\/wp-content\/uploads\/2015\/06\/fotonoticia_20150618163233_800.jpg","og:image:secure_url":"https:\/\/eldigitaldeasturias.com\/magazine365\/wp-content\/uploads\/2015\/06\/fotonoticia_20150618163233_800.jpg","og:image:width":800,"og:image:height":792,"article:published_time":"2015-06-19T04:44:59+00:00","article:modified_time":"2015-06-19T04:44:59+00:00","twitter:card":"summary_large_image","twitter:title":"Philippe Eydaleine, nuevo director de asuntos p\u00fablicos en Europa de Etihad Airways | El Digital de Asturias","twitter:description":"Philippe Eydaleine ha sido nombrado nuevo director de asuntos p\u00fablicos en Europa de Etihad Airways, seg\u00fan ha informado la aerol\u00ednea en un comunicado. La compa\u00f1\u00eda ha se\u00f1alado que Eydaleine aporta &quot;liderazgo&quot; en las relaciones p\u00fablicas y m\u00e1s de treinta a\u00f1os de experiencia en el sector. Philippe Eydaleine trabajar\u00e1 y establecer\u00e1 relaciones con instituciones europeas, responsables","twitter:image":"https:\/\/eldigitaldeasturias.com\/magazine365\/wp-content\/uploads\/2015\/06\/fotonoticia_20150618163233_800.jpg"},"aioseo_meta_data":{"post_id":"40342","title":null,"description":null,"keywords":null,"keyphrases":null,"primary_term":null,"canonical_url":null,"og_title":null,"og_description":null,"og_object_type":"default","og_image_type":"default","og_image_url":null,"og_image_width":null,"og_image_height":null,"og_image_custom_url":null,"og_image_custom_fields":null,"og_video":null,"og_custom_url":null,"og_article_section":null,"og_article_tags":null,"twitter_use_og":false,"twitter_card":"default","twitter_image_type":"default","twitter_image_url":null,"twitter_image_custom_url":null,"twitter_image_custom_fields":null,"twitter_title":null,"twitter_description":null,"schema":{"blockGraphs":[],"customGraphs":[],"default":{"data":{"Article":[],"Course":[],"Dataset":[],"FAQPage":[],"Movie":[],"Person":[],"Product":[],"ProductReview":[],"Car":[],"Recipe":[],"Service":[],"SoftwareApplication":[],"WebPage":[]},"graphName":"","isEnabled":true},"graphs":[],"defaultGraph":"","defaultPostTypeGraph":""},"schema_type":null,"schema_type_options":null,"pillar_content":false,"robots_default":true,"robots_noindex":false,"robots_noarchive":false,"robots_nosnippet":false,"robots_nofollow":false,"robots_noimageindex":false,"robots_noodp":false,"robots_notranslate":false,"robots_max_snippet":null,"robots_max_videopreview":null,"robots_max_imagepreview":"large","priority":null,"frequency":null,"location":null,"local_seo":null,"seo_analyzer_scan_date":"2025-09-19 13:22:23","breadcrumb_settings":null,"limit_modified_date":false,"open_ai":null,"ai":null,"created":"2021-03-09 02:30:21","updated":"2025-09-19 13:22:23"},"aioseo_breadcrumb":"<div class=\"aioseo-breadcrumbs\"><span class=\"aioseo-breadcrumb\">\n\t<a href=\"https:\/\/eldigitaldeasturias.com\/magazine365\" title=\"Home\">Home<\/a>\n<\/span><span class=\"aioseo-breadcrumb-separator\">\u2013<\/span><span class=\"aioseo-breadcrumb\">\n\t<a href=\"https:\/\/eldigitaldeasturias.com\/magazine365\/category\/actualidad-turismo\/\" title=\"Actualidad Turismo\">Actualidad Turismo<\/a>\n<\/span><span class=\"aioseo-breadcrumb-separator\">\u2013<\/span><span class=\"aioseo-breadcrumb\">\n\t<a href=\"https:\/\/eldigitaldeasturias.com\/magazine365\/philippe-eydaleine-nuevo-director-de-asuntos-publicos-en-europa-de-etihad-airways\/\" title=\"Philippe Eydaleine, nuevo director de asuntos p\u00fablicos en Europa de Etihad Airways\">Philippe Eydaleine, nuevo director de asuntos p\u00fablicos en Europa de Etihad Airways<\/a>\n<\/span><\/div>","aioseo_breadcrumb_json":[{"label":"Home","link":"https:\/\/eldigitaldeasturias.com\/magazine365"},{"label":"Actualidad Turismo","link":"https:\/\/eldigitaldeasturias.com\/magazine365\/category\/actualidad-turismo\/"},{"label":"Philippe Eydaleine, nuevo director de asuntos p\u00fablicos en Europa de Etihad Airways","link":"https:\/\/eldigitaldeasturias.com\/magazine365\/philippe-eydaleine-nuevo-director-de-asuntos-publicos-en-europa-de-etihad-airways\/"}],"_links":{"self":[{"href":"https:\/\/eldigitaldeasturias.com\/magazine365\/wp-json\/wp\/v2\/posts\/40342","targetHints":{"allow":["GET"]}}],"collection":[{"href":"https:\/\/eldigitaldeasturias.com\/magazine365\/wp-json\/wp\/v2\/posts"}],"about":[{"href":"https:\/\/eldigitaldeasturias.com\/magazine365\/wp-json\/wp\/v2\/types\/post"}],"author":[{"embeddable":true,"href":"https:\/\/eldigitaldeasturias.com\/magazine365\/wp-json\/wp\/v2\/users\/1"}],"replies":[{"embeddable":true,"href":"https:\/\/eldigitaldeasturias.com\/magazine365\/wp-json\/wp\/v2\/comments?post=40342"}],"version-history":[{"count":0,"href":"https:\/\/eldigitaldeasturias.com\/magazine365\/wp-json\/wp\/v2\/posts\/40342\/revisions"}],"wp:featuredmedia":[{"embeddable":true,"href":"https:\/\/eldigitaldeasturias.com\/magazine365\/wp-json\/wp\/v2\/media\/40343"}],"wp:attachment":[{"href":"https:\/\/eldigitaldeasturias.com\/magazine365\/wp-json\/wp\/v2\/media?parent=40342"}],"wp:term":[{"taxonomy":"category","embeddable":true,"href":"https:\/\/eldigitaldeasturias.com\/magazine365\/wp-json\/wp\/v2\/categories?post=40342"},{"taxonomy":"post_tag","embeddable":true,"href":"https:\/\/eldigitaldeasturias.com\/magazine365\/wp-json\/wp\/v2\/tags?post=40342"}],"curies":[{"name":"wp","href":"https:\/\/api.w.org\/{rel}","templated":true}]}}