{"id":40339,"date":"2015-06-19T06:13:15","date_gmt":"2015-06-19T04:43:15","guid":{"rendered":"http:\/\/eldigitaldeasturias.com\/magazine365\/?p=40339"},"modified":"2015-06-19T06:13:15","modified_gmt":"2015-06-19T04:43:15","slug":"la-autoridad-portuaria-de-baleares-restringira-el-trafico-de-vehiculos-en-el-nuevo-puerto-de-ibiza","status":"publish","type":"post","link":"https:\/\/eldigitaldeasturias.com\/magazine365\/la-autoridad-portuaria-de-baleares-restringira-el-trafico-de-vehiculos-en-el-nuevo-puerto-de-ibiza\/","title":{"rendered":"La autoridad portuaria de Baleares restringir\u00e1 el tr\u00e1fico de veh\u00edculos en el nuevo puerto de Ibiza"},"content":{"rendered":"<p><img fetchpriority=\"high\" decoding=\"async\" class=\"alignleft size-medium wp-image-40340\" src=\"https:\/\/eldigitaldeasturias.com\/magazine365\/wp-content\/uploads\/2015\/06\/fotonoticia_20150618161450_800-360x257.jpg\" alt=\"fotonoticia_20150618161450_800\" width=\"360\" height=\"257\" srcset=\"https:\/\/eldigitaldeasturias.com\/magazine365\/wp-content\/uploads\/2015\/06\/fotonoticia_20150618161450_800-360x257.jpg 360w, https:\/\/eldigitaldeasturias.com\/magazine365\/wp-content\/uploads\/2015\/06\/fotonoticia_20150618161450_800-650x463.jpg 650w, https:\/\/eldigitaldeasturias.com\/magazine365\/wp-content\/uploads\/2015\/06\/fotonoticia_20150618161450_800-768x547.jpg 768w, https:\/\/eldigitaldeasturias.com\/magazine365\/wp-content\/uploads\/2015\/06\/fotonoticia_20150618161450_800-150x107.jpg 150w, https:\/\/eldigitaldeasturias.com\/magazine365\/wp-content\/uploads\/2015\/06\/fotonoticia_20150618161450_800-450x321.jpg 450w, https:\/\/eldigitaldeasturias.com\/magazine365\/wp-content\/uploads\/2015\/06\/fotonoticia_20150618161450_800-100x70.jpg 100w, https:\/\/eldigitaldeasturias.com\/magazine365\/wp-content\/uploads\/2015\/06\/fotonoticia_20150618161450_800-696x496.jpg 696w, https:\/\/eldigitaldeasturias.com\/magazine365\/wp-content\/uploads\/2015\/06\/fotonoticia_20150618161450_800-589x420.jpg 589w, https:\/\/eldigitaldeasturias.com\/magazine365\/wp-content\/uploads\/2015\/06\/fotonoticia_20150618161450_800.jpg 800w\" sizes=\"(max-width: 360px) 100vw, 360px\" \/>El puerto de Ibiza implantar\u00e1 la pr\u00f3xima semana el mismo sistema de aparcamiento tarifado y con las mismas tarifas que se aplicaron en 2014 en la zona de la Marina, con la intenci\u00f3n de restringir el tr\u00e1fico de veh\u00edculos en el nuevo paseo.<\/p>\n<p>Tras recibir la petici\u00f3n de limitar el paso de tr\u00e1fico rodado en la fachada mar\u00edtima, tanto por parte del Ayuntamiento como de la Asociaci\u00f3n de Comerciantes y Vecinos del puerto, la Autoridad Portuaria de Baleares (APB) ha decidido conceder una autorizaci\u00f3n temporal a una empresa para que gestione el estacionamiento en el lugar.<\/p>\n<p>El presidente de la APB, Alberto Pons, ha mantenido esta semana una conversaci\u00f3n telef\u00f3nica con el alcalde de Ibiza, Rafa Ruiz, quien le ha solicitado eliminar en cierta medida el tr\u00e1fico rodado en el puerto. Pons ha transmitido al primer edil que la APB ya est\u00e1 en disposici\u00f3n de tomar medidas para reducir el impacto circulatorio en la primera l\u00ednea del puerto, permitiendo a la vez el acceso libre a la zona por parte de residentes, clientes y proveedores de los comercios.<\/p>\n<p>\u00abLos comerciantes han insistido en que es esencial para la actividad comercial que sus clientes puedan tener acceso f\u00e1cil al puerto y por eso hemos mantenido la filosof\u00eda del aparcamiento que tan satisfactoriamente funcion\u00f3 el verano pasado\u00bb, ha a\u00f1adido Pons.<\/p>\n<p>As\u00ed, la zona de aparcamiento tarifado contar\u00e1 con 88 plazas para turismos y 59 para motocicletas, que se ubicar\u00e1n \u00edntegramente en es Martell.<\/p>\n<p>De esta forma, la primera l\u00ednea del paseo se reservar\u00e1 para la carga y descarga de mercanc\u00edas de 12.00 a 17.00 horas, quedando libre de veh\u00edculos el resto del d\u00eda. Se habilitar\u00e1n diecis\u00e9is plazas de taxi frente a la antigua estaci\u00f3n mar\u00edtima y tres plazas para personas con movilidad reducida. El acceso y estacionamiento de motocicletas, taxis y veh\u00edculos de carga y descarga ser\u00e1 gratuito.<\/p>\n","protected":false},"excerpt":{"rendered":"<p>El puerto de Ibiza implantar\u00e1 la pr\u00f3xima semana el mismo sistema de aparcamiento tarifado y con las mismas tarifas que se aplicaron en 2014 en la zona de la Marina, con la intenci\u00f3n de restringir el tr\u00e1fico de veh\u00edculos en el nuevo paseo. Tras recibir la petici\u00f3n de limitar el paso de tr\u00e1fico rodado en<\/p>\n","protected":false},"author":1,"featured_media":40340,"comment_status":"open","ping_status":"closed","sticky":false,"template":"","format":"standard","meta":{"footnotes":""},"categories":[222],"tags":[],"class_list":{"0":"post-40339","1":"post","2":"type-post","3":"status-publish","4":"format-standard","5":"has-post-thumbnail","7":"category-actualidad-turismo"},"aioseo_notices":[],"aioseo_head":"\n\t\t<!-- All in One SEO Pro 4.9.6.1 - aioseo.com -->\n\t<meta name=\"description\" content=\"El puerto de Ibiza implantar\u00e1 la pr\u00f3xima semana el mismo sistema de aparcamiento tarifado y con las mismas tarifas que se aplicaron en 2014 en la zona de la Marina, con la intenci\u00f3n de restringir el tr\u00e1fico de veh\u00edculos en el nuevo paseo. Tras recibir la petici\u00f3n de limitar el paso de tr\u00e1fico rodado en\" \/>\n\t<meta name=\"robots\" content=\"max-image-preview:large\" \/>\n\t<meta name=\"author\" content=\"admin\"\/>\n\t<meta name=\"google-site-verification\" content=\"UA-38556648-1\" \/>\n\t<meta name=\"keywords\" content=\"actualidad turismo\" \/>\n\t<link rel=\"canonical\" href=\"https:\/\/eldigitaldeasturias.com\/magazine365\/la-autoridad-portuaria-de-baleares-restringira-el-trafico-de-vehiculos-en-el-nuevo-puerto-de-ibiza\/\" \/>\n\t<meta name=\"generator\" content=\"All in One SEO Pro (AIOSEO) 4.9.6.1\" \/>\n\t\t<meta property=\"og:locale\" content=\"es_ES\" \/>\n\t\t<meta property=\"og:site_name\" content=\"El Digital de Asturias \u2013 Revista de ocio, turismo y estilo de vida\" \/>\n\t\t<meta property=\"og:type\" content=\"article\" \/>\n\t\t<meta property=\"og:title\" content=\"La autoridad portuaria de Baleares restringir\u00e1 el tr\u00e1fico de veh\u00edculos en el nuevo puerto de Ibiza | El Digital de Asturias\" \/>\n\t\t<meta property=\"og:description\" content=\"El puerto de Ibiza implantar\u00e1 la pr\u00f3xima semana el mismo sistema de aparcamiento tarifado y con las mismas tarifas que se aplicaron en 2014 en la zona de la Marina, con la intenci\u00f3n de restringir el tr\u00e1fico de veh\u00edculos en el nuevo paseo. Tras recibir la petici\u00f3n de limitar el paso de tr\u00e1fico rodado en\" \/>\n\t\t<meta property=\"og:url\" content=\"https:\/\/eldigitaldeasturias.com\/magazine365\/la-autoridad-portuaria-de-baleares-restringira-el-trafico-de-vehiculos-en-el-nuevo-puerto-de-ibiza\/\" \/>\n\t\t<meta property=\"og:image\" content=\"https:\/\/eldigitaldeasturias.com\/magazine365\/wp-content\/uploads\/2015\/06\/fotonoticia_20150618161450_800.jpg\" \/>\n\t\t<meta property=\"og:image:secure_url\" content=\"https:\/\/eldigitaldeasturias.com\/magazine365\/wp-content\/uploads\/2015\/06\/fotonoticia_20150618161450_800.jpg\" \/>\n\t\t<meta property=\"og:image:width\" content=\"800\" \/>\n\t\t<meta property=\"og:image:height\" content=\"570\" \/>\n\t\t<meta property=\"article:published_time\" content=\"2015-06-19T04:43:15+00:00\" \/>\n\t\t<meta property=\"article:modified_time\" content=\"2015-06-19T04:43:15+00:00\" \/>\n\t\t<meta name=\"twitter:card\" content=\"summary_large_image\" \/>\n\t\t<meta name=\"twitter:title\" content=\"La autoridad portuaria de Baleares restringir\u00e1 el tr\u00e1fico de veh\u00edculos en el nuevo puerto de Ibiza | El Digital de Asturias\" \/>\n\t\t<meta name=\"twitter:description\" content=\"El puerto de Ibiza implantar\u00e1 la pr\u00f3xima semana el mismo sistema de aparcamiento tarifado y con las mismas tarifas que se aplicaron en 2014 en la zona de la Marina, con la intenci\u00f3n de restringir el tr\u00e1fico de veh\u00edculos en el nuevo paseo. Tras recibir la petici\u00f3n de limitar el paso de tr\u00e1fico rodado en\" \/>\n\t\t<meta name=\"twitter:image\" content=\"https:\/\/eldigitaldeasturias.com\/magazine365\/wp-content\/uploads\/2015\/06\/fotonoticia_20150618161450_800.jpg\" \/>\n\t\t<script type=\"application\/ld+json\" class=\"aioseo-schema\">\n\t\t\t{\"@context\":\"https:\\\/\\\/schema.org\",\"@graph\":[{\"@type\":\"Article\",\"@id\":\"https:\\\/\\\/eldigitaldeasturias.com\\\/magazine365\\\/la-autoridad-portuaria-de-baleares-restringira-el-trafico-de-vehiculos-en-el-nuevo-puerto-de-ibiza\\\/#article\",\"name\":\"La autoridad portuaria de Baleares restringir\\u00e1 el tr\\u00e1fico de veh\\u00edculos en el nuevo puerto de Ibiza | El Digital de Asturias\",\"headline\":\"La autoridad portuaria de Baleares restringir\\u00e1 el tr\\u00e1fico de veh\\u00edculos en el nuevo puerto de Ibiza\",\"author\":{\"@id\":\"https:\\\/\\\/eldigitaldeasturias.com\\\/magazine365\\\/author\\\/admin\\\/#author\"},\"publisher\":{\"@id\":\"https:\\\/\\\/eldigitaldeasturias.com\\\/magazine365\\\/#organization\"},\"image\":{\"@type\":\"ImageObject\",\"url\":\"https:\\\/\\\/eldigitaldeasturias.com\\\/magazine365\\\/wp-content\\\/uploads\\\/2015\\\/06\\\/fotonoticia_20150618161450_800.jpg\",\"width\":800,\"height\":570},\"datePublished\":\"2015-06-19T06:13:15+02:00\",\"dateModified\":\"2015-06-19T06:13:15+02:00\",\"inLanguage\":\"es-ES\",\"mainEntityOfPage\":{\"@id\":\"https:\\\/\\\/eldigitaldeasturias.com\\\/magazine365\\\/la-autoridad-portuaria-de-baleares-restringira-el-trafico-de-vehiculos-en-el-nuevo-puerto-de-ibiza\\\/#webpage\"},\"isPartOf\":{\"@id\":\"https:\\\/\\\/eldigitaldeasturias.com\\\/magazine365\\\/la-autoridad-portuaria-de-baleares-restringira-el-trafico-de-vehiculos-en-el-nuevo-puerto-de-ibiza\\\/#webpage\"},\"articleSection\":\"Actualidad Turismo\"},{\"@type\":\"BreadcrumbList\",\"@id\":\"https:\\\/\\\/eldigitaldeasturias.com\\\/magazine365\\\/la-autoridad-portuaria-de-baleares-restringira-el-trafico-de-vehiculos-en-el-nuevo-puerto-de-ibiza\\\/#breadcrumblist\",\"itemListElement\":[{\"@type\":\"ListItem\",\"@id\":\"https:\\\/\\\/eldigitaldeasturias.com\\\/magazine365#listItem\",\"position\":1,\"name\":\"Home\",\"item\":\"https:\\\/\\\/eldigitaldeasturias.com\\\/magazine365\",\"nextItem\":{\"@type\":\"ListItem\",\"@id\":\"https:\\\/\\\/eldigitaldeasturias.com\\\/magazine365\\\/category\\\/actualidad-turismo\\\/#listItem\",\"name\":\"Actualidad Turismo\"}},{\"@type\":\"ListItem\",\"@id\":\"https:\\\/\\\/eldigitaldeasturias.com\\\/magazine365\\\/category\\\/actualidad-turismo\\\/#listItem\",\"position\":2,\"name\":\"Actualidad Turismo\",\"item\":\"https:\\\/\\\/eldigitaldeasturias.com\\\/magazine365\\\/category\\\/actualidad-turismo\\\/\",\"nextItem\":{\"@type\":\"ListItem\",\"@id\":\"https:\\\/\\\/eldigitaldeasturias.com\\\/magazine365\\\/la-autoridad-portuaria-de-baleares-restringira-el-trafico-de-vehiculos-en-el-nuevo-puerto-de-ibiza\\\/#listItem\",\"name\":\"La autoridad portuaria de Baleares restringir\\u00e1 el tr\\u00e1fico de veh\\u00edculos en el nuevo puerto de Ibiza\"},\"previousItem\":{\"@type\":\"ListItem\",\"@id\":\"https:\\\/\\\/eldigitaldeasturias.com\\\/magazine365#listItem\",\"name\":\"Home\"}},{\"@type\":\"ListItem\",\"@id\":\"https:\\\/\\\/eldigitaldeasturias.com\\\/magazine365\\\/la-autoridad-portuaria-de-baleares-restringira-el-trafico-de-vehiculos-en-el-nuevo-puerto-de-ibiza\\\/#listItem\",\"position\":3,\"name\":\"La autoridad portuaria de Baleares restringir\\u00e1 el tr\\u00e1fico de veh\\u00edculos en el nuevo puerto de Ibiza\",\"previousItem\":{\"@type\":\"ListItem\",\"@id\":\"https:\\\/\\\/eldigitaldeasturias.com\\\/magazine365\\\/category\\\/actualidad-turismo\\\/#listItem\",\"name\":\"Actualidad Turismo\"}}]},{\"@type\":\"Organization\",\"@id\":\"https:\\\/\\\/eldigitaldeasturias.com\\\/magazine365\\\/#organization\",\"name\":\"El digital de Asturias\",\"description\":\"Revista de ocio, turismo y estilo de vida\",\"url\":\"https:\\\/\\\/eldigitaldeasturias.com\\\/magazine365\\\/\",\"logo\":{\"@type\":\"ImageObject\",\"url\":\"https:\\\/\\\/www.eldigitaldeasturias.com\\\/noticias\\\/wp-content\\\/uploads\\\/2020\\\/12\\\/EDA.jpg\",\"@id\":\"https:\\\/\\\/eldigitaldeasturias.com\\\/magazine365\\\/la-autoridad-portuaria-de-baleares-restringira-el-trafico-de-vehiculos-en-el-nuevo-puerto-de-ibiza\\\/#organizationLogo\"},\"image\":{\"@id\":\"https:\\\/\\\/eldigitaldeasturias.com\\\/magazine365\\\/la-autoridad-portuaria-de-baleares-restringira-el-trafico-de-vehiculos-en-el-nuevo-puerto-de-ibiza\\\/#organizationLogo\"}},{\"@type\":\"Person\",\"@id\":\"https:\\\/\\\/eldigitaldeasturias.com\\\/magazine365\\\/author\\\/admin\\\/#author\",\"url\":\"https:\\\/\\\/eldigitaldeasturias.com\\\/magazine365\\\/author\\\/admin\\\/\",\"name\":\"admin\",\"image\":{\"@type\":\"ImageObject\",\"@id\":\"https:\\\/\\\/eldigitaldeasturias.com\\\/magazine365\\\/la-autoridad-portuaria-de-baleares-restringira-el-trafico-de-vehiculos-en-el-nuevo-puerto-de-ibiza\\\/#authorImage\",\"url\":\"https:\\\/\\\/eldigitaldeasturias.com\\\/magazine365\\\/wp-content\\\/litespeed\\\/avatar\\\/e571bcf59a0edd6fa6838245a470f2fe.jpg?ver=1777574230\",\"width\":96,\"height\":96,\"caption\":\"admin\"}},{\"@type\":\"WebPage\",\"@id\":\"https:\\\/\\\/eldigitaldeasturias.com\\\/magazine365\\\/la-autoridad-portuaria-de-baleares-restringira-el-trafico-de-vehiculos-en-el-nuevo-puerto-de-ibiza\\\/#webpage\",\"url\":\"https:\\\/\\\/eldigitaldeasturias.com\\\/magazine365\\\/la-autoridad-portuaria-de-baleares-restringira-el-trafico-de-vehiculos-en-el-nuevo-puerto-de-ibiza\\\/\",\"name\":\"La autoridad portuaria de Baleares restringir\\u00e1 el tr\\u00e1fico de veh\\u00edculos en el nuevo puerto de Ibiza | El Digital de Asturias\",\"description\":\"El puerto de Ibiza implantar\\u00e1 la pr\\u00f3xima semana el mismo sistema de aparcamiento tarifado y con las mismas tarifas que se aplicaron en 2014 en la zona de la Marina, con la intenci\\u00f3n de restringir el tr\\u00e1fico de veh\\u00edculos en el nuevo paseo. Tras recibir la petici\\u00f3n de limitar el paso de tr\\u00e1fico rodado en\",\"inLanguage\":\"es-ES\",\"isPartOf\":{\"@id\":\"https:\\\/\\\/eldigitaldeasturias.com\\\/magazine365\\\/#website\"},\"breadcrumb\":{\"@id\":\"https:\\\/\\\/eldigitaldeasturias.com\\\/magazine365\\\/la-autoridad-portuaria-de-baleares-restringira-el-trafico-de-vehiculos-en-el-nuevo-puerto-de-ibiza\\\/#breadcrumblist\"},\"author\":{\"@id\":\"https:\\\/\\\/eldigitaldeasturias.com\\\/magazine365\\\/author\\\/admin\\\/#author\"},\"creator\":{\"@id\":\"https:\\\/\\\/eldigitaldeasturias.com\\\/magazine365\\\/author\\\/admin\\\/#author\"},\"image\":{\"@type\":\"ImageObject\",\"url\":\"https:\\\/\\\/eldigitaldeasturias.com\\\/magazine365\\\/wp-content\\\/uploads\\\/2015\\\/06\\\/fotonoticia_20150618161450_800.jpg\",\"@id\":\"https:\\\/\\\/eldigitaldeasturias.com\\\/magazine365\\\/la-autoridad-portuaria-de-baleares-restringira-el-trafico-de-vehiculos-en-el-nuevo-puerto-de-ibiza\\\/#mainImage\",\"width\":800,\"height\":570},\"primaryImageOfPage\":{\"@id\":\"https:\\\/\\\/eldigitaldeasturias.com\\\/magazine365\\\/la-autoridad-portuaria-de-baleares-restringira-el-trafico-de-vehiculos-en-el-nuevo-puerto-de-ibiza\\\/#mainImage\"},\"datePublished\":\"2015-06-19T06:13:15+02:00\",\"dateModified\":\"2015-06-19T06:13:15+02:00\"},{\"@type\":\"WebSite\",\"@id\":\"https:\\\/\\\/eldigitaldeasturias.com\\\/magazine365\\\/#website\",\"url\":\"https:\\\/\\\/eldigitaldeasturias.com\\\/magazine365\\\/\",\"name\":\"El Digital de Asturias\",\"description\":\"Revista de ocio, turismo y estilo de vida\",\"inLanguage\":\"es-ES\",\"publisher\":{\"@id\":\"https:\\\/\\\/eldigitaldeasturias.com\\\/magazine365\\\/#organization\"}}]}\n\t\t<\/script>\n\t\t<!-- All in One SEO Pro -->\r\n\t\t<title>La autoridad portuaria de Baleares restringir\u00e1 el tr\u00e1fico de veh\u00edculos en el nuevo puerto de Ibiza | El Digital de Asturias<\/title>\n\n","aioseo_head_json":{"title":"La autoridad portuaria de Baleares restringir\u00e1 el tr\u00e1fico de veh\u00edculos en el nuevo puerto de Ibiza | El Digital de Asturias","description":"El puerto de Ibiza implantar\u00e1 la pr\u00f3xima semana el mismo sistema de aparcamiento tarifado y con las mismas tarifas que se aplicaron en 2014 en la zona de la Marina, con la intenci\u00f3n de restringir el tr\u00e1fico de veh\u00edculos en el nuevo paseo. Tras recibir la petici\u00f3n de limitar el paso de tr\u00e1fico rodado en","canonical_url":"https:\/\/eldigitaldeasturias.com\/magazine365\/la-autoridad-portuaria-de-baleares-restringira-el-trafico-de-vehiculos-en-el-nuevo-puerto-de-ibiza\/","robots":"max-image-preview:large","keywords":"actualidad turismo","webmasterTools":{"google-site-verification":"UA-38556648-1","miscellaneous":""},"schema":{"@context":"https:\/\/schema.org","@graph":[{"@type":"Article","@id":"https:\/\/eldigitaldeasturias.com\/magazine365\/la-autoridad-portuaria-de-baleares-restringira-el-trafico-de-vehiculos-en-el-nuevo-puerto-de-ibiza\/#article","name":"La autoridad portuaria de Baleares restringir\u00e1 el tr\u00e1fico de veh\u00edculos en el nuevo puerto de Ibiza | El Digital de Asturias","headline":"La autoridad portuaria de Baleares restringir\u00e1 el tr\u00e1fico de veh\u00edculos en el nuevo puerto de Ibiza","author":{"@id":"https:\/\/eldigitaldeasturias.com\/magazine365\/author\/admin\/#author"},"publisher":{"@id":"https:\/\/eldigitaldeasturias.com\/magazine365\/#organization"},"image":{"@type":"ImageObject","url":"https:\/\/eldigitaldeasturias.com\/magazine365\/wp-content\/uploads\/2015\/06\/fotonoticia_20150618161450_800.jpg","width":800,"height":570},"datePublished":"2015-06-19T06:13:15+02:00","dateModified":"2015-06-19T06:13:15+02:00","inLanguage":"es-ES","mainEntityOfPage":{"@id":"https:\/\/eldigitaldeasturias.com\/magazine365\/la-autoridad-portuaria-de-baleares-restringira-el-trafico-de-vehiculos-en-el-nuevo-puerto-de-ibiza\/#webpage"},"isPartOf":{"@id":"https:\/\/eldigitaldeasturias.com\/magazine365\/la-autoridad-portuaria-de-baleares-restringira-el-trafico-de-vehiculos-en-el-nuevo-puerto-de-ibiza\/#webpage"},"articleSection":"Actualidad Turismo"},{"@type":"BreadcrumbList","@id":"https:\/\/eldigitaldeasturias.com\/magazine365\/la-autoridad-portuaria-de-baleares-restringira-el-trafico-de-vehiculos-en-el-nuevo-puerto-de-ibiza\/#breadcrumblist","itemListElement":[{"@type":"ListItem","@id":"https:\/\/eldigitaldeasturias.com\/magazine365#listItem","position":1,"name":"Home","item":"https:\/\/eldigitaldeasturias.com\/magazine365","nextItem":{"@type":"ListItem","@id":"https:\/\/eldigitaldeasturias.com\/magazine365\/category\/actualidad-turismo\/#listItem","name":"Actualidad Turismo"}},{"@type":"ListItem","@id":"https:\/\/eldigitaldeasturias.com\/magazine365\/category\/actualidad-turismo\/#listItem","position":2,"name":"Actualidad Turismo","item":"https:\/\/eldigitaldeasturias.com\/magazine365\/category\/actualidad-turismo\/","nextItem":{"@type":"ListItem","@id":"https:\/\/eldigitaldeasturias.com\/magazine365\/la-autoridad-portuaria-de-baleares-restringira-el-trafico-de-vehiculos-en-el-nuevo-puerto-de-ibiza\/#listItem","name":"La autoridad portuaria de Baleares restringir\u00e1 el tr\u00e1fico de veh\u00edculos en el nuevo puerto de Ibiza"},"previousItem":{"@type":"ListItem","@id":"https:\/\/eldigitaldeasturias.com\/magazine365#listItem","name":"Home"}},{"@type":"ListItem","@id":"https:\/\/eldigitaldeasturias.com\/magazine365\/la-autoridad-portuaria-de-baleares-restringira-el-trafico-de-vehiculos-en-el-nuevo-puerto-de-ibiza\/#listItem","position":3,"name":"La autoridad portuaria de Baleares restringir\u00e1 el tr\u00e1fico de veh\u00edculos en el nuevo puerto de Ibiza","previousItem":{"@type":"ListItem","@id":"https:\/\/eldigitaldeasturias.com\/magazine365\/category\/actualidad-turismo\/#listItem","name":"Actualidad Turismo"}}]},{"@type":"Organization","@id":"https:\/\/eldigitaldeasturias.com\/magazine365\/#organization","name":"El digital de Asturias","description":"Revista de ocio, turismo y estilo de vida","url":"https:\/\/eldigitaldeasturias.com\/magazine365\/","logo":{"@type":"ImageObject","url":"https:\/\/www.eldigitaldeasturias.com\/noticias\/wp-content\/uploads\/2020\/12\/EDA.jpg","@id":"https:\/\/eldigitaldeasturias.com\/magazine365\/la-autoridad-portuaria-de-baleares-restringira-el-trafico-de-vehiculos-en-el-nuevo-puerto-de-ibiza\/#organizationLogo"},"image":{"@id":"https:\/\/eldigitaldeasturias.com\/magazine365\/la-autoridad-portuaria-de-baleares-restringira-el-trafico-de-vehiculos-en-el-nuevo-puerto-de-ibiza\/#organizationLogo"}},{"@type":"Person","@id":"https:\/\/eldigitaldeasturias.com\/magazine365\/author\/admin\/#author","url":"https:\/\/eldigitaldeasturias.com\/magazine365\/author\/admin\/","name":"admin","image":{"@type":"ImageObject","@id":"https:\/\/eldigitaldeasturias.com\/magazine365\/la-autoridad-portuaria-de-baleares-restringira-el-trafico-de-vehiculos-en-el-nuevo-puerto-de-ibiza\/#authorImage","url":"https:\/\/eldigitaldeasturias.com\/magazine365\/wp-content\/litespeed\/avatar\/e571bcf59a0edd6fa6838245a470f2fe.jpg?ver=1777574230","width":96,"height":96,"caption":"admin"}},{"@type":"WebPage","@id":"https:\/\/eldigitaldeasturias.com\/magazine365\/la-autoridad-portuaria-de-baleares-restringira-el-trafico-de-vehiculos-en-el-nuevo-puerto-de-ibiza\/#webpage","url":"https:\/\/eldigitaldeasturias.com\/magazine365\/la-autoridad-portuaria-de-baleares-restringira-el-trafico-de-vehiculos-en-el-nuevo-puerto-de-ibiza\/","name":"La autoridad portuaria de Baleares restringir\u00e1 el tr\u00e1fico de veh\u00edculos en el nuevo puerto de Ibiza | El Digital de Asturias","description":"El puerto de Ibiza implantar\u00e1 la pr\u00f3xima semana el mismo sistema de aparcamiento tarifado y con las mismas tarifas que se aplicaron en 2014 en la zona de la Marina, con la intenci\u00f3n de restringir el tr\u00e1fico de veh\u00edculos en el nuevo paseo. Tras recibir la petici\u00f3n de limitar el paso de tr\u00e1fico rodado en","inLanguage":"es-ES","isPartOf":{"@id":"https:\/\/eldigitaldeasturias.com\/magazine365\/#website"},"breadcrumb":{"@id":"https:\/\/eldigitaldeasturias.com\/magazine365\/la-autoridad-portuaria-de-baleares-restringira-el-trafico-de-vehiculos-en-el-nuevo-puerto-de-ibiza\/#breadcrumblist"},"author":{"@id":"https:\/\/eldigitaldeasturias.com\/magazine365\/author\/admin\/#author"},"creator":{"@id":"https:\/\/eldigitaldeasturias.com\/magazine365\/author\/admin\/#author"},"image":{"@type":"ImageObject","url":"https:\/\/eldigitaldeasturias.com\/magazine365\/wp-content\/uploads\/2015\/06\/fotonoticia_20150618161450_800.jpg","@id":"https:\/\/eldigitaldeasturias.com\/magazine365\/la-autoridad-portuaria-de-baleares-restringira-el-trafico-de-vehiculos-en-el-nuevo-puerto-de-ibiza\/#mainImage","width":800,"height":570},"primaryImageOfPage":{"@id":"https:\/\/eldigitaldeasturias.com\/magazine365\/la-autoridad-portuaria-de-baleares-restringira-el-trafico-de-vehiculos-en-el-nuevo-puerto-de-ibiza\/#mainImage"},"datePublished":"2015-06-19T06:13:15+02:00","dateModified":"2015-06-19T06:13:15+02:00"},{"@type":"WebSite","@id":"https:\/\/eldigitaldeasturias.com\/magazine365\/#website","url":"https:\/\/eldigitaldeasturias.com\/magazine365\/","name":"El Digital de Asturias","description":"Revista de ocio, turismo y estilo de vida","inLanguage":"es-ES","publisher":{"@id":"https:\/\/eldigitaldeasturias.com\/magazine365\/#organization"}}]},"og:locale":"es_ES","og:site_name":"El Digital de Asturias \u2013 Revista de ocio, turismo y estilo de vida","og:type":"article","og:title":"La autoridad portuaria de Baleares restringir\u00e1 el tr\u00e1fico de veh\u00edculos en el nuevo puerto de Ibiza | El Digital de Asturias","og:description":"El puerto de Ibiza implantar\u00e1 la pr\u00f3xima semana el mismo sistema de aparcamiento tarifado y con las mismas tarifas que se aplicaron en 2014 en la zona de la Marina, con la intenci\u00f3n de restringir el tr\u00e1fico de veh\u00edculos en el nuevo paseo. Tras recibir la petici\u00f3n de limitar el paso de tr\u00e1fico rodado en","og:url":"https:\/\/eldigitaldeasturias.com\/magazine365\/la-autoridad-portuaria-de-baleares-restringira-el-trafico-de-vehiculos-en-el-nuevo-puerto-de-ibiza\/","og:image":"https:\/\/eldigitaldeasturias.com\/magazine365\/wp-content\/uploads\/2015\/06\/fotonoticia_20150618161450_800.jpg","og:image:secure_url":"https:\/\/eldigitaldeasturias.com\/magazine365\/wp-content\/uploads\/2015\/06\/fotonoticia_20150618161450_800.jpg","og:image:width":800,"og:image:height":570,"article:published_time":"2015-06-19T04:43:15+00:00","article:modified_time":"2015-06-19T04:43:15+00:00","twitter:card":"summary_large_image","twitter:title":"La autoridad portuaria de Baleares restringir\u00e1 el tr\u00e1fico de veh\u00edculos en el nuevo puerto de Ibiza | El Digital de Asturias","twitter:description":"El puerto de Ibiza implantar\u00e1 la pr\u00f3xima semana el mismo sistema de aparcamiento tarifado y con las mismas tarifas que se aplicaron en 2014 en la zona de la Marina, con la intenci\u00f3n de restringir el tr\u00e1fico de veh\u00edculos en el nuevo paseo. Tras recibir la petici\u00f3n de limitar el paso de tr\u00e1fico rodado en","twitter:image":"https:\/\/eldigitaldeasturias.com\/magazine365\/wp-content\/uploads\/2015\/06\/fotonoticia_20150618161450_800.jpg"},"aioseo_meta_data":{"post_id":"40339","title":null,"description":null,"keywords":null,"keyphrases":null,"primary_term":null,"canonical_url":null,"og_title":null,"og_description":null,"og_object_type":"default","og_image_type":"default","og_image_url":null,"og_image_width":null,"og_image_height":null,"og_image_custom_url":null,"og_image_custom_fields":null,"og_video":null,"og_custom_url":null,"og_article_section":null,"og_article_tags":null,"twitter_use_og":false,"twitter_card":"default","twitter_image_type":"default","twitter_image_url":null,"twitter_image_custom_url":null,"twitter_image_custom_fields":null,"twitter_title":null,"twitter_description":null,"schema":{"blockGraphs":[],"customGraphs":[],"default":{"data":{"Article":[],"Course":[],"Dataset":[],"FAQPage":[],"Movie":[],"Person":[],"Product":[],"ProductReview":[],"Car":[],"Recipe":[],"Service":[],"SoftwareApplication":[],"WebPage":[]},"graphName":"","isEnabled":true},"graphs":[],"defaultGraph":"","defaultPostTypeGraph":""},"schema_type":null,"schema_type_options":null,"pillar_content":false,"robots_default":true,"robots_noindex":false,"robots_noarchive":false,"robots_nosnippet":false,"robots_nofollow":false,"robots_noimageindex":false,"robots_noodp":false,"robots_notranslate":false,"robots_max_snippet":null,"robots_max_videopreview":null,"robots_max_imagepreview":"large","priority":null,"frequency":null,"location":null,"local_seo":null,"seo_analyzer_scan_date":"2025-09-19 13:22:22","breadcrumb_settings":null,"limit_modified_date":false,"open_ai":null,"ai":null,"created":"2021-03-09 02:30:21","updated":"2025-09-19 13:22:22"},"aioseo_breadcrumb":"<div class=\"aioseo-breadcrumbs\"><span class=\"aioseo-breadcrumb\">\n\t<a href=\"https:\/\/eldigitaldeasturias.com\/magazine365\" title=\"Home\">Home<\/a>\n<\/span><span class=\"aioseo-breadcrumb-separator\">\u2013<\/span><span class=\"aioseo-breadcrumb\">\n\t<a href=\"https:\/\/eldigitaldeasturias.com\/magazine365\/category\/actualidad-turismo\/\" title=\"Actualidad Turismo\">Actualidad Turismo<\/a>\n<\/span><span class=\"aioseo-breadcrumb-separator\">\u2013<\/span><span class=\"aioseo-breadcrumb\">\n\t<a href=\"https:\/\/eldigitaldeasturias.com\/magazine365\/la-autoridad-portuaria-de-baleares-restringira-el-trafico-de-vehiculos-en-el-nuevo-puerto-de-ibiza\/\" title=\"La autoridad portuaria de Baleares restringir\u00e1 el tr\u00e1fico de veh\u00edculos en el nuevo puerto de Ibiza\">La autoridad portuaria de Baleares restringir\u00e1 el tr\u00e1fico de veh\u00edculos en el nuevo puerto de Ibiza<\/a>\n<\/span><\/div>","aioseo_breadcrumb_json":[{"label":"Home","link":"https:\/\/eldigitaldeasturias.com\/magazine365"},{"label":"Actualidad Turismo","link":"https:\/\/eldigitaldeasturias.com\/magazine365\/category\/actualidad-turismo\/"},{"label":"La autoridad portuaria de Baleares restringir\u00e1 el tr\u00e1fico de veh\u00edculos en el nuevo puerto de Ibiza","link":"https:\/\/eldigitaldeasturias.com\/magazine365\/la-autoridad-portuaria-de-baleares-restringira-el-trafico-de-vehiculos-en-el-nuevo-puerto-de-ibiza\/"}],"_links":{"self":[{"href":"https:\/\/eldigitaldeasturias.com\/magazine365\/wp-json\/wp\/v2\/posts\/40339","targetHints":{"allow":["GET"]}}],"collection":[{"href":"https:\/\/eldigitaldeasturias.com\/magazine365\/wp-json\/wp\/v2\/posts"}],"about":[{"href":"https:\/\/eldigitaldeasturias.com\/magazine365\/wp-json\/wp\/v2\/types\/post"}],"author":[{"embeddable":true,"href":"https:\/\/eldigitaldeasturias.com\/magazine365\/wp-json\/wp\/v2\/users\/1"}],"replies":[{"embeddable":true,"href":"https:\/\/eldigitaldeasturias.com\/magazine365\/wp-json\/wp\/v2\/comments?post=40339"}],"version-history":[{"count":0,"href":"https:\/\/eldigitaldeasturias.com\/magazine365\/wp-json\/wp\/v2\/posts\/40339\/revisions"}],"wp:featuredmedia":[{"embeddable":true,"href":"https:\/\/eldigitaldeasturias.com\/magazine365\/wp-json\/wp\/v2\/media\/40340"}],"wp:attachment":[{"href":"https:\/\/eldigitaldeasturias.com\/magazine365\/wp-json\/wp\/v2\/media?parent=40339"}],"wp:term":[{"taxonomy":"category","embeddable":true,"href":"https:\/\/eldigitaldeasturias.com\/magazine365\/wp-json\/wp\/v2\/categories?post=40339"},{"taxonomy":"post_tag","embeddable":true,"href":"https:\/\/eldigitaldeasturias.com\/magazine365\/wp-json\/wp\/v2\/tags?post=40339"}],"curies":[{"name":"wp","href":"https:\/\/api.w.org\/{rel}","templated":true}]}}