{"id":40336,"date":"2015-06-19T06:10:57","date_gmt":"2015-06-19T04:40:57","guid":{"rendered":"http:\/\/eldigitaldeasturias.com\/magazine365\/?p=40336"},"modified":"2015-06-19T06:10:57","modified_gmt":"2015-06-19T04:40:57","slug":"el-puerto-de-malaga-preve-cerrar-el-ano-con-un-7-mas-de-cruceros","status":"publish","type":"post","link":"https:\/\/eldigitaldeasturias.com\/magazine365\/el-puerto-de-malaga-preve-cerrar-el-ano-con-un-7-mas-de-cruceros\/","title":{"rendered":"El puerto de M\u00e1laga prev\u00e9 cerrar el a\u00f1o con un 7% m\u00e1s de cruceros"},"content":{"rendered":"<p><img fetchpriority=\"high\" decoding=\"async\" class=\"alignleft size-medium wp-image-40337\" src=\"https:\/\/eldigitaldeasturias.com\/magazine365\/wp-content\/uploads\/2015\/06\/fotonoticia_20150618160655_800-357x300.jpg\" alt=\"fotonoticia_20150618160655_800\" width=\"357\" height=\"300\" srcset=\"https:\/\/eldigitaldeasturias.com\/magazine365\/wp-content\/uploads\/2015\/06\/fotonoticia_20150618160655_800-357x300.jpg 357w, https:\/\/eldigitaldeasturias.com\/magazine365\/wp-content\/uploads\/2015\/06\/fotonoticia_20150618160655_800-650x547.jpg 650w, https:\/\/eldigitaldeasturias.com\/magazine365\/wp-content\/uploads\/2015\/06\/fotonoticia_20150618160655_800-768x646.jpg 768w, https:\/\/eldigitaldeasturias.com\/magazine365\/wp-content\/uploads\/2015\/06\/fotonoticia_20150618160655_800-150x126.jpg 150w, https:\/\/eldigitaldeasturias.com\/magazine365\/wp-content\/uploads\/2015\/06\/fotonoticia_20150618160655_800-450x379.jpg 450w, https:\/\/eldigitaldeasturias.com\/magazine365\/wp-content\/uploads\/2015\/06\/fotonoticia_20150618160655_800-696x586.jpg 696w, https:\/\/eldigitaldeasturias.com\/magazine365\/wp-content\/uploads\/2015\/06\/fotonoticia_20150618160655_800-499x420.jpg 499w, https:\/\/eldigitaldeasturias.com\/magazine365\/wp-content\/uploads\/2015\/06\/fotonoticia_20150618160655_800.jpg 800w\" sizes=\"(max-width: 357px) 100vw, 357px\" \/>El tr\u00e1fico de cruceros en el puerto de M\u00e1laga ha iniciado el a\u00f1o de manera positiva. As\u00ed, se prev\u00e9 un aumento tanto de las escalas como del n\u00famero de pasajeros, con un siete y un tres por ciento m\u00e1s, respectivamente.<\/p>\n<p>Seg\u00fan las estimaciones de la Autoridad Portuaria, el ejercicio se cerrar\u00eda con 243 escalas de barcos de crucero y 420.000 pasajeros, frente a las 227 y 407.870, respectivamente, alcanzadas en el a\u00f1o 2014.<\/p>\n<p>En este primer semestre el puerto de M\u00e1laga cerrar\u00e1 con un total de 184.032 cruceristas, un 9,6% m\u00e1s que en el mismo periodo del ejercicio anterior, y 107 escalas, frente a las 93 de enero a junio de 2014, lo que significa un incremento del 15%, seg\u00fan ha informado en rueda de prensa el presidente de la Autoridad Portuaria, Paulino Plata.<\/p>\n<p>Al n\u00famero de pasajeros hay que sumar los tripulantes que hayan podido bajar durante su escala en M\u00e1laga. Plata ha indicado que la tripulaci\u00f3n a bordo de los buques puede cifrarse en torno a un tercio del total de pasajeros, es decir, unas 60.000 personas.<\/p>\n<p>Los meses de mayor n\u00famero de escalas y pasajeros han sido abril y mayo, como suele ser habitual en el puerto, con 38 y 29, respectivamente. No obstante, en comparaci\u00f3n con 2014, excepto en marzo, hay crecimiento, entre ellos enero, febrero y junio, que no forman parte de esa temporada alta primaveral.<\/p>\n<p>Plata ha destacado que el aumento de barcos se debe en parte a la bajada de tarifas de hasta el 40% impulsada por el Puerto para aquellos barcos que hicieran escala durante los meses de verano e invierno, que son los de menos tr\u00e1fico.<\/p>\n<p>15 MILLONES DE IMPACTO<\/p>\n<p>El impacto econ\u00f3mico de la llegada de estos pasajeros al destino es \u00abmuy importante y positivo\u00bb, estim\u00e1ndose en unos 15 millones de euros en este primer semestre. El gasto medio por crucerista es de unos 64 euros, aunque est\u00e1 creciendo, ha puntualizado el responsable del Puerto malague\u00f1o, quien, no obstante, ha indicado que este dato \u00abes una apreciaci\u00f3n\u00bb; de hecho, se le ha planteado a la Universidad de M\u00e1laga (UMA) c\u00f3mo realizarlo para que sea m\u00e1s fidedigno.<\/p>\n<p>Lo que s\u00ed sigue siendo una \u00abdebilidad\u00bb es que las navieras no tengan a M\u00e1laga como puerto base, es decir, que los pasajeros puedan embarcar y desembarcar en el destino, con lo que ello conlleva para hoteles, bares, restaurantes, etc\u00e9tera. De hecho, s\u00f3lo el cinco por ciento de pasajeros se han registrado en estas escalas base en este semestre.<\/p>\n<p>Para paliar esta situaci\u00f3n, Plata ha recalcado que siguen trabajando para lograr volver a serlo, como en su d\u00eda fue de Royal Caribbean.<\/p>\n<p>En este sentido, desde la Autoridad Portuaria consideran que M\u00e1laga, que es primera escala para muchos cruceros que proceden del Caribe, podr\u00eda ser tambi\u00e9n lugar para que embarcaran. Adem\u00e1s, ha a\u00f1adido, se est\u00e1n manteniendo contactos por ejemplo con Tenerife para realizar un trabajo conjunto, de modo que M\u00e1laga sea salida de cruceros y Santa Cruz, llegada, y viceversa.<\/p>\n<p>\u00abVamos a crecer bastante\u00bb, ha dicho Plata, a\u00f1adiendo tambi\u00e9n la destacada coordinaci\u00f3n con el aeropuerto de M\u00e1laga-Costa del Sol, con el que ya se han hecho varias operativas con buen resultado y que es una buena baza para que las navieras lo tengan en cuenta.<\/p>\n<p>Durante su comparecencia, Plata ha vuelto a aludir a la \u00abdiscriminaci\u00f3n\u00bb que sufren los puertos que han hecho una elevada inversi\u00f3n para atender a los cruceristas frente a otros que \u00ablos reciben como mucho con una lona\u00bb y ha incidido en que \u00abel esfuerzo realizado es un h\u00e1ndicap\u00bb.<\/p>\n<p>\u00abLa pol\u00edtica portuaria debe ayudar al que presta un servicio de calidad y con seguridad\u00bb, ha dicho, recordando c\u00f3mo en el caso de M\u00e1laga, por ejemplo, las tres estaciones de cruceros son totalmente accesibles para personas con movilidad reducida.<\/p>\n<p>BARCELONA<\/p>\n<p>Por otro lado, cuestionado por las declaraciones de la alcaldesa de Barcelona, Ada Colau, de poner l\u00edmites al turismo, con una moratoria de nuevos hoteles y pisos tur\u00edsticos, Plata ha considerado que son palabras \u00abfruto del desconocimiento y de decir cosas sin pensarlas demasiado\u00bb.<\/p>\n<p>En este sentido, ha indicado que si \u00abpersevera\u00bb en este \u00aberror\u00bb, M\u00e1laga y su puerto \u00abvamos a intentar aprovecharnos\u00bb. El presidente de la Autoridad Portuaria ha recalcado que Barcelona es una marca mundialmente conocida \u00aby muy potente, lo que favorece que muchas navieras se instalen all\u00ed\u00bb.<\/p>\n","protected":false},"excerpt":{"rendered":"<p>El tr\u00e1fico de cruceros en el puerto de M\u00e1laga ha iniciado el a\u00f1o de manera positiva. As\u00ed, se prev\u00e9 un aumento tanto de las escalas como del n\u00famero de pasajeros, con un siete y un tres por ciento m\u00e1s, respectivamente. Seg\u00fan las estimaciones de la Autoridad Portuaria, el ejercicio se cerrar\u00eda con 243 escalas de<\/p>\n","protected":false},"author":1,"featured_media":40337,"comment_status":"open","ping_status":"closed","sticky":false,"template":"","format":"standard","meta":{"footnotes":""},"categories":[222],"tags":[],"class_list":{"0":"post-40336","1":"post","2":"type-post","3":"status-publish","4":"format-standard","5":"has-post-thumbnail","7":"category-actualidad-turismo"},"aioseo_notices":[],"aioseo_head":"\n\t\t<!-- All in One SEO Pro 4.9.6.1 - aioseo.com -->\n\t<meta name=\"description\" content=\"El tr\u00e1fico de cruceros en el puerto de M\u00e1laga ha iniciado el a\u00f1o de manera positiva. As\u00ed, se prev\u00e9 un aumento tanto de las escalas como del n\u00famero de pasajeros, con un siete y un tres por ciento m\u00e1s, respectivamente. Seg\u00fan las estimaciones de la Autoridad Portuaria, el ejercicio se cerrar\u00eda con 243 escalas de\" \/>\n\t<meta name=\"robots\" content=\"max-image-preview:large\" \/>\n\t<meta name=\"author\" content=\"admin\"\/>\n\t<meta name=\"google-site-verification\" content=\"UA-38556648-1\" \/>\n\t<meta name=\"keywords\" content=\"actualidad turismo\" \/>\n\t<link rel=\"canonical\" href=\"https:\/\/eldigitaldeasturias.com\/magazine365\/el-puerto-de-malaga-preve-cerrar-el-ano-con-un-7-mas-de-cruceros\/\" \/>\n\t<meta name=\"generator\" content=\"All in One SEO Pro (AIOSEO) 4.9.6.1\" \/>\n\t\t<meta property=\"og:locale\" content=\"es_ES\" \/>\n\t\t<meta property=\"og:site_name\" content=\"El Digital de Asturias \u2013 Revista de ocio, turismo y estilo de vida\" \/>\n\t\t<meta property=\"og:type\" content=\"article\" \/>\n\t\t<meta property=\"og:title\" content=\"El puerto de M\u00e1laga prev\u00e9 cerrar el a\u00f1o con un 7% m\u00e1s de cruceros | El Digital de Asturias\" \/>\n\t\t<meta property=\"og:description\" content=\"El tr\u00e1fico de cruceros en el puerto de M\u00e1laga ha iniciado el a\u00f1o de manera positiva. As\u00ed, se prev\u00e9 un aumento tanto de las escalas como del n\u00famero de pasajeros, con un siete y un tres por ciento m\u00e1s, respectivamente. Seg\u00fan las estimaciones de la Autoridad Portuaria, el ejercicio se cerrar\u00eda con 243 escalas de\" \/>\n\t\t<meta property=\"og:url\" content=\"https:\/\/eldigitaldeasturias.com\/magazine365\/el-puerto-de-malaga-preve-cerrar-el-ano-con-un-7-mas-de-cruceros\/\" \/>\n\t\t<meta property=\"og:image\" content=\"https:\/\/eldigitaldeasturias.com\/magazine365\/wp-content\/uploads\/2015\/06\/fotonoticia_20150618160655_800.jpg\" \/>\n\t\t<meta property=\"og:image:secure_url\" content=\"https:\/\/eldigitaldeasturias.com\/magazine365\/wp-content\/uploads\/2015\/06\/fotonoticia_20150618160655_800.jpg\" \/>\n\t\t<meta property=\"og:image:width\" content=\"800\" \/>\n\t\t<meta property=\"og:image:height\" content=\"673\" \/>\n\t\t<meta property=\"article:published_time\" content=\"2015-06-19T04:40:57+00:00\" \/>\n\t\t<meta property=\"article:modified_time\" content=\"2015-06-19T04:40:57+00:00\" \/>\n\t\t<meta name=\"twitter:card\" content=\"summary_large_image\" \/>\n\t\t<meta name=\"twitter:title\" content=\"El puerto de M\u00e1laga prev\u00e9 cerrar el a\u00f1o con un 7% m\u00e1s de cruceros | El Digital de Asturias\" \/>\n\t\t<meta name=\"twitter:description\" content=\"El tr\u00e1fico de cruceros en el puerto de M\u00e1laga ha iniciado el a\u00f1o de manera positiva. As\u00ed, se prev\u00e9 un aumento tanto de las escalas como del n\u00famero de pasajeros, con un siete y un tres por ciento m\u00e1s, respectivamente. Seg\u00fan las estimaciones de la Autoridad Portuaria, el ejercicio se cerrar\u00eda con 243 escalas de\" \/>\n\t\t<meta name=\"twitter:image\" content=\"https:\/\/eldigitaldeasturias.com\/magazine365\/wp-content\/uploads\/2015\/06\/fotonoticia_20150618160655_800.jpg\" \/>\n\t\t<script type=\"application\/ld+json\" class=\"aioseo-schema\">\n\t\t\t{\"@context\":\"https:\\\/\\\/schema.org\",\"@graph\":[{\"@type\":\"Article\",\"@id\":\"https:\\\/\\\/eldigitaldeasturias.com\\\/magazine365\\\/el-puerto-de-malaga-preve-cerrar-el-ano-con-un-7-mas-de-cruceros\\\/#article\",\"name\":\"El puerto de M\\u00e1laga prev\\u00e9 cerrar el a\\u00f1o con un 7% m\\u00e1s de cruceros | El Digital de Asturias\",\"headline\":\"El puerto de M\\u00e1laga prev\\u00e9 cerrar el a\\u00f1o con un 7% m\\u00e1s de cruceros\",\"author\":{\"@id\":\"https:\\\/\\\/eldigitaldeasturias.com\\\/magazine365\\\/author\\\/admin\\\/#author\"},\"publisher\":{\"@id\":\"https:\\\/\\\/eldigitaldeasturias.com\\\/magazine365\\\/#organization\"},\"image\":{\"@type\":\"ImageObject\",\"url\":\"https:\\\/\\\/eldigitaldeasturias.com\\\/magazine365\\\/wp-content\\\/uploads\\\/2015\\\/06\\\/fotonoticia_20150618160655_800.jpg\",\"width\":800,\"height\":673},\"datePublished\":\"2015-06-19T06:10:57+02:00\",\"dateModified\":\"2015-06-19T06:10:57+02:00\",\"inLanguage\":\"es-ES\",\"mainEntityOfPage\":{\"@id\":\"https:\\\/\\\/eldigitaldeasturias.com\\\/magazine365\\\/el-puerto-de-malaga-preve-cerrar-el-ano-con-un-7-mas-de-cruceros\\\/#webpage\"},\"isPartOf\":{\"@id\":\"https:\\\/\\\/eldigitaldeasturias.com\\\/magazine365\\\/el-puerto-de-malaga-preve-cerrar-el-ano-con-un-7-mas-de-cruceros\\\/#webpage\"},\"articleSection\":\"Actualidad Turismo\"},{\"@type\":\"BreadcrumbList\",\"@id\":\"https:\\\/\\\/eldigitaldeasturias.com\\\/magazine365\\\/el-puerto-de-malaga-preve-cerrar-el-ano-con-un-7-mas-de-cruceros\\\/#breadcrumblist\",\"itemListElement\":[{\"@type\":\"ListItem\",\"@id\":\"https:\\\/\\\/eldigitaldeasturias.com\\\/magazine365#listItem\",\"position\":1,\"name\":\"Home\",\"item\":\"https:\\\/\\\/eldigitaldeasturias.com\\\/magazine365\",\"nextItem\":{\"@type\":\"ListItem\",\"@id\":\"https:\\\/\\\/eldigitaldeasturias.com\\\/magazine365\\\/category\\\/actualidad-turismo\\\/#listItem\",\"name\":\"Actualidad Turismo\"}},{\"@type\":\"ListItem\",\"@id\":\"https:\\\/\\\/eldigitaldeasturias.com\\\/magazine365\\\/category\\\/actualidad-turismo\\\/#listItem\",\"position\":2,\"name\":\"Actualidad Turismo\",\"item\":\"https:\\\/\\\/eldigitaldeasturias.com\\\/magazine365\\\/category\\\/actualidad-turismo\\\/\",\"nextItem\":{\"@type\":\"ListItem\",\"@id\":\"https:\\\/\\\/eldigitaldeasturias.com\\\/magazine365\\\/el-puerto-de-malaga-preve-cerrar-el-ano-con-un-7-mas-de-cruceros\\\/#listItem\",\"name\":\"El puerto de M\\u00e1laga prev\\u00e9 cerrar el a\\u00f1o con un 7% m\\u00e1s de cruceros\"},\"previousItem\":{\"@type\":\"ListItem\",\"@id\":\"https:\\\/\\\/eldigitaldeasturias.com\\\/magazine365#listItem\",\"name\":\"Home\"}},{\"@type\":\"ListItem\",\"@id\":\"https:\\\/\\\/eldigitaldeasturias.com\\\/magazine365\\\/el-puerto-de-malaga-preve-cerrar-el-ano-con-un-7-mas-de-cruceros\\\/#listItem\",\"position\":3,\"name\":\"El puerto de M\\u00e1laga prev\\u00e9 cerrar el a\\u00f1o con un 7% m\\u00e1s de cruceros\",\"previousItem\":{\"@type\":\"ListItem\",\"@id\":\"https:\\\/\\\/eldigitaldeasturias.com\\\/magazine365\\\/category\\\/actualidad-turismo\\\/#listItem\",\"name\":\"Actualidad Turismo\"}}]},{\"@type\":\"Organization\",\"@id\":\"https:\\\/\\\/eldigitaldeasturias.com\\\/magazine365\\\/#organization\",\"name\":\"El digital de Asturias\",\"description\":\"Revista de ocio, turismo y estilo de vida\",\"url\":\"https:\\\/\\\/eldigitaldeasturias.com\\\/magazine365\\\/\",\"logo\":{\"@type\":\"ImageObject\",\"url\":\"https:\\\/\\\/www.eldigitaldeasturias.com\\\/noticias\\\/wp-content\\\/uploads\\\/2020\\\/12\\\/EDA.jpg\",\"@id\":\"https:\\\/\\\/eldigitaldeasturias.com\\\/magazine365\\\/el-puerto-de-malaga-preve-cerrar-el-ano-con-un-7-mas-de-cruceros\\\/#organizationLogo\"},\"image\":{\"@id\":\"https:\\\/\\\/eldigitaldeasturias.com\\\/magazine365\\\/el-puerto-de-malaga-preve-cerrar-el-ano-con-un-7-mas-de-cruceros\\\/#organizationLogo\"}},{\"@type\":\"Person\",\"@id\":\"https:\\\/\\\/eldigitaldeasturias.com\\\/magazine365\\\/author\\\/admin\\\/#author\",\"url\":\"https:\\\/\\\/eldigitaldeasturias.com\\\/magazine365\\\/author\\\/admin\\\/\",\"name\":\"admin\",\"image\":{\"@type\":\"ImageObject\",\"@id\":\"https:\\\/\\\/eldigitaldeasturias.com\\\/magazine365\\\/el-puerto-de-malaga-preve-cerrar-el-ano-con-un-7-mas-de-cruceros\\\/#authorImage\",\"url\":\"https:\\\/\\\/eldigitaldeasturias.com\\\/magazine365\\\/wp-content\\\/litespeed\\\/avatar\\\/e571bcf59a0edd6fa6838245a470f2fe.jpg?ver=1777574230\",\"width\":96,\"height\":96,\"caption\":\"admin\"}},{\"@type\":\"WebPage\",\"@id\":\"https:\\\/\\\/eldigitaldeasturias.com\\\/magazine365\\\/el-puerto-de-malaga-preve-cerrar-el-ano-con-un-7-mas-de-cruceros\\\/#webpage\",\"url\":\"https:\\\/\\\/eldigitaldeasturias.com\\\/magazine365\\\/el-puerto-de-malaga-preve-cerrar-el-ano-con-un-7-mas-de-cruceros\\\/\",\"name\":\"El puerto de M\\u00e1laga prev\\u00e9 cerrar el a\\u00f1o con un 7% m\\u00e1s de cruceros | El Digital de Asturias\",\"description\":\"El tr\\u00e1fico de cruceros en el puerto de M\\u00e1laga ha iniciado el a\\u00f1o de manera positiva. As\\u00ed, se prev\\u00e9 un aumento tanto de las escalas como del n\\u00famero de pasajeros, con un siete y un tres por ciento m\\u00e1s, respectivamente. Seg\\u00fan las estimaciones de la Autoridad Portuaria, el ejercicio se cerrar\\u00eda con 243 escalas de\",\"inLanguage\":\"es-ES\",\"isPartOf\":{\"@id\":\"https:\\\/\\\/eldigitaldeasturias.com\\\/magazine365\\\/#website\"},\"breadcrumb\":{\"@id\":\"https:\\\/\\\/eldigitaldeasturias.com\\\/magazine365\\\/el-puerto-de-malaga-preve-cerrar-el-ano-con-un-7-mas-de-cruceros\\\/#breadcrumblist\"},\"author\":{\"@id\":\"https:\\\/\\\/eldigitaldeasturias.com\\\/magazine365\\\/author\\\/admin\\\/#author\"},\"creator\":{\"@id\":\"https:\\\/\\\/eldigitaldeasturias.com\\\/magazine365\\\/author\\\/admin\\\/#author\"},\"image\":{\"@type\":\"ImageObject\",\"url\":\"https:\\\/\\\/eldigitaldeasturias.com\\\/magazine365\\\/wp-content\\\/uploads\\\/2015\\\/06\\\/fotonoticia_20150618160655_800.jpg\",\"@id\":\"https:\\\/\\\/eldigitaldeasturias.com\\\/magazine365\\\/el-puerto-de-malaga-preve-cerrar-el-ano-con-un-7-mas-de-cruceros\\\/#mainImage\",\"width\":800,\"height\":673},\"primaryImageOfPage\":{\"@id\":\"https:\\\/\\\/eldigitaldeasturias.com\\\/magazine365\\\/el-puerto-de-malaga-preve-cerrar-el-ano-con-un-7-mas-de-cruceros\\\/#mainImage\"},\"datePublished\":\"2015-06-19T06:10:57+02:00\",\"dateModified\":\"2015-06-19T06:10:57+02:00\"},{\"@type\":\"WebSite\",\"@id\":\"https:\\\/\\\/eldigitaldeasturias.com\\\/magazine365\\\/#website\",\"url\":\"https:\\\/\\\/eldigitaldeasturias.com\\\/magazine365\\\/\",\"name\":\"El Digital de Asturias\",\"description\":\"Revista de ocio, turismo y estilo de vida\",\"inLanguage\":\"es-ES\",\"publisher\":{\"@id\":\"https:\\\/\\\/eldigitaldeasturias.com\\\/magazine365\\\/#organization\"}}]}\n\t\t<\/script>\n\t\t<!-- All in One SEO Pro -->\r\n\t\t<title>El puerto de M\u00e1laga prev\u00e9 cerrar el a\u00f1o con un 7% m\u00e1s de cruceros | El Digital de Asturias<\/title>\n\n","aioseo_head_json":{"title":"El puerto de M\u00e1laga prev\u00e9 cerrar el a\u00f1o con un 7% m\u00e1s de cruceros | El Digital de Asturias","description":"El tr\u00e1fico de cruceros en el puerto de M\u00e1laga ha iniciado el a\u00f1o de manera positiva. As\u00ed, se prev\u00e9 un aumento tanto de las escalas como del n\u00famero de pasajeros, con un siete y un tres por ciento m\u00e1s, respectivamente. Seg\u00fan las estimaciones de la Autoridad Portuaria, el ejercicio se cerrar\u00eda con 243 escalas de","canonical_url":"https:\/\/eldigitaldeasturias.com\/magazine365\/el-puerto-de-malaga-preve-cerrar-el-ano-con-un-7-mas-de-cruceros\/","robots":"max-image-preview:large","keywords":"actualidad turismo","webmasterTools":{"google-site-verification":"UA-38556648-1","miscellaneous":""},"schema":{"@context":"https:\/\/schema.org","@graph":[{"@type":"Article","@id":"https:\/\/eldigitaldeasturias.com\/magazine365\/el-puerto-de-malaga-preve-cerrar-el-ano-con-un-7-mas-de-cruceros\/#article","name":"El puerto de M\u00e1laga prev\u00e9 cerrar el a\u00f1o con un 7% m\u00e1s de cruceros | El Digital de Asturias","headline":"El puerto de M\u00e1laga prev\u00e9 cerrar el a\u00f1o con un 7% m\u00e1s de cruceros","author":{"@id":"https:\/\/eldigitaldeasturias.com\/magazine365\/author\/admin\/#author"},"publisher":{"@id":"https:\/\/eldigitaldeasturias.com\/magazine365\/#organization"},"image":{"@type":"ImageObject","url":"https:\/\/eldigitaldeasturias.com\/magazine365\/wp-content\/uploads\/2015\/06\/fotonoticia_20150618160655_800.jpg","width":800,"height":673},"datePublished":"2015-06-19T06:10:57+02:00","dateModified":"2015-06-19T06:10:57+02:00","inLanguage":"es-ES","mainEntityOfPage":{"@id":"https:\/\/eldigitaldeasturias.com\/magazine365\/el-puerto-de-malaga-preve-cerrar-el-ano-con-un-7-mas-de-cruceros\/#webpage"},"isPartOf":{"@id":"https:\/\/eldigitaldeasturias.com\/magazine365\/el-puerto-de-malaga-preve-cerrar-el-ano-con-un-7-mas-de-cruceros\/#webpage"},"articleSection":"Actualidad Turismo"},{"@type":"BreadcrumbList","@id":"https:\/\/eldigitaldeasturias.com\/magazine365\/el-puerto-de-malaga-preve-cerrar-el-ano-con-un-7-mas-de-cruceros\/#breadcrumblist","itemListElement":[{"@type":"ListItem","@id":"https:\/\/eldigitaldeasturias.com\/magazine365#listItem","position":1,"name":"Home","item":"https:\/\/eldigitaldeasturias.com\/magazine365","nextItem":{"@type":"ListItem","@id":"https:\/\/eldigitaldeasturias.com\/magazine365\/category\/actualidad-turismo\/#listItem","name":"Actualidad Turismo"}},{"@type":"ListItem","@id":"https:\/\/eldigitaldeasturias.com\/magazine365\/category\/actualidad-turismo\/#listItem","position":2,"name":"Actualidad Turismo","item":"https:\/\/eldigitaldeasturias.com\/magazine365\/category\/actualidad-turismo\/","nextItem":{"@type":"ListItem","@id":"https:\/\/eldigitaldeasturias.com\/magazine365\/el-puerto-de-malaga-preve-cerrar-el-ano-con-un-7-mas-de-cruceros\/#listItem","name":"El puerto de M\u00e1laga prev\u00e9 cerrar el a\u00f1o con un 7% m\u00e1s de cruceros"},"previousItem":{"@type":"ListItem","@id":"https:\/\/eldigitaldeasturias.com\/magazine365#listItem","name":"Home"}},{"@type":"ListItem","@id":"https:\/\/eldigitaldeasturias.com\/magazine365\/el-puerto-de-malaga-preve-cerrar-el-ano-con-un-7-mas-de-cruceros\/#listItem","position":3,"name":"El puerto de M\u00e1laga prev\u00e9 cerrar el a\u00f1o con un 7% m\u00e1s de cruceros","previousItem":{"@type":"ListItem","@id":"https:\/\/eldigitaldeasturias.com\/magazine365\/category\/actualidad-turismo\/#listItem","name":"Actualidad Turismo"}}]},{"@type":"Organization","@id":"https:\/\/eldigitaldeasturias.com\/magazine365\/#organization","name":"El digital de Asturias","description":"Revista de ocio, turismo y estilo de vida","url":"https:\/\/eldigitaldeasturias.com\/magazine365\/","logo":{"@type":"ImageObject","url":"https:\/\/www.eldigitaldeasturias.com\/noticias\/wp-content\/uploads\/2020\/12\/EDA.jpg","@id":"https:\/\/eldigitaldeasturias.com\/magazine365\/el-puerto-de-malaga-preve-cerrar-el-ano-con-un-7-mas-de-cruceros\/#organizationLogo"},"image":{"@id":"https:\/\/eldigitaldeasturias.com\/magazine365\/el-puerto-de-malaga-preve-cerrar-el-ano-con-un-7-mas-de-cruceros\/#organizationLogo"}},{"@type":"Person","@id":"https:\/\/eldigitaldeasturias.com\/magazine365\/author\/admin\/#author","url":"https:\/\/eldigitaldeasturias.com\/magazine365\/author\/admin\/","name":"admin","image":{"@type":"ImageObject","@id":"https:\/\/eldigitaldeasturias.com\/magazine365\/el-puerto-de-malaga-preve-cerrar-el-ano-con-un-7-mas-de-cruceros\/#authorImage","url":"https:\/\/eldigitaldeasturias.com\/magazine365\/wp-content\/litespeed\/avatar\/e571bcf59a0edd6fa6838245a470f2fe.jpg?ver=1777574230","width":96,"height":96,"caption":"admin"}},{"@type":"WebPage","@id":"https:\/\/eldigitaldeasturias.com\/magazine365\/el-puerto-de-malaga-preve-cerrar-el-ano-con-un-7-mas-de-cruceros\/#webpage","url":"https:\/\/eldigitaldeasturias.com\/magazine365\/el-puerto-de-malaga-preve-cerrar-el-ano-con-un-7-mas-de-cruceros\/","name":"El puerto de M\u00e1laga prev\u00e9 cerrar el a\u00f1o con un 7% m\u00e1s de cruceros | El Digital de Asturias","description":"El tr\u00e1fico de cruceros en el puerto de M\u00e1laga ha iniciado el a\u00f1o de manera positiva. As\u00ed, se prev\u00e9 un aumento tanto de las escalas como del n\u00famero de pasajeros, con un siete y un tres por ciento m\u00e1s, respectivamente. Seg\u00fan las estimaciones de la Autoridad Portuaria, el ejercicio se cerrar\u00eda con 243 escalas de","inLanguage":"es-ES","isPartOf":{"@id":"https:\/\/eldigitaldeasturias.com\/magazine365\/#website"},"breadcrumb":{"@id":"https:\/\/eldigitaldeasturias.com\/magazine365\/el-puerto-de-malaga-preve-cerrar-el-ano-con-un-7-mas-de-cruceros\/#breadcrumblist"},"author":{"@id":"https:\/\/eldigitaldeasturias.com\/magazine365\/author\/admin\/#author"},"creator":{"@id":"https:\/\/eldigitaldeasturias.com\/magazine365\/author\/admin\/#author"},"image":{"@type":"ImageObject","url":"https:\/\/eldigitaldeasturias.com\/magazine365\/wp-content\/uploads\/2015\/06\/fotonoticia_20150618160655_800.jpg","@id":"https:\/\/eldigitaldeasturias.com\/magazine365\/el-puerto-de-malaga-preve-cerrar-el-ano-con-un-7-mas-de-cruceros\/#mainImage","width":800,"height":673},"primaryImageOfPage":{"@id":"https:\/\/eldigitaldeasturias.com\/magazine365\/el-puerto-de-malaga-preve-cerrar-el-ano-con-un-7-mas-de-cruceros\/#mainImage"},"datePublished":"2015-06-19T06:10:57+02:00","dateModified":"2015-06-19T06:10:57+02:00"},{"@type":"WebSite","@id":"https:\/\/eldigitaldeasturias.com\/magazine365\/#website","url":"https:\/\/eldigitaldeasturias.com\/magazine365\/","name":"El Digital de Asturias","description":"Revista de ocio, turismo y estilo de vida","inLanguage":"es-ES","publisher":{"@id":"https:\/\/eldigitaldeasturias.com\/magazine365\/#organization"}}]},"og:locale":"es_ES","og:site_name":"El Digital de Asturias \u2013 Revista de ocio, turismo y estilo de vida","og:type":"article","og:title":"El puerto de M\u00e1laga prev\u00e9 cerrar el a\u00f1o con un 7% m\u00e1s de cruceros | El Digital de Asturias","og:description":"El tr\u00e1fico de cruceros en el puerto de M\u00e1laga ha iniciado el a\u00f1o de manera positiva. As\u00ed, se prev\u00e9 un aumento tanto de las escalas como del n\u00famero de pasajeros, con un siete y un tres por ciento m\u00e1s, respectivamente. Seg\u00fan las estimaciones de la Autoridad Portuaria, el ejercicio se cerrar\u00eda con 243 escalas de","og:url":"https:\/\/eldigitaldeasturias.com\/magazine365\/el-puerto-de-malaga-preve-cerrar-el-ano-con-un-7-mas-de-cruceros\/","og:image":"https:\/\/eldigitaldeasturias.com\/magazine365\/wp-content\/uploads\/2015\/06\/fotonoticia_20150618160655_800.jpg","og:image:secure_url":"https:\/\/eldigitaldeasturias.com\/magazine365\/wp-content\/uploads\/2015\/06\/fotonoticia_20150618160655_800.jpg","og:image:width":800,"og:image:height":673,"article:published_time":"2015-06-19T04:40:57+00:00","article:modified_time":"2015-06-19T04:40:57+00:00","twitter:card":"summary_large_image","twitter:title":"El puerto de M\u00e1laga prev\u00e9 cerrar el a\u00f1o con un 7% m\u00e1s de cruceros | El Digital de Asturias","twitter:description":"El tr\u00e1fico de cruceros en el puerto de M\u00e1laga ha iniciado el a\u00f1o de manera positiva. As\u00ed, se prev\u00e9 un aumento tanto de las escalas como del n\u00famero de pasajeros, con un siete y un tres por ciento m\u00e1s, respectivamente. Seg\u00fan las estimaciones de la Autoridad Portuaria, el ejercicio se cerrar\u00eda con 243 escalas de","twitter:image":"https:\/\/eldigitaldeasturias.com\/magazine365\/wp-content\/uploads\/2015\/06\/fotonoticia_20150618160655_800.jpg"},"aioseo_meta_data":{"post_id":"40336","title":null,"description":null,"keywords":null,"keyphrases":null,"primary_term":null,"canonical_url":null,"og_title":null,"og_description":null,"og_object_type":"default","og_image_type":"default","og_image_url":null,"og_image_width":null,"og_image_height":null,"og_image_custom_url":null,"og_image_custom_fields":null,"og_video":null,"og_custom_url":null,"og_article_section":null,"og_article_tags":null,"twitter_use_og":false,"twitter_card":"default","twitter_image_type":"default","twitter_image_url":null,"twitter_image_custom_url":null,"twitter_image_custom_fields":null,"twitter_title":null,"twitter_description":null,"schema":{"blockGraphs":[],"customGraphs":[],"default":{"data":{"Article":[],"Course":[],"Dataset":[],"FAQPage":[],"Movie":[],"Person":[],"Product":[],"ProductReview":[],"Car":[],"Recipe":[],"Service":[],"SoftwareApplication":[],"WebPage":[]},"graphName":"","isEnabled":true},"graphs":[],"defaultGraph":"","defaultPostTypeGraph":""},"schema_type":null,"schema_type_options":null,"pillar_content":false,"robots_default":true,"robots_noindex":false,"robots_noarchive":false,"robots_nosnippet":false,"robots_nofollow":false,"robots_noimageindex":false,"robots_noodp":false,"robots_notranslate":false,"robots_max_snippet":null,"robots_max_videopreview":null,"robots_max_imagepreview":"large","priority":null,"frequency":null,"location":null,"local_seo":null,"seo_analyzer_scan_date":"2025-09-19 13:22:21","breadcrumb_settings":null,"limit_modified_date":false,"open_ai":null,"ai":null,"created":"2021-03-09 02:30:21","updated":"2025-09-19 13:22:21"},"aioseo_breadcrumb":"<div class=\"aioseo-breadcrumbs\"><span class=\"aioseo-breadcrumb\">\n\t<a href=\"https:\/\/eldigitaldeasturias.com\/magazine365\" title=\"Home\">Home<\/a>\n<\/span><span class=\"aioseo-breadcrumb-separator\">\u2013<\/span><span class=\"aioseo-breadcrumb\">\n\t<a href=\"https:\/\/eldigitaldeasturias.com\/magazine365\/category\/actualidad-turismo\/\" title=\"Actualidad Turismo\">Actualidad Turismo<\/a>\n<\/span><span class=\"aioseo-breadcrumb-separator\">\u2013<\/span><span class=\"aioseo-breadcrumb\">\n\t<a href=\"https:\/\/eldigitaldeasturias.com\/magazine365\/el-puerto-de-malaga-preve-cerrar-el-ano-con-un-7-mas-de-cruceros\/\" title=\"El puerto de M\u00e1laga prev\u00e9 cerrar el a\u00f1o con un 7% m\u00e1s de cruceros\">El puerto de M\u00e1laga prev\u00e9 cerrar el a\u00f1o con un 7% m\u00e1s de cruceros<\/a>\n<\/span><\/div>","aioseo_breadcrumb_json":[{"label":"Home","link":"https:\/\/eldigitaldeasturias.com\/magazine365"},{"label":"Actualidad Turismo","link":"https:\/\/eldigitaldeasturias.com\/magazine365\/category\/actualidad-turismo\/"},{"label":"El puerto de M\u00e1laga prev\u00e9 cerrar el a\u00f1o con un 7% m\u00e1s de cruceros","link":"https:\/\/eldigitaldeasturias.com\/magazine365\/el-puerto-de-malaga-preve-cerrar-el-ano-con-un-7-mas-de-cruceros\/"}],"_links":{"self":[{"href":"https:\/\/eldigitaldeasturias.com\/magazine365\/wp-json\/wp\/v2\/posts\/40336","targetHints":{"allow":["GET"]}}],"collection":[{"href":"https:\/\/eldigitaldeasturias.com\/magazine365\/wp-json\/wp\/v2\/posts"}],"about":[{"href":"https:\/\/eldigitaldeasturias.com\/magazine365\/wp-json\/wp\/v2\/types\/post"}],"author":[{"embeddable":true,"href":"https:\/\/eldigitaldeasturias.com\/magazine365\/wp-json\/wp\/v2\/users\/1"}],"replies":[{"embeddable":true,"href":"https:\/\/eldigitaldeasturias.com\/magazine365\/wp-json\/wp\/v2\/comments?post=40336"}],"version-history":[{"count":0,"href":"https:\/\/eldigitaldeasturias.com\/magazine365\/wp-json\/wp\/v2\/posts\/40336\/revisions"}],"wp:featuredmedia":[{"embeddable":true,"href":"https:\/\/eldigitaldeasturias.com\/magazine365\/wp-json\/wp\/v2\/media\/40337"}],"wp:attachment":[{"href":"https:\/\/eldigitaldeasturias.com\/magazine365\/wp-json\/wp\/v2\/media?parent=40336"}],"wp:term":[{"taxonomy":"category","embeddable":true,"href":"https:\/\/eldigitaldeasturias.com\/magazine365\/wp-json\/wp\/v2\/categories?post=40336"},{"taxonomy":"post_tag","embeddable":true,"href":"https:\/\/eldigitaldeasturias.com\/magazine365\/wp-json\/wp\/v2\/tags?post=40336"}],"curies":[{"name":"wp","href":"https:\/\/api.w.org\/{rel}","templated":true}]}}