{"id":40333,"date":"2015-06-19T06:09:32","date_gmt":"2015-06-19T04:39:32","guid":{"rendered":"http:\/\/eldigitaldeasturias.com\/magazine365\/?p=40333"},"modified":"2015-06-19T06:09:32","modified_gmt":"2015-06-19T04:39:32","slug":"la-costa-del-sol-muestra-sus-atractivos-a-agentes-de-viaje-de-irlanda","status":"publish","type":"post","link":"https:\/\/eldigitaldeasturias.com\/magazine365\/la-costa-del-sol-muestra-sus-atractivos-a-agentes-de-viaje-de-irlanda\/","title":{"rendered":"La Costa del Sol muestra sus atractivos a agentes de viaje de Irlanda"},"content":{"rendered":"<p><img fetchpriority=\"high\" decoding=\"async\" class=\"alignleft size-medium wp-image-40334\" src=\"https:\/\/eldigitaldeasturias.com\/magazine365\/wp-content\/uploads\/2015\/06\/fotonoticia_20150618160454_800-318x300.jpg\" alt=\"fotonoticia_20150618160454_800\" width=\"318\" height=\"300\" srcset=\"https:\/\/eldigitaldeasturias.com\/magazine365\/wp-content\/uploads\/2015\/06\/fotonoticia_20150618160454_800-318x300.jpg 318w, https:\/\/eldigitaldeasturias.com\/magazine365\/wp-content\/uploads\/2015\/06\/fotonoticia_20150618160454_800-650x613.jpg 650w, https:\/\/eldigitaldeasturias.com\/magazine365\/wp-content\/uploads\/2015\/06\/fotonoticia_20150618160454_800-768x724.jpg 768w, https:\/\/eldigitaldeasturias.com\/magazine365\/wp-content\/uploads\/2015\/06\/fotonoticia_20150618160454_800-150x141.jpg 150w, https:\/\/eldigitaldeasturias.com\/magazine365\/wp-content\/uploads\/2015\/06\/fotonoticia_20150618160454_800-450x424.jpg 450w, https:\/\/eldigitaldeasturias.com\/magazine365\/wp-content\/uploads\/2015\/06\/fotonoticia_20150618160454_800-696x656.jpg 696w, https:\/\/eldigitaldeasturias.com\/magazine365\/wp-content\/uploads\/2015\/06\/fotonoticia_20150618160454_800-446x420.jpg 446w, https:\/\/eldigitaldeasturias.com\/magazine365\/wp-content\/uploads\/2015\/06\/fotonoticia_20150618160454_800.jpg 800w\" sizes=\"(max-width: 318px) 100vw, 318px\" \/>Una treintena de agentes de viaje procedentes de Irlanda participar\u00e1n desde este viernes en un viaje de familiarizaci\u00f3n por la provincia de M\u00e1laga para conocer sus atractivos. La acci\u00f3n est\u00e1 organizada por Turismo Costa del Sol, Turismo Andaluz y la Oficina Espa\u00f1ola de Turismo (OET) de Irlanda.<\/p>\n<p>Este viaje busca promocionar y comercializar la oferta de M\u00e1laga-Costa del Sol a un mercado que est\u00e1 experimentando un importante crecimiento en los \u00faltimos meses. De hecho, entre enero y abril el destino ha registrado 28.466 viajeros hoteleros irlandeses (+9,1%).<\/p>\n<p>Los integrantes de esta acci\u00f3n de promoci\u00f3n son agentes especializados y de otros colectivos como asociaciones, que acompa\u00f1an a grupos escolares, culturales y acad\u00e9micos. El presidente de la Diputaci\u00f3n y de Turismo Costa del Sol en funciones, El\u00edas Bendodo, el objetivo es mostrar la oferta del destino sobre todo en el segmento cultural, as\u00ed como el gastron\u00f3mico, &#8216;lifestyle&#8217;, ocio en familia y compras.<\/p>\n<p>La llegada de viajeros de esta nacionalidad al aeropuerto de M\u00e1laga-Costa del Sol ha experimentado tambi\u00e9n un aumento en los primeros cuatro meses del a\u00f1o, concretamente de un 8,25%, con 63.946 pasajeros, frente a los 59.070 del mismo periodo de 2014.<\/p>\n<p>Durante tres d\u00edas se ha organizado un intenso programa centrado en mostrar a los agentes, sobre todo, los principales atractivos culturales del destino: Museo Carmen Thyssen, Museo Picasso o Centre Pompidou, entre otros.<\/p>\n<p>En cuanto al perfil del visitante cultural en el destino malague\u00f1o, en su mayor parte proceden de Espa\u00f1a (29,39%), seguido de Reino Unido (21,76%) y de Alemania (17,18%). Suele ser mayor de 65 a\u00f1os (24%), con un presupuesto medio de 732,92 euros y un gasto medio de bolsillo de 56,66 euros.<\/p>\n<p>Estos visitantes disfrutan de una estancia media de 7,87 d\u00edas, suelen viajar en pareja (72,5%) y casi el 30% se aloja en hoteles de cuatro estrellas. Casi cuatro de cada 10 planea su viaje con entre dos y seis meses de antelaci\u00f3n y tienen un grado de satisfacci\u00f3n muy positivo, seg\u00fan indica el 53,4% de los que llegan atra\u00eddos por esta motivaci\u00f3n.<\/p>\n","protected":false},"excerpt":{"rendered":"<p>Una treintena de agentes de viaje procedentes de Irlanda participar\u00e1n desde este viernes en un viaje de familiarizaci\u00f3n por la provincia de M\u00e1laga para conocer sus atractivos. La acci\u00f3n est\u00e1 organizada por Turismo Costa del Sol, Turismo Andaluz y la Oficina Espa\u00f1ola de Turismo (OET) de Irlanda. Este viaje busca promocionar y comercializar la oferta<\/p>\n","protected":false},"author":1,"featured_media":40334,"comment_status":"open","ping_status":"closed","sticky":false,"template":"","format":"standard","meta":{"footnotes":""},"categories":[222],"tags":[],"class_list":{"0":"post-40333","1":"post","2":"type-post","3":"status-publish","4":"format-standard","5":"has-post-thumbnail","7":"category-actualidad-turismo"},"aioseo_notices":[],"aioseo_head":"\n\t\t<!-- All in One SEO Pro 4.9.6.1 - aioseo.com -->\n\t<meta name=\"description\" content=\"Una treintena de agentes de viaje procedentes de Irlanda participar\u00e1n desde este viernes en un viaje de familiarizaci\u00f3n por la provincia de M\u00e1laga para conocer sus atractivos. La acci\u00f3n est\u00e1 organizada por Turismo Costa del Sol, Turismo Andaluz y la Oficina Espa\u00f1ola de Turismo (OET) de Irlanda. Este viaje busca promocionar y comercializar la oferta\" \/>\n\t<meta name=\"robots\" content=\"max-image-preview:large\" \/>\n\t<meta name=\"author\" content=\"admin\"\/>\n\t<meta name=\"google-site-verification\" content=\"UA-38556648-1\" \/>\n\t<meta name=\"keywords\" content=\"actualidad turismo\" \/>\n\t<link rel=\"canonical\" href=\"https:\/\/eldigitaldeasturias.com\/magazine365\/la-costa-del-sol-muestra-sus-atractivos-a-agentes-de-viaje-de-irlanda\/\" \/>\n\t<meta name=\"generator\" content=\"All in One SEO Pro (AIOSEO) 4.9.6.1\" \/>\n\t\t<meta property=\"og:locale\" content=\"es_ES\" \/>\n\t\t<meta property=\"og:site_name\" content=\"El Digital de Asturias \u2013 Revista de ocio, turismo y estilo de vida\" \/>\n\t\t<meta property=\"og:type\" content=\"article\" \/>\n\t\t<meta property=\"og:title\" content=\"La Costa del Sol muestra sus atractivos a agentes de viaje de Irlanda | El Digital de Asturias\" \/>\n\t\t<meta property=\"og:description\" content=\"Una treintena de agentes de viaje procedentes de Irlanda participar\u00e1n desde este viernes en un viaje de familiarizaci\u00f3n por la provincia de M\u00e1laga para conocer sus atractivos. La acci\u00f3n est\u00e1 organizada por Turismo Costa del Sol, Turismo Andaluz y la Oficina Espa\u00f1ola de Turismo (OET) de Irlanda. Este viaje busca promocionar y comercializar la oferta\" \/>\n\t\t<meta property=\"og:url\" content=\"https:\/\/eldigitaldeasturias.com\/magazine365\/la-costa-del-sol-muestra-sus-atractivos-a-agentes-de-viaje-de-irlanda\/\" \/>\n\t\t<meta property=\"og:image\" content=\"https:\/\/eldigitaldeasturias.com\/magazine365\/wp-content\/uploads\/2015\/06\/fotonoticia_20150618160454_800.jpg\" \/>\n\t\t<meta property=\"og:image:secure_url\" content=\"https:\/\/eldigitaldeasturias.com\/magazine365\/wp-content\/uploads\/2015\/06\/fotonoticia_20150618160454_800.jpg\" \/>\n\t\t<meta property=\"og:image:width\" content=\"800\" \/>\n\t\t<meta property=\"og:image:height\" content=\"754\" \/>\n\t\t<meta property=\"article:published_time\" content=\"2015-06-19T04:39:32+00:00\" \/>\n\t\t<meta property=\"article:modified_time\" content=\"2015-06-19T04:39:32+00:00\" \/>\n\t\t<meta name=\"twitter:card\" content=\"summary_large_image\" \/>\n\t\t<meta name=\"twitter:title\" content=\"La Costa del Sol muestra sus atractivos a agentes de viaje de Irlanda | El Digital de Asturias\" \/>\n\t\t<meta name=\"twitter:description\" content=\"Una treintena de agentes de viaje procedentes de Irlanda participar\u00e1n desde este viernes en un viaje de familiarizaci\u00f3n por la provincia de M\u00e1laga para conocer sus atractivos. La acci\u00f3n est\u00e1 organizada por Turismo Costa del Sol, Turismo Andaluz y la Oficina Espa\u00f1ola de Turismo (OET) de Irlanda. Este viaje busca promocionar y comercializar la oferta\" \/>\n\t\t<meta name=\"twitter:image\" content=\"https:\/\/eldigitaldeasturias.com\/magazine365\/wp-content\/uploads\/2015\/06\/fotonoticia_20150618160454_800.jpg\" \/>\n\t\t<script type=\"application\/ld+json\" class=\"aioseo-schema\">\n\t\t\t{\"@context\":\"https:\\\/\\\/schema.org\",\"@graph\":[{\"@type\":\"Article\",\"@id\":\"https:\\\/\\\/eldigitaldeasturias.com\\\/magazine365\\\/la-costa-del-sol-muestra-sus-atractivos-a-agentes-de-viaje-de-irlanda\\\/#article\",\"name\":\"La Costa del Sol muestra sus atractivos a agentes de viaje de Irlanda | El Digital de Asturias\",\"headline\":\"La Costa del Sol muestra sus atractivos a agentes de viaje de Irlanda\",\"author\":{\"@id\":\"https:\\\/\\\/eldigitaldeasturias.com\\\/magazine365\\\/author\\\/admin\\\/#author\"},\"publisher\":{\"@id\":\"https:\\\/\\\/eldigitaldeasturias.com\\\/magazine365\\\/#organization\"},\"image\":{\"@type\":\"ImageObject\",\"url\":\"https:\\\/\\\/eldigitaldeasturias.com\\\/magazine365\\\/wp-content\\\/uploads\\\/2015\\\/06\\\/fotonoticia_20150618160454_800.jpg\",\"width\":800,\"height\":754},\"datePublished\":\"2015-06-19T06:09:32+02:00\",\"dateModified\":\"2015-06-19T06:09:32+02:00\",\"inLanguage\":\"es-ES\",\"mainEntityOfPage\":{\"@id\":\"https:\\\/\\\/eldigitaldeasturias.com\\\/magazine365\\\/la-costa-del-sol-muestra-sus-atractivos-a-agentes-de-viaje-de-irlanda\\\/#webpage\"},\"isPartOf\":{\"@id\":\"https:\\\/\\\/eldigitaldeasturias.com\\\/magazine365\\\/la-costa-del-sol-muestra-sus-atractivos-a-agentes-de-viaje-de-irlanda\\\/#webpage\"},\"articleSection\":\"Actualidad Turismo\"},{\"@type\":\"BreadcrumbList\",\"@id\":\"https:\\\/\\\/eldigitaldeasturias.com\\\/magazine365\\\/la-costa-del-sol-muestra-sus-atractivos-a-agentes-de-viaje-de-irlanda\\\/#breadcrumblist\",\"itemListElement\":[{\"@type\":\"ListItem\",\"@id\":\"https:\\\/\\\/eldigitaldeasturias.com\\\/magazine365#listItem\",\"position\":1,\"name\":\"Home\",\"item\":\"https:\\\/\\\/eldigitaldeasturias.com\\\/magazine365\",\"nextItem\":{\"@type\":\"ListItem\",\"@id\":\"https:\\\/\\\/eldigitaldeasturias.com\\\/magazine365\\\/category\\\/actualidad-turismo\\\/#listItem\",\"name\":\"Actualidad Turismo\"}},{\"@type\":\"ListItem\",\"@id\":\"https:\\\/\\\/eldigitaldeasturias.com\\\/magazine365\\\/category\\\/actualidad-turismo\\\/#listItem\",\"position\":2,\"name\":\"Actualidad Turismo\",\"item\":\"https:\\\/\\\/eldigitaldeasturias.com\\\/magazine365\\\/category\\\/actualidad-turismo\\\/\",\"nextItem\":{\"@type\":\"ListItem\",\"@id\":\"https:\\\/\\\/eldigitaldeasturias.com\\\/magazine365\\\/la-costa-del-sol-muestra-sus-atractivos-a-agentes-de-viaje-de-irlanda\\\/#listItem\",\"name\":\"La Costa del Sol muestra sus atractivos a agentes de viaje de Irlanda\"},\"previousItem\":{\"@type\":\"ListItem\",\"@id\":\"https:\\\/\\\/eldigitaldeasturias.com\\\/magazine365#listItem\",\"name\":\"Home\"}},{\"@type\":\"ListItem\",\"@id\":\"https:\\\/\\\/eldigitaldeasturias.com\\\/magazine365\\\/la-costa-del-sol-muestra-sus-atractivos-a-agentes-de-viaje-de-irlanda\\\/#listItem\",\"position\":3,\"name\":\"La Costa del Sol muestra sus atractivos a agentes de viaje de Irlanda\",\"previousItem\":{\"@type\":\"ListItem\",\"@id\":\"https:\\\/\\\/eldigitaldeasturias.com\\\/magazine365\\\/category\\\/actualidad-turismo\\\/#listItem\",\"name\":\"Actualidad Turismo\"}}]},{\"@type\":\"Organization\",\"@id\":\"https:\\\/\\\/eldigitaldeasturias.com\\\/magazine365\\\/#organization\",\"name\":\"El digital de Asturias\",\"description\":\"Revista de ocio, turismo y estilo de vida\",\"url\":\"https:\\\/\\\/eldigitaldeasturias.com\\\/magazine365\\\/\",\"logo\":{\"@type\":\"ImageObject\",\"url\":\"https:\\\/\\\/www.eldigitaldeasturias.com\\\/noticias\\\/wp-content\\\/uploads\\\/2020\\\/12\\\/EDA.jpg\",\"@id\":\"https:\\\/\\\/eldigitaldeasturias.com\\\/magazine365\\\/la-costa-del-sol-muestra-sus-atractivos-a-agentes-de-viaje-de-irlanda\\\/#organizationLogo\"},\"image\":{\"@id\":\"https:\\\/\\\/eldigitaldeasturias.com\\\/magazine365\\\/la-costa-del-sol-muestra-sus-atractivos-a-agentes-de-viaje-de-irlanda\\\/#organizationLogo\"}},{\"@type\":\"Person\",\"@id\":\"https:\\\/\\\/eldigitaldeasturias.com\\\/magazine365\\\/author\\\/admin\\\/#author\",\"url\":\"https:\\\/\\\/eldigitaldeasturias.com\\\/magazine365\\\/author\\\/admin\\\/\",\"name\":\"admin\",\"image\":{\"@type\":\"ImageObject\",\"@id\":\"https:\\\/\\\/eldigitaldeasturias.com\\\/magazine365\\\/la-costa-del-sol-muestra-sus-atractivos-a-agentes-de-viaje-de-irlanda\\\/#authorImage\",\"url\":\"https:\\\/\\\/eldigitaldeasturias.com\\\/magazine365\\\/wp-content\\\/litespeed\\\/avatar\\\/e571bcf59a0edd6fa6838245a470f2fe.jpg?ver=1777574230\",\"width\":96,\"height\":96,\"caption\":\"admin\"}},{\"@type\":\"WebPage\",\"@id\":\"https:\\\/\\\/eldigitaldeasturias.com\\\/magazine365\\\/la-costa-del-sol-muestra-sus-atractivos-a-agentes-de-viaje-de-irlanda\\\/#webpage\",\"url\":\"https:\\\/\\\/eldigitaldeasturias.com\\\/magazine365\\\/la-costa-del-sol-muestra-sus-atractivos-a-agentes-de-viaje-de-irlanda\\\/\",\"name\":\"La Costa del Sol muestra sus atractivos a agentes de viaje de Irlanda | El Digital de Asturias\",\"description\":\"Una treintena de agentes de viaje procedentes de Irlanda participar\\u00e1n desde este viernes en un viaje de familiarizaci\\u00f3n por la provincia de M\\u00e1laga para conocer sus atractivos. La acci\\u00f3n est\\u00e1 organizada por Turismo Costa del Sol, Turismo Andaluz y la Oficina Espa\\u00f1ola de Turismo (OET) de Irlanda. Este viaje busca promocionar y comercializar la oferta\",\"inLanguage\":\"es-ES\",\"isPartOf\":{\"@id\":\"https:\\\/\\\/eldigitaldeasturias.com\\\/magazine365\\\/#website\"},\"breadcrumb\":{\"@id\":\"https:\\\/\\\/eldigitaldeasturias.com\\\/magazine365\\\/la-costa-del-sol-muestra-sus-atractivos-a-agentes-de-viaje-de-irlanda\\\/#breadcrumblist\"},\"author\":{\"@id\":\"https:\\\/\\\/eldigitaldeasturias.com\\\/magazine365\\\/author\\\/admin\\\/#author\"},\"creator\":{\"@id\":\"https:\\\/\\\/eldigitaldeasturias.com\\\/magazine365\\\/author\\\/admin\\\/#author\"},\"image\":{\"@type\":\"ImageObject\",\"url\":\"https:\\\/\\\/eldigitaldeasturias.com\\\/magazine365\\\/wp-content\\\/uploads\\\/2015\\\/06\\\/fotonoticia_20150618160454_800.jpg\",\"@id\":\"https:\\\/\\\/eldigitaldeasturias.com\\\/magazine365\\\/la-costa-del-sol-muestra-sus-atractivos-a-agentes-de-viaje-de-irlanda\\\/#mainImage\",\"width\":800,\"height\":754},\"primaryImageOfPage\":{\"@id\":\"https:\\\/\\\/eldigitaldeasturias.com\\\/magazine365\\\/la-costa-del-sol-muestra-sus-atractivos-a-agentes-de-viaje-de-irlanda\\\/#mainImage\"},\"datePublished\":\"2015-06-19T06:09:32+02:00\",\"dateModified\":\"2015-06-19T06:09:32+02:00\"},{\"@type\":\"WebSite\",\"@id\":\"https:\\\/\\\/eldigitaldeasturias.com\\\/magazine365\\\/#website\",\"url\":\"https:\\\/\\\/eldigitaldeasturias.com\\\/magazine365\\\/\",\"name\":\"El Digital de Asturias\",\"description\":\"Revista de ocio, turismo y estilo de vida\",\"inLanguage\":\"es-ES\",\"publisher\":{\"@id\":\"https:\\\/\\\/eldigitaldeasturias.com\\\/magazine365\\\/#organization\"}}]}\n\t\t<\/script>\n\t\t<!-- All in One SEO Pro -->\r\n\t\t<title>La Costa del Sol muestra sus atractivos a agentes de viaje de Irlanda | El Digital de Asturias<\/title>\n\n","aioseo_head_json":{"title":"La Costa del Sol muestra sus atractivos a agentes de viaje de Irlanda | El Digital de Asturias","description":"Una treintena de agentes de viaje procedentes de Irlanda participar\u00e1n desde este viernes en un viaje de familiarizaci\u00f3n por la provincia de M\u00e1laga para conocer sus atractivos. La acci\u00f3n est\u00e1 organizada por Turismo Costa del Sol, Turismo Andaluz y la Oficina Espa\u00f1ola de Turismo (OET) de Irlanda. Este viaje busca promocionar y comercializar la oferta","canonical_url":"https:\/\/eldigitaldeasturias.com\/magazine365\/la-costa-del-sol-muestra-sus-atractivos-a-agentes-de-viaje-de-irlanda\/","robots":"max-image-preview:large","keywords":"actualidad turismo","webmasterTools":{"google-site-verification":"UA-38556648-1","miscellaneous":""},"schema":{"@context":"https:\/\/schema.org","@graph":[{"@type":"Article","@id":"https:\/\/eldigitaldeasturias.com\/magazine365\/la-costa-del-sol-muestra-sus-atractivos-a-agentes-de-viaje-de-irlanda\/#article","name":"La Costa del Sol muestra sus atractivos a agentes de viaje de Irlanda | El Digital de Asturias","headline":"La Costa del Sol muestra sus atractivos a agentes de viaje de Irlanda","author":{"@id":"https:\/\/eldigitaldeasturias.com\/magazine365\/author\/admin\/#author"},"publisher":{"@id":"https:\/\/eldigitaldeasturias.com\/magazine365\/#organization"},"image":{"@type":"ImageObject","url":"https:\/\/eldigitaldeasturias.com\/magazine365\/wp-content\/uploads\/2015\/06\/fotonoticia_20150618160454_800.jpg","width":800,"height":754},"datePublished":"2015-06-19T06:09:32+02:00","dateModified":"2015-06-19T06:09:32+02:00","inLanguage":"es-ES","mainEntityOfPage":{"@id":"https:\/\/eldigitaldeasturias.com\/magazine365\/la-costa-del-sol-muestra-sus-atractivos-a-agentes-de-viaje-de-irlanda\/#webpage"},"isPartOf":{"@id":"https:\/\/eldigitaldeasturias.com\/magazine365\/la-costa-del-sol-muestra-sus-atractivos-a-agentes-de-viaje-de-irlanda\/#webpage"},"articleSection":"Actualidad Turismo"},{"@type":"BreadcrumbList","@id":"https:\/\/eldigitaldeasturias.com\/magazine365\/la-costa-del-sol-muestra-sus-atractivos-a-agentes-de-viaje-de-irlanda\/#breadcrumblist","itemListElement":[{"@type":"ListItem","@id":"https:\/\/eldigitaldeasturias.com\/magazine365#listItem","position":1,"name":"Home","item":"https:\/\/eldigitaldeasturias.com\/magazine365","nextItem":{"@type":"ListItem","@id":"https:\/\/eldigitaldeasturias.com\/magazine365\/category\/actualidad-turismo\/#listItem","name":"Actualidad Turismo"}},{"@type":"ListItem","@id":"https:\/\/eldigitaldeasturias.com\/magazine365\/category\/actualidad-turismo\/#listItem","position":2,"name":"Actualidad Turismo","item":"https:\/\/eldigitaldeasturias.com\/magazine365\/category\/actualidad-turismo\/","nextItem":{"@type":"ListItem","@id":"https:\/\/eldigitaldeasturias.com\/magazine365\/la-costa-del-sol-muestra-sus-atractivos-a-agentes-de-viaje-de-irlanda\/#listItem","name":"La Costa del Sol muestra sus atractivos a agentes de viaje de Irlanda"},"previousItem":{"@type":"ListItem","@id":"https:\/\/eldigitaldeasturias.com\/magazine365#listItem","name":"Home"}},{"@type":"ListItem","@id":"https:\/\/eldigitaldeasturias.com\/magazine365\/la-costa-del-sol-muestra-sus-atractivos-a-agentes-de-viaje-de-irlanda\/#listItem","position":3,"name":"La Costa del Sol muestra sus atractivos a agentes de viaje de Irlanda","previousItem":{"@type":"ListItem","@id":"https:\/\/eldigitaldeasturias.com\/magazine365\/category\/actualidad-turismo\/#listItem","name":"Actualidad Turismo"}}]},{"@type":"Organization","@id":"https:\/\/eldigitaldeasturias.com\/magazine365\/#organization","name":"El digital de Asturias","description":"Revista de ocio, turismo y estilo de vida","url":"https:\/\/eldigitaldeasturias.com\/magazine365\/","logo":{"@type":"ImageObject","url":"https:\/\/www.eldigitaldeasturias.com\/noticias\/wp-content\/uploads\/2020\/12\/EDA.jpg","@id":"https:\/\/eldigitaldeasturias.com\/magazine365\/la-costa-del-sol-muestra-sus-atractivos-a-agentes-de-viaje-de-irlanda\/#organizationLogo"},"image":{"@id":"https:\/\/eldigitaldeasturias.com\/magazine365\/la-costa-del-sol-muestra-sus-atractivos-a-agentes-de-viaje-de-irlanda\/#organizationLogo"}},{"@type":"Person","@id":"https:\/\/eldigitaldeasturias.com\/magazine365\/author\/admin\/#author","url":"https:\/\/eldigitaldeasturias.com\/magazine365\/author\/admin\/","name":"admin","image":{"@type":"ImageObject","@id":"https:\/\/eldigitaldeasturias.com\/magazine365\/la-costa-del-sol-muestra-sus-atractivos-a-agentes-de-viaje-de-irlanda\/#authorImage","url":"https:\/\/eldigitaldeasturias.com\/magazine365\/wp-content\/litespeed\/avatar\/e571bcf59a0edd6fa6838245a470f2fe.jpg?ver=1777574230","width":96,"height":96,"caption":"admin"}},{"@type":"WebPage","@id":"https:\/\/eldigitaldeasturias.com\/magazine365\/la-costa-del-sol-muestra-sus-atractivos-a-agentes-de-viaje-de-irlanda\/#webpage","url":"https:\/\/eldigitaldeasturias.com\/magazine365\/la-costa-del-sol-muestra-sus-atractivos-a-agentes-de-viaje-de-irlanda\/","name":"La Costa del Sol muestra sus atractivos a agentes de viaje de Irlanda | El Digital de Asturias","description":"Una treintena de agentes de viaje procedentes de Irlanda participar\u00e1n desde este viernes en un viaje de familiarizaci\u00f3n por la provincia de M\u00e1laga para conocer sus atractivos. La acci\u00f3n est\u00e1 organizada por Turismo Costa del Sol, Turismo Andaluz y la Oficina Espa\u00f1ola de Turismo (OET) de Irlanda. Este viaje busca promocionar y comercializar la oferta","inLanguage":"es-ES","isPartOf":{"@id":"https:\/\/eldigitaldeasturias.com\/magazine365\/#website"},"breadcrumb":{"@id":"https:\/\/eldigitaldeasturias.com\/magazine365\/la-costa-del-sol-muestra-sus-atractivos-a-agentes-de-viaje-de-irlanda\/#breadcrumblist"},"author":{"@id":"https:\/\/eldigitaldeasturias.com\/magazine365\/author\/admin\/#author"},"creator":{"@id":"https:\/\/eldigitaldeasturias.com\/magazine365\/author\/admin\/#author"},"image":{"@type":"ImageObject","url":"https:\/\/eldigitaldeasturias.com\/magazine365\/wp-content\/uploads\/2015\/06\/fotonoticia_20150618160454_800.jpg","@id":"https:\/\/eldigitaldeasturias.com\/magazine365\/la-costa-del-sol-muestra-sus-atractivos-a-agentes-de-viaje-de-irlanda\/#mainImage","width":800,"height":754},"primaryImageOfPage":{"@id":"https:\/\/eldigitaldeasturias.com\/magazine365\/la-costa-del-sol-muestra-sus-atractivos-a-agentes-de-viaje-de-irlanda\/#mainImage"},"datePublished":"2015-06-19T06:09:32+02:00","dateModified":"2015-06-19T06:09:32+02:00"},{"@type":"WebSite","@id":"https:\/\/eldigitaldeasturias.com\/magazine365\/#website","url":"https:\/\/eldigitaldeasturias.com\/magazine365\/","name":"El Digital de Asturias","description":"Revista de ocio, turismo y estilo de vida","inLanguage":"es-ES","publisher":{"@id":"https:\/\/eldigitaldeasturias.com\/magazine365\/#organization"}}]},"og:locale":"es_ES","og:site_name":"El Digital de Asturias \u2013 Revista de ocio, turismo y estilo de vida","og:type":"article","og:title":"La Costa del Sol muestra sus atractivos a agentes de viaje de Irlanda | El Digital de Asturias","og:description":"Una treintena de agentes de viaje procedentes de Irlanda participar\u00e1n desde este viernes en un viaje de familiarizaci\u00f3n por la provincia de M\u00e1laga para conocer sus atractivos. La acci\u00f3n est\u00e1 organizada por Turismo Costa del Sol, Turismo Andaluz y la Oficina Espa\u00f1ola de Turismo (OET) de Irlanda. Este viaje busca promocionar y comercializar la oferta","og:url":"https:\/\/eldigitaldeasturias.com\/magazine365\/la-costa-del-sol-muestra-sus-atractivos-a-agentes-de-viaje-de-irlanda\/","og:image":"https:\/\/eldigitaldeasturias.com\/magazine365\/wp-content\/uploads\/2015\/06\/fotonoticia_20150618160454_800.jpg","og:image:secure_url":"https:\/\/eldigitaldeasturias.com\/magazine365\/wp-content\/uploads\/2015\/06\/fotonoticia_20150618160454_800.jpg","og:image:width":800,"og:image:height":754,"article:published_time":"2015-06-19T04:39:32+00:00","article:modified_time":"2015-06-19T04:39:32+00:00","twitter:card":"summary_large_image","twitter:title":"La Costa del Sol muestra sus atractivos a agentes de viaje de Irlanda | El Digital de Asturias","twitter:description":"Una treintena de agentes de viaje procedentes de Irlanda participar\u00e1n desde este viernes en un viaje de familiarizaci\u00f3n por la provincia de M\u00e1laga para conocer sus atractivos. La acci\u00f3n est\u00e1 organizada por Turismo Costa del Sol, Turismo Andaluz y la Oficina Espa\u00f1ola de Turismo (OET) de Irlanda. Este viaje busca promocionar y comercializar la oferta","twitter:image":"https:\/\/eldigitaldeasturias.com\/magazine365\/wp-content\/uploads\/2015\/06\/fotonoticia_20150618160454_800.jpg"},"aioseo_meta_data":{"post_id":"40333","title":null,"description":null,"keywords":null,"keyphrases":null,"primary_term":null,"canonical_url":null,"og_title":null,"og_description":null,"og_object_type":"default","og_image_type":"default","og_image_url":null,"og_image_width":null,"og_image_height":null,"og_image_custom_url":null,"og_image_custom_fields":null,"og_video":null,"og_custom_url":null,"og_article_section":null,"og_article_tags":null,"twitter_use_og":false,"twitter_card":"default","twitter_image_type":"default","twitter_image_url":null,"twitter_image_custom_url":null,"twitter_image_custom_fields":null,"twitter_title":null,"twitter_description":null,"schema":{"blockGraphs":[],"customGraphs":[],"default":{"data":{"Article":[],"Course":[],"Dataset":[],"FAQPage":[],"Movie":[],"Person":[],"Product":[],"ProductReview":[],"Car":[],"Recipe":[],"Service":[],"SoftwareApplication":[],"WebPage":[]},"graphName":"","isEnabled":true},"graphs":[],"defaultGraph":"","defaultPostTypeGraph":""},"schema_type":null,"schema_type_options":null,"pillar_content":false,"robots_default":true,"robots_noindex":false,"robots_noarchive":false,"robots_nosnippet":false,"robots_nofollow":false,"robots_noimageindex":false,"robots_noodp":false,"robots_notranslate":false,"robots_max_snippet":null,"robots_max_videopreview":null,"robots_max_imagepreview":"large","priority":null,"frequency":null,"location":null,"local_seo":null,"seo_analyzer_scan_date":"2025-09-19 13:20:15","breadcrumb_settings":null,"limit_modified_date":false,"open_ai":null,"ai":null,"created":"2021-03-09 02:30:21","updated":"2025-09-19 13:20:15"},"aioseo_breadcrumb":"<div class=\"aioseo-breadcrumbs\"><span class=\"aioseo-breadcrumb\">\n\t<a href=\"https:\/\/eldigitaldeasturias.com\/magazine365\" title=\"Home\">Home<\/a>\n<\/span><span class=\"aioseo-breadcrumb-separator\">\u2013<\/span><span class=\"aioseo-breadcrumb\">\n\t<a href=\"https:\/\/eldigitaldeasturias.com\/magazine365\/category\/actualidad-turismo\/\" title=\"Actualidad Turismo\">Actualidad Turismo<\/a>\n<\/span><span class=\"aioseo-breadcrumb-separator\">\u2013<\/span><span class=\"aioseo-breadcrumb\">\n\t<a href=\"https:\/\/eldigitaldeasturias.com\/magazine365\/la-costa-del-sol-muestra-sus-atractivos-a-agentes-de-viaje-de-irlanda\/\" title=\"La Costa del Sol muestra sus atractivos a agentes de viaje de Irlanda\">La Costa del Sol muestra sus atractivos a agentes de viaje de Irlanda<\/a>\n<\/span><\/div>","aioseo_breadcrumb_json":[{"label":"Home","link":"https:\/\/eldigitaldeasturias.com\/magazine365"},{"label":"Actualidad Turismo","link":"https:\/\/eldigitaldeasturias.com\/magazine365\/category\/actualidad-turismo\/"},{"label":"La Costa del Sol muestra sus atractivos a agentes de viaje de Irlanda","link":"https:\/\/eldigitaldeasturias.com\/magazine365\/la-costa-del-sol-muestra-sus-atractivos-a-agentes-de-viaje-de-irlanda\/"}],"_links":{"self":[{"href":"https:\/\/eldigitaldeasturias.com\/magazine365\/wp-json\/wp\/v2\/posts\/40333","targetHints":{"allow":["GET"]}}],"collection":[{"href":"https:\/\/eldigitaldeasturias.com\/magazine365\/wp-json\/wp\/v2\/posts"}],"about":[{"href":"https:\/\/eldigitaldeasturias.com\/magazine365\/wp-json\/wp\/v2\/types\/post"}],"author":[{"embeddable":true,"href":"https:\/\/eldigitaldeasturias.com\/magazine365\/wp-json\/wp\/v2\/users\/1"}],"replies":[{"embeddable":true,"href":"https:\/\/eldigitaldeasturias.com\/magazine365\/wp-json\/wp\/v2\/comments?post=40333"}],"version-history":[{"count":0,"href":"https:\/\/eldigitaldeasturias.com\/magazine365\/wp-json\/wp\/v2\/posts\/40333\/revisions"}],"wp:featuredmedia":[{"embeddable":true,"href":"https:\/\/eldigitaldeasturias.com\/magazine365\/wp-json\/wp\/v2\/media\/40334"}],"wp:attachment":[{"href":"https:\/\/eldigitaldeasturias.com\/magazine365\/wp-json\/wp\/v2\/media?parent=40333"}],"wp:term":[{"taxonomy":"category","embeddable":true,"href":"https:\/\/eldigitaldeasturias.com\/magazine365\/wp-json\/wp\/v2\/categories?post=40333"},{"taxonomy":"post_tag","embeddable":true,"href":"https:\/\/eldigitaldeasturias.com\/magazine365\/wp-json\/wp\/v2\/tags?post=40333"}],"curies":[{"name":"wp","href":"https:\/\/api.w.org\/{rel}","templated":true}]}}