{"id":40330,"date":"2015-06-19T06:08:17","date_gmt":"2015-06-19T04:38:17","guid":{"rendered":"http:\/\/eldigitaldeasturias.com\/magazine365\/?p=40330"},"modified":"2015-06-19T06:08:17","modified_gmt":"2015-06-19T04:38:17","slug":"pastor-asegura-que-el-15-de-los-viajeros-del-ave-son-nuevos-pasajeros-del-tren","status":"publish","type":"post","link":"https:\/\/eldigitaldeasturias.com\/magazine365\/pastor-asegura-que-el-15-de-los-viajeros-del-ave-son-nuevos-pasajeros-del-tren\/","title":{"rendered":"Pastor asegura que el 15% de los viajeros del AVE son nuevos pasajeros del tren"},"content":{"rendered":"<p><img fetchpriority=\"high\" decoding=\"async\" class=\"alignleft size-medium wp-image-40331\" src=\"https:\/\/eldigitaldeasturias.com\/magazine365\/wp-content\/uploads\/2015\/06\/fotonoticia_20150618151111_800-360x278.jpg\" alt=\"fotonoticia_20150618151111_800\" width=\"360\" height=\"278\" srcset=\"https:\/\/eldigitaldeasturias.com\/magazine365\/wp-content\/uploads\/2015\/06\/fotonoticia_20150618151111_800-360x278.jpg 360w, https:\/\/eldigitaldeasturias.com\/magazine365\/wp-content\/uploads\/2015\/06\/fotonoticia_20150618151111_800-650x501.jpg 650w, https:\/\/eldigitaldeasturias.com\/magazine365\/wp-content\/uploads\/2015\/06\/fotonoticia_20150618151111_800-768x592.jpg 768w, https:\/\/eldigitaldeasturias.com\/magazine365\/wp-content\/uploads\/2015\/06\/fotonoticia_20150618151111_800-150x116.jpg 150w, https:\/\/eldigitaldeasturias.com\/magazine365\/wp-content\/uploads\/2015\/06\/fotonoticia_20150618151111_800-450x347.jpg 450w, https:\/\/eldigitaldeasturias.com\/magazine365\/wp-content\/uploads\/2015\/06\/fotonoticia_20150618151111_800-696x537.jpg 696w, https:\/\/eldigitaldeasturias.com\/magazine365\/wp-content\/uploads\/2015\/06\/fotonoticia_20150618151111_800-545x420.jpg 545w, https:\/\/eldigitaldeasturias.com\/magazine365\/wp-content\/uploads\/2015\/06\/fotonoticia_20150618151111_800.jpg 800w\" sizes=\"(max-width: 360px) 100vw, 360px\" \/>El 15% de los actuales viajeros de los trenes de Alta Velocidad no hab\u00eda subido al tren anteriormente, seg\u00fan la ministra de Fomento, Ana Pastor, que atribuye el hecho de que el AVE haya ganado estos nuevos viajeros a la bajada del precio del billete y a las nuevas iniciativas comerciales que se pusieron en marcha hace dos a\u00f1os.<\/p>\n<p>Pastor considera as\u00ed que gracias a esta nueva estrategia comercial, el AVE, \u00abque no es un lujo, se ha \u00abdemocratizado\u00bb, y que mientras que antes los trenes \u00abiban vac\u00edos\u00bb ahora el n\u00famero de viajeros de este servicio crece a un ritmo del 11%<\/p>\n<p>Durante su intervenci\u00f3n en la inauguraci\u00f3n del II Congreso Regional de la Empresa Familiar, la ministra destac\u00f3 que, seg\u00fan el FMI, Espa\u00f1a tiene uno de los mejores sectores tur\u00edsticos, algo que Pastor achaca a que el pa\u00eds cuenta con las mejores infraestructuras y existe \u00abintermodalidad\u00bb entre modos de transporte.<\/p>\n<p>Precisamente Pastor ha afirmado que actualmente se trabaja en la \u00abinteroperabilidad\u00bb con empresas de diferentes tipo de transporte para mejorar en este aspecto.<\/p>\n<p>AENA, EN EL IBEX.<\/p>\n<p>En la misma l\u00ednea, Pastor contrapuso las \u00abinsensatas\u00bb decisiones tomadas en el pasado \u00abque ahora se est\u00e1n resolviendo\u00bb, en materia de aeropuertos.<\/p>\n<p>As\u00ed, ha destacado la decisi\u00f3n del Gobierno de sacar a Bolsa Aena, operador que este jueves se estren\u00f3 en el selectivo Ibex 35 despu\u00e9s de que el valor de sus acciones casi se haya doblado.<\/p>\n<p>Para la ministra, Aena ha pasado de ser una empresa que no pod\u00eda pagar la n\u00f3mina a ser una empresa p\u00fablica con beneficios.<\/p>\n<p>Por ello, ha defendido el funcionamiento de los aeropuertos en red y ha calificado de \u00abgran locura\u00bb la idea del anterior Gobierno socialista de segregar los aeropuertos con mayor tr\u00e1fico, cuando se trata de potenciar su intermodalidad.<\/p>\n","protected":false},"excerpt":{"rendered":"<p>El 15% de los actuales viajeros de los trenes de Alta Velocidad no hab\u00eda subido al tren anteriormente, seg\u00fan la ministra de Fomento, Ana Pastor, que atribuye el hecho de que el AVE haya ganado estos nuevos viajeros a la bajada del precio del billete y a las nuevas iniciativas comerciales que se pusieron en<\/p>\n","protected":false},"author":1,"featured_media":40331,"comment_status":"open","ping_status":"closed","sticky":false,"template":"","format":"standard","meta":{"footnotes":""},"categories":[224],"tags":[],"class_list":{"0":"post-40330","1":"post","2":"type-post","3":"status-publish","4":"format-standard","5":"has-post-thumbnail","7":"category-noticias-actualidad"},"aioseo_notices":[],"aioseo_head":"\n\t\t<!-- All in One SEO Pro 4.9.6.1 - aioseo.com -->\n\t<meta name=\"description\" content=\"El 15% de los actuales viajeros de los trenes de Alta Velocidad no hab\u00eda subido al tren anteriormente, seg\u00fan la ministra de Fomento, Ana Pastor, que atribuye el hecho de que el AVE haya ganado estos nuevos viajeros a la bajada del precio del billete y a las nuevas iniciativas comerciales que se pusieron en\" \/>\n\t<meta name=\"robots\" content=\"max-image-preview:large\" \/>\n\t<meta name=\"author\" content=\"admin\"\/>\n\t<meta name=\"google-site-verification\" content=\"UA-38556648-1\" \/>\n\t<meta name=\"keywords\" content=\"noticias y actualidad\" \/>\n\t<link rel=\"canonical\" href=\"https:\/\/eldigitaldeasturias.com\/magazine365\/pastor-asegura-que-el-15-de-los-viajeros-del-ave-son-nuevos-pasajeros-del-tren\/\" \/>\n\t<meta name=\"generator\" content=\"All in One SEO Pro (AIOSEO) 4.9.6.1\" \/>\n\t\t<meta property=\"og:locale\" content=\"es_ES\" \/>\n\t\t<meta property=\"og:site_name\" content=\"El Digital de Asturias \u2013 Revista de ocio, turismo y estilo de vida\" \/>\n\t\t<meta property=\"og:type\" content=\"article\" \/>\n\t\t<meta property=\"og:title\" content=\"Pastor asegura que el 15% de los viajeros del AVE son nuevos pasajeros del tren | El Digital de Asturias\" \/>\n\t\t<meta property=\"og:description\" content=\"El 15% de los actuales viajeros de los trenes de Alta Velocidad no hab\u00eda subido al tren anteriormente, seg\u00fan la ministra de Fomento, Ana Pastor, que atribuye el hecho de que el AVE haya ganado estos nuevos viajeros a la bajada del precio del billete y a las nuevas iniciativas comerciales que se pusieron en\" \/>\n\t\t<meta property=\"og:url\" content=\"https:\/\/eldigitaldeasturias.com\/magazine365\/pastor-asegura-que-el-15-de-los-viajeros-del-ave-son-nuevos-pasajeros-del-tren\/\" \/>\n\t\t<meta property=\"og:image\" content=\"https:\/\/eldigitaldeasturias.com\/magazine365\/wp-content\/uploads\/2015\/06\/fotonoticia_20150618151111_800.jpg\" \/>\n\t\t<meta property=\"og:image:secure_url\" content=\"https:\/\/eldigitaldeasturias.com\/magazine365\/wp-content\/uploads\/2015\/06\/fotonoticia_20150618151111_800.jpg\" \/>\n\t\t<meta property=\"og:image:width\" content=\"800\" \/>\n\t\t<meta property=\"og:image:height\" content=\"617\" \/>\n\t\t<meta property=\"article:published_time\" content=\"2015-06-19T04:38:17+00:00\" \/>\n\t\t<meta property=\"article:modified_time\" content=\"2015-06-19T04:38:17+00:00\" \/>\n\t\t<meta name=\"twitter:card\" content=\"summary_large_image\" \/>\n\t\t<meta name=\"twitter:title\" content=\"Pastor asegura que el 15% de los viajeros del AVE son nuevos pasajeros del tren | El Digital de Asturias\" \/>\n\t\t<meta name=\"twitter:description\" content=\"El 15% de los actuales viajeros de los trenes de Alta Velocidad no hab\u00eda subido al tren anteriormente, seg\u00fan la ministra de Fomento, Ana Pastor, que atribuye el hecho de que el AVE haya ganado estos nuevos viajeros a la bajada del precio del billete y a las nuevas iniciativas comerciales que se pusieron en\" \/>\n\t\t<meta name=\"twitter:image\" content=\"https:\/\/eldigitaldeasturias.com\/magazine365\/wp-content\/uploads\/2015\/06\/fotonoticia_20150618151111_800.jpg\" \/>\n\t\t<script type=\"application\/ld+json\" class=\"aioseo-schema\">\n\t\t\t{\"@context\":\"https:\\\/\\\/schema.org\",\"@graph\":[{\"@type\":\"Article\",\"@id\":\"https:\\\/\\\/eldigitaldeasturias.com\\\/magazine365\\\/pastor-asegura-que-el-15-de-los-viajeros-del-ave-son-nuevos-pasajeros-del-tren\\\/#article\",\"name\":\"Pastor asegura que el 15% de los viajeros del AVE son nuevos pasajeros del tren | El Digital de Asturias\",\"headline\":\"Pastor asegura que el 15% de los viajeros del AVE son nuevos pasajeros del tren\",\"author\":{\"@id\":\"https:\\\/\\\/eldigitaldeasturias.com\\\/magazine365\\\/author\\\/admin\\\/#author\"},\"publisher\":{\"@id\":\"https:\\\/\\\/eldigitaldeasturias.com\\\/magazine365\\\/#organization\"},\"image\":{\"@type\":\"ImageObject\",\"url\":\"https:\\\/\\\/eldigitaldeasturias.com\\\/magazine365\\\/wp-content\\\/uploads\\\/2015\\\/06\\\/fotonoticia_20150618151111_800.jpg\",\"width\":800,\"height\":617},\"datePublished\":\"2015-06-19T06:08:17+02:00\",\"dateModified\":\"2015-06-19T06:08:17+02:00\",\"inLanguage\":\"es-ES\",\"mainEntityOfPage\":{\"@id\":\"https:\\\/\\\/eldigitaldeasturias.com\\\/magazine365\\\/pastor-asegura-que-el-15-de-los-viajeros-del-ave-son-nuevos-pasajeros-del-tren\\\/#webpage\"},\"isPartOf\":{\"@id\":\"https:\\\/\\\/eldigitaldeasturias.com\\\/magazine365\\\/pastor-asegura-que-el-15-de-los-viajeros-del-ave-son-nuevos-pasajeros-del-tren\\\/#webpage\"},\"articleSection\":\"Noticias y Actualidad\"},{\"@type\":\"BreadcrumbList\",\"@id\":\"https:\\\/\\\/eldigitaldeasturias.com\\\/magazine365\\\/pastor-asegura-que-el-15-de-los-viajeros-del-ave-son-nuevos-pasajeros-del-tren\\\/#breadcrumblist\",\"itemListElement\":[{\"@type\":\"ListItem\",\"@id\":\"https:\\\/\\\/eldigitaldeasturias.com\\\/magazine365#listItem\",\"position\":1,\"name\":\"Home\",\"item\":\"https:\\\/\\\/eldigitaldeasturias.com\\\/magazine365\",\"nextItem\":{\"@type\":\"ListItem\",\"@id\":\"https:\\\/\\\/eldigitaldeasturias.com\\\/magazine365\\\/category\\\/noticias-actualidad\\\/#listItem\",\"name\":\"Noticias y Actualidad\"}},{\"@type\":\"ListItem\",\"@id\":\"https:\\\/\\\/eldigitaldeasturias.com\\\/magazine365\\\/category\\\/noticias-actualidad\\\/#listItem\",\"position\":2,\"name\":\"Noticias y Actualidad\",\"item\":\"https:\\\/\\\/eldigitaldeasturias.com\\\/magazine365\\\/category\\\/noticias-actualidad\\\/\",\"nextItem\":{\"@type\":\"ListItem\",\"@id\":\"https:\\\/\\\/eldigitaldeasturias.com\\\/magazine365\\\/pastor-asegura-que-el-15-de-los-viajeros-del-ave-son-nuevos-pasajeros-del-tren\\\/#listItem\",\"name\":\"Pastor asegura que el 15% de los viajeros del AVE son nuevos pasajeros del tren\"},\"previousItem\":{\"@type\":\"ListItem\",\"@id\":\"https:\\\/\\\/eldigitaldeasturias.com\\\/magazine365#listItem\",\"name\":\"Home\"}},{\"@type\":\"ListItem\",\"@id\":\"https:\\\/\\\/eldigitaldeasturias.com\\\/magazine365\\\/pastor-asegura-que-el-15-de-los-viajeros-del-ave-son-nuevos-pasajeros-del-tren\\\/#listItem\",\"position\":3,\"name\":\"Pastor asegura que el 15% de los viajeros del AVE son nuevos pasajeros del tren\",\"previousItem\":{\"@type\":\"ListItem\",\"@id\":\"https:\\\/\\\/eldigitaldeasturias.com\\\/magazine365\\\/category\\\/noticias-actualidad\\\/#listItem\",\"name\":\"Noticias y Actualidad\"}}]},{\"@type\":\"Organization\",\"@id\":\"https:\\\/\\\/eldigitaldeasturias.com\\\/magazine365\\\/#organization\",\"name\":\"El digital de Asturias\",\"description\":\"Revista de ocio, turismo y estilo de vida\",\"url\":\"https:\\\/\\\/eldigitaldeasturias.com\\\/magazine365\\\/\",\"logo\":{\"@type\":\"ImageObject\",\"url\":\"https:\\\/\\\/www.eldigitaldeasturias.com\\\/noticias\\\/wp-content\\\/uploads\\\/2020\\\/12\\\/EDA.jpg\",\"@id\":\"https:\\\/\\\/eldigitaldeasturias.com\\\/magazine365\\\/pastor-asegura-que-el-15-de-los-viajeros-del-ave-son-nuevos-pasajeros-del-tren\\\/#organizationLogo\"},\"image\":{\"@id\":\"https:\\\/\\\/eldigitaldeasturias.com\\\/magazine365\\\/pastor-asegura-que-el-15-de-los-viajeros-del-ave-son-nuevos-pasajeros-del-tren\\\/#organizationLogo\"}},{\"@type\":\"Person\",\"@id\":\"https:\\\/\\\/eldigitaldeasturias.com\\\/magazine365\\\/author\\\/admin\\\/#author\",\"url\":\"https:\\\/\\\/eldigitaldeasturias.com\\\/magazine365\\\/author\\\/admin\\\/\",\"name\":\"admin\",\"image\":{\"@type\":\"ImageObject\",\"@id\":\"https:\\\/\\\/eldigitaldeasturias.com\\\/magazine365\\\/pastor-asegura-que-el-15-de-los-viajeros-del-ave-son-nuevos-pasajeros-del-tren\\\/#authorImage\",\"url\":\"https:\\\/\\\/eldigitaldeasturias.com\\\/magazine365\\\/wp-content\\\/litespeed\\\/avatar\\\/e571bcf59a0edd6fa6838245a470f2fe.jpg?ver=1777574230\",\"width\":96,\"height\":96,\"caption\":\"admin\"}},{\"@type\":\"WebPage\",\"@id\":\"https:\\\/\\\/eldigitaldeasturias.com\\\/magazine365\\\/pastor-asegura-que-el-15-de-los-viajeros-del-ave-son-nuevos-pasajeros-del-tren\\\/#webpage\",\"url\":\"https:\\\/\\\/eldigitaldeasturias.com\\\/magazine365\\\/pastor-asegura-que-el-15-de-los-viajeros-del-ave-son-nuevos-pasajeros-del-tren\\\/\",\"name\":\"Pastor asegura que el 15% de los viajeros del AVE son nuevos pasajeros del tren | El Digital de Asturias\",\"description\":\"El 15% de los actuales viajeros de los trenes de Alta Velocidad no hab\\u00eda subido al tren anteriormente, seg\\u00fan la ministra de Fomento, Ana Pastor, que atribuye el hecho de que el AVE haya ganado estos nuevos viajeros a la bajada del precio del billete y a las nuevas iniciativas comerciales que se pusieron en\",\"inLanguage\":\"es-ES\",\"isPartOf\":{\"@id\":\"https:\\\/\\\/eldigitaldeasturias.com\\\/magazine365\\\/#website\"},\"breadcrumb\":{\"@id\":\"https:\\\/\\\/eldigitaldeasturias.com\\\/magazine365\\\/pastor-asegura-que-el-15-de-los-viajeros-del-ave-son-nuevos-pasajeros-del-tren\\\/#breadcrumblist\"},\"author\":{\"@id\":\"https:\\\/\\\/eldigitaldeasturias.com\\\/magazine365\\\/author\\\/admin\\\/#author\"},\"creator\":{\"@id\":\"https:\\\/\\\/eldigitaldeasturias.com\\\/magazine365\\\/author\\\/admin\\\/#author\"},\"image\":{\"@type\":\"ImageObject\",\"url\":\"https:\\\/\\\/eldigitaldeasturias.com\\\/magazine365\\\/wp-content\\\/uploads\\\/2015\\\/06\\\/fotonoticia_20150618151111_800.jpg\",\"@id\":\"https:\\\/\\\/eldigitaldeasturias.com\\\/magazine365\\\/pastor-asegura-que-el-15-de-los-viajeros-del-ave-son-nuevos-pasajeros-del-tren\\\/#mainImage\",\"width\":800,\"height\":617},\"primaryImageOfPage\":{\"@id\":\"https:\\\/\\\/eldigitaldeasturias.com\\\/magazine365\\\/pastor-asegura-que-el-15-de-los-viajeros-del-ave-son-nuevos-pasajeros-del-tren\\\/#mainImage\"},\"datePublished\":\"2015-06-19T06:08:17+02:00\",\"dateModified\":\"2015-06-19T06:08:17+02:00\"},{\"@type\":\"WebSite\",\"@id\":\"https:\\\/\\\/eldigitaldeasturias.com\\\/magazine365\\\/#website\",\"url\":\"https:\\\/\\\/eldigitaldeasturias.com\\\/magazine365\\\/\",\"name\":\"El Digital de Asturias\",\"description\":\"Revista de ocio, turismo y estilo de vida\",\"inLanguage\":\"es-ES\",\"publisher\":{\"@id\":\"https:\\\/\\\/eldigitaldeasturias.com\\\/magazine365\\\/#organization\"}}]}\n\t\t<\/script>\n\t\t<!-- All in One SEO Pro -->\r\n\t\t<title>Pastor asegura que el 15% de los viajeros del AVE son nuevos pasajeros del tren | El Digital de Asturias<\/title>\n\n","aioseo_head_json":{"title":"Pastor asegura que el 15% de los viajeros del AVE son nuevos pasajeros del tren | El Digital de Asturias","description":"El 15% de los actuales viajeros de los trenes de Alta Velocidad no hab\u00eda subido al tren anteriormente, seg\u00fan la ministra de Fomento, Ana Pastor, que atribuye el hecho de que el AVE haya ganado estos nuevos viajeros a la bajada del precio del billete y a las nuevas iniciativas comerciales que se pusieron en","canonical_url":"https:\/\/eldigitaldeasturias.com\/magazine365\/pastor-asegura-que-el-15-de-los-viajeros-del-ave-son-nuevos-pasajeros-del-tren\/","robots":"max-image-preview:large","keywords":"noticias y actualidad","webmasterTools":{"google-site-verification":"UA-38556648-1","miscellaneous":""},"schema":{"@context":"https:\/\/schema.org","@graph":[{"@type":"Article","@id":"https:\/\/eldigitaldeasturias.com\/magazine365\/pastor-asegura-que-el-15-de-los-viajeros-del-ave-son-nuevos-pasajeros-del-tren\/#article","name":"Pastor asegura que el 15% de los viajeros del AVE son nuevos pasajeros del tren | El Digital de Asturias","headline":"Pastor asegura que el 15% de los viajeros del AVE son nuevos pasajeros del tren","author":{"@id":"https:\/\/eldigitaldeasturias.com\/magazine365\/author\/admin\/#author"},"publisher":{"@id":"https:\/\/eldigitaldeasturias.com\/magazine365\/#organization"},"image":{"@type":"ImageObject","url":"https:\/\/eldigitaldeasturias.com\/magazine365\/wp-content\/uploads\/2015\/06\/fotonoticia_20150618151111_800.jpg","width":800,"height":617},"datePublished":"2015-06-19T06:08:17+02:00","dateModified":"2015-06-19T06:08:17+02:00","inLanguage":"es-ES","mainEntityOfPage":{"@id":"https:\/\/eldigitaldeasturias.com\/magazine365\/pastor-asegura-que-el-15-de-los-viajeros-del-ave-son-nuevos-pasajeros-del-tren\/#webpage"},"isPartOf":{"@id":"https:\/\/eldigitaldeasturias.com\/magazine365\/pastor-asegura-que-el-15-de-los-viajeros-del-ave-son-nuevos-pasajeros-del-tren\/#webpage"},"articleSection":"Noticias y Actualidad"},{"@type":"BreadcrumbList","@id":"https:\/\/eldigitaldeasturias.com\/magazine365\/pastor-asegura-que-el-15-de-los-viajeros-del-ave-son-nuevos-pasajeros-del-tren\/#breadcrumblist","itemListElement":[{"@type":"ListItem","@id":"https:\/\/eldigitaldeasturias.com\/magazine365#listItem","position":1,"name":"Home","item":"https:\/\/eldigitaldeasturias.com\/magazine365","nextItem":{"@type":"ListItem","@id":"https:\/\/eldigitaldeasturias.com\/magazine365\/category\/noticias-actualidad\/#listItem","name":"Noticias y Actualidad"}},{"@type":"ListItem","@id":"https:\/\/eldigitaldeasturias.com\/magazine365\/category\/noticias-actualidad\/#listItem","position":2,"name":"Noticias y Actualidad","item":"https:\/\/eldigitaldeasturias.com\/magazine365\/category\/noticias-actualidad\/","nextItem":{"@type":"ListItem","@id":"https:\/\/eldigitaldeasturias.com\/magazine365\/pastor-asegura-que-el-15-de-los-viajeros-del-ave-son-nuevos-pasajeros-del-tren\/#listItem","name":"Pastor asegura que el 15% de los viajeros del AVE son nuevos pasajeros del tren"},"previousItem":{"@type":"ListItem","@id":"https:\/\/eldigitaldeasturias.com\/magazine365#listItem","name":"Home"}},{"@type":"ListItem","@id":"https:\/\/eldigitaldeasturias.com\/magazine365\/pastor-asegura-que-el-15-de-los-viajeros-del-ave-son-nuevos-pasajeros-del-tren\/#listItem","position":3,"name":"Pastor asegura que el 15% de los viajeros del AVE son nuevos pasajeros del tren","previousItem":{"@type":"ListItem","@id":"https:\/\/eldigitaldeasturias.com\/magazine365\/category\/noticias-actualidad\/#listItem","name":"Noticias y Actualidad"}}]},{"@type":"Organization","@id":"https:\/\/eldigitaldeasturias.com\/magazine365\/#organization","name":"El digital de Asturias","description":"Revista de ocio, turismo y estilo de vida","url":"https:\/\/eldigitaldeasturias.com\/magazine365\/","logo":{"@type":"ImageObject","url":"https:\/\/www.eldigitaldeasturias.com\/noticias\/wp-content\/uploads\/2020\/12\/EDA.jpg","@id":"https:\/\/eldigitaldeasturias.com\/magazine365\/pastor-asegura-que-el-15-de-los-viajeros-del-ave-son-nuevos-pasajeros-del-tren\/#organizationLogo"},"image":{"@id":"https:\/\/eldigitaldeasturias.com\/magazine365\/pastor-asegura-que-el-15-de-los-viajeros-del-ave-son-nuevos-pasajeros-del-tren\/#organizationLogo"}},{"@type":"Person","@id":"https:\/\/eldigitaldeasturias.com\/magazine365\/author\/admin\/#author","url":"https:\/\/eldigitaldeasturias.com\/magazine365\/author\/admin\/","name":"admin","image":{"@type":"ImageObject","@id":"https:\/\/eldigitaldeasturias.com\/magazine365\/pastor-asegura-que-el-15-de-los-viajeros-del-ave-son-nuevos-pasajeros-del-tren\/#authorImage","url":"https:\/\/eldigitaldeasturias.com\/magazine365\/wp-content\/litespeed\/avatar\/e571bcf59a0edd6fa6838245a470f2fe.jpg?ver=1777574230","width":96,"height":96,"caption":"admin"}},{"@type":"WebPage","@id":"https:\/\/eldigitaldeasturias.com\/magazine365\/pastor-asegura-que-el-15-de-los-viajeros-del-ave-son-nuevos-pasajeros-del-tren\/#webpage","url":"https:\/\/eldigitaldeasturias.com\/magazine365\/pastor-asegura-que-el-15-de-los-viajeros-del-ave-son-nuevos-pasajeros-del-tren\/","name":"Pastor asegura que el 15% de los viajeros del AVE son nuevos pasajeros del tren | El Digital de Asturias","description":"El 15% de los actuales viajeros de los trenes de Alta Velocidad no hab\u00eda subido al tren anteriormente, seg\u00fan la ministra de Fomento, Ana Pastor, que atribuye el hecho de que el AVE haya ganado estos nuevos viajeros a la bajada del precio del billete y a las nuevas iniciativas comerciales que se pusieron en","inLanguage":"es-ES","isPartOf":{"@id":"https:\/\/eldigitaldeasturias.com\/magazine365\/#website"},"breadcrumb":{"@id":"https:\/\/eldigitaldeasturias.com\/magazine365\/pastor-asegura-que-el-15-de-los-viajeros-del-ave-son-nuevos-pasajeros-del-tren\/#breadcrumblist"},"author":{"@id":"https:\/\/eldigitaldeasturias.com\/magazine365\/author\/admin\/#author"},"creator":{"@id":"https:\/\/eldigitaldeasturias.com\/magazine365\/author\/admin\/#author"},"image":{"@type":"ImageObject","url":"https:\/\/eldigitaldeasturias.com\/magazine365\/wp-content\/uploads\/2015\/06\/fotonoticia_20150618151111_800.jpg","@id":"https:\/\/eldigitaldeasturias.com\/magazine365\/pastor-asegura-que-el-15-de-los-viajeros-del-ave-son-nuevos-pasajeros-del-tren\/#mainImage","width":800,"height":617},"primaryImageOfPage":{"@id":"https:\/\/eldigitaldeasturias.com\/magazine365\/pastor-asegura-que-el-15-de-los-viajeros-del-ave-son-nuevos-pasajeros-del-tren\/#mainImage"},"datePublished":"2015-06-19T06:08:17+02:00","dateModified":"2015-06-19T06:08:17+02:00"},{"@type":"WebSite","@id":"https:\/\/eldigitaldeasturias.com\/magazine365\/#website","url":"https:\/\/eldigitaldeasturias.com\/magazine365\/","name":"El Digital de Asturias","description":"Revista de ocio, turismo y estilo de vida","inLanguage":"es-ES","publisher":{"@id":"https:\/\/eldigitaldeasturias.com\/magazine365\/#organization"}}]},"og:locale":"es_ES","og:site_name":"El Digital de Asturias \u2013 Revista de ocio, turismo y estilo de vida","og:type":"article","og:title":"Pastor asegura que el 15% de los viajeros del AVE son nuevos pasajeros del tren | El Digital de Asturias","og:description":"El 15% de los actuales viajeros de los trenes de Alta Velocidad no hab\u00eda subido al tren anteriormente, seg\u00fan la ministra de Fomento, Ana Pastor, que atribuye el hecho de que el AVE haya ganado estos nuevos viajeros a la bajada del precio del billete y a las nuevas iniciativas comerciales que se pusieron en","og:url":"https:\/\/eldigitaldeasturias.com\/magazine365\/pastor-asegura-que-el-15-de-los-viajeros-del-ave-son-nuevos-pasajeros-del-tren\/","og:image":"https:\/\/eldigitaldeasturias.com\/magazine365\/wp-content\/uploads\/2015\/06\/fotonoticia_20150618151111_800.jpg","og:image:secure_url":"https:\/\/eldigitaldeasturias.com\/magazine365\/wp-content\/uploads\/2015\/06\/fotonoticia_20150618151111_800.jpg","og:image:width":800,"og:image:height":617,"article:published_time":"2015-06-19T04:38:17+00:00","article:modified_time":"2015-06-19T04:38:17+00:00","twitter:card":"summary_large_image","twitter:title":"Pastor asegura que el 15% de los viajeros del AVE son nuevos pasajeros del tren | El Digital de Asturias","twitter:description":"El 15% de los actuales viajeros de los trenes de Alta Velocidad no hab\u00eda subido al tren anteriormente, seg\u00fan la ministra de Fomento, Ana Pastor, que atribuye el hecho de que el AVE haya ganado estos nuevos viajeros a la bajada del precio del billete y a las nuevas iniciativas comerciales que se pusieron en","twitter:image":"https:\/\/eldigitaldeasturias.com\/magazine365\/wp-content\/uploads\/2015\/06\/fotonoticia_20150618151111_800.jpg"},"aioseo_meta_data":{"post_id":"40330","title":null,"description":null,"keywords":null,"keyphrases":null,"primary_term":null,"canonical_url":null,"og_title":null,"og_description":null,"og_object_type":"default","og_image_type":"default","og_image_url":null,"og_image_width":null,"og_image_height":null,"og_image_custom_url":null,"og_image_custom_fields":null,"og_video":null,"og_custom_url":null,"og_article_section":null,"og_article_tags":null,"twitter_use_og":false,"twitter_card":"default","twitter_image_type":"default","twitter_image_url":null,"twitter_image_custom_url":null,"twitter_image_custom_fields":null,"twitter_title":null,"twitter_description":null,"schema":{"blockGraphs":[],"customGraphs":[],"default":{"data":{"Article":[],"Course":[],"Dataset":[],"FAQPage":[],"Movie":[],"Person":[],"Product":[],"ProductReview":[],"Car":[],"Recipe":[],"Service":[],"SoftwareApplication":[],"WebPage":[]},"graphName":"","isEnabled":true},"graphs":[],"defaultGraph":"","defaultPostTypeGraph":""},"schema_type":null,"schema_type_options":null,"pillar_content":false,"robots_default":true,"robots_noindex":false,"robots_noarchive":false,"robots_nosnippet":false,"robots_nofollow":false,"robots_noimageindex":false,"robots_noodp":false,"robots_notranslate":false,"robots_max_snippet":null,"robots_max_videopreview":null,"robots_max_imagepreview":"large","priority":null,"frequency":null,"location":null,"local_seo":null,"seo_analyzer_scan_date":"2025-09-19 13:20:14","breadcrumb_settings":null,"limit_modified_date":false,"open_ai":null,"ai":null,"created":"2020-12-21 14:07:42","updated":"2025-09-19 13:20:14"},"aioseo_breadcrumb":"<div class=\"aioseo-breadcrumbs\"><span class=\"aioseo-breadcrumb\">\n\t<a href=\"https:\/\/eldigitaldeasturias.com\/magazine365\" title=\"Home\">Home<\/a>\n<\/span><span class=\"aioseo-breadcrumb-separator\">\u2013<\/span><span class=\"aioseo-breadcrumb\">\n\t<a href=\"https:\/\/eldigitaldeasturias.com\/magazine365\/category\/noticias-actualidad\/\" title=\"Noticias y Actualidad\">Noticias y Actualidad<\/a>\n<\/span><span class=\"aioseo-breadcrumb-separator\">\u2013<\/span><span class=\"aioseo-breadcrumb\">\n\t<a href=\"https:\/\/eldigitaldeasturias.com\/magazine365\/pastor-asegura-que-el-15-de-los-viajeros-del-ave-son-nuevos-pasajeros-del-tren\/\" title=\"Pastor asegura que el 15% de los viajeros del AVE son nuevos pasajeros del tren\">Pastor asegura que el 15% de los viajeros del AVE son nuevos pasajeros del tren<\/a>\n<\/span><\/div>","aioseo_breadcrumb_json":[{"label":"Home","link":"https:\/\/eldigitaldeasturias.com\/magazine365"},{"label":"Noticias y Actualidad","link":"https:\/\/eldigitaldeasturias.com\/magazine365\/category\/noticias-actualidad\/"},{"label":"Pastor asegura que el 15% de los viajeros del AVE son nuevos pasajeros del tren","link":"https:\/\/eldigitaldeasturias.com\/magazine365\/pastor-asegura-que-el-15-de-los-viajeros-del-ave-son-nuevos-pasajeros-del-tren\/"}],"_links":{"self":[{"href":"https:\/\/eldigitaldeasturias.com\/magazine365\/wp-json\/wp\/v2\/posts\/40330","targetHints":{"allow":["GET"]}}],"collection":[{"href":"https:\/\/eldigitaldeasturias.com\/magazine365\/wp-json\/wp\/v2\/posts"}],"about":[{"href":"https:\/\/eldigitaldeasturias.com\/magazine365\/wp-json\/wp\/v2\/types\/post"}],"author":[{"embeddable":true,"href":"https:\/\/eldigitaldeasturias.com\/magazine365\/wp-json\/wp\/v2\/users\/1"}],"replies":[{"embeddable":true,"href":"https:\/\/eldigitaldeasturias.com\/magazine365\/wp-json\/wp\/v2\/comments?post=40330"}],"version-history":[{"count":0,"href":"https:\/\/eldigitaldeasturias.com\/magazine365\/wp-json\/wp\/v2\/posts\/40330\/revisions"}],"wp:featuredmedia":[{"embeddable":true,"href":"https:\/\/eldigitaldeasturias.com\/magazine365\/wp-json\/wp\/v2\/media\/40331"}],"wp:attachment":[{"href":"https:\/\/eldigitaldeasturias.com\/magazine365\/wp-json\/wp\/v2\/media?parent=40330"}],"wp:term":[{"taxonomy":"category","embeddable":true,"href":"https:\/\/eldigitaldeasturias.com\/magazine365\/wp-json\/wp\/v2\/categories?post=40330"},{"taxonomy":"post_tag","embeddable":true,"href":"https:\/\/eldigitaldeasturias.com\/magazine365\/wp-json\/wp\/v2\/tags?post=40330"}],"curies":[{"name":"wp","href":"https:\/\/api.w.org\/{rel}","templated":true}]}}