{"id":40327,"date":"2015-06-19T06:07:05","date_gmt":"2015-06-19T04:37:05","guid":{"rendered":"http:\/\/eldigitaldeasturias.com\/magazine365\/?p=40327"},"modified":"2015-06-19T06:07:05","modified_gmt":"2015-06-19T04:37:05","slug":"walsh-dice-que-en-breve-se-enviara-una-oferta-formal-a-los-accionistas-de-aer-lingus","status":"publish","type":"post","link":"https:\/\/eldigitaldeasturias.com\/magazine365\/walsh-dice-que-en-breve-se-enviara-una-oferta-formal-a-los-accionistas-de-aer-lingus\/","title":{"rendered":"Walsh dice que en \u00abbreve\u00bb se enviar\u00e1 una oferta formal a los accionistas de Aer Lingus"},"content":{"rendered":"<p><img fetchpriority=\"high\" decoding=\"async\" class=\"alignleft size-medium wp-image-40328\" src=\"https:\/\/eldigitaldeasturias.com\/magazine365\/wp-content\/uploads\/2015\/06\/fotonoticia_20150618144057_800-360x240.jpg\" alt=\"fotonoticia_20150618144057_800\" width=\"360\" height=\"240\" srcset=\"https:\/\/eldigitaldeasturias.com\/magazine365\/wp-content\/uploads\/2015\/06\/fotonoticia_20150618144057_800-360x240.jpg 360w, https:\/\/eldigitaldeasturias.com\/magazine365\/wp-content\/uploads\/2015\/06\/fotonoticia_20150618144057_800-650x434.jpg 650w, https:\/\/eldigitaldeasturias.com\/magazine365\/wp-content\/uploads\/2015\/06\/fotonoticia_20150618144057_800-768x513.jpg 768w, https:\/\/eldigitaldeasturias.com\/magazine365\/wp-content\/uploads\/2015\/06\/fotonoticia_20150618144057_800-150x100.jpg 150w, https:\/\/eldigitaldeasturias.com\/magazine365\/wp-content\/uploads\/2015\/06\/fotonoticia_20150618144057_800-450x300.jpg 450w, https:\/\/eldigitaldeasturias.com\/magazine365\/wp-content\/uploads\/2015\/06\/fotonoticia_20150618144057_800-696x465.jpg 696w, https:\/\/eldigitaldeasturias.com\/magazine365\/wp-content\/uploads\/2015\/06\/fotonoticia_20150618144057_800-629x420.jpg 629w, https:\/\/eldigitaldeasturias.com\/magazine365\/wp-content\/uploads\/2015\/06\/fotonoticia_20150618144057_800-84x55.jpg 84w, https:\/\/eldigitaldeasturias.com\/magazine365\/wp-content\/uploads\/2015\/06\/fotonoticia_20150618144057_800.jpg 800w\" sizes=\"(max-width: 360px) 100vw, 360px\" \/>El consejero delegado de IAG, Willie Walsh, confirm\u00f3 hoy ante la junta de accionistas que el grupo a\u00e9reo que engloba a Iberia, British Airways (BA) y Vueling, enviar\u00e1 \u00aben breve\u00bb los documentos de una oferta formal a los accionistas de Aer Lingus para comprar el 100% de la aerol\u00ednea brit\u00e1nica.<\/p>\n<p>Durante su discurso en la junta de accionistas, que cont\u00f3 con el 64,37% del capital representado, el primer ejecutivo de IAG record\u00f3 que tras varios meses de negociaciones con el Gobierno irland\u00e9s \u00e9ste vender\u00e1 el 25% que posee en la compa\u00f1\u00eda rival y participada de Ryanair, con lo que los planes de IAG por hacerse con Aer Lingus siguen adelante, cumpliendo con los plazos ya anunciados.<\/p>\n<p>La propuesta de IAG valora cada acci\u00f3n de Aer Lingus en 2,55 euros, incluyendo un dividendo en efectivo ya acordado de 0,05 euros por t\u00edtulo, lo que supone valorar la compa\u00f1\u00eda en 1.400 millones de euros.<\/p>\n<p>El ejecutivo irland\u00e9s, que fue consejero delegado de Aer Lingus de 2001 a 2005, defendi\u00f3 que IAG siempre defendi\u00f3 que solo incorporar\u00eda al grupo compa\u00f1\u00edas que fueran \u00abbeneficiosas\u00bb para a rentabilidad y la estrategia del &#8216;holding&#8217; y que aportaran un \u00abretorno real\u00bb para los accionistas. \u00abAer Lingus es una compa\u00f1\u00eda de este tipo\u00bb, apunt\u00f3.<\/p>\n<p>\u00abAer Lingus podr\u00eda aportar muchos beneficios a IAG. Se trata de una aerol\u00ednea rentable, bien gestionada, con una marca bien posicionada sobre todo en Norteam\u00e9rica y con un enfoque transatl\u00e1ntico\u00bb, defendi\u00f3.<\/p>\n<p>En esta l\u00ednea, explic\u00f3 que Dubl\u00edn se convertir\u00eda en un &#8216;hub&#8217; adicional para el grupo desarrollando su potencial para vuelos transatl\u00e1nticos, aprovechando su situaci\u00f3n geogr\u00e1fica y las \u00abfacilidades que brinda la autorizaci\u00f3n previa de inmigraci\u00f3n estadounidense\u00bb.<\/p>\n<p>IAG obtendr\u00eda nuevo tr\u00e1fico desde Irlanda para alimentar sus otros &#8216;hub&#8217;, al tiempo que reforzar\u00eda sus rutas de largo radio en Asia-Pac\u00edfico, \u00c1frica y Latinoam\u00e9rica, aceptando para ello no vender &#8216;slots&#8217; de Aer Lingus en Heathrow a Dubl\u00edn, Cork y Shannon durante siete a\u00f1os, seg\u00fan el compromiso adquirido con el Gobierno de Dublin.<\/p>\n","protected":false},"excerpt":{"rendered":"<p>El consejero delegado de IAG, Willie Walsh, confirm\u00f3 hoy ante la junta de accionistas que el grupo a\u00e9reo que engloba a Iberia, British Airways (BA) y Vueling, enviar\u00e1 \u00aben breve\u00bb los documentos de una oferta formal a los accionistas de Aer Lingus para comprar el 100% de la aerol\u00ednea brit\u00e1nica. Durante su discurso en la<\/p>\n","protected":false},"author":1,"featured_media":40328,"comment_status":"open","ping_status":"closed","sticky":false,"template":"","format":"standard","meta":{"footnotes":""},"categories":[222],"tags":[],"class_list":{"0":"post-40327","1":"post","2":"type-post","3":"status-publish","4":"format-standard","5":"has-post-thumbnail","7":"category-actualidad-turismo"},"aioseo_notices":[],"aioseo_head":"\n\t\t<!-- All in One SEO Pro 4.9.6.1 - aioseo.com -->\n\t<meta name=\"description\" content=\"El consejero delegado de IAG, Willie Walsh, confirm\u00f3 hoy ante la junta de accionistas que el grupo a\u00e9reo que engloba a Iberia, British Airways (BA) y Vueling, enviar\u00e1 &quot;en breve&quot; los documentos de una oferta formal a los accionistas de Aer Lingus para comprar el 100% de la aerol\u00ednea brit\u00e1nica. Durante su discurso en la\" \/>\n\t<meta name=\"robots\" content=\"max-image-preview:large\" \/>\n\t<meta name=\"author\" content=\"admin\"\/>\n\t<meta name=\"google-site-verification\" content=\"UA-38556648-1\" \/>\n\t<meta name=\"keywords\" content=\"actualidad turismo\" \/>\n\t<link rel=\"canonical\" href=\"https:\/\/eldigitaldeasturias.com\/magazine365\/walsh-dice-que-en-breve-se-enviara-una-oferta-formal-a-los-accionistas-de-aer-lingus\/\" \/>\n\t<meta name=\"generator\" content=\"All in One SEO Pro (AIOSEO) 4.9.6.1\" \/>\n\t\t<meta property=\"og:locale\" content=\"es_ES\" \/>\n\t\t<meta property=\"og:site_name\" content=\"El Digital de Asturias \u2013 Revista de ocio, turismo y estilo de vida\" \/>\n\t\t<meta property=\"og:type\" content=\"article\" \/>\n\t\t<meta property=\"og:title\" content=\"Walsh dice que en \u00abbreve\u00bb se enviar\u00e1 una oferta formal a los accionistas de Aer Lingus | El Digital de Asturias\" \/>\n\t\t<meta property=\"og:description\" content=\"El consejero delegado de IAG, Willie Walsh, confirm\u00f3 hoy ante la junta de accionistas que el grupo a\u00e9reo que engloba a Iberia, British Airways (BA) y Vueling, enviar\u00e1 &quot;en breve&quot; los documentos de una oferta formal a los accionistas de Aer Lingus para comprar el 100% de la aerol\u00ednea brit\u00e1nica. Durante su discurso en la\" \/>\n\t\t<meta property=\"og:url\" content=\"https:\/\/eldigitaldeasturias.com\/magazine365\/walsh-dice-que-en-breve-se-enviara-una-oferta-formal-a-los-accionistas-de-aer-lingus\/\" \/>\n\t\t<meta property=\"og:image\" content=\"https:\/\/eldigitaldeasturias.com\/magazine365\/wp-content\/uploads\/2015\/06\/fotonoticia_20150618144057_800.jpg\" \/>\n\t\t<meta property=\"og:image:secure_url\" content=\"https:\/\/eldigitaldeasturias.com\/magazine365\/wp-content\/uploads\/2015\/06\/fotonoticia_20150618144057_800.jpg\" \/>\n\t\t<meta property=\"og:image:width\" content=\"800\" \/>\n\t\t<meta property=\"og:image:height\" content=\"534\" \/>\n\t\t<meta property=\"article:published_time\" content=\"2015-06-19T04:37:05+00:00\" \/>\n\t\t<meta property=\"article:modified_time\" content=\"2015-06-19T04:37:05+00:00\" \/>\n\t\t<meta name=\"twitter:card\" content=\"summary_large_image\" \/>\n\t\t<meta name=\"twitter:title\" content=\"Walsh dice que en \u00abbreve\u00bb se enviar\u00e1 una oferta formal a los accionistas de Aer Lingus | El Digital de Asturias\" \/>\n\t\t<meta name=\"twitter:description\" content=\"El consejero delegado de IAG, Willie Walsh, confirm\u00f3 hoy ante la junta de accionistas que el grupo a\u00e9reo que engloba a Iberia, British Airways (BA) y Vueling, enviar\u00e1 &quot;en breve&quot; los documentos de una oferta formal a los accionistas de Aer Lingus para comprar el 100% de la aerol\u00ednea brit\u00e1nica. Durante su discurso en la\" \/>\n\t\t<meta name=\"twitter:image\" content=\"https:\/\/eldigitaldeasturias.com\/magazine365\/wp-content\/uploads\/2015\/06\/fotonoticia_20150618144057_800.jpg\" \/>\n\t\t<script type=\"application\/ld+json\" class=\"aioseo-schema\">\n\t\t\t{\"@context\":\"https:\\\/\\\/schema.org\",\"@graph\":[{\"@type\":\"Article\",\"@id\":\"https:\\\/\\\/eldigitaldeasturias.com\\\/magazine365\\\/walsh-dice-que-en-breve-se-enviara-una-oferta-formal-a-los-accionistas-de-aer-lingus\\\/#article\",\"name\":\"Walsh dice que en \\u00abbreve\\u00bb se enviar\\u00e1 una oferta formal a los accionistas de Aer Lingus | El Digital de Asturias\",\"headline\":\"Walsh dice que en \\u00abbreve\\u00bb se enviar\\u00e1 una oferta formal a los accionistas de Aer Lingus\",\"author\":{\"@id\":\"https:\\\/\\\/eldigitaldeasturias.com\\\/magazine365\\\/author\\\/admin\\\/#author\"},\"publisher\":{\"@id\":\"https:\\\/\\\/eldigitaldeasturias.com\\\/magazine365\\\/#organization\"},\"image\":{\"@type\":\"ImageObject\",\"url\":\"https:\\\/\\\/eldigitaldeasturias.com\\\/magazine365\\\/wp-content\\\/uploads\\\/2015\\\/06\\\/fotonoticia_20150618144057_800.jpg\",\"width\":800,\"height\":534},\"datePublished\":\"2015-06-19T06:07:05+02:00\",\"dateModified\":\"2015-06-19T06:07:05+02:00\",\"inLanguage\":\"es-ES\",\"mainEntityOfPage\":{\"@id\":\"https:\\\/\\\/eldigitaldeasturias.com\\\/magazine365\\\/walsh-dice-que-en-breve-se-enviara-una-oferta-formal-a-los-accionistas-de-aer-lingus\\\/#webpage\"},\"isPartOf\":{\"@id\":\"https:\\\/\\\/eldigitaldeasturias.com\\\/magazine365\\\/walsh-dice-que-en-breve-se-enviara-una-oferta-formal-a-los-accionistas-de-aer-lingus\\\/#webpage\"},\"articleSection\":\"Actualidad Turismo\"},{\"@type\":\"BreadcrumbList\",\"@id\":\"https:\\\/\\\/eldigitaldeasturias.com\\\/magazine365\\\/walsh-dice-que-en-breve-se-enviara-una-oferta-formal-a-los-accionistas-de-aer-lingus\\\/#breadcrumblist\",\"itemListElement\":[{\"@type\":\"ListItem\",\"@id\":\"https:\\\/\\\/eldigitaldeasturias.com\\\/magazine365#listItem\",\"position\":1,\"name\":\"Home\",\"item\":\"https:\\\/\\\/eldigitaldeasturias.com\\\/magazine365\",\"nextItem\":{\"@type\":\"ListItem\",\"@id\":\"https:\\\/\\\/eldigitaldeasturias.com\\\/magazine365\\\/category\\\/actualidad-turismo\\\/#listItem\",\"name\":\"Actualidad Turismo\"}},{\"@type\":\"ListItem\",\"@id\":\"https:\\\/\\\/eldigitaldeasturias.com\\\/magazine365\\\/category\\\/actualidad-turismo\\\/#listItem\",\"position\":2,\"name\":\"Actualidad Turismo\",\"item\":\"https:\\\/\\\/eldigitaldeasturias.com\\\/magazine365\\\/category\\\/actualidad-turismo\\\/\",\"nextItem\":{\"@type\":\"ListItem\",\"@id\":\"https:\\\/\\\/eldigitaldeasturias.com\\\/magazine365\\\/walsh-dice-que-en-breve-se-enviara-una-oferta-formal-a-los-accionistas-de-aer-lingus\\\/#listItem\",\"name\":\"Walsh dice que en \\u00abbreve\\u00bb se enviar\\u00e1 una oferta formal a los accionistas de Aer Lingus\"},\"previousItem\":{\"@type\":\"ListItem\",\"@id\":\"https:\\\/\\\/eldigitaldeasturias.com\\\/magazine365#listItem\",\"name\":\"Home\"}},{\"@type\":\"ListItem\",\"@id\":\"https:\\\/\\\/eldigitaldeasturias.com\\\/magazine365\\\/walsh-dice-que-en-breve-se-enviara-una-oferta-formal-a-los-accionistas-de-aer-lingus\\\/#listItem\",\"position\":3,\"name\":\"Walsh dice que en \\u00abbreve\\u00bb se enviar\\u00e1 una oferta formal a los accionistas de Aer Lingus\",\"previousItem\":{\"@type\":\"ListItem\",\"@id\":\"https:\\\/\\\/eldigitaldeasturias.com\\\/magazine365\\\/category\\\/actualidad-turismo\\\/#listItem\",\"name\":\"Actualidad Turismo\"}}]},{\"@type\":\"Organization\",\"@id\":\"https:\\\/\\\/eldigitaldeasturias.com\\\/magazine365\\\/#organization\",\"name\":\"El digital de Asturias\",\"description\":\"Revista de ocio, turismo y estilo de vida\",\"url\":\"https:\\\/\\\/eldigitaldeasturias.com\\\/magazine365\\\/\",\"logo\":{\"@type\":\"ImageObject\",\"url\":\"https:\\\/\\\/www.eldigitaldeasturias.com\\\/noticias\\\/wp-content\\\/uploads\\\/2020\\\/12\\\/EDA.jpg\",\"@id\":\"https:\\\/\\\/eldigitaldeasturias.com\\\/magazine365\\\/walsh-dice-que-en-breve-se-enviara-una-oferta-formal-a-los-accionistas-de-aer-lingus\\\/#organizationLogo\"},\"image\":{\"@id\":\"https:\\\/\\\/eldigitaldeasturias.com\\\/magazine365\\\/walsh-dice-que-en-breve-se-enviara-una-oferta-formal-a-los-accionistas-de-aer-lingus\\\/#organizationLogo\"}},{\"@type\":\"Person\",\"@id\":\"https:\\\/\\\/eldigitaldeasturias.com\\\/magazine365\\\/author\\\/admin\\\/#author\",\"url\":\"https:\\\/\\\/eldigitaldeasturias.com\\\/magazine365\\\/author\\\/admin\\\/\",\"name\":\"admin\",\"image\":{\"@type\":\"ImageObject\",\"@id\":\"https:\\\/\\\/eldigitaldeasturias.com\\\/magazine365\\\/walsh-dice-que-en-breve-se-enviara-una-oferta-formal-a-los-accionistas-de-aer-lingus\\\/#authorImage\",\"url\":\"https:\\\/\\\/eldigitaldeasturias.com\\\/magazine365\\\/wp-content\\\/litespeed\\\/avatar\\\/e571bcf59a0edd6fa6838245a470f2fe.jpg?ver=1777574230\",\"width\":96,\"height\":96,\"caption\":\"admin\"}},{\"@type\":\"WebPage\",\"@id\":\"https:\\\/\\\/eldigitaldeasturias.com\\\/magazine365\\\/walsh-dice-que-en-breve-se-enviara-una-oferta-formal-a-los-accionistas-de-aer-lingus\\\/#webpage\",\"url\":\"https:\\\/\\\/eldigitaldeasturias.com\\\/magazine365\\\/walsh-dice-que-en-breve-se-enviara-una-oferta-formal-a-los-accionistas-de-aer-lingus\\\/\",\"name\":\"Walsh dice que en \\u00abbreve\\u00bb se enviar\\u00e1 una oferta formal a los accionistas de Aer Lingus | El Digital de Asturias\",\"description\":\"El consejero delegado de IAG, Willie Walsh, confirm\\u00f3 hoy ante la junta de accionistas que el grupo a\\u00e9reo que engloba a Iberia, British Airways (BA) y Vueling, enviar\\u00e1 \\\"en breve\\\" los documentos de una oferta formal a los accionistas de Aer Lingus para comprar el 100% de la aerol\\u00ednea brit\\u00e1nica. Durante su discurso en la\",\"inLanguage\":\"es-ES\",\"isPartOf\":{\"@id\":\"https:\\\/\\\/eldigitaldeasturias.com\\\/magazine365\\\/#website\"},\"breadcrumb\":{\"@id\":\"https:\\\/\\\/eldigitaldeasturias.com\\\/magazine365\\\/walsh-dice-que-en-breve-se-enviara-una-oferta-formal-a-los-accionistas-de-aer-lingus\\\/#breadcrumblist\"},\"author\":{\"@id\":\"https:\\\/\\\/eldigitaldeasturias.com\\\/magazine365\\\/author\\\/admin\\\/#author\"},\"creator\":{\"@id\":\"https:\\\/\\\/eldigitaldeasturias.com\\\/magazine365\\\/author\\\/admin\\\/#author\"},\"image\":{\"@type\":\"ImageObject\",\"url\":\"https:\\\/\\\/eldigitaldeasturias.com\\\/magazine365\\\/wp-content\\\/uploads\\\/2015\\\/06\\\/fotonoticia_20150618144057_800.jpg\",\"@id\":\"https:\\\/\\\/eldigitaldeasturias.com\\\/magazine365\\\/walsh-dice-que-en-breve-se-enviara-una-oferta-formal-a-los-accionistas-de-aer-lingus\\\/#mainImage\",\"width\":800,\"height\":534},\"primaryImageOfPage\":{\"@id\":\"https:\\\/\\\/eldigitaldeasturias.com\\\/magazine365\\\/walsh-dice-que-en-breve-se-enviara-una-oferta-formal-a-los-accionistas-de-aer-lingus\\\/#mainImage\"},\"datePublished\":\"2015-06-19T06:07:05+02:00\",\"dateModified\":\"2015-06-19T06:07:05+02:00\"},{\"@type\":\"WebSite\",\"@id\":\"https:\\\/\\\/eldigitaldeasturias.com\\\/magazine365\\\/#website\",\"url\":\"https:\\\/\\\/eldigitaldeasturias.com\\\/magazine365\\\/\",\"name\":\"El Digital de Asturias\",\"description\":\"Revista de ocio, turismo y estilo de vida\",\"inLanguage\":\"es-ES\",\"publisher\":{\"@id\":\"https:\\\/\\\/eldigitaldeasturias.com\\\/magazine365\\\/#organization\"}}]}\n\t\t<\/script>\n\t\t<!-- All in One SEO Pro -->\r\n\t\t<title>Walsh dice que en \u00abbreve\u00bb se enviar\u00e1 una oferta formal a los accionistas de Aer Lingus | El Digital de Asturias<\/title>\n\n","aioseo_head_json":{"title":"Walsh dice que en \u00abbreve\u00bb se enviar\u00e1 una oferta formal a los accionistas de Aer Lingus | El Digital de Asturias","description":"El consejero delegado de IAG, Willie Walsh, confirm\u00f3 hoy ante la junta de accionistas que el grupo a\u00e9reo que engloba a Iberia, British Airways (BA) y Vueling, enviar\u00e1 \"en breve\" los documentos de una oferta formal a los accionistas de Aer Lingus para comprar el 100% de la aerol\u00ednea brit\u00e1nica. Durante su discurso en la","canonical_url":"https:\/\/eldigitaldeasturias.com\/magazine365\/walsh-dice-que-en-breve-se-enviara-una-oferta-formal-a-los-accionistas-de-aer-lingus\/","robots":"max-image-preview:large","keywords":"actualidad turismo","webmasterTools":{"google-site-verification":"UA-38556648-1","miscellaneous":""},"schema":{"@context":"https:\/\/schema.org","@graph":[{"@type":"Article","@id":"https:\/\/eldigitaldeasturias.com\/magazine365\/walsh-dice-que-en-breve-se-enviara-una-oferta-formal-a-los-accionistas-de-aer-lingus\/#article","name":"Walsh dice que en \u00abbreve\u00bb se enviar\u00e1 una oferta formal a los accionistas de Aer Lingus | El Digital de Asturias","headline":"Walsh dice que en \u00abbreve\u00bb se enviar\u00e1 una oferta formal a los accionistas de Aer Lingus","author":{"@id":"https:\/\/eldigitaldeasturias.com\/magazine365\/author\/admin\/#author"},"publisher":{"@id":"https:\/\/eldigitaldeasturias.com\/magazine365\/#organization"},"image":{"@type":"ImageObject","url":"https:\/\/eldigitaldeasturias.com\/magazine365\/wp-content\/uploads\/2015\/06\/fotonoticia_20150618144057_800.jpg","width":800,"height":534},"datePublished":"2015-06-19T06:07:05+02:00","dateModified":"2015-06-19T06:07:05+02:00","inLanguage":"es-ES","mainEntityOfPage":{"@id":"https:\/\/eldigitaldeasturias.com\/magazine365\/walsh-dice-que-en-breve-se-enviara-una-oferta-formal-a-los-accionistas-de-aer-lingus\/#webpage"},"isPartOf":{"@id":"https:\/\/eldigitaldeasturias.com\/magazine365\/walsh-dice-que-en-breve-se-enviara-una-oferta-formal-a-los-accionistas-de-aer-lingus\/#webpage"},"articleSection":"Actualidad Turismo"},{"@type":"BreadcrumbList","@id":"https:\/\/eldigitaldeasturias.com\/magazine365\/walsh-dice-que-en-breve-se-enviara-una-oferta-formal-a-los-accionistas-de-aer-lingus\/#breadcrumblist","itemListElement":[{"@type":"ListItem","@id":"https:\/\/eldigitaldeasturias.com\/magazine365#listItem","position":1,"name":"Home","item":"https:\/\/eldigitaldeasturias.com\/magazine365","nextItem":{"@type":"ListItem","@id":"https:\/\/eldigitaldeasturias.com\/magazine365\/category\/actualidad-turismo\/#listItem","name":"Actualidad Turismo"}},{"@type":"ListItem","@id":"https:\/\/eldigitaldeasturias.com\/magazine365\/category\/actualidad-turismo\/#listItem","position":2,"name":"Actualidad Turismo","item":"https:\/\/eldigitaldeasturias.com\/magazine365\/category\/actualidad-turismo\/","nextItem":{"@type":"ListItem","@id":"https:\/\/eldigitaldeasturias.com\/magazine365\/walsh-dice-que-en-breve-se-enviara-una-oferta-formal-a-los-accionistas-de-aer-lingus\/#listItem","name":"Walsh dice que en \u00abbreve\u00bb se enviar\u00e1 una oferta formal a los accionistas de Aer Lingus"},"previousItem":{"@type":"ListItem","@id":"https:\/\/eldigitaldeasturias.com\/magazine365#listItem","name":"Home"}},{"@type":"ListItem","@id":"https:\/\/eldigitaldeasturias.com\/magazine365\/walsh-dice-que-en-breve-se-enviara-una-oferta-formal-a-los-accionistas-de-aer-lingus\/#listItem","position":3,"name":"Walsh dice que en \u00abbreve\u00bb se enviar\u00e1 una oferta formal a los accionistas de Aer Lingus","previousItem":{"@type":"ListItem","@id":"https:\/\/eldigitaldeasturias.com\/magazine365\/category\/actualidad-turismo\/#listItem","name":"Actualidad Turismo"}}]},{"@type":"Organization","@id":"https:\/\/eldigitaldeasturias.com\/magazine365\/#organization","name":"El digital de Asturias","description":"Revista de ocio, turismo y estilo de vida","url":"https:\/\/eldigitaldeasturias.com\/magazine365\/","logo":{"@type":"ImageObject","url":"https:\/\/www.eldigitaldeasturias.com\/noticias\/wp-content\/uploads\/2020\/12\/EDA.jpg","@id":"https:\/\/eldigitaldeasturias.com\/magazine365\/walsh-dice-que-en-breve-se-enviara-una-oferta-formal-a-los-accionistas-de-aer-lingus\/#organizationLogo"},"image":{"@id":"https:\/\/eldigitaldeasturias.com\/magazine365\/walsh-dice-que-en-breve-se-enviara-una-oferta-formal-a-los-accionistas-de-aer-lingus\/#organizationLogo"}},{"@type":"Person","@id":"https:\/\/eldigitaldeasturias.com\/magazine365\/author\/admin\/#author","url":"https:\/\/eldigitaldeasturias.com\/magazine365\/author\/admin\/","name":"admin","image":{"@type":"ImageObject","@id":"https:\/\/eldigitaldeasturias.com\/magazine365\/walsh-dice-que-en-breve-se-enviara-una-oferta-formal-a-los-accionistas-de-aer-lingus\/#authorImage","url":"https:\/\/eldigitaldeasturias.com\/magazine365\/wp-content\/litespeed\/avatar\/e571bcf59a0edd6fa6838245a470f2fe.jpg?ver=1777574230","width":96,"height":96,"caption":"admin"}},{"@type":"WebPage","@id":"https:\/\/eldigitaldeasturias.com\/magazine365\/walsh-dice-que-en-breve-se-enviara-una-oferta-formal-a-los-accionistas-de-aer-lingus\/#webpage","url":"https:\/\/eldigitaldeasturias.com\/magazine365\/walsh-dice-que-en-breve-se-enviara-una-oferta-formal-a-los-accionistas-de-aer-lingus\/","name":"Walsh dice que en \u00abbreve\u00bb se enviar\u00e1 una oferta formal a los accionistas de Aer Lingus | El Digital de Asturias","description":"El consejero delegado de IAG, Willie Walsh, confirm\u00f3 hoy ante la junta de accionistas que el grupo a\u00e9reo que engloba a Iberia, British Airways (BA) y Vueling, enviar\u00e1 \"en breve\" los documentos de una oferta formal a los accionistas de Aer Lingus para comprar el 100% de la aerol\u00ednea brit\u00e1nica. Durante su discurso en la","inLanguage":"es-ES","isPartOf":{"@id":"https:\/\/eldigitaldeasturias.com\/magazine365\/#website"},"breadcrumb":{"@id":"https:\/\/eldigitaldeasturias.com\/magazine365\/walsh-dice-que-en-breve-se-enviara-una-oferta-formal-a-los-accionistas-de-aer-lingus\/#breadcrumblist"},"author":{"@id":"https:\/\/eldigitaldeasturias.com\/magazine365\/author\/admin\/#author"},"creator":{"@id":"https:\/\/eldigitaldeasturias.com\/magazine365\/author\/admin\/#author"},"image":{"@type":"ImageObject","url":"https:\/\/eldigitaldeasturias.com\/magazine365\/wp-content\/uploads\/2015\/06\/fotonoticia_20150618144057_800.jpg","@id":"https:\/\/eldigitaldeasturias.com\/magazine365\/walsh-dice-que-en-breve-se-enviara-una-oferta-formal-a-los-accionistas-de-aer-lingus\/#mainImage","width":800,"height":534},"primaryImageOfPage":{"@id":"https:\/\/eldigitaldeasturias.com\/magazine365\/walsh-dice-que-en-breve-se-enviara-una-oferta-formal-a-los-accionistas-de-aer-lingus\/#mainImage"},"datePublished":"2015-06-19T06:07:05+02:00","dateModified":"2015-06-19T06:07:05+02:00"},{"@type":"WebSite","@id":"https:\/\/eldigitaldeasturias.com\/magazine365\/#website","url":"https:\/\/eldigitaldeasturias.com\/magazine365\/","name":"El Digital de Asturias","description":"Revista de ocio, turismo y estilo de vida","inLanguage":"es-ES","publisher":{"@id":"https:\/\/eldigitaldeasturias.com\/magazine365\/#organization"}}]},"og:locale":"es_ES","og:site_name":"El Digital de Asturias \u2013 Revista de ocio, turismo y estilo de vida","og:type":"article","og:title":"Walsh dice que en \u00abbreve\u00bb se enviar\u00e1 una oferta formal a los accionistas de Aer Lingus | El Digital de Asturias","og:description":"El consejero delegado de IAG, Willie Walsh, confirm\u00f3 hoy ante la junta de accionistas que el grupo a\u00e9reo que engloba a Iberia, British Airways (BA) y Vueling, enviar\u00e1 &quot;en breve&quot; los documentos de una oferta formal a los accionistas de Aer Lingus para comprar el 100% de la aerol\u00ednea brit\u00e1nica. Durante su discurso en la","og:url":"https:\/\/eldigitaldeasturias.com\/magazine365\/walsh-dice-que-en-breve-se-enviara-una-oferta-formal-a-los-accionistas-de-aer-lingus\/","og:image":"https:\/\/eldigitaldeasturias.com\/magazine365\/wp-content\/uploads\/2015\/06\/fotonoticia_20150618144057_800.jpg","og:image:secure_url":"https:\/\/eldigitaldeasturias.com\/magazine365\/wp-content\/uploads\/2015\/06\/fotonoticia_20150618144057_800.jpg","og:image:width":800,"og:image:height":534,"article:published_time":"2015-06-19T04:37:05+00:00","article:modified_time":"2015-06-19T04:37:05+00:00","twitter:card":"summary_large_image","twitter:title":"Walsh dice que en \u00abbreve\u00bb se enviar\u00e1 una oferta formal a los accionistas de Aer Lingus | El Digital de Asturias","twitter:description":"El consejero delegado de IAG, Willie Walsh, confirm\u00f3 hoy ante la junta de accionistas que el grupo a\u00e9reo que engloba a Iberia, British Airways (BA) y Vueling, enviar\u00e1 &quot;en breve&quot; los documentos de una oferta formal a los accionistas de Aer Lingus para comprar el 100% de la aerol\u00ednea brit\u00e1nica. Durante su discurso en la","twitter:image":"https:\/\/eldigitaldeasturias.com\/magazine365\/wp-content\/uploads\/2015\/06\/fotonoticia_20150618144057_800.jpg"},"aioseo_meta_data":{"post_id":"40327","title":null,"description":null,"keywords":null,"keyphrases":null,"primary_term":null,"canonical_url":null,"og_title":null,"og_description":null,"og_object_type":"default","og_image_type":"default","og_image_url":null,"og_image_width":null,"og_image_height":null,"og_image_custom_url":null,"og_image_custom_fields":null,"og_video":null,"og_custom_url":null,"og_article_section":null,"og_article_tags":null,"twitter_use_og":false,"twitter_card":"default","twitter_image_type":"default","twitter_image_url":null,"twitter_image_custom_url":null,"twitter_image_custom_fields":null,"twitter_title":null,"twitter_description":null,"schema":{"blockGraphs":[],"customGraphs":[],"default":{"data":{"Article":[],"Course":[],"Dataset":[],"FAQPage":[],"Movie":[],"Person":[],"Product":[],"ProductReview":[],"Car":[],"Recipe":[],"Service":[],"SoftwareApplication":[],"WebPage":[]},"graphName":"","isEnabled":true},"graphs":[],"defaultGraph":"","defaultPostTypeGraph":""},"schema_type":null,"schema_type_options":null,"pillar_content":false,"robots_default":true,"robots_noindex":false,"robots_noarchive":false,"robots_nosnippet":false,"robots_nofollow":false,"robots_noimageindex":false,"robots_noodp":false,"robots_notranslate":false,"robots_max_snippet":null,"robots_max_videopreview":null,"robots_max_imagepreview":"large","priority":null,"frequency":null,"location":null,"local_seo":null,"seo_analyzer_scan_date":"2025-09-19 13:20:12","breadcrumb_settings":null,"limit_modified_date":false,"open_ai":null,"ai":null,"created":"2021-03-09 02:30:21","updated":"2025-09-19 13:20:12"},"aioseo_breadcrumb":"<div class=\"aioseo-breadcrumbs\"><span class=\"aioseo-breadcrumb\">\n\t<a href=\"https:\/\/eldigitaldeasturias.com\/magazine365\" title=\"Home\">Home<\/a>\n<\/span><span class=\"aioseo-breadcrumb-separator\">\u2013<\/span><span class=\"aioseo-breadcrumb\">\n\t<a href=\"https:\/\/eldigitaldeasturias.com\/magazine365\/category\/actualidad-turismo\/\" title=\"Actualidad Turismo\">Actualidad Turismo<\/a>\n<\/span><span class=\"aioseo-breadcrumb-separator\">\u2013<\/span><span class=\"aioseo-breadcrumb\">\n\t<a href=\"https:\/\/eldigitaldeasturias.com\/magazine365\/walsh-dice-que-en-breve-se-enviara-una-oferta-formal-a-los-accionistas-de-aer-lingus\/\" title=\"Walsh dice que en \u00abbreve\u00bb se enviar\u00e1 una oferta formal a los accionistas de Aer Lingus\">Walsh dice que en \u00abbreve\u00bb se enviar\u00e1 una oferta formal a los accionistas de Aer Lingus<\/a>\n<\/span><\/div>","aioseo_breadcrumb_json":[{"label":"Home","link":"https:\/\/eldigitaldeasturias.com\/magazine365"},{"label":"Actualidad Turismo","link":"https:\/\/eldigitaldeasturias.com\/magazine365\/category\/actualidad-turismo\/"},{"label":"Walsh dice que en \u00abbreve\u00bb se enviar\u00e1 una oferta formal a los accionistas de Aer Lingus","link":"https:\/\/eldigitaldeasturias.com\/magazine365\/walsh-dice-que-en-breve-se-enviara-una-oferta-formal-a-los-accionistas-de-aer-lingus\/"}],"_links":{"self":[{"href":"https:\/\/eldigitaldeasturias.com\/magazine365\/wp-json\/wp\/v2\/posts\/40327","targetHints":{"allow":["GET"]}}],"collection":[{"href":"https:\/\/eldigitaldeasturias.com\/magazine365\/wp-json\/wp\/v2\/posts"}],"about":[{"href":"https:\/\/eldigitaldeasturias.com\/magazine365\/wp-json\/wp\/v2\/types\/post"}],"author":[{"embeddable":true,"href":"https:\/\/eldigitaldeasturias.com\/magazine365\/wp-json\/wp\/v2\/users\/1"}],"replies":[{"embeddable":true,"href":"https:\/\/eldigitaldeasturias.com\/magazine365\/wp-json\/wp\/v2\/comments?post=40327"}],"version-history":[{"count":0,"href":"https:\/\/eldigitaldeasturias.com\/magazine365\/wp-json\/wp\/v2\/posts\/40327\/revisions"}],"wp:featuredmedia":[{"embeddable":true,"href":"https:\/\/eldigitaldeasturias.com\/magazine365\/wp-json\/wp\/v2\/media\/40328"}],"wp:attachment":[{"href":"https:\/\/eldigitaldeasturias.com\/magazine365\/wp-json\/wp\/v2\/media?parent=40327"}],"wp:term":[{"taxonomy":"category","embeddable":true,"href":"https:\/\/eldigitaldeasturias.com\/magazine365\/wp-json\/wp\/v2\/categories?post=40327"},{"taxonomy":"post_tag","embeddable":true,"href":"https:\/\/eldigitaldeasturias.com\/magazine365\/wp-json\/wp\/v2\/tags?post=40327"}],"curies":[{"name":"wp","href":"https:\/\/api.w.org\/{rel}","templated":true}]}}