{"id":40321,"date":"2015-06-19T06:04:26","date_gmt":"2015-06-19T04:34:26","guid":{"rendered":"http:\/\/eldigitaldeasturias.com\/magazine365\/?p=40321"},"modified":"2015-06-19T06:04:26","modified_gmt":"2015-06-19T04:34:26","slug":"volotea-espera-una-ocupacion-del-75-80-en-sus-vuelos-directos-a-ibiza-y-venecia","status":"publish","type":"post","link":"https:\/\/eldigitaldeasturias.com\/magazine365\/volotea-espera-una-ocupacion-del-75-80-en-sus-vuelos-directos-a-ibiza-y-venecia\/","title":{"rendered":"Volotea espera una ocupaci\u00f3n del 75-80% en sus vuelos directos a Ibiza y Venecia"},"content":{"rendered":"<p><img fetchpriority=\"high\" decoding=\"async\" class=\"alignleft size-medium wp-image-40322\" src=\"https:\/\/eldigitaldeasturias.com\/magazine365\/wp-content\/uploads\/2015\/06\/fotonoticia_20150618141727_800-360x203.jpg\" alt=\"fotonoticia_20150618141727_800\" width=\"360\" height=\"203\" srcset=\"https:\/\/eldigitaldeasturias.com\/magazine365\/wp-content\/uploads\/2015\/06\/fotonoticia_20150618141727_800-360x203.jpg 360w, https:\/\/eldigitaldeasturias.com\/magazine365\/wp-content\/uploads\/2015\/06\/fotonoticia_20150618141727_800-650x366.jpg 650w, https:\/\/eldigitaldeasturias.com\/magazine365\/wp-content\/uploads\/2015\/06\/fotonoticia_20150618141727_800-768x432.jpg 768w, https:\/\/eldigitaldeasturias.com\/magazine365\/wp-content\/uploads\/2015\/06\/fotonoticia_20150618141727_800-150x84.jpg 150w, https:\/\/eldigitaldeasturias.com\/magazine365\/wp-content\/uploads\/2015\/06\/fotonoticia_20150618141727_800-450x253.jpg 450w, https:\/\/eldigitaldeasturias.com\/magazine365\/wp-content\/uploads\/2015\/06\/fotonoticia_20150618141727_800-696x392.jpg 696w, https:\/\/eldigitaldeasturias.com\/magazine365\/wp-content\/uploads\/2015\/06\/fotonoticia_20150618141727_800-747x420.jpg 747w, https:\/\/eldigitaldeasturias.com\/magazine365\/wp-content\/uploads\/2015\/06\/fotonoticia_20150618141727_800-499x280.jpg 499w, https:\/\/eldigitaldeasturias.com\/magazine365\/wp-content\/uploads\/2015\/06\/fotonoticia_20150618141727_800.jpg 800w\" sizes=\"(max-width: 360px) 100vw, 360px\" \/>Volotea ha reabierto este jueves las rutas directas desde Santander a Ibiza y Venecia, que funcionar\u00e1n hasta el 16 de septiembre con una frecuencia de dos vuelos semanales, y en las que la compa\u00f1\u00eda espera una ocupaci\u00f3n de entre el 75 y el 80%.<\/p>\n<p>As\u00ed lo ha manifestado a preguntas de la prensa el director general y cofundador de Volotea, L\u00e1zaro Ros, quien ha puntualizado que se trata de una previsi\u00f3n y que es \u00abpronto para dar cifras exactas\u00bb ya que el pasajero espa\u00f1ol es \u00abm\u00e1s bien de \u00faltima hora\u00bb y a partir de San Juan se venden un buen n\u00famero de billetes para julio y agosto.<\/p>\n<p>Ros ha participado en el acto de bienvenida del primer avi\u00f3n procedente de Ibiza en el aeropuerto Seve Ballesteros, que ha sido recibido con el tradicional arco de agua por parte de los bomberos del aeropuerto.<\/p>\n<p>El responsable de Volotea, que ha estado acompa\u00f1ado por el consejero de Turismo en funciones, Eduardo Arasti, ha asegurado que la compa\u00f1\u00eda va a seguir apostando por Santander. \u00abNos encanta el Norte de Espa\u00f1a\u00bb, ha afirmado, y ha confiado en que con el nuevo Gobierno de Cantabria \u00abnos entendamos exactamente igual\u00bb.<\/p>\n<p>Por su parte, Arasti ha destacado que Volotea es la quinta compa\u00f1\u00eda que opera en el aeropuerto y ha agradecido su apuesta por Santander, que \u00abva a dar m\u00e1s oportunidades a todos, al turismo, dado que el aeropuerto es la principal puerta de entrada de turistas a Cantabria\u00bb, y a los c\u00e1ntabros para salir al exterior.<\/p>\n<p>El consejero en funciones ha destacado que ahora el aeropuerto tiene \u00abm\u00e1s compa\u00f1\u00edas que nunca\u00bb, cinco (Vueling, Air Nostrum, Ryanair, Iberia y Volotea) frente a \u00ablas dos que recibimos\u00bb; m\u00e1s destinos que nunca -22-; y en estos cuatro a\u00f1os han pasado por \u00e9l casi cuatro millones de viajeros, \u00abel mayor n\u00famero de la historia del aeropuerto en una legislatura\u00bb.<\/p>\n<p>Desde Santander se puede volar a 12 aeropuertos nacionales y diez internacionales. Los destinos nacionales son Madrid, Barcelona, Palma de Mallorca, Ibiza, Valencia, M\u00e1laga, Sevilla, Gran Canaria, Tenerife Sur, Tenerife Norte y Lanzarote. Los destinos internacionales que actualmente operan en el Seve Ballesteros-Santander son Londres, Dubl\u00edn, Edimburgo, Bruselas, Dusseldorf, Frankfurt, Roma, Mil\u00e1n, Venecia y Par\u00eds.<\/p>\n","protected":false},"excerpt":{"rendered":"<p>Volotea ha reabierto este jueves las rutas directas desde Santander a Ibiza y Venecia, que funcionar\u00e1n hasta el 16 de septiembre con una frecuencia de dos vuelos semanales, y en las que la compa\u00f1\u00eda espera una ocupaci\u00f3n de entre el 75 y el 80%. As\u00ed lo ha manifestado a preguntas de la prensa el director<\/p>\n","protected":false},"author":1,"featured_media":40322,"comment_status":"open","ping_status":"closed","sticky":false,"template":"","format":"standard","meta":{"footnotes":""},"categories":[222],"tags":[],"class_list":{"0":"post-40321","1":"post","2":"type-post","3":"status-publish","4":"format-standard","5":"has-post-thumbnail","7":"category-actualidad-turismo"},"aioseo_notices":[],"aioseo_head":"\n\t\t<!-- All in One SEO Pro 4.9.6.1 - aioseo.com -->\n\t<meta name=\"description\" content=\"Volotea ha reabierto este jueves las rutas directas desde Santander a Ibiza y Venecia, que funcionar\u00e1n hasta el 16 de septiembre con una frecuencia de dos vuelos semanales, y en las que la compa\u00f1\u00eda espera una ocupaci\u00f3n de entre el 75 y el 80%. As\u00ed lo ha manifestado a preguntas de la prensa el director\" \/>\n\t<meta name=\"robots\" content=\"max-image-preview:large\" \/>\n\t<meta name=\"author\" content=\"admin\"\/>\n\t<meta name=\"google-site-verification\" content=\"UA-38556648-1\" \/>\n\t<meta name=\"keywords\" content=\"actualidad turismo\" \/>\n\t<link rel=\"canonical\" href=\"https:\/\/eldigitaldeasturias.com\/magazine365\/volotea-espera-una-ocupacion-del-75-80-en-sus-vuelos-directos-a-ibiza-y-venecia\/\" \/>\n\t<meta name=\"generator\" content=\"All in One SEO Pro (AIOSEO) 4.9.6.1\" \/>\n\t\t<meta property=\"og:locale\" content=\"es_ES\" \/>\n\t\t<meta property=\"og:site_name\" content=\"El Digital de Asturias \u2013 Revista de ocio, turismo y estilo de vida\" \/>\n\t\t<meta property=\"og:type\" content=\"article\" \/>\n\t\t<meta property=\"og:title\" content=\"Volotea espera una ocupaci\u00f3n del 75-80% en sus vuelos directos a Ibiza y Venecia | El Digital de Asturias\" \/>\n\t\t<meta property=\"og:description\" content=\"Volotea ha reabierto este jueves las rutas directas desde Santander a Ibiza y Venecia, que funcionar\u00e1n hasta el 16 de septiembre con una frecuencia de dos vuelos semanales, y en las que la compa\u00f1\u00eda espera una ocupaci\u00f3n de entre el 75 y el 80%. As\u00ed lo ha manifestado a preguntas de la prensa el director\" \/>\n\t\t<meta property=\"og:url\" content=\"https:\/\/eldigitaldeasturias.com\/magazine365\/volotea-espera-una-ocupacion-del-75-80-en-sus-vuelos-directos-a-ibiza-y-venecia\/\" \/>\n\t\t<meta property=\"og:image\" content=\"https:\/\/eldigitaldeasturias.com\/magazine365\/wp-content\/uploads\/2015\/06\/fotonoticia_20150618141727_800.jpg\" \/>\n\t\t<meta property=\"og:image:secure_url\" content=\"https:\/\/eldigitaldeasturias.com\/magazine365\/wp-content\/uploads\/2015\/06\/fotonoticia_20150618141727_800.jpg\" \/>\n\t\t<meta property=\"og:image:width\" content=\"800\" \/>\n\t\t<meta property=\"og:image:height\" content=\"450\" \/>\n\t\t<meta property=\"article:published_time\" content=\"2015-06-19T04:34:26+00:00\" \/>\n\t\t<meta property=\"article:modified_time\" content=\"2015-06-19T04:34:26+00:00\" \/>\n\t\t<meta name=\"twitter:card\" content=\"summary_large_image\" \/>\n\t\t<meta name=\"twitter:title\" content=\"Volotea espera una ocupaci\u00f3n del 75-80% en sus vuelos directos a Ibiza y Venecia | El Digital de Asturias\" \/>\n\t\t<meta name=\"twitter:description\" content=\"Volotea ha reabierto este jueves las rutas directas desde Santander a Ibiza y Venecia, que funcionar\u00e1n hasta el 16 de septiembre con una frecuencia de dos vuelos semanales, y en las que la compa\u00f1\u00eda espera una ocupaci\u00f3n de entre el 75 y el 80%. As\u00ed lo ha manifestado a preguntas de la prensa el director\" \/>\n\t\t<meta name=\"twitter:image\" content=\"https:\/\/eldigitaldeasturias.com\/magazine365\/wp-content\/uploads\/2015\/06\/fotonoticia_20150618141727_800.jpg\" \/>\n\t\t<script type=\"application\/ld+json\" class=\"aioseo-schema\">\n\t\t\t{\"@context\":\"https:\\\/\\\/schema.org\",\"@graph\":[{\"@type\":\"Article\",\"@id\":\"https:\\\/\\\/eldigitaldeasturias.com\\\/magazine365\\\/volotea-espera-una-ocupacion-del-75-80-en-sus-vuelos-directos-a-ibiza-y-venecia\\\/#article\",\"name\":\"Volotea espera una ocupaci\\u00f3n del 75-80% en sus vuelos directos a Ibiza y Venecia | El Digital de Asturias\",\"headline\":\"Volotea espera una ocupaci\\u00f3n del 75-80% en sus vuelos directos a Ibiza y Venecia\",\"author\":{\"@id\":\"https:\\\/\\\/eldigitaldeasturias.com\\\/magazine365\\\/author\\\/admin\\\/#author\"},\"publisher\":{\"@id\":\"https:\\\/\\\/eldigitaldeasturias.com\\\/magazine365\\\/#organization\"},\"image\":{\"@type\":\"ImageObject\",\"url\":\"https:\\\/\\\/eldigitaldeasturias.com\\\/magazine365\\\/wp-content\\\/uploads\\\/2015\\\/06\\\/fotonoticia_20150618141727_800.jpg\",\"width\":800,\"height\":450},\"datePublished\":\"2015-06-19T06:04:26+02:00\",\"dateModified\":\"2015-06-19T06:04:26+02:00\",\"inLanguage\":\"es-ES\",\"mainEntityOfPage\":{\"@id\":\"https:\\\/\\\/eldigitaldeasturias.com\\\/magazine365\\\/volotea-espera-una-ocupacion-del-75-80-en-sus-vuelos-directos-a-ibiza-y-venecia\\\/#webpage\"},\"isPartOf\":{\"@id\":\"https:\\\/\\\/eldigitaldeasturias.com\\\/magazine365\\\/volotea-espera-una-ocupacion-del-75-80-en-sus-vuelos-directos-a-ibiza-y-venecia\\\/#webpage\"},\"articleSection\":\"Actualidad Turismo\"},{\"@type\":\"BreadcrumbList\",\"@id\":\"https:\\\/\\\/eldigitaldeasturias.com\\\/magazine365\\\/volotea-espera-una-ocupacion-del-75-80-en-sus-vuelos-directos-a-ibiza-y-venecia\\\/#breadcrumblist\",\"itemListElement\":[{\"@type\":\"ListItem\",\"@id\":\"https:\\\/\\\/eldigitaldeasturias.com\\\/magazine365#listItem\",\"position\":1,\"name\":\"Home\",\"item\":\"https:\\\/\\\/eldigitaldeasturias.com\\\/magazine365\",\"nextItem\":{\"@type\":\"ListItem\",\"@id\":\"https:\\\/\\\/eldigitaldeasturias.com\\\/magazine365\\\/category\\\/actualidad-turismo\\\/#listItem\",\"name\":\"Actualidad Turismo\"}},{\"@type\":\"ListItem\",\"@id\":\"https:\\\/\\\/eldigitaldeasturias.com\\\/magazine365\\\/category\\\/actualidad-turismo\\\/#listItem\",\"position\":2,\"name\":\"Actualidad Turismo\",\"item\":\"https:\\\/\\\/eldigitaldeasturias.com\\\/magazine365\\\/category\\\/actualidad-turismo\\\/\",\"nextItem\":{\"@type\":\"ListItem\",\"@id\":\"https:\\\/\\\/eldigitaldeasturias.com\\\/magazine365\\\/volotea-espera-una-ocupacion-del-75-80-en-sus-vuelos-directos-a-ibiza-y-venecia\\\/#listItem\",\"name\":\"Volotea espera una ocupaci\\u00f3n del 75-80% en sus vuelos directos a Ibiza y Venecia\"},\"previousItem\":{\"@type\":\"ListItem\",\"@id\":\"https:\\\/\\\/eldigitaldeasturias.com\\\/magazine365#listItem\",\"name\":\"Home\"}},{\"@type\":\"ListItem\",\"@id\":\"https:\\\/\\\/eldigitaldeasturias.com\\\/magazine365\\\/volotea-espera-una-ocupacion-del-75-80-en-sus-vuelos-directos-a-ibiza-y-venecia\\\/#listItem\",\"position\":3,\"name\":\"Volotea espera una ocupaci\\u00f3n del 75-80% en sus vuelos directos a Ibiza y Venecia\",\"previousItem\":{\"@type\":\"ListItem\",\"@id\":\"https:\\\/\\\/eldigitaldeasturias.com\\\/magazine365\\\/category\\\/actualidad-turismo\\\/#listItem\",\"name\":\"Actualidad Turismo\"}}]},{\"@type\":\"Organization\",\"@id\":\"https:\\\/\\\/eldigitaldeasturias.com\\\/magazine365\\\/#organization\",\"name\":\"El digital de Asturias\",\"description\":\"Revista de ocio, turismo y estilo de vida\",\"url\":\"https:\\\/\\\/eldigitaldeasturias.com\\\/magazine365\\\/\",\"logo\":{\"@type\":\"ImageObject\",\"url\":\"https:\\\/\\\/www.eldigitaldeasturias.com\\\/noticias\\\/wp-content\\\/uploads\\\/2020\\\/12\\\/EDA.jpg\",\"@id\":\"https:\\\/\\\/eldigitaldeasturias.com\\\/magazine365\\\/volotea-espera-una-ocupacion-del-75-80-en-sus-vuelos-directos-a-ibiza-y-venecia\\\/#organizationLogo\"},\"image\":{\"@id\":\"https:\\\/\\\/eldigitaldeasturias.com\\\/magazine365\\\/volotea-espera-una-ocupacion-del-75-80-en-sus-vuelos-directos-a-ibiza-y-venecia\\\/#organizationLogo\"}},{\"@type\":\"Person\",\"@id\":\"https:\\\/\\\/eldigitaldeasturias.com\\\/magazine365\\\/author\\\/admin\\\/#author\",\"url\":\"https:\\\/\\\/eldigitaldeasturias.com\\\/magazine365\\\/author\\\/admin\\\/\",\"name\":\"admin\",\"image\":{\"@type\":\"ImageObject\",\"@id\":\"https:\\\/\\\/eldigitaldeasturias.com\\\/magazine365\\\/volotea-espera-una-ocupacion-del-75-80-en-sus-vuelos-directos-a-ibiza-y-venecia\\\/#authorImage\",\"url\":\"https:\\\/\\\/eldigitaldeasturias.com\\\/magazine365\\\/wp-content\\\/litespeed\\\/avatar\\\/e571bcf59a0edd6fa6838245a470f2fe.jpg?ver=1777574230\",\"width\":96,\"height\":96,\"caption\":\"admin\"}},{\"@type\":\"WebPage\",\"@id\":\"https:\\\/\\\/eldigitaldeasturias.com\\\/magazine365\\\/volotea-espera-una-ocupacion-del-75-80-en-sus-vuelos-directos-a-ibiza-y-venecia\\\/#webpage\",\"url\":\"https:\\\/\\\/eldigitaldeasturias.com\\\/magazine365\\\/volotea-espera-una-ocupacion-del-75-80-en-sus-vuelos-directos-a-ibiza-y-venecia\\\/\",\"name\":\"Volotea espera una ocupaci\\u00f3n del 75-80% en sus vuelos directos a Ibiza y Venecia | El Digital de Asturias\",\"description\":\"Volotea ha reabierto este jueves las rutas directas desde Santander a Ibiza y Venecia, que funcionar\\u00e1n hasta el 16 de septiembre con una frecuencia de dos vuelos semanales, y en las que la compa\\u00f1\\u00eda espera una ocupaci\\u00f3n de entre el 75 y el 80%. As\\u00ed lo ha manifestado a preguntas de la prensa el director\",\"inLanguage\":\"es-ES\",\"isPartOf\":{\"@id\":\"https:\\\/\\\/eldigitaldeasturias.com\\\/magazine365\\\/#website\"},\"breadcrumb\":{\"@id\":\"https:\\\/\\\/eldigitaldeasturias.com\\\/magazine365\\\/volotea-espera-una-ocupacion-del-75-80-en-sus-vuelos-directos-a-ibiza-y-venecia\\\/#breadcrumblist\"},\"author\":{\"@id\":\"https:\\\/\\\/eldigitaldeasturias.com\\\/magazine365\\\/author\\\/admin\\\/#author\"},\"creator\":{\"@id\":\"https:\\\/\\\/eldigitaldeasturias.com\\\/magazine365\\\/author\\\/admin\\\/#author\"},\"image\":{\"@type\":\"ImageObject\",\"url\":\"https:\\\/\\\/eldigitaldeasturias.com\\\/magazine365\\\/wp-content\\\/uploads\\\/2015\\\/06\\\/fotonoticia_20150618141727_800.jpg\",\"@id\":\"https:\\\/\\\/eldigitaldeasturias.com\\\/magazine365\\\/volotea-espera-una-ocupacion-del-75-80-en-sus-vuelos-directos-a-ibiza-y-venecia\\\/#mainImage\",\"width\":800,\"height\":450},\"primaryImageOfPage\":{\"@id\":\"https:\\\/\\\/eldigitaldeasturias.com\\\/magazine365\\\/volotea-espera-una-ocupacion-del-75-80-en-sus-vuelos-directos-a-ibiza-y-venecia\\\/#mainImage\"},\"datePublished\":\"2015-06-19T06:04:26+02:00\",\"dateModified\":\"2015-06-19T06:04:26+02:00\"},{\"@type\":\"WebSite\",\"@id\":\"https:\\\/\\\/eldigitaldeasturias.com\\\/magazine365\\\/#website\",\"url\":\"https:\\\/\\\/eldigitaldeasturias.com\\\/magazine365\\\/\",\"name\":\"El Digital de Asturias\",\"description\":\"Revista de ocio, turismo y estilo de vida\",\"inLanguage\":\"es-ES\",\"publisher\":{\"@id\":\"https:\\\/\\\/eldigitaldeasturias.com\\\/magazine365\\\/#organization\"}}]}\n\t\t<\/script>\n\t\t<!-- All in One SEO Pro -->\r\n\t\t<title>Volotea espera una ocupaci\u00f3n del 75-80% en sus vuelos directos a Ibiza y Venecia | El Digital de Asturias<\/title>\n\n","aioseo_head_json":{"title":"Volotea espera una ocupaci\u00f3n del 75-80% en sus vuelos directos a Ibiza y Venecia | El Digital de Asturias","description":"Volotea ha reabierto este jueves las rutas directas desde Santander a Ibiza y Venecia, que funcionar\u00e1n hasta el 16 de septiembre con una frecuencia de dos vuelos semanales, y en las que la compa\u00f1\u00eda espera una ocupaci\u00f3n de entre el 75 y el 80%. As\u00ed lo ha manifestado a preguntas de la prensa el director","canonical_url":"https:\/\/eldigitaldeasturias.com\/magazine365\/volotea-espera-una-ocupacion-del-75-80-en-sus-vuelos-directos-a-ibiza-y-venecia\/","robots":"max-image-preview:large","keywords":"actualidad turismo","webmasterTools":{"google-site-verification":"UA-38556648-1","miscellaneous":""},"schema":{"@context":"https:\/\/schema.org","@graph":[{"@type":"Article","@id":"https:\/\/eldigitaldeasturias.com\/magazine365\/volotea-espera-una-ocupacion-del-75-80-en-sus-vuelos-directos-a-ibiza-y-venecia\/#article","name":"Volotea espera una ocupaci\u00f3n del 75-80% en sus vuelos directos a Ibiza y Venecia | El Digital de Asturias","headline":"Volotea espera una ocupaci\u00f3n del 75-80% en sus vuelos directos a Ibiza y Venecia","author":{"@id":"https:\/\/eldigitaldeasturias.com\/magazine365\/author\/admin\/#author"},"publisher":{"@id":"https:\/\/eldigitaldeasturias.com\/magazine365\/#organization"},"image":{"@type":"ImageObject","url":"https:\/\/eldigitaldeasturias.com\/magazine365\/wp-content\/uploads\/2015\/06\/fotonoticia_20150618141727_800.jpg","width":800,"height":450},"datePublished":"2015-06-19T06:04:26+02:00","dateModified":"2015-06-19T06:04:26+02:00","inLanguage":"es-ES","mainEntityOfPage":{"@id":"https:\/\/eldigitaldeasturias.com\/magazine365\/volotea-espera-una-ocupacion-del-75-80-en-sus-vuelos-directos-a-ibiza-y-venecia\/#webpage"},"isPartOf":{"@id":"https:\/\/eldigitaldeasturias.com\/magazine365\/volotea-espera-una-ocupacion-del-75-80-en-sus-vuelos-directos-a-ibiza-y-venecia\/#webpage"},"articleSection":"Actualidad Turismo"},{"@type":"BreadcrumbList","@id":"https:\/\/eldigitaldeasturias.com\/magazine365\/volotea-espera-una-ocupacion-del-75-80-en-sus-vuelos-directos-a-ibiza-y-venecia\/#breadcrumblist","itemListElement":[{"@type":"ListItem","@id":"https:\/\/eldigitaldeasturias.com\/magazine365#listItem","position":1,"name":"Home","item":"https:\/\/eldigitaldeasturias.com\/magazine365","nextItem":{"@type":"ListItem","@id":"https:\/\/eldigitaldeasturias.com\/magazine365\/category\/actualidad-turismo\/#listItem","name":"Actualidad Turismo"}},{"@type":"ListItem","@id":"https:\/\/eldigitaldeasturias.com\/magazine365\/category\/actualidad-turismo\/#listItem","position":2,"name":"Actualidad Turismo","item":"https:\/\/eldigitaldeasturias.com\/magazine365\/category\/actualidad-turismo\/","nextItem":{"@type":"ListItem","@id":"https:\/\/eldigitaldeasturias.com\/magazine365\/volotea-espera-una-ocupacion-del-75-80-en-sus-vuelos-directos-a-ibiza-y-venecia\/#listItem","name":"Volotea espera una ocupaci\u00f3n del 75-80% en sus vuelos directos a Ibiza y Venecia"},"previousItem":{"@type":"ListItem","@id":"https:\/\/eldigitaldeasturias.com\/magazine365#listItem","name":"Home"}},{"@type":"ListItem","@id":"https:\/\/eldigitaldeasturias.com\/magazine365\/volotea-espera-una-ocupacion-del-75-80-en-sus-vuelos-directos-a-ibiza-y-venecia\/#listItem","position":3,"name":"Volotea espera una ocupaci\u00f3n del 75-80% en sus vuelos directos a Ibiza y Venecia","previousItem":{"@type":"ListItem","@id":"https:\/\/eldigitaldeasturias.com\/magazine365\/category\/actualidad-turismo\/#listItem","name":"Actualidad Turismo"}}]},{"@type":"Organization","@id":"https:\/\/eldigitaldeasturias.com\/magazine365\/#organization","name":"El digital de Asturias","description":"Revista de ocio, turismo y estilo de vida","url":"https:\/\/eldigitaldeasturias.com\/magazine365\/","logo":{"@type":"ImageObject","url":"https:\/\/www.eldigitaldeasturias.com\/noticias\/wp-content\/uploads\/2020\/12\/EDA.jpg","@id":"https:\/\/eldigitaldeasturias.com\/magazine365\/volotea-espera-una-ocupacion-del-75-80-en-sus-vuelos-directos-a-ibiza-y-venecia\/#organizationLogo"},"image":{"@id":"https:\/\/eldigitaldeasturias.com\/magazine365\/volotea-espera-una-ocupacion-del-75-80-en-sus-vuelos-directos-a-ibiza-y-venecia\/#organizationLogo"}},{"@type":"Person","@id":"https:\/\/eldigitaldeasturias.com\/magazine365\/author\/admin\/#author","url":"https:\/\/eldigitaldeasturias.com\/magazine365\/author\/admin\/","name":"admin","image":{"@type":"ImageObject","@id":"https:\/\/eldigitaldeasturias.com\/magazine365\/volotea-espera-una-ocupacion-del-75-80-en-sus-vuelos-directos-a-ibiza-y-venecia\/#authorImage","url":"https:\/\/eldigitaldeasturias.com\/magazine365\/wp-content\/litespeed\/avatar\/e571bcf59a0edd6fa6838245a470f2fe.jpg?ver=1777574230","width":96,"height":96,"caption":"admin"}},{"@type":"WebPage","@id":"https:\/\/eldigitaldeasturias.com\/magazine365\/volotea-espera-una-ocupacion-del-75-80-en-sus-vuelos-directos-a-ibiza-y-venecia\/#webpage","url":"https:\/\/eldigitaldeasturias.com\/magazine365\/volotea-espera-una-ocupacion-del-75-80-en-sus-vuelos-directos-a-ibiza-y-venecia\/","name":"Volotea espera una ocupaci\u00f3n del 75-80% en sus vuelos directos a Ibiza y Venecia | El Digital de Asturias","description":"Volotea ha reabierto este jueves las rutas directas desde Santander a Ibiza y Venecia, que funcionar\u00e1n hasta el 16 de septiembre con una frecuencia de dos vuelos semanales, y en las que la compa\u00f1\u00eda espera una ocupaci\u00f3n de entre el 75 y el 80%. As\u00ed lo ha manifestado a preguntas de la prensa el director","inLanguage":"es-ES","isPartOf":{"@id":"https:\/\/eldigitaldeasturias.com\/magazine365\/#website"},"breadcrumb":{"@id":"https:\/\/eldigitaldeasturias.com\/magazine365\/volotea-espera-una-ocupacion-del-75-80-en-sus-vuelos-directos-a-ibiza-y-venecia\/#breadcrumblist"},"author":{"@id":"https:\/\/eldigitaldeasturias.com\/magazine365\/author\/admin\/#author"},"creator":{"@id":"https:\/\/eldigitaldeasturias.com\/magazine365\/author\/admin\/#author"},"image":{"@type":"ImageObject","url":"https:\/\/eldigitaldeasturias.com\/magazine365\/wp-content\/uploads\/2015\/06\/fotonoticia_20150618141727_800.jpg","@id":"https:\/\/eldigitaldeasturias.com\/magazine365\/volotea-espera-una-ocupacion-del-75-80-en-sus-vuelos-directos-a-ibiza-y-venecia\/#mainImage","width":800,"height":450},"primaryImageOfPage":{"@id":"https:\/\/eldigitaldeasturias.com\/magazine365\/volotea-espera-una-ocupacion-del-75-80-en-sus-vuelos-directos-a-ibiza-y-venecia\/#mainImage"},"datePublished":"2015-06-19T06:04:26+02:00","dateModified":"2015-06-19T06:04:26+02:00"},{"@type":"WebSite","@id":"https:\/\/eldigitaldeasturias.com\/magazine365\/#website","url":"https:\/\/eldigitaldeasturias.com\/magazine365\/","name":"El Digital de Asturias","description":"Revista de ocio, turismo y estilo de vida","inLanguage":"es-ES","publisher":{"@id":"https:\/\/eldigitaldeasturias.com\/magazine365\/#organization"}}]},"og:locale":"es_ES","og:site_name":"El Digital de Asturias \u2013 Revista de ocio, turismo y estilo de vida","og:type":"article","og:title":"Volotea espera una ocupaci\u00f3n del 75-80% en sus vuelos directos a Ibiza y Venecia | El Digital de Asturias","og:description":"Volotea ha reabierto este jueves las rutas directas desde Santander a Ibiza y Venecia, que funcionar\u00e1n hasta el 16 de septiembre con una frecuencia de dos vuelos semanales, y en las que la compa\u00f1\u00eda espera una ocupaci\u00f3n de entre el 75 y el 80%. As\u00ed lo ha manifestado a preguntas de la prensa el director","og:url":"https:\/\/eldigitaldeasturias.com\/magazine365\/volotea-espera-una-ocupacion-del-75-80-en-sus-vuelos-directos-a-ibiza-y-venecia\/","og:image":"https:\/\/eldigitaldeasturias.com\/magazine365\/wp-content\/uploads\/2015\/06\/fotonoticia_20150618141727_800.jpg","og:image:secure_url":"https:\/\/eldigitaldeasturias.com\/magazine365\/wp-content\/uploads\/2015\/06\/fotonoticia_20150618141727_800.jpg","og:image:width":800,"og:image:height":450,"article:published_time":"2015-06-19T04:34:26+00:00","article:modified_time":"2015-06-19T04:34:26+00:00","twitter:card":"summary_large_image","twitter:title":"Volotea espera una ocupaci\u00f3n del 75-80% en sus vuelos directos a Ibiza y Venecia | El Digital de Asturias","twitter:description":"Volotea ha reabierto este jueves las rutas directas desde Santander a Ibiza y Venecia, que funcionar\u00e1n hasta el 16 de septiembre con una frecuencia de dos vuelos semanales, y en las que la compa\u00f1\u00eda espera una ocupaci\u00f3n de entre el 75 y el 80%. As\u00ed lo ha manifestado a preguntas de la prensa el director","twitter:image":"https:\/\/eldigitaldeasturias.com\/magazine365\/wp-content\/uploads\/2015\/06\/fotonoticia_20150618141727_800.jpg"},"aioseo_meta_data":{"post_id":"40321","title":null,"description":null,"keywords":null,"keyphrases":null,"primary_term":null,"canonical_url":null,"og_title":null,"og_description":null,"og_object_type":"default","og_image_type":"default","og_image_url":null,"og_image_width":null,"og_image_height":null,"og_image_custom_url":null,"og_image_custom_fields":null,"og_video":null,"og_custom_url":null,"og_article_section":null,"og_article_tags":null,"twitter_use_og":false,"twitter_card":"default","twitter_image_type":"default","twitter_image_url":null,"twitter_image_custom_url":null,"twitter_image_custom_fields":null,"twitter_title":null,"twitter_description":null,"schema":{"blockGraphs":[],"customGraphs":[],"default":{"data":{"Article":[],"Course":[],"Dataset":[],"FAQPage":[],"Movie":[],"Person":[],"Product":[],"ProductReview":[],"Car":[],"Recipe":[],"Service":[],"SoftwareApplication":[],"WebPage":[]},"graphName":"","isEnabled":true},"graphs":[],"defaultGraph":"","defaultPostTypeGraph":""},"schema_type":null,"schema_type_options":null,"pillar_content":false,"robots_default":true,"robots_noindex":false,"robots_noarchive":false,"robots_nosnippet":false,"robots_nofollow":false,"robots_noimageindex":false,"robots_noodp":false,"robots_notranslate":false,"robots_max_snippet":null,"robots_max_videopreview":null,"robots_max_imagepreview":"large","priority":null,"frequency":null,"location":null,"local_seo":null,"seo_analyzer_scan_date":"2025-09-19 13:20:09","breadcrumb_settings":null,"limit_modified_date":false,"open_ai":null,"ai":null,"created":"2021-03-09 02:30:21","updated":"2025-09-19 13:20:09"},"aioseo_breadcrumb":"<div class=\"aioseo-breadcrumbs\"><span class=\"aioseo-breadcrumb\">\n\t<a href=\"https:\/\/eldigitaldeasturias.com\/magazine365\" title=\"Home\">Home<\/a>\n<\/span><span class=\"aioseo-breadcrumb-separator\">\u2013<\/span><span class=\"aioseo-breadcrumb\">\n\t<a href=\"https:\/\/eldigitaldeasturias.com\/magazine365\/category\/actualidad-turismo\/\" title=\"Actualidad Turismo\">Actualidad Turismo<\/a>\n<\/span><span class=\"aioseo-breadcrumb-separator\">\u2013<\/span><span class=\"aioseo-breadcrumb\">\n\t<a href=\"https:\/\/eldigitaldeasturias.com\/magazine365\/volotea-espera-una-ocupacion-del-75-80-en-sus-vuelos-directos-a-ibiza-y-venecia\/\" title=\"Volotea espera una ocupaci\u00f3n del 75-80% en sus vuelos directos a Ibiza y Venecia\">Volotea espera una ocupaci\u00f3n del 75-80% en sus vuelos directos a Ibiza y Venecia<\/a>\n<\/span><\/div>","aioseo_breadcrumb_json":[{"label":"Home","link":"https:\/\/eldigitaldeasturias.com\/magazine365"},{"label":"Actualidad Turismo","link":"https:\/\/eldigitaldeasturias.com\/magazine365\/category\/actualidad-turismo\/"},{"label":"Volotea espera una ocupaci\u00f3n del 75-80% en sus vuelos directos a Ibiza y Venecia","link":"https:\/\/eldigitaldeasturias.com\/magazine365\/volotea-espera-una-ocupacion-del-75-80-en-sus-vuelos-directos-a-ibiza-y-venecia\/"}],"_links":{"self":[{"href":"https:\/\/eldigitaldeasturias.com\/magazine365\/wp-json\/wp\/v2\/posts\/40321","targetHints":{"allow":["GET"]}}],"collection":[{"href":"https:\/\/eldigitaldeasturias.com\/magazine365\/wp-json\/wp\/v2\/posts"}],"about":[{"href":"https:\/\/eldigitaldeasturias.com\/magazine365\/wp-json\/wp\/v2\/types\/post"}],"author":[{"embeddable":true,"href":"https:\/\/eldigitaldeasturias.com\/magazine365\/wp-json\/wp\/v2\/users\/1"}],"replies":[{"embeddable":true,"href":"https:\/\/eldigitaldeasturias.com\/magazine365\/wp-json\/wp\/v2\/comments?post=40321"}],"version-history":[{"count":0,"href":"https:\/\/eldigitaldeasturias.com\/magazine365\/wp-json\/wp\/v2\/posts\/40321\/revisions"}],"wp:featuredmedia":[{"embeddable":true,"href":"https:\/\/eldigitaldeasturias.com\/magazine365\/wp-json\/wp\/v2\/media\/40322"}],"wp:attachment":[{"href":"https:\/\/eldigitaldeasturias.com\/magazine365\/wp-json\/wp\/v2\/media?parent=40321"}],"wp:term":[{"taxonomy":"category","embeddable":true,"href":"https:\/\/eldigitaldeasturias.com\/magazine365\/wp-json\/wp\/v2\/categories?post=40321"},{"taxonomy":"post_tag","embeddable":true,"href":"https:\/\/eldigitaldeasturias.com\/magazine365\/wp-json\/wp\/v2\/tags?post=40321"}],"curies":[{"name":"wp","href":"https:\/\/api.w.org\/{rel}","templated":true}]}}