{"id":40315,"date":"2015-06-19T05:57:55","date_gmt":"2015-06-19T04:27:55","guid":{"rendered":"http:\/\/eldigitaldeasturias.com\/magazine365\/?p=40315"},"modified":"2015-06-19T05:57:55","modified_gmt":"2015-06-19T04:27:55","slug":"la-cofradia-del-vino-de-la-rioja-ha-nombrado-cofrade-de-merito-a-tim-atkin","status":"publish","type":"post","link":"https:\/\/eldigitaldeasturias.com\/magazine365\/la-cofradia-del-vino-de-la-rioja-ha-nombrado-cofrade-de-merito-a-tim-atkin\/","title":{"rendered":"La Cofrad\u00eda del Vino de La Rioja ha nombrado \u00abCofrade de M\u00e9rito\u00bb a Tim Atkin"},"content":{"rendered":"<p><img fetchpriority=\"high\" decoding=\"async\" class=\"alignleft size-medium wp-image-40316\" src=\"https:\/\/eldigitaldeasturias.com\/magazine365\/wp-content\/uploads\/2015\/06\/fotonoticia_20150618140134_800-360x270.jpg\" alt=\"fotonoticia_20150618140134_800\" width=\"360\" height=\"270\" srcset=\"https:\/\/eldigitaldeasturias.com\/magazine365\/wp-content\/uploads\/2015\/06\/fotonoticia_20150618140134_800-360x270.jpg 360w, https:\/\/eldigitaldeasturias.com\/magazine365\/wp-content\/uploads\/2015\/06\/fotonoticia_20150618140134_800-650x488.jpg 650w, https:\/\/eldigitaldeasturias.com\/magazine365\/wp-content\/uploads\/2015\/06\/fotonoticia_20150618140134_800-768x576.jpg 768w, https:\/\/eldigitaldeasturias.com\/magazine365\/wp-content\/uploads\/2015\/06\/fotonoticia_20150618140134_800-150x113.jpg 150w, https:\/\/eldigitaldeasturias.com\/magazine365\/wp-content\/uploads\/2015\/06\/fotonoticia_20150618140134_800-450x338.jpg 450w, https:\/\/eldigitaldeasturias.com\/magazine365\/wp-content\/uploads\/2015\/06\/fotonoticia_20150618140134_800-80x60.jpg 80w, https:\/\/eldigitaldeasturias.com\/magazine365\/wp-content\/uploads\/2015\/06\/fotonoticia_20150618140134_800-265x198.jpg 265w, https:\/\/eldigitaldeasturias.com\/magazine365\/wp-content\/uploads\/2015\/06\/fotonoticia_20150618140134_800-696x522.jpg 696w, https:\/\/eldigitaldeasturias.com\/magazine365\/wp-content\/uploads\/2015\/06\/fotonoticia_20150618140134_800-560x420.jpg 560w, https:\/\/eldigitaldeasturias.com\/magazine365\/wp-content\/uploads\/2015\/06\/fotonoticia_20150618140134_800-90x67.jpg 90w, https:\/\/eldigitaldeasturias.com\/magazine365\/wp-content\/uploads\/2015\/06\/fotonoticia_20150618140134_800-100x75.jpg 100w, https:\/\/eldigitaldeasturias.com\/magazine365\/wp-content\/uploads\/2015\/06\/fotonoticia_20150618140134_800.jpg 800w\" sizes=\"(max-width: 360px) 100vw, 360px\" \/>La Cofrad\u00eda del Vino de La Rioja ha nombrado &#8216;Cofrade de M\u00e9rito&#8217; al periodista brit\u00e1nico, Tim Atkin, por sus distintos trabajos, a lo largo de 28 a\u00f1os, sobre el vino riojano. El acto se ha realizado en la sede del Consejo Regulador y ha estado presidida por el presidente del Consejo Regulador, Luis Alberto Lecea, el Gran Maestre de la Cofrad\u00eda del Vino de La Rioja, Javier Gracia, y por distintos miembros de la Junta de Altos Dignatarios de la Cofrad\u00eda.<\/p>\n<p>El Gran Maestre de la Cofrad\u00eda del Vino de La Rioja ha destacado que buscan cofrades con gran prestigio profesional y que difundan el vino de La Rioja por el mundo. Como hecho relevante ha dicho que es un brit\u00e1nico escribiendo sobre vino y que tanto Tim Atkin como el resto de cofrades quieren difundir y defender el vino Rioja.<\/p>\n<p>El &#8216;master of wine&#8217;, Tim Atkin, ha declarado sentirse orgulloso de esta condecoraci\u00f3n y ha dicho que \u00abes un gran honor estar en mi regi\u00f3n preferida de Espa\u00f1a\u00bb. Atkin ha reconocido que la primera vez que visit\u00f3 La Rioja fue en el a\u00f1o 86 y que \u00absiempre tendr\u00e1 un lugar en mi coraz\u00f3n\u00bb. El periodista brit\u00e1nico ha querido destacar que La Rioja es sin\u00f3nimo de calidad, consistencia y est\u00e1 siempre de moda adem\u00e1s de que, en su opini\u00f3n, \u00ablos mejores vinos son demasiado baratos\u00bb.<\/p>\n<p>Atkin es corresponsal en numerosas publicaciones en las que habla del vino de Rioja y asiduamente participa en el programa de la cadena brit\u00e1nica BBC, &#8216;Saturday Kitchen&#8217;. Adem\u00e1s es co- presidente del Internacional Wine Challenge, uno de los concursos de vino m\u00e1s prestigiosos del mundo.<\/p>\n<p>Lecea, por su parte, ha querido agradecer a la cofrad\u00eda el trabajo de otorgar al vino Rioja otro concepto y ha destacado de Atkin su labor period\u00edstica que ha contribuido a difundir los vinos de Rioja en el mercado brit\u00e1nico. El presidente del Consejo Regulador ha se\u00f1alado que este mercado es el principal importador de vinos, con un 35 por ciento de la renta.<\/p>\n<p>As\u00ed mismo, ha querido felicitar a Tim Atkin por esta labor y por el cargo que ahora tiene como &#8216;Cofrade de M\u00e9rito&#8217;. Y, para finalizar el discurso, ha destacado que \u00abpara conocer La Rioja hay que salir del camino\u00bb.<\/p>\n","protected":false},"excerpt":{"rendered":"<p>La Cofrad\u00eda del Vino de La Rioja ha nombrado &#8216;Cofrade de M\u00e9rito&#8217; al periodista brit\u00e1nico, Tim Atkin, por sus distintos trabajos, a lo largo de 28 a\u00f1os, sobre el vino riojano. El acto se ha realizado en la sede del Consejo Regulador y ha estado presidida por el presidente del Consejo Regulador, Luis Alberto Lecea,<\/p>\n","protected":false},"author":1,"featured_media":40316,"comment_status":"open","ping_status":"closed","sticky":false,"template":"","format":"standard","meta":{"footnotes":""},"categories":[224],"tags":[],"class_list":{"0":"post-40315","1":"post","2":"type-post","3":"status-publish","4":"format-standard","5":"has-post-thumbnail","7":"category-noticias-actualidad"},"aioseo_notices":[],"aioseo_head":"\n\t\t<!-- All in One SEO Pro 4.9.6.1 - aioseo.com -->\n\t<meta name=\"description\" content=\"La Cofrad\u00eda del Vino de La Rioja ha nombrado &#039;Cofrade de M\u00e9rito&#039; al periodista brit\u00e1nico, Tim Atkin, por sus distintos trabajos, a lo largo de 28 a\u00f1os, sobre el vino riojano. El acto se ha realizado en la sede del Consejo Regulador y ha estado presidida por el presidente del Consejo Regulador, Luis Alberto Lecea,\" \/>\n\t<meta name=\"robots\" content=\"max-image-preview:large\" \/>\n\t<meta name=\"author\" content=\"admin\"\/>\n\t<meta name=\"google-site-verification\" content=\"UA-38556648-1\" \/>\n\t<meta name=\"keywords\" content=\"noticias y actualidad\" \/>\n\t<link rel=\"canonical\" href=\"https:\/\/eldigitaldeasturias.com\/magazine365\/la-cofradia-del-vino-de-la-rioja-ha-nombrado-cofrade-de-merito-a-tim-atkin\/\" \/>\n\t<meta name=\"generator\" content=\"All in One SEO Pro (AIOSEO) 4.9.6.1\" \/>\n\t\t<meta property=\"og:locale\" content=\"es_ES\" \/>\n\t\t<meta property=\"og:site_name\" content=\"El Digital de Asturias \u2013 Revista de ocio, turismo y estilo de vida\" \/>\n\t\t<meta property=\"og:type\" content=\"article\" \/>\n\t\t<meta property=\"og:title\" content=\"La Cofrad\u00eda del Vino de La Rioja ha nombrado \u00abCofrade de M\u00e9rito\u00bb a Tim Atkin | El Digital de Asturias\" \/>\n\t\t<meta property=\"og:description\" content=\"La Cofrad\u00eda del Vino de La Rioja ha nombrado &#039;Cofrade de M\u00e9rito&#039; al periodista brit\u00e1nico, Tim Atkin, por sus distintos trabajos, a lo largo de 28 a\u00f1os, sobre el vino riojano. El acto se ha realizado en la sede del Consejo Regulador y ha estado presidida por el presidente del Consejo Regulador, Luis Alberto Lecea,\" \/>\n\t\t<meta property=\"og:url\" content=\"https:\/\/eldigitaldeasturias.com\/magazine365\/la-cofradia-del-vino-de-la-rioja-ha-nombrado-cofrade-de-merito-a-tim-atkin\/\" \/>\n\t\t<meta property=\"og:image\" content=\"https:\/\/eldigitaldeasturias.com\/magazine365\/wp-content\/uploads\/2015\/06\/fotonoticia_20150618140134_800.jpg\" \/>\n\t\t<meta property=\"og:image:secure_url\" content=\"https:\/\/eldigitaldeasturias.com\/magazine365\/wp-content\/uploads\/2015\/06\/fotonoticia_20150618140134_800.jpg\" \/>\n\t\t<meta property=\"og:image:width\" content=\"800\" \/>\n\t\t<meta property=\"og:image:height\" content=\"600\" \/>\n\t\t<meta property=\"article:published_time\" content=\"2015-06-19T04:27:55+00:00\" \/>\n\t\t<meta property=\"article:modified_time\" content=\"2015-06-19T04:27:55+00:00\" \/>\n\t\t<meta name=\"twitter:card\" content=\"summary_large_image\" \/>\n\t\t<meta name=\"twitter:title\" content=\"La Cofrad\u00eda del Vino de La Rioja ha nombrado \u00abCofrade de M\u00e9rito\u00bb a Tim Atkin | El Digital de Asturias\" \/>\n\t\t<meta name=\"twitter:description\" content=\"La Cofrad\u00eda del Vino de La Rioja ha nombrado &#039;Cofrade de M\u00e9rito&#039; al periodista brit\u00e1nico, Tim Atkin, por sus distintos trabajos, a lo largo de 28 a\u00f1os, sobre el vino riojano. El acto se ha realizado en la sede del Consejo Regulador y ha estado presidida por el presidente del Consejo Regulador, Luis Alberto Lecea,\" \/>\n\t\t<meta name=\"twitter:image\" content=\"https:\/\/eldigitaldeasturias.com\/magazine365\/wp-content\/uploads\/2015\/06\/fotonoticia_20150618140134_800.jpg\" \/>\n\t\t<script type=\"application\/ld+json\" class=\"aioseo-schema\">\n\t\t\t{\"@context\":\"https:\\\/\\\/schema.org\",\"@graph\":[{\"@type\":\"Article\",\"@id\":\"https:\\\/\\\/eldigitaldeasturias.com\\\/magazine365\\\/la-cofradia-del-vino-de-la-rioja-ha-nombrado-cofrade-de-merito-a-tim-atkin\\\/#article\",\"name\":\"La Cofrad\\u00eda del Vino de La Rioja ha nombrado \\u00abCofrade de M\\u00e9rito\\u00bb a Tim Atkin | El Digital de Asturias\",\"headline\":\"La Cofrad\\u00eda del Vino de La Rioja ha nombrado \\u00abCofrade de M\\u00e9rito\\u00bb a Tim Atkin\",\"author\":{\"@id\":\"https:\\\/\\\/eldigitaldeasturias.com\\\/magazine365\\\/author\\\/admin\\\/#author\"},\"publisher\":{\"@id\":\"https:\\\/\\\/eldigitaldeasturias.com\\\/magazine365\\\/#organization\"},\"image\":{\"@type\":\"ImageObject\",\"url\":\"https:\\\/\\\/eldigitaldeasturias.com\\\/magazine365\\\/wp-content\\\/uploads\\\/2015\\\/06\\\/fotonoticia_20150618140134_800.jpg\",\"width\":800,\"height\":600},\"datePublished\":\"2015-06-19T05:57:55+02:00\",\"dateModified\":\"2015-06-19T05:57:55+02:00\",\"inLanguage\":\"es-ES\",\"mainEntityOfPage\":{\"@id\":\"https:\\\/\\\/eldigitaldeasturias.com\\\/magazine365\\\/la-cofradia-del-vino-de-la-rioja-ha-nombrado-cofrade-de-merito-a-tim-atkin\\\/#webpage\"},\"isPartOf\":{\"@id\":\"https:\\\/\\\/eldigitaldeasturias.com\\\/magazine365\\\/la-cofradia-del-vino-de-la-rioja-ha-nombrado-cofrade-de-merito-a-tim-atkin\\\/#webpage\"},\"articleSection\":\"Noticias y Actualidad\"},{\"@type\":\"BreadcrumbList\",\"@id\":\"https:\\\/\\\/eldigitaldeasturias.com\\\/magazine365\\\/la-cofradia-del-vino-de-la-rioja-ha-nombrado-cofrade-de-merito-a-tim-atkin\\\/#breadcrumblist\",\"itemListElement\":[{\"@type\":\"ListItem\",\"@id\":\"https:\\\/\\\/eldigitaldeasturias.com\\\/magazine365#listItem\",\"position\":1,\"name\":\"Home\",\"item\":\"https:\\\/\\\/eldigitaldeasturias.com\\\/magazine365\",\"nextItem\":{\"@type\":\"ListItem\",\"@id\":\"https:\\\/\\\/eldigitaldeasturias.com\\\/magazine365\\\/category\\\/noticias-actualidad\\\/#listItem\",\"name\":\"Noticias y Actualidad\"}},{\"@type\":\"ListItem\",\"@id\":\"https:\\\/\\\/eldigitaldeasturias.com\\\/magazine365\\\/category\\\/noticias-actualidad\\\/#listItem\",\"position\":2,\"name\":\"Noticias y Actualidad\",\"item\":\"https:\\\/\\\/eldigitaldeasturias.com\\\/magazine365\\\/category\\\/noticias-actualidad\\\/\",\"nextItem\":{\"@type\":\"ListItem\",\"@id\":\"https:\\\/\\\/eldigitaldeasturias.com\\\/magazine365\\\/la-cofradia-del-vino-de-la-rioja-ha-nombrado-cofrade-de-merito-a-tim-atkin\\\/#listItem\",\"name\":\"La Cofrad\\u00eda del Vino de La Rioja ha nombrado \\u00abCofrade de M\\u00e9rito\\u00bb a Tim Atkin\"},\"previousItem\":{\"@type\":\"ListItem\",\"@id\":\"https:\\\/\\\/eldigitaldeasturias.com\\\/magazine365#listItem\",\"name\":\"Home\"}},{\"@type\":\"ListItem\",\"@id\":\"https:\\\/\\\/eldigitaldeasturias.com\\\/magazine365\\\/la-cofradia-del-vino-de-la-rioja-ha-nombrado-cofrade-de-merito-a-tim-atkin\\\/#listItem\",\"position\":3,\"name\":\"La Cofrad\\u00eda del Vino de La Rioja ha nombrado \\u00abCofrade de M\\u00e9rito\\u00bb a Tim Atkin\",\"previousItem\":{\"@type\":\"ListItem\",\"@id\":\"https:\\\/\\\/eldigitaldeasturias.com\\\/magazine365\\\/category\\\/noticias-actualidad\\\/#listItem\",\"name\":\"Noticias y Actualidad\"}}]},{\"@type\":\"Organization\",\"@id\":\"https:\\\/\\\/eldigitaldeasturias.com\\\/magazine365\\\/#organization\",\"name\":\"El digital de Asturias\",\"description\":\"Revista de ocio, turismo y estilo de vida\",\"url\":\"https:\\\/\\\/eldigitaldeasturias.com\\\/magazine365\\\/\",\"logo\":{\"@type\":\"ImageObject\",\"url\":\"https:\\\/\\\/www.eldigitaldeasturias.com\\\/noticias\\\/wp-content\\\/uploads\\\/2020\\\/12\\\/EDA.jpg\",\"@id\":\"https:\\\/\\\/eldigitaldeasturias.com\\\/magazine365\\\/la-cofradia-del-vino-de-la-rioja-ha-nombrado-cofrade-de-merito-a-tim-atkin\\\/#organizationLogo\"},\"image\":{\"@id\":\"https:\\\/\\\/eldigitaldeasturias.com\\\/magazine365\\\/la-cofradia-del-vino-de-la-rioja-ha-nombrado-cofrade-de-merito-a-tim-atkin\\\/#organizationLogo\"}},{\"@type\":\"Person\",\"@id\":\"https:\\\/\\\/eldigitaldeasturias.com\\\/magazine365\\\/author\\\/admin\\\/#author\",\"url\":\"https:\\\/\\\/eldigitaldeasturias.com\\\/magazine365\\\/author\\\/admin\\\/\",\"name\":\"admin\",\"image\":{\"@type\":\"ImageObject\",\"@id\":\"https:\\\/\\\/eldigitaldeasturias.com\\\/magazine365\\\/la-cofradia-del-vino-de-la-rioja-ha-nombrado-cofrade-de-merito-a-tim-atkin\\\/#authorImage\",\"url\":\"https:\\\/\\\/eldigitaldeasturias.com\\\/magazine365\\\/wp-content\\\/litespeed\\\/avatar\\\/e571bcf59a0edd6fa6838245a470f2fe.jpg?ver=1777574230\",\"width\":96,\"height\":96,\"caption\":\"admin\"}},{\"@type\":\"WebPage\",\"@id\":\"https:\\\/\\\/eldigitaldeasturias.com\\\/magazine365\\\/la-cofradia-del-vino-de-la-rioja-ha-nombrado-cofrade-de-merito-a-tim-atkin\\\/#webpage\",\"url\":\"https:\\\/\\\/eldigitaldeasturias.com\\\/magazine365\\\/la-cofradia-del-vino-de-la-rioja-ha-nombrado-cofrade-de-merito-a-tim-atkin\\\/\",\"name\":\"La Cofrad\\u00eda del Vino de La Rioja ha nombrado \\u00abCofrade de M\\u00e9rito\\u00bb a Tim Atkin | El Digital de Asturias\",\"description\":\"La Cofrad\\u00eda del Vino de La Rioja ha nombrado 'Cofrade de M\\u00e9rito' al periodista brit\\u00e1nico, Tim Atkin, por sus distintos trabajos, a lo largo de 28 a\\u00f1os, sobre el vino riojano. El acto se ha realizado en la sede del Consejo Regulador y ha estado presidida por el presidente del Consejo Regulador, Luis Alberto Lecea,\",\"inLanguage\":\"es-ES\",\"isPartOf\":{\"@id\":\"https:\\\/\\\/eldigitaldeasturias.com\\\/magazine365\\\/#website\"},\"breadcrumb\":{\"@id\":\"https:\\\/\\\/eldigitaldeasturias.com\\\/magazine365\\\/la-cofradia-del-vino-de-la-rioja-ha-nombrado-cofrade-de-merito-a-tim-atkin\\\/#breadcrumblist\"},\"author\":{\"@id\":\"https:\\\/\\\/eldigitaldeasturias.com\\\/magazine365\\\/author\\\/admin\\\/#author\"},\"creator\":{\"@id\":\"https:\\\/\\\/eldigitaldeasturias.com\\\/magazine365\\\/author\\\/admin\\\/#author\"},\"image\":{\"@type\":\"ImageObject\",\"url\":\"https:\\\/\\\/eldigitaldeasturias.com\\\/magazine365\\\/wp-content\\\/uploads\\\/2015\\\/06\\\/fotonoticia_20150618140134_800.jpg\",\"@id\":\"https:\\\/\\\/eldigitaldeasturias.com\\\/magazine365\\\/la-cofradia-del-vino-de-la-rioja-ha-nombrado-cofrade-de-merito-a-tim-atkin\\\/#mainImage\",\"width\":800,\"height\":600},\"primaryImageOfPage\":{\"@id\":\"https:\\\/\\\/eldigitaldeasturias.com\\\/magazine365\\\/la-cofradia-del-vino-de-la-rioja-ha-nombrado-cofrade-de-merito-a-tim-atkin\\\/#mainImage\"},\"datePublished\":\"2015-06-19T05:57:55+02:00\",\"dateModified\":\"2015-06-19T05:57:55+02:00\"},{\"@type\":\"WebSite\",\"@id\":\"https:\\\/\\\/eldigitaldeasturias.com\\\/magazine365\\\/#website\",\"url\":\"https:\\\/\\\/eldigitaldeasturias.com\\\/magazine365\\\/\",\"name\":\"El Digital de Asturias\",\"description\":\"Revista de ocio, turismo y estilo de vida\",\"inLanguage\":\"es-ES\",\"publisher\":{\"@id\":\"https:\\\/\\\/eldigitaldeasturias.com\\\/magazine365\\\/#organization\"}}]}\n\t\t<\/script>\n\t\t<!-- All in One SEO Pro -->\r\n\t\t<title>La Cofrad\u00eda del Vino de La Rioja ha nombrado \u00abCofrade de M\u00e9rito\u00bb a Tim Atkin | El Digital de Asturias<\/title>\n\n","aioseo_head_json":{"title":"La Cofrad\u00eda del Vino de La Rioja ha nombrado \u00abCofrade de M\u00e9rito\u00bb a Tim Atkin | El Digital de Asturias","description":"La Cofrad\u00eda del Vino de La Rioja ha nombrado 'Cofrade de M\u00e9rito' al periodista brit\u00e1nico, Tim Atkin, por sus distintos trabajos, a lo largo de 28 a\u00f1os, sobre el vino riojano. El acto se ha realizado en la sede del Consejo Regulador y ha estado presidida por el presidente del Consejo Regulador, Luis Alberto Lecea,","canonical_url":"https:\/\/eldigitaldeasturias.com\/magazine365\/la-cofradia-del-vino-de-la-rioja-ha-nombrado-cofrade-de-merito-a-tim-atkin\/","robots":"max-image-preview:large","keywords":"noticias y actualidad","webmasterTools":{"google-site-verification":"UA-38556648-1","miscellaneous":""},"schema":{"@context":"https:\/\/schema.org","@graph":[{"@type":"Article","@id":"https:\/\/eldigitaldeasturias.com\/magazine365\/la-cofradia-del-vino-de-la-rioja-ha-nombrado-cofrade-de-merito-a-tim-atkin\/#article","name":"La Cofrad\u00eda del Vino de La Rioja ha nombrado \u00abCofrade de M\u00e9rito\u00bb a Tim Atkin | El Digital de Asturias","headline":"La Cofrad\u00eda del Vino de La Rioja ha nombrado \u00abCofrade de M\u00e9rito\u00bb a Tim Atkin","author":{"@id":"https:\/\/eldigitaldeasturias.com\/magazine365\/author\/admin\/#author"},"publisher":{"@id":"https:\/\/eldigitaldeasturias.com\/magazine365\/#organization"},"image":{"@type":"ImageObject","url":"https:\/\/eldigitaldeasturias.com\/magazine365\/wp-content\/uploads\/2015\/06\/fotonoticia_20150618140134_800.jpg","width":800,"height":600},"datePublished":"2015-06-19T05:57:55+02:00","dateModified":"2015-06-19T05:57:55+02:00","inLanguage":"es-ES","mainEntityOfPage":{"@id":"https:\/\/eldigitaldeasturias.com\/magazine365\/la-cofradia-del-vino-de-la-rioja-ha-nombrado-cofrade-de-merito-a-tim-atkin\/#webpage"},"isPartOf":{"@id":"https:\/\/eldigitaldeasturias.com\/magazine365\/la-cofradia-del-vino-de-la-rioja-ha-nombrado-cofrade-de-merito-a-tim-atkin\/#webpage"},"articleSection":"Noticias y Actualidad"},{"@type":"BreadcrumbList","@id":"https:\/\/eldigitaldeasturias.com\/magazine365\/la-cofradia-del-vino-de-la-rioja-ha-nombrado-cofrade-de-merito-a-tim-atkin\/#breadcrumblist","itemListElement":[{"@type":"ListItem","@id":"https:\/\/eldigitaldeasturias.com\/magazine365#listItem","position":1,"name":"Home","item":"https:\/\/eldigitaldeasturias.com\/magazine365","nextItem":{"@type":"ListItem","@id":"https:\/\/eldigitaldeasturias.com\/magazine365\/category\/noticias-actualidad\/#listItem","name":"Noticias y Actualidad"}},{"@type":"ListItem","@id":"https:\/\/eldigitaldeasturias.com\/magazine365\/category\/noticias-actualidad\/#listItem","position":2,"name":"Noticias y Actualidad","item":"https:\/\/eldigitaldeasturias.com\/magazine365\/category\/noticias-actualidad\/","nextItem":{"@type":"ListItem","@id":"https:\/\/eldigitaldeasturias.com\/magazine365\/la-cofradia-del-vino-de-la-rioja-ha-nombrado-cofrade-de-merito-a-tim-atkin\/#listItem","name":"La Cofrad\u00eda del Vino de La Rioja ha nombrado \u00abCofrade de M\u00e9rito\u00bb a Tim Atkin"},"previousItem":{"@type":"ListItem","@id":"https:\/\/eldigitaldeasturias.com\/magazine365#listItem","name":"Home"}},{"@type":"ListItem","@id":"https:\/\/eldigitaldeasturias.com\/magazine365\/la-cofradia-del-vino-de-la-rioja-ha-nombrado-cofrade-de-merito-a-tim-atkin\/#listItem","position":3,"name":"La Cofrad\u00eda del Vino de La Rioja ha nombrado \u00abCofrade de M\u00e9rito\u00bb a Tim Atkin","previousItem":{"@type":"ListItem","@id":"https:\/\/eldigitaldeasturias.com\/magazine365\/category\/noticias-actualidad\/#listItem","name":"Noticias y Actualidad"}}]},{"@type":"Organization","@id":"https:\/\/eldigitaldeasturias.com\/magazine365\/#organization","name":"El digital de Asturias","description":"Revista de ocio, turismo y estilo de vida","url":"https:\/\/eldigitaldeasturias.com\/magazine365\/","logo":{"@type":"ImageObject","url":"https:\/\/www.eldigitaldeasturias.com\/noticias\/wp-content\/uploads\/2020\/12\/EDA.jpg","@id":"https:\/\/eldigitaldeasturias.com\/magazine365\/la-cofradia-del-vino-de-la-rioja-ha-nombrado-cofrade-de-merito-a-tim-atkin\/#organizationLogo"},"image":{"@id":"https:\/\/eldigitaldeasturias.com\/magazine365\/la-cofradia-del-vino-de-la-rioja-ha-nombrado-cofrade-de-merito-a-tim-atkin\/#organizationLogo"}},{"@type":"Person","@id":"https:\/\/eldigitaldeasturias.com\/magazine365\/author\/admin\/#author","url":"https:\/\/eldigitaldeasturias.com\/magazine365\/author\/admin\/","name":"admin","image":{"@type":"ImageObject","@id":"https:\/\/eldigitaldeasturias.com\/magazine365\/la-cofradia-del-vino-de-la-rioja-ha-nombrado-cofrade-de-merito-a-tim-atkin\/#authorImage","url":"https:\/\/eldigitaldeasturias.com\/magazine365\/wp-content\/litespeed\/avatar\/e571bcf59a0edd6fa6838245a470f2fe.jpg?ver=1777574230","width":96,"height":96,"caption":"admin"}},{"@type":"WebPage","@id":"https:\/\/eldigitaldeasturias.com\/magazine365\/la-cofradia-del-vino-de-la-rioja-ha-nombrado-cofrade-de-merito-a-tim-atkin\/#webpage","url":"https:\/\/eldigitaldeasturias.com\/magazine365\/la-cofradia-del-vino-de-la-rioja-ha-nombrado-cofrade-de-merito-a-tim-atkin\/","name":"La Cofrad\u00eda del Vino de La Rioja ha nombrado \u00abCofrade de M\u00e9rito\u00bb a Tim Atkin | El Digital de Asturias","description":"La Cofrad\u00eda del Vino de La Rioja ha nombrado 'Cofrade de M\u00e9rito' al periodista brit\u00e1nico, Tim Atkin, por sus distintos trabajos, a lo largo de 28 a\u00f1os, sobre el vino riojano. El acto se ha realizado en la sede del Consejo Regulador y ha estado presidida por el presidente del Consejo Regulador, Luis Alberto Lecea,","inLanguage":"es-ES","isPartOf":{"@id":"https:\/\/eldigitaldeasturias.com\/magazine365\/#website"},"breadcrumb":{"@id":"https:\/\/eldigitaldeasturias.com\/magazine365\/la-cofradia-del-vino-de-la-rioja-ha-nombrado-cofrade-de-merito-a-tim-atkin\/#breadcrumblist"},"author":{"@id":"https:\/\/eldigitaldeasturias.com\/magazine365\/author\/admin\/#author"},"creator":{"@id":"https:\/\/eldigitaldeasturias.com\/magazine365\/author\/admin\/#author"},"image":{"@type":"ImageObject","url":"https:\/\/eldigitaldeasturias.com\/magazine365\/wp-content\/uploads\/2015\/06\/fotonoticia_20150618140134_800.jpg","@id":"https:\/\/eldigitaldeasturias.com\/magazine365\/la-cofradia-del-vino-de-la-rioja-ha-nombrado-cofrade-de-merito-a-tim-atkin\/#mainImage","width":800,"height":600},"primaryImageOfPage":{"@id":"https:\/\/eldigitaldeasturias.com\/magazine365\/la-cofradia-del-vino-de-la-rioja-ha-nombrado-cofrade-de-merito-a-tim-atkin\/#mainImage"},"datePublished":"2015-06-19T05:57:55+02:00","dateModified":"2015-06-19T05:57:55+02:00"},{"@type":"WebSite","@id":"https:\/\/eldigitaldeasturias.com\/magazine365\/#website","url":"https:\/\/eldigitaldeasturias.com\/magazine365\/","name":"El Digital de Asturias","description":"Revista de ocio, turismo y estilo de vida","inLanguage":"es-ES","publisher":{"@id":"https:\/\/eldigitaldeasturias.com\/magazine365\/#organization"}}]},"og:locale":"es_ES","og:site_name":"El Digital de Asturias \u2013 Revista de ocio, turismo y estilo de vida","og:type":"article","og:title":"La Cofrad\u00eda del Vino de La Rioja ha nombrado \u00abCofrade de M\u00e9rito\u00bb a Tim Atkin | El Digital de Asturias","og:description":"La Cofrad\u00eda del Vino de La Rioja ha nombrado 'Cofrade de M\u00e9rito' al periodista brit\u00e1nico, Tim Atkin, por sus distintos trabajos, a lo largo de 28 a\u00f1os, sobre el vino riojano. El acto se ha realizado en la sede del Consejo Regulador y ha estado presidida por el presidente del Consejo Regulador, Luis Alberto Lecea,","og:url":"https:\/\/eldigitaldeasturias.com\/magazine365\/la-cofradia-del-vino-de-la-rioja-ha-nombrado-cofrade-de-merito-a-tim-atkin\/","og:image":"https:\/\/eldigitaldeasturias.com\/magazine365\/wp-content\/uploads\/2015\/06\/fotonoticia_20150618140134_800.jpg","og:image:secure_url":"https:\/\/eldigitaldeasturias.com\/magazine365\/wp-content\/uploads\/2015\/06\/fotonoticia_20150618140134_800.jpg","og:image:width":800,"og:image:height":600,"article:published_time":"2015-06-19T04:27:55+00:00","article:modified_time":"2015-06-19T04:27:55+00:00","twitter:card":"summary_large_image","twitter:title":"La Cofrad\u00eda del Vino de La Rioja ha nombrado \u00abCofrade de M\u00e9rito\u00bb a Tim Atkin | El Digital de Asturias","twitter:description":"La Cofrad\u00eda del Vino de La Rioja ha nombrado 'Cofrade de M\u00e9rito' al periodista brit\u00e1nico, Tim Atkin, por sus distintos trabajos, a lo largo de 28 a\u00f1os, sobre el vino riojano. El acto se ha realizado en la sede del Consejo Regulador y ha estado presidida por el presidente del Consejo Regulador, Luis Alberto Lecea,","twitter:image":"https:\/\/eldigitaldeasturias.com\/magazine365\/wp-content\/uploads\/2015\/06\/fotonoticia_20150618140134_800.jpg"},"aioseo_meta_data":{"post_id":"40315","title":null,"description":null,"keywords":null,"keyphrases":null,"primary_term":null,"canonical_url":null,"og_title":null,"og_description":null,"og_object_type":"default","og_image_type":"default","og_image_url":null,"og_image_width":null,"og_image_height":null,"og_image_custom_url":null,"og_image_custom_fields":null,"og_video":null,"og_custom_url":null,"og_article_section":null,"og_article_tags":null,"twitter_use_og":false,"twitter_card":"default","twitter_image_type":"default","twitter_image_url":null,"twitter_image_custom_url":null,"twitter_image_custom_fields":null,"twitter_title":null,"twitter_description":null,"schema":{"blockGraphs":[],"customGraphs":[],"default":{"data":{"Article":[],"Course":[],"Dataset":[],"FAQPage":[],"Movie":[],"Person":[],"Product":[],"ProductReview":[],"Car":[],"Recipe":[],"Service":[],"SoftwareApplication":[],"WebPage":[]},"graphName":"","isEnabled":true},"graphs":[],"defaultGraph":"","defaultPostTypeGraph":""},"schema_type":null,"schema_type_options":null,"pillar_content":false,"robots_default":true,"robots_noindex":false,"robots_noarchive":false,"robots_nosnippet":false,"robots_nofollow":false,"robots_noimageindex":false,"robots_noodp":false,"robots_notranslate":false,"robots_max_snippet":null,"robots_max_videopreview":null,"robots_max_imagepreview":"large","priority":null,"frequency":null,"location":null,"local_seo":null,"seo_analyzer_scan_date":"2025-09-19 13:18:59","breadcrumb_settings":null,"limit_modified_date":false,"open_ai":null,"ai":null,"created":"2021-03-09 02:30:21","updated":"2025-09-19 13:18:59"},"aioseo_breadcrumb":"<div class=\"aioseo-breadcrumbs\"><span class=\"aioseo-breadcrumb\">\n\t<a href=\"https:\/\/eldigitaldeasturias.com\/magazine365\" title=\"Home\">Home<\/a>\n<\/span><span class=\"aioseo-breadcrumb-separator\">\u2013<\/span><span class=\"aioseo-breadcrumb\">\n\t<a href=\"https:\/\/eldigitaldeasturias.com\/magazine365\/category\/noticias-actualidad\/\" title=\"Noticias y Actualidad\">Noticias y Actualidad<\/a>\n<\/span><span class=\"aioseo-breadcrumb-separator\">\u2013<\/span><span class=\"aioseo-breadcrumb\">\n\t<a href=\"https:\/\/eldigitaldeasturias.com\/magazine365\/la-cofradia-del-vino-de-la-rioja-ha-nombrado-cofrade-de-merito-a-tim-atkin\/\" title=\"La Cofrad\u00eda del Vino de La Rioja ha nombrado \u00abCofrade de M\u00e9rito\u00bb a Tim Atkin\">La Cofrad\u00eda del Vino de La Rioja ha nombrado \u00abCofrade de M\u00e9rito\u00bb a Tim Atkin<\/a>\n<\/span><\/div>","aioseo_breadcrumb_json":[{"label":"Home","link":"https:\/\/eldigitaldeasturias.com\/magazine365"},{"label":"Noticias y Actualidad","link":"https:\/\/eldigitaldeasturias.com\/magazine365\/category\/noticias-actualidad\/"},{"label":"La Cofrad\u00eda del Vino de La Rioja ha nombrado \u00abCofrade de M\u00e9rito\u00bb a Tim Atkin","link":"https:\/\/eldigitaldeasturias.com\/magazine365\/la-cofradia-del-vino-de-la-rioja-ha-nombrado-cofrade-de-merito-a-tim-atkin\/"}],"_links":{"self":[{"href":"https:\/\/eldigitaldeasturias.com\/magazine365\/wp-json\/wp\/v2\/posts\/40315","targetHints":{"allow":["GET"]}}],"collection":[{"href":"https:\/\/eldigitaldeasturias.com\/magazine365\/wp-json\/wp\/v2\/posts"}],"about":[{"href":"https:\/\/eldigitaldeasturias.com\/magazine365\/wp-json\/wp\/v2\/types\/post"}],"author":[{"embeddable":true,"href":"https:\/\/eldigitaldeasturias.com\/magazine365\/wp-json\/wp\/v2\/users\/1"}],"replies":[{"embeddable":true,"href":"https:\/\/eldigitaldeasturias.com\/magazine365\/wp-json\/wp\/v2\/comments?post=40315"}],"version-history":[{"count":0,"href":"https:\/\/eldigitaldeasturias.com\/magazine365\/wp-json\/wp\/v2\/posts\/40315\/revisions"}],"wp:featuredmedia":[{"embeddable":true,"href":"https:\/\/eldigitaldeasturias.com\/magazine365\/wp-json\/wp\/v2\/media\/40316"}],"wp:attachment":[{"href":"https:\/\/eldigitaldeasturias.com\/magazine365\/wp-json\/wp\/v2\/media?parent=40315"}],"wp:term":[{"taxonomy":"category","embeddable":true,"href":"https:\/\/eldigitaldeasturias.com\/magazine365\/wp-json\/wp\/v2\/categories?post=40315"},{"taxonomy":"post_tag","embeddable":true,"href":"https:\/\/eldigitaldeasturias.com\/magazine365\/wp-json\/wp\/v2\/tags?post=40315"}],"curies":[{"name":"wp","href":"https:\/\/api.w.org\/{rel}","templated":true}]}}