{"id":40312,"date":"2015-06-19T05:56:16","date_gmt":"2015-06-19T04:26:16","guid":{"rendered":"http:\/\/eldigitaldeasturias.com\/magazine365\/?p=40312"},"modified":"2015-06-19T05:56:16","modified_gmt":"2015-06-19T04:26:16","slug":"el-ave-valladolid-palencia-leon-entrara-en-funcionamiento-en-la-primera-semana-de-septiembre","status":"publish","type":"post","link":"https:\/\/eldigitaldeasturias.com\/magazine365\/el-ave-valladolid-palencia-leon-entrara-en-funcionamiento-en-la-primera-semana-de-septiembre\/","title":{"rendered":"El AVE Valladolid-Palencia-Le\u00f3n entrar\u00e1 en funcionamiento en la primera semana de septiembre"},"content":{"rendered":"<p><img fetchpriority=\"high\" decoding=\"async\" class=\"alignleft size-medium wp-image-40313\" src=\"https:\/\/eldigitaldeasturias.com\/magazine365\/wp-content\/uploads\/2015\/06\/fotonoticia_20150618140008_800-360x261.jpg\" alt=\"fotonoticia_20150618140008_800\" width=\"360\" height=\"261\" srcset=\"https:\/\/eldigitaldeasturias.com\/magazine365\/wp-content\/uploads\/2015\/06\/fotonoticia_20150618140008_800-360x261.jpg 360w, https:\/\/eldigitaldeasturias.com\/magazine365\/wp-content\/uploads\/2015\/06\/fotonoticia_20150618140008_800-650x470.jpg 650w, https:\/\/eldigitaldeasturias.com\/magazine365\/wp-content\/uploads\/2015\/06\/fotonoticia_20150618140008_800-768x556.jpg 768w, https:\/\/eldigitaldeasturias.com\/magazine365\/wp-content\/uploads\/2015\/06\/fotonoticia_20150618140008_800-150x109.jpg 150w, https:\/\/eldigitaldeasturias.com\/magazine365\/wp-content\/uploads\/2015\/06\/fotonoticia_20150618140008_800-450x326.jpg 450w, https:\/\/eldigitaldeasturias.com\/magazine365\/wp-content\/uploads\/2015\/06\/fotonoticia_20150618140008_800-324x235.jpg 324w, https:\/\/eldigitaldeasturias.com\/magazine365\/wp-content\/uploads\/2015\/06\/fotonoticia_20150618140008_800-696x504.jpg 696w, https:\/\/eldigitaldeasturias.com\/magazine365\/wp-content\/uploads\/2015\/06\/fotonoticia_20150618140008_800-580x420.jpg 580w, https:\/\/eldigitaldeasturias.com\/magazine365\/wp-content\/uploads\/2015\/06\/fotonoticia_20150618140008_800.jpg 800w\" sizes=\"(max-width: 360px) 100vw, 360px\" \/>La ministra de Fomento, Ana Pastor, ha asegurado que la l\u00ednea de Alta Velocidad que une Valladolid, Palencia y Le\u00f3n entrar\u00e1 en funcionamiento en la primera semana de septiembre.<\/p>\n<p>La titular de Fomento se ha expresado as\u00ed en el marco de la inauguraci\u00f3n del II Congreso Regional de la Empresa Familiar que se ha desarrollado en el Monasterio de Santa Mar\u00eda de Valbuena, en San Bernardo (Valladolid).<\/p>\n<p>All\u00ed, adem\u00e1s de repasar las diferentes inversiones que ha realizado su departamento en Castilla y Le\u00f3n, ha explicado que el pasado d\u00eda 12 un tren en pruebas ya recorri\u00f3 esta l\u00ednea y ahora s\u00f3lo falta la formaci\u00f3n de m\u00e1s de 300 maquinistas que trabajar\u00e1n en la misma.<\/p>\n<p>De esta forma, se prev\u00e9 que en la primera semana de septiembre entre en funcionamiento la l\u00ednea, aunque est\u00e1 se est\u00e1 pendiente de tener el calendario definitivo, unido al aumento de tr\u00e1fico que hay en vacaciones y de la formaci\u00f3n de los maquinistas, podr\u00eda estar en funcionamiento en la primera semana de septiembre.<\/p>\n<p>La ministra tambi\u00e9n ha indicado que la l\u00ednea entre Zamora y Galicia se encuentra al 90 por ciento de ejecuci\u00f3n y podr\u00eda ponerse tambi\u00e9n en marcha este a\u00f1o, mientras que entre Venta de Ba\u00f1os, Burgos y Vitoria todo est\u00e1 \u00aben marcha\u00bb, adjudicado, para terminar \u00ablo antes posible\u00bb.<\/p>\n<p>Pastor ha a\u00f1adido que para \u00e9sta \u00faltima obra se han destinado m\u00e1s de 600 millones de euros en esta legislatura y ha se\u00f1alado que la plataforma y la v\u00eda est\u00e1n al 90 por ciento ejecutados.<\/p>\n<p>CONEXI\u00d3N CON MADRID<\/p>\n<p>De esta forma, ha recordado que se tardar\u00e1 una hora y 55 minutos en llegar a Madrid desde Le\u00f3n, una hora y 20 desde Palencia y una hora y 41 minutos desde Burgos.<\/p>\n<p>Por otro lado, tras se\u00f1alar que le gustan \u00ablas cuentas\u00bb y no \u00ablos cuentos\u00bb, ha explicado que el Gobierno dice lo que se hace y en qu\u00e9 mejorar\u00e1 Castilla y Le\u00f3n como por ejemplo con la electrificaci\u00f3n de la l\u00ednea Medina-Salamanca, y ha a\u00f1adido que cuando haya conexi\u00f3n entre Zamora y Olmedo por AVE se tardar\u00e1 en llegar una hora y media a Madrid desde la capital zamorana.<\/p>\n<p>Asimismo, ha indicado que se encuentra en electrificaci\u00f3n la l\u00ednea que llega hasta Fuentes de O\u00f1oro y se han destinado hasta 83 millones de euros para que haya continuidad hasta Portugal.<\/p>\n","protected":false},"excerpt":{"rendered":"<p>La ministra de Fomento, Ana Pastor, ha asegurado que la l\u00ednea de Alta Velocidad que une Valladolid, Palencia y Le\u00f3n entrar\u00e1 en funcionamiento en la primera semana de septiembre. La titular de Fomento se ha expresado as\u00ed en el marco de la inauguraci\u00f3n del II Congreso Regional de la Empresa Familiar que se ha desarrollado<\/p>\n","protected":false},"author":1,"featured_media":40313,"comment_status":"open","ping_status":"closed","sticky":false,"template":"","format":"standard","meta":{"footnotes":""},"categories":[222],"tags":[],"class_list":{"0":"post-40312","1":"post","2":"type-post","3":"status-publish","4":"format-standard","5":"has-post-thumbnail","7":"category-actualidad-turismo"},"aioseo_notices":[],"aioseo_head":"\n\t\t<!-- All in One SEO Pro 4.9.6.1 - aioseo.com -->\n\t<meta name=\"description\" content=\"La ministra de Fomento, Ana Pastor, ha asegurado que la l\u00ednea de Alta Velocidad que une Valladolid, Palencia y Le\u00f3n entrar\u00e1 en funcionamiento en la primera semana de septiembre. La titular de Fomento se ha expresado as\u00ed en el marco de la inauguraci\u00f3n del II Congreso Regional de la Empresa Familiar que se ha desarrollado\" \/>\n\t<meta name=\"robots\" content=\"max-image-preview:large\" \/>\n\t<meta name=\"author\" content=\"admin\"\/>\n\t<meta name=\"google-site-verification\" content=\"UA-38556648-1\" \/>\n\t<meta name=\"keywords\" content=\"actualidad turismo\" \/>\n\t<link rel=\"canonical\" href=\"https:\/\/eldigitaldeasturias.com\/magazine365\/el-ave-valladolid-palencia-leon-entrara-en-funcionamiento-en-la-primera-semana-de-septiembre\/\" \/>\n\t<meta name=\"generator\" content=\"All in One SEO Pro (AIOSEO) 4.9.6.1\" \/>\n\t\t<meta property=\"og:locale\" content=\"es_ES\" \/>\n\t\t<meta property=\"og:site_name\" content=\"El Digital de Asturias \u2013 Revista de ocio, turismo y estilo de vida\" \/>\n\t\t<meta property=\"og:type\" content=\"article\" \/>\n\t\t<meta property=\"og:title\" content=\"El AVE Valladolid-Palencia-Le\u00f3n entrar\u00e1 en funcionamiento en la primera semana de septiembre | El Digital de Asturias\" \/>\n\t\t<meta property=\"og:description\" content=\"La ministra de Fomento, Ana Pastor, ha asegurado que la l\u00ednea de Alta Velocidad que une Valladolid, Palencia y Le\u00f3n entrar\u00e1 en funcionamiento en la primera semana de septiembre. La titular de Fomento se ha expresado as\u00ed en el marco de la inauguraci\u00f3n del II Congreso Regional de la Empresa Familiar que se ha desarrollado\" \/>\n\t\t<meta property=\"og:url\" content=\"https:\/\/eldigitaldeasturias.com\/magazine365\/el-ave-valladolid-palencia-leon-entrara-en-funcionamiento-en-la-primera-semana-de-septiembre\/\" \/>\n\t\t<meta property=\"og:image\" content=\"https:\/\/eldigitaldeasturias.com\/magazine365\/wp-content\/uploads\/2015\/06\/fotonoticia_20150618140008_800.jpg\" \/>\n\t\t<meta property=\"og:image:secure_url\" content=\"https:\/\/eldigitaldeasturias.com\/magazine365\/wp-content\/uploads\/2015\/06\/fotonoticia_20150618140008_800.jpg\" \/>\n\t\t<meta property=\"og:image:width\" content=\"800\" \/>\n\t\t<meta property=\"og:image:height\" content=\"579\" \/>\n\t\t<meta property=\"article:published_time\" content=\"2015-06-19T04:26:16+00:00\" \/>\n\t\t<meta property=\"article:modified_time\" content=\"2015-06-19T04:26:16+00:00\" \/>\n\t\t<meta name=\"twitter:card\" content=\"summary_large_image\" \/>\n\t\t<meta name=\"twitter:title\" content=\"El AVE Valladolid-Palencia-Le\u00f3n entrar\u00e1 en funcionamiento en la primera semana de septiembre | El Digital de Asturias\" \/>\n\t\t<meta name=\"twitter:description\" content=\"La ministra de Fomento, Ana Pastor, ha asegurado que la l\u00ednea de Alta Velocidad que une Valladolid, Palencia y Le\u00f3n entrar\u00e1 en funcionamiento en la primera semana de septiembre. La titular de Fomento se ha expresado as\u00ed en el marco de la inauguraci\u00f3n del II Congreso Regional de la Empresa Familiar que se ha desarrollado\" \/>\n\t\t<meta name=\"twitter:image\" content=\"https:\/\/eldigitaldeasturias.com\/magazine365\/wp-content\/uploads\/2015\/06\/fotonoticia_20150618140008_800.jpg\" \/>\n\t\t<script type=\"application\/ld+json\" class=\"aioseo-schema\">\n\t\t\t{\"@context\":\"https:\\\/\\\/schema.org\",\"@graph\":[{\"@type\":\"Article\",\"@id\":\"https:\\\/\\\/eldigitaldeasturias.com\\\/magazine365\\\/el-ave-valladolid-palencia-leon-entrara-en-funcionamiento-en-la-primera-semana-de-septiembre\\\/#article\",\"name\":\"El AVE Valladolid-Palencia-Le\\u00f3n entrar\\u00e1 en funcionamiento en la primera semana de septiembre | El Digital de Asturias\",\"headline\":\"El AVE Valladolid-Palencia-Le\\u00f3n entrar\\u00e1 en funcionamiento en la primera semana de septiembre\",\"author\":{\"@id\":\"https:\\\/\\\/eldigitaldeasturias.com\\\/magazine365\\\/author\\\/admin\\\/#author\"},\"publisher\":{\"@id\":\"https:\\\/\\\/eldigitaldeasturias.com\\\/magazine365\\\/#organization\"},\"image\":{\"@type\":\"ImageObject\",\"url\":\"https:\\\/\\\/eldigitaldeasturias.com\\\/magazine365\\\/wp-content\\\/uploads\\\/2015\\\/06\\\/fotonoticia_20150618140008_800.jpg\",\"width\":800,\"height\":579},\"datePublished\":\"2015-06-19T05:56:16+02:00\",\"dateModified\":\"2015-06-19T05:56:16+02:00\",\"inLanguage\":\"es-ES\",\"mainEntityOfPage\":{\"@id\":\"https:\\\/\\\/eldigitaldeasturias.com\\\/magazine365\\\/el-ave-valladolid-palencia-leon-entrara-en-funcionamiento-en-la-primera-semana-de-septiembre\\\/#webpage\"},\"isPartOf\":{\"@id\":\"https:\\\/\\\/eldigitaldeasturias.com\\\/magazine365\\\/el-ave-valladolid-palencia-leon-entrara-en-funcionamiento-en-la-primera-semana-de-septiembre\\\/#webpage\"},\"articleSection\":\"Actualidad Turismo\"},{\"@type\":\"BreadcrumbList\",\"@id\":\"https:\\\/\\\/eldigitaldeasturias.com\\\/magazine365\\\/el-ave-valladolid-palencia-leon-entrara-en-funcionamiento-en-la-primera-semana-de-septiembre\\\/#breadcrumblist\",\"itemListElement\":[{\"@type\":\"ListItem\",\"@id\":\"https:\\\/\\\/eldigitaldeasturias.com\\\/magazine365#listItem\",\"position\":1,\"name\":\"Home\",\"item\":\"https:\\\/\\\/eldigitaldeasturias.com\\\/magazine365\",\"nextItem\":{\"@type\":\"ListItem\",\"@id\":\"https:\\\/\\\/eldigitaldeasturias.com\\\/magazine365\\\/category\\\/actualidad-turismo\\\/#listItem\",\"name\":\"Actualidad Turismo\"}},{\"@type\":\"ListItem\",\"@id\":\"https:\\\/\\\/eldigitaldeasturias.com\\\/magazine365\\\/category\\\/actualidad-turismo\\\/#listItem\",\"position\":2,\"name\":\"Actualidad Turismo\",\"item\":\"https:\\\/\\\/eldigitaldeasturias.com\\\/magazine365\\\/category\\\/actualidad-turismo\\\/\",\"nextItem\":{\"@type\":\"ListItem\",\"@id\":\"https:\\\/\\\/eldigitaldeasturias.com\\\/magazine365\\\/el-ave-valladolid-palencia-leon-entrara-en-funcionamiento-en-la-primera-semana-de-septiembre\\\/#listItem\",\"name\":\"El AVE Valladolid-Palencia-Le\\u00f3n entrar\\u00e1 en funcionamiento en la primera semana de septiembre\"},\"previousItem\":{\"@type\":\"ListItem\",\"@id\":\"https:\\\/\\\/eldigitaldeasturias.com\\\/magazine365#listItem\",\"name\":\"Home\"}},{\"@type\":\"ListItem\",\"@id\":\"https:\\\/\\\/eldigitaldeasturias.com\\\/magazine365\\\/el-ave-valladolid-palencia-leon-entrara-en-funcionamiento-en-la-primera-semana-de-septiembre\\\/#listItem\",\"position\":3,\"name\":\"El AVE Valladolid-Palencia-Le\\u00f3n entrar\\u00e1 en funcionamiento en la primera semana de septiembre\",\"previousItem\":{\"@type\":\"ListItem\",\"@id\":\"https:\\\/\\\/eldigitaldeasturias.com\\\/magazine365\\\/category\\\/actualidad-turismo\\\/#listItem\",\"name\":\"Actualidad Turismo\"}}]},{\"@type\":\"Organization\",\"@id\":\"https:\\\/\\\/eldigitaldeasturias.com\\\/magazine365\\\/#organization\",\"name\":\"El digital de Asturias\",\"description\":\"Revista de ocio, turismo y estilo de vida\",\"url\":\"https:\\\/\\\/eldigitaldeasturias.com\\\/magazine365\\\/\",\"logo\":{\"@type\":\"ImageObject\",\"url\":\"https:\\\/\\\/www.eldigitaldeasturias.com\\\/noticias\\\/wp-content\\\/uploads\\\/2020\\\/12\\\/EDA.jpg\",\"@id\":\"https:\\\/\\\/eldigitaldeasturias.com\\\/magazine365\\\/el-ave-valladolid-palencia-leon-entrara-en-funcionamiento-en-la-primera-semana-de-septiembre\\\/#organizationLogo\"},\"image\":{\"@id\":\"https:\\\/\\\/eldigitaldeasturias.com\\\/magazine365\\\/el-ave-valladolid-palencia-leon-entrara-en-funcionamiento-en-la-primera-semana-de-septiembre\\\/#organizationLogo\"}},{\"@type\":\"Person\",\"@id\":\"https:\\\/\\\/eldigitaldeasturias.com\\\/magazine365\\\/author\\\/admin\\\/#author\",\"url\":\"https:\\\/\\\/eldigitaldeasturias.com\\\/magazine365\\\/author\\\/admin\\\/\",\"name\":\"admin\",\"image\":{\"@type\":\"ImageObject\",\"@id\":\"https:\\\/\\\/eldigitaldeasturias.com\\\/magazine365\\\/el-ave-valladolid-palencia-leon-entrara-en-funcionamiento-en-la-primera-semana-de-septiembre\\\/#authorImage\",\"url\":\"https:\\\/\\\/eldigitaldeasturias.com\\\/magazine365\\\/wp-content\\\/litespeed\\\/avatar\\\/e571bcf59a0edd6fa6838245a470f2fe.jpg?ver=1777574230\",\"width\":96,\"height\":96,\"caption\":\"admin\"}},{\"@type\":\"WebPage\",\"@id\":\"https:\\\/\\\/eldigitaldeasturias.com\\\/magazine365\\\/el-ave-valladolid-palencia-leon-entrara-en-funcionamiento-en-la-primera-semana-de-septiembre\\\/#webpage\",\"url\":\"https:\\\/\\\/eldigitaldeasturias.com\\\/magazine365\\\/el-ave-valladolid-palencia-leon-entrara-en-funcionamiento-en-la-primera-semana-de-septiembre\\\/\",\"name\":\"El AVE Valladolid-Palencia-Le\\u00f3n entrar\\u00e1 en funcionamiento en la primera semana de septiembre | El Digital de Asturias\",\"description\":\"La ministra de Fomento, Ana Pastor, ha asegurado que la l\\u00ednea de Alta Velocidad que une Valladolid, Palencia y Le\\u00f3n entrar\\u00e1 en funcionamiento en la primera semana de septiembre. La titular de Fomento se ha expresado as\\u00ed en el marco de la inauguraci\\u00f3n del II Congreso Regional de la Empresa Familiar que se ha desarrollado\",\"inLanguage\":\"es-ES\",\"isPartOf\":{\"@id\":\"https:\\\/\\\/eldigitaldeasturias.com\\\/magazine365\\\/#website\"},\"breadcrumb\":{\"@id\":\"https:\\\/\\\/eldigitaldeasturias.com\\\/magazine365\\\/el-ave-valladolid-palencia-leon-entrara-en-funcionamiento-en-la-primera-semana-de-septiembre\\\/#breadcrumblist\"},\"author\":{\"@id\":\"https:\\\/\\\/eldigitaldeasturias.com\\\/magazine365\\\/author\\\/admin\\\/#author\"},\"creator\":{\"@id\":\"https:\\\/\\\/eldigitaldeasturias.com\\\/magazine365\\\/author\\\/admin\\\/#author\"},\"image\":{\"@type\":\"ImageObject\",\"url\":\"https:\\\/\\\/eldigitaldeasturias.com\\\/magazine365\\\/wp-content\\\/uploads\\\/2015\\\/06\\\/fotonoticia_20150618140008_800.jpg\",\"@id\":\"https:\\\/\\\/eldigitaldeasturias.com\\\/magazine365\\\/el-ave-valladolid-palencia-leon-entrara-en-funcionamiento-en-la-primera-semana-de-septiembre\\\/#mainImage\",\"width\":800,\"height\":579},\"primaryImageOfPage\":{\"@id\":\"https:\\\/\\\/eldigitaldeasturias.com\\\/magazine365\\\/el-ave-valladolid-palencia-leon-entrara-en-funcionamiento-en-la-primera-semana-de-septiembre\\\/#mainImage\"},\"datePublished\":\"2015-06-19T05:56:16+02:00\",\"dateModified\":\"2015-06-19T05:56:16+02:00\"},{\"@type\":\"WebSite\",\"@id\":\"https:\\\/\\\/eldigitaldeasturias.com\\\/magazine365\\\/#website\",\"url\":\"https:\\\/\\\/eldigitaldeasturias.com\\\/magazine365\\\/\",\"name\":\"El Digital de Asturias\",\"description\":\"Revista de ocio, turismo y estilo de vida\",\"inLanguage\":\"es-ES\",\"publisher\":{\"@id\":\"https:\\\/\\\/eldigitaldeasturias.com\\\/magazine365\\\/#organization\"}}]}\n\t\t<\/script>\n\t\t<!-- All in One SEO Pro -->\r\n\t\t<title>El AVE Valladolid-Palencia-Le\u00f3n entrar\u00e1 en funcionamiento en la primera semana de septiembre | El Digital de Asturias<\/title>\n\n","aioseo_head_json":{"title":"El AVE Valladolid-Palencia-Le\u00f3n entrar\u00e1 en funcionamiento en la primera semana de septiembre | El Digital de Asturias","description":"La ministra de Fomento, Ana Pastor, ha asegurado que la l\u00ednea de Alta Velocidad que une Valladolid, Palencia y Le\u00f3n entrar\u00e1 en funcionamiento en la primera semana de septiembre. La titular de Fomento se ha expresado as\u00ed en el marco de la inauguraci\u00f3n del II Congreso Regional de la Empresa Familiar que se ha desarrollado","canonical_url":"https:\/\/eldigitaldeasturias.com\/magazine365\/el-ave-valladolid-palencia-leon-entrara-en-funcionamiento-en-la-primera-semana-de-septiembre\/","robots":"max-image-preview:large","keywords":"actualidad turismo","webmasterTools":{"google-site-verification":"UA-38556648-1","miscellaneous":""},"schema":{"@context":"https:\/\/schema.org","@graph":[{"@type":"Article","@id":"https:\/\/eldigitaldeasturias.com\/magazine365\/el-ave-valladolid-palencia-leon-entrara-en-funcionamiento-en-la-primera-semana-de-septiembre\/#article","name":"El AVE Valladolid-Palencia-Le\u00f3n entrar\u00e1 en funcionamiento en la primera semana de septiembre | El Digital de Asturias","headline":"El AVE Valladolid-Palencia-Le\u00f3n entrar\u00e1 en funcionamiento en la primera semana de septiembre","author":{"@id":"https:\/\/eldigitaldeasturias.com\/magazine365\/author\/admin\/#author"},"publisher":{"@id":"https:\/\/eldigitaldeasturias.com\/magazine365\/#organization"},"image":{"@type":"ImageObject","url":"https:\/\/eldigitaldeasturias.com\/magazine365\/wp-content\/uploads\/2015\/06\/fotonoticia_20150618140008_800.jpg","width":800,"height":579},"datePublished":"2015-06-19T05:56:16+02:00","dateModified":"2015-06-19T05:56:16+02:00","inLanguage":"es-ES","mainEntityOfPage":{"@id":"https:\/\/eldigitaldeasturias.com\/magazine365\/el-ave-valladolid-palencia-leon-entrara-en-funcionamiento-en-la-primera-semana-de-septiembre\/#webpage"},"isPartOf":{"@id":"https:\/\/eldigitaldeasturias.com\/magazine365\/el-ave-valladolid-palencia-leon-entrara-en-funcionamiento-en-la-primera-semana-de-septiembre\/#webpage"},"articleSection":"Actualidad Turismo"},{"@type":"BreadcrumbList","@id":"https:\/\/eldigitaldeasturias.com\/magazine365\/el-ave-valladolid-palencia-leon-entrara-en-funcionamiento-en-la-primera-semana-de-septiembre\/#breadcrumblist","itemListElement":[{"@type":"ListItem","@id":"https:\/\/eldigitaldeasturias.com\/magazine365#listItem","position":1,"name":"Home","item":"https:\/\/eldigitaldeasturias.com\/magazine365","nextItem":{"@type":"ListItem","@id":"https:\/\/eldigitaldeasturias.com\/magazine365\/category\/actualidad-turismo\/#listItem","name":"Actualidad Turismo"}},{"@type":"ListItem","@id":"https:\/\/eldigitaldeasturias.com\/magazine365\/category\/actualidad-turismo\/#listItem","position":2,"name":"Actualidad Turismo","item":"https:\/\/eldigitaldeasturias.com\/magazine365\/category\/actualidad-turismo\/","nextItem":{"@type":"ListItem","@id":"https:\/\/eldigitaldeasturias.com\/magazine365\/el-ave-valladolid-palencia-leon-entrara-en-funcionamiento-en-la-primera-semana-de-septiembre\/#listItem","name":"El AVE Valladolid-Palencia-Le\u00f3n entrar\u00e1 en funcionamiento en la primera semana de septiembre"},"previousItem":{"@type":"ListItem","@id":"https:\/\/eldigitaldeasturias.com\/magazine365#listItem","name":"Home"}},{"@type":"ListItem","@id":"https:\/\/eldigitaldeasturias.com\/magazine365\/el-ave-valladolid-palencia-leon-entrara-en-funcionamiento-en-la-primera-semana-de-septiembre\/#listItem","position":3,"name":"El AVE Valladolid-Palencia-Le\u00f3n entrar\u00e1 en funcionamiento en la primera semana de septiembre","previousItem":{"@type":"ListItem","@id":"https:\/\/eldigitaldeasturias.com\/magazine365\/category\/actualidad-turismo\/#listItem","name":"Actualidad Turismo"}}]},{"@type":"Organization","@id":"https:\/\/eldigitaldeasturias.com\/magazine365\/#organization","name":"El digital de Asturias","description":"Revista de ocio, turismo y estilo de vida","url":"https:\/\/eldigitaldeasturias.com\/magazine365\/","logo":{"@type":"ImageObject","url":"https:\/\/www.eldigitaldeasturias.com\/noticias\/wp-content\/uploads\/2020\/12\/EDA.jpg","@id":"https:\/\/eldigitaldeasturias.com\/magazine365\/el-ave-valladolid-palencia-leon-entrara-en-funcionamiento-en-la-primera-semana-de-septiembre\/#organizationLogo"},"image":{"@id":"https:\/\/eldigitaldeasturias.com\/magazine365\/el-ave-valladolid-palencia-leon-entrara-en-funcionamiento-en-la-primera-semana-de-septiembre\/#organizationLogo"}},{"@type":"Person","@id":"https:\/\/eldigitaldeasturias.com\/magazine365\/author\/admin\/#author","url":"https:\/\/eldigitaldeasturias.com\/magazine365\/author\/admin\/","name":"admin","image":{"@type":"ImageObject","@id":"https:\/\/eldigitaldeasturias.com\/magazine365\/el-ave-valladolid-palencia-leon-entrara-en-funcionamiento-en-la-primera-semana-de-septiembre\/#authorImage","url":"https:\/\/eldigitaldeasturias.com\/magazine365\/wp-content\/litespeed\/avatar\/e571bcf59a0edd6fa6838245a470f2fe.jpg?ver=1777574230","width":96,"height":96,"caption":"admin"}},{"@type":"WebPage","@id":"https:\/\/eldigitaldeasturias.com\/magazine365\/el-ave-valladolid-palencia-leon-entrara-en-funcionamiento-en-la-primera-semana-de-septiembre\/#webpage","url":"https:\/\/eldigitaldeasturias.com\/magazine365\/el-ave-valladolid-palencia-leon-entrara-en-funcionamiento-en-la-primera-semana-de-septiembre\/","name":"El AVE Valladolid-Palencia-Le\u00f3n entrar\u00e1 en funcionamiento en la primera semana de septiembre | El Digital de Asturias","description":"La ministra de Fomento, Ana Pastor, ha asegurado que la l\u00ednea de Alta Velocidad que une Valladolid, Palencia y Le\u00f3n entrar\u00e1 en funcionamiento en la primera semana de septiembre. La titular de Fomento se ha expresado as\u00ed en el marco de la inauguraci\u00f3n del II Congreso Regional de la Empresa Familiar que se ha desarrollado","inLanguage":"es-ES","isPartOf":{"@id":"https:\/\/eldigitaldeasturias.com\/magazine365\/#website"},"breadcrumb":{"@id":"https:\/\/eldigitaldeasturias.com\/magazine365\/el-ave-valladolid-palencia-leon-entrara-en-funcionamiento-en-la-primera-semana-de-septiembre\/#breadcrumblist"},"author":{"@id":"https:\/\/eldigitaldeasturias.com\/magazine365\/author\/admin\/#author"},"creator":{"@id":"https:\/\/eldigitaldeasturias.com\/magazine365\/author\/admin\/#author"},"image":{"@type":"ImageObject","url":"https:\/\/eldigitaldeasturias.com\/magazine365\/wp-content\/uploads\/2015\/06\/fotonoticia_20150618140008_800.jpg","@id":"https:\/\/eldigitaldeasturias.com\/magazine365\/el-ave-valladolid-palencia-leon-entrara-en-funcionamiento-en-la-primera-semana-de-septiembre\/#mainImage","width":800,"height":579},"primaryImageOfPage":{"@id":"https:\/\/eldigitaldeasturias.com\/magazine365\/el-ave-valladolid-palencia-leon-entrara-en-funcionamiento-en-la-primera-semana-de-septiembre\/#mainImage"},"datePublished":"2015-06-19T05:56:16+02:00","dateModified":"2015-06-19T05:56:16+02:00"},{"@type":"WebSite","@id":"https:\/\/eldigitaldeasturias.com\/magazine365\/#website","url":"https:\/\/eldigitaldeasturias.com\/magazine365\/","name":"El Digital de Asturias","description":"Revista de ocio, turismo y estilo de vida","inLanguage":"es-ES","publisher":{"@id":"https:\/\/eldigitaldeasturias.com\/magazine365\/#organization"}}]},"og:locale":"es_ES","og:site_name":"El Digital de Asturias \u2013 Revista de ocio, turismo y estilo de vida","og:type":"article","og:title":"El AVE Valladolid-Palencia-Le\u00f3n entrar\u00e1 en funcionamiento en la primera semana de septiembre | El Digital de Asturias","og:description":"La ministra de Fomento, Ana Pastor, ha asegurado que la l\u00ednea de Alta Velocidad que une Valladolid, Palencia y Le\u00f3n entrar\u00e1 en funcionamiento en la primera semana de septiembre. La titular de Fomento se ha expresado as\u00ed en el marco de la inauguraci\u00f3n del II Congreso Regional de la Empresa Familiar que se ha desarrollado","og:url":"https:\/\/eldigitaldeasturias.com\/magazine365\/el-ave-valladolid-palencia-leon-entrara-en-funcionamiento-en-la-primera-semana-de-septiembre\/","og:image":"https:\/\/eldigitaldeasturias.com\/magazine365\/wp-content\/uploads\/2015\/06\/fotonoticia_20150618140008_800.jpg","og:image:secure_url":"https:\/\/eldigitaldeasturias.com\/magazine365\/wp-content\/uploads\/2015\/06\/fotonoticia_20150618140008_800.jpg","og:image:width":800,"og:image:height":579,"article:published_time":"2015-06-19T04:26:16+00:00","article:modified_time":"2015-06-19T04:26:16+00:00","twitter:card":"summary_large_image","twitter:title":"El AVE Valladolid-Palencia-Le\u00f3n entrar\u00e1 en funcionamiento en la primera semana de septiembre | El Digital de Asturias","twitter:description":"La ministra de Fomento, Ana Pastor, ha asegurado que la l\u00ednea de Alta Velocidad que une Valladolid, Palencia y Le\u00f3n entrar\u00e1 en funcionamiento en la primera semana de septiembre. La titular de Fomento se ha expresado as\u00ed en el marco de la inauguraci\u00f3n del II Congreso Regional de la Empresa Familiar que se ha desarrollado","twitter:image":"https:\/\/eldigitaldeasturias.com\/magazine365\/wp-content\/uploads\/2015\/06\/fotonoticia_20150618140008_800.jpg"},"aioseo_meta_data":{"post_id":"40312","title":null,"description":null,"keywords":null,"keyphrases":null,"primary_term":null,"canonical_url":null,"og_title":null,"og_description":null,"og_object_type":"default","og_image_type":"default","og_image_url":null,"og_image_width":null,"og_image_height":null,"og_image_custom_url":null,"og_image_custom_fields":null,"og_video":null,"og_custom_url":null,"og_article_section":null,"og_article_tags":null,"twitter_use_og":false,"twitter_card":"default","twitter_image_type":"default","twitter_image_url":null,"twitter_image_custom_url":null,"twitter_image_custom_fields":null,"twitter_title":null,"twitter_description":null,"schema":{"blockGraphs":[],"customGraphs":[],"default":{"data":{"Article":[],"Course":[],"Dataset":[],"FAQPage":[],"Movie":[],"Person":[],"Product":[],"ProductReview":[],"Car":[],"Recipe":[],"Service":[],"SoftwareApplication":[],"WebPage":[]},"graphName":"","isEnabled":true},"graphs":[],"defaultGraph":"","defaultPostTypeGraph":""},"schema_type":null,"schema_type_options":null,"pillar_content":false,"robots_default":true,"robots_noindex":false,"robots_noarchive":false,"robots_nosnippet":false,"robots_nofollow":false,"robots_noimageindex":false,"robots_noodp":false,"robots_notranslate":false,"robots_max_snippet":null,"robots_max_videopreview":null,"robots_max_imagepreview":"large","priority":null,"frequency":null,"location":null,"local_seo":null,"seo_analyzer_scan_date":"2025-09-19 13:18:58","breadcrumb_settings":null,"limit_modified_date":false,"open_ai":null,"ai":null,"created":"2021-03-09 02:30:21","updated":"2025-09-19 13:18:58"},"aioseo_breadcrumb":"<div class=\"aioseo-breadcrumbs\"><span class=\"aioseo-breadcrumb\">\n\t<a href=\"https:\/\/eldigitaldeasturias.com\/magazine365\" title=\"Home\">Home<\/a>\n<\/span><span class=\"aioseo-breadcrumb-separator\">\u2013<\/span><span class=\"aioseo-breadcrumb\">\n\t<a href=\"https:\/\/eldigitaldeasturias.com\/magazine365\/category\/actualidad-turismo\/\" title=\"Actualidad Turismo\">Actualidad Turismo<\/a>\n<\/span><span class=\"aioseo-breadcrumb-separator\">\u2013<\/span><span class=\"aioseo-breadcrumb\">\n\t<a href=\"https:\/\/eldigitaldeasturias.com\/magazine365\/el-ave-valladolid-palencia-leon-entrara-en-funcionamiento-en-la-primera-semana-de-septiembre\/\" title=\"El AVE Valladolid-Palencia-Le\u00f3n entrar\u00e1 en funcionamiento en la primera semana de septiembre\">El AVE Valladolid-Palencia-Le\u00f3n entrar\u00e1 en funcionamiento en la primera semana de septiembre<\/a>\n<\/span><\/div>","aioseo_breadcrumb_json":[{"label":"Home","link":"https:\/\/eldigitaldeasturias.com\/magazine365"},{"label":"Actualidad Turismo","link":"https:\/\/eldigitaldeasturias.com\/magazine365\/category\/actualidad-turismo\/"},{"label":"El AVE Valladolid-Palencia-Le\u00f3n entrar\u00e1 en funcionamiento en la primera semana de septiembre","link":"https:\/\/eldigitaldeasturias.com\/magazine365\/el-ave-valladolid-palencia-leon-entrara-en-funcionamiento-en-la-primera-semana-de-septiembre\/"}],"_links":{"self":[{"href":"https:\/\/eldigitaldeasturias.com\/magazine365\/wp-json\/wp\/v2\/posts\/40312","targetHints":{"allow":["GET"]}}],"collection":[{"href":"https:\/\/eldigitaldeasturias.com\/magazine365\/wp-json\/wp\/v2\/posts"}],"about":[{"href":"https:\/\/eldigitaldeasturias.com\/magazine365\/wp-json\/wp\/v2\/types\/post"}],"author":[{"embeddable":true,"href":"https:\/\/eldigitaldeasturias.com\/magazine365\/wp-json\/wp\/v2\/users\/1"}],"replies":[{"embeddable":true,"href":"https:\/\/eldigitaldeasturias.com\/magazine365\/wp-json\/wp\/v2\/comments?post=40312"}],"version-history":[{"count":0,"href":"https:\/\/eldigitaldeasturias.com\/magazine365\/wp-json\/wp\/v2\/posts\/40312\/revisions"}],"wp:featuredmedia":[{"embeddable":true,"href":"https:\/\/eldigitaldeasturias.com\/magazine365\/wp-json\/wp\/v2\/media\/40313"}],"wp:attachment":[{"href":"https:\/\/eldigitaldeasturias.com\/magazine365\/wp-json\/wp\/v2\/media?parent=40312"}],"wp:term":[{"taxonomy":"category","embeddable":true,"href":"https:\/\/eldigitaldeasturias.com\/magazine365\/wp-json\/wp\/v2\/categories?post=40312"},{"taxonomy":"post_tag","embeddable":true,"href":"https:\/\/eldigitaldeasturias.com\/magazine365\/wp-json\/wp\/v2\/tags?post=40312"}],"curies":[{"name":"wp","href":"https:\/\/api.w.org\/{rel}","templated":true}]}}