{"id":40309,"date":"2015-06-19T05:55:00","date_gmt":"2015-06-19T04:25:00","guid":{"rendered":"http:\/\/eldigitaldeasturias.com\/magazine365\/?p=40309"},"modified":"2015-06-19T05:55:00","modified_gmt":"2015-06-19T04:25:00","slug":"el-ayuntamiento-de-palma-destina-18-000-euros-a-la-noche-de-san-juan","status":"publish","type":"post","link":"https:\/\/eldigitaldeasturias.com\/magazine365\/el-ayuntamiento-de-palma-destina-18-000-euros-a-la-noche-de-san-juan\/","title":{"rendered":"El ayuntamiento de Palma destina 18.000 euros a la noche de San Juan"},"content":{"rendered":"<p><img fetchpriority=\"high\" decoding=\"async\" class=\"alignleft size-medium wp-image-40310\" src=\"https:\/\/eldigitaldeasturias.com\/magazine365\/wp-content\/uploads\/2015\/06\/fotonoticia_20150618135855_800-360x240.jpg\" alt=\"fotonoticia_20150618135855_800\" width=\"360\" height=\"240\" srcset=\"https:\/\/eldigitaldeasturias.com\/magazine365\/wp-content\/uploads\/2015\/06\/fotonoticia_20150618135855_800-360x240.jpg 360w, https:\/\/eldigitaldeasturias.com\/magazine365\/wp-content\/uploads\/2015\/06\/fotonoticia_20150618135855_800-650x433.jpg 650w, https:\/\/eldigitaldeasturias.com\/magazine365\/wp-content\/uploads\/2015\/06\/fotonoticia_20150618135855_800-768x512.jpg 768w, https:\/\/eldigitaldeasturias.com\/magazine365\/wp-content\/uploads\/2015\/06\/fotonoticia_20150618135855_800-150x100.jpg 150w, https:\/\/eldigitaldeasturias.com\/magazine365\/wp-content\/uploads\/2015\/06\/fotonoticia_20150618135855_800-450x300.jpg 450w, https:\/\/eldigitaldeasturias.com\/magazine365\/wp-content\/uploads\/2015\/06\/fotonoticia_20150618135855_800-696x464.jpg 696w, https:\/\/eldigitaldeasturias.com\/magazine365\/wp-content\/uploads\/2015\/06\/fotonoticia_20150618135855_800-630x420.jpg 630w, https:\/\/eldigitaldeasturias.com\/magazine365\/wp-content\/uploads\/2015\/06\/fotonoticia_20150618135855_800-84x55.jpg 84w, https:\/\/eldigitaldeasturias.com\/magazine365\/wp-content\/uploads\/2015\/06\/fotonoticia_20150618135855_800.jpg 800w\" sizes=\"(max-width: 360px) 100vw, 360px\" \/>El Ayuntamiento de Palma ha destinado un total de 18.278,81 euros a la fiesta de la noche de San Juan que tendr\u00e1 lugar el martes 23 en el Parc de la Mar (Palma de Mallorca), un presupuesto que se ha visto incrementado en 3.000 euros (17 por ciento) respecto al a\u00f1o anterior.<\/p>\n<p>Los datos han sido anunciados este jueves en rueda de prensa por parte del teniente de alcalde de Participaci\u00f3n Ciudadana y Coordinaci\u00f3n Territorial, Miquel Comas, acompa\u00f1ado del presidente de la Federaci\u00f3n de Asociaciones de Vecinos de Palma, Joan Forteza.<\/p>\n<p>Seg\u00fan han explicado, la celebraci\u00f3n se iniciar\u00e1 a las 19.30 horas con talleres y juegos populares infantiles, una demostraci\u00f3n de Ball de bot a cargo de &#8216;Al-Mayurqa&#8217;, y, a las 21.30 horas, habr\u00e1 una invitaci\u00f3n por parte de Forteza y el preg\u00f3n del &#8216;Dimoni Buf\u00f3&#8217; con Pep Noguera.<\/p>\n<p>Asimismo, la fiesta continuar\u00e1 con el Correfoc que contar\u00e1 con un total de 5 agrupaciones y 330 participantes que ser\u00e1n los encargados de consumir las 3.500 unidades de pirotecnia: \u00abLos demonios quemar\u00e1n m\u00e1s que nunca\u00bb, ha indicado Forteza.<\/p>\n<p>El programa finalizar\u00e1 con un concierto del grupo &#8216;Ses Bubotes&#8217;, concluyendo, as\u00ed, una \u00abtradici\u00f3n arraigada a la ciudad\u00bb, ha explicado Comas.<\/p>\n<p>Por parte del Ayuntamiento, se han destacado las medidas de seguridad para el Correfoc como es la prohibici\u00f3n de pirotecnia particular, la importancia de vestir con ropa de algod\u00f3n, entre otras.<\/p>\n<p>CAMBIO EN LOS HORARIOS<\/p>\n<p>Como novedad, se ha subrayado el hecho de adelantar entre tres cuartos y una hora las actividades para que la fiesta no acabe tarde ya que el d\u00eda siguiente es laborable, una decisi\u00f3n que se espera que se vea reflejada en un aumento de la participaci\u00f3n ciudadana.<\/p>\n<p>Asimismo, el cartel es obra del artista Pep Suari, un hecho que \u00abevidencia la colaboraci\u00f3n entre los ciudadanos y el mundo del arte para reivindicar la fiesta con el apoyo del Ayuntamiento de Palma\u00bb, ha concluido Forteza.<\/p>\n","protected":false},"excerpt":{"rendered":"<p>El Ayuntamiento de Palma ha destinado un total de 18.278,81 euros a la fiesta de la noche de San Juan que tendr\u00e1 lugar el martes 23 en el Parc de la Mar (Palma de Mallorca), un presupuesto que se ha visto incrementado en 3.000 euros (17 por ciento) respecto al a\u00f1o anterior. Los datos han<\/p>\n","protected":false},"author":1,"featured_media":40310,"comment_status":"open","ping_status":"closed","sticky":false,"template":"","format":"standard","meta":{"footnotes":""},"categories":[222],"tags":[],"class_list":{"0":"post-40309","1":"post","2":"type-post","3":"status-publish","4":"format-standard","5":"has-post-thumbnail","7":"category-actualidad-turismo"},"aioseo_notices":[],"aioseo_head":"\n\t\t<!-- All in One SEO Pro 4.9.6.1 - aioseo.com -->\n\t<meta name=\"description\" content=\"El Ayuntamiento de Palma ha destinado un total de 18.278,81 euros a la fiesta de la noche de San Juan que tendr\u00e1 lugar el martes 23 en el Parc de la Mar (Palma de Mallorca), un presupuesto que se ha visto incrementado en 3.000 euros (17 por ciento) respecto al a\u00f1o anterior. Los datos han\" \/>\n\t<meta name=\"robots\" content=\"max-image-preview:large\" \/>\n\t<meta name=\"author\" content=\"admin\"\/>\n\t<meta name=\"google-site-verification\" content=\"UA-38556648-1\" \/>\n\t<meta name=\"keywords\" content=\"actualidad turismo\" \/>\n\t<link rel=\"canonical\" href=\"https:\/\/eldigitaldeasturias.com\/magazine365\/el-ayuntamiento-de-palma-destina-18-000-euros-a-la-noche-de-san-juan\/\" \/>\n\t<meta name=\"generator\" content=\"All in One SEO Pro (AIOSEO) 4.9.6.1\" \/>\n\t\t<meta property=\"og:locale\" content=\"es_ES\" \/>\n\t\t<meta property=\"og:site_name\" content=\"El Digital de Asturias \u2013 Revista de ocio, turismo y estilo de vida\" \/>\n\t\t<meta property=\"og:type\" content=\"article\" \/>\n\t\t<meta property=\"og:title\" content=\"El ayuntamiento de Palma destina 18.000 euros a la noche de San Juan | El Digital de Asturias\" \/>\n\t\t<meta property=\"og:description\" content=\"El Ayuntamiento de Palma ha destinado un total de 18.278,81 euros a la fiesta de la noche de San Juan que tendr\u00e1 lugar el martes 23 en el Parc de la Mar (Palma de Mallorca), un presupuesto que se ha visto incrementado en 3.000 euros (17 por ciento) respecto al a\u00f1o anterior. Los datos han\" \/>\n\t\t<meta property=\"og:url\" content=\"https:\/\/eldigitaldeasturias.com\/magazine365\/el-ayuntamiento-de-palma-destina-18-000-euros-a-la-noche-de-san-juan\/\" \/>\n\t\t<meta property=\"og:image\" content=\"https:\/\/eldigitaldeasturias.com\/magazine365\/wp-content\/uploads\/2015\/06\/fotonoticia_20150618135855_800.jpg\" \/>\n\t\t<meta property=\"og:image:secure_url\" content=\"https:\/\/eldigitaldeasturias.com\/magazine365\/wp-content\/uploads\/2015\/06\/fotonoticia_20150618135855_800.jpg\" \/>\n\t\t<meta property=\"og:image:width\" content=\"800\" \/>\n\t\t<meta property=\"og:image:height\" content=\"533\" \/>\n\t\t<meta property=\"article:published_time\" content=\"2015-06-19T04:25:00+00:00\" \/>\n\t\t<meta property=\"article:modified_time\" content=\"2015-06-19T04:25:00+00:00\" \/>\n\t\t<meta name=\"twitter:card\" content=\"summary_large_image\" \/>\n\t\t<meta name=\"twitter:title\" content=\"El ayuntamiento de Palma destina 18.000 euros a la noche de San Juan | El Digital de Asturias\" \/>\n\t\t<meta name=\"twitter:description\" content=\"El Ayuntamiento de Palma ha destinado un total de 18.278,81 euros a la fiesta de la noche de San Juan que tendr\u00e1 lugar el martes 23 en el Parc de la Mar (Palma de Mallorca), un presupuesto que se ha visto incrementado en 3.000 euros (17 por ciento) respecto al a\u00f1o anterior. Los datos han\" \/>\n\t\t<meta name=\"twitter:image\" content=\"https:\/\/eldigitaldeasturias.com\/magazine365\/wp-content\/uploads\/2015\/06\/fotonoticia_20150618135855_800.jpg\" \/>\n\t\t<script type=\"application\/ld+json\" class=\"aioseo-schema\">\n\t\t\t{\"@context\":\"https:\\\/\\\/schema.org\",\"@graph\":[{\"@type\":\"Article\",\"@id\":\"https:\\\/\\\/eldigitaldeasturias.com\\\/magazine365\\\/el-ayuntamiento-de-palma-destina-18-000-euros-a-la-noche-de-san-juan\\\/#article\",\"name\":\"El ayuntamiento de Palma destina 18.000 euros a la noche de San Juan | El Digital de Asturias\",\"headline\":\"El ayuntamiento de Palma destina 18.000 euros a la noche de San Juan\",\"author\":{\"@id\":\"https:\\\/\\\/eldigitaldeasturias.com\\\/magazine365\\\/author\\\/admin\\\/#author\"},\"publisher\":{\"@id\":\"https:\\\/\\\/eldigitaldeasturias.com\\\/magazine365\\\/#organization\"},\"image\":{\"@type\":\"ImageObject\",\"url\":\"https:\\\/\\\/eldigitaldeasturias.com\\\/magazine365\\\/wp-content\\\/uploads\\\/2015\\\/06\\\/fotonoticia_20150618135855_800.jpg\",\"width\":800,\"height\":533},\"datePublished\":\"2015-06-19T05:55:00+02:00\",\"dateModified\":\"2015-06-19T05:55:00+02:00\",\"inLanguage\":\"es-ES\",\"mainEntityOfPage\":{\"@id\":\"https:\\\/\\\/eldigitaldeasturias.com\\\/magazine365\\\/el-ayuntamiento-de-palma-destina-18-000-euros-a-la-noche-de-san-juan\\\/#webpage\"},\"isPartOf\":{\"@id\":\"https:\\\/\\\/eldigitaldeasturias.com\\\/magazine365\\\/el-ayuntamiento-de-palma-destina-18-000-euros-a-la-noche-de-san-juan\\\/#webpage\"},\"articleSection\":\"Actualidad Turismo\"},{\"@type\":\"BreadcrumbList\",\"@id\":\"https:\\\/\\\/eldigitaldeasturias.com\\\/magazine365\\\/el-ayuntamiento-de-palma-destina-18-000-euros-a-la-noche-de-san-juan\\\/#breadcrumblist\",\"itemListElement\":[{\"@type\":\"ListItem\",\"@id\":\"https:\\\/\\\/eldigitaldeasturias.com\\\/magazine365#listItem\",\"position\":1,\"name\":\"Home\",\"item\":\"https:\\\/\\\/eldigitaldeasturias.com\\\/magazine365\",\"nextItem\":{\"@type\":\"ListItem\",\"@id\":\"https:\\\/\\\/eldigitaldeasturias.com\\\/magazine365\\\/category\\\/actualidad-turismo\\\/#listItem\",\"name\":\"Actualidad Turismo\"}},{\"@type\":\"ListItem\",\"@id\":\"https:\\\/\\\/eldigitaldeasturias.com\\\/magazine365\\\/category\\\/actualidad-turismo\\\/#listItem\",\"position\":2,\"name\":\"Actualidad Turismo\",\"item\":\"https:\\\/\\\/eldigitaldeasturias.com\\\/magazine365\\\/category\\\/actualidad-turismo\\\/\",\"nextItem\":{\"@type\":\"ListItem\",\"@id\":\"https:\\\/\\\/eldigitaldeasturias.com\\\/magazine365\\\/el-ayuntamiento-de-palma-destina-18-000-euros-a-la-noche-de-san-juan\\\/#listItem\",\"name\":\"El ayuntamiento de Palma destina 18.000 euros a la noche de San Juan\"},\"previousItem\":{\"@type\":\"ListItem\",\"@id\":\"https:\\\/\\\/eldigitaldeasturias.com\\\/magazine365#listItem\",\"name\":\"Home\"}},{\"@type\":\"ListItem\",\"@id\":\"https:\\\/\\\/eldigitaldeasturias.com\\\/magazine365\\\/el-ayuntamiento-de-palma-destina-18-000-euros-a-la-noche-de-san-juan\\\/#listItem\",\"position\":3,\"name\":\"El ayuntamiento de Palma destina 18.000 euros a la noche de San Juan\",\"previousItem\":{\"@type\":\"ListItem\",\"@id\":\"https:\\\/\\\/eldigitaldeasturias.com\\\/magazine365\\\/category\\\/actualidad-turismo\\\/#listItem\",\"name\":\"Actualidad Turismo\"}}]},{\"@type\":\"Organization\",\"@id\":\"https:\\\/\\\/eldigitaldeasturias.com\\\/magazine365\\\/#organization\",\"name\":\"El digital de Asturias\",\"description\":\"Revista de ocio, turismo y estilo de vida\",\"url\":\"https:\\\/\\\/eldigitaldeasturias.com\\\/magazine365\\\/\",\"logo\":{\"@type\":\"ImageObject\",\"url\":\"https:\\\/\\\/www.eldigitaldeasturias.com\\\/noticias\\\/wp-content\\\/uploads\\\/2020\\\/12\\\/EDA.jpg\",\"@id\":\"https:\\\/\\\/eldigitaldeasturias.com\\\/magazine365\\\/el-ayuntamiento-de-palma-destina-18-000-euros-a-la-noche-de-san-juan\\\/#organizationLogo\"},\"image\":{\"@id\":\"https:\\\/\\\/eldigitaldeasturias.com\\\/magazine365\\\/el-ayuntamiento-de-palma-destina-18-000-euros-a-la-noche-de-san-juan\\\/#organizationLogo\"}},{\"@type\":\"Person\",\"@id\":\"https:\\\/\\\/eldigitaldeasturias.com\\\/magazine365\\\/author\\\/admin\\\/#author\",\"url\":\"https:\\\/\\\/eldigitaldeasturias.com\\\/magazine365\\\/author\\\/admin\\\/\",\"name\":\"admin\",\"image\":{\"@type\":\"ImageObject\",\"@id\":\"https:\\\/\\\/eldigitaldeasturias.com\\\/magazine365\\\/el-ayuntamiento-de-palma-destina-18-000-euros-a-la-noche-de-san-juan\\\/#authorImage\",\"url\":\"https:\\\/\\\/eldigitaldeasturias.com\\\/magazine365\\\/wp-content\\\/litespeed\\\/avatar\\\/e571bcf59a0edd6fa6838245a470f2fe.jpg?ver=1777574230\",\"width\":96,\"height\":96,\"caption\":\"admin\"}},{\"@type\":\"WebPage\",\"@id\":\"https:\\\/\\\/eldigitaldeasturias.com\\\/magazine365\\\/el-ayuntamiento-de-palma-destina-18-000-euros-a-la-noche-de-san-juan\\\/#webpage\",\"url\":\"https:\\\/\\\/eldigitaldeasturias.com\\\/magazine365\\\/el-ayuntamiento-de-palma-destina-18-000-euros-a-la-noche-de-san-juan\\\/\",\"name\":\"El ayuntamiento de Palma destina 18.000 euros a la noche de San Juan | El Digital de Asturias\",\"description\":\"El Ayuntamiento de Palma ha destinado un total de 18.278,81 euros a la fiesta de la noche de San Juan que tendr\\u00e1 lugar el martes 23 en el Parc de la Mar (Palma de Mallorca), un presupuesto que se ha visto incrementado en 3.000 euros (17 por ciento) respecto al a\\u00f1o anterior. Los datos han\",\"inLanguage\":\"es-ES\",\"isPartOf\":{\"@id\":\"https:\\\/\\\/eldigitaldeasturias.com\\\/magazine365\\\/#website\"},\"breadcrumb\":{\"@id\":\"https:\\\/\\\/eldigitaldeasturias.com\\\/magazine365\\\/el-ayuntamiento-de-palma-destina-18-000-euros-a-la-noche-de-san-juan\\\/#breadcrumblist\"},\"author\":{\"@id\":\"https:\\\/\\\/eldigitaldeasturias.com\\\/magazine365\\\/author\\\/admin\\\/#author\"},\"creator\":{\"@id\":\"https:\\\/\\\/eldigitaldeasturias.com\\\/magazine365\\\/author\\\/admin\\\/#author\"},\"image\":{\"@type\":\"ImageObject\",\"url\":\"https:\\\/\\\/eldigitaldeasturias.com\\\/magazine365\\\/wp-content\\\/uploads\\\/2015\\\/06\\\/fotonoticia_20150618135855_800.jpg\",\"@id\":\"https:\\\/\\\/eldigitaldeasturias.com\\\/magazine365\\\/el-ayuntamiento-de-palma-destina-18-000-euros-a-la-noche-de-san-juan\\\/#mainImage\",\"width\":800,\"height\":533},\"primaryImageOfPage\":{\"@id\":\"https:\\\/\\\/eldigitaldeasturias.com\\\/magazine365\\\/el-ayuntamiento-de-palma-destina-18-000-euros-a-la-noche-de-san-juan\\\/#mainImage\"},\"datePublished\":\"2015-06-19T05:55:00+02:00\",\"dateModified\":\"2015-06-19T05:55:00+02:00\"},{\"@type\":\"WebSite\",\"@id\":\"https:\\\/\\\/eldigitaldeasturias.com\\\/magazine365\\\/#website\",\"url\":\"https:\\\/\\\/eldigitaldeasturias.com\\\/magazine365\\\/\",\"name\":\"El Digital de Asturias\",\"description\":\"Revista de ocio, turismo y estilo de vida\",\"inLanguage\":\"es-ES\",\"publisher\":{\"@id\":\"https:\\\/\\\/eldigitaldeasturias.com\\\/magazine365\\\/#organization\"}}]}\n\t\t<\/script>\n\t\t<!-- All in One SEO Pro -->\r\n\t\t<title>El ayuntamiento de Palma destina 18.000 euros a la noche de San Juan | El Digital de Asturias<\/title>\n\n","aioseo_head_json":{"title":"El ayuntamiento de Palma destina 18.000 euros a la noche de San Juan | El Digital de Asturias","description":"El Ayuntamiento de Palma ha destinado un total de 18.278,81 euros a la fiesta de la noche de San Juan que tendr\u00e1 lugar el martes 23 en el Parc de la Mar (Palma de Mallorca), un presupuesto que se ha visto incrementado en 3.000 euros (17 por ciento) respecto al a\u00f1o anterior. Los datos han","canonical_url":"https:\/\/eldigitaldeasturias.com\/magazine365\/el-ayuntamiento-de-palma-destina-18-000-euros-a-la-noche-de-san-juan\/","robots":"max-image-preview:large","keywords":"actualidad turismo","webmasterTools":{"google-site-verification":"UA-38556648-1","miscellaneous":""},"schema":{"@context":"https:\/\/schema.org","@graph":[{"@type":"Article","@id":"https:\/\/eldigitaldeasturias.com\/magazine365\/el-ayuntamiento-de-palma-destina-18-000-euros-a-la-noche-de-san-juan\/#article","name":"El ayuntamiento de Palma destina 18.000 euros a la noche de San Juan | El Digital de Asturias","headline":"El ayuntamiento de Palma destina 18.000 euros a la noche de San Juan","author":{"@id":"https:\/\/eldigitaldeasturias.com\/magazine365\/author\/admin\/#author"},"publisher":{"@id":"https:\/\/eldigitaldeasturias.com\/magazine365\/#organization"},"image":{"@type":"ImageObject","url":"https:\/\/eldigitaldeasturias.com\/magazine365\/wp-content\/uploads\/2015\/06\/fotonoticia_20150618135855_800.jpg","width":800,"height":533},"datePublished":"2015-06-19T05:55:00+02:00","dateModified":"2015-06-19T05:55:00+02:00","inLanguage":"es-ES","mainEntityOfPage":{"@id":"https:\/\/eldigitaldeasturias.com\/magazine365\/el-ayuntamiento-de-palma-destina-18-000-euros-a-la-noche-de-san-juan\/#webpage"},"isPartOf":{"@id":"https:\/\/eldigitaldeasturias.com\/magazine365\/el-ayuntamiento-de-palma-destina-18-000-euros-a-la-noche-de-san-juan\/#webpage"},"articleSection":"Actualidad Turismo"},{"@type":"BreadcrumbList","@id":"https:\/\/eldigitaldeasturias.com\/magazine365\/el-ayuntamiento-de-palma-destina-18-000-euros-a-la-noche-de-san-juan\/#breadcrumblist","itemListElement":[{"@type":"ListItem","@id":"https:\/\/eldigitaldeasturias.com\/magazine365#listItem","position":1,"name":"Home","item":"https:\/\/eldigitaldeasturias.com\/magazine365","nextItem":{"@type":"ListItem","@id":"https:\/\/eldigitaldeasturias.com\/magazine365\/category\/actualidad-turismo\/#listItem","name":"Actualidad Turismo"}},{"@type":"ListItem","@id":"https:\/\/eldigitaldeasturias.com\/magazine365\/category\/actualidad-turismo\/#listItem","position":2,"name":"Actualidad Turismo","item":"https:\/\/eldigitaldeasturias.com\/magazine365\/category\/actualidad-turismo\/","nextItem":{"@type":"ListItem","@id":"https:\/\/eldigitaldeasturias.com\/magazine365\/el-ayuntamiento-de-palma-destina-18-000-euros-a-la-noche-de-san-juan\/#listItem","name":"El ayuntamiento de Palma destina 18.000 euros a la noche de San Juan"},"previousItem":{"@type":"ListItem","@id":"https:\/\/eldigitaldeasturias.com\/magazine365#listItem","name":"Home"}},{"@type":"ListItem","@id":"https:\/\/eldigitaldeasturias.com\/magazine365\/el-ayuntamiento-de-palma-destina-18-000-euros-a-la-noche-de-san-juan\/#listItem","position":3,"name":"El ayuntamiento de Palma destina 18.000 euros a la noche de San Juan","previousItem":{"@type":"ListItem","@id":"https:\/\/eldigitaldeasturias.com\/magazine365\/category\/actualidad-turismo\/#listItem","name":"Actualidad Turismo"}}]},{"@type":"Organization","@id":"https:\/\/eldigitaldeasturias.com\/magazine365\/#organization","name":"El digital de Asturias","description":"Revista de ocio, turismo y estilo de vida","url":"https:\/\/eldigitaldeasturias.com\/magazine365\/","logo":{"@type":"ImageObject","url":"https:\/\/www.eldigitaldeasturias.com\/noticias\/wp-content\/uploads\/2020\/12\/EDA.jpg","@id":"https:\/\/eldigitaldeasturias.com\/magazine365\/el-ayuntamiento-de-palma-destina-18-000-euros-a-la-noche-de-san-juan\/#organizationLogo"},"image":{"@id":"https:\/\/eldigitaldeasturias.com\/magazine365\/el-ayuntamiento-de-palma-destina-18-000-euros-a-la-noche-de-san-juan\/#organizationLogo"}},{"@type":"Person","@id":"https:\/\/eldigitaldeasturias.com\/magazine365\/author\/admin\/#author","url":"https:\/\/eldigitaldeasturias.com\/magazine365\/author\/admin\/","name":"admin","image":{"@type":"ImageObject","@id":"https:\/\/eldigitaldeasturias.com\/magazine365\/el-ayuntamiento-de-palma-destina-18-000-euros-a-la-noche-de-san-juan\/#authorImage","url":"https:\/\/eldigitaldeasturias.com\/magazine365\/wp-content\/litespeed\/avatar\/e571bcf59a0edd6fa6838245a470f2fe.jpg?ver=1777574230","width":96,"height":96,"caption":"admin"}},{"@type":"WebPage","@id":"https:\/\/eldigitaldeasturias.com\/magazine365\/el-ayuntamiento-de-palma-destina-18-000-euros-a-la-noche-de-san-juan\/#webpage","url":"https:\/\/eldigitaldeasturias.com\/magazine365\/el-ayuntamiento-de-palma-destina-18-000-euros-a-la-noche-de-san-juan\/","name":"El ayuntamiento de Palma destina 18.000 euros a la noche de San Juan | El Digital de Asturias","description":"El Ayuntamiento de Palma ha destinado un total de 18.278,81 euros a la fiesta de la noche de San Juan que tendr\u00e1 lugar el martes 23 en el Parc de la Mar (Palma de Mallorca), un presupuesto que se ha visto incrementado en 3.000 euros (17 por ciento) respecto al a\u00f1o anterior. Los datos han","inLanguage":"es-ES","isPartOf":{"@id":"https:\/\/eldigitaldeasturias.com\/magazine365\/#website"},"breadcrumb":{"@id":"https:\/\/eldigitaldeasturias.com\/magazine365\/el-ayuntamiento-de-palma-destina-18-000-euros-a-la-noche-de-san-juan\/#breadcrumblist"},"author":{"@id":"https:\/\/eldigitaldeasturias.com\/magazine365\/author\/admin\/#author"},"creator":{"@id":"https:\/\/eldigitaldeasturias.com\/magazine365\/author\/admin\/#author"},"image":{"@type":"ImageObject","url":"https:\/\/eldigitaldeasturias.com\/magazine365\/wp-content\/uploads\/2015\/06\/fotonoticia_20150618135855_800.jpg","@id":"https:\/\/eldigitaldeasturias.com\/magazine365\/el-ayuntamiento-de-palma-destina-18-000-euros-a-la-noche-de-san-juan\/#mainImage","width":800,"height":533},"primaryImageOfPage":{"@id":"https:\/\/eldigitaldeasturias.com\/magazine365\/el-ayuntamiento-de-palma-destina-18-000-euros-a-la-noche-de-san-juan\/#mainImage"},"datePublished":"2015-06-19T05:55:00+02:00","dateModified":"2015-06-19T05:55:00+02:00"},{"@type":"WebSite","@id":"https:\/\/eldigitaldeasturias.com\/magazine365\/#website","url":"https:\/\/eldigitaldeasturias.com\/magazine365\/","name":"El Digital de Asturias","description":"Revista de ocio, turismo y estilo de vida","inLanguage":"es-ES","publisher":{"@id":"https:\/\/eldigitaldeasturias.com\/magazine365\/#organization"}}]},"og:locale":"es_ES","og:site_name":"El Digital de Asturias \u2013 Revista de ocio, turismo y estilo de vida","og:type":"article","og:title":"El ayuntamiento de Palma destina 18.000 euros a la noche de San Juan | El Digital de Asturias","og:description":"El Ayuntamiento de Palma ha destinado un total de 18.278,81 euros a la fiesta de la noche de San Juan que tendr\u00e1 lugar el martes 23 en el Parc de la Mar (Palma de Mallorca), un presupuesto que se ha visto incrementado en 3.000 euros (17 por ciento) respecto al a\u00f1o anterior. Los datos han","og:url":"https:\/\/eldigitaldeasturias.com\/magazine365\/el-ayuntamiento-de-palma-destina-18-000-euros-a-la-noche-de-san-juan\/","og:image":"https:\/\/eldigitaldeasturias.com\/magazine365\/wp-content\/uploads\/2015\/06\/fotonoticia_20150618135855_800.jpg","og:image:secure_url":"https:\/\/eldigitaldeasturias.com\/magazine365\/wp-content\/uploads\/2015\/06\/fotonoticia_20150618135855_800.jpg","og:image:width":800,"og:image:height":533,"article:published_time":"2015-06-19T04:25:00+00:00","article:modified_time":"2015-06-19T04:25:00+00:00","twitter:card":"summary_large_image","twitter:title":"El ayuntamiento de Palma destina 18.000 euros a la noche de San Juan | El Digital de Asturias","twitter:description":"El Ayuntamiento de Palma ha destinado un total de 18.278,81 euros a la fiesta de la noche de San Juan que tendr\u00e1 lugar el martes 23 en el Parc de la Mar (Palma de Mallorca), un presupuesto que se ha visto incrementado en 3.000 euros (17 por ciento) respecto al a\u00f1o anterior. Los datos han","twitter:image":"https:\/\/eldigitaldeasturias.com\/magazine365\/wp-content\/uploads\/2015\/06\/fotonoticia_20150618135855_800.jpg"},"aioseo_meta_data":{"post_id":"40309","title":null,"description":null,"keywords":null,"keyphrases":null,"primary_term":null,"canonical_url":null,"og_title":null,"og_description":null,"og_object_type":"default","og_image_type":"default","og_image_url":null,"og_image_width":null,"og_image_height":null,"og_image_custom_url":null,"og_image_custom_fields":null,"og_video":null,"og_custom_url":null,"og_article_section":null,"og_article_tags":null,"twitter_use_og":false,"twitter_card":"default","twitter_image_type":"default","twitter_image_url":null,"twitter_image_custom_url":null,"twitter_image_custom_fields":null,"twitter_title":null,"twitter_description":null,"schema":{"blockGraphs":[],"customGraphs":[],"default":{"data":{"Article":[],"Course":[],"Dataset":[],"FAQPage":[],"Movie":[],"Person":[],"Product":[],"ProductReview":[],"Car":[],"Recipe":[],"Service":[],"SoftwareApplication":[],"WebPage":[]},"graphName":"","isEnabled":true},"graphs":[],"defaultGraph":"","defaultPostTypeGraph":""},"schema_type":null,"schema_type_options":null,"pillar_content":false,"robots_default":true,"robots_noindex":false,"robots_noarchive":false,"robots_nosnippet":false,"robots_nofollow":false,"robots_noimageindex":false,"robots_noodp":false,"robots_notranslate":false,"robots_max_snippet":null,"robots_max_videopreview":null,"robots_max_imagepreview":"large","priority":null,"frequency":null,"location":null,"local_seo":null,"seo_analyzer_scan_date":"2025-09-19 13:18:57","breadcrumb_settings":null,"limit_modified_date":false,"open_ai":null,"ai":null,"created":"2021-03-09 02:30:21","updated":"2025-09-19 13:18:57"},"aioseo_breadcrumb":"<div class=\"aioseo-breadcrumbs\"><span class=\"aioseo-breadcrumb\">\n\t<a href=\"https:\/\/eldigitaldeasturias.com\/magazine365\" title=\"Home\">Home<\/a>\n<\/span><span class=\"aioseo-breadcrumb-separator\">\u2013<\/span><span class=\"aioseo-breadcrumb\">\n\t<a href=\"https:\/\/eldigitaldeasturias.com\/magazine365\/category\/actualidad-turismo\/\" title=\"Actualidad Turismo\">Actualidad Turismo<\/a>\n<\/span><span class=\"aioseo-breadcrumb-separator\">\u2013<\/span><span class=\"aioseo-breadcrumb\">\n\t<a href=\"https:\/\/eldigitaldeasturias.com\/magazine365\/el-ayuntamiento-de-palma-destina-18-000-euros-a-la-noche-de-san-juan\/\" title=\"El ayuntamiento de Palma destina 18.000 euros a la noche de San Juan\">El ayuntamiento de Palma destina 18.000 euros a la noche de San Juan<\/a>\n<\/span><\/div>","aioseo_breadcrumb_json":[{"label":"Home","link":"https:\/\/eldigitaldeasturias.com\/magazine365"},{"label":"Actualidad Turismo","link":"https:\/\/eldigitaldeasturias.com\/magazine365\/category\/actualidad-turismo\/"},{"label":"El ayuntamiento de Palma destina 18.000 euros a la noche de San Juan","link":"https:\/\/eldigitaldeasturias.com\/magazine365\/el-ayuntamiento-de-palma-destina-18-000-euros-a-la-noche-de-san-juan\/"}],"_links":{"self":[{"href":"https:\/\/eldigitaldeasturias.com\/magazine365\/wp-json\/wp\/v2\/posts\/40309","targetHints":{"allow":["GET"]}}],"collection":[{"href":"https:\/\/eldigitaldeasturias.com\/magazine365\/wp-json\/wp\/v2\/posts"}],"about":[{"href":"https:\/\/eldigitaldeasturias.com\/magazine365\/wp-json\/wp\/v2\/types\/post"}],"author":[{"embeddable":true,"href":"https:\/\/eldigitaldeasturias.com\/magazine365\/wp-json\/wp\/v2\/users\/1"}],"replies":[{"embeddable":true,"href":"https:\/\/eldigitaldeasturias.com\/magazine365\/wp-json\/wp\/v2\/comments?post=40309"}],"version-history":[{"count":0,"href":"https:\/\/eldigitaldeasturias.com\/magazine365\/wp-json\/wp\/v2\/posts\/40309\/revisions"}],"wp:featuredmedia":[{"embeddable":true,"href":"https:\/\/eldigitaldeasturias.com\/magazine365\/wp-json\/wp\/v2\/media\/40310"}],"wp:attachment":[{"href":"https:\/\/eldigitaldeasturias.com\/magazine365\/wp-json\/wp\/v2\/media?parent=40309"}],"wp:term":[{"taxonomy":"category","embeddable":true,"href":"https:\/\/eldigitaldeasturias.com\/magazine365\/wp-json\/wp\/v2\/categories?post=40309"},{"taxonomy":"post_tag","embeddable":true,"href":"https:\/\/eldigitaldeasturias.com\/magazine365\/wp-json\/wp\/v2\/tags?post=40309"}],"curies":[{"name":"wp","href":"https:\/\/api.w.org\/{rel}","templated":true}]}}