{"id":40306,"date":"2015-06-19T05:49:43","date_gmt":"2015-06-19T04:19:43","guid":{"rendered":"http:\/\/eldigitaldeasturias.com\/magazine365\/?p=40306"},"modified":"2015-06-19T05:49:43","modified_gmt":"2015-06-19T04:19:43","slug":"swiss-presenta-su-avion-cs100-en-el-aeropuerto-de-zurich","status":"publish","type":"post","link":"https:\/\/eldigitaldeasturias.com\/magazine365\/swiss-presenta-su-avion-cs100-en-el-aeropuerto-de-zurich\/","title":{"rendered":"Swiss presenta su avi\u00f3n CS100 en el aeropuerto de Zurich"},"content":{"rendered":"<p><img fetchpriority=\"high\" decoding=\"async\" class=\"alignleft size-medium wp-image-40307\" src=\"https:\/\/eldigitaldeasturias.com\/magazine365\/wp-content\/uploads\/2015\/06\/fotonoticia_20150618134251_800-360x240.jpg\" alt=\"fotonoticia_20150618134251_800\" width=\"360\" height=\"240\" srcset=\"https:\/\/eldigitaldeasturias.com\/magazine365\/wp-content\/uploads\/2015\/06\/fotonoticia_20150618134251_800-360x240.jpg 360w, https:\/\/eldigitaldeasturias.com\/magazine365\/wp-content\/uploads\/2015\/06\/fotonoticia_20150618134251_800-650x434.jpg 650w, https:\/\/eldigitaldeasturias.com\/magazine365\/wp-content\/uploads\/2015\/06\/fotonoticia_20150618134251_800-768x513.jpg 768w, https:\/\/eldigitaldeasturias.com\/magazine365\/wp-content\/uploads\/2015\/06\/fotonoticia_20150618134251_800-150x100.jpg 150w, https:\/\/eldigitaldeasturias.com\/magazine365\/wp-content\/uploads\/2015\/06\/fotonoticia_20150618134251_800-450x300.jpg 450w, https:\/\/eldigitaldeasturias.com\/magazine365\/wp-content\/uploads\/2015\/06\/fotonoticia_20150618134251_800-696x465.jpg 696w, https:\/\/eldigitaldeasturias.com\/magazine365\/wp-content\/uploads\/2015\/06\/fotonoticia_20150618134251_800-629x420.jpg 629w, https:\/\/eldigitaldeasturias.com\/magazine365\/wp-content\/uploads\/2015\/06\/fotonoticia_20150618134251_800-84x55.jpg 84w, https:\/\/eldigitaldeasturias.com\/magazine365\/wp-content\/uploads\/2015\/06\/fotonoticia_20150618134251_800.jpg 800w\" sizes=\"(max-width: 360px) 100vw, 360px\" \/>La aerol\u00ednea suiza Swiss mostr\u00f3 su nuevo avi\u00f3n CS100 que aterriz\u00f3 en el aeropuerto de Zurich y cuya primera entrega est\u00e1 prevista para mediados del pr\u00f3ximo a\u00f1o, seg\u00fan inform\u00f3 la empresa a\u00e9rea en un comunicado.<\/p>\n<p>El pr\u00f3ximo viernes por la ma\u00f1ana, el CS100 despegar\u00e1 desde el aeropuerto de Zurich tras su llegada a las 19:16 horas del pasado mi\u00e9rcoles a la urbe suiza.<\/p>\n<p>La aeronave de la fabricante Bombardier operar\u00e1 las rutas de corto y medio radio de la red europea y cuenta con ventajas como el bajo nivel de ruido, la eficiencia en consumo de combustible y la comodidad durante el vuelo.<\/p>\n<p>Swiss ha encargado a Bombardier un total de 30 aviones de la familia CSeries, diez de los cuales son CS100 y otros diez del CS300, de mayor capacidad. En los pr\u00f3ximos dos a\u00f1os, el modelo CS100 volar\u00e1 en 150 nuevas rutas y rejuvenecer\u00e1 la flota de la a\u00e9rea europea.<\/p>\n<p>La compa\u00f1\u00eda tambi\u00e9n dio a conocer las novedades del dise\u00f1o en cabina, con espacios m\u00e1s amplios y nuevos asientos fabricados por ZIM.<\/p>\n","protected":false},"excerpt":{"rendered":"<p>La aerol\u00ednea suiza Swiss mostr\u00f3 su nuevo avi\u00f3n CS100 que aterriz\u00f3 en el aeropuerto de Zurich y cuya primera entrega est\u00e1 prevista para mediados del pr\u00f3ximo a\u00f1o, seg\u00fan inform\u00f3 la empresa a\u00e9rea en un comunicado. El pr\u00f3ximo viernes por la ma\u00f1ana, el CS100 despegar\u00e1 desde el aeropuerto de Zurich tras su llegada a las 19:16<\/p>\n","protected":false},"author":1,"featured_media":40307,"comment_status":"open","ping_status":"closed","sticky":false,"template":"","format":"standard","meta":{"footnotes":""},"categories":[222],"tags":[],"class_list":{"0":"post-40306","1":"post","2":"type-post","3":"status-publish","4":"format-standard","5":"has-post-thumbnail","7":"category-actualidad-turismo"},"aioseo_notices":[],"aioseo_head":"\n\t\t<!-- All in One SEO Pro 4.9.6.1 - aioseo.com -->\n\t<meta name=\"description\" content=\"La aerol\u00ednea suiza Swiss mostr\u00f3 su nuevo avi\u00f3n CS100 que aterriz\u00f3 en el aeropuerto de Zurich y cuya primera entrega est\u00e1 prevista para mediados del pr\u00f3ximo a\u00f1o, seg\u00fan inform\u00f3 la empresa a\u00e9rea en un comunicado. El pr\u00f3ximo viernes por la ma\u00f1ana, el CS100 despegar\u00e1 desde el aeropuerto de Zurich tras su llegada a las 19:16\" \/>\n\t<meta name=\"robots\" content=\"max-image-preview:large\" \/>\n\t<meta name=\"author\" content=\"admin\"\/>\n\t<meta name=\"google-site-verification\" content=\"UA-38556648-1\" \/>\n\t<meta name=\"keywords\" content=\"actualidad turismo\" \/>\n\t<link rel=\"canonical\" href=\"https:\/\/eldigitaldeasturias.com\/magazine365\/swiss-presenta-su-avion-cs100-en-el-aeropuerto-de-zurich\/\" \/>\n\t<meta name=\"generator\" content=\"All in One SEO Pro (AIOSEO) 4.9.6.1\" \/>\n\t\t<meta property=\"og:locale\" content=\"es_ES\" \/>\n\t\t<meta property=\"og:site_name\" content=\"El Digital de Asturias \u2013 Revista de ocio, turismo y estilo de vida\" \/>\n\t\t<meta property=\"og:type\" content=\"article\" \/>\n\t\t<meta property=\"og:title\" content=\"Swiss presenta su avi\u00f3n CS100 en el aeropuerto de Zurich | El Digital de Asturias\" \/>\n\t\t<meta property=\"og:description\" content=\"La aerol\u00ednea suiza Swiss mostr\u00f3 su nuevo avi\u00f3n CS100 que aterriz\u00f3 en el aeropuerto de Zurich y cuya primera entrega est\u00e1 prevista para mediados del pr\u00f3ximo a\u00f1o, seg\u00fan inform\u00f3 la empresa a\u00e9rea en un comunicado. El pr\u00f3ximo viernes por la ma\u00f1ana, el CS100 despegar\u00e1 desde el aeropuerto de Zurich tras su llegada a las 19:16\" \/>\n\t\t<meta property=\"og:url\" content=\"https:\/\/eldigitaldeasturias.com\/magazine365\/swiss-presenta-su-avion-cs100-en-el-aeropuerto-de-zurich\/\" \/>\n\t\t<meta property=\"og:image\" content=\"https:\/\/eldigitaldeasturias.com\/magazine365\/wp-content\/uploads\/2015\/06\/fotonoticia_20150618134251_800.jpg\" \/>\n\t\t<meta property=\"og:image:secure_url\" content=\"https:\/\/eldigitaldeasturias.com\/magazine365\/wp-content\/uploads\/2015\/06\/fotonoticia_20150618134251_800.jpg\" \/>\n\t\t<meta property=\"og:image:width\" content=\"800\" \/>\n\t\t<meta property=\"og:image:height\" content=\"534\" \/>\n\t\t<meta property=\"article:published_time\" content=\"2015-06-19T04:19:43+00:00\" \/>\n\t\t<meta property=\"article:modified_time\" content=\"2015-06-19T04:19:43+00:00\" \/>\n\t\t<meta name=\"twitter:card\" content=\"summary_large_image\" \/>\n\t\t<meta name=\"twitter:title\" content=\"Swiss presenta su avi\u00f3n CS100 en el aeropuerto de Zurich | El Digital de Asturias\" \/>\n\t\t<meta name=\"twitter:description\" content=\"La aerol\u00ednea suiza Swiss mostr\u00f3 su nuevo avi\u00f3n CS100 que aterriz\u00f3 en el aeropuerto de Zurich y cuya primera entrega est\u00e1 prevista para mediados del pr\u00f3ximo a\u00f1o, seg\u00fan inform\u00f3 la empresa a\u00e9rea en un comunicado. El pr\u00f3ximo viernes por la ma\u00f1ana, el CS100 despegar\u00e1 desde el aeropuerto de Zurich tras su llegada a las 19:16\" \/>\n\t\t<meta name=\"twitter:image\" content=\"https:\/\/eldigitaldeasturias.com\/magazine365\/wp-content\/uploads\/2015\/06\/fotonoticia_20150618134251_800.jpg\" \/>\n\t\t<script type=\"application\/ld+json\" class=\"aioseo-schema\">\n\t\t\t{\"@context\":\"https:\\\/\\\/schema.org\",\"@graph\":[{\"@type\":\"Article\",\"@id\":\"https:\\\/\\\/eldigitaldeasturias.com\\\/magazine365\\\/swiss-presenta-su-avion-cs100-en-el-aeropuerto-de-zurich\\\/#article\",\"name\":\"Swiss presenta su avi\\u00f3n CS100 en el aeropuerto de Zurich | El Digital de Asturias\",\"headline\":\"Swiss presenta su avi\\u00f3n CS100 en el aeropuerto de Zurich\",\"author\":{\"@id\":\"https:\\\/\\\/eldigitaldeasturias.com\\\/magazine365\\\/author\\\/admin\\\/#author\"},\"publisher\":{\"@id\":\"https:\\\/\\\/eldigitaldeasturias.com\\\/magazine365\\\/#organization\"},\"image\":{\"@type\":\"ImageObject\",\"url\":\"https:\\\/\\\/eldigitaldeasturias.com\\\/magazine365\\\/wp-content\\\/uploads\\\/2015\\\/06\\\/fotonoticia_20150618134251_800.jpg\",\"width\":800,\"height\":534},\"datePublished\":\"2015-06-19T05:49:43+02:00\",\"dateModified\":\"2015-06-19T05:49:43+02:00\",\"inLanguage\":\"es-ES\",\"mainEntityOfPage\":{\"@id\":\"https:\\\/\\\/eldigitaldeasturias.com\\\/magazine365\\\/swiss-presenta-su-avion-cs100-en-el-aeropuerto-de-zurich\\\/#webpage\"},\"isPartOf\":{\"@id\":\"https:\\\/\\\/eldigitaldeasturias.com\\\/magazine365\\\/swiss-presenta-su-avion-cs100-en-el-aeropuerto-de-zurich\\\/#webpage\"},\"articleSection\":\"Actualidad Turismo\"},{\"@type\":\"BreadcrumbList\",\"@id\":\"https:\\\/\\\/eldigitaldeasturias.com\\\/magazine365\\\/swiss-presenta-su-avion-cs100-en-el-aeropuerto-de-zurich\\\/#breadcrumblist\",\"itemListElement\":[{\"@type\":\"ListItem\",\"@id\":\"https:\\\/\\\/eldigitaldeasturias.com\\\/magazine365#listItem\",\"position\":1,\"name\":\"Home\",\"item\":\"https:\\\/\\\/eldigitaldeasturias.com\\\/magazine365\",\"nextItem\":{\"@type\":\"ListItem\",\"@id\":\"https:\\\/\\\/eldigitaldeasturias.com\\\/magazine365\\\/category\\\/actualidad-turismo\\\/#listItem\",\"name\":\"Actualidad Turismo\"}},{\"@type\":\"ListItem\",\"@id\":\"https:\\\/\\\/eldigitaldeasturias.com\\\/magazine365\\\/category\\\/actualidad-turismo\\\/#listItem\",\"position\":2,\"name\":\"Actualidad Turismo\",\"item\":\"https:\\\/\\\/eldigitaldeasturias.com\\\/magazine365\\\/category\\\/actualidad-turismo\\\/\",\"nextItem\":{\"@type\":\"ListItem\",\"@id\":\"https:\\\/\\\/eldigitaldeasturias.com\\\/magazine365\\\/swiss-presenta-su-avion-cs100-en-el-aeropuerto-de-zurich\\\/#listItem\",\"name\":\"Swiss presenta su avi\\u00f3n CS100 en el aeropuerto de Zurich\"},\"previousItem\":{\"@type\":\"ListItem\",\"@id\":\"https:\\\/\\\/eldigitaldeasturias.com\\\/magazine365#listItem\",\"name\":\"Home\"}},{\"@type\":\"ListItem\",\"@id\":\"https:\\\/\\\/eldigitaldeasturias.com\\\/magazine365\\\/swiss-presenta-su-avion-cs100-en-el-aeropuerto-de-zurich\\\/#listItem\",\"position\":3,\"name\":\"Swiss presenta su avi\\u00f3n CS100 en el aeropuerto de Zurich\",\"previousItem\":{\"@type\":\"ListItem\",\"@id\":\"https:\\\/\\\/eldigitaldeasturias.com\\\/magazine365\\\/category\\\/actualidad-turismo\\\/#listItem\",\"name\":\"Actualidad Turismo\"}}]},{\"@type\":\"Organization\",\"@id\":\"https:\\\/\\\/eldigitaldeasturias.com\\\/magazine365\\\/#organization\",\"name\":\"El digital de Asturias\",\"description\":\"Revista de ocio, turismo y estilo de vida\",\"url\":\"https:\\\/\\\/eldigitaldeasturias.com\\\/magazine365\\\/\",\"logo\":{\"@type\":\"ImageObject\",\"url\":\"https:\\\/\\\/www.eldigitaldeasturias.com\\\/noticias\\\/wp-content\\\/uploads\\\/2020\\\/12\\\/EDA.jpg\",\"@id\":\"https:\\\/\\\/eldigitaldeasturias.com\\\/magazine365\\\/swiss-presenta-su-avion-cs100-en-el-aeropuerto-de-zurich\\\/#organizationLogo\"},\"image\":{\"@id\":\"https:\\\/\\\/eldigitaldeasturias.com\\\/magazine365\\\/swiss-presenta-su-avion-cs100-en-el-aeropuerto-de-zurich\\\/#organizationLogo\"}},{\"@type\":\"Person\",\"@id\":\"https:\\\/\\\/eldigitaldeasturias.com\\\/magazine365\\\/author\\\/admin\\\/#author\",\"url\":\"https:\\\/\\\/eldigitaldeasturias.com\\\/magazine365\\\/author\\\/admin\\\/\",\"name\":\"admin\",\"image\":{\"@type\":\"ImageObject\",\"@id\":\"https:\\\/\\\/eldigitaldeasturias.com\\\/magazine365\\\/swiss-presenta-su-avion-cs100-en-el-aeropuerto-de-zurich\\\/#authorImage\",\"url\":\"https:\\\/\\\/eldigitaldeasturias.com\\\/magazine365\\\/wp-content\\\/litespeed\\\/avatar\\\/e571bcf59a0edd6fa6838245a470f2fe.jpg?ver=1777574230\",\"width\":96,\"height\":96,\"caption\":\"admin\"}},{\"@type\":\"WebPage\",\"@id\":\"https:\\\/\\\/eldigitaldeasturias.com\\\/magazine365\\\/swiss-presenta-su-avion-cs100-en-el-aeropuerto-de-zurich\\\/#webpage\",\"url\":\"https:\\\/\\\/eldigitaldeasturias.com\\\/magazine365\\\/swiss-presenta-su-avion-cs100-en-el-aeropuerto-de-zurich\\\/\",\"name\":\"Swiss presenta su avi\\u00f3n CS100 en el aeropuerto de Zurich | El Digital de Asturias\",\"description\":\"La aerol\\u00ednea suiza Swiss mostr\\u00f3 su nuevo avi\\u00f3n CS100 que aterriz\\u00f3 en el aeropuerto de Zurich y cuya primera entrega est\\u00e1 prevista para mediados del pr\\u00f3ximo a\\u00f1o, seg\\u00fan inform\\u00f3 la empresa a\\u00e9rea en un comunicado. El pr\\u00f3ximo viernes por la ma\\u00f1ana, el CS100 despegar\\u00e1 desde el aeropuerto de Zurich tras su llegada a las 19:16\",\"inLanguage\":\"es-ES\",\"isPartOf\":{\"@id\":\"https:\\\/\\\/eldigitaldeasturias.com\\\/magazine365\\\/#website\"},\"breadcrumb\":{\"@id\":\"https:\\\/\\\/eldigitaldeasturias.com\\\/magazine365\\\/swiss-presenta-su-avion-cs100-en-el-aeropuerto-de-zurich\\\/#breadcrumblist\"},\"author\":{\"@id\":\"https:\\\/\\\/eldigitaldeasturias.com\\\/magazine365\\\/author\\\/admin\\\/#author\"},\"creator\":{\"@id\":\"https:\\\/\\\/eldigitaldeasturias.com\\\/magazine365\\\/author\\\/admin\\\/#author\"},\"image\":{\"@type\":\"ImageObject\",\"url\":\"https:\\\/\\\/eldigitaldeasturias.com\\\/magazine365\\\/wp-content\\\/uploads\\\/2015\\\/06\\\/fotonoticia_20150618134251_800.jpg\",\"@id\":\"https:\\\/\\\/eldigitaldeasturias.com\\\/magazine365\\\/swiss-presenta-su-avion-cs100-en-el-aeropuerto-de-zurich\\\/#mainImage\",\"width\":800,\"height\":534},\"primaryImageOfPage\":{\"@id\":\"https:\\\/\\\/eldigitaldeasturias.com\\\/magazine365\\\/swiss-presenta-su-avion-cs100-en-el-aeropuerto-de-zurich\\\/#mainImage\"},\"datePublished\":\"2015-06-19T05:49:43+02:00\",\"dateModified\":\"2015-06-19T05:49:43+02:00\"},{\"@type\":\"WebSite\",\"@id\":\"https:\\\/\\\/eldigitaldeasturias.com\\\/magazine365\\\/#website\",\"url\":\"https:\\\/\\\/eldigitaldeasturias.com\\\/magazine365\\\/\",\"name\":\"El Digital de Asturias\",\"description\":\"Revista de ocio, turismo y estilo de vida\",\"inLanguage\":\"es-ES\",\"publisher\":{\"@id\":\"https:\\\/\\\/eldigitaldeasturias.com\\\/magazine365\\\/#organization\"}}]}\n\t\t<\/script>\n\t\t<!-- All in One SEO Pro -->\r\n\t\t<title>Swiss presenta su avi\u00f3n CS100 en el aeropuerto de Zurich | El Digital de Asturias<\/title>\n\n","aioseo_head_json":{"title":"Swiss presenta su avi\u00f3n CS100 en el aeropuerto de Zurich | El Digital de Asturias","description":"La aerol\u00ednea suiza Swiss mostr\u00f3 su nuevo avi\u00f3n CS100 que aterriz\u00f3 en el aeropuerto de Zurich y cuya primera entrega est\u00e1 prevista para mediados del pr\u00f3ximo a\u00f1o, seg\u00fan inform\u00f3 la empresa a\u00e9rea en un comunicado. El pr\u00f3ximo viernes por la ma\u00f1ana, el CS100 despegar\u00e1 desde el aeropuerto de Zurich tras su llegada a las 19:16","canonical_url":"https:\/\/eldigitaldeasturias.com\/magazine365\/swiss-presenta-su-avion-cs100-en-el-aeropuerto-de-zurich\/","robots":"max-image-preview:large","keywords":"actualidad turismo","webmasterTools":{"google-site-verification":"UA-38556648-1","miscellaneous":""},"schema":{"@context":"https:\/\/schema.org","@graph":[{"@type":"Article","@id":"https:\/\/eldigitaldeasturias.com\/magazine365\/swiss-presenta-su-avion-cs100-en-el-aeropuerto-de-zurich\/#article","name":"Swiss presenta su avi\u00f3n CS100 en el aeropuerto de Zurich | El Digital de Asturias","headline":"Swiss presenta su avi\u00f3n CS100 en el aeropuerto de Zurich","author":{"@id":"https:\/\/eldigitaldeasturias.com\/magazine365\/author\/admin\/#author"},"publisher":{"@id":"https:\/\/eldigitaldeasturias.com\/magazine365\/#organization"},"image":{"@type":"ImageObject","url":"https:\/\/eldigitaldeasturias.com\/magazine365\/wp-content\/uploads\/2015\/06\/fotonoticia_20150618134251_800.jpg","width":800,"height":534},"datePublished":"2015-06-19T05:49:43+02:00","dateModified":"2015-06-19T05:49:43+02:00","inLanguage":"es-ES","mainEntityOfPage":{"@id":"https:\/\/eldigitaldeasturias.com\/magazine365\/swiss-presenta-su-avion-cs100-en-el-aeropuerto-de-zurich\/#webpage"},"isPartOf":{"@id":"https:\/\/eldigitaldeasturias.com\/magazine365\/swiss-presenta-su-avion-cs100-en-el-aeropuerto-de-zurich\/#webpage"},"articleSection":"Actualidad Turismo"},{"@type":"BreadcrumbList","@id":"https:\/\/eldigitaldeasturias.com\/magazine365\/swiss-presenta-su-avion-cs100-en-el-aeropuerto-de-zurich\/#breadcrumblist","itemListElement":[{"@type":"ListItem","@id":"https:\/\/eldigitaldeasturias.com\/magazine365#listItem","position":1,"name":"Home","item":"https:\/\/eldigitaldeasturias.com\/magazine365","nextItem":{"@type":"ListItem","@id":"https:\/\/eldigitaldeasturias.com\/magazine365\/category\/actualidad-turismo\/#listItem","name":"Actualidad Turismo"}},{"@type":"ListItem","@id":"https:\/\/eldigitaldeasturias.com\/magazine365\/category\/actualidad-turismo\/#listItem","position":2,"name":"Actualidad Turismo","item":"https:\/\/eldigitaldeasturias.com\/magazine365\/category\/actualidad-turismo\/","nextItem":{"@type":"ListItem","@id":"https:\/\/eldigitaldeasturias.com\/magazine365\/swiss-presenta-su-avion-cs100-en-el-aeropuerto-de-zurich\/#listItem","name":"Swiss presenta su avi\u00f3n CS100 en el aeropuerto de Zurich"},"previousItem":{"@type":"ListItem","@id":"https:\/\/eldigitaldeasturias.com\/magazine365#listItem","name":"Home"}},{"@type":"ListItem","@id":"https:\/\/eldigitaldeasturias.com\/magazine365\/swiss-presenta-su-avion-cs100-en-el-aeropuerto-de-zurich\/#listItem","position":3,"name":"Swiss presenta su avi\u00f3n CS100 en el aeropuerto de Zurich","previousItem":{"@type":"ListItem","@id":"https:\/\/eldigitaldeasturias.com\/magazine365\/category\/actualidad-turismo\/#listItem","name":"Actualidad Turismo"}}]},{"@type":"Organization","@id":"https:\/\/eldigitaldeasturias.com\/magazine365\/#organization","name":"El digital de Asturias","description":"Revista de ocio, turismo y estilo de vida","url":"https:\/\/eldigitaldeasturias.com\/magazine365\/","logo":{"@type":"ImageObject","url":"https:\/\/www.eldigitaldeasturias.com\/noticias\/wp-content\/uploads\/2020\/12\/EDA.jpg","@id":"https:\/\/eldigitaldeasturias.com\/magazine365\/swiss-presenta-su-avion-cs100-en-el-aeropuerto-de-zurich\/#organizationLogo"},"image":{"@id":"https:\/\/eldigitaldeasturias.com\/magazine365\/swiss-presenta-su-avion-cs100-en-el-aeropuerto-de-zurich\/#organizationLogo"}},{"@type":"Person","@id":"https:\/\/eldigitaldeasturias.com\/magazine365\/author\/admin\/#author","url":"https:\/\/eldigitaldeasturias.com\/magazine365\/author\/admin\/","name":"admin","image":{"@type":"ImageObject","@id":"https:\/\/eldigitaldeasturias.com\/magazine365\/swiss-presenta-su-avion-cs100-en-el-aeropuerto-de-zurich\/#authorImage","url":"https:\/\/eldigitaldeasturias.com\/magazine365\/wp-content\/litespeed\/avatar\/e571bcf59a0edd6fa6838245a470f2fe.jpg?ver=1777574230","width":96,"height":96,"caption":"admin"}},{"@type":"WebPage","@id":"https:\/\/eldigitaldeasturias.com\/magazine365\/swiss-presenta-su-avion-cs100-en-el-aeropuerto-de-zurich\/#webpage","url":"https:\/\/eldigitaldeasturias.com\/magazine365\/swiss-presenta-su-avion-cs100-en-el-aeropuerto-de-zurich\/","name":"Swiss presenta su avi\u00f3n CS100 en el aeropuerto de Zurich | El Digital de Asturias","description":"La aerol\u00ednea suiza Swiss mostr\u00f3 su nuevo avi\u00f3n CS100 que aterriz\u00f3 en el aeropuerto de Zurich y cuya primera entrega est\u00e1 prevista para mediados del pr\u00f3ximo a\u00f1o, seg\u00fan inform\u00f3 la empresa a\u00e9rea en un comunicado. El pr\u00f3ximo viernes por la ma\u00f1ana, el CS100 despegar\u00e1 desde el aeropuerto de Zurich tras su llegada a las 19:16","inLanguage":"es-ES","isPartOf":{"@id":"https:\/\/eldigitaldeasturias.com\/magazine365\/#website"},"breadcrumb":{"@id":"https:\/\/eldigitaldeasturias.com\/magazine365\/swiss-presenta-su-avion-cs100-en-el-aeropuerto-de-zurich\/#breadcrumblist"},"author":{"@id":"https:\/\/eldigitaldeasturias.com\/magazine365\/author\/admin\/#author"},"creator":{"@id":"https:\/\/eldigitaldeasturias.com\/magazine365\/author\/admin\/#author"},"image":{"@type":"ImageObject","url":"https:\/\/eldigitaldeasturias.com\/magazine365\/wp-content\/uploads\/2015\/06\/fotonoticia_20150618134251_800.jpg","@id":"https:\/\/eldigitaldeasturias.com\/magazine365\/swiss-presenta-su-avion-cs100-en-el-aeropuerto-de-zurich\/#mainImage","width":800,"height":534},"primaryImageOfPage":{"@id":"https:\/\/eldigitaldeasturias.com\/magazine365\/swiss-presenta-su-avion-cs100-en-el-aeropuerto-de-zurich\/#mainImage"},"datePublished":"2015-06-19T05:49:43+02:00","dateModified":"2015-06-19T05:49:43+02:00"},{"@type":"WebSite","@id":"https:\/\/eldigitaldeasturias.com\/magazine365\/#website","url":"https:\/\/eldigitaldeasturias.com\/magazine365\/","name":"El Digital de Asturias","description":"Revista de ocio, turismo y estilo de vida","inLanguage":"es-ES","publisher":{"@id":"https:\/\/eldigitaldeasturias.com\/magazine365\/#organization"}}]},"og:locale":"es_ES","og:site_name":"El Digital de Asturias \u2013 Revista de ocio, turismo y estilo de vida","og:type":"article","og:title":"Swiss presenta su avi\u00f3n CS100 en el aeropuerto de Zurich | El Digital de Asturias","og:description":"La aerol\u00ednea suiza Swiss mostr\u00f3 su nuevo avi\u00f3n CS100 que aterriz\u00f3 en el aeropuerto de Zurich y cuya primera entrega est\u00e1 prevista para mediados del pr\u00f3ximo a\u00f1o, seg\u00fan inform\u00f3 la empresa a\u00e9rea en un comunicado. El pr\u00f3ximo viernes por la ma\u00f1ana, el CS100 despegar\u00e1 desde el aeropuerto de Zurich tras su llegada a las 19:16","og:url":"https:\/\/eldigitaldeasturias.com\/magazine365\/swiss-presenta-su-avion-cs100-en-el-aeropuerto-de-zurich\/","og:image":"https:\/\/eldigitaldeasturias.com\/magazine365\/wp-content\/uploads\/2015\/06\/fotonoticia_20150618134251_800.jpg","og:image:secure_url":"https:\/\/eldigitaldeasturias.com\/magazine365\/wp-content\/uploads\/2015\/06\/fotonoticia_20150618134251_800.jpg","og:image:width":800,"og:image:height":534,"article:published_time":"2015-06-19T04:19:43+00:00","article:modified_time":"2015-06-19T04:19:43+00:00","twitter:card":"summary_large_image","twitter:title":"Swiss presenta su avi\u00f3n CS100 en el aeropuerto de Zurich | El Digital de Asturias","twitter:description":"La aerol\u00ednea suiza Swiss mostr\u00f3 su nuevo avi\u00f3n CS100 que aterriz\u00f3 en el aeropuerto de Zurich y cuya primera entrega est\u00e1 prevista para mediados del pr\u00f3ximo a\u00f1o, seg\u00fan inform\u00f3 la empresa a\u00e9rea en un comunicado. El pr\u00f3ximo viernes por la ma\u00f1ana, el CS100 despegar\u00e1 desde el aeropuerto de Zurich tras su llegada a las 19:16","twitter:image":"https:\/\/eldigitaldeasturias.com\/magazine365\/wp-content\/uploads\/2015\/06\/fotonoticia_20150618134251_800.jpg"},"aioseo_meta_data":{"post_id":"40306","title":null,"description":null,"keywords":null,"keyphrases":null,"primary_term":null,"canonical_url":null,"og_title":null,"og_description":null,"og_object_type":"default","og_image_type":"default","og_image_url":null,"og_image_width":null,"og_image_height":null,"og_image_custom_url":null,"og_image_custom_fields":null,"og_video":null,"og_custom_url":null,"og_article_section":null,"og_article_tags":null,"twitter_use_og":false,"twitter_card":"default","twitter_image_type":"default","twitter_image_url":null,"twitter_image_custom_url":null,"twitter_image_custom_fields":null,"twitter_title":null,"twitter_description":null,"schema":{"blockGraphs":[],"customGraphs":[],"default":{"data":{"Article":[],"Course":[],"Dataset":[],"FAQPage":[],"Movie":[],"Person":[],"Product":[],"ProductReview":[],"Car":[],"Recipe":[],"Service":[],"SoftwareApplication":[],"WebPage":[]},"graphName":"","isEnabled":true},"graphs":[],"defaultGraph":"","defaultPostTypeGraph":""},"schema_type":null,"schema_type_options":null,"pillar_content":false,"robots_default":true,"robots_noindex":false,"robots_noarchive":false,"robots_nosnippet":false,"robots_nofollow":false,"robots_noimageindex":false,"robots_noodp":false,"robots_notranslate":false,"robots_max_snippet":null,"robots_max_videopreview":null,"robots_max_imagepreview":"large","priority":null,"frequency":null,"location":null,"local_seo":null,"seo_analyzer_scan_date":"2025-09-19 13:18:56","breadcrumb_settings":null,"limit_modified_date":false,"open_ai":null,"ai":null,"created":"2021-03-09 02:30:21","updated":"2025-09-19 13:18:56"},"aioseo_breadcrumb":"<div class=\"aioseo-breadcrumbs\"><span class=\"aioseo-breadcrumb\">\n\t<a href=\"https:\/\/eldigitaldeasturias.com\/magazine365\" title=\"Home\">Home<\/a>\n<\/span><span class=\"aioseo-breadcrumb-separator\">\u2013<\/span><span class=\"aioseo-breadcrumb\">\n\t<a href=\"https:\/\/eldigitaldeasturias.com\/magazine365\/category\/actualidad-turismo\/\" title=\"Actualidad Turismo\">Actualidad Turismo<\/a>\n<\/span><span class=\"aioseo-breadcrumb-separator\">\u2013<\/span><span class=\"aioseo-breadcrumb\">\n\t<a href=\"https:\/\/eldigitaldeasturias.com\/magazine365\/swiss-presenta-su-avion-cs100-en-el-aeropuerto-de-zurich\/\" title=\"Swiss presenta su avi\u00f3n CS100 en el aeropuerto de Zurich\">Swiss presenta su avi\u00f3n CS100 en el aeropuerto de Zurich<\/a>\n<\/span><\/div>","aioseo_breadcrumb_json":[{"label":"Home","link":"https:\/\/eldigitaldeasturias.com\/magazine365"},{"label":"Actualidad Turismo","link":"https:\/\/eldigitaldeasturias.com\/magazine365\/category\/actualidad-turismo\/"},{"label":"Swiss presenta su avi\u00f3n CS100 en el aeropuerto de Zurich","link":"https:\/\/eldigitaldeasturias.com\/magazine365\/swiss-presenta-su-avion-cs100-en-el-aeropuerto-de-zurich\/"}],"_links":{"self":[{"href":"https:\/\/eldigitaldeasturias.com\/magazine365\/wp-json\/wp\/v2\/posts\/40306","targetHints":{"allow":["GET"]}}],"collection":[{"href":"https:\/\/eldigitaldeasturias.com\/magazine365\/wp-json\/wp\/v2\/posts"}],"about":[{"href":"https:\/\/eldigitaldeasturias.com\/magazine365\/wp-json\/wp\/v2\/types\/post"}],"author":[{"embeddable":true,"href":"https:\/\/eldigitaldeasturias.com\/magazine365\/wp-json\/wp\/v2\/users\/1"}],"replies":[{"embeddable":true,"href":"https:\/\/eldigitaldeasturias.com\/magazine365\/wp-json\/wp\/v2\/comments?post=40306"}],"version-history":[{"count":0,"href":"https:\/\/eldigitaldeasturias.com\/magazine365\/wp-json\/wp\/v2\/posts\/40306\/revisions"}],"wp:featuredmedia":[{"embeddable":true,"href":"https:\/\/eldigitaldeasturias.com\/magazine365\/wp-json\/wp\/v2\/media\/40307"}],"wp:attachment":[{"href":"https:\/\/eldigitaldeasturias.com\/magazine365\/wp-json\/wp\/v2\/media?parent=40306"}],"wp:term":[{"taxonomy":"category","embeddable":true,"href":"https:\/\/eldigitaldeasturias.com\/magazine365\/wp-json\/wp\/v2\/categories?post=40306"},{"taxonomy":"post_tag","embeddable":true,"href":"https:\/\/eldigitaldeasturias.com\/magazine365\/wp-json\/wp\/v2\/tags?post=40306"}],"curies":[{"name":"wp","href":"https:\/\/api.w.org\/{rel}","templated":true}]}}