{"id":40294,"date":"2015-06-19T05:42:51","date_gmt":"2015-06-19T04:12:51","guid":{"rendered":"http:\/\/eldigitaldeasturias.com\/magazine365\/?p=40294"},"modified":"2015-06-19T05:42:51","modified_gmt":"2015-06-19T04:12:51","slug":"la-muerte-de-una-mujer-con-problemas-cardiacos-en-un-vuelo-sin-desfibrilador-reabre-el-debate","status":"publish","type":"post","link":"https:\/\/eldigitaldeasturias.com\/magazine365\/la-muerte-de-una-mujer-con-problemas-cardiacos-en-un-vuelo-sin-desfibrilador-reabre-el-debate\/","title":{"rendered":"La muerte de una mujer con problemas cardiacos en un vuelo sin desfibrilador reabre el debate"},"content":{"rendered":"<p><img fetchpriority=\"high\" decoding=\"async\" class=\"alignleft size-medium wp-image-40295\" src=\"https:\/\/eldigitaldeasturias.com\/magazine365\/wp-content\/uploads\/2015\/06\/fotonoticia_20150618132002_800-225x300.jpg\" alt=\"fotonoticia_20150618132002_800\" width=\"225\" height=\"300\" srcset=\"https:\/\/eldigitaldeasturias.com\/magazine365\/wp-content\/uploads\/2015\/06\/fotonoticia_20150618132002_800-225x300.jpg 225w, https:\/\/eldigitaldeasturias.com\/magazine365\/wp-content\/uploads\/2015\/06\/fotonoticia_20150618132002_800-480x640.jpg 480w, https:\/\/eldigitaldeasturias.com\/magazine365\/wp-content\/uploads\/2015\/06\/fotonoticia_20150618132002_800-768x1024.jpg 768w, https:\/\/eldigitaldeasturias.com\/magazine365\/wp-content\/uploads\/2015\/06\/fotonoticia_20150618132002_800-150x200.jpg 150w, https:\/\/eldigitaldeasturias.com\/magazine365\/wp-content\/uploads\/2015\/06\/fotonoticia_20150618132002_800-450x600.jpg 450w, https:\/\/eldigitaldeasturias.com\/magazine365\/wp-content\/uploads\/2015\/06\/fotonoticia_20150618132002_800-696x928.jpg 696w, https:\/\/eldigitaldeasturias.com\/magazine365\/wp-content\/uploads\/2015\/06\/fotonoticia_20150618132002_800-315x420.jpg 315w, https:\/\/eldigitaldeasturias.com\/magazine365\/wp-content\/uploads\/2015\/06\/fotonoticia_20150618132002_800.jpg 800w\" sizes=\"(max-width: 225px) 100vw, 225px\" \/>El fallecimiento de una mujer brit\u00e1nica de 47 a\u00f1os de forma repentina en pleno vuelo de Ryanair con destino a Lanzarote, a causa de una afecci\u00f3n cardiaca no diagnosticada sin que se pudiera hacer nada por salvar su vida ni reanimarla al comprobar que en el avi\u00f3n no hab\u00eda un desfibrilador, ha reabierto el debate sobre la obligatoriedad de llevar equipos de reanimaci\u00f3n a bordo de aviones comerciales.<\/p>\n<p>Seg\u00fan informa el diario &#8216;Daily Mail&#8217;, los hechos ocurrieron en noviembre de 2014 cuando la mujer se dirigi\u00f3 al ba\u00f1o, tres horas despu\u00e9s del inicio del vuelo. El marido de Davina Tavener, la pasajera fallecida, alert\u00f3 a la tripulaci\u00f3n de que su esposa tardaba m\u00e1s de lo habitual. Miembros de la tripulaci\u00f3n en cabina del vuelo encontraron a la mujer sin pulso y tendida en el suelo del servicio del avi\u00f3n.<\/p>\n<p>Un cirujano, que viajaba a bordo del vuelo, acudi\u00f3 en ayuda de la mujer y pidi\u00f3 un desfibrilador a la tripulaci\u00f3n al percatarse de que la pasajera hab\u00eda sufrido un problema cardiaco.<\/p>\n<p>El m\u00e9dico dijo sentirse \u00absorprendido\u00bb cuando los tripulantes le dijeron que no hab\u00eda desfibrilador a bordo, si bien confirm\u00f3 que los miembros de la tripulaci\u00f3n siguieron los protocolos de seguridad ante un caso de emergencia. \u00abEs dif\u00edcil saber si con un equipo podr\u00eda haberla asistido porque fue en un periodo de entre cinco o diez minutos\u00bb, ha afirmado el m\u00e9dico.<\/p>\n<p>El avi\u00f3n continu\u00f3 su vuelo hasta Lanzarote donde la mujer fue trasladada a un hospital, donde confirmaron su fallecimiento a causa de una afecci\u00f3n cardiaca no diagnosticada.<\/p>\n<p>\u00bfES OBLIGATORIO LLEVAR UN DESFIBRILADOR EN UN AVI\u00d3N?<\/p>\n<p>Actualmente en Espa\u00f1a no es obligatorio llevar en los aviones comerciales desfibriladores a bordo, aunque s\u00ed existen en los aeropuertos. No obstante, hay compa\u00f1\u00edas como Pullmantur Air o Privilege Style que los incorporan en sus aeronaves para volar a suelo saud\u00ed por normativa de ese pa\u00eds, seg\u00fan informa Aena en su centro de documentaci\u00f3n y publicaciones sobre consultas especializadas.<\/p>\n<p>La Administraci\u00f3n Federal de Aviaci\u00f3n (FAA) obliga desde el a\u00f1o 2007, hace ya siete a\u00f1os, a llevar desfibrilador en todos sus aviones comerciales con un tripulante de cabina (TCP) a bordo formado en su manejo.<\/p>\n<p>Tras el incidente la compa\u00f1\u00eda Ryanair asegur\u00f3 que cumple con todos los requisitos reglamentarios en materia de asistencia m\u00e9dica en sus vuelos ya que no tiene obligaci\u00f3n legal de llevar desfibriladores a bordo.<\/p>\n<p>\u00abTodo nuestro personal est\u00e1 entrenado en asistencia de primeros auxilios y es responsable de la seguridad y protecci\u00f3n en cabina. En el caso de producirse un incidente durante el vuelo que requiera intervenci\u00f3n m\u00e9dica, nuestro tripulaci\u00f3n se dirige al aeropuerto m\u00e1s cercano y solicita asistencia m\u00e9dica antes de aterrizar\u00bb, asegura la compa\u00f1\u00eda.<\/p>\n<p>NO ES OBLIGATORIO EN EUROPA.<\/p>\n<p>Desde la Agencia Estatal de Seguridad A\u00e9rea (Aesa) se confirma que en Europa no es obligatorio llevar un desfibrilador en cada avi\u00f3n. La normativa establece que los aviones tienen que estar equipados con un botiqu\u00edn de Primeros Auxilios, (First Aid Kit &#8211; FAK) que puede ser utilizado por la tripulaci\u00f3n y el pasaje. Adem\u00e1s, la tripulaci\u00f3n tiene que tener conocimientos de primeros auxilios.<\/p>\n<p>Por otro lado, las aeronaves con m\u00e1s de 30 asientos tambi\u00e9n tienen que estar equipadas con un botiqu\u00edn m\u00e9dico para emergencias cuando cualquier punto de la ruta prevista se encuentre a m\u00e1s de 60 minutos de vuelo de un aeropuerto en el que pueda esperarse recibir asistencia m\u00e9dica cualificada.<\/p>\n<p>Seg\u00fan Aesa, \u00e9ste es el denominado Emergency Medical Kit (EMK) y solamente puede utilizarlo un m\u00e9dico, no la tripulaci\u00f3n. El EMK podr\u00eda contener un desfibrilador (aunque en Europa no es obligatorio).<\/p>\n<p>Pero para poder transportar un desfibrilador, el operador deber\u00e1 ajustar sus procedimientos (por tratarse de un dispositivo electr\u00f3nico) as\u00ed como los entrenamientos de su tripulaci\u00f3n para la utilizaci\u00f3n del mismo.<\/p>\n","protected":false},"excerpt":{"rendered":"<p>El fallecimiento de una mujer brit\u00e1nica de 47 a\u00f1os de forma repentina en pleno vuelo de Ryanair con destino a Lanzarote, a causa de una afecci\u00f3n cardiaca no diagnosticada sin que se pudiera hacer nada por salvar su vida ni reanimarla al comprobar que en el avi\u00f3n no hab\u00eda un desfibrilador, ha reabierto el debate<\/p>\n","protected":false},"author":1,"featured_media":40295,"comment_status":"open","ping_status":"closed","sticky":false,"template":"","format":"standard","meta":{"footnotes":""},"categories":[224],"tags":[],"class_list":{"0":"post-40294","1":"post","2":"type-post","3":"status-publish","4":"format-standard","5":"has-post-thumbnail","7":"category-noticias-actualidad"},"aioseo_notices":[],"aioseo_head":"\n\t\t<!-- All in One SEO Pro 4.9.6.1 - aioseo.com -->\n\t<meta name=\"description\" content=\"El fallecimiento de una mujer brit\u00e1nica de 47 a\u00f1os de forma repentina en pleno vuelo de Ryanair con destino a Lanzarote, a causa de una afecci\u00f3n cardiaca no diagnosticada sin que se pudiera hacer nada por salvar su vida ni reanimarla al comprobar que en el avi\u00f3n no hab\u00eda un desfibrilador, ha reabierto el debate\" \/>\n\t<meta name=\"robots\" content=\"max-image-preview:large\" \/>\n\t<meta name=\"author\" content=\"admin\"\/>\n\t<meta name=\"google-site-verification\" content=\"UA-38556648-1\" \/>\n\t<meta name=\"keywords\" content=\"noticias y actualidad\" \/>\n\t<link rel=\"canonical\" href=\"https:\/\/eldigitaldeasturias.com\/magazine365\/la-muerte-de-una-mujer-con-problemas-cardiacos-en-un-vuelo-sin-desfibrilador-reabre-el-debate\/\" \/>\n\t<meta name=\"generator\" content=\"All in One SEO Pro (AIOSEO) 4.9.6.1\" \/>\n\t\t<meta property=\"og:locale\" content=\"es_ES\" \/>\n\t\t<meta property=\"og:site_name\" content=\"El Digital de Asturias \u2013 Revista de ocio, turismo y estilo de vida\" \/>\n\t\t<meta property=\"og:type\" content=\"article\" \/>\n\t\t<meta property=\"og:title\" content=\"La muerte de una mujer con problemas cardiacos en un vuelo sin desfibrilador reabre el debate | El Digital de Asturias\" \/>\n\t\t<meta property=\"og:description\" content=\"El fallecimiento de una mujer brit\u00e1nica de 47 a\u00f1os de forma repentina en pleno vuelo de Ryanair con destino a Lanzarote, a causa de una afecci\u00f3n cardiaca no diagnosticada sin que se pudiera hacer nada por salvar su vida ni reanimarla al comprobar que en el avi\u00f3n no hab\u00eda un desfibrilador, ha reabierto el debate\" \/>\n\t\t<meta property=\"og:url\" content=\"https:\/\/eldigitaldeasturias.com\/magazine365\/la-muerte-de-una-mujer-con-problemas-cardiacos-en-un-vuelo-sin-desfibrilador-reabre-el-debate\/\" \/>\n\t\t<meta property=\"og:image\" content=\"https:\/\/eldigitaldeasturias.com\/magazine365\/wp-content\/uploads\/2015\/06\/fotonoticia_20150618132002_800.jpg\" \/>\n\t\t<meta property=\"og:image:secure_url\" content=\"https:\/\/eldigitaldeasturias.com\/magazine365\/wp-content\/uploads\/2015\/06\/fotonoticia_20150618132002_800.jpg\" \/>\n\t\t<meta property=\"og:image:width\" content=\"800\" \/>\n\t\t<meta property=\"og:image:height\" content=\"1067\" \/>\n\t\t<meta property=\"article:published_time\" content=\"2015-06-19T04:12:51+00:00\" \/>\n\t\t<meta property=\"article:modified_time\" content=\"2015-06-19T04:12:51+00:00\" \/>\n\t\t<meta name=\"twitter:card\" content=\"summary_large_image\" \/>\n\t\t<meta name=\"twitter:title\" content=\"La muerte de una mujer con problemas cardiacos en un vuelo sin desfibrilador reabre el debate | El Digital de Asturias\" \/>\n\t\t<meta name=\"twitter:description\" content=\"El fallecimiento de una mujer brit\u00e1nica de 47 a\u00f1os de forma repentina en pleno vuelo de Ryanair con destino a Lanzarote, a causa de una afecci\u00f3n cardiaca no diagnosticada sin que se pudiera hacer nada por salvar su vida ni reanimarla al comprobar que en el avi\u00f3n no hab\u00eda un desfibrilador, ha reabierto el debate\" \/>\n\t\t<meta name=\"twitter:image\" content=\"https:\/\/eldigitaldeasturias.com\/magazine365\/wp-content\/uploads\/2015\/06\/fotonoticia_20150618132002_800.jpg\" \/>\n\t\t<script type=\"application\/ld+json\" class=\"aioseo-schema\">\n\t\t\t{\"@context\":\"https:\\\/\\\/schema.org\",\"@graph\":[{\"@type\":\"Article\",\"@id\":\"https:\\\/\\\/eldigitaldeasturias.com\\\/magazine365\\\/la-muerte-de-una-mujer-con-problemas-cardiacos-en-un-vuelo-sin-desfibrilador-reabre-el-debate\\\/#article\",\"name\":\"La muerte de una mujer con problemas cardiacos en un vuelo sin desfibrilador reabre el debate | El Digital de Asturias\",\"headline\":\"La muerte de una mujer con problemas cardiacos en un vuelo sin desfibrilador reabre el debate\",\"author\":{\"@id\":\"https:\\\/\\\/eldigitaldeasturias.com\\\/magazine365\\\/author\\\/admin\\\/#author\"},\"publisher\":{\"@id\":\"https:\\\/\\\/eldigitaldeasturias.com\\\/magazine365\\\/#organization\"},\"image\":{\"@type\":\"ImageObject\",\"url\":\"https:\\\/\\\/eldigitaldeasturias.com\\\/magazine365\\\/wp-content\\\/uploads\\\/2015\\\/06\\\/fotonoticia_20150618132002_800.jpg\",\"width\":800,\"height\":1067},\"datePublished\":\"2015-06-19T05:42:51+02:00\",\"dateModified\":\"2015-06-19T05:42:51+02:00\",\"inLanguage\":\"es-ES\",\"mainEntityOfPage\":{\"@id\":\"https:\\\/\\\/eldigitaldeasturias.com\\\/magazine365\\\/la-muerte-de-una-mujer-con-problemas-cardiacos-en-un-vuelo-sin-desfibrilador-reabre-el-debate\\\/#webpage\"},\"isPartOf\":{\"@id\":\"https:\\\/\\\/eldigitaldeasturias.com\\\/magazine365\\\/la-muerte-de-una-mujer-con-problemas-cardiacos-en-un-vuelo-sin-desfibrilador-reabre-el-debate\\\/#webpage\"},\"articleSection\":\"Noticias y Actualidad\"},{\"@type\":\"BreadcrumbList\",\"@id\":\"https:\\\/\\\/eldigitaldeasturias.com\\\/magazine365\\\/la-muerte-de-una-mujer-con-problemas-cardiacos-en-un-vuelo-sin-desfibrilador-reabre-el-debate\\\/#breadcrumblist\",\"itemListElement\":[{\"@type\":\"ListItem\",\"@id\":\"https:\\\/\\\/eldigitaldeasturias.com\\\/magazine365#listItem\",\"position\":1,\"name\":\"Home\",\"item\":\"https:\\\/\\\/eldigitaldeasturias.com\\\/magazine365\",\"nextItem\":{\"@type\":\"ListItem\",\"@id\":\"https:\\\/\\\/eldigitaldeasturias.com\\\/magazine365\\\/category\\\/noticias-actualidad\\\/#listItem\",\"name\":\"Noticias y Actualidad\"}},{\"@type\":\"ListItem\",\"@id\":\"https:\\\/\\\/eldigitaldeasturias.com\\\/magazine365\\\/category\\\/noticias-actualidad\\\/#listItem\",\"position\":2,\"name\":\"Noticias y Actualidad\",\"item\":\"https:\\\/\\\/eldigitaldeasturias.com\\\/magazine365\\\/category\\\/noticias-actualidad\\\/\",\"nextItem\":{\"@type\":\"ListItem\",\"@id\":\"https:\\\/\\\/eldigitaldeasturias.com\\\/magazine365\\\/la-muerte-de-una-mujer-con-problemas-cardiacos-en-un-vuelo-sin-desfibrilador-reabre-el-debate\\\/#listItem\",\"name\":\"La muerte de una mujer con problemas cardiacos en un vuelo sin desfibrilador reabre el debate\"},\"previousItem\":{\"@type\":\"ListItem\",\"@id\":\"https:\\\/\\\/eldigitaldeasturias.com\\\/magazine365#listItem\",\"name\":\"Home\"}},{\"@type\":\"ListItem\",\"@id\":\"https:\\\/\\\/eldigitaldeasturias.com\\\/magazine365\\\/la-muerte-de-una-mujer-con-problemas-cardiacos-en-un-vuelo-sin-desfibrilador-reabre-el-debate\\\/#listItem\",\"position\":3,\"name\":\"La muerte de una mujer con problemas cardiacos en un vuelo sin desfibrilador reabre el debate\",\"previousItem\":{\"@type\":\"ListItem\",\"@id\":\"https:\\\/\\\/eldigitaldeasturias.com\\\/magazine365\\\/category\\\/noticias-actualidad\\\/#listItem\",\"name\":\"Noticias y Actualidad\"}}]},{\"@type\":\"Organization\",\"@id\":\"https:\\\/\\\/eldigitaldeasturias.com\\\/magazine365\\\/#organization\",\"name\":\"El digital de Asturias\",\"description\":\"Revista de ocio, turismo y estilo de vida\",\"url\":\"https:\\\/\\\/eldigitaldeasturias.com\\\/magazine365\\\/\",\"logo\":{\"@type\":\"ImageObject\",\"url\":\"https:\\\/\\\/www.eldigitaldeasturias.com\\\/noticias\\\/wp-content\\\/uploads\\\/2020\\\/12\\\/EDA.jpg\",\"@id\":\"https:\\\/\\\/eldigitaldeasturias.com\\\/magazine365\\\/la-muerte-de-una-mujer-con-problemas-cardiacos-en-un-vuelo-sin-desfibrilador-reabre-el-debate\\\/#organizationLogo\"},\"image\":{\"@id\":\"https:\\\/\\\/eldigitaldeasturias.com\\\/magazine365\\\/la-muerte-de-una-mujer-con-problemas-cardiacos-en-un-vuelo-sin-desfibrilador-reabre-el-debate\\\/#organizationLogo\"}},{\"@type\":\"Person\",\"@id\":\"https:\\\/\\\/eldigitaldeasturias.com\\\/magazine365\\\/author\\\/admin\\\/#author\",\"url\":\"https:\\\/\\\/eldigitaldeasturias.com\\\/magazine365\\\/author\\\/admin\\\/\",\"name\":\"admin\",\"image\":{\"@type\":\"ImageObject\",\"@id\":\"https:\\\/\\\/eldigitaldeasturias.com\\\/magazine365\\\/la-muerte-de-una-mujer-con-problemas-cardiacos-en-un-vuelo-sin-desfibrilador-reabre-el-debate\\\/#authorImage\",\"url\":\"https:\\\/\\\/eldigitaldeasturias.com\\\/magazine365\\\/wp-content\\\/litespeed\\\/avatar\\\/e571bcf59a0edd6fa6838245a470f2fe.jpg?ver=1777574230\",\"width\":96,\"height\":96,\"caption\":\"admin\"}},{\"@type\":\"WebPage\",\"@id\":\"https:\\\/\\\/eldigitaldeasturias.com\\\/magazine365\\\/la-muerte-de-una-mujer-con-problemas-cardiacos-en-un-vuelo-sin-desfibrilador-reabre-el-debate\\\/#webpage\",\"url\":\"https:\\\/\\\/eldigitaldeasturias.com\\\/magazine365\\\/la-muerte-de-una-mujer-con-problemas-cardiacos-en-un-vuelo-sin-desfibrilador-reabre-el-debate\\\/\",\"name\":\"La muerte de una mujer con problemas cardiacos en un vuelo sin desfibrilador reabre el debate | El Digital de Asturias\",\"description\":\"El fallecimiento de una mujer brit\\u00e1nica de 47 a\\u00f1os de forma repentina en pleno vuelo de Ryanair con destino a Lanzarote, a causa de una afecci\\u00f3n cardiaca no diagnosticada sin que se pudiera hacer nada por salvar su vida ni reanimarla al comprobar que en el avi\\u00f3n no hab\\u00eda un desfibrilador, ha reabierto el debate\",\"inLanguage\":\"es-ES\",\"isPartOf\":{\"@id\":\"https:\\\/\\\/eldigitaldeasturias.com\\\/magazine365\\\/#website\"},\"breadcrumb\":{\"@id\":\"https:\\\/\\\/eldigitaldeasturias.com\\\/magazine365\\\/la-muerte-de-una-mujer-con-problemas-cardiacos-en-un-vuelo-sin-desfibrilador-reabre-el-debate\\\/#breadcrumblist\"},\"author\":{\"@id\":\"https:\\\/\\\/eldigitaldeasturias.com\\\/magazine365\\\/author\\\/admin\\\/#author\"},\"creator\":{\"@id\":\"https:\\\/\\\/eldigitaldeasturias.com\\\/magazine365\\\/author\\\/admin\\\/#author\"},\"image\":{\"@type\":\"ImageObject\",\"url\":\"https:\\\/\\\/eldigitaldeasturias.com\\\/magazine365\\\/wp-content\\\/uploads\\\/2015\\\/06\\\/fotonoticia_20150618132002_800.jpg\",\"@id\":\"https:\\\/\\\/eldigitaldeasturias.com\\\/magazine365\\\/la-muerte-de-una-mujer-con-problemas-cardiacos-en-un-vuelo-sin-desfibrilador-reabre-el-debate\\\/#mainImage\",\"width\":800,\"height\":1067},\"primaryImageOfPage\":{\"@id\":\"https:\\\/\\\/eldigitaldeasturias.com\\\/magazine365\\\/la-muerte-de-una-mujer-con-problemas-cardiacos-en-un-vuelo-sin-desfibrilador-reabre-el-debate\\\/#mainImage\"},\"datePublished\":\"2015-06-19T05:42:51+02:00\",\"dateModified\":\"2015-06-19T05:42:51+02:00\"},{\"@type\":\"WebSite\",\"@id\":\"https:\\\/\\\/eldigitaldeasturias.com\\\/magazine365\\\/#website\",\"url\":\"https:\\\/\\\/eldigitaldeasturias.com\\\/magazine365\\\/\",\"name\":\"El Digital de Asturias\",\"description\":\"Revista de ocio, turismo y estilo de vida\",\"inLanguage\":\"es-ES\",\"publisher\":{\"@id\":\"https:\\\/\\\/eldigitaldeasturias.com\\\/magazine365\\\/#organization\"}}]}\n\t\t<\/script>\n\t\t<!-- All in One SEO Pro -->\r\n\t\t<title>La muerte de una mujer con problemas cardiacos en un vuelo sin desfibrilador reabre el debate | El Digital de Asturias<\/title>\n\n","aioseo_head_json":{"title":"La muerte de una mujer con problemas cardiacos en un vuelo sin desfibrilador reabre el debate | El Digital de Asturias","description":"El fallecimiento de una mujer brit\u00e1nica de 47 a\u00f1os de forma repentina en pleno vuelo de Ryanair con destino a Lanzarote, a causa de una afecci\u00f3n cardiaca no diagnosticada sin que se pudiera hacer nada por salvar su vida ni reanimarla al comprobar que en el avi\u00f3n no hab\u00eda un desfibrilador, ha reabierto el debate","canonical_url":"https:\/\/eldigitaldeasturias.com\/magazine365\/la-muerte-de-una-mujer-con-problemas-cardiacos-en-un-vuelo-sin-desfibrilador-reabre-el-debate\/","robots":"max-image-preview:large","keywords":"noticias y actualidad","webmasterTools":{"google-site-verification":"UA-38556648-1","miscellaneous":""},"schema":{"@context":"https:\/\/schema.org","@graph":[{"@type":"Article","@id":"https:\/\/eldigitaldeasturias.com\/magazine365\/la-muerte-de-una-mujer-con-problemas-cardiacos-en-un-vuelo-sin-desfibrilador-reabre-el-debate\/#article","name":"La muerte de una mujer con problemas cardiacos en un vuelo sin desfibrilador reabre el debate | El Digital de Asturias","headline":"La muerte de una mujer con problemas cardiacos en un vuelo sin desfibrilador reabre el debate","author":{"@id":"https:\/\/eldigitaldeasturias.com\/magazine365\/author\/admin\/#author"},"publisher":{"@id":"https:\/\/eldigitaldeasturias.com\/magazine365\/#organization"},"image":{"@type":"ImageObject","url":"https:\/\/eldigitaldeasturias.com\/magazine365\/wp-content\/uploads\/2015\/06\/fotonoticia_20150618132002_800.jpg","width":800,"height":1067},"datePublished":"2015-06-19T05:42:51+02:00","dateModified":"2015-06-19T05:42:51+02:00","inLanguage":"es-ES","mainEntityOfPage":{"@id":"https:\/\/eldigitaldeasturias.com\/magazine365\/la-muerte-de-una-mujer-con-problemas-cardiacos-en-un-vuelo-sin-desfibrilador-reabre-el-debate\/#webpage"},"isPartOf":{"@id":"https:\/\/eldigitaldeasturias.com\/magazine365\/la-muerte-de-una-mujer-con-problemas-cardiacos-en-un-vuelo-sin-desfibrilador-reabre-el-debate\/#webpage"},"articleSection":"Noticias y Actualidad"},{"@type":"BreadcrumbList","@id":"https:\/\/eldigitaldeasturias.com\/magazine365\/la-muerte-de-una-mujer-con-problemas-cardiacos-en-un-vuelo-sin-desfibrilador-reabre-el-debate\/#breadcrumblist","itemListElement":[{"@type":"ListItem","@id":"https:\/\/eldigitaldeasturias.com\/magazine365#listItem","position":1,"name":"Home","item":"https:\/\/eldigitaldeasturias.com\/magazine365","nextItem":{"@type":"ListItem","@id":"https:\/\/eldigitaldeasturias.com\/magazine365\/category\/noticias-actualidad\/#listItem","name":"Noticias y Actualidad"}},{"@type":"ListItem","@id":"https:\/\/eldigitaldeasturias.com\/magazine365\/category\/noticias-actualidad\/#listItem","position":2,"name":"Noticias y Actualidad","item":"https:\/\/eldigitaldeasturias.com\/magazine365\/category\/noticias-actualidad\/","nextItem":{"@type":"ListItem","@id":"https:\/\/eldigitaldeasturias.com\/magazine365\/la-muerte-de-una-mujer-con-problemas-cardiacos-en-un-vuelo-sin-desfibrilador-reabre-el-debate\/#listItem","name":"La muerte de una mujer con problemas cardiacos en un vuelo sin desfibrilador reabre el debate"},"previousItem":{"@type":"ListItem","@id":"https:\/\/eldigitaldeasturias.com\/magazine365#listItem","name":"Home"}},{"@type":"ListItem","@id":"https:\/\/eldigitaldeasturias.com\/magazine365\/la-muerte-de-una-mujer-con-problemas-cardiacos-en-un-vuelo-sin-desfibrilador-reabre-el-debate\/#listItem","position":3,"name":"La muerte de una mujer con problemas cardiacos en un vuelo sin desfibrilador reabre el debate","previousItem":{"@type":"ListItem","@id":"https:\/\/eldigitaldeasturias.com\/magazine365\/category\/noticias-actualidad\/#listItem","name":"Noticias y Actualidad"}}]},{"@type":"Organization","@id":"https:\/\/eldigitaldeasturias.com\/magazine365\/#organization","name":"El digital de Asturias","description":"Revista de ocio, turismo y estilo de vida","url":"https:\/\/eldigitaldeasturias.com\/magazine365\/","logo":{"@type":"ImageObject","url":"https:\/\/www.eldigitaldeasturias.com\/noticias\/wp-content\/uploads\/2020\/12\/EDA.jpg","@id":"https:\/\/eldigitaldeasturias.com\/magazine365\/la-muerte-de-una-mujer-con-problemas-cardiacos-en-un-vuelo-sin-desfibrilador-reabre-el-debate\/#organizationLogo"},"image":{"@id":"https:\/\/eldigitaldeasturias.com\/magazine365\/la-muerte-de-una-mujer-con-problemas-cardiacos-en-un-vuelo-sin-desfibrilador-reabre-el-debate\/#organizationLogo"}},{"@type":"Person","@id":"https:\/\/eldigitaldeasturias.com\/magazine365\/author\/admin\/#author","url":"https:\/\/eldigitaldeasturias.com\/magazine365\/author\/admin\/","name":"admin","image":{"@type":"ImageObject","@id":"https:\/\/eldigitaldeasturias.com\/magazine365\/la-muerte-de-una-mujer-con-problemas-cardiacos-en-un-vuelo-sin-desfibrilador-reabre-el-debate\/#authorImage","url":"https:\/\/eldigitaldeasturias.com\/magazine365\/wp-content\/litespeed\/avatar\/e571bcf59a0edd6fa6838245a470f2fe.jpg?ver=1777574230","width":96,"height":96,"caption":"admin"}},{"@type":"WebPage","@id":"https:\/\/eldigitaldeasturias.com\/magazine365\/la-muerte-de-una-mujer-con-problemas-cardiacos-en-un-vuelo-sin-desfibrilador-reabre-el-debate\/#webpage","url":"https:\/\/eldigitaldeasturias.com\/magazine365\/la-muerte-de-una-mujer-con-problemas-cardiacos-en-un-vuelo-sin-desfibrilador-reabre-el-debate\/","name":"La muerte de una mujer con problemas cardiacos en un vuelo sin desfibrilador reabre el debate | El Digital de Asturias","description":"El fallecimiento de una mujer brit\u00e1nica de 47 a\u00f1os de forma repentina en pleno vuelo de Ryanair con destino a Lanzarote, a causa de una afecci\u00f3n cardiaca no diagnosticada sin que se pudiera hacer nada por salvar su vida ni reanimarla al comprobar que en el avi\u00f3n no hab\u00eda un desfibrilador, ha reabierto el debate","inLanguage":"es-ES","isPartOf":{"@id":"https:\/\/eldigitaldeasturias.com\/magazine365\/#website"},"breadcrumb":{"@id":"https:\/\/eldigitaldeasturias.com\/magazine365\/la-muerte-de-una-mujer-con-problemas-cardiacos-en-un-vuelo-sin-desfibrilador-reabre-el-debate\/#breadcrumblist"},"author":{"@id":"https:\/\/eldigitaldeasturias.com\/magazine365\/author\/admin\/#author"},"creator":{"@id":"https:\/\/eldigitaldeasturias.com\/magazine365\/author\/admin\/#author"},"image":{"@type":"ImageObject","url":"https:\/\/eldigitaldeasturias.com\/magazine365\/wp-content\/uploads\/2015\/06\/fotonoticia_20150618132002_800.jpg","@id":"https:\/\/eldigitaldeasturias.com\/magazine365\/la-muerte-de-una-mujer-con-problemas-cardiacos-en-un-vuelo-sin-desfibrilador-reabre-el-debate\/#mainImage","width":800,"height":1067},"primaryImageOfPage":{"@id":"https:\/\/eldigitaldeasturias.com\/magazine365\/la-muerte-de-una-mujer-con-problemas-cardiacos-en-un-vuelo-sin-desfibrilador-reabre-el-debate\/#mainImage"},"datePublished":"2015-06-19T05:42:51+02:00","dateModified":"2015-06-19T05:42:51+02:00"},{"@type":"WebSite","@id":"https:\/\/eldigitaldeasturias.com\/magazine365\/#website","url":"https:\/\/eldigitaldeasturias.com\/magazine365\/","name":"El Digital de Asturias","description":"Revista de ocio, turismo y estilo de vida","inLanguage":"es-ES","publisher":{"@id":"https:\/\/eldigitaldeasturias.com\/magazine365\/#organization"}}]},"og:locale":"es_ES","og:site_name":"El Digital de Asturias \u2013 Revista de ocio, turismo y estilo de vida","og:type":"article","og:title":"La muerte de una mujer con problemas cardiacos en un vuelo sin desfibrilador reabre el debate | El Digital de Asturias","og:description":"El fallecimiento de una mujer brit\u00e1nica de 47 a\u00f1os de forma repentina en pleno vuelo de Ryanair con destino a Lanzarote, a causa de una afecci\u00f3n cardiaca no diagnosticada sin que se pudiera hacer nada por salvar su vida ni reanimarla al comprobar que en el avi\u00f3n no hab\u00eda un desfibrilador, ha reabierto el debate","og:url":"https:\/\/eldigitaldeasturias.com\/magazine365\/la-muerte-de-una-mujer-con-problemas-cardiacos-en-un-vuelo-sin-desfibrilador-reabre-el-debate\/","og:image":"https:\/\/eldigitaldeasturias.com\/magazine365\/wp-content\/uploads\/2015\/06\/fotonoticia_20150618132002_800.jpg","og:image:secure_url":"https:\/\/eldigitaldeasturias.com\/magazine365\/wp-content\/uploads\/2015\/06\/fotonoticia_20150618132002_800.jpg","og:image:width":800,"og:image:height":1067,"article:published_time":"2015-06-19T04:12:51+00:00","article:modified_time":"2015-06-19T04:12:51+00:00","twitter:card":"summary_large_image","twitter:title":"La muerte de una mujer con problemas cardiacos en un vuelo sin desfibrilador reabre el debate | El Digital de Asturias","twitter:description":"El fallecimiento de una mujer brit\u00e1nica de 47 a\u00f1os de forma repentina en pleno vuelo de Ryanair con destino a Lanzarote, a causa de una afecci\u00f3n cardiaca no diagnosticada sin que se pudiera hacer nada por salvar su vida ni reanimarla al comprobar que en el avi\u00f3n no hab\u00eda un desfibrilador, ha reabierto el debate","twitter:image":"https:\/\/eldigitaldeasturias.com\/magazine365\/wp-content\/uploads\/2015\/06\/fotonoticia_20150618132002_800.jpg"},"aioseo_meta_data":{"post_id":"40294","title":null,"description":null,"keywords":null,"keyphrases":null,"primary_term":null,"canonical_url":null,"og_title":null,"og_description":null,"og_object_type":"default","og_image_type":"default","og_image_url":null,"og_image_width":null,"og_image_height":null,"og_image_custom_url":null,"og_image_custom_fields":null,"og_video":null,"og_custom_url":null,"og_article_section":null,"og_article_tags":null,"twitter_use_og":false,"twitter_card":"default","twitter_image_type":"default","twitter_image_url":null,"twitter_image_custom_url":null,"twitter_image_custom_fields":null,"twitter_title":null,"twitter_description":null,"schema":{"blockGraphs":[],"customGraphs":[],"default":{"data":{"Article":[],"Course":[],"Dataset":[],"FAQPage":[],"Movie":[],"Person":[],"Product":[],"ProductReview":[],"Car":[],"Recipe":[],"Service":[],"SoftwareApplication":[],"WebPage":[]},"graphName":"","isEnabled":true},"graphs":[],"defaultGraph":"","defaultPostTypeGraph":""},"schema_type":null,"schema_type_options":null,"pillar_content":false,"robots_default":true,"robots_noindex":false,"robots_noarchive":false,"robots_nosnippet":false,"robots_nofollow":false,"robots_noimageindex":false,"robots_noodp":false,"robots_notranslate":false,"robots_max_snippet":null,"robots_max_videopreview":null,"robots_max_imagepreview":"large","priority":null,"frequency":null,"location":null,"local_seo":null,"seo_analyzer_scan_date":"2025-09-19 13:17:42","breadcrumb_settings":null,"limit_modified_date":false,"open_ai":null,"ai":null,"created":"2021-03-09 02:30:52","updated":"2025-09-19 13:17:42"},"aioseo_breadcrumb":"<div class=\"aioseo-breadcrumbs\"><span class=\"aioseo-breadcrumb\">\n\t<a href=\"https:\/\/eldigitaldeasturias.com\/magazine365\" title=\"Home\">Home<\/a>\n<\/span><span class=\"aioseo-breadcrumb-separator\">\u2013<\/span><span class=\"aioseo-breadcrumb\">\n\t<a href=\"https:\/\/eldigitaldeasturias.com\/magazine365\/category\/noticias-actualidad\/\" title=\"Noticias y Actualidad\">Noticias y Actualidad<\/a>\n<\/span><span class=\"aioseo-breadcrumb-separator\">\u2013<\/span><span class=\"aioseo-breadcrumb\">\n\t<a href=\"https:\/\/eldigitaldeasturias.com\/magazine365\/la-muerte-de-una-mujer-con-problemas-cardiacos-en-un-vuelo-sin-desfibrilador-reabre-el-debate\/\" title=\"La muerte de una mujer con problemas cardiacos en un vuelo sin desfibrilador reabre el debate\">La muerte de una mujer con problemas cardiacos en un vuelo sin desfibrilador reabre el debate<\/a>\n<\/span><\/div>","aioseo_breadcrumb_json":[{"label":"Home","link":"https:\/\/eldigitaldeasturias.com\/magazine365"},{"label":"Noticias y Actualidad","link":"https:\/\/eldigitaldeasturias.com\/magazine365\/category\/noticias-actualidad\/"},{"label":"La muerte de una mujer con problemas cardiacos en un vuelo sin desfibrilador reabre el debate","link":"https:\/\/eldigitaldeasturias.com\/magazine365\/la-muerte-de-una-mujer-con-problemas-cardiacos-en-un-vuelo-sin-desfibrilador-reabre-el-debate\/"}],"_links":{"self":[{"href":"https:\/\/eldigitaldeasturias.com\/magazine365\/wp-json\/wp\/v2\/posts\/40294","targetHints":{"allow":["GET"]}}],"collection":[{"href":"https:\/\/eldigitaldeasturias.com\/magazine365\/wp-json\/wp\/v2\/posts"}],"about":[{"href":"https:\/\/eldigitaldeasturias.com\/magazine365\/wp-json\/wp\/v2\/types\/post"}],"author":[{"embeddable":true,"href":"https:\/\/eldigitaldeasturias.com\/magazine365\/wp-json\/wp\/v2\/users\/1"}],"replies":[{"embeddable":true,"href":"https:\/\/eldigitaldeasturias.com\/magazine365\/wp-json\/wp\/v2\/comments?post=40294"}],"version-history":[{"count":0,"href":"https:\/\/eldigitaldeasturias.com\/magazine365\/wp-json\/wp\/v2\/posts\/40294\/revisions"}],"wp:featuredmedia":[{"embeddable":true,"href":"https:\/\/eldigitaldeasturias.com\/magazine365\/wp-json\/wp\/v2\/media\/40295"}],"wp:attachment":[{"href":"https:\/\/eldigitaldeasturias.com\/magazine365\/wp-json\/wp\/v2\/media?parent=40294"}],"wp:term":[{"taxonomy":"category","embeddable":true,"href":"https:\/\/eldigitaldeasturias.com\/magazine365\/wp-json\/wp\/v2\/categories?post=40294"},{"taxonomy":"post_tag","embeddable":true,"href":"https:\/\/eldigitaldeasturias.com\/magazine365\/wp-json\/wp\/v2\/tags?post=40294"}],"curies":[{"name":"wp","href":"https:\/\/api.w.org\/{rel}","templated":true}]}}