{"id":40281,"date":"2015-06-18T13:57:01","date_gmt":"2015-06-18T12:27:01","guid":{"rendered":"http:\/\/eldigitaldeasturias.com\/magazine365\/?p=40281"},"modified":"2015-06-18T13:57:01","modified_gmt":"2015-06-18T12:27:01","slug":"clia-celebrara-en-hamburgo-su-segunda-cubre-de-puertos-y-destinos","status":"publish","type":"post","link":"https:\/\/eldigitaldeasturias.com\/magazine365\/clia-celebrara-en-hamburgo-su-segunda-cubre-de-puertos-y-destinos\/","title":{"rendered":"CLIA celebrar\u00e1 en Hamburgo su segunda cubre de puertos y destinos"},"content":{"rendered":"<p><img fetchpriority=\"high\" decoding=\"async\" class=\"alignleft size-medium wp-image-40282\" src=\"https:\/\/eldigitaldeasturias.com\/magazine365\/wp-content\/uploads\/2015\/06\/fotonoticia_20150618124040_800-360x270.jpg\" alt=\"fotonoticia_20150618124040_800\" width=\"360\" height=\"270\" srcset=\"https:\/\/eldigitaldeasturias.com\/magazine365\/wp-content\/uploads\/2015\/06\/fotonoticia_20150618124040_800-360x270.jpg 360w, https:\/\/eldigitaldeasturias.com\/magazine365\/wp-content\/uploads\/2015\/06\/fotonoticia_20150618124040_800-650x488.jpg 650w, https:\/\/eldigitaldeasturias.com\/magazine365\/wp-content\/uploads\/2015\/06\/fotonoticia_20150618124040_800-768x576.jpg 768w, https:\/\/eldigitaldeasturias.com\/magazine365\/wp-content\/uploads\/2015\/06\/fotonoticia_20150618124040_800-150x113.jpg 150w, https:\/\/eldigitaldeasturias.com\/magazine365\/wp-content\/uploads\/2015\/06\/fotonoticia_20150618124040_800-450x338.jpg 450w, https:\/\/eldigitaldeasturias.com\/magazine365\/wp-content\/uploads\/2015\/06\/fotonoticia_20150618124040_800-80x60.jpg 80w, https:\/\/eldigitaldeasturias.com\/magazine365\/wp-content\/uploads\/2015\/06\/fotonoticia_20150618124040_800-265x198.jpg 265w, https:\/\/eldigitaldeasturias.com\/magazine365\/wp-content\/uploads\/2015\/06\/fotonoticia_20150618124040_800-696x522.jpg 696w, https:\/\/eldigitaldeasturias.com\/magazine365\/wp-content\/uploads\/2015\/06\/fotonoticia_20150618124040_800-560x420.jpg 560w, https:\/\/eldigitaldeasturias.com\/magazine365\/wp-content\/uploads\/2015\/06\/fotonoticia_20150618124040_800-90x67.jpg 90w, https:\/\/eldigitaldeasturias.com\/magazine365\/wp-content\/uploads\/2015\/06\/fotonoticia_20150618124040_800-100x75.jpg 100w, https:\/\/eldigitaldeasturias.com\/magazine365\/wp-content\/uploads\/2015\/06\/fotonoticia_20150618124040_800.jpg 800w\" sizes=\"(max-width: 360px) 100vw, 360px\" \/>La Asociaci\u00f3n Internacional de L\u00edneas de Cruceros (CLIA) celebrar\u00e1 en la ciudad alemana de Hamburgo la segunda Cumbre de Port &amp; Destination de CLIA (Asociaci\u00f3n Internacional de L\u00edneas de Cruceros), que tendr\u00e1 lugar del 8 al 9 de septiembre de este a\u00f1o.<\/p>\n<p>Tras la Cumbre inaugural en Barcelona, en septiembre del a\u00f1o pasado, CLIA celebrar\u00e1 su edici\u00f3n de 2015 en Hamburgo, un d\u00eda antes de que la ciudad acoja la &#8216;Seatrade Europe Cruise &amp; River Cruise Convention&#8217;, la reuni\u00f3n m\u00e1s grande de la industria de cruceros en Europa, que se celebrar\u00e1 del 9 al 11 de septiembre.<\/p>\n<p>La cumbre comprender\u00e1 una jornada completa en la que los delegados tendr\u00e1n la oportunidad de mantener un di\u00e1logo abierto sobre temas relevantes para los puertos y los destinos, y tambi\u00e9n para poder establecer contactos de alto nivel.<\/p>\n<p>El 9 de septiembre, la cumbre continuar\u00e1 con una sesi\u00f3n de &#8216;Business Exchange&#8217;, donde los delegados tendr\u00e1n la oportunidad de pre-reservar reuniones individuales con ejecutivos de las compa\u00f1\u00edas de cruceros.<\/p>\n<p>Hasta el momento, 24 ejecutivos que representan a 21 marcas de cruceros diferentes han confirmado su asistencia, y se prev\u00e9 que el n\u00famero aumente en las pr\u00f3ximas semanas. Estos ejecutivos est\u00e1n trabajando en las \u00e1reas de operaciones portuarias, desarrollo portuario, excursiones en las costas y planificaci\u00f3n de itinerarios.<\/p>\n<p>La Cumbre Port &amp; Destination es un evento clave en el calendario del Programa de Socios Ejecutivos de CLIA. Este programa, recientemente mejorado, ofrece un valor espec\u00edfico y la oportunidad de establecer contacto con diversas empresas y organizaciones que trabajan activamente en la industria de cruceros.<\/p>\n<p>A principios de este a\u00f1o, CLIA acogi\u00f3 su primer Foro Technical &amp; Regulatory adem\u00e1s del primer Foro Puerto &amp; Destino, celebrados ambos en Londres.<\/p>\n<p>\u00abEstamos seguros de que esta cumbre traer\u00e1 consigo nuevas oportunidades para los Socios Ejecutivos de CLIA y los miembros de la l\u00edneas de cruceros al m\u00e1s alto nivel\u00bb, asegur\u00f3 el vicepresidente de desarrollo global de puertos y destinos de Carnival Corporation, Giora Israel.<\/p>\n","protected":false},"excerpt":{"rendered":"<p>La Asociaci\u00f3n Internacional de L\u00edneas de Cruceros (CLIA) celebrar\u00e1 en la ciudad alemana de Hamburgo la segunda Cumbre de Port &amp; Destination de CLIA (Asociaci\u00f3n Internacional de L\u00edneas de Cruceros), que tendr\u00e1 lugar del 8 al 9 de septiembre de este a\u00f1o. Tras la Cumbre inaugural en Barcelona, en septiembre del a\u00f1o pasado, CLIA celebrar\u00e1<\/p>\n","protected":false},"author":1,"featured_media":40282,"comment_status":"open","ping_status":"closed","sticky":false,"template":"","format":"standard","meta":{"footnotes":""},"categories":[222],"tags":[],"class_list":{"0":"post-40281","1":"post","2":"type-post","3":"status-publish","4":"format-standard","5":"has-post-thumbnail","7":"category-actualidad-turismo"},"aioseo_notices":[],"aioseo_head":"\n\t\t<!-- All in One SEO Pro 4.9.6.1 - aioseo.com -->\n\t<meta name=\"description\" content=\"La Asociaci\u00f3n Internacional de L\u00edneas de Cruceros (CLIA) celebrar\u00e1 en la ciudad alemana de Hamburgo la segunda Cumbre de Port &amp; Destination de CLIA (Asociaci\u00f3n Internacional de L\u00edneas de Cruceros), que tendr\u00e1 lugar del 8 al 9 de septiembre de este a\u00f1o. Tras la Cumbre inaugural en Barcelona, en septiembre del a\u00f1o pasado, CLIA celebrar\u00e1\" \/>\n\t<meta name=\"robots\" content=\"max-image-preview:large\" \/>\n\t<meta name=\"author\" content=\"admin\"\/>\n\t<meta name=\"google-site-verification\" content=\"UA-38556648-1\" \/>\n\t<meta name=\"keywords\" content=\"actualidad turismo\" \/>\n\t<link rel=\"canonical\" href=\"https:\/\/eldigitaldeasturias.com\/magazine365\/clia-celebrara-en-hamburgo-su-segunda-cubre-de-puertos-y-destinos\/\" \/>\n\t<meta name=\"generator\" content=\"All in One SEO Pro (AIOSEO) 4.9.6.1\" \/>\n\t\t<meta property=\"og:locale\" content=\"es_ES\" \/>\n\t\t<meta property=\"og:site_name\" content=\"El Digital de Asturias \u2013 Revista de ocio, turismo y estilo de vida\" \/>\n\t\t<meta property=\"og:type\" content=\"article\" \/>\n\t\t<meta property=\"og:title\" content=\"CLIA celebrar\u00e1 en Hamburgo su segunda cubre de puertos y destinos | El Digital de Asturias\" \/>\n\t\t<meta property=\"og:description\" content=\"La Asociaci\u00f3n Internacional de L\u00edneas de Cruceros (CLIA) celebrar\u00e1 en la ciudad alemana de Hamburgo la segunda Cumbre de Port &amp; Destination de CLIA (Asociaci\u00f3n Internacional de L\u00edneas de Cruceros), que tendr\u00e1 lugar del 8 al 9 de septiembre de este a\u00f1o. Tras la Cumbre inaugural en Barcelona, en septiembre del a\u00f1o pasado, CLIA celebrar\u00e1\" \/>\n\t\t<meta property=\"og:url\" content=\"https:\/\/eldigitaldeasturias.com\/magazine365\/clia-celebrara-en-hamburgo-su-segunda-cubre-de-puertos-y-destinos\/\" \/>\n\t\t<meta property=\"og:image\" content=\"https:\/\/eldigitaldeasturias.com\/magazine365\/wp-content\/uploads\/2015\/06\/fotonoticia_20150618124040_800.jpg\" \/>\n\t\t<meta property=\"og:image:secure_url\" content=\"https:\/\/eldigitaldeasturias.com\/magazine365\/wp-content\/uploads\/2015\/06\/fotonoticia_20150618124040_800.jpg\" \/>\n\t\t<meta property=\"og:image:width\" content=\"800\" \/>\n\t\t<meta property=\"og:image:height\" content=\"600\" \/>\n\t\t<meta property=\"article:published_time\" content=\"2015-06-18T12:27:01+00:00\" \/>\n\t\t<meta property=\"article:modified_time\" content=\"2015-06-18T12:27:01+00:00\" \/>\n\t\t<meta name=\"twitter:card\" content=\"summary_large_image\" \/>\n\t\t<meta name=\"twitter:title\" content=\"CLIA celebrar\u00e1 en Hamburgo su segunda cubre de puertos y destinos | El Digital de Asturias\" \/>\n\t\t<meta name=\"twitter:description\" content=\"La Asociaci\u00f3n Internacional de L\u00edneas de Cruceros (CLIA) celebrar\u00e1 en la ciudad alemana de Hamburgo la segunda Cumbre de Port &amp; Destination de CLIA (Asociaci\u00f3n Internacional de L\u00edneas de Cruceros), que tendr\u00e1 lugar del 8 al 9 de septiembre de este a\u00f1o. Tras la Cumbre inaugural en Barcelona, en septiembre del a\u00f1o pasado, CLIA celebrar\u00e1\" \/>\n\t\t<meta name=\"twitter:image\" content=\"https:\/\/eldigitaldeasturias.com\/magazine365\/wp-content\/uploads\/2015\/06\/fotonoticia_20150618124040_800.jpg\" \/>\n\t\t<script type=\"application\/ld+json\" class=\"aioseo-schema\">\n\t\t\t{\"@context\":\"https:\\\/\\\/schema.org\",\"@graph\":[{\"@type\":\"Article\",\"@id\":\"https:\\\/\\\/eldigitaldeasturias.com\\\/magazine365\\\/clia-celebrara-en-hamburgo-su-segunda-cubre-de-puertos-y-destinos\\\/#article\",\"name\":\"CLIA celebrar\\u00e1 en Hamburgo su segunda cubre de puertos y destinos | El Digital de Asturias\",\"headline\":\"CLIA celebrar\\u00e1 en Hamburgo su segunda cubre de puertos y destinos\",\"author\":{\"@id\":\"https:\\\/\\\/eldigitaldeasturias.com\\\/magazine365\\\/author\\\/admin\\\/#author\"},\"publisher\":{\"@id\":\"https:\\\/\\\/eldigitaldeasturias.com\\\/magazine365\\\/#organization\"},\"image\":{\"@type\":\"ImageObject\",\"url\":\"https:\\\/\\\/eldigitaldeasturias.com\\\/magazine365\\\/wp-content\\\/uploads\\\/2015\\\/06\\\/fotonoticia_20150618124040_800.jpg\",\"width\":800,\"height\":600},\"datePublished\":\"2015-06-18T13:57:01+02:00\",\"dateModified\":\"2015-06-18T13:57:01+02:00\",\"inLanguage\":\"es-ES\",\"mainEntityOfPage\":{\"@id\":\"https:\\\/\\\/eldigitaldeasturias.com\\\/magazine365\\\/clia-celebrara-en-hamburgo-su-segunda-cubre-de-puertos-y-destinos\\\/#webpage\"},\"isPartOf\":{\"@id\":\"https:\\\/\\\/eldigitaldeasturias.com\\\/magazine365\\\/clia-celebrara-en-hamburgo-su-segunda-cubre-de-puertos-y-destinos\\\/#webpage\"},\"articleSection\":\"Actualidad Turismo\"},{\"@type\":\"BreadcrumbList\",\"@id\":\"https:\\\/\\\/eldigitaldeasturias.com\\\/magazine365\\\/clia-celebrara-en-hamburgo-su-segunda-cubre-de-puertos-y-destinos\\\/#breadcrumblist\",\"itemListElement\":[{\"@type\":\"ListItem\",\"@id\":\"https:\\\/\\\/eldigitaldeasturias.com\\\/magazine365#listItem\",\"position\":1,\"name\":\"Home\",\"item\":\"https:\\\/\\\/eldigitaldeasturias.com\\\/magazine365\",\"nextItem\":{\"@type\":\"ListItem\",\"@id\":\"https:\\\/\\\/eldigitaldeasturias.com\\\/magazine365\\\/category\\\/actualidad-turismo\\\/#listItem\",\"name\":\"Actualidad Turismo\"}},{\"@type\":\"ListItem\",\"@id\":\"https:\\\/\\\/eldigitaldeasturias.com\\\/magazine365\\\/category\\\/actualidad-turismo\\\/#listItem\",\"position\":2,\"name\":\"Actualidad Turismo\",\"item\":\"https:\\\/\\\/eldigitaldeasturias.com\\\/magazine365\\\/category\\\/actualidad-turismo\\\/\",\"nextItem\":{\"@type\":\"ListItem\",\"@id\":\"https:\\\/\\\/eldigitaldeasturias.com\\\/magazine365\\\/clia-celebrara-en-hamburgo-su-segunda-cubre-de-puertos-y-destinos\\\/#listItem\",\"name\":\"CLIA celebrar\\u00e1 en Hamburgo su segunda cubre de puertos y destinos\"},\"previousItem\":{\"@type\":\"ListItem\",\"@id\":\"https:\\\/\\\/eldigitaldeasturias.com\\\/magazine365#listItem\",\"name\":\"Home\"}},{\"@type\":\"ListItem\",\"@id\":\"https:\\\/\\\/eldigitaldeasturias.com\\\/magazine365\\\/clia-celebrara-en-hamburgo-su-segunda-cubre-de-puertos-y-destinos\\\/#listItem\",\"position\":3,\"name\":\"CLIA celebrar\\u00e1 en Hamburgo su segunda cubre de puertos y destinos\",\"previousItem\":{\"@type\":\"ListItem\",\"@id\":\"https:\\\/\\\/eldigitaldeasturias.com\\\/magazine365\\\/category\\\/actualidad-turismo\\\/#listItem\",\"name\":\"Actualidad Turismo\"}}]},{\"@type\":\"Organization\",\"@id\":\"https:\\\/\\\/eldigitaldeasturias.com\\\/magazine365\\\/#organization\",\"name\":\"El digital de Asturias\",\"description\":\"Revista de ocio, turismo y estilo de vida\",\"url\":\"https:\\\/\\\/eldigitaldeasturias.com\\\/magazine365\\\/\",\"logo\":{\"@type\":\"ImageObject\",\"url\":\"https:\\\/\\\/www.eldigitaldeasturias.com\\\/noticias\\\/wp-content\\\/uploads\\\/2020\\\/12\\\/EDA.jpg\",\"@id\":\"https:\\\/\\\/eldigitaldeasturias.com\\\/magazine365\\\/clia-celebrara-en-hamburgo-su-segunda-cubre-de-puertos-y-destinos\\\/#organizationLogo\"},\"image\":{\"@id\":\"https:\\\/\\\/eldigitaldeasturias.com\\\/magazine365\\\/clia-celebrara-en-hamburgo-su-segunda-cubre-de-puertos-y-destinos\\\/#organizationLogo\"}},{\"@type\":\"Person\",\"@id\":\"https:\\\/\\\/eldigitaldeasturias.com\\\/magazine365\\\/author\\\/admin\\\/#author\",\"url\":\"https:\\\/\\\/eldigitaldeasturias.com\\\/magazine365\\\/author\\\/admin\\\/\",\"name\":\"admin\",\"image\":{\"@type\":\"ImageObject\",\"@id\":\"https:\\\/\\\/eldigitaldeasturias.com\\\/magazine365\\\/clia-celebrara-en-hamburgo-su-segunda-cubre-de-puertos-y-destinos\\\/#authorImage\",\"url\":\"https:\\\/\\\/eldigitaldeasturias.com\\\/magazine365\\\/wp-content\\\/litespeed\\\/avatar\\\/e571bcf59a0edd6fa6838245a470f2fe.jpg?ver=1777574230\",\"width\":96,\"height\":96,\"caption\":\"admin\"}},{\"@type\":\"WebPage\",\"@id\":\"https:\\\/\\\/eldigitaldeasturias.com\\\/magazine365\\\/clia-celebrara-en-hamburgo-su-segunda-cubre-de-puertos-y-destinos\\\/#webpage\",\"url\":\"https:\\\/\\\/eldigitaldeasturias.com\\\/magazine365\\\/clia-celebrara-en-hamburgo-su-segunda-cubre-de-puertos-y-destinos\\\/\",\"name\":\"CLIA celebrar\\u00e1 en Hamburgo su segunda cubre de puertos y destinos | El Digital de Asturias\",\"description\":\"La Asociaci\\u00f3n Internacional de L\\u00edneas de Cruceros (CLIA) celebrar\\u00e1 en la ciudad alemana de Hamburgo la segunda Cumbre de Port & Destination de CLIA (Asociaci\\u00f3n Internacional de L\\u00edneas de Cruceros), que tendr\\u00e1 lugar del 8 al 9 de septiembre de este a\\u00f1o. Tras la Cumbre inaugural en Barcelona, en septiembre del a\\u00f1o pasado, CLIA celebrar\\u00e1\",\"inLanguage\":\"es-ES\",\"isPartOf\":{\"@id\":\"https:\\\/\\\/eldigitaldeasturias.com\\\/magazine365\\\/#website\"},\"breadcrumb\":{\"@id\":\"https:\\\/\\\/eldigitaldeasturias.com\\\/magazine365\\\/clia-celebrara-en-hamburgo-su-segunda-cubre-de-puertos-y-destinos\\\/#breadcrumblist\"},\"author\":{\"@id\":\"https:\\\/\\\/eldigitaldeasturias.com\\\/magazine365\\\/author\\\/admin\\\/#author\"},\"creator\":{\"@id\":\"https:\\\/\\\/eldigitaldeasturias.com\\\/magazine365\\\/author\\\/admin\\\/#author\"},\"image\":{\"@type\":\"ImageObject\",\"url\":\"https:\\\/\\\/eldigitaldeasturias.com\\\/magazine365\\\/wp-content\\\/uploads\\\/2015\\\/06\\\/fotonoticia_20150618124040_800.jpg\",\"@id\":\"https:\\\/\\\/eldigitaldeasturias.com\\\/magazine365\\\/clia-celebrara-en-hamburgo-su-segunda-cubre-de-puertos-y-destinos\\\/#mainImage\",\"width\":800,\"height\":600},\"primaryImageOfPage\":{\"@id\":\"https:\\\/\\\/eldigitaldeasturias.com\\\/magazine365\\\/clia-celebrara-en-hamburgo-su-segunda-cubre-de-puertos-y-destinos\\\/#mainImage\"},\"datePublished\":\"2015-06-18T13:57:01+02:00\",\"dateModified\":\"2015-06-18T13:57:01+02:00\"},{\"@type\":\"WebSite\",\"@id\":\"https:\\\/\\\/eldigitaldeasturias.com\\\/magazine365\\\/#website\",\"url\":\"https:\\\/\\\/eldigitaldeasturias.com\\\/magazine365\\\/\",\"name\":\"El Digital de Asturias\",\"description\":\"Revista de ocio, turismo y estilo de vida\",\"inLanguage\":\"es-ES\",\"publisher\":{\"@id\":\"https:\\\/\\\/eldigitaldeasturias.com\\\/magazine365\\\/#organization\"}}]}\n\t\t<\/script>\n\t\t<!-- All in One SEO Pro -->\r\n\t\t<title>CLIA celebrar\u00e1 en Hamburgo su segunda cubre de puertos y destinos | El Digital de Asturias<\/title>\n\n","aioseo_head_json":{"title":"CLIA celebrar\u00e1 en Hamburgo su segunda cubre de puertos y destinos | El Digital de Asturias","description":"La Asociaci\u00f3n Internacional de L\u00edneas de Cruceros (CLIA) celebrar\u00e1 en la ciudad alemana de Hamburgo la segunda Cumbre de Port & Destination de CLIA (Asociaci\u00f3n Internacional de L\u00edneas de Cruceros), que tendr\u00e1 lugar del 8 al 9 de septiembre de este a\u00f1o. Tras la Cumbre inaugural en Barcelona, en septiembre del a\u00f1o pasado, CLIA celebrar\u00e1","canonical_url":"https:\/\/eldigitaldeasturias.com\/magazine365\/clia-celebrara-en-hamburgo-su-segunda-cubre-de-puertos-y-destinos\/","robots":"max-image-preview:large","keywords":"actualidad turismo","webmasterTools":{"google-site-verification":"UA-38556648-1","miscellaneous":""},"schema":{"@context":"https:\/\/schema.org","@graph":[{"@type":"Article","@id":"https:\/\/eldigitaldeasturias.com\/magazine365\/clia-celebrara-en-hamburgo-su-segunda-cubre-de-puertos-y-destinos\/#article","name":"CLIA celebrar\u00e1 en Hamburgo su segunda cubre de puertos y destinos | El Digital de Asturias","headline":"CLIA celebrar\u00e1 en Hamburgo su segunda cubre de puertos y destinos","author":{"@id":"https:\/\/eldigitaldeasturias.com\/magazine365\/author\/admin\/#author"},"publisher":{"@id":"https:\/\/eldigitaldeasturias.com\/magazine365\/#organization"},"image":{"@type":"ImageObject","url":"https:\/\/eldigitaldeasturias.com\/magazine365\/wp-content\/uploads\/2015\/06\/fotonoticia_20150618124040_800.jpg","width":800,"height":600},"datePublished":"2015-06-18T13:57:01+02:00","dateModified":"2015-06-18T13:57:01+02:00","inLanguage":"es-ES","mainEntityOfPage":{"@id":"https:\/\/eldigitaldeasturias.com\/magazine365\/clia-celebrara-en-hamburgo-su-segunda-cubre-de-puertos-y-destinos\/#webpage"},"isPartOf":{"@id":"https:\/\/eldigitaldeasturias.com\/magazine365\/clia-celebrara-en-hamburgo-su-segunda-cubre-de-puertos-y-destinos\/#webpage"},"articleSection":"Actualidad Turismo"},{"@type":"BreadcrumbList","@id":"https:\/\/eldigitaldeasturias.com\/magazine365\/clia-celebrara-en-hamburgo-su-segunda-cubre-de-puertos-y-destinos\/#breadcrumblist","itemListElement":[{"@type":"ListItem","@id":"https:\/\/eldigitaldeasturias.com\/magazine365#listItem","position":1,"name":"Home","item":"https:\/\/eldigitaldeasturias.com\/magazine365","nextItem":{"@type":"ListItem","@id":"https:\/\/eldigitaldeasturias.com\/magazine365\/category\/actualidad-turismo\/#listItem","name":"Actualidad Turismo"}},{"@type":"ListItem","@id":"https:\/\/eldigitaldeasturias.com\/magazine365\/category\/actualidad-turismo\/#listItem","position":2,"name":"Actualidad Turismo","item":"https:\/\/eldigitaldeasturias.com\/magazine365\/category\/actualidad-turismo\/","nextItem":{"@type":"ListItem","@id":"https:\/\/eldigitaldeasturias.com\/magazine365\/clia-celebrara-en-hamburgo-su-segunda-cubre-de-puertos-y-destinos\/#listItem","name":"CLIA celebrar\u00e1 en Hamburgo su segunda cubre de puertos y destinos"},"previousItem":{"@type":"ListItem","@id":"https:\/\/eldigitaldeasturias.com\/magazine365#listItem","name":"Home"}},{"@type":"ListItem","@id":"https:\/\/eldigitaldeasturias.com\/magazine365\/clia-celebrara-en-hamburgo-su-segunda-cubre-de-puertos-y-destinos\/#listItem","position":3,"name":"CLIA celebrar\u00e1 en Hamburgo su segunda cubre de puertos y destinos","previousItem":{"@type":"ListItem","@id":"https:\/\/eldigitaldeasturias.com\/magazine365\/category\/actualidad-turismo\/#listItem","name":"Actualidad Turismo"}}]},{"@type":"Organization","@id":"https:\/\/eldigitaldeasturias.com\/magazine365\/#organization","name":"El digital de Asturias","description":"Revista de ocio, turismo y estilo de vida","url":"https:\/\/eldigitaldeasturias.com\/magazine365\/","logo":{"@type":"ImageObject","url":"https:\/\/www.eldigitaldeasturias.com\/noticias\/wp-content\/uploads\/2020\/12\/EDA.jpg","@id":"https:\/\/eldigitaldeasturias.com\/magazine365\/clia-celebrara-en-hamburgo-su-segunda-cubre-de-puertos-y-destinos\/#organizationLogo"},"image":{"@id":"https:\/\/eldigitaldeasturias.com\/magazine365\/clia-celebrara-en-hamburgo-su-segunda-cubre-de-puertos-y-destinos\/#organizationLogo"}},{"@type":"Person","@id":"https:\/\/eldigitaldeasturias.com\/magazine365\/author\/admin\/#author","url":"https:\/\/eldigitaldeasturias.com\/magazine365\/author\/admin\/","name":"admin","image":{"@type":"ImageObject","@id":"https:\/\/eldigitaldeasturias.com\/magazine365\/clia-celebrara-en-hamburgo-su-segunda-cubre-de-puertos-y-destinos\/#authorImage","url":"https:\/\/eldigitaldeasturias.com\/magazine365\/wp-content\/litespeed\/avatar\/e571bcf59a0edd6fa6838245a470f2fe.jpg?ver=1777574230","width":96,"height":96,"caption":"admin"}},{"@type":"WebPage","@id":"https:\/\/eldigitaldeasturias.com\/magazine365\/clia-celebrara-en-hamburgo-su-segunda-cubre-de-puertos-y-destinos\/#webpage","url":"https:\/\/eldigitaldeasturias.com\/magazine365\/clia-celebrara-en-hamburgo-su-segunda-cubre-de-puertos-y-destinos\/","name":"CLIA celebrar\u00e1 en Hamburgo su segunda cubre de puertos y destinos | El Digital de Asturias","description":"La Asociaci\u00f3n Internacional de L\u00edneas de Cruceros (CLIA) celebrar\u00e1 en la ciudad alemana de Hamburgo la segunda Cumbre de Port & Destination de CLIA (Asociaci\u00f3n Internacional de L\u00edneas de Cruceros), que tendr\u00e1 lugar del 8 al 9 de septiembre de este a\u00f1o. Tras la Cumbre inaugural en Barcelona, en septiembre del a\u00f1o pasado, CLIA celebrar\u00e1","inLanguage":"es-ES","isPartOf":{"@id":"https:\/\/eldigitaldeasturias.com\/magazine365\/#website"},"breadcrumb":{"@id":"https:\/\/eldigitaldeasturias.com\/magazine365\/clia-celebrara-en-hamburgo-su-segunda-cubre-de-puertos-y-destinos\/#breadcrumblist"},"author":{"@id":"https:\/\/eldigitaldeasturias.com\/magazine365\/author\/admin\/#author"},"creator":{"@id":"https:\/\/eldigitaldeasturias.com\/magazine365\/author\/admin\/#author"},"image":{"@type":"ImageObject","url":"https:\/\/eldigitaldeasturias.com\/magazine365\/wp-content\/uploads\/2015\/06\/fotonoticia_20150618124040_800.jpg","@id":"https:\/\/eldigitaldeasturias.com\/magazine365\/clia-celebrara-en-hamburgo-su-segunda-cubre-de-puertos-y-destinos\/#mainImage","width":800,"height":600},"primaryImageOfPage":{"@id":"https:\/\/eldigitaldeasturias.com\/magazine365\/clia-celebrara-en-hamburgo-su-segunda-cubre-de-puertos-y-destinos\/#mainImage"},"datePublished":"2015-06-18T13:57:01+02:00","dateModified":"2015-06-18T13:57:01+02:00"},{"@type":"WebSite","@id":"https:\/\/eldigitaldeasturias.com\/magazine365\/#website","url":"https:\/\/eldigitaldeasturias.com\/magazine365\/","name":"El Digital de Asturias","description":"Revista de ocio, turismo y estilo de vida","inLanguage":"es-ES","publisher":{"@id":"https:\/\/eldigitaldeasturias.com\/magazine365\/#organization"}}]},"og:locale":"es_ES","og:site_name":"El Digital de Asturias \u2013 Revista de ocio, turismo y estilo de vida","og:type":"article","og:title":"CLIA celebrar\u00e1 en Hamburgo su segunda cubre de puertos y destinos | El Digital de Asturias","og:description":"La Asociaci\u00f3n Internacional de L\u00edneas de Cruceros (CLIA) celebrar\u00e1 en la ciudad alemana de Hamburgo la segunda Cumbre de Port &amp; Destination de CLIA (Asociaci\u00f3n Internacional de L\u00edneas de Cruceros), que tendr\u00e1 lugar del 8 al 9 de septiembre de este a\u00f1o. Tras la Cumbre inaugural en Barcelona, en septiembre del a\u00f1o pasado, CLIA celebrar\u00e1","og:url":"https:\/\/eldigitaldeasturias.com\/magazine365\/clia-celebrara-en-hamburgo-su-segunda-cubre-de-puertos-y-destinos\/","og:image":"https:\/\/eldigitaldeasturias.com\/magazine365\/wp-content\/uploads\/2015\/06\/fotonoticia_20150618124040_800.jpg","og:image:secure_url":"https:\/\/eldigitaldeasturias.com\/magazine365\/wp-content\/uploads\/2015\/06\/fotonoticia_20150618124040_800.jpg","og:image:width":800,"og:image:height":600,"article:published_time":"2015-06-18T12:27:01+00:00","article:modified_time":"2015-06-18T12:27:01+00:00","twitter:card":"summary_large_image","twitter:title":"CLIA celebrar\u00e1 en Hamburgo su segunda cubre de puertos y destinos | El Digital de Asturias","twitter:description":"La Asociaci\u00f3n Internacional de L\u00edneas de Cruceros (CLIA) celebrar\u00e1 en la ciudad alemana de Hamburgo la segunda Cumbre de Port &amp; Destination de CLIA (Asociaci\u00f3n Internacional de L\u00edneas de Cruceros), que tendr\u00e1 lugar del 8 al 9 de septiembre de este a\u00f1o. Tras la Cumbre inaugural en Barcelona, en septiembre del a\u00f1o pasado, CLIA celebrar\u00e1","twitter:image":"https:\/\/eldigitaldeasturias.com\/magazine365\/wp-content\/uploads\/2015\/06\/fotonoticia_20150618124040_800.jpg"},"aioseo_meta_data":{"post_id":"40281","title":null,"description":null,"keywords":null,"keyphrases":null,"primary_term":null,"canonical_url":null,"og_title":null,"og_description":null,"og_object_type":"default","og_image_type":"default","og_image_url":null,"og_image_width":null,"og_image_height":null,"og_image_custom_url":null,"og_image_custom_fields":null,"og_video":null,"og_custom_url":null,"og_article_section":null,"og_article_tags":null,"twitter_use_og":false,"twitter_card":"default","twitter_image_type":"default","twitter_image_url":null,"twitter_image_custom_url":null,"twitter_image_custom_fields":null,"twitter_title":null,"twitter_description":null,"schema":{"blockGraphs":[],"customGraphs":[],"default":{"data":{"Article":[],"Course":[],"Dataset":[],"FAQPage":[],"Movie":[],"Person":[],"Product":[],"ProductReview":[],"Car":[],"Recipe":[],"Service":[],"SoftwareApplication":[],"WebPage":[]},"graphName":"","isEnabled":true},"graphs":[],"defaultGraph":"","defaultPostTypeGraph":""},"schema_type":null,"schema_type_options":null,"pillar_content":false,"robots_default":true,"robots_noindex":false,"robots_noarchive":false,"robots_nosnippet":false,"robots_nofollow":false,"robots_noimageindex":false,"robots_noodp":false,"robots_notranslate":false,"robots_max_snippet":null,"robots_max_videopreview":null,"robots_max_imagepreview":"large","priority":null,"frequency":null,"location":null,"local_seo":null,"seo_analyzer_scan_date":"2025-09-19 13:16:00","breadcrumb_settings":null,"limit_modified_date":false,"open_ai":null,"ai":null,"created":"2021-03-09 02:30:52","updated":"2025-09-19 13:16:00"},"aioseo_breadcrumb":"<div class=\"aioseo-breadcrumbs\"><span class=\"aioseo-breadcrumb\">\n\t<a href=\"https:\/\/eldigitaldeasturias.com\/magazine365\" title=\"Home\">Home<\/a>\n<\/span><span class=\"aioseo-breadcrumb-separator\">\u2013<\/span><span class=\"aioseo-breadcrumb\">\n\t<a href=\"https:\/\/eldigitaldeasturias.com\/magazine365\/category\/actualidad-turismo\/\" title=\"Actualidad Turismo\">Actualidad Turismo<\/a>\n<\/span><span class=\"aioseo-breadcrumb-separator\">\u2013<\/span><span class=\"aioseo-breadcrumb\">\n\t<a href=\"https:\/\/eldigitaldeasturias.com\/magazine365\/clia-celebrara-en-hamburgo-su-segunda-cubre-de-puertos-y-destinos\/\" title=\"CLIA celebrar\u00e1 en Hamburgo su segunda cubre de puertos y destinos\">CLIA celebrar\u00e1 en Hamburgo su segunda cubre de puertos y destinos<\/a>\n<\/span><\/div>","aioseo_breadcrumb_json":[{"label":"Home","link":"https:\/\/eldigitaldeasturias.com\/magazine365"},{"label":"Actualidad Turismo","link":"https:\/\/eldigitaldeasturias.com\/magazine365\/category\/actualidad-turismo\/"},{"label":"CLIA celebrar\u00e1 en Hamburgo su segunda cubre de puertos y destinos","link":"https:\/\/eldigitaldeasturias.com\/magazine365\/clia-celebrara-en-hamburgo-su-segunda-cubre-de-puertos-y-destinos\/"}],"_links":{"self":[{"href":"https:\/\/eldigitaldeasturias.com\/magazine365\/wp-json\/wp\/v2\/posts\/40281","targetHints":{"allow":["GET"]}}],"collection":[{"href":"https:\/\/eldigitaldeasturias.com\/magazine365\/wp-json\/wp\/v2\/posts"}],"about":[{"href":"https:\/\/eldigitaldeasturias.com\/magazine365\/wp-json\/wp\/v2\/types\/post"}],"author":[{"embeddable":true,"href":"https:\/\/eldigitaldeasturias.com\/magazine365\/wp-json\/wp\/v2\/users\/1"}],"replies":[{"embeddable":true,"href":"https:\/\/eldigitaldeasturias.com\/magazine365\/wp-json\/wp\/v2\/comments?post=40281"}],"version-history":[{"count":0,"href":"https:\/\/eldigitaldeasturias.com\/magazine365\/wp-json\/wp\/v2\/posts\/40281\/revisions"}],"wp:featuredmedia":[{"embeddable":true,"href":"https:\/\/eldigitaldeasturias.com\/magazine365\/wp-json\/wp\/v2\/media\/40282"}],"wp:attachment":[{"href":"https:\/\/eldigitaldeasturias.com\/magazine365\/wp-json\/wp\/v2\/media?parent=40281"}],"wp:term":[{"taxonomy":"category","embeddable":true,"href":"https:\/\/eldigitaldeasturias.com\/magazine365\/wp-json\/wp\/v2\/categories?post=40281"},{"taxonomy":"post_tag","embeddable":true,"href":"https:\/\/eldigitaldeasturias.com\/magazine365\/wp-json\/wp\/v2\/tags?post=40281"}],"curies":[{"name":"wp","href":"https:\/\/api.w.org\/{rel}","templated":true}]}}