{"id":40275,"date":"2015-06-18T13:50:47","date_gmt":"2015-06-18T12:20:47","guid":{"rendered":"http:\/\/eldigitaldeasturias.com\/magazine365\/?p=40275"},"modified":"2015-06-18T13:50:47","modified_gmt":"2015-06-18T12:20:47","slug":"las-reservas-de-island-tours-crecen-un-23-este-verano","status":"publish","type":"post","link":"https:\/\/eldigitaldeasturias.com\/magazine365\/las-reservas-de-island-tours-crecen-un-23-este-verano\/","title":{"rendered":"Las reservas de Island Tours crecen un 23% este verano"},"content":{"rendered":"<p><img fetchpriority=\"high\" decoding=\"async\" class=\"alignleft size-medium wp-image-40276\" src=\"https:\/\/eldigitaldeasturias.com\/magazine365\/wp-content\/uploads\/2015\/06\/fotonoticia_20150618114918_800-360x270.jpg\" alt=\"fotonoticia_20150618114918_800\" width=\"360\" height=\"270\" srcset=\"https:\/\/eldigitaldeasturias.com\/magazine365\/wp-content\/uploads\/2015\/06\/fotonoticia_20150618114918_800-360x270.jpg 360w, https:\/\/eldigitaldeasturias.com\/magazine365\/wp-content\/uploads\/2015\/06\/fotonoticia_20150618114918_800-650x488.jpg 650w, https:\/\/eldigitaldeasturias.com\/magazine365\/wp-content\/uploads\/2015\/06\/fotonoticia_20150618114918_800-768x576.jpg 768w, https:\/\/eldigitaldeasturias.com\/magazine365\/wp-content\/uploads\/2015\/06\/fotonoticia_20150618114918_800-150x113.jpg 150w, https:\/\/eldigitaldeasturias.com\/magazine365\/wp-content\/uploads\/2015\/06\/fotonoticia_20150618114918_800-450x338.jpg 450w, https:\/\/eldigitaldeasturias.com\/magazine365\/wp-content\/uploads\/2015\/06\/fotonoticia_20150618114918_800-80x60.jpg 80w, https:\/\/eldigitaldeasturias.com\/magazine365\/wp-content\/uploads\/2015\/06\/fotonoticia_20150618114918_800-265x198.jpg 265w, https:\/\/eldigitaldeasturias.com\/magazine365\/wp-content\/uploads\/2015\/06\/fotonoticia_20150618114918_800-696x522.jpg 696w, https:\/\/eldigitaldeasturias.com\/magazine365\/wp-content\/uploads\/2015\/06\/fotonoticia_20150618114918_800-560x420.jpg 560w, https:\/\/eldigitaldeasturias.com\/magazine365\/wp-content\/uploads\/2015\/06\/fotonoticia_20150618114918_800-90x67.jpg 90w, https:\/\/eldigitaldeasturias.com\/magazine365\/wp-content\/uploads\/2015\/06\/fotonoticia_20150618114918_800-100x75.jpg 100w, https:\/\/eldigitaldeasturias.com\/magazine365\/wp-content\/uploads\/2015\/06\/fotonoticia_20150618114918_800.jpg 800w\" sizes=\"(max-width: 360px) 100vw, 360px\" \/>Island Tours, touroperador especialista en viajes a Islandia, ha registrado durante el primer semestre del a\u00f1o un aumento de reservas del 23%, por lo que su previsi\u00f3n para cierre de este a\u00f1o es \u00aboptimista\u00bb.<\/p>\n<p>Islandia, es un pa\u00eds que est\u00e1 de moda, un destino que atrae cada vez a m\u00e1s espa\u00f1oles. Seg\u00fan los datos de la Oficina de Turismo de Islandia, de enero a mayo de este a\u00f1o, 4.677 espa\u00f1oles visitaron tierras islandesas, mientras que en 2014, la cifra se situ\u00f3 en los 3.347 viajeros. En comparaci\u00f3n con el mismo periodo del a\u00f1o pasado, supone un aumento de m\u00e1s del 39%.<\/p>\n<p>Seg\u00fan las estad\u00edsticas de la Oficina de Turismo, el tiempo de estancia media de los espa\u00f1oles en Islandia es de 11 d\u00edas. Precisamente, los programas que ofrece Island Tours son en su mayor\u00eda de 8 y 11 d\u00edas, que es el tiempo que se recomienda para conocer los lugares m\u00e1s emblem\u00e1ticos del pa\u00eds.<\/p>\n<p>El inter\u00e9s de los turistas europeos por Islandia ha aumentado en los \u00faltimos a\u00f1os. Casi un mill\u00f3n de turistas (997.000) visit\u00f3 el pa\u00eds el a\u00f1o pasado; una cifra r\u00e9cord que supone un aumento del 23,6% sobre el a\u00f1o 2013, cuando m\u00e1s de 800.000 turistas disfrutaron de Islandia.<\/p>\n<p>En 2014, un total de 20.932 turistas espa\u00f1oles llegaron por avi\u00f3n a Islandia, un 23% m\u00e1s que el a\u00f1o anterior, seg\u00fan las autoridades tur\u00edsticas islandesas.<\/p>\n<p>Por el tipo de destino, la reservas para viajar a Islandia suelen tener dos picos durante el a\u00f1o: en el mes de abril (viajeros que preparan su viaje con antelaci\u00f3n) y en junio (viajeros que lo deciden en el \u00faltimo momento).<\/p>\n<p>\u00abSabemos que Islandia no es un destino de \u00faltima hora porque no dispone de muchas plazas hoteleras y eso supone un riesgo. Recomendamos que acudan a vernos en marzo o abril y as\u00ed poder planificar con tranquilidad su estancia en Islandia\u00bb, explic\u00f3 el director general de la agencia, David Fern\u00e1ndez.<\/p>\n<p>NUEVOS PRODUCTOS.<\/p>\n<p>Como nuevos productos, Island Tours ha lanzado este a\u00f1o el crucero &#8216;Mares Vikingos&#8217;, el \u00fanico que se realiza en tierras islandesas. Un recorrido de once d\u00edas de duraci\u00f3n que permite admirar la costa islandesa y el singular litoral de los mares del norte, adem\u00e1s de realizar una noche en Reykjav\u00edk.<\/p>\n<p>Asimismo, Island Tours ofrece Alaska como nuevo destino. El touperador incluye en su cat\u00e1logo de 2015 tres programas viajando desde Reykjav\u00edk a Anchorage (Alaska) con vuelos directos de Icelandair.<\/p>\n<p>El mayorista tambi\u00e9n ha lanzado una propuesta de actividades para todos aquellos que visitan Islandia y desean completar su viaje. \u00abPara este a\u00f1o contamos con 15 actividades nuevas como visita a la Cueva de Hielo, avistamiento de focas, caminata sobre glaciar, o paseos en barco entre icebergs\u00bb, concluy\u00f3 Fern\u00e1ndez.<\/p>\n","protected":false},"excerpt":{"rendered":"<p>Island Tours, touroperador especialista en viajes a Islandia, ha registrado durante el primer semestre del a\u00f1o un aumento de reservas del 23%, por lo que su previsi\u00f3n para cierre de este a\u00f1o es \u00aboptimista\u00bb. Islandia, es un pa\u00eds que est\u00e1 de moda, un destino que atrae cada vez a m\u00e1s espa\u00f1oles. Seg\u00fan los datos de<\/p>\n","protected":false},"author":1,"featured_media":40276,"comment_status":"open","ping_status":"closed","sticky":false,"template":"","format":"standard","meta":{"footnotes":""},"categories":[222],"tags":[],"class_list":{"0":"post-40275","1":"post","2":"type-post","3":"status-publish","4":"format-standard","5":"has-post-thumbnail","7":"category-actualidad-turismo"},"aioseo_notices":[],"aioseo_head":"\n\t\t<!-- All in One SEO Pro 4.9.6.1 - aioseo.com -->\n\t<meta name=\"description\" content=\"Island Tours, touroperador especialista en viajes a Islandia, ha registrado durante el primer semestre del a\u00f1o un aumento de reservas del 23%, por lo que su previsi\u00f3n para cierre de este a\u00f1o es &quot;optimista&quot;. Islandia, es un pa\u00eds que est\u00e1 de moda, un destino que atrae cada vez a m\u00e1s espa\u00f1oles. Seg\u00fan los datos de\" \/>\n\t<meta name=\"robots\" content=\"max-image-preview:large\" \/>\n\t<meta name=\"author\" content=\"admin\"\/>\n\t<meta name=\"google-site-verification\" content=\"UA-38556648-1\" \/>\n\t<meta name=\"keywords\" content=\"actualidad turismo\" \/>\n\t<link rel=\"canonical\" href=\"https:\/\/eldigitaldeasturias.com\/magazine365\/las-reservas-de-island-tours-crecen-un-23-este-verano\/\" \/>\n\t<meta name=\"generator\" content=\"All in One SEO Pro (AIOSEO) 4.9.6.1\" \/>\n\t\t<meta property=\"og:locale\" content=\"es_ES\" \/>\n\t\t<meta property=\"og:site_name\" content=\"El Digital de Asturias \u2013 Revista de ocio, turismo y estilo de vida\" \/>\n\t\t<meta property=\"og:type\" content=\"article\" \/>\n\t\t<meta property=\"og:title\" content=\"Las reservas de Island Tours crecen un 23% este verano | El Digital de Asturias\" \/>\n\t\t<meta property=\"og:description\" content=\"Island Tours, touroperador especialista en viajes a Islandia, ha registrado durante el primer semestre del a\u00f1o un aumento de reservas del 23%, por lo que su previsi\u00f3n para cierre de este a\u00f1o es &quot;optimista&quot;. Islandia, es un pa\u00eds que est\u00e1 de moda, un destino que atrae cada vez a m\u00e1s espa\u00f1oles. Seg\u00fan los datos de\" \/>\n\t\t<meta property=\"og:url\" content=\"https:\/\/eldigitaldeasturias.com\/magazine365\/las-reservas-de-island-tours-crecen-un-23-este-verano\/\" \/>\n\t\t<meta property=\"og:image\" content=\"https:\/\/eldigitaldeasturias.com\/magazine365\/wp-content\/uploads\/2015\/06\/fotonoticia_20150618114918_800.jpg\" \/>\n\t\t<meta property=\"og:image:secure_url\" content=\"https:\/\/eldigitaldeasturias.com\/magazine365\/wp-content\/uploads\/2015\/06\/fotonoticia_20150618114918_800.jpg\" \/>\n\t\t<meta property=\"og:image:width\" content=\"800\" \/>\n\t\t<meta property=\"og:image:height\" content=\"600\" \/>\n\t\t<meta property=\"article:published_time\" content=\"2015-06-18T12:20:47+00:00\" \/>\n\t\t<meta property=\"article:modified_time\" content=\"2015-06-18T12:20:47+00:00\" \/>\n\t\t<meta name=\"twitter:card\" content=\"summary_large_image\" \/>\n\t\t<meta name=\"twitter:title\" content=\"Las reservas de Island Tours crecen un 23% este verano | El Digital de Asturias\" \/>\n\t\t<meta name=\"twitter:description\" content=\"Island Tours, touroperador especialista en viajes a Islandia, ha registrado durante el primer semestre del a\u00f1o un aumento de reservas del 23%, por lo que su previsi\u00f3n para cierre de este a\u00f1o es &quot;optimista&quot;. Islandia, es un pa\u00eds que est\u00e1 de moda, un destino que atrae cada vez a m\u00e1s espa\u00f1oles. Seg\u00fan los datos de\" \/>\n\t\t<meta name=\"twitter:image\" content=\"https:\/\/eldigitaldeasturias.com\/magazine365\/wp-content\/uploads\/2015\/06\/fotonoticia_20150618114918_800.jpg\" \/>\n\t\t<script type=\"application\/ld+json\" class=\"aioseo-schema\">\n\t\t\t{\"@context\":\"https:\\\/\\\/schema.org\",\"@graph\":[{\"@type\":\"Article\",\"@id\":\"https:\\\/\\\/eldigitaldeasturias.com\\\/magazine365\\\/las-reservas-de-island-tours-crecen-un-23-este-verano\\\/#article\",\"name\":\"Las reservas de Island Tours crecen un 23% este verano | El Digital de Asturias\",\"headline\":\"Las reservas de Island Tours crecen un 23% este verano\",\"author\":{\"@id\":\"https:\\\/\\\/eldigitaldeasturias.com\\\/magazine365\\\/author\\\/admin\\\/#author\"},\"publisher\":{\"@id\":\"https:\\\/\\\/eldigitaldeasturias.com\\\/magazine365\\\/#organization\"},\"image\":{\"@type\":\"ImageObject\",\"url\":\"https:\\\/\\\/eldigitaldeasturias.com\\\/magazine365\\\/wp-content\\\/uploads\\\/2015\\\/06\\\/fotonoticia_20150618114918_800.jpg\",\"width\":800,\"height\":600},\"datePublished\":\"2015-06-18T13:50:47+02:00\",\"dateModified\":\"2015-06-18T13:50:47+02:00\",\"inLanguage\":\"es-ES\",\"mainEntityOfPage\":{\"@id\":\"https:\\\/\\\/eldigitaldeasturias.com\\\/magazine365\\\/las-reservas-de-island-tours-crecen-un-23-este-verano\\\/#webpage\"},\"isPartOf\":{\"@id\":\"https:\\\/\\\/eldigitaldeasturias.com\\\/magazine365\\\/las-reservas-de-island-tours-crecen-un-23-este-verano\\\/#webpage\"},\"articleSection\":\"Actualidad Turismo\"},{\"@type\":\"BreadcrumbList\",\"@id\":\"https:\\\/\\\/eldigitaldeasturias.com\\\/magazine365\\\/las-reservas-de-island-tours-crecen-un-23-este-verano\\\/#breadcrumblist\",\"itemListElement\":[{\"@type\":\"ListItem\",\"@id\":\"https:\\\/\\\/eldigitaldeasturias.com\\\/magazine365#listItem\",\"position\":1,\"name\":\"Home\",\"item\":\"https:\\\/\\\/eldigitaldeasturias.com\\\/magazine365\",\"nextItem\":{\"@type\":\"ListItem\",\"@id\":\"https:\\\/\\\/eldigitaldeasturias.com\\\/magazine365\\\/category\\\/actualidad-turismo\\\/#listItem\",\"name\":\"Actualidad Turismo\"}},{\"@type\":\"ListItem\",\"@id\":\"https:\\\/\\\/eldigitaldeasturias.com\\\/magazine365\\\/category\\\/actualidad-turismo\\\/#listItem\",\"position\":2,\"name\":\"Actualidad Turismo\",\"item\":\"https:\\\/\\\/eldigitaldeasturias.com\\\/magazine365\\\/category\\\/actualidad-turismo\\\/\",\"nextItem\":{\"@type\":\"ListItem\",\"@id\":\"https:\\\/\\\/eldigitaldeasturias.com\\\/magazine365\\\/las-reservas-de-island-tours-crecen-un-23-este-verano\\\/#listItem\",\"name\":\"Las reservas de Island Tours crecen un 23% este verano\"},\"previousItem\":{\"@type\":\"ListItem\",\"@id\":\"https:\\\/\\\/eldigitaldeasturias.com\\\/magazine365#listItem\",\"name\":\"Home\"}},{\"@type\":\"ListItem\",\"@id\":\"https:\\\/\\\/eldigitaldeasturias.com\\\/magazine365\\\/las-reservas-de-island-tours-crecen-un-23-este-verano\\\/#listItem\",\"position\":3,\"name\":\"Las reservas de Island Tours crecen un 23% este verano\",\"previousItem\":{\"@type\":\"ListItem\",\"@id\":\"https:\\\/\\\/eldigitaldeasturias.com\\\/magazine365\\\/category\\\/actualidad-turismo\\\/#listItem\",\"name\":\"Actualidad Turismo\"}}]},{\"@type\":\"Organization\",\"@id\":\"https:\\\/\\\/eldigitaldeasturias.com\\\/magazine365\\\/#organization\",\"name\":\"El digital de Asturias\",\"description\":\"Revista de ocio, turismo y estilo de vida\",\"url\":\"https:\\\/\\\/eldigitaldeasturias.com\\\/magazine365\\\/\",\"logo\":{\"@type\":\"ImageObject\",\"url\":\"https:\\\/\\\/www.eldigitaldeasturias.com\\\/noticias\\\/wp-content\\\/uploads\\\/2020\\\/12\\\/EDA.jpg\",\"@id\":\"https:\\\/\\\/eldigitaldeasturias.com\\\/magazine365\\\/las-reservas-de-island-tours-crecen-un-23-este-verano\\\/#organizationLogo\"},\"image\":{\"@id\":\"https:\\\/\\\/eldigitaldeasturias.com\\\/magazine365\\\/las-reservas-de-island-tours-crecen-un-23-este-verano\\\/#organizationLogo\"}},{\"@type\":\"Person\",\"@id\":\"https:\\\/\\\/eldigitaldeasturias.com\\\/magazine365\\\/author\\\/admin\\\/#author\",\"url\":\"https:\\\/\\\/eldigitaldeasturias.com\\\/magazine365\\\/author\\\/admin\\\/\",\"name\":\"admin\",\"image\":{\"@type\":\"ImageObject\",\"@id\":\"https:\\\/\\\/eldigitaldeasturias.com\\\/magazine365\\\/las-reservas-de-island-tours-crecen-un-23-este-verano\\\/#authorImage\",\"url\":\"https:\\\/\\\/eldigitaldeasturias.com\\\/magazine365\\\/wp-content\\\/litespeed\\\/avatar\\\/e571bcf59a0edd6fa6838245a470f2fe.jpg?ver=1777574230\",\"width\":96,\"height\":96,\"caption\":\"admin\"}},{\"@type\":\"WebPage\",\"@id\":\"https:\\\/\\\/eldigitaldeasturias.com\\\/magazine365\\\/las-reservas-de-island-tours-crecen-un-23-este-verano\\\/#webpage\",\"url\":\"https:\\\/\\\/eldigitaldeasturias.com\\\/magazine365\\\/las-reservas-de-island-tours-crecen-un-23-este-verano\\\/\",\"name\":\"Las reservas de Island Tours crecen un 23% este verano | El Digital de Asturias\",\"description\":\"Island Tours, touroperador especialista en viajes a Islandia, ha registrado durante el primer semestre del a\\u00f1o un aumento de reservas del 23%, por lo que su previsi\\u00f3n para cierre de este a\\u00f1o es \\\"optimista\\\". Islandia, es un pa\\u00eds que est\\u00e1 de moda, un destino que atrae cada vez a m\\u00e1s espa\\u00f1oles. Seg\\u00fan los datos de\",\"inLanguage\":\"es-ES\",\"isPartOf\":{\"@id\":\"https:\\\/\\\/eldigitaldeasturias.com\\\/magazine365\\\/#website\"},\"breadcrumb\":{\"@id\":\"https:\\\/\\\/eldigitaldeasturias.com\\\/magazine365\\\/las-reservas-de-island-tours-crecen-un-23-este-verano\\\/#breadcrumblist\"},\"author\":{\"@id\":\"https:\\\/\\\/eldigitaldeasturias.com\\\/magazine365\\\/author\\\/admin\\\/#author\"},\"creator\":{\"@id\":\"https:\\\/\\\/eldigitaldeasturias.com\\\/magazine365\\\/author\\\/admin\\\/#author\"},\"image\":{\"@type\":\"ImageObject\",\"url\":\"https:\\\/\\\/eldigitaldeasturias.com\\\/magazine365\\\/wp-content\\\/uploads\\\/2015\\\/06\\\/fotonoticia_20150618114918_800.jpg\",\"@id\":\"https:\\\/\\\/eldigitaldeasturias.com\\\/magazine365\\\/las-reservas-de-island-tours-crecen-un-23-este-verano\\\/#mainImage\",\"width\":800,\"height\":600},\"primaryImageOfPage\":{\"@id\":\"https:\\\/\\\/eldigitaldeasturias.com\\\/magazine365\\\/las-reservas-de-island-tours-crecen-un-23-este-verano\\\/#mainImage\"},\"datePublished\":\"2015-06-18T13:50:47+02:00\",\"dateModified\":\"2015-06-18T13:50:47+02:00\"},{\"@type\":\"WebSite\",\"@id\":\"https:\\\/\\\/eldigitaldeasturias.com\\\/magazine365\\\/#website\",\"url\":\"https:\\\/\\\/eldigitaldeasturias.com\\\/magazine365\\\/\",\"name\":\"El Digital de Asturias\",\"description\":\"Revista de ocio, turismo y estilo de vida\",\"inLanguage\":\"es-ES\",\"publisher\":{\"@id\":\"https:\\\/\\\/eldigitaldeasturias.com\\\/magazine365\\\/#organization\"}}]}\n\t\t<\/script>\n\t\t<!-- All in One SEO Pro -->\r\n\t\t<title>Las reservas de Island Tours crecen un 23% este verano | El Digital de Asturias<\/title>\n\n","aioseo_head_json":{"title":"Las reservas de Island Tours crecen un 23% este verano | El Digital de Asturias","description":"Island Tours, touroperador especialista en viajes a Islandia, ha registrado durante el primer semestre del a\u00f1o un aumento de reservas del 23%, por lo que su previsi\u00f3n para cierre de este a\u00f1o es \"optimista\". Islandia, es un pa\u00eds que est\u00e1 de moda, un destino que atrae cada vez a m\u00e1s espa\u00f1oles. Seg\u00fan los datos de","canonical_url":"https:\/\/eldigitaldeasturias.com\/magazine365\/las-reservas-de-island-tours-crecen-un-23-este-verano\/","robots":"max-image-preview:large","keywords":"actualidad turismo","webmasterTools":{"google-site-verification":"UA-38556648-1","miscellaneous":""},"schema":{"@context":"https:\/\/schema.org","@graph":[{"@type":"Article","@id":"https:\/\/eldigitaldeasturias.com\/magazine365\/las-reservas-de-island-tours-crecen-un-23-este-verano\/#article","name":"Las reservas de Island Tours crecen un 23% este verano | El Digital de Asturias","headline":"Las reservas de Island Tours crecen un 23% este verano","author":{"@id":"https:\/\/eldigitaldeasturias.com\/magazine365\/author\/admin\/#author"},"publisher":{"@id":"https:\/\/eldigitaldeasturias.com\/magazine365\/#organization"},"image":{"@type":"ImageObject","url":"https:\/\/eldigitaldeasturias.com\/magazine365\/wp-content\/uploads\/2015\/06\/fotonoticia_20150618114918_800.jpg","width":800,"height":600},"datePublished":"2015-06-18T13:50:47+02:00","dateModified":"2015-06-18T13:50:47+02:00","inLanguage":"es-ES","mainEntityOfPage":{"@id":"https:\/\/eldigitaldeasturias.com\/magazine365\/las-reservas-de-island-tours-crecen-un-23-este-verano\/#webpage"},"isPartOf":{"@id":"https:\/\/eldigitaldeasturias.com\/magazine365\/las-reservas-de-island-tours-crecen-un-23-este-verano\/#webpage"},"articleSection":"Actualidad Turismo"},{"@type":"BreadcrumbList","@id":"https:\/\/eldigitaldeasturias.com\/magazine365\/las-reservas-de-island-tours-crecen-un-23-este-verano\/#breadcrumblist","itemListElement":[{"@type":"ListItem","@id":"https:\/\/eldigitaldeasturias.com\/magazine365#listItem","position":1,"name":"Home","item":"https:\/\/eldigitaldeasturias.com\/magazine365","nextItem":{"@type":"ListItem","@id":"https:\/\/eldigitaldeasturias.com\/magazine365\/category\/actualidad-turismo\/#listItem","name":"Actualidad Turismo"}},{"@type":"ListItem","@id":"https:\/\/eldigitaldeasturias.com\/magazine365\/category\/actualidad-turismo\/#listItem","position":2,"name":"Actualidad Turismo","item":"https:\/\/eldigitaldeasturias.com\/magazine365\/category\/actualidad-turismo\/","nextItem":{"@type":"ListItem","@id":"https:\/\/eldigitaldeasturias.com\/magazine365\/las-reservas-de-island-tours-crecen-un-23-este-verano\/#listItem","name":"Las reservas de Island Tours crecen un 23% este verano"},"previousItem":{"@type":"ListItem","@id":"https:\/\/eldigitaldeasturias.com\/magazine365#listItem","name":"Home"}},{"@type":"ListItem","@id":"https:\/\/eldigitaldeasturias.com\/magazine365\/las-reservas-de-island-tours-crecen-un-23-este-verano\/#listItem","position":3,"name":"Las reservas de Island Tours crecen un 23% este verano","previousItem":{"@type":"ListItem","@id":"https:\/\/eldigitaldeasturias.com\/magazine365\/category\/actualidad-turismo\/#listItem","name":"Actualidad Turismo"}}]},{"@type":"Organization","@id":"https:\/\/eldigitaldeasturias.com\/magazine365\/#organization","name":"El digital de Asturias","description":"Revista de ocio, turismo y estilo de vida","url":"https:\/\/eldigitaldeasturias.com\/magazine365\/","logo":{"@type":"ImageObject","url":"https:\/\/www.eldigitaldeasturias.com\/noticias\/wp-content\/uploads\/2020\/12\/EDA.jpg","@id":"https:\/\/eldigitaldeasturias.com\/magazine365\/las-reservas-de-island-tours-crecen-un-23-este-verano\/#organizationLogo"},"image":{"@id":"https:\/\/eldigitaldeasturias.com\/magazine365\/las-reservas-de-island-tours-crecen-un-23-este-verano\/#organizationLogo"}},{"@type":"Person","@id":"https:\/\/eldigitaldeasturias.com\/magazine365\/author\/admin\/#author","url":"https:\/\/eldigitaldeasturias.com\/magazine365\/author\/admin\/","name":"admin","image":{"@type":"ImageObject","@id":"https:\/\/eldigitaldeasturias.com\/magazine365\/las-reservas-de-island-tours-crecen-un-23-este-verano\/#authorImage","url":"https:\/\/eldigitaldeasturias.com\/magazine365\/wp-content\/litespeed\/avatar\/e571bcf59a0edd6fa6838245a470f2fe.jpg?ver=1777574230","width":96,"height":96,"caption":"admin"}},{"@type":"WebPage","@id":"https:\/\/eldigitaldeasturias.com\/magazine365\/las-reservas-de-island-tours-crecen-un-23-este-verano\/#webpage","url":"https:\/\/eldigitaldeasturias.com\/magazine365\/las-reservas-de-island-tours-crecen-un-23-este-verano\/","name":"Las reservas de Island Tours crecen un 23% este verano | El Digital de Asturias","description":"Island Tours, touroperador especialista en viajes a Islandia, ha registrado durante el primer semestre del a\u00f1o un aumento de reservas del 23%, por lo que su previsi\u00f3n para cierre de este a\u00f1o es \"optimista\". Islandia, es un pa\u00eds que est\u00e1 de moda, un destino que atrae cada vez a m\u00e1s espa\u00f1oles. Seg\u00fan los datos de","inLanguage":"es-ES","isPartOf":{"@id":"https:\/\/eldigitaldeasturias.com\/magazine365\/#website"},"breadcrumb":{"@id":"https:\/\/eldigitaldeasturias.com\/magazine365\/las-reservas-de-island-tours-crecen-un-23-este-verano\/#breadcrumblist"},"author":{"@id":"https:\/\/eldigitaldeasturias.com\/magazine365\/author\/admin\/#author"},"creator":{"@id":"https:\/\/eldigitaldeasturias.com\/magazine365\/author\/admin\/#author"},"image":{"@type":"ImageObject","url":"https:\/\/eldigitaldeasturias.com\/magazine365\/wp-content\/uploads\/2015\/06\/fotonoticia_20150618114918_800.jpg","@id":"https:\/\/eldigitaldeasturias.com\/magazine365\/las-reservas-de-island-tours-crecen-un-23-este-verano\/#mainImage","width":800,"height":600},"primaryImageOfPage":{"@id":"https:\/\/eldigitaldeasturias.com\/magazine365\/las-reservas-de-island-tours-crecen-un-23-este-verano\/#mainImage"},"datePublished":"2015-06-18T13:50:47+02:00","dateModified":"2015-06-18T13:50:47+02:00"},{"@type":"WebSite","@id":"https:\/\/eldigitaldeasturias.com\/magazine365\/#website","url":"https:\/\/eldigitaldeasturias.com\/magazine365\/","name":"El Digital de Asturias","description":"Revista de ocio, turismo y estilo de vida","inLanguage":"es-ES","publisher":{"@id":"https:\/\/eldigitaldeasturias.com\/magazine365\/#organization"}}]},"og:locale":"es_ES","og:site_name":"El Digital de Asturias \u2013 Revista de ocio, turismo y estilo de vida","og:type":"article","og:title":"Las reservas de Island Tours crecen un 23% este verano | El Digital de Asturias","og:description":"Island Tours, touroperador especialista en viajes a Islandia, ha registrado durante el primer semestre del a\u00f1o un aumento de reservas del 23%, por lo que su previsi\u00f3n para cierre de este a\u00f1o es &quot;optimista&quot;. Islandia, es un pa\u00eds que est\u00e1 de moda, un destino que atrae cada vez a m\u00e1s espa\u00f1oles. Seg\u00fan los datos de","og:url":"https:\/\/eldigitaldeasturias.com\/magazine365\/las-reservas-de-island-tours-crecen-un-23-este-verano\/","og:image":"https:\/\/eldigitaldeasturias.com\/magazine365\/wp-content\/uploads\/2015\/06\/fotonoticia_20150618114918_800.jpg","og:image:secure_url":"https:\/\/eldigitaldeasturias.com\/magazine365\/wp-content\/uploads\/2015\/06\/fotonoticia_20150618114918_800.jpg","og:image:width":800,"og:image:height":600,"article:published_time":"2015-06-18T12:20:47+00:00","article:modified_time":"2015-06-18T12:20:47+00:00","twitter:card":"summary_large_image","twitter:title":"Las reservas de Island Tours crecen un 23% este verano | El Digital de Asturias","twitter:description":"Island Tours, touroperador especialista en viajes a Islandia, ha registrado durante el primer semestre del a\u00f1o un aumento de reservas del 23%, por lo que su previsi\u00f3n para cierre de este a\u00f1o es &quot;optimista&quot;. Islandia, es un pa\u00eds que est\u00e1 de moda, un destino que atrae cada vez a m\u00e1s espa\u00f1oles. Seg\u00fan los datos de","twitter:image":"https:\/\/eldigitaldeasturias.com\/magazine365\/wp-content\/uploads\/2015\/06\/fotonoticia_20150618114918_800.jpg"},"aioseo_meta_data":{"post_id":"40275","title":null,"description":null,"keywords":null,"keyphrases":null,"primary_term":null,"canonical_url":null,"og_title":null,"og_description":null,"og_object_type":"default","og_image_type":"default","og_image_url":null,"og_image_width":null,"og_image_height":null,"og_image_custom_url":null,"og_image_custom_fields":null,"og_video":null,"og_custom_url":null,"og_article_section":null,"og_article_tags":null,"twitter_use_og":false,"twitter_card":"default","twitter_image_type":"default","twitter_image_url":null,"twitter_image_custom_url":null,"twitter_image_custom_fields":null,"twitter_title":null,"twitter_description":null,"schema":{"blockGraphs":[],"customGraphs":[],"default":{"data":{"Article":[],"Course":[],"Dataset":[],"FAQPage":[],"Movie":[],"Person":[],"Product":[],"ProductReview":[],"Car":[],"Recipe":[],"Service":[],"SoftwareApplication":[],"WebPage":[]},"graphName":"","isEnabled":true},"graphs":[],"defaultGraph":"","defaultPostTypeGraph":""},"schema_type":null,"schema_type_options":null,"pillar_content":false,"robots_default":true,"robots_noindex":false,"robots_noarchive":false,"robots_nosnippet":false,"robots_nofollow":false,"robots_noimageindex":false,"robots_noodp":false,"robots_notranslate":false,"robots_max_snippet":null,"robots_max_videopreview":null,"robots_max_imagepreview":"large","priority":null,"frequency":null,"location":null,"local_seo":null,"seo_analyzer_scan_date":"2025-09-19 13:15:56","breadcrumb_settings":null,"limit_modified_date":false,"open_ai":null,"ai":null,"created":"2021-03-09 02:30:52","updated":"2025-09-19 13:15:56"},"aioseo_breadcrumb":"<div class=\"aioseo-breadcrumbs\"><span class=\"aioseo-breadcrumb\">\n\t<a href=\"https:\/\/eldigitaldeasturias.com\/magazine365\" title=\"Home\">Home<\/a>\n<\/span><span class=\"aioseo-breadcrumb-separator\">\u2013<\/span><span class=\"aioseo-breadcrumb\">\n\t<a href=\"https:\/\/eldigitaldeasturias.com\/magazine365\/category\/actualidad-turismo\/\" title=\"Actualidad Turismo\">Actualidad Turismo<\/a>\n<\/span><span class=\"aioseo-breadcrumb-separator\">\u2013<\/span><span class=\"aioseo-breadcrumb\">\n\t<a href=\"https:\/\/eldigitaldeasturias.com\/magazine365\/las-reservas-de-island-tours-crecen-un-23-este-verano\/\" title=\"Las reservas de Island Tours crecen un 23% este verano\">Las reservas de Island Tours crecen un 23% este verano<\/a>\n<\/span><\/div>","aioseo_breadcrumb_json":[{"label":"Home","link":"https:\/\/eldigitaldeasturias.com\/magazine365"},{"label":"Actualidad Turismo","link":"https:\/\/eldigitaldeasturias.com\/magazine365\/category\/actualidad-turismo\/"},{"label":"Las reservas de Island Tours crecen un 23% este verano","link":"https:\/\/eldigitaldeasturias.com\/magazine365\/las-reservas-de-island-tours-crecen-un-23-este-verano\/"}],"_links":{"self":[{"href":"https:\/\/eldigitaldeasturias.com\/magazine365\/wp-json\/wp\/v2\/posts\/40275","targetHints":{"allow":["GET"]}}],"collection":[{"href":"https:\/\/eldigitaldeasturias.com\/magazine365\/wp-json\/wp\/v2\/posts"}],"about":[{"href":"https:\/\/eldigitaldeasturias.com\/magazine365\/wp-json\/wp\/v2\/types\/post"}],"author":[{"embeddable":true,"href":"https:\/\/eldigitaldeasturias.com\/magazine365\/wp-json\/wp\/v2\/users\/1"}],"replies":[{"embeddable":true,"href":"https:\/\/eldigitaldeasturias.com\/magazine365\/wp-json\/wp\/v2\/comments?post=40275"}],"version-history":[{"count":0,"href":"https:\/\/eldigitaldeasturias.com\/magazine365\/wp-json\/wp\/v2\/posts\/40275\/revisions"}],"wp:featuredmedia":[{"embeddable":true,"href":"https:\/\/eldigitaldeasturias.com\/magazine365\/wp-json\/wp\/v2\/media\/40276"}],"wp:attachment":[{"href":"https:\/\/eldigitaldeasturias.com\/magazine365\/wp-json\/wp\/v2\/media?parent=40275"}],"wp:term":[{"taxonomy":"category","embeddable":true,"href":"https:\/\/eldigitaldeasturias.com\/magazine365\/wp-json\/wp\/v2\/categories?post=40275"},{"taxonomy":"post_tag","embeddable":true,"href":"https:\/\/eldigitaldeasturias.com\/magazine365\/wp-json\/wp\/v2\/tags?post=40275"}],"curies":[{"name":"wp","href":"https:\/\/api.w.org\/{rel}","templated":true}]}}