{"id":40272,"date":"2015-06-18T13:42:31","date_gmt":"2015-06-18T12:12:31","guid":{"rendered":"http:\/\/eldigitaldeasturias.com\/magazine365\/?p=40272"},"modified":"2015-06-18T13:42:31","modified_gmt":"2015-06-18T12:12:31","slug":"londres-y-amsterdam-los-destinos-europeos-mas-caros-para-alquilar-apartamentos-este-verano","status":"publish","type":"post","link":"https:\/\/eldigitaldeasturias.com\/magazine365\/londres-y-amsterdam-los-destinos-europeos-mas-caros-para-alquilar-apartamentos-este-verano\/","title":{"rendered":"Londres y Amsterdam, los destinos europeos m\u00e1s caros para alquilar apartamentos este verano"},"content":{"rendered":"<p><img fetchpriority=\"high\" decoding=\"async\" class=\"alignleft size-medium wp-image-40273\" src=\"https:\/\/eldigitaldeasturias.com\/magazine365\/wp-content\/uploads\/2015\/06\/fotonoticia_20150618113645_800-360x240.jpg\" alt=\"fotonoticia_20150618113645_800\" width=\"360\" height=\"240\" srcset=\"https:\/\/eldigitaldeasturias.com\/magazine365\/wp-content\/uploads\/2015\/06\/fotonoticia_20150618113645_800-360x240.jpg 360w, https:\/\/eldigitaldeasturias.com\/magazine365\/wp-content\/uploads\/2015\/06\/fotonoticia_20150618113645_800-650x433.jpg 650w, https:\/\/eldigitaldeasturias.com\/magazine365\/wp-content\/uploads\/2015\/06\/fotonoticia_20150618113645_800-768x512.jpg 768w, https:\/\/eldigitaldeasturias.com\/magazine365\/wp-content\/uploads\/2015\/06\/fotonoticia_20150618113645_800-150x100.jpg 150w, https:\/\/eldigitaldeasturias.com\/magazine365\/wp-content\/uploads\/2015\/06\/fotonoticia_20150618113645_800-450x300.jpg 450w, https:\/\/eldigitaldeasturias.com\/magazine365\/wp-content\/uploads\/2015\/06\/fotonoticia_20150618113645_800-696x464.jpg 696w, https:\/\/eldigitaldeasturias.com\/magazine365\/wp-content\/uploads\/2015\/06\/fotonoticia_20150618113645_800-630x420.jpg 630w, https:\/\/eldigitaldeasturias.com\/magazine365\/wp-content\/uploads\/2015\/06\/fotonoticia_20150618113645_800-84x55.jpg 84w, https:\/\/eldigitaldeasturias.com\/magazine365\/wp-content\/uploads\/2015\/06\/fotonoticia_20150618113645_800.jpg 800w\" sizes=\"(max-width: 360px) 100vw, 360px\" \/>Londres, Amsterdam y Par\u00eds, son los destinos europeos m\u00e1s caros para alquilar apartamentos este verano, seg\u00fan datos del comparador de apartamentos tur\u00edsticos Apartum, que asegura que las ciudades espa\u00f1olas de C\u00f3rdoba, Benidorm y Granada ofrecen los destinos m\u00e1s baratos.<\/p>\n<p>Entre los destinos europeos m\u00e1s buscados por los viajeros, Londres (89 euros), Amsterdam (79 euros) y Par\u00eds (60 euros) son las ciudades m\u00e1s caras. As\u00ed alojarse en un apartamento en Londres en el mes de julio cuesta una media de 95 euros por persona y noche.<\/p>\n<p>Berl\u00edn, por su parte, es la gran ciudad europea m\u00e1s barata, con un precio medio de 36 euros y apartamentos desde los 19 euros. Le sigue Roma, con un precio medio de 45 euros por persona y noche. M\u00e1s barato incluso es alojarse en Bucarest, Vilnius o Belgrado, con estancias a partir de los 17 euros por persona y noche.<\/p>\n<p>Entre los destinos espa\u00f1oles m\u00e1s buscados por los viajeros, San Sebasti\u00e1n (68 euros), Sitges (59 euros) y Barcelona (57 euros) son las ciudades m\u00e1s caras.<\/p>\n<p>Tras ellas vienen Bilbao (41 euros), M\u00e1laga (38 euros), Madrid (37 euros), Salou (34 euros) Sevilla (31 euros) y Valencia (30 euros). Las ciudades de C\u00f3rdoba (24 euros), Benidorm (26 euros) y Granada (28 euros) son los destinos m\u00e1s asequibles.<\/p>\n<p>PAIS VASCO A LA CABEZA DE PRECIOS.<\/p>\n<p>En cuanto a comunidades aut\u00f3nomas, Pa\u00eds Vasco es la comunidad con el precio medio por persona y noche m\u00e1s alto (60 euros), seguida de Baleares (55 euros) y Catalu\u00f1a (49 euros).<\/p>\n<p>Les siguen Canarias (41 euros), Madrid (37 euros), Andaluc\u00eda (36 euros), Navarra, Murcia y la Comunitat Valenciana (31 euros).<\/p>\n<p>Los destinos m\u00e1s econ\u00f3micos son Castilla &#8211; La Mancha (24 euros), Extremadura (25 euros), Castilla y Le\u00f3n (26 euros). Asturias (27 euros), Cantabria (28 euros), La Rioja y Galicia (29 euros).<\/p>\n","protected":false},"excerpt":{"rendered":"<p>Londres, Amsterdam y Par\u00eds, son los destinos europeos m\u00e1s caros para alquilar apartamentos este verano, seg\u00fan datos del comparador de apartamentos tur\u00edsticos Apartum, que asegura que las ciudades espa\u00f1olas de C\u00f3rdoba, Benidorm y Granada ofrecen los destinos m\u00e1s baratos. Entre los destinos europeos m\u00e1s buscados por los viajeros, Londres (89 euros), Amsterdam (79 euros) y<\/p>\n","protected":false},"author":1,"featured_media":40273,"comment_status":"open","ping_status":"closed","sticky":false,"template":"","format":"standard","meta":{"footnotes":""},"categories":[222],"tags":[],"class_list":{"0":"post-40272","1":"post","2":"type-post","3":"status-publish","4":"format-standard","5":"has-post-thumbnail","7":"category-actualidad-turismo"},"aioseo_notices":[],"aioseo_head":"\n\t\t<!-- All in One SEO Pro 4.9.6.1 - aioseo.com -->\n\t<meta name=\"description\" content=\"Londres, Amsterdam y Par\u00eds, son los destinos europeos m\u00e1s caros para alquilar apartamentos este verano, seg\u00fan datos del comparador de apartamentos tur\u00edsticos Apartum, que asegura que las ciudades espa\u00f1olas de C\u00f3rdoba, Benidorm y Granada ofrecen los destinos m\u00e1s baratos. Entre los destinos europeos m\u00e1s buscados por los viajeros, Londres (89 euros), Amsterdam (79 euros) y\" \/>\n\t<meta name=\"robots\" content=\"max-image-preview:large\" \/>\n\t<meta name=\"author\" content=\"admin\"\/>\n\t<meta name=\"google-site-verification\" content=\"UA-38556648-1\" \/>\n\t<meta name=\"keywords\" content=\"actualidad turismo\" \/>\n\t<link rel=\"canonical\" href=\"https:\/\/eldigitaldeasturias.com\/magazine365\/londres-y-amsterdam-los-destinos-europeos-mas-caros-para-alquilar-apartamentos-este-verano\/\" \/>\n\t<meta name=\"generator\" content=\"All in One SEO Pro (AIOSEO) 4.9.6.1\" \/>\n\t\t<meta property=\"og:locale\" content=\"es_ES\" \/>\n\t\t<meta property=\"og:site_name\" content=\"El Digital de Asturias \u2013 Revista de ocio, turismo y estilo de vida\" \/>\n\t\t<meta property=\"og:type\" content=\"article\" \/>\n\t\t<meta property=\"og:title\" content=\"Londres y Amsterdam, los destinos europeos m\u00e1s caros para alquilar apartamentos este verano | El Digital de Asturias\" \/>\n\t\t<meta property=\"og:description\" content=\"Londres, Amsterdam y Par\u00eds, son los destinos europeos m\u00e1s caros para alquilar apartamentos este verano, seg\u00fan datos del comparador de apartamentos tur\u00edsticos Apartum, que asegura que las ciudades espa\u00f1olas de C\u00f3rdoba, Benidorm y Granada ofrecen los destinos m\u00e1s baratos. Entre los destinos europeos m\u00e1s buscados por los viajeros, Londres (89 euros), Amsterdam (79 euros) y\" \/>\n\t\t<meta property=\"og:url\" content=\"https:\/\/eldigitaldeasturias.com\/magazine365\/londres-y-amsterdam-los-destinos-europeos-mas-caros-para-alquilar-apartamentos-este-verano\/\" \/>\n\t\t<meta property=\"og:image\" content=\"https:\/\/eldigitaldeasturias.com\/magazine365\/wp-content\/uploads\/2015\/06\/fotonoticia_20150618113645_800.jpg\" \/>\n\t\t<meta property=\"og:image:secure_url\" content=\"https:\/\/eldigitaldeasturias.com\/magazine365\/wp-content\/uploads\/2015\/06\/fotonoticia_20150618113645_800.jpg\" \/>\n\t\t<meta property=\"og:image:width\" content=\"800\" \/>\n\t\t<meta property=\"og:image:height\" content=\"533\" \/>\n\t\t<meta property=\"article:published_time\" content=\"2015-06-18T12:12:31+00:00\" \/>\n\t\t<meta property=\"article:modified_time\" content=\"2015-06-18T12:12:31+00:00\" \/>\n\t\t<meta name=\"twitter:card\" content=\"summary_large_image\" \/>\n\t\t<meta name=\"twitter:title\" content=\"Londres y Amsterdam, los destinos europeos m\u00e1s caros para alquilar apartamentos este verano | El Digital de Asturias\" \/>\n\t\t<meta name=\"twitter:description\" content=\"Londres, Amsterdam y Par\u00eds, son los destinos europeos m\u00e1s caros para alquilar apartamentos este verano, seg\u00fan datos del comparador de apartamentos tur\u00edsticos Apartum, que asegura que las ciudades espa\u00f1olas de C\u00f3rdoba, Benidorm y Granada ofrecen los destinos m\u00e1s baratos. Entre los destinos europeos m\u00e1s buscados por los viajeros, Londres (89 euros), Amsterdam (79 euros) y\" \/>\n\t\t<meta name=\"twitter:image\" content=\"https:\/\/eldigitaldeasturias.com\/magazine365\/wp-content\/uploads\/2015\/06\/fotonoticia_20150618113645_800.jpg\" \/>\n\t\t<script type=\"application\/ld+json\" class=\"aioseo-schema\">\n\t\t\t{\"@context\":\"https:\\\/\\\/schema.org\",\"@graph\":[{\"@type\":\"Article\",\"@id\":\"https:\\\/\\\/eldigitaldeasturias.com\\\/magazine365\\\/londres-y-amsterdam-los-destinos-europeos-mas-caros-para-alquilar-apartamentos-este-verano\\\/#article\",\"name\":\"Londres y Amsterdam, los destinos europeos m\\u00e1s caros para alquilar apartamentos este verano | El Digital de Asturias\",\"headline\":\"Londres y Amsterdam, los destinos europeos m\\u00e1s caros para alquilar apartamentos este verano\",\"author\":{\"@id\":\"https:\\\/\\\/eldigitaldeasturias.com\\\/magazine365\\\/author\\\/admin\\\/#author\"},\"publisher\":{\"@id\":\"https:\\\/\\\/eldigitaldeasturias.com\\\/magazine365\\\/#organization\"},\"image\":{\"@type\":\"ImageObject\",\"url\":\"https:\\\/\\\/eldigitaldeasturias.com\\\/magazine365\\\/wp-content\\\/uploads\\\/2015\\\/06\\\/fotonoticia_20150618113645_800.jpg\",\"width\":800,\"height\":533},\"datePublished\":\"2015-06-18T13:42:31+02:00\",\"dateModified\":\"2015-06-18T13:42:31+02:00\",\"inLanguage\":\"es-ES\",\"mainEntityOfPage\":{\"@id\":\"https:\\\/\\\/eldigitaldeasturias.com\\\/magazine365\\\/londres-y-amsterdam-los-destinos-europeos-mas-caros-para-alquilar-apartamentos-este-verano\\\/#webpage\"},\"isPartOf\":{\"@id\":\"https:\\\/\\\/eldigitaldeasturias.com\\\/magazine365\\\/londres-y-amsterdam-los-destinos-europeos-mas-caros-para-alquilar-apartamentos-este-verano\\\/#webpage\"},\"articleSection\":\"Actualidad Turismo\"},{\"@type\":\"BreadcrumbList\",\"@id\":\"https:\\\/\\\/eldigitaldeasturias.com\\\/magazine365\\\/londres-y-amsterdam-los-destinos-europeos-mas-caros-para-alquilar-apartamentos-este-verano\\\/#breadcrumblist\",\"itemListElement\":[{\"@type\":\"ListItem\",\"@id\":\"https:\\\/\\\/eldigitaldeasturias.com\\\/magazine365#listItem\",\"position\":1,\"name\":\"Home\",\"item\":\"https:\\\/\\\/eldigitaldeasturias.com\\\/magazine365\",\"nextItem\":{\"@type\":\"ListItem\",\"@id\":\"https:\\\/\\\/eldigitaldeasturias.com\\\/magazine365\\\/category\\\/actualidad-turismo\\\/#listItem\",\"name\":\"Actualidad Turismo\"}},{\"@type\":\"ListItem\",\"@id\":\"https:\\\/\\\/eldigitaldeasturias.com\\\/magazine365\\\/category\\\/actualidad-turismo\\\/#listItem\",\"position\":2,\"name\":\"Actualidad Turismo\",\"item\":\"https:\\\/\\\/eldigitaldeasturias.com\\\/magazine365\\\/category\\\/actualidad-turismo\\\/\",\"nextItem\":{\"@type\":\"ListItem\",\"@id\":\"https:\\\/\\\/eldigitaldeasturias.com\\\/magazine365\\\/londres-y-amsterdam-los-destinos-europeos-mas-caros-para-alquilar-apartamentos-este-verano\\\/#listItem\",\"name\":\"Londres y Amsterdam, los destinos europeos m\\u00e1s caros para alquilar apartamentos este verano\"},\"previousItem\":{\"@type\":\"ListItem\",\"@id\":\"https:\\\/\\\/eldigitaldeasturias.com\\\/magazine365#listItem\",\"name\":\"Home\"}},{\"@type\":\"ListItem\",\"@id\":\"https:\\\/\\\/eldigitaldeasturias.com\\\/magazine365\\\/londres-y-amsterdam-los-destinos-europeos-mas-caros-para-alquilar-apartamentos-este-verano\\\/#listItem\",\"position\":3,\"name\":\"Londres y Amsterdam, los destinos europeos m\\u00e1s caros para alquilar apartamentos este verano\",\"previousItem\":{\"@type\":\"ListItem\",\"@id\":\"https:\\\/\\\/eldigitaldeasturias.com\\\/magazine365\\\/category\\\/actualidad-turismo\\\/#listItem\",\"name\":\"Actualidad Turismo\"}}]},{\"@type\":\"Organization\",\"@id\":\"https:\\\/\\\/eldigitaldeasturias.com\\\/magazine365\\\/#organization\",\"name\":\"El digital de Asturias\",\"description\":\"Revista de ocio, turismo y estilo de vida\",\"url\":\"https:\\\/\\\/eldigitaldeasturias.com\\\/magazine365\\\/\",\"logo\":{\"@type\":\"ImageObject\",\"url\":\"https:\\\/\\\/www.eldigitaldeasturias.com\\\/noticias\\\/wp-content\\\/uploads\\\/2020\\\/12\\\/EDA.jpg\",\"@id\":\"https:\\\/\\\/eldigitaldeasturias.com\\\/magazine365\\\/londres-y-amsterdam-los-destinos-europeos-mas-caros-para-alquilar-apartamentos-este-verano\\\/#organizationLogo\"},\"image\":{\"@id\":\"https:\\\/\\\/eldigitaldeasturias.com\\\/magazine365\\\/londres-y-amsterdam-los-destinos-europeos-mas-caros-para-alquilar-apartamentos-este-verano\\\/#organizationLogo\"}},{\"@type\":\"Person\",\"@id\":\"https:\\\/\\\/eldigitaldeasturias.com\\\/magazine365\\\/author\\\/admin\\\/#author\",\"url\":\"https:\\\/\\\/eldigitaldeasturias.com\\\/magazine365\\\/author\\\/admin\\\/\",\"name\":\"admin\",\"image\":{\"@type\":\"ImageObject\",\"@id\":\"https:\\\/\\\/eldigitaldeasturias.com\\\/magazine365\\\/londres-y-amsterdam-los-destinos-europeos-mas-caros-para-alquilar-apartamentos-este-verano\\\/#authorImage\",\"url\":\"https:\\\/\\\/eldigitaldeasturias.com\\\/magazine365\\\/wp-content\\\/litespeed\\\/avatar\\\/e571bcf59a0edd6fa6838245a470f2fe.jpg?ver=1777574230\",\"width\":96,\"height\":96,\"caption\":\"admin\"}},{\"@type\":\"WebPage\",\"@id\":\"https:\\\/\\\/eldigitaldeasturias.com\\\/magazine365\\\/londres-y-amsterdam-los-destinos-europeos-mas-caros-para-alquilar-apartamentos-este-verano\\\/#webpage\",\"url\":\"https:\\\/\\\/eldigitaldeasturias.com\\\/magazine365\\\/londres-y-amsterdam-los-destinos-europeos-mas-caros-para-alquilar-apartamentos-este-verano\\\/\",\"name\":\"Londres y Amsterdam, los destinos europeos m\\u00e1s caros para alquilar apartamentos este verano | El Digital de Asturias\",\"description\":\"Londres, Amsterdam y Par\\u00eds, son los destinos europeos m\\u00e1s caros para alquilar apartamentos este verano, seg\\u00fan datos del comparador de apartamentos tur\\u00edsticos Apartum, que asegura que las ciudades espa\\u00f1olas de C\\u00f3rdoba, Benidorm y Granada ofrecen los destinos m\\u00e1s baratos. Entre los destinos europeos m\\u00e1s buscados por los viajeros, Londres (89 euros), Amsterdam (79 euros) y\",\"inLanguage\":\"es-ES\",\"isPartOf\":{\"@id\":\"https:\\\/\\\/eldigitaldeasturias.com\\\/magazine365\\\/#website\"},\"breadcrumb\":{\"@id\":\"https:\\\/\\\/eldigitaldeasturias.com\\\/magazine365\\\/londres-y-amsterdam-los-destinos-europeos-mas-caros-para-alquilar-apartamentos-este-verano\\\/#breadcrumblist\"},\"author\":{\"@id\":\"https:\\\/\\\/eldigitaldeasturias.com\\\/magazine365\\\/author\\\/admin\\\/#author\"},\"creator\":{\"@id\":\"https:\\\/\\\/eldigitaldeasturias.com\\\/magazine365\\\/author\\\/admin\\\/#author\"},\"image\":{\"@type\":\"ImageObject\",\"url\":\"https:\\\/\\\/eldigitaldeasturias.com\\\/magazine365\\\/wp-content\\\/uploads\\\/2015\\\/06\\\/fotonoticia_20150618113645_800.jpg\",\"@id\":\"https:\\\/\\\/eldigitaldeasturias.com\\\/magazine365\\\/londres-y-amsterdam-los-destinos-europeos-mas-caros-para-alquilar-apartamentos-este-verano\\\/#mainImage\",\"width\":800,\"height\":533},\"primaryImageOfPage\":{\"@id\":\"https:\\\/\\\/eldigitaldeasturias.com\\\/magazine365\\\/londres-y-amsterdam-los-destinos-europeos-mas-caros-para-alquilar-apartamentos-este-verano\\\/#mainImage\"},\"datePublished\":\"2015-06-18T13:42:31+02:00\",\"dateModified\":\"2015-06-18T13:42:31+02:00\"},{\"@type\":\"WebSite\",\"@id\":\"https:\\\/\\\/eldigitaldeasturias.com\\\/magazine365\\\/#website\",\"url\":\"https:\\\/\\\/eldigitaldeasturias.com\\\/magazine365\\\/\",\"name\":\"El Digital de Asturias\",\"description\":\"Revista de ocio, turismo y estilo de vida\",\"inLanguage\":\"es-ES\",\"publisher\":{\"@id\":\"https:\\\/\\\/eldigitaldeasturias.com\\\/magazine365\\\/#organization\"}}]}\n\t\t<\/script>\n\t\t<!-- All in One SEO Pro -->\r\n\t\t<title>Londres y Amsterdam, los destinos europeos m\u00e1s caros para alquilar apartamentos este verano | El Digital de Asturias<\/title>\n\n","aioseo_head_json":{"title":"Londres y Amsterdam, los destinos europeos m\u00e1s caros para alquilar apartamentos este verano | El Digital de Asturias","description":"Londres, Amsterdam y Par\u00eds, son los destinos europeos m\u00e1s caros para alquilar apartamentos este verano, seg\u00fan datos del comparador de apartamentos tur\u00edsticos Apartum, que asegura que las ciudades espa\u00f1olas de C\u00f3rdoba, Benidorm y Granada ofrecen los destinos m\u00e1s baratos. Entre los destinos europeos m\u00e1s buscados por los viajeros, Londres (89 euros), Amsterdam (79 euros) y","canonical_url":"https:\/\/eldigitaldeasturias.com\/magazine365\/londres-y-amsterdam-los-destinos-europeos-mas-caros-para-alquilar-apartamentos-este-verano\/","robots":"max-image-preview:large","keywords":"actualidad turismo","webmasterTools":{"google-site-verification":"UA-38556648-1","miscellaneous":""},"schema":{"@context":"https:\/\/schema.org","@graph":[{"@type":"Article","@id":"https:\/\/eldigitaldeasturias.com\/magazine365\/londres-y-amsterdam-los-destinos-europeos-mas-caros-para-alquilar-apartamentos-este-verano\/#article","name":"Londres y Amsterdam, los destinos europeos m\u00e1s caros para alquilar apartamentos este verano | El Digital de Asturias","headline":"Londres y Amsterdam, los destinos europeos m\u00e1s caros para alquilar apartamentos este verano","author":{"@id":"https:\/\/eldigitaldeasturias.com\/magazine365\/author\/admin\/#author"},"publisher":{"@id":"https:\/\/eldigitaldeasturias.com\/magazine365\/#organization"},"image":{"@type":"ImageObject","url":"https:\/\/eldigitaldeasturias.com\/magazine365\/wp-content\/uploads\/2015\/06\/fotonoticia_20150618113645_800.jpg","width":800,"height":533},"datePublished":"2015-06-18T13:42:31+02:00","dateModified":"2015-06-18T13:42:31+02:00","inLanguage":"es-ES","mainEntityOfPage":{"@id":"https:\/\/eldigitaldeasturias.com\/magazine365\/londres-y-amsterdam-los-destinos-europeos-mas-caros-para-alquilar-apartamentos-este-verano\/#webpage"},"isPartOf":{"@id":"https:\/\/eldigitaldeasturias.com\/magazine365\/londres-y-amsterdam-los-destinos-europeos-mas-caros-para-alquilar-apartamentos-este-verano\/#webpage"},"articleSection":"Actualidad Turismo"},{"@type":"BreadcrumbList","@id":"https:\/\/eldigitaldeasturias.com\/magazine365\/londres-y-amsterdam-los-destinos-europeos-mas-caros-para-alquilar-apartamentos-este-verano\/#breadcrumblist","itemListElement":[{"@type":"ListItem","@id":"https:\/\/eldigitaldeasturias.com\/magazine365#listItem","position":1,"name":"Home","item":"https:\/\/eldigitaldeasturias.com\/magazine365","nextItem":{"@type":"ListItem","@id":"https:\/\/eldigitaldeasturias.com\/magazine365\/category\/actualidad-turismo\/#listItem","name":"Actualidad Turismo"}},{"@type":"ListItem","@id":"https:\/\/eldigitaldeasturias.com\/magazine365\/category\/actualidad-turismo\/#listItem","position":2,"name":"Actualidad Turismo","item":"https:\/\/eldigitaldeasturias.com\/magazine365\/category\/actualidad-turismo\/","nextItem":{"@type":"ListItem","@id":"https:\/\/eldigitaldeasturias.com\/magazine365\/londres-y-amsterdam-los-destinos-europeos-mas-caros-para-alquilar-apartamentos-este-verano\/#listItem","name":"Londres y Amsterdam, los destinos europeos m\u00e1s caros para alquilar apartamentos este verano"},"previousItem":{"@type":"ListItem","@id":"https:\/\/eldigitaldeasturias.com\/magazine365#listItem","name":"Home"}},{"@type":"ListItem","@id":"https:\/\/eldigitaldeasturias.com\/magazine365\/londres-y-amsterdam-los-destinos-europeos-mas-caros-para-alquilar-apartamentos-este-verano\/#listItem","position":3,"name":"Londres y Amsterdam, los destinos europeos m\u00e1s caros para alquilar apartamentos este verano","previousItem":{"@type":"ListItem","@id":"https:\/\/eldigitaldeasturias.com\/magazine365\/category\/actualidad-turismo\/#listItem","name":"Actualidad Turismo"}}]},{"@type":"Organization","@id":"https:\/\/eldigitaldeasturias.com\/magazine365\/#organization","name":"El digital de Asturias","description":"Revista de ocio, turismo y estilo de vida","url":"https:\/\/eldigitaldeasturias.com\/magazine365\/","logo":{"@type":"ImageObject","url":"https:\/\/www.eldigitaldeasturias.com\/noticias\/wp-content\/uploads\/2020\/12\/EDA.jpg","@id":"https:\/\/eldigitaldeasturias.com\/magazine365\/londres-y-amsterdam-los-destinos-europeos-mas-caros-para-alquilar-apartamentos-este-verano\/#organizationLogo"},"image":{"@id":"https:\/\/eldigitaldeasturias.com\/magazine365\/londres-y-amsterdam-los-destinos-europeos-mas-caros-para-alquilar-apartamentos-este-verano\/#organizationLogo"}},{"@type":"Person","@id":"https:\/\/eldigitaldeasturias.com\/magazine365\/author\/admin\/#author","url":"https:\/\/eldigitaldeasturias.com\/magazine365\/author\/admin\/","name":"admin","image":{"@type":"ImageObject","@id":"https:\/\/eldigitaldeasturias.com\/magazine365\/londres-y-amsterdam-los-destinos-europeos-mas-caros-para-alquilar-apartamentos-este-verano\/#authorImage","url":"https:\/\/eldigitaldeasturias.com\/magazine365\/wp-content\/litespeed\/avatar\/e571bcf59a0edd6fa6838245a470f2fe.jpg?ver=1777574230","width":96,"height":96,"caption":"admin"}},{"@type":"WebPage","@id":"https:\/\/eldigitaldeasturias.com\/magazine365\/londres-y-amsterdam-los-destinos-europeos-mas-caros-para-alquilar-apartamentos-este-verano\/#webpage","url":"https:\/\/eldigitaldeasturias.com\/magazine365\/londres-y-amsterdam-los-destinos-europeos-mas-caros-para-alquilar-apartamentos-este-verano\/","name":"Londres y Amsterdam, los destinos europeos m\u00e1s caros para alquilar apartamentos este verano | El Digital de Asturias","description":"Londres, Amsterdam y Par\u00eds, son los destinos europeos m\u00e1s caros para alquilar apartamentos este verano, seg\u00fan datos del comparador de apartamentos tur\u00edsticos Apartum, que asegura que las ciudades espa\u00f1olas de C\u00f3rdoba, Benidorm y Granada ofrecen los destinos m\u00e1s baratos. Entre los destinos europeos m\u00e1s buscados por los viajeros, Londres (89 euros), Amsterdam (79 euros) y","inLanguage":"es-ES","isPartOf":{"@id":"https:\/\/eldigitaldeasturias.com\/magazine365\/#website"},"breadcrumb":{"@id":"https:\/\/eldigitaldeasturias.com\/magazine365\/londres-y-amsterdam-los-destinos-europeos-mas-caros-para-alquilar-apartamentos-este-verano\/#breadcrumblist"},"author":{"@id":"https:\/\/eldigitaldeasturias.com\/magazine365\/author\/admin\/#author"},"creator":{"@id":"https:\/\/eldigitaldeasturias.com\/magazine365\/author\/admin\/#author"},"image":{"@type":"ImageObject","url":"https:\/\/eldigitaldeasturias.com\/magazine365\/wp-content\/uploads\/2015\/06\/fotonoticia_20150618113645_800.jpg","@id":"https:\/\/eldigitaldeasturias.com\/magazine365\/londres-y-amsterdam-los-destinos-europeos-mas-caros-para-alquilar-apartamentos-este-verano\/#mainImage","width":800,"height":533},"primaryImageOfPage":{"@id":"https:\/\/eldigitaldeasturias.com\/magazine365\/londres-y-amsterdam-los-destinos-europeos-mas-caros-para-alquilar-apartamentos-este-verano\/#mainImage"},"datePublished":"2015-06-18T13:42:31+02:00","dateModified":"2015-06-18T13:42:31+02:00"},{"@type":"WebSite","@id":"https:\/\/eldigitaldeasturias.com\/magazine365\/#website","url":"https:\/\/eldigitaldeasturias.com\/magazine365\/","name":"El Digital de Asturias","description":"Revista de ocio, turismo y estilo de vida","inLanguage":"es-ES","publisher":{"@id":"https:\/\/eldigitaldeasturias.com\/magazine365\/#organization"}}]},"og:locale":"es_ES","og:site_name":"El Digital de Asturias \u2013 Revista de ocio, turismo y estilo de vida","og:type":"article","og:title":"Londres y Amsterdam, los destinos europeos m\u00e1s caros para alquilar apartamentos este verano | El Digital de Asturias","og:description":"Londres, Amsterdam y Par\u00eds, son los destinos europeos m\u00e1s caros para alquilar apartamentos este verano, seg\u00fan datos del comparador de apartamentos tur\u00edsticos Apartum, que asegura que las ciudades espa\u00f1olas de C\u00f3rdoba, Benidorm y Granada ofrecen los destinos m\u00e1s baratos. Entre los destinos europeos m\u00e1s buscados por los viajeros, Londres (89 euros), Amsterdam (79 euros) y","og:url":"https:\/\/eldigitaldeasturias.com\/magazine365\/londres-y-amsterdam-los-destinos-europeos-mas-caros-para-alquilar-apartamentos-este-verano\/","og:image":"https:\/\/eldigitaldeasturias.com\/magazine365\/wp-content\/uploads\/2015\/06\/fotonoticia_20150618113645_800.jpg","og:image:secure_url":"https:\/\/eldigitaldeasturias.com\/magazine365\/wp-content\/uploads\/2015\/06\/fotonoticia_20150618113645_800.jpg","og:image:width":800,"og:image:height":533,"article:published_time":"2015-06-18T12:12:31+00:00","article:modified_time":"2015-06-18T12:12:31+00:00","twitter:card":"summary_large_image","twitter:title":"Londres y Amsterdam, los destinos europeos m\u00e1s caros para alquilar apartamentos este verano | El Digital de Asturias","twitter:description":"Londres, Amsterdam y Par\u00eds, son los destinos europeos m\u00e1s caros para alquilar apartamentos este verano, seg\u00fan datos del comparador de apartamentos tur\u00edsticos Apartum, que asegura que las ciudades espa\u00f1olas de C\u00f3rdoba, Benidorm y Granada ofrecen los destinos m\u00e1s baratos. Entre los destinos europeos m\u00e1s buscados por los viajeros, Londres (89 euros), Amsterdam (79 euros) y","twitter:image":"https:\/\/eldigitaldeasturias.com\/magazine365\/wp-content\/uploads\/2015\/06\/fotonoticia_20150618113645_800.jpg"},"aioseo_meta_data":{"post_id":"40272","title":null,"description":null,"keywords":null,"keyphrases":null,"primary_term":null,"canonical_url":null,"og_title":null,"og_description":null,"og_object_type":"default","og_image_type":"default","og_image_url":null,"og_image_width":null,"og_image_height":null,"og_image_custom_url":null,"og_image_custom_fields":null,"og_video":null,"og_custom_url":null,"og_article_section":null,"og_article_tags":null,"twitter_use_og":false,"twitter_card":"default","twitter_image_type":"default","twitter_image_url":null,"twitter_image_custom_url":null,"twitter_image_custom_fields":null,"twitter_title":null,"twitter_description":null,"schema":{"blockGraphs":[],"customGraphs":[],"default":{"data":{"Article":[],"Course":[],"Dataset":[],"FAQPage":[],"Movie":[],"Person":[],"Product":[],"ProductReview":[],"Car":[],"Recipe":[],"Service":[],"SoftwareApplication":[],"WebPage":[]},"graphName":"","isEnabled":true},"graphs":[],"defaultGraph":"","defaultPostTypeGraph":""},"schema_type":null,"schema_type_options":null,"pillar_content":false,"robots_default":true,"robots_noindex":false,"robots_noarchive":false,"robots_nosnippet":false,"robots_nofollow":false,"robots_noimageindex":false,"robots_noodp":false,"robots_notranslate":false,"robots_max_snippet":null,"robots_max_videopreview":null,"robots_max_imagepreview":"large","priority":null,"frequency":null,"location":null,"local_seo":null,"seo_analyzer_scan_date":"2025-09-19 13:14:04","breadcrumb_settings":null,"limit_modified_date":false,"open_ai":null,"ai":null,"created":"2021-03-09 02:30:52","updated":"2025-09-19 13:14:04"},"aioseo_breadcrumb":"<div class=\"aioseo-breadcrumbs\"><span class=\"aioseo-breadcrumb\">\n\t<a href=\"https:\/\/eldigitaldeasturias.com\/magazine365\" title=\"Home\">Home<\/a>\n<\/span><span class=\"aioseo-breadcrumb-separator\">\u2013<\/span><span class=\"aioseo-breadcrumb\">\n\t<a href=\"https:\/\/eldigitaldeasturias.com\/magazine365\/category\/actualidad-turismo\/\" title=\"Actualidad Turismo\">Actualidad Turismo<\/a>\n<\/span><span class=\"aioseo-breadcrumb-separator\">\u2013<\/span><span class=\"aioseo-breadcrumb\">\n\t<a href=\"https:\/\/eldigitaldeasturias.com\/magazine365\/londres-y-amsterdam-los-destinos-europeos-mas-caros-para-alquilar-apartamentos-este-verano\/\" title=\"Londres y Amsterdam, los destinos europeos m\u00e1s caros para alquilar apartamentos este verano\">Londres y Amsterdam, los destinos europeos m\u00e1s caros para alquilar apartamentos este verano<\/a>\n<\/span><\/div>","aioseo_breadcrumb_json":[{"label":"Home","link":"https:\/\/eldigitaldeasturias.com\/magazine365"},{"label":"Actualidad Turismo","link":"https:\/\/eldigitaldeasturias.com\/magazine365\/category\/actualidad-turismo\/"},{"label":"Londres y Amsterdam, los destinos europeos m\u00e1s caros para alquilar apartamentos este verano","link":"https:\/\/eldigitaldeasturias.com\/magazine365\/londres-y-amsterdam-los-destinos-europeos-mas-caros-para-alquilar-apartamentos-este-verano\/"}],"_links":{"self":[{"href":"https:\/\/eldigitaldeasturias.com\/magazine365\/wp-json\/wp\/v2\/posts\/40272","targetHints":{"allow":["GET"]}}],"collection":[{"href":"https:\/\/eldigitaldeasturias.com\/magazine365\/wp-json\/wp\/v2\/posts"}],"about":[{"href":"https:\/\/eldigitaldeasturias.com\/magazine365\/wp-json\/wp\/v2\/types\/post"}],"author":[{"embeddable":true,"href":"https:\/\/eldigitaldeasturias.com\/magazine365\/wp-json\/wp\/v2\/users\/1"}],"replies":[{"embeddable":true,"href":"https:\/\/eldigitaldeasturias.com\/magazine365\/wp-json\/wp\/v2\/comments?post=40272"}],"version-history":[{"count":0,"href":"https:\/\/eldigitaldeasturias.com\/magazine365\/wp-json\/wp\/v2\/posts\/40272\/revisions"}],"wp:featuredmedia":[{"embeddable":true,"href":"https:\/\/eldigitaldeasturias.com\/magazine365\/wp-json\/wp\/v2\/media\/40273"}],"wp:attachment":[{"href":"https:\/\/eldigitaldeasturias.com\/magazine365\/wp-json\/wp\/v2\/media?parent=40272"}],"wp:term":[{"taxonomy":"category","embeddable":true,"href":"https:\/\/eldigitaldeasturias.com\/magazine365\/wp-json\/wp\/v2\/categories?post=40272"},{"taxonomy":"post_tag","embeddable":true,"href":"https:\/\/eldigitaldeasturias.com\/magazine365\/wp-json\/wp\/v2\/tags?post=40272"}],"curies":[{"name":"wp","href":"https:\/\/api.w.org\/{rel}","templated":true}]}}