{"id":40267,"date":"2015-06-18T13:37:05","date_gmt":"2015-06-18T12:07:05","guid":{"rendered":"http:\/\/eldigitaldeasturias.com\/magazine365\/?p=40267"},"modified":"2015-06-18T13:37:05","modified_gmt":"2015-06-18T12:07:05","slug":"espana-contara-con-dos-vuelos-semanales-mas-a-china-a-principios-de-2016","status":"publish","type":"post","link":"https:\/\/eldigitaldeasturias.com\/magazine365\/espana-contara-con-dos-vuelos-semanales-mas-a-china-a-principios-de-2016\/","title":{"rendered":"Espa\u00f1a contar\u00e1 con dos vuelos semanales m\u00e1s a China a principios de 2016"},"content":{"rendered":"<p><img fetchpriority=\"high\" decoding=\"async\" class=\"alignleft size-medium wp-image-39724\" src=\"https:\/\/eldigitaldeasturias.com\/magazine365\/wp-content\/uploads\/2015\/06\/aeropu-360x240.jpg\" alt=\"aeropu\" width=\"360\" height=\"240\" srcset=\"https:\/\/eldigitaldeasturias.com\/magazine365\/wp-content\/uploads\/2015\/06\/aeropu-360x240.jpg 360w, https:\/\/eldigitaldeasturias.com\/magazine365\/wp-content\/uploads\/2015\/06\/aeropu-650x433.jpg 650w, https:\/\/eldigitaldeasturias.com\/magazine365\/wp-content\/uploads\/2015\/06\/aeropu-768x512.jpg 768w, https:\/\/eldigitaldeasturias.com\/magazine365\/wp-content\/uploads\/2015\/06\/aeropu-150x100.jpg 150w, https:\/\/eldigitaldeasturias.com\/magazine365\/wp-content\/uploads\/2015\/06\/aeropu-450x300.jpg 450w, https:\/\/eldigitaldeasturias.com\/magazine365\/wp-content\/uploads\/2015\/06\/aeropu-696x464.jpg 696w, https:\/\/eldigitaldeasturias.com\/magazine365\/wp-content\/uploads\/2015\/06\/aeropu-630x420.jpg 630w, https:\/\/eldigitaldeasturias.com\/magazine365\/wp-content\/uploads\/2015\/06\/aeropu-84x55.jpg 84w, https:\/\/eldigitaldeasturias.com\/magazine365\/wp-content\/uploads\/2015\/06\/aeropu.jpg 800w\" sizes=\"(max-width: 360px) 100vw, 360px\" \/>El ministro de Industria, Energ\u00eda y Turismo, Jos\u00e9 Manuel Soria, ha afirmado este jueves que las frecuencias entre Espa\u00f1a y China sumar\u00e1n otros dos vuelos m\u00e1s a principios del pr\u00f3ximo a\u00f1o, ya que las ocho operaciones por semana actuales \u00abson muy escasas en comparaci\u00f3n con el resto de pa\u00edses mundiales\u00bb, como es el caso de naciones vecinas como Francia y Reino Unido, que cuenta con hasta 80 vuelos por semana.<\/p>\n<p>Soria, qui\u00e9n intervino hoy en una jornada sobre &#8216;El sector del lujo y el turismo de compras&#8217;, explic\u00f3 que en su \u00faltima visita a China se reuni\u00f3 con China Eastern, compa\u00f1\u00eda que ha mostrado un \u00abesfuerzo serio\u00bb por a\u00f1adir dos vuelos semanales m\u00e1s el pr\u00f3ximo a\u00f1o.<\/p>\n<p>Preguntado sobre si alguna a\u00e9rea espa\u00f1ola estudia unir nuestro pa\u00eds con el gigante asi\u00e1tico, el titular de Industria afirm\u00f3 que, aunque s\u00ed se est\u00e1 evaluando, aunque no tiene \u00abconfirmaci\u00f3n de que esto suceda pronto\u00bb.<\/p>\n<p>El turista chino \u00abno s\u00f3lo viene a consumir el producto tradicional sino que les atrae la cultura, historia y arquitectura nacional, adem\u00e1s de la gastronom\u00eda\u00bb, detall\u00f3 Soria, qui\u00e9n apost\u00f3 por este mercado estrat\u00e9gico por su alto poder adquisitivo.<\/p>\n<p>\u00abEsto aumentar\u00e1 el flujo de turistas chinos, lo que es muy importante para Espa\u00f1a porque no es un turista que venga a consumir el producto convencional del &#8216;sol y playa'\u00bb, afirm\u00f3.<\/p>\n<p>Soria indic\u00f3 que todo lo que se haga para mejorar la conectividad a\u00e9rea y agilizar los visados incrementar\u00e1 los flujos de mercados de este tipo.<\/p>\n<p>IMPORTANCIA DEL TURISTA CHINO DE LUJO.<\/p>\n<p>La jornada, organizada por la asociaci\u00f3n de alta gama C\u00edrculo Fortuny, reuni\u00f3 a empresarios del sector, que se\u00f1alaron la importancia del visitante chino y de los mercados emergentes. As\u00ed, destacaron que Espa\u00f1a es la quinta naci\u00f3n m\u00e1s beneficiada a nivel mundial por el gasto de turistas chinos, con un 6% de ventas en tiendas y un gasto medio de 975 euros por persona.<\/p>\n<p>El director general de NH Group en Espa\u00f1a, Hugo Rovira, recalc\u00f3 el fin de la etapa \u00abbueno, bonito y barato, para pasar de la cantidad a calidad\u00bb, as\u00ed como la necesidad de mejorar el \u00absaber vender y comunicar\u00bb.<\/p>\n<p>Desde Loewe se afirm\u00f3 que el 30% de la facturaci\u00f3n de la marca la generan compradores chinos, que en un 70% de casos decide y planea su gasto y destino en su pa\u00eds de origen.<\/p>\n<p>En la actualidad, China es el continente que m\u00e1s gasta en Europa, 10.800 millones de euros, gastando el doble en Francia que en Espa\u00f1a, hasta los 1.666 euros, un 30% de ventas en compras.<\/p>\n","protected":false},"excerpt":{"rendered":"<p>El ministro de Industria, Energ\u00eda y Turismo, Jos\u00e9 Manuel Soria, ha afirmado este jueves que las frecuencias entre Espa\u00f1a y China sumar\u00e1n otros dos vuelos m\u00e1s a principios del pr\u00f3ximo a\u00f1o, ya que las ocho operaciones por semana actuales \u00abson muy escasas en comparaci\u00f3n con el resto de pa\u00edses mundiales\u00bb, como es el caso de<\/p>\n","protected":false},"author":1,"featured_media":39724,"comment_status":"open","ping_status":"closed","sticky":false,"template":"","format":"standard","meta":{"footnotes":""},"categories":[224],"tags":[],"class_list":{"0":"post-40267","1":"post","2":"type-post","3":"status-publish","4":"format-standard","5":"has-post-thumbnail","7":"category-noticias-actualidad"},"aioseo_notices":[],"aioseo_head":"\n\t\t<!-- All in One SEO Pro 4.9.6.1 - aioseo.com -->\n\t<meta name=\"description\" content=\"El ministro de Industria, Energ\u00eda y Turismo, Jos\u00e9 Manuel Soria, ha afirmado este jueves que las frecuencias entre Espa\u00f1a y China sumar\u00e1n otros dos vuelos m\u00e1s a principios del pr\u00f3ximo a\u00f1o, ya que las ocho operaciones por semana actuales &quot;son muy escasas en comparaci\u00f3n con el resto de pa\u00edses mundiales&quot;, como es el caso de\" \/>\n\t<meta name=\"robots\" content=\"max-image-preview:large\" \/>\n\t<meta name=\"author\" content=\"admin\"\/>\n\t<meta name=\"google-site-verification\" content=\"UA-38556648-1\" \/>\n\t<meta name=\"keywords\" content=\"noticias y actualidad\" \/>\n\t<link rel=\"canonical\" href=\"https:\/\/eldigitaldeasturias.com\/magazine365\/espana-contara-con-dos-vuelos-semanales-mas-a-china-a-principios-de-2016\/\" \/>\n\t<meta name=\"generator\" content=\"All in One SEO Pro (AIOSEO) 4.9.6.1\" \/>\n\t\t<meta property=\"og:locale\" content=\"es_ES\" \/>\n\t\t<meta property=\"og:site_name\" content=\"El Digital de Asturias \u2013 Revista de ocio, turismo y estilo de vida\" \/>\n\t\t<meta property=\"og:type\" content=\"article\" \/>\n\t\t<meta property=\"og:title\" content=\"Espa\u00f1a contar\u00e1 con dos vuelos semanales m\u00e1s a China a principios de 2016 | El Digital de Asturias\" \/>\n\t\t<meta property=\"og:description\" content=\"El ministro de Industria, Energ\u00eda y Turismo, Jos\u00e9 Manuel Soria, ha afirmado este jueves que las frecuencias entre Espa\u00f1a y China sumar\u00e1n otros dos vuelos m\u00e1s a principios del pr\u00f3ximo a\u00f1o, ya que las ocho operaciones por semana actuales &quot;son muy escasas en comparaci\u00f3n con el resto de pa\u00edses mundiales&quot;, como es el caso de\" \/>\n\t\t<meta property=\"og:url\" content=\"https:\/\/eldigitaldeasturias.com\/magazine365\/espana-contara-con-dos-vuelos-semanales-mas-a-china-a-principios-de-2016\/\" \/>\n\t\t<meta property=\"og:image\" content=\"https:\/\/eldigitaldeasturias.com\/magazine365\/wp-content\/uploads\/2015\/06\/aeropu.jpg\" \/>\n\t\t<meta property=\"og:image:secure_url\" content=\"https:\/\/eldigitaldeasturias.com\/magazine365\/wp-content\/uploads\/2015\/06\/aeropu.jpg\" \/>\n\t\t<meta property=\"og:image:width\" content=\"800\" \/>\n\t\t<meta property=\"og:image:height\" content=\"533\" \/>\n\t\t<meta property=\"article:published_time\" content=\"2015-06-18T12:07:05+00:00\" \/>\n\t\t<meta property=\"article:modified_time\" content=\"2015-06-18T12:07:05+00:00\" \/>\n\t\t<meta name=\"twitter:card\" content=\"summary_large_image\" \/>\n\t\t<meta name=\"twitter:title\" content=\"Espa\u00f1a contar\u00e1 con dos vuelos semanales m\u00e1s a China a principios de 2016 | El Digital de Asturias\" \/>\n\t\t<meta name=\"twitter:description\" content=\"El ministro de Industria, Energ\u00eda y Turismo, Jos\u00e9 Manuel Soria, ha afirmado este jueves que las frecuencias entre Espa\u00f1a y China sumar\u00e1n otros dos vuelos m\u00e1s a principios del pr\u00f3ximo a\u00f1o, ya que las ocho operaciones por semana actuales &quot;son muy escasas en comparaci\u00f3n con el resto de pa\u00edses mundiales&quot;, como es el caso de\" \/>\n\t\t<meta name=\"twitter:image\" content=\"https:\/\/eldigitaldeasturias.com\/magazine365\/wp-content\/uploads\/2015\/06\/aeropu.jpg\" \/>\n\t\t<script type=\"application\/ld+json\" class=\"aioseo-schema\">\n\t\t\t{\"@context\":\"https:\\\/\\\/schema.org\",\"@graph\":[{\"@type\":\"Article\",\"@id\":\"https:\\\/\\\/eldigitaldeasturias.com\\\/magazine365\\\/espana-contara-con-dos-vuelos-semanales-mas-a-china-a-principios-de-2016\\\/#article\",\"name\":\"Espa\\u00f1a contar\\u00e1 con dos vuelos semanales m\\u00e1s a China a principios de 2016 | El Digital de Asturias\",\"headline\":\"Espa\\u00f1a contar\\u00e1 con dos vuelos semanales m\\u00e1s a China a principios de 2016\",\"author\":{\"@id\":\"https:\\\/\\\/eldigitaldeasturias.com\\\/magazine365\\\/author\\\/admin\\\/#author\"},\"publisher\":{\"@id\":\"https:\\\/\\\/eldigitaldeasturias.com\\\/magazine365\\\/#organization\"},\"image\":{\"@type\":\"ImageObject\",\"url\":\"https:\\\/\\\/eldigitaldeasturias.com\\\/magazine365\\\/wp-content\\\/uploads\\\/2015\\\/06\\\/aeropu.jpg\",\"width\":800,\"height\":533},\"datePublished\":\"2015-06-18T13:37:05+02:00\",\"dateModified\":\"2015-06-18T13:37:05+02:00\",\"inLanguage\":\"es-ES\",\"mainEntityOfPage\":{\"@id\":\"https:\\\/\\\/eldigitaldeasturias.com\\\/magazine365\\\/espana-contara-con-dos-vuelos-semanales-mas-a-china-a-principios-de-2016\\\/#webpage\"},\"isPartOf\":{\"@id\":\"https:\\\/\\\/eldigitaldeasturias.com\\\/magazine365\\\/espana-contara-con-dos-vuelos-semanales-mas-a-china-a-principios-de-2016\\\/#webpage\"},\"articleSection\":\"Noticias y Actualidad\"},{\"@type\":\"BreadcrumbList\",\"@id\":\"https:\\\/\\\/eldigitaldeasturias.com\\\/magazine365\\\/espana-contara-con-dos-vuelos-semanales-mas-a-china-a-principios-de-2016\\\/#breadcrumblist\",\"itemListElement\":[{\"@type\":\"ListItem\",\"@id\":\"https:\\\/\\\/eldigitaldeasturias.com\\\/magazine365#listItem\",\"position\":1,\"name\":\"Home\",\"item\":\"https:\\\/\\\/eldigitaldeasturias.com\\\/magazine365\",\"nextItem\":{\"@type\":\"ListItem\",\"@id\":\"https:\\\/\\\/eldigitaldeasturias.com\\\/magazine365\\\/category\\\/noticias-actualidad\\\/#listItem\",\"name\":\"Noticias y Actualidad\"}},{\"@type\":\"ListItem\",\"@id\":\"https:\\\/\\\/eldigitaldeasturias.com\\\/magazine365\\\/category\\\/noticias-actualidad\\\/#listItem\",\"position\":2,\"name\":\"Noticias y Actualidad\",\"item\":\"https:\\\/\\\/eldigitaldeasturias.com\\\/magazine365\\\/category\\\/noticias-actualidad\\\/\",\"nextItem\":{\"@type\":\"ListItem\",\"@id\":\"https:\\\/\\\/eldigitaldeasturias.com\\\/magazine365\\\/espana-contara-con-dos-vuelos-semanales-mas-a-china-a-principios-de-2016\\\/#listItem\",\"name\":\"Espa\\u00f1a contar\\u00e1 con dos vuelos semanales m\\u00e1s a China a principios de 2016\"},\"previousItem\":{\"@type\":\"ListItem\",\"@id\":\"https:\\\/\\\/eldigitaldeasturias.com\\\/magazine365#listItem\",\"name\":\"Home\"}},{\"@type\":\"ListItem\",\"@id\":\"https:\\\/\\\/eldigitaldeasturias.com\\\/magazine365\\\/espana-contara-con-dos-vuelos-semanales-mas-a-china-a-principios-de-2016\\\/#listItem\",\"position\":3,\"name\":\"Espa\\u00f1a contar\\u00e1 con dos vuelos semanales m\\u00e1s a China a principios de 2016\",\"previousItem\":{\"@type\":\"ListItem\",\"@id\":\"https:\\\/\\\/eldigitaldeasturias.com\\\/magazine365\\\/category\\\/noticias-actualidad\\\/#listItem\",\"name\":\"Noticias y Actualidad\"}}]},{\"@type\":\"Organization\",\"@id\":\"https:\\\/\\\/eldigitaldeasturias.com\\\/magazine365\\\/#organization\",\"name\":\"El digital de Asturias\",\"description\":\"Revista de ocio, turismo y estilo de vida\",\"url\":\"https:\\\/\\\/eldigitaldeasturias.com\\\/magazine365\\\/\",\"logo\":{\"@type\":\"ImageObject\",\"url\":\"https:\\\/\\\/www.eldigitaldeasturias.com\\\/noticias\\\/wp-content\\\/uploads\\\/2020\\\/12\\\/EDA.jpg\",\"@id\":\"https:\\\/\\\/eldigitaldeasturias.com\\\/magazine365\\\/espana-contara-con-dos-vuelos-semanales-mas-a-china-a-principios-de-2016\\\/#organizationLogo\"},\"image\":{\"@id\":\"https:\\\/\\\/eldigitaldeasturias.com\\\/magazine365\\\/espana-contara-con-dos-vuelos-semanales-mas-a-china-a-principios-de-2016\\\/#organizationLogo\"}},{\"@type\":\"Person\",\"@id\":\"https:\\\/\\\/eldigitaldeasturias.com\\\/magazine365\\\/author\\\/admin\\\/#author\",\"url\":\"https:\\\/\\\/eldigitaldeasturias.com\\\/magazine365\\\/author\\\/admin\\\/\",\"name\":\"admin\",\"image\":{\"@type\":\"ImageObject\",\"@id\":\"https:\\\/\\\/eldigitaldeasturias.com\\\/magazine365\\\/espana-contara-con-dos-vuelos-semanales-mas-a-china-a-principios-de-2016\\\/#authorImage\",\"url\":\"https:\\\/\\\/eldigitaldeasturias.com\\\/magazine365\\\/wp-content\\\/litespeed\\\/avatar\\\/e571bcf59a0edd6fa6838245a470f2fe.jpg?ver=1776969259\",\"width\":96,\"height\":96,\"caption\":\"admin\"}},{\"@type\":\"WebPage\",\"@id\":\"https:\\\/\\\/eldigitaldeasturias.com\\\/magazine365\\\/espana-contara-con-dos-vuelos-semanales-mas-a-china-a-principios-de-2016\\\/#webpage\",\"url\":\"https:\\\/\\\/eldigitaldeasturias.com\\\/magazine365\\\/espana-contara-con-dos-vuelos-semanales-mas-a-china-a-principios-de-2016\\\/\",\"name\":\"Espa\\u00f1a contar\\u00e1 con dos vuelos semanales m\\u00e1s a China a principios de 2016 | El Digital de Asturias\",\"description\":\"El ministro de Industria, Energ\\u00eda y Turismo, Jos\\u00e9 Manuel Soria, ha afirmado este jueves que las frecuencias entre Espa\\u00f1a y China sumar\\u00e1n otros dos vuelos m\\u00e1s a principios del pr\\u00f3ximo a\\u00f1o, ya que las ocho operaciones por semana actuales \\\"son muy escasas en comparaci\\u00f3n con el resto de pa\\u00edses mundiales\\\", como es el caso de\",\"inLanguage\":\"es-ES\",\"isPartOf\":{\"@id\":\"https:\\\/\\\/eldigitaldeasturias.com\\\/magazine365\\\/#website\"},\"breadcrumb\":{\"@id\":\"https:\\\/\\\/eldigitaldeasturias.com\\\/magazine365\\\/espana-contara-con-dos-vuelos-semanales-mas-a-china-a-principios-de-2016\\\/#breadcrumblist\"},\"author\":{\"@id\":\"https:\\\/\\\/eldigitaldeasturias.com\\\/magazine365\\\/author\\\/admin\\\/#author\"},\"creator\":{\"@id\":\"https:\\\/\\\/eldigitaldeasturias.com\\\/magazine365\\\/author\\\/admin\\\/#author\"},\"image\":{\"@type\":\"ImageObject\",\"url\":\"https:\\\/\\\/eldigitaldeasturias.com\\\/magazine365\\\/wp-content\\\/uploads\\\/2015\\\/06\\\/aeropu.jpg\",\"@id\":\"https:\\\/\\\/eldigitaldeasturias.com\\\/magazine365\\\/espana-contara-con-dos-vuelos-semanales-mas-a-china-a-principios-de-2016\\\/#mainImage\",\"width\":800,\"height\":533},\"primaryImageOfPage\":{\"@id\":\"https:\\\/\\\/eldigitaldeasturias.com\\\/magazine365\\\/espana-contara-con-dos-vuelos-semanales-mas-a-china-a-principios-de-2016\\\/#mainImage\"},\"datePublished\":\"2015-06-18T13:37:05+02:00\",\"dateModified\":\"2015-06-18T13:37:05+02:00\"},{\"@type\":\"WebSite\",\"@id\":\"https:\\\/\\\/eldigitaldeasturias.com\\\/magazine365\\\/#website\",\"url\":\"https:\\\/\\\/eldigitaldeasturias.com\\\/magazine365\\\/\",\"name\":\"El Digital de Asturias\",\"description\":\"Revista de ocio, turismo y estilo de vida\",\"inLanguage\":\"es-ES\",\"publisher\":{\"@id\":\"https:\\\/\\\/eldigitaldeasturias.com\\\/magazine365\\\/#organization\"}}]}\n\t\t<\/script>\n\t\t<!-- All in One SEO Pro -->\r\n\t\t<title>Espa\u00f1a contar\u00e1 con dos vuelos semanales m\u00e1s a China a principios de 2016 | El Digital de Asturias<\/title>\n\n","aioseo_head_json":{"title":"Espa\u00f1a contar\u00e1 con dos vuelos semanales m\u00e1s a China a principios de 2016 | El Digital de Asturias","description":"El ministro de Industria, Energ\u00eda y Turismo, Jos\u00e9 Manuel Soria, ha afirmado este jueves que las frecuencias entre Espa\u00f1a y China sumar\u00e1n otros dos vuelos m\u00e1s a principios del pr\u00f3ximo a\u00f1o, ya que las ocho operaciones por semana actuales \"son muy escasas en comparaci\u00f3n con el resto de pa\u00edses mundiales\", como es el caso de","canonical_url":"https:\/\/eldigitaldeasturias.com\/magazine365\/espana-contara-con-dos-vuelos-semanales-mas-a-china-a-principios-de-2016\/","robots":"max-image-preview:large","keywords":"noticias y actualidad","webmasterTools":{"google-site-verification":"UA-38556648-1","miscellaneous":""},"schema":{"@context":"https:\/\/schema.org","@graph":[{"@type":"Article","@id":"https:\/\/eldigitaldeasturias.com\/magazine365\/espana-contara-con-dos-vuelos-semanales-mas-a-china-a-principios-de-2016\/#article","name":"Espa\u00f1a contar\u00e1 con dos vuelos semanales m\u00e1s a China a principios de 2016 | El Digital de Asturias","headline":"Espa\u00f1a contar\u00e1 con dos vuelos semanales m\u00e1s a China a principios de 2016","author":{"@id":"https:\/\/eldigitaldeasturias.com\/magazine365\/author\/admin\/#author"},"publisher":{"@id":"https:\/\/eldigitaldeasturias.com\/magazine365\/#organization"},"image":{"@type":"ImageObject","url":"https:\/\/eldigitaldeasturias.com\/magazine365\/wp-content\/uploads\/2015\/06\/aeropu.jpg","width":800,"height":533},"datePublished":"2015-06-18T13:37:05+02:00","dateModified":"2015-06-18T13:37:05+02:00","inLanguage":"es-ES","mainEntityOfPage":{"@id":"https:\/\/eldigitaldeasturias.com\/magazine365\/espana-contara-con-dos-vuelos-semanales-mas-a-china-a-principios-de-2016\/#webpage"},"isPartOf":{"@id":"https:\/\/eldigitaldeasturias.com\/magazine365\/espana-contara-con-dos-vuelos-semanales-mas-a-china-a-principios-de-2016\/#webpage"},"articleSection":"Noticias y Actualidad"},{"@type":"BreadcrumbList","@id":"https:\/\/eldigitaldeasturias.com\/magazine365\/espana-contara-con-dos-vuelos-semanales-mas-a-china-a-principios-de-2016\/#breadcrumblist","itemListElement":[{"@type":"ListItem","@id":"https:\/\/eldigitaldeasturias.com\/magazine365#listItem","position":1,"name":"Home","item":"https:\/\/eldigitaldeasturias.com\/magazine365","nextItem":{"@type":"ListItem","@id":"https:\/\/eldigitaldeasturias.com\/magazine365\/category\/noticias-actualidad\/#listItem","name":"Noticias y Actualidad"}},{"@type":"ListItem","@id":"https:\/\/eldigitaldeasturias.com\/magazine365\/category\/noticias-actualidad\/#listItem","position":2,"name":"Noticias y Actualidad","item":"https:\/\/eldigitaldeasturias.com\/magazine365\/category\/noticias-actualidad\/","nextItem":{"@type":"ListItem","@id":"https:\/\/eldigitaldeasturias.com\/magazine365\/espana-contara-con-dos-vuelos-semanales-mas-a-china-a-principios-de-2016\/#listItem","name":"Espa\u00f1a contar\u00e1 con dos vuelos semanales m\u00e1s a China a principios de 2016"},"previousItem":{"@type":"ListItem","@id":"https:\/\/eldigitaldeasturias.com\/magazine365#listItem","name":"Home"}},{"@type":"ListItem","@id":"https:\/\/eldigitaldeasturias.com\/magazine365\/espana-contara-con-dos-vuelos-semanales-mas-a-china-a-principios-de-2016\/#listItem","position":3,"name":"Espa\u00f1a contar\u00e1 con dos vuelos semanales m\u00e1s a China a principios de 2016","previousItem":{"@type":"ListItem","@id":"https:\/\/eldigitaldeasturias.com\/magazine365\/category\/noticias-actualidad\/#listItem","name":"Noticias y Actualidad"}}]},{"@type":"Organization","@id":"https:\/\/eldigitaldeasturias.com\/magazine365\/#organization","name":"El digital de Asturias","description":"Revista de ocio, turismo y estilo de vida","url":"https:\/\/eldigitaldeasturias.com\/magazine365\/","logo":{"@type":"ImageObject","url":"https:\/\/www.eldigitaldeasturias.com\/noticias\/wp-content\/uploads\/2020\/12\/EDA.jpg","@id":"https:\/\/eldigitaldeasturias.com\/magazine365\/espana-contara-con-dos-vuelos-semanales-mas-a-china-a-principios-de-2016\/#organizationLogo"},"image":{"@id":"https:\/\/eldigitaldeasturias.com\/magazine365\/espana-contara-con-dos-vuelos-semanales-mas-a-china-a-principios-de-2016\/#organizationLogo"}},{"@type":"Person","@id":"https:\/\/eldigitaldeasturias.com\/magazine365\/author\/admin\/#author","url":"https:\/\/eldigitaldeasturias.com\/magazine365\/author\/admin\/","name":"admin","image":{"@type":"ImageObject","@id":"https:\/\/eldigitaldeasturias.com\/magazine365\/espana-contara-con-dos-vuelos-semanales-mas-a-china-a-principios-de-2016\/#authorImage","url":"https:\/\/eldigitaldeasturias.com\/magazine365\/wp-content\/litespeed\/avatar\/e571bcf59a0edd6fa6838245a470f2fe.jpg?ver=1776969259","width":96,"height":96,"caption":"admin"}},{"@type":"WebPage","@id":"https:\/\/eldigitaldeasturias.com\/magazine365\/espana-contara-con-dos-vuelos-semanales-mas-a-china-a-principios-de-2016\/#webpage","url":"https:\/\/eldigitaldeasturias.com\/magazine365\/espana-contara-con-dos-vuelos-semanales-mas-a-china-a-principios-de-2016\/","name":"Espa\u00f1a contar\u00e1 con dos vuelos semanales m\u00e1s a China a principios de 2016 | El Digital de Asturias","description":"El ministro de Industria, Energ\u00eda y Turismo, Jos\u00e9 Manuel Soria, ha afirmado este jueves que las frecuencias entre Espa\u00f1a y China sumar\u00e1n otros dos vuelos m\u00e1s a principios del pr\u00f3ximo a\u00f1o, ya que las ocho operaciones por semana actuales \"son muy escasas en comparaci\u00f3n con el resto de pa\u00edses mundiales\", como es el caso de","inLanguage":"es-ES","isPartOf":{"@id":"https:\/\/eldigitaldeasturias.com\/magazine365\/#website"},"breadcrumb":{"@id":"https:\/\/eldigitaldeasturias.com\/magazine365\/espana-contara-con-dos-vuelos-semanales-mas-a-china-a-principios-de-2016\/#breadcrumblist"},"author":{"@id":"https:\/\/eldigitaldeasturias.com\/magazine365\/author\/admin\/#author"},"creator":{"@id":"https:\/\/eldigitaldeasturias.com\/magazine365\/author\/admin\/#author"},"image":{"@type":"ImageObject","url":"https:\/\/eldigitaldeasturias.com\/magazine365\/wp-content\/uploads\/2015\/06\/aeropu.jpg","@id":"https:\/\/eldigitaldeasturias.com\/magazine365\/espana-contara-con-dos-vuelos-semanales-mas-a-china-a-principios-de-2016\/#mainImage","width":800,"height":533},"primaryImageOfPage":{"@id":"https:\/\/eldigitaldeasturias.com\/magazine365\/espana-contara-con-dos-vuelos-semanales-mas-a-china-a-principios-de-2016\/#mainImage"},"datePublished":"2015-06-18T13:37:05+02:00","dateModified":"2015-06-18T13:37:05+02:00"},{"@type":"WebSite","@id":"https:\/\/eldigitaldeasturias.com\/magazine365\/#website","url":"https:\/\/eldigitaldeasturias.com\/magazine365\/","name":"El Digital de Asturias","description":"Revista de ocio, turismo y estilo de vida","inLanguage":"es-ES","publisher":{"@id":"https:\/\/eldigitaldeasturias.com\/magazine365\/#organization"}}]},"og:locale":"es_ES","og:site_name":"El Digital de Asturias \u2013 Revista de ocio, turismo y estilo de vida","og:type":"article","og:title":"Espa\u00f1a contar\u00e1 con dos vuelos semanales m\u00e1s a China a principios de 2016 | El Digital de Asturias","og:description":"El ministro de Industria, Energ\u00eda y Turismo, Jos\u00e9 Manuel Soria, ha afirmado este jueves que las frecuencias entre Espa\u00f1a y China sumar\u00e1n otros dos vuelos m\u00e1s a principios del pr\u00f3ximo a\u00f1o, ya que las ocho operaciones por semana actuales &quot;son muy escasas en comparaci\u00f3n con el resto de pa\u00edses mundiales&quot;, como es el caso de","og:url":"https:\/\/eldigitaldeasturias.com\/magazine365\/espana-contara-con-dos-vuelos-semanales-mas-a-china-a-principios-de-2016\/","og:image":"https:\/\/eldigitaldeasturias.com\/magazine365\/wp-content\/uploads\/2015\/06\/aeropu.jpg","og:image:secure_url":"https:\/\/eldigitaldeasturias.com\/magazine365\/wp-content\/uploads\/2015\/06\/aeropu.jpg","og:image:width":800,"og:image:height":533,"article:published_time":"2015-06-18T12:07:05+00:00","article:modified_time":"2015-06-18T12:07:05+00:00","twitter:card":"summary_large_image","twitter:title":"Espa\u00f1a contar\u00e1 con dos vuelos semanales m\u00e1s a China a principios de 2016 | El Digital de Asturias","twitter:description":"El ministro de Industria, Energ\u00eda y Turismo, Jos\u00e9 Manuel Soria, ha afirmado este jueves que las frecuencias entre Espa\u00f1a y China sumar\u00e1n otros dos vuelos m\u00e1s a principios del pr\u00f3ximo a\u00f1o, ya que las ocho operaciones por semana actuales &quot;son muy escasas en comparaci\u00f3n con el resto de pa\u00edses mundiales&quot;, como es el caso de","twitter:image":"https:\/\/eldigitaldeasturias.com\/magazine365\/wp-content\/uploads\/2015\/06\/aeropu.jpg"},"aioseo_meta_data":{"post_id":"40267","title":null,"description":null,"keywords":null,"keyphrases":null,"primary_term":null,"canonical_url":null,"og_title":null,"og_description":null,"og_object_type":"default","og_image_type":"default","og_image_url":null,"og_image_width":null,"og_image_height":null,"og_image_custom_url":null,"og_image_custom_fields":null,"og_video":null,"og_custom_url":null,"og_article_section":null,"og_article_tags":null,"twitter_use_og":false,"twitter_card":"default","twitter_image_type":"default","twitter_image_url":null,"twitter_image_custom_url":null,"twitter_image_custom_fields":null,"twitter_title":null,"twitter_description":null,"schema":{"blockGraphs":[],"customGraphs":[],"default":{"data":{"Article":[],"Course":[],"Dataset":[],"FAQPage":[],"Movie":[],"Person":[],"Product":[],"ProductReview":[],"Car":[],"Recipe":[],"Service":[],"SoftwareApplication":[],"WebPage":[]},"graphName":"","isEnabled":true},"graphs":[],"defaultGraph":"","defaultPostTypeGraph":""},"schema_type":null,"schema_type_options":null,"pillar_content":false,"robots_default":true,"robots_noindex":false,"robots_noarchive":false,"robots_nosnippet":false,"robots_nofollow":false,"robots_noimageindex":false,"robots_noodp":false,"robots_notranslate":false,"robots_max_snippet":null,"robots_max_videopreview":null,"robots_max_imagepreview":"large","priority":null,"frequency":null,"location":null,"local_seo":null,"seo_analyzer_scan_date":"2025-09-19 13:14:01","breadcrumb_settings":null,"limit_modified_date":false,"open_ai":null,"ai":null,"created":"2021-03-09 02:30:52","updated":"2025-09-19 13:14:01"},"aioseo_breadcrumb":"<div class=\"aioseo-breadcrumbs\"><span class=\"aioseo-breadcrumb\">\n\t<a href=\"https:\/\/eldigitaldeasturias.com\/magazine365\" title=\"Home\">Home<\/a>\n<\/span><span class=\"aioseo-breadcrumb-separator\">\u2013<\/span><span class=\"aioseo-breadcrumb\">\n\t<a href=\"https:\/\/eldigitaldeasturias.com\/magazine365\/category\/noticias-actualidad\/\" title=\"Noticias y Actualidad\">Noticias y Actualidad<\/a>\n<\/span><span class=\"aioseo-breadcrumb-separator\">\u2013<\/span><span class=\"aioseo-breadcrumb\">\n\t<a href=\"https:\/\/eldigitaldeasturias.com\/magazine365\/espana-contara-con-dos-vuelos-semanales-mas-a-china-a-principios-de-2016\/\" title=\"Espa\u00f1a contar\u00e1 con dos vuelos semanales m\u00e1s a China a principios de 2016\">Espa\u00f1a contar\u00e1 con dos vuelos semanales m\u00e1s a China a principios de 2016<\/a>\n<\/span><\/div>","aioseo_breadcrumb_json":[{"label":"Home","link":"https:\/\/eldigitaldeasturias.com\/magazine365"},{"label":"Noticias y Actualidad","link":"https:\/\/eldigitaldeasturias.com\/magazine365\/category\/noticias-actualidad\/"},{"label":"Espa\u00f1a contar\u00e1 con dos vuelos semanales m\u00e1s a China a principios de 2016","link":"https:\/\/eldigitaldeasturias.com\/magazine365\/espana-contara-con-dos-vuelos-semanales-mas-a-china-a-principios-de-2016\/"}],"_links":{"self":[{"href":"https:\/\/eldigitaldeasturias.com\/magazine365\/wp-json\/wp\/v2\/posts\/40267","targetHints":{"allow":["GET"]}}],"collection":[{"href":"https:\/\/eldigitaldeasturias.com\/magazine365\/wp-json\/wp\/v2\/posts"}],"about":[{"href":"https:\/\/eldigitaldeasturias.com\/magazine365\/wp-json\/wp\/v2\/types\/post"}],"author":[{"embeddable":true,"href":"https:\/\/eldigitaldeasturias.com\/magazine365\/wp-json\/wp\/v2\/users\/1"}],"replies":[{"embeddable":true,"href":"https:\/\/eldigitaldeasturias.com\/magazine365\/wp-json\/wp\/v2\/comments?post=40267"}],"version-history":[{"count":0,"href":"https:\/\/eldigitaldeasturias.com\/magazine365\/wp-json\/wp\/v2\/posts\/40267\/revisions"}],"wp:featuredmedia":[{"embeddable":true,"href":"https:\/\/eldigitaldeasturias.com\/magazine365\/wp-json\/wp\/v2\/media\/39724"}],"wp:attachment":[{"href":"https:\/\/eldigitaldeasturias.com\/magazine365\/wp-json\/wp\/v2\/media?parent=40267"}],"wp:term":[{"taxonomy":"category","embeddable":true,"href":"https:\/\/eldigitaldeasturias.com\/magazine365\/wp-json\/wp\/v2\/categories?post=40267"},{"taxonomy":"post_tag","embeddable":true,"href":"https:\/\/eldigitaldeasturias.com\/magazine365\/wp-json\/wp\/v2\/tags?post=40267"}],"curies":[{"name":"wp","href":"https:\/\/api.w.org\/{rel}","templated":true}]}}