{"id":40249,"date":"2015-06-18T09:34:40","date_gmt":"2015-06-18T08:04:40","guid":{"rendered":"http:\/\/eldigitaldeasturias.com\/magazine365\/?p=40249"},"modified":"2015-06-18T09:34:40","modified_gmt":"2015-06-18T08:04:40","slug":"paradores-preve-cerrar-2015-con-44-puntos-mas-en-ocupacion","status":"publish","type":"post","link":"https:\/\/eldigitaldeasturias.com\/magazine365\/paradores-preve-cerrar-2015-con-44-puntos-mas-en-ocupacion\/","title":{"rendered":"Paradores prev\u00e9 cerrar 2015 con 4,4 puntos m\u00e1s en ocupaci\u00f3n"},"content":{"rendered":"<p><img fetchpriority=\"high\" decoding=\"async\" class=\"alignleft size-medium wp-image-40250\" src=\"https:\/\/eldigitaldeasturias.com\/magazine365\/wp-content\/uploads\/2015\/06\/fotonoticia_20150617201205_800-360x270.jpg\" alt=\"fotonoticia_20150617201205_800\" width=\"360\" height=\"270\" srcset=\"https:\/\/eldigitaldeasturias.com\/magazine365\/wp-content\/uploads\/2015\/06\/fotonoticia_20150617201205_800-360x270.jpg 360w, https:\/\/eldigitaldeasturias.com\/magazine365\/wp-content\/uploads\/2015\/06\/fotonoticia_20150617201205_800-650x488.jpg 650w, https:\/\/eldigitaldeasturias.com\/magazine365\/wp-content\/uploads\/2015\/06\/fotonoticia_20150617201205_800-768x576.jpg 768w, https:\/\/eldigitaldeasturias.com\/magazine365\/wp-content\/uploads\/2015\/06\/fotonoticia_20150617201205_800-150x113.jpg 150w, https:\/\/eldigitaldeasturias.com\/magazine365\/wp-content\/uploads\/2015\/06\/fotonoticia_20150617201205_800-450x338.jpg 450w, https:\/\/eldigitaldeasturias.com\/magazine365\/wp-content\/uploads\/2015\/06\/fotonoticia_20150617201205_800-80x60.jpg 80w, https:\/\/eldigitaldeasturias.com\/magazine365\/wp-content\/uploads\/2015\/06\/fotonoticia_20150617201205_800-265x198.jpg 265w, https:\/\/eldigitaldeasturias.com\/magazine365\/wp-content\/uploads\/2015\/06\/fotonoticia_20150617201205_800-696x522.jpg 696w, https:\/\/eldigitaldeasturias.com\/magazine365\/wp-content\/uploads\/2015\/06\/fotonoticia_20150617201205_800-560x420.jpg 560w, https:\/\/eldigitaldeasturias.com\/magazine365\/wp-content\/uploads\/2015\/06\/fotonoticia_20150617201205_800-90x67.jpg 90w, https:\/\/eldigitaldeasturias.com\/magazine365\/wp-content\/uploads\/2015\/06\/fotonoticia_20150617201205_800-100x75.jpg 100w, https:\/\/eldigitaldeasturias.com\/magazine365\/wp-content\/uploads\/2015\/06\/fotonoticia_20150617201205_800.jpg 800w\" sizes=\"(max-width: 360px) 100vw, 360px\" \/>Paradores de Turismo prev\u00e9 cerrar el a\u00f1o con un incremento de 4,4 puntos de ocupaci\u00f3n, con un aumento aproximado del 8,4% en el n\u00famero de habitaciones ocupadas, seg\u00fan avanz\u00f3 hoy el ministro de Industria, Energ\u00eda y Turismo, Jos\u00e9 Manuel Soria, un nivel que calific\u00f3 de \u00abcorrecto\u00bb.<\/p>\n<p>Durante su comparecencia ante la Comisi\u00f3n de Industria del Congreso, a petici\u00f3n propia para hacer balance del sector, Soria se\u00f1al\u00f3 incluso que las previsiones que se manejan est\u00e1n por debajo de la ocupaci\u00f3n real en su conjunto para el a\u00f1o, tras registrar en mayo un aumento de 5,12% y un 11,4% m\u00e1s de habitaciones ocupadas.<\/p>\n<p>A cierre de 2014, la ocupaci\u00f3n fue 3,6 puntos porcentuales superior al a\u00f1o previo, con un 7,2% m\u00e1s de habitaciones ocupadas.<\/p>\n<p>CAMBIO RADICAL EN LA CADENA.<\/p>\n<p>\u00abA partir de 2014, la clara mejora en la econom\u00eda, las medidas de ajuste aplicadas y el impulso comercial han hecho cambiar la situaci\u00f3n de sus ingresos de una manera radical\u00bb, afirm\u00f3, tras recordar que a su llegada a Industria la situaci\u00f3n de la cadena hotelera p\u00fablica rozaba la quiebra.<\/p>\n<p>Paradores registr\u00f3 p\u00e9rdidas a partir de 2004, con un endeudamiento de hasta 86 millones de euros con distintas entidades financieras. Soria resalt\u00f3 que en 2011 se enajen\u00f3 una de las propiedades del grupo, lo que supuso una entrada de 21,7 millones de euros, evitando p\u00e9rdidas de hasta 150 millones de euros.<\/p>\n<p>El ministro record\u00f3 que en 2012 y 2013 los ingresos siguieron descendiendo, influidos por la \u00abdelicada situaci\u00f3n econ\u00f3mica y las huelgas de hace dos a\u00f1os\u00bb, con lo que debieron tomarse medidas como la reducci\u00f3n de personal y el cierre de aquellos paradores cuyos niveles de ocupaci\u00f3n aconsejaban el cese de actividad en temporada baja. En cambio ahora, el panorama es de \u00abrecuperaci\u00f3n de la actividad y de la ocupaci\u00f3n\u00bb, apunt\u00f3.<\/p>\n<p>HACIA UN MODELO DE FRANQUICIA.<\/p>\n<p>No obstante, el titular de Turismo recalc\u00f3 que el actual modelo de gesti\u00f3n de este tipo de alojamientos debe cambiar, a trav\u00e9s del modelo de franquicias y nuevas f\u00f3rmulas para buscar rentabilidad, aprovechando el saber hacer (&#8216;know how&#8217;) de la marca, exportable a otros pa\u00edses, y su prestigio.<\/p>\n<p>Se trata, seg\u00fan dijo, de exportar los est\u00e1ndares de la cadena a establecimientos \u00abque cumplan las condiciones necesarias e incorporen el valor, prestigio y calidad\u00bb a la red de 94 paradores.<\/p>\n<p>\u00abLos valores que presenta son diferenciales en el mercado y disponemos de un modelo operativo maduro y probado que puede ser replicado con facilidad (..). Un cambio &#8211;opin\u00f3&#8211; generar\u00e1 una nueva fuente de ingresos y de crecimiento para la empresa\u00bb, concluy\u00f3.<\/p>\n","protected":false},"excerpt":{"rendered":"<p>Paradores de Turismo prev\u00e9 cerrar el a\u00f1o con un incremento de 4,4 puntos de ocupaci\u00f3n, con un aumento aproximado del 8,4% en el n\u00famero de habitaciones ocupadas, seg\u00fan avanz\u00f3 hoy el ministro de Industria, Energ\u00eda y Turismo, Jos\u00e9 Manuel Soria, un nivel que calific\u00f3 de \u00abcorrecto\u00bb. Durante su comparecencia ante la Comisi\u00f3n de Industria del<\/p>\n","protected":false},"author":1,"featured_media":40250,"comment_status":"open","ping_status":"closed","sticky":false,"template":"","format":"standard","meta":{"footnotes":""},"categories":[222],"tags":[],"class_list":{"0":"post-40249","1":"post","2":"type-post","3":"status-publish","4":"format-standard","5":"has-post-thumbnail","7":"category-actualidad-turismo"},"aioseo_notices":[],"aioseo_head":"\n\t\t<!-- All in One SEO Pro 4.9.6.1 - aioseo.com -->\n\t<meta name=\"description\" content=\"Paradores de Turismo prev\u00e9 cerrar el a\u00f1o con un incremento de 4,4 puntos de ocupaci\u00f3n, con un aumento aproximado del 8,4% en el n\u00famero de habitaciones ocupadas, seg\u00fan avanz\u00f3 hoy el ministro de Industria, Energ\u00eda y Turismo, Jos\u00e9 Manuel Soria, un nivel que calific\u00f3 de &quot;correcto&quot;. Durante su comparecencia ante la Comisi\u00f3n de Industria del\" \/>\n\t<meta name=\"robots\" content=\"max-image-preview:large\" \/>\n\t<meta name=\"author\" content=\"admin\"\/>\n\t<meta name=\"google-site-verification\" content=\"UA-38556648-1\" \/>\n\t<meta name=\"keywords\" content=\"actualidad turismo\" \/>\n\t<link rel=\"canonical\" href=\"https:\/\/eldigitaldeasturias.com\/magazine365\/paradores-preve-cerrar-2015-con-44-puntos-mas-en-ocupacion\/\" \/>\n\t<meta name=\"generator\" content=\"All in One SEO Pro (AIOSEO) 4.9.6.1\" \/>\n\t\t<meta property=\"og:locale\" content=\"es_ES\" \/>\n\t\t<meta property=\"og:site_name\" content=\"El Digital de Asturias \u2013 Revista de ocio, turismo y estilo de vida\" \/>\n\t\t<meta property=\"og:type\" content=\"article\" \/>\n\t\t<meta property=\"og:title\" content=\"Paradores prev\u00e9 cerrar 2015 con 4,4 puntos m\u00e1s en ocupaci\u00f3n | El Digital de Asturias\" \/>\n\t\t<meta property=\"og:description\" content=\"Paradores de Turismo prev\u00e9 cerrar el a\u00f1o con un incremento de 4,4 puntos de ocupaci\u00f3n, con un aumento aproximado del 8,4% en el n\u00famero de habitaciones ocupadas, seg\u00fan avanz\u00f3 hoy el ministro de Industria, Energ\u00eda y Turismo, Jos\u00e9 Manuel Soria, un nivel que calific\u00f3 de &quot;correcto&quot;. Durante su comparecencia ante la Comisi\u00f3n de Industria del\" \/>\n\t\t<meta property=\"og:url\" content=\"https:\/\/eldigitaldeasturias.com\/magazine365\/paradores-preve-cerrar-2015-con-44-puntos-mas-en-ocupacion\/\" \/>\n\t\t<meta property=\"og:image\" content=\"https:\/\/eldigitaldeasturias.com\/magazine365\/wp-content\/uploads\/2015\/06\/fotonoticia_20150617201205_800.jpg\" \/>\n\t\t<meta property=\"og:image:secure_url\" content=\"https:\/\/eldigitaldeasturias.com\/magazine365\/wp-content\/uploads\/2015\/06\/fotonoticia_20150617201205_800.jpg\" \/>\n\t\t<meta property=\"og:image:width\" content=\"800\" \/>\n\t\t<meta property=\"og:image:height\" content=\"600\" \/>\n\t\t<meta property=\"article:published_time\" content=\"2015-06-18T08:04:40+00:00\" \/>\n\t\t<meta property=\"article:modified_time\" content=\"2015-06-18T08:04:40+00:00\" \/>\n\t\t<meta name=\"twitter:card\" content=\"summary_large_image\" \/>\n\t\t<meta name=\"twitter:title\" content=\"Paradores prev\u00e9 cerrar 2015 con 4,4 puntos m\u00e1s en ocupaci\u00f3n | El Digital de Asturias\" \/>\n\t\t<meta name=\"twitter:description\" content=\"Paradores de Turismo prev\u00e9 cerrar el a\u00f1o con un incremento de 4,4 puntos de ocupaci\u00f3n, con un aumento aproximado del 8,4% en el n\u00famero de habitaciones ocupadas, seg\u00fan avanz\u00f3 hoy el ministro de Industria, Energ\u00eda y Turismo, Jos\u00e9 Manuel Soria, un nivel que calific\u00f3 de &quot;correcto&quot;. Durante su comparecencia ante la Comisi\u00f3n de Industria del\" \/>\n\t\t<meta name=\"twitter:image\" content=\"https:\/\/eldigitaldeasturias.com\/magazine365\/wp-content\/uploads\/2015\/06\/fotonoticia_20150617201205_800.jpg\" \/>\n\t\t<script type=\"application\/ld+json\" class=\"aioseo-schema\">\n\t\t\t{\"@context\":\"https:\\\/\\\/schema.org\",\"@graph\":[{\"@type\":\"Article\",\"@id\":\"https:\\\/\\\/eldigitaldeasturias.com\\\/magazine365\\\/paradores-preve-cerrar-2015-con-44-puntos-mas-en-ocupacion\\\/#article\",\"name\":\"Paradores prev\\u00e9 cerrar 2015 con 4,4 puntos m\\u00e1s en ocupaci\\u00f3n | El Digital de Asturias\",\"headline\":\"Paradores prev\\u00e9 cerrar 2015 con 4,4 puntos m\\u00e1s en ocupaci\\u00f3n\",\"author\":{\"@id\":\"https:\\\/\\\/eldigitaldeasturias.com\\\/magazine365\\\/author\\\/admin\\\/#author\"},\"publisher\":{\"@id\":\"https:\\\/\\\/eldigitaldeasturias.com\\\/magazine365\\\/#organization\"},\"image\":{\"@type\":\"ImageObject\",\"url\":\"https:\\\/\\\/eldigitaldeasturias.com\\\/magazine365\\\/wp-content\\\/uploads\\\/2015\\\/06\\\/fotonoticia_20150617201205_800.jpg\",\"width\":800,\"height\":600},\"datePublished\":\"2015-06-18T09:34:40+02:00\",\"dateModified\":\"2015-06-18T09:34:40+02:00\",\"inLanguage\":\"es-ES\",\"mainEntityOfPage\":{\"@id\":\"https:\\\/\\\/eldigitaldeasturias.com\\\/magazine365\\\/paradores-preve-cerrar-2015-con-44-puntos-mas-en-ocupacion\\\/#webpage\"},\"isPartOf\":{\"@id\":\"https:\\\/\\\/eldigitaldeasturias.com\\\/magazine365\\\/paradores-preve-cerrar-2015-con-44-puntos-mas-en-ocupacion\\\/#webpage\"},\"articleSection\":\"Actualidad Turismo\"},{\"@type\":\"BreadcrumbList\",\"@id\":\"https:\\\/\\\/eldigitaldeasturias.com\\\/magazine365\\\/paradores-preve-cerrar-2015-con-44-puntos-mas-en-ocupacion\\\/#breadcrumblist\",\"itemListElement\":[{\"@type\":\"ListItem\",\"@id\":\"https:\\\/\\\/eldigitaldeasturias.com\\\/magazine365#listItem\",\"position\":1,\"name\":\"Home\",\"item\":\"https:\\\/\\\/eldigitaldeasturias.com\\\/magazine365\",\"nextItem\":{\"@type\":\"ListItem\",\"@id\":\"https:\\\/\\\/eldigitaldeasturias.com\\\/magazine365\\\/category\\\/actualidad-turismo\\\/#listItem\",\"name\":\"Actualidad Turismo\"}},{\"@type\":\"ListItem\",\"@id\":\"https:\\\/\\\/eldigitaldeasturias.com\\\/magazine365\\\/category\\\/actualidad-turismo\\\/#listItem\",\"position\":2,\"name\":\"Actualidad Turismo\",\"item\":\"https:\\\/\\\/eldigitaldeasturias.com\\\/magazine365\\\/category\\\/actualidad-turismo\\\/\",\"nextItem\":{\"@type\":\"ListItem\",\"@id\":\"https:\\\/\\\/eldigitaldeasturias.com\\\/magazine365\\\/paradores-preve-cerrar-2015-con-44-puntos-mas-en-ocupacion\\\/#listItem\",\"name\":\"Paradores prev\\u00e9 cerrar 2015 con 4,4 puntos m\\u00e1s en ocupaci\\u00f3n\"},\"previousItem\":{\"@type\":\"ListItem\",\"@id\":\"https:\\\/\\\/eldigitaldeasturias.com\\\/magazine365#listItem\",\"name\":\"Home\"}},{\"@type\":\"ListItem\",\"@id\":\"https:\\\/\\\/eldigitaldeasturias.com\\\/magazine365\\\/paradores-preve-cerrar-2015-con-44-puntos-mas-en-ocupacion\\\/#listItem\",\"position\":3,\"name\":\"Paradores prev\\u00e9 cerrar 2015 con 4,4 puntos m\\u00e1s en ocupaci\\u00f3n\",\"previousItem\":{\"@type\":\"ListItem\",\"@id\":\"https:\\\/\\\/eldigitaldeasturias.com\\\/magazine365\\\/category\\\/actualidad-turismo\\\/#listItem\",\"name\":\"Actualidad Turismo\"}}]},{\"@type\":\"Organization\",\"@id\":\"https:\\\/\\\/eldigitaldeasturias.com\\\/magazine365\\\/#organization\",\"name\":\"El digital de Asturias\",\"description\":\"Revista de ocio, turismo y estilo de vida\",\"url\":\"https:\\\/\\\/eldigitaldeasturias.com\\\/magazine365\\\/\",\"logo\":{\"@type\":\"ImageObject\",\"url\":\"https:\\\/\\\/www.eldigitaldeasturias.com\\\/noticias\\\/wp-content\\\/uploads\\\/2020\\\/12\\\/EDA.jpg\",\"@id\":\"https:\\\/\\\/eldigitaldeasturias.com\\\/magazine365\\\/paradores-preve-cerrar-2015-con-44-puntos-mas-en-ocupacion\\\/#organizationLogo\"},\"image\":{\"@id\":\"https:\\\/\\\/eldigitaldeasturias.com\\\/magazine365\\\/paradores-preve-cerrar-2015-con-44-puntos-mas-en-ocupacion\\\/#organizationLogo\"}},{\"@type\":\"Person\",\"@id\":\"https:\\\/\\\/eldigitaldeasturias.com\\\/magazine365\\\/author\\\/admin\\\/#author\",\"url\":\"https:\\\/\\\/eldigitaldeasturias.com\\\/magazine365\\\/author\\\/admin\\\/\",\"name\":\"admin\",\"image\":{\"@type\":\"ImageObject\",\"@id\":\"https:\\\/\\\/eldigitaldeasturias.com\\\/magazine365\\\/paradores-preve-cerrar-2015-con-44-puntos-mas-en-ocupacion\\\/#authorImage\",\"url\":\"https:\\\/\\\/eldigitaldeasturias.com\\\/magazine365\\\/wp-content\\\/litespeed\\\/avatar\\\/e571bcf59a0edd6fa6838245a470f2fe.jpg?ver=1776969259\",\"width\":96,\"height\":96,\"caption\":\"admin\"}},{\"@type\":\"WebPage\",\"@id\":\"https:\\\/\\\/eldigitaldeasturias.com\\\/magazine365\\\/paradores-preve-cerrar-2015-con-44-puntos-mas-en-ocupacion\\\/#webpage\",\"url\":\"https:\\\/\\\/eldigitaldeasturias.com\\\/magazine365\\\/paradores-preve-cerrar-2015-con-44-puntos-mas-en-ocupacion\\\/\",\"name\":\"Paradores prev\\u00e9 cerrar 2015 con 4,4 puntos m\\u00e1s en ocupaci\\u00f3n | El Digital de Asturias\",\"description\":\"Paradores de Turismo prev\\u00e9 cerrar el a\\u00f1o con un incremento de 4,4 puntos de ocupaci\\u00f3n, con un aumento aproximado del 8,4% en el n\\u00famero de habitaciones ocupadas, seg\\u00fan avanz\\u00f3 hoy el ministro de Industria, Energ\\u00eda y Turismo, Jos\\u00e9 Manuel Soria, un nivel que calific\\u00f3 de \\\"correcto\\\". Durante su comparecencia ante la Comisi\\u00f3n de Industria del\",\"inLanguage\":\"es-ES\",\"isPartOf\":{\"@id\":\"https:\\\/\\\/eldigitaldeasturias.com\\\/magazine365\\\/#website\"},\"breadcrumb\":{\"@id\":\"https:\\\/\\\/eldigitaldeasturias.com\\\/magazine365\\\/paradores-preve-cerrar-2015-con-44-puntos-mas-en-ocupacion\\\/#breadcrumblist\"},\"author\":{\"@id\":\"https:\\\/\\\/eldigitaldeasturias.com\\\/magazine365\\\/author\\\/admin\\\/#author\"},\"creator\":{\"@id\":\"https:\\\/\\\/eldigitaldeasturias.com\\\/magazine365\\\/author\\\/admin\\\/#author\"},\"image\":{\"@type\":\"ImageObject\",\"url\":\"https:\\\/\\\/eldigitaldeasturias.com\\\/magazine365\\\/wp-content\\\/uploads\\\/2015\\\/06\\\/fotonoticia_20150617201205_800.jpg\",\"@id\":\"https:\\\/\\\/eldigitaldeasturias.com\\\/magazine365\\\/paradores-preve-cerrar-2015-con-44-puntos-mas-en-ocupacion\\\/#mainImage\",\"width\":800,\"height\":600},\"primaryImageOfPage\":{\"@id\":\"https:\\\/\\\/eldigitaldeasturias.com\\\/magazine365\\\/paradores-preve-cerrar-2015-con-44-puntos-mas-en-ocupacion\\\/#mainImage\"},\"datePublished\":\"2015-06-18T09:34:40+02:00\",\"dateModified\":\"2015-06-18T09:34:40+02:00\"},{\"@type\":\"WebSite\",\"@id\":\"https:\\\/\\\/eldigitaldeasturias.com\\\/magazine365\\\/#website\",\"url\":\"https:\\\/\\\/eldigitaldeasturias.com\\\/magazine365\\\/\",\"name\":\"El Digital de Asturias\",\"description\":\"Revista de ocio, turismo y estilo de vida\",\"inLanguage\":\"es-ES\",\"publisher\":{\"@id\":\"https:\\\/\\\/eldigitaldeasturias.com\\\/magazine365\\\/#organization\"}}]}\n\t\t<\/script>\n\t\t<!-- All in One SEO Pro -->\r\n\t\t<title>Paradores prev\u00e9 cerrar 2015 con 4,4 puntos m\u00e1s en ocupaci\u00f3n | El Digital de Asturias<\/title>\n\n","aioseo_head_json":{"title":"Paradores prev\u00e9 cerrar 2015 con 4,4 puntos m\u00e1s en ocupaci\u00f3n | El Digital de Asturias","description":"Paradores de Turismo prev\u00e9 cerrar el a\u00f1o con un incremento de 4,4 puntos de ocupaci\u00f3n, con un aumento aproximado del 8,4% en el n\u00famero de habitaciones ocupadas, seg\u00fan avanz\u00f3 hoy el ministro de Industria, Energ\u00eda y Turismo, Jos\u00e9 Manuel Soria, un nivel que calific\u00f3 de \"correcto\". Durante su comparecencia ante la Comisi\u00f3n de Industria del","canonical_url":"https:\/\/eldigitaldeasturias.com\/magazine365\/paradores-preve-cerrar-2015-con-44-puntos-mas-en-ocupacion\/","robots":"max-image-preview:large","keywords":"actualidad turismo","webmasterTools":{"google-site-verification":"UA-38556648-1","miscellaneous":""},"schema":{"@context":"https:\/\/schema.org","@graph":[{"@type":"Article","@id":"https:\/\/eldigitaldeasturias.com\/magazine365\/paradores-preve-cerrar-2015-con-44-puntos-mas-en-ocupacion\/#article","name":"Paradores prev\u00e9 cerrar 2015 con 4,4 puntos m\u00e1s en ocupaci\u00f3n | El Digital de Asturias","headline":"Paradores prev\u00e9 cerrar 2015 con 4,4 puntos m\u00e1s en ocupaci\u00f3n","author":{"@id":"https:\/\/eldigitaldeasturias.com\/magazine365\/author\/admin\/#author"},"publisher":{"@id":"https:\/\/eldigitaldeasturias.com\/magazine365\/#organization"},"image":{"@type":"ImageObject","url":"https:\/\/eldigitaldeasturias.com\/magazine365\/wp-content\/uploads\/2015\/06\/fotonoticia_20150617201205_800.jpg","width":800,"height":600},"datePublished":"2015-06-18T09:34:40+02:00","dateModified":"2015-06-18T09:34:40+02:00","inLanguage":"es-ES","mainEntityOfPage":{"@id":"https:\/\/eldigitaldeasturias.com\/magazine365\/paradores-preve-cerrar-2015-con-44-puntos-mas-en-ocupacion\/#webpage"},"isPartOf":{"@id":"https:\/\/eldigitaldeasturias.com\/magazine365\/paradores-preve-cerrar-2015-con-44-puntos-mas-en-ocupacion\/#webpage"},"articleSection":"Actualidad Turismo"},{"@type":"BreadcrumbList","@id":"https:\/\/eldigitaldeasturias.com\/magazine365\/paradores-preve-cerrar-2015-con-44-puntos-mas-en-ocupacion\/#breadcrumblist","itemListElement":[{"@type":"ListItem","@id":"https:\/\/eldigitaldeasturias.com\/magazine365#listItem","position":1,"name":"Home","item":"https:\/\/eldigitaldeasturias.com\/magazine365","nextItem":{"@type":"ListItem","@id":"https:\/\/eldigitaldeasturias.com\/magazine365\/category\/actualidad-turismo\/#listItem","name":"Actualidad Turismo"}},{"@type":"ListItem","@id":"https:\/\/eldigitaldeasturias.com\/magazine365\/category\/actualidad-turismo\/#listItem","position":2,"name":"Actualidad Turismo","item":"https:\/\/eldigitaldeasturias.com\/magazine365\/category\/actualidad-turismo\/","nextItem":{"@type":"ListItem","@id":"https:\/\/eldigitaldeasturias.com\/magazine365\/paradores-preve-cerrar-2015-con-44-puntos-mas-en-ocupacion\/#listItem","name":"Paradores prev\u00e9 cerrar 2015 con 4,4 puntos m\u00e1s en ocupaci\u00f3n"},"previousItem":{"@type":"ListItem","@id":"https:\/\/eldigitaldeasturias.com\/magazine365#listItem","name":"Home"}},{"@type":"ListItem","@id":"https:\/\/eldigitaldeasturias.com\/magazine365\/paradores-preve-cerrar-2015-con-44-puntos-mas-en-ocupacion\/#listItem","position":3,"name":"Paradores prev\u00e9 cerrar 2015 con 4,4 puntos m\u00e1s en ocupaci\u00f3n","previousItem":{"@type":"ListItem","@id":"https:\/\/eldigitaldeasturias.com\/magazine365\/category\/actualidad-turismo\/#listItem","name":"Actualidad Turismo"}}]},{"@type":"Organization","@id":"https:\/\/eldigitaldeasturias.com\/magazine365\/#organization","name":"El digital de Asturias","description":"Revista de ocio, turismo y estilo de vida","url":"https:\/\/eldigitaldeasturias.com\/magazine365\/","logo":{"@type":"ImageObject","url":"https:\/\/www.eldigitaldeasturias.com\/noticias\/wp-content\/uploads\/2020\/12\/EDA.jpg","@id":"https:\/\/eldigitaldeasturias.com\/magazine365\/paradores-preve-cerrar-2015-con-44-puntos-mas-en-ocupacion\/#organizationLogo"},"image":{"@id":"https:\/\/eldigitaldeasturias.com\/magazine365\/paradores-preve-cerrar-2015-con-44-puntos-mas-en-ocupacion\/#organizationLogo"}},{"@type":"Person","@id":"https:\/\/eldigitaldeasturias.com\/magazine365\/author\/admin\/#author","url":"https:\/\/eldigitaldeasturias.com\/magazine365\/author\/admin\/","name":"admin","image":{"@type":"ImageObject","@id":"https:\/\/eldigitaldeasturias.com\/magazine365\/paradores-preve-cerrar-2015-con-44-puntos-mas-en-ocupacion\/#authorImage","url":"https:\/\/eldigitaldeasturias.com\/magazine365\/wp-content\/litespeed\/avatar\/e571bcf59a0edd6fa6838245a470f2fe.jpg?ver=1776969259","width":96,"height":96,"caption":"admin"}},{"@type":"WebPage","@id":"https:\/\/eldigitaldeasturias.com\/magazine365\/paradores-preve-cerrar-2015-con-44-puntos-mas-en-ocupacion\/#webpage","url":"https:\/\/eldigitaldeasturias.com\/magazine365\/paradores-preve-cerrar-2015-con-44-puntos-mas-en-ocupacion\/","name":"Paradores prev\u00e9 cerrar 2015 con 4,4 puntos m\u00e1s en ocupaci\u00f3n | El Digital de Asturias","description":"Paradores de Turismo prev\u00e9 cerrar el a\u00f1o con un incremento de 4,4 puntos de ocupaci\u00f3n, con un aumento aproximado del 8,4% en el n\u00famero de habitaciones ocupadas, seg\u00fan avanz\u00f3 hoy el ministro de Industria, Energ\u00eda y Turismo, Jos\u00e9 Manuel Soria, un nivel que calific\u00f3 de \"correcto\". Durante su comparecencia ante la Comisi\u00f3n de Industria del","inLanguage":"es-ES","isPartOf":{"@id":"https:\/\/eldigitaldeasturias.com\/magazine365\/#website"},"breadcrumb":{"@id":"https:\/\/eldigitaldeasturias.com\/magazine365\/paradores-preve-cerrar-2015-con-44-puntos-mas-en-ocupacion\/#breadcrumblist"},"author":{"@id":"https:\/\/eldigitaldeasturias.com\/magazine365\/author\/admin\/#author"},"creator":{"@id":"https:\/\/eldigitaldeasturias.com\/magazine365\/author\/admin\/#author"},"image":{"@type":"ImageObject","url":"https:\/\/eldigitaldeasturias.com\/magazine365\/wp-content\/uploads\/2015\/06\/fotonoticia_20150617201205_800.jpg","@id":"https:\/\/eldigitaldeasturias.com\/magazine365\/paradores-preve-cerrar-2015-con-44-puntos-mas-en-ocupacion\/#mainImage","width":800,"height":600},"primaryImageOfPage":{"@id":"https:\/\/eldigitaldeasturias.com\/magazine365\/paradores-preve-cerrar-2015-con-44-puntos-mas-en-ocupacion\/#mainImage"},"datePublished":"2015-06-18T09:34:40+02:00","dateModified":"2015-06-18T09:34:40+02:00"},{"@type":"WebSite","@id":"https:\/\/eldigitaldeasturias.com\/magazine365\/#website","url":"https:\/\/eldigitaldeasturias.com\/magazine365\/","name":"El Digital de Asturias","description":"Revista de ocio, turismo y estilo de vida","inLanguage":"es-ES","publisher":{"@id":"https:\/\/eldigitaldeasturias.com\/magazine365\/#organization"}}]},"og:locale":"es_ES","og:site_name":"El Digital de Asturias \u2013 Revista de ocio, turismo y estilo de vida","og:type":"article","og:title":"Paradores prev\u00e9 cerrar 2015 con 4,4 puntos m\u00e1s en ocupaci\u00f3n | El Digital de Asturias","og:description":"Paradores de Turismo prev\u00e9 cerrar el a\u00f1o con un incremento de 4,4 puntos de ocupaci\u00f3n, con un aumento aproximado del 8,4% en el n\u00famero de habitaciones ocupadas, seg\u00fan avanz\u00f3 hoy el ministro de Industria, Energ\u00eda y Turismo, Jos\u00e9 Manuel Soria, un nivel que calific\u00f3 de &quot;correcto&quot;. Durante su comparecencia ante la Comisi\u00f3n de Industria del","og:url":"https:\/\/eldigitaldeasturias.com\/magazine365\/paradores-preve-cerrar-2015-con-44-puntos-mas-en-ocupacion\/","og:image":"https:\/\/eldigitaldeasturias.com\/magazine365\/wp-content\/uploads\/2015\/06\/fotonoticia_20150617201205_800.jpg","og:image:secure_url":"https:\/\/eldigitaldeasturias.com\/magazine365\/wp-content\/uploads\/2015\/06\/fotonoticia_20150617201205_800.jpg","og:image:width":800,"og:image:height":600,"article:published_time":"2015-06-18T08:04:40+00:00","article:modified_time":"2015-06-18T08:04:40+00:00","twitter:card":"summary_large_image","twitter:title":"Paradores prev\u00e9 cerrar 2015 con 4,4 puntos m\u00e1s en ocupaci\u00f3n | El Digital de Asturias","twitter:description":"Paradores de Turismo prev\u00e9 cerrar el a\u00f1o con un incremento de 4,4 puntos de ocupaci\u00f3n, con un aumento aproximado del 8,4% en el n\u00famero de habitaciones ocupadas, seg\u00fan avanz\u00f3 hoy el ministro de Industria, Energ\u00eda y Turismo, Jos\u00e9 Manuel Soria, un nivel que calific\u00f3 de &quot;correcto&quot;. Durante su comparecencia ante la Comisi\u00f3n de Industria del","twitter:image":"https:\/\/eldigitaldeasturias.com\/magazine365\/wp-content\/uploads\/2015\/06\/fotonoticia_20150617201205_800.jpg"},"aioseo_meta_data":{"post_id":"40249","title":null,"description":null,"keywords":null,"keyphrases":null,"primary_term":null,"canonical_url":null,"og_title":null,"og_description":null,"og_object_type":"default","og_image_type":"default","og_image_url":null,"og_image_width":null,"og_image_height":null,"og_image_custom_url":null,"og_image_custom_fields":null,"og_video":null,"og_custom_url":null,"og_article_section":null,"og_article_tags":null,"twitter_use_og":false,"twitter_card":"default","twitter_image_type":"default","twitter_image_url":null,"twitter_image_custom_url":null,"twitter_image_custom_fields":null,"twitter_title":null,"twitter_description":null,"schema":{"blockGraphs":[],"customGraphs":[],"default":{"data":{"Article":[],"Course":[],"Dataset":[],"FAQPage":[],"Movie":[],"Person":[],"Product":[],"ProductReview":[],"Car":[],"Recipe":[],"Service":[],"SoftwareApplication":[],"WebPage":[]},"graphName":"","isEnabled":true},"graphs":[],"defaultGraph":"","defaultPostTypeGraph":""},"schema_type":null,"schema_type_options":null,"pillar_content":false,"robots_default":true,"robots_noindex":false,"robots_noarchive":false,"robots_nosnippet":false,"robots_nofollow":false,"robots_noimageindex":false,"robots_noodp":false,"robots_notranslate":false,"robots_max_snippet":null,"robots_max_videopreview":null,"robots_max_imagepreview":"large","priority":null,"frequency":null,"location":null,"local_seo":null,"seo_analyzer_scan_date":"2025-09-19 13:12:05","breadcrumb_settings":null,"limit_modified_date":false,"open_ai":null,"ai":null,"created":"2021-03-09 02:30:52","updated":"2025-09-19 13:12:05"},"aioseo_breadcrumb":"<div class=\"aioseo-breadcrumbs\"><span class=\"aioseo-breadcrumb\">\n\t<a href=\"https:\/\/eldigitaldeasturias.com\/magazine365\" title=\"Home\">Home<\/a>\n<\/span><span class=\"aioseo-breadcrumb-separator\">\u2013<\/span><span class=\"aioseo-breadcrumb\">\n\t<a href=\"https:\/\/eldigitaldeasturias.com\/magazine365\/category\/actualidad-turismo\/\" title=\"Actualidad Turismo\">Actualidad Turismo<\/a>\n<\/span><span class=\"aioseo-breadcrumb-separator\">\u2013<\/span><span class=\"aioseo-breadcrumb\">\n\t<a href=\"https:\/\/eldigitaldeasturias.com\/magazine365\/paradores-preve-cerrar-2015-con-44-puntos-mas-en-ocupacion\/\" title=\"Paradores prev\u00e9 cerrar 2015 con 4,4 puntos m\u00e1s en ocupaci\u00f3n\">Paradores prev\u00e9 cerrar 2015 con 4,4 puntos m\u00e1s en ocupaci\u00f3n<\/a>\n<\/span><\/div>","aioseo_breadcrumb_json":[{"label":"Home","link":"https:\/\/eldigitaldeasturias.com\/magazine365"},{"label":"Actualidad Turismo","link":"https:\/\/eldigitaldeasturias.com\/magazine365\/category\/actualidad-turismo\/"},{"label":"Paradores prev\u00e9 cerrar 2015 con 4,4 puntos m\u00e1s en ocupaci\u00f3n","link":"https:\/\/eldigitaldeasturias.com\/magazine365\/paradores-preve-cerrar-2015-con-44-puntos-mas-en-ocupacion\/"}],"_links":{"self":[{"href":"https:\/\/eldigitaldeasturias.com\/magazine365\/wp-json\/wp\/v2\/posts\/40249","targetHints":{"allow":["GET"]}}],"collection":[{"href":"https:\/\/eldigitaldeasturias.com\/magazine365\/wp-json\/wp\/v2\/posts"}],"about":[{"href":"https:\/\/eldigitaldeasturias.com\/magazine365\/wp-json\/wp\/v2\/types\/post"}],"author":[{"embeddable":true,"href":"https:\/\/eldigitaldeasturias.com\/magazine365\/wp-json\/wp\/v2\/users\/1"}],"replies":[{"embeddable":true,"href":"https:\/\/eldigitaldeasturias.com\/magazine365\/wp-json\/wp\/v2\/comments?post=40249"}],"version-history":[{"count":0,"href":"https:\/\/eldigitaldeasturias.com\/magazine365\/wp-json\/wp\/v2\/posts\/40249\/revisions"}],"wp:featuredmedia":[{"embeddable":true,"href":"https:\/\/eldigitaldeasturias.com\/magazine365\/wp-json\/wp\/v2\/media\/40250"}],"wp:attachment":[{"href":"https:\/\/eldigitaldeasturias.com\/magazine365\/wp-json\/wp\/v2\/media?parent=40249"}],"wp:term":[{"taxonomy":"category","embeddable":true,"href":"https:\/\/eldigitaldeasturias.com\/magazine365\/wp-json\/wp\/v2\/categories?post=40249"},{"taxonomy":"post_tag","embeddable":true,"href":"https:\/\/eldigitaldeasturias.com\/magazine365\/wp-json\/wp\/v2\/tags?post=40249"}],"curies":[{"name":"wp","href":"https:\/\/api.w.org\/{rel}","templated":true}]}}