{"id":40246,"date":"2015-06-18T09:32:20","date_gmt":"2015-06-18T08:02:20","guid":{"rendered":"http:\/\/eldigitaldeasturias.com\/magazine365\/?p=40246"},"modified":"2015-06-18T09:32:20","modified_gmt":"2015-06-18T08:02:20","slug":"el-turismo-rural-internacional-crecio-un-12-en-2014","status":"publish","type":"post","link":"https:\/\/eldigitaldeasturias.com\/magazine365\/el-turismo-rural-internacional-crecio-un-12-en-2014\/","title":{"rendered":"El turismo rural internacional creci\u00f3 un 12% en 2014"},"content":{"rendered":"<p><img fetchpriority=\"high\" decoding=\"async\" class=\"alignleft size-medium wp-image-40247\" src=\"https:\/\/eldigitaldeasturias.com\/magazine365\/wp-content\/uploads\/2015\/06\/fotonoticia_20150617193937_800-360x237.jpg\" alt=\"fotonoticia_20150617193937_800\" width=\"360\" height=\"237\" srcset=\"https:\/\/eldigitaldeasturias.com\/magazine365\/wp-content\/uploads\/2015\/06\/fotonoticia_20150617193937_800-360x237.jpg 360w, https:\/\/eldigitaldeasturias.com\/magazine365\/wp-content\/uploads\/2015\/06\/fotonoticia_20150617193937_800-650x428.jpg 650w, https:\/\/eldigitaldeasturias.com\/magazine365\/wp-content\/uploads\/2015\/06\/fotonoticia_20150617193937_800-768x506.jpg 768w, https:\/\/eldigitaldeasturias.com\/magazine365\/wp-content\/uploads\/2015\/06\/fotonoticia_20150617193937_800-150x99.jpg 150w, https:\/\/eldigitaldeasturias.com\/magazine365\/wp-content\/uploads\/2015\/06\/fotonoticia_20150617193937_800-450x296.jpg 450w, https:\/\/eldigitaldeasturias.com\/magazine365\/wp-content\/uploads\/2015\/06\/fotonoticia_20150617193937_800-696x458.jpg 696w, https:\/\/eldigitaldeasturias.com\/magazine365\/wp-content\/uploads\/2015\/06\/fotonoticia_20150617193937_800-741x486.jpg 741w, https:\/\/eldigitaldeasturias.com\/magazine365\/wp-content\/uploads\/2015\/06\/fotonoticia_20150617193937_800-638x420.jpg 638w, https:\/\/eldigitaldeasturias.com\/magazine365\/wp-content\/uploads\/2015\/06\/fotonoticia_20150617193937_800-84x55.jpg 84w, https:\/\/eldigitaldeasturias.com\/magazine365\/wp-content\/uploads\/2015\/06\/fotonoticia_20150617193937_800.jpg 800w\" sizes=\"(max-width: 360px) 100vw, 360px\" \/>La demanda del turismo rural internacional hacia Espa\u00f1a creci\u00f3 un 12% en 2014 y se espera que este a\u00f1o supere las previsiones, seg\u00fan ha avanzado el ministro de Industria, Energ\u00eda y Turismo, Jos\u00e9 Manuel Soria, qui\u00e9n hizo hoy un balance del Plan Integral de Turismo Rural 2014, lanzado en febrero del a\u00f1o pasado por el Ejecutivo, en colaboraci\u00f3n con las comunidades aut\u00f3nomas, para atraer m\u00e1s visitantes extranjeros en este segmento.<\/p>\n<p>Durante su comparecencia, a petici\u00f3n propia ante la Comisi\u00f3n de Industria del Congreso, Soria asegur\u00f3 que este plan de colaboraci\u00f3n entre Gobierno y CC.AA. ha dado ya sus frutos, con un aumento del 9,9% m\u00e1s de la demanda extranjera de turistas rurales en los cuatro primeros meses de este a\u00f1o, dato que muestra una tendencia al alza que \u00abpodr\u00eda superar las previsiones oficiales\u00bb en 2015.<\/p>\n<p>Soria puso en valor la mesa t\u00e9cnica de trabajo creada por parte de la Administraci\u00f3n para prestar m\u00e1s atenci\u00f3n al turismo rural, tambi\u00e9n la Conferencia Sectorial de Turismo.<\/p>\n<p>As\u00ed, tras a\u00f1os de ca\u00eddas de ocupaci\u00f3n en esta modalidad de viaje, ahora se detecta un incremento en el n\u00famero de llegadas de extranjeros, sobre todo, en comunidades aut\u00f3nomas especializadas en ello y en destinos de interior.<\/p>\n<p>El Gobierno lanz\u00f3 en febrero del a\u00f1o pasado el Plan Integral de Turismo Rural 2014 con 187 actuaciones de promoci\u00f3n y comercializaci\u00f3n del sector en 17 mercados de Europa y Am\u00e9rica, en colaboraci\u00f3n con las comunidades aut\u00f3nomas para activar la demanda internacional de visitantes hacia Espa\u00f1a en este tipo de turismo y desestacionalizar la oferta tur\u00edstica espa\u00f1ola, para que \u00e9sta no se apoye solo en &#8216;sol y playa&#8217;, sino tambi\u00e9n en el turismo de interior.<\/p>\n<p>CLAVE, LA INTERNACIONALIZACI\u00d3N DE EMPRESAS.<\/p>\n<p>Por otro lado, Soria ha recalcado la importancia de internacionalizar las empresas tur\u00edsticas espa\u00f1olas y la necesidad de incentivar los destinos tur\u00edsticos inteligentes, con un proyecto de reconversi\u00f3n de 11 lugares nacionales e implementando la primera norma de certificaci\u00f3n al respecto.<\/p>\n<p>Se trata de \u00abmedidas heterog\u00e9neas y complementarias\u00bb y de la \u00abcolaboraci\u00f3n real y efectiva entre sector privado y p\u00fablico\u00bb, mediante la armonizaci\u00f3n en turismo activo y campings, entre otros, adem\u00e1s de apoyar nuevas opciones como los viajes para visitantes senior.<\/p>\n<p>El 78,7% DEL PLAN NACIONAL INTEGRAL DE TURISMO EJECUTADO.<\/p>\n<p>El titular de la cartera ministerial de Turismo detall\u00f3 que a 30 de mayo de este a\u00f1o se ha llevado a cabo el 78,7% del Plan Nacional e Integral de Turismo, la hoja de ruta de la pol\u00edtica tur\u00edstica del Ejecutivo, con el objetivo de fomentar la competitividad de las empresas del sector.<\/p>\n<p>Soria defendi\u00f3 que se ha logrado el objetivo fijado gracias al \u00abGobierno, a las comunidades aut\u00f3nomas, a las empresas y a los trabajadores que han hecho un esfuerzo por adaptarse\u00bb.<\/p>\n<p>Tras hacer balance de la evoluci\u00f3n del sector tur\u00edstico en los \u00faltimos a\u00f1os, recalc\u00f3 que Espa\u00f1a lidera por primera vez este a\u00f1o vez el \u00edndice de Competitividad Tur\u00edstica de Foro Econ\u00f3mico Mundial (FEM), la tercera potencia en volumen de gasto a nivel mundial y la segunda en n\u00famero de visitantes internacionales, por detr\u00e1s de Francia, que a pesar de registrar 15 millones m\u00e1s de turistas, obtuvo un gasto tur\u00edstico de 10.000 millones de euros menos que nuestro pa\u00eds.<\/p>\n<p>De cara al futuro, Soria consider\u00f3 que el sector tur\u00edstico debe replantearse \u00abel modelo de negocio, de comunicaci\u00f3n y de b\u00fasqueda de bienestar del cliente\u00bb aprovechando \u00abla entrada en un c\u00edrculo virtuoso\u00bb del pa\u00eds y el ser un \u00abdestino maduro en el podio mundial\u00bb, de modo que es cada vez sea m\u00e1s rentable para las empresas.<\/p>\n","protected":false},"excerpt":{"rendered":"<p>La demanda del turismo rural internacional hacia Espa\u00f1a creci\u00f3 un 12% en 2014 y se espera que este a\u00f1o supere las previsiones, seg\u00fan ha avanzado el ministro de Industria, Energ\u00eda y Turismo, Jos\u00e9 Manuel Soria, qui\u00e9n hizo hoy un balance del Plan Integral de Turismo Rural 2014, lanzado en febrero del a\u00f1o pasado por el<\/p>\n","protected":false},"author":1,"featured_media":40247,"comment_status":"open","ping_status":"closed","sticky":false,"template":"","format":"standard","meta":{"footnotes":""},"categories":[222],"tags":[],"class_list":{"0":"post-40246","1":"post","2":"type-post","3":"status-publish","4":"format-standard","5":"has-post-thumbnail","7":"category-actualidad-turismo"},"aioseo_notices":[],"aioseo_head":"\n\t\t<!-- All in One SEO Pro 4.9.6.1 - aioseo.com -->\n\t<meta name=\"description\" content=\"La demanda del turismo rural internacional hacia Espa\u00f1a creci\u00f3 un 12% en 2014 y se espera que este a\u00f1o supere las previsiones, seg\u00fan ha avanzado el ministro de Industria, Energ\u00eda y Turismo, Jos\u00e9 Manuel Soria, qui\u00e9n hizo hoy un balance del Plan Integral de Turismo Rural 2014, lanzado en febrero del a\u00f1o pasado por el\" \/>\n\t<meta name=\"robots\" content=\"max-image-preview:large\" \/>\n\t<meta name=\"author\" content=\"admin\"\/>\n\t<meta name=\"google-site-verification\" content=\"UA-38556648-1\" \/>\n\t<meta name=\"keywords\" content=\"actualidad turismo\" \/>\n\t<link rel=\"canonical\" href=\"https:\/\/eldigitaldeasturias.com\/magazine365\/el-turismo-rural-internacional-crecio-un-12-en-2014\/\" \/>\n\t<meta name=\"generator\" content=\"All in One SEO Pro (AIOSEO) 4.9.6.1\" \/>\n\t\t<meta property=\"og:locale\" content=\"es_ES\" \/>\n\t\t<meta property=\"og:site_name\" content=\"El Digital de Asturias \u2013 Revista de ocio, turismo y estilo de vida\" \/>\n\t\t<meta property=\"og:type\" content=\"article\" \/>\n\t\t<meta property=\"og:title\" content=\"El turismo rural internacional creci\u00f3 un 12% en 2014 | El Digital de Asturias\" \/>\n\t\t<meta property=\"og:description\" content=\"La demanda del turismo rural internacional hacia Espa\u00f1a creci\u00f3 un 12% en 2014 y se espera que este a\u00f1o supere las previsiones, seg\u00fan ha avanzado el ministro de Industria, Energ\u00eda y Turismo, Jos\u00e9 Manuel Soria, qui\u00e9n hizo hoy un balance del Plan Integral de Turismo Rural 2014, lanzado en febrero del a\u00f1o pasado por el\" \/>\n\t\t<meta property=\"og:url\" content=\"https:\/\/eldigitaldeasturias.com\/magazine365\/el-turismo-rural-internacional-crecio-un-12-en-2014\/\" \/>\n\t\t<meta property=\"og:image\" content=\"https:\/\/eldigitaldeasturias.com\/magazine365\/wp-content\/uploads\/2015\/06\/fotonoticia_20150617193937_800.jpg\" \/>\n\t\t<meta property=\"og:image:secure_url\" content=\"https:\/\/eldigitaldeasturias.com\/magazine365\/wp-content\/uploads\/2015\/06\/fotonoticia_20150617193937_800.jpg\" \/>\n\t\t<meta property=\"og:image:width\" content=\"800\" \/>\n\t\t<meta property=\"og:image:height\" content=\"527\" \/>\n\t\t<meta property=\"article:published_time\" content=\"2015-06-18T08:02:20+00:00\" \/>\n\t\t<meta property=\"article:modified_time\" content=\"2015-06-18T08:02:20+00:00\" \/>\n\t\t<meta name=\"twitter:card\" content=\"summary_large_image\" \/>\n\t\t<meta name=\"twitter:title\" content=\"El turismo rural internacional creci\u00f3 un 12% en 2014 | El Digital de Asturias\" \/>\n\t\t<meta name=\"twitter:description\" content=\"La demanda del turismo rural internacional hacia Espa\u00f1a creci\u00f3 un 12% en 2014 y se espera que este a\u00f1o supere las previsiones, seg\u00fan ha avanzado el ministro de Industria, Energ\u00eda y Turismo, Jos\u00e9 Manuel Soria, qui\u00e9n hizo hoy un balance del Plan Integral de Turismo Rural 2014, lanzado en febrero del a\u00f1o pasado por el\" \/>\n\t\t<meta name=\"twitter:image\" content=\"https:\/\/eldigitaldeasturias.com\/magazine365\/wp-content\/uploads\/2015\/06\/fotonoticia_20150617193937_800.jpg\" \/>\n\t\t<script type=\"application\/ld+json\" class=\"aioseo-schema\">\n\t\t\t{\"@context\":\"https:\\\/\\\/schema.org\",\"@graph\":[{\"@type\":\"Article\",\"@id\":\"https:\\\/\\\/eldigitaldeasturias.com\\\/magazine365\\\/el-turismo-rural-internacional-crecio-un-12-en-2014\\\/#article\",\"name\":\"El turismo rural internacional creci\\u00f3 un 12% en 2014 | El Digital de Asturias\",\"headline\":\"El turismo rural internacional creci\\u00f3 un 12% en 2014\",\"author\":{\"@id\":\"https:\\\/\\\/eldigitaldeasturias.com\\\/magazine365\\\/author\\\/admin\\\/#author\"},\"publisher\":{\"@id\":\"https:\\\/\\\/eldigitaldeasturias.com\\\/magazine365\\\/#organization\"},\"image\":{\"@type\":\"ImageObject\",\"url\":\"https:\\\/\\\/eldigitaldeasturias.com\\\/magazine365\\\/wp-content\\\/uploads\\\/2015\\\/06\\\/fotonoticia_20150617193937_800.jpg\",\"width\":800,\"height\":527},\"datePublished\":\"2015-06-18T09:32:20+02:00\",\"dateModified\":\"2015-06-18T09:32:20+02:00\",\"inLanguage\":\"es-ES\",\"mainEntityOfPage\":{\"@id\":\"https:\\\/\\\/eldigitaldeasturias.com\\\/magazine365\\\/el-turismo-rural-internacional-crecio-un-12-en-2014\\\/#webpage\"},\"isPartOf\":{\"@id\":\"https:\\\/\\\/eldigitaldeasturias.com\\\/magazine365\\\/el-turismo-rural-internacional-crecio-un-12-en-2014\\\/#webpage\"},\"articleSection\":\"Actualidad Turismo\"},{\"@type\":\"BreadcrumbList\",\"@id\":\"https:\\\/\\\/eldigitaldeasturias.com\\\/magazine365\\\/el-turismo-rural-internacional-crecio-un-12-en-2014\\\/#breadcrumblist\",\"itemListElement\":[{\"@type\":\"ListItem\",\"@id\":\"https:\\\/\\\/eldigitaldeasturias.com\\\/magazine365#listItem\",\"position\":1,\"name\":\"Home\",\"item\":\"https:\\\/\\\/eldigitaldeasturias.com\\\/magazine365\",\"nextItem\":{\"@type\":\"ListItem\",\"@id\":\"https:\\\/\\\/eldigitaldeasturias.com\\\/magazine365\\\/category\\\/actualidad-turismo\\\/#listItem\",\"name\":\"Actualidad Turismo\"}},{\"@type\":\"ListItem\",\"@id\":\"https:\\\/\\\/eldigitaldeasturias.com\\\/magazine365\\\/category\\\/actualidad-turismo\\\/#listItem\",\"position\":2,\"name\":\"Actualidad Turismo\",\"item\":\"https:\\\/\\\/eldigitaldeasturias.com\\\/magazine365\\\/category\\\/actualidad-turismo\\\/\",\"nextItem\":{\"@type\":\"ListItem\",\"@id\":\"https:\\\/\\\/eldigitaldeasturias.com\\\/magazine365\\\/el-turismo-rural-internacional-crecio-un-12-en-2014\\\/#listItem\",\"name\":\"El turismo rural internacional creci\\u00f3 un 12% en 2014\"},\"previousItem\":{\"@type\":\"ListItem\",\"@id\":\"https:\\\/\\\/eldigitaldeasturias.com\\\/magazine365#listItem\",\"name\":\"Home\"}},{\"@type\":\"ListItem\",\"@id\":\"https:\\\/\\\/eldigitaldeasturias.com\\\/magazine365\\\/el-turismo-rural-internacional-crecio-un-12-en-2014\\\/#listItem\",\"position\":3,\"name\":\"El turismo rural internacional creci\\u00f3 un 12% en 2014\",\"previousItem\":{\"@type\":\"ListItem\",\"@id\":\"https:\\\/\\\/eldigitaldeasturias.com\\\/magazine365\\\/category\\\/actualidad-turismo\\\/#listItem\",\"name\":\"Actualidad Turismo\"}}]},{\"@type\":\"Organization\",\"@id\":\"https:\\\/\\\/eldigitaldeasturias.com\\\/magazine365\\\/#organization\",\"name\":\"El digital de Asturias\",\"description\":\"Revista de ocio, turismo y estilo de vida\",\"url\":\"https:\\\/\\\/eldigitaldeasturias.com\\\/magazine365\\\/\",\"logo\":{\"@type\":\"ImageObject\",\"url\":\"https:\\\/\\\/www.eldigitaldeasturias.com\\\/noticias\\\/wp-content\\\/uploads\\\/2020\\\/12\\\/EDA.jpg\",\"@id\":\"https:\\\/\\\/eldigitaldeasturias.com\\\/magazine365\\\/el-turismo-rural-internacional-crecio-un-12-en-2014\\\/#organizationLogo\"},\"image\":{\"@id\":\"https:\\\/\\\/eldigitaldeasturias.com\\\/magazine365\\\/el-turismo-rural-internacional-crecio-un-12-en-2014\\\/#organizationLogo\"}},{\"@type\":\"Person\",\"@id\":\"https:\\\/\\\/eldigitaldeasturias.com\\\/magazine365\\\/author\\\/admin\\\/#author\",\"url\":\"https:\\\/\\\/eldigitaldeasturias.com\\\/magazine365\\\/author\\\/admin\\\/\",\"name\":\"admin\",\"image\":{\"@type\":\"ImageObject\",\"@id\":\"https:\\\/\\\/eldigitaldeasturias.com\\\/magazine365\\\/el-turismo-rural-internacional-crecio-un-12-en-2014\\\/#authorImage\",\"url\":\"https:\\\/\\\/eldigitaldeasturias.com\\\/magazine365\\\/wp-content\\\/litespeed\\\/avatar\\\/e571bcf59a0edd6fa6838245a470f2fe.jpg?ver=1776969259\",\"width\":96,\"height\":96,\"caption\":\"admin\"}},{\"@type\":\"WebPage\",\"@id\":\"https:\\\/\\\/eldigitaldeasturias.com\\\/magazine365\\\/el-turismo-rural-internacional-crecio-un-12-en-2014\\\/#webpage\",\"url\":\"https:\\\/\\\/eldigitaldeasturias.com\\\/magazine365\\\/el-turismo-rural-internacional-crecio-un-12-en-2014\\\/\",\"name\":\"El turismo rural internacional creci\\u00f3 un 12% en 2014 | El Digital de Asturias\",\"description\":\"La demanda del turismo rural internacional hacia Espa\\u00f1a creci\\u00f3 un 12% en 2014 y se espera que este a\\u00f1o supere las previsiones, seg\\u00fan ha avanzado el ministro de Industria, Energ\\u00eda y Turismo, Jos\\u00e9 Manuel Soria, qui\\u00e9n hizo hoy un balance del Plan Integral de Turismo Rural 2014, lanzado en febrero del a\\u00f1o pasado por el\",\"inLanguage\":\"es-ES\",\"isPartOf\":{\"@id\":\"https:\\\/\\\/eldigitaldeasturias.com\\\/magazine365\\\/#website\"},\"breadcrumb\":{\"@id\":\"https:\\\/\\\/eldigitaldeasturias.com\\\/magazine365\\\/el-turismo-rural-internacional-crecio-un-12-en-2014\\\/#breadcrumblist\"},\"author\":{\"@id\":\"https:\\\/\\\/eldigitaldeasturias.com\\\/magazine365\\\/author\\\/admin\\\/#author\"},\"creator\":{\"@id\":\"https:\\\/\\\/eldigitaldeasturias.com\\\/magazine365\\\/author\\\/admin\\\/#author\"},\"image\":{\"@type\":\"ImageObject\",\"url\":\"https:\\\/\\\/eldigitaldeasturias.com\\\/magazine365\\\/wp-content\\\/uploads\\\/2015\\\/06\\\/fotonoticia_20150617193937_800.jpg\",\"@id\":\"https:\\\/\\\/eldigitaldeasturias.com\\\/magazine365\\\/el-turismo-rural-internacional-crecio-un-12-en-2014\\\/#mainImage\",\"width\":800,\"height\":527},\"primaryImageOfPage\":{\"@id\":\"https:\\\/\\\/eldigitaldeasturias.com\\\/magazine365\\\/el-turismo-rural-internacional-crecio-un-12-en-2014\\\/#mainImage\"},\"datePublished\":\"2015-06-18T09:32:20+02:00\",\"dateModified\":\"2015-06-18T09:32:20+02:00\"},{\"@type\":\"WebSite\",\"@id\":\"https:\\\/\\\/eldigitaldeasturias.com\\\/magazine365\\\/#website\",\"url\":\"https:\\\/\\\/eldigitaldeasturias.com\\\/magazine365\\\/\",\"name\":\"El Digital de Asturias\",\"description\":\"Revista de ocio, turismo y estilo de vida\",\"inLanguage\":\"es-ES\",\"publisher\":{\"@id\":\"https:\\\/\\\/eldigitaldeasturias.com\\\/magazine365\\\/#organization\"}}]}\n\t\t<\/script>\n\t\t<!-- All in One SEO Pro -->\r\n\t\t<title>El turismo rural internacional creci\u00f3 un 12% en 2014 | El Digital de Asturias<\/title>\n\n","aioseo_head_json":{"title":"El turismo rural internacional creci\u00f3 un 12% en 2014 | El Digital de Asturias","description":"La demanda del turismo rural internacional hacia Espa\u00f1a creci\u00f3 un 12% en 2014 y se espera que este a\u00f1o supere las previsiones, seg\u00fan ha avanzado el ministro de Industria, Energ\u00eda y Turismo, Jos\u00e9 Manuel Soria, qui\u00e9n hizo hoy un balance del Plan Integral de Turismo Rural 2014, lanzado en febrero del a\u00f1o pasado por el","canonical_url":"https:\/\/eldigitaldeasturias.com\/magazine365\/el-turismo-rural-internacional-crecio-un-12-en-2014\/","robots":"max-image-preview:large","keywords":"actualidad turismo","webmasterTools":{"google-site-verification":"UA-38556648-1","miscellaneous":""},"schema":{"@context":"https:\/\/schema.org","@graph":[{"@type":"Article","@id":"https:\/\/eldigitaldeasturias.com\/magazine365\/el-turismo-rural-internacional-crecio-un-12-en-2014\/#article","name":"El turismo rural internacional creci\u00f3 un 12% en 2014 | El Digital de Asturias","headline":"El turismo rural internacional creci\u00f3 un 12% en 2014","author":{"@id":"https:\/\/eldigitaldeasturias.com\/magazine365\/author\/admin\/#author"},"publisher":{"@id":"https:\/\/eldigitaldeasturias.com\/magazine365\/#organization"},"image":{"@type":"ImageObject","url":"https:\/\/eldigitaldeasturias.com\/magazine365\/wp-content\/uploads\/2015\/06\/fotonoticia_20150617193937_800.jpg","width":800,"height":527},"datePublished":"2015-06-18T09:32:20+02:00","dateModified":"2015-06-18T09:32:20+02:00","inLanguage":"es-ES","mainEntityOfPage":{"@id":"https:\/\/eldigitaldeasturias.com\/magazine365\/el-turismo-rural-internacional-crecio-un-12-en-2014\/#webpage"},"isPartOf":{"@id":"https:\/\/eldigitaldeasturias.com\/magazine365\/el-turismo-rural-internacional-crecio-un-12-en-2014\/#webpage"},"articleSection":"Actualidad Turismo"},{"@type":"BreadcrumbList","@id":"https:\/\/eldigitaldeasturias.com\/magazine365\/el-turismo-rural-internacional-crecio-un-12-en-2014\/#breadcrumblist","itemListElement":[{"@type":"ListItem","@id":"https:\/\/eldigitaldeasturias.com\/magazine365#listItem","position":1,"name":"Home","item":"https:\/\/eldigitaldeasturias.com\/magazine365","nextItem":{"@type":"ListItem","@id":"https:\/\/eldigitaldeasturias.com\/magazine365\/category\/actualidad-turismo\/#listItem","name":"Actualidad Turismo"}},{"@type":"ListItem","@id":"https:\/\/eldigitaldeasturias.com\/magazine365\/category\/actualidad-turismo\/#listItem","position":2,"name":"Actualidad Turismo","item":"https:\/\/eldigitaldeasturias.com\/magazine365\/category\/actualidad-turismo\/","nextItem":{"@type":"ListItem","@id":"https:\/\/eldigitaldeasturias.com\/magazine365\/el-turismo-rural-internacional-crecio-un-12-en-2014\/#listItem","name":"El turismo rural internacional creci\u00f3 un 12% en 2014"},"previousItem":{"@type":"ListItem","@id":"https:\/\/eldigitaldeasturias.com\/magazine365#listItem","name":"Home"}},{"@type":"ListItem","@id":"https:\/\/eldigitaldeasturias.com\/magazine365\/el-turismo-rural-internacional-crecio-un-12-en-2014\/#listItem","position":3,"name":"El turismo rural internacional creci\u00f3 un 12% en 2014","previousItem":{"@type":"ListItem","@id":"https:\/\/eldigitaldeasturias.com\/magazine365\/category\/actualidad-turismo\/#listItem","name":"Actualidad Turismo"}}]},{"@type":"Organization","@id":"https:\/\/eldigitaldeasturias.com\/magazine365\/#organization","name":"El digital de Asturias","description":"Revista de ocio, turismo y estilo de vida","url":"https:\/\/eldigitaldeasturias.com\/magazine365\/","logo":{"@type":"ImageObject","url":"https:\/\/www.eldigitaldeasturias.com\/noticias\/wp-content\/uploads\/2020\/12\/EDA.jpg","@id":"https:\/\/eldigitaldeasturias.com\/magazine365\/el-turismo-rural-internacional-crecio-un-12-en-2014\/#organizationLogo"},"image":{"@id":"https:\/\/eldigitaldeasturias.com\/magazine365\/el-turismo-rural-internacional-crecio-un-12-en-2014\/#organizationLogo"}},{"@type":"Person","@id":"https:\/\/eldigitaldeasturias.com\/magazine365\/author\/admin\/#author","url":"https:\/\/eldigitaldeasturias.com\/magazine365\/author\/admin\/","name":"admin","image":{"@type":"ImageObject","@id":"https:\/\/eldigitaldeasturias.com\/magazine365\/el-turismo-rural-internacional-crecio-un-12-en-2014\/#authorImage","url":"https:\/\/eldigitaldeasturias.com\/magazine365\/wp-content\/litespeed\/avatar\/e571bcf59a0edd6fa6838245a470f2fe.jpg?ver=1776969259","width":96,"height":96,"caption":"admin"}},{"@type":"WebPage","@id":"https:\/\/eldigitaldeasturias.com\/magazine365\/el-turismo-rural-internacional-crecio-un-12-en-2014\/#webpage","url":"https:\/\/eldigitaldeasturias.com\/magazine365\/el-turismo-rural-internacional-crecio-un-12-en-2014\/","name":"El turismo rural internacional creci\u00f3 un 12% en 2014 | El Digital de Asturias","description":"La demanda del turismo rural internacional hacia Espa\u00f1a creci\u00f3 un 12% en 2014 y se espera que este a\u00f1o supere las previsiones, seg\u00fan ha avanzado el ministro de Industria, Energ\u00eda y Turismo, Jos\u00e9 Manuel Soria, qui\u00e9n hizo hoy un balance del Plan Integral de Turismo Rural 2014, lanzado en febrero del a\u00f1o pasado por el","inLanguage":"es-ES","isPartOf":{"@id":"https:\/\/eldigitaldeasturias.com\/magazine365\/#website"},"breadcrumb":{"@id":"https:\/\/eldigitaldeasturias.com\/magazine365\/el-turismo-rural-internacional-crecio-un-12-en-2014\/#breadcrumblist"},"author":{"@id":"https:\/\/eldigitaldeasturias.com\/magazine365\/author\/admin\/#author"},"creator":{"@id":"https:\/\/eldigitaldeasturias.com\/magazine365\/author\/admin\/#author"},"image":{"@type":"ImageObject","url":"https:\/\/eldigitaldeasturias.com\/magazine365\/wp-content\/uploads\/2015\/06\/fotonoticia_20150617193937_800.jpg","@id":"https:\/\/eldigitaldeasturias.com\/magazine365\/el-turismo-rural-internacional-crecio-un-12-en-2014\/#mainImage","width":800,"height":527},"primaryImageOfPage":{"@id":"https:\/\/eldigitaldeasturias.com\/magazine365\/el-turismo-rural-internacional-crecio-un-12-en-2014\/#mainImage"},"datePublished":"2015-06-18T09:32:20+02:00","dateModified":"2015-06-18T09:32:20+02:00"},{"@type":"WebSite","@id":"https:\/\/eldigitaldeasturias.com\/magazine365\/#website","url":"https:\/\/eldigitaldeasturias.com\/magazine365\/","name":"El Digital de Asturias","description":"Revista de ocio, turismo y estilo de vida","inLanguage":"es-ES","publisher":{"@id":"https:\/\/eldigitaldeasturias.com\/magazine365\/#organization"}}]},"og:locale":"es_ES","og:site_name":"El Digital de Asturias \u2013 Revista de ocio, turismo y estilo de vida","og:type":"article","og:title":"El turismo rural internacional creci\u00f3 un 12% en 2014 | El Digital de Asturias","og:description":"La demanda del turismo rural internacional hacia Espa\u00f1a creci\u00f3 un 12% en 2014 y se espera que este a\u00f1o supere las previsiones, seg\u00fan ha avanzado el ministro de Industria, Energ\u00eda y Turismo, Jos\u00e9 Manuel Soria, qui\u00e9n hizo hoy un balance del Plan Integral de Turismo Rural 2014, lanzado en febrero del a\u00f1o pasado por el","og:url":"https:\/\/eldigitaldeasturias.com\/magazine365\/el-turismo-rural-internacional-crecio-un-12-en-2014\/","og:image":"https:\/\/eldigitaldeasturias.com\/magazine365\/wp-content\/uploads\/2015\/06\/fotonoticia_20150617193937_800.jpg","og:image:secure_url":"https:\/\/eldigitaldeasturias.com\/magazine365\/wp-content\/uploads\/2015\/06\/fotonoticia_20150617193937_800.jpg","og:image:width":800,"og:image:height":527,"article:published_time":"2015-06-18T08:02:20+00:00","article:modified_time":"2015-06-18T08:02:20+00:00","twitter:card":"summary_large_image","twitter:title":"El turismo rural internacional creci\u00f3 un 12% en 2014 | El Digital de Asturias","twitter:description":"La demanda del turismo rural internacional hacia Espa\u00f1a creci\u00f3 un 12% en 2014 y se espera que este a\u00f1o supere las previsiones, seg\u00fan ha avanzado el ministro de Industria, Energ\u00eda y Turismo, Jos\u00e9 Manuel Soria, qui\u00e9n hizo hoy un balance del Plan Integral de Turismo Rural 2014, lanzado en febrero del a\u00f1o pasado por el","twitter:image":"https:\/\/eldigitaldeasturias.com\/magazine365\/wp-content\/uploads\/2015\/06\/fotonoticia_20150617193937_800.jpg"},"aioseo_meta_data":{"post_id":"40246","title":null,"description":null,"keywords":null,"keyphrases":null,"primary_term":null,"canonical_url":null,"og_title":null,"og_description":null,"og_object_type":"default","og_image_type":"default","og_image_url":null,"og_image_width":null,"og_image_height":null,"og_image_custom_url":null,"og_image_custom_fields":null,"og_video":null,"og_custom_url":null,"og_article_section":null,"og_article_tags":null,"twitter_use_og":false,"twitter_card":"default","twitter_image_type":"default","twitter_image_url":null,"twitter_image_custom_url":null,"twitter_image_custom_fields":null,"twitter_title":null,"twitter_description":null,"schema":{"blockGraphs":[],"customGraphs":[],"default":{"data":{"Article":[],"Course":[],"Dataset":[],"FAQPage":[],"Movie":[],"Person":[],"Product":[],"ProductReview":[],"Car":[],"Recipe":[],"Service":[],"SoftwareApplication":[],"WebPage":[]},"graphName":"","isEnabled":true},"graphs":[],"defaultGraph":"","defaultPostTypeGraph":""},"schema_type":null,"schema_type_options":null,"pillar_content":false,"robots_default":true,"robots_noindex":false,"robots_noarchive":false,"robots_nosnippet":false,"robots_nofollow":false,"robots_noimageindex":false,"robots_noodp":false,"robots_notranslate":false,"robots_max_snippet":null,"robots_max_videopreview":null,"robots_max_imagepreview":"large","priority":null,"frequency":null,"location":null,"local_seo":null,"seo_analyzer_scan_date":"2025-09-19 13:12:04","breadcrumb_settings":null,"limit_modified_date":false,"open_ai":null,"ai":null,"created":"2021-03-09 02:30:52","updated":"2025-09-19 13:12:04"},"aioseo_breadcrumb":"<div class=\"aioseo-breadcrumbs\"><span class=\"aioseo-breadcrumb\">\n\t<a href=\"https:\/\/eldigitaldeasturias.com\/magazine365\" title=\"Home\">Home<\/a>\n<\/span><span class=\"aioseo-breadcrumb-separator\">\u2013<\/span><span class=\"aioseo-breadcrumb\">\n\t<a href=\"https:\/\/eldigitaldeasturias.com\/magazine365\/category\/actualidad-turismo\/\" title=\"Actualidad Turismo\">Actualidad Turismo<\/a>\n<\/span><span class=\"aioseo-breadcrumb-separator\">\u2013<\/span><span class=\"aioseo-breadcrumb\">\n\t<a href=\"https:\/\/eldigitaldeasturias.com\/magazine365\/el-turismo-rural-internacional-crecio-un-12-en-2014\/\" title=\"El turismo rural internacional creci\u00f3 un 12% en 2014\">El turismo rural internacional creci\u00f3 un 12% en 2014<\/a>\n<\/span><\/div>","aioseo_breadcrumb_json":[{"label":"Home","link":"https:\/\/eldigitaldeasturias.com\/magazine365"},{"label":"Actualidad Turismo","link":"https:\/\/eldigitaldeasturias.com\/magazine365\/category\/actualidad-turismo\/"},{"label":"El turismo rural internacional creci\u00f3 un 12% en 2014","link":"https:\/\/eldigitaldeasturias.com\/magazine365\/el-turismo-rural-internacional-crecio-un-12-en-2014\/"}],"_links":{"self":[{"href":"https:\/\/eldigitaldeasturias.com\/magazine365\/wp-json\/wp\/v2\/posts\/40246","targetHints":{"allow":["GET"]}}],"collection":[{"href":"https:\/\/eldigitaldeasturias.com\/magazine365\/wp-json\/wp\/v2\/posts"}],"about":[{"href":"https:\/\/eldigitaldeasturias.com\/magazine365\/wp-json\/wp\/v2\/types\/post"}],"author":[{"embeddable":true,"href":"https:\/\/eldigitaldeasturias.com\/magazine365\/wp-json\/wp\/v2\/users\/1"}],"replies":[{"embeddable":true,"href":"https:\/\/eldigitaldeasturias.com\/magazine365\/wp-json\/wp\/v2\/comments?post=40246"}],"version-history":[{"count":0,"href":"https:\/\/eldigitaldeasturias.com\/magazine365\/wp-json\/wp\/v2\/posts\/40246\/revisions"}],"wp:featuredmedia":[{"embeddable":true,"href":"https:\/\/eldigitaldeasturias.com\/magazine365\/wp-json\/wp\/v2\/media\/40247"}],"wp:attachment":[{"href":"https:\/\/eldigitaldeasturias.com\/magazine365\/wp-json\/wp\/v2\/media?parent=40246"}],"wp:term":[{"taxonomy":"category","embeddable":true,"href":"https:\/\/eldigitaldeasturias.com\/magazine365\/wp-json\/wp\/v2\/categories?post=40246"},{"taxonomy":"post_tag","embeddable":true,"href":"https:\/\/eldigitaldeasturias.com\/magazine365\/wp-json\/wp\/v2\/tags?post=40246"}],"curies":[{"name":"wp","href":"https:\/\/api.w.org\/{rel}","templated":true}]}}