{"id":40243,"date":"2015-06-18T09:30:41","date_gmt":"2015-06-18T08:00:41","guid":{"rendered":"http:\/\/eldigitaldeasturias.com\/magazine365\/?p=40243"},"modified":"2015-06-18T09:30:41","modified_gmt":"2015-06-18T08:00:41","slug":"aci-europe-ve-ridiculo-pensar-que-las-grandes-aerolineas-reducirian-los-billetes-con-tasas-mas-bajas","status":"publish","type":"post","link":"https:\/\/eldigitaldeasturias.com\/magazine365\/aci-europe-ve-ridiculo-pensar-que-las-grandes-aerolineas-reducirian-los-billetes-con-tasas-mas-bajas\/","title":{"rendered":"ACI Europe ve \u00abrid\u00edculo\u00bb pensar que las grandes aerol\u00edneas reducir\u00edan los billetes con tasas m\u00e1s bajas"},"content":{"rendered":"<p><img fetchpriority=\"high\" decoding=\"async\" class=\"alignleft size-medium wp-image-40244\" src=\"https:\/\/eldigitaldeasturias.com\/magazine365\/wp-content\/uploads\/2015\/06\/fotonoticia_20150617192933_800-360x240.jpg\" alt=\"fotonoticia_20150617192933_800\" width=\"360\" height=\"240\" srcset=\"https:\/\/eldigitaldeasturias.com\/magazine365\/wp-content\/uploads\/2015\/06\/fotonoticia_20150617192933_800-360x240.jpg 360w, https:\/\/eldigitaldeasturias.com\/magazine365\/wp-content\/uploads\/2015\/06\/fotonoticia_20150617192933_800-650x433.jpg 650w, https:\/\/eldigitaldeasturias.com\/magazine365\/wp-content\/uploads\/2015\/06\/fotonoticia_20150617192933_800-768x512.jpg 768w, https:\/\/eldigitaldeasturias.com\/magazine365\/wp-content\/uploads\/2015\/06\/fotonoticia_20150617192933_800-150x100.jpg 150w, https:\/\/eldigitaldeasturias.com\/magazine365\/wp-content\/uploads\/2015\/06\/fotonoticia_20150617192933_800-450x300.jpg 450w, https:\/\/eldigitaldeasturias.com\/magazine365\/wp-content\/uploads\/2015\/06\/fotonoticia_20150617192933_800-696x464.jpg 696w, https:\/\/eldigitaldeasturias.com\/magazine365\/wp-content\/uploads\/2015\/06\/fotonoticia_20150617192933_800-630x420.jpg 630w, https:\/\/eldigitaldeasturias.com\/magazine365\/wp-content\/uploads\/2015\/06\/fotonoticia_20150617192933_800-84x55.jpg 84w, https:\/\/eldigitaldeasturias.com\/magazine365\/wp-content\/uploads\/2015\/06\/fotonoticia_20150617192933_800.jpg 800w\" sizes=\"(max-width: 360px) 100vw, 360px\" \/>El director general de ACI Europe, que representa la patronal de los aeropuertos en Europa, Olvier Jankovec, ha criticado a las grandes aerol\u00edneas por pedir una reducci\u00f3n de las tasas aeroportuarias y ha dejado claro que es \u00abrid\u00edculo\u00bb pensar que \u00e9stas reducir\u00edan el precio de los billetes a los pasajeros si se redujeran.<\/p>\n<p>\u00abLas grandes aerol\u00edneas ya tienen una comida gratis. Ahora quieren tambi\u00e9n una cena gratis\u00bb, ha criticado el director general de ACI Europe en respuesta a las propuestas que han presentado conjuntamente hoy los consejeros delegados del grupo International Airlines Group (IAG), Willie Walsh; Air France-KLM, Alexandre de Juniac; easyJet, Carolyn McCall; Lufthansa, Carsten Spohr y Ryanair, Michael O&#8217;Leary, a fin de que la Comisi\u00f3n Europea las asuma cuando presente su nueva estrategia europea para potenciar el sector.<\/p>\n<p>\u00abEstamos decepcionados con que las cinco aerol\u00edneas m\u00e1s grandes europeas dependan de una sugerencia arcaica como uno de sus principales contribuciones a la pr\u00f3xima estrategia de aviaci\u00f3n de la UE\u00bb, ha criticado el director general de ACI Europe, organismo que representa a m\u00e1s de 460 aeropuertos en 45 pa\u00edses europeos que gestionaron m\u00e1s del 90% del tr\u00e1fico comercial en Europa en 2013 con m\u00e1s de 1.700 millones de pasajeros.<\/p>\n<p>As\u00ed, ha dejado claro que \u00abel inter\u00e9s de las aerol\u00edneas no necesariamente equivale al inter\u00e9s del consumidor\u00bb y ha considerado \u00abrid\u00edculo\u00bb pensar en que reflejar\u00edan para el pasajero una reducci\u00f3n obligatoria de las tasas aeroportuarias, reguladas a nivel de la UE desde 2007.<\/p>\n<p>\u00abAsumir que las aerol\u00edneas trasladar\u00edan reducciones obligatorias en las tasas aeroportuarias a los consumidores es rid\u00edculo por decir lo menos\u00bb, ha avisado, recordando que \u00abla mayor\u00eda de las aerol\u00edneas ni siquiera reembolsa en realidad las tasas aeroportuarias y otros recargos en los billetes a los pasajeros que no cogen su vuelo\u00bb.<\/p>\n<p>EL &#8216;LOBBY&#8217; A\u00c9REO BUSCA \u00abPROTEGER\u00bb SU \u00abPOSICI\u00d3N DOMINANTE\u00bb.<\/p>\n<p>Desde ACI Europe han criticado que las propuestas de las grandes aerol\u00edneas buscan \u00abproteger\u00bb su posici\u00f3n dominante en los grandes aeropuertos y \u00ablimitar la competencia\u00bb y han querido dejar claro adem\u00e1s que \u00ablas aerol\u00edneas ya est\u00e1n subsidiadas por los aeropuertos\u00bb y \u00abno est\u00e1n pagando el coste total de la infraestructura aeroportuaria que utilizan\u00bb.<\/p>\n<p>\u00abLejos de ello. Cada a\u00f1o, los ingresos derivados de las tasas aeroportuarias recaudadas a tanto las aerol\u00edneas como a los pasajeros que quedan cortos en m\u00e1s de 3.000 millones de euros para cubrir los gastos de operaci\u00f3n de los aeropuertos\u00bb, seg\u00fan asegura en un comunicado la organizaci\u00f3n, para la que la situaci\u00f3n \u00abrefleja las presiones amplias competitiva sobre los aeropuertos\u00bb.<\/p>\n<p>Tambi\u00e9n ha rebatido que una reducci\u00f3n en las tasas aeroportuarias en los grandes aeropuertos con una regulaci\u00f3n m\u00e1s dura, como sostienen las aerol\u00edneas, ahorrar\u00eda 1.500 millones de euros a los consumidores en tasas m\u00e1s bajas porque se basa en \u00abuna \u00fanica asunci\u00f3n clave de que tal reducci\u00f3n en las tasas aeroportuarias se trasladar\u00eda al 100% por las aerol\u00edneas a los pasajeros\u00bb y por otra parte \u00ablos grandes aeropuertos\u00bb cobran \u00abuna prima no relacionada con el coste\u00bb a los pasajeros.<\/p>\n<p>Por ello, insiste en que \u00abes altamente improbable\u00bb que una reducci\u00f3n obligatoria de las tasas aeroportuarias se trasladar\u00edan al pasajero y critica que \u00abla l\u00f3gica subyacente del &#8216;lobby&#8217; de las aerol\u00edneas para reducir artificialmente las tasas aeroportuarias va m\u00e1s de beneficio para los accionistas de las aerol\u00edneas que para el p\u00fablico que viaja\u00bb.<\/p>\n<p>Y ha advertido de que una rebaja de las tasas aeroportuarias impedir\u00eda a las terminales de \u00abinvertir en ampliar la capacidad o al menos hacer m\u00e1s dif\u00edcil que el coste de tal expansi\u00f3n sea m\u00e1s oneroso y rentable\u00bb.<\/p>\n","protected":false},"excerpt":{"rendered":"<p>El director general de ACI Europe, que representa la patronal de los aeropuertos en Europa, Olvier Jankovec, ha criticado a las grandes aerol\u00edneas por pedir una reducci\u00f3n de las tasas aeroportuarias y ha dejado claro que es \u00abrid\u00edculo\u00bb pensar que \u00e9stas reducir\u00edan el precio de los billetes a los pasajeros si se redujeran. \u00abLas grandes<\/p>\n","protected":false},"author":1,"featured_media":40244,"comment_status":"open","ping_status":"closed","sticky":false,"template":"","format":"standard","meta":{"footnotes":""},"categories":[222],"tags":[],"class_list":{"0":"post-40243","1":"post","2":"type-post","3":"status-publish","4":"format-standard","5":"has-post-thumbnail","7":"category-actualidad-turismo"},"aioseo_notices":[],"aioseo_head":"\n\t\t<!-- All in One SEO Pro 4.9.6.1 - aioseo.com -->\n\t<meta name=\"description\" content=\"El director general de ACI Europe, que representa la patronal de los aeropuertos en Europa, Olvier Jankovec, ha criticado a las grandes aerol\u00edneas por pedir una reducci\u00f3n de las tasas aeroportuarias y ha dejado claro que es &quot;rid\u00edculo&quot; pensar que \u00e9stas reducir\u00edan el precio de los billetes a los pasajeros si se redujeran. &quot;Las grandes\" \/>\n\t<meta name=\"robots\" content=\"max-image-preview:large\" \/>\n\t<meta name=\"author\" content=\"admin\"\/>\n\t<meta name=\"google-site-verification\" content=\"UA-38556648-1\" \/>\n\t<meta name=\"keywords\" content=\"actualidad turismo\" \/>\n\t<link rel=\"canonical\" href=\"https:\/\/eldigitaldeasturias.com\/magazine365\/aci-europe-ve-ridiculo-pensar-que-las-grandes-aerolineas-reducirian-los-billetes-con-tasas-mas-bajas\/\" \/>\n\t<meta name=\"generator\" content=\"All in One SEO Pro (AIOSEO) 4.9.6.1\" \/>\n\t\t<meta property=\"og:locale\" content=\"es_ES\" \/>\n\t\t<meta property=\"og:site_name\" content=\"El Digital de Asturias \u2013 Revista de ocio, turismo y estilo de vida\" \/>\n\t\t<meta property=\"og:type\" content=\"article\" \/>\n\t\t<meta property=\"og:title\" content=\"ACI Europe ve \u00abrid\u00edculo\u00bb pensar que las grandes aerol\u00edneas reducir\u00edan los billetes con tasas m\u00e1s bajas | El Digital de Asturias\" \/>\n\t\t<meta property=\"og:description\" content=\"El director general de ACI Europe, que representa la patronal de los aeropuertos en Europa, Olvier Jankovec, ha criticado a las grandes aerol\u00edneas por pedir una reducci\u00f3n de las tasas aeroportuarias y ha dejado claro que es &quot;rid\u00edculo&quot; pensar que \u00e9stas reducir\u00edan el precio de los billetes a los pasajeros si se redujeran. &quot;Las grandes\" \/>\n\t\t<meta property=\"og:url\" content=\"https:\/\/eldigitaldeasturias.com\/magazine365\/aci-europe-ve-ridiculo-pensar-que-las-grandes-aerolineas-reducirian-los-billetes-con-tasas-mas-bajas\/\" \/>\n\t\t<meta property=\"og:image\" content=\"https:\/\/eldigitaldeasturias.com\/magazine365\/wp-content\/uploads\/2015\/06\/fotonoticia_20150617192933_800.jpg\" \/>\n\t\t<meta property=\"og:image:secure_url\" content=\"https:\/\/eldigitaldeasturias.com\/magazine365\/wp-content\/uploads\/2015\/06\/fotonoticia_20150617192933_800.jpg\" \/>\n\t\t<meta property=\"og:image:width\" content=\"800\" \/>\n\t\t<meta property=\"og:image:height\" content=\"533\" \/>\n\t\t<meta property=\"article:published_time\" content=\"2015-06-18T08:00:41+00:00\" \/>\n\t\t<meta property=\"article:modified_time\" content=\"2015-06-18T08:00:41+00:00\" \/>\n\t\t<meta name=\"twitter:card\" content=\"summary_large_image\" \/>\n\t\t<meta name=\"twitter:title\" content=\"ACI Europe ve \u00abrid\u00edculo\u00bb pensar que las grandes aerol\u00edneas reducir\u00edan los billetes con tasas m\u00e1s bajas | El Digital de Asturias\" \/>\n\t\t<meta name=\"twitter:description\" content=\"El director general de ACI Europe, que representa la patronal de los aeropuertos en Europa, Olvier Jankovec, ha criticado a las grandes aerol\u00edneas por pedir una reducci\u00f3n de las tasas aeroportuarias y ha dejado claro que es &quot;rid\u00edculo&quot; pensar que \u00e9stas reducir\u00edan el precio de los billetes a los pasajeros si se redujeran. &quot;Las grandes\" \/>\n\t\t<meta name=\"twitter:image\" content=\"https:\/\/eldigitaldeasturias.com\/magazine365\/wp-content\/uploads\/2015\/06\/fotonoticia_20150617192933_800.jpg\" \/>\n\t\t<script type=\"application\/ld+json\" class=\"aioseo-schema\">\n\t\t\t{\"@context\":\"https:\\\/\\\/schema.org\",\"@graph\":[{\"@type\":\"Article\",\"@id\":\"https:\\\/\\\/eldigitaldeasturias.com\\\/magazine365\\\/aci-europe-ve-ridiculo-pensar-que-las-grandes-aerolineas-reducirian-los-billetes-con-tasas-mas-bajas\\\/#article\",\"name\":\"ACI Europe ve \\u00abrid\\u00edculo\\u00bb pensar que las grandes aerol\\u00edneas reducir\\u00edan los billetes con tasas m\\u00e1s bajas | El Digital de Asturias\",\"headline\":\"ACI Europe ve \\u00abrid\\u00edculo\\u00bb pensar que las grandes aerol\\u00edneas reducir\\u00edan los billetes con tasas m\\u00e1s bajas\",\"author\":{\"@id\":\"https:\\\/\\\/eldigitaldeasturias.com\\\/magazine365\\\/author\\\/admin\\\/#author\"},\"publisher\":{\"@id\":\"https:\\\/\\\/eldigitaldeasturias.com\\\/magazine365\\\/#organization\"},\"image\":{\"@type\":\"ImageObject\",\"url\":\"https:\\\/\\\/eldigitaldeasturias.com\\\/magazine365\\\/wp-content\\\/uploads\\\/2015\\\/06\\\/fotonoticia_20150617192933_800.jpg\",\"width\":800,\"height\":533},\"datePublished\":\"2015-06-18T09:30:41+02:00\",\"dateModified\":\"2015-06-18T09:30:41+02:00\",\"inLanguage\":\"es-ES\",\"mainEntityOfPage\":{\"@id\":\"https:\\\/\\\/eldigitaldeasturias.com\\\/magazine365\\\/aci-europe-ve-ridiculo-pensar-que-las-grandes-aerolineas-reducirian-los-billetes-con-tasas-mas-bajas\\\/#webpage\"},\"isPartOf\":{\"@id\":\"https:\\\/\\\/eldigitaldeasturias.com\\\/magazine365\\\/aci-europe-ve-ridiculo-pensar-que-las-grandes-aerolineas-reducirian-los-billetes-con-tasas-mas-bajas\\\/#webpage\"},\"articleSection\":\"Actualidad Turismo\"},{\"@type\":\"BreadcrumbList\",\"@id\":\"https:\\\/\\\/eldigitaldeasturias.com\\\/magazine365\\\/aci-europe-ve-ridiculo-pensar-que-las-grandes-aerolineas-reducirian-los-billetes-con-tasas-mas-bajas\\\/#breadcrumblist\",\"itemListElement\":[{\"@type\":\"ListItem\",\"@id\":\"https:\\\/\\\/eldigitaldeasturias.com\\\/magazine365#listItem\",\"position\":1,\"name\":\"Home\",\"item\":\"https:\\\/\\\/eldigitaldeasturias.com\\\/magazine365\",\"nextItem\":{\"@type\":\"ListItem\",\"@id\":\"https:\\\/\\\/eldigitaldeasturias.com\\\/magazine365\\\/category\\\/actualidad-turismo\\\/#listItem\",\"name\":\"Actualidad Turismo\"}},{\"@type\":\"ListItem\",\"@id\":\"https:\\\/\\\/eldigitaldeasturias.com\\\/magazine365\\\/category\\\/actualidad-turismo\\\/#listItem\",\"position\":2,\"name\":\"Actualidad Turismo\",\"item\":\"https:\\\/\\\/eldigitaldeasturias.com\\\/magazine365\\\/category\\\/actualidad-turismo\\\/\",\"nextItem\":{\"@type\":\"ListItem\",\"@id\":\"https:\\\/\\\/eldigitaldeasturias.com\\\/magazine365\\\/aci-europe-ve-ridiculo-pensar-que-las-grandes-aerolineas-reducirian-los-billetes-con-tasas-mas-bajas\\\/#listItem\",\"name\":\"ACI Europe ve \\u00abrid\\u00edculo\\u00bb pensar que las grandes aerol\\u00edneas reducir\\u00edan los billetes con tasas m\\u00e1s bajas\"},\"previousItem\":{\"@type\":\"ListItem\",\"@id\":\"https:\\\/\\\/eldigitaldeasturias.com\\\/magazine365#listItem\",\"name\":\"Home\"}},{\"@type\":\"ListItem\",\"@id\":\"https:\\\/\\\/eldigitaldeasturias.com\\\/magazine365\\\/aci-europe-ve-ridiculo-pensar-que-las-grandes-aerolineas-reducirian-los-billetes-con-tasas-mas-bajas\\\/#listItem\",\"position\":3,\"name\":\"ACI Europe ve \\u00abrid\\u00edculo\\u00bb pensar que las grandes aerol\\u00edneas reducir\\u00edan los billetes con tasas m\\u00e1s bajas\",\"previousItem\":{\"@type\":\"ListItem\",\"@id\":\"https:\\\/\\\/eldigitaldeasturias.com\\\/magazine365\\\/category\\\/actualidad-turismo\\\/#listItem\",\"name\":\"Actualidad Turismo\"}}]},{\"@type\":\"Organization\",\"@id\":\"https:\\\/\\\/eldigitaldeasturias.com\\\/magazine365\\\/#organization\",\"name\":\"El digital de Asturias\",\"description\":\"Revista de ocio, turismo y estilo de vida\",\"url\":\"https:\\\/\\\/eldigitaldeasturias.com\\\/magazine365\\\/\",\"logo\":{\"@type\":\"ImageObject\",\"url\":\"https:\\\/\\\/www.eldigitaldeasturias.com\\\/noticias\\\/wp-content\\\/uploads\\\/2020\\\/12\\\/EDA.jpg\",\"@id\":\"https:\\\/\\\/eldigitaldeasturias.com\\\/magazine365\\\/aci-europe-ve-ridiculo-pensar-que-las-grandes-aerolineas-reducirian-los-billetes-con-tasas-mas-bajas\\\/#organizationLogo\"},\"image\":{\"@id\":\"https:\\\/\\\/eldigitaldeasturias.com\\\/magazine365\\\/aci-europe-ve-ridiculo-pensar-que-las-grandes-aerolineas-reducirian-los-billetes-con-tasas-mas-bajas\\\/#organizationLogo\"}},{\"@type\":\"Person\",\"@id\":\"https:\\\/\\\/eldigitaldeasturias.com\\\/magazine365\\\/author\\\/admin\\\/#author\",\"url\":\"https:\\\/\\\/eldigitaldeasturias.com\\\/magazine365\\\/author\\\/admin\\\/\",\"name\":\"admin\",\"image\":{\"@type\":\"ImageObject\",\"@id\":\"https:\\\/\\\/eldigitaldeasturias.com\\\/magazine365\\\/aci-europe-ve-ridiculo-pensar-que-las-grandes-aerolineas-reducirian-los-billetes-con-tasas-mas-bajas\\\/#authorImage\",\"url\":\"https:\\\/\\\/eldigitaldeasturias.com\\\/magazine365\\\/wp-content\\\/litespeed\\\/avatar\\\/e571bcf59a0edd6fa6838245a470f2fe.jpg?ver=1776969259\",\"width\":96,\"height\":96,\"caption\":\"admin\"}},{\"@type\":\"WebPage\",\"@id\":\"https:\\\/\\\/eldigitaldeasturias.com\\\/magazine365\\\/aci-europe-ve-ridiculo-pensar-que-las-grandes-aerolineas-reducirian-los-billetes-con-tasas-mas-bajas\\\/#webpage\",\"url\":\"https:\\\/\\\/eldigitaldeasturias.com\\\/magazine365\\\/aci-europe-ve-ridiculo-pensar-que-las-grandes-aerolineas-reducirian-los-billetes-con-tasas-mas-bajas\\\/\",\"name\":\"ACI Europe ve \\u00abrid\\u00edculo\\u00bb pensar que las grandes aerol\\u00edneas reducir\\u00edan los billetes con tasas m\\u00e1s bajas | El Digital de Asturias\",\"description\":\"El director general de ACI Europe, que representa la patronal de los aeropuertos en Europa, Olvier Jankovec, ha criticado a las grandes aerol\\u00edneas por pedir una reducci\\u00f3n de las tasas aeroportuarias y ha dejado claro que es \\\"rid\\u00edculo\\\" pensar que \\u00e9stas reducir\\u00edan el precio de los billetes a los pasajeros si se redujeran. \\\"Las grandes\",\"inLanguage\":\"es-ES\",\"isPartOf\":{\"@id\":\"https:\\\/\\\/eldigitaldeasturias.com\\\/magazine365\\\/#website\"},\"breadcrumb\":{\"@id\":\"https:\\\/\\\/eldigitaldeasturias.com\\\/magazine365\\\/aci-europe-ve-ridiculo-pensar-que-las-grandes-aerolineas-reducirian-los-billetes-con-tasas-mas-bajas\\\/#breadcrumblist\"},\"author\":{\"@id\":\"https:\\\/\\\/eldigitaldeasturias.com\\\/magazine365\\\/author\\\/admin\\\/#author\"},\"creator\":{\"@id\":\"https:\\\/\\\/eldigitaldeasturias.com\\\/magazine365\\\/author\\\/admin\\\/#author\"},\"image\":{\"@type\":\"ImageObject\",\"url\":\"https:\\\/\\\/eldigitaldeasturias.com\\\/magazine365\\\/wp-content\\\/uploads\\\/2015\\\/06\\\/fotonoticia_20150617192933_800.jpg\",\"@id\":\"https:\\\/\\\/eldigitaldeasturias.com\\\/magazine365\\\/aci-europe-ve-ridiculo-pensar-que-las-grandes-aerolineas-reducirian-los-billetes-con-tasas-mas-bajas\\\/#mainImage\",\"width\":800,\"height\":533},\"primaryImageOfPage\":{\"@id\":\"https:\\\/\\\/eldigitaldeasturias.com\\\/magazine365\\\/aci-europe-ve-ridiculo-pensar-que-las-grandes-aerolineas-reducirian-los-billetes-con-tasas-mas-bajas\\\/#mainImage\"},\"datePublished\":\"2015-06-18T09:30:41+02:00\",\"dateModified\":\"2015-06-18T09:30:41+02:00\"},{\"@type\":\"WebSite\",\"@id\":\"https:\\\/\\\/eldigitaldeasturias.com\\\/magazine365\\\/#website\",\"url\":\"https:\\\/\\\/eldigitaldeasturias.com\\\/magazine365\\\/\",\"name\":\"El Digital de Asturias\",\"description\":\"Revista de ocio, turismo y estilo de vida\",\"inLanguage\":\"es-ES\",\"publisher\":{\"@id\":\"https:\\\/\\\/eldigitaldeasturias.com\\\/magazine365\\\/#organization\"}}]}\n\t\t<\/script>\n\t\t<!-- All in One SEO Pro -->\r\n\t\t<title>ACI Europe ve \u00abrid\u00edculo\u00bb pensar que las grandes aerol\u00edneas reducir\u00edan los billetes con tasas m\u00e1s bajas | El Digital de Asturias<\/title>\n\n","aioseo_head_json":{"title":"ACI Europe ve \u00abrid\u00edculo\u00bb pensar que las grandes aerol\u00edneas reducir\u00edan los billetes con tasas m\u00e1s bajas | El Digital de Asturias","description":"El director general de ACI Europe, que representa la patronal de los aeropuertos en Europa, Olvier Jankovec, ha criticado a las grandes aerol\u00edneas por pedir una reducci\u00f3n de las tasas aeroportuarias y ha dejado claro que es \"rid\u00edculo\" pensar que \u00e9stas reducir\u00edan el precio de los billetes a los pasajeros si se redujeran. \"Las grandes","canonical_url":"https:\/\/eldigitaldeasturias.com\/magazine365\/aci-europe-ve-ridiculo-pensar-que-las-grandes-aerolineas-reducirian-los-billetes-con-tasas-mas-bajas\/","robots":"max-image-preview:large","keywords":"actualidad turismo","webmasterTools":{"google-site-verification":"UA-38556648-1","miscellaneous":""},"schema":{"@context":"https:\/\/schema.org","@graph":[{"@type":"Article","@id":"https:\/\/eldigitaldeasturias.com\/magazine365\/aci-europe-ve-ridiculo-pensar-que-las-grandes-aerolineas-reducirian-los-billetes-con-tasas-mas-bajas\/#article","name":"ACI Europe ve \u00abrid\u00edculo\u00bb pensar que las grandes aerol\u00edneas reducir\u00edan los billetes con tasas m\u00e1s bajas | El Digital de Asturias","headline":"ACI Europe ve \u00abrid\u00edculo\u00bb pensar que las grandes aerol\u00edneas reducir\u00edan los billetes con tasas m\u00e1s bajas","author":{"@id":"https:\/\/eldigitaldeasturias.com\/magazine365\/author\/admin\/#author"},"publisher":{"@id":"https:\/\/eldigitaldeasturias.com\/magazine365\/#organization"},"image":{"@type":"ImageObject","url":"https:\/\/eldigitaldeasturias.com\/magazine365\/wp-content\/uploads\/2015\/06\/fotonoticia_20150617192933_800.jpg","width":800,"height":533},"datePublished":"2015-06-18T09:30:41+02:00","dateModified":"2015-06-18T09:30:41+02:00","inLanguage":"es-ES","mainEntityOfPage":{"@id":"https:\/\/eldigitaldeasturias.com\/magazine365\/aci-europe-ve-ridiculo-pensar-que-las-grandes-aerolineas-reducirian-los-billetes-con-tasas-mas-bajas\/#webpage"},"isPartOf":{"@id":"https:\/\/eldigitaldeasturias.com\/magazine365\/aci-europe-ve-ridiculo-pensar-que-las-grandes-aerolineas-reducirian-los-billetes-con-tasas-mas-bajas\/#webpage"},"articleSection":"Actualidad Turismo"},{"@type":"BreadcrumbList","@id":"https:\/\/eldigitaldeasturias.com\/magazine365\/aci-europe-ve-ridiculo-pensar-que-las-grandes-aerolineas-reducirian-los-billetes-con-tasas-mas-bajas\/#breadcrumblist","itemListElement":[{"@type":"ListItem","@id":"https:\/\/eldigitaldeasturias.com\/magazine365#listItem","position":1,"name":"Home","item":"https:\/\/eldigitaldeasturias.com\/magazine365","nextItem":{"@type":"ListItem","@id":"https:\/\/eldigitaldeasturias.com\/magazine365\/category\/actualidad-turismo\/#listItem","name":"Actualidad Turismo"}},{"@type":"ListItem","@id":"https:\/\/eldigitaldeasturias.com\/magazine365\/category\/actualidad-turismo\/#listItem","position":2,"name":"Actualidad Turismo","item":"https:\/\/eldigitaldeasturias.com\/magazine365\/category\/actualidad-turismo\/","nextItem":{"@type":"ListItem","@id":"https:\/\/eldigitaldeasturias.com\/magazine365\/aci-europe-ve-ridiculo-pensar-que-las-grandes-aerolineas-reducirian-los-billetes-con-tasas-mas-bajas\/#listItem","name":"ACI Europe ve \u00abrid\u00edculo\u00bb pensar que las grandes aerol\u00edneas reducir\u00edan los billetes con tasas m\u00e1s bajas"},"previousItem":{"@type":"ListItem","@id":"https:\/\/eldigitaldeasturias.com\/magazine365#listItem","name":"Home"}},{"@type":"ListItem","@id":"https:\/\/eldigitaldeasturias.com\/magazine365\/aci-europe-ve-ridiculo-pensar-que-las-grandes-aerolineas-reducirian-los-billetes-con-tasas-mas-bajas\/#listItem","position":3,"name":"ACI Europe ve \u00abrid\u00edculo\u00bb pensar que las grandes aerol\u00edneas reducir\u00edan los billetes con tasas m\u00e1s bajas","previousItem":{"@type":"ListItem","@id":"https:\/\/eldigitaldeasturias.com\/magazine365\/category\/actualidad-turismo\/#listItem","name":"Actualidad Turismo"}}]},{"@type":"Organization","@id":"https:\/\/eldigitaldeasturias.com\/magazine365\/#organization","name":"El digital de Asturias","description":"Revista de ocio, turismo y estilo de vida","url":"https:\/\/eldigitaldeasturias.com\/magazine365\/","logo":{"@type":"ImageObject","url":"https:\/\/www.eldigitaldeasturias.com\/noticias\/wp-content\/uploads\/2020\/12\/EDA.jpg","@id":"https:\/\/eldigitaldeasturias.com\/magazine365\/aci-europe-ve-ridiculo-pensar-que-las-grandes-aerolineas-reducirian-los-billetes-con-tasas-mas-bajas\/#organizationLogo"},"image":{"@id":"https:\/\/eldigitaldeasturias.com\/magazine365\/aci-europe-ve-ridiculo-pensar-que-las-grandes-aerolineas-reducirian-los-billetes-con-tasas-mas-bajas\/#organizationLogo"}},{"@type":"Person","@id":"https:\/\/eldigitaldeasturias.com\/magazine365\/author\/admin\/#author","url":"https:\/\/eldigitaldeasturias.com\/magazine365\/author\/admin\/","name":"admin","image":{"@type":"ImageObject","@id":"https:\/\/eldigitaldeasturias.com\/magazine365\/aci-europe-ve-ridiculo-pensar-que-las-grandes-aerolineas-reducirian-los-billetes-con-tasas-mas-bajas\/#authorImage","url":"https:\/\/eldigitaldeasturias.com\/magazine365\/wp-content\/litespeed\/avatar\/e571bcf59a0edd6fa6838245a470f2fe.jpg?ver=1776969259","width":96,"height":96,"caption":"admin"}},{"@type":"WebPage","@id":"https:\/\/eldigitaldeasturias.com\/magazine365\/aci-europe-ve-ridiculo-pensar-que-las-grandes-aerolineas-reducirian-los-billetes-con-tasas-mas-bajas\/#webpage","url":"https:\/\/eldigitaldeasturias.com\/magazine365\/aci-europe-ve-ridiculo-pensar-que-las-grandes-aerolineas-reducirian-los-billetes-con-tasas-mas-bajas\/","name":"ACI Europe ve \u00abrid\u00edculo\u00bb pensar que las grandes aerol\u00edneas reducir\u00edan los billetes con tasas m\u00e1s bajas | El Digital de Asturias","description":"El director general de ACI Europe, que representa la patronal de los aeropuertos en Europa, Olvier Jankovec, ha criticado a las grandes aerol\u00edneas por pedir una reducci\u00f3n de las tasas aeroportuarias y ha dejado claro que es \"rid\u00edculo\" pensar que \u00e9stas reducir\u00edan el precio de los billetes a los pasajeros si se redujeran. \"Las grandes","inLanguage":"es-ES","isPartOf":{"@id":"https:\/\/eldigitaldeasturias.com\/magazine365\/#website"},"breadcrumb":{"@id":"https:\/\/eldigitaldeasturias.com\/magazine365\/aci-europe-ve-ridiculo-pensar-que-las-grandes-aerolineas-reducirian-los-billetes-con-tasas-mas-bajas\/#breadcrumblist"},"author":{"@id":"https:\/\/eldigitaldeasturias.com\/magazine365\/author\/admin\/#author"},"creator":{"@id":"https:\/\/eldigitaldeasturias.com\/magazine365\/author\/admin\/#author"},"image":{"@type":"ImageObject","url":"https:\/\/eldigitaldeasturias.com\/magazine365\/wp-content\/uploads\/2015\/06\/fotonoticia_20150617192933_800.jpg","@id":"https:\/\/eldigitaldeasturias.com\/magazine365\/aci-europe-ve-ridiculo-pensar-que-las-grandes-aerolineas-reducirian-los-billetes-con-tasas-mas-bajas\/#mainImage","width":800,"height":533},"primaryImageOfPage":{"@id":"https:\/\/eldigitaldeasturias.com\/magazine365\/aci-europe-ve-ridiculo-pensar-que-las-grandes-aerolineas-reducirian-los-billetes-con-tasas-mas-bajas\/#mainImage"},"datePublished":"2015-06-18T09:30:41+02:00","dateModified":"2015-06-18T09:30:41+02:00"},{"@type":"WebSite","@id":"https:\/\/eldigitaldeasturias.com\/magazine365\/#website","url":"https:\/\/eldigitaldeasturias.com\/magazine365\/","name":"El Digital de Asturias","description":"Revista de ocio, turismo y estilo de vida","inLanguage":"es-ES","publisher":{"@id":"https:\/\/eldigitaldeasturias.com\/magazine365\/#organization"}}]},"og:locale":"es_ES","og:site_name":"El Digital de Asturias \u2013 Revista de ocio, turismo y estilo de vida","og:type":"article","og:title":"ACI Europe ve \u00abrid\u00edculo\u00bb pensar que las grandes aerol\u00edneas reducir\u00edan los billetes con tasas m\u00e1s bajas | El Digital de Asturias","og:description":"El director general de ACI Europe, que representa la patronal de los aeropuertos en Europa, Olvier Jankovec, ha criticado a las grandes aerol\u00edneas por pedir una reducci\u00f3n de las tasas aeroportuarias y ha dejado claro que es &quot;rid\u00edculo&quot; pensar que \u00e9stas reducir\u00edan el precio de los billetes a los pasajeros si se redujeran. &quot;Las grandes","og:url":"https:\/\/eldigitaldeasturias.com\/magazine365\/aci-europe-ve-ridiculo-pensar-que-las-grandes-aerolineas-reducirian-los-billetes-con-tasas-mas-bajas\/","og:image":"https:\/\/eldigitaldeasturias.com\/magazine365\/wp-content\/uploads\/2015\/06\/fotonoticia_20150617192933_800.jpg","og:image:secure_url":"https:\/\/eldigitaldeasturias.com\/magazine365\/wp-content\/uploads\/2015\/06\/fotonoticia_20150617192933_800.jpg","og:image:width":800,"og:image:height":533,"article:published_time":"2015-06-18T08:00:41+00:00","article:modified_time":"2015-06-18T08:00:41+00:00","twitter:card":"summary_large_image","twitter:title":"ACI Europe ve \u00abrid\u00edculo\u00bb pensar que las grandes aerol\u00edneas reducir\u00edan los billetes con tasas m\u00e1s bajas | El Digital de Asturias","twitter:description":"El director general de ACI Europe, que representa la patronal de los aeropuertos en Europa, Olvier Jankovec, ha criticado a las grandes aerol\u00edneas por pedir una reducci\u00f3n de las tasas aeroportuarias y ha dejado claro que es &quot;rid\u00edculo&quot; pensar que \u00e9stas reducir\u00edan el precio de los billetes a los pasajeros si se redujeran. &quot;Las grandes","twitter:image":"https:\/\/eldigitaldeasturias.com\/magazine365\/wp-content\/uploads\/2015\/06\/fotonoticia_20150617192933_800.jpg"},"aioseo_meta_data":{"post_id":"40243","title":null,"description":null,"keywords":null,"keyphrases":null,"primary_term":null,"canonical_url":null,"og_title":null,"og_description":null,"og_object_type":"default","og_image_type":"default","og_image_url":null,"og_image_width":null,"og_image_height":null,"og_image_custom_url":null,"og_image_custom_fields":null,"og_video":null,"og_custom_url":null,"og_article_section":null,"og_article_tags":null,"twitter_use_og":false,"twitter_card":"default","twitter_image_type":"default","twitter_image_url":null,"twitter_image_custom_url":null,"twitter_image_custom_fields":null,"twitter_title":null,"twitter_description":null,"schema":{"blockGraphs":[],"customGraphs":[],"default":{"data":{"Article":[],"Course":[],"Dataset":[],"FAQPage":[],"Movie":[],"Person":[],"Product":[],"ProductReview":[],"Car":[],"Recipe":[],"Service":[],"SoftwareApplication":[],"WebPage":[]},"graphName":"","isEnabled":true},"graphs":[],"defaultGraph":"","defaultPostTypeGraph":""},"schema_type":null,"schema_type_options":null,"pillar_content":false,"robots_default":true,"robots_noindex":false,"robots_noarchive":false,"robots_nosnippet":false,"robots_nofollow":false,"robots_noimageindex":false,"robots_noodp":false,"robots_notranslate":false,"robots_max_snippet":null,"robots_max_videopreview":null,"robots_max_imagepreview":"large","priority":null,"frequency":null,"location":null,"local_seo":null,"seo_analyzer_scan_date":"2025-09-19 13:12:03","breadcrumb_settings":null,"limit_modified_date":false,"open_ai":null,"ai":null,"created":"2021-03-09 02:30:52","updated":"2025-09-19 13:12:03"},"aioseo_breadcrumb":"<div class=\"aioseo-breadcrumbs\"><span class=\"aioseo-breadcrumb\">\n\t<a href=\"https:\/\/eldigitaldeasturias.com\/magazine365\" title=\"Home\">Home<\/a>\n<\/span><span class=\"aioseo-breadcrumb-separator\">\u2013<\/span><span class=\"aioseo-breadcrumb\">\n\t<a href=\"https:\/\/eldigitaldeasturias.com\/magazine365\/category\/actualidad-turismo\/\" title=\"Actualidad Turismo\">Actualidad Turismo<\/a>\n<\/span><span class=\"aioseo-breadcrumb-separator\">\u2013<\/span><span class=\"aioseo-breadcrumb\">\n\t<a href=\"https:\/\/eldigitaldeasturias.com\/magazine365\/aci-europe-ve-ridiculo-pensar-que-las-grandes-aerolineas-reducirian-los-billetes-con-tasas-mas-bajas\/\" title=\"ACI Europe ve \u00abrid\u00edculo\u00bb pensar que las grandes aerol\u00edneas reducir\u00edan los billetes con tasas m\u00e1s bajas\">ACI Europe ve \u00abrid\u00edculo\u00bb pensar que las grandes aerol\u00edneas reducir\u00edan los billetes con tasas m\u00e1s bajas<\/a>\n<\/span><\/div>","aioseo_breadcrumb_json":[{"label":"Home","link":"https:\/\/eldigitaldeasturias.com\/magazine365"},{"label":"Actualidad Turismo","link":"https:\/\/eldigitaldeasturias.com\/magazine365\/category\/actualidad-turismo\/"},{"label":"ACI Europe ve \u00abrid\u00edculo\u00bb pensar que las grandes aerol\u00edneas reducir\u00edan los billetes con tasas m\u00e1s bajas","link":"https:\/\/eldigitaldeasturias.com\/magazine365\/aci-europe-ve-ridiculo-pensar-que-las-grandes-aerolineas-reducirian-los-billetes-con-tasas-mas-bajas\/"}],"_links":{"self":[{"href":"https:\/\/eldigitaldeasturias.com\/magazine365\/wp-json\/wp\/v2\/posts\/40243","targetHints":{"allow":["GET"]}}],"collection":[{"href":"https:\/\/eldigitaldeasturias.com\/magazine365\/wp-json\/wp\/v2\/posts"}],"about":[{"href":"https:\/\/eldigitaldeasturias.com\/magazine365\/wp-json\/wp\/v2\/types\/post"}],"author":[{"embeddable":true,"href":"https:\/\/eldigitaldeasturias.com\/magazine365\/wp-json\/wp\/v2\/users\/1"}],"replies":[{"embeddable":true,"href":"https:\/\/eldigitaldeasturias.com\/magazine365\/wp-json\/wp\/v2\/comments?post=40243"}],"version-history":[{"count":0,"href":"https:\/\/eldigitaldeasturias.com\/magazine365\/wp-json\/wp\/v2\/posts\/40243\/revisions"}],"wp:featuredmedia":[{"embeddable":true,"href":"https:\/\/eldigitaldeasturias.com\/magazine365\/wp-json\/wp\/v2\/media\/40244"}],"wp:attachment":[{"href":"https:\/\/eldigitaldeasturias.com\/magazine365\/wp-json\/wp\/v2\/media?parent=40243"}],"wp:term":[{"taxonomy":"category","embeddable":true,"href":"https:\/\/eldigitaldeasturias.com\/magazine365\/wp-json\/wp\/v2\/categories?post=40243"},{"taxonomy":"post_tag","embeddable":true,"href":"https:\/\/eldigitaldeasturias.com\/magazine365\/wp-json\/wp\/v2\/tags?post=40243"}],"curies":[{"name":"wp","href":"https:\/\/api.w.org\/{rel}","templated":true}]}}