{"id":40240,"date":"2015-06-18T09:26:13","date_gmt":"2015-06-18T07:56:13","guid":{"rendered":"http:\/\/eldigitaldeasturias.com\/magazine365\/?p=40240"},"modified":"2015-06-18T09:26:13","modified_gmt":"2015-06-18T07:56:13","slug":"javier-fernandez-se-estrena-en-turismo-tras-ser-delegado-de-la-junta-en-sevilla","status":"publish","type":"post","link":"https:\/\/eldigitaldeasturias.com\/magazine365\/javier-fernandez-se-estrena-en-turismo-tras-ser-delegado-de-la-junta-en-sevilla\/","title":{"rendered":"Javier Fern\u00e1ndez se estrena en Turismo tras ser delegado de la Junta en Sevilla"},"content":{"rendered":"<p><img fetchpriority=\"high\" decoding=\"async\" class=\"alignleft size-medium wp-image-40241\" src=\"https:\/\/eldigitaldeasturias.com\/magazine365\/wp-content\/uploads\/2015\/06\/fotonoticia_20150617192159_800-274x300.jpg\" alt=\"fotonoticia_20150617192159_800\" width=\"274\" height=\"300\" srcset=\"https:\/\/eldigitaldeasturias.com\/magazine365\/wp-content\/uploads\/2015\/06\/fotonoticia_20150617192159_800-274x300.jpg 274w, https:\/\/eldigitaldeasturias.com\/magazine365\/wp-content\/uploads\/2015\/06\/fotonoticia_20150617192159_800-585x640.jpg 585w, https:\/\/eldigitaldeasturias.com\/magazine365\/wp-content\/uploads\/2015\/06\/fotonoticia_20150617192159_800-768x840.jpg 768w, https:\/\/eldigitaldeasturias.com\/magazine365\/wp-content\/uploads\/2015\/06\/fotonoticia_20150617192159_800-150x164.jpg 150w, https:\/\/eldigitaldeasturias.com\/magazine365\/wp-content\/uploads\/2015\/06\/fotonoticia_20150617192159_800-450x492.jpg 450w, https:\/\/eldigitaldeasturias.com\/magazine365\/wp-content\/uploads\/2015\/06\/fotonoticia_20150617192159_800-696x761.jpg 696w, https:\/\/eldigitaldeasturias.com\/magazine365\/wp-content\/uploads\/2015\/06\/fotonoticia_20150617192159_800-384x420.jpg 384w, https:\/\/eldigitaldeasturias.com\/magazine365\/wp-content\/uploads\/2015\/06\/fotonoticia_20150617192159_800.jpg 800w\" sizes=\"(max-width: 274px) 100vw, 274px\" \/>Francisco Javier Fern\u00e1ndez Hern\u00e1ndez se estrena como consejero con las competencias de Turismo y Deporte tras ser delegado de la Junta en Sevilla.<\/p>\n<p>Nacido en Utrera en 1969 es licenciado en Geograf\u00eda e Historia por la Universidad de Sevilla, en la especialidad de An\u00e1lisis Geogr\u00e1fico Regional, y adem\u00e1s es experto en Alta Direcci\u00f3n de Instituciones Sociales por el Instituto Internacional San Telmo.<\/p>\n<p>Diputado del Parlamento de Andaluc\u00eda tras las elecciones auton\u00f3micas del pasado 22 de marzo, el nuevo titular de Turismo y Deporte ha ejercido diferentes responsabilidades tanto en la Administraci\u00f3n auton\u00f3mica como en la municipal.<\/p>\n<p>Entre otros cargos, ha desempe\u00f1ado los de delegado en Sevilla del Gobierno de la Junta de Andaluc\u00eda (2012-2015) y de la Consejer\u00eda de Medio Ambiente (2010-2012).<\/p>\n<p>En el Ayuntamiento hispalense, etapa en la que coincidi\u00f3 con Susana D\u00edaz en el Consistorio, fue director de las \u00e1reas de Educaci\u00f3n y Universidades (2003-2007) y Juventud y Empleo (1999-2003).<\/p>\n<p>Fern\u00e1ndez Hern\u00e1ndez tambi\u00e9n ha sido coordinador t\u00e9cnico municipal para la creaci\u00f3n del Comisionado del Pol\u00edgono Sur (2004-2006) y miembro de la Comisi\u00f3n Provincial de Patrimonio Hist\u00f3rico de Sevilla, como representante de la Feder<\/p>\n","protected":false},"excerpt":{"rendered":"<p>Francisco Javier Fern\u00e1ndez Hern\u00e1ndez se estrena como consejero con las competencias de Turismo y Deporte tras ser delegado de la Junta en Sevilla. Nacido en Utrera en 1969 es licenciado en Geograf\u00eda e Historia por la Universidad de Sevilla, en la especialidad de An\u00e1lisis Geogr\u00e1fico Regional, y adem\u00e1s es experto en Alta Direcci\u00f3n de Instituciones<\/p>\n","protected":false},"author":1,"featured_media":40241,"comment_status":"open","ping_status":"closed","sticky":false,"template":"","format":"standard","meta":{"footnotes":""},"categories":[222],"tags":[],"class_list":{"0":"post-40240","1":"post","2":"type-post","3":"status-publish","4":"format-standard","5":"has-post-thumbnail","7":"category-actualidad-turismo"},"aioseo_notices":[],"aioseo_head":"\n\t\t<!-- All in One SEO Pro 4.9.6.1 - aioseo.com -->\n\t<meta name=\"description\" content=\"Francisco Javier Fern\u00e1ndez Hern\u00e1ndez se estrena como consejero con las competencias de Turismo y Deporte tras ser delegado de la Junta en Sevilla. Nacido en Utrera en 1969 es licenciado en Geograf\u00eda e Historia por la Universidad de Sevilla, en la especialidad de An\u00e1lisis Geogr\u00e1fico Regional, y adem\u00e1s es experto en Alta Direcci\u00f3n de Instituciones\" \/>\n\t<meta name=\"robots\" content=\"max-image-preview:large\" \/>\n\t<meta name=\"author\" content=\"admin\"\/>\n\t<meta name=\"google-site-verification\" content=\"UA-38556648-1\" \/>\n\t<meta name=\"keywords\" content=\"actualidad turismo\" \/>\n\t<link rel=\"canonical\" href=\"https:\/\/eldigitaldeasturias.com\/magazine365\/javier-fernandez-se-estrena-en-turismo-tras-ser-delegado-de-la-junta-en-sevilla\/\" \/>\n\t<meta name=\"generator\" content=\"All in One SEO Pro (AIOSEO) 4.9.6.1\" \/>\n\t\t<meta property=\"og:locale\" content=\"es_ES\" \/>\n\t\t<meta property=\"og:site_name\" content=\"El Digital de Asturias \u2013 Revista de ocio, turismo y estilo de vida\" \/>\n\t\t<meta property=\"og:type\" content=\"article\" \/>\n\t\t<meta property=\"og:title\" content=\"Javier Fern\u00e1ndez se estrena en Turismo tras ser delegado de la Junta en Sevilla | El Digital de Asturias\" \/>\n\t\t<meta property=\"og:description\" content=\"Francisco Javier Fern\u00e1ndez Hern\u00e1ndez se estrena como consejero con las competencias de Turismo y Deporte tras ser delegado de la Junta en Sevilla. Nacido en Utrera en 1969 es licenciado en Geograf\u00eda e Historia por la Universidad de Sevilla, en la especialidad de An\u00e1lisis Geogr\u00e1fico Regional, y adem\u00e1s es experto en Alta Direcci\u00f3n de Instituciones\" \/>\n\t\t<meta property=\"og:url\" content=\"https:\/\/eldigitaldeasturias.com\/magazine365\/javier-fernandez-se-estrena-en-turismo-tras-ser-delegado-de-la-junta-en-sevilla\/\" \/>\n\t\t<meta property=\"og:image\" content=\"https:\/\/eldigitaldeasturias.com\/magazine365\/wp-content\/uploads\/2015\/06\/fotonoticia_20150617192159_800.jpg\" \/>\n\t\t<meta property=\"og:image:secure_url\" content=\"https:\/\/eldigitaldeasturias.com\/magazine365\/wp-content\/uploads\/2015\/06\/fotonoticia_20150617192159_800.jpg\" \/>\n\t\t<meta property=\"og:image:width\" content=\"800\" \/>\n\t\t<meta property=\"og:image:height\" content=\"875\" \/>\n\t\t<meta property=\"article:published_time\" content=\"2015-06-18T07:56:13+00:00\" \/>\n\t\t<meta property=\"article:modified_time\" content=\"2015-06-18T07:56:13+00:00\" \/>\n\t\t<meta name=\"twitter:card\" content=\"summary_large_image\" \/>\n\t\t<meta name=\"twitter:title\" content=\"Javier Fern\u00e1ndez se estrena en Turismo tras ser delegado de la Junta en Sevilla | El Digital de Asturias\" \/>\n\t\t<meta name=\"twitter:description\" content=\"Francisco Javier Fern\u00e1ndez Hern\u00e1ndez se estrena como consejero con las competencias de Turismo y Deporte tras ser delegado de la Junta en Sevilla. Nacido en Utrera en 1969 es licenciado en Geograf\u00eda e Historia por la Universidad de Sevilla, en la especialidad de An\u00e1lisis Geogr\u00e1fico Regional, y adem\u00e1s es experto en Alta Direcci\u00f3n de Instituciones\" \/>\n\t\t<meta name=\"twitter:image\" content=\"https:\/\/eldigitaldeasturias.com\/magazine365\/wp-content\/uploads\/2015\/06\/fotonoticia_20150617192159_800.jpg\" \/>\n\t\t<script type=\"application\/ld+json\" class=\"aioseo-schema\">\n\t\t\t{\"@context\":\"https:\\\/\\\/schema.org\",\"@graph\":[{\"@type\":\"Article\",\"@id\":\"https:\\\/\\\/eldigitaldeasturias.com\\\/magazine365\\\/javier-fernandez-se-estrena-en-turismo-tras-ser-delegado-de-la-junta-en-sevilla\\\/#article\",\"name\":\"Javier Fern\\u00e1ndez se estrena en Turismo tras ser delegado de la Junta en Sevilla | El Digital de Asturias\",\"headline\":\"Javier Fern\\u00e1ndez se estrena en Turismo tras ser delegado de la Junta en Sevilla\",\"author\":{\"@id\":\"https:\\\/\\\/eldigitaldeasturias.com\\\/magazine365\\\/author\\\/admin\\\/#author\"},\"publisher\":{\"@id\":\"https:\\\/\\\/eldigitaldeasturias.com\\\/magazine365\\\/#organization\"},\"image\":{\"@type\":\"ImageObject\",\"url\":\"https:\\\/\\\/eldigitaldeasturias.com\\\/magazine365\\\/wp-content\\\/uploads\\\/2015\\\/06\\\/fotonoticia_20150617192159_800.jpg\",\"width\":800,\"height\":875},\"datePublished\":\"2015-06-18T09:26:13+02:00\",\"dateModified\":\"2015-06-18T09:26:13+02:00\",\"inLanguage\":\"es-ES\",\"mainEntityOfPage\":{\"@id\":\"https:\\\/\\\/eldigitaldeasturias.com\\\/magazine365\\\/javier-fernandez-se-estrena-en-turismo-tras-ser-delegado-de-la-junta-en-sevilla\\\/#webpage\"},\"isPartOf\":{\"@id\":\"https:\\\/\\\/eldigitaldeasturias.com\\\/magazine365\\\/javier-fernandez-se-estrena-en-turismo-tras-ser-delegado-de-la-junta-en-sevilla\\\/#webpage\"},\"articleSection\":\"Actualidad Turismo\"},{\"@type\":\"BreadcrumbList\",\"@id\":\"https:\\\/\\\/eldigitaldeasturias.com\\\/magazine365\\\/javier-fernandez-se-estrena-en-turismo-tras-ser-delegado-de-la-junta-en-sevilla\\\/#breadcrumblist\",\"itemListElement\":[{\"@type\":\"ListItem\",\"@id\":\"https:\\\/\\\/eldigitaldeasturias.com\\\/magazine365#listItem\",\"position\":1,\"name\":\"Home\",\"item\":\"https:\\\/\\\/eldigitaldeasturias.com\\\/magazine365\",\"nextItem\":{\"@type\":\"ListItem\",\"@id\":\"https:\\\/\\\/eldigitaldeasturias.com\\\/magazine365\\\/category\\\/actualidad-turismo\\\/#listItem\",\"name\":\"Actualidad Turismo\"}},{\"@type\":\"ListItem\",\"@id\":\"https:\\\/\\\/eldigitaldeasturias.com\\\/magazine365\\\/category\\\/actualidad-turismo\\\/#listItem\",\"position\":2,\"name\":\"Actualidad Turismo\",\"item\":\"https:\\\/\\\/eldigitaldeasturias.com\\\/magazine365\\\/category\\\/actualidad-turismo\\\/\",\"nextItem\":{\"@type\":\"ListItem\",\"@id\":\"https:\\\/\\\/eldigitaldeasturias.com\\\/magazine365\\\/javier-fernandez-se-estrena-en-turismo-tras-ser-delegado-de-la-junta-en-sevilla\\\/#listItem\",\"name\":\"Javier Fern\\u00e1ndez se estrena en Turismo tras ser delegado de la Junta en Sevilla\"},\"previousItem\":{\"@type\":\"ListItem\",\"@id\":\"https:\\\/\\\/eldigitaldeasturias.com\\\/magazine365#listItem\",\"name\":\"Home\"}},{\"@type\":\"ListItem\",\"@id\":\"https:\\\/\\\/eldigitaldeasturias.com\\\/magazine365\\\/javier-fernandez-se-estrena-en-turismo-tras-ser-delegado-de-la-junta-en-sevilla\\\/#listItem\",\"position\":3,\"name\":\"Javier Fern\\u00e1ndez se estrena en Turismo tras ser delegado de la Junta en Sevilla\",\"previousItem\":{\"@type\":\"ListItem\",\"@id\":\"https:\\\/\\\/eldigitaldeasturias.com\\\/magazine365\\\/category\\\/actualidad-turismo\\\/#listItem\",\"name\":\"Actualidad Turismo\"}}]},{\"@type\":\"Organization\",\"@id\":\"https:\\\/\\\/eldigitaldeasturias.com\\\/magazine365\\\/#organization\",\"name\":\"El digital de Asturias\",\"description\":\"Revista de ocio, turismo y estilo de vida\",\"url\":\"https:\\\/\\\/eldigitaldeasturias.com\\\/magazine365\\\/\",\"logo\":{\"@type\":\"ImageObject\",\"url\":\"https:\\\/\\\/www.eldigitaldeasturias.com\\\/noticias\\\/wp-content\\\/uploads\\\/2020\\\/12\\\/EDA.jpg\",\"@id\":\"https:\\\/\\\/eldigitaldeasturias.com\\\/magazine365\\\/javier-fernandez-se-estrena-en-turismo-tras-ser-delegado-de-la-junta-en-sevilla\\\/#organizationLogo\"},\"image\":{\"@id\":\"https:\\\/\\\/eldigitaldeasturias.com\\\/magazine365\\\/javier-fernandez-se-estrena-en-turismo-tras-ser-delegado-de-la-junta-en-sevilla\\\/#organizationLogo\"}},{\"@type\":\"Person\",\"@id\":\"https:\\\/\\\/eldigitaldeasturias.com\\\/magazine365\\\/author\\\/admin\\\/#author\",\"url\":\"https:\\\/\\\/eldigitaldeasturias.com\\\/magazine365\\\/author\\\/admin\\\/\",\"name\":\"admin\",\"image\":{\"@type\":\"ImageObject\",\"@id\":\"https:\\\/\\\/eldigitaldeasturias.com\\\/magazine365\\\/javier-fernandez-se-estrena-en-turismo-tras-ser-delegado-de-la-junta-en-sevilla\\\/#authorImage\",\"url\":\"https:\\\/\\\/eldigitaldeasturias.com\\\/magazine365\\\/wp-content\\\/litespeed\\\/avatar\\\/e571bcf59a0edd6fa6838245a470f2fe.jpg?ver=1776969259\",\"width\":96,\"height\":96,\"caption\":\"admin\"}},{\"@type\":\"WebPage\",\"@id\":\"https:\\\/\\\/eldigitaldeasturias.com\\\/magazine365\\\/javier-fernandez-se-estrena-en-turismo-tras-ser-delegado-de-la-junta-en-sevilla\\\/#webpage\",\"url\":\"https:\\\/\\\/eldigitaldeasturias.com\\\/magazine365\\\/javier-fernandez-se-estrena-en-turismo-tras-ser-delegado-de-la-junta-en-sevilla\\\/\",\"name\":\"Javier Fern\\u00e1ndez se estrena en Turismo tras ser delegado de la Junta en Sevilla | El Digital de Asturias\",\"description\":\"Francisco Javier Fern\\u00e1ndez Hern\\u00e1ndez se estrena como consejero con las competencias de Turismo y Deporte tras ser delegado de la Junta en Sevilla. Nacido en Utrera en 1969 es licenciado en Geograf\\u00eda e Historia por la Universidad de Sevilla, en la especialidad de An\\u00e1lisis Geogr\\u00e1fico Regional, y adem\\u00e1s es experto en Alta Direcci\\u00f3n de Instituciones\",\"inLanguage\":\"es-ES\",\"isPartOf\":{\"@id\":\"https:\\\/\\\/eldigitaldeasturias.com\\\/magazine365\\\/#website\"},\"breadcrumb\":{\"@id\":\"https:\\\/\\\/eldigitaldeasturias.com\\\/magazine365\\\/javier-fernandez-se-estrena-en-turismo-tras-ser-delegado-de-la-junta-en-sevilla\\\/#breadcrumblist\"},\"author\":{\"@id\":\"https:\\\/\\\/eldigitaldeasturias.com\\\/magazine365\\\/author\\\/admin\\\/#author\"},\"creator\":{\"@id\":\"https:\\\/\\\/eldigitaldeasturias.com\\\/magazine365\\\/author\\\/admin\\\/#author\"},\"image\":{\"@type\":\"ImageObject\",\"url\":\"https:\\\/\\\/eldigitaldeasturias.com\\\/magazine365\\\/wp-content\\\/uploads\\\/2015\\\/06\\\/fotonoticia_20150617192159_800.jpg\",\"@id\":\"https:\\\/\\\/eldigitaldeasturias.com\\\/magazine365\\\/javier-fernandez-se-estrena-en-turismo-tras-ser-delegado-de-la-junta-en-sevilla\\\/#mainImage\",\"width\":800,\"height\":875},\"primaryImageOfPage\":{\"@id\":\"https:\\\/\\\/eldigitaldeasturias.com\\\/magazine365\\\/javier-fernandez-se-estrena-en-turismo-tras-ser-delegado-de-la-junta-en-sevilla\\\/#mainImage\"},\"datePublished\":\"2015-06-18T09:26:13+02:00\",\"dateModified\":\"2015-06-18T09:26:13+02:00\"},{\"@type\":\"WebSite\",\"@id\":\"https:\\\/\\\/eldigitaldeasturias.com\\\/magazine365\\\/#website\",\"url\":\"https:\\\/\\\/eldigitaldeasturias.com\\\/magazine365\\\/\",\"name\":\"El Digital de Asturias\",\"description\":\"Revista de ocio, turismo y estilo de vida\",\"inLanguage\":\"es-ES\",\"publisher\":{\"@id\":\"https:\\\/\\\/eldigitaldeasturias.com\\\/magazine365\\\/#organization\"}}]}\n\t\t<\/script>\n\t\t<!-- All in One SEO Pro -->\r\n\t\t<title>Javier Fern\u00e1ndez se estrena en Turismo tras ser delegado de la Junta en Sevilla | El Digital de Asturias<\/title>\n\n","aioseo_head_json":{"title":"Javier Fern\u00e1ndez se estrena en Turismo tras ser delegado de la Junta en Sevilla | El Digital de Asturias","description":"Francisco Javier Fern\u00e1ndez Hern\u00e1ndez se estrena como consejero con las competencias de Turismo y Deporte tras ser delegado de la Junta en Sevilla. Nacido en Utrera en 1969 es licenciado en Geograf\u00eda e Historia por la Universidad de Sevilla, en la especialidad de An\u00e1lisis Geogr\u00e1fico Regional, y adem\u00e1s es experto en Alta Direcci\u00f3n de Instituciones","canonical_url":"https:\/\/eldigitaldeasturias.com\/magazine365\/javier-fernandez-se-estrena-en-turismo-tras-ser-delegado-de-la-junta-en-sevilla\/","robots":"max-image-preview:large","keywords":"actualidad turismo","webmasterTools":{"google-site-verification":"UA-38556648-1","miscellaneous":""},"schema":{"@context":"https:\/\/schema.org","@graph":[{"@type":"Article","@id":"https:\/\/eldigitaldeasturias.com\/magazine365\/javier-fernandez-se-estrena-en-turismo-tras-ser-delegado-de-la-junta-en-sevilla\/#article","name":"Javier Fern\u00e1ndez se estrena en Turismo tras ser delegado de la Junta en Sevilla | El Digital de Asturias","headline":"Javier Fern\u00e1ndez se estrena en Turismo tras ser delegado de la Junta en Sevilla","author":{"@id":"https:\/\/eldigitaldeasturias.com\/magazine365\/author\/admin\/#author"},"publisher":{"@id":"https:\/\/eldigitaldeasturias.com\/magazine365\/#organization"},"image":{"@type":"ImageObject","url":"https:\/\/eldigitaldeasturias.com\/magazine365\/wp-content\/uploads\/2015\/06\/fotonoticia_20150617192159_800.jpg","width":800,"height":875},"datePublished":"2015-06-18T09:26:13+02:00","dateModified":"2015-06-18T09:26:13+02:00","inLanguage":"es-ES","mainEntityOfPage":{"@id":"https:\/\/eldigitaldeasturias.com\/magazine365\/javier-fernandez-se-estrena-en-turismo-tras-ser-delegado-de-la-junta-en-sevilla\/#webpage"},"isPartOf":{"@id":"https:\/\/eldigitaldeasturias.com\/magazine365\/javier-fernandez-se-estrena-en-turismo-tras-ser-delegado-de-la-junta-en-sevilla\/#webpage"},"articleSection":"Actualidad Turismo"},{"@type":"BreadcrumbList","@id":"https:\/\/eldigitaldeasturias.com\/magazine365\/javier-fernandez-se-estrena-en-turismo-tras-ser-delegado-de-la-junta-en-sevilla\/#breadcrumblist","itemListElement":[{"@type":"ListItem","@id":"https:\/\/eldigitaldeasturias.com\/magazine365#listItem","position":1,"name":"Home","item":"https:\/\/eldigitaldeasturias.com\/magazine365","nextItem":{"@type":"ListItem","@id":"https:\/\/eldigitaldeasturias.com\/magazine365\/category\/actualidad-turismo\/#listItem","name":"Actualidad Turismo"}},{"@type":"ListItem","@id":"https:\/\/eldigitaldeasturias.com\/magazine365\/category\/actualidad-turismo\/#listItem","position":2,"name":"Actualidad Turismo","item":"https:\/\/eldigitaldeasturias.com\/magazine365\/category\/actualidad-turismo\/","nextItem":{"@type":"ListItem","@id":"https:\/\/eldigitaldeasturias.com\/magazine365\/javier-fernandez-se-estrena-en-turismo-tras-ser-delegado-de-la-junta-en-sevilla\/#listItem","name":"Javier Fern\u00e1ndez se estrena en Turismo tras ser delegado de la Junta en Sevilla"},"previousItem":{"@type":"ListItem","@id":"https:\/\/eldigitaldeasturias.com\/magazine365#listItem","name":"Home"}},{"@type":"ListItem","@id":"https:\/\/eldigitaldeasturias.com\/magazine365\/javier-fernandez-se-estrena-en-turismo-tras-ser-delegado-de-la-junta-en-sevilla\/#listItem","position":3,"name":"Javier Fern\u00e1ndez se estrena en Turismo tras ser delegado de la Junta en Sevilla","previousItem":{"@type":"ListItem","@id":"https:\/\/eldigitaldeasturias.com\/magazine365\/category\/actualidad-turismo\/#listItem","name":"Actualidad Turismo"}}]},{"@type":"Organization","@id":"https:\/\/eldigitaldeasturias.com\/magazine365\/#organization","name":"El digital de Asturias","description":"Revista de ocio, turismo y estilo de vida","url":"https:\/\/eldigitaldeasturias.com\/magazine365\/","logo":{"@type":"ImageObject","url":"https:\/\/www.eldigitaldeasturias.com\/noticias\/wp-content\/uploads\/2020\/12\/EDA.jpg","@id":"https:\/\/eldigitaldeasturias.com\/magazine365\/javier-fernandez-se-estrena-en-turismo-tras-ser-delegado-de-la-junta-en-sevilla\/#organizationLogo"},"image":{"@id":"https:\/\/eldigitaldeasturias.com\/magazine365\/javier-fernandez-se-estrena-en-turismo-tras-ser-delegado-de-la-junta-en-sevilla\/#organizationLogo"}},{"@type":"Person","@id":"https:\/\/eldigitaldeasturias.com\/magazine365\/author\/admin\/#author","url":"https:\/\/eldigitaldeasturias.com\/magazine365\/author\/admin\/","name":"admin","image":{"@type":"ImageObject","@id":"https:\/\/eldigitaldeasturias.com\/magazine365\/javier-fernandez-se-estrena-en-turismo-tras-ser-delegado-de-la-junta-en-sevilla\/#authorImage","url":"https:\/\/eldigitaldeasturias.com\/magazine365\/wp-content\/litespeed\/avatar\/e571bcf59a0edd6fa6838245a470f2fe.jpg?ver=1776969259","width":96,"height":96,"caption":"admin"}},{"@type":"WebPage","@id":"https:\/\/eldigitaldeasturias.com\/magazine365\/javier-fernandez-se-estrena-en-turismo-tras-ser-delegado-de-la-junta-en-sevilla\/#webpage","url":"https:\/\/eldigitaldeasturias.com\/magazine365\/javier-fernandez-se-estrena-en-turismo-tras-ser-delegado-de-la-junta-en-sevilla\/","name":"Javier Fern\u00e1ndez se estrena en Turismo tras ser delegado de la Junta en Sevilla | El Digital de Asturias","description":"Francisco Javier Fern\u00e1ndez Hern\u00e1ndez se estrena como consejero con las competencias de Turismo y Deporte tras ser delegado de la Junta en Sevilla. Nacido en Utrera en 1969 es licenciado en Geograf\u00eda e Historia por la Universidad de Sevilla, en la especialidad de An\u00e1lisis Geogr\u00e1fico Regional, y adem\u00e1s es experto en Alta Direcci\u00f3n de Instituciones","inLanguage":"es-ES","isPartOf":{"@id":"https:\/\/eldigitaldeasturias.com\/magazine365\/#website"},"breadcrumb":{"@id":"https:\/\/eldigitaldeasturias.com\/magazine365\/javier-fernandez-se-estrena-en-turismo-tras-ser-delegado-de-la-junta-en-sevilla\/#breadcrumblist"},"author":{"@id":"https:\/\/eldigitaldeasturias.com\/magazine365\/author\/admin\/#author"},"creator":{"@id":"https:\/\/eldigitaldeasturias.com\/magazine365\/author\/admin\/#author"},"image":{"@type":"ImageObject","url":"https:\/\/eldigitaldeasturias.com\/magazine365\/wp-content\/uploads\/2015\/06\/fotonoticia_20150617192159_800.jpg","@id":"https:\/\/eldigitaldeasturias.com\/magazine365\/javier-fernandez-se-estrena-en-turismo-tras-ser-delegado-de-la-junta-en-sevilla\/#mainImage","width":800,"height":875},"primaryImageOfPage":{"@id":"https:\/\/eldigitaldeasturias.com\/magazine365\/javier-fernandez-se-estrena-en-turismo-tras-ser-delegado-de-la-junta-en-sevilla\/#mainImage"},"datePublished":"2015-06-18T09:26:13+02:00","dateModified":"2015-06-18T09:26:13+02:00"},{"@type":"WebSite","@id":"https:\/\/eldigitaldeasturias.com\/magazine365\/#website","url":"https:\/\/eldigitaldeasturias.com\/magazine365\/","name":"El Digital de Asturias","description":"Revista de ocio, turismo y estilo de vida","inLanguage":"es-ES","publisher":{"@id":"https:\/\/eldigitaldeasturias.com\/magazine365\/#organization"}}]},"og:locale":"es_ES","og:site_name":"El Digital de Asturias \u2013 Revista de ocio, turismo y estilo de vida","og:type":"article","og:title":"Javier Fern\u00e1ndez se estrena en Turismo tras ser delegado de la Junta en Sevilla | El Digital de Asturias","og:description":"Francisco Javier Fern\u00e1ndez Hern\u00e1ndez se estrena como consejero con las competencias de Turismo y Deporte tras ser delegado de la Junta en Sevilla. Nacido en Utrera en 1969 es licenciado en Geograf\u00eda e Historia por la Universidad de Sevilla, en la especialidad de An\u00e1lisis Geogr\u00e1fico Regional, y adem\u00e1s es experto en Alta Direcci\u00f3n de Instituciones","og:url":"https:\/\/eldigitaldeasturias.com\/magazine365\/javier-fernandez-se-estrena-en-turismo-tras-ser-delegado-de-la-junta-en-sevilla\/","og:image":"https:\/\/eldigitaldeasturias.com\/magazine365\/wp-content\/uploads\/2015\/06\/fotonoticia_20150617192159_800.jpg","og:image:secure_url":"https:\/\/eldigitaldeasturias.com\/magazine365\/wp-content\/uploads\/2015\/06\/fotonoticia_20150617192159_800.jpg","og:image:width":800,"og:image:height":875,"article:published_time":"2015-06-18T07:56:13+00:00","article:modified_time":"2015-06-18T07:56:13+00:00","twitter:card":"summary_large_image","twitter:title":"Javier Fern\u00e1ndez se estrena en Turismo tras ser delegado de la Junta en Sevilla | El Digital de Asturias","twitter:description":"Francisco Javier Fern\u00e1ndez Hern\u00e1ndez se estrena como consejero con las competencias de Turismo y Deporte tras ser delegado de la Junta en Sevilla. Nacido en Utrera en 1969 es licenciado en Geograf\u00eda e Historia por la Universidad de Sevilla, en la especialidad de An\u00e1lisis Geogr\u00e1fico Regional, y adem\u00e1s es experto en Alta Direcci\u00f3n de Instituciones","twitter:image":"https:\/\/eldigitaldeasturias.com\/magazine365\/wp-content\/uploads\/2015\/06\/fotonoticia_20150617192159_800.jpg"},"aioseo_meta_data":{"post_id":"40240","title":null,"description":null,"keywords":null,"keyphrases":null,"primary_term":null,"canonical_url":null,"og_title":null,"og_description":null,"og_object_type":"default","og_image_type":"default","og_image_url":null,"og_image_width":null,"og_image_height":null,"og_image_custom_url":null,"og_image_custom_fields":null,"og_video":null,"og_custom_url":null,"og_article_section":null,"og_article_tags":null,"twitter_use_og":false,"twitter_card":"default","twitter_image_type":"default","twitter_image_url":null,"twitter_image_custom_url":null,"twitter_image_custom_fields":null,"twitter_title":null,"twitter_description":null,"schema":{"blockGraphs":[],"customGraphs":[],"default":{"data":{"Article":[],"Course":[],"Dataset":[],"FAQPage":[],"Movie":[],"Person":[],"Product":[],"ProductReview":[],"Car":[],"Recipe":[],"Service":[],"SoftwareApplication":[],"WebPage":[]},"graphName":"","isEnabled":true},"graphs":[],"defaultGraph":"","defaultPostTypeGraph":""},"schema_type":null,"schema_type_options":null,"pillar_content":false,"robots_default":true,"robots_noindex":false,"robots_noarchive":false,"robots_nosnippet":false,"robots_nofollow":false,"robots_noimageindex":false,"robots_noodp":false,"robots_notranslate":false,"robots_max_snippet":null,"robots_max_videopreview":null,"robots_max_imagepreview":"large","priority":null,"frequency":null,"location":null,"local_seo":null,"seo_analyzer_scan_date":"2025-09-19 13:10:57","breadcrumb_settings":null,"limit_modified_date":false,"open_ai":null,"ai":null,"created":"2021-03-09 02:30:52","updated":"2025-09-19 13:10:57"},"aioseo_breadcrumb":"<div class=\"aioseo-breadcrumbs\"><span class=\"aioseo-breadcrumb\">\n\t<a href=\"https:\/\/eldigitaldeasturias.com\/magazine365\" title=\"Home\">Home<\/a>\n<\/span><span class=\"aioseo-breadcrumb-separator\">\u2013<\/span><span class=\"aioseo-breadcrumb\">\n\t<a href=\"https:\/\/eldigitaldeasturias.com\/magazine365\/category\/actualidad-turismo\/\" title=\"Actualidad Turismo\">Actualidad Turismo<\/a>\n<\/span><span class=\"aioseo-breadcrumb-separator\">\u2013<\/span><span class=\"aioseo-breadcrumb\">\n\t<a href=\"https:\/\/eldigitaldeasturias.com\/magazine365\/javier-fernandez-se-estrena-en-turismo-tras-ser-delegado-de-la-junta-en-sevilla\/\" title=\"Javier Fern\u00e1ndez se estrena en Turismo tras ser delegado de la Junta en Sevilla\">Javier Fern\u00e1ndez se estrena en Turismo tras ser delegado de la Junta en Sevilla<\/a>\n<\/span><\/div>","aioseo_breadcrumb_json":[{"label":"Home","link":"https:\/\/eldigitaldeasturias.com\/magazine365"},{"label":"Actualidad Turismo","link":"https:\/\/eldigitaldeasturias.com\/magazine365\/category\/actualidad-turismo\/"},{"label":"Javier Fern\u00e1ndez se estrena en Turismo tras ser delegado de la Junta en Sevilla","link":"https:\/\/eldigitaldeasturias.com\/magazine365\/javier-fernandez-se-estrena-en-turismo-tras-ser-delegado-de-la-junta-en-sevilla\/"}],"_links":{"self":[{"href":"https:\/\/eldigitaldeasturias.com\/magazine365\/wp-json\/wp\/v2\/posts\/40240","targetHints":{"allow":["GET"]}}],"collection":[{"href":"https:\/\/eldigitaldeasturias.com\/magazine365\/wp-json\/wp\/v2\/posts"}],"about":[{"href":"https:\/\/eldigitaldeasturias.com\/magazine365\/wp-json\/wp\/v2\/types\/post"}],"author":[{"embeddable":true,"href":"https:\/\/eldigitaldeasturias.com\/magazine365\/wp-json\/wp\/v2\/users\/1"}],"replies":[{"embeddable":true,"href":"https:\/\/eldigitaldeasturias.com\/magazine365\/wp-json\/wp\/v2\/comments?post=40240"}],"version-history":[{"count":0,"href":"https:\/\/eldigitaldeasturias.com\/magazine365\/wp-json\/wp\/v2\/posts\/40240\/revisions"}],"wp:featuredmedia":[{"embeddable":true,"href":"https:\/\/eldigitaldeasturias.com\/magazine365\/wp-json\/wp\/v2\/media\/40241"}],"wp:attachment":[{"href":"https:\/\/eldigitaldeasturias.com\/magazine365\/wp-json\/wp\/v2\/media?parent=40240"}],"wp:term":[{"taxonomy":"category","embeddable":true,"href":"https:\/\/eldigitaldeasturias.com\/magazine365\/wp-json\/wp\/v2\/categories?post=40240"},{"taxonomy":"post_tag","embeddable":true,"href":"https:\/\/eldigitaldeasturias.com\/magazine365\/wp-json\/wp\/v2\/tags?post=40240"}],"curies":[{"name":"wp","href":"https:\/\/api.w.org\/{rel}","templated":true}]}}