{"id":40225,"date":"2015-06-18T09:09:36","date_gmt":"2015-06-18T07:39:36","guid":{"rendered":"http:\/\/eldigitaldeasturias.com\/magazine365\/?p=40225"},"modified":"2015-06-18T09:09:36","modified_gmt":"2015-06-18T07:39:36","slug":"trabajadores-de-handling-de-ryanair-continuaran-con-la-huelga-en-barajas","status":"publish","type":"post","link":"https:\/\/eldigitaldeasturias.com\/magazine365\/trabajadores-de-handling-de-ryanair-continuaran-con-la-huelga-en-barajas\/","title":{"rendered":"Trabajadores de &#8216;handling&#8217; de Ryanair continuar\u00e1n con la huelga en Barajas"},"content":{"rendered":"<p><img fetchpriority=\"high\" decoding=\"async\" class=\"alignleft size-medium wp-image-40226\" src=\"https:\/\/eldigitaldeasturias.com\/magazine365\/wp-content\/uploads\/2015\/06\/fotonoticia_20150617181941_800-360x176.jpg\" alt=\"fotonoticia_20150617181941_800\" width=\"360\" height=\"176\" srcset=\"https:\/\/eldigitaldeasturias.com\/magazine365\/wp-content\/uploads\/2015\/06\/fotonoticia_20150617181941_800-360x176.jpg 360w, https:\/\/eldigitaldeasturias.com\/magazine365\/wp-content\/uploads\/2015\/06\/fotonoticia_20150617181941_800-650x319.jpg 650w, https:\/\/eldigitaldeasturias.com\/magazine365\/wp-content\/uploads\/2015\/06\/fotonoticia_20150617181941_800-768x376.jpg 768w, https:\/\/eldigitaldeasturias.com\/magazine365\/wp-content\/uploads\/2015\/06\/fotonoticia_20150617181941_800-150x74.jpg 150w, https:\/\/eldigitaldeasturias.com\/magazine365\/wp-content\/uploads\/2015\/06\/fotonoticia_20150617181941_800-450x221.jpg 450w, https:\/\/eldigitaldeasturias.com\/magazine365\/wp-content\/uploads\/2015\/06\/fotonoticia_20150617181941_800-533x261.jpg 533w, https:\/\/eldigitaldeasturias.com\/magazine365\/wp-content\/uploads\/2015\/06\/fotonoticia_20150617181941_800-696x341.jpg 696w, https:\/\/eldigitaldeasturias.com\/magazine365\/wp-content\/uploads\/2015\/06\/fotonoticia_20150617181941_800.jpg 800w\" sizes=\"(max-width: 360px) 100vw, 360px\" \/>Los trabajadores de asistencia en tierra &#8216;handling&#8217; de Ryanair han decidido continuar con la huelga indefinida, que iniciaron el pasado 30 de mayo, tras no llegar a \u00abning\u00fan acuerdo\u00bb en la reuni\u00f3n mantenida con la aerol\u00ednea el martes, seg\u00fan ha informado el comit\u00e9 de huelga a Europa Press.<\/p>\n<p>Seg\u00fan el comit\u00e9 de huelga, Ryanair plante\u00f3 en dicho encuentro que reducir\u00eda las frecuencias de vuelos e incluso amenaz\u00f3 con plantear un ERE \u00absi no acepta desconvocar la huelga\u00bb.<\/p>\n<p>\u00abLo \u00fanico que hubo fue m\u00e1s distanciamiento por parte de la empresa\u00bb, denuncia el comit\u00e9 de huelga, que asegura que la empresa no se pronunci\u00f3 sobre ninguna de las propuestas, lo que en su opini\u00f3n, supone \u00abuna muestra de desprecio\u00bb al respecto de las reuniones mantenidas hasta la fecha.<\/p>\n<p>Tras 19 d\u00edas de huelga, el comit\u00e9 de huelga, que lamenta las molestias causadas, advierte a los pasajeros de la aerol\u00ednea de los \u00abmuchos problemas\u00bb que pueden encontrarse en la facturaci\u00f3n de maletas desde el aeropuerto de Madrid-Barajas.<\/p>\n<p>La convocatoria de huelga indefinida, refrendada por la asamblea de trabajadores, a propuesta del comit\u00e9 de empresa, del que forman parte CTA, UGT, CCOO y CGT, responde a la intenci\u00f3n de Ryanair de recortar entre el 20% y el 30% el salario a los trabajadores. Tambi\u00e9n protestan por el incumplimiento de la normativa de subrogaci\u00f3n y la inaplicaci\u00f3n y desarrollo de la Ley de Prevenci\u00f3n de Riesgos Laborales, entre otros motivos.<\/p>\n<p>Los sindicatos alegan que, desde el comienzo de la huelga, aproximadamente 15 personas ajenas a la plantilla se encuentran prestando servicios en la base de Madrid<\/p>\n<p>OPERA SOLO CON EQUIPAJES DE MANO EN BARAJAS.<\/p>\n<p>El colectivo denuncia que, a d\u00eda de hoy, cuenta con un 70% de la plantilla sancionada, algunos de ellos con despidos y con sanciones de 60 d\u00edas de empleo y sueldo. \u00abResulta il\u00f3gico que al personal que est\u00e1 cumpliendo su periodo de sanci\u00f3n se les est\u00e9 enviando cartas de servicios m\u00ednimos\u00bb, se\u00f1alan.<\/p>\n<p>Ryanair ha pedido a aquellos pasajeros que viajen desde o hasta Madrid que lo hagan \u00fanicamente con equipaje de mano ante la huelga convocada por los operadores de &#8216;handling&#8217; de la compa\u00f1\u00eda que le impide facturar. La aerol\u00ednea asegura la huelga es \u00abilegal y que se \u00abest\u00e1 incumpliendo con los servicios m\u00ednimos fijados por el Ministerio de Fomento\u00bb.<\/p>\n<p>\u00abLa mayor parte del personal de tierra ha vuelto ya al trabajo, aunque actualmente estamos operando \u00fanicamente con equipajes de mano en los vuelos procedentes y con destino a Madrid, que operan de forma normal\u00bb, han afirmado fuentes de la &#8216;low cost&#8217; a Europa Press.<\/p>\n","protected":false},"excerpt":{"rendered":"<p>Los trabajadores de asistencia en tierra &#8216;handling&#8217; de Ryanair han decidido continuar con la huelga indefinida, que iniciaron el pasado 30 de mayo, tras no llegar a \u00abning\u00fan acuerdo\u00bb en la reuni\u00f3n mantenida con la aerol\u00ednea el martes, seg\u00fan ha informado el comit\u00e9 de huelga a Europa Press. Seg\u00fan el comit\u00e9 de huelga, Ryanair plante\u00f3<\/p>\n","protected":false},"author":1,"featured_media":40226,"comment_status":"open","ping_status":"closed","sticky":false,"template":"","format":"standard","meta":{"footnotes":""},"categories":[222],"tags":[],"class_list":{"0":"post-40225","1":"post","2":"type-post","3":"status-publish","4":"format-standard","5":"has-post-thumbnail","7":"category-actualidad-turismo"},"aioseo_notices":[],"aioseo_head":"\n\t\t<!-- All in One SEO Pro 4.9.6.1 - aioseo.com -->\n\t<meta name=\"description\" content=\"Los trabajadores de asistencia en tierra &#039;handling&#039; de Ryanair han decidido continuar con la huelga indefinida, que iniciaron el pasado 30 de mayo, tras no llegar a &quot;ning\u00fan acuerdo&quot; en la reuni\u00f3n mantenida con la aerol\u00ednea el martes, seg\u00fan ha informado el comit\u00e9 de huelga a Europa Press. Seg\u00fan el comit\u00e9 de huelga, Ryanair plante\u00f3\" \/>\n\t<meta name=\"robots\" content=\"max-image-preview:large\" \/>\n\t<meta name=\"author\" content=\"admin\"\/>\n\t<meta name=\"google-site-verification\" content=\"UA-38556648-1\" \/>\n\t<meta name=\"keywords\" content=\"actualidad turismo\" \/>\n\t<link rel=\"canonical\" href=\"https:\/\/eldigitaldeasturias.com\/magazine365\/trabajadores-de-handling-de-ryanair-continuaran-con-la-huelga-en-barajas\/\" \/>\n\t<meta name=\"generator\" content=\"All in One SEO Pro (AIOSEO) 4.9.6.1\" \/>\n\t\t<meta property=\"og:locale\" content=\"es_ES\" \/>\n\t\t<meta property=\"og:site_name\" content=\"El Digital de Asturias \u2013 Revista de ocio, turismo y estilo de vida\" \/>\n\t\t<meta property=\"og:type\" content=\"article\" \/>\n\t\t<meta property=\"og:title\" content=\"Trabajadores de \u2018handling\u2019 de Ryanair continuar\u00e1n con la huelga en Barajas | El Digital de Asturias\" \/>\n\t\t<meta property=\"og:description\" content=\"Los trabajadores de asistencia en tierra &#039;handling&#039; de Ryanair han decidido continuar con la huelga indefinida, que iniciaron el pasado 30 de mayo, tras no llegar a &quot;ning\u00fan acuerdo&quot; en la reuni\u00f3n mantenida con la aerol\u00ednea el martes, seg\u00fan ha informado el comit\u00e9 de huelga a Europa Press. Seg\u00fan el comit\u00e9 de huelga, Ryanair plante\u00f3\" \/>\n\t\t<meta property=\"og:url\" content=\"https:\/\/eldigitaldeasturias.com\/magazine365\/trabajadores-de-handling-de-ryanair-continuaran-con-la-huelga-en-barajas\/\" \/>\n\t\t<meta property=\"og:image\" content=\"https:\/\/eldigitaldeasturias.com\/magazine365\/wp-content\/uploads\/2015\/06\/fotonoticia_20150617181941_800.jpg\" \/>\n\t\t<meta property=\"og:image:secure_url\" content=\"https:\/\/eldigitaldeasturias.com\/magazine365\/wp-content\/uploads\/2015\/06\/fotonoticia_20150617181941_800.jpg\" \/>\n\t\t<meta property=\"og:image:width\" content=\"800\" \/>\n\t\t<meta property=\"og:image:height\" content=\"392\" \/>\n\t\t<meta property=\"article:published_time\" content=\"2015-06-18T07:39:36+00:00\" \/>\n\t\t<meta property=\"article:modified_time\" content=\"2015-06-18T07:39:36+00:00\" \/>\n\t\t<meta name=\"twitter:card\" content=\"summary_large_image\" \/>\n\t\t<meta name=\"twitter:title\" content=\"Trabajadores de \u2018handling\u2019 de Ryanair continuar\u00e1n con la huelga en Barajas | El Digital de Asturias\" \/>\n\t\t<meta name=\"twitter:description\" content=\"Los trabajadores de asistencia en tierra &#039;handling&#039; de Ryanair han decidido continuar con la huelga indefinida, que iniciaron el pasado 30 de mayo, tras no llegar a &quot;ning\u00fan acuerdo&quot; en la reuni\u00f3n mantenida con la aerol\u00ednea el martes, seg\u00fan ha informado el comit\u00e9 de huelga a Europa Press. Seg\u00fan el comit\u00e9 de huelga, Ryanair plante\u00f3\" \/>\n\t\t<meta name=\"twitter:image\" content=\"https:\/\/eldigitaldeasturias.com\/magazine365\/wp-content\/uploads\/2015\/06\/fotonoticia_20150617181941_800.jpg\" \/>\n\t\t<script type=\"application\/ld+json\" class=\"aioseo-schema\">\n\t\t\t{\"@context\":\"https:\\\/\\\/schema.org\",\"@graph\":[{\"@type\":\"Article\",\"@id\":\"https:\\\/\\\/eldigitaldeasturias.com\\\/magazine365\\\/trabajadores-de-handling-de-ryanair-continuaran-con-la-huelga-en-barajas\\\/#article\",\"name\":\"Trabajadores de \\u2018handling\\u2019 de Ryanair continuar\\u00e1n con la huelga en Barajas | El Digital de Asturias\",\"headline\":\"Trabajadores de &#8216;handling&#8217; de Ryanair continuar\\u00e1n con la huelga en Barajas\",\"author\":{\"@id\":\"https:\\\/\\\/eldigitaldeasturias.com\\\/magazine365\\\/author\\\/admin\\\/#author\"},\"publisher\":{\"@id\":\"https:\\\/\\\/eldigitaldeasturias.com\\\/magazine365\\\/#organization\"},\"image\":{\"@type\":\"ImageObject\",\"url\":\"https:\\\/\\\/eldigitaldeasturias.com\\\/magazine365\\\/wp-content\\\/uploads\\\/2015\\\/06\\\/fotonoticia_20150617181941_800.jpg\",\"width\":800,\"height\":392},\"datePublished\":\"2015-06-18T09:09:36+02:00\",\"dateModified\":\"2015-06-18T09:09:36+02:00\",\"inLanguage\":\"es-ES\",\"mainEntityOfPage\":{\"@id\":\"https:\\\/\\\/eldigitaldeasturias.com\\\/magazine365\\\/trabajadores-de-handling-de-ryanair-continuaran-con-la-huelga-en-barajas\\\/#webpage\"},\"isPartOf\":{\"@id\":\"https:\\\/\\\/eldigitaldeasturias.com\\\/magazine365\\\/trabajadores-de-handling-de-ryanair-continuaran-con-la-huelga-en-barajas\\\/#webpage\"},\"articleSection\":\"Actualidad Turismo\"},{\"@type\":\"BreadcrumbList\",\"@id\":\"https:\\\/\\\/eldigitaldeasturias.com\\\/magazine365\\\/trabajadores-de-handling-de-ryanair-continuaran-con-la-huelga-en-barajas\\\/#breadcrumblist\",\"itemListElement\":[{\"@type\":\"ListItem\",\"@id\":\"https:\\\/\\\/eldigitaldeasturias.com\\\/magazine365#listItem\",\"position\":1,\"name\":\"Home\",\"item\":\"https:\\\/\\\/eldigitaldeasturias.com\\\/magazine365\",\"nextItem\":{\"@type\":\"ListItem\",\"@id\":\"https:\\\/\\\/eldigitaldeasturias.com\\\/magazine365\\\/category\\\/actualidad-turismo\\\/#listItem\",\"name\":\"Actualidad Turismo\"}},{\"@type\":\"ListItem\",\"@id\":\"https:\\\/\\\/eldigitaldeasturias.com\\\/magazine365\\\/category\\\/actualidad-turismo\\\/#listItem\",\"position\":2,\"name\":\"Actualidad Turismo\",\"item\":\"https:\\\/\\\/eldigitaldeasturias.com\\\/magazine365\\\/category\\\/actualidad-turismo\\\/\",\"nextItem\":{\"@type\":\"ListItem\",\"@id\":\"https:\\\/\\\/eldigitaldeasturias.com\\\/magazine365\\\/trabajadores-de-handling-de-ryanair-continuaran-con-la-huelga-en-barajas\\\/#listItem\",\"name\":\"Trabajadores de &#8216;handling&#8217; de Ryanair continuar\\u00e1n con la huelga en Barajas\"},\"previousItem\":{\"@type\":\"ListItem\",\"@id\":\"https:\\\/\\\/eldigitaldeasturias.com\\\/magazine365#listItem\",\"name\":\"Home\"}},{\"@type\":\"ListItem\",\"@id\":\"https:\\\/\\\/eldigitaldeasturias.com\\\/magazine365\\\/trabajadores-de-handling-de-ryanair-continuaran-con-la-huelga-en-barajas\\\/#listItem\",\"position\":3,\"name\":\"Trabajadores de &#8216;handling&#8217; de Ryanair continuar\\u00e1n con la huelga en Barajas\",\"previousItem\":{\"@type\":\"ListItem\",\"@id\":\"https:\\\/\\\/eldigitaldeasturias.com\\\/magazine365\\\/category\\\/actualidad-turismo\\\/#listItem\",\"name\":\"Actualidad Turismo\"}}]},{\"@type\":\"Organization\",\"@id\":\"https:\\\/\\\/eldigitaldeasturias.com\\\/magazine365\\\/#organization\",\"name\":\"El digital de Asturias\",\"description\":\"Revista de ocio, turismo y estilo de vida\",\"url\":\"https:\\\/\\\/eldigitaldeasturias.com\\\/magazine365\\\/\",\"logo\":{\"@type\":\"ImageObject\",\"url\":\"https:\\\/\\\/www.eldigitaldeasturias.com\\\/noticias\\\/wp-content\\\/uploads\\\/2020\\\/12\\\/EDA.jpg\",\"@id\":\"https:\\\/\\\/eldigitaldeasturias.com\\\/magazine365\\\/trabajadores-de-handling-de-ryanair-continuaran-con-la-huelga-en-barajas\\\/#organizationLogo\"},\"image\":{\"@id\":\"https:\\\/\\\/eldigitaldeasturias.com\\\/magazine365\\\/trabajadores-de-handling-de-ryanair-continuaran-con-la-huelga-en-barajas\\\/#organizationLogo\"}},{\"@type\":\"Person\",\"@id\":\"https:\\\/\\\/eldigitaldeasturias.com\\\/magazine365\\\/author\\\/admin\\\/#author\",\"url\":\"https:\\\/\\\/eldigitaldeasturias.com\\\/magazine365\\\/author\\\/admin\\\/\",\"name\":\"admin\",\"image\":{\"@type\":\"ImageObject\",\"@id\":\"https:\\\/\\\/eldigitaldeasturias.com\\\/magazine365\\\/trabajadores-de-handling-de-ryanair-continuaran-con-la-huelga-en-barajas\\\/#authorImage\",\"url\":\"https:\\\/\\\/eldigitaldeasturias.com\\\/magazine365\\\/wp-content\\\/litespeed\\\/avatar\\\/e571bcf59a0edd6fa6838245a470f2fe.jpg?ver=1776969259\",\"width\":96,\"height\":96,\"caption\":\"admin\"}},{\"@type\":\"WebPage\",\"@id\":\"https:\\\/\\\/eldigitaldeasturias.com\\\/magazine365\\\/trabajadores-de-handling-de-ryanair-continuaran-con-la-huelga-en-barajas\\\/#webpage\",\"url\":\"https:\\\/\\\/eldigitaldeasturias.com\\\/magazine365\\\/trabajadores-de-handling-de-ryanair-continuaran-con-la-huelga-en-barajas\\\/\",\"name\":\"Trabajadores de \\u2018handling\\u2019 de Ryanair continuar\\u00e1n con la huelga en Barajas | El Digital de Asturias\",\"description\":\"Los trabajadores de asistencia en tierra 'handling' de Ryanair han decidido continuar con la huelga indefinida, que iniciaron el pasado 30 de mayo, tras no llegar a \\\"ning\\u00fan acuerdo\\\" en la reuni\\u00f3n mantenida con la aerol\\u00ednea el martes, seg\\u00fan ha informado el comit\\u00e9 de huelga a Europa Press. Seg\\u00fan el comit\\u00e9 de huelga, Ryanair plante\\u00f3\",\"inLanguage\":\"es-ES\",\"isPartOf\":{\"@id\":\"https:\\\/\\\/eldigitaldeasturias.com\\\/magazine365\\\/#website\"},\"breadcrumb\":{\"@id\":\"https:\\\/\\\/eldigitaldeasturias.com\\\/magazine365\\\/trabajadores-de-handling-de-ryanair-continuaran-con-la-huelga-en-barajas\\\/#breadcrumblist\"},\"author\":{\"@id\":\"https:\\\/\\\/eldigitaldeasturias.com\\\/magazine365\\\/author\\\/admin\\\/#author\"},\"creator\":{\"@id\":\"https:\\\/\\\/eldigitaldeasturias.com\\\/magazine365\\\/author\\\/admin\\\/#author\"},\"image\":{\"@type\":\"ImageObject\",\"url\":\"https:\\\/\\\/eldigitaldeasturias.com\\\/magazine365\\\/wp-content\\\/uploads\\\/2015\\\/06\\\/fotonoticia_20150617181941_800.jpg\",\"@id\":\"https:\\\/\\\/eldigitaldeasturias.com\\\/magazine365\\\/trabajadores-de-handling-de-ryanair-continuaran-con-la-huelga-en-barajas\\\/#mainImage\",\"width\":800,\"height\":392},\"primaryImageOfPage\":{\"@id\":\"https:\\\/\\\/eldigitaldeasturias.com\\\/magazine365\\\/trabajadores-de-handling-de-ryanair-continuaran-con-la-huelga-en-barajas\\\/#mainImage\"},\"datePublished\":\"2015-06-18T09:09:36+02:00\",\"dateModified\":\"2015-06-18T09:09:36+02:00\"},{\"@type\":\"WebSite\",\"@id\":\"https:\\\/\\\/eldigitaldeasturias.com\\\/magazine365\\\/#website\",\"url\":\"https:\\\/\\\/eldigitaldeasturias.com\\\/magazine365\\\/\",\"name\":\"El Digital de Asturias\",\"description\":\"Revista de ocio, turismo y estilo de vida\",\"inLanguage\":\"es-ES\",\"publisher\":{\"@id\":\"https:\\\/\\\/eldigitaldeasturias.com\\\/magazine365\\\/#organization\"}}]}\n\t\t<\/script>\n\t\t<!-- All in One SEO Pro -->\r\n\t\t<title>Trabajadores de \u2018handling\u2019 de Ryanair continuar\u00e1n con la huelga en Barajas | El Digital de Asturias<\/title>\n\n","aioseo_head_json":{"title":"Trabajadores de \u2018handling\u2019 de Ryanair continuar\u00e1n con la huelga en Barajas | El Digital de Asturias","description":"Los trabajadores de asistencia en tierra 'handling' de Ryanair han decidido continuar con la huelga indefinida, que iniciaron el pasado 30 de mayo, tras no llegar a \"ning\u00fan acuerdo\" en la reuni\u00f3n mantenida con la aerol\u00ednea el martes, seg\u00fan ha informado el comit\u00e9 de huelga a Europa Press. Seg\u00fan el comit\u00e9 de huelga, Ryanair plante\u00f3","canonical_url":"https:\/\/eldigitaldeasturias.com\/magazine365\/trabajadores-de-handling-de-ryanair-continuaran-con-la-huelga-en-barajas\/","robots":"max-image-preview:large","keywords":"actualidad turismo","webmasterTools":{"google-site-verification":"UA-38556648-1","miscellaneous":""},"schema":{"@context":"https:\/\/schema.org","@graph":[{"@type":"Article","@id":"https:\/\/eldigitaldeasturias.com\/magazine365\/trabajadores-de-handling-de-ryanair-continuaran-con-la-huelga-en-barajas\/#article","name":"Trabajadores de \u2018handling\u2019 de Ryanair continuar\u00e1n con la huelga en Barajas | El Digital de Asturias","headline":"Trabajadores de &#8216;handling&#8217; de Ryanair continuar\u00e1n con la huelga en Barajas","author":{"@id":"https:\/\/eldigitaldeasturias.com\/magazine365\/author\/admin\/#author"},"publisher":{"@id":"https:\/\/eldigitaldeasturias.com\/magazine365\/#organization"},"image":{"@type":"ImageObject","url":"https:\/\/eldigitaldeasturias.com\/magazine365\/wp-content\/uploads\/2015\/06\/fotonoticia_20150617181941_800.jpg","width":800,"height":392},"datePublished":"2015-06-18T09:09:36+02:00","dateModified":"2015-06-18T09:09:36+02:00","inLanguage":"es-ES","mainEntityOfPage":{"@id":"https:\/\/eldigitaldeasturias.com\/magazine365\/trabajadores-de-handling-de-ryanair-continuaran-con-la-huelga-en-barajas\/#webpage"},"isPartOf":{"@id":"https:\/\/eldigitaldeasturias.com\/magazine365\/trabajadores-de-handling-de-ryanair-continuaran-con-la-huelga-en-barajas\/#webpage"},"articleSection":"Actualidad Turismo"},{"@type":"BreadcrumbList","@id":"https:\/\/eldigitaldeasturias.com\/magazine365\/trabajadores-de-handling-de-ryanair-continuaran-con-la-huelga-en-barajas\/#breadcrumblist","itemListElement":[{"@type":"ListItem","@id":"https:\/\/eldigitaldeasturias.com\/magazine365#listItem","position":1,"name":"Home","item":"https:\/\/eldigitaldeasturias.com\/magazine365","nextItem":{"@type":"ListItem","@id":"https:\/\/eldigitaldeasturias.com\/magazine365\/category\/actualidad-turismo\/#listItem","name":"Actualidad Turismo"}},{"@type":"ListItem","@id":"https:\/\/eldigitaldeasturias.com\/magazine365\/category\/actualidad-turismo\/#listItem","position":2,"name":"Actualidad Turismo","item":"https:\/\/eldigitaldeasturias.com\/magazine365\/category\/actualidad-turismo\/","nextItem":{"@type":"ListItem","@id":"https:\/\/eldigitaldeasturias.com\/magazine365\/trabajadores-de-handling-de-ryanair-continuaran-con-la-huelga-en-barajas\/#listItem","name":"Trabajadores de &#8216;handling&#8217; de Ryanair continuar\u00e1n con la huelga en Barajas"},"previousItem":{"@type":"ListItem","@id":"https:\/\/eldigitaldeasturias.com\/magazine365#listItem","name":"Home"}},{"@type":"ListItem","@id":"https:\/\/eldigitaldeasturias.com\/magazine365\/trabajadores-de-handling-de-ryanair-continuaran-con-la-huelga-en-barajas\/#listItem","position":3,"name":"Trabajadores de &#8216;handling&#8217; de Ryanair continuar\u00e1n con la huelga en Barajas","previousItem":{"@type":"ListItem","@id":"https:\/\/eldigitaldeasturias.com\/magazine365\/category\/actualidad-turismo\/#listItem","name":"Actualidad Turismo"}}]},{"@type":"Organization","@id":"https:\/\/eldigitaldeasturias.com\/magazine365\/#organization","name":"El digital de Asturias","description":"Revista de ocio, turismo y estilo de vida","url":"https:\/\/eldigitaldeasturias.com\/magazine365\/","logo":{"@type":"ImageObject","url":"https:\/\/www.eldigitaldeasturias.com\/noticias\/wp-content\/uploads\/2020\/12\/EDA.jpg","@id":"https:\/\/eldigitaldeasturias.com\/magazine365\/trabajadores-de-handling-de-ryanair-continuaran-con-la-huelga-en-barajas\/#organizationLogo"},"image":{"@id":"https:\/\/eldigitaldeasturias.com\/magazine365\/trabajadores-de-handling-de-ryanair-continuaran-con-la-huelga-en-barajas\/#organizationLogo"}},{"@type":"Person","@id":"https:\/\/eldigitaldeasturias.com\/magazine365\/author\/admin\/#author","url":"https:\/\/eldigitaldeasturias.com\/magazine365\/author\/admin\/","name":"admin","image":{"@type":"ImageObject","@id":"https:\/\/eldigitaldeasturias.com\/magazine365\/trabajadores-de-handling-de-ryanair-continuaran-con-la-huelga-en-barajas\/#authorImage","url":"https:\/\/eldigitaldeasturias.com\/magazine365\/wp-content\/litespeed\/avatar\/e571bcf59a0edd6fa6838245a470f2fe.jpg?ver=1776969259","width":96,"height":96,"caption":"admin"}},{"@type":"WebPage","@id":"https:\/\/eldigitaldeasturias.com\/magazine365\/trabajadores-de-handling-de-ryanair-continuaran-con-la-huelga-en-barajas\/#webpage","url":"https:\/\/eldigitaldeasturias.com\/magazine365\/trabajadores-de-handling-de-ryanair-continuaran-con-la-huelga-en-barajas\/","name":"Trabajadores de \u2018handling\u2019 de Ryanair continuar\u00e1n con la huelga en Barajas | El Digital de Asturias","description":"Los trabajadores de asistencia en tierra 'handling' de Ryanair han decidido continuar con la huelga indefinida, que iniciaron el pasado 30 de mayo, tras no llegar a \"ning\u00fan acuerdo\" en la reuni\u00f3n mantenida con la aerol\u00ednea el martes, seg\u00fan ha informado el comit\u00e9 de huelga a Europa Press. Seg\u00fan el comit\u00e9 de huelga, Ryanair plante\u00f3","inLanguage":"es-ES","isPartOf":{"@id":"https:\/\/eldigitaldeasturias.com\/magazine365\/#website"},"breadcrumb":{"@id":"https:\/\/eldigitaldeasturias.com\/magazine365\/trabajadores-de-handling-de-ryanair-continuaran-con-la-huelga-en-barajas\/#breadcrumblist"},"author":{"@id":"https:\/\/eldigitaldeasturias.com\/magazine365\/author\/admin\/#author"},"creator":{"@id":"https:\/\/eldigitaldeasturias.com\/magazine365\/author\/admin\/#author"},"image":{"@type":"ImageObject","url":"https:\/\/eldigitaldeasturias.com\/magazine365\/wp-content\/uploads\/2015\/06\/fotonoticia_20150617181941_800.jpg","@id":"https:\/\/eldigitaldeasturias.com\/magazine365\/trabajadores-de-handling-de-ryanair-continuaran-con-la-huelga-en-barajas\/#mainImage","width":800,"height":392},"primaryImageOfPage":{"@id":"https:\/\/eldigitaldeasturias.com\/magazine365\/trabajadores-de-handling-de-ryanair-continuaran-con-la-huelga-en-barajas\/#mainImage"},"datePublished":"2015-06-18T09:09:36+02:00","dateModified":"2015-06-18T09:09:36+02:00"},{"@type":"WebSite","@id":"https:\/\/eldigitaldeasturias.com\/magazine365\/#website","url":"https:\/\/eldigitaldeasturias.com\/magazine365\/","name":"El Digital de Asturias","description":"Revista de ocio, turismo y estilo de vida","inLanguage":"es-ES","publisher":{"@id":"https:\/\/eldigitaldeasturias.com\/magazine365\/#organization"}}]},"og:locale":"es_ES","og:site_name":"El Digital de Asturias \u2013 Revista de ocio, turismo y estilo de vida","og:type":"article","og:title":"Trabajadores de \u2018handling\u2019 de Ryanair continuar\u00e1n con la huelga en Barajas | El Digital de Asturias","og:description":"Los trabajadores de asistencia en tierra 'handling' de Ryanair han decidido continuar con la huelga indefinida, que iniciaron el pasado 30 de mayo, tras no llegar a &quot;ning\u00fan acuerdo&quot; en la reuni\u00f3n mantenida con la aerol\u00ednea el martes, seg\u00fan ha informado el comit\u00e9 de huelga a Europa Press. Seg\u00fan el comit\u00e9 de huelga, Ryanair plante\u00f3","og:url":"https:\/\/eldigitaldeasturias.com\/magazine365\/trabajadores-de-handling-de-ryanair-continuaran-con-la-huelga-en-barajas\/","og:image":"https:\/\/eldigitaldeasturias.com\/magazine365\/wp-content\/uploads\/2015\/06\/fotonoticia_20150617181941_800.jpg","og:image:secure_url":"https:\/\/eldigitaldeasturias.com\/magazine365\/wp-content\/uploads\/2015\/06\/fotonoticia_20150617181941_800.jpg","og:image:width":800,"og:image:height":392,"article:published_time":"2015-06-18T07:39:36+00:00","article:modified_time":"2015-06-18T07:39:36+00:00","twitter:card":"summary_large_image","twitter:title":"Trabajadores de \u2018handling\u2019 de Ryanair continuar\u00e1n con la huelga en Barajas | El Digital de Asturias","twitter:description":"Los trabajadores de asistencia en tierra 'handling' de Ryanair han decidido continuar con la huelga indefinida, que iniciaron el pasado 30 de mayo, tras no llegar a &quot;ning\u00fan acuerdo&quot; en la reuni\u00f3n mantenida con la aerol\u00ednea el martes, seg\u00fan ha informado el comit\u00e9 de huelga a Europa Press. Seg\u00fan el comit\u00e9 de huelga, Ryanair plante\u00f3","twitter:image":"https:\/\/eldigitaldeasturias.com\/magazine365\/wp-content\/uploads\/2015\/06\/fotonoticia_20150617181941_800.jpg"},"aioseo_meta_data":{"post_id":"40225","title":null,"description":null,"keywords":null,"keyphrases":null,"primary_term":null,"canonical_url":null,"og_title":null,"og_description":null,"og_object_type":"default","og_image_type":"default","og_image_url":null,"og_image_width":null,"og_image_height":null,"og_image_custom_url":null,"og_image_custom_fields":null,"og_video":null,"og_custom_url":null,"og_article_section":null,"og_article_tags":null,"twitter_use_og":false,"twitter_card":"default","twitter_image_type":"default","twitter_image_url":null,"twitter_image_custom_url":null,"twitter_image_custom_fields":null,"twitter_title":null,"twitter_description":null,"schema":{"blockGraphs":[],"customGraphs":[],"default":{"data":{"Article":[],"Course":[],"Dataset":[],"FAQPage":[],"Movie":[],"Person":[],"Product":[],"ProductReview":[],"Car":[],"Recipe":[],"Service":[],"SoftwareApplication":[],"WebPage":[]},"graphName":"","isEnabled":true},"graphs":[],"defaultGraph":"","defaultPostTypeGraph":""},"schema_type":null,"schema_type_options":null,"pillar_content":false,"robots_default":true,"robots_noindex":false,"robots_noarchive":false,"robots_nosnippet":false,"robots_nofollow":false,"robots_noimageindex":false,"robots_noodp":false,"robots_notranslate":false,"robots_max_snippet":null,"robots_max_videopreview":null,"robots_max_imagepreview":"large","priority":null,"frequency":null,"location":null,"local_seo":null,"seo_analyzer_scan_date":"2025-09-19 13:09:40","breadcrumb_settings":null,"limit_modified_date":false,"open_ai":null,"ai":null,"created":"2021-03-09 02:31:42","updated":"2025-09-19 13:09:40"},"aioseo_breadcrumb":"<div class=\"aioseo-breadcrumbs\"><span class=\"aioseo-breadcrumb\">\n\t<a href=\"https:\/\/eldigitaldeasturias.com\/magazine365\" title=\"Home\">Home<\/a>\n<\/span><span class=\"aioseo-breadcrumb-separator\">\u2013<\/span><span class=\"aioseo-breadcrumb\">\n\t<a href=\"https:\/\/eldigitaldeasturias.com\/magazine365\/category\/actualidad-turismo\/\" title=\"Actualidad Turismo\">Actualidad Turismo<\/a>\n<\/span><span class=\"aioseo-breadcrumb-separator\">\u2013<\/span><span class=\"aioseo-breadcrumb\">\n\t<a href=\"https:\/\/eldigitaldeasturias.com\/magazine365\/trabajadores-de-handling-de-ryanair-continuaran-con-la-huelga-en-barajas\/\" title=\"Trabajadores de \u2018handling\u2019 de Ryanair continuar\u00e1n con la huelga en Barajas\">Trabajadores de \u2018handling\u2019 de Ryanair continuar\u00e1n con la huelga en Barajas<\/a>\n<\/span><\/div>","aioseo_breadcrumb_json":[{"label":"Home","link":"https:\/\/eldigitaldeasturias.com\/magazine365"},{"label":"Actualidad Turismo","link":"https:\/\/eldigitaldeasturias.com\/magazine365\/category\/actualidad-turismo\/"},{"label":"Trabajadores de &#8216;handling&#8217; de Ryanair continuar\u00e1n con la huelga en Barajas","link":"https:\/\/eldigitaldeasturias.com\/magazine365\/trabajadores-de-handling-de-ryanair-continuaran-con-la-huelga-en-barajas\/"}],"_links":{"self":[{"href":"https:\/\/eldigitaldeasturias.com\/magazine365\/wp-json\/wp\/v2\/posts\/40225","targetHints":{"allow":["GET"]}}],"collection":[{"href":"https:\/\/eldigitaldeasturias.com\/magazine365\/wp-json\/wp\/v2\/posts"}],"about":[{"href":"https:\/\/eldigitaldeasturias.com\/magazine365\/wp-json\/wp\/v2\/types\/post"}],"author":[{"embeddable":true,"href":"https:\/\/eldigitaldeasturias.com\/magazine365\/wp-json\/wp\/v2\/users\/1"}],"replies":[{"embeddable":true,"href":"https:\/\/eldigitaldeasturias.com\/magazine365\/wp-json\/wp\/v2\/comments?post=40225"}],"version-history":[{"count":0,"href":"https:\/\/eldigitaldeasturias.com\/magazine365\/wp-json\/wp\/v2\/posts\/40225\/revisions"}],"wp:featuredmedia":[{"embeddable":true,"href":"https:\/\/eldigitaldeasturias.com\/magazine365\/wp-json\/wp\/v2\/media\/40226"}],"wp:attachment":[{"href":"https:\/\/eldigitaldeasturias.com\/magazine365\/wp-json\/wp\/v2\/media?parent=40225"}],"wp:term":[{"taxonomy":"category","embeddable":true,"href":"https:\/\/eldigitaldeasturias.com\/magazine365\/wp-json\/wp\/v2\/categories?post=40225"},{"taxonomy":"post_tag","embeddable":true,"href":"https:\/\/eldigitaldeasturias.com\/magazine365\/wp-json\/wp\/v2\/tags?post=40225"}],"curies":[{"name":"wp","href":"https:\/\/api.w.org\/{rel}","templated":true}]}}