{"id":40210,"date":"2015-06-18T08:36:37","date_gmt":"2015-06-18T07:06:37","guid":{"rendered":"http:\/\/eldigitaldeasturias.com\/magazine365\/?p=40210"},"modified":"2015-06-18T08:36:37","modified_gmt":"2015-06-18T07:06:37","slug":"hertz-ride-se-asocia-con-touratech-espana","status":"publish","type":"post","link":"https:\/\/eldigitaldeasturias.com\/magazine365\/hertz-ride-se-asocia-con-touratech-espana\/","title":{"rendered":"Hertz Ride se asocia con Touratech Espa\u00f1a"},"content":{"rendered":"<p><img fetchpriority=\"high\" decoding=\"async\" class=\"alignleft size-medium wp-image-40211\" src=\"https:\/\/eldigitaldeasturias.com\/magazine365\/wp-content\/uploads\/2015\/06\/fotonoticia_20150617170809_800-324x300.jpg\" alt=\"fotonoticia_20150617170809_800\" width=\"324\" height=\"300\" srcset=\"https:\/\/eldigitaldeasturias.com\/magazine365\/wp-content\/uploads\/2015\/06\/fotonoticia_20150617170809_800-324x300.jpg 324w, https:\/\/eldigitaldeasturias.com\/magazine365\/wp-content\/uploads\/2015\/06\/fotonoticia_20150617170809_800-650x601.jpg 650w, https:\/\/eldigitaldeasturias.com\/magazine365\/wp-content\/uploads\/2015\/06\/fotonoticia_20150617170809_800-768x710.jpg 768w, https:\/\/eldigitaldeasturias.com\/magazine365\/wp-content\/uploads\/2015\/06\/fotonoticia_20150617170809_800-150x139.jpg 150w, https:\/\/eldigitaldeasturias.com\/magazine365\/wp-content\/uploads\/2015\/06\/fotonoticia_20150617170809_800-450x416.jpg 450w, https:\/\/eldigitaldeasturias.com\/magazine365\/wp-content\/uploads\/2015\/06\/fotonoticia_20150617170809_800-696x644.jpg 696w, https:\/\/eldigitaldeasturias.com\/magazine365\/wp-content\/uploads\/2015\/06\/fotonoticia_20150617170809_800-454x420.jpg 454w, https:\/\/eldigitaldeasturias.com\/magazine365\/wp-content\/uploads\/2015\/06\/fotonoticia_20150617170809_800.jpg 800w\" sizes=\"(max-width: 324px) 100vw, 324px\" \/>El servicio de alquiler de motocicletas Hertz Ride se ha asociado con la marca dedicada al segmento de la aventura en moto y accesorios para motocicleta Touratech Espa\u00f1a para reforzar su presencia ib\u00e9rica, seg\u00fan ha informado la compa\u00f1\u00eda de alquiler de veh\u00edculos Hertz en un comunicado.<\/p>\n<p>En concreto, la colaboraci\u00f3n entre ambas compa\u00f1\u00edas tiene como objetivo ofrecer soluciones combinando el conocimiento y la experiencia de Touratech en lo referente a viajes de aventura y placer, con la calidad y confort de la flota Hertz.<\/p>\n<p>Adem\u00e1s, el servicio de alquiler de motocicletas, que entr\u00f3 en el mercado de alquiler de motocicletas y moto-tours en Espa\u00f1a a principios de este a\u00f1o, ha lanzado su web.<\/p>\n<p>Hertz Ride permite que sus clientes elijan entre una amplia selecci\u00f3n de tours, no solo en la Pen\u00ednsula Ib\u00e9rica sino tambi\u00e9n en destinos como los Alpes, Marruecos o Italia.<\/p>\n<p>La servicio de alquiler de motocicletas, que tambi\u00e9n es socio de BMW Motorrad y el mayor operador de alquiler de motos BMW en Portugal, tambi\u00e9n pone a disposici\u00f3n de los clientes interesantes moto-tours dise\u00f1ados para que los amantes de las motocicletas descubran las mejores rutas del pa\u00eds luso.<\/p>\n","protected":false},"excerpt":{"rendered":"<p>El servicio de alquiler de motocicletas Hertz Ride se ha asociado con la marca dedicada al segmento de la aventura en moto y accesorios para motocicleta Touratech Espa\u00f1a para reforzar su presencia ib\u00e9rica, seg\u00fan ha informado la compa\u00f1\u00eda de alquiler de veh\u00edculos Hertz en un comunicado. En concreto, la colaboraci\u00f3n entre ambas compa\u00f1\u00edas tiene como<\/p>\n","protected":false},"author":1,"featured_media":40211,"comment_status":"open","ping_status":"closed","sticky":false,"template":"","format":"standard","meta":{"footnotes":""},"categories":[222],"tags":[],"class_list":{"0":"post-40210","1":"post","2":"type-post","3":"status-publish","4":"format-standard","5":"has-post-thumbnail","7":"category-actualidad-turismo"},"aioseo_notices":[],"aioseo_head":"\n\t\t<!-- All in One SEO Pro 4.9.6.1 - aioseo.com -->\n\t<meta name=\"description\" content=\"El servicio de alquiler de motocicletas Hertz Ride se ha asociado con la marca dedicada al segmento de la aventura en moto y accesorios para motocicleta Touratech Espa\u00f1a para reforzar su presencia ib\u00e9rica, seg\u00fan ha informado la compa\u00f1\u00eda de alquiler de veh\u00edculos Hertz en un comunicado. En concreto, la colaboraci\u00f3n entre ambas compa\u00f1\u00edas tiene como\" \/>\n\t<meta name=\"robots\" content=\"max-image-preview:large\" \/>\n\t<meta name=\"author\" content=\"admin\"\/>\n\t<meta name=\"google-site-verification\" content=\"UA-38556648-1\" \/>\n\t<meta name=\"keywords\" content=\"actualidad turismo\" \/>\n\t<link rel=\"canonical\" href=\"https:\/\/eldigitaldeasturias.com\/magazine365\/hertz-ride-se-asocia-con-touratech-espana\/\" \/>\n\t<meta name=\"generator\" content=\"All in One SEO Pro (AIOSEO) 4.9.6.1\" \/>\n\t\t<meta property=\"og:locale\" content=\"es_ES\" \/>\n\t\t<meta property=\"og:site_name\" content=\"El Digital de Asturias \u2013 Revista de ocio, turismo y estilo de vida\" \/>\n\t\t<meta property=\"og:type\" content=\"article\" \/>\n\t\t<meta property=\"og:title\" content=\"Hertz Ride se asocia con Touratech Espa\u00f1a | El Digital de Asturias\" \/>\n\t\t<meta property=\"og:description\" content=\"El servicio de alquiler de motocicletas Hertz Ride se ha asociado con la marca dedicada al segmento de la aventura en moto y accesorios para motocicleta Touratech Espa\u00f1a para reforzar su presencia ib\u00e9rica, seg\u00fan ha informado la compa\u00f1\u00eda de alquiler de veh\u00edculos Hertz en un comunicado. En concreto, la colaboraci\u00f3n entre ambas compa\u00f1\u00edas tiene como\" \/>\n\t\t<meta property=\"og:url\" content=\"https:\/\/eldigitaldeasturias.com\/magazine365\/hertz-ride-se-asocia-con-touratech-espana\/\" \/>\n\t\t<meta property=\"og:image\" content=\"https:\/\/eldigitaldeasturias.com\/magazine365\/wp-content\/uploads\/2015\/06\/fotonoticia_20150617170809_800.jpg\" \/>\n\t\t<meta property=\"og:image:secure_url\" content=\"https:\/\/eldigitaldeasturias.com\/magazine365\/wp-content\/uploads\/2015\/06\/fotonoticia_20150617170809_800.jpg\" \/>\n\t\t<meta property=\"og:image:width\" content=\"800\" \/>\n\t\t<meta property=\"og:image:height\" content=\"740\" \/>\n\t\t<meta property=\"article:published_time\" content=\"2015-06-18T07:06:37+00:00\" \/>\n\t\t<meta property=\"article:modified_time\" content=\"2015-06-18T07:06:37+00:00\" \/>\n\t\t<meta name=\"twitter:card\" content=\"summary_large_image\" \/>\n\t\t<meta name=\"twitter:title\" content=\"Hertz Ride se asocia con Touratech Espa\u00f1a | El Digital de Asturias\" \/>\n\t\t<meta name=\"twitter:description\" content=\"El servicio de alquiler de motocicletas Hertz Ride se ha asociado con la marca dedicada al segmento de la aventura en moto y accesorios para motocicleta Touratech Espa\u00f1a para reforzar su presencia ib\u00e9rica, seg\u00fan ha informado la compa\u00f1\u00eda de alquiler de veh\u00edculos Hertz en un comunicado. En concreto, la colaboraci\u00f3n entre ambas compa\u00f1\u00edas tiene como\" \/>\n\t\t<meta name=\"twitter:image\" content=\"https:\/\/eldigitaldeasturias.com\/magazine365\/wp-content\/uploads\/2015\/06\/fotonoticia_20150617170809_800.jpg\" \/>\n\t\t<script type=\"application\/ld+json\" class=\"aioseo-schema\">\n\t\t\t{\"@context\":\"https:\\\/\\\/schema.org\",\"@graph\":[{\"@type\":\"Article\",\"@id\":\"https:\\\/\\\/eldigitaldeasturias.com\\\/magazine365\\\/hertz-ride-se-asocia-con-touratech-espana\\\/#article\",\"name\":\"Hertz Ride se asocia con Touratech Espa\\u00f1a | El Digital de Asturias\",\"headline\":\"Hertz Ride se asocia con Touratech Espa\\u00f1a\",\"author\":{\"@id\":\"https:\\\/\\\/eldigitaldeasturias.com\\\/magazine365\\\/author\\\/admin\\\/#author\"},\"publisher\":{\"@id\":\"https:\\\/\\\/eldigitaldeasturias.com\\\/magazine365\\\/#organization\"},\"image\":{\"@type\":\"ImageObject\",\"url\":\"https:\\\/\\\/eldigitaldeasturias.com\\\/magazine365\\\/wp-content\\\/uploads\\\/2015\\\/06\\\/fotonoticia_20150617170809_800.jpg\",\"width\":800,\"height\":740},\"datePublished\":\"2015-06-18T08:36:37+02:00\",\"dateModified\":\"2015-06-18T08:36:37+02:00\",\"inLanguage\":\"es-ES\",\"mainEntityOfPage\":{\"@id\":\"https:\\\/\\\/eldigitaldeasturias.com\\\/magazine365\\\/hertz-ride-se-asocia-con-touratech-espana\\\/#webpage\"},\"isPartOf\":{\"@id\":\"https:\\\/\\\/eldigitaldeasturias.com\\\/magazine365\\\/hertz-ride-se-asocia-con-touratech-espana\\\/#webpage\"},\"articleSection\":\"Actualidad Turismo\"},{\"@type\":\"BreadcrumbList\",\"@id\":\"https:\\\/\\\/eldigitaldeasturias.com\\\/magazine365\\\/hertz-ride-se-asocia-con-touratech-espana\\\/#breadcrumblist\",\"itemListElement\":[{\"@type\":\"ListItem\",\"@id\":\"https:\\\/\\\/eldigitaldeasturias.com\\\/magazine365#listItem\",\"position\":1,\"name\":\"Home\",\"item\":\"https:\\\/\\\/eldigitaldeasturias.com\\\/magazine365\",\"nextItem\":{\"@type\":\"ListItem\",\"@id\":\"https:\\\/\\\/eldigitaldeasturias.com\\\/magazine365\\\/category\\\/actualidad-turismo\\\/#listItem\",\"name\":\"Actualidad Turismo\"}},{\"@type\":\"ListItem\",\"@id\":\"https:\\\/\\\/eldigitaldeasturias.com\\\/magazine365\\\/category\\\/actualidad-turismo\\\/#listItem\",\"position\":2,\"name\":\"Actualidad Turismo\",\"item\":\"https:\\\/\\\/eldigitaldeasturias.com\\\/magazine365\\\/category\\\/actualidad-turismo\\\/\",\"nextItem\":{\"@type\":\"ListItem\",\"@id\":\"https:\\\/\\\/eldigitaldeasturias.com\\\/magazine365\\\/hertz-ride-se-asocia-con-touratech-espana\\\/#listItem\",\"name\":\"Hertz Ride se asocia con Touratech Espa\\u00f1a\"},\"previousItem\":{\"@type\":\"ListItem\",\"@id\":\"https:\\\/\\\/eldigitaldeasturias.com\\\/magazine365#listItem\",\"name\":\"Home\"}},{\"@type\":\"ListItem\",\"@id\":\"https:\\\/\\\/eldigitaldeasturias.com\\\/magazine365\\\/hertz-ride-se-asocia-con-touratech-espana\\\/#listItem\",\"position\":3,\"name\":\"Hertz Ride se asocia con Touratech Espa\\u00f1a\",\"previousItem\":{\"@type\":\"ListItem\",\"@id\":\"https:\\\/\\\/eldigitaldeasturias.com\\\/magazine365\\\/category\\\/actualidad-turismo\\\/#listItem\",\"name\":\"Actualidad Turismo\"}}]},{\"@type\":\"Organization\",\"@id\":\"https:\\\/\\\/eldigitaldeasturias.com\\\/magazine365\\\/#organization\",\"name\":\"El digital de Asturias\",\"description\":\"Revista de ocio, turismo y estilo de vida\",\"url\":\"https:\\\/\\\/eldigitaldeasturias.com\\\/magazine365\\\/\",\"logo\":{\"@type\":\"ImageObject\",\"url\":\"https:\\\/\\\/www.eldigitaldeasturias.com\\\/noticias\\\/wp-content\\\/uploads\\\/2020\\\/12\\\/EDA.jpg\",\"@id\":\"https:\\\/\\\/eldigitaldeasturias.com\\\/magazine365\\\/hertz-ride-se-asocia-con-touratech-espana\\\/#organizationLogo\"},\"image\":{\"@id\":\"https:\\\/\\\/eldigitaldeasturias.com\\\/magazine365\\\/hertz-ride-se-asocia-con-touratech-espana\\\/#organizationLogo\"}},{\"@type\":\"Person\",\"@id\":\"https:\\\/\\\/eldigitaldeasturias.com\\\/magazine365\\\/author\\\/admin\\\/#author\",\"url\":\"https:\\\/\\\/eldigitaldeasturias.com\\\/magazine365\\\/author\\\/admin\\\/\",\"name\":\"admin\",\"image\":{\"@type\":\"ImageObject\",\"@id\":\"https:\\\/\\\/eldigitaldeasturias.com\\\/magazine365\\\/hertz-ride-se-asocia-con-touratech-espana\\\/#authorImage\",\"url\":\"https:\\\/\\\/eldigitaldeasturias.com\\\/magazine365\\\/wp-content\\\/litespeed\\\/avatar\\\/e571bcf59a0edd6fa6838245a470f2fe.jpg?ver=1776969259\",\"width\":96,\"height\":96,\"caption\":\"admin\"}},{\"@type\":\"WebPage\",\"@id\":\"https:\\\/\\\/eldigitaldeasturias.com\\\/magazine365\\\/hertz-ride-se-asocia-con-touratech-espana\\\/#webpage\",\"url\":\"https:\\\/\\\/eldigitaldeasturias.com\\\/magazine365\\\/hertz-ride-se-asocia-con-touratech-espana\\\/\",\"name\":\"Hertz Ride se asocia con Touratech Espa\\u00f1a | El Digital de Asturias\",\"description\":\"El servicio de alquiler de motocicletas Hertz Ride se ha asociado con la marca dedicada al segmento de la aventura en moto y accesorios para motocicleta Touratech Espa\\u00f1a para reforzar su presencia ib\\u00e9rica, seg\\u00fan ha informado la compa\\u00f1\\u00eda de alquiler de veh\\u00edculos Hertz en un comunicado. En concreto, la colaboraci\\u00f3n entre ambas compa\\u00f1\\u00edas tiene como\",\"inLanguage\":\"es-ES\",\"isPartOf\":{\"@id\":\"https:\\\/\\\/eldigitaldeasturias.com\\\/magazine365\\\/#website\"},\"breadcrumb\":{\"@id\":\"https:\\\/\\\/eldigitaldeasturias.com\\\/magazine365\\\/hertz-ride-se-asocia-con-touratech-espana\\\/#breadcrumblist\"},\"author\":{\"@id\":\"https:\\\/\\\/eldigitaldeasturias.com\\\/magazine365\\\/author\\\/admin\\\/#author\"},\"creator\":{\"@id\":\"https:\\\/\\\/eldigitaldeasturias.com\\\/magazine365\\\/author\\\/admin\\\/#author\"},\"image\":{\"@type\":\"ImageObject\",\"url\":\"https:\\\/\\\/eldigitaldeasturias.com\\\/magazine365\\\/wp-content\\\/uploads\\\/2015\\\/06\\\/fotonoticia_20150617170809_800.jpg\",\"@id\":\"https:\\\/\\\/eldigitaldeasturias.com\\\/magazine365\\\/hertz-ride-se-asocia-con-touratech-espana\\\/#mainImage\",\"width\":800,\"height\":740},\"primaryImageOfPage\":{\"@id\":\"https:\\\/\\\/eldigitaldeasturias.com\\\/magazine365\\\/hertz-ride-se-asocia-con-touratech-espana\\\/#mainImage\"},\"datePublished\":\"2015-06-18T08:36:37+02:00\",\"dateModified\":\"2015-06-18T08:36:37+02:00\"},{\"@type\":\"WebSite\",\"@id\":\"https:\\\/\\\/eldigitaldeasturias.com\\\/magazine365\\\/#website\",\"url\":\"https:\\\/\\\/eldigitaldeasturias.com\\\/magazine365\\\/\",\"name\":\"El Digital de Asturias\",\"description\":\"Revista de ocio, turismo y estilo de vida\",\"inLanguage\":\"es-ES\",\"publisher\":{\"@id\":\"https:\\\/\\\/eldigitaldeasturias.com\\\/magazine365\\\/#organization\"}}]}\n\t\t<\/script>\n\t\t<!-- All in One SEO Pro -->\r\n\t\t<title>Hertz Ride se asocia con Touratech Espa\u00f1a | El Digital de Asturias<\/title>\n\n","aioseo_head_json":{"title":"Hertz Ride se asocia con Touratech Espa\u00f1a | El Digital de Asturias","description":"El servicio de alquiler de motocicletas Hertz Ride se ha asociado con la marca dedicada al segmento de la aventura en moto y accesorios para motocicleta Touratech Espa\u00f1a para reforzar su presencia ib\u00e9rica, seg\u00fan ha informado la compa\u00f1\u00eda de alquiler de veh\u00edculos Hertz en un comunicado. En concreto, la colaboraci\u00f3n entre ambas compa\u00f1\u00edas tiene como","canonical_url":"https:\/\/eldigitaldeasturias.com\/magazine365\/hertz-ride-se-asocia-con-touratech-espana\/","robots":"max-image-preview:large","keywords":"actualidad turismo","webmasterTools":{"google-site-verification":"UA-38556648-1","miscellaneous":""},"schema":{"@context":"https:\/\/schema.org","@graph":[{"@type":"Article","@id":"https:\/\/eldigitaldeasturias.com\/magazine365\/hertz-ride-se-asocia-con-touratech-espana\/#article","name":"Hertz Ride se asocia con Touratech Espa\u00f1a | El Digital de Asturias","headline":"Hertz Ride se asocia con Touratech Espa\u00f1a","author":{"@id":"https:\/\/eldigitaldeasturias.com\/magazine365\/author\/admin\/#author"},"publisher":{"@id":"https:\/\/eldigitaldeasturias.com\/magazine365\/#organization"},"image":{"@type":"ImageObject","url":"https:\/\/eldigitaldeasturias.com\/magazine365\/wp-content\/uploads\/2015\/06\/fotonoticia_20150617170809_800.jpg","width":800,"height":740},"datePublished":"2015-06-18T08:36:37+02:00","dateModified":"2015-06-18T08:36:37+02:00","inLanguage":"es-ES","mainEntityOfPage":{"@id":"https:\/\/eldigitaldeasturias.com\/magazine365\/hertz-ride-se-asocia-con-touratech-espana\/#webpage"},"isPartOf":{"@id":"https:\/\/eldigitaldeasturias.com\/magazine365\/hertz-ride-se-asocia-con-touratech-espana\/#webpage"},"articleSection":"Actualidad Turismo"},{"@type":"BreadcrumbList","@id":"https:\/\/eldigitaldeasturias.com\/magazine365\/hertz-ride-se-asocia-con-touratech-espana\/#breadcrumblist","itemListElement":[{"@type":"ListItem","@id":"https:\/\/eldigitaldeasturias.com\/magazine365#listItem","position":1,"name":"Home","item":"https:\/\/eldigitaldeasturias.com\/magazine365","nextItem":{"@type":"ListItem","@id":"https:\/\/eldigitaldeasturias.com\/magazine365\/category\/actualidad-turismo\/#listItem","name":"Actualidad Turismo"}},{"@type":"ListItem","@id":"https:\/\/eldigitaldeasturias.com\/magazine365\/category\/actualidad-turismo\/#listItem","position":2,"name":"Actualidad Turismo","item":"https:\/\/eldigitaldeasturias.com\/magazine365\/category\/actualidad-turismo\/","nextItem":{"@type":"ListItem","@id":"https:\/\/eldigitaldeasturias.com\/magazine365\/hertz-ride-se-asocia-con-touratech-espana\/#listItem","name":"Hertz Ride se asocia con Touratech Espa\u00f1a"},"previousItem":{"@type":"ListItem","@id":"https:\/\/eldigitaldeasturias.com\/magazine365#listItem","name":"Home"}},{"@type":"ListItem","@id":"https:\/\/eldigitaldeasturias.com\/magazine365\/hertz-ride-se-asocia-con-touratech-espana\/#listItem","position":3,"name":"Hertz Ride se asocia con Touratech Espa\u00f1a","previousItem":{"@type":"ListItem","@id":"https:\/\/eldigitaldeasturias.com\/magazine365\/category\/actualidad-turismo\/#listItem","name":"Actualidad Turismo"}}]},{"@type":"Organization","@id":"https:\/\/eldigitaldeasturias.com\/magazine365\/#organization","name":"El digital de Asturias","description":"Revista de ocio, turismo y estilo de vida","url":"https:\/\/eldigitaldeasturias.com\/magazine365\/","logo":{"@type":"ImageObject","url":"https:\/\/www.eldigitaldeasturias.com\/noticias\/wp-content\/uploads\/2020\/12\/EDA.jpg","@id":"https:\/\/eldigitaldeasturias.com\/magazine365\/hertz-ride-se-asocia-con-touratech-espana\/#organizationLogo"},"image":{"@id":"https:\/\/eldigitaldeasturias.com\/magazine365\/hertz-ride-se-asocia-con-touratech-espana\/#organizationLogo"}},{"@type":"Person","@id":"https:\/\/eldigitaldeasturias.com\/magazine365\/author\/admin\/#author","url":"https:\/\/eldigitaldeasturias.com\/magazine365\/author\/admin\/","name":"admin","image":{"@type":"ImageObject","@id":"https:\/\/eldigitaldeasturias.com\/magazine365\/hertz-ride-se-asocia-con-touratech-espana\/#authorImage","url":"https:\/\/eldigitaldeasturias.com\/magazine365\/wp-content\/litespeed\/avatar\/e571bcf59a0edd6fa6838245a470f2fe.jpg?ver=1776969259","width":96,"height":96,"caption":"admin"}},{"@type":"WebPage","@id":"https:\/\/eldigitaldeasturias.com\/magazine365\/hertz-ride-se-asocia-con-touratech-espana\/#webpage","url":"https:\/\/eldigitaldeasturias.com\/magazine365\/hertz-ride-se-asocia-con-touratech-espana\/","name":"Hertz Ride se asocia con Touratech Espa\u00f1a | El Digital de Asturias","description":"El servicio de alquiler de motocicletas Hertz Ride se ha asociado con la marca dedicada al segmento de la aventura en moto y accesorios para motocicleta Touratech Espa\u00f1a para reforzar su presencia ib\u00e9rica, seg\u00fan ha informado la compa\u00f1\u00eda de alquiler de veh\u00edculos Hertz en un comunicado. En concreto, la colaboraci\u00f3n entre ambas compa\u00f1\u00edas tiene como","inLanguage":"es-ES","isPartOf":{"@id":"https:\/\/eldigitaldeasturias.com\/magazine365\/#website"},"breadcrumb":{"@id":"https:\/\/eldigitaldeasturias.com\/magazine365\/hertz-ride-se-asocia-con-touratech-espana\/#breadcrumblist"},"author":{"@id":"https:\/\/eldigitaldeasturias.com\/magazine365\/author\/admin\/#author"},"creator":{"@id":"https:\/\/eldigitaldeasturias.com\/magazine365\/author\/admin\/#author"},"image":{"@type":"ImageObject","url":"https:\/\/eldigitaldeasturias.com\/magazine365\/wp-content\/uploads\/2015\/06\/fotonoticia_20150617170809_800.jpg","@id":"https:\/\/eldigitaldeasturias.com\/magazine365\/hertz-ride-se-asocia-con-touratech-espana\/#mainImage","width":800,"height":740},"primaryImageOfPage":{"@id":"https:\/\/eldigitaldeasturias.com\/magazine365\/hertz-ride-se-asocia-con-touratech-espana\/#mainImage"},"datePublished":"2015-06-18T08:36:37+02:00","dateModified":"2015-06-18T08:36:37+02:00"},{"@type":"WebSite","@id":"https:\/\/eldigitaldeasturias.com\/magazine365\/#website","url":"https:\/\/eldigitaldeasturias.com\/magazine365\/","name":"El Digital de Asturias","description":"Revista de ocio, turismo y estilo de vida","inLanguage":"es-ES","publisher":{"@id":"https:\/\/eldigitaldeasturias.com\/magazine365\/#organization"}}]},"og:locale":"es_ES","og:site_name":"El Digital de Asturias \u2013 Revista de ocio, turismo y estilo de vida","og:type":"article","og:title":"Hertz Ride se asocia con Touratech Espa\u00f1a | El Digital de Asturias","og:description":"El servicio de alquiler de motocicletas Hertz Ride se ha asociado con la marca dedicada al segmento de la aventura en moto y accesorios para motocicleta Touratech Espa\u00f1a para reforzar su presencia ib\u00e9rica, seg\u00fan ha informado la compa\u00f1\u00eda de alquiler de veh\u00edculos Hertz en un comunicado. En concreto, la colaboraci\u00f3n entre ambas compa\u00f1\u00edas tiene como","og:url":"https:\/\/eldigitaldeasturias.com\/magazine365\/hertz-ride-se-asocia-con-touratech-espana\/","og:image":"https:\/\/eldigitaldeasturias.com\/magazine365\/wp-content\/uploads\/2015\/06\/fotonoticia_20150617170809_800.jpg","og:image:secure_url":"https:\/\/eldigitaldeasturias.com\/magazine365\/wp-content\/uploads\/2015\/06\/fotonoticia_20150617170809_800.jpg","og:image:width":800,"og:image:height":740,"article:published_time":"2015-06-18T07:06:37+00:00","article:modified_time":"2015-06-18T07:06:37+00:00","twitter:card":"summary_large_image","twitter:title":"Hertz Ride se asocia con Touratech Espa\u00f1a | El Digital de Asturias","twitter:description":"El servicio de alquiler de motocicletas Hertz Ride se ha asociado con la marca dedicada al segmento de la aventura en moto y accesorios para motocicleta Touratech Espa\u00f1a para reforzar su presencia ib\u00e9rica, seg\u00fan ha informado la compa\u00f1\u00eda de alquiler de veh\u00edculos Hertz en un comunicado. En concreto, la colaboraci\u00f3n entre ambas compa\u00f1\u00edas tiene como","twitter:image":"https:\/\/eldigitaldeasturias.com\/magazine365\/wp-content\/uploads\/2015\/06\/fotonoticia_20150617170809_800.jpg"},"aioseo_meta_data":{"post_id":"40210","title":null,"description":null,"keywords":null,"keyphrases":null,"primary_term":null,"canonical_url":null,"og_title":null,"og_description":null,"og_object_type":"default","og_image_type":"default","og_image_url":null,"og_image_width":null,"og_image_height":null,"og_image_custom_url":null,"og_image_custom_fields":null,"og_video":null,"og_custom_url":null,"og_article_section":null,"og_article_tags":null,"twitter_use_og":false,"twitter_card":"default","twitter_image_type":"default","twitter_image_url":null,"twitter_image_custom_url":null,"twitter_image_custom_fields":null,"twitter_title":null,"twitter_description":null,"schema":{"blockGraphs":[],"customGraphs":[],"default":{"data":{"Article":[],"Course":[],"Dataset":[],"FAQPage":[],"Movie":[],"Person":[],"Product":[],"ProductReview":[],"Car":[],"Recipe":[],"Service":[],"SoftwareApplication":[],"WebPage":[]},"graphName":"","isEnabled":true},"graphs":[]},"schema_type":null,"schema_type_options":null,"pillar_content":false,"robots_default":true,"robots_noindex":false,"robots_noarchive":false,"robots_nosnippet":false,"robots_nofollow":false,"robots_noimageindex":false,"robots_noodp":false,"robots_notranslate":false,"robots_max_snippet":null,"robots_max_videopreview":null,"robots_max_imagepreview":"large","priority":null,"frequency":null,"location":null,"local_seo":null,"seo_analyzer_scan_date":"2025-09-19 13:08:06","breadcrumb_settings":null,"limit_modified_date":false,"open_ai":null,"ai":null,"created":"2021-03-09 02:31:42","updated":"2025-09-19 13:08:06"},"aioseo_breadcrumb":"<div class=\"aioseo-breadcrumbs\"><span class=\"aioseo-breadcrumb\">\n\t<a href=\"https:\/\/eldigitaldeasturias.com\/magazine365\" title=\"Home\">Home<\/a>\n<\/span><span class=\"aioseo-breadcrumb-separator\">\u2013<\/span><span class=\"aioseo-breadcrumb\">\n\t<a href=\"https:\/\/eldigitaldeasturias.com\/magazine365\/category\/actualidad-turismo\/\" title=\"Actualidad Turismo\">Actualidad Turismo<\/a>\n<\/span><span class=\"aioseo-breadcrumb-separator\">\u2013<\/span><span class=\"aioseo-breadcrumb\">\n\t<a href=\"https:\/\/eldigitaldeasturias.com\/magazine365\/hertz-ride-se-asocia-con-touratech-espana\/\" title=\"Hertz Ride se asocia con Touratech Espa\u00f1a\">Hertz Ride se asocia con Touratech Espa\u00f1a<\/a>\n<\/span><\/div>","aioseo_breadcrumb_json":[{"label":"Home","link":"https:\/\/eldigitaldeasturias.com\/magazine365"},{"label":"Actualidad Turismo","link":"https:\/\/eldigitaldeasturias.com\/magazine365\/category\/actualidad-turismo\/"},{"label":"Hertz Ride se asocia con Touratech Espa\u00f1a","link":"https:\/\/eldigitaldeasturias.com\/magazine365\/hertz-ride-se-asocia-con-touratech-espana\/"}],"_links":{"self":[{"href":"https:\/\/eldigitaldeasturias.com\/magazine365\/wp-json\/wp\/v2\/posts\/40210","targetHints":{"allow":["GET"]}}],"collection":[{"href":"https:\/\/eldigitaldeasturias.com\/magazine365\/wp-json\/wp\/v2\/posts"}],"about":[{"href":"https:\/\/eldigitaldeasturias.com\/magazine365\/wp-json\/wp\/v2\/types\/post"}],"author":[{"embeddable":true,"href":"https:\/\/eldigitaldeasturias.com\/magazine365\/wp-json\/wp\/v2\/users\/1"}],"replies":[{"embeddable":true,"href":"https:\/\/eldigitaldeasturias.com\/magazine365\/wp-json\/wp\/v2\/comments?post=40210"}],"version-history":[{"count":0,"href":"https:\/\/eldigitaldeasturias.com\/magazine365\/wp-json\/wp\/v2\/posts\/40210\/revisions"}],"wp:featuredmedia":[{"embeddable":true,"href":"https:\/\/eldigitaldeasturias.com\/magazine365\/wp-json\/wp\/v2\/media\/40211"}],"wp:attachment":[{"href":"https:\/\/eldigitaldeasturias.com\/magazine365\/wp-json\/wp\/v2\/media?parent=40210"}],"wp:term":[{"taxonomy":"category","embeddable":true,"href":"https:\/\/eldigitaldeasturias.com\/magazine365\/wp-json\/wp\/v2\/categories?post=40210"},{"taxonomy":"post_tag","embeddable":true,"href":"https:\/\/eldigitaldeasturias.com\/magazine365\/wp-json\/wp\/v2\/tags?post=40210"}],"curies":[{"name":"wp","href":"https:\/\/api.w.org\/{rel}","templated":true}]}}