{"id":40204,"date":"2015-06-18T08:32:58","date_gmt":"2015-06-18T07:02:58","guid":{"rendered":"http:\/\/eldigitaldeasturias.com\/magazine365\/?p=40204"},"modified":"2015-06-18T08:32:58","modified_gmt":"2015-06-18T07:02:58","slug":"amovens-incluye-el-alquiler-de-coches-en-su-plataforma","status":"publish","type":"post","link":"https:\/\/eldigitaldeasturias.com\/magazine365\/amovens-incluye-el-alquiler-de-coches-en-su-plataforma\/","title":{"rendered":"Amovens incluye el alquiler de coches en su plataforma"},"content":{"rendered":"<p><img fetchpriority=\"high\" decoding=\"async\" class=\"alignleft size-medium wp-image-40205\" src=\"https:\/\/eldigitaldeasturias.com\/magazine365\/wp-content\/uploads\/2015\/06\/fotonoticia_20150617160245_800-360x248.jpg\" alt=\"fotonoticia_20150617160245_800\" width=\"360\" height=\"248\" srcset=\"https:\/\/eldigitaldeasturias.com\/magazine365\/wp-content\/uploads\/2015\/06\/fotonoticia_20150617160245_800-360x248.jpg 360w, https:\/\/eldigitaldeasturias.com\/magazine365\/wp-content\/uploads\/2015\/06\/fotonoticia_20150617160245_800-650x448.jpg 650w, https:\/\/eldigitaldeasturias.com\/magazine365\/wp-content\/uploads\/2015\/06\/fotonoticia_20150617160245_800-768x529.jpg 768w, https:\/\/eldigitaldeasturias.com\/magazine365\/wp-content\/uploads\/2015\/06\/fotonoticia_20150617160245_800-150x103.jpg 150w, https:\/\/eldigitaldeasturias.com\/magazine365\/wp-content\/uploads\/2015\/06\/fotonoticia_20150617160245_800-450x310.jpg 450w, https:\/\/eldigitaldeasturias.com\/magazine365\/wp-content\/uploads\/2015\/06\/fotonoticia_20150617160245_800-100x70.jpg 100w, https:\/\/eldigitaldeasturias.com\/magazine365\/wp-content\/uploads\/2015\/06\/fotonoticia_20150617160245_800-218x150.jpg 218w, https:\/\/eldigitaldeasturias.com\/magazine365\/wp-content\/uploads\/2015\/06\/fotonoticia_20150617160245_800-696x479.jpg 696w, https:\/\/eldigitaldeasturias.com\/magazine365\/wp-content\/uploads\/2015\/06\/fotonoticia_20150617160245_800-610x420.jpg 610w, https:\/\/eldigitaldeasturias.com\/magazine365\/wp-content\/uploads\/2015\/06\/fotonoticia_20150617160245_800.jpg 800w\" sizes=\"(max-width: 360px) 100vw, 360px\" \/>Amovens ha anunciado este mi\u00e9rcoles la inclusi\u00f3n del alquiler de coches en su plataforma de contacto digital entre propietarios de veh\u00edculos y viajeros, y estima que los usuarios podr\u00e1n ganar hasta 3.000 euros al a\u00f1o si se decantan por esta opci\u00f3n.<\/p>\n<p>La p\u00e1gina web especializada en coches compartidos, apuesta ahora por ampliar sus opciones permitiendo que los propietarios pongan a disposici\u00f3n de quien lo necesite su coche en desuso o durante las vacaciones.<\/p>\n<p>As\u00ed, los \u00fanicos requisitos son indicar las caracter\u00edsticas del veh\u00edculo, la disponibilidad, el precio por hora, d\u00eda o semana y su oferta ser\u00e1 incluida a las m\u00e1s de cien que ya se dan a conocer v\u00eda &#8216;online&#8217;.<\/p>\n<p>Amovens aporta un seguro especializado a todo riesgo que sustituye al del propietario durante el alquiler, as\u00ed como asistencia en carretera.<\/p>\n<p>La web ha dado servicio a m\u00e1s de 300.000 usuarios en Espa\u00f1a que compartieron coche y pretende as\u00ed optimizar el uso del coche en todo tipo de situaciones.<\/p>\n","protected":false},"excerpt":{"rendered":"<p>Amovens ha anunciado este mi\u00e9rcoles la inclusi\u00f3n del alquiler de coches en su plataforma de contacto digital entre propietarios de veh\u00edculos y viajeros, y estima que los usuarios podr\u00e1n ganar hasta 3.000 euros al a\u00f1o si se decantan por esta opci\u00f3n. La p\u00e1gina web especializada en coches compartidos, apuesta ahora por ampliar sus opciones permitiendo<\/p>\n","protected":false},"author":1,"featured_media":40205,"comment_status":"open","ping_status":"closed","sticky":false,"template":"","format":"standard","meta":{"footnotes":""},"categories":[222],"tags":[],"class_list":{"0":"post-40204","1":"post","2":"type-post","3":"status-publish","4":"format-standard","5":"has-post-thumbnail","7":"category-actualidad-turismo"},"aioseo_notices":[],"aioseo_head":"\n\t\t<!-- All in One SEO Pro 4.9.6.1 - aioseo.com -->\n\t<meta name=\"description\" content=\"Amovens ha anunciado este mi\u00e9rcoles la inclusi\u00f3n del alquiler de coches en su plataforma de contacto digital entre propietarios de veh\u00edculos y viajeros, y estima que los usuarios podr\u00e1n ganar hasta 3.000 euros al a\u00f1o si se decantan por esta opci\u00f3n. La p\u00e1gina web especializada en coches compartidos, apuesta ahora por ampliar sus opciones permitiendo\" \/>\n\t<meta name=\"robots\" content=\"max-image-preview:large\" \/>\n\t<meta name=\"author\" content=\"admin\"\/>\n\t<meta name=\"google-site-verification\" content=\"UA-38556648-1\" \/>\n\t<meta name=\"keywords\" content=\"actualidad turismo\" \/>\n\t<link rel=\"canonical\" href=\"https:\/\/eldigitaldeasturias.com\/magazine365\/amovens-incluye-el-alquiler-de-coches-en-su-plataforma\/\" \/>\n\t<meta name=\"generator\" content=\"All in One SEO Pro (AIOSEO) 4.9.6.1\" \/>\n\t\t<meta property=\"og:locale\" content=\"es_ES\" \/>\n\t\t<meta property=\"og:site_name\" content=\"El Digital de Asturias \u2013 Revista de ocio, turismo y estilo de vida\" \/>\n\t\t<meta property=\"og:type\" content=\"article\" \/>\n\t\t<meta property=\"og:title\" content=\"Amovens incluye el alquiler de coches en su plataforma | El Digital de Asturias\" \/>\n\t\t<meta property=\"og:description\" content=\"Amovens ha anunciado este mi\u00e9rcoles la inclusi\u00f3n del alquiler de coches en su plataforma de contacto digital entre propietarios de veh\u00edculos y viajeros, y estima que los usuarios podr\u00e1n ganar hasta 3.000 euros al a\u00f1o si se decantan por esta opci\u00f3n. La p\u00e1gina web especializada en coches compartidos, apuesta ahora por ampliar sus opciones permitiendo\" \/>\n\t\t<meta property=\"og:url\" content=\"https:\/\/eldigitaldeasturias.com\/magazine365\/amovens-incluye-el-alquiler-de-coches-en-su-plataforma\/\" \/>\n\t\t<meta property=\"og:image\" content=\"https:\/\/eldigitaldeasturias.com\/magazine365\/wp-content\/uploads\/2015\/06\/fotonoticia_20150617160245_800.jpg\" \/>\n\t\t<meta property=\"og:image:secure_url\" content=\"https:\/\/eldigitaldeasturias.com\/magazine365\/wp-content\/uploads\/2015\/06\/fotonoticia_20150617160245_800.jpg\" \/>\n\t\t<meta property=\"og:image:width\" content=\"800\" \/>\n\t\t<meta property=\"og:image:height\" content=\"551\" \/>\n\t\t<meta property=\"article:published_time\" content=\"2015-06-18T07:02:58+00:00\" \/>\n\t\t<meta property=\"article:modified_time\" content=\"2015-06-18T07:02:58+00:00\" \/>\n\t\t<meta name=\"twitter:card\" content=\"summary_large_image\" \/>\n\t\t<meta name=\"twitter:title\" content=\"Amovens incluye el alquiler de coches en su plataforma | El Digital de Asturias\" \/>\n\t\t<meta name=\"twitter:description\" content=\"Amovens ha anunciado este mi\u00e9rcoles la inclusi\u00f3n del alquiler de coches en su plataforma de contacto digital entre propietarios de veh\u00edculos y viajeros, y estima que los usuarios podr\u00e1n ganar hasta 3.000 euros al a\u00f1o si se decantan por esta opci\u00f3n. La p\u00e1gina web especializada en coches compartidos, apuesta ahora por ampliar sus opciones permitiendo\" \/>\n\t\t<meta name=\"twitter:image\" content=\"https:\/\/eldigitaldeasturias.com\/magazine365\/wp-content\/uploads\/2015\/06\/fotonoticia_20150617160245_800.jpg\" \/>\n\t\t<script type=\"application\/ld+json\" class=\"aioseo-schema\">\n\t\t\t{\"@context\":\"https:\\\/\\\/schema.org\",\"@graph\":[{\"@type\":\"Article\",\"@id\":\"https:\\\/\\\/eldigitaldeasturias.com\\\/magazine365\\\/amovens-incluye-el-alquiler-de-coches-en-su-plataforma\\\/#article\",\"name\":\"Amovens incluye el alquiler de coches en su plataforma | El Digital de Asturias\",\"headline\":\"Amovens incluye el alquiler de coches en su plataforma\",\"author\":{\"@id\":\"https:\\\/\\\/eldigitaldeasturias.com\\\/magazine365\\\/author\\\/admin\\\/#author\"},\"publisher\":{\"@id\":\"https:\\\/\\\/eldigitaldeasturias.com\\\/magazine365\\\/#organization\"},\"image\":{\"@type\":\"ImageObject\",\"url\":\"https:\\\/\\\/eldigitaldeasturias.com\\\/magazine365\\\/wp-content\\\/uploads\\\/2015\\\/06\\\/fotonoticia_20150617160245_800.jpg\",\"width\":800,\"height\":551},\"datePublished\":\"2015-06-18T08:32:58+02:00\",\"dateModified\":\"2015-06-18T08:32:58+02:00\",\"inLanguage\":\"es-ES\",\"mainEntityOfPage\":{\"@id\":\"https:\\\/\\\/eldigitaldeasturias.com\\\/magazine365\\\/amovens-incluye-el-alquiler-de-coches-en-su-plataforma\\\/#webpage\"},\"isPartOf\":{\"@id\":\"https:\\\/\\\/eldigitaldeasturias.com\\\/magazine365\\\/amovens-incluye-el-alquiler-de-coches-en-su-plataforma\\\/#webpage\"},\"articleSection\":\"Actualidad Turismo\"},{\"@type\":\"BreadcrumbList\",\"@id\":\"https:\\\/\\\/eldigitaldeasturias.com\\\/magazine365\\\/amovens-incluye-el-alquiler-de-coches-en-su-plataforma\\\/#breadcrumblist\",\"itemListElement\":[{\"@type\":\"ListItem\",\"@id\":\"https:\\\/\\\/eldigitaldeasturias.com\\\/magazine365#listItem\",\"position\":1,\"name\":\"Home\",\"item\":\"https:\\\/\\\/eldigitaldeasturias.com\\\/magazine365\",\"nextItem\":{\"@type\":\"ListItem\",\"@id\":\"https:\\\/\\\/eldigitaldeasturias.com\\\/magazine365\\\/category\\\/actualidad-turismo\\\/#listItem\",\"name\":\"Actualidad Turismo\"}},{\"@type\":\"ListItem\",\"@id\":\"https:\\\/\\\/eldigitaldeasturias.com\\\/magazine365\\\/category\\\/actualidad-turismo\\\/#listItem\",\"position\":2,\"name\":\"Actualidad Turismo\",\"item\":\"https:\\\/\\\/eldigitaldeasturias.com\\\/magazine365\\\/category\\\/actualidad-turismo\\\/\",\"nextItem\":{\"@type\":\"ListItem\",\"@id\":\"https:\\\/\\\/eldigitaldeasturias.com\\\/magazine365\\\/amovens-incluye-el-alquiler-de-coches-en-su-plataforma\\\/#listItem\",\"name\":\"Amovens incluye el alquiler de coches en su plataforma\"},\"previousItem\":{\"@type\":\"ListItem\",\"@id\":\"https:\\\/\\\/eldigitaldeasturias.com\\\/magazine365#listItem\",\"name\":\"Home\"}},{\"@type\":\"ListItem\",\"@id\":\"https:\\\/\\\/eldigitaldeasturias.com\\\/magazine365\\\/amovens-incluye-el-alquiler-de-coches-en-su-plataforma\\\/#listItem\",\"position\":3,\"name\":\"Amovens incluye el alquiler de coches en su plataforma\",\"previousItem\":{\"@type\":\"ListItem\",\"@id\":\"https:\\\/\\\/eldigitaldeasturias.com\\\/magazine365\\\/category\\\/actualidad-turismo\\\/#listItem\",\"name\":\"Actualidad Turismo\"}}]},{\"@type\":\"Organization\",\"@id\":\"https:\\\/\\\/eldigitaldeasturias.com\\\/magazine365\\\/#organization\",\"name\":\"El digital de Asturias\",\"description\":\"Revista de ocio, turismo y estilo de vida\",\"url\":\"https:\\\/\\\/eldigitaldeasturias.com\\\/magazine365\\\/\",\"logo\":{\"@type\":\"ImageObject\",\"url\":\"https:\\\/\\\/www.eldigitaldeasturias.com\\\/noticias\\\/wp-content\\\/uploads\\\/2020\\\/12\\\/EDA.jpg\",\"@id\":\"https:\\\/\\\/eldigitaldeasturias.com\\\/magazine365\\\/amovens-incluye-el-alquiler-de-coches-en-su-plataforma\\\/#organizationLogo\"},\"image\":{\"@id\":\"https:\\\/\\\/eldigitaldeasturias.com\\\/magazine365\\\/amovens-incluye-el-alquiler-de-coches-en-su-plataforma\\\/#organizationLogo\"}},{\"@type\":\"Person\",\"@id\":\"https:\\\/\\\/eldigitaldeasturias.com\\\/magazine365\\\/author\\\/admin\\\/#author\",\"url\":\"https:\\\/\\\/eldigitaldeasturias.com\\\/magazine365\\\/author\\\/admin\\\/\",\"name\":\"admin\",\"image\":{\"@type\":\"ImageObject\",\"@id\":\"https:\\\/\\\/eldigitaldeasturias.com\\\/magazine365\\\/amovens-incluye-el-alquiler-de-coches-en-su-plataforma\\\/#authorImage\",\"url\":\"https:\\\/\\\/eldigitaldeasturias.com\\\/magazine365\\\/wp-content\\\/litespeed\\\/avatar\\\/e571bcf59a0edd6fa6838245a470f2fe.jpg?ver=1776969259\",\"width\":96,\"height\":96,\"caption\":\"admin\"}},{\"@type\":\"WebPage\",\"@id\":\"https:\\\/\\\/eldigitaldeasturias.com\\\/magazine365\\\/amovens-incluye-el-alquiler-de-coches-en-su-plataforma\\\/#webpage\",\"url\":\"https:\\\/\\\/eldigitaldeasturias.com\\\/magazine365\\\/amovens-incluye-el-alquiler-de-coches-en-su-plataforma\\\/\",\"name\":\"Amovens incluye el alquiler de coches en su plataforma | El Digital de Asturias\",\"description\":\"Amovens ha anunciado este mi\\u00e9rcoles la inclusi\\u00f3n del alquiler de coches en su plataforma de contacto digital entre propietarios de veh\\u00edculos y viajeros, y estima que los usuarios podr\\u00e1n ganar hasta 3.000 euros al a\\u00f1o si se decantan por esta opci\\u00f3n. La p\\u00e1gina web especializada en coches compartidos, apuesta ahora por ampliar sus opciones permitiendo\",\"inLanguage\":\"es-ES\",\"isPartOf\":{\"@id\":\"https:\\\/\\\/eldigitaldeasturias.com\\\/magazine365\\\/#website\"},\"breadcrumb\":{\"@id\":\"https:\\\/\\\/eldigitaldeasturias.com\\\/magazine365\\\/amovens-incluye-el-alquiler-de-coches-en-su-plataforma\\\/#breadcrumblist\"},\"author\":{\"@id\":\"https:\\\/\\\/eldigitaldeasturias.com\\\/magazine365\\\/author\\\/admin\\\/#author\"},\"creator\":{\"@id\":\"https:\\\/\\\/eldigitaldeasturias.com\\\/magazine365\\\/author\\\/admin\\\/#author\"},\"image\":{\"@type\":\"ImageObject\",\"url\":\"https:\\\/\\\/eldigitaldeasturias.com\\\/magazine365\\\/wp-content\\\/uploads\\\/2015\\\/06\\\/fotonoticia_20150617160245_800.jpg\",\"@id\":\"https:\\\/\\\/eldigitaldeasturias.com\\\/magazine365\\\/amovens-incluye-el-alquiler-de-coches-en-su-plataforma\\\/#mainImage\",\"width\":800,\"height\":551},\"primaryImageOfPage\":{\"@id\":\"https:\\\/\\\/eldigitaldeasturias.com\\\/magazine365\\\/amovens-incluye-el-alquiler-de-coches-en-su-plataforma\\\/#mainImage\"},\"datePublished\":\"2015-06-18T08:32:58+02:00\",\"dateModified\":\"2015-06-18T08:32:58+02:00\"},{\"@type\":\"WebSite\",\"@id\":\"https:\\\/\\\/eldigitaldeasturias.com\\\/magazine365\\\/#website\",\"url\":\"https:\\\/\\\/eldigitaldeasturias.com\\\/magazine365\\\/\",\"name\":\"El Digital de Asturias\",\"description\":\"Revista de ocio, turismo y estilo de vida\",\"inLanguage\":\"es-ES\",\"publisher\":{\"@id\":\"https:\\\/\\\/eldigitaldeasturias.com\\\/magazine365\\\/#organization\"}}]}\n\t\t<\/script>\n\t\t<!-- All in One SEO Pro -->\r\n\t\t<title>Amovens incluye el alquiler de coches en su plataforma | El Digital de Asturias<\/title>\n\n","aioseo_head_json":{"title":"Amovens incluye el alquiler de coches en su plataforma | El Digital de Asturias","description":"Amovens ha anunciado este mi\u00e9rcoles la inclusi\u00f3n del alquiler de coches en su plataforma de contacto digital entre propietarios de veh\u00edculos y viajeros, y estima que los usuarios podr\u00e1n ganar hasta 3.000 euros al a\u00f1o si se decantan por esta opci\u00f3n. La p\u00e1gina web especializada en coches compartidos, apuesta ahora por ampliar sus opciones permitiendo","canonical_url":"https:\/\/eldigitaldeasturias.com\/magazine365\/amovens-incluye-el-alquiler-de-coches-en-su-plataforma\/","robots":"max-image-preview:large","keywords":"actualidad turismo","webmasterTools":{"google-site-verification":"UA-38556648-1","miscellaneous":""},"schema":{"@context":"https:\/\/schema.org","@graph":[{"@type":"Article","@id":"https:\/\/eldigitaldeasturias.com\/magazine365\/amovens-incluye-el-alquiler-de-coches-en-su-plataforma\/#article","name":"Amovens incluye el alquiler de coches en su plataforma | El Digital de Asturias","headline":"Amovens incluye el alquiler de coches en su plataforma","author":{"@id":"https:\/\/eldigitaldeasturias.com\/magazine365\/author\/admin\/#author"},"publisher":{"@id":"https:\/\/eldigitaldeasturias.com\/magazine365\/#organization"},"image":{"@type":"ImageObject","url":"https:\/\/eldigitaldeasturias.com\/magazine365\/wp-content\/uploads\/2015\/06\/fotonoticia_20150617160245_800.jpg","width":800,"height":551},"datePublished":"2015-06-18T08:32:58+02:00","dateModified":"2015-06-18T08:32:58+02:00","inLanguage":"es-ES","mainEntityOfPage":{"@id":"https:\/\/eldigitaldeasturias.com\/magazine365\/amovens-incluye-el-alquiler-de-coches-en-su-plataforma\/#webpage"},"isPartOf":{"@id":"https:\/\/eldigitaldeasturias.com\/magazine365\/amovens-incluye-el-alquiler-de-coches-en-su-plataforma\/#webpage"},"articleSection":"Actualidad Turismo"},{"@type":"BreadcrumbList","@id":"https:\/\/eldigitaldeasturias.com\/magazine365\/amovens-incluye-el-alquiler-de-coches-en-su-plataforma\/#breadcrumblist","itemListElement":[{"@type":"ListItem","@id":"https:\/\/eldigitaldeasturias.com\/magazine365#listItem","position":1,"name":"Home","item":"https:\/\/eldigitaldeasturias.com\/magazine365","nextItem":{"@type":"ListItem","@id":"https:\/\/eldigitaldeasturias.com\/magazine365\/category\/actualidad-turismo\/#listItem","name":"Actualidad Turismo"}},{"@type":"ListItem","@id":"https:\/\/eldigitaldeasturias.com\/magazine365\/category\/actualidad-turismo\/#listItem","position":2,"name":"Actualidad Turismo","item":"https:\/\/eldigitaldeasturias.com\/magazine365\/category\/actualidad-turismo\/","nextItem":{"@type":"ListItem","@id":"https:\/\/eldigitaldeasturias.com\/magazine365\/amovens-incluye-el-alquiler-de-coches-en-su-plataforma\/#listItem","name":"Amovens incluye el alquiler de coches en su plataforma"},"previousItem":{"@type":"ListItem","@id":"https:\/\/eldigitaldeasturias.com\/magazine365#listItem","name":"Home"}},{"@type":"ListItem","@id":"https:\/\/eldigitaldeasturias.com\/magazine365\/amovens-incluye-el-alquiler-de-coches-en-su-plataforma\/#listItem","position":3,"name":"Amovens incluye el alquiler de coches en su plataforma","previousItem":{"@type":"ListItem","@id":"https:\/\/eldigitaldeasturias.com\/magazine365\/category\/actualidad-turismo\/#listItem","name":"Actualidad Turismo"}}]},{"@type":"Organization","@id":"https:\/\/eldigitaldeasturias.com\/magazine365\/#organization","name":"El digital de Asturias","description":"Revista de ocio, turismo y estilo de vida","url":"https:\/\/eldigitaldeasturias.com\/magazine365\/","logo":{"@type":"ImageObject","url":"https:\/\/www.eldigitaldeasturias.com\/noticias\/wp-content\/uploads\/2020\/12\/EDA.jpg","@id":"https:\/\/eldigitaldeasturias.com\/magazine365\/amovens-incluye-el-alquiler-de-coches-en-su-plataforma\/#organizationLogo"},"image":{"@id":"https:\/\/eldigitaldeasturias.com\/magazine365\/amovens-incluye-el-alquiler-de-coches-en-su-plataforma\/#organizationLogo"}},{"@type":"Person","@id":"https:\/\/eldigitaldeasturias.com\/magazine365\/author\/admin\/#author","url":"https:\/\/eldigitaldeasturias.com\/magazine365\/author\/admin\/","name":"admin","image":{"@type":"ImageObject","@id":"https:\/\/eldigitaldeasturias.com\/magazine365\/amovens-incluye-el-alquiler-de-coches-en-su-plataforma\/#authorImage","url":"https:\/\/eldigitaldeasturias.com\/magazine365\/wp-content\/litespeed\/avatar\/e571bcf59a0edd6fa6838245a470f2fe.jpg?ver=1776969259","width":96,"height":96,"caption":"admin"}},{"@type":"WebPage","@id":"https:\/\/eldigitaldeasturias.com\/magazine365\/amovens-incluye-el-alquiler-de-coches-en-su-plataforma\/#webpage","url":"https:\/\/eldigitaldeasturias.com\/magazine365\/amovens-incluye-el-alquiler-de-coches-en-su-plataforma\/","name":"Amovens incluye el alquiler de coches en su plataforma | El Digital de Asturias","description":"Amovens ha anunciado este mi\u00e9rcoles la inclusi\u00f3n del alquiler de coches en su plataforma de contacto digital entre propietarios de veh\u00edculos y viajeros, y estima que los usuarios podr\u00e1n ganar hasta 3.000 euros al a\u00f1o si se decantan por esta opci\u00f3n. La p\u00e1gina web especializada en coches compartidos, apuesta ahora por ampliar sus opciones permitiendo","inLanguage":"es-ES","isPartOf":{"@id":"https:\/\/eldigitaldeasturias.com\/magazine365\/#website"},"breadcrumb":{"@id":"https:\/\/eldigitaldeasturias.com\/magazine365\/amovens-incluye-el-alquiler-de-coches-en-su-plataforma\/#breadcrumblist"},"author":{"@id":"https:\/\/eldigitaldeasturias.com\/magazine365\/author\/admin\/#author"},"creator":{"@id":"https:\/\/eldigitaldeasturias.com\/magazine365\/author\/admin\/#author"},"image":{"@type":"ImageObject","url":"https:\/\/eldigitaldeasturias.com\/magazine365\/wp-content\/uploads\/2015\/06\/fotonoticia_20150617160245_800.jpg","@id":"https:\/\/eldigitaldeasturias.com\/magazine365\/amovens-incluye-el-alquiler-de-coches-en-su-plataforma\/#mainImage","width":800,"height":551},"primaryImageOfPage":{"@id":"https:\/\/eldigitaldeasturias.com\/magazine365\/amovens-incluye-el-alquiler-de-coches-en-su-plataforma\/#mainImage"},"datePublished":"2015-06-18T08:32:58+02:00","dateModified":"2015-06-18T08:32:58+02:00"},{"@type":"WebSite","@id":"https:\/\/eldigitaldeasturias.com\/magazine365\/#website","url":"https:\/\/eldigitaldeasturias.com\/magazine365\/","name":"El Digital de Asturias","description":"Revista de ocio, turismo y estilo de vida","inLanguage":"es-ES","publisher":{"@id":"https:\/\/eldigitaldeasturias.com\/magazine365\/#organization"}}]},"og:locale":"es_ES","og:site_name":"El Digital de Asturias \u2013 Revista de ocio, turismo y estilo de vida","og:type":"article","og:title":"Amovens incluye el alquiler de coches en su plataforma | El Digital de Asturias","og:description":"Amovens ha anunciado este mi\u00e9rcoles la inclusi\u00f3n del alquiler de coches en su plataforma de contacto digital entre propietarios de veh\u00edculos y viajeros, y estima que los usuarios podr\u00e1n ganar hasta 3.000 euros al a\u00f1o si se decantan por esta opci\u00f3n. La p\u00e1gina web especializada en coches compartidos, apuesta ahora por ampliar sus opciones permitiendo","og:url":"https:\/\/eldigitaldeasturias.com\/magazine365\/amovens-incluye-el-alquiler-de-coches-en-su-plataforma\/","og:image":"https:\/\/eldigitaldeasturias.com\/magazine365\/wp-content\/uploads\/2015\/06\/fotonoticia_20150617160245_800.jpg","og:image:secure_url":"https:\/\/eldigitaldeasturias.com\/magazine365\/wp-content\/uploads\/2015\/06\/fotonoticia_20150617160245_800.jpg","og:image:width":800,"og:image:height":551,"article:published_time":"2015-06-18T07:02:58+00:00","article:modified_time":"2015-06-18T07:02:58+00:00","twitter:card":"summary_large_image","twitter:title":"Amovens incluye el alquiler de coches en su plataforma | El Digital de Asturias","twitter:description":"Amovens ha anunciado este mi\u00e9rcoles la inclusi\u00f3n del alquiler de coches en su plataforma de contacto digital entre propietarios de veh\u00edculos y viajeros, y estima que los usuarios podr\u00e1n ganar hasta 3.000 euros al a\u00f1o si se decantan por esta opci\u00f3n. La p\u00e1gina web especializada en coches compartidos, apuesta ahora por ampliar sus opciones permitiendo","twitter:image":"https:\/\/eldigitaldeasturias.com\/magazine365\/wp-content\/uploads\/2015\/06\/fotonoticia_20150617160245_800.jpg"},"aioseo_meta_data":{"post_id":"40204","title":null,"description":null,"keywords":null,"keyphrases":null,"primary_term":null,"canonical_url":null,"og_title":null,"og_description":null,"og_object_type":"default","og_image_type":"default","og_image_url":null,"og_image_width":null,"og_image_height":null,"og_image_custom_url":null,"og_image_custom_fields":null,"og_video":null,"og_custom_url":null,"og_article_section":null,"og_article_tags":null,"twitter_use_og":false,"twitter_card":"default","twitter_image_type":"default","twitter_image_url":null,"twitter_image_custom_url":null,"twitter_image_custom_fields":null,"twitter_title":null,"twitter_description":null,"schema":{"blockGraphs":[],"customGraphs":[],"default":{"data":{"Article":[],"Course":[],"Dataset":[],"FAQPage":[],"Movie":[],"Person":[],"Product":[],"ProductReview":[],"Car":[],"Recipe":[],"Service":[],"SoftwareApplication":[],"WebPage":[]},"graphName":"","isEnabled":true},"graphs":[],"defaultGraph":"","defaultPostTypeGraph":""},"schema_type":null,"schema_type_options":null,"pillar_content":false,"robots_default":true,"robots_noindex":false,"robots_noarchive":false,"robots_nosnippet":false,"robots_nofollow":false,"robots_noimageindex":false,"robots_noodp":false,"robots_notranslate":false,"robots_max_snippet":null,"robots_max_videopreview":null,"robots_max_imagepreview":"large","priority":null,"frequency":null,"location":null,"local_seo":null,"seo_analyzer_scan_date":"2025-09-19 13:08:04","breadcrumb_settings":null,"limit_modified_date":false,"open_ai":null,"ai":null,"created":"2021-03-09 02:31:42","updated":"2025-09-19 13:08:04"},"aioseo_breadcrumb":"<div class=\"aioseo-breadcrumbs\"><span class=\"aioseo-breadcrumb\">\n\t<a href=\"https:\/\/eldigitaldeasturias.com\/magazine365\" title=\"Home\">Home<\/a>\n<\/span><span class=\"aioseo-breadcrumb-separator\">\u2013<\/span><span class=\"aioseo-breadcrumb\">\n\t<a href=\"https:\/\/eldigitaldeasturias.com\/magazine365\/category\/actualidad-turismo\/\" title=\"Actualidad Turismo\">Actualidad Turismo<\/a>\n<\/span><span class=\"aioseo-breadcrumb-separator\">\u2013<\/span><span class=\"aioseo-breadcrumb\">\n\t<a href=\"https:\/\/eldigitaldeasturias.com\/magazine365\/amovens-incluye-el-alquiler-de-coches-en-su-plataforma\/\" title=\"Amovens incluye el alquiler de coches en su plataforma\">Amovens incluye el alquiler de coches en su plataforma<\/a>\n<\/span><\/div>","aioseo_breadcrumb_json":[{"label":"Home","link":"https:\/\/eldigitaldeasturias.com\/magazine365"},{"label":"Actualidad Turismo","link":"https:\/\/eldigitaldeasturias.com\/magazine365\/category\/actualidad-turismo\/"},{"label":"Amovens incluye el alquiler de coches en su plataforma","link":"https:\/\/eldigitaldeasturias.com\/magazine365\/amovens-incluye-el-alquiler-de-coches-en-su-plataforma\/"}],"_links":{"self":[{"href":"https:\/\/eldigitaldeasturias.com\/magazine365\/wp-json\/wp\/v2\/posts\/40204","targetHints":{"allow":["GET"]}}],"collection":[{"href":"https:\/\/eldigitaldeasturias.com\/magazine365\/wp-json\/wp\/v2\/posts"}],"about":[{"href":"https:\/\/eldigitaldeasturias.com\/magazine365\/wp-json\/wp\/v2\/types\/post"}],"author":[{"embeddable":true,"href":"https:\/\/eldigitaldeasturias.com\/magazine365\/wp-json\/wp\/v2\/users\/1"}],"replies":[{"embeddable":true,"href":"https:\/\/eldigitaldeasturias.com\/magazine365\/wp-json\/wp\/v2\/comments?post=40204"}],"version-history":[{"count":0,"href":"https:\/\/eldigitaldeasturias.com\/magazine365\/wp-json\/wp\/v2\/posts\/40204\/revisions"}],"wp:featuredmedia":[{"embeddable":true,"href":"https:\/\/eldigitaldeasturias.com\/magazine365\/wp-json\/wp\/v2\/media\/40205"}],"wp:attachment":[{"href":"https:\/\/eldigitaldeasturias.com\/magazine365\/wp-json\/wp\/v2\/media?parent=40204"}],"wp:term":[{"taxonomy":"category","embeddable":true,"href":"https:\/\/eldigitaldeasturias.com\/magazine365\/wp-json\/wp\/v2\/categories?post=40204"},{"taxonomy":"post_tag","embeddable":true,"href":"https:\/\/eldigitaldeasturias.com\/magazine365\/wp-json\/wp\/v2\/tags?post=40204"}],"curies":[{"name":"wp","href":"https:\/\/api.w.org\/{rel}","templated":true}]}}