{"id":40192,"date":"2015-06-18T08:17:33","date_gmt":"2015-06-18T06:47:33","guid":{"rendered":"http:\/\/eldigitaldeasturias.com\/magazine365\/?p=40192"},"modified":"2015-06-18T08:17:33","modified_gmt":"2015-06-18T06:47:33","slug":"el-cabildo-de-tenerife-lanza-una-campana-de-verano-con-ofertas-para-residentes","status":"publish","type":"post","link":"https:\/\/eldigitaldeasturias.com\/magazine365\/el-cabildo-de-tenerife-lanza-una-campana-de-verano-con-ofertas-para-residentes\/","title":{"rendered":"El Cabildo de Tenerife lanza una campa\u00f1a de verano con ofertas para residentes"},"content":{"rendered":"<p><img fetchpriority=\"high\" decoding=\"async\" class=\"alignleft size-medium wp-image-40193\" src=\"https:\/\/eldigitaldeasturias.com\/magazine365\/wp-content\/uploads\/2015\/06\/fotonoticia_20150617152802_800-360x240.jpg\" alt=\"fotonoticia_20150617152802_800\" width=\"360\" height=\"240\" srcset=\"https:\/\/eldigitaldeasturias.com\/magazine365\/wp-content\/uploads\/2015\/06\/fotonoticia_20150617152802_800-360x240.jpg 360w, https:\/\/eldigitaldeasturias.com\/magazine365\/wp-content\/uploads\/2015\/06\/fotonoticia_20150617152802_800-650x433.jpg 650w, https:\/\/eldigitaldeasturias.com\/magazine365\/wp-content\/uploads\/2015\/06\/fotonoticia_20150617152802_800-768x512.jpg 768w, https:\/\/eldigitaldeasturias.com\/magazine365\/wp-content\/uploads\/2015\/06\/fotonoticia_20150617152802_800-150x100.jpg 150w, https:\/\/eldigitaldeasturias.com\/magazine365\/wp-content\/uploads\/2015\/06\/fotonoticia_20150617152802_800-450x300.jpg 450w, https:\/\/eldigitaldeasturias.com\/magazine365\/wp-content\/uploads\/2015\/06\/fotonoticia_20150617152802_800-696x464.jpg 696w, https:\/\/eldigitaldeasturias.com\/magazine365\/wp-content\/uploads\/2015\/06\/fotonoticia_20150617152802_800-630x420.jpg 630w, https:\/\/eldigitaldeasturias.com\/magazine365\/wp-content\/uploads\/2015\/06\/fotonoticia_20150617152802_800-84x55.jpg 84w, https:\/\/eldigitaldeasturias.com\/magazine365\/wp-content\/uploads\/2015\/06\/fotonoticia_20150617152802_800.jpg 800w\" sizes=\"(max-width: 360px) 100vw, 360px\" \/>El Cabildo de Tenerife, en colaboraci\u00f3n con canariasviaja.com, ha puesto en marcha una campa\u00f1a promocional que incluye<\/p>\n<p>ofertas especiales para residentes canarios y que tiene por objetivo que pasen sus vacaciones de verano en la isla.<\/p>\n<p>La campa\u00f1a, bajo el lema &#8216;Este verano, tu destino es Tenerife&#8217;, se desarrollar\u00e1 del 15 de junio al 15 de julio a trav\u00e9s de anuncios en los principales diarios digitales &#8216;online&#8217; de las islas.<\/p>\n<p>\u00abNuestro objetivo es fomentar que los canarios vengan a pasar unos d\u00edas en Tenerife, o que en el caso de los tinerfe\u00f1os, aprovechen el verano para disfrutar de todas las opciones que les ofrece nuestro destino\u00bb, explica el presidente del Cabildo, Carlos Alonso.<\/p>\n<p>As\u00ed, ha querido recordar que la isla \u00abcuenta con unos paisajes naturales y una oferta de alojativa y de ocio que garantizan unas vacaciones excepcionales tambi\u00e9n a los canarios sin necesidad de realizar un gran desplazamiento\u00bb.<\/p>\n<p>Los interesados pueden acceder a la p\u00e1gina con las ofertas (canariasviaja.com\/info\/promos\/tenerife), en la que podr\u00e1n encontrar paquetes a medida de cualquier usuario, ya sean familias, parejas, grupos de amigos o personas que viajen solas.<\/p>\n<p>As\u00ed, pueden combinar vuelos y estancias en hoteles de cuatro y cinco estrellas con diferentes experiencias: relax en centros de Spa, almuerzos o cenas rom\u00e1nticas en restaurantes de primer nivel, avistamiento de cet\u00e1ceos u observaci\u00f3n de estrellas, entre otras.<\/p>\n<p>La acci\u00f3n pretende ofrecer una alternativa de vacaciones cercana y completa para los canarios, a la vez que consolidar el n\u00famero de estos turistas que pasan unos d\u00edas de descanso en Tenerife, que cada vez tienen un peso mayor en las estad\u00edsticas de viajeros.<\/p>\n<p>El a\u00f1o pasado, por ejemplo, 318.000 tinerfe\u00f1os decidieron quedarse en la Isla disfrutando de su oferta tur\u00edstica, a los que se sumaron cerca de otros 200.000 del resto del archipi\u00e9lago, lo que supuso un incremento del 16,5% y del 2,7%, respectivamente.<\/p>\n<p>En conjunto, ambos suponen casi el 50% de los turistas de nacionalidad espa\u00f1ola que pasan sus vacaciones en Tenerife, una cifra que en 2014 ascendi\u00f3 a 1.154.000 turistas.<\/p>\n","protected":false},"excerpt":{"rendered":"<p>El Cabildo de Tenerife, en colaboraci\u00f3n con canariasviaja.com, ha puesto en marcha una campa\u00f1a promocional que incluye ofertas especiales para residentes canarios y que tiene por objetivo que pasen sus vacaciones de verano en la isla. La campa\u00f1a, bajo el lema &#8216;Este verano, tu destino es Tenerife&#8217;, se desarrollar\u00e1 del 15 de junio al 15<\/p>\n","protected":false},"author":1,"featured_media":40193,"comment_status":"open","ping_status":"closed","sticky":false,"template":"","format":"standard","meta":{"footnotes":""},"categories":[222],"tags":[],"class_list":{"0":"post-40192","1":"post","2":"type-post","3":"status-publish","4":"format-standard","5":"has-post-thumbnail","7":"category-actualidad-turismo"},"aioseo_notices":[],"aioseo_head":"\n\t\t<!-- All in One SEO Pro 4.9.6.1 - aioseo.com -->\n\t<meta name=\"description\" content=\"El Cabildo de Tenerife, en colaboraci\u00f3n con canariasviaja.com, ha puesto en marcha una campa\u00f1a promocional que incluye ofertas especiales para residentes canarios y que tiene por objetivo que pasen sus vacaciones de verano en la isla. La campa\u00f1a, bajo el lema &#039;Este verano, tu destino es Tenerife&#039;, se desarrollar\u00e1 del 15 de junio al 15\" \/>\n\t<meta name=\"robots\" content=\"max-image-preview:large\" \/>\n\t<meta name=\"author\" content=\"admin\"\/>\n\t<meta name=\"google-site-verification\" content=\"UA-38556648-1\" \/>\n\t<meta name=\"keywords\" content=\"actualidad turismo\" \/>\n\t<link rel=\"canonical\" href=\"https:\/\/eldigitaldeasturias.com\/magazine365\/el-cabildo-de-tenerife-lanza-una-campana-de-verano-con-ofertas-para-residentes\/\" \/>\n\t<meta name=\"generator\" content=\"All in One SEO Pro (AIOSEO) 4.9.6.1\" \/>\n\t\t<meta property=\"og:locale\" content=\"es_ES\" \/>\n\t\t<meta property=\"og:site_name\" content=\"El Digital de Asturias \u2013 Revista de ocio, turismo y estilo de vida\" \/>\n\t\t<meta property=\"og:type\" content=\"article\" \/>\n\t\t<meta property=\"og:title\" content=\"El Cabildo de Tenerife lanza una campa\u00f1a de verano con ofertas para residentes | El Digital de Asturias\" \/>\n\t\t<meta property=\"og:description\" content=\"El Cabildo de Tenerife, en colaboraci\u00f3n con canariasviaja.com, ha puesto en marcha una campa\u00f1a promocional que incluye ofertas especiales para residentes canarios y que tiene por objetivo que pasen sus vacaciones de verano en la isla. La campa\u00f1a, bajo el lema &#039;Este verano, tu destino es Tenerife&#039;, se desarrollar\u00e1 del 15 de junio al 15\" \/>\n\t\t<meta property=\"og:url\" content=\"https:\/\/eldigitaldeasturias.com\/magazine365\/el-cabildo-de-tenerife-lanza-una-campana-de-verano-con-ofertas-para-residentes\/\" \/>\n\t\t<meta property=\"og:image\" content=\"https:\/\/eldigitaldeasturias.com\/magazine365\/wp-content\/uploads\/2015\/06\/fotonoticia_20150617152802_800.jpg\" \/>\n\t\t<meta property=\"og:image:secure_url\" content=\"https:\/\/eldigitaldeasturias.com\/magazine365\/wp-content\/uploads\/2015\/06\/fotonoticia_20150617152802_800.jpg\" \/>\n\t\t<meta property=\"og:image:width\" content=\"800\" \/>\n\t\t<meta property=\"og:image:height\" content=\"533\" \/>\n\t\t<meta property=\"article:published_time\" content=\"2015-06-18T06:47:33+00:00\" \/>\n\t\t<meta property=\"article:modified_time\" content=\"2015-06-18T06:47:33+00:00\" \/>\n\t\t<meta name=\"twitter:card\" content=\"summary_large_image\" \/>\n\t\t<meta name=\"twitter:title\" content=\"El Cabildo de Tenerife lanza una campa\u00f1a de verano con ofertas para residentes | El Digital de Asturias\" \/>\n\t\t<meta name=\"twitter:description\" content=\"El Cabildo de Tenerife, en colaboraci\u00f3n con canariasviaja.com, ha puesto en marcha una campa\u00f1a promocional que incluye ofertas especiales para residentes canarios y que tiene por objetivo que pasen sus vacaciones de verano en la isla. La campa\u00f1a, bajo el lema &#039;Este verano, tu destino es Tenerife&#039;, se desarrollar\u00e1 del 15 de junio al 15\" \/>\n\t\t<meta name=\"twitter:image\" content=\"https:\/\/eldigitaldeasturias.com\/magazine365\/wp-content\/uploads\/2015\/06\/fotonoticia_20150617152802_800.jpg\" \/>\n\t\t<script type=\"application\/ld+json\" class=\"aioseo-schema\">\n\t\t\t{\"@context\":\"https:\\\/\\\/schema.org\",\"@graph\":[{\"@type\":\"Article\",\"@id\":\"https:\\\/\\\/eldigitaldeasturias.com\\\/magazine365\\\/el-cabildo-de-tenerife-lanza-una-campana-de-verano-con-ofertas-para-residentes\\\/#article\",\"name\":\"El Cabildo de Tenerife lanza una campa\\u00f1a de verano con ofertas para residentes | El Digital de Asturias\",\"headline\":\"El Cabildo de Tenerife lanza una campa\\u00f1a de verano con ofertas para residentes\",\"author\":{\"@id\":\"https:\\\/\\\/eldigitaldeasturias.com\\\/magazine365\\\/author\\\/admin\\\/#author\"},\"publisher\":{\"@id\":\"https:\\\/\\\/eldigitaldeasturias.com\\\/magazine365\\\/#organization\"},\"image\":{\"@type\":\"ImageObject\",\"url\":\"https:\\\/\\\/eldigitaldeasturias.com\\\/magazine365\\\/wp-content\\\/uploads\\\/2015\\\/06\\\/fotonoticia_20150617152802_800.jpg\",\"width\":800,\"height\":533},\"datePublished\":\"2015-06-18T08:17:33+02:00\",\"dateModified\":\"2015-06-18T08:17:33+02:00\",\"inLanguage\":\"es-ES\",\"mainEntityOfPage\":{\"@id\":\"https:\\\/\\\/eldigitaldeasturias.com\\\/magazine365\\\/el-cabildo-de-tenerife-lanza-una-campana-de-verano-con-ofertas-para-residentes\\\/#webpage\"},\"isPartOf\":{\"@id\":\"https:\\\/\\\/eldigitaldeasturias.com\\\/magazine365\\\/el-cabildo-de-tenerife-lanza-una-campana-de-verano-con-ofertas-para-residentes\\\/#webpage\"},\"articleSection\":\"Actualidad Turismo\"},{\"@type\":\"BreadcrumbList\",\"@id\":\"https:\\\/\\\/eldigitaldeasturias.com\\\/magazine365\\\/el-cabildo-de-tenerife-lanza-una-campana-de-verano-con-ofertas-para-residentes\\\/#breadcrumblist\",\"itemListElement\":[{\"@type\":\"ListItem\",\"@id\":\"https:\\\/\\\/eldigitaldeasturias.com\\\/magazine365#listItem\",\"position\":1,\"name\":\"Home\",\"item\":\"https:\\\/\\\/eldigitaldeasturias.com\\\/magazine365\",\"nextItem\":{\"@type\":\"ListItem\",\"@id\":\"https:\\\/\\\/eldigitaldeasturias.com\\\/magazine365\\\/category\\\/actualidad-turismo\\\/#listItem\",\"name\":\"Actualidad Turismo\"}},{\"@type\":\"ListItem\",\"@id\":\"https:\\\/\\\/eldigitaldeasturias.com\\\/magazine365\\\/category\\\/actualidad-turismo\\\/#listItem\",\"position\":2,\"name\":\"Actualidad Turismo\",\"item\":\"https:\\\/\\\/eldigitaldeasturias.com\\\/magazine365\\\/category\\\/actualidad-turismo\\\/\",\"nextItem\":{\"@type\":\"ListItem\",\"@id\":\"https:\\\/\\\/eldigitaldeasturias.com\\\/magazine365\\\/el-cabildo-de-tenerife-lanza-una-campana-de-verano-con-ofertas-para-residentes\\\/#listItem\",\"name\":\"El Cabildo de Tenerife lanza una campa\\u00f1a de verano con ofertas para residentes\"},\"previousItem\":{\"@type\":\"ListItem\",\"@id\":\"https:\\\/\\\/eldigitaldeasturias.com\\\/magazine365#listItem\",\"name\":\"Home\"}},{\"@type\":\"ListItem\",\"@id\":\"https:\\\/\\\/eldigitaldeasturias.com\\\/magazine365\\\/el-cabildo-de-tenerife-lanza-una-campana-de-verano-con-ofertas-para-residentes\\\/#listItem\",\"position\":3,\"name\":\"El Cabildo de Tenerife lanza una campa\\u00f1a de verano con ofertas para residentes\",\"previousItem\":{\"@type\":\"ListItem\",\"@id\":\"https:\\\/\\\/eldigitaldeasturias.com\\\/magazine365\\\/category\\\/actualidad-turismo\\\/#listItem\",\"name\":\"Actualidad Turismo\"}}]},{\"@type\":\"Organization\",\"@id\":\"https:\\\/\\\/eldigitaldeasturias.com\\\/magazine365\\\/#organization\",\"name\":\"El digital de Asturias\",\"description\":\"Revista de ocio, turismo y estilo de vida\",\"url\":\"https:\\\/\\\/eldigitaldeasturias.com\\\/magazine365\\\/\",\"logo\":{\"@type\":\"ImageObject\",\"url\":\"https:\\\/\\\/www.eldigitaldeasturias.com\\\/noticias\\\/wp-content\\\/uploads\\\/2020\\\/12\\\/EDA.jpg\",\"@id\":\"https:\\\/\\\/eldigitaldeasturias.com\\\/magazine365\\\/el-cabildo-de-tenerife-lanza-una-campana-de-verano-con-ofertas-para-residentes\\\/#organizationLogo\"},\"image\":{\"@id\":\"https:\\\/\\\/eldigitaldeasturias.com\\\/magazine365\\\/el-cabildo-de-tenerife-lanza-una-campana-de-verano-con-ofertas-para-residentes\\\/#organizationLogo\"}},{\"@type\":\"Person\",\"@id\":\"https:\\\/\\\/eldigitaldeasturias.com\\\/magazine365\\\/author\\\/admin\\\/#author\",\"url\":\"https:\\\/\\\/eldigitaldeasturias.com\\\/magazine365\\\/author\\\/admin\\\/\",\"name\":\"admin\",\"image\":{\"@type\":\"ImageObject\",\"@id\":\"https:\\\/\\\/eldigitaldeasturias.com\\\/magazine365\\\/el-cabildo-de-tenerife-lanza-una-campana-de-verano-con-ofertas-para-residentes\\\/#authorImage\",\"url\":\"https:\\\/\\\/eldigitaldeasturias.com\\\/magazine365\\\/wp-content\\\/litespeed\\\/avatar\\\/e571bcf59a0edd6fa6838245a470f2fe.jpg?ver=1776969259\",\"width\":96,\"height\":96,\"caption\":\"admin\"}},{\"@type\":\"WebPage\",\"@id\":\"https:\\\/\\\/eldigitaldeasturias.com\\\/magazine365\\\/el-cabildo-de-tenerife-lanza-una-campana-de-verano-con-ofertas-para-residentes\\\/#webpage\",\"url\":\"https:\\\/\\\/eldigitaldeasturias.com\\\/magazine365\\\/el-cabildo-de-tenerife-lanza-una-campana-de-verano-con-ofertas-para-residentes\\\/\",\"name\":\"El Cabildo de Tenerife lanza una campa\\u00f1a de verano con ofertas para residentes | El Digital de Asturias\",\"description\":\"El Cabildo de Tenerife, en colaboraci\\u00f3n con canariasviaja.com, ha puesto en marcha una campa\\u00f1a promocional que incluye ofertas especiales para residentes canarios y que tiene por objetivo que pasen sus vacaciones de verano en la isla. La campa\\u00f1a, bajo el lema 'Este verano, tu destino es Tenerife', se desarrollar\\u00e1 del 15 de junio al 15\",\"inLanguage\":\"es-ES\",\"isPartOf\":{\"@id\":\"https:\\\/\\\/eldigitaldeasturias.com\\\/magazine365\\\/#website\"},\"breadcrumb\":{\"@id\":\"https:\\\/\\\/eldigitaldeasturias.com\\\/magazine365\\\/el-cabildo-de-tenerife-lanza-una-campana-de-verano-con-ofertas-para-residentes\\\/#breadcrumblist\"},\"author\":{\"@id\":\"https:\\\/\\\/eldigitaldeasturias.com\\\/magazine365\\\/author\\\/admin\\\/#author\"},\"creator\":{\"@id\":\"https:\\\/\\\/eldigitaldeasturias.com\\\/magazine365\\\/author\\\/admin\\\/#author\"},\"image\":{\"@type\":\"ImageObject\",\"url\":\"https:\\\/\\\/eldigitaldeasturias.com\\\/magazine365\\\/wp-content\\\/uploads\\\/2015\\\/06\\\/fotonoticia_20150617152802_800.jpg\",\"@id\":\"https:\\\/\\\/eldigitaldeasturias.com\\\/magazine365\\\/el-cabildo-de-tenerife-lanza-una-campana-de-verano-con-ofertas-para-residentes\\\/#mainImage\",\"width\":800,\"height\":533},\"primaryImageOfPage\":{\"@id\":\"https:\\\/\\\/eldigitaldeasturias.com\\\/magazine365\\\/el-cabildo-de-tenerife-lanza-una-campana-de-verano-con-ofertas-para-residentes\\\/#mainImage\"},\"datePublished\":\"2015-06-18T08:17:33+02:00\",\"dateModified\":\"2015-06-18T08:17:33+02:00\"},{\"@type\":\"WebSite\",\"@id\":\"https:\\\/\\\/eldigitaldeasturias.com\\\/magazine365\\\/#website\",\"url\":\"https:\\\/\\\/eldigitaldeasturias.com\\\/magazine365\\\/\",\"name\":\"El Digital de Asturias\",\"description\":\"Revista de ocio, turismo y estilo de vida\",\"inLanguage\":\"es-ES\",\"publisher\":{\"@id\":\"https:\\\/\\\/eldigitaldeasturias.com\\\/magazine365\\\/#organization\"}}]}\n\t\t<\/script>\n\t\t<!-- All in One SEO Pro -->\r\n\t\t<title>El Cabildo de Tenerife lanza una campa\u00f1a de verano con ofertas para residentes | El Digital de Asturias<\/title>\n\n","aioseo_head_json":{"title":"El Cabildo de Tenerife lanza una campa\u00f1a de verano con ofertas para residentes | El Digital de Asturias","description":"El Cabildo de Tenerife, en colaboraci\u00f3n con canariasviaja.com, ha puesto en marcha una campa\u00f1a promocional que incluye ofertas especiales para residentes canarios y que tiene por objetivo que pasen sus vacaciones de verano en la isla. La campa\u00f1a, bajo el lema 'Este verano, tu destino es Tenerife', se desarrollar\u00e1 del 15 de junio al 15","canonical_url":"https:\/\/eldigitaldeasturias.com\/magazine365\/el-cabildo-de-tenerife-lanza-una-campana-de-verano-con-ofertas-para-residentes\/","robots":"max-image-preview:large","keywords":"actualidad turismo","webmasterTools":{"google-site-verification":"UA-38556648-1","miscellaneous":""},"schema":{"@context":"https:\/\/schema.org","@graph":[{"@type":"Article","@id":"https:\/\/eldigitaldeasturias.com\/magazine365\/el-cabildo-de-tenerife-lanza-una-campana-de-verano-con-ofertas-para-residentes\/#article","name":"El Cabildo de Tenerife lanza una campa\u00f1a de verano con ofertas para residentes | El Digital de Asturias","headline":"El Cabildo de Tenerife lanza una campa\u00f1a de verano con ofertas para residentes","author":{"@id":"https:\/\/eldigitaldeasturias.com\/magazine365\/author\/admin\/#author"},"publisher":{"@id":"https:\/\/eldigitaldeasturias.com\/magazine365\/#organization"},"image":{"@type":"ImageObject","url":"https:\/\/eldigitaldeasturias.com\/magazine365\/wp-content\/uploads\/2015\/06\/fotonoticia_20150617152802_800.jpg","width":800,"height":533},"datePublished":"2015-06-18T08:17:33+02:00","dateModified":"2015-06-18T08:17:33+02:00","inLanguage":"es-ES","mainEntityOfPage":{"@id":"https:\/\/eldigitaldeasturias.com\/magazine365\/el-cabildo-de-tenerife-lanza-una-campana-de-verano-con-ofertas-para-residentes\/#webpage"},"isPartOf":{"@id":"https:\/\/eldigitaldeasturias.com\/magazine365\/el-cabildo-de-tenerife-lanza-una-campana-de-verano-con-ofertas-para-residentes\/#webpage"},"articleSection":"Actualidad Turismo"},{"@type":"BreadcrumbList","@id":"https:\/\/eldigitaldeasturias.com\/magazine365\/el-cabildo-de-tenerife-lanza-una-campana-de-verano-con-ofertas-para-residentes\/#breadcrumblist","itemListElement":[{"@type":"ListItem","@id":"https:\/\/eldigitaldeasturias.com\/magazine365#listItem","position":1,"name":"Home","item":"https:\/\/eldigitaldeasturias.com\/magazine365","nextItem":{"@type":"ListItem","@id":"https:\/\/eldigitaldeasturias.com\/magazine365\/category\/actualidad-turismo\/#listItem","name":"Actualidad Turismo"}},{"@type":"ListItem","@id":"https:\/\/eldigitaldeasturias.com\/magazine365\/category\/actualidad-turismo\/#listItem","position":2,"name":"Actualidad Turismo","item":"https:\/\/eldigitaldeasturias.com\/magazine365\/category\/actualidad-turismo\/","nextItem":{"@type":"ListItem","@id":"https:\/\/eldigitaldeasturias.com\/magazine365\/el-cabildo-de-tenerife-lanza-una-campana-de-verano-con-ofertas-para-residentes\/#listItem","name":"El Cabildo de Tenerife lanza una campa\u00f1a de verano con ofertas para residentes"},"previousItem":{"@type":"ListItem","@id":"https:\/\/eldigitaldeasturias.com\/magazine365#listItem","name":"Home"}},{"@type":"ListItem","@id":"https:\/\/eldigitaldeasturias.com\/magazine365\/el-cabildo-de-tenerife-lanza-una-campana-de-verano-con-ofertas-para-residentes\/#listItem","position":3,"name":"El Cabildo de Tenerife lanza una campa\u00f1a de verano con ofertas para residentes","previousItem":{"@type":"ListItem","@id":"https:\/\/eldigitaldeasturias.com\/magazine365\/category\/actualidad-turismo\/#listItem","name":"Actualidad Turismo"}}]},{"@type":"Organization","@id":"https:\/\/eldigitaldeasturias.com\/magazine365\/#organization","name":"El digital de Asturias","description":"Revista de ocio, turismo y estilo de vida","url":"https:\/\/eldigitaldeasturias.com\/magazine365\/","logo":{"@type":"ImageObject","url":"https:\/\/www.eldigitaldeasturias.com\/noticias\/wp-content\/uploads\/2020\/12\/EDA.jpg","@id":"https:\/\/eldigitaldeasturias.com\/magazine365\/el-cabildo-de-tenerife-lanza-una-campana-de-verano-con-ofertas-para-residentes\/#organizationLogo"},"image":{"@id":"https:\/\/eldigitaldeasturias.com\/magazine365\/el-cabildo-de-tenerife-lanza-una-campana-de-verano-con-ofertas-para-residentes\/#organizationLogo"}},{"@type":"Person","@id":"https:\/\/eldigitaldeasturias.com\/magazine365\/author\/admin\/#author","url":"https:\/\/eldigitaldeasturias.com\/magazine365\/author\/admin\/","name":"admin","image":{"@type":"ImageObject","@id":"https:\/\/eldigitaldeasturias.com\/magazine365\/el-cabildo-de-tenerife-lanza-una-campana-de-verano-con-ofertas-para-residentes\/#authorImage","url":"https:\/\/eldigitaldeasturias.com\/magazine365\/wp-content\/litespeed\/avatar\/e571bcf59a0edd6fa6838245a470f2fe.jpg?ver=1776969259","width":96,"height":96,"caption":"admin"}},{"@type":"WebPage","@id":"https:\/\/eldigitaldeasturias.com\/magazine365\/el-cabildo-de-tenerife-lanza-una-campana-de-verano-con-ofertas-para-residentes\/#webpage","url":"https:\/\/eldigitaldeasturias.com\/magazine365\/el-cabildo-de-tenerife-lanza-una-campana-de-verano-con-ofertas-para-residentes\/","name":"El Cabildo de Tenerife lanza una campa\u00f1a de verano con ofertas para residentes | El Digital de Asturias","description":"El Cabildo de Tenerife, en colaboraci\u00f3n con canariasviaja.com, ha puesto en marcha una campa\u00f1a promocional que incluye ofertas especiales para residentes canarios y que tiene por objetivo que pasen sus vacaciones de verano en la isla. La campa\u00f1a, bajo el lema 'Este verano, tu destino es Tenerife', se desarrollar\u00e1 del 15 de junio al 15","inLanguage":"es-ES","isPartOf":{"@id":"https:\/\/eldigitaldeasturias.com\/magazine365\/#website"},"breadcrumb":{"@id":"https:\/\/eldigitaldeasturias.com\/magazine365\/el-cabildo-de-tenerife-lanza-una-campana-de-verano-con-ofertas-para-residentes\/#breadcrumblist"},"author":{"@id":"https:\/\/eldigitaldeasturias.com\/magazine365\/author\/admin\/#author"},"creator":{"@id":"https:\/\/eldigitaldeasturias.com\/magazine365\/author\/admin\/#author"},"image":{"@type":"ImageObject","url":"https:\/\/eldigitaldeasturias.com\/magazine365\/wp-content\/uploads\/2015\/06\/fotonoticia_20150617152802_800.jpg","@id":"https:\/\/eldigitaldeasturias.com\/magazine365\/el-cabildo-de-tenerife-lanza-una-campana-de-verano-con-ofertas-para-residentes\/#mainImage","width":800,"height":533},"primaryImageOfPage":{"@id":"https:\/\/eldigitaldeasturias.com\/magazine365\/el-cabildo-de-tenerife-lanza-una-campana-de-verano-con-ofertas-para-residentes\/#mainImage"},"datePublished":"2015-06-18T08:17:33+02:00","dateModified":"2015-06-18T08:17:33+02:00"},{"@type":"WebSite","@id":"https:\/\/eldigitaldeasturias.com\/magazine365\/#website","url":"https:\/\/eldigitaldeasturias.com\/magazine365\/","name":"El Digital de Asturias","description":"Revista de ocio, turismo y estilo de vida","inLanguage":"es-ES","publisher":{"@id":"https:\/\/eldigitaldeasturias.com\/magazine365\/#organization"}}]},"og:locale":"es_ES","og:site_name":"El Digital de Asturias \u2013 Revista de ocio, turismo y estilo de vida","og:type":"article","og:title":"El Cabildo de Tenerife lanza una campa\u00f1a de verano con ofertas para residentes | El Digital de Asturias","og:description":"El Cabildo de Tenerife, en colaboraci\u00f3n con canariasviaja.com, ha puesto en marcha una campa\u00f1a promocional que incluye ofertas especiales para residentes canarios y que tiene por objetivo que pasen sus vacaciones de verano en la isla. La campa\u00f1a, bajo el lema 'Este verano, tu destino es Tenerife', se desarrollar\u00e1 del 15 de junio al 15","og:url":"https:\/\/eldigitaldeasturias.com\/magazine365\/el-cabildo-de-tenerife-lanza-una-campana-de-verano-con-ofertas-para-residentes\/","og:image":"https:\/\/eldigitaldeasturias.com\/magazine365\/wp-content\/uploads\/2015\/06\/fotonoticia_20150617152802_800.jpg","og:image:secure_url":"https:\/\/eldigitaldeasturias.com\/magazine365\/wp-content\/uploads\/2015\/06\/fotonoticia_20150617152802_800.jpg","og:image:width":800,"og:image:height":533,"article:published_time":"2015-06-18T06:47:33+00:00","article:modified_time":"2015-06-18T06:47:33+00:00","twitter:card":"summary_large_image","twitter:title":"El Cabildo de Tenerife lanza una campa\u00f1a de verano con ofertas para residentes | El Digital de Asturias","twitter:description":"El Cabildo de Tenerife, en colaboraci\u00f3n con canariasviaja.com, ha puesto en marcha una campa\u00f1a promocional que incluye ofertas especiales para residentes canarios y que tiene por objetivo que pasen sus vacaciones de verano en la isla. La campa\u00f1a, bajo el lema 'Este verano, tu destino es Tenerife', se desarrollar\u00e1 del 15 de junio al 15","twitter:image":"https:\/\/eldigitaldeasturias.com\/magazine365\/wp-content\/uploads\/2015\/06\/fotonoticia_20150617152802_800.jpg"},"aioseo_meta_data":{"post_id":"40192","title":null,"description":null,"keywords":null,"keyphrases":null,"primary_term":null,"canonical_url":null,"og_title":null,"og_description":null,"og_object_type":"default","og_image_type":"default","og_image_url":null,"og_image_width":null,"og_image_height":null,"og_image_custom_url":null,"og_image_custom_fields":null,"og_video":null,"og_custom_url":null,"og_article_section":null,"og_article_tags":null,"twitter_use_og":false,"twitter_card":"default","twitter_image_type":"default","twitter_image_url":null,"twitter_image_custom_url":null,"twitter_image_custom_fields":null,"twitter_title":null,"twitter_description":null,"schema":{"blockGraphs":[],"customGraphs":[],"default":{"data":{"Article":[],"Course":[],"Dataset":[],"FAQPage":[],"Movie":[],"Person":[],"Product":[],"ProductReview":[],"Car":[],"Recipe":[],"Service":[],"SoftwareApplication":[],"WebPage":[]},"graphName":"","isEnabled":true},"graphs":[],"defaultGraph":"","defaultPostTypeGraph":""},"schema_type":null,"schema_type_options":null,"pillar_content":false,"robots_default":true,"robots_noindex":false,"robots_noarchive":false,"robots_nosnippet":false,"robots_nofollow":false,"robots_noimageindex":false,"robots_noodp":false,"robots_notranslate":false,"robots_max_snippet":null,"robots_max_videopreview":null,"robots_max_imagepreview":"large","priority":null,"frequency":null,"location":null,"local_seo":null,"seo_analyzer_scan_date":"2025-09-19 13:06:58","breadcrumb_settings":null,"limit_modified_date":false,"open_ai":null,"ai":null,"created":"2021-03-09 02:31:42","updated":"2025-09-19 13:06:58"},"aioseo_breadcrumb":"<div class=\"aioseo-breadcrumbs\"><span class=\"aioseo-breadcrumb\">\n\t<a href=\"https:\/\/eldigitaldeasturias.com\/magazine365\" title=\"Home\">Home<\/a>\n<\/span><span class=\"aioseo-breadcrumb-separator\">\u2013<\/span><span class=\"aioseo-breadcrumb\">\n\t<a href=\"https:\/\/eldigitaldeasturias.com\/magazine365\/category\/actualidad-turismo\/\" title=\"Actualidad Turismo\">Actualidad Turismo<\/a>\n<\/span><span class=\"aioseo-breadcrumb-separator\">\u2013<\/span><span class=\"aioseo-breadcrumb\">\n\t<a href=\"https:\/\/eldigitaldeasturias.com\/magazine365\/el-cabildo-de-tenerife-lanza-una-campana-de-verano-con-ofertas-para-residentes\/\" title=\"El Cabildo de Tenerife lanza una campa\u00f1a de verano con ofertas para residentes\">El Cabildo de Tenerife lanza una campa\u00f1a de verano con ofertas para residentes<\/a>\n<\/span><\/div>","aioseo_breadcrumb_json":[{"label":"Home","link":"https:\/\/eldigitaldeasturias.com\/magazine365"},{"label":"Actualidad Turismo","link":"https:\/\/eldigitaldeasturias.com\/magazine365\/category\/actualidad-turismo\/"},{"label":"El Cabildo de Tenerife lanza una campa\u00f1a de verano con ofertas para residentes","link":"https:\/\/eldigitaldeasturias.com\/magazine365\/el-cabildo-de-tenerife-lanza-una-campana-de-verano-con-ofertas-para-residentes\/"}],"_links":{"self":[{"href":"https:\/\/eldigitaldeasturias.com\/magazine365\/wp-json\/wp\/v2\/posts\/40192","targetHints":{"allow":["GET"]}}],"collection":[{"href":"https:\/\/eldigitaldeasturias.com\/magazine365\/wp-json\/wp\/v2\/posts"}],"about":[{"href":"https:\/\/eldigitaldeasturias.com\/magazine365\/wp-json\/wp\/v2\/types\/post"}],"author":[{"embeddable":true,"href":"https:\/\/eldigitaldeasturias.com\/magazine365\/wp-json\/wp\/v2\/users\/1"}],"replies":[{"embeddable":true,"href":"https:\/\/eldigitaldeasturias.com\/magazine365\/wp-json\/wp\/v2\/comments?post=40192"}],"version-history":[{"count":0,"href":"https:\/\/eldigitaldeasturias.com\/magazine365\/wp-json\/wp\/v2\/posts\/40192\/revisions"}],"wp:featuredmedia":[{"embeddable":true,"href":"https:\/\/eldigitaldeasturias.com\/magazine365\/wp-json\/wp\/v2\/media\/40193"}],"wp:attachment":[{"href":"https:\/\/eldigitaldeasturias.com\/magazine365\/wp-json\/wp\/v2\/media?parent=40192"}],"wp:term":[{"taxonomy":"category","embeddable":true,"href":"https:\/\/eldigitaldeasturias.com\/magazine365\/wp-json\/wp\/v2\/categories?post=40192"},{"taxonomy":"post_tag","embeddable":true,"href":"https:\/\/eldigitaldeasturias.com\/magazine365\/wp-json\/wp\/v2\/tags?post=40192"}],"curies":[{"name":"wp","href":"https:\/\/api.w.org\/{rel}","templated":true}]}}