{"id":40189,"date":"2015-06-18T08:15:59","date_gmt":"2015-06-18T06:45:59","guid":{"rendered":"http:\/\/eldigitaldeasturias.com\/magazine365\/?p=40189"},"modified":"2015-06-18T08:15:59","modified_gmt":"2015-06-18T06:45:59","slug":"renfe-amplia-los-servicios-que-unen-malaga-con-barcelona-y-valencia-durante-el-verano","status":"publish","type":"post","link":"https:\/\/eldigitaldeasturias.com\/magazine365\/renfe-amplia-los-servicios-que-unen-malaga-con-barcelona-y-valencia-durante-el-verano\/","title":{"rendered":"Renfe ampl\u00eda los servicios que unen M\u00e1laga con Barcelona y Valencia durante el verano"},"content":{"rendered":"<p><img fetchpriority=\"high\" decoding=\"async\" class=\"alignleft size-medium wp-image-40190\" src=\"https:\/\/eldigitaldeasturias.com\/magazine365\/wp-content\/uploads\/2015\/06\/fotonoticia_20150617151612_800-360x243.jpg\" alt=\"fotonoticia_20150617151612_800\" width=\"360\" height=\"243\" srcset=\"https:\/\/eldigitaldeasturias.com\/magazine365\/wp-content\/uploads\/2015\/06\/fotonoticia_20150617151612_800-360x243.jpg 360w, https:\/\/eldigitaldeasturias.com\/magazine365\/wp-content\/uploads\/2015\/06\/fotonoticia_20150617151612_800-650x438.jpg 650w, https:\/\/eldigitaldeasturias.com\/magazine365\/wp-content\/uploads\/2015\/06\/fotonoticia_20150617151612_800-768x517.jpg 768w, https:\/\/eldigitaldeasturias.com\/magazine365\/wp-content\/uploads\/2015\/06\/fotonoticia_20150617151612_800-150x101.jpg 150w, https:\/\/eldigitaldeasturias.com\/magazine365\/wp-content\/uploads\/2015\/06\/fotonoticia_20150617151612_800-450x303.jpg 450w, https:\/\/eldigitaldeasturias.com\/magazine365\/wp-content\/uploads\/2015\/06\/fotonoticia_20150617151612_800-696x469.jpg 696w, https:\/\/eldigitaldeasturias.com\/magazine365\/wp-content\/uploads\/2015\/06\/fotonoticia_20150617151612_800-623x420.jpg 623w, https:\/\/eldigitaldeasturias.com\/magazine365\/wp-content\/uploads\/2015\/06\/fotonoticia_20150617151612_800.jpg 800w\" sizes=\"(max-width: 360px) 100vw, 360px\" \/>Renfe reforzar\u00e1 durante este verano los servicios de alta velocidad que enlazan M\u00e1laga con Barcelona y Valencia, ampliando los d\u00edas de circulaci\u00f3n de ambas relaciones. Adem\u00e1s, del 3 al 30 de agosto, circular\u00e1 el tren Picasso Bilbao-M\u00e1laga dos veces por semana.<\/p>\n<p>As\u00ed, entre Barcelona, C\u00f3rdoba y M\u00e1laga circulan a diario cuatro trenes AVE, dos por sentido. Esta oferta se ampliar\u00e1 los fines de semana de verano con una m\u00e1s. A partir del 13 de julio y hasta el pr\u00f3ximo 10 de septiembre ser\u00e1n seis los trenes AVE que enlacen estas ciudades los viernes, domingos y lunes, tres en cada sentido, seg\u00fan ha informado Renfe en un comunicado.<\/p>\n<p>Por su parte, los servicios de alta velocidad directos que actualmente unen la capital de la Costa del Sol con C\u00f3rdoba y Valencia los fines de semana ampliar\u00e1n sus d\u00edas de circulaci\u00f3n desde el 14 de julio hasta el 10 de septiembre. Desde M\u00e1laga hacia C\u00f3rdoba y Valencia habr\u00e1 servicio directo cada d\u00eda, excepto los lunes, mientras que en sentido inverso, desde Valencia hacia C\u00f3rdoba y la Costa del Sol, los trenes circular\u00e1n a diario excepto los s\u00e1bados.<\/p>\n<p>Con esta programaci\u00f3n especial para el periodo estival, la oferta semanal para viajar en trenes de alta velocidad directos entre Valencia, Cuenca, C\u00f3rdoba y M\u00e1laga superar\u00e1 las 2.800 plazas.<\/p>\n<p>TREN PICASSO<\/p>\n<p>Renfe ya ha puesto a la venta el servicio directo Bilbao-C\u00f3rdoba-M\u00e1laga para el mes de agosto. Este tren, conocido como Picasso, circular\u00e1 del 3 al 30 de agosto dos veces por semana.<\/p>\n<p>El servicio se presta con un tren Alvia, que puede circular tanto por v\u00edas convencionales como por l\u00edneas de alta velocidad, ofreciendo as\u00ed mejores tiempos de viaje. De esta manera, saldr\u00e1 de Bilbao los lunes y viernes a las 06.30 horas; y de M\u00e1laga los martes y domingos a las 12.25 horas, con paradas intermedias en Miranda de Ebro, Haro, Logro\u00f1o, Calahorra, Alfaro, Castej\u00f3n, Tudela de Navarra, Zaragoza, Calatayud, Ciudad Real, C\u00f3rdoba, Puente Genil-Herrera y Antequera-Santa Ana.<\/p>\n<p>El tiempo de viaje entre Bilbao y la capital de la Costa del Sol en este tren diurno es de nueve horas, ocho para el trayecto Bilbao-C\u00f3rdoba. Tambi\u00e9n se establecer\u00e1n enlaces oficiales Sevilla-Bilbao con enlace en la estaci\u00f3n de C\u00f3rdoba.<\/p>\n<p>Al igual que en el resto de servicios de Alta Velocidad-Larga Distancia, Renfe comercializa el Alvia Picasso Bilbao-M\u00e1laga con tarifas promocionales que ya est\u00e1n disponibles y que permitir\u00e1n viajar entre Bilbao y M\u00e1laga desde 27,25 euros o entre Bilbao y C\u00f3rdoba a partir de 26,05 euros.<\/p>\n","protected":false},"excerpt":{"rendered":"<p>Renfe reforzar\u00e1 durante este verano los servicios de alta velocidad que enlazan M\u00e1laga con Barcelona y Valencia, ampliando los d\u00edas de circulaci\u00f3n de ambas relaciones. Adem\u00e1s, del 3 al 30 de agosto, circular\u00e1 el tren Picasso Bilbao-M\u00e1laga dos veces por semana. As\u00ed, entre Barcelona, C\u00f3rdoba y M\u00e1laga circulan a diario cuatro trenes AVE, dos por<\/p>\n","protected":false},"author":1,"featured_media":40190,"comment_status":"open","ping_status":"closed","sticky":false,"template":"","format":"standard","meta":{"footnotes":""},"categories":[224],"tags":[],"class_list":{"0":"post-40189","1":"post","2":"type-post","3":"status-publish","4":"format-standard","5":"has-post-thumbnail","7":"category-noticias-actualidad"},"aioseo_notices":[],"aioseo_head":"\n\t\t<!-- All in One SEO Pro 4.9.6.1 - aioseo.com -->\n\t<meta name=\"description\" content=\"Renfe reforzar\u00e1 durante este verano los servicios de alta velocidad que enlazan M\u00e1laga con Barcelona y Valencia, ampliando los d\u00edas de circulaci\u00f3n de ambas relaciones. Adem\u00e1s, del 3 al 30 de agosto, circular\u00e1 el tren Picasso Bilbao-M\u00e1laga dos veces por semana. As\u00ed, entre Barcelona, C\u00f3rdoba y M\u00e1laga circulan a diario cuatro trenes AVE, dos por\" \/>\n\t<meta name=\"robots\" content=\"max-image-preview:large\" \/>\n\t<meta name=\"author\" content=\"admin\"\/>\n\t<meta name=\"google-site-verification\" content=\"UA-38556648-1\" \/>\n\t<meta name=\"keywords\" content=\"noticias y actualidad\" \/>\n\t<link rel=\"canonical\" href=\"https:\/\/eldigitaldeasturias.com\/magazine365\/renfe-amplia-los-servicios-que-unen-malaga-con-barcelona-y-valencia-durante-el-verano\/\" \/>\n\t<meta name=\"generator\" content=\"All in One SEO Pro (AIOSEO) 4.9.6.1\" \/>\n\t\t<meta property=\"og:locale\" content=\"es_ES\" \/>\n\t\t<meta property=\"og:site_name\" content=\"El Digital de Asturias \u2013 Revista de ocio, turismo y estilo de vida\" \/>\n\t\t<meta property=\"og:type\" content=\"article\" \/>\n\t\t<meta property=\"og:title\" content=\"Renfe ampl\u00eda los servicios que unen M\u00e1laga con Barcelona y Valencia durante el verano | El Digital de Asturias\" \/>\n\t\t<meta property=\"og:description\" content=\"Renfe reforzar\u00e1 durante este verano los servicios de alta velocidad que enlazan M\u00e1laga con Barcelona y Valencia, ampliando los d\u00edas de circulaci\u00f3n de ambas relaciones. Adem\u00e1s, del 3 al 30 de agosto, circular\u00e1 el tren Picasso Bilbao-M\u00e1laga dos veces por semana. As\u00ed, entre Barcelona, C\u00f3rdoba y M\u00e1laga circulan a diario cuatro trenes AVE, dos por\" \/>\n\t\t<meta property=\"og:url\" content=\"https:\/\/eldigitaldeasturias.com\/magazine365\/renfe-amplia-los-servicios-que-unen-malaga-con-barcelona-y-valencia-durante-el-verano\/\" \/>\n\t\t<meta property=\"og:image\" content=\"https:\/\/eldigitaldeasturias.com\/magazine365\/wp-content\/uploads\/2015\/06\/fotonoticia_20150617151612_800.jpg\" \/>\n\t\t<meta property=\"og:image:secure_url\" content=\"https:\/\/eldigitaldeasturias.com\/magazine365\/wp-content\/uploads\/2015\/06\/fotonoticia_20150617151612_800.jpg\" \/>\n\t\t<meta property=\"og:image:width\" content=\"800\" \/>\n\t\t<meta property=\"og:image:height\" content=\"539\" \/>\n\t\t<meta property=\"article:published_time\" content=\"2015-06-18T06:45:59+00:00\" \/>\n\t\t<meta property=\"article:modified_time\" content=\"2015-06-18T06:45:59+00:00\" \/>\n\t\t<meta name=\"twitter:card\" content=\"summary_large_image\" \/>\n\t\t<meta name=\"twitter:title\" content=\"Renfe ampl\u00eda los servicios que unen M\u00e1laga con Barcelona y Valencia durante el verano | El Digital de Asturias\" \/>\n\t\t<meta name=\"twitter:description\" content=\"Renfe reforzar\u00e1 durante este verano los servicios de alta velocidad que enlazan M\u00e1laga con Barcelona y Valencia, ampliando los d\u00edas de circulaci\u00f3n de ambas relaciones. Adem\u00e1s, del 3 al 30 de agosto, circular\u00e1 el tren Picasso Bilbao-M\u00e1laga dos veces por semana. As\u00ed, entre Barcelona, C\u00f3rdoba y M\u00e1laga circulan a diario cuatro trenes AVE, dos por\" \/>\n\t\t<meta name=\"twitter:image\" content=\"https:\/\/eldigitaldeasturias.com\/magazine365\/wp-content\/uploads\/2015\/06\/fotonoticia_20150617151612_800.jpg\" \/>\n\t\t<script type=\"application\/ld+json\" class=\"aioseo-schema\">\n\t\t\t{\"@context\":\"https:\\\/\\\/schema.org\",\"@graph\":[{\"@type\":\"Article\",\"@id\":\"https:\\\/\\\/eldigitaldeasturias.com\\\/magazine365\\\/renfe-amplia-los-servicios-que-unen-malaga-con-barcelona-y-valencia-durante-el-verano\\\/#article\",\"name\":\"Renfe ampl\\u00eda los servicios que unen M\\u00e1laga con Barcelona y Valencia durante el verano | El Digital de Asturias\",\"headline\":\"Renfe ampl\\u00eda los servicios que unen M\\u00e1laga con Barcelona y Valencia durante el verano\",\"author\":{\"@id\":\"https:\\\/\\\/eldigitaldeasturias.com\\\/magazine365\\\/author\\\/admin\\\/#author\"},\"publisher\":{\"@id\":\"https:\\\/\\\/eldigitaldeasturias.com\\\/magazine365\\\/#organization\"},\"image\":{\"@type\":\"ImageObject\",\"url\":\"https:\\\/\\\/eldigitaldeasturias.com\\\/magazine365\\\/wp-content\\\/uploads\\\/2015\\\/06\\\/fotonoticia_20150617151612_800.jpg\",\"width\":800,\"height\":539},\"datePublished\":\"2015-06-18T08:15:59+02:00\",\"dateModified\":\"2015-06-18T08:15:59+02:00\",\"inLanguage\":\"es-ES\",\"mainEntityOfPage\":{\"@id\":\"https:\\\/\\\/eldigitaldeasturias.com\\\/magazine365\\\/renfe-amplia-los-servicios-que-unen-malaga-con-barcelona-y-valencia-durante-el-verano\\\/#webpage\"},\"isPartOf\":{\"@id\":\"https:\\\/\\\/eldigitaldeasturias.com\\\/magazine365\\\/renfe-amplia-los-servicios-que-unen-malaga-con-barcelona-y-valencia-durante-el-verano\\\/#webpage\"},\"articleSection\":\"Noticias y Actualidad\"},{\"@type\":\"BreadcrumbList\",\"@id\":\"https:\\\/\\\/eldigitaldeasturias.com\\\/magazine365\\\/renfe-amplia-los-servicios-que-unen-malaga-con-barcelona-y-valencia-durante-el-verano\\\/#breadcrumblist\",\"itemListElement\":[{\"@type\":\"ListItem\",\"@id\":\"https:\\\/\\\/eldigitaldeasturias.com\\\/magazine365#listItem\",\"position\":1,\"name\":\"Home\",\"item\":\"https:\\\/\\\/eldigitaldeasturias.com\\\/magazine365\",\"nextItem\":{\"@type\":\"ListItem\",\"@id\":\"https:\\\/\\\/eldigitaldeasturias.com\\\/magazine365\\\/category\\\/noticias-actualidad\\\/#listItem\",\"name\":\"Noticias y Actualidad\"}},{\"@type\":\"ListItem\",\"@id\":\"https:\\\/\\\/eldigitaldeasturias.com\\\/magazine365\\\/category\\\/noticias-actualidad\\\/#listItem\",\"position\":2,\"name\":\"Noticias y Actualidad\",\"item\":\"https:\\\/\\\/eldigitaldeasturias.com\\\/magazine365\\\/category\\\/noticias-actualidad\\\/\",\"nextItem\":{\"@type\":\"ListItem\",\"@id\":\"https:\\\/\\\/eldigitaldeasturias.com\\\/magazine365\\\/renfe-amplia-los-servicios-que-unen-malaga-con-barcelona-y-valencia-durante-el-verano\\\/#listItem\",\"name\":\"Renfe ampl\\u00eda los servicios que unen M\\u00e1laga con Barcelona y Valencia durante el verano\"},\"previousItem\":{\"@type\":\"ListItem\",\"@id\":\"https:\\\/\\\/eldigitaldeasturias.com\\\/magazine365#listItem\",\"name\":\"Home\"}},{\"@type\":\"ListItem\",\"@id\":\"https:\\\/\\\/eldigitaldeasturias.com\\\/magazine365\\\/renfe-amplia-los-servicios-que-unen-malaga-con-barcelona-y-valencia-durante-el-verano\\\/#listItem\",\"position\":3,\"name\":\"Renfe ampl\\u00eda los servicios que unen M\\u00e1laga con Barcelona y Valencia durante el verano\",\"previousItem\":{\"@type\":\"ListItem\",\"@id\":\"https:\\\/\\\/eldigitaldeasturias.com\\\/magazine365\\\/category\\\/noticias-actualidad\\\/#listItem\",\"name\":\"Noticias y Actualidad\"}}]},{\"@type\":\"Organization\",\"@id\":\"https:\\\/\\\/eldigitaldeasturias.com\\\/magazine365\\\/#organization\",\"name\":\"El digital de Asturias\",\"description\":\"Revista de ocio, turismo y estilo de vida\",\"url\":\"https:\\\/\\\/eldigitaldeasturias.com\\\/magazine365\\\/\",\"logo\":{\"@type\":\"ImageObject\",\"url\":\"https:\\\/\\\/www.eldigitaldeasturias.com\\\/noticias\\\/wp-content\\\/uploads\\\/2020\\\/12\\\/EDA.jpg\",\"@id\":\"https:\\\/\\\/eldigitaldeasturias.com\\\/magazine365\\\/renfe-amplia-los-servicios-que-unen-malaga-con-barcelona-y-valencia-durante-el-verano\\\/#organizationLogo\"},\"image\":{\"@id\":\"https:\\\/\\\/eldigitaldeasturias.com\\\/magazine365\\\/renfe-amplia-los-servicios-que-unen-malaga-con-barcelona-y-valencia-durante-el-verano\\\/#organizationLogo\"}},{\"@type\":\"Person\",\"@id\":\"https:\\\/\\\/eldigitaldeasturias.com\\\/magazine365\\\/author\\\/admin\\\/#author\",\"url\":\"https:\\\/\\\/eldigitaldeasturias.com\\\/magazine365\\\/author\\\/admin\\\/\",\"name\":\"admin\",\"image\":{\"@type\":\"ImageObject\",\"@id\":\"https:\\\/\\\/eldigitaldeasturias.com\\\/magazine365\\\/renfe-amplia-los-servicios-que-unen-malaga-con-barcelona-y-valencia-durante-el-verano\\\/#authorImage\",\"url\":\"https:\\\/\\\/eldigitaldeasturias.com\\\/magazine365\\\/wp-content\\\/litespeed\\\/avatar\\\/e571bcf59a0edd6fa6838245a470f2fe.jpg?ver=1776969259\",\"width\":96,\"height\":96,\"caption\":\"admin\"}},{\"@type\":\"WebPage\",\"@id\":\"https:\\\/\\\/eldigitaldeasturias.com\\\/magazine365\\\/renfe-amplia-los-servicios-que-unen-malaga-con-barcelona-y-valencia-durante-el-verano\\\/#webpage\",\"url\":\"https:\\\/\\\/eldigitaldeasturias.com\\\/magazine365\\\/renfe-amplia-los-servicios-que-unen-malaga-con-barcelona-y-valencia-durante-el-verano\\\/\",\"name\":\"Renfe ampl\\u00eda los servicios que unen M\\u00e1laga con Barcelona y Valencia durante el verano | El Digital de Asturias\",\"description\":\"Renfe reforzar\\u00e1 durante este verano los servicios de alta velocidad que enlazan M\\u00e1laga con Barcelona y Valencia, ampliando los d\\u00edas de circulaci\\u00f3n de ambas relaciones. Adem\\u00e1s, del 3 al 30 de agosto, circular\\u00e1 el tren Picasso Bilbao-M\\u00e1laga dos veces por semana. As\\u00ed, entre Barcelona, C\\u00f3rdoba y M\\u00e1laga circulan a diario cuatro trenes AVE, dos por\",\"inLanguage\":\"es-ES\",\"isPartOf\":{\"@id\":\"https:\\\/\\\/eldigitaldeasturias.com\\\/magazine365\\\/#website\"},\"breadcrumb\":{\"@id\":\"https:\\\/\\\/eldigitaldeasturias.com\\\/magazine365\\\/renfe-amplia-los-servicios-que-unen-malaga-con-barcelona-y-valencia-durante-el-verano\\\/#breadcrumblist\"},\"author\":{\"@id\":\"https:\\\/\\\/eldigitaldeasturias.com\\\/magazine365\\\/author\\\/admin\\\/#author\"},\"creator\":{\"@id\":\"https:\\\/\\\/eldigitaldeasturias.com\\\/magazine365\\\/author\\\/admin\\\/#author\"},\"image\":{\"@type\":\"ImageObject\",\"url\":\"https:\\\/\\\/eldigitaldeasturias.com\\\/magazine365\\\/wp-content\\\/uploads\\\/2015\\\/06\\\/fotonoticia_20150617151612_800.jpg\",\"@id\":\"https:\\\/\\\/eldigitaldeasturias.com\\\/magazine365\\\/renfe-amplia-los-servicios-que-unen-malaga-con-barcelona-y-valencia-durante-el-verano\\\/#mainImage\",\"width\":800,\"height\":539},\"primaryImageOfPage\":{\"@id\":\"https:\\\/\\\/eldigitaldeasturias.com\\\/magazine365\\\/renfe-amplia-los-servicios-que-unen-malaga-con-barcelona-y-valencia-durante-el-verano\\\/#mainImage\"},\"datePublished\":\"2015-06-18T08:15:59+02:00\",\"dateModified\":\"2015-06-18T08:15:59+02:00\"},{\"@type\":\"WebSite\",\"@id\":\"https:\\\/\\\/eldigitaldeasturias.com\\\/magazine365\\\/#website\",\"url\":\"https:\\\/\\\/eldigitaldeasturias.com\\\/magazine365\\\/\",\"name\":\"El Digital de Asturias\",\"description\":\"Revista de ocio, turismo y estilo de vida\",\"inLanguage\":\"es-ES\",\"publisher\":{\"@id\":\"https:\\\/\\\/eldigitaldeasturias.com\\\/magazine365\\\/#organization\"}}]}\n\t\t<\/script>\n\t\t<!-- All in One SEO Pro -->\r\n\t\t<title>Renfe ampl\u00eda los servicios que unen M\u00e1laga con Barcelona y Valencia durante el verano | El Digital de Asturias<\/title>\n\n","aioseo_head_json":{"title":"Renfe ampl\u00eda los servicios que unen M\u00e1laga con Barcelona y Valencia durante el verano | El Digital de Asturias","description":"Renfe reforzar\u00e1 durante este verano los servicios de alta velocidad que enlazan M\u00e1laga con Barcelona y Valencia, ampliando los d\u00edas de circulaci\u00f3n de ambas relaciones. Adem\u00e1s, del 3 al 30 de agosto, circular\u00e1 el tren Picasso Bilbao-M\u00e1laga dos veces por semana. As\u00ed, entre Barcelona, C\u00f3rdoba y M\u00e1laga circulan a diario cuatro trenes AVE, dos por","canonical_url":"https:\/\/eldigitaldeasturias.com\/magazine365\/renfe-amplia-los-servicios-que-unen-malaga-con-barcelona-y-valencia-durante-el-verano\/","robots":"max-image-preview:large","keywords":"noticias y actualidad","webmasterTools":{"google-site-verification":"UA-38556648-1","miscellaneous":""},"schema":{"@context":"https:\/\/schema.org","@graph":[{"@type":"Article","@id":"https:\/\/eldigitaldeasturias.com\/magazine365\/renfe-amplia-los-servicios-que-unen-malaga-con-barcelona-y-valencia-durante-el-verano\/#article","name":"Renfe ampl\u00eda los servicios que unen M\u00e1laga con Barcelona y Valencia durante el verano | El Digital de Asturias","headline":"Renfe ampl\u00eda los servicios que unen M\u00e1laga con Barcelona y Valencia durante el verano","author":{"@id":"https:\/\/eldigitaldeasturias.com\/magazine365\/author\/admin\/#author"},"publisher":{"@id":"https:\/\/eldigitaldeasturias.com\/magazine365\/#organization"},"image":{"@type":"ImageObject","url":"https:\/\/eldigitaldeasturias.com\/magazine365\/wp-content\/uploads\/2015\/06\/fotonoticia_20150617151612_800.jpg","width":800,"height":539},"datePublished":"2015-06-18T08:15:59+02:00","dateModified":"2015-06-18T08:15:59+02:00","inLanguage":"es-ES","mainEntityOfPage":{"@id":"https:\/\/eldigitaldeasturias.com\/magazine365\/renfe-amplia-los-servicios-que-unen-malaga-con-barcelona-y-valencia-durante-el-verano\/#webpage"},"isPartOf":{"@id":"https:\/\/eldigitaldeasturias.com\/magazine365\/renfe-amplia-los-servicios-que-unen-malaga-con-barcelona-y-valencia-durante-el-verano\/#webpage"},"articleSection":"Noticias y Actualidad"},{"@type":"BreadcrumbList","@id":"https:\/\/eldigitaldeasturias.com\/magazine365\/renfe-amplia-los-servicios-que-unen-malaga-con-barcelona-y-valencia-durante-el-verano\/#breadcrumblist","itemListElement":[{"@type":"ListItem","@id":"https:\/\/eldigitaldeasturias.com\/magazine365#listItem","position":1,"name":"Home","item":"https:\/\/eldigitaldeasturias.com\/magazine365","nextItem":{"@type":"ListItem","@id":"https:\/\/eldigitaldeasturias.com\/magazine365\/category\/noticias-actualidad\/#listItem","name":"Noticias y Actualidad"}},{"@type":"ListItem","@id":"https:\/\/eldigitaldeasturias.com\/magazine365\/category\/noticias-actualidad\/#listItem","position":2,"name":"Noticias y Actualidad","item":"https:\/\/eldigitaldeasturias.com\/magazine365\/category\/noticias-actualidad\/","nextItem":{"@type":"ListItem","@id":"https:\/\/eldigitaldeasturias.com\/magazine365\/renfe-amplia-los-servicios-que-unen-malaga-con-barcelona-y-valencia-durante-el-verano\/#listItem","name":"Renfe ampl\u00eda los servicios que unen M\u00e1laga con Barcelona y Valencia durante el verano"},"previousItem":{"@type":"ListItem","@id":"https:\/\/eldigitaldeasturias.com\/magazine365#listItem","name":"Home"}},{"@type":"ListItem","@id":"https:\/\/eldigitaldeasturias.com\/magazine365\/renfe-amplia-los-servicios-que-unen-malaga-con-barcelona-y-valencia-durante-el-verano\/#listItem","position":3,"name":"Renfe ampl\u00eda los servicios que unen M\u00e1laga con Barcelona y Valencia durante el verano","previousItem":{"@type":"ListItem","@id":"https:\/\/eldigitaldeasturias.com\/magazine365\/category\/noticias-actualidad\/#listItem","name":"Noticias y Actualidad"}}]},{"@type":"Organization","@id":"https:\/\/eldigitaldeasturias.com\/magazine365\/#organization","name":"El digital de Asturias","description":"Revista de ocio, turismo y estilo de vida","url":"https:\/\/eldigitaldeasturias.com\/magazine365\/","logo":{"@type":"ImageObject","url":"https:\/\/www.eldigitaldeasturias.com\/noticias\/wp-content\/uploads\/2020\/12\/EDA.jpg","@id":"https:\/\/eldigitaldeasturias.com\/magazine365\/renfe-amplia-los-servicios-que-unen-malaga-con-barcelona-y-valencia-durante-el-verano\/#organizationLogo"},"image":{"@id":"https:\/\/eldigitaldeasturias.com\/magazine365\/renfe-amplia-los-servicios-que-unen-malaga-con-barcelona-y-valencia-durante-el-verano\/#organizationLogo"}},{"@type":"Person","@id":"https:\/\/eldigitaldeasturias.com\/magazine365\/author\/admin\/#author","url":"https:\/\/eldigitaldeasturias.com\/magazine365\/author\/admin\/","name":"admin","image":{"@type":"ImageObject","@id":"https:\/\/eldigitaldeasturias.com\/magazine365\/renfe-amplia-los-servicios-que-unen-malaga-con-barcelona-y-valencia-durante-el-verano\/#authorImage","url":"https:\/\/eldigitaldeasturias.com\/magazine365\/wp-content\/litespeed\/avatar\/e571bcf59a0edd6fa6838245a470f2fe.jpg?ver=1776969259","width":96,"height":96,"caption":"admin"}},{"@type":"WebPage","@id":"https:\/\/eldigitaldeasturias.com\/magazine365\/renfe-amplia-los-servicios-que-unen-malaga-con-barcelona-y-valencia-durante-el-verano\/#webpage","url":"https:\/\/eldigitaldeasturias.com\/magazine365\/renfe-amplia-los-servicios-que-unen-malaga-con-barcelona-y-valencia-durante-el-verano\/","name":"Renfe ampl\u00eda los servicios que unen M\u00e1laga con Barcelona y Valencia durante el verano | El Digital de Asturias","description":"Renfe reforzar\u00e1 durante este verano los servicios de alta velocidad que enlazan M\u00e1laga con Barcelona y Valencia, ampliando los d\u00edas de circulaci\u00f3n de ambas relaciones. Adem\u00e1s, del 3 al 30 de agosto, circular\u00e1 el tren Picasso Bilbao-M\u00e1laga dos veces por semana. As\u00ed, entre Barcelona, C\u00f3rdoba y M\u00e1laga circulan a diario cuatro trenes AVE, dos por","inLanguage":"es-ES","isPartOf":{"@id":"https:\/\/eldigitaldeasturias.com\/magazine365\/#website"},"breadcrumb":{"@id":"https:\/\/eldigitaldeasturias.com\/magazine365\/renfe-amplia-los-servicios-que-unen-malaga-con-barcelona-y-valencia-durante-el-verano\/#breadcrumblist"},"author":{"@id":"https:\/\/eldigitaldeasturias.com\/magazine365\/author\/admin\/#author"},"creator":{"@id":"https:\/\/eldigitaldeasturias.com\/magazine365\/author\/admin\/#author"},"image":{"@type":"ImageObject","url":"https:\/\/eldigitaldeasturias.com\/magazine365\/wp-content\/uploads\/2015\/06\/fotonoticia_20150617151612_800.jpg","@id":"https:\/\/eldigitaldeasturias.com\/magazine365\/renfe-amplia-los-servicios-que-unen-malaga-con-barcelona-y-valencia-durante-el-verano\/#mainImage","width":800,"height":539},"primaryImageOfPage":{"@id":"https:\/\/eldigitaldeasturias.com\/magazine365\/renfe-amplia-los-servicios-que-unen-malaga-con-barcelona-y-valencia-durante-el-verano\/#mainImage"},"datePublished":"2015-06-18T08:15:59+02:00","dateModified":"2015-06-18T08:15:59+02:00"},{"@type":"WebSite","@id":"https:\/\/eldigitaldeasturias.com\/magazine365\/#website","url":"https:\/\/eldigitaldeasturias.com\/magazine365\/","name":"El Digital de Asturias","description":"Revista de ocio, turismo y estilo de vida","inLanguage":"es-ES","publisher":{"@id":"https:\/\/eldigitaldeasturias.com\/magazine365\/#organization"}}]},"og:locale":"es_ES","og:site_name":"El Digital de Asturias \u2013 Revista de ocio, turismo y estilo de vida","og:type":"article","og:title":"Renfe ampl\u00eda los servicios que unen M\u00e1laga con Barcelona y Valencia durante el verano | El Digital de Asturias","og:description":"Renfe reforzar\u00e1 durante este verano los servicios de alta velocidad que enlazan M\u00e1laga con Barcelona y Valencia, ampliando los d\u00edas de circulaci\u00f3n de ambas relaciones. Adem\u00e1s, del 3 al 30 de agosto, circular\u00e1 el tren Picasso Bilbao-M\u00e1laga dos veces por semana. As\u00ed, entre Barcelona, C\u00f3rdoba y M\u00e1laga circulan a diario cuatro trenes AVE, dos por","og:url":"https:\/\/eldigitaldeasturias.com\/magazine365\/renfe-amplia-los-servicios-que-unen-malaga-con-barcelona-y-valencia-durante-el-verano\/","og:image":"https:\/\/eldigitaldeasturias.com\/magazine365\/wp-content\/uploads\/2015\/06\/fotonoticia_20150617151612_800.jpg","og:image:secure_url":"https:\/\/eldigitaldeasturias.com\/magazine365\/wp-content\/uploads\/2015\/06\/fotonoticia_20150617151612_800.jpg","og:image:width":800,"og:image:height":539,"article:published_time":"2015-06-18T06:45:59+00:00","article:modified_time":"2015-06-18T06:45:59+00:00","twitter:card":"summary_large_image","twitter:title":"Renfe ampl\u00eda los servicios que unen M\u00e1laga con Barcelona y Valencia durante el verano | El Digital de Asturias","twitter:description":"Renfe reforzar\u00e1 durante este verano los servicios de alta velocidad que enlazan M\u00e1laga con Barcelona y Valencia, ampliando los d\u00edas de circulaci\u00f3n de ambas relaciones. Adem\u00e1s, del 3 al 30 de agosto, circular\u00e1 el tren Picasso Bilbao-M\u00e1laga dos veces por semana. As\u00ed, entre Barcelona, C\u00f3rdoba y M\u00e1laga circulan a diario cuatro trenes AVE, dos por","twitter:image":"https:\/\/eldigitaldeasturias.com\/magazine365\/wp-content\/uploads\/2015\/06\/fotonoticia_20150617151612_800.jpg"},"aioseo_meta_data":{"post_id":"40189","title":null,"description":null,"keywords":null,"keyphrases":null,"primary_term":null,"canonical_url":null,"og_title":null,"og_description":null,"og_object_type":"default","og_image_type":"default","og_image_url":null,"og_image_width":null,"og_image_height":null,"og_image_custom_url":null,"og_image_custom_fields":null,"og_video":null,"og_custom_url":null,"og_article_section":null,"og_article_tags":null,"twitter_use_og":false,"twitter_card":"default","twitter_image_type":"default","twitter_image_url":null,"twitter_image_custom_url":null,"twitter_image_custom_fields":null,"twitter_title":null,"twitter_description":null,"schema":{"blockGraphs":[],"customGraphs":[],"default":{"data":{"Article":[],"Course":[],"Dataset":[],"FAQPage":[],"Movie":[],"Person":[],"Product":[],"ProductReview":[],"Car":[],"Recipe":[],"Service":[],"SoftwareApplication":[],"WebPage":[]},"graphName":"","isEnabled":true},"graphs":[],"defaultGraph":"","defaultPostTypeGraph":""},"schema_type":null,"schema_type_options":null,"pillar_content":false,"robots_default":true,"robots_noindex":false,"robots_noarchive":false,"robots_nosnippet":false,"robots_nofollow":false,"robots_noimageindex":false,"robots_noodp":false,"robots_notranslate":false,"robots_max_snippet":null,"robots_max_videopreview":null,"robots_max_imagepreview":"large","priority":null,"frequency":null,"location":null,"local_seo":null,"seo_analyzer_scan_date":"2025-09-19 13:06:56","breadcrumb_settings":null,"limit_modified_date":false,"open_ai":null,"ai":null,"created":"2021-03-09 02:31:42","updated":"2025-09-19 13:06:56"},"aioseo_breadcrumb":"<div class=\"aioseo-breadcrumbs\"><span class=\"aioseo-breadcrumb\">\n\t<a href=\"https:\/\/eldigitaldeasturias.com\/magazine365\" title=\"Home\">Home<\/a>\n<\/span><span class=\"aioseo-breadcrumb-separator\">\u2013<\/span><span class=\"aioseo-breadcrumb\">\n\t<a href=\"https:\/\/eldigitaldeasturias.com\/magazine365\/category\/noticias-actualidad\/\" title=\"Noticias y Actualidad\">Noticias y Actualidad<\/a>\n<\/span><span class=\"aioseo-breadcrumb-separator\">\u2013<\/span><span class=\"aioseo-breadcrumb\">\n\t<a href=\"https:\/\/eldigitaldeasturias.com\/magazine365\/renfe-amplia-los-servicios-que-unen-malaga-con-barcelona-y-valencia-durante-el-verano\/\" title=\"Renfe ampl\u00eda los servicios que unen M\u00e1laga con Barcelona y Valencia durante el verano\">Renfe ampl\u00eda los servicios que unen M\u00e1laga con Barcelona y Valencia durante el verano<\/a>\n<\/span><\/div>","aioseo_breadcrumb_json":[{"label":"Home","link":"https:\/\/eldigitaldeasturias.com\/magazine365"},{"label":"Noticias y Actualidad","link":"https:\/\/eldigitaldeasturias.com\/magazine365\/category\/noticias-actualidad\/"},{"label":"Renfe ampl\u00eda los servicios que unen M\u00e1laga con Barcelona y Valencia durante el verano","link":"https:\/\/eldigitaldeasturias.com\/magazine365\/renfe-amplia-los-servicios-que-unen-malaga-con-barcelona-y-valencia-durante-el-verano\/"}],"_links":{"self":[{"href":"https:\/\/eldigitaldeasturias.com\/magazine365\/wp-json\/wp\/v2\/posts\/40189","targetHints":{"allow":["GET"]}}],"collection":[{"href":"https:\/\/eldigitaldeasturias.com\/magazine365\/wp-json\/wp\/v2\/posts"}],"about":[{"href":"https:\/\/eldigitaldeasturias.com\/magazine365\/wp-json\/wp\/v2\/types\/post"}],"author":[{"embeddable":true,"href":"https:\/\/eldigitaldeasturias.com\/magazine365\/wp-json\/wp\/v2\/users\/1"}],"replies":[{"embeddable":true,"href":"https:\/\/eldigitaldeasturias.com\/magazine365\/wp-json\/wp\/v2\/comments?post=40189"}],"version-history":[{"count":0,"href":"https:\/\/eldigitaldeasturias.com\/magazine365\/wp-json\/wp\/v2\/posts\/40189\/revisions"}],"wp:featuredmedia":[{"embeddable":true,"href":"https:\/\/eldigitaldeasturias.com\/magazine365\/wp-json\/wp\/v2\/media\/40190"}],"wp:attachment":[{"href":"https:\/\/eldigitaldeasturias.com\/magazine365\/wp-json\/wp\/v2\/media?parent=40189"}],"wp:term":[{"taxonomy":"category","embeddable":true,"href":"https:\/\/eldigitaldeasturias.com\/magazine365\/wp-json\/wp\/v2\/categories?post=40189"},{"taxonomy":"post_tag","embeddable":true,"href":"https:\/\/eldigitaldeasturias.com\/magazine365\/wp-json\/wp\/v2\/tags?post=40189"}],"curies":[{"name":"wp","href":"https:\/\/api.w.org\/{rel}","templated":true}]}}