{"id":40186,"date":"2015-06-18T08:14:37","date_gmt":"2015-06-18T06:44:37","guid":{"rendered":"http:\/\/eldigitaldeasturias.com\/magazine365\/?p=40186"},"modified":"2015-06-18T08:14:37","modified_gmt":"2015-06-18T06:44:37","slug":"el-precio-del-alquiler-de-verano-en-el-sardinero-baja-casi-un-15-este-ano","status":"publish","type":"post","link":"https:\/\/eldigitaldeasturias.com\/magazine365\/el-precio-del-alquiler-de-verano-en-el-sardinero-baja-casi-un-15-este-ano\/","title":{"rendered":"El precio del alquiler de verano en el Sardinero baja casi un 15% este a\u00f1o"},"content":{"rendered":"<p><img fetchpriority=\"high\" decoding=\"async\" class=\"alignleft size-medium wp-image-40187\" src=\"https:\/\/eldigitaldeasturias.com\/magazine365\/wp-content\/uploads\/2015\/06\/fotonoticia_20150617151025_800-360x239.jpg\" alt=\"fotonoticia_20150617151025_800\" width=\"360\" height=\"239\" srcset=\"https:\/\/eldigitaldeasturias.com\/magazine365\/wp-content\/uploads\/2015\/06\/fotonoticia_20150617151025_800-360x239.jpg 360w, https:\/\/eldigitaldeasturias.com\/magazine365\/wp-content\/uploads\/2015\/06\/fotonoticia_20150617151025_800-650x431.jpg 650w, https:\/\/eldigitaldeasturias.com\/magazine365\/wp-content\/uploads\/2015\/06\/fotonoticia_20150617151025_800-768x510.jpg 768w, https:\/\/eldigitaldeasturias.com\/magazine365\/wp-content\/uploads\/2015\/06\/fotonoticia_20150617151025_800-150x100.jpg 150w, https:\/\/eldigitaldeasturias.com\/magazine365\/wp-content\/uploads\/2015\/06\/fotonoticia_20150617151025_800-450x299.jpg 450w, https:\/\/eldigitaldeasturias.com\/magazine365\/wp-content\/uploads\/2015\/06\/fotonoticia_20150617151025_800-696x462.jpg 696w, https:\/\/eldigitaldeasturias.com\/magazine365\/wp-content\/uploads\/2015\/06\/fotonoticia_20150617151025_800-633x420.jpg 633w, https:\/\/eldigitaldeasturias.com\/magazine365\/wp-content\/uploads\/2015\/06\/fotonoticia_20150617151025_800-84x55.jpg 84w, https:\/\/eldigitaldeasturias.com\/magazine365\/wp-content\/uploads\/2015\/06\/fotonoticia_20150617151025_800.jpg 800w\" sizes=\"(max-width: 360px) 100vw, 360px\" \/>El precio del alquiler de verano en El Sardinero, la zona de Espa\u00f1a donde se registr\u00f3 el alquiler vacacional m\u00e1s elevado el a\u00f1o pasado, baja esta temporada un 14,8%, seg\u00fan un informe elaborado por Tecnicasa.<\/p>\n<p>As\u00ed, en esta zona santanderina, el coste del alquiler semanal por metro cuadrado en primera l\u00ednea de playa ha pasado de costar 13,15 euros en 2014 a 11,20 euros este a\u00f1o.<\/p>\n<p>Adem\u00e1s, la localidad c\u00e1ntabra de San Vicente de la Barquera se encuentran entre los destinos m\u00e1s asequibles de alquiler en verano en primera l\u00ednea de playa.<\/p>\n<p>De acuerdo con este an\u00e1lisis, el precio medio del alquiler en primera l\u00ednea de playa sube un 7% este verano, hasta 595 euros, frente a los 552 de 2014.<\/p>\n<p>El lugar m\u00e1s caro para veranear en Espa\u00f1a es la Playa de&#8217;n Bossa, en Ibiza, donde un apartamento de 70 metros cuadrados asciende a los 1.680 euros por semana, mientras que el m\u00e1s barato se localiza en Lugo, donde se puede alquilar un apartamento de 60 metros cuadrados sin superar los 200 euros por semana.<\/p>\n<p>Si se cruzan estas tarifas con la renta media neta mensual por hogar en Espa\u00f1a (2.179 euros), una familia espa\u00f1ola necesitar\u00e1 el 27% de su sueldo de un mes &#8211;frente al porcentaje del 25% en 2014&#8211; para pagar una semana de vacaciones en la costa.<\/p>\n<p>En comunidades como Extremadura (37%), Murcia (34%), Canarias (33%) y Andaluc\u00eda (335) las familias deber\u00e1n hacer un esfuerzo mayo, mientras que en otras como Pa\u00eds Vasco y Navarra destinar\u00edan entre un 21% y un 22% de su sueldo mensual al alquiler de una semana de vacaciones en la costa.<\/p>\n<p>No obstante, la oferta de alquileres en las localidades costeras es \u00abmuy heterog\u00e9nea\u00bb y por lo tanto, los precios de las viviendas vacacionales var\u00edan en funci\u00f3n de aspectos como la tipolog\u00eda, la superficie, las dotaciones de las urbanizaciones o detalles como la inclusi\u00f3n o no de plaza de garaje.<\/p>\n<p>Pese a ello, seg\u00fan las viviendas tasadas por la entidad existe una tendencia al alza en los precios del alquiler semanal en primera l\u00ednea de playa. \u00abLos precios en los alquileres vacacionales est\u00e1n empezando a subir, con subidas moderadas cambiando radicalmente la tendencia que hemos venido experimentando en los \u00faltimos a\u00f1os\u00bb, ha afirmado el director t\u00e9cnico de TecniTasa, Fernando Garc\u00eda Marcos.<\/p>\n<p>BARCELONA, ALICANTE Y ALMER\u00cdA, LOS MAYORES INCREMENTOS<\/p>\n<p>Por provincias, Barcelona, Alicante y Almer\u00eda son las que muestran los mayores incrementos. En Torrevieja (Alicante) el precio de alquiler semanal m\u00e1s econ\u00f3mico sube un 23% con respecto al verano pasado y en Almer\u00eda la subida roza el 30% en primera l\u00ednea de playa.<\/p>\n<p>Castell\u00f3n es sin embargo la provincia que muestra el mayor descenso general en los precios de su costa. En playas como Alocebre, Oropesa o Monc\u00f3far bajan los precios de rentas vacacionales m\u00e1s de un 20%. Como ejemplo, en esta \u00faltima localidad un apartamento de 60 metros cuadrados en primera l\u00ednea pasa de costar 400 euros a la semana a 300 euros.<\/p>\n<p>Tambi\u00e9n se detectan descensos en zonas playeras tradicionalmente caras para veranear como Hondarribia en Guip\u00fazcoa o el Sardinero en Santander, que registr\u00f3 el a\u00f1o pasado el alquiler vacacional m\u00e1s elevado. En esta zona el costa del alquiler semana en primera l\u00ednea de playa por metro cuadrado es de 11,20 euros, frente a los 13,15 euros del verano de 2014.<\/p>\n<p>Por localidades, los destinos m\u00e1s asequibles se encuentran en las playas de A Coru\u00f1a (Esteiro, Portos\u00edn, Boiro, Muros, Ribeira), Lugo (Burela y O Vicedo), Las Palmas (Playa de las Canteras) y Valencia (Oliva), donde se pueda alquilar un apartamento de entre 40 y 90 metros cuadrados sin superar los 290 euros por semana.<\/p>\n<p>Por encima de la media, lo m\u00e1s caro adem\u00e1s de Ibiza (E&#8217;n Bossa en San Josep Sa Talaia por 1.680 euros por semana) figuran Cala Martina en Santa Eulalia Riu (1.629 euros por semana), Sant Antoni (1.524 euros por semana), Sotogrande en C\u00e1diz (1.500 euros por semana) y Hondarribia (1.325 euros por semana).<\/p>\n","protected":false},"excerpt":{"rendered":"<p>El precio del alquiler de verano en El Sardinero, la zona de Espa\u00f1a donde se registr\u00f3 el alquiler vacacional m\u00e1s elevado el a\u00f1o pasado, baja esta temporada un 14,8%, seg\u00fan un informe elaborado por Tecnicasa. As\u00ed, en esta zona santanderina, el coste del alquiler semanal por metro cuadrado en primera l\u00ednea de playa ha pasado<\/p>\n","protected":false},"author":1,"featured_media":40187,"comment_status":"open","ping_status":"closed","sticky":false,"template":"","format":"standard","meta":{"footnotes":""},"categories":[222],"tags":[],"class_list":{"0":"post-40186","1":"post","2":"type-post","3":"status-publish","4":"format-standard","5":"has-post-thumbnail","7":"category-actualidad-turismo"},"aioseo_notices":[],"aioseo_head":"\n\t\t<!-- All in One SEO Pro 4.9.6.1 - aioseo.com -->\n\t<meta name=\"description\" content=\"El precio del alquiler de verano en El Sardinero, la zona de Espa\u00f1a donde se registr\u00f3 el alquiler vacacional m\u00e1s elevado el a\u00f1o pasado, baja esta temporada un 14,8%, seg\u00fan un informe elaborado por Tecnicasa. As\u00ed, en esta zona santanderina, el coste del alquiler semanal por metro cuadrado en primera l\u00ednea de playa ha pasado\" \/>\n\t<meta name=\"robots\" content=\"max-image-preview:large\" \/>\n\t<meta name=\"author\" content=\"admin\"\/>\n\t<meta name=\"google-site-verification\" content=\"UA-38556648-1\" \/>\n\t<meta name=\"keywords\" content=\"actualidad turismo\" \/>\n\t<link rel=\"canonical\" href=\"https:\/\/eldigitaldeasturias.com\/magazine365\/el-precio-del-alquiler-de-verano-en-el-sardinero-baja-casi-un-15-este-ano\/\" \/>\n\t<meta name=\"generator\" content=\"All in One SEO Pro (AIOSEO) 4.9.6.1\" \/>\n\t\t<meta property=\"og:locale\" content=\"es_ES\" \/>\n\t\t<meta property=\"og:site_name\" content=\"El Digital de Asturias \u2013 Revista de ocio, turismo y estilo de vida\" \/>\n\t\t<meta property=\"og:type\" content=\"article\" \/>\n\t\t<meta property=\"og:title\" content=\"El precio del alquiler de verano en el Sardinero baja casi un 15% este a\u00f1o | El Digital de Asturias\" \/>\n\t\t<meta property=\"og:description\" content=\"El precio del alquiler de verano en El Sardinero, la zona de Espa\u00f1a donde se registr\u00f3 el alquiler vacacional m\u00e1s elevado el a\u00f1o pasado, baja esta temporada un 14,8%, seg\u00fan un informe elaborado por Tecnicasa. As\u00ed, en esta zona santanderina, el coste del alquiler semanal por metro cuadrado en primera l\u00ednea de playa ha pasado\" \/>\n\t\t<meta property=\"og:url\" content=\"https:\/\/eldigitaldeasturias.com\/magazine365\/el-precio-del-alquiler-de-verano-en-el-sardinero-baja-casi-un-15-este-ano\/\" \/>\n\t\t<meta property=\"og:image\" content=\"https:\/\/eldigitaldeasturias.com\/magazine365\/wp-content\/uploads\/2015\/06\/fotonoticia_20150617151025_800.jpg\" \/>\n\t\t<meta property=\"og:image:secure_url\" content=\"https:\/\/eldigitaldeasturias.com\/magazine365\/wp-content\/uploads\/2015\/06\/fotonoticia_20150617151025_800.jpg\" \/>\n\t\t<meta property=\"og:image:width\" content=\"800\" \/>\n\t\t<meta property=\"og:image:height\" content=\"531\" \/>\n\t\t<meta property=\"article:published_time\" content=\"2015-06-18T06:44:37+00:00\" \/>\n\t\t<meta property=\"article:modified_time\" content=\"2015-06-18T06:44:37+00:00\" \/>\n\t\t<meta name=\"twitter:card\" content=\"summary_large_image\" \/>\n\t\t<meta name=\"twitter:title\" content=\"El precio del alquiler de verano en el Sardinero baja casi un 15% este a\u00f1o | El Digital de Asturias\" \/>\n\t\t<meta name=\"twitter:description\" content=\"El precio del alquiler de verano en El Sardinero, la zona de Espa\u00f1a donde se registr\u00f3 el alquiler vacacional m\u00e1s elevado el a\u00f1o pasado, baja esta temporada un 14,8%, seg\u00fan un informe elaborado por Tecnicasa. As\u00ed, en esta zona santanderina, el coste del alquiler semanal por metro cuadrado en primera l\u00ednea de playa ha pasado\" \/>\n\t\t<meta name=\"twitter:image\" content=\"https:\/\/eldigitaldeasturias.com\/magazine365\/wp-content\/uploads\/2015\/06\/fotonoticia_20150617151025_800.jpg\" \/>\n\t\t<script type=\"application\/ld+json\" class=\"aioseo-schema\">\n\t\t\t{\"@context\":\"https:\\\/\\\/schema.org\",\"@graph\":[{\"@type\":\"Article\",\"@id\":\"https:\\\/\\\/eldigitaldeasturias.com\\\/magazine365\\\/el-precio-del-alquiler-de-verano-en-el-sardinero-baja-casi-un-15-este-ano\\\/#article\",\"name\":\"El precio del alquiler de verano en el Sardinero baja casi un 15% este a\\u00f1o | El Digital de Asturias\",\"headline\":\"El precio del alquiler de verano en el Sardinero baja casi un 15% este a\\u00f1o\",\"author\":{\"@id\":\"https:\\\/\\\/eldigitaldeasturias.com\\\/magazine365\\\/author\\\/admin\\\/#author\"},\"publisher\":{\"@id\":\"https:\\\/\\\/eldigitaldeasturias.com\\\/magazine365\\\/#organization\"},\"image\":{\"@type\":\"ImageObject\",\"url\":\"https:\\\/\\\/eldigitaldeasturias.com\\\/magazine365\\\/wp-content\\\/uploads\\\/2015\\\/06\\\/fotonoticia_20150617151025_800.jpg\",\"width\":800,\"height\":531},\"datePublished\":\"2015-06-18T08:14:37+02:00\",\"dateModified\":\"2015-06-18T08:14:37+02:00\",\"inLanguage\":\"es-ES\",\"mainEntityOfPage\":{\"@id\":\"https:\\\/\\\/eldigitaldeasturias.com\\\/magazine365\\\/el-precio-del-alquiler-de-verano-en-el-sardinero-baja-casi-un-15-este-ano\\\/#webpage\"},\"isPartOf\":{\"@id\":\"https:\\\/\\\/eldigitaldeasturias.com\\\/magazine365\\\/el-precio-del-alquiler-de-verano-en-el-sardinero-baja-casi-un-15-este-ano\\\/#webpage\"},\"articleSection\":\"Actualidad Turismo\"},{\"@type\":\"BreadcrumbList\",\"@id\":\"https:\\\/\\\/eldigitaldeasturias.com\\\/magazine365\\\/el-precio-del-alquiler-de-verano-en-el-sardinero-baja-casi-un-15-este-ano\\\/#breadcrumblist\",\"itemListElement\":[{\"@type\":\"ListItem\",\"@id\":\"https:\\\/\\\/eldigitaldeasturias.com\\\/magazine365#listItem\",\"position\":1,\"name\":\"Home\",\"item\":\"https:\\\/\\\/eldigitaldeasturias.com\\\/magazine365\",\"nextItem\":{\"@type\":\"ListItem\",\"@id\":\"https:\\\/\\\/eldigitaldeasturias.com\\\/magazine365\\\/category\\\/actualidad-turismo\\\/#listItem\",\"name\":\"Actualidad Turismo\"}},{\"@type\":\"ListItem\",\"@id\":\"https:\\\/\\\/eldigitaldeasturias.com\\\/magazine365\\\/category\\\/actualidad-turismo\\\/#listItem\",\"position\":2,\"name\":\"Actualidad Turismo\",\"item\":\"https:\\\/\\\/eldigitaldeasturias.com\\\/magazine365\\\/category\\\/actualidad-turismo\\\/\",\"nextItem\":{\"@type\":\"ListItem\",\"@id\":\"https:\\\/\\\/eldigitaldeasturias.com\\\/magazine365\\\/el-precio-del-alquiler-de-verano-en-el-sardinero-baja-casi-un-15-este-ano\\\/#listItem\",\"name\":\"El precio del alquiler de verano en el Sardinero baja casi un 15% este a\\u00f1o\"},\"previousItem\":{\"@type\":\"ListItem\",\"@id\":\"https:\\\/\\\/eldigitaldeasturias.com\\\/magazine365#listItem\",\"name\":\"Home\"}},{\"@type\":\"ListItem\",\"@id\":\"https:\\\/\\\/eldigitaldeasturias.com\\\/magazine365\\\/el-precio-del-alquiler-de-verano-en-el-sardinero-baja-casi-un-15-este-ano\\\/#listItem\",\"position\":3,\"name\":\"El precio del alquiler de verano en el Sardinero baja casi un 15% este a\\u00f1o\",\"previousItem\":{\"@type\":\"ListItem\",\"@id\":\"https:\\\/\\\/eldigitaldeasturias.com\\\/magazine365\\\/category\\\/actualidad-turismo\\\/#listItem\",\"name\":\"Actualidad Turismo\"}}]},{\"@type\":\"Organization\",\"@id\":\"https:\\\/\\\/eldigitaldeasturias.com\\\/magazine365\\\/#organization\",\"name\":\"El digital de Asturias\",\"description\":\"Revista de ocio, turismo y estilo de vida\",\"url\":\"https:\\\/\\\/eldigitaldeasturias.com\\\/magazine365\\\/\",\"logo\":{\"@type\":\"ImageObject\",\"url\":\"https:\\\/\\\/www.eldigitaldeasturias.com\\\/noticias\\\/wp-content\\\/uploads\\\/2020\\\/12\\\/EDA.jpg\",\"@id\":\"https:\\\/\\\/eldigitaldeasturias.com\\\/magazine365\\\/el-precio-del-alquiler-de-verano-en-el-sardinero-baja-casi-un-15-este-ano\\\/#organizationLogo\"},\"image\":{\"@id\":\"https:\\\/\\\/eldigitaldeasturias.com\\\/magazine365\\\/el-precio-del-alquiler-de-verano-en-el-sardinero-baja-casi-un-15-este-ano\\\/#organizationLogo\"}},{\"@type\":\"Person\",\"@id\":\"https:\\\/\\\/eldigitaldeasturias.com\\\/magazine365\\\/author\\\/admin\\\/#author\",\"url\":\"https:\\\/\\\/eldigitaldeasturias.com\\\/magazine365\\\/author\\\/admin\\\/\",\"name\":\"admin\",\"image\":{\"@type\":\"ImageObject\",\"@id\":\"https:\\\/\\\/eldigitaldeasturias.com\\\/magazine365\\\/el-precio-del-alquiler-de-verano-en-el-sardinero-baja-casi-un-15-este-ano\\\/#authorImage\",\"url\":\"https:\\\/\\\/eldigitaldeasturias.com\\\/magazine365\\\/wp-content\\\/litespeed\\\/avatar\\\/e571bcf59a0edd6fa6838245a470f2fe.jpg?ver=1776969259\",\"width\":96,\"height\":96,\"caption\":\"admin\"}},{\"@type\":\"WebPage\",\"@id\":\"https:\\\/\\\/eldigitaldeasturias.com\\\/magazine365\\\/el-precio-del-alquiler-de-verano-en-el-sardinero-baja-casi-un-15-este-ano\\\/#webpage\",\"url\":\"https:\\\/\\\/eldigitaldeasturias.com\\\/magazine365\\\/el-precio-del-alquiler-de-verano-en-el-sardinero-baja-casi-un-15-este-ano\\\/\",\"name\":\"El precio del alquiler de verano en el Sardinero baja casi un 15% este a\\u00f1o | El Digital de Asturias\",\"description\":\"El precio del alquiler de verano en El Sardinero, la zona de Espa\\u00f1a donde se registr\\u00f3 el alquiler vacacional m\\u00e1s elevado el a\\u00f1o pasado, baja esta temporada un 14,8%, seg\\u00fan un informe elaborado por Tecnicasa. As\\u00ed, en esta zona santanderina, el coste del alquiler semanal por metro cuadrado en primera l\\u00ednea de playa ha pasado\",\"inLanguage\":\"es-ES\",\"isPartOf\":{\"@id\":\"https:\\\/\\\/eldigitaldeasturias.com\\\/magazine365\\\/#website\"},\"breadcrumb\":{\"@id\":\"https:\\\/\\\/eldigitaldeasturias.com\\\/magazine365\\\/el-precio-del-alquiler-de-verano-en-el-sardinero-baja-casi-un-15-este-ano\\\/#breadcrumblist\"},\"author\":{\"@id\":\"https:\\\/\\\/eldigitaldeasturias.com\\\/magazine365\\\/author\\\/admin\\\/#author\"},\"creator\":{\"@id\":\"https:\\\/\\\/eldigitaldeasturias.com\\\/magazine365\\\/author\\\/admin\\\/#author\"},\"image\":{\"@type\":\"ImageObject\",\"url\":\"https:\\\/\\\/eldigitaldeasturias.com\\\/magazine365\\\/wp-content\\\/uploads\\\/2015\\\/06\\\/fotonoticia_20150617151025_800.jpg\",\"@id\":\"https:\\\/\\\/eldigitaldeasturias.com\\\/magazine365\\\/el-precio-del-alquiler-de-verano-en-el-sardinero-baja-casi-un-15-este-ano\\\/#mainImage\",\"width\":800,\"height\":531},\"primaryImageOfPage\":{\"@id\":\"https:\\\/\\\/eldigitaldeasturias.com\\\/magazine365\\\/el-precio-del-alquiler-de-verano-en-el-sardinero-baja-casi-un-15-este-ano\\\/#mainImage\"},\"datePublished\":\"2015-06-18T08:14:37+02:00\",\"dateModified\":\"2015-06-18T08:14:37+02:00\"},{\"@type\":\"WebSite\",\"@id\":\"https:\\\/\\\/eldigitaldeasturias.com\\\/magazine365\\\/#website\",\"url\":\"https:\\\/\\\/eldigitaldeasturias.com\\\/magazine365\\\/\",\"name\":\"El Digital de Asturias\",\"description\":\"Revista de ocio, turismo y estilo de vida\",\"inLanguage\":\"es-ES\",\"publisher\":{\"@id\":\"https:\\\/\\\/eldigitaldeasturias.com\\\/magazine365\\\/#organization\"}}]}\n\t\t<\/script>\n\t\t<!-- All in One SEO Pro -->\r\n\t\t<title>El precio del alquiler de verano en el Sardinero baja casi un 15% este a\u00f1o | El Digital de Asturias<\/title>\n\n","aioseo_head_json":{"title":"El precio del alquiler de verano en el Sardinero baja casi un 15% este a\u00f1o | El Digital de Asturias","description":"El precio del alquiler de verano en El Sardinero, la zona de Espa\u00f1a donde se registr\u00f3 el alquiler vacacional m\u00e1s elevado el a\u00f1o pasado, baja esta temporada un 14,8%, seg\u00fan un informe elaborado por Tecnicasa. As\u00ed, en esta zona santanderina, el coste del alquiler semanal por metro cuadrado en primera l\u00ednea de playa ha pasado","canonical_url":"https:\/\/eldigitaldeasturias.com\/magazine365\/el-precio-del-alquiler-de-verano-en-el-sardinero-baja-casi-un-15-este-ano\/","robots":"max-image-preview:large","keywords":"actualidad turismo","webmasterTools":{"google-site-verification":"UA-38556648-1","miscellaneous":""},"schema":{"@context":"https:\/\/schema.org","@graph":[{"@type":"Article","@id":"https:\/\/eldigitaldeasturias.com\/magazine365\/el-precio-del-alquiler-de-verano-en-el-sardinero-baja-casi-un-15-este-ano\/#article","name":"El precio del alquiler de verano en el Sardinero baja casi un 15% este a\u00f1o | El Digital de Asturias","headline":"El precio del alquiler de verano en el Sardinero baja casi un 15% este a\u00f1o","author":{"@id":"https:\/\/eldigitaldeasturias.com\/magazine365\/author\/admin\/#author"},"publisher":{"@id":"https:\/\/eldigitaldeasturias.com\/magazine365\/#organization"},"image":{"@type":"ImageObject","url":"https:\/\/eldigitaldeasturias.com\/magazine365\/wp-content\/uploads\/2015\/06\/fotonoticia_20150617151025_800.jpg","width":800,"height":531},"datePublished":"2015-06-18T08:14:37+02:00","dateModified":"2015-06-18T08:14:37+02:00","inLanguage":"es-ES","mainEntityOfPage":{"@id":"https:\/\/eldigitaldeasturias.com\/magazine365\/el-precio-del-alquiler-de-verano-en-el-sardinero-baja-casi-un-15-este-ano\/#webpage"},"isPartOf":{"@id":"https:\/\/eldigitaldeasturias.com\/magazine365\/el-precio-del-alquiler-de-verano-en-el-sardinero-baja-casi-un-15-este-ano\/#webpage"},"articleSection":"Actualidad Turismo"},{"@type":"BreadcrumbList","@id":"https:\/\/eldigitaldeasturias.com\/magazine365\/el-precio-del-alquiler-de-verano-en-el-sardinero-baja-casi-un-15-este-ano\/#breadcrumblist","itemListElement":[{"@type":"ListItem","@id":"https:\/\/eldigitaldeasturias.com\/magazine365#listItem","position":1,"name":"Home","item":"https:\/\/eldigitaldeasturias.com\/magazine365","nextItem":{"@type":"ListItem","@id":"https:\/\/eldigitaldeasturias.com\/magazine365\/category\/actualidad-turismo\/#listItem","name":"Actualidad Turismo"}},{"@type":"ListItem","@id":"https:\/\/eldigitaldeasturias.com\/magazine365\/category\/actualidad-turismo\/#listItem","position":2,"name":"Actualidad Turismo","item":"https:\/\/eldigitaldeasturias.com\/magazine365\/category\/actualidad-turismo\/","nextItem":{"@type":"ListItem","@id":"https:\/\/eldigitaldeasturias.com\/magazine365\/el-precio-del-alquiler-de-verano-en-el-sardinero-baja-casi-un-15-este-ano\/#listItem","name":"El precio del alquiler de verano en el Sardinero baja casi un 15% este a\u00f1o"},"previousItem":{"@type":"ListItem","@id":"https:\/\/eldigitaldeasturias.com\/magazine365#listItem","name":"Home"}},{"@type":"ListItem","@id":"https:\/\/eldigitaldeasturias.com\/magazine365\/el-precio-del-alquiler-de-verano-en-el-sardinero-baja-casi-un-15-este-ano\/#listItem","position":3,"name":"El precio del alquiler de verano en el Sardinero baja casi un 15% este a\u00f1o","previousItem":{"@type":"ListItem","@id":"https:\/\/eldigitaldeasturias.com\/magazine365\/category\/actualidad-turismo\/#listItem","name":"Actualidad Turismo"}}]},{"@type":"Organization","@id":"https:\/\/eldigitaldeasturias.com\/magazine365\/#organization","name":"El digital de Asturias","description":"Revista de ocio, turismo y estilo de vida","url":"https:\/\/eldigitaldeasturias.com\/magazine365\/","logo":{"@type":"ImageObject","url":"https:\/\/www.eldigitaldeasturias.com\/noticias\/wp-content\/uploads\/2020\/12\/EDA.jpg","@id":"https:\/\/eldigitaldeasturias.com\/magazine365\/el-precio-del-alquiler-de-verano-en-el-sardinero-baja-casi-un-15-este-ano\/#organizationLogo"},"image":{"@id":"https:\/\/eldigitaldeasturias.com\/magazine365\/el-precio-del-alquiler-de-verano-en-el-sardinero-baja-casi-un-15-este-ano\/#organizationLogo"}},{"@type":"Person","@id":"https:\/\/eldigitaldeasturias.com\/magazine365\/author\/admin\/#author","url":"https:\/\/eldigitaldeasturias.com\/magazine365\/author\/admin\/","name":"admin","image":{"@type":"ImageObject","@id":"https:\/\/eldigitaldeasturias.com\/magazine365\/el-precio-del-alquiler-de-verano-en-el-sardinero-baja-casi-un-15-este-ano\/#authorImage","url":"https:\/\/eldigitaldeasturias.com\/magazine365\/wp-content\/litespeed\/avatar\/e571bcf59a0edd6fa6838245a470f2fe.jpg?ver=1776969259","width":96,"height":96,"caption":"admin"}},{"@type":"WebPage","@id":"https:\/\/eldigitaldeasturias.com\/magazine365\/el-precio-del-alquiler-de-verano-en-el-sardinero-baja-casi-un-15-este-ano\/#webpage","url":"https:\/\/eldigitaldeasturias.com\/magazine365\/el-precio-del-alquiler-de-verano-en-el-sardinero-baja-casi-un-15-este-ano\/","name":"El precio del alquiler de verano en el Sardinero baja casi un 15% este a\u00f1o | El Digital de Asturias","description":"El precio del alquiler de verano en El Sardinero, la zona de Espa\u00f1a donde se registr\u00f3 el alquiler vacacional m\u00e1s elevado el a\u00f1o pasado, baja esta temporada un 14,8%, seg\u00fan un informe elaborado por Tecnicasa. As\u00ed, en esta zona santanderina, el coste del alquiler semanal por metro cuadrado en primera l\u00ednea de playa ha pasado","inLanguage":"es-ES","isPartOf":{"@id":"https:\/\/eldigitaldeasturias.com\/magazine365\/#website"},"breadcrumb":{"@id":"https:\/\/eldigitaldeasturias.com\/magazine365\/el-precio-del-alquiler-de-verano-en-el-sardinero-baja-casi-un-15-este-ano\/#breadcrumblist"},"author":{"@id":"https:\/\/eldigitaldeasturias.com\/magazine365\/author\/admin\/#author"},"creator":{"@id":"https:\/\/eldigitaldeasturias.com\/magazine365\/author\/admin\/#author"},"image":{"@type":"ImageObject","url":"https:\/\/eldigitaldeasturias.com\/magazine365\/wp-content\/uploads\/2015\/06\/fotonoticia_20150617151025_800.jpg","@id":"https:\/\/eldigitaldeasturias.com\/magazine365\/el-precio-del-alquiler-de-verano-en-el-sardinero-baja-casi-un-15-este-ano\/#mainImage","width":800,"height":531},"primaryImageOfPage":{"@id":"https:\/\/eldigitaldeasturias.com\/magazine365\/el-precio-del-alquiler-de-verano-en-el-sardinero-baja-casi-un-15-este-ano\/#mainImage"},"datePublished":"2015-06-18T08:14:37+02:00","dateModified":"2015-06-18T08:14:37+02:00"},{"@type":"WebSite","@id":"https:\/\/eldigitaldeasturias.com\/magazine365\/#website","url":"https:\/\/eldigitaldeasturias.com\/magazine365\/","name":"El Digital de Asturias","description":"Revista de ocio, turismo y estilo de vida","inLanguage":"es-ES","publisher":{"@id":"https:\/\/eldigitaldeasturias.com\/magazine365\/#organization"}}]},"og:locale":"es_ES","og:site_name":"El Digital de Asturias \u2013 Revista de ocio, turismo y estilo de vida","og:type":"article","og:title":"El precio del alquiler de verano en el Sardinero baja casi un 15% este a\u00f1o | El Digital de Asturias","og:description":"El precio del alquiler de verano en El Sardinero, la zona de Espa\u00f1a donde se registr\u00f3 el alquiler vacacional m\u00e1s elevado el a\u00f1o pasado, baja esta temporada un 14,8%, seg\u00fan un informe elaborado por Tecnicasa. As\u00ed, en esta zona santanderina, el coste del alquiler semanal por metro cuadrado en primera l\u00ednea de playa ha pasado","og:url":"https:\/\/eldigitaldeasturias.com\/magazine365\/el-precio-del-alquiler-de-verano-en-el-sardinero-baja-casi-un-15-este-ano\/","og:image":"https:\/\/eldigitaldeasturias.com\/magazine365\/wp-content\/uploads\/2015\/06\/fotonoticia_20150617151025_800.jpg","og:image:secure_url":"https:\/\/eldigitaldeasturias.com\/magazine365\/wp-content\/uploads\/2015\/06\/fotonoticia_20150617151025_800.jpg","og:image:width":800,"og:image:height":531,"article:published_time":"2015-06-18T06:44:37+00:00","article:modified_time":"2015-06-18T06:44:37+00:00","twitter:card":"summary_large_image","twitter:title":"El precio del alquiler de verano en el Sardinero baja casi un 15% este a\u00f1o | El Digital de Asturias","twitter:description":"El precio del alquiler de verano en El Sardinero, la zona de Espa\u00f1a donde se registr\u00f3 el alquiler vacacional m\u00e1s elevado el a\u00f1o pasado, baja esta temporada un 14,8%, seg\u00fan un informe elaborado por Tecnicasa. As\u00ed, en esta zona santanderina, el coste del alquiler semanal por metro cuadrado en primera l\u00ednea de playa ha pasado","twitter:image":"https:\/\/eldigitaldeasturias.com\/magazine365\/wp-content\/uploads\/2015\/06\/fotonoticia_20150617151025_800.jpg"},"aioseo_meta_data":{"post_id":"40186","title":null,"description":null,"keywords":null,"keyphrases":null,"primary_term":null,"canonical_url":null,"og_title":null,"og_description":null,"og_object_type":"default","og_image_type":"default","og_image_url":null,"og_image_width":null,"og_image_height":null,"og_image_custom_url":null,"og_image_custom_fields":null,"og_video":null,"og_custom_url":null,"og_article_section":null,"og_article_tags":null,"twitter_use_og":false,"twitter_card":"default","twitter_image_type":"default","twitter_image_url":null,"twitter_image_custom_url":null,"twitter_image_custom_fields":null,"twitter_title":null,"twitter_description":null,"schema":{"blockGraphs":[],"customGraphs":[],"default":{"data":{"Article":[],"Course":[],"Dataset":[],"FAQPage":[],"Movie":[],"Person":[],"Product":[],"ProductReview":[],"Car":[],"Recipe":[],"Service":[],"SoftwareApplication":[],"WebPage":[]},"graphName":"","isEnabled":true},"graphs":[],"defaultGraph":"","defaultPostTypeGraph":""},"schema_type":null,"schema_type_options":null,"pillar_content":false,"robots_default":true,"robots_noindex":false,"robots_noarchive":false,"robots_nosnippet":false,"robots_nofollow":false,"robots_noimageindex":false,"robots_noodp":false,"robots_notranslate":false,"robots_max_snippet":null,"robots_max_videopreview":null,"robots_max_imagepreview":"large","priority":null,"frequency":null,"location":null,"local_seo":null,"seo_analyzer_scan_date":"2025-09-19 13:06:54","breadcrumb_settings":null,"limit_modified_date":false,"open_ai":null,"ai":null,"created":"2021-03-09 02:31:42","updated":"2025-09-19 13:06:54"},"aioseo_breadcrumb":"<div class=\"aioseo-breadcrumbs\"><span class=\"aioseo-breadcrumb\">\n\t<a href=\"https:\/\/eldigitaldeasturias.com\/magazine365\" title=\"Home\">Home<\/a>\n<\/span><span class=\"aioseo-breadcrumb-separator\">\u2013<\/span><span class=\"aioseo-breadcrumb\">\n\t<a href=\"https:\/\/eldigitaldeasturias.com\/magazine365\/category\/actualidad-turismo\/\" title=\"Actualidad Turismo\">Actualidad Turismo<\/a>\n<\/span><span class=\"aioseo-breadcrumb-separator\">\u2013<\/span><span class=\"aioseo-breadcrumb\">\n\t<a href=\"https:\/\/eldigitaldeasturias.com\/magazine365\/el-precio-del-alquiler-de-verano-en-el-sardinero-baja-casi-un-15-este-ano\/\" title=\"El precio del alquiler de verano en el Sardinero baja casi un 15% este a\u00f1o\">El precio del alquiler de verano en el Sardinero baja casi un 15% este a\u00f1o<\/a>\n<\/span><\/div>","aioseo_breadcrumb_json":[{"label":"Home","link":"https:\/\/eldigitaldeasturias.com\/magazine365"},{"label":"Actualidad Turismo","link":"https:\/\/eldigitaldeasturias.com\/magazine365\/category\/actualidad-turismo\/"},{"label":"El precio del alquiler de verano en el Sardinero baja casi un 15% este a\u00f1o","link":"https:\/\/eldigitaldeasturias.com\/magazine365\/el-precio-del-alquiler-de-verano-en-el-sardinero-baja-casi-un-15-este-ano\/"}],"_links":{"self":[{"href":"https:\/\/eldigitaldeasturias.com\/magazine365\/wp-json\/wp\/v2\/posts\/40186","targetHints":{"allow":["GET"]}}],"collection":[{"href":"https:\/\/eldigitaldeasturias.com\/magazine365\/wp-json\/wp\/v2\/posts"}],"about":[{"href":"https:\/\/eldigitaldeasturias.com\/magazine365\/wp-json\/wp\/v2\/types\/post"}],"author":[{"embeddable":true,"href":"https:\/\/eldigitaldeasturias.com\/magazine365\/wp-json\/wp\/v2\/users\/1"}],"replies":[{"embeddable":true,"href":"https:\/\/eldigitaldeasturias.com\/magazine365\/wp-json\/wp\/v2\/comments?post=40186"}],"version-history":[{"count":0,"href":"https:\/\/eldigitaldeasturias.com\/magazine365\/wp-json\/wp\/v2\/posts\/40186\/revisions"}],"wp:featuredmedia":[{"embeddable":true,"href":"https:\/\/eldigitaldeasturias.com\/magazine365\/wp-json\/wp\/v2\/media\/40187"}],"wp:attachment":[{"href":"https:\/\/eldigitaldeasturias.com\/magazine365\/wp-json\/wp\/v2\/media?parent=40186"}],"wp:term":[{"taxonomy":"category","embeddable":true,"href":"https:\/\/eldigitaldeasturias.com\/magazine365\/wp-json\/wp\/v2\/categories?post=40186"},{"taxonomy":"post_tag","embeddable":true,"href":"https:\/\/eldigitaldeasturias.com\/magazine365\/wp-json\/wp\/v2\/tags?post=40186"}],"curies":[{"name":"wp","href":"https:\/\/api.w.org\/{rel}","templated":true}]}}