{"id":40180,"date":"2015-06-18T08:08:18","date_gmt":"2015-06-18T06:38:18","guid":{"rendered":"http:\/\/eldigitaldeasturias.com\/magazine365\/?p=40180"},"modified":"2015-06-18T08:08:18","modified_gmt":"2015-06-18T06:38:18","slug":"entorno-thyssen-gastronomico-hasta-el-2-de-agosto","status":"publish","type":"post","link":"https:\/\/eldigitaldeasturias.com\/magazine365\/entorno-thyssen-gastronomico-hasta-el-2-de-agosto\/","title":{"rendered":"Entorno Thyssen Gastron\u00f3mico hasta el 2 de agosto"},"content":{"rendered":"<p><img fetchpriority=\"high\" decoding=\"async\" class=\"alignleft size-medium wp-image-40181\" src=\"https:\/\/eldigitaldeasturias.com\/magazine365\/wp-content\/uploads\/2015\/06\/fotonoticia_20150617145800_800-213x300.jpg\" alt=\"fotonoticia_20150617145800_800\" width=\"213\" height=\"300\" srcset=\"https:\/\/eldigitaldeasturias.com\/magazine365\/wp-content\/uploads\/2015\/06\/fotonoticia_20150617145800_800-213x300.jpg 213w, https:\/\/eldigitaldeasturias.com\/magazine365\/wp-content\/uploads\/2015\/06\/fotonoticia_20150617145800_800-454x640.jpg 454w, https:\/\/eldigitaldeasturias.com\/magazine365\/wp-content\/uploads\/2015\/06\/fotonoticia_20150617145800_800-768x1083.jpg 768w, https:\/\/eldigitaldeasturias.com\/magazine365\/wp-content\/uploads\/2015\/06\/fotonoticia_20150617145800_800-150x212.jpg 150w, https:\/\/eldigitaldeasturias.com\/magazine365\/wp-content\/uploads\/2015\/06\/fotonoticia_20150617145800_800-450x635.jpg 450w, https:\/\/eldigitaldeasturias.com\/magazine365\/wp-content\/uploads\/2015\/06\/fotonoticia_20150617145800_800-696x981.jpg 696w, https:\/\/eldigitaldeasturias.com\/magazine365\/wp-content\/uploads\/2015\/06\/fotonoticia_20150617145800_800-298x420.jpg 298w, https:\/\/eldigitaldeasturias.com\/magazine365\/wp-content\/uploads\/2015\/06\/fotonoticia_20150617145800_800.jpg 800w\" sizes=\"(max-width: 213px) 100vw, 213px\" \/>Un total de 16 establecimientos del Entorno Thyssen de M\u00e1laga participan desde este jueves y hasta el pr\u00f3ximo 2 de agosto en &#8216;Entorno Thyssen Gastron\u00f3mico&#8217;, un evento dise\u00f1ado para promover la gastronom\u00eda local y que tendr\u00e1 como valor a\u00f1adido la entrada gratuita a la muestra temporal &#8216;D\u00edas de Verano, De Sorolla a Hopper&#8217;, expuesta en el Museo Carmen Thyssen M\u00e1laga. As\u00ed, habr\u00e1 propuestas culinarias, catas de cerveza artesanas y talleres de cocina con algas.<\/p>\n<p>Durante los d\u00edas que dura la acci\u00f3n, los establecimientos hosteleros ofrecer\u00e1n a sus clientes la carta especial &#8216;5 propuestas, 5 versiones&#8217;, en la que cada restaurante ha optado por un producto o plato para ofrecer cinco versiones: jam\u00f3n, arroz, aceitunas, croquetas, gazpacho, bacalao, jabal\u00ed, huevo, tomate y boquer\u00f3n.<\/p>\n<p>Los restaurantes participantes son El Calafate, La Dehesa de Santa Mar\u00eda, La Mafia, La Casa del Perro, Taper\u00eda Astrid, Entrevarales, Alea, Azahar Tapas, Hierbabuena Tapas y Marisquer\u00eda Canela Fina. Asimismo, el restaurante Le Diner del Hotel Vincci Posada del Patio ha dise\u00f1ado el plato &#8216;Taco de bacalao a la vizca\u00edna sobre flan de tomate y zanahoria safarnaria y mar de Soubisse&#8217;, inspirado en la obra &#8216;Bajo la sombrilla&#8217; de Luis Masriera de la exposici\u00f3n &#8216;D\u00edas de Verano&#8217;.<\/p>\n<p>Adem\u00e1s, 11 establecimientos del Entorno Thyssen colaboran en la actividad &#8216;Un vino para cada barra&#8217;, consistente en una copa de vino y una tapa al precio de tres euros. Se trata de La Dehesa de Santa Mar\u00eda, El Almac\u00e9n del Indiano, La Recova, La Buena Mano, Dulces Dreams, Alea, Azahar Tapas, Hierbabuena Tapas, Entrevarales, Canela Fina y Bocarte.<\/p>\n<p>Tambi\u00e9n el Museo Carmen Thyssen M\u00e1laga se une a este iniciativa. De hecho, todos los clientes que realicen una consumici\u00f3n de m\u00e1s de 12 euros en los establecimientos participantes del 18 de junio al 2 de agosto podr\u00e1n visitar gratis la exposici\u00f3n temporal &#8216;D\u00edas de Verano, De Sorolla a Hopper&#8217; en horario de 14.00 a 16.30 horas. Para ello, tendr\u00e1n que presentar su tique de consumici\u00f3n en la pinacoteca y se dar\u00e1 una invitaci\u00f3n por cada 12 euros de consumici\u00f3n.<\/p>\n<p>CATAS DE CERVEZA Y TALLER DE COCINA CON ALGAS<\/p>\n<p>&#8216;Entorno Thyssen Gastron\u00f3mico&#8217; contar\u00e1 adem\u00e1s con catas de cervezas artesanas que se celebrar\u00e1n los d\u00edas 3 y 10 de julio en la terraza del Carmen Gourmet Bar, situada en el propio museo. Dirigidas por el sumiller cervecero Javier Le\u00f3n, de La Domadora y el le\u00f3n &#8211;productora y distribuidora de cerveza artesanal&#8211;, se har\u00e1 un recorrido por los cinco pa\u00edses que tradicionalmente m\u00e1s han aportado al mundo de la cerveza: Rep\u00fablica Checa, Alemania-Austria, B\u00e9lgica, Reino Unido y Estados Unidos.<\/p>\n<p>Por \u00faltimo, los d\u00edas 2 y 9 de julio se realizar\u00e1n talleres de cocina con algas en el restaurante Tapadaki de manos del chef Rafael Jim\u00e9nez, profesor de la Escuela de Cocina Natural y Energ\u00e9tica de Montse Bradford (Barcelona), y propietario del establecimiento &#8216;Luz y Tierra&#8217;. El objetivo es transmitir la cultura de la alimentaci\u00f3n natural a los malague\u00f1os y visitantes del entorno con ingredientes ecol\u00f3gicos de la tierra.<\/p>\n<p>Durante el taller, de dos horas de duraci\u00f3n, se explicar\u00e1n las propiedades de las algas y se cocinar\u00e1n dos platos, uno por persona. Adem\u00e1s, se entregar\u00e1 un dossier con las recetas y se degustar\u00e1 un vino o una cerveza con el plato elaborado. Las entradas para participar tanto en las catas como en los talleres de cocina se podr\u00e1n adquirir en la web www.entradium.com.<\/p>\n","protected":false},"excerpt":{"rendered":"<p>Un total de 16 establecimientos del Entorno Thyssen de M\u00e1laga participan desde este jueves y hasta el pr\u00f3ximo 2 de agosto en &#8216;Entorno Thyssen Gastron\u00f3mico&#8217;, un evento dise\u00f1ado para promover la gastronom\u00eda local y que tendr\u00e1 como valor a\u00f1adido la entrada gratuita a la muestra temporal &#8216;D\u00edas de Verano, De Sorolla a Hopper&#8217;, expuesta en<\/p>\n","protected":false},"author":1,"featured_media":40181,"comment_status":"open","ping_status":"closed","sticky":false,"template":"","format":"standard","meta":{"footnotes":""},"categories":[224],"tags":[],"class_list":{"0":"post-40180","1":"post","2":"type-post","3":"status-publish","4":"format-standard","5":"has-post-thumbnail","7":"category-noticias-actualidad"},"aioseo_notices":[],"aioseo_head":"\n\t\t<!-- All in One SEO Pro 4.9.6.1 - aioseo.com -->\n\t<meta name=\"description\" content=\"Un total de 16 establecimientos del Entorno Thyssen de M\u00e1laga participan desde este jueves y hasta el pr\u00f3ximo 2 de agosto en &#039;Entorno Thyssen Gastron\u00f3mico&#039;, un evento dise\u00f1ado para promover la gastronom\u00eda local y que tendr\u00e1 como valor a\u00f1adido la entrada gratuita a la muestra temporal &#039;D\u00edas de Verano, De Sorolla a Hopper&#039;, expuesta en\" \/>\n\t<meta name=\"robots\" content=\"max-image-preview:large\" \/>\n\t<meta name=\"author\" content=\"admin\"\/>\n\t<meta name=\"google-site-verification\" content=\"UA-38556648-1\" \/>\n\t<meta name=\"keywords\" content=\"noticias y actualidad\" \/>\n\t<link rel=\"canonical\" href=\"https:\/\/eldigitaldeasturias.com\/magazine365\/entorno-thyssen-gastronomico-hasta-el-2-de-agosto\/\" \/>\n\t<meta name=\"generator\" content=\"All in One SEO Pro (AIOSEO) 4.9.6.1\" \/>\n\t\t<meta property=\"og:locale\" content=\"es_ES\" \/>\n\t\t<meta property=\"og:site_name\" content=\"El Digital de Asturias \u2013 Revista de ocio, turismo y estilo de vida\" \/>\n\t\t<meta property=\"og:type\" content=\"article\" \/>\n\t\t<meta property=\"og:title\" content=\"Entorno Thyssen Gastron\u00f3mico hasta el 2 de agosto | El Digital de Asturias\" \/>\n\t\t<meta property=\"og:description\" content=\"Un total de 16 establecimientos del Entorno Thyssen de M\u00e1laga participan desde este jueves y hasta el pr\u00f3ximo 2 de agosto en &#039;Entorno Thyssen Gastron\u00f3mico&#039;, un evento dise\u00f1ado para promover la gastronom\u00eda local y que tendr\u00e1 como valor a\u00f1adido la entrada gratuita a la muestra temporal &#039;D\u00edas de Verano, De Sorolla a Hopper&#039;, expuesta en\" \/>\n\t\t<meta property=\"og:url\" content=\"https:\/\/eldigitaldeasturias.com\/magazine365\/entorno-thyssen-gastronomico-hasta-el-2-de-agosto\/\" \/>\n\t\t<meta property=\"og:image\" content=\"https:\/\/eldigitaldeasturias.com\/magazine365\/wp-content\/uploads\/2015\/06\/fotonoticia_20150617145800_800.jpg\" \/>\n\t\t<meta property=\"og:image:secure_url\" content=\"https:\/\/eldigitaldeasturias.com\/magazine365\/wp-content\/uploads\/2015\/06\/fotonoticia_20150617145800_800.jpg\" \/>\n\t\t<meta property=\"og:image:width\" content=\"800\" \/>\n\t\t<meta property=\"og:image:height\" content=\"1128\" \/>\n\t\t<meta property=\"article:published_time\" content=\"2015-06-18T06:38:18+00:00\" \/>\n\t\t<meta property=\"article:modified_time\" content=\"2015-06-18T06:38:18+00:00\" \/>\n\t\t<meta name=\"twitter:card\" content=\"summary_large_image\" \/>\n\t\t<meta name=\"twitter:title\" content=\"Entorno Thyssen Gastron\u00f3mico hasta el 2 de agosto | El Digital de Asturias\" \/>\n\t\t<meta name=\"twitter:description\" content=\"Un total de 16 establecimientos del Entorno Thyssen de M\u00e1laga participan desde este jueves y hasta el pr\u00f3ximo 2 de agosto en &#039;Entorno Thyssen Gastron\u00f3mico&#039;, un evento dise\u00f1ado para promover la gastronom\u00eda local y que tendr\u00e1 como valor a\u00f1adido la entrada gratuita a la muestra temporal &#039;D\u00edas de Verano, De Sorolla a Hopper&#039;, expuesta en\" \/>\n\t\t<meta name=\"twitter:image\" content=\"https:\/\/eldigitaldeasturias.com\/magazine365\/wp-content\/uploads\/2015\/06\/fotonoticia_20150617145800_800.jpg\" \/>\n\t\t<script type=\"application\/ld+json\" class=\"aioseo-schema\">\n\t\t\t{\"@context\":\"https:\\\/\\\/schema.org\",\"@graph\":[{\"@type\":\"Article\",\"@id\":\"https:\\\/\\\/eldigitaldeasturias.com\\\/magazine365\\\/entorno-thyssen-gastronomico-hasta-el-2-de-agosto\\\/#article\",\"name\":\"Entorno Thyssen Gastron\\u00f3mico hasta el 2 de agosto | El Digital de Asturias\",\"headline\":\"Entorno Thyssen Gastron\\u00f3mico hasta el 2 de agosto\",\"author\":{\"@id\":\"https:\\\/\\\/eldigitaldeasturias.com\\\/magazine365\\\/author\\\/admin\\\/#author\"},\"publisher\":{\"@id\":\"https:\\\/\\\/eldigitaldeasturias.com\\\/magazine365\\\/#organization\"},\"image\":{\"@type\":\"ImageObject\",\"url\":\"https:\\\/\\\/eldigitaldeasturias.com\\\/magazine365\\\/wp-content\\\/uploads\\\/2015\\\/06\\\/fotonoticia_20150617145800_800.jpg\",\"width\":800,\"height\":1128},\"datePublished\":\"2015-06-18T08:08:18+02:00\",\"dateModified\":\"2015-06-18T08:08:18+02:00\",\"inLanguage\":\"es-ES\",\"mainEntityOfPage\":{\"@id\":\"https:\\\/\\\/eldigitaldeasturias.com\\\/magazine365\\\/entorno-thyssen-gastronomico-hasta-el-2-de-agosto\\\/#webpage\"},\"isPartOf\":{\"@id\":\"https:\\\/\\\/eldigitaldeasturias.com\\\/magazine365\\\/entorno-thyssen-gastronomico-hasta-el-2-de-agosto\\\/#webpage\"},\"articleSection\":\"Noticias y Actualidad\"},{\"@type\":\"BreadcrumbList\",\"@id\":\"https:\\\/\\\/eldigitaldeasturias.com\\\/magazine365\\\/entorno-thyssen-gastronomico-hasta-el-2-de-agosto\\\/#breadcrumblist\",\"itemListElement\":[{\"@type\":\"ListItem\",\"@id\":\"https:\\\/\\\/eldigitaldeasturias.com\\\/magazine365#listItem\",\"position\":1,\"name\":\"Home\",\"item\":\"https:\\\/\\\/eldigitaldeasturias.com\\\/magazine365\",\"nextItem\":{\"@type\":\"ListItem\",\"@id\":\"https:\\\/\\\/eldigitaldeasturias.com\\\/magazine365\\\/category\\\/noticias-actualidad\\\/#listItem\",\"name\":\"Noticias y Actualidad\"}},{\"@type\":\"ListItem\",\"@id\":\"https:\\\/\\\/eldigitaldeasturias.com\\\/magazine365\\\/category\\\/noticias-actualidad\\\/#listItem\",\"position\":2,\"name\":\"Noticias y Actualidad\",\"item\":\"https:\\\/\\\/eldigitaldeasturias.com\\\/magazine365\\\/category\\\/noticias-actualidad\\\/\",\"nextItem\":{\"@type\":\"ListItem\",\"@id\":\"https:\\\/\\\/eldigitaldeasturias.com\\\/magazine365\\\/entorno-thyssen-gastronomico-hasta-el-2-de-agosto\\\/#listItem\",\"name\":\"Entorno Thyssen Gastron\\u00f3mico hasta el 2 de agosto\"},\"previousItem\":{\"@type\":\"ListItem\",\"@id\":\"https:\\\/\\\/eldigitaldeasturias.com\\\/magazine365#listItem\",\"name\":\"Home\"}},{\"@type\":\"ListItem\",\"@id\":\"https:\\\/\\\/eldigitaldeasturias.com\\\/magazine365\\\/entorno-thyssen-gastronomico-hasta-el-2-de-agosto\\\/#listItem\",\"position\":3,\"name\":\"Entorno Thyssen Gastron\\u00f3mico hasta el 2 de agosto\",\"previousItem\":{\"@type\":\"ListItem\",\"@id\":\"https:\\\/\\\/eldigitaldeasturias.com\\\/magazine365\\\/category\\\/noticias-actualidad\\\/#listItem\",\"name\":\"Noticias y Actualidad\"}}]},{\"@type\":\"Organization\",\"@id\":\"https:\\\/\\\/eldigitaldeasturias.com\\\/magazine365\\\/#organization\",\"name\":\"El digital de Asturias\",\"description\":\"Revista de ocio, turismo y estilo de vida\",\"url\":\"https:\\\/\\\/eldigitaldeasturias.com\\\/magazine365\\\/\",\"logo\":{\"@type\":\"ImageObject\",\"url\":\"https:\\\/\\\/www.eldigitaldeasturias.com\\\/noticias\\\/wp-content\\\/uploads\\\/2020\\\/12\\\/EDA.jpg\",\"@id\":\"https:\\\/\\\/eldigitaldeasturias.com\\\/magazine365\\\/entorno-thyssen-gastronomico-hasta-el-2-de-agosto\\\/#organizationLogo\"},\"image\":{\"@id\":\"https:\\\/\\\/eldigitaldeasturias.com\\\/magazine365\\\/entorno-thyssen-gastronomico-hasta-el-2-de-agosto\\\/#organizationLogo\"}},{\"@type\":\"Person\",\"@id\":\"https:\\\/\\\/eldigitaldeasturias.com\\\/magazine365\\\/author\\\/admin\\\/#author\",\"url\":\"https:\\\/\\\/eldigitaldeasturias.com\\\/magazine365\\\/author\\\/admin\\\/\",\"name\":\"admin\",\"image\":{\"@type\":\"ImageObject\",\"@id\":\"https:\\\/\\\/eldigitaldeasturias.com\\\/magazine365\\\/entorno-thyssen-gastronomico-hasta-el-2-de-agosto\\\/#authorImage\",\"url\":\"https:\\\/\\\/eldigitaldeasturias.com\\\/magazine365\\\/wp-content\\\/litespeed\\\/avatar\\\/e571bcf59a0edd6fa6838245a470f2fe.jpg?ver=1776969259\",\"width\":96,\"height\":96,\"caption\":\"admin\"}},{\"@type\":\"WebPage\",\"@id\":\"https:\\\/\\\/eldigitaldeasturias.com\\\/magazine365\\\/entorno-thyssen-gastronomico-hasta-el-2-de-agosto\\\/#webpage\",\"url\":\"https:\\\/\\\/eldigitaldeasturias.com\\\/magazine365\\\/entorno-thyssen-gastronomico-hasta-el-2-de-agosto\\\/\",\"name\":\"Entorno Thyssen Gastron\\u00f3mico hasta el 2 de agosto | El Digital de Asturias\",\"description\":\"Un total de 16 establecimientos del Entorno Thyssen de M\\u00e1laga participan desde este jueves y hasta el pr\\u00f3ximo 2 de agosto en 'Entorno Thyssen Gastron\\u00f3mico', un evento dise\\u00f1ado para promover la gastronom\\u00eda local y que tendr\\u00e1 como valor a\\u00f1adido la entrada gratuita a la muestra temporal 'D\\u00edas de Verano, De Sorolla a Hopper', expuesta en\",\"inLanguage\":\"es-ES\",\"isPartOf\":{\"@id\":\"https:\\\/\\\/eldigitaldeasturias.com\\\/magazine365\\\/#website\"},\"breadcrumb\":{\"@id\":\"https:\\\/\\\/eldigitaldeasturias.com\\\/magazine365\\\/entorno-thyssen-gastronomico-hasta-el-2-de-agosto\\\/#breadcrumblist\"},\"author\":{\"@id\":\"https:\\\/\\\/eldigitaldeasturias.com\\\/magazine365\\\/author\\\/admin\\\/#author\"},\"creator\":{\"@id\":\"https:\\\/\\\/eldigitaldeasturias.com\\\/magazine365\\\/author\\\/admin\\\/#author\"},\"image\":{\"@type\":\"ImageObject\",\"url\":\"https:\\\/\\\/eldigitaldeasturias.com\\\/magazine365\\\/wp-content\\\/uploads\\\/2015\\\/06\\\/fotonoticia_20150617145800_800.jpg\",\"@id\":\"https:\\\/\\\/eldigitaldeasturias.com\\\/magazine365\\\/entorno-thyssen-gastronomico-hasta-el-2-de-agosto\\\/#mainImage\",\"width\":800,\"height\":1128},\"primaryImageOfPage\":{\"@id\":\"https:\\\/\\\/eldigitaldeasturias.com\\\/magazine365\\\/entorno-thyssen-gastronomico-hasta-el-2-de-agosto\\\/#mainImage\"},\"datePublished\":\"2015-06-18T08:08:18+02:00\",\"dateModified\":\"2015-06-18T08:08:18+02:00\"},{\"@type\":\"WebSite\",\"@id\":\"https:\\\/\\\/eldigitaldeasturias.com\\\/magazine365\\\/#website\",\"url\":\"https:\\\/\\\/eldigitaldeasturias.com\\\/magazine365\\\/\",\"name\":\"El Digital de Asturias\",\"description\":\"Revista de ocio, turismo y estilo de vida\",\"inLanguage\":\"es-ES\",\"publisher\":{\"@id\":\"https:\\\/\\\/eldigitaldeasturias.com\\\/magazine365\\\/#organization\"}}]}\n\t\t<\/script>\n\t\t<!-- All in One SEO Pro -->\r\n\t\t<title>Entorno Thyssen Gastron\u00f3mico hasta el 2 de agosto | El Digital de Asturias<\/title>\n\n","aioseo_head_json":{"title":"Entorno Thyssen Gastron\u00f3mico hasta el 2 de agosto | El Digital de Asturias","description":"Un total de 16 establecimientos del Entorno Thyssen de M\u00e1laga participan desde este jueves y hasta el pr\u00f3ximo 2 de agosto en 'Entorno Thyssen Gastron\u00f3mico', un evento dise\u00f1ado para promover la gastronom\u00eda local y que tendr\u00e1 como valor a\u00f1adido la entrada gratuita a la muestra temporal 'D\u00edas de Verano, De Sorolla a Hopper', expuesta en","canonical_url":"https:\/\/eldigitaldeasturias.com\/magazine365\/entorno-thyssen-gastronomico-hasta-el-2-de-agosto\/","robots":"max-image-preview:large","keywords":"noticias y actualidad","webmasterTools":{"google-site-verification":"UA-38556648-1","miscellaneous":""},"schema":{"@context":"https:\/\/schema.org","@graph":[{"@type":"Article","@id":"https:\/\/eldigitaldeasturias.com\/magazine365\/entorno-thyssen-gastronomico-hasta-el-2-de-agosto\/#article","name":"Entorno Thyssen Gastron\u00f3mico hasta el 2 de agosto | El Digital de Asturias","headline":"Entorno Thyssen Gastron\u00f3mico hasta el 2 de agosto","author":{"@id":"https:\/\/eldigitaldeasturias.com\/magazine365\/author\/admin\/#author"},"publisher":{"@id":"https:\/\/eldigitaldeasturias.com\/magazine365\/#organization"},"image":{"@type":"ImageObject","url":"https:\/\/eldigitaldeasturias.com\/magazine365\/wp-content\/uploads\/2015\/06\/fotonoticia_20150617145800_800.jpg","width":800,"height":1128},"datePublished":"2015-06-18T08:08:18+02:00","dateModified":"2015-06-18T08:08:18+02:00","inLanguage":"es-ES","mainEntityOfPage":{"@id":"https:\/\/eldigitaldeasturias.com\/magazine365\/entorno-thyssen-gastronomico-hasta-el-2-de-agosto\/#webpage"},"isPartOf":{"@id":"https:\/\/eldigitaldeasturias.com\/magazine365\/entorno-thyssen-gastronomico-hasta-el-2-de-agosto\/#webpage"},"articleSection":"Noticias y Actualidad"},{"@type":"BreadcrumbList","@id":"https:\/\/eldigitaldeasturias.com\/magazine365\/entorno-thyssen-gastronomico-hasta-el-2-de-agosto\/#breadcrumblist","itemListElement":[{"@type":"ListItem","@id":"https:\/\/eldigitaldeasturias.com\/magazine365#listItem","position":1,"name":"Home","item":"https:\/\/eldigitaldeasturias.com\/magazine365","nextItem":{"@type":"ListItem","@id":"https:\/\/eldigitaldeasturias.com\/magazine365\/category\/noticias-actualidad\/#listItem","name":"Noticias y Actualidad"}},{"@type":"ListItem","@id":"https:\/\/eldigitaldeasturias.com\/magazine365\/category\/noticias-actualidad\/#listItem","position":2,"name":"Noticias y Actualidad","item":"https:\/\/eldigitaldeasturias.com\/magazine365\/category\/noticias-actualidad\/","nextItem":{"@type":"ListItem","@id":"https:\/\/eldigitaldeasturias.com\/magazine365\/entorno-thyssen-gastronomico-hasta-el-2-de-agosto\/#listItem","name":"Entorno Thyssen Gastron\u00f3mico hasta el 2 de agosto"},"previousItem":{"@type":"ListItem","@id":"https:\/\/eldigitaldeasturias.com\/magazine365#listItem","name":"Home"}},{"@type":"ListItem","@id":"https:\/\/eldigitaldeasturias.com\/magazine365\/entorno-thyssen-gastronomico-hasta-el-2-de-agosto\/#listItem","position":3,"name":"Entorno Thyssen Gastron\u00f3mico hasta el 2 de agosto","previousItem":{"@type":"ListItem","@id":"https:\/\/eldigitaldeasturias.com\/magazine365\/category\/noticias-actualidad\/#listItem","name":"Noticias y Actualidad"}}]},{"@type":"Organization","@id":"https:\/\/eldigitaldeasturias.com\/magazine365\/#organization","name":"El digital de Asturias","description":"Revista de ocio, turismo y estilo de vida","url":"https:\/\/eldigitaldeasturias.com\/magazine365\/","logo":{"@type":"ImageObject","url":"https:\/\/www.eldigitaldeasturias.com\/noticias\/wp-content\/uploads\/2020\/12\/EDA.jpg","@id":"https:\/\/eldigitaldeasturias.com\/magazine365\/entorno-thyssen-gastronomico-hasta-el-2-de-agosto\/#organizationLogo"},"image":{"@id":"https:\/\/eldigitaldeasturias.com\/magazine365\/entorno-thyssen-gastronomico-hasta-el-2-de-agosto\/#organizationLogo"}},{"@type":"Person","@id":"https:\/\/eldigitaldeasturias.com\/magazine365\/author\/admin\/#author","url":"https:\/\/eldigitaldeasturias.com\/magazine365\/author\/admin\/","name":"admin","image":{"@type":"ImageObject","@id":"https:\/\/eldigitaldeasturias.com\/magazine365\/entorno-thyssen-gastronomico-hasta-el-2-de-agosto\/#authorImage","url":"https:\/\/eldigitaldeasturias.com\/magazine365\/wp-content\/litespeed\/avatar\/e571bcf59a0edd6fa6838245a470f2fe.jpg?ver=1776969259","width":96,"height":96,"caption":"admin"}},{"@type":"WebPage","@id":"https:\/\/eldigitaldeasturias.com\/magazine365\/entorno-thyssen-gastronomico-hasta-el-2-de-agosto\/#webpage","url":"https:\/\/eldigitaldeasturias.com\/magazine365\/entorno-thyssen-gastronomico-hasta-el-2-de-agosto\/","name":"Entorno Thyssen Gastron\u00f3mico hasta el 2 de agosto | El Digital de Asturias","description":"Un total de 16 establecimientos del Entorno Thyssen de M\u00e1laga participan desde este jueves y hasta el pr\u00f3ximo 2 de agosto en 'Entorno Thyssen Gastron\u00f3mico', un evento dise\u00f1ado para promover la gastronom\u00eda local y que tendr\u00e1 como valor a\u00f1adido la entrada gratuita a la muestra temporal 'D\u00edas de Verano, De Sorolla a Hopper', expuesta en","inLanguage":"es-ES","isPartOf":{"@id":"https:\/\/eldigitaldeasturias.com\/magazine365\/#website"},"breadcrumb":{"@id":"https:\/\/eldigitaldeasturias.com\/magazine365\/entorno-thyssen-gastronomico-hasta-el-2-de-agosto\/#breadcrumblist"},"author":{"@id":"https:\/\/eldigitaldeasturias.com\/magazine365\/author\/admin\/#author"},"creator":{"@id":"https:\/\/eldigitaldeasturias.com\/magazine365\/author\/admin\/#author"},"image":{"@type":"ImageObject","url":"https:\/\/eldigitaldeasturias.com\/magazine365\/wp-content\/uploads\/2015\/06\/fotonoticia_20150617145800_800.jpg","@id":"https:\/\/eldigitaldeasturias.com\/magazine365\/entorno-thyssen-gastronomico-hasta-el-2-de-agosto\/#mainImage","width":800,"height":1128},"primaryImageOfPage":{"@id":"https:\/\/eldigitaldeasturias.com\/magazine365\/entorno-thyssen-gastronomico-hasta-el-2-de-agosto\/#mainImage"},"datePublished":"2015-06-18T08:08:18+02:00","dateModified":"2015-06-18T08:08:18+02:00"},{"@type":"WebSite","@id":"https:\/\/eldigitaldeasturias.com\/magazine365\/#website","url":"https:\/\/eldigitaldeasturias.com\/magazine365\/","name":"El Digital de Asturias","description":"Revista de ocio, turismo y estilo de vida","inLanguage":"es-ES","publisher":{"@id":"https:\/\/eldigitaldeasturias.com\/magazine365\/#organization"}}]},"og:locale":"es_ES","og:site_name":"El Digital de Asturias \u2013 Revista de ocio, turismo y estilo de vida","og:type":"article","og:title":"Entorno Thyssen Gastron\u00f3mico hasta el 2 de agosto | El Digital de Asturias","og:description":"Un total de 16 establecimientos del Entorno Thyssen de M\u00e1laga participan desde este jueves y hasta el pr\u00f3ximo 2 de agosto en 'Entorno Thyssen Gastron\u00f3mico', un evento dise\u00f1ado para promover la gastronom\u00eda local y que tendr\u00e1 como valor a\u00f1adido la entrada gratuita a la muestra temporal 'D\u00edas de Verano, De Sorolla a Hopper', expuesta en","og:url":"https:\/\/eldigitaldeasturias.com\/magazine365\/entorno-thyssen-gastronomico-hasta-el-2-de-agosto\/","og:image":"https:\/\/eldigitaldeasturias.com\/magazine365\/wp-content\/uploads\/2015\/06\/fotonoticia_20150617145800_800.jpg","og:image:secure_url":"https:\/\/eldigitaldeasturias.com\/magazine365\/wp-content\/uploads\/2015\/06\/fotonoticia_20150617145800_800.jpg","og:image:width":800,"og:image:height":1128,"article:published_time":"2015-06-18T06:38:18+00:00","article:modified_time":"2015-06-18T06:38:18+00:00","twitter:card":"summary_large_image","twitter:title":"Entorno Thyssen Gastron\u00f3mico hasta el 2 de agosto | El Digital de Asturias","twitter:description":"Un total de 16 establecimientos del Entorno Thyssen de M\u00e1laga participan desde este jueves y hasta el pr\u00f3ximo 2 de agosto en 'Entorno Thyssen Gastron\u00f3mico', un evento dise\u00f1ado para promover la gastronom\u00eda local y que tendr\u00e1 como valor a\u00f1adido la entrada gratuita a la muestra temporal 'D\u00edas de Verano, De Sorolla a Hopper', expuesta en","twitter:image":"https:\/\/eldigitaldeasturias.com\/magazine365\/wp-content\/uploads\/2015\/06\/fotonoticia_20150617145800_800.jpg"},"aioseo_meta_data":{"post_id":"40180","title":null,"description":null,"keywords":null,"keyphrases":null,"primary_term":null,"canonical_url":null,"og_title":null,"og_description":null,"og_object_type":"default","og_image_type":"default","og_image_url":null,"og_image_width":null,"og_image_height":null,"og_image_custom_url":null,"og_image_custom_fields":null,"og_video":null,"og_custom_url":null,"og_article_section":null,"og_article_tags":null,"twitter_use_og":false,"twitter_card":"default","twitter_image_type":"default","twitter_image_url":null,"twitter_image_custom_url":null,"twitter_image_custom_fields":null,"twitter_title":null,"twitter_description":null,"schema":{"blockGraphs":[],"customGraphs":[],"default":{"data":{"Article":[],"Course":[],"Dataset":[],"FAQPage":[],"Movie":[],"Person":[],"Product":[],"ProductReview":[],"Car":[],"Recipe":[],"Service":[],"SoftwareApplication":[],"WebPage":[]},"graphName":"","isEnabled":true},"graphs":[],"defaultGraph":"","defaultPostTypeGraph":""},"schema_type":null,"schema_type_options":null,"pillar_content":false,"robots_default":true,"robots_noindex":false,"robots_noarchive":false,"robots_nosnippet":false,"robots_nofollow":false,"robots_noimageindex":false,"robots_noodp":false,"robots_notranslate":false,"robots_max_snippet":null,"robots_max_videopreview":null,"robots_max_imagepreview":"large","priority":null,"frequency":null,"location":null,"local_seo":null,"seo_analyzer_scan_date":"2025-09-19 13:05:23","breadcrumb_settings":null,"limit_modified_date":false,"open_ai":null,"ai":null,"created":"2021-03-09 02:31:42","updated":"2025-09-19 13:05:23"},"aioseo_breadcrumb":"<div class=\"aioseo-breadcrumbs\"><span class=\"aioseo-breadcrumb\">\n\t<a href=\"https:\/\/eldigitaldeasturias.com\/magazine365\" title=\"Home\">Home<\/a>\n<\/span><span class=\"aioseo-breadcrumb-separator\">\u2013<\/span><span class=\"aioseo-breadcrumb\">\n\t<a href=\"https:\/\/eldigitaldeasturias.com\/magazine365\/category\/noticias-actualidad\/\" title=\"Noticias y Actualidad\">Noticias y Actualidad<\/a>\n<\/span><span class=\"aioseo-breadcrumb-separator\">\u2013<\/span><span class=\"aioseo-breadcrumb\">\n\t<a href=\"https:\/\/eldigitaldeasturias.com\/magazine365\/entorno-thyssen-gastronomico-hasta-el-2-de-agosto\/\" title=\"Entorno Thyssen Gastron\u00f3mico hasta el 2 de agosto\">Entorno Thyssen Gastron\u00f3mico hasta el 2 de agosto<\/a>\n<\/span><\/div>","aioseo_breadcrumb_json":[{"label":"Home","link":"https:\/\/eldigitaldeasturias.com\/magazine365"},{"label":"Noticias y Actualidad","link":"https:\/\/eldigitaldeasturias.com\/magazine365\/category\/noticias-actualidad\/"},{"label":"Entorno Thyssen Gastron\u00f3mico hasta el 2 de agosto","link":"https:\/\/eldigitaldeasturias.com\/magazine365\/entorno-thyssen-gastronomico-hasta-el-2-de-agosto\/"}],"_links":{"self":[{"href":"https:\/\/eldigitaldeasturias.com\/magazine365\/wp-json\/wp\/v2\/posts\/40180","targetHints":{"allow":["GET"]}}],"collection":[{"href":"https:\/\/eldigitaldeasturias.com\/magazine365\/wp-json\/wp\/v2\/posts"}],"about":[{"href":"https:\/\/eldigitaldeasturias.com\/magazine365\/wp-json\/wp\/v2\/types\/post"}],"author":[{"embeddable":true,"href":"https:\/\/eldigitaldeasturias.com\/magazine365\/wp-json\/wp\/v2\/users\/1"}],"replies":[{"embeddable":true,"href":"https:\/\/eldigitaldeasturias.com\/magazine365\/wp-json\/wp\/v2\/comments?post=40180"}],"version-history":[{"count":0,"href":"https:\/\/eldigitaldeasturias.com\/magazine365\/wp-json\/wp\/v2\/posts\/40180\/revisions"}],"wp:featuredmedia":[{"embeddable":true,"href":"https:\/\/eldigitaldeasturias.com\/magazine365\/wp-json\/wp\/v2\/media\/40181"}],"wp:attachment":[{"href":"https:\/\/eldigitaldeasturias.com\/magazine365\/wp-json\/wp\/v2\/media?parent=40180"}],"wp:term":[{"taxonomy":"category","embeddable":true,"href":"https:\/\/eldigitaldeasturias.com\/magazine365\/wp-json\/wp\/v2\/categories?post=40180"},{"taxonomy":"post_tag","embeddable":true,"href":"https:\/\/eldigitaldeasturias.com\/magazine365\/wp-json\/wp\/v2\/tags?post=40180"}],"curies":[{"name":"wp","href":"https:\/\/api.w.org\/{rel}","templated":true}]}}