{"id":40174,"date":"2015-06-18T08:04:40","date_gmt":"2015-06-18T06:34:40","guid":{"rendered":"http:\/\/eldigitaldeasturias.com\/magazine365\/?p=40174"},"modified":"2015-06-18T08:04:40","modified_gmt":"2015-06-18T06:34:40","slug":"la-fehm-y-telefonica-presentan-el-perfil-del-turista-3-0-a-los-hoteleros-de-mallorca","status":"publish","type":"post","link":"https:\/\/eldigitaldeasturias.com\/magazine365\/la-fehm-y-telefonica-presentan-el-perfil-del-turista-3-0-a-los-hoteleros-de-mallorca\/","title":{"rendered":"La FEHM y Telef\u00f3nica presentan el perfil del turista 3.0 a los hoteleros de Mallorca"},"content":{"rendered":"<p><img fetchpriority=\"high\" decoding=\"async\" class=\"alignleft size-medium wp-image-40175\" src=\"https:\/\/eldigitaldeasturias.com\/magazine365\/wp-content\/uploads\/2015\/06\/fotonoticia_20150617143621_800-360x270.jpg\" alt=\"fotonoticia_20150617143621_800\" width=\"360\" height=\"270\" srcset=\"https:\/\/eldigitaldeasturias.com\/magazine365\/wp-content\/uploads\/2015\/06\/fotonoticia_20150617143621_800-360x270.jpg 360w, https:\/\/eldigitaldeasturias.com\/magazine365\/wp-content\/uploads\/2015\/06\/fotonoticia_20150617143621_800-650x488.jpg 650w, https:\/\/eldigitaldeasturias.com\/magazine365\/wp-content\/uploads\/2015\/06\/fotonoticia_20150617143621_800-768x576.jpg 768w, https:\/\/eldigitaldeasturias.com\/magazine365\/wp-content\/uploads\/2015\/06\/fotonoticia_20150617143621_800-150x113.jpg 150w, https:\/\/eldigitaldeasturias.com\/magazine365\/wp-content\/uploads\/2015\/06\/fotonoticia_20150617143621_800-450x338.jpg 450w, https:\/\/eldigitaldeasturias.com\/magazine365\/wp-content\/uploads\/2015\/06\/fotonoticia_20150617143621_800-80x60.jpg 80w, https:\/\/eldigitaldeasturias.com\/magazine365\/wp-content\/uploads\/2015\/06\/fotonoticia_20150617143621_800-265x198.jpg 265w, https:\/\/eldigitaldeasturias.com\/magazine365\/wp-content\/uploads\/2015\/06\/fotonoticia_20150617143621_800-696x522.jpg 696w, https:\/\/eldigitaldeasturias.com\/magazine365\/wp-content\/uploads\/2015\/06\/fotonoticia_20150617143621_800-560x420.jpg 560w, https:\/\/eldigitaldeasturias.com\/magazine365\/wp-content\/uploads\/2015\/06\/fotonoticia_20150617143621_800-90x67.jpg 90w, https:\/\/eldigitaldeasturias.com\/magazine365\/wp-content\/uploads\/2015\/06\/fotonoticia_20150617143621_800-100x75.jpg 100w, https:\/\/eldigitaldeasturias.com\/magazine365\/wp-content\/uploads\/2015\/06\/fotonoticia_20150617143621_800.jpg 800w\" sizes=\"(max-width: 360px) 100vw, 360px\" \/>La Federaci\u00f3n Empresarial Hotelera de Mallorca (FEHM) y Telef\u00f3nica han organizado una jornada con el objetivo de presentar el perfil del turista 3.0 a los hoteleros de la isla.<\/p>\n<p>Seg\u00fan han informado en un comunicado, Telef\u00f3nica ha presentado este mi\u00e9rcoles, ante un nutrido grupo de hoteleros mallorquines, las principales claves para el desarrollo del turismo digital 3.0. y ha planteado una mejora de los servicios hoteleros a trav\u00e9s de la interacci\u00f3n con el cliente digital y su apuesta por convertir al usuario en protagonista absoluto antes, durante y despu\u00e9s de su estancia a trav\u00e9s de la tecnolog\u00eda y la innovaci\u00f3n.<\/p>\n<p>La presidenta de la FEHM, Inmaculada Benito, ha valorado la celebraci\u00f3n de la jornada cuyo objetivo ha sido proporcionar a los empresarios la informaci\u00f3n sobre las herramientas a su alcance para gestionar de manera productiva la informaci\u00f3n e incrementar su competitividad.<\/p>\n<p>Por su parte, la directora de empresas de Telef\u00f3nica, Arantxa Doncel, ha explicado que han presentado las soluciones de innovaci\u00f3n que desde su empresa han preparado para la mejora de la competitividad. Mientras, la directora de Grandes Empresas de Telef\u00f3nica, Pilar Ferrer, ha manifestado que \u00abel Big Data permitir\u00e1 definir las estrategias del sector hotelero ajustando los servicios a las necesidades del turista\u00bb.<\/p>\n<p>Con el objetivo de revolucionar el sector hotelero, Telef\u00f3nica presenta su plan tecnol\u00f3gico para el turismo de Mallorca donde desarrolla su propuesta de implantar una comunicaci\u00f3n m\u00e1s social con el cliente a trav\u00e9s de herramientas digitales como las redes o la mejora del WiFi.<\/p>\n<p>DESARROLLO DE APLICACIONES.<\/p>\n<p>Telef\u00f3nica ha hecho hincapi\u00e9 en el desarrollo de las aplicaciones personalizadas como punto imprescindible en el crecimiento del sector hotelero, fomentando a trav\u00e9s de estas la gesti\u00f3n de reservas de los usuarios e impulsando a las mismas como portal del hotel. Asimismo, durante la jornada se ha destacado la importancia de la dinamizaci\u00f3n de los espacios, transformando los diferentes ambientes a trav\u00e9s de la m\u00fasica y el contenido audiovisual.<\/p>\n<p>Adem\u00e1s, ha defendido el paso del call center al contact center, con el que se ofrece un contacto con el cliente m\u00e1s global y multicanal, ampliando la efectividad en el flujo de la informaci\u00f3n y permitiendo mejorar la imagen del propio hotel. Tambi\u00e9n, se ha mostrado c\u00f3mo funcionan las pulseras contactless, que permiten realizar pagos con la mu\u00f1eca.<\/p>\n<p>Junto a estas propuestas, para concluir la jornada se ha presentado un estudio cuyas conclusiones servir\u00e1n para analizar el uso del Big Data como herramienta para adelantarse a las necesidades y servicios que pueda solicitar el turista ya que la gesti\u00f3n digital del turismo permitir\u00e1 adaptar los hoteles a la revoluci\u00f3n smart con un cliente mucho m\u00e1s exigente.<\/p>\n<p>Seg\u00fan el \u00faltimo Informe de la Sociedad de la Informaci\u00f3n, un 71,9% de las empresas baleares de menos de diez empleados dispone de conexi\u00f3n a Internet, 4,2 puntos porcentuales por encima de la media nacional.<\/p>\n<p>Adem\u00e1s, tanto las empresas como los ciudadanos de las Islas utilizan Internet diariamente y Baleares se sit\u00faa a la cabeza del e-commerce a nivel nacional. Actualmente ya son el 50,2% de los baleares los que realizan adquisiciones online, un 7% mas que la media nacional.<\/p>\n","protected":false},"excerpt":{"rendered":"<p>La Federaci\u00f3n Empresarial Hotelera de Mallorca (FEHM) y Telef\u00f3nica han organizado una jornada con el objetivo de presentar el perfil del turista 3.0 a los hoteleros de la isla. Seg\u00fan han informado en un comunicado, Telef\u00f3nica ha presentado este mi\u00e9rcoles, ante un nutrido grupo de hoteleros mallorquines, las principales claves para el desarrollo del turismo<\/p>\n","protected":false},"author":1,"featured_media":40175,"comment_status":"open","ping_status":"closed","sticky":false,"template":"","format":"standard","meta":{"footnotes":""},"categories":[222],"tags":[],"class_list":{"0":"post-40174","1":"post","2":"type-post","3":"status-publish","4":"format-standard","5":"has-post-thumbnail","7":"category-actualidad-turismo"},"aioseo_notices":[],"aioseo_head":"\n\t\t<!-- All in One SEO Pro 4.9.6.1 - aioseo.com -->\n\t<meta name=\"description\" content=\"La Federaci\u00f3n Empresarial Hotelera de Mallorca (FEHM) y Telef\u00f3nica han organizado una jornada con el objetivo de presentar el perfil del turista 3.0 a los hoteleros de la isla. Seg\u00fan han informado en un comunicado, Telef\u00f3nica ha presentado este mi\u00e9rcoles, ante un nutrido grupo de hoteleros mallorquines, las principales claves para el desarrollo del turismo\" \/>\n\t<meta name=\"robots\" content=\"max-image-preview:large\" \/>\n\t<meta name=\"author\" content=\"admin\"\/>\n\t<meta name=\"google-site-verification\" content=\"UA-38556648-1\" \/>\n\t<meta name=\"keywords\" content=\"actualidad turismo\" \/>\n\t<link rel=\"canonical\" href=\"https:\/\/eldigitaldeasturias.com\/magazine365\/la-fehm-y-telefonica-presentan-el-perfil-del-turista-3-0-a-los-hoteleros-de-mallorca\/\" \/>\n\t<meta name=\"generator\" content=\"All in One SEO Pro (AIOSEO) 4.9.6.1\" \/>\n\t\t<meta property=\"og:locale\" content=\"es_ES\" \/>\n\t\t<meta property=\"og:site_name\" content=\"El Digital de Asturias \u2013 Revista de ocio, turismo y estilo de vida\" \/>\n\t\t<meta property=\"og:type\" content=\"article\" \/>\n\t\t<meta property=\"og:title\" content=\"La FEHM y Telef\u00f3nica presentan el perfil del turista 3.0 a los hoteleros de Mallorca | El Digital de Asturias\" \/>\n\t\t<meta property=\"og:description\" content=\"La Federaci\u00f3n Empresarial Hotelera de Mallorca (FEHM) y Telef\u00f3nica han organizado una jornada con el objetivo de presentar el perfil del turista 3.0 a los hoteleros de la isla. Seg\u00fan han informado en un comunicado, Telef\u00f3nica ha presentado este mi\u00e9rcoles, ante un nutrido grupo de hoteleros mallorquines, las principales claves para el desarrollo del turismo\" \/>\n\t\t<meta property=\"og:url\" content=\"https:\/\/eldigitaldeasturias.com\/magazine365\/la-fehm-y-telefonica-presentan-el-perfil-del-turista-3-0-a-los-hoteleros-de-mallorca\/\" \/>\n\t\t<meta property=\"og:image\" content=\"https:\/\/eldigitaldeasturias.com\/magazine365\/wp-content\/uploads\/2015\/06\/fotonoticia_20150617143621_800.jpg\" \/>\n\t\t<meta property=\"og:image:secure_url\" content=\"https:\/\/eldigitaldeasturias.com\/magazine365\/wp-content\/uploads\/2015\/06\/fotonoticia_20150617143621_800.jpg\" \/>\n\t\t<meta property=\"og:image:width\" content=\"800\" \/>\n\t\t<meta property=\"og:image:height\" content=\"600\" \/>\n\t\t<meta property=\"article:published_time\" content=\"2015-06-18T06:34:40+00:00\" \/>\n\t\t<meta property=\"article:modified_time\" content=\"2015-06-18T06:34:40+00:00\" \/>\n\t\t<meta name=\"twitter:card\" content=\"summary_large_image\" \/>\n\t\t<meta name=\"twitter:title\" content=\"La FEHM y Telef\u00f3nica presentan el perfil del turista 3.0 a los hoteleros de Mallorca | El Digital de Asturias\" \/>\n\t\t<meta name=\"twitter:description\" content=\"La Federaci\u00f3n Empresarial Hotelera de Mallorca (FEHM) y Telef\u00f3nica han organizado una jornada con el objetivo de presentar el perfil del turista 3.0 a los hoteleros de la isla. Seg\u00fan han informado en un comunicado, Telef\u00f3nica ha presentado este mi\u00e9rcoles, ante un nutrido grupo de hoteleros mallorquines, las principales claves para el desarrollo del turismo\" \/>\n\t\t<meta name=\"twitter:image\" content=\"https:\/\/eldigitaldeasturias.com\/magazine365\/wp-content\/uploads\/2015\/06\/fotonoticia_20150617143621_800.jpg\" \/>\n\t\t<script type=\"application\/ld+json\" class=\"aioseo-schema\">\n\t\t\t{\"@context\":\"https:\\\/\\\/schema.org\",\"@graph\":[{\"@type\":\"Article\",\"@id\":\"https:\\\/\\\/eldigitaldeasturias.com\\\/magazine365\\\/la-fehm-y-telefonica-presentan-el-perfil-del-turista-3-0-a-los-hoteleros-de-mallorca\\\/#article\",\"name\":\"La FEHM y Telef\\u00f3nica presentan el perfil del turista 3.0 a los hoteleros de Mallorca | El Digital de Asturias\",\"headline\":\"La FEHM y Telef\\u00f3nica presentan el perfil del turista 3.0 a los hoteleros de Mallorca\",\"author\":{\"@id\":\"https:\\\/\\\/eldigitaldeasturias.com\\\/magazine365\\\/author\\\/admin\\\/#author\"},\"publisher\":{\"@id\":\"https:\\\/\\\/eldigitaldeasturias.com\\\/magazine365\\\/#organization\"},\"image\":{\"@type\":\"ImageObject\",\"url\":\"https:\\\/\\\/eldigitaldeasturias.com\\\/magazine365\\\/wp-content\\\/uploads\\\/2015\\\/06\\\/fotonoticia_20150617143621_800.jpg\",\"width\":800,\"height\":600},\"datePublished\":\"2015-06-18T08:04:40+02:00\",\"dateModified\":\"2015-06-18T08:04:40+02:00\",\"inLanguage\":\"es-ES\",\"mainEntityOfPage\":{\"@id\":\"https:\\\/\\\/eldigitaldeasturias.com\\\/magazine365\\\/la-fehm-y-telefonica-presentan-el-perfil-del-turista-3-0-a-los-hoteleros-de-mallorca\\\/#webpage\"},\"isPartOf\":{\"@id\":\"https:\\\/\\\/eldigitaldeasturias.com\\\/magazine365\\\/la-fehm-y-telefonica-presentan-el-perfil-del-turista-3-0-a-los-hoteleros-de-mallorca\\\/#webpage\"},\"articleSection\":\"Actualidad Turismo\"},{\"@type\":\"BreadcrumbList\",\"@id\":\"https:\\\/\\\/eldigitaldeasturias.com\\\/magazine365\\\/la-fehm-y-telefonica-presentan-el-perfil-del-turista-3-0-a-los-hoteleros-de-mallorca\\\/#breadcrumblist\",\"itemListElement\":[{\"@type\":\"ListItem\",\"@id\":\"https:\\\/\\\/eldigitaldeasturias.com\\\/magazine365#listItem\",\"position\":1,\"name\":\"Home\",\"item\":\"https:\\\/\\\/eldigitaldeasturias.com\\\/magazine365\",\"nextItem\":{\"@type\":\"ListItem\",\"@id\":\"https:\\\/\\\/eldigitaldeasturias.com\\\/magazine365\\\/category\\\/actualidad-turismo\\\/#listItem\",\"name\":\"Actualidad Turismo\"}},{\"@type\":\"ListItem\",\"@id\":\"https:\\\/\\\/eldigitaldeasturias.com\\\/magazine365\\\/category\\\/actualidad-turismo\\\/#listItem\",\"position\":2,\"name\":\"Actualidad Turismo\",\"item\":\"https:\\\/\\\/eldigitaldeasturias.com\\\/magazine365\\\/category\\\/actualidad-turismo\\\/\",\"nextItem\":{\"@type\":\"ListItem\",\"@id\":\"https:\\\/\\\/eldigitaldeasturias.com\\\/magazine365\\\/la-fehm-y-telefonica-presentan-el-perfil-del-turista-3-0-a-los-hoteleros-de-mallorca\\\/#listItem\",\"name\":\"La FEHM y Telef\\u00f3nica presentan el perfil del turista 3.0 a los hoteleros de Mallorca\"},\"previousItem\":{\"@type\":\"ListItem\",\"@id\":\"https:\\\/\\\/eldigitaldeasturias.com\\\/magazine365#listItem\",\"name\":\"Home\"}},{\"@type\":\"ListItem\",\"@id\":\"https:\\\/\\\/eldigitaldeasturias.com\\\/magazine365\\\/la-fehm-y-telefonica-presentan-el-perfil-del-turista-3-0-a-los-hoteleros-de-mallorca\\\/#listItem\",\"position\":3,\"name\":\"La FEHM y Telef\\u00f3nica presentan el perfil del turista 3.0 a los hoteleros de Mallorca\",\"previousItem\":{\"@type\":\"ListItem\",\"@id\":\"https:\\\/\\\/eldigitaldeasturias.com\\\/magazine365\\\/category\\\/actualidad-turismo\\\/#listItem\",\"name\":\"Actualidad Turismo\"}}]},{\"@type\":\"Organization\",\"@id\":\"https:\\\/\\\/eldigitaldeasturias.com\\\/magazine365\\\/#organization\",\"name\":\"El digital de Asturias\",\"description\":\"Revista de ocio, turismo y estilo de vida\",\"url\":\"https:\\\/\\\/eldigitaldeasturias.com\\\/magazine365\\\/\",\"logo\":{\"@type\":\"ImageObject\",\"url\":\"https:\\\/\\\/www.eldigitaldeasturias.com\\\/noticias\\\/wp-content\\\/uploads\\\/2020\\\/12\\\/EDA.jpg\",\"@id\":\"https:\\\/\\\/eldigitaldeasturias.com\\\/magazine365\\\/la-fehm-y-telefonica-presentan-el-perfil-del-turista-3-0-a-los-hoteleros-de-mallorca\\\/#organizationLogo\"},\"image\":{\"@id\":\"https:\\\/\\\/eldigitaldeasturias.com\\\/magazine365\\\/la-fehm-y-telefonica-presentan-el-perfil-del-turista-3-0-a-los-hoteleros-de-mallorca\\\/#organizationLogo\"}},{\"@type\":\"Person\",\"@id\":\"https:\\\/\\\/eldigitaldeasturias.com\\\/magazine365\\\/author\\\/admin\\\/#author\",\"url\":\"https:\\\/\\\/eldigitaldeasturias.com\\\/magazine365\\\/author\\\/admin\\\/\",\"name\":\"admin\",\"image\":{\"@type\":\"ImageObject\",\"@id\":\"https:\\\/\\\/eldigitaldeasturias.com\\\/magazine365\\\/la-fehm-y-telefonica-presentan-el-perfil-del-turista-3-0-a-los-hoteleros-de-mallorca\\\/#authorImage\",\"url\":\"https:\\\/\\\/eldigitaldeasturias.com\\\/magazine365\\\/wp-content\\\/litespeed\\\/avatar\\\/e571bcf59a0edd6fa6838245a470f2fe.jpg?ver=1776969259\",\"width\":96,\"height\":96,\"caption\":\"admin\"}},{\"@type\":\"WebPage\",\"@id\":\"https:\\\/\\\/eldigitaldeasturias.com\\\/magazine365\\\/la-fehm-y-telefonica-presentan-el-perfil-del-turista-3-0-a-los-hoteleros-de-mallorca\\\/#webpage\",\"url\":\"https:\\\/\\\/eldigitaldeasturias.com\\\/magazine365\\\/la-fehm-y-telefonica-presentan-el-perfil-del-turista-3-0-a-los-hoteleros-de-mallorca\\\/\",\"name\":\"La FEHM y Telef\\u00f3nica presentan el perfil del turista 3.0 a los hoteleros de Mallorca | El Digital de Asturias\",\"description\":\"La Federaci\\u00f3n Empresarial Hotelera de Mallorca (FEHM) y Telef\\u00f3nica han organizado una jornada con el objetivo de presentar el perfil del turista 3.0 a los hoteleros de la isla. Seg\\u00fan han informado en un comunicado, Telef\\u00f3nica ha presentado este mi\\u00e9rcoles, ante un nutrido grupo de hoteleros mallorquines, las principales claves para el desarrollo del turismo\",\"inLanguage\":\"es-ES\",\"isPartOf\":{\"@id\":\"https:\\\/\\\/eldigitaldeasturias.com\\\/magazine365\\\/#website\"},\"breadcrumb\":{\"@id\":\"https:\\\/\\\/eldigitaldeasturias.com\\\/magazine365\\\/la-fehm-y-telefonica-presentan-el-perfil-del-turista-3-0-a-los-hoteleros-de-mallorca\\\/#breadcrumblist\"},\"author\":{\"@id\":\"https:\\\/\\\/eldigitaldeasturias.com\\\/magazine365\\\/author\\\/admin\\\/#author\"},\"creator\":{\"@id\":\"https:\\\/\\\/eldigitaldeasturias.com\\\/magazine365\\\/author\\\/admin\\\/#author\"},\"image\":{\"@type\":\"ImageObject\",\"url\":\"https:\\\/\\\/eldigitaldeasturias.com\\\/magazine365\\\/wp-content\\\/uploads\\\/2015\\\/06\\\/fotonoticia_20150617143621_800.jpg\",\"@id\":\"https:\\\/\\\/eldigitaldeasturias.com\\\/magazine365\\\/la-fehm-y-telefonica-presentan-el-perfil-del-turista-3-0-a-los-hoteleros-de-mallorca\\\/#mainImage\",\"width\":800,\"height\":600},\"primaryImageOfPage\":{\"@id\":\"https:\\\/\\\/eldigitaldeasturias.com\\\/magazine365\\\/la-fehm-y-telefonica-presentan-el-perfil-del-turista-3-0-a-los-hoteleros-de-mallorca\\\/#mainImage\"},\"datePublished\":\"2015-06-18T08:04:40+02:00\",\"dateModified\":\"2015-06-18T08:04:40+02:00\"},{\"@type\":\"WebSite\",\"@id\":\"https:\\\/\\\/eldigitaldeasturias.com\\\/magazine365\\\/#website\",\"url\":\"https:\\\/\\\/eldigitaldeasturias.com\\\/magazine365\\\/\",\"name\":\"El Digital de Asturias\",\"description\":\"Revista de ocio, turismo y estilo de vida\",\"inLanguage\":\"es-ES\",\"publisher\":{\"@id\":\"https:\\\/\\\/eldigitaldeasturias.com\\\/magazine365\\\/#organization\"}}]}\n\t\t<\/script>\n\t\t<!-- All in One SEO Pro -->\r\n\t\t<title>La FEHM y Telef\u00f3nica presentan el perfil del turista 3.0 a los hoteleros de Mallorca | El Digital de Asturias<\/title>\n\n","aioseo_head_json":{"title":"La FEHM y Telef\u00f3nica presentan el perfil del turista 3.0 a los hoteleros de Mallorca | El Digital de Asturias","description":"La Federaci\u00f3n Empresarial Hotelera de Mallorca (FEHM) y Telef\u00f3nica han organizado una jornada con el objetivo de presentar el perfil del turista 3.0 a los hoteleros de la isla. Seg\u00fan han informado en un comunicado, Telef\u00f3nica ha presentado este mi\u00e9rcoles, ante un nutrido grupo de hoteleros mallorquines, las principales claves para el desarrollo del turismo","canonical_url":"https:\/\/eldigitaldeasturias.com\/magazine365\/la-fehm-y-telefonica-presentan-el-perfil-del-turista-3-0-a-los-hoteleros-de-mallorca\/","robots":"max-image-preview:large","keywords":"actualidad turismo","webmasterTools":{"google-site-verification":"UA-38556648-1","miscellaneous":""},"schema":{"@context":"https:\/\/schema.org","@graph":[{"@type":"Article","@id":"https:\/\/eldigitaldeasturias.com\/magazine365\/la-fehm-y-telefonica-presentan-el-perfil-del-turista-3-0-a-los-hoteleros-de-mallorca\/#article","name":"La FEHM y Telef\u00f3nica presentan el perfil del turista 3.0 a los hoteleros de Mallorca | El Digital de Asturias","headline":"La FEHM y Telef\u00f3nica presentan el perfil del turista 3.0 a los hoteleros de Mallorca","author":{"@id":"https:\/\/eldigitaldeasturias.com\/magazine365\/author\/admin\/#author"},"publisher":{"@id":"https:\/\/eldigitaldeasturias.com\/magazine365\/#organization"},"image":{"@type":"ImageObject","url":"https:\/\/eldigitaldeasturias.com\/magazine365\/wp-content\/uploads\/2015\/06\/fotonoticia_20150617143621_800.jpg","width":800,"height":600},"datePublished":"2015-06-18T08:04:40+02:00","dateModified":"2015-06-18T08:04:40+02:00","inLanguage":"es-ES","mainEntityOfPage":{"@id":"https:\/\/eldigitaldeasturias.com\/magazine365\/la-fehm-y-telefonica-presentan-el-perfil-del-turista-3-0-a-los-hoteleros-de-mallorca\/#webpage"},"isPartOf":{"@id":"https:\/\/eldigitaldeasturias.com\/magazine365\/la-fehm-y-telefonica-presentan-el-perfil-del-turista-3-0-a-los-hoteleros-de-mallorca\/#webpage"},"articleSection":"Actualidad Turismo"},{"@type":"BreadcrumbList","@id":"https:\/\/eldigitaldeasturias.com\/magazine365\/la-fehm-y-telefonica-presentan-el-perfil-del-turista-3-0-a-los-hoteleros-de-mallorca\/#breadcrumblist","itemListElement":[{"@type":"ListItem","@id":"https:\/\/eldigitaldeasturias.com\/magazine365#listItem","position":1,"name":"Home","item":"https:\/\/eldigitaldeasturias.com\/magazine365","nextItem":{"@type":"ListItem","@id":"https:\/\/eldigitaldeasturias.com\/magazine365\/category\/actualidad-turismo\/#listItem","name":"Actualidad Turismo"}},{"@type":"ListItem","@id":"https:\/\/eldigitaldeasturias.com\/magazine365\/category\/actualidad-turismo\/#listItem","position":2,"name":"Actualidad Turismo","item":"https:\/\/eldigitaldeasturias.com\/magazine365\/category\/actualidad-turismo\/","nextItem":{"@type":"ListItem","@id":"https:\/\/eldigitaldeasturias.com\/magazine365\/la-fehm-y-telefonica-presentan-el-perfil-del-turista-3-0-a-los-hoteleros-de-mallorca\/#listItem","name":"La FEHM y Telef\u00f3nica presentan el perfil del turista 3.0 a los hoteleros de Mallorca"},"previousItem":{"@type":"ListItem","@id":"https:\/\/eldigitaldeasturias.com\/magazine365#listItem","name":"Home"}},{"@type":"ListItem","@id":"https:\/\/eldigitaldeasturias.com\/magazine365\/la-fehm-y-telefonica-presentan-el-perfil-del-turista-3-0-a-los-hoteleros-de-mallorca\/#listItem","position":3,"name":"La FEHM y Telef\u00f3nica presentan el perfil del turista 3.0 a los hoteleros de Mallorca","previousItem":{"@type":"ListItem","@id":"https:\/\/eldigitaldeasturias.com\/magazine365\/category\/actualidad-turismo\/#listItem","name":"Actualidad Turismo"}}]},{"@type":"Organization","@id":"https:\/\/eldigitaldeasturias.com\/magazine365\/#organization","name":"El digital de Asturias","description":"Revista de ocio, turismo y estilo de vida","url":"https:\/\/eldigitaldeasturias.com\/magazine365\/","logo":{"@type":"ImageObject","url":"https:\/\/www.eldigitaldeasturias.com\/noticias\/wp-content\/uploads\/2020\/12\/EDA.jpg","@id":"https:\/\/eldigitaldeasturias.com\/magazine365\/la-fehm-y-telefonica-presentan-el-perfil-del-turista-3-0-a-los-hoteleros-de-mallorca\/#organizationLogo"},"image":{"@id":"https:\/\/eldigitaldeasturias.com\/magazine365\/la-fehm-y-telefonica-presentan-el-perfil-del-turista-3-0-a-los-hoteleros-de-mallorca\/#organizationLogo"}},{"@type":"Person","@id":"https:\/\/eldigitaldeasturias.com\/magazine365\/author\/admin\/#author","url":"https:\/\/eldigitaldeasturias.com\/magazine365\/author\/admin\/","name":"admin","image":{"@type":"ImageObject","@id":"https:\/\/eldigitaldeasturias.com\/magazine365\/la-fehm-y-telefonica-presentan-el-perfil-del-turista-3-0-a-los-hoteleros-de-mallorca\/#authorImage","url":"https:\/\/eldigitaldeasturias.com\/magazine365\/wp-content\/litespeed\/avatar\/e571bcf59a0edd6fa6838245a470f2fe.jpg?ver=1776969259","width":96,"height":96,"caption":"admin"}},{"@type":"WebPage","@id":"https:\/\/eldigitaldeasturias.com\/magazine365\/la-fehm-y-telefonica-presentan-el-perfil-del-turista-3-0-a-los-hoteleros-de-mallorca\/#webpage","url":"https:\/\/eldigitaldeasturias.com\/magazine365\/la-fehm-y-telefonica-presentan-el-perfil-del-turista-3-0-a-los-hoteleros-de-mallorca\/","name":"La FEHM y Telef\u00f3nica presentan el perfil del turista 3.0 a los hoteleros de Mallorca | El Digital de Asturias","description":"La Federaci\u00f3n Empresarial Hotelera de Mallorca (FEHM) y Telef\u00f3nica han organizado una jornada con el objetivo de presentar el perfil del turista 3.0 a los hoteleros de la isla. Seg\u00fan han informado en un comunicado, Telef\u00f3nica ha presentado este mi\u00e9rcoles, ante un nutrido grupo de hoteleros mallorquines, las principales claves para el desarrollo del turismo","inLanguage":"es-ES","isPartOf":{"@id":"https:\/\/eldigitaldeasturias.com\/magazine365\/#website"},"breadcrumb":{"@id":"https:\/\/eldigitaldeasturias.com\/magazine365\/la-fehm-y-telefonica-presentan-el-perfil-del-turista-3-0-a-los-hoteleros-de-mallorca\/#breadcrumblist"},"author":{"@id":"https:\/\/eldigitaldeasturias.com\/magazine365\/author\/admin\/#author"},"creator":{"@id":"https:\/\/eldigitaldeasturias.com\/magazine365\/author\/admin\/#author"},"image":{"@type":"ImageObject","url":"https:\/\/eldigitaldeasturias.com\/magazine365\/wp-content\/uploads\/2015\/06\/fotonoticia_20150617143621_800.jpg","@id":"https:\/\/eldigitaldeasturias.com\/magazine365\/la-fehm-y-telefonica-presentan-el-perfil-del-turista-3-0-a-los-hoteleros-de-mallorca\/#mainImage","width":800,"height":600},"primaryImageOfPage":{"@id":"https:\/\/eldigitaldeasturias.com\/magazine365\/la-fehm-y-telefonica-presentan-el-perfil-del-turista-3-0-a-los-hoteleros-de-mallorca\/#mainImage"},"datePublished":"2015-06-18T08:04:40+02:00","dateModified":"2015-06-18T08:04:40+02:00"},{"@type":"WebSite","@id":"https:\/\/eldigitaldeasturias.com\/magazine365\/#website","url":"https:\/\/eldigitaldeasturias.com\/magazine365\/","name":"El Digital de Asturias","description":"Revista de ocio, turismo y estilo de vida","inLanguage":"es-ES","publisher":{"@id":"https:\/\/eldigitaldeasturias.com\/magazine365\/#organization"}}]},"og:locale":"es_ES","og:site_name":"El Digital de Asturias \u2013 Revista de ocio, turismo y estilo de vida","og:type":"article","og:title":"La FEHM y Telef\u00f3nica presentan el perfil del turista 3.0 a los hoteleros de Mallorca | El Digital de Asturias","og:description":"La Federaci\u00f3n Empresarial Hotelera de Mallorca (FEHM) y Telef\u00f3nica han organizado una jornada con el objetivo de presentar el perfil del turista 3.0 a los hoteleros de la isla. Seg\u00fan han informado en un comunicado, Telef\u00f3nica ha presentado este mi\u00e9rcoles, ante un nutrido grupo de hoteleros mallorquines, las principales claves para el desarrollo del turismo","og:url":"https:\/\/eldigitaldeasturias.com\/magazine365\/la-fehm-y-telefonica-presentan-el-perfil-del-turista-3-0-a-los-hoteleros-de-mallorca\/","og:image":"https:\/\/eldigitaldeasturias.com\/magazine365\/wp-content\/uploads\/2015\/06\/fotonoticia_20150617143621_800.jpg","og:image:secure_url":"https:\/\/eldigitaldeasturias.com\/magazine365\/wp-content\/uploads\/2015\/06\/fotonoticia_20150617143621_800.jpg","og:image:width":800,"og:image:height":600,"article:published_time":"2015-06-18T06:34:40+00:00","article:modified_time":"2015-06-18T06:34:40+00:00","twitter:card":"summary_large_image","twitter:title":"La FEHM y Telef\u00f3nica presentan el perfil del turista 3.0 a los hoteleros de Mallorca | El Digital de Asturias","twitter:description":"La Federaci\u00f3n Empresarial Hotelera de Mallorca (FEHM) y Telef\u00f3nica han organizado una jornada con el objetivo de presentar el perfil del turista 3.0 a los hoteleros de la isla. Seg\u00fan han informado en un comunicado, Telef\u00f3nica ha presentado este mi\u00e9rcoles, ante un nutrido grupo de hoteleros mallorquines, las principales claves para el desarrollo del turismo","twitter:image":"https:\/\/eldigitaldeasturias.com\/magazine365\/wp-content\/uploads\/2015\/06\/fotonoticia_20150617143621_800.jpg"},"aioseo_meta_data":{"post_id":"40174","title":null,"description":null,"keywords":null,"keyphrases":null,"primary_term":null,"canonical_url":null,"og_title":null,"og_description":null,"og_object_type":"default","og_image_type":"default","og_image_url":null,"og_image_width":null,"og_image_height":null,"og_image_custom_url":null,"og_image_custom_fields":null,"og_video":null,"og_custom_url":null,"og_article_section":null,"og_article_tags":null,"twitter_use_og":false,"twitter_card":"default","twitter_image_type":"default","twitter_image_url":null,"twitter_image_custom_url":null,"twitter_image_custom_fields":null,"twitter_title":null,"twitter_description":null,"schema":{"blockGraphs":[],"customGraphs":[],"default":{"data":{"Article":[],"Course":[],"Dataset":[],"FAQPage":[],"Movie":[],"Person":[],"Product":[],"ProductReview":[],"Car":[],"Recipe":[],"Service":[],"SoftwareApplication":[],"WebPage":[]},"graphName":"","isEnabled":true},"graphs":[]},"schema_type":null,"schema_type_options":null,"pillar_content":false,"robots_default":true,"robots_noindex":false,"robots_noarchive":false,"robots_nosnippet":false,"robots_nofollow":false,"robots_noimageindex":false,"robots_noodp":false,"robots_notranslate":false,"robots_max_snippet":null,"robots_max_videopreview":null,"robots_max_imagepreview":"large","priority":null,"frequency":null,"location":null,"local_seo":null,"seo_analyzer_scan_date":"2025-09-19 13:05:20","breadcrumb_settings":null,"limit_modified_date":false,"open_ai":null,"ai":null,"created":"2021-03-09 02:31:42","updated":"2025-09-19 13:05:20"},"aioseo_breadcrumb":"<div class=\"aioseo-breadcrumbs\"><span class=\"aioseo-breadcrumb\">\n\t<a href=\"https:\/\/eldigitaldeasturias.com\/magazine365\" title=\"Home\">Home<\/a>\n<\/span><span class=\"aioseo-breadcrumb-separator\">\u2013<\/span><span class=\"aioseo-breadcrumb\">\n\t<a href=\"https:\/\/eldigitaldeasturias.com\/magazine365\/category\/actualidad-turismo\/\" title=\"Actualidad Turismo\">Actualidad Turismo<\/a>\n<\/span><span class=\"aioseo-breadcrumb-separator\">\u2013<\/span><span class=\"aioseo-breadcrumb\">\n\t<a href=\"https:\/\/eldigitaldeasturias.com\/magazine365\/la-fehm-y-telefonica-presentan-el-perfil-del-turista-3-0-a-los-hoteleros-de-mallorca\/\" title=\"La FEHM y Telef\u00f3nica presentan el perfil del turista 3.0 a los hoteleros de Mallorca\">La FEHM y Telef\u00f3nica presentan el perfil del turista 3.0 a los hoteleros de Mallorca<\/a>\n<\/span><\/div>","aioseo_breadcrumb_json":[{"label":"Home","link":"https:\/\/eldigitaldeasturias.com\/magazine365"},{"label":"Actualidad Turismo","link":"https:\/\/eldigitaldeasturias.com\/magazine365\/category\/actualidad-turismo\/"},{"label":"La FEHM y Telef\u00f3nica presentan el perfil del turista 3.0 a los hoteleros de Mallorca","link":"https:\/\/eldigitaldeasturias.com\/magazine365\/la-fehm-y-telefonica-presentan-el-perfil-del-turista-3-0-a-los-hoteleros-de-mallorca\/"}],"_links":{"self":[{"href":"https:\/\/eldigitaldeasturias.com\/magazine365\/wp-json\/wp\/v2\/posts\/40174","targetHints":{"allow":["GET"]}}],"collection":[{"href":"https:\/\/eldigitaldeasturias.com\/magazine365\/wp-json\/wp\/v2\/posts"}],"about":[{"href":"https:\/\/eldigitaldeasturias.com\/magazine365\/wp-json\/wp\/v2\/types\/post"}],"author":[{"embeddable":true,"href":"https:\/\/eldigitaldeasturias.com\/magazine365\/wp-json\/wp\/v2\/users\/1"}],"replies":[{"embeddable":true,"href":"https:\/\/eldigitaldeasturias.com\/magazine365\/wp-json\/wp\/v2\/comments?post=40174"}],"version-history":[{"count":0,"href":"https:\/\/eldigitaldeasturias.com\/magazine365\/wp-json\/wp\/v2\/posts\/40174\/revisions"}],"wp:featuredmedia":[{"embeddable":true,"href":"https:\/\/eldigitaldeasturias.com\/magazine365\/wp-json\/wp\/v2\/media\/40175"}],"wp:attachment":[{"href":"https:\/\/eldigitaldeasturias.com\/magazine365\/wp-json\/wp\/v2\/media?parent=40174"}],"wp:term":[{"taxonomy":"category","embeddable":true,"href":"https:\/\/eldigitaldeasturias.com\/magazine365\/wp-json\/wp\/v2\/categories?post=40174"},{"taxonomy":"post_tag","embeddable":true,"href":"https:\/\/eldigitaldeasturias.com\/magazine365\/wp-json\/wp\/v2\/tags?post=40174"}],"curies":[{"name":"wp","href":"https:\/\/api.w.org\/{rel}","templated":true}]}}