{"id":40171,"date":"2015-06-18T08:03:24","date_gmt":"2015-06-18T06:33:24","guid":{"rendered":"http:\/\/eldigitaldeasturias.com\/magazine365\/?p=40171"},"modified":"2015-06-18T08:03:24","modified_gmt":"2015-06-18T06:33:24","slug":"los-empresarios-esperan-un-verano-extraordinario-en-andalucia","status":"publish","type":"post","link":"https:\/\/eldigitaldeasturias.com\/magazine365\/los-empresarios-esperan-un-verano-extraordinario-en-andalucia\/","title":{"rendered":"Los empresarios esperan un \u00abverano extraordinario\u00bb en Andaluc\u00eda"},"content":{"rendered":"<p><img fetchpriority=\"high\" decoding=\"async\" class=\"alignleft size-medium wp-image-40172\" src=\"https:\/\/eldigitaldeasturias.com\/magazine365\/wp-content\/uploads\/2015\/06\/fotonoticia_20150617143128_800-360x240.jpg\" alt=\"fotonoticia_20150617143128_800\" width=\"360\" height=\"240\" srcset=\"https:\/\/eldigitaldeasturias.com\/magazine365\/wp-content\/uploads\/2015\/06\/fotonoticia_20150617143128_800-360x240.jpg 360w, https:\/\/eldigitaldeasturias.com\/magazine365\/wp-content\/uploads\/2015\/06\/fotonoticia_20150617143128_800-650x434.jpg 650w, https:\/\/eldigitaldeasturias.com\/magazine365\/wp-content\/uploads\/2015\/06\/fotonoticia_20150617143128_800-768x513.jpg 768w, https:\/\/eldigitaldeasturias.com\/magazine365\/wp-content\/uploads\/2015\/06\/fotonoticia_20150617143128_800-150x100.jpg 150w, https:\/\/eldigitaldeasturias.com\/magazine365\/wp-content\/uploads\/2015\/06\/fotonoticia_20150617143128_800-450x300.jpg 450w, https:\/\/eldigitaldeasturias.com\/magazine365\/wp-content\/uploads\/2015\/06\/fotonoticia_20150617143128_800-696x465.jpg 696w, https:\/\/eldigitaldeasturias.com\/magazine365\/wp-content\/uploads\/2015\/06\/fotonoticia_20150617143128_800-629x420.jpg 629w, https:\/\/eldigitaldeasturias.com\/magazine365\/wp-content\/uploads\/2015\/06\/fotonoticia_20150617143128_800-84x55.jpg 84w, https:\/\/eldigitaldeasturias.com\/magazine365\/wp-content\/uploads\/2015\/06\/fotonoticia_20150617143128_800.jpg 800w\" sizes=\"(max-width: 360px) 100vw, 360px\" \/>Empresarios creen que este verano puede ser \u00abextraordinario\u00bb para Andaluc\u00eda en el sector del turismo, con unos niveles de ocupaci\u00f3n \u00abestupendos\u00bb, sobre todo gracias al mercado nacional, con precios m\u00e1s altos y buenos datos de empleo.<\/p>\n<p>As\u00ed lo ha trasladado este mi\u00e9rcoles a Europa Press el presidente del Consejo Empresarial de Turismo, Ocio y Deporte de la CEA, Miguel S\u00e1nchez, quien ha apuntado que ya el sector de alojamientos va \u00abbien\u00bb en la comunidad y las ventas de cara al pr\u00f3ximo mes de julio marchan \u00abcon m\u00e1s rapidez\u00bb que en los dos a\u00f1os anteriores.<\/p>\n<p>S\u00e1nchez ha remachado que el sector conf\u00eda en que sea el turismo nacional el que, \u00abde nuevo, cuente con Andaluc\u00eda\u00bb para sus estancias vacacionales de este verano y permita buenos resultados entre julio y septiembre, renovando a la comunidad como el primer destino para el mercado nacional en \u00e9poca estival.<\/p>\n<p>Tambi\u00e9n ha explicado que ser\u00e1 el turismo de sol y playa el que centrar\u00e1 las ventas y ocupaci\u00f3n del sector durante el verano, por encima de otras modalidades como el turismo rural o de interior. No obstante, \u00abhabr\u00e1 para todos\u00bb, seg\u00fan ha apostillado el representante empresarial, que ha recordado al hilo de ello que \u00abuna de las maravillas\u00bb que ofrece Andaluc\u00eda en materia tur\u00edstica es que presenta oferta \u00abpara todos los sectores y segmentos\u00bb.<\/p>\n<p>Miguel S\u00e1nchez ha indicado adem\u00e1s que el comportamiento que se espera del sector tur\u00edstico durante el verano ser\u00e1 \u00absimilar\u00bb en las distintas provincias, sin que haya algunas que destaquen por encima de otras, y todas con porcentajes de ocupaci\u00f3n hotelera que podr\u00edan diferenciarse en torno a \u00abcinco puntos por arriba o por abajo\u00bb entre ellas.<\/p>\n<p>Tras valorar que en el apartado de ventas ya se comenz\u00f3 a notar \u00abun repunte\u00bb el verano pasado respecto al anterior, el representante de los empresarios ha puesto el acento en la necesidad de que los precios recuperen niveles \u00abanteriores a 2008\u00bb y, por tanto, a la crisis econ\u00f3mica.<\/p>\n<p>\u00abPara eso todav\u00eda queda mucho\u00bb, ha advertido S\u00e1nchez, quien ha remarcado que ese es uno de los objetivos del sector empresarial, porque los precios, aunque m\u00e1s altos este a\u00f1o, siguen siendo \u00abm\u00e1s bajos\u00bb respecto a los que se alcanzaban antes de dicha fecha.<\/p>\n<p>EL EMPLEO \u00abVA BIEN\u00bb<\/p>\n<p>Por \u00faltimo, se ha referido al comportamiento del empleo en el sector, que \u00abva bien\u00bb a tenor de lo que se est\u00e1 produciendo en estos meses de mayo y junio, y en el que se espera que \u00abla recuperaci\u00f3n se note\u00bb, aunque las cifras para el verano no registran \u00abmuchas diferencias\u00bb de un a\u00f1o a otro.<\/p>\n<p>Tambi\u00e9n ha precisado que la generaci\u00f3n de empleo se aprecia principalmente al inicio del verano y no se deja notar ya m\u00e1s adelante, en agosto por ejemplo, y que es un elemento que puede beneficiarse de una mayor ocupaci\u00f3n hotelera, porque \u00absi los hoteles se llenan hay que atender a la gente\u00bb.<\/p>\n","protected":false},"excerpt":{"rendered":"<p>Empresarios creen que este verano puede ser \u00abextraordinario\u00bb para Andaluc\u00eda en el sector del turismo, con unos niveles de ocupaci\u00f3n \u00abestupendos\u00bb, sobre todo gracias al mercado nacional, con precios m\u00e1s altos y buenos datos de empleo. As\u00ed lo ha trasladado este mi\u00e9rcoles a Europa Press el presidente del Consejo Empresarial de Turismo, Ocio y Deporte<\/p>\n","protected":false},"author":1,"featured_media":40172,"comment_status":"open","ping_status":"closed","sticky":false,"template":"","format":"standard","meta":{"footnotes":""},"categories":[222],"tags":[],"class_list":{"0":"post-40171","1":"post","2":"type-post","3":"status-publish","4":"format-standard","5":"has-post-thumbnail","7":"category-actualidad-turismo"},"aioseo_notices":[],"aioseo_head":"\n\t\t<!-- All in One SEO Pro 4.9.6.1 - aioseo.com -->\n\t<meta name=\"description\" content=\"Empresarios creen que este verano puede ser &quot;extraordinario&quot; para Andaluc\u00eda en el sector del turismo, con unos niveles de ocupaci\u00f3n &quot;estupendos&quot;, sobre todo gracias al mercado nacional, con precios m\u00e1s altos y buenos datos de empleo. As\u00ed lo ha trasladado este mi\u00e9rcoles a Europa Press el presidente del Consejo Empresarial de Turismo, Ocio y Deporte\" \/>\n\t<meta name=\"robots\" content=\"max-image-preview:large\" \/>\n\t<meta name=\"author\" content=\"admin\"\/>\n\t<meta name=\"google-site-verification\" content=\"UA-38556648-1\" \/>\n\t<meta name=\"keywords\" content=\"actualidad turismo\" \/>\n\t<link rel=\"canonical\" href=\"https:\/\/eldigitaldeasturias.com\/magazine365\/los-empresarios-esperan-un-verano-extraordinario-en-andalucia\/\" \/>\n\t<meta name=\"generator\" content=\"All in One SEO Pro (AIOSEO) 4.9.6.1\" \/>\n\t\t<meta property=\"og:locale\" content=\"es_ES\" \/>\n\t\t<meta property=\"og:site_name\" content=\"El Digital de Asturias \u2013 Revista de ocio, turismo y estilo de vida\" \/>\n\t\t<meta property=\"og:type\" content=\"article\" \/>\n\t\t<meta property=\"og:title\" content=\"Los empresarios esperan un \u00abverano extraordinario\u00bb en Andaluc\u00eda | El Digital de Asturias\" \/>\n\t\t<meta property=\"og:description\" content=\"Empresarios creen que este verano puede ser &quot;extraordinario&quot; para Andaluc\u00eda en el sector del turismo, con unos niveles de ocupaci\u00f3n &quot;estupendos&quot;, sobre todo gracias al mercado nacional, con precios m\u00e1s altos y buenos datos de empleo. As\u00ed lo ha trasladado este mi\u00e9rcoles a Europa Press el presidente del Consejo Empresarial de Turismo, Ocio y Deporte\" \/>\n\t\t<meta property=\"og:url\" content=\"https:\/\/eldigitaldeasturias.com\/magazine365\/los-empresarios-esperan-un-verano-extraordinario-en-andalucia\/\" \/>\n\t\t<meta property=\"og:image\" content=\"https:\/\/eldigitaldeasturias.com\/magazine365\/wp-content\/uploads\/2015\/06\/fotonoticia_20150617143128_800.jpg\" \/>\n\t\t<meta property=\"og:image:secure_url\" content=\"https:\/\/eldigitaldeasturias.com\/magazine365\/wp-content\/uploads\/2015\/06\/fotonoticia_20150617143128_800.jpg\" \/>\n\t\t<meta property=\"og:image:width\" content=\"800\" \/>\n\t\t<meta property=\"og:image:height\" content=\"534\" \/>\n\t\t<meta property=\"article:published_time\" content=\"2015-06-18T06:33:24+00:00\" \/>\n\t\t<meta property=\"article:modified_time\" content=\"2015-06-18T06:33:24+00:00\" \/>\n\t\t<meta name=\"twitter:card\" content=\"summary_large_image\" \/>\n\t\t<meta name=\"twitter:title\" content=\"Los empresarios esperan un \u00abverano extraordinario\u00bb en Andaluc\u00eda | El Digital de Asturias\" \/>\n\t\t<meta name=\"twitter:description\" content=\"Empresarios creen que este verano puede ser &quot;extraordinario&quot; para Andaluc\u00eda en el sector del turismo, con unos niveles de ocupaci\u00f3n &quot;estupendos&quot;, sobre todo gracias al mercado nacional, con precios m\u00e1s altos y buenos datos de empleo. As\u00ed lo ha trasladado este mi\u00e9rcoles a Europa Press el presidente del Consejo Empresarial de Turismo, Ocio y Deporte\" \/>\n\t\t<meta name=\"twitter:image\" content=\"https:\/\/eldigitaldeasturias.com\/magazine365\/wp-content\/uploads\/2015\/06\/fotonoticia_20150617143128_800.jpg\" \/>\n\t\t<script type=\"application\/ld+json\" class=\"aioseo-schema\">\n\t\t\t{\"@context\":\"https:\\\/\\\/schema.org\",\"@graph\":[{\"@type\":\"Article\",\"@id\":\"https:\\\/\\\/eldigitaldeasturias.com\\\/magazine365\\\/los-empresarios-esperan-un-verano-extraordinario-en-andalucia\\\/#article\",\"name\":\"Los empresarios esperan un \\u00abverano extraordinario\\u00bb en Andaluc\\u00eda | El Digital de Asturias\",\"headline\":\"Los empresarios esperan un \\u00abverano extraordinario\\u00bb en Andaluc\\u00eda\",\"author\":{\"@id\":\"https:\\\/\\\/eldigitaldeasturias.com\\\/magazine365\\\/author\\\/admin\\\/#author\"},\"publisher\":{\"@id\":\"https:\\\/\\\/eldigitaldeasturias.com\\\/magazine365\\\/#organization\"},\"image\":{\"@type\":\"ImageObject\",\"url\":\"https:\\\/\\\/eldigitaldeasturias.com\\\/magazine365\\\/wp-content\\\/uploads\\\/2015\\\/06\\\/fotonoticia_20150617143128_800.jpg\",\"width\":800,\"height\":534},\"datePublished\":\"2015-06-18T08:03:24+02:00\",\"dateModified\":\"2015-06-18T08:03:24+02:00\",\"inLanguage\":\"es-ES\",\"mainEntityOfPage\":{\"@id\":\"https:\\\/\\\/eldigitaldeasturias.com\\\/magazine365\\\/los-empresarios-esperan-un-verano-extraordinario-en-andalucia\\\/#webpage\"},\"isPartOf\":{\"@id\":\"https:\\\/\\\/eldigitaldeasturias.com\\\/magazine365\\\/los-empresarios-esperan-un-verano-extraordinario-en-andalucia\\\/#webpage\"},\"articleSection\":\"Actualidad Turismo\"},{\"@type\":\"BreadcrumbList\",\"@id\":\"https:\\\/\\\/eldigitaldeasturias.com\\\/magazine365\\\/los-empresarios-esperan-un-verano-extraordinario-en-andalucia\\\/#breadcrumblist\",\"itemListElement\":[{\"@type\":\"ListItem\",\"@id\":\"https:\\\/\\\/eldigitaldeasturias.com\\\/magazine365#listItem\",\"position\":1,\"name\":\"Home\",\"item\":\"https:\\\/\\\/eldigitaldeasturias.com\\\/magazine365\",\"nextItem\":{\"@type\":\"ListItem\",\"@id\":\"https:\\\/\\\/eldigitaldeasturias.com\\\/magazine365\\\/category\\\/actualidad-turismo\\\/#listItem\",\"name\":\"Actualidad Turismo\"}},{\"@type\":\"ListItem\",\"@id\":\"https:\\\/\\\/eldigitaldeasturias.com\\\/magazine365\\\/category\\\/actualidad-turismo\\\/#listItem\",\"position\":2,\"name\":\"Actualidad Turismo\",\"item\":\"https:\\\/\\\/eldigitaldeasturias.com\\\/magazine365\\\/category\\\/actualidad-turismo\\\/\",\"nextItem\":{\"@type\":\"ListItem\",\"@id\":\"https:\\\/\\\/eldigitaldeasturias.com\\\/magazine365\\\/los-empresarios-esperan-un-verano-extraordinario-en-andalucia\\\/#listItem\",\"name\":\"Los empresarios esperan un \\u00abverano extraordinario\\u00bb en Andaluc\\u00eda\"},\"previousItem\":{\"@type\":\"ListItem\",\"@id\":\"https:\\\/\\\/eldigitaldeasturias.com\\\/magazine365#listItem\",\"name\":\"Home\"}},{\"@type\":\"ListItem\",\"@id\":\"https:\\\/\\\/eldigitaldeasturias.com\\\/magazine365\\\/los-empresarios-esperan-un-verano-extraordinario-en-andalucia\\\/#listItem\",\"position\":3,\"name\":\"Los empresarios esperan un \\u00abverano extraordinario\\u00bb en Andaluc\\u00eda\",\"previousItem\":{\"@type\":\"ListItem\",\"@id\":\"https:\\\/\\\/eldigitaldeasturias.com\\\/magazine365\\\/category\\\/actualidad-turismo\\\/#listItem\",\"name\":\"Actualidad Turismo\"}}]},{\"@type\":\"Organization\",\"@id\":\"https:\\\/\\\/eldigitaldeasturias.com\\\/magazine365\\\/#organization\",\"name\":\"El digital de Asturias\",\"description\":\"Revista de ocio, turismo y estilo de vida\",\"url\":\"https:\\\/\\\/eldigitaldeasturias.com\\\/magazine365\\\/\",\"logo\":{\"@type\":\"ImageObject\",\"url\":\"https:\\\/\\\/www.eldigitaldeasturias.com\\\/noticias\\\/wp-content\\\/uploads\\\/2020\\\/12\\\/EDA.jpg\",\"@id\":\"https:\\\/\\\/eldigitaldeasturias.com\\\/magazine365\\\/los-empresarios-esperan-un-verano-extraordinario-en-andalucia\\\/#organizationLogo\"},\"image\":{\"@id\":\"https:\\\/\\\/eldigitaldeasturias.com\\\/magazine365\\\/los-empresarios-esperan-un-verano-extraordinario-en-andalucia\\\/#organizationLogo\"}},{\"@type\":\"Person\",\"@id\":\"https:\\\/\\\/eldigitaldeasturias.com\\\/magazine365\\\/author\\\/admin\\\/#author\",\"url\":\"https:\\\/\\\/eldigitaldeasturias.com\\\/magazine365\\\/author\\\/admin\\\/\",\"name\":\"admin\",\"image\":{\"@type\":\"ImageObject\",\"@id\":\"https:\\\/\\\/eldigitaldeasturias.com\\\/magazine365\\\/los-empresarios-esperan-un-verano-extraordinario-en-andalucia\\\/#authorImage\",\"url\":\"https:\\\/\\\/eldigitaldeasturias.com\\\/magazine365\\\/wp-content\\\/litespeed\\\/avatar\\\/e571bcf59a0edd6fa6838245a470f2fe.jpg?ver=1776969259\",\"width\":96,\"height\":96,\"caption\":\"admin\"}},{\"@type\":\"WebPage\",\"@id\":\"https:\\\/\\\/eldigitaldeasturias.com\\\/magazine365\\\/los-empresarios-esperan-un-verano-extraordinario-en-andalucia\\\/#webpage\",\"url\":\"https:\\\/\\\/eldigitaldeasturias.com\\\/magazine365\\\/los-empresarios-esperan-un-verano-extraordinario-en-andalucia\\\/\",\"name\":\"Los empresarios esperan un \\u00abverano extraordinario\\u00bb en Andaluc\\u00eda | El Digital de Asturias\",\"description\":\"Empresarios creen que este verano puede ser \\\"extraordinario\\\" para Andaluc\\u00eda en el sector del turismo, con unos niveles de ocupaci\\u00f3n \\\"estupendos\\\", sobre todo gracias al mercado nacional, con precios m\\u00e1s altos y buenos datos de empleo. As\\u00ed lo ha trasladado este mi\\u00e9rcoles a Europa Press el presidente del Consejo Empresarial de Turismo, Ocio y Deporte\",\"inLanguage\":\"es-ES\",\"isPartOf\":{\"@id\":\"https:\\\/\\\/eldigitaldeasturias.com\\\/magazine365\\\/#website\"},\"breadcrumb\":{\"@id\":\"https:\\\/\\\/eldigitaldeasturias.com\\\/magazine365\\\/los-empresarios-esperan-un-verano-extraordinario-en-andalucia\\\/#breadcrumblist\"},\"author\":{\"@id\":\"https:\\\/\\\/eldigitaldeasturias.com\\\/magazine365\\\/author\\\/admin\\\/#author\"},\"creator\":{\"@id\":\"https:\\\/\\\/eldigitaldeasturias.com\\\/magazine365\\\/author\\\/admin\\\/#author\"},\"image\":{\"@type\":\"ImageObject\",\"url\":\"https:\\\/\\\/eldigitaldeasturias.com\\\/magazine365\\\/wp-content\\\/uploads\\\/2015\\\/06\\\/fotonoticia_20150617143128_800.jpg\",\"@id\":\"https:\\\/\\\/eldigitaldeasturias.com\\\/magazine365\\\/los-empresarios-esperan-un-verano-extraordinario-en-andalucia\\\/#mainImage\",\"width\":800,\"height\":534},\"primaryImageOfPage\":{\"@id\":\"https:\\\/\\\/eldigitaldeasturias.com\\\/magazine365\\\/los-empresarios-esperan-un-verano-extraordinario-en-andalucia\\\/#mainImage\"},\"datePublished\":\"2015-06-18T08:03:24+02:00\",\"dateModified\":\"2015-06-18T08:03:24+02:00\"},{\"@type\":\"WebSite\",\"@id\":\"https:\\\/\\\/eldigitaldeasturias.com\\\/magazine365\\\/#website\",\"url\":\"https:\\\/\\\/eldigitaldeasturias.com\\\/magazine365\\\/\",\"name\":\"El Digital de Asturias\",\"description\":\"Revista de ocio, turismo y estilo de vida\",\"inLanguage\":\"es-ES\",\"publisher\":{\"@id\":\"https:\\\/\\\/eldigitaldeasturias.com\\\/magazine365\\\/#organization\"}}]}\n\t\t<\/script>\n\t\t<!-- All in One SEO Pro -->\r\n\t\t<title>Los empresarios esperan un \u00abverano extraordinario\u00bb en Andaluc\u00eda | El Digital de Asturias<\/title>\n\n","aioseo_head_json":{"title":"Los empresarios esperan un \u00abverano extraordinario\u00bb en Andaluc\u00eda | El Digital de Asturias","description":"Empresarios creen que este verano puede ser \"extraordinario\" para Andaluc\u00eda en el sector del turismo, con unos niveles de ocupaci\u00f3n \"estupendos\", sobre todo gracias al mercado nacional, con precios m\u00e1s altos y buenos datos de empleo. As\u00ed lo ha trasladado este mi\u00e9rcoles a Europa Press el presidente del Consejo Empresarial de Turismo, Ocio y Deporte","canonical_url":"https:\/\/eldigitaldeasturias.com\/magazine365\/los-empresarios-esperan-un-verano-extraordinario-en-andalucia\/","robots":"max-image-preview:large","keywords":"actualidad turismo","webmasterTools":{"google-site-verification":"UA-38556648-1","miscellaneous":""},"schema":{"@context":"https:\/\/schema.org","@graph":[{"@type":"Article","@id":"https:\/\/eldigitaldeasturias.com\/magazine365\/los-empresarios-esperan-un-verano-extraordinario-en-andalucia\/#article","name":"Los empresarios esperan un \u00abverano extraordinario\u00bb en Andaluc\u00eda | El Digital de Asturias","headline":"Los empresarios esperan un \u00abverano extraordinario\u00bb en Andaluc\u00eda","author":{"@id":"https:\/\/eldigitaldeasturias.com\/magazine365\/author\/admin\/#author"},"publisher":{"@id":"https:\/\/eldigitaldeasturias.com\/magazine365\/#organization"},"image":{"@type":"ImageObject","url":"https:\/\/eldigitaldeasturias.com\/magazine365\/wp-content\/uploads\/2015\/06\/fotonoticia_20150617143128_800.jpg","width":800,"height":534},"datePublished":"2015-06-18T08:03:24+02:00","dateModified":"2015-06-18T08:03:24+02:00","inLanguage":"es-ES","mainEntityOfPage":{"@id":"https:\/\/eldigitaldeasturias.com\/magazine365\/los-empresarios-esperan-un-verano-extraordinario-en-andalucia\/#webpage"},"isPartOf":{"@id":"https:\/\/eldigitaldeasturias.com\/magazine365\/los-empresarios-esperan-un-verano-extraordinario-en-andalucia\/#webpage"},"articleSection":"Actualidad Turismo"},{"@type":"BreadcrumbList","@id":"https:\/\/eldigitaldeasturias.com\/magazine365\/los-empresarios-esperan-un-verano-extraordinario-en-andalucia\/#breadcrumblist","itemListElement":[{"@type":"ListItem","@id":"https:\/\/eldigitaldeasturias.com\/magazine365#listItem","position":1,"name":"Home","item":"https:\/\/eldigitaldeasturias.com\/magazine365","nextItem":{"@type":"ListItem","@id":"https:\/\/eldigitaldeasturias.com\/magazine365\/category\/actualidad-turismo\/#listItem","name":"Actualidad Turismo"}},{"@type":"ListItem","@id":"https:\/\/eldigitaldeasturias.com\/magazine365\/category\/actualidad-turismo\/#listItem","position":2,"name":"Actualidad Turismo","item":"https:\/\/eldigitaldeasturias.com\/magazine365\/category\/actualidad-turismo\/","nextItem":{"@type":"ListItem","@id":"https:\/\/eldigitaldeasturias.com\/magazine365\/los-empresarios-esperan-un-verano-extraordinario-en-andalucia\/#listItem","name":"Los empresarios esperan un \u00abverano extraordinario\u00bb en Andaluc\u00eda"},"previousItem":{"@type":"ListItem","@id":"https:\/\/eldigitaldeasturias.com\/magazine365#listItem","name":"Home"}},{"@type":"ListItem","@id":"https:\/\/eldigitaldeasturias.com\/magazine365\/los-empresarios-esperan-un-verano-extraordinario-en-andalucia\/#listItem","position":3,"name":"Los empresarios esperan un \u00abverano extraordinario\u00bb en Andaluc\u00eda","previousItem":{"@type":"ListItem","@id":"https:\/\/eldigitaldeasturias.com\/magazine365\/category\/actualidad-turismo\/#listItem","name":"Actualidad Turismo"}}]},{"@type":"Organization","@id":"https:\/\/eldigitaldeasturias.com\/magazine365\/#organization","name":"El digital de Asturias","description":"Revista de ocio, turismo y estilo de vida","url":"https:\/\/eldigitaldeasturias.com\/magazine365\/","logo":{"@type":"ImageObject","url":"https:\/\/www.eldigitaldeasturias.com\/noticias\/wp-content\/uploads\/2020\/12\/EDA.jpg","@id":"https:\/\/eldigitaldeasturias.com\/magazine365\/los-empresarios-esperan-un-verano-extraordinario-en-andalucia\/#organizationLogo"},"image":{"@id":"https:\/\/eldigitaldeasturias.com\/magazine365\/los-empresarios-esperan-un-verano-extraordinario-en-andalucia\/#organizationLogo"}},{"@type":"Person","@id":"https:\/\/eldigitaldeasturias.com\/magazine365\/author\/admin\/#author","url":"https:\/\/eldigitaldeasturias.com\/magazine365\/author\/admin\/","name":"admin","image":{"@type":"ImageObject","@id":"https:\/\/eldigitaldeasturias.com\/magazine365\/los-empresarios-esperan-un-verano-extraordinario-en-andalucia\/#authorImage","url":"https:\/\/eldigitaldeasturias.com\/magazine365\/wp-content\/litespeed\/avatar\/e571bcf59a0edd6fa6838245a470f2fe.jpg?ver=1776969259","width":96,"height":96,"caption":"admin"}},{"@type":"WebPage","@id":"https:\/\/eldigitaldeasturias.com\/magazine365\/los-empresarios-esperan-un-verano-extraordinario-en-andalucia\/#webpage","url":"https:\/\/eldigitaldeasturias.com\/magazine365\/los-empresarios-esperan-un-verano-extraordinario-en-andalucia\/","name":"Los empresarios esperan un \u00abverano extraordinario\u00bb en Andaluc\u00eda | El Digital de Asturias","description":"Empresarios creen que este verano puede ser \"extraordinario\" para Andaluc\u00eda en el sector del turismo, con unos niveles de ocupaci\u00f3n \"estupendos\", sobre todo gracias al mercado nacional, con precios m\u00e1s altos y buenos datos de empleo. As\u00ed lo ha trasladado este mi\u00e9rcoles a Europa Press el presidente del Consejo Empresarial de Turismo, Ocio y Deporte","inLanguage":"es-ES","isPartOf":{"@id":"https:\/\/eldigitaldeasturias.com\/magazine365\/#website"},"breadcrumb":{"@id":"https:\/\/eldigitaldeasturias.com\/magazine365\/los-empresarios-esperan-un-verano-extraordinario-en-andalucia\/#breadcrumblist"},"author":{"@id":"https:\/\/eldigitaldeasturias.com\/magazine365\/author\/admin\/#author"},"creator":{"@id":"https:\/\/eldigitaldeasturias.com\/magazine365\/author\/admin\/#author"},"image":{"@type":"ImageObject","url":"https:\/\/eldigitaldeasturias.com\/magazine365\/wp-content\/uploads\/2015\/06\/fotonoticia_20150617143128_800.jpg","@id":"https:\/\/eldigitaldeasturias.com\/magazine365\/los-empresarios-esperan-un-verano-extraordinario-en-andalucia\/#mainImage","width":800,"height":534},"primaryImageOfPage":{"@id":"https:\/\/eldigitaldeasturias.com\/magazine365\/los-empresarios-esperan-un-verano-extraordinario-en-andalucia\/#mainImage"},"datePublished":"2015-06-18T08:03:24+02:00","dateModified":"2015-06-18T08:03:24+02:00"},{"@type":"WebSite","@id":"https:\/\/eldigitaldeasturias.com\/magazine365\/#website","url":"https:\/\/eldigitaldeasturias.com\/magazine365\/","name":"El Digital de Asturias","description":"Revista de ocio, turismo y estilo de vida","inLanguage":"es-ES","publisher":{"@id":"https:\/\/eldigitaldeasturias.com\/magazine365\/#organization"}}]},"og:locale":"es_ES","og:site_name":"El Digital de Asturias \u2013 Revista de ocio, turismo y estilo de vida","og:type":"article","og:title":"Los empresarios esperan un \u00abverano extraordinario\u00bb en Andaluc\u00eda | El Digital de Asturias","og:description":"Empresarios creen que este verano puede ser &quot;extraordinario&quot; para Andaluc\u00eda en el sector del turismo, con unos niveles de ocupaci\u00f3n &quot;estupendos&quot;, sobre todo gracias al mercado nacional, con precios m\u00e1s altos y buenos datos de empleo. As\u00ed lo ha trasladado este mi\u00e9rcoles a Europa Press el presidente del Consejo Empresarial de Turismo, Ocio y Deporte","og:url":"https:\/\/eldigitaldeasturias.com\/magazine365\/los-empresarios-esperan-un-verano-extraordinario-en-andalucia\/","og:image":"https:\/\/eldigitaldeasturias.com\/magazine365\/wp-content\/uploads\/2015\/06\/fotonoticia_20150617143128_800.jpg","og:image:secure_url":"https:\/\/eldigitaldeasturias.com\/magazine365\/wp-content\/uploads\/2015\/06\/fotonoticia_20150617143128_800.jpg","og:image:width":800,"og:image:height":534,"article:published_time":"2015-06-18T06:33:24+00:00","article:modified_time":"2015-06-18T06:33:24+00:00","twitter:card":"summary_large_image","twitter:title":"Los empresarios esperan un \u00abverano extraordinario\u00bb en Andaluc\u00eda | El Digital de Asturias","twitter:description":"Empresarios creen que este verano puede ser &quot;extraordinario&quot; para Andaluc\u00eda en el sector del turismo, con unos niveles de ocupaci\u00f3n &quot;estupendos&quot;, sobre todo gracias al mercado nacional, con precios m\u00e1s altos y buenos datos de empleo. As\u00ed lo ha trasladado este mi\u00e9rcoles a Europa Press el presidente del Consejo Empresarial de Turismo, Ocio y Deporte","twitter:image":"https:\/\/eldigitaldeasturias.com\/magazine365\/wp-content\/uploads\/2015\/06\/fotonoticia_20150617143128_800.jpg"},"aioseo_meta_data":{"post_id":"40171","title":null,"description":null,"keywords":null,"keyphrases":null,"primary_term":null,"canonical_url":null,"og_title":null,"og_description":null,"og_object_type":"default","og_image_type":"default","og_image_url":null,"og_image_width":null,"og_image_height":null,"og_image_custom_url":null,"og_image_custom_fields":null,"og_video":null,"og_custom_url":null,"og_article_section":null,"og_article_tags":null,"twitter_use_og":false,"twitter_card":"default","twitter_image_type":"default","twitter_image_url":null,"twitter_image_custom_url":null,"twitter_image_custom_fields":null,"twitter_title":null,"twitter_description":null,"schema":{"blockGraphs":[],"customGraphs":[],"default":{"data":{"Article":[],"Course":[],"Dataset":[],"FAQPage":[],"Movie":[],"Person":[],"Product":[],"ProductReview":[],"Car":[],"Recipe":[],"Service":[],"SoftwareApplication":[],"WebPage":[]},"graphName":"","isEnabled":true},"graphs":[],"defaultGraph":"","defaultPostTypeGraph":""},"schema_type":null,"schema_type_options":null,"pillar_content":false,"robots_default":true,"robots_noindex":false,"robots_noarchive":false,"robots_nosnippet":false,"robots_nofollow":false,"robots_noimageindex":false,"robots_noodp":false,"robots_notranslate":false,"robots_max_snippet":null,"robots_max_videopreview":null,"robots_max_imagepreview":"large","priority":null,"frequency":null,"location":null,"local_seo":null,"seo_analyzer_scan_date":"2025-09-19 13:05:18","breadcrumb_settings":null,"limit_modified_date":false,"open_ai":null,"ai":null,"created":"2021-03-09 02:31:42","updated":"2025-09-19 13:05:18"},"aioseo_breadcrumb":"<div class=\"aioseo-breadcrumbs\"><span class=\"aioseo-breadcrumb\">\n\t<a href=\"https:\/\/eldigitaldeasturias.com\/magazine365\" title=\"Home\">Home<\/a>\n<\/span><span class=\"aioseo-breadcrumb-separator\">\u2013<\/span><span class=\"aioseo-breadcrumb\">\n\t<a href=\"https:\/\/eldigitaldeasturias.com\/magazine365\/category\/actualidad-turismo\/\" title=\"Actualidad Turismo\">Actualidad Turismo<\/a>\n<\/span><span class=\"aioseo-breadcrumb-separator\">\u2013<\/span><span class=\"aioseo-breadcrumb\">\n\t<a href=\"https:\/\/eldigitaldeasturias.com\/magazine365\/los-empresarios-esperan-un-verano-extraordinario-en-andalucia\/\" title=\"Los empresarios esperan un \u00abverano extraordinario\u00bb en Andaluc\u00eda\">Los empresarios esperan un \u00abverano extraordinario\u00bb en Andaluc\u00eda<\/a>\n<\/span><\/div>","aioseo_breadcrumb_json":[{"label":"Home","link":"https:\/\/eldigitaldeasturias.com\/magazine365"},{"label":"Actualidad Turismo","link":"https:\/\/eldigitaldeasturias.com\/magazine365\/category\/actualidad-turismo\/"},{"label":"Los empresarios esperan un \u00abverano extraordinario\u00bb en Andaluc\u00eda","link":"https:\/\/eldigitaldeasturias.com\/magazine365\/los-empresarios-esperan-un-verano-extraordinario-en-andalucia\/"}],"_links":{"self":[{"href":"https:\/\/eldigitaldeasturias.com\/magazine365\/wp-json\/wp\/v2\/posts\/40171","targetHints":{"allow":["GET"]}}],"collection":[{"href":"https:\/\/eldigitaldeasturias.com\/magazine365\/wp-json\/wp\/v2\/posts"}],"about":[{"href":"https:\/\/eldigitaldeasturias.com\/magazine365\/wp-json\/wp\/v2\/types\/post"}],"author":[{"embeddable":true,"href":"https:\/\/eldigitaldeasturias.com\/magazine365\/wp-json\/wp\/v2\/users\/1"}],"replies":[{"embeddable":true,"href":"https:\/\/eldigitaldeasturias.com\/magazine365\/wp-json\/wp\/v2\/comments?post=40171"}],"version-history":[{"count":0,"href":"https:\/\/eldigitaldeasturias.com\/magazine365\/wp-json\/wp\/v2\/posts\/40171\/revisions"}],"wp:featuredmedia":[{"embeddable":true,"href":"https:\/\/eldigitaldeasturias.com\/magazine365\/wp-json\/wp\/v2\/media\/40172"}],"wp:attachment":[{"href":"https:\/\/eldigitaldeasturias.com\/magazine365\/wp-json\/wp\/v2\/media?parent=40171"}],"wp:term":[{"taxonomy":"category","embeddable":true,"href":"https:\/\/eldigitaldeasturias.com\/magazine365\/wp-json\/wp\/v2\/categories?post=40171"},{"taxonomy":"post_tag","embeddable":true,"href":"https:\/\/eldigitaldeasturias.com\/magazine365\/wp-json\/wp\/v2\/tags?post=40171"}],"curies":[{"name":"wp","href":"https:\/\/api.w.org\/{rel}","templated":true}]}}