{"id":40165,"date":"2015-06-18T07:58:18","date_gmt":"2015-06-18T06:28:18","guid":{"rendered":"http:\/\/eldigitaldeasturias.com\/magazine365\/?p=40165"},"modified":"2015-06-18T07:58:18","modified_gmt":"2015-06-18T06:28:18","slug":"la-generalitat-preve-una-buena-campana-turistica-este-verano-en-cataluna","status":"publish","type":"post","link":"https:\/\/eldigitaldeasturias.com\/magazine365\/la-generalitat-preve-una-buena-campana-turistica-este-verano-en-cataluna\/","title":{"rendered":"La Generalitat prev\u00e9 una buena campa\u00f1a tur\u00edstica este verano en Catalu\u00f1a"},"content":{"rendered":"<p><img fetchpriority=\"high\" decoding=\"async\" class=\"alignleft size-medium wp-image-40166\" src=\"https:\/\/eldigitaldeasturias.com\/magazine365\/wp-content\/uploads\/2015\/06\/fotonoticia_20150617142958_800-360x270.jpg\" alt=\"fotonoticia_20150617142958_800\" width=\"360\" height=\"270\" srcset=\"https:\/\/eldigitaldeasturias.com\/magazine365\/wp-content\/uploads\/2015\/06\/fotonoticia_20150617142958_800-360x270.jpg 360w, https:\/\/eldigitaldeasturias.com\/magazine365\/wp-content\/uploads\/2015\/06\/fotonoticia_20150617142958_800-650x488.jpg 650w, https:\/\/eldigitaldeasturias.com\/magazine365\/wp-content\/uploads\/2015\/06\/fotonoticia_20150617142958_800-768x576.jpg 768w, https:\/\/eldigitaldeasturias.com\/magazine365\/wp-content\/uploads\/2015\/06\/fotonoticia_20150617142958_800-150x113.jpg 150w, https:\/\/eldigitaldeasturias.com\/magazine365\/wp-content\/uploads\/2015\/06\/fotonoticia_20150617142958_800-450x338.jpg 450w, https:\/\/eldigitaldeasturias.com\/magazine365\/wp-content\/uploads\/2015\/06\/fotonoticia_20150617142958_800-80x60.jpg 80w, https:\/\/eldigitaldeasturias.com\/magazine365\/wp-content\/uploads\/2015\/06\/fotonoticia_20150617142958_800-265x198.jpg 265w, https:\/\/eldigitaldeasturias.com\/magazine365\/wp-content\/uploads\/2015\/06\/fotonoticia_20150617142958_800-696x522.jpg 696w, https:\/\/eldigitaldeasturias.com\/magazine365\/wp-content\/uploads\/2015\/06\/fotonoticia_20150617142958_800-560x420.jpg 560w, https:\/\/eldigitaldeasturias.com\/magazine365\/wp-content\/uploads\/2015\/06\/fotonoticia_20150617142958_800-90x67.jpg 90w, https:\/\/eldigitaldeasturias.com\/magazine365\/wp-content\/uploads\/2015\/06\/fotonoticia_20150617142958_800-100x75.jpg 100w, https:\/\/eldigitaldeasturias.com\/magazine365\/wp-content\/uploads\/2015\/06\/fotonoticia_20150617142958_800.jpg 800w\" sizes=\"(max-width: 360px) 100vw, 360px\" \/>La Generalitat prev\u00e9 una buena campa\u00f1a tur\u00edstica este verano y estima que Catalu\u00f1a recibir\u00e1 entre un 6 y un 7% m\u00e1s de turistas internacionales que el a\u00f1o pasado, seg\u00fan ha avanzado este mi\u00e9rcoles la directora general de Turismo, Marian Muro.<\/p>\n<p>En una rueda de prensa para hacer balance de los 15 a\u00f1os de funcionamiento de las oficinas de informaci\u00f3n tur\u00edstica en el Aeropuerto de Barcelona-El Prat, Muro ha destacado que se prev\u00e9 un importante crecimiento de los turistas brit\u00e1nicos, franceses e italianos.<\/p>\n<p>Tambi\u00e9n ha destacado el aumento que se est\u00e1n experimentando de visitantes de algunos pa\u00edses asi\u00e1ticos como Corea del Sur, as\u00ed como de Estados Unidos.<\/p>\n<p>Sin embargo, se estima una ca\u00edda de los turistas rusos de alrededor del 38%, \u00abcomo estaba previsto\u00bb, seg\u00fan ha destacado Muro, que ha afirmado que la Generalitat mantiene sus acciones de promoci\u00f3n en Rusia.<\/p>\n<p>Ha se\u00f1alado que se puede producir un aumento de los turistas rusos y que cada vez es m\u00e1s dif\u00edcil de prever porque aumenta la contrataci\u00f3n individual, mientras que hasta ahora lo hac\u00edan mayoritariamente a trav\u00e9s de touroperadores.<\/p>\n","protected":false},"excerpt":{"rendered":"<p>La Generalitat prev\u00e9 una buena campa\u00f1a tur\u00edstica este verano y estima que Catalu\u00f1a recibir\u00e1 entre un 6 y un 7% m\u00e1s de turistas internacionales que el a\u00f1o pasado, seg\u00fan ha avanzado este mi\u00e9rcoles la directora general de Turismo, Marian Muro. En una rueda de prensa para hacer balance de los 15 a\u00f1os de funcionamiento de<\/p>\n","protected":false},"author":1,"featured_media":40166,"comment_status":"open","ping_status":"closed","sticky":false,"template":"","format":"standard","meta":{"footnotes":""},"categories":[224],"tags":[],"class_list":{"0":"post-40165","1":"post","2":"type-post","3":"status-publish","4":"format-standard","5":"has-post-thumbnail","7":"category-noticias-actualidad"},"aioseo_notices":[],"aioseo_head":"\n\t\t<!-- All in One SEO Pro 4.9.6.1 - aioseo.com -->\n\t<meta name=\"description\" content=\"La Generalitat prev\u00e9 una buena campa\u00f1a tur\u00edstica este verano y estima que Catalu\u00f1a recibir\u00e1 entre un 6 y un 7% m\u00e1s de turistas internacionales que el a\u00f1o pasado, seg\u00fan ha avanzado este mi\u00e9rcoles la directora general de Turismo, Marian Muro. En una rueda de prensa para hacer balance de los 15 a\u00f1os de funcionamiento de\" \/>\n\t<meta name=\"robots\" content=\"max-image-preview:large\" \/>\n\t<meta name=\"author\" content=\"admin\"\/>\n\t<meta name=\"google-site-verification\" content=\"UA-38556648-1\" \/>\n\t<meta name=\"keywords\" content=\"noticias y actualidad\" \/>\n\t<link rel=\"canonical\" href=\"https:\/\/eldigitaldeasturias.com\/magazine365\/la-generalitat-preve-una-buena-campana-turistica-este-verano-en-cataluna\/\" \/>\n\t<meta name=\"generator\" content=\"All in One SEO Pro (AIOSEO) 4.9.6.1\" \/>\n\t\t<meta property=\"og:locale\" content=\"es_ES\" \/>\n\t\t<meta property=\"og:site_name\" content=\"El Digital de Asturias \u2013 Revista de ocio, turismo y estilo de vida\" \/>\n\t\t<meta property=\"og:type\" content=\"article\" \/>\n\t\t<meta property=\"og:title\" content=\"La Generalitat prev\u00e9 una buena campa\u00f1a tur\u00edstica este verano en Catalu\u00f1a | El Digital de Asturias\" \/>\n\t\t<meta property=\"og:description\" content=\"La Generalitat prev\u00e9 una buena campa\u00f1a tur\u00edstica este verano y estima que Catalu\u00f1a recibir\u00e1 entre un 6 y un 7% m\u00e1s de turistas internacionales que el a\u00f1o pasado, seg\u00fan ha avanzado este mi\u00e9rcoles la directora general de Turismo, Marian Muro. En una rueda de prensa para hacer balance de los 15 a\u00f1os de funcionamiento de\" \/>\n\t\t<meta property=\"og:url\" content=\"https:\/\/eldigitaldeasturias.com\/magazine365\/la-generalitat-preve-una-buena-campana-turistica-este-verano-en-cataluna\/\" \/>\n\t\t<meta property=\"og:image\" content=\"https:\/\/eldigitaldeasturias.com\/magazine365\/wp-content\/uploads\/2015\/06\/fotonoticia_20150617142958_800.jpg\" \/>\n\t\t<meta property=\"og:image:secure_url\" content=\"https:\/\/eldigitaldeasturias.com\/magazine365\/wp-content\/uploads\/2015\/06\/fotonoticia_20150617142958_800.jpg\" \/>\n\t\t<meta property=\"og:image:width\" content=\"800\" \/>\n\t\t<meta property=\"og:image:height\" content=\"600\" \/>\n\t\t<meta property=\"article:published_time\" content=\"2015-06-18T06:28:18+00:00\" \/>\n\t\t<meta property=\"article:modified_time\" content=\"2015-06-18T06:28:18+00:00\" \/>\n\t\t<meta name=\"twitter:card\" content=\"summary_large_image\" \/>\n\t\t<meta name=\"twitter:title\" content=\"La Generalitat prev\u00e9 una buena campa\u00f1a tur\u00edstica este verano en Catalu\u00f1a | El Digital de Asturias\" \/>\n\t\t<meta name=\"twitter:description\" content=\"La Generalitat prev\u00e9 una buena campa\u00f1a tur\u00edstica este verano y estima que Catalu\u00f1a recibir\u00e1 entre un 6 y un 7% m\u00e1s de turistas internacionales que el a\u00f1o pasado, seg\u00fan ha avanzado este mi\u00e9rcoles la directora general de Turismo, Marian Muro. En una rueda de prensa para hacer balance de los 15 a\u00f1os de funcionamiento de\" \/>\n\t\t<meta name=\"twitter:image\" content=\"https:\/\/eldigitaldeasturias.com\/magazine365\/wp-content\/uploads\/2015\/06\/fotonoticia_20150617142958_800.jpg\" \/>\n\t\t<script type=\"application\/ld+json\" class=\"aioseo-schema\">\n\t\t\t{\"@context\":\"https:\\\/\\\/schema.org\",\"@graph\":[{\"@type\":\"Article\",\"@id\":\"https:\\\/\\\/eldigitaldeasturias.com\\\/magazine365\\\/la-generalitat-preve-una-buena-campana-turistica-este-verano-en-cataluna\\\/#article\",\"name\":\"La Generalitat prev\\u00e9 una buena campa\\u00f1a tur\\u00edstica este verano en Catalu\\u00f1a | El Digital de Asturias\",\"headline\":\"La Generalitat prev\\u00e9 una buena campa\\u00f1a tur\\u00edstica este verano en Catalu\\u00f1a\",\"author\":{\"@id\":\"https:\\\/\\\/eldigitaldeasturias.com\\\/magazine365\\\/author\\\/admin\\\/#author\"},\"publisher\":{\"@id\":\"https:\\\/\\\/eldigitaldeasturias.com\\\/magazine365\\\/#organization\"},\"image\":{\"@type\":\"ImageObject\",\"url\":\"https:\\\/\\\/eldigitaldeasturias.com\\\/magazine365\\\/wp-content\\\/uploads\\\/2015\\\/06\\\/fotonoticia_20150617142958_800.jpg\",\"width\":800,\"height\":600},\"datePublished\":\"2015-06-18T07:58:18+02:00\",\"dateModified\":\"2015-06-18T07:58:18+02:00\",\"inLanguage\":\"es-ES\",\"mainEntityOfPage\":{\"@id\":\"https:\\\/\\\/eldigitaldeasturias.com\\\/magazine365\\\/la-generalitat-preve-una-buena-campana-turistica-este-verano-en-cataluna\\\/#webpage\"},\"isPartOf\":{\"@id\":\"https:\\\/\\\/eldigitaldeasturias.com\\\/magazine365\\\/la-generalitat-preve-una-buena-campana-turistica-este-verano-en-cataluna\\\/#webpage\"},\"articleSection\":\"Noticias y Actualidad\"},{\"@type\":\"BreadcrumbList\",\"@id\":\"https:\\\/\\\/eldigitaldeasturias.com\\\/magazine365\\\/la-generalitat-preve-una-buena-campana-turistica-este-verano-en-cataluna\\\/#breadcrumblist\",\"itemListElement\":[{\"@type\":\"ListItem\",\"@id\":\"https:\\\/\\\/eldigitaldeasturias.com\\\/magazine365#listItem\",\"position\":1,\"name\":\"Home\",\"item\":\"https:\\\/\\\/eldigitaldeasturias.com\\\/magazine365\",\"nextItem\":{\"@type\":\"ListItem\",\"@id\":\"https:\\\/\\\/eldigitaldeasturias.com\\\/magazine365\\\/category\\\/noticias-actualidad\\\/#listItem\",\"name\":\"Noticias y Actualidad\"}},{\"@type\":\"ListItem\",\"@id\":\"https:\\\/\\\/eldigitaldeasturias.com\\\/magazine365\\\/category\\\/noticias-actualidad\\\/#listItem\",\"position\":2,\"name\":\"Noticias y Actualidad\",\"item\":\"https:\\\/\\\/eldigitaldeasturias.com\\\/magazine365\\\/category\\\/noticias-actualidad\\\/\",\"nextItem\":{\"@type\":\"ListItem\",\"@id\":\"https:\\\/\\\/eldigitaldeasturias.com\\\/magazine365\\\/la-generalitat-preve-una-buena-campana-turistica-este-verano-en-cataluna\\\/#listItem\",\"name\":\"La Generalitat prev\\u00e9 una buena campa\\u00f1a tur\\u00edstica este verano en Catalu\\u00f1a\"},\"previousItem\":{\"@type\":\"ListItem\",\"@id\":\"https:\\\/\\\/eldigitaldeasturias.com\\\/magazine365#listItem\",\"name\":\"Home\"}},{\"@type\":\"ListItem\",\"@id\":\"https:\\\/\\\/eldigitaldeasturias.com\\\/magazine365\\\/la-generalitat-preve-una-buena-campana-turistica-este-verano-en-cataluna\\\/#listItem\",\"position\":3,\"name\":\"La Generalitat prev\\u00e9 una buena campa\\u00f1a tur\\u00edstica este verano en Catalu\\u00f1a\",\"previousItem\":{\"@type\":\"ListItem\",\"@id\":\"https:\\\/\\\/eldigitaldeasturias.com\\\/magazine365\\\/category\\\/noticias-actualidad\\\/#listItem\",\"name\":\"Noticias y Actualidad\"}}]},{\"@type\":\"Organization\",\"@id\":\"https:\\\/\\\/eldigitaldeasturias.com\\\/magazine365\\\/#organization\",\"name\":\"El digital de Asturias\",\"description\":\"Revista de ocio, turismo y estilo de vida\",\"url\":\"https:\\\/\\\/eldigitaldeasturias.com\\\/magazine365\\\/\",\"logo\":{\"@type\":\"ImageObject\",\"url\":\"https:\\\/\\\/www.eldigitaldeasturias.com\\\/noticias\\\/wp-content\\\/uploads\\\/2020\\\/12\\\/EDA.jpg\",\"@id\":\"https:\\\/\\\/eldigitaldeasturias.com\\\/magazine365\\\/la-generalitat-preve-una-buena-campana-turistica-este-verano-en-cataluna\\\/#organizationLogo\"},\"image\":{\"@id\":\"https:\\\/\\\/eldigitaldeasturias.com\\\/magazine365\\\/la-generalitat-preve-una-buena-campana-turistica-este-verano-en-cataluna\\\/#organizationLogo\"}},{\"@type\":\"Person\",\"@id\":\"https:\\\/\\\/eldigitaldeasturias.com\\\/magazine365\\\/author\\\/admin\\\/#author\",\"url\":\"https:\\\/\\\/eldigitaldeasturias.com\\\/magazine365\\\/author\\\/admin\\\/\",\"name\":\"admin\",\"image\":{\"@type\":\"ImageObject\",\"@id\":\"https:\\\/\\\/eldigitaldeasturias.com\\\/magazine365\\\/la-generalitat-preve-una-buena-campana-turistica-este-verano-en-cataluna\\\/#authorImage\",\"url\":\"https:\\\/\\\/eldigitaldeasturias.com\\\/magazine365\\\/wp-content\\\/litespeed\\\/avatar\\\/e571bcf59a0edd6fa6838245a470f2fe.jpg?ver=1776969259\",\"width\":96,\"height\":96,\"caption\":\"admin\"}},{\"@type\":\"WebPage\",\"@id\":\"https:\\\/\\\/eldigitaldeasturias.com\\\/magazine365\\\/la-generalitat-preve-una-buena-campana-turistica-este-verano-en-cataluna\\\/#webpage\",\"url\":\"https:\\\/\\\/eldigitaldeasturias.com\\\/magazine365\\\/la-generalitat-preve-una-buena-campana-turistica-este-verano-en-cataluna\\\/\",\"name\":\"La Generalitat prev\\u00e9 una buena campa\\u00f1a tur\\u00edstica este verano en Catalu\\u00f1a | El Digital de Asturias\",\"description\":\"La Generalitat prev\\u00e9 una buena campa\\u00f1a tur\\u00edstica este verano y estima que Catalu\\u00f1a recibir\\u00e1 entre un 6 y un 7% m\\u00e1s de turistas internacionales que el a\\u00f1o pasado, seg\\u00fan ha avanzado este mi\\u00e9rcoles la directora general de Turismo, Marian Muro. En una rueda de prensa para hacer balance de los 15 a\\u00f1os de funcionamiento de\",\"inLanguage\":\"es-ES\",\"isPartOf\":{\"@id\":\"https:\\\/\\\/eldigitaldeasturias.com\\\/magazine365\\\/#website\"},\"breadcrumb\":{\"@id\":\"https:\\\/\\\/eldigitaldeasturias.com\\\/magazine365\\\/la-generalitat-preve-una-buena-campana-turistica-este-verano-en-cataluna\\\/#breadcrumblist\"},\"author\":{\"@id\":\"https:\\\/\\\/eldigitaldeasturias.com\\\/magazine365\\\/author\\\/admin\\\/#author\"},\"creator\":{\"@id\":\"https:\\\/\\\/eldigitaldeasturias.com\\\/magazine365\\\/author\\\/admin\\\/#author\"},\"image\":{\"@type\":\"ImageObject\",\"url\":\"https:\\\/\\\/eldigitaldeasturias.com\\\/magazine365\\\/wp-content\\\/uploads\\\/2015\\\/06\\\/fotonoticia_20150617142958_800.jpg\",\"@id\":\"https:\\\/\\\/eldigitaldeasturias.com\\\/magazine365\\\/la-generalitat-preve-una-buena-campana-turistica-este-verano-en-cataluna\\\/#mainImage\",\"width\":800,\"height\":600},\"primaryImageOfPage\":{\"@id\":\"https:\\\/\\\/eldigitaldeasturias.com\\\/magazine365\\\/la-generalitat-preve-una-buena-campana-turistica-este-verano-en-cataluna\\\/#mainImage\"},\"datePublished\":\"2015-06-18T07:58:18+02:00\",\"dateModified\":\"2015-06-18T07:58:18+02:00\"},{\"@type\":\"WebSite\",\"@id\":\"https:\\\/\\\/eldigitaldeasturias.com\\\/magazine365\\\/#website\",\"url\":\"https:\\\/\\\/eldigitaldeasturias.com\\\/magazine365\\\/\",\"name\":\"El Digital de Asturias\",\"description\":\"Revista de ocio, turismo y estilo de vida\",\"inLanguage\":\"es-ES\",\"publisher\":{\"@id\":\"https:\\\/\\\/eldigitaldeasturias.com\\\/magazine365\\\/#organization\"}}]}\n\t\t<\/script>\n\t\t<!-- All in One SEO Pro -->\r\n\t\t<title>La Generalitat prev\u00e9 una buena campa\u00f1a tur\u00edstica este verano en Catalu\u00f1a | El Digital de Asturias<\/title>\n\n","aioseo_head_json":{"title":"La Generalitat prev\u00e9 una buena campa\u00f1a tur\u00edstica este verano en Catalu\u00f1a | El Digital de Asturias","description":"La Generalitat prev\u00e9 una buena campa\u00f1a tur\u00edstica este verano y estima que Catalu\u00f1a recibir\u00e1 entre un 6 y un 7% m\u00e1s de turistas internacionales que el a\u00f1o pasado, seg\u00fan ha avanzado este mi\u00e9rcoles la directora general de Turismo, Marian Muro. En una rueda de prensa para hacer balance de los 15 a\u00f1os de funcionamiento de","canonical_url":"https:\/\/eldigitaldeasturias.com\/magazine365\/la-generalitat-preve-una-buena-campana-turistica-este-verano-en-cataluna\/","robots":"max-image-preview:large","keywords":"noticias y actualidad","webmasterTools":{"google-site-verification":"UA-38556648-1","miscellaneous":""},"schema":{"@context":"https:\/\/schema.org","@graph":[{"@type":"Article","@id":"https:\/\/eldigitaldeasturias.com\/magazine365\/la-generalitat-preve-una-buena-campana-turistica-este-verano-en-cataluna\/#article","name":"La Generalitat prev\u00e9 una buena campa\u00f1a tur\u00edstica este verano en Catalu\u00f1a | El Digital de Asturias","headline":"La Generalitat prev\u00e9 una buena campa\u00f1a tur\u00edstica este verano en Catalu\u00f1a","author":{"@id":"https:\/\/eldigitaldeasturias.com\/magazine365\/author\/admin\/#author"},"publisher":{"@id":"https:\/\/eldigitaldeasturias.com\/magazine365\/#organization"},"image":{"@type":"ImageObject","url":"https:\/\/eldigitaldeasturias.com\/magazine365\/wp-content\/uploads\/2015\/06\/fotonoticia_20150617142958_800.jpg","width":800,"height":600},"datePublished":"2015-06-18T07:58:18+02:00","dateModified":"2015-06-18T07:58:18+02:00","inLanguage":"es-ES","mainEntityOfPage":{"@id":"https:\/\/eldigitaldeasturias.com\/magazine365\/la-generalitat-preve-una-buena-campana-turistica-este-verano-en-cataluna\/#webpage"},"isPartOf":{"@id":"https:\/\/eldigitaldeasturias.com\/magazine365\/la-generalitat-preve-una-buena-campana-turistica-este-verano-en-cataluna\/#webpage"},"articleSection":"Noticias y Actualidad"},{"@type":"BreadcrumbList","@id":"https:\/\/eldigitaldeasturias.com\/magazine365\/la-generalitat-preve-una-buena-campana-turistica-este-verano-en-cataluna\/#breadcrumblist","itemListElement":[{"@type":"ListItem","@id":"https:\/\/eldigitaldeasturias.com\/magazine365#listItem","position":1,"name":"Home","item":"https:\/\/eldigitaldeasturias.com\/magazine365","nextItem":{"@type":"ListItem","@id":"https:\/\/eldigitaldeasturias.com\/magazine365\/category\/noticias-actualidad\/#listItem","name":"Noticias y Actualidad"}},{"@type":"ListItem","@id":"https:\/\/eldigitaldeasturias.com\/magazine365\/category\/noticias-actualidad\/#listItem","position":2,"name":"Noticias y Actualidad","item":"https:\/\/eldigitaldeasturias.com\/magazine365\/category\/noticias-actualidad\/","nextItem":{"@type":"ListItem","@id":"https:\/\/eldigitaldeasturias.com\/magazine365\/la-generalitat-preve-una-buena-campana-turistica-este-verano-en-cataluna\/#listItem","name":"La Generalitat prev\u00e9 una buena campa\u00f1a tur\u00edstica este verano en Catalu\u00f1a"},"previousItem":{"@type":"ListItem","@id":"https:\/\/eldigitaldeasturias.com\/magazine365#listItem","name":"Home"}},{"@type":"ListItem","@id":"https:\/\/eldigitaldeasturias.com\/magazine365\/la-generalitat-preve-una-buena-campana-turistica-este-verano-en-cataluna\/#listItem","position":3,"name":"La Generalitat prev\u00e9 una buena campa\u00f1a tur\u00edstica este verano en Catalu\u00f1a","previousItem":{"@type":"ListItem","@id":"https:\/\/eldigitaldeasturias.com\/magazine365\/category\/noticias-actualidad\/#listItem","name":"Noticias y Actualidad"}}]},{"@type":"Organization","@id":"https:\/\/eldigitaldeasturias.com\/magazine365\/#organization","name":"El digital de Asturias","description":"Revista de ocio, turismo y estilo de vida","url":"https:\/\/eldigitaldeasturias.com\/magazine365\/","logo":{"@type":"ImageObject","url":"https:\/\/www.eldigitaldeasturias.com\/noticias\/wp-content\/uploads\/2020\/12\/EDA.jpg","@id":"https:\/\/eldigitaldeasturias.com\/magazine365\/la-generalitat-preve-una-buena-campana-turistica-este-verano-en-cataluna\/#organizationLogo"},"image":{"@id":"https:\/\/eldigitaldeasturias.com\/magazine365\/la-generalitat-preve-una-buena-campana-turistica-este-verano-en-cataluna\/#organizationLogo"}},{"@type":"Person","@id":"https:\/\/eldigitaldeasturias.com\/magazine365\/author\/admin\/#author","url":"https:\/\/eldigitaldeasturias.com\/magazine365\/author\/admin\/","name":"admin","image":{"@type":"ImageObject","@id":"https:\/\/eldigitaldeasturias.com\/magazine365\/la-generalitat-preve-una-buena-campana-turistica-este-verano-en-cataluna\/#authorImage","url":"https:\/\/eldigitaldeasturias.com\/magazine365\/wp-content\/litespeed\/avatar\/e571bcf59a0edd6fa6838245a470f2fe.jpg?ver=1776969259","width":96,"height":96,"caption":"admin"}},{"@type":"WebPage","@id":"https:\/\/eldigitaldeasturias.com\/magazine365\/la-generalitat-preve-una-buena-campana-turistica-este-verano-en-cataluna\/#webpage","url":"https:\/\/eldigitaldeasturias.com\/magazine365\/la-generalitat-preve-una-buena-campana-turistica-este-verano-en-cataluna\/","name":"La Generalitat prev\u00e9 una buena campa\u00f1a tur\u00edstica este verano en Catalu\u00f1a | El Digital de Asturias","description":"La Generalitat prev\u00e9 una buena campa\u00f1a tur\u00edstica este verano y estima que Catalu\u00f1a recibir\u00e1 entre un 6 y un 7% m\u00e1s de turistas internacionales que el a\u00f1o pasado, seg\u00fan ha avanzado este mi\u00e9rcoles la directora general de Turismo, Marian Muro. En una rueda de prensa para hacer balance de los 15 a\u00f1os de funcionamiento de","inLanguage":"es-ES","isPartOf":{"@id":"https:\/\/eldigitaldeasturias.com\/magazine365\/#website"},"breadcrumb":{"@id":"https:\/\/eldigitaldeasturias.com\/magazine365\/la-generalitat-preve-una-buena-campana-turistica-este-verano-en-cataluna\/#breadcrumblist"},"author":{"@id":"https:\/\/eldigitaldeasturias.com\/magazine365\/author\/admin\/#author"},"creator":{"@id":"https:\/\/eldigitaldeasturias.com\/magazine365\/author\/admin\/#author"},"image":{"@type":"ImageObject","url":"https:\/\/eldigitaldeasturias.com\/magazine365\/wp-content\/uploads\/2015\/06\/fotonoticia_20150617142958_800.jpg","@id":"https:\/\/eldigitaldeasturias.com\/magazine365\/la-generalitat-preve-una-buena-campana-turistica-este-verano-en-cataluna\/#mainImage","width":800,"height":600},"primaryImageOfPage":{"@id":"https:\/\/eldigitaldeasturias.com\/magazine365\/la-generalitat-preve-una-buena-campana-turistica-este-verano-en-cataluna\/#mainImage"},"datePublished":"2015-06-18T07:58:18+02:00","dateModified":"2015-06-18T07:58:18+02:00"},{"@type":"WebSite","@id":"https:\/\/eldigitaldeasturias.com\/magazine365\/#website","url":"https:\/\/eldigitaldeasturias.com\/magazine365\/","name":"El Digital de Asturias","description":"Revista de ocio, turismo y estilo de vida","inLanguage":"es-ES","publisher":{"@id":"https:\/\/eldigitaldeasturias.com\/magazine365\/#organization"}}]},"og:locale":"es_ES","og:site_name":"El Digital de Asturias \u2013 Revista de ocio, turismo y estilo de vida","og:type":"article","og:title":"La Generalitat prev\u00e9 una buena campa\u00f1a tur\u00edstica este verano en Catalu\u00f1a | El Digital de Asturias","og:description":"La Generalitat prev\u00e9 una buena campa\u00f1a tur\u00edstica este verano y estima que Catalu\u00f1a recibir\u00e1 entre un 6 y un 7% m\u00e1s de turistas internacionales que el a\u00f1o pasado, seg\u00fan ha avanzado este mi\u00e9rcoles la directora general de Turismo, Marian Muro. En una rueda de prensa para hacer balance de los 15 a\u00f1os de funcionamiento de","og:url":"https:\/\/eldigitaldeasturias.com\/magazine365\/la-generalitat-preve-una-buena-campana-turistica-este-verano-en-cataluna\/","og:image":"https:\/\/eldigitaldeasturias.com\/magazine365\/wp-content\/uploads\/2015\/06\/fotonoticia_20150617142958_800.jpg","og:image:secure_url":"https:\/\/eldigitaldeasturias.com\/magazine365\/wp-content\/uploads\/2015\/06\/fotonoticia_20150617142958_800.jpg","og:image:width":800,"og:image:height":600,"article:published_time":"2015-06-18T06:28:18+00:00","article:modified_time":"2015-06-18T06:28:18+00:00","twitter:card":"summary_large_image","twitter:title":"La Generalitat prev\u00e9 una buena campa\u00f1a tur\u00edstica este verano en Catalu\u00f1a | El Digital de Asturias","twitter:description":"La Generalitat prev\u00e9 una buena campa\u00f1a tur\u00edstica este verano y estima que Catalu\u00f1a recibir\u00e1 entre un 6 y un 7% m\u00e1s de turistas internacionales que el a\u00f1o pasado, seg\u00fan ha avanzado este mi\u00e9rcoles la directora general de Turismo, Marian Muro. En una rueda de prensa para hacer balance de los 15 a\u00f1os de funcionamiento de","twitter:image":"https:\/\/eldigitaldeasturias.com\/magazine365\/wp-content\/uploads\/2015\/06\/fotonoticia_20150617142958_800.jpg"},"aioseo_meta_data":{"post_id":"40165","title":null,"description":null,"keywords":null,"keyphrases":null,"primary_term":null,"canonical_url":null,"og_title":null,"og_description":null,"og_object_type":"default","og_image_type":"default","og_image_url":null,"og_image_width":null,"og_image_height":null,"og_image_custom_url":null,"og_image_custom_fields":null,"og_video":null,"og_custom_url":null,"og_article_section":null,"og_article_tags":null,"twitter_use_og":false,"twitter_card":"default","twitter_image_type":"default","twitter_image_url":null,"twitter_image_custom_url":null,"twitter_image_custom_fields":null,"twitter_title":null,"twitter_description":null,"schema":{"blockGraphs":[],"customGraphs":[],"default":{"data":{"Article":[],"Course":[],"Dataset":[],"FAQPage":[],"Movie":[],"Person":[],"Product":[],"ProductReview":[],"Car":[],"Recipe":[],"Service":[],"SoftwareApplication":[],"WebPage":[]},"graphName":"","isEnabled":true},"graphs":[],"defaultGraph":"","defaultPostTypeGraph":""},"schema_type":null,"schema_type_options":null,"pillar_content":false,"robots_default":true,"robots_noindex":false,"robots_noarchive":false,"robots_nosnippet":false,"robots_nofollow":false,"robots_noimageindex":false,"robots_noodp":false,"robots_notranslate":false,"robots_max_snippet":null,"robots_max_videopreview":null,"robots_max_imagepreview":"large","priority":null,"frequency":null,"location":null,"local_seo":null,"seo_analyzer_scan_date":"2025-09-19 13:03:32","breadcrumb_settings":null,"limit_modified_date":false,"open_ai":null,"ai":null,"created":"2021-03-09 02:31:42","updated":"2025-09-19 13:03:32"},"aioseo_breadcrumb":"<div class=\"aioseo-breadcrumbs\"><span class=\"aioseo-breadcrumb\">\n\t<a href=\"https:\/\/eldigitaldeasturias.com\/magazine365\" title=\"Home\">Home<\/a>\n<\/span><span class=\"aioseo-breadcrumb-separator\">\u2013<\/span><span class=\"aioseo-breadcrumb\">\n\t<a href=\"https:\/\/eldigitaldeasturias.com\/magazine365\/category\/noticias-actualidad\/\" title=\"Noticias y Actualidad\">Noticias y Actualidad<\/a>\n<\/span><span class=\"aioseo-breadcrumb-separator\">\u2013<\/span><span class=\"aioseo-breadcrumb\">\n\t<a href=\"https:\/\/eldigitaldeasturias.com\/magazine365\/la-generalitat-preve-una-buena-campana-turistica-este-verano-en-cataluna\/\" title=\"La Generalitat prev\u00e9 una buena campa\u00f1a tur\u00edstica este verano en Catalu\u00f1a\">La Generalitat prev\u00e9 una buena campa\u00f1a tur\u00edstica este verano en Catalu\u00f1a<\/a>\n<\/span><\/div>","aioseo_breadcrumb_json":[{"label":"Home","link":"https:\/\/eldigitaldeasturias.com\/magazine365"},{"label":"Noticias y Actualidad","link":"https:\/\/eldigitaldeasturias.com\/magazine365\/category\/noticias-actualidad\/"},{"label":"La Generalitat prev\u00e9 una buena campa\u00f1a tur\u00edstica este verano en Catalu\u00f1a","link":"https:\/\/eldigitaldeasturias.com\/magazine365\/la-generalitat-preve-una-buena-campana-turistica-este-verano-en-cataluna\/"}],"_links":{"self":[{"href":"https:\/\/eldigitaldeasturias.com\/magazine365\/wp-json\/wp\/v2\/posts\/40165","targetHints":{"allow":["GET"]}}],"collection":[{"href":"https:\/\/eldigitaldeasturias.com\/magazine365\/wp-json\/wp\/v2\/posts"}],"about":[{"href":"https:\/\/eldigitaldeasturias.com\/magazine365\/wp-json\/wp\/v2\/types\/post"}],"author":[{"embeddable":true,"href":"https:\/\/eldigitaldeasturias.com\/magazine365\/wp-json\/wp\/v2\/users\/1"}],"replies":[{"embeddable":true,"href":"https:\/\/eldigitaldeasturias.com\/magazine365\/wp-json\/wp\/v2\/comments?post=40165"}],"version-history":[{"count":0,"href":"https:\/\/eldigitaldeasturias.com\/magazine365\/wp-json\/wp\/v2\/posts\/40165\/revisions"}],"wp:featuredmedia":[{"embeddable":true,"href":"https:\/\/eldigitaldeasturias.com\/magazine365\/wp-json\/wp\/v2\/media\/40166"}],"wp:attachment":[{"href":"https:\/\/eldigitaldeasturias.com\/magazine365\/wp-json\/wp\/v2\/media?parent=40165"}],"wp:term":[{"taxonomy":"category","embeddable":true,"href":"https:\/\/eldigitaldeasturias.com\/magazine365\/wp-json\/wp\/v2\/categories?post=40165"},{"taxonomy":"post_tag","embeddable":true,"href":"https:\/\/eldigitaldeasturias.com\/magazine365\/wp-json\/wp\/v2\/tags?post=40165"}],"curies":[{"name":"wp","href":"https:\/\/api.w.org\/{rel}","templated":true}]}}