{"id":40159,"date":"2015-06-18T07:55:17","date_gmt":"2015-06-18T06:25:17","guid":{"rendered":"http:\/\/eldigitaldeasturias.com\/magazine365\/?p=40159"},"modified":"2015-06-18T07:55:17","modified_gmt":"2015-06-18T06:25:17","slug":"airbus-asegura-que-el-accidente-del-a400m-no-afectara-a-los-pedidos-y-espera-que-espana-reanude-en-breve-los-vuelos","status":"publish","type":"post","link":"https:\/\/eldigitaldeasturias.com\/magazine365\/airbus-asegura-que-el-accidente-del-a400m-no-afectara-a-los-pedidos-y-espera-que-espana-reanude-en-breve-los-vuelos\/","title":{"rendered":"Airbus asegura que el accidente del A400M no afectar\u00e1 a los pedidos y espera que Espa\u00f1a reanude \u00aben breve\u00bb los vuelos"},"content":{"rendered":"<p><img fetchpriority=\"high\" decoding=\"async\" class=\"alignleft size-medium wp-image-40160\" src=\"https:\/\/eldigitaldeasturias.com\/magazine365\/wp-content\/uploads\/2015\/06\/fotonoticia_20150617140836_800-360x270.jpg\" alt=\"fotonoticia_20150617140836_800\" width=\"360\" height=\"270\" srcset=\"https:\/\/eldigitaldeasturias.com\/magazine365\/wp-content\/uploads\/2015\/06\/fotonoticia_20150617140836_800-360x270.jpg 360w, https:\/\/eldigitaldeasturias.com\/magazine365\/wp-content\/uploads\/2015\/06\/fotonoticia_20150617140836_800-650x488.jpg 650w, https:\/\/eldigitaldeasturias.com\/magazine365\/wp-content\/uploads\/2015\/06\/fotonoticia_20150617140836_800-768x576.jpg 768w, https:\/\/eldigitaldeasturias.com\/magazine365\/wp-content\/uploads\/2015\/06\/fotonoticia_20150617140836_800-150x113.jpg 150w, https:\/\/eldigitaldeasturias.com\/magazine365\/wp-content\/uploads\/2015\/06\/fotonoticia_20150617140836_800-450x338.jpg 450w, https:\/\/eldigitaldeasturias.com\/magazine365\/wp-content\/uploads\/2015\/06\/fotonoticia_20150617140836_800-80x60.jpg 80w, https:\/\/eldigitaldeasturias.com\/magazine365\/wp-content\/uploads\/2015\/06\/fotonoticia_20150617140836_800-265x198.jpg 265w, https:\/\/eldigitaldeasturias.com\/magazine365\/wp-content\/uploads\/2015\/06\/fotonoticia_20150617140836_800-696x522.jpg 696w, https:\/\/eldigitaldeasturias.com\/magazine365\/wp-content\/uploads\/2015\/06\/fotonoticia_20150617140836_800-560x420.jpg 560w, https:\/\/eldigitaldeasturias.com\/magazine365\/wp-content\/uploads\/2015\/06\/fotonoticia_20150617140836_800-90x67.jpg 90w, https:\/\/eldigitaldeasturias.com\/magazine365\/wp-content\/uploads\/2015\/06\/fotonoticia_20150617140836_800-100x75.jpg 100w, https:\/\/eldigitaldeasturias.com\/magazine365\/wp-content\/uploads\/2015\/06\/fotonoticia_20150617140836_800.jpg 800w\" sizes=\"(max-width: 360px) 100vw, 360px\" \/>El consejero delegado de Airbus Group, Thomas Enders, ha asegurado este mi\u00e9rcoles que el accidente de un avi\u00f3n militar A400M el pasado 9 de mayo en Sevilla, en el que fallecieron cuatro trabajadores, no ha tenido impacto en los pedidos ya realizados ni afectar\u00e1 a las futuras ventas.<\/p>\n<p>En una entrevista concedida a la emisora francesa Europe 1, recogida por Europa Press, Enders ha subrayado que los Estados clientes del A400M lo siguen considerando un avi\u00f3n \u00abextraordinario\u00bb y que la compa\u00f1\u00eda ha tomado las medidas oportunas para evitar que un siniestro como el de Sevilla vuelva a ocurrir.<\/p>\n<p>Por este motivo, el m\u00e1ximo responsable del consorcio aeron\u00e1utico europeo ha dicho estar \u00abconvencido\u00bb de que el Gobierno espa\u00f1ol levantar\u00e1 \u00aben breve\u00bb las restricciones de vuelo impuestas a las unidades en producci\u00f3n en la planta de Sevilla para que as\u00ed puedan reanudarse las entregas.<\/p>\n<p>El Ejecutivo decidi\u00f3 la semana pasada autorizar de nuevo los vuelos de los prototipos del A400M que utiliza Airbus para el desarrollo de nuevas capacidades del programa, si bien todav\u00eda falta que d\u00e9 el visto bueno a los vuelos de los aparatos que salgan de la planta de montaje.<\/p>\n<p>FRANCIA, REINO UNIDO Y TURQU\u00cdA YA LO HAN AUTORIZADO.<\/p>\n<p>Concretamente, Enders ha se\u00f1alado que conf\u00eda en que \u00abla aviaci\u00f3n espa\u00f1ola har\u00e1 en breve lo mismo\u00bb que Reino Unido y Turqu\u00eda, que ya han vuelto a autorizar los vuelos de sus A400M. Adem\u00e1s, ha recordado que Francia nunca paraliz\u00f3 los vuelos de estos aviones.<\/p>\n<p>El consejero delegado de la compa\u00f1\u00eda ha hecho estas declaraciones desde el Sal\u00f3n Internacional de la Aeron\u00e1utica y el Espacio de Par\u00eds-Le Bourget, que se celebra esta semana y donde Airbus Defence and Space est\u00e1 dejando clara su confianza en el A400M con distintas exhibiciones a\u00e9reas.<\/p>\n<p>Seg\u00fan Enders, Airbus ha \u00abentendido bien cu\u00e1les fueron las causas del tr\u00e1gico accidente\u00bb y ha sido capaz de \u00abtomar las medidas necesarias\u00bb, por lo que \u00abasumir\u00e1 sus responsabilidades\u00bb. Todo ello se puede comprobar, ha a\u00f1adido, en la \u00abconfianza\u00bb en la compa\u00f1\u00eda que, a su juicio, est\u00e1n mostrando los clientes durante la feria internacional de Par\u00eds.<\/p>\n<p>\u00abPERSPECTIVAS BASTANTE BUENAS\u00bb.<\/p>\n<p>Sobre las perspectivas de nuevas ventas del A400M, Enders ha se\u00f1alado que en Le Bourget el consorcio est\u00e1 en conversaciones con \u00abun cierto n\u00famero de pa\u00edses\u00bb. Sin concretar cu\u00e1les, ha destacado el inter\u00e9s de algunos Estados de Oriente Pr\u00f3ximo y Asia.<\/p>\n<p>\u00abLas perspectivas son bastante buenas y esperamos poder firmar un contrato en un futuro pr\u00f3ximo\u00bb, ha manifestado, aunque tambi\u00e9n ha remarcado que las ventas militares no se cierran con la misma rapidez que las de aviones comerciales.<\/p>\n","protected":false},"excerpt":{"rendered":"<p>El consejero delegado de Airbus Group, Thomas Enders, ha asegurado este mi\u00e9rcoles que el accidente de un avi\u00f3n militar A400M el pasado 9 de mayo en Sevilla, en el que fallecieron cuatro trabajadores, no ha tenido impacto en los pedidos ya realizados ni afectar\u00e1 a las futuras ventas. En una entrevista concedida a la emisora<\/p>\n","protected":false},"author":1,"featured_media":40160,"comment_status":"open","ping_status":"closed","sticky":false,"template":"","format":"standard","meta":{"footnotes":""},"categories":[224],"tags":[],"class_list":{"0":"post-40159","1":"post","2":"type-post","3":"status-publish","4":"format-standard","5":"has-post-thumbnail","7":"category-noticias-actualidad"},"aioseo_notices":[],"aioseo_head":"\n\t\t<!-- All in One SEO Pro 4.9.6.1 - aioseo.com -->\n\t<meta name=\"description\" content=\"El consejero delegado de Airbus Group, Thomas Enders, ha asegurado este mi\u00e9rcoles que el accidente de un avi\u00f3n militar A400M el pasado 9 de mayo en Sevilla, en el que fallecieron cuatro trabajadores, no ha tenido impacto en los pedidos ya realizados ni afectar\u00e1 a las futuras ventas. En una entrevista concedida a la emisora\" \/>\n\t<meta name=\"robots\" content=\"max-image-preview:large\" \/>\n\t<meta name=\"author\" content=\"admin\"\/>\n\t<meta name=\"google-site-verification\" content=\"UA-38556648-1\" \/>\n\t<meta name=\"keywords\" content=\"noticias y actualidad\" \/>\n\t<link rel=\"canonical\" href=\"https:\/\/eldigitaldeasturias.com\/magazine365\/airbus-asegura-que-el-accidente-del-a400m-no-afectara-a-los-pedidos-y-espera-que-espana-reanude-en-breve-los-vuelos\/\" \/>\n\t<meta name=\"generator\" content=\"All in One SEO Pro (AIOSEO) 4.9.6.1\" \/>\n\t\t<meta property=\"og:locale\" content=\"es_ES\" \/>\n\t\t<meta property=\"og:site_name\" content=\"El Digital de Asturias \u2013 Revista de ocio, turismo y estilo de vida\" \/>\n\t\t<meta property=\"og:type\" content=\"article\" \/>\n\t\t<meta property=\"og:title\" content=\"Airbus asegura que el accidente del A400M no afectar\u00e1 a los pedidos y espera que Espa\u00f1a reanude \u00aben breve\u00bb los vuelos | El Digital de Asturias\" \/>\n\t\t<meta property=\"og:description\" content=\"El consejero delegado de Airbus Group, Thomas Enders, ha asegurado este mi\u00e9rcoles que el accidente de un avi\u00f3n militar A400M el pasado 9 de mayo en Sevilla, en el que fallecieron cuatro trabajadores, no ha tenido impacto en los pedidos ya realizados ni afectar\u00e1 a las futuras ventas. En una entrevista concedida a la emisora\" \/>\n\t\t<meta property=\"og:url\" content=\"https:\/\/eldigitaldeasturias.com\/magazine365\/airbus-asegura-que-el-accidente-del-a400m-no-afectara-a-los-pedidos-y-espera-que-espana-reanude-en-breve-los-vuelos\/\" \/>\n\t\t<meta property=\"og:image\" content=\"https:\/\/eldigitaldeasturias.com\/magazine365\/wp-content\/uploads\/2015\/06\/fotonoticia_20150617140836_800.jpg\" \/>\n\t\t<meta property=\"og:image:secure_url\" content=\"https:\/\/eldigitaldeasturias.com\/magazine365\/wp-content\/uploads\/2015\/06\/fotonoticia_20150617140836_800.jpg\" \/>\n\t\t<meta property=\"og:image:width\" content=\"800\" \/>\n\t\t<meta property=\"og:image:height\" content=\"600\" \/>\n\t\t<meta property=\"article:published_time\" content=\"2015-06-18T06:25:17+00:00\" \/>\n\t\t<meta property=\"article:modified_time\" content=\"2015-06-18T06:25:17+00:00\" \/>\n\t\t<meta name=\"twitter:card\" content=\"summary_large_image\" \/>\n\t\t<meta name=\"twitter:title\" content=\"Airbus asegura que el accidente del A400M no afectar\u00e1 a los pedidos y espera que Espa\u00f1a reanude \u00aben breve\u00bb los vuelos | El Digital de Asturias\" \/>\n\t\t<meta name=\"twitter:description\" content=\"El consejero delegado de Airbus Group, Thomas Enders, ha asegurado este mi\u00e9rcoles que el accidente de un avi\u00f3n militar A400M el pasado 9 de mayo en Sevilla, en el que fallecieron cuatro trabajadores, no ha tenido impacto en los pedidos ya realizados ni afectar\u00e1 a las futuras ventas. En una entrevista concedida a la emisora\" \/>\n\t\t<meta name=\"twitter:image\" content=\"https:\/\/eldigitaldeasturias.com\/magazine365\/wp-content\/uploads\/2015\/06\/fotonoticia_20150617140836_800.jpg\" \/>\n\t\t<script type=\"application\/ld+json\" class=\"aioseo-schema\">\n\t\t\t{\"@context\":\"https:\\\/\\\/schema.org\",\"@graph\":[{\"@type\":\"Article\",\"@id\":\"https:\\\/\\\/eldigitaldeasturias.com\\\/magazine365\\\/airbus-asegura-que-el-accidente-del-a400m-no-afectara-a-los-pedidos-y-espera-que-espana-reanude-en-breve-los-vuelos\\\/#article\",\"name\":\"Airbus asegura que el accidente del A400M no afectar\\u00e1 a los pedidos y espera que Espa\\u00f1a reanude \\u00aben breve\\u00bb los vuelos | El Digital de Asturias\",\"headline\":\"Airbus asegura que el accidente del A400M no afectar\\u00e1 a los pedidos y espera que Espa\\u00f1a reanude \\u00aben breve\\u00bb los vuelos\",\"author\":{\"@id\":\"https:\\\/\\\/eldigitaldeasturias.com\\\/magazine365\\\/author\\\/admin\\\/#author\"},\"publisher\":{\"@id\":\"https:\\\/\\\/eldigitaldeasturias.com\\\/magazine365\\\/#organization\"},\"image\":{\"@type\":\"ImageObject\",\"url\":\"https:\\\/\\\/eldigitaldeasturias.com\\\/magazine365\\\/wp-content\\\/uploads\\\/2015\\\/06\\\/fotonoticia_20150617140836_800.jpg\",\"width\":800,\"height\":600},\"datePublished\":\"2015-06-18T07:55:17+02:00\",\"dateModified\":\"2015-06-18T07:55:17+02:00\",\"inLanguage\":\"es-ES\",\"mainEntityOfPage\":{\"@id\":\"https:\\\/\\\/eldigitaldeasturias.com\\\/magazine365\\\/airbus-asegura-que-el-accidente-del-a400m-no-afectara-a-los-pedidos-y-espera-que-espana-reanude-en-breve-los-vuelos\\\/#webpage\"},\"isPartOf\":{\"@id\":\"https:\\\/\\\/eldigitaldeasturias.com\\\/magazine365\\\/airbus-asegura-que-el-accidente-del-a400m-no-afectara-a-los-pedidos-y-espera-que-espana-reanude-en-breve-los-vuelos\\\/#webpage\"},\"articleSection\":\"Noticias y Actualidad\"},{\"@type\":\"BreadcrumbList\",\"@id\":\"https:\\\/\\\/eldigitaldeasturias.com\\\/magazine365\\\/airbus-asegura-que-el-accidente-del-a400m-no-afectara-a-los-pedidos-y-espera-que-espana-reanude-en-breve-los-vuelos\\\/#breadcrumblist\",\"itemListElement\":[{\"@type\":\"ListItem\",\"@id\":\"https:\\\/\\\/eldigitaldeasturias.com\\\/magazine365#listItem\",\"position\":1,\"name\":\"Home\",\"item\":\"https:\\\/\\\/eldigitaldeasturias.com\\\/magazine365\",\"nextItem\":{\"@type\":\"ListItem\",\"@id\":\"https:\\\/\\\/eldigitaldeasturias.com\\\/magazine365\\\/category\\\/noticias-actualidad\\\/#listItem\",\"name\":\"Noticias y Actualidad\"}},{\"@type\":\"ListItem\",\"@id\":\"https:\\\/\\\/eldigitaldeasturias.com\\\/magazine365\\\/category\\\/noticias-actualidad\\\/#listItem\",\"position\":2,\"name\":\"Noticias y Actualidad\",\"item\":\"https:\\\/\\\/eldigitaldeasturias.com\\\/magazine365\\\/category\\\/noticias-actualidad\\\/\",\"nextItem\":{\"@type\":\"ListItem\",\"@id\":\"https:\\\/\\\/eldigitaldeasturias.com\\\/magazine365\\\/airbus-asegura-que-el-accidente-del-a400m-no-afectara-a-los-pedidos-y-espera-que-espana-reanude-en-breve-los-vuelos\\\/#listItem\",\"name\":\"Airbus asegura que el accidente del A400M no afectar\\u00e1 a los pedidos y espera que Espa\\u00f1a reanude \\u00aben breve\\u00bb los vuelos\"},\"previousItem\":{\"@type\":\"ListItem\",\"@id\":\"https:\\\/\\\/eldigitaldeasturias.com\\\/magazine365#listItem\",\"name\":\"Home\"}},{\"@type\":\"ListItem\",\"@id\":\"https:\\\/\\\/eldigitaldeasturias.com\\\/magazine365\\\/airbus-asegura-que-el-accidente-del-a400m-no-afectara-a-los-pedidos-y-espera-que-espana-reanude-en-breve-los-vuelos\\\/#listItem\",\"position\":3,\"name\":\"Airbus asegura que el accidente del A400M no afectar\\u00e1 a los pedidos y espera que Espa\\u00f1a reanude \\u00aben breve\\u00bb los vuelos\",\"previousItem\":{\"@type\":\"ListItem\",\"@id\":\"https:\\\/\\\/eldigitaldeasturias.com\\\/magazine365\\\/category\\\/noticias-actualidad\\\/#listItem\",\"name\":\"Noticias y Actualidad\"}}]},{\"@type\":\"Organization\",\"@id\":\"https:\\\/\\\/eldigitaldeasturias.com\\\/magazine365\\\/#organization\",\"name\":\"El digital de Asturias\",\"description\":\"Revista de ocio, turismo y estilo de vida\",\"url\":\"https:\\\/\\\/eldigitaldeasturias.com\\\/magazine365\\\/\",\"logo\":{\"@type\":\"ImageObject\",\"url\":\"https:\\\/\\\/www.eldigitaldeasturias.com\\\/noticias\\\/wp-content\\\/uploads\\\/2020\\\/12\\\/EDA.jpg\",\"@id\":\"https:\\\/\\\/eldigitaldeasturias.com\\\/magazine365\\\/airbus-asegura-que-el-accidente-del-a400m-no-afectara-a-los-pedidos-y-espera-que-espana-reanude-en-breve-los-vuelos\\\/#organizationLogo\"},\"image\":{\"@id\":\"https:\\\/\\\/eldigitaldeasturias.com\\\/magazine365\\\/airbus-asegura-que-el-accidente-del-a400m-no-afectara-a-los-pedidos-y-espera-que-espana-reanude-en-breve-los-vuelos\\\/#organizationLogo\"}},{\"@type\":\"Person\",\"@id\":\"https:\\\/\\\/eldigitaldeasturias.com\\\/magazine365\\\/author\\\/admin\\\/#author\",\"url\":\"https:\\\/\\\/eldigitaldeasturias.com\\\/magazine365\\\/author\\\/admin\\\/\",\"name\":\"admin\",\"image\":{\"@type\":\"ImageObject\",\"@id\":\"https:\\\/\\\/eldigitaldeasturias.com\\\/magazine365\\\/airbus-asegura-que-el-accidente-del-a400m-no-afectara-a-los-pedidos-y-espera-que-espana-reanude-en-breve-los-vuelos\\\/#authorImage\",\"url\":\"https:\\\/\\\/eldigitaldeasturias.com\\\/magazine365\\\/wp-content\\\/litespeed\\\/avatar\\\/e571bcf59a0edd6fa6838245a470f2fe.jpg?ver=1776969259\",\"width\":96,\"height\":96,\"caption\":\"admin\"}},{\"@type\":\"WebPage\",\"@id\":\"https:\\\/\\\/eldigitaldeasturias.com\\\/magazine365\\\/airbus-asegura-que-el-accidente-del-a400m-no-afectara-a-los-pedidos-y-espera-que-espana-reanude-en-breve-los-vuelos\\\/#webpage\",\"url\":\"https:\\\/\\\/eldigitaldeasturias.com\\\/magazine365\\\/airbus-asegura-que-el-accidente-del-a400m-no-afectara-a-los-pedidos-y-espera-que-espana-reanude-en-breve-los-vuelos\\\/\",\"name\":\"Airbus asegura que el accidente del A400M no afectar\\u00e1 a los pedidos y espera que Espa\\u00f1a reanude \\u00aben breve\\u00bb los vuelos | El Digital de Asturias\",\"description\":\"El consejero delegado de Airbus Group, Thomas Enders, ha asegurado este mi\\u00e9rcoles que el accidente de un avi\\u00f3n militar A400M el pasado 9 de mayo en Sevilla, en el que fallecieron cuatro trabajadores, no ha tenido impacto en los pedidos ya realizados ni afectar\\u00e1 a las futuras ventas. En una entrevista concedida a la emisora\",\"inLanguage\":\"es-ES\",\"isPartOf\":{\"@id\":\"https:\\\/\\\/eldigitaldeasturias.com\\\/magazine365\\\/#website\"},\"breadcrumb\":{\"@id\":\"https:\\\/\\\/eldigitaldeasturias.com\\\/magazine365\\\/airbus-asegura-que-el-accidente-del-a400m-no-afectara-a-los-pedidos-y-espera-que-espana-reanude-en-breve-los-vuelos\\\/#breadcrumblist\"},\"author\":{\"@id\":\"https:\\\/\\\/eldigitaldeasturias.com\\\/magazine365\\\/author\\\/admin\\\/#author\"},\"creator\":{\"@id\":\"https:\\\/\\\/eldigitaldeasturias.com\\\/magazine365\\\/author\\\/admin\\\/#author\"},\"image\":{\"@type\":\"ImageObject\",\"url\":\"https:\\\/\\\/eldigitaldeasturias.com\\\/magazine365\\\/wp-content\\\/uploads\\\/2015\\\/06\\\/fotonoticia_20150617140836_800.jpg\",\"@id\":\"https:\\\/\\\/eldigitaldeasturias.com\\\/magazine365\\\/airbus-asegura-que-el-accidente-del-a400m-no-afectara-a-los-pedidos-y-espera-que-espana-reanude-en-breve-los-vuelos\\\/#mainImage\",\"width\":800,\"height\":600},\"primaryImageOfPage\":{\"@id\":\"https:\\\/\\\/eldigitaldeasturias.com\\\/magazine365\\\/airbus-asegura-que-el-accidente-del-a400m-no-afectara-a-los-pedidos-y-espera-que-espana-reanude-en-breve-los-vuelos\\\/#mainImage\"},\"datePublished\":\"2015-06-18T07:55:17+02:00\",\"dateModified\":\"2015-06-18T07:55:17+02:00\"},{\"@type\":\"WebSite\",\"@id\":\"https:\\\/\\\/eldigitaldeasturias.com\\\/magazine365\\\/#website\",\"url\":\"https:\\\/\\\/eldigitaldeasturias.com\\\/magazine365\\\/\",\"name\":\"El Digital de Asturias\",\"description\":\"Revista de ocio, turismo y estilo de vida\",\"inLanguage\":\"es-ES\",\"publisher\":{\"@id\":\"https:\\\/\\\/eldigitaldeasturias.com\\\/magazine365\\\/#organization\"}}]}\n\t\t<\/script>\n\t\t<!-- All in One SEO Pro -->\r\n\t\t<title>Airbus asegura que el accidente del A400M no afectar\u00e1 a los pedidos y espera que Espa\u00f1a reanude \u00aben breve\u00bb los vuelos | El Digital de Asturias<\/title>\n\n","aioseo_head_json":{"title":"Airbus asegura que el accidente del A400M no afectar\u00e1 a los pedidos y espera que Espa\u00f1a reanude \u00aben breve\u00bb los vuelos | El Digital de Asturias","description":"El consejero delegado de Airbus Group, Thomas Enders, ha asegurado este mi\u00e9rcoles que el accidente de un avi\u00f3n militar A400M el pasado 9 de mayo en Sevilla, en el que fallecieron cuatro trabajadores, no ha tenido impacto en los pedidos ya realizados ni afectar\u00e1 a las futuras ventas. En una entrevista concedida a la emisora","canonical_url":"https:\/\/eldigitaldeasturias.com\/magazine365\/airbus-asegura-que-el-accidente-del-a400m-no-afectara-a-los-pedidos-y-espera-que-espana-reanude-en-breve-los-vuelos\/","robots":"max-image-preview:large","keywords":"noticias y actualidad","webmasterTools":{"google-site-verification":"UA-38556648-1","miscellaneous":""},"schema":{"@context":"https:\/\/schema.org","@graph":[{"@type":"Article","@id":"https:\/\/eldigitaldeasturias.com\/magazine365\/airbus-asegura-que-el-accidente-del-a400m-no-afectara-a-los-pedidos-y-espera-que-espana-reanude-en-breve-los-vuelos\/#article","name":"Airbus asegura que el accidente del A400M no afectar\u00e1 a los pedidos y espera que Espa\u00f1a reanude \u00aben breve\u00bb los vuelos | El Digital de Asturias","headline":"Airbus asegura que el accidente del A400M no afectar\u00e1 a los pedidos y espera que Espa\u00f1a reanude \u00aben breve\u00bb los vuelos","author":{"@id":"https:\/\/eldigitaldeasturias.com\/magazine365\/author\/admin\/#author"},"publisher":{"@id":"https:\/\/eldigitaldeasturias.com\/magazine365\/#organization"},"image":{"@type":"ImageObject","url":"https:\/\/eldigitaldeasturias.com\/magazine365\/wp-content\/uploads\/2015\/06\/fotonoticia_20150617140836_800.jpg","width":800,"height":600},"datePublished":"2015-06-18T07:55:17+02:00","dateModified":"2015-06-18T07:55:17+02:00","inLanguage":"es-ES","mainEntityOfPage":{"@id":"https:\/\/eldigitaldeasturias.com\/magazine365\/airbus-asegura-que-el-accidente-del-a400m-no-afectara-a-los-pedidos-y-espera-que-espana-reanude-en-breve-los-vuelos\/#webpage"},"isPartOf":{"@id":"https:\/\/eldigitaldeasturias.com\/magazine365\/airbus-asegura-que-el-accidente-del-a400m-no-afectara-a-los-pedidos-y-espera-que-espana-reanude-en-breve-los-vuelos\/#webpage"},"articleSection":"Noticias y Actualidad"},{"@type":"BreadcrumbList","@id":"https:\/\/eldigitaldeasturias.com\/magazine365\/airbus-asegura-que-el-accidente-del-a400m-no-afectara-a-los-pedidos-y-espera-que-espana-reanude-en-breve-los-vuelos\/#breadcrumblist","itemListElement":[{"@type":"ListItem","@id":"https:\/\/eldigitaldeasturias.com\/magazine365#listItem","position":1,"name":"Home","item":"https:\/\/eldigitaldeasturias.com\/magazine365","nextItem":{"@type":"ListItem","@id":"https:\/\/eldigitaldeasturias.com\/magazine365\/category\/noticias-actualidad\/#listItem","name":"Noticias y Actualidad"}},{"@type":"ListItem","@id":"https:\/\/eldigitaldeasturias.com\/magazine365\/category\/noticias-actualidad\/#listItem","position":2,"name":"Noticias y Actualidad","item":"https:\/\/eldigitaldeasturias.com\/magazine365\/category\/noticias-actualidad\/","nextItem":{"@type":"ListItem","@id":"https:\/\/eldigitaldeasturias.com\/magazine365\/airbus-asegura-que-el-accidente-del-a400m-no-afectara-a-los-pedidos-y-espera-que-espana-reanude-en-breve-los-vuelos\/#listItem","name":"Airbus asegura que el accidente del A400M no afectar\u00e1 a los pedidos y espera que Espa\u00f1a reanude \u00aben breve\u00bb los vuelos"},"previousItem":{"@type":"ListItem","@id":"https:\/\/eldigitaldeasturias.com\/magazine365#listItem","name":"Home"}},{"@type":"ListItem","@id":"https:\/\/eldigitaldeasturias.com\/magazine365\/airbus-asegura-que-el-accidente-del-a400m-no-afectara-a-los-pedidos-y-espera-que-espana-reanude-en-breve-los-vuelos\/#listItem","position":3,"name":"Airbus asegura que el accidente del A400M no afectar\u00e1 a los pedidos y espera que Espa\u00f1a reanude \u00aben breve\u00bb los vuelos","previousItem":{"@type":"ListItem","@id":"https:\/\/eldigitaldeasturias.com\/magazine365\/category\/noticias-actualidad\/#listItem","name":"Noticias y Actualidad"}}]},{"@type":"Organization","@id":"https:\/\/eldigitaldeasturias.com\/magazine365\/#organization","name":"El digital de Asturias","description":"Revista de ocio, turismo y estilo de vida","url":"https:\/\/eldigitaldeasturias.com\/magazine365\/","logo":{"@type":"ImageObject","url":"https:\/\/www.eldigitaldeasturias.com\/noticias\/wp-content\/uploads\/2020\/12\/EDA.jpg","@id":"https:\/\/eldigitaldeasturias.com\/magazine365\/airbus-asegura-que-el-accidente-del-a400m-no-afectara-a-los-pedidos-y-espera-que-espana-reanude-en-breve-los-vuelos\/#organizationLogo"},"image":{"@id":"https:\/\/eldigitaldeasturias.com\/magazine365\/airbus-asegura-que-el-accidente-del-a400m-no-afectara-a-los-pedidos-y-espera-que-espana-reanude-en-breve-los-vuelos\/#organizationLogo"}},{"@type":"Person","@id":"https:\/\/eldigitaldeasturias.com\/magazine365\/author\/admin\/#author","url":"https:\/\/eldigitaldeasturias.com\/magazine365\/author\/admin\/","name":"admin","image":{"@type":"ImageObject","@id":"https:\/\/eldigitaldeasturias.com\/magazine365\/airbus-asegura-que-el-accidente-del-a400m-no-afectara-a-los-pedidos-y-espera-que-espana-reanude-en-breve-los-vuelos\/#authorImage","url":"https:\/\/eldigitaldeasturias.com\/magazine365\/wp-content\/litespeed\/avatar\/e571bcf59a0edd6fa6838245a470f2fe.jpg?ver=1776969259","width":96,"height":96,"caption":"admin"}},{"@type":"WebPage","@id":"https:\/\/eldigitaldeasturias.com\/magazine365\/airbus-asegura-que-el-accidente-del-a400m-no-afectara-a-los-pedidos-y-espera-que-espana-reanude-en-breve-los-vuelos\/#webpage","url":"https:\/\/eldigitaldeasturias.com\/magazine365\/airbus-asegura-que-el-accidente-del-a400m-no-afectara-a-los-pedidos-y-espera-que-espana-reanude-en-breve-los-vuelos\/","name":"Airbus asegura que el accidente del A400M no afectar\u00e1 a los pedidos y espera que Espa\u00f1a reanude \u00aben breve\u00bb los vuelos | El Digital de Asturias","description":"El consejero delegado de Airbus Group, Thomas Enders, ha asegurado este mi\u00e9rcoles que el accidente de un avi\u00f3n militar A400M el pasado 9 de mayo en Sevilla, en el que fallecieron cuatro trabajadores, no ha tenido impacto en los pedidos ya realizados ni afectar\u00e1 a las futuras ventas. En una entrevista concedida a la emisora","inLanguage":"es-ES","isPartOf":{"@id":"https:\/\/eldigitaldeasturias.com\/magazine365\/#website"},"breadcrumb":{"@id":"https:\/\/eldigitaldeasturias.com\/magazine365\/airbus-asegura-que-el-accidente-del-a400m-no-afectara-a-los-pedidos-y-espera-que-espana-reanude-en-breve-los-vuelos\/#breadcrumblist"},"author":{"@id":"https:\/\/eldigitaldeasturias.com\/magazine365\/author\/admin\/#author"},"creator":{"@id":"https:\/\/eldigitaldeasturias.com\/magazine365\/author\/admin\/#author"},"image":{"@type":"ImageObject","url":"https:\/\/eldigitaldeasturias.com\/magazine365\/wp-content\/uploads\/2015\/06\/fotonoticia_20150617140836_800.jpg","@id":"https:\/\/eldigitaldeasturias.com\/magazine365\/airbus-asegura-que-el-accidente-del-a400m-no-afectara-a-los-pedidos-y-espera-que-espana-reanude-en-breve-los-vuelos\/#mainImage","width":800,"height":600},"primaryImageOfPage":{"@id":"https:\/\/eldigitaldeasturias.com\/magazine365\/airbus-asegura-que-el-accidente-del-a400m-no-afectara-a-los-pedidos-y-espera-que-espana-reanude-en-breve-los-vuelos\/#mainImage"},"datePublished":"2015-06-18T07:55:17+02:00","dateModified":"2015-06-18T07:55:17+02:00"},{"@type":"WebSite","@id":"https:\/\/eldigitaldeasturias.com\/magazine365\/#website","url":"https:\/\/eldigitaldeasturias.com\/magazine365\/","name":"El Digital de Asturias","description":"Revista de ocio, turismo y estilo de vida","inLanguage":"es-ES","publisher":{"@id":"https:\/\/eldigitaldeasturias.com\/magazine365\/#organization"}}]},"og:locale":"es_ES","og:site_name":"El Digital de Asturias \u2013 Revista de ocio, turismo y estilo de vida","og:type":"article","og:title":"Airbus asegura que el accidente del A400M no afectar\u00e1 a los pedidos y espera que Espa\u00f1a reanude \u00aben breve\u00bb los vuelos | El Digital de Asturias","og:description":"El consejero delegado de Airbus Group, Thomas Enders, ha asegurado este mi\u00e9rcoles que el accidente de un avi\u00f3n militar A400M el pasado 9 de mayo en Sevilla, en el que fallecieron cuatro trabajadores, no ha tenido impacto en los pedidos ya realizados ni afectar\u00e1 a las futuras ventas. En una entrevista concedida a la emisora","og:url":"https:\/\/eldigitaldeasturias.com\/magazine365\/airbus-asegura-que-el-accidente-del-a400m-no-afectara-a-los-pedidos-y-espera-que-espana-reanude-en-breve-los-vuelos\/","og:image":"https:\/\/eldigitaldeasturias.com\/magazine365\/wp-content\/uploads\/2015\/06\/fotonoticia_20150617140836_800.jpg","og:image:secure_url":"https:\/\/eldigitaldeasturias.com\/magazine365\/wp-content\/uploads\/2015\/06\/fotonoticia_20150617140836_800.jpg","og:image:width":800,"og:image:height":600,"article:published_time":"2015-06-18T06:25:17+00:00","article:modified_time":"2015-06-18T06:25:17+00:00","twitter:card":"summary_large_image","twitter:title":"Airbus asegura que el accidente del A400M no afectar\u00e1 a los pedidos y espera que Espa\u00f1a reanude \u00aben breve\u00bb los vuelos | El Digital de Asturias","twitter:description":"El consejero delegado de Airbus Group, Thomas Enders, ha asegurado este mi\u00e9rcoles que el accidente de un avi\u00f3n militar A400M el pasado 9 de mayo en Sevilla, en el que fallecieron cuatro trabajadores, no ha tenido impacto en los pedidos ya realizados ni afectar\u00e1 a las futuras ventas. En una entrevista concedida a la emisora","twitter:image":"https:\/\/eldigitaldeasturias.com\/magazine365\/wp-content\/uploads\/2015\/06\/fotonoticia_20150617140836_800.jpg"},"aioseo_meta_data":{"post_id":"40159","title":null,"description":null,"keywords":null,"keyphrases":null,"primary_term":null,"canonical_url":null,"og_title":null,"og_description":null,"og_object_type":"default","og_image_type":"default","og_image_url":null,"og_image_width":null,"og_image_height":null,"og_image_custom_url":null,"og_image_custom_fields":null,"og_video":null,"og_custom_url":null,"og_article_section":null,"og_article_tags":null,"twitter_use_og":false,"twitter_card":"default","twitter_image_type":"default","twitter_image_url":null,"twitter_image_custom_url":null,"twitter_image_custom_fields":null,"twitter_title":null,"twitter_description":null,"schema":{"blockGraphs":[],"customGraphs":[],"default":{"data":{"Article":[],"Course":[],"Dataset":[],"FAQPage":[],"Movie":[],"Person":[],"Product":[],"ProductReview":[],"Car":[],"Recipe":[],"Service":[],"SoftwareApplication":[],"WebPage":[]},"graphName":"","isEnabled":true},"graphs":[],"defaultGraph":"","defaultPostTypeGraph":""},"schema_type":null,"schema_type_options":null,"pillar_content":false,"robots_default":true,"robots_noindex":false,"robots_noarchive":false,"robots_nosnippet":false,"robots_nofollow":false,"robots_noimageindex":false,"robots_noodp":false,"robots_notranslate":false,"robots_max_snippet":null,"robots_max_videopreview":null,"robots_max_imagepreview":"large","priority":null,"frequency":null,"location":null,"local_seo":null,"seo_analyzer_scan_date":"2025-09-19 13:03:30","breadcrumb_settings":null,"limit_modified_date":false,"open_ai":null,"ai":null,"created":"2021-03-09 02:31:42","updated":"2025-09-19 13:03:30"},"aioseo_breadcrumb":"<div class=\"aioseo-breadcrumbs\"><span class=\"aioseo-breadcrumb\">\n\t<a href=\"https:\/\/eldigitaldeasturias.com\/magazine365\" title=\"Home\">Home<\/a>\n<\/span><span class=\"aioseo-breadcrumb-separator\">\u2013<\/span><span class=\"aioseo-breadcrumb\">\n\t<a href=\"https:\/\/eldigitaldeasturias.com\/magazine365\/category\/noticias-actualidad\/\" title=\"Noticias y Actualidad\">Noticias y Actualidad<\/a>\n<\/span><span class=\"aioseo-breadcrumb-separator\">\u2013<\/span><span class=\"aioseo-breadcrumb\">\n\t<a href=\"https:\/\/eldigitaldeasturias.com\/magazine365\/airbus-asegura-que-el-accidente-del-a400m-no-afectara-a-los-pedidos-y-espera-que-espana-reanude-en-breve-los-vuelos\/\" title=\"Airbus asegura que el accidente del A400M no afectar\u00e1 a los pedidos y espera que Espa\u00f1a reanude \u00aben breve\u00bb los vuelos\">Airbus asegura que el accidente del A400M no afectar\u00e1 a los pedidos y espera que Espa\u00f1a reanude \u00aben breve\u00bb los vuelos<\/a>\n<\/span><\/div>","aioseo_breadcrumb_json":[{"label":"Home","link":"https:\/\/eldigitaldeasturias.com\/magazine365"},{"label":"Noticias y Actualidad","link":"https:\/\/eldigitaldeasturias.com\/magazine365\/category\/noticias-actualidad\/"},{"label":"Airbus asegura que el accidente del A400M no afectar\u00e1 a los pedidos y espera que Espa\u00f1a reanude \u00aben breve\u00bb los vuelos","link":"https:\/\/eldigitaldeasturias.com\/magazine365\/airbus-asegura-que-el-accidente-del-a400m-no-afectara-a-los-pedidos-y-espera-que-espana-reanude-en-breve-los-vuelos\/"}],"_links":{"self":[{"href":"https:\/\/eldigitaldeasturias.com\/magazine365\/wp-json\/wp\/v2\/posts\/40159","targetHints":{"allow":["GET"]}}],"collection":[{"href":"https:\/\/eldigitaldeasturias.com\/magazine365\/wp-json\/wp\/v2\/posts"}],"about":[{"href":"https:\/\/eldigitaldeasturias.com\/magazine365\/wp-json\/wp\/v2\/types\/post"}],"author":[{"embeddable":true,"href":"https:\/\/eldigitaldeasturias.com\/magazine365\/wp-json\/wp\/v2\/users\/1"}],"replies":[{"embeddable":true,"href":"https:\/\/eldigitaldeasturias.com\/magazine365\/wp-json\/wp\/v2\/comments?post=40159"}],"version-history":[{"count":0,"href":"https:\/\/eldigitaldeasturias.com\/magazine365\/wp-json\/wp\/v2\/posts\/40159\/revisions"}],"wp:featuredmedia":[{"embeddable":true,"href":"https:\/\/eldigitaldeasturias.com\/magazine365\/wp-json\/wp\/v2\/media\/40160"}],"wp:attachment":[{"href":"https:\/\/eldigitaldeasturias.com\/magazine365\/wp-json\/wp\/v2\/media?parent=40159"}],"wp:term":[{"taxonomy":"category","embeddable":true,"href":"https:\/\/eldigitaldeasturias.com\/magazine365\/wp-json\/wp\/v2\/categories?post=40159"},{"taxonomy":"post_tag","embeddable":true,"href":"https:\/\/eldigitaldeasturias.com\/magazine365\/wp-json\/wp\/v2\/tags?post=40159"}],"curies":[{"name":"wp","href":"https:\/\/api.w.org\/{rel}","templated":true}]}}