{"id":40156,"date":"2015-06-18T07:54:11","date_gmt":"2015-06-18T06:24:11","guid":{"rendered":"http:\/\/eldigitaldeasturias.com\/magazine365\/?p=40156"},"modified":"2015-06-18T07:54:11","modified_gmt":"2015-06-18T06:24:11","slug":"gestair-y-executive-airlines-se-fusionan-para-crear-la-primera-compania-de-aviacion-corporativa-en-espana","status":"publish","type":"post","link":"https:\/\/eldigitaldeasturias.com\/magazine365\/gestair-y-executive-airlines-se-fusionan-para-crear-la-primera-compania-de-aviacion-corporativa-en-espana\/","title":{"rendered":"Gestair y Executive Airlines se fusionan para crear la primera compa\u00f1\u00eda de aviaci\u00f3n corporativa en Espa\u00f1a"},"content":{"rendered":"<p><img fetchpriority=\"high\" decoding=\"async\" class=\"alignleft size-medium wp-image-40157\" src=\"https:\/\/eldigitaldeasturias.com\/magazine365\/wp-content\/uploads\/2015\/06\/fotonoticia_20150617135040_800-360x206.jpg\" alt=\"fotonoticia_20150617135040_800\" width=\"360\" height=\"206\" srcset=\"https:\/\/eldigitaldeasturias.com\/magazine365\/wp-content\/uploads\/2015\/06\/fotonoticia_20150617135040_800-360x206.jpg 360w, https:\/\/eldigitaldeasturias.com\/magazine365\/wp-content\/uploads\/2015\/06\/fotonoticia_20150617135040_800-650x372.jpg 650w, https:\/\/eldigitaldeasturias.com\/magazine365\/wp-content\/uploads\/2015\/06\/fotonoticia_20150617135040_800-768x440.jpg 768w, https:\/\/eldigitaldeasturias.com\/magazine365\/wp-content\/uploads\/2015\/06\/fotonoticia_20150617135040_800-150x86.jpg 150w, https:\/\/eldigitaldeasturias.com\/magazine365\/wp-content\/uploads\/2015\/06\/fotonoticia_20150617135040_800-450x258.jpg 450w, https:\/\/eldigitaldeasturias.com\/magazine365\/wp-content\/uploads\/2015\/06\/fotonoticia_20150617135040_800-696x398.jpg 696w, https:\/\/eldigitaldeasturias.com\/magazine365\/wp-content\/uploads\/2015\/06\/fotonoticia_20150617135040_800-734x420.jpg 734w, https:\/\/eldigitaldeasturias.com\/magazine365\/wp-content\/uploads\/2015\/06\/fotonoticia_20150617135040_800.jpg 800w\" sizes=\"(max-width: 360px) 100vw, 360px\" \/>Las compa\u00f1\u00edas de aviaci\u00f3n corporativa Gestair y Executive Airlines han alcanzado un acuerdo de fusi\u00f3n creando de esta forma la primera compa\u00f1\u00eda de aviaci\u00f3n corporativa en Espa\u00f1a en una operaci\u00f3n que a\u00fan est\u00e1 pendiente de la autorizaci\u00f3n por parte de las autoridades de competencia.<\/p>\n<p>Con este acuerdo se crear\u00e1 una compa\u00f1\u00eda que gestionar\u00e1 30 aviones, con una plantilla de m\u00e1s de 300 trabajadores, y una facturaci\u00f3n superior a los 80 millones de euros.<\/p>\n<p>La operaci\u00f3n ha sido dirigida por Nazca Capital, quien gestionar\u00e1 la fusi\u00f3n de las dos compa\u00f1\u00edas, manteniendo sus propias licencias como operadores a\u00e9reos y con \u00e1reas de sinergias en determinados servicios.<\/p>\n<p>En un proceso progresivo se trabajar\u00e1 en una nueva identidad comercial, y en las sinergias de servicios entre ambas compa\u00f1\u00edas. La fusi\u00f3n de compa\u00f1\u00edas a\u00e9reas es una necesidad que se ha dado en compa\u00f1\u00edas de aviaci\u00f3n comercial y se hace ahora imprescindible en compa\u00f1\u00edas de aviaci\u00f3n corporativa.<\/p>\n<p>El nuevo grupo contar\u00e1 con dos de los referentes en el sector en aviaci\u00f3n ejecutiva. Gestair compa\u00f1\u00eda de aviaci\u00f3n corporativa con m\u00e1s de 35 a\u00f1os de experiencia en management de aviones, charter, mantenimiento y handling y Executive Airlines altamente especializada en management de aviones y charter.<\/p>\n<p>En cuanto al \u00e1rea de mantenimiento ambas compa\u00f1\u00edas aunar\u00e1n sus capacidades y licencias que les permiten realizar mantenimiento de aviones de la mayor\u00eda de los fabricantes (Gulfstream, Falcon, Cessna, Hawker, Bombardier y Learjet), a trav\u00e9s Gestair Maintenance, \u00fanico centro del sur de Europa.<\/p>\n<p>En el \u00faltimo a\u00f1o, Gestair Maintenance, ha completado el traslado de sus instalaciones y oficinas al Hangar 2 del aeropuerto Adolfo Su\u00e1rez Madrid-Barajas, el cual ha sido totalmente remodelado y acondicionado con maquinaria y equipos de \u00faltima generaci\u00f3n.<\/p>\n","protected":false},"excerpt":{"rendered":"<p>Las compa\u00f1\u00edas de aviaci\u00f3n corporativa Gestair y Executive Airlines han alcanzado un acuerdo de fusi\u00f3n creando de esta forma la primera compa\u00f1\u00eda de aviaci\u00f3n corporativa en Espa\u00f1a en una operaci\u00f3n que a\u00fan est\u00e1 pendiente de la autorizaci\u00f3n por parte de las autoridades de competencia. Con este acuerdo se crear\u00e1 una compa\u00f1\u00eda que gestionar\u00e1 30 aviones,<\/p>\n","protected":false},"author":1,"featured_media":40157,"comment_status":"open","ping_status":"closed","sticky":false,"template":"","format":"standard","meta":{"footnotes":""},"categories":[222],"tags":[],"class_list":{"0":"post-40156","1":"post","2":"type-post","3":"status-publish","4":"format-standard","5":"has-post-thumbnail","7":"category-actualidad-turismo"},"aioseo_notices":[],"aioseo_head":"\n\t\t<!-- All in One SEO Pro 4.9.6.1 - aioseo.com -->\n\t<meta name=\"description\" content=\"Las compa\u00f1\u00edas de aviaci\u00f3n corporativa Gestair y Executive Airlines han alcanzado un acuerdo de fusi\u00f3n creando de esta forma la primera compa\u00f1\u00eda de aviaci\u00f3n corporativa en Espa\u00f1a en una operaci\u00f3n que a\u00fan est\u00e1 pendiente de la autorizaci\u00f3n por parte de las autoridades de competencia. Con este acuerdo se crear\u00e1 una compa\u00f1\u00eda que gestionar\u00e1 30 aviones,\" \/>\n\t<meta name=\"robots\" content=\"max-image-preview:large\" \/>\n\t<meta name=\"author\" content=\"admin\"\/>\n\t<meta name=\"google-site-verification\" content=\"UA-38556648-1\" \/>\n\t<meta name=\"keywords\" content=\"actualidad turismo\" \/>\n\t<link rel=\"canonical\" href=\"https:\/\/eldigitaldeasturias.com\/magazine365\/gestair-y-executive-airlines-se-fusionan-para-crear-la-primera-compania-de-aviacion-corporativa-en-espana\/\" \/>\n\t<meta name=\"generator\" content=\"All in One SEO Pro (AIOSEO) 4.9.6.1\" \/>\n\t\t<meta property=\"og:locale\" content=\"es_ES\" \/>\n\t\t<meta property=\"og:site_name\" content=\"El Digital de Asturias \u2013 Revista de ocio, turismo y estilo de vida\" \/>\n\t\t<meta property=\"og:type\" content=\"article\" \/>\n\t\t<meta property=\"og:title\" content=\"Gestair y Executive Airlines se fusionan para crear la primera compa\u00f1\u00eda de aviaci\u00f3n corporativa en Espa\u00f1a | El Digital de Asturias\" \/>\n\t\t<meta property=\"og:description\" content=\"Las compa\u00f1\u00edas de aviaci\u00f3n corporativa Gestair y Executive Airlines han alcanzado un acuerdo de fusi\u00f3n creando de esta forma la primera compa\u00f1\u00eda de aviaci\u00f3n corporativa en Espa\u00f1a en una operaci\u00f3n que a\u00fan est\u00e1 pendiente de la autorizaci\u00f3n por parte de las autoridades de competencia. Con este acuerdo se crear\u00e1 una compa\u00f1\u00eda que gestionar\u00e1 30 aviones,\" \/>\n\t\t<meta property=\"og:url\" content=\"https:\/\/eldigitaldeasturias.com\/magazine365\/gestair-y-executive-airlines-se-fusionan-para-crear-la-primera-compania-de-aviacion-corporativa-en-espana\/\" \/>\n\t\t<meta property=\"og:image\" content=\"https:\/\/eldigitaldeasturias.com\/magazine365\/wp-content\/uploads\/2015\/06\/fotonoticia_20150617135040_800.jpg\" \/>\n\t\t<meta property=\"og:image:secure_url\" content=\"https:\/\/eldigitaldeasturias.com\/magazine365\/wp-content\/uploads\/2015\/06\/fotonoticia_20150617135040_800.jpg\" \/>\n\t\t<meta property=\"og:image:width\" content=\"800\" \/>\n\t\t<meta property=\"og:image:height\" content=\"458\" \/>\n\t\t<meta property=\"article:published_time\" content=\"2015-06-18T06:24:11+00:00\" \/>\n\t\t<meta property=\"article:modified_time\" content=\"2015-06-18T06:24:11+00:00\" \/>\n\t\t<meta name=\"twitter:card\" content=\"summary_large_image\" \/>\n\t\t<meta name=\"twitter:title\" content=\"Gestair y Executive Airlines se fusionan para crear la primera compa\u00f1\u00eda de aviaci\u00f3n corporativa en Espa\u00f1a | El Digital de Asturias\" \/>\n\t\t<meta name=\"twitter:description\" content=\"Las compa\u00f1\u00edas de aviaci\u00f3n corporativa Gestair y Executive Airlines han alcanzado un acuerdo de fusi\u00f3n creando de esta forma la primera compa\u00f1\u00eda de aviaci\u00f3n corporativa en Espa\u00f1a en una operaci\u00f3n que a\u00fan est\u00e1 pendiente de la autorizaci\u00f3n por parte de las autoridades de competencia. Con este acuerdo se crear\u00e1 una compa\u00f1\u00eda que gestionar\u00e1 30 aviones,\" \/>\n\t\t<meta name=\"twitter:image\" content=\"https:\/\/eldigitaldeasturias.com\/magazine365\/wp-content\/uploads\/2015\/06\/fotonoticia_20150617135040_800.jpg\" \/>\n\t\t<script type=\"application\/ld+json\" class=\"aioseo-schema\">\n\t\t\t{\"@context\":\"https:\\\/\\\/schema.org\",\"@graph\":[{\"@type\":\"Article\",\"@id\":\"https:\\\/\\\/eldigitaldeasturias.com\\\/magazine365\\\/gestair-y-executive-airlines-se-fusionan-para-crear-la-primera-compania-de-aviacion-corporativa-en-espana\\\/#article\",\"name\":\"Gestair y Executive Airlines se fusionan para crear la primera compa\\u00f1\\u00eda de aviaci\\u00f3n corporativa en Espa\\u00f1a | El Digital de Asturias\",\"headline\":\"Gestair y Executive Airlines se fusionan para crear la primera compa\\u00f1\\u00eda de aviaci\\u00f3n corporativa en Espa\\u00f1a\",\"author\":{\"@id\":\"https:\\\/\\\/eldigitaldeasturias.com\\\/magazine365\\\/author\\\/admin\\\/#author\"},\"publisher\":{\"@id\":\"https:\\\/\\\/eldigitaldeasturias.com\\\/magazine365\\\/#organization\"},\"image\":{\"@type\":\"ImageObject\",\"url\":\"https:\\\/\\\/eldigitaldeasturias.com\\\/magazine365\\\/wp-content\\\/uploads\\\/2015\\\/06\\\/fotonoticia_20150617135040_800.jpg\",\"width\":800,\"height\":458},\"datePublished\":\"2015-06-18T07:54:11+02:00\",\"dateModified\":\"2015-06-18T07:54:11+02:00\",\"inLanguage\":\"es-ES\",\"mainEntityOfPage\":{\"@id\":\"https:\\\/\\\/eldigitaldeasturias.com\\\/magazine365\\\/gestair-y-executive-airlines-se-fusionan-para-crear-la-primera-compania-de-aviacion-corporativa-en-espana\\\/#webpage\"},\"isPartOf\":{\"@id\":\"https:\\\/\\\/eldigitaldeasturias.com\\\/magazine365\\\/gestair-y-executive-airlines-se-fusionan-para-crear-la-primera-compania-de-aviacion-corporativa-en-espana\\\/#webpage\"},\"articleSection\":\"Actualidad Turismo\"},{\"@type\":\"BreadcrumbList\",\"@id\":\"https:\\\/\\\/eldigitaldeasturias.com\\\/magazine365\\\/gestair-y-executive-airlines-se-fusionan-para-crear-la-primera-compania-de-aviacion-corporativa-en-espana\\\/#breadcrumblist\",\"itemListElement\":[{\"@type\":\"ListItem\",\"@id\":\"https:\\\/\\\/eldigitaldeasturias.com\\\/magazine365#listItem\",\"position\":1,\"name\":\"Home\",\"item\":\"https:\\\/\\\/eldigitaldeasturias.com\\\/magazine365\",\"nextItem\":{\"@type\":\"ListItem\",\"@id\":\"https:\\\/\\\/eldigitaldeasturias.com\\\/magazine365\\\/category\\\/actualidad-turismo\\\/#listItem\",\"name\":\"Actualidad Turismo\"}},{\"@type\":\"ListItem\",\"@id\":\"https:\\\/\\\/eldigitaldeasturias.com\\\/magazine365\\\/category\\\/actualidad-turismo\\\/#listItem\",\"position\":2,\"name\":\"Actualidad Turismo\",\"item\":\"https:\\\/\\\/eldigitaldeasturias.com\\\/magazine365\\\/category\\\/actualidad-turismo\\\/\",\"nextItem\":{\"@type\":\"ListItem\",\"@id\":\"https:\\\/\\\/eldigitaldeasturias.com\\\/magazine365\\\/gestair-y-executive-airlines-se-fusionan-para-crear-la-primera-compania-de-aviacion-corporativa-en-espana\\\/#listItem\",\"name\":\"Gestair y Executive Airlines se fusionan para crear la primera compa\\u00f1\\u00eda de aviaci\\u00f3n corporativa en Espa\\u00f1a\"},\"previousItem\":{\"@type\":\"ListItem\",\"@id\":\"https:\\\/\\\/eldigitaldeasturias.com\\\/magazine365#listItem\",\"name\":\"Home\"}},{\"@type\":\"ListItem\",\"@id\":\"https:\\\/\\\/eldigitaldeasturias.com\\\/magazine365\\\/gestair-y-executive-airlines-se-fusionan-para-crear-la-primera-compania-de-aviacion-corporativa-en-espana\\\/#listItem\",\"position\":3,\"name\":\"Gestair y Executive Airlines se fusionan para crear la primera compa\\u00f1\\u00eda de aviaci\\u00f3n corporativa en Espa\\u00f1a\",\"previousItem\":{\"@type\":\"ListItem\",\"@id\":\"https:\\\/\\\/eldigitaldeasturias.com\\\/magazine365\\\/category\\\/actualidad-turismo\\\/#listItem\",\"name\":\"Actualidad Turismo\"}}]},{\"@type\":\"Organization\",\"@id\":\"https:\\\/\\\/eldigitaldeasturias.com\\\/magazine365\\\/#organization\",\"name\":\"El digital de Asturias\",\"description\":\"Revista de ocio, turismo y estilo de vida\",\"url\":\"https:\\\/\\\/eldigitaldeasturias.com\\\/magazine365\\\/\",\"logo\":{\"@type\":\"ImageObject\",\"url\":\"https:\\\/\\\/www.eldigitaldeasturias.com\\\/noticias\\\/wp-content\\\/uploads\\\/2020\\\/12\\\/EDA.jpg\",\"@id\":\"https:\\\/\\\/eldigitaldeasturias.com\\\/magazine365\\\/gestair-y-executive-airlines-se-fusionan-para-crear-la-primera-compania-de-aviacion-corporativa-en-espana\\\/#organizationLogo\"},\"image\":{\"@id\":\"https:\\\/\\\/eldigitaldeasturias.com\\\/magazine365\\\/gestair-y-executive-airlines-se-fusionan-para-crear-la-primera-compania-de-aviacion-corporativa-en-espana\\\/#organizationLogo\"}},{\"@type\":\"Person\",\"@id\":\"https:\\\/\\\/eldigitaldeasturias.com\\\/magazine365\\\/author\\\/admin\\\/#author\",\"url\":\"https:\\\/\\\/eldigitaldeasturias.com\\\/magazine365\\\/author\\\/admin\\\/\",\"name\":\"admin\",\"image\":{\"@type\":\"ImageObject\",\"@id\":\"https:\\\/\\\/eldigitaldeasturias.com\\\/magazine365\\\/gestair-y-executive-airlines-se-fusionan-para-crear-la-primera-compania-de-aviacion-corporativa-en-espana\\\/#authorImage\",\"url\":\"https:\\\/\\\/eldigitaldeasturias.com\\\/magazine365\\\/wp-content\\\/litespeed\\\/avatar\\\/e571bcf59a0edd6fa6838245a470f2fe.jpg?ver=1776969259\",\"width\":96,\"height\":96,\"caption\":\"admin\"}},{\"@type\":\"WebPage\",\"@id\":\"https:\\\/\\\/eldigitaldeasturias.com\\\/magazine365\\\/gestair-y-executive-airlines-se-fusionan-para-crear-la-primera-compania-de-aviacion-corporativa-en-espana\\\/#webpage\",\"url\":\"https:\\\/\\\/eldigitaldeasturias.com\\\/magazine365\\\/gestair-y-executive-airlines-se-fusionan-para-crear-la-primera-compania-de-aviacion-corporativa-en-espana\\\/\",\"name\":\"Gestair y Executive Airlines se fusionan para crear la primera compa\\u00f1\\u00eda de aviaci\\u00f3n corporativa en Espa\\u00f1a | El Digital de Asturias\",\"description\":\"Las compa\\u00f1\\u00edas de aviaci\\u00f3n corporativa Gestair y Executive Airlines han alcanzado un acuerdo de fusi\\u00f3n creando de esta forma la primera compa\\u00f1\\u00eda de aviaci\\u00f3n corporativa en Espa\\u00f1a en una operaci\\u00f3n que a\\u00fan est\\u00e1 pendiente de la autorizaci\\u00f3n por parte de las autoridades de competencia. Con este acuerdo se crear\\u00e1 una compa\\u00f1\\u00eda que gestionar\\u00e1 30 aviones,\",\"inLanguage\":\"es-ES\",\"isPartOf\":{\"@id\":\"https:\\\/\\\/eldigitaldeasturias.com\\\/magazine365\\\/#website\"},\"breadcrumb\":{\"@id\":\"https:\\\/\\\/eldigitaldeasturias.com\\\/magazine365\\\/gestair-y-executive-airlines-se-fusionan-para-crear-la-primera-compania-de-aviacion-corporativa-en-espana\\\/#breadcrumblist\"},\"author\":{\"@id\":\"https:\\\/\\\/eldigitaldeasturias.com\\\/magazine365\\\/author\\\/admin\\\/#author\"},\"creator\":{\"@id\":\"https:\\\/\\\/eldigitaldeasturias.com\\\/magazine365\\\/author\\\/admin\\\/#author\"},\"image\":{\"@type\":\"ImageObject\",\"url\":\"https:\\\/\\\/eldigitaldeasturias.com\\\/magazine365\\\/wp-content\\\/uploads\\\/2015\\\/06\\\/fotonoticia_20150617135040_800.jpg\",\"@id\":\"https:\\\/\\\/eldigitaldeasturias.com\\\/magazine365\\\/gestair-y-executive-airlines-se-fusionan-para-crear-la-primera-compania-de-aviacion-corporativa-en-espana\\\/#mainImage\",\"width\":800,\"height\":458},\"primaryImageOfPage\":{\"@id\":\"https:\\\/\\\/eldigitaldeasturias.com\\\/magazine365\\\/gestair-y-executive-airlines-se-fusionan-para-crear-la-primera-compania-de-aviacion-corporativa-en-espana\\\/#mainImage\"},\"datePublished\":\"2015-06-18T07:54:11+02:00\",\"dateModified\":\"2015-06-18T07:54:11+02:00\"},{\"@type\":\"WebSite\",\"@id\":\"https:\\\/\\\/eldigitaldeasturias.com\\\/magazine365\\\/#website\",\"url\":\"https:\\\/\\\/eldigitaldeasturias.com\\\/magazine365\\\/\",\"name\":\"El Digital de Asturias\",\"description\":\"Revista de ocio, turismo y estilo de vida\",\"inLanguage\":\"es-ES\",\"publisher\":{\"@id\":\"https:\\\/\\\/eldigitaldeasturias.com\\\/magazine365\\\/#organization\"}}]}\n\t\t<\/script>\n\t\t<!-- All in One SEO Pro -->\r\n\t\t<title>Gestair y Executive Airlines se fusionan para crear la primera compa\u00f1\u00eda de aviaci\u00f3n corporativa en Espa\u00f1a | El Digital de Asturias<\/title>\n\n","aioseo_head_json":{"title":"Gestair y Executive Airlines se fusionan para crear la primera compa\u00f1\u00eda de aviaci\u00f3n corporativa en Espa\u00f1a | El Digital de Asturias","description":"Las compa\u00f1\u00edas de aviaci\u00f3n corporativa Gestair y Executive Airlines han alcanzado un acuerdo de fusi\u00f3n creando de esta forma la primera compa\u00f1\u00eda de aviaci\u00f3n corporativa en Espa\u00f1a en una operaci\u00f3n que a\u00fan est\u00e1 pendiente de la autorizaci\u00f3n por parte de las autoridades de competencia. Con este acuerdo se crear\u00e1 una compa\u00f1\u00eda que gestionar\u00e1 30 aviones,","canonical_url":"https:\/\/eldigitaldeasturias.com\/magazine365\/gestair-y-executive-airlines-se-fusionan-para-crear-la-primera-compania-de-aviacion-corporativa-en-espana\/","robots":"max-image-preview:large","keywords":"actualidad turismo","webmasterTools":{"google-site-verification":"UA-38556648-1","miscellaneous":""},"schema":{"@context":"https:\/\/schema.org","@graph":[{"@type":"Article","@id":"https:\/\/eldigitaldeasturias.com\/magazine365\/gestair-y-executive-airlines-se-fusionan-para-crear-la-primera-compania-de-aviacion-corporativa-en-espana\/#article","name":"Gestair y Executive Airlines se fusionan para crear la primera compa\u00f1\u00eda de aviaci\u00f3n corporativa en Espa\u00f1a | El Digital de Asturias","headline":"Gestair y Executive Airlines se fusionan para crear la primera compa\u00f1\u00eda de aviaci\u00f3n corporativa en Espa\u00f1a","author":{"@id":"https:\/\/eldigitaldeasturias.com\/magazine365\/author\/admin\/#author"},"publisher":{"@id":"https:\/\/eldigitaldeasturias.com\/magazine365\/#organization"},"image":{"@type":"ImageObject","url":"https:\/\/eldigitaldeasturias.com\/magazine365\/wp-content\/uploads\/2015\/06\/fotonoticia_20150617135040_800.jpg","width":800,"height":458},"datePublished":"2015-06-18T07:54:11+02:00","dateModified":"2015-06-18T07:54:11+02:00","inLanguage":"es-ES","mainEntityOfPage":{"@id":"https:\/\/eldigitaldeasturias.com\/magazine365\/gestair-y-executive-airlines-se-fusionan-para-crear-la-primera-compania-de-aviacion-corporativa-en-espana\/#webpage"},"isPartOf":{"@id":"https:\/\/eldigitaldeasturias.com\/magazine365\/gestair-y-executive-airlines-se-fusionan-para-crear-la-primera-compania-de-aviacion-corporativa-en-espana\/#webpage"},"articleSection":"Actualidad Turismo"},{"@type":"BreadcrumbList","@id":"https:\/\/eldigitaldeasturias.com\/magazine365\/gestair-y-executive-airlines-se-fusionan-para-crear-la-primera-compania-de-aviacion-corporativa-en-espana\/#breadcrumblist","itemListElement":[{"@type":"ListItem","@id":"https:\/\/eldigitaldeasturias.com\/magazine365#listItem","position":1,"name":"Home","item":"https:\/\/eldigitaldeasturias.com\/magazine365","nextItem":{"@type":"ListItem","@id":"https:\/\/eldigitaldeasturias.com\/magazine365\/category\/actualidad-turismo\/#listItem","name":"Actualidad Turismo"}},{"@type":"ListItem","@id":"https:\/\/eldigitaldeasturias.com\/magazine365\/category\/actualidad-turismo\/#listItem","position":2,"name":"Actualidad Turismo","item":"https:\/\/eldigitaldeasturias.com\/magazine365\/category\/actualidad-turismo\/","nextItem":{"@type":"ListItem","@id":"https:\/\/eldigitaldeasturias.com\/magazine365\/gestair-y-executive-airlines-se-fusionan-para-crear-la-primera-compania-de-aviacion-corporativa-en-espana\/#listItem","name":"Gestair y Executive Airlines se fusionan para crear la primera compa\u00f1\u00eda de aviaci\u00f3n corporativa en Espa\u00f1a"},"previousItem":{"@type":"ListItem","@id":"https:\/\/eldigitaldeasturias.com\/magazine365#listItem","name":"Home"}},{"@type":"ListItem","@id":"https:\/\/eldigitaldeasturias.com\/magazine365\/gestair-y-executive-airlines-se-fusionan-para-crear-la-primera-compania-de-aviacion-corporativa-en-espana\/#listItem","position":3,"name":"Gestair y Executive Airlines se fusionan para crear la primera compa\u00f1\u00eda de aviaci\u00f3n corporativa en Espa\u00f1a","previousItem":{"@type":"ListItem","@id":"https:\/\/eldigitaldeasturias.com\/magazine365\/category\/actualidad-turismo\/#listItem","name":"Actualidad Turismo"}}]},{"@type":"Organization","@id":"https:\/\/eldigitaldeasturias.com\/magazine365\/#organization","name":"El digital de Asturias","description":"Revista de ocio, turismo y estilo de vida","url":"https:\/\/eldigitaldeasturias.com\/magazine365\/","logo":{"@type":"ImageObject","url":"https:\/\/www.eldigitaldeasturias.com\/noticias\/wp-content\/uploads\/2020\/12\/EDA.jpg","@id":"https:\/\/eldigitaldeasturias.com\/magazine365\/gestair-y-executive-airlines-se-fusionan-para-crear-la-primera-compania-de-aviacion-corporativa-en-espana\/#organizationLogo"},"image":{"@id":"https:\/\/eldigitaldeasturias.com\/magazine365\/gestair-y-executive-airlines-se-fusionan-para-crear-la-primera-compania-de-aviacion-corporativa-en-espana\/#organizationLogo"}},{"@type":"Person","@id":"https:\/\/eldigitaldeasturias.com\/magazine365\/author\/admin\/#author","url":"https:\/\/eldigitaldeasturias.com\/magazine365\/author\/admin\/","name":"admin","image":{"@type":"ImageObject","@id":"https:\/\/eldigitaldeasturias.com\/magazine365\/gestair-y-executive-airlines-se-fusionan-para-crear-la-primera-compania-de-aviacion-corporativa-en-espana\/#authorImage","url":"https:\/\/eldigitaldeasturias.com\/magazine365\/wp-content\/litespeed\/avatar\/e571bcf59a0edd6fa6838245a470f2fe.jpg?ver=1776969259","width":96,"height":96,"caption":"admin"}},{"@type":"WebPage","@id":"https:\/\/eldigitaldeasturias.com\/magazine365\/gestair-y-executive-airlines-se-fusionan-para-crear-la-primera-compania-de-aviacion-corporativa-en-espana\/#webpage","url":"https:\/\/eldigitaldeasturias.com\/magazine365\/gestair-y-executive-airlines-se-fusionan-para-crear-la-primera-compania-de-aviacion-corporativa-en-espana\/","name":"Gestair y Executive Airlines se fusionan para crear la primera compa\u00f1\u00eda de aviaci\u00f3n corporativa en Espa\u00f1a | El Digital de Asturias","description":"Las compa\u00f1\u00edas de aviaci\u00f3n corporativa Gestair y Executive Airlines han alcanzado un acuerdo de fusi\u00f3n creando de esta forma la primera compa\u00f1\u00eda de aviaci\u00f3n corporativa en Espa\u00f1a en una operaci\u00f3n que a\u00fan est\u00e1 pendiente de la autorizaci\u00f3n por parte de las autoridades de competencia. Con este acuerdo se crear\u00e1 una compa\u00f1\u00eda que gestionar\u00e1 30 aviones,","inLanguage":"es-ES","isPartOf":{"@id":"https:\/\/eldigitaldeasturias.com\/magazine365\/#website"},"breadcrumb":{"@id":"https:\/\/eldigitaldeasturias.com\/magazine365\/gestair-y-executive-airlines-se-fusionan-para-crear-la-primera-compania-de-aviacion-corporativa-en-espana\/#breadcrumblist"},"author":{"@id":"https:\/\/eldigitaldeasturias.com\/magazine365\/author\/admin\/#author"},"creator":{"@id":"https:\/\/eldigitaldeasturias.com\/magazine365\/author\/admin\/#author"},"image":{"@type":"ImageObject","url":"https:\/\/eldigitaldeasturias.com\/magazine365\/wp-content\/uploads\/2015\/06\/fotonoticia_20150617135040_800.jpg","@id":"https:\/\/eldigitaldeasturias.com\/magazine365\/gestair-y-executive-airlines-se-fusionan-para-crear-la-primera-compania-de-aviacion-corporativa-en-espana\/#mainImage","width":800,"height":458},"primaryImageOfPage":{"@id":"https:\/\/eldigitaldeasturias.com\/magazine365\/gestair-y-executive-airlines-se-fusionan-para-crear-la-primera-compania-de-aviacion-corporativa-en-espana\/#mainImage"},"datePublished":"2015-06-18T07:54:11+02:00","dateModified":"2015-06-18T07:54:11+02:00"},{"@type":"WebSite","@id":"https:\/\/eldigitaldeasturias.com\/magazine365\/#website","url":"https:\/\/eldigitaldeasturias.com\/magazine365\/","name":"El Digital de Asturias","description":"Revista de ocio, turismo y estilo de vida","inLanguage":"es-ES","publisher":{"@id":"https:\/\/eldigitaldeasturias.com\/magazine365\/#organization"}}]},"og:locale":"es_ES","og:site_name":"El Digital de Asturias \u2013 Revista de ocio, turismo y estilo de vida","og:type":"article","og:title":"Gestair y Executive Airlines se fusionan para crear la primera compa\u00f1\u00eda de aviaci\u00f3n corporativa en Espa\u00f1a | El Digital de Asturias","og:description":"Las compa\u00f1\u00edas de aviaci\u00f3n corporativa Gestair y Executive Airlines han alcanzado un acuerdo de fusi\u00f3n creando de esta forma la primera compa\u00f1\u00eda de aviaci\u00f3n corporativa en Espa\u00f1a en una operaci\u00f3n que a\u00fan est\u00e1 pendiente de la autorizaci\u00f3n por parte de las autoridades de competencia. Con este acuerdo se crear\u00e1 una compa\u00f1\u00eda que gestionar\u00e1 30 aviones,","og:url":"https:\/\/eldigitaldeasturias.com\/magazine365\/gestair-y-executive-airlines-se-fusionan-para-crear-la-primera-compania-de-aviacion-corporativa-en-espana\/","og:image":"https:\/\/eldigitaldeasturias.com\/magazine365\/wp-content\/uploads\/2015\/06\/fotonoticia_20150617135040_800.jpg","og:image:secure_url":"https:\/\/eldigitaldeasturias.com\/magazine365\/wp-content\/uploads\/2015\/06\/fotonoticia_20150617135040_800.jpg","og:image:width":800,"og:image:height":458,"article:published_time":"2015-06-18T06:24:11+00:00","article:modified_time":"2015-06-18T06:24:11+00:00","twitter:card":"summary_large_image","twitter:title":"Gestair y Executive Airlines se fusionan para crear la primera compa\u00f1\u00eda de aviaci\u00f3n corporativa en Espa\u00f1a | El Digital de Asturias","twitter:description":"Las compa\u00f1\u00edas de aviaci\u00f3n corporativa Gestair y Executive Airlines han alcanzado un acuerdo de fusi\u00f3n creando de esta forma la primera compa\u00f1\u00eda de aviaci\u00f3n corporativa en Espa\u00f1a en una operaci\u00f3n que a\u00fan est\u00e1 pendiente de la autorizaci\u00f3n por parte de las autoridades de competencia. Con este acuerdo se crear\u00e1 una compa\u00f1\u00eda que gestionar\u00e1 30 aviones,","twitter:image":"https:\/\/eldigitaldeasturias.com\/magazine365\/wp-content\/uploads\/2015\/06\/fotonoticia_20150617135040_800.jpg"},"aioseo_meta_data":{"post_id":"40156","title":null,"description":null,"keywords":null,"keyphrases":null,"primary_term":null,"canonical_url":null,"og_title":null,"og_description":null,"og_object_type":"default","og_image_type":"default","og_image_url":null,"og_image_width":null,"og_image_height":null,"og_image_custom_url":null,"og_image_custom_fields":null,"og_video":null,"og_custom_url":null,"og_article_section":null,"og_article_tags":null,"twitter_use_og":false,"twitter_card":"default","twitter_image_type":"default","twitter_image_url":null,"twitter_image_custom_url":null,"twitter_image_custom_fields":null,"twitter_title":null,"twitter_description":null,"schema":{"blockGraphs":[],"customGraphs":[],"default":{"data":{"Article":[],"Course":[],"Dataset":[],"FAQPage":[],"Movie":[],"Person":[],"Product":[],"ProductReview":[],"Car":[],"Recipe":[],"Service":[],"SoftwareApplication":[],"WebPage":[]},"graphName":"","isEnabled":true},"graphs":[],"defaultGraph":"","defaultPostTypeGraph":""},"schema_type":null,"schema_type_options":null,"pillar_content":false,"robots_default":true,"robots_noindex":false,"robots_noarchive":false,"robots_nosnippet":false,"robots_nofollow":false,"robots_noimageindex":false,"robots_noodp":false,"robots_notranslate":false,"robots_max_snippet":null,"robots_max_videopreview":null,"robots_max_imagepreview":"large","priority":null,"frequency":null,"location":null,"local_seo":null,"seo_analyzer_scan_date":"2025-09-19 13:03:29","breadcrumb_settings":null,"limit_modified_date":false,"open_ai":null,"ai":null,"created":"2021-03-09 02:31:42","updated":"2025-09-19 13:03:29"},"aioseo_breadcrumb":"<div class=\"aioseo-breadcrumbs\"><span class=\"aioseo-breadcrumb\">\n\t<a href=\"https:\/\/eldigitaldeasturias.com\/magazine365\" title=\"Home\">Home<\/a>\n<\/span><span class=\"aioseo-breadcrumb-separator\">\u2013<\/span><span class=\"aioseo-breadcrumb\">\n\t<a href=\"https:\/\/eldigitaldeasturias.com\/magazine365\/category\/actualidad-turismo\/\" title=\"Actualidad Turismo\">Actualidad Turismo<\/a>\n<\/span><span class=\"aioseo-breadcrumb-separator\">\u2013<\/span><span class=\"aioseo-breadcrumb\">\n\t<a href=\"https:\/\/eldigitaldeasturias.com\/magazine365\/gestair-y-executive-airlines-se-fusionan-para-crear-la-primera-compania-de-aviacion-corporativa-en-espana\/\" title=\"Gestair y Executive Airlines se fusionan para crear la primera compa\u00f1\u00eda de aviaci\u00f3n corporativa en Espa\u00f1a\">Gestair y Executive Airlines se fusionan para crear la primera compa\u00f1\u00eda de aviaci\u00f3n corporativa en Espa\u00f1a<\/a>\n<\/span><\/div>","aioseo_breadcrumb_json":[{"label":"Home","link":"https:\/\/eldigitaldeasturias.com\/magazine365"},{"label":"Actualidad Turismo","link":"https:\/\/eldigitaldeasturias.com\/magazine365\/category\/actualidad-turismo\/"},{"label":"Gestair y Executive Airlines se fusionan para crear la primera compa\u00f1\u00eda de aviaci\u00f3n corporativa en Espa\u00f1a","link":"https:\/\/eldigitaldeasturias.com\/magazine365\/gestair-y-executive-airlines-se-fusionan-para-crear-la-primera-compania-de-aviacion-corporativa-en-espana\/"}],"_links":{"self":[{"href":"https:\/\/eldigitaldeasturias.com\/magazine365\/wp-json\/wp\/v2\/posts\/40156","targetHints":{"allow":["GET"]}}],"collection":[{"href":"https:\/\/eldigitaldeasturias.com\/magazine365\/wp-json\/wp\/v2\/posts"}],"about":[{"href":"https:\/\/eldigitaldeasturias.com\/magazine365\/wp-json\/wp\/v2\/types\/post"}],"author":[{"embeddable":true,"href":"https:\/\/eldigitaldeasturias.com\/magazine365\/wp-json\/wp\/v2\/users\/1"}],"replies":[{"embeddable":true,"href":"https:\/\/eldigitaldeasturias.com\/magazine365\/wp-json\/wp\/v2\/comments?post=40156"}],"version-history":[{"count":0,"href":"https:\/\/eldigitaldeasturias.com\/magazine365\/wp-json\/wp\/v2\/posts\/40156\/revisions"}],"wp:featuredmedia":[{"embeddable":true,"href":"https:\/\/eldigitaldeasturias.com\/magazine365\/wp-json\/wp\/v2\/media\/40157"}],"wp:attachment":[{"href":"https:\/\/eldigitaldeasturias.com\/magazine365\/wp-json\/wp\/v2\/media?parent=40156"}],"wp:term":[{"taxonomy":"category","embeddable":true,"href":"https:\/\/eldigitaldeasturias.com\/magazine365\/wp-json\/wp\/v2\/categories?post=40156"},{"taxonomy":"post_tag","embeddable":true,"href":"https:\/\/eldigitaldeasturias.com\/magazine365\/wp-json\/wp\/v2\/tags?post=40156"}],"curies":[{"name":"wp","href":"https:\/\/api.w.org\/{rel}","templated":true}]}}