{"id":40150,"date":"2015-06-18T07:43:44","date_gmt":"2015-06-18T06:13:44","guid":{"rendered":"http:\/\/eldigitaldeasturias.com\/magazine365\/?p=40150"},"modified":"2015-06-18T07:43:44","modified_gmt":"2015-06-18T06:13:44","slug":"las-reservas-de-apartamentos-privados-en-madrid-aumenta-un-63-por-el-madrid-orgullo-2015","status":"publish","type":"post","link":"https:\/\/eldigitaldeasturias.com\/magazine365\/las-reservas-de-apartamentos-privados-en-madrid-aumenta-un-63-por-el-madrid-orgullo-2015\/","title":{"rendered":"Las reservas de apartamentos privados en Madrid aumenta un 63% por el Madrid Orgullo 2015"},"content":{"rendered":"<p><img fetchpriority=\"high\" decoding=\"async\" class=\"alignleft size-medium wp-image-40151\" src=\"https:\/\/eldigitaldeasturias.com\/magazine365\/wp-content\/uploads\/2015\/06\/fotonoticia_20150617132957_800-360x238.jpg\" alt=\"fotonoticia_20150617132957_800\" width=\"360\" height=\"238\" srcset=\"https:\/\/eldigitaldeasturias.com\/magazine365\/wp-content\/uploads\/2015\/06\/fotonoticia_20150617132957_800-360x238.jpg 360w, https:\/\/eldigitaldeasturias.com\/magazine365\/wp-content\/uploads\/2015\/06\/fotonoticia_20150617132957_800-650x429.jpg 650w, https:\/\/eldigitaldeasturias.com\/magazine365\/wp-content\/uploads\/2015\/06\/fotonoticia_20150617132957_800-768x507.jpg 768w, https:\/\/eldigitaldeasturias.com\/magazine365\/wp-content\/uploads\/2015\/06\/fotonoticia_20150617132957_800-150x99.jpg 150w, https:\/\/eldigitaldeasturias.com\/magazine365\/wp-content\/uploads\/2015\/06\/fotonoticia_20150617132957_800-450x297.jpg 450w, https:\/\/eldigitaldeasturias.com\/magazine365\/wp-content\/uploads\/2015\/06\/fotonoticia_20150617132957_800-696x459.jpg 696w, https:\/\/eldigitaldeasturias.com\/magazine365\/wp-content\/uploads\/2015\/06\/fotonoticia_20150617132957_800-636x420.jpg 636w, https:\/\/eldigitaldeasturias.com\/magazine365\/wp-content\/uploads\/2015\/06\/fotonoticia_20150617132957_800-84x55.jpg 84w, https:\/\/eldigitaldeasturias.com\/magazine365\/wp-content\/uploads\/2015\/06\/fotonoticia_20150617132957_800.jpg 800w\" sizes=\"(max-width: 360px) 100vw, 360px\" \/>Las reservas de apartamentos privados en Madrid se han incrementado un 63% en la plataforma de alquiler de apartamentos urbanos Wimdu debido principalmente a la semana de fiestas previstas en la capital de Espa\u00f1a con motivo de la celebraci\u00f3n del D\u00eda del Orgullo Gay.<\/p>\n<p>Se estima que m\u00e1s de 2 millones de personas acudir\u00e1n a estas fiestas en el primer fin de semana de julio lo que hace que los alojamientos en la capital espa\u00f1ola vivan su temporada m\u00e1s alta.<\/p>\n<p>Un total de 1.188 propiedades han ofrecido hasta el momento la posibilidad de compartir piso o alquilar el apartamento por competo para estas fechas, seg\u00fan los datos registrados por Wimdu.<\/p>\n<p>Por origen de las reservas, el 60% provienen de Espa\u00f1a, mientras que a nivel europeo son los alemanes, italianos, franceses, holandeses y daneses lo que m\u00e1s optan por esta opci\u00f3n de la econom\u00eda compartida en el sector tur\u00edstico de Madrid.<\/p>\n<p>La web de Wimdu ha inscrito reservas procedentes de m\u00e1s de 20 pa\u00edses, entre los que se encuentran Corea del Sur, Filipinas, Israel, Puerto Rico, M\u00e9xico o Uruguay.<\/p>\n<p>Por precios, la media de la oferta en Madrid ha rondado los 41 euros por persona y noche, aunque el promedio de lo que la demanda ha pagado se ha situado en los 28 euros por persona y noche.<\/p>\n<p>HOTELES CAROS.<\/p>\n<p>Una de las razones por las que se puede deducir el \u00e9xito de los apartamentos privados es, adem\u00e1s de la elevada demanda tur\u00edstica, al encarecimiento de los precios de los hoteles para esta fecha.<\/p>\n<p>Si se compraran el coste de las habitaciones del 5 al 7 de julio con el fin de semana posterior (del 12 al 14 de julio), el valor var\u00eda un 57% de media. Por ejemplo, mientras que una noche en un hotel centro de Madrid se llega a pagar hasta 200 euros, una semana despu\u00e9s el precio baja a los 100 euros.<\/p>\n","protected":false},"excerpt":{"rendered":"<p>Las reservas de apartamentos privados en Madrid se han incrementado un 63% en la plataforma de alquiler de apartamentos urbanos Wimdu debido principalmente a la semana de fiestas previstas en la capital de Espa\u00f1a con motivo de la celebraci\u00f3n del D\u00eda del Orgullo Gay. Se estima que m\u00e1s de 2 millones de personas acudir\u00e1n a<\/p>\n","protected":false},"author":1,"featured_media":40151,"comment_status":"open","ping_status":"closed","sticky":false,"template":"","format":"standard","meta":{"footnotes":""},"categories":[222],"tags":[],"class_list":{"0":"post-40150","1":"post","2":"type-post","3":"status-publish","4":"format-standard","5":"has-post-thumbnail","7":"category-actualidad-turismo"},"aioseo_notices":[],"aioseo_head":"\n\t\t<!-- All in One SEO Pro 4.9.6.1 - aioseo.com -->\n\t<meta name=\"description\" content=\"Las reservas de apartamentos privados en Madrid se han incrementado un 63% en la plataforma de alquiler de apartamentos urbanos Wimdu debido principalmente a la semana de fiestas previstas en la capital de Espa\u00f1a con motivo de la celebraci\u00f3n del D\u00eda del Orgullo Gay. Se estima que m\u00e1s de 2 millones de personas acudir\u00e1n a\" \/>\n\t<meta name=\"robots\" content=\"max-image-preview:large\" \/>\n\t<meta name=\"author\" content=\"admin\"\/>\n\t<meta name=\"google-site-verification\" content=\"UA-38556648-1\" \/>\n\t<meta name=\"keywords\" content=\"actualidad turismo\" \/>\n\t<link rel=\"canonical\" href=\"https:\/\/eldigitaldeasturias.com\/magazine365\/las-reservas-de-apartamentos-privados-en-madrid-aumenta-un-63-por-el-madrid-orgullo-2015\/\" \/>\n\t<meta name=\"generator\" content=\"All in One SEO Pro (AIOSEO) 4.9.6.1\" \/>\n\t\t<meta property=\"og:locale\" content=\"es_ES\" \/>\n\t\t<meta property=\"og:site_name\" content=\"El Digital de Asturias \u2013 Revista de ocio, turismo y estilo de vida\" \/>\n\t\t<meta property=\"og:type\" content=\"article\" \/>\n\t\t<meta property=\"og:title\" content=\"Las reservas de apartamentos privados en Madrid aumenta un 63% por el Madrid Orgullo 2015 | El Digital de Asturias\" \/>\n\t\t<meta property=\"og:description\" content=\"Las reservas de apartamentos privados en Madrid se han incrementado un 63% en la plataforma de alquiler de apartamentos urbanos Wimdu debido principalmente a la semana de fiestas previstas en la capital de Espa\u00f1a con motivo de la celebraci\u00f3n del D\u00eda del Orgullo Gay. Se estima que m\u00e1s de 2 millones de personas acudir\u00e1n a\" \/>\n\t\t<meta property=\"og:url\" content=\"https:\/\/eldigitaldeasturias.com\/magazine365\/las-reservas-de-apartamentos-privados-en-madrid-aumenta-un-63-por-el-madrid-orgullo-2015\/\" \/>\n\t\t<meta property=\"og:image\" content=\"https:\/\/eldigitaldeasturias.com\/magazine365\/wp-content\/uploads\/2015\/06\/fotonoticia_20150617132957_800.jpg\" \/>\n\t\t<meta property=\"og:image:secure_url\" content=\"https:\/\/eldigitaldeasturias.com\/magazine365\/wp-content\/uploads\/2015\/06\/fotonoticia_20150617132957_800.jpg\" \/>\n\t\t<meta property=\"og:image:width\" content=\"800\" \/>\n\t\t<meta property=\"og:image:height\" content=\"528\" \/>\n\t\t<meta property=\"article:published_time\" content=\"2015-06-18T06:13:44+00:00\" \/>\n\t\t<meta property=\"article:modified_time\" content=\"2015-06-18T06:13:44+00:00\" \/>\n\t\t<meta name=\"twitter:card\" content=\"summary_large_image\" \/>\n\t\t<meta name=\"twitter:title\" content=\"Las reservas de apartamentos privados en Madrid aumenta un 63% por el Madrid Orgullo 2015 | El Digital de Asturias\" \/>\n\t\t<meta name=\"twitter:description\" content=\"Las reservas de apartamentos privados en Madrid se han incrementado un 63% en la plataforma de alquiler de apartamentos urbanos Wimdu debido principalmente a la semana de fiestas previstas en la capital de Espa\u00f1a con motivo de la celebraci\u00f3n del D\u00eda del Orgullo Gay. Se estima que m\u00e1s de 2 millones de personas acudir\u00e1n a\" \/>\n\t\t<meta name=\"twitter:image\" content=\"https:\/\/eldigitaldeasturias.com\/magazine365\/wp-content\/uploads\/2015\/06\/fotonoticia_20150617132957_800.jpg\" \/>\n\t\t<script type=\"application\/ld+json\" class=\"aioseo-schema\">\n\t\t\t{\"@context\":\"https:\\\/\\\/schema.org\",\"@graph\":[{\"@type\":\"Article\",\"@id\":\"https:\\\/\\\/eldigitaldeasturias.com\\\/magazine365\\\/las-reservas-de-apartamentos-privados-en-madrid-aumenta-un-63-por-el-madrid-orgullo-2015\\\/#article\",\"name\":\"Las reservas de apartamentos privados en Madrid aumenta un 63% por el Madrid Orgullo 2015 | El Digital de Asturias\",\"headline\":\"Las reservas de apartamentos privados en Madrid aumenta un 63% por el Madrid Orgullo 2015\",\"author\":{\"@id\":\"https:\\\/\\\/eldigitaldeasturias.com\\\/magazine365\\\/author\\\/admin\\\/#author\"},\"publisher\":{\"@id\":\"https:\\\/\\\/eldigitaldeasturias.com\\\/magazine365\\\/#organization\"},\"image\":{\"@type\":\"ImageObject\",\"url\":\"https:\\\/\\\/eldigitaldeasturias.com\\\/magazine365\\\/wp-content\\\/uploads\\\/2015\\\/06\\\/fotonoticia_20150617132957_800.jpg\",\"width\":800,\"height\":528},\"datePublished\":\"2015-06-18T07:43:44+02:00\",\"dateModified\":\"2015-06-18T07:43:44+02:00\",\"inLanguage\":\"es-ES\",\"mainEntityOfPage\":{\"@id\":\"https:\\\/\\\/eldigitaldeasturias.com\\\/magazine365\\\/las-reservas-de-apartamentos-privados-en-madrid-aumenta-un-63-por-el-madrid-orgullo-2015\\\/#webpage\"},\"isPartOf\":{\"@id\":\"https:\\\/\\\/eldigitaldeasturias.com\\\/magazine365\\\/las-reservas-de-apartamentos-privados-en-madrid-aumenta-un-63-por-el-madrid-orgullo-2015\\\/#webpage\"},\"articleSection\":\"Actualidad Turismo\"},{\"@type\":\"BreadcrumbList\",\"@id\":\"https:\\\/\\\/eldigitaldeasturias.com\\\/magazine365\\\/las-reservas-de-apartamentos-privados-en-madrid-aumenta-un-63-por-el-madrid-orgullo-2015\\\/#breadcrumblist\",\"itemListElement\":[{\"@type\":\"ListItem\",\"@id\":\"https:\\\/\\\/eldigitaldeasturias.com\\\/magazine365#listItem\",\"position\":1,\"name\":\"Home\",\"item\":\"https:\\\/\\\/eldigitaldeasturias.com\\\/magazine365\",\"nextItem\":{\"@type\":\"ListItem\",\"@id\":\"https:\\\/\\\/eldigitaldeasturias.com\\\/magazine365\\\/category\\\/actualidad-turismo\\\/#listItem\",\"name\":\"Actualidad Turismo\"}},{\"@type\":\"ListItem\",\"@id\":\"https:\\\/\\\/eldigitaldeasturias.com\\\/magazine365\\\/category\\\/actualidad-turismo\\\/#listItem\",\"position\":2,\"name\":\"Actualidad Turismo\",\"item\":\"https:\\\/\\\/eldigitaldeasturias.com\\\/magazine365\\\/category\\\/actualidad-turismo\\\/\",\"nextItem\":{\"@type\":\"ListItem\",\"@id\":\"https:\\\/\\\/eldigitaldeasturias.com\\\/magazine365\\\/las-reservas-de-apartamentos-privados-en-madrid-aumenta-un-63-por-el-madrid-orgullo-2015\\\/#listItem\",\"name\":\"Las reservas de apartamentos privados en Madrid aumenta un 63% por el Madrid Orgullo 2015\"},\"previousItem\":{\"@type\":\"ListItem\",\"@id\":\"https:\\\/\\\/eldigitaldeasturias.com\\\/magazine365#listItem\",\"name\":\"Home\"}},{\"@type\":\"ListItem\",\"@id\":\"https:\\\/\\\/eldigitaldeasturias.com\\\/magazine365\\\/las-reservas-de-apartamentos-privados-en-madrid-aumenta-un-63-por-el-madrid-orgullo-2015\\\/#listItem\",\"position\":3,\"name\":\"Las reservas de apartamentos privados en Madrid aumenta un 63% por el Madrid Orgullo 2015\",\"previousItem\":{\"@type\":\"ListItem\",\"@id\":\"https:\\\/\\\/eldigitaldeasturias.com\\\/magazine365\\\/category\\\/actualidad-turismo\\\/#listItem\",\"name\":\"Actualidad Turismo\"}}]},{\"@type\":\"Organization\",\"@id\":\"https:\\\/\\\/eldigitaldeasturias.com\\\/magazine365\\\/#organization\",\"name\":\"El digital de Asturias\",\"description\":\"Revista de ocio, turismo y estilo de vida\",\"url\":\"https:\\\/\\\/eldigitaldeasturias.com\\\/magazine365\\\/\",\"logo\":{\"@type\":\"ImageObject\",\"url\":\"https:\\\/\\\/www.eldigitaldeasturias.com\\\/noticias\\\/wp-content\\\/uploads\\\/2020\\\/12\\\/EDA.jpg\",\"@id\":\"https:\\\/\\\/eldigitaldeasturias.com\\\/magazine365\\\/las-reservas-de-apartamentos-privados-en-madrid-aumenta-un-63-por-el-madrid-orgullo-2015\\\/#organizationLogo\"},\"image\":{\"@id\":\"https:\\\/\\\/eldigitaldeasturias.com\\\/magazine365\\\/las-reservas-de-apartamentos-privados-en-madrid-aumenta-un-63-por-el-madrid-orgullo-2015\\\/#organizationLogo\"}},{\"@type\":\"Person\",\"@id\":\"https:\\\/\\\/eldigitaldeasturias.com\\\/magazine365\\\/author\\\/admin\\\/#author\",\"url\":\"https:\\\/\\\/eldigitaldeasturias.com\\\/magazine365\\\/author\\\/admin\\\/\",\"name\":\"admin\",\"image\":{\"@type\":\"ImageObject\",\"@id\":\"https:\\\/\\\/eldigitaldeasturias.com\\\/magazine365\\\/las-reservas-de-apartamentos-privados-en-madrid-aumenta-un-63-por-el-madrid-orgullo-2015\\\/#authorImage\",\"url\":\"https:\\\/\\\/eldigitaldeasturias.com\\\/magazine365\\\/wp-content\\\/litespeed\\\/avatar\\\/e571bcf59a0edd6fa6838245a470f2fe.jpg?ver=1776969259\",\"width\":96,\"height\":96,\"caption\":\"admin\"}},{\"@type\":\"WebPage\",\"@id\":\"https:\\\/\\\/eldigitaldeasturias.com\\\/magazine365\\\/las-reservas-de-apartamentos-privados-en-madrid-aumenta-un-63-por-el-madrid-orgullo-2015\\\/#webpage\",\"url\":\"https:\\\/\\\/eldigitaldeasturias.com\\\/magazine365\\\/las-reservas-de-apartamentos-privados-en-madrid-aumenta-un-63-por-el-madrid-orgullo-2015\\\/\",\"name\":\"Las reservas de apartamentos privados en Madrid aumenta un 63% por el Madrid Orgullo 2015 | El Digital de Asturias\",\"description\":\"Las reservas de apartamentos privados en Madrid se han incrementado un 63% en la plataforma de alquiler de apartamentos urbanos Wimdu debido principalmente a la semana de fiestas previstas en la capital de Espa\\u00f1a con motivo de la celebraci\\u00f3n del D\\u00eda del Orgullo Gay. Se estima que m\\u00e1s de 2 millones de personas acudir\\u00e1n a\",\"inLanguage\":\"es-ES\",\"isPartOf\":{\"@id\":\"https:\\\/\\\/eldigitaldeasturias.com\\\/magazine365\\\/#website\"},\"breadcrumb\":{\"@id\":\"https:\\\/\\\/eldigitaldeasturias.com\\\/magazine365\\\/las-reservas-de-apartamentos-privados-en-madrid-aumenta-un-63-por-el-madrid-orgullo-2015\\\/#breadcrumblist\"},\"author\":{\"@id\":\"https:\\\/\\\/eldigitaldeasturias.com\\\/magazine365\\\/author\\\/admin\\\/#author\"},\"creator\":{\"@id\":\"https:\\\/\\\/eldigitaldeasturias.com\\\/magazine365\\\/author\\\/admin\\\/#author\"},\"image\":{\"@type\":\"ImageObject\",\"url\":\"https:\\\/\\\/eldigitaldeasturias.com\\\/magazine365\\\/wp-content\\\/uploads\\\/2015\\\/06\\\/fotonoticia_20150617132957_800.jpg\",\"@id\":\"https:\\\/\\\/eldigitaldeasturias.com\\\/magazine365\\\/las-reservas-de-apartamentos-privados-en-madrid-aumenta-un-63-por-el-madrid-orgullo-2015\\\/#mainImage\",\"width\":800,\"height\":528},\"primaryImageOfPage\":{\"@id\":\"https:\\\/\\\/eldigitaldeasturias.com\\\/magazine365\\\/las-reservas-de-apartamentos-privados-en-madrid-aumenta-un-63-por-el-madrid-orgullo-2015\\\/#mainImage\"},\"datePublished\":\"2015-06-18T07:43:44+02:00\",\"dateModified\":\"2015-06-18T07:43:44+02:00\"},{\"@type\":\"WebSite\",\"@id\":\"https:\\\/\\\/eldigitaldeasturias.com\\\/magazine365\\\/#website\",\"url\":\"https:\\\/\\\/eldigitaldeasturias.com\\\/magazine365\\\/\",\"name\":\"El Digital de Asturias\",\"description\":\"Revista de ocio, turismo y estilo de vida\",\"inLanguage\":\"es-ES\",\"publisher\":{\"@id\":\"https:\\\/\\\/eldigitaldeasturias.com\\\/magazine365\\\/#organization\"}}]}\n\t\t<\/script>\n\t\t<!-- All in One SEO Pro -->\r\n\t\t<title>Las reservas de apartamentos privados en Madrid aumenta un 63% por el Madrid Orgullo 2015 | El Digital de Asturias<\/title>\n\n","aioseo_head_json":{"title":"Las reservas de apartamentos privados en Madrid aumenta un 63% por el Madrid Orgullo 2015 | El Digital de Asturias","description":"Las reservas de apartamentos privados en Madrid se han incrementado un 63% en la plataforma de alquiler de apartamentos urbanos Wimdu debido principalmente a la semana de fiestas previstas en la capital de Espa\u00f1a con motivo de la celebraci\u00f3n del D\u00eda del Orgullo Gay. Se estima que m\u00e1s de 2 millones de personas acudir\u00e1n a","canonical_url":"https:\/\/eldigitaldeasturias.com\/magazine365\/las-reservas-de-apartamentos-privados-en-madrid-aumenta-un-63-por-el-madrid-orgullo-2015\/","robots":"max-image-preview:large","keywords":"actualidad turismo","webmasterTools":{"google-site-verification":"UA-38556648-1","miscellaneous":""},"schema":{"@context":"https:\/\/schema.org","@graph":[{"@type":"Article","@id":"https:\/\/eldigitaldeasturias.com\/magazine365\/las-reservas-de-apartamentos-privados-en-madrid-aumenta-un-63-por-el-madrid-orgullo-2015\/#article","name":"Las reservas de apartamentos privados en Madrid aumenta un 63% por el Madrid Orgullo 2015 | El Digital de Asturias","headline":"Las reservas de apartamentos privados en Madrid aumenta un 63% por el Madrid Orgullo 2015","author":{"@id":"https:\/\/eldigitaldeasturias.com\/magazine365\/author\/admin\/#author"},"publisher":{"@id":"https:\/\/eldigitaldeasturias.com\/magazine365\/#organization"},"image":{"@type":"ImageObject","url":"https:\/\/eldigitaldeasturias.com\/magazine365\/wp-content\/uploads\/2015\/06\/fotonoticia_20150617132957_800.jpg","width":800,"height":528},"datePublished":"2015-06-18T07:43:44+02:00","dateModified":"2015-06-18T07:43:44+02:00","inLanguage":"es-ES","mainEntityOfPage":{"@id":"https:\/\/eldigitaldeasturias.com\/magazine365\/las-reservas-de-apartamentos-privados-en-madrid-aumenta-un-63-por-el-madrid-orgullo-2015\/#webpage"},"isPartOf":{"@id":"https:\/\/eldigitaldeasturias.com\/magazine365\/las-reservas-de-apartamentos-privados-en-madrid-aumenta-un-63-por-el-madrid-orgullo-2015\/#webpage"},"articleSection":"Actualidad Turismo"},{"@type":"BreadcrumbList","@id":"https:\/\/eldigitaldeasturias.com\/magazine365\/las-reservas-de-apartamentos-privados-en-madrid-aumenta-un-63-por-el-madrid-orgullo-2015\/#breadcrumblist","itemListElement":[{"@type":"ListItem","@id":"https:\/\/eldigitaldeasturias.com\/magazine365#listItem","position":1,"name":"Home","item":"https:\/\/eldigitaldeasturias.com\/magazine365","nextItem":{"@type":"ListItem","@id":"https:\/\/eldigitaldeasturias.com\/magazine365\/category\/actualidad-turismo\/#listItem","name":"Actualidad Turismo"}},{"@type":"ListItem","@id":"https:\/\/eldigitaldeasturias.com\/magazine365\/category\/actualidad-turismo\/#listItem","position":2,"name":"Actualidad Turismo","item":"https:\/\/eldigitaldeasturias.com\/magazine365\/category\/actualidad-turismo\/","nextItem":{"@type":"ListItem","@id":"https:\/\/eldigitaldeasturias.com\/magazine365\/las-reservas-de-apartamentos-privados-en-madrid-aumenta-un-63-por-el-madrid-orgullo-2015\/#listItem","name":"Las reservas de apartamentos privados en Madrid aumenta un 63% por el Madrid Orgullo 2015"},"previousItem":{"@type":"ListItem","@id":"https:\/\/eldigitaldeasturias.com\/magazine365#listItem","name":"Home"}},{"@type":"ListItem","@id":"https:\/\/eldigitaldeasturias.com\/magazine365\/las-reservas-de-apartamentos-privados-en-madrid-aumenta-un-63-por-el-madrid-orgullo-2015\/#listItem","position":3,"name":"Las reservas de apartamentos privados en Madrid aumenta un 63% por el Madrid Orgullo 2015","previousItem":{"@type":"ListItem","@id":"https:\/\/eldigitaldeasturias.com\/magazine365\/category\/actualidad-turismo\/#listItem","name":"Actualidad Turismo"}}]},{"@type":"Organization","@id":"https:\/\/eldigitaldeasturias.com\/magazine365\/#organization","name":"El digital de Asturias","description":"Revista de ocio, turismo y estilo de vida","url":"https:\/\/eldigitaldeasturias.com\/magazine365\/","logo":{"@type":"ImageObject","url":"https:\/\/www.eldigitaldeasturias.com\/noticias\/wp-content\/uploads\/2020\/12\/EDA.jpg","@id":"https:\/\/eldigitaldeasturias.com\/magazine365\/las-reservas-de-apartamentos-privados-en-madrid-aumenta-un-63-por-el-madrid-orgullo-2015\/#organizationLogo"},"image":{"@id":"https:\/\/eldigitaldeasturias.com\/magazine365\/las-reservas-de-apartamentos-privados-en-madrid-aumenta-un-63-por-el-madrid-orgullo-2015\/#organizationLogo"}},{"@type":"Person","@id":"https:\/\/eldigitaldeasturias.com\/magazine365\/author\/admin\/#author","url":"https:\/\/eldigitaldeasturias.com\/magazine365\/author\/admin\/","name":"admin","image":{"@type":"ImageObject","@id":"https:\/\/eldigitaldeasturias.com\/magazine365\/las-reservas-de-apartamentos-privados-en-madrid-aumenta-un-63-por-el-madrid-orgullo-2015\/#authorImage","url":"https:\/\/eldigitaldeasturias.com\/magazine365\/wp-content\/litespeed\/avatar\/e571bcf59a0edd6fa6838245a470f2fe.jpg?ver=1776969259","width":96,"height":96,"caption":"admin"}},{"@type":"WebPage","@id":"https:\/\/eldigitaldeasturias.com\/magazine365\/las-reservas-de-apartamentos-privados-en-madrid-aumenta-un-63-por-el-madrid-orgullo-2015\/#webpage","url":"https:\/\/eldigitaldeasturias.com\/magazine365\/las-reservas-de-apartamentos-privados-en-madrid-aumenta-un-63-por-el-madrid-orgullo-2015\/","name":"Las reservas de apartamentos privados en Madrid aumenta un 63% por el Madrid Orgullo 2015 | El Digital de Asturias","description":"Las reservas de apartamentos privados en Madrid se han incrementado un 63% en la plataforma de alquiler de apartamentos urbanos Wimdu debido principalmente a la semana de fiestas previstas en la capital de Espa\u00f1a con motivo de la celebraci\u00f3n del D\u00eda del Orgullo Gay. Se estima que m\u00e1s de 2 millones de personas acudir\u00e1n a","inLanguage":"es-ES","isPartOf":{"@id":"https:\/\/eldigitaldeasturias.com\/magazine365\/#website"},"breadcrumb":{"@id":"https:\/\/eldigitaldeasturias.com\/magazine365\/las-reservas-de-apartamentos-privados-en-madrid-aumenta-un-63-por-el-madrid-orgullo-2015\/#breadcrumblist"},"author":{"@id":"https:\/\/eldigitaldeasturias.com\/magazine365\/author\/admin\/#author"},"creator":{"@id":"https:\/\/eldigitaldeasturias.com\/magazine365\/author\/admin\/#author"},"image":{"@type":"ImageObject","url":"https:\/\/eldigitaldeasturias.com\/magazine365\/wp-content\/uploads\/2015\/06\/fotonoticia_20150617132957_800.jpg","@id":"https:\/\/eldigitaldeasturias.com\/magazine365\/las-reservas-de-apartamentos-privados-en-madrid-aumenta-un-63-por-el-madrid-orgullo-2015\/#mainImage","width":800,"height":528},"primaryImageOfPage":{"@id":"https:\/\/eldigitaldeasturias.com\/magazine365\/las-reservas-de-apartamentos-privados-en-madrid-aumenta-un-63-por-el-madrid-orgullo-2015\/#mainImage"},"datePublished":"2015-06-18T07:43:44+02:00","dateModified":"2015-06-18T07:43:44+02:00"},{"@type":"WebSite","@id":"https:\/\/eldigitaldeasturias.com\/magazine365\/#website","url":"https:\/\/eldigitaldeasturias.com\/magazine365\/","name":"El Digital de Asturias","description":"Revista de ocio, turismo y estilo de vida","inLanguage":"es-ES","publisher":{"@id":"https:\/\/eldigitaldeasturias.com\/magazine365\/#organization"}}]},"og:locale":"es_ES","og:site_name":"El Digital de Asturias \u2013 Revista de ocio, turismo y estilo de vida","og:type":"article","og:title":"Las reservas de apartamentos privados en Madrid aumenta un 63% por el Madrid Orgullo 2015 | El Digital de Asturias","og:description":"Las reservas de apartamentos privados en Madrid se han incrementado un 63% en la plataforma de alquiler de apartamentos urbanos Wimdu debido principalmente a la semana de fiestas previstas en la capital de Espa\u00f1a con motivo de la celebraci\u00f3n del D\u00eda del Orgullo Gay. Se estima que m\u00e1s de 2 millones de personas acudir\u00e1n a","og:url":"https:\/\/eldigitaldeasturias.com\/magazine365\/las-reservas-de-apartamentos-privados-en-madrid-aumenta-un-63-por-el-madrid-orgullo-2015\/","og:image":"https:\/\/eldigitaldeasturias.com\/magazine365\/wp-content\/uploads\/2015\/06\/fotonoticia_20150617132957_800.jpg","og:image:secure_url":"https:\/\/eldigitaldeasturias.com\/magazine365\/wp-content\/uploads\/2015\/06\/fotonoticia_20150617132957_800.jpg","og:image:width":800,"og:image:height":528,"article:published_time":"2015-06-18T06:13:44+00:00","article:modified_time":"2015-06-18T06:13:44+00:00","twitter:card":"summary_large_image","twitter:title":"Las reservas de apartamentos privados en Madrid aumenta un 63% por el Madrid Orgullo 2015 | El Digital de Asturias","twitter:description":"Las reservas de apartamentos privados en Madrid se han incrementado un 63% en la plataforma de alquiler de apartamentos urbanos Wimdu debido principalmente a la semana de fiestas previstas en la capital de Espa\u00f1a con motivo de la celebraci\u00f3n del D\u00eda del Orgullo Gay. Se estima que m\u00e1s de 2 millones de personas acudir\u00e1n a","twitter:image":"https:\/\/eldigitaldeasturias.com\/magazine365\/wp-content\/uploads\/2015\/06\/fotonoticia_20150617132957_800.jpg"},"aioseo_meta_data":{"post_id":"40150","title":null,"description":null,"keywords":null,"keyphrases":null,"primary_term":null,"canonical_url":null,"og_title":null,"og_description":null,"og_object_type":"default","og_image_type":"default","og_image_url":null,"og_image_width":null,"og_image_height":null,"og_image_custom_url":null,"og_image_custom_fields":null,"og_video":null,"og_custom_url":null,"og_article_section":null,"og_article_tags":null,"twitter_use_og":false,"twitter_card":"default","twitter_image_type":"default","twitter_image_url":null,"twitter_image_custom_url":null,"twitter_image_custom_fields":null,"twitter_title":null,"twitter_description":null,"schema":{"blockGraphs":[],"customGraphs":[],"default":{"data":{"Article":[],"Course":[],"Dataset":[],"FAQPage":[],"Movie":[],"Person":[],"Product":[],"ProductReview":[],"Car":[],"Recipe":[],"Service":[],"SoftwareApplication":[],"WebPage":[]},"graphName":"","isEnabled":true},"graphs":[],"defaultGraph":"","defaultPostTypeGraph":""},"schema_type":null,"schema_type_options":null,"pillar_content":false,"robots_default":true,"robots_noindex":false,"robots_noarchive":false,"robots_nosnippet":false,"robots_nofollow":false,"robots_noimageindex":false,"robots_noodp":false,"robots_notranslate":false,"robots_max_snippet":null,"robots_max_videopreview":null,"robots_max_imagepreview":"large","priority":null,"frequency":null,"location":null,"local_seo":null,"seo_analyzer_scan_date":"2025-09-19 13:02:10","breadcrumb_settings":null,"limit_modified_date":false,"open_ai":null,"ai":null,"created":"2021-03-09 02:31:42","updated":"2025-09-19 13:02:10"},"aioseo_breadcrumb":"<div class=\"aioseo-breadcrumbs\"><span class=\"aioseo-breadcrumb\">\n\t<a href=\"https:\/\/eldigitaldeasturias.com\/magazine365\" title=\"Home\">Home<\/a>\n<\/span><span class=\"aioseo-breadcrumb-separator\">\u2013<\/span><span class=\"aioseo-breadcrumb\">\n\t<a href=\"https:\/\/eldigitaldeasturias.com\/magazine365\/category\/actualidad-turismo\/\" title=\"Actualidad Turismo\">Actualidad Turismo<\/a>\n<\/span><span class=\"aioseo-breadcrumb-separator\">\u2013<\/span><span class=\"aioseo-breadcrumb\">\n\t<a href=\"https:\/\/eldigitaldeasturias.com\/magazine365\/las-reservas-de-apartamentos-privados-en-madrid-aumenta-un-63-por-el-madrid-orgullo-2015\/\" title=\"Las reservas de apartamentos privados en Madrid aumenta un 63% por el Madrid Orgullo 2015\">Las reservas de apartamentos privados en Madrid aumenta un 63% por el Madrid Orgullo 2015<\/a>\n<\/span><\/div>","aioseo_breadcrumb_json":[{"label":"Home","link":"https:\/\/eldigitaldeasturias.com\/magazine365"},{"label":"Actualidad Turismo","link":"https:\/\/eldigitaldeasturias.com\/magazine365\/category\/actualidad-turismo\/"},{"label":"Las reservas de apartamentos privados en Madrid aumenta un 63% por el Madrid Orgullo 2015","link":"https:\/\/eldigitaldeasturias.com\/magazine365\/las-reservas-de-apartamentos-privados-en-madrid-aumenta-un-63-por-el-madrid-orgullo-2015\/"}],"_links":{"self":[{"href":"https:\/\/eldigitaldeasturias.com\/magazine365\/wp-json\/wp\/v2\/posts\/40150","targetHints":{"allow":["GET"]}}],"collection":[{"href":"https:\/\/eldigitaldeasturias.com\/magazine365\/wp-json\/wp\/v2\/posts"}],"about":[{"href":"https:\/\/eldigitaldeasturias.com\/magazine365\/wp-json\/wp\/v2\/types\/post"}],"author":[{"embeddable":true,"href":"https:\/\/eldigitaldeasturias.com\/magazine365\/wp-json\/wp\/v2\/users\/1"}],"replies":[{"embeddable":true,"href":"https:\/\/eldigitaldeasturias.com\/magazine365\/wp-json\/wp\/v2\/comments?post=40150"}],"version-history":[{"count":0,"href":"https:\/\/eldigitaldeasturias.com\/magazine365\/wp-json\/wp\/v2\/posts\/40150\/revisions"}],"wp:featuredmedia":[{"embeddable":true,"href":"https:\/\/eldigitaldeasturias.com\/magazine365\/wp-json\/wp\/v2\/media\/40151"}],"wp:attachment":[{"href":"https:\/\/eldigitaldeasturias.com\/magazine365\/wp-json\/wp\/v2\/media?parent=40150"}],"wp:term":[{"taxonomy":"category","embeddable":true,"href":"https:\/\/eldigitaldeasturias.com\/magazine365\/wp-json\/wp\/v2\/categories?post=40150"},{"taxonomy":"post_tag","embeddable":true,"href":"https:\/\/eldigitaldeasturias.com\/magazine365\/wp-json\/wp\/v2\/tags?post=40150"}],"curies":[{"name":"wp","href":"https:\/\/api.w.org\/{rel}","templated":true}]}}