{"id":40146,"date":"2015-06-18T07:36:23","date_gmt":"2015-06-18T06:06:23","guid":{"rendered":"http:\/\/eldigitaldeasturias.com\/magazine365\/?p=40146"},"modified":"2015-06-18T07:36:23","modified_gmt":"2015-06-18T06:06:23","slug":"crecen-un-47-los-afiliados-en-turismo-a-la-seguridad-social-en-mayo","status":"publish","type":"post","link":"https:\/\/eldigitaldeasturias.com\/magazine365\/crecen-un-47-los-afiliados-en-turismo-a-la-seguridad-social-en-mayo\/","title":{"rendered":"Crecen un 4,7% los afiliados en turismo a la Seguridad Social en mayo"},"content":{"rendered":"<p><img fetchpriority=\"high\" decoding=\"async\" class=\"alignleft size-medium wp-image-38698\" src=\"https:\/\/eldigitaldeasturias.com\/magazine365\/wp-content\/uploads\/2015\/06\/bar-360x239.jpg\" alt=\"bar\" width=\"360\" height=\"239\" srcset=\"https:\/\/eldigitaldeasturias.com\/magazine365\/wp-content\/uploads\/2015\/06\/bar-360x239.jpg 360w, https:\/\/eldigitaldeasturias.com\/magazine365\/wp-content\/uploads\/2015\/06\/bar-650x432.jpg 650w, https:\/\/eldigitaldeasturias.com\/magazine365\/wp-content\/uploads\/2015\/06\/bar-768x511.jpg 768w, https:\/\/eldigitaldeasturias.com\/magazine365\/wp-content\/uploads\/2015\/06\/bar-150x100.jpg 150w, https:\/\/eldigitaldeasturias.com\/magazine365\/wp-content\/uploads\/2015\/06\/bar-450x299.jpg 450w, https:\/\/eldigitaldeasturias.com\/magazine365\/wp-content\/uploads\/2015\/06\/bar-696x463.jpg 696w, https:\/\/eldigitaldeasturias.com\/magazine365\/wp-content\/uploads\/2015\/06\/bar-632x420.jpg 632w, https:\/\/eldigitaldeasturias.com\/magazine365\/wp-content\/uploads\/2015\/06\/bar-84x55.jpg 84w, https:\/\/eldigitaldeasturias.com\/magazine365\/wp-content\/uploads\/2015\/06\/bar.jpg 800w\" sizes=\"(max-width: 360px) 100vw, 360px\" \/>El n\u00famero de trabajadores dados de alta en la Seguridad Social en actividades vinculadas al sector tur\u00edstico aument\u00f3 un 4,7% en mayo, hasta superar los 2,18 millones de personas, seg\u00fan los datos definitivos difundidos por la Subdirecci\u00f3n General de Conocimiento y Estudios Tur\u00edsticos, dependiente del Ministerio de Industria, Energ\u00eda y Turismo.<\/p>\n<p>Del este total, 1,70 millones correspondieron a asalariados, un 5,6% m\u00e1s; mientras que 478.121 afiliados correspondieron a aut\u00f3nomos, un 1,4% m\u00e1s que el mismo mes de 2014.<\/p>\n<p>Este crecimiento implica tambi\u00e9n un aumento medio del 4,7% de afiliados a actividades vinculadas al sector tur\u00edstico desde enero, con incrementos tanto en asalariados (+5,7%) como en aut\u00f3nomos (+1,6%).<\/p>\n<p>En hosteler\u00eda y agencias de viajes, los afiliados crecieron un 5,2% en tasa interanual, hasta los 1,54 millones de trabajadores, con un incremento del 6,6% en los asalariados (1,19 millones de afiliados) y del 0,6% de los aut\u00f3nomos (344.755). En este caso, el incremento medio desde enero se situ\u00f3 en el 5,4%.<\/p>\n<p>M\u00c1S DE 1.900 AFILIADOS M\u00c1S EN AGENCIAS DE VIAJES.<\/p>\n<p>Por ramas de actividad, los ocupados en las agencias de viajes y operadores tur\u00edsticos crecieron un 3,7% respecto al mismo mes del a\u00f1o anterior, hasta las 53.959 personas, lo que supone 1.928 afiliados m\u00e1s que en mayo de 2014. Desde enero, el incremento medio fue del 4,7%.<\/p>\n<p>En los servicios de alojamiento, la afiliaci\u00f3n aument\u00f3 un 3,8%, hasta las 302.441 personas. El incremento medio desde enero fue del 4,1%.<\/p>\n<p>De su lado, en servicios de restauraci\u00f3n (comidas y bebidas) el n\u00famero de afiliados aument\u00f3 un 5,6%, hasta 1,18 millones de personas, con un incremento medio del 5,7% desde que comenz\u00f3 el a\u00f1o.<\/p>\n<p>CRECIMIENTO GENERALIZADO.<\/p>\n<p>Por comunidades, todas las CC.AA. y las de mayor peso espec\u00edfico en hosteler\u00eda y agencias de viajes registraron incrementos de afiliados en hosteler\u00eda y agencias de viaje el mes pasado.<\/p>\n<p>Destacan los aumentos del 6,2% en Andaluc\u00eda, del 7,6% en la Comunidad Valenciana, del 5,8% en Baleares, del 5,8% de Navarra, del 5,6% en Catalu\u00f1a, del 5,5% en la Comunidad de Madrid, por encima de la media nacional, que se sit\u00faa en el 5,2%.<\/p>\n<p>Tambi\u00e9n destacaron Extremadura (+4,8%), Cantabria (+4,6%), Murcia (+4,4%), Canarias (+3,6%) y Castilla-La Mancha (+3,3%). Por contra, el menor incremento lo registr\u00f3 Asturias (+1,7%).<\/p>\n","protected":false},"excerpt":{"rendered":"<p>El n\u00famero de trabajadores dados de alta en la Seguridad Social en actividades vinculadas al sector tur\u00edstico aument\u00f3 un 4,7% en mayo, hasta superar los 2,18 millones de personas, seg\u00fan los datos definitivos difundidos por la Subdirecci\u00f3n General de Conocimiento y Estudios Tur\u00edsticos, dependiente del Ministerio de Industria, Energ\u00eda y Turismo. Del este total, 1,70<\/p>\n","protected":false},"author":1,"featured_media":38698,"comment_status":"open","ping_status":"closed","sticky":false,"template":"","format":"standard","meta":{"footnotes":""},"categories":[222],"tags":[],"class_list":{"0":"post-40146","1":"post","2":"type-post","3":"status-publish","4":"format-standard","5":"has-post-thumbnail","7":"category-actualidad-turismo"},"aioseo_notices":[],"aioseo_head":"\n\t\t<!-- All in One SEO Pro 4.9.6.1 - aioseo.com -->\n\t<meta name=\"description\" content=\"El n\u00famero de trabajadores dados de alta en la Seguridad Social en actividades vinculadas al sector tur\u00edstico aument\u00f3 un 4,7% en mayo, hasta superar los 2,18 millones de personas, seg\u00fan los datos definitivos difundidos por la Subdirecci\u00f3n General de Conocimiento y Estudios Tur\u00edsticos, dependiente del Ministerio de Industria, Energ\u00eda y Turismo. Del este total, 1,70\" \/>\n\t<meta name=\"robots\" content=\"max-image-preview:large\" \/>\n\t<meta name=\"author\" content=\"admin\"\/>\n\t<meta name=\"google-site-verification\" content=\"UA-38556648-1\" \/>\n\t<meta name=\"keywords\" content=\"actualidad turismo\" \/>\n\t<link rel=\"canonical\" href=\"https:\/\/eldigitaldeasturias.com\/magazine365\/crecen-un-47-los-afiliados-en-turismo-a-la-seguridad-social-en-mayo\/\" \/>\n\t<meta name=\"generator\" content=\"All in One SEO Pro (AIOSEO) 4.9.6.1\" \/>\n\t\t<meta property=\"og:locale\" content=\"es_ES\" \/>\n\t\t<meta property=\"og:site_name\" content=\"El Digital de Asturias \u2013 Revista de ocio, turismo y estilo de vida\" \/>\n\t\t<meta property=\"og:type\" content=\"article\" \/>\n\t\t<meta property=\"og:title\" content=\"Crecen un 4,7% los afiliados en turismo a la Seguridad Social en mayo | El Digital de Asturias\" \/>\n\t\t<meta property=\"og:description\" content=\"El n\u00famero de trabajadores dados de alta en la Seguridad Social en actividades vinculadas al sector tur\u00edstico aument\u00f3 un 4,7% en mayo, hasta superar los 2,18 millones de personas, seg\u00fan los datos definitivos difundidos por la Subdirecci\u00f3n General de Conocimiento y Estudios Tur\u00edsticos, dependiente del Ministerio de Industria, Energ\u00eda y Turismo. Del este total, 1,70\" \/>\n\t\t<meta property=\"og:url\" content=\"https:\/\/eldigitaldeasturias.com\/magazine365\/crecen-un-47-los-afiliados-en-turismo-a-la-seguridad-social-en-mayo\/\" \/>\n\t\t<meta property=\"og:image\" content=\"https:\/\/eldigitaldeasturias.com\/magazine365\/wp-content\/uploads\/2015\/06\/bar.jpg\" \/>\n\t\t<meta property=\"og:image:secure_url\" content=\"https:\/\/eldigitaldeasturias.com\/magazine365\/wp-content\/uploads\/2015\/06\/bar.jpg\" \/>\n\t\t<meta property=\"og:image:width\" content=\"800\" \/>\n\t\t<meta property=\"og:image:height\" content=\"532\" \/>\n\t\t<meta property=\"article:published_time\" content=\"2015-06-18T06:06:23+00:00\" \/>\n\t\t<meta property=\"article:modified_time\" content=\"2015-06-18T06:06:23+00:00\" \/>\n\t\t<meta name=\"twitter:card\" content=\"summary_large_image\" \/>\n\t\t<meta name=\"twitter:title\" content=\"Crecen un 4,7% los afiliados en turismo a la Seguridad Social en mayo | El Digital de Asturias\" \/>\n\t\t<meta name=\"twitter:description\" content=\"El n\u00famero de trabajadores dados de alta en la Seguridad Social en actividades vinculadas al sector tur\u00edstico aument\u00f3 un 4,7% en mayo, hasta superar los 2,18 millones de personas, seg\u00fan los datos definitivos difundidos por la Subdirecci\u00f3n General de Conocimiento y Estudios Tur\u00edsticos, dependiente del Ministerio de Industria, Energ\u00eda y Turismo. Del este total, 1,70\" \/>\n\t\t<meta name=\"twitter:image\" content=\"https:\/\/eldigitaldeasturias.com\/magazine365\/wp-content\/uploads\/2015\/06\/bar.jpg\" \/>\n\t\t<script type=\"application\/ld+json\" class=\"aioseo-schema\">\n\t\t\t{\"@context\":\"https:\\\/\\\/schema.org\",\"@graph\":[{\"@type\":\"Article\",\"@id\":\"https:\\\/\\\/eldigitaldeasturias.com\\\/magazine365\\\/crecen-un-47-los-afiliados-en-turismo-a-la-seguridad-social-en-mayo\\\/#article\",\"name\":\"Crecen un 4,7% los afiliados en turismo a la Seguridad Social en mayo | El Digital de Asturias\",\"headline\":\"Crecen un 4,7% los afiliados en turismo a la Seguridad Social en mayo\",\"author\":{\"@id\":\"https:\\\/\\\/eldigitaldeasturias.com\\\/magazine365\\\/author\\\/admin\\\/#author\"},\"publisher\":{\"@id\":\"https:\\\/\\\/eldigitaldeasturias.com\\\/magazine365\\\/#organization\"},\"image\":{\"@type\":\"ImageObject\",\"url\":\"https:\\\/\\\/eldigitaldeasturias.com\\\/magazine365\\\/wp-content\\\/uploads\\\/2015\\\/06\\\/bar.jpg\",\"width\":800,\"height\":532},\"datePublished\":\"2015-06-18T07:36:23+02:00\",\"dateModified\":\"2015-06-18T07:36:23+02:00\",\"inLanguage\":\"es-ES\",\"mainEntityOfPage\":{\"@id\":\"https:\\\/\\\/eldigitaldeasturias.com\\\/magazine365\\\/crecen-un-47-los-afiliados-en-turismo-a-la-seguridad-social-en-mayo\\\/#webpage\"},\"isPartOf\":{\"@id\":\"https:\\\/\\\/eldigitaldeasturias.com\\\/magazine365\\\/crecen-un-47-los-afiliados-en-turismo-a-la-seguridad-social-en-mayo\\\/#webpage\"},\"articleSection\":\"Actualidad Turismo\"},{\"@type\":\"BreadcrumbList\",\"@id\":\"https:\\\/\\\/eldigitaldeasturias.com\\\/magazine365\\\/crecen-un-47-los-afiliados-en-turismo-a-la-seguridad-social-en-mayo\\\/#breadcrumblist\",\"itemListElement\":[{\"@type\":\"ListItem\",\"@id\":\"https:\\\/\\\/eldigitaldeasturias.com\\\/magazine365#listItem\",\"position\":1,\"name\":\"Home\",\"item\":\"https:\\\/\\\/eldigitaldeasturias.com\\\/magazine365\",\"nextItem\":{\"@type\":\"ListItem\",\"@id\":\"https:\\\/\\\/eldigitaldeasturias.com\\\/magazine365\\\/category\\\/actualidad-turismo\\\/#listItem\",\"name\":\"Actualidad Turismo\"}},{\"@type\":\"ListItem\",\"@id\":\"https:\\\/\\\/eldigitaldeasturias.com\\\/magazine365\\\/category\\\/actualidad-turismo\\\/#listItem\",\"position\":2,\"name\":\"Actualidad Turismo\",\"item\":\"https:\\\/\\\/eldigitaldeasturias.com\\\/magazine365\\\/category\\\/actualidad-turismo\\\/\",\"nextItem\":{\"@type\":\"ListItem\",\"@id\":\"https:\\\/\\\/eldigitaldeasturias.com\\\/magazine365\\\/crecen-un-47-los-afiliados-en-turismo-a-la-seguridad-social-en-mayo\\\/#listItem\",\"name\":\"Crecen un 4,7% los afiliados en turismo a la Seguridad Social en mayo\"},\"previousItem\":{\"@type\":\"ListItem\",\"@id\":\"https:\\\/\\\/eldigitaldeasturias.com\\\/magazine365#listItem\",\"name\":\"Home\"}},{\"@type\":\"ListItem\",\"@id\":\"https:\\\/\\\/eldigitaldeasturias.com\\\/magazine365\\\/crecen-un-47-los-afiliados-en-turismo-a-la-seguridad-social-en-mayo\\\/#listItem\",\"position\":3,\"name\":\"Crecen un 4,7% los afiliados en turismo a la Seguridad Social en mayo\",\"previousItem\":{\"@type\":\"ListItem\",\"@id\":\"https:\\\/\\\/eldigitaldeasturias.com\\\/magazine365\\\/category\\\/actualidad-turismo\\\/#listItem\",\"name\":\"Actualidad Turismo\"}}]},{\"@type\":\"Organization\",\"@id\":\"https:\\\/\\\/eldigitaldeasturias.com\\\/magazine365\\\/#organization\",\"name\":\"El digital de Asturias\",\"description\":\"Revista de ocio, turismo y estilo de vida\",\"url\":\"https:\\\/\\\/eldigitaldeasturias.com\\\/magazine365\\\/\",\"logo\":{\"@type\":\"ImageObject\",\"url\":\"https:\\\/\\\/www.eldigitaldeasturias.com\\\/noticias\\\/wp-content\\\/uploads\\\/2020\\\/12\\\/EDA.jpg\",\"@id\":\"https:\\\/\\\/eldigitaldeasturias.com\\\/magazine365\\\/crecen-un-47-los-afiliados-en-turismo-a-la-seguridad-social-en-mayo\\\/#organizationLogo\"},\"image\":{\"@id\":\"https:\\\/\\\/eldigitaldeasturias.com\\\/magazine365\\\/crecen-un-47-los-afiliados-en-turismo-a-la-seguridad-social-en-mayo\\\/#organizationLogo\"}},{\"@type\":\"Person\",\"@id\":\"https:\\\/\\\/eldigitaldeasturias.com\\\/magazine365\\\/author\\\/admin\\\/#author\",\"url\":\"https:\\\/\\\/eldigitaldeasturias.com\\\/magazine365\\\/author\\\/admin\\\/\",\"name\":\"admin\",\"image\":{\"@type\":\"ImageObject\",\"@id\":\"https:\\\/\\\/eldigitaldeasturias.com\\\/magazine365\\\/crecen-un-47-los-afiliados-en-turismo-a-la-seguridad-social-en-mayo\\\/#authorImage\",\"url\":\"https:\\\/\\\/eldigitaldeasturias.com\\\/magazine365\\\/wp-content\\\/litespeed\\\/avatar\\\/e571bcf59a0edd6fa6838245a470f2fe.jpg?ver=1776969259\",\"width\":96,\"height\":96,\"caption\":\"admin\"}},{\"@type\":\"WebPage\",\"@id\":\"https:\\\/\\\/eldigitaldeasturias.com\\\/magazine365\\\/crecen-un-47-los-afiliados-en-turismo-a-la-seguridad-social-en-mayo\\\/#webpage\",\"url\":\"https:\\\/\\\/eldigitaldeasturias.com\\\/magazine365\\\/crecen-un-47-los-afiliados-en-turismo-a-la-seguridad-social-en-mayo\\\/\",\"name\":\"Crecen un 4,7% los afiliados en turismo a la Seguridad Social en mayo | El Digital de Asturias\",\"description\":\"El n\\u00famero de trabajadores dados de alta en la Seguridad Social en actividades vinculadas al sector tur\\u00edstico aument\\u00f3 un 4,7% en mayo, hasta superar los 2,18 millones de personas, seg\\u00fan los datos definitivos difundidos por la Subdirecci\\u00f3n General de Conocimiento y Estudios Tur\\u00edsticos, dependiente del Ministerio de Industria, Energ\\u00eda y Turismo. Del este total, 1,70\",\"inLanguage\":\"es-ES\",\"isPartOf\":{\"@id\":\"https:\\\/\\\/eldigitaldeasturias.com\\\/magazine365\\\/#website\"},\"breadcrumb\":{\"@id\":\"https:\\\/\\\/eldigitaldeasturias.com\\\/magazine365\\\/crecen-un-47-los-afiliados-en-turismo-a-la-seguridad-social-en-mayo\\\/#breadcrumblist\"},\"author\":{\"@id\":\"https:\\\/\\\/eldigitaldeasturias.com\\\/magazine365\\\/author\\\/admin\\\/#author\"},\"creator\":{\"@id\":\"https:\\\/\\\/eldigitaldeasturias.com\\\/magazine365\\\/author\\\/admin\\\/#author\"},\"image\":{\"@type\":\"ImageObject\",\"url\":\"https:\\\/\\\/eldigitaldeasturias.com\\\/magazine365\\\/wp-content\\\/uploads\\\/2015\\\/06\\\/bar.jpg\",\"@id\":\"https:\\\/\\\/eldigitaldeasturias.com\\\/magazine365\\\/crecen-un-47-los-afiliados-en-turismo-a-la-seguridad-social-en-mayo\\\/#mainImage\",\"width\":800,\"height\":532},\"primaryImageOfPage\":{\"@id\":\"https:\\\/\\\/eldigitaldeasturias.com\\\/magazine365\\\/crecen-un-47-los-afiliados-en-turismo-a-la-seguridad-social-en-mayo\\\/#mainImage\"},\"datePublished\":\"2015-06-18T07:36:23+02:00\",\"dateModified\":\"2015-06-18T07:36:23+02:00\"},{\"@type\":\"WebSite\",\"@id\":\"https:\\\/\\\/eldigitaldeasturias.com\\\/magazine365\\\/#website\",\"url\":\"https:\\\/\\\/eldigitaldeasturias.com\\\/magazine365\\\/\",\"name\":\"El Digital de Asturias\",\"description\":\"Revista de ocio, turismo y estilo de vida\",\"inLanguage\":\"es-ES\",\"publisher\":{\"@id\":\"https:\\\/\\\/eldigitaldeasturias.com\\\/magazine365\\\/#organization\"}}]}\n\t\t<\/script>\n\t\t<!-- All in One SEO Pro -->\r\n\t\t<title>Crecen un 4,7% los afiliados en turismo a la Seguridad Social en mayo | El Digital de Asturias<\/title>\n\n","aioseo_head_json":{"title":"Crecen un 4,7% los afiliados en turismo a la Seguridad Social en mayo | El Digital de Asturias","description":"El n\u00famero de trabajadores dados de alta en la Seguridad Social en actividades vinculadas al sector tur\u00edstico aument\u00f3 un 4,7% en mayo, hasta superar los 2,18 millones de personas, seg\u00fan los datos definitivos difundidos por la Subdirecci\u00f3n General de Conocimiento y Estudios Tur\u00edsticos, dependiente del Ministerio de Industria, Energ\u00eda y Turismo. Del este total, 1,70","canonical_url":"https:\/\/eldigitaldeasturias.com\/magazine365\/crecen-un-47-los-afiliados-en-turismo-a-la-seguridad-social-en-mayo\/","robots":"max-image-preview:large","keywords":"actualidad turismo","webmasterTools":{"google-site-verification":"UA-38556648-1","miscellaneous":""},"schema":{"@context":"https:\/\/schema.org","@graph":[{"@type":"Article","@id":"https:\/\/eldigitaldeasturias.com\/magazine365\/crecen-un-47-los-afiliados-en-turismo-a-la-seguridad-social-en-mayo\/#article","name":"Crecen un 4,7% los afiliados en turismo a la Seguridad Social en mayo | El Digital de Asturias","headline":"Crecen un 4,7% los afiliados en turismo a la Seguridad Social en mayo","author":{"@id":"https:\/\/eldigitaldeasturias.com\/magazine365\/author\/admin\/#author"},"publisher":{"@id":"https:\/\/eldigitaldeasturias.com\/magazine365\/#organization"},"image":{"@type":"ImageObject","url":"https:\/\/eldigitaldeasturias.com\/magazine365\/wp-content\/uploads\/2015\/06\/bar.jpg","width":800,"height":532},"datePublished":"2015-06-18T07:36:23+02:00","dateModified":"2015-06-18T07:36:23+02:00","inLanguage":"es-ES","mainEntityOfPage":{"@id":"https:\/\/eldigitaldeasturias.com\/magazine365\/crecen-un-47-los-afiliados-en-turismo-a-la-seguridad-social-en-mayo\/#webpage"},"isPartOf":{"@id":"https:\/\/eldigitaldeasturias.com\/magazine365\/crecen-un-47-los-afiliados-en-turismo-a-la-seguridad-social-en-mayo\/#webpage"},"articleSection":"Actualidad Turismo"},{"@type":"BreadcrumbList","@id":"https:\/\/eldigitaldeasturias.com\/magazine365\/crecen-un-47-los-afiliados-en-turismo-a-la-seguridad-social-en-mayo\/#breadcrumblist","itemListElement":[{"@type":"ListItem","@id":"https:\/\/eldigitaldeasturias.com\/magazine365#listItem","position":1,"name":"Home","item":"https:\/\/eldigitaldeasturias.com\/magazine365","nextItem":{"@type":"ListItem","@id":"https:\/\/eldigitaldeasturias.com\/magazine365\/category\/actualidad-turismo\/#listItem","name":"Actualidad Turismo"}},{"@type":"ListItem","@id":"https:\/\/eldigitaldeasturias.com\/magazine365\/category\/actualidad-turismo\/#listItem","position":2,"name":"Actualidad Turismo","item":"https:\/\/eldigitaldeasturias.com\/magazine365\/category\/actualidad-turismo\/","nextItem":{"@type":"ListItem","@id":"https:\/\/eldigitaldeasturias.com\/magazine365\/crecen-un-47-los-afiliados-en-turismo-a-la-seguridad-social-en-mayo\/#listItem","name":"Crecen un 4,7% los afiliados en turismo a la Seguridad Social en mayo"},"previousItem":{"@type":"ListItem","@id":"https:\/\/eldigitaldeasturias.com\/magazine365#listItem","name":"Home"}},{"@type":"ListItem","@id":"https:\/\/eldigitaldeasturias.com\/magazine365\/crecen-un-47-los-afiliados-en-turismo-a-la-seguridad-social-en-mayo\/#listItem","position":3,"name":"Crecen un 4,7% los afiliados en turismo a la Seguridad Social en mayo","previousItem":{"@type":"ListItem","@id":"https:\/\/eldigitaldeasturias.com\/magazine365\/category\/actualidad-turismo\/#listItem","name":"Actualidad Turismo"}}]},{"@type":"Organization","@id":"https:\/\/eldigitaldeasturias.com\/magazine365\/#organization","name":"El digital de Asturias","description":"Revista de ocio, turismo y estilo de vida","url":"https:\/\/eldigitaldeasturias.com\/magazine365\/","logo":{"@type":"ImageObject","url":"https:\/\/www.eldigitaldeasturias.com\/noticias\/wp-content\/uploads\/2020\/12\/EDA.jpg","@id":"https:\/\/eldigitaldeasturias.com\/magazine365\/crecen-un-47-los-afiliados-en-turismo-a-la-seguridad-social-en-mayo\/#organizationLogo"},"image":{"@id":"https:\/\/eldigitaldeasturias.com\/magazine365\/crecen-un-47-los-afiliados-en-turismo-a-la-seguridad-social-en-mayo\/#organizationLogo"}},{"@type":"Person","@id":"https:\/\/eldigitaldeasturias.com\/magazine365\/author\/admin\/#author","url":"https:\/\/eldigitaldeasturias.com\/magazine365\/author\/admin\/","name":"admin","image":{"@type":"ImageObject","@id":"https:\/\/eldigitaldeasturias.com\/magazine365\/crecen-un-47-los-afiliados-en-turismo-a-la-seguridad-social-en-mayo\/#authorImage","url":"https:\/\/eldigitaldeasturias.com\/magazine365\/wp-content\/litespeed\/avatar\/e571bcf59a0edd6fa6838245a470f2fe.jpg?ver=1776969259","width":96,"height":96,"caption":"admin"}},{"@type":"WebPage","@id":"https:\/\/eldigitaldeasturias.com\/magazine365\/crecen-un-47-los-afiliados-en-turismo-a-la-seguridad-social-en-mayo\/#webpage","url":"https:\/\/eldigitaldeasturias.com\/magazine365\/crecen-un-47-los-afiliados-en-turismo-a-la-seguridad-social-en-mayo\/","name":"Crecen un 4,7% los afiliados en turismo a la Seguridad Social en mayo | El Digital de Asturias","description":"El n\u00famero de trabajadores dados de alta en la Seguridad Social en actividades vinculadas al sector tur\u00edstico aument\u00f3 un 4,7% en mayo, hasta superar los 2,18 millones de personas, seg\u00fan los datos definitivos difundidos por la Subdirecci\u00f3n General de Conocimiento y Estudios Tur\u00edsticos, dependiente del Ministerio de Industria, Energ\u00eda y Turismo. Del este total, 1,70","inLanguage":"es-ES","isPartOf":{"@id":"https:\/\/eldigitaldeasturias.com\/magazine365\/#website"},"breadcrumb":{"@id":"https:\/\/eldigitaldeasturias.com\/magazine365\/crecen-un-47-los-afiliados-en-turismo-a-la-seguridad-social-en-mayo\/#breadcrumblist"},"author":{"@id":"https:\/\/eldigitaldeasturias.com\/magazine365\/author\/admin\/#author"},"creator":{"@id":"https:\/\/eldigitaldeasturias.com\/magazine365\/author\/admin\/#author"},"image":{"@type":"ImageObject","url":"https:\/\/eldigitaldeasturias.com\/magazine365\/wp-content\/uploads\/2015\/06\/bar.jpg","@id":"https:\/\/eldigitaldeasturias.com\/magazine365\/crecen-un-47-los-afiliados-en-turismo-a-la-seguridad-social-en-mayo\/#mainImage","width":800,"height":532},"primaryImageOfPage":{"@id":"https:\/\/eldigitaldeasturias.com\/magazine365\/crecen-un-47-los-afiliados-en-turismo-a-la-seguridad-social-en-mayo\/#mainImage"},"datePublished":"2015-06-18T07:36:23+02:00","dateModified":"2015-06-18T07:36:23+02:00"},{"@type":"WebSite","@id":"https:\/\/eldigitaldeasturias.com\/magazine365\/#website","url":"https:\/\/eldigitaldeasturias.com\/magazine365\/","name":"El Digital de Asturias","description":"Revista de ocio, turismo y estilo de vida","inLanguage":"es-ES","publisher":{"@id":"https:\/\/eldigitaldeasturias.com\/magazine365\/#organization"}}]},"og:locale":"es_ES","og:site_name":"El Digital de Asturias \u2013 Revista de ocio, turismo y estilo de vida","og:type":"article","og:title":"Crecen un 4,7% los afiliados en turismo a la Seguridad Social en mayo | El Digital de Asturias","og:description":"El n\u00famero de trabajadores dados de alta en la Seguridad Social en actividades vinculadas al sector tur\u00edstico aument\u00f3 un 4,7% en mayo, hasta superar los 2,18 millones de personas, seg\u00fan los datos definitivos difundidos por la Subdirecci\u00f3n General de Conocimiento y Estudios Tur\u00edsticos, dependiente del Ministerio de Industria, Energ\u00eda y Turismo. Del este total, 1,70","og:url":"https:\/\/eldigitaldeasturias.com\/magazine365\/crecen-un-47-los-afiliados-en-turismo-a-la-seguridad-social-en-mayo\/","og:image":"https:\/\/eldigitaldeasturias.com\/magazine365\/wp-content\/uploads\/2015\/06\/bar.jpg","og:image:secure_url":"https:\/\/eldigitaldeasturias.com\/magazine365\/wp-content\/uploads\/2015\/06\/bar.jpg","og:image:width":800,"og:image:height":532,"article:published_time":"2015-06-18T06:06:23+00:00","article:modified_time":"2015-06-18T06:06:23+00:00","twitter:card":"summary_large_image","twitter:title":"Crecen un 4,7% los afiliados en turismo a la Seguridad Social en mayo | El Digital de Asturias","twitter:description":"El n\u00famero de trabajadores dados de alta en la Seguridad Social en actividades vinculadas al sector tur\u00edstico aument\u00f3 un 4,7% en mayo, hasta superar los 2,18 millones de personas, seg\u00fan los datos definitivos difundidos por la Subdirecci\u00f3n General de Conocimiento y Estudios Tur\u00edsticos, dependiente del Ministerio de Industria, Energ\u00eda y Turismo. Del este total, 1,70","twitter:image":"https:\/\/eldigitaldeasturias.com\/magazine365\/wp-content\/uploads\/2015\/06\/bar.jpg"},"aioseo_meta_data":{"post_id":"40146","title":null,"description":null,"keywords":null,"keyphrases":null,"primary_term":null,"canonical_url":null,"og_title":null,"og_description":null,"og_object_type":"default","og_image_type":"default","og_image_url":null,"og_image_width":null,"og_image_height":null,"og_image_custom_url":null,"og_image_custom_fields":null,"og_video":null,"og_custom_url":null,"og_article_section":null,"og_article_tags":null,"twitter_use_og":false,"twitter_card":"default","twitter_image_type":"default","twitter_image_url":null,"twitter_image_custom_url":null,"twitter_image_custom_fields":null,"twitter_title":null,"twitter_description":null,"schema":{"blockGraphs":[],"customGraphs":[],"default":{"data":{"Article":[],"Course":[],"Dataset":[],"FAQPage":[],"Movie":[],"Person":[],"Product":[],"ProductReview":[],"Car":[],"Recipe":[],"Service":[],"SoftwareApplication":[],"WebPage":[]},"graphName":"","isEnabled":true},"graphs":[],"defaultGraph":"","defaultPostTypeGraph":""},"schema_type":null,"schema_type_options":null,"pillar_content":false,"robots_default":true,"robots_noindex":false,"robots_noarchive":false,"robots_nosnippet":false,"robots_nofollow":false,"robots_noimageindex":false,"robots_noodp":false,"robots_notranslate":false,"robots_max_snippet":null,"robots_max_videopreview":null,"robots_max_imagepreview":"large","priority":null,"frequency":null,"location":null,"local_seo":null,"seo_analyzer_scan_date":"2025-09-19 13:02:08","breadcrumb_settings":null,"limit_modified_date":false,"open_ai":null,"ai":null,"created":"2021-03-09 02:32:56","updated":"2025-09-19 13:02:08"},"aioseo_breadcrumb":"<div class=\"aioseo-breadcrumbs\"><span class=\"aioseo-breadcrumb\">\n\t<a href=\"https:\/\/eldigitaldeasturias.com\/magazine365\" title=\"Home\">Home<\/a>\n<\/span><span class=\"aioseo-breadcrumb-separator\">\u2013<\/span><span class=\"aioseo-breadcrumb\">\n\t<a href=\"https:\/\/eldigitaldeasturias.com\/magazine365\/category\/actualidad-turismo\/\" title=\"Actualidad Turismo\">Actualidad Turismo<\/a>\n<\/span><span class=\"aioseo-breadcrumb-separator\">\u2013<\/span><span class=\"aioseo-breadcrumb\">\n\t<a href=\"https:\/\/eldigitaldeasturias.com\/magazine365\/crecen-un-47-los-afiliados-en-turismo-a-la-seguridad-social-en-mayo\/\" title=\"Crecen un 4,7% los afiliados en turismo a la Seguridad Social en mayo\">Crecen un 4,7% los afiliados en turismo a la Seguridad Social en mayo<\/a>\n<\/span><\/div>","aioseo_breadcrumb_json":[{"label":"Home","link":"https:\/\/eldigitaldeasturias.com\/magazine365"},{"label":"Actualidad Turismo","link":"https:\/\/eldigitaldeasturias.com\/magazine365\/category\/actualidad-turismo\/"},{"label":"Crecen un 4,7% los afiliados en turismo a la Seguridad Social en mayo","link":"https:\/\/eldigitaldeasturias.com\/magazine365\/crecen-un-47-los-afiliados-en-turismo-a-la-seguridad-social-en-mayo\/"}],"_links":{"self":[{"href":"https:\/\/eldigitaldeasturias.com\/magazine365\/wp-json\/wp\/v2\/posts\/40146","targetHints":{"allow":["GET"]}}],"collection":[{"href":"https:\/\/eldigitaldeasturias.com\/magazine365\/wp-json\/wp\/v2\/posts"}],"about":[{"href":"https:\/\/eldigitaldeasturias.com\/magazine365\/wp-json\/wp\/v2\/types\/post"}],"author":[{"embeddable":true,"href":"https:\/\/eldigitaldeasturias.com\/magazine365\/wp-json\/wp\/v2\/users\/1"}],"replies":[{"embeddable":true,"href":"https:\/\/eldigitaldeasturias.com\/magazine365\/wp-json\/wp\/v2\/comments?post=40146"}],"version-history":[{"count":0,"href":"https:\/\/eldigitaldeasturias.com\/magazine365\/wp-json\/wp\/v2\/posts\/40146\/revisions"}],"wp:featuredmedia":[{"embeddable":true,"href":"https:\/\/eldigitaldeasturias.com\/magazine365\/wp-json\/wp\/v2\/media\/38698"}],"wp:attachment":[{"href":"https:\/\/eldigitaldeasturias.com\/magazine365\/wp-json\/wp\/v2\/media?parent=40146"}],"wp:term":[{"taxonomy":"category","embeddable":true,"href":"https:\/\/eldigitaldeasturias.com\/magazine365\/wp-json\/wp\/v2\/categories?post=40146"},{"taxonomy":"post_tag","embeddable":true,"href":"https:\/\/eldigitaldeasturias.com\/magazine365\/wp-json\/wp\/v2\/tags?post=40146"}],"curies":[{"name":"wp","href":"https:\/\/api.w.org\/{rel}","templated":true}]}}