{"id":40143,"date":"2015-06-18T07:34:16","date_gmt":"2015-06-18T06:04:16","guid":{"rendered":"http:\/\/eldigitaldeasturias.com\/magazine365\/?p=40143"},"modified":"2015-06-18T07:34:16","modified_gmt":"2015-06-18T06:04:16","slug":"las-rozas-village-y-el-museo-thyssen-bornemisza-firman-un-acuerdo-para-promocionar-el-turismo-la-moda-y-el-arte","status":"publish","type":"post","link":"https:\/\/eldigitaldeasturias.com\/magazine365\/las-rozas-village-y-el-museo-thyssen-bornemisza-firman-un-acuerdo-para-promocionar-el-turismo-la-moda-y-el-arte\/","title":{"rendered":"Las Rozas Village y el Museo Thyssen-Bornemisza firman un acuerdo para promocionar el turismo, la moda y el arte"},"content":{"rendered":"<p><img fetchpriority=\"high\" decoding=\"async\" class=\"alignleft size-medium wp-image-40144\" src=\"https:\/\/eldigitaldeasturias.com\/magazine365\/wp-content\/uploads\/2015\/06\/fotonoticia_20150617124208_800-360x240.jpg\" alt=\"fotonoticia_20150617124208_800\" width=\"360\" height=\"240\" srcset=\"https:\/\/eldigitaldeasturias.com\/magazine365\/wp-content\/uploads\/2015\/06\/fotonoticia_20150617124208_800-360x240.jpg 360w, https:\/\/eldigitaldeasturias.com\/magazine365\/wp-content\/uploads\/2015\/06\/fotonoticia_20150617124208_800-650x433.jpg 650w, https:\/\/eldigitaldeasturias.com\/magazine365\/wp-content\/uploads\/2015\/06\/fotonoticia_20150617124208_800-768x512.jpg 768w, https:\/\/eldigitaldeasturias.com\/magazine365\/wp-content\/uploads\/2015\/06\/fotonoticia_20150617124208_800-150x100.jpg 150w, https:\/\/eldigitaldeasturias.com\/magazine365\/wp-content\/uploads\/2015\/06\/fotonoticia_20150617124208_800-450x300.jpg 450w, https:\/\/eldigitaldeasturias.com\/magazine365\/wp-content\/uploads\/2015\/06\/fotonoticia_20150617124208_800-696x464.jpg 696w, https:\/\/eldigitaldeasturias.com\/magazine365\/wp-content\/uploads\/2015\/06\/fotonoticia_20150617124208_800-630x420.jpg 630w, https:\/\/eldigitaldeasturias.com\/magazine365\/wp-content\/uploads\/2015\/06\/fotonoticia_20150617124208_800-84x55.jpg 84w, https:\/\/eldigitaldeasturias.com\/magazine365\/wp-content\/uploads\/2015\/06\/fotonoticia_20150617124208_800.jpg 800w\" sizes=\"(max-width: 360px) 100vw, 360px\" \/>El museo Thyssen-Bornemisza y las Rozas Village han firmado un acuerdo para la promoci\u00f3n conjunta del turismo, la moda y el arte en Madrid a trav\u00e9s de visitas al museo madrile\u00f1o y la famosa zona de compras de outlet de lujo.<\/p>\n<p>A trav\u00e9s del paquete tur\u00edstico &#8216;Fashion &amp; Art&#8217;, ambas instituciones buscan dar a conocer la importancia de la moda a trav\u00e9s de la historia plasmada en los lienzos de la colecci\u00f3n permanente del museo, y del presente y futuro de la misma en las boutiques de las mejores marcas nacionales e internacionales del Village.<\/p>\n<p>El paquete tur\u00edstico con un precio de 20 euros incluye la entrada a la colecci\u00f3n permanente con un 15% de descuento para visitar la ruta Moda. Adem\u00e1s incluye una reducci\u00f3n de precio en los billetes para el autocar de lujo que une el centro de Madrid con Las Rozas Village, as\u00ed como una VIP Card con un 10% de descuento adicional en las m\u00e1s de 100 boutiques nacionales e internacionales del Village.<\/p>\n<p>Esta paquete propone una experiencia \u00fanica que combina arte y compras: disfrutar de una selecci\u00f3n de obras \u00fanicas a trav\u00e9s de la ruta Moda. Un recorrido por las obras de la colecci\u00f3n Thyssen-Bornemisza y de una VIP Card con descuentos especiales en las m\u00e1s de 100 boutiques del Village, entre otras ventajas.<\/p>\n<p>POTENCIAR LA INDUSTRIA DE LA MODA.<\/p>\n<p>Las Rozas Village patrocina este recorrido en su empe\u00f1o por promover la industria de la moda. La compa\u00f1\u00eda basa su modelo de negocio en la promoci\u00f3n en los pa\u00edses de origen para atraer turismo de calidad a sus Villages. Un turismo que, adem\u00e1s, interact\u00faa en la ciudad, con sus restaurantes y hoteles y, de forma muy importante, con sus museos.<\/p>\n<p>En este caso, la visita a trav\u00e9s de las obras de la colecci\u00f3n del museo Thyssen-Bornemisza muestra la evoluci\u00f3n de la indumentaria desde el siglo XV hasta nuestros d\u00edas, en la que el visitante puede apreciar los tejidos, las texturas y los colores reflejados en las mismas.<\/p>\n<p>La moda forma parte de la cultura reflejando la evoluci\u00f3n de la sociedad a lo largo del tiempo y por ello el museo Thyssen-Bornemisza ha querido darle un especial protagonismo a trav\u00e9s de esta ruta protagonizada por cuadros como Retrato de Jacques Le Roy (1631) de Anton van Dyck, En la sombrerer\u00eda (1882) de Edgar Degas, o El fumador (1913) de Juan Gris, entre otros.<\/p>\n","protected":false},"excerpt":{"rendered":"<p>El museo Thyssen-Bornemisza y las Rozas Village han firmado un acuerdo para la promoci\u00f3n conjunta del turismo, la moda y el arte en Madrid a trav\u00e9s de visitas al museo madrile\u00f1o y la famosa zona de compras de outlet de lujo. A trav\u00e9s del paquete tur\u00edstico &#8216;Fashion &amp; Art&#8217;, ambas instituciones buscan dar a conocer<\/p>\n","protected":false},"author":1,"featured_media":40144,"comment_status":"open","ping_status":"closed","sticky":false,"template":"","format":"standard","meta":{"footnotes":""},"categories":[222],"tags":[],"class_list":{"0":"post-40143","1":"post","2":"type-post","3":"status-publish","4":"format-standard","5":"has-post-thumbnail","7":"category-actualidad-turismo"},"aioseo_notices":[],"aioseo_head":"\n\t\t<!-- All in One SEO Pro 4.9.6.1 - aioseo.com -->\n\t<meta name=\"description\" content=\"El museo Thyssen-Bornemisza y las Rozas Village han firmado un acuerdo para la promoci\u00f3n conjunta del turismo, la moda y el arte en Madrid a trav\u00e9s de visitas al museo madrile\u00f1o y la famosa zona de compras de outlet de lujo. A trav\u00e9s del paquete tur\u00edstico &#039;Fashion &amp; Art&#039;, ambas instituciones buscan dar a conocer\" \/>\n\t<meta name=\"robots\" content=\"max-image-preview:large\" \/>\n\t<meta name=\"author\" content=\"admin\"\/>\n\t<meta name=\"google-site-verification\" content=\"UA-38556648-1\" \/>\n\t<meta name=\"keywords\" content=\"actualidad turismo\" \/>\n\t<link rel=\"canonical\" href=\"https:\/\/eldigitaldeasturias.com\/magazine365\/las-rozas-village-y-el-museo-thyssen-bornemisza-firman-un-acuerdo-para-promocionar-el-turismo-la-moda-y-el-arte\/\" \/>\n\t<meta name=\"generator\" content=\"All in One SEO Pro (AIOSEO) 4.9.6.1\" \/>\n\t\t<meta property=\"og:locale\" content=\"es_ES\" \/>\n\t\t<meta property=\"og:site_name\" content=\"El Digital de Asturias \u2013 Revista de ocio, turismo y estilo de vida\" \/>\n\t\t<meta property=\"og:type\" content=\"article\" \/>\n\t\t<meta property=\"og:title\" content=\"Las Rozas Village y el Museo Thyssen-Bornemisza firman un acuerdo para promocionar el turismo, la moda y el arte | El Digital de Asturias\" \/>\n\t\t<meta property=\"og:description\" content=\"El museo Thyssen-Bornemisza y las Rozas Village han firmado un acuerdo para la promoci\u00f3n conjunta del turismo, la moda y el arte en Madrid a trav\u00e9s de visitas al museo madrile\u00f1o y la famosa zona de compras de outlet de lujo. A trav\u00e9s del paquete tur\u00edstico &#039;Fashion &amp; Art&#039;, ambas instituciones buscan dar a conocer\" \/>\n\t\t<meta property=\"og:url\" content=\"https:\/\/eldigitaldeasturias.com\/magazine365\/las-rozas-village-y-el-museo-thyssen-bornemisza-firman-un-acuerdo-para-promocionar-el-turismo-la-moda-y-el-arte\/\" \/>\n\t\t<meta property=\"og:image\" content=\"https:\/\/eldigitaldeasturias.com\/magazine365\/wp-content\/uploads\/2015\/06\/fotonoticia_20150617124208_800.jpg\" \/>\n\t\t<meta property=\"og:image:secure_url\" content=\"https:\/\/eldigitaldeasturias.com\/magazine365\/wp-content\/uploads\/2015\/06\/fotonoticia_20150617124208_800.jpg\" \/>\n\t\t<meta property=\"og:image:width\" content=\"800\" \/>\n\t\t<meta property=\"og:image:height\" content=\"533\" \/>\n\t\t<meta property=\"article:published_time\" content=\"2015-06-18T06:04:16+00:00\" \/>\n\t\t<meta property=\"article:modified_time\" content=\"2015-06-18T06:04:16+00:00\" \/>\n\t\t<meta name=\"twitter:card\" content=\"summary_large_image\" \/>\n\t\t<meta name=\"twitter:title\" content=\"Las Rozas Village y el Museo Thyssen-Bornemisza firman un acuerdo para promocionar el turismo, la moda y el arte | El Digital de Asturias\" \/>\n\t\t<meta name=\"twitter:description\" content=\"El museo Thyssen-Bornemisza y las Rozas Village han firmado un acuerdo para la promoci\u00f3n conjunta del turismo, la moda y el arte en Madrid a trav\u00e9s de visitas al museo madrile\u00f1o y la famosa zona de compras de outlet de lujo. A trav\u00e9s del paquete tur\u00edstico &#039;Fashion &amp; Art&#039;, ambas instituciones buscan dar a conocer\" \/>\n\t\t<meta name=\"twitter:image\" content=\"https:\/\/eldigitaldeasturias.com\/magazine365\/wp-content\/uploads\/2015\/06\/fotonoticia_20150617124208_800.jpg\" \/>\n\t\t<script type=\"application\/ld+json\" class=\"aioseo-schema\">\n\t\t\t{\"@context\":\"https:\\\/\\\/schema.org\",\"@graph\":[{\"@type\":\"Article\",\"@id\":\"https:\\\/\\\/eldigitaldeasturias.com\\\/magazine365\\\/las-rozas-village-y-el-museo-thyssen-bornemisza-firman-un-acuerdo-para-promocionar-el-turismo-la-moda-y-el-arte\\\/#article\",\"name\":\"Las Rozas Village y el Museo Thyssen-Bornemisza firman un acuerdo para promocionar el turismo, la moda y el arte | El Digital de Asturias\",\"headline\":\"Las Rozas Village y el Museo Thyssen-Bornemisza firman un acuerdo para promocionar el turismo, la moda y el arte\",\"author\":{\"@id\":\"https:\\\/\\\/eldigitaldeasturias.com\\\/magazine365\\\/author\\\/admin\\\/#author\"},\"publisher\":{\"@id\":\"https:\\\/\\\/eldigitaldeasturias.com\\\/magazine365\\\/#organization\"},\"image\":{\"@type\":\"ImageObject\",\"url\":\"https:\\\/\\\/eldigitaldeasturias.com\\\/magazine365\\\/wp-content\\\/uploads\\\/2015\\\/06\\\/fotonoticia_20150617124208_800.jpg\",\"width\":800,\"height\":533},\"datePublished\":\"2015-06-18T07:34:16+02:00\",\"dateModified\":\"2015-06-18T07:34:16+02:00\",\"inLanguage\":\"es-ES\",\"mainEntityOfPage\":{\"@id\":\"https:\\\/\\\/eldigitaldeasturias.com\\\/magazine365\\\/las-rozas-village-y-el-museo-thyssen-bornemisza-firman-un-acuerdo-para-promocionar-el-turismo-la-moda-y-el-arte\\\/#webpage\"},\"isPartOf\":{\"@id\":\"https:\\\/\\\/eldigitaldeasturias.com\\\/magazine365\\\/las-rozas-village-y-el-museo-thyssen-bornemisza-firman-un-acuerdo-para-promocionar-el-turismo-la-moda-y-el-arte\\\/#webpage\"},\"articleSection\":\"Actualidad Turismo\"},{\"@type\":\"BreadcrumbList\",\"@id\":\"https:\\\/\\\/eldigitaldeasturias.com\\\/magazine365\\\/las-rozas-village-y-el-museo-thyssen-bornemisza-firman-un-acuerdo-para-promocionar-el-turismo-la-moda-y-el-arte\\\/#breadcrumblist\",\"itemListElement\":[{\"@type\":\"ListItem\",\"@id\":\"https:\\\/\\\/eldigitaldeasturias.com\\\/magazine365#listItem\",\"position\":1,\"name\":\"Home\",\"item\":\"https:\\\/\\\/eldigitaldeasturias.com\\\/magazine365\",\"nextItem\":{\"@type\":\"ListItem\",\"@id\":\"https:\\\/\\\/eldigitaldeasturias.com\\\/magazine365\\\/category\\\/actualidad-turismo\\\/#listItem\",\"name\":\"Actualidad Turismo\"}},{\"@type\":\"ListItem\",\"@id\":\"https:\\\/\\\/eldigitaldeasturias.com\\\/magazine365\\\/category\\\/actualidad-turismo\\\/#listItem\",\"position\":2,\"name\":\"Actualidad Turismo\",\"item\":\"https:\\\/\\\/eldigitaldeasturias.com\\\/magazine365\\\/category\\\/actualidad-turismo\\\/\",\"nextItem\":{\"@type\":\"ListItem\",\"@id\":\"https:\\\/\\\/eldigitaldeasturias.com\\\/magazine365\\\/las-rozas-village-y-el-museo-thyssen-bornemisza-firman-un-acuerdo-para-promocionar-el-turismo-la-moda-y-el-arte\\\/#listItem\",\"name\":\"Las Rozas Village y el Museo Thyssen-Bornemisza firman un acuerdo para promocionar el turismo, la moda y el arte\"},\"previousItem\":{\"@type\":\"ListItem\",\"@id\":\"https:\\\/\\\/eldigitaldeasturias.com\\\/magazine365#listItem\",\"name\":\"Home\"}},{\"@type\":\"ListItem\",\"@id\":\"https:\\\/\\\/eldigitaldeasturias.com\\\/magazine365\\\/las-rozas-village-y-el-museo-thyssen-bornemisza-firman-un-acuerdo-para-promocionar-el-turismo-la-moda-y-el-arte\\\/#listItem\",\"position\":3,\"name\":\"Las Rozas Village y el Museo Thyssen-Bornemisza firman un acuerdo para promocionar el turismo, la moda y el arte\",\"previousItem\":{\"@type\":\"ListItem\",\"@id\":\"https:\\\/\\\/eldigitaldeasturias.com\\\/magazine365\\\/category\\\/actualidad-turismo\\\/#listItem\",\"name\":\"Actualidad Turismo\"}}]},{\"@type\":\"Organization\",\"@id\":\"https:\\\/\\\/eldigitaldeasturias.com\\\/magazine365\\\/#organization\",\"name\":\"El digital de Asturias\",\"description\":\"Revista de ocio, turismo y estilo de vida\",\"url\":\"https:\\\/\\\/eldigitaldeasturias.com\\\/magazine365\\\/\",\"logo\":{\"@type\":\"ImageObject\",\"url\":\"https:\\\/\\\/www.eldigitaldeasturias.com\\\/noticias\\\/wp-content\\\/uploads\\\/2020\\\/12\\\/EDA.jpg\",\"@id\":\"https:\\\/\\\/eldigitaldeasturias.com\\\/magazine365\\\/las-rozas-village-y-el-museo-thyssen-bornemisza-firman-un-acuerdo-para-promocionar-el-turismo-la-moda-y-el-arte\\\/#organizationLogo\"},\"image\":{\"@id\":\"https:\\\/\\\/eldigitaldeasturias.com\\\/magazine365\\\/las-rozas-village-y-el-museo-thyssen-bornemisza-firman-un-acuerdo-para-promocionar-el-turismo-la-moda-y-el-arte\\\/#organizationLogo\"}},{\"@type\":\"Person\",\"@id\":\"https:\\\/\\\/eldigitaldeasturias.com\\\/magazine365\\\/author\\\/admin\\\/#author\",\"url\":\"https:\\\/\\\/eldigitaldeasturias.com\\\/magazine365\\\/author\\\/admin\\\/\",\"name\":\"admin\",\"image\":{\"@type\":\"ImageObject\",\"@id\":\"https:\\\/\\\/eldigitaldeasturias.com\\\/magazine365\\\/las-rozas-village-y-el-museo-thyssen-bornemisza-firman-un-acuerdo-para-promocionar-el-turismo-la-moda-y-el-arte\\\/#authorImage\",\"url\":\"https:\\\/\\\/eldigitaldeasturias.com\\\/magazine365\\\/wp-content\\\/litespeed\\\/avatar\\\/e571bcf59a0edd6fa6838245a470f2fe.jpg?ver=1776969259\",\"width\":96,\"height\":96,\"caption\":\"admin\"}},{\"@type\":\"WebPage\",\"@id\":\"https:\\\/\\\/eldigitaldeasturias.com\\\/magazine365\\\/las-rozas-village-y-el-museo-thyssen-bornemisza-firman-un-acuerdo-para-promocionar-el-turismo-la-moda-y-el-arte\\\/#webpage\",\"url\":\"https:\\\/\\\/eldigitaldeasturias.com\\\/magazine365\\\/las-rozas-village-y-el-museo-thyssen-bornemisza-firman-un-acuerdo-para-promocionar-el-turismo-la-moda-y-el-arte\\\/\",\"name\":\"Las Rozas Village y el Museo Thyssen-Bornemisza firman un acuerdo para promocionar el turismo, la moda y el arte | El Digital de Asturias\",\"description\":\"El museo Thyssen-Bornemisza y las Rozas Village han firmado un acuerdo para la promoci\\u00f3n conjunta del turismo, la moda y el arte en Madrid a trav\\u00e9s de visitas al museo madrile\\u00f1o y la famosa zona de compras de outlet de lujo. A trav\\u00e9s del paquete tur\\u00edstico 'Fashion & Art', ambas instituciones buscan dar a conocer\",\"inLanguage\":\"es-ES\",\"isPartOf\":{\"@id\":\"https:\\\/\\\/eldigitaldeasturias.com\\\/magazine365\\\/#website\"},\"breadcrumb\":{\"@id\":\"https:\\\/\\\/eldigitaldeasturias.com\\\/magazine365\\\/las-rozas-village-y-el-museo-thyssen-bornemisza-firman-un-acuerdo-para-promocionar-el-turismo-la-moda-y-el-arte\\\/#breadcrumblist\"},\"author\":{\"@id\":\"https:\\\/\\\/eldigitaldeasturias.com\\\/magazine365\\\/author\\\/admin\\\/#author\"},\"creator\":{\"@id\":\"https:\\\/\\\/eldigitaldeasturias.com\\\/magazine365\\\/author\\\/admin\\\/#author\"},\"image\":{\"@type\":\"ImageObject\",\"url\":\"https:\\\/\\\/eldigitaldeasturias.com\\\/magazine365\\\/wp-content\\\/uploads\\\/2015\\\/06\\\/fotonoticia_20150617124208_800.jpg\",\"@id\":\"https:\\\/\\\/eldigitaldeasturias.com\\\/magazine365\\\/las-rozas-village-y-el-museo-thyssen-bornemisza-firman-un-acuerdo-para-promocionar-el-turismo-la-moda-y-el-arte\\\/#mainImage\",\"width\":800,\"height\":533},\"primaryImageOfPage\":{\"@id\":\"https:\\\/\\\/eldigitaldeasturias.com\\\/magazine365\\\/las-rozas-village-y-el-museo-thyssen-bornemisza-firman-un-acuerdo-para-promocionar-el-turismo-la-moda-y-el-arte\\\/#mainImage\"},\"datePublished\":\"2015-06-18T07:34:16+02:00\",\"dateModified\":\"2015-06-18T07:34:16+02:00\"},{\"@type\":\"WebSite\",\"@id\":\"https:\\\/\\\/eldigitaldeasturias.com\\\/magazine365\\\/#website\",\"url\":\"https:\\\/\\\/eldigitaldeasturias.com\\\/magazine365\\\/\",\"name\":\"El Digital de Asturias\",\"description\":\"Revista de ocio, turismo y estilo de vida\",\"inLanguage\":\"es-ES\",\"publisher\":{\"@id\":\"https:\\\/\\\/eldigitaldeasturias.com\\\/magazine365\\\/#organization\"}}]}\n\t\t<\/script>\n\t\t<!-- All in One SEO Pro -->\r\n\t\t<title>Las Rozas Village y el Museo Thyssen-Bornemisza firman un acuerdo para promocionar el turismo, la moda y el arte | El Digital de Asturias<\/title>\n\n","aioseo_head_json":{"title":"Las Rozas Village y el Museo Thyssen-Bornemisza firman un acuerdo para promocionar el turismo, la moda y el arte | El Digital de Asturias","description":"El museo Thyssen-Bornemisza y las Rozas Village han firmado un acuerdo para la promoci\u00f3n conjunta del turismo, la moda y el arte en Madrid a trav\u00e9s de visitas al museo madrile\u00f1o y la famosa zona de compras de outlet de lujo. A trav\u00e9s del paquete tur\u00edstico 'Fashion & Art', ambas instituciones buscan dar a conocer","canonical_url":"https:\/\/eldigitaldeasturias.com\/magazine365\/las-rozas-village-y-el-museo-thyssen-bornemisza-firman-un-acuerdo-para-promocionar-el-turismo-la-moda-y-el-arte\/","robots":"max-image-preview:large","keywords":"actualidad turismo","webmasterTools":{"google-site-verification":"UA-38556648-1","miscellaneous":""},"schema":{"@context":"https:\/\/schema.org","@graph":[{"@type":"Article","@id":"https:\/\/eldigitaldeasturias.com\/magazine365\/las-rozas-village-y-el-museo-thyssen-bornemisza-firman-un-acuerdo-para-promocionar-el-turismo-la-moda-y-el-arte\/#article","name":"Las Rozas Village y el Museo Thyssen-Bornemisza firman un acuerdo para promocionar el turismo, la moda y el arte | El Digital de Asturias","headline":"Las Rozas Village y el Museo Thyssen-Bornemisza firman un acuerdo para promocionar el turismo, la moda y el arte","author":{"@id":"https:\/\/eldigitaldeasturias.com\/magazine365\/author\/admin\/#author"},"publisher":{"@id":"https:\/\/eldigitaldeasturias.com\/magazine365\/#organization"},"image":{"@type":"ImageObject","url":"https:\/\/eldigitaldeasturias.com\/magazine365\/wp-content\/uploads\/2015\/06\/fotonoticia_20150617124208_800.jpg","width":800,"height":533},"datePublished":"2015-06-18T07:34:16+02:00","dateModified":"2015-06-18T07:34:16+02:00","inLanguage":"es-ES","mainEntityOfPage":{"@id":"https:\/\/eldigitaldeasturias.com\/magazine365\/las-rozas-village-y-el-museo-thyssen-bornemisza-firman-un-acuerdo-para-promocionar-el-turismo-la-moda-y-el-arte\/#webpage"},"isPartOf":{"@id":"https:\/\/eldigitaldeasturias.com\/magazine365\/las-rozas-village-y-el-museo-thyssen-bornemisza-firman-un-acuerdo-para-promocionar-el-turismo-la-moda-y-el-arte\/#webpage"},"articleSection":"Actualidad Turismo"},{"@type":"BreadcrumbList","@id":"https:\/\/eldigitaldeasturias.com\/magazine365\/las-rozas-village-y-el-museo-thyssen-bornemisza-firman-un-acuerdo-para-promocionar-el-turismo-la-moda-y-el-arte\/#breadcrumblist","itemListElement":[{"@type":"ListItem","@id":"https:\/\/eldigitaldeasturias.com\/magazine365#listItem","position":1,"name":"Home","item":"https:\/\/eldigitaldeasturias.com\/magazine365","nextItem":{"@type":"ListItem","@id":"https:\/\/eldigitaldeasturias.com\/magazine365\/category\/actualidad-turismo\/#listItem","name":"Actualidad Turismo"}},{"@type":"ListItem","@id":"https:\/\/eldigitaldeasturias.com\/magazine365\/category\/actualidad-turismo\/#listItem","position":2,"name":"Actualidad Turismo","item":"https:\/\/eldigitaldeasturias.com\/magazine365\/category\/actualidad-turismo\/","nextItem":{"@type":"ListItem","@id":"https:\/\/eldigitaldeasturias.com\/magazine365\/las-rozas-village-y-el-museo-thyssen-bornemisza-firman-un-acuerdo-para-promocionar-el-turismo-la-moda-y-el-arte\/#listItem","name":"Las Rozas Village y el Museo Thyssen-Bornemisza firman un acuerdo para promocionar el turismo, la moda y el arte"},"previousItem":{"@type":"ListItem","@id":"https:\/\/eldigitaldeasturias.com\/magazine365#listItem","name":"Home"}},{"@type":"ListItem","@id":"https:\/\/eldigitaldeasturias.com\/magazine365\/las-rozas-village-y-el-museo-thyssen-bornemisza-firman-un-acuerdo-para-promocionar-el-turismo-la-moda-y-el-arte\/#listItem","position":3,"name":"Las Rozas Village y el Museo Thyssen-Bornemisza firman un acuerdo para promocionar el turismo, la moda y el arte","previousItem":{"@type":"ListItem","@id":"https:\/\/eldigitaldeasturias.com\/magazine365\/category\/actualidad-turismo\/#listItem","name":"Actualidad Turismo"}}]},{"@type":"Organization","@id":"https:\/\/eldigitaldeasturias.com\/magazine365\/#organization","name":"El digital de Asturias","description":"Revista de ocio, turismo y estilo de vida","url":"https:\/\/eldigitaldeasturias.com\/magazine365\/","logo":{"@type":"ImageObject","url":"https:\/\/www.eldigitaldeasturias.com\/noticias\/wp-content\/uploads\/2020\/12\/EDA.jpg","@id":"https:\/\/eldigitaldeasturias.com\/magazine365\/las-rozas-village-y-el-museo-thyssen-bornemisza-firman-un-acuerdo-para-promocionar-el-turismo-la-moda-y-el-arte\/#organizationLogo"},"image":{"@id":"https:\/\/eldigitaldeasturias.com\/magazine365\/las-rozas-village-y-el-museo-thyssen-bornemisza-firman-un-acuerdo-para-promocionar-el-turismo-la-moda-y-el-arte\/#organizationLogo"}},{"@type":"Person","@id":"https:\/\/eldigitaldeasturias.com\/magazine365\/author\/admin\/#author","url":"https:\/\/eldigitaldeasturias.com\/magazine365\/author\/admin\/","name":"admin","image":{"@type":"ImageObject","@id":"https:\/\/eldigitaldeasturias.com\/magazine365\/las-rozas-village-y-el-museo-thyssen-bornemisza-firman-un-acuerdo-para-promocionar-el-turismo-la-moda-y-el-arte\/#authorImage","url":"https:\/\/eldigitaldeasturias.com\/magazine365\/wp-content\/litespeed\/avatar\/e571bcf59a0edd6fa6838245a470f2fe.jpg?ver=1776969259","width":96,"height":96,"caption":"admin"}},{"@type":"WebPage","@id":"https:\/\/eldigitaldeasturias.com\/magazine365\/las-rozas-village-y-el-museo-thyssen-bornemisza-firman-un-acuerdo-para-promocionar-el-turismo-la-moda-y-el-arte\/#webpage","url":"https:\/\/eldigitaldeasturias.com\/magazine365\/las-rozas-village-y-el-museo-thyssen-bornemisza-firman-un-acuerdo-para-promocionar-el-turismo-la-moda-y-el-arte\/","name":"Las Rozas Village y el Museo Thyssen-Bornemisza firman un acuerdo para promocionar el turismo, la moda y el arte | El Digital de Asturias","description":"El museo Thyssen-Bornemisza y las Rozas Village han firmado un acuerdo para la promoci\u00f3n conjunta del turismo, la moda y el arte en Madrid a trav\u00e9s de visitas al museo madrile\u00f1o y la famosa zona de compras de outlet de lujo. A trav\u00e9s del paquete tur\u00edstico 'Fashion & Art', ambas instituciones buscan dar a conocer","inLanguage":"es-ES","isPartOf":{"@id":"https:\/\/eldigitaldeasturias.com\/magazine365\/#website"},"breadcrumb":{"@id":"https:\/\/eldigitaldeasturias.com\/magazine365\/las-rozas-village-y-el-museo-thyssen-bornemisza-firman-un-acuerdo-para-promocionar-el-turismo-la-moda-y-el-arte\/#breadcrumblist"},"author":{"@id":"https:\/\/eldigitaldeasturias.com\/magazine365\/author\/admin\/#author"},"creator":{"@id":"https:\/\/eldigitaldeasturias.com\/magazine365\/author\/admin\/#author"},"image":{"@type":"ImageObject","url":"https:\/\/eldigitaldeasturias.com\/magazine365\/wp-content\/uploads\/2015\/06\/fotonoticia_20150617124208_800.jpg","@id":"https:\/\/eldigitaldeasturias.com\/magazine365\/las-rozas-village-y-el-museo-thyssen-bornemisza-firman-un-acuerdo-para-promocionar-el-turismo-la-moda-y-el-arte\/#mainImage","width":800,"height":533},"primaryImageOfPage":{"@id":"https:\/\/eldigitaldeasturias.com\/magazine365\/las-rozas-village-y-el-museo-thyssen-bornemisza-firman-un-acuerdo-para-promocionar-el-turismo-la-moda-y-el-arte\/#mainImage"},"datePublished":"2015-06-18T07:34:16+02:00","dateModified":"2015-06-18T07:34:16+02:00"},{"@type":"WebSite","@id":"https:\/\/eldigitaldeasturias.com\/magazine365\/#website","url":"https:\/\/eldigitaldeasturias.com\/magazine365\/","name":"El Digital de Asturias","description":"Revista de ocio, turismo y estilo de vida","inLanguage":"es-ES","publisher":{"@id":"https:\/\/eldigitaldeasturias.com\/magazine365\/#organization"}}]},"og:locale":"es_ES","og:site_name":"El Digital de Asturias \u2013 Revista de ocio, turismo y estilo de vida","og:type":"article","og:title":"Las Rozas Village y el Museo Thyssen-Bornemisza firman un acuerdo para promocionar el turismo, la moda y el arte | El Digital de Asturias","og:description":"El museo Thyssen-Bornemisza y las Rozas Village han firmado un acuerdo para la promoci\u00f3n conjunta del turismo, la moda y el arte en Madrid a trav\u00e9s de visitas al museo madrile\u00f1o y la famosa zona de compras de outlet de lujo. A trav\u00e9s del paquete tur\u00edstico 'Fashion &amp; Art', ambas instituciones buscan dar a conocer","og:url":"https:\/\/eldigitaldeasturias.com\/magazine365\/las-rozas-village-y-el-museo-thyssen-bornemisza-firman-un-acuerdo-para-promocionar-el-turismo-la-moda-y-el-arte\/","og:image":"https:\/\/eldigitaldeasturias.com\/magazine365\/wp-content\/uploads\/2015\/06\/fotonoticia_20150617124208_800.jpg","og:image:secure_url":"https:\/\/eldigitaldeasturias.com\/magazine365\/wp-content\/uploads\/2015\/06\/fotonoticia_20150617124208_800.jpg","og:image:width":800,"og:image:height":533,"article:published_time":"2015-06-18T06:04:16+00:00","article:modified_time":"2015-06-18T06:04:16+00:00","twitter:card":"summary_large_image","twitter:title":"Las Rozas Village y el Museo Thyssen-Bornemisza firman un acuerdo para promocionar el turismo, la moda y el arte | El Digital de Asturias","twitter:description":"El museo Thyssen-Bornemisza y las Rozas Village han firmado un acuerdo para la promoci\u00f3n conjunta del turismo, la moda y el arte en Madrid a trav\u00e9s de visitas al museo madrile\u00f1o y la famosa zona de compras de outlet de lujo. A trav\u00e9s del paquete tur\u00edstico 'Fashion &amp; Art', ambas instituciones buscan dar a conocer","twitter:image":"https:\/\/eldigitaldeasturias.com\/magazine365\/wp-content\/uploads\/2015\/06\/fotonoticia_20150617124208_800.jpg"},"aioseo_meta_data":{"post_id":"40143","title":null,"description":null,"keywords":null,"keyphrases":null,"primary_term":null,"canonical_url":null,"og_title":null,"og_description":null,"og_object_type":"default","og_image_type":"default","og_image_url":null,"og_image_width":null,"og_image_height":null,"og_image_custom_url":null,"og_image_custom_fields":null,"og_video":null,"og_custom_url":null,"og_article_section":null,"og_article_tags":null,"twitter_use_og":false,"twitter_card":"default","twitter_image_type":"default","twitter_image_url":null,"twitter_image_custom_url":null,"twitter_image_custom_fields":null,"twitter_title":null,"twitter_description":null,"schema":{"blockGraphs":[],"customGraphs":[],"default":{"data":{"Article":[],"Course":[],"Dataset":[],"FAQPage":[],"Movie":[],"Person":[],"Product":[],"ProductReview":[],"Car":[],"Recipe":[],"Service":[],"SoftwareApplication":[],"WebPage":[]},"graphName":"","isEnabled":true},"graphs":[],"defaultGraph":"","defaultPostTypeGraph":""},"schema_type":null,"schema_type_options":null,"pillar_content":false,"robots_default":true,"robots_noindex":false,"robots_noarchive":false,"robots_nosnippet":false,"robots_nofollow":false,"robots_noimageindex":false,"robots_noodp":false,"robots_notranslate":false,"robots_max_snippet":null,"robots_max_videopreview":null,"robots_max_imagepreview":"large","priority":null,"frequency":null,"location":null,"local_seo":null,"seo_analyzer_scan_date":"2025-09-19 13:02:07","breadcrumb_settings":null,"limit_modified_date":false,"open_ai":null,"ai":null,"created":"2021-03-09 02:32:56","updated":"2025-09-19 13:02:07"},"aioseo_breadcrumb":"<div class=\"aioseo-breadcrumbs\"><span class=\"aioseo-breadcrumb\">\n\t<a href=\"https:\/\/eldigitaldeasturias.com\/magazine365\" title=\"Home\">Home<\/a>\n<\/span><span class=\"aioseo-breadcrumb-separator\">\u2013<\/span><span class=\"aioseo-breadcrumb\">\n\t<a href=\"https:\/\/eldigitaldeasturias.com\/magazine365\/category\/actualidad-turismo\/\" title=\"Actualidad Turismo\">Actualidad Turismo<\/a>\n<\/span><span class=\"aioseo-breadcrumb-separator\">\u2013<\/span><span class=\"aioseo-breadcrumb\">\n\t<a href=\"https:\/\/eldigitaldeasturias.com\/magazine365\/las-rozas-village-y-el-museo-thyssen-bornemisza-firman-un-acuerdo-para-promocionar-el-turismo-la-moda-y-el-arte\/\" title=\"Las Rozas Village y el Museo Thyssen-Bornemisza firman un acuerdo para promocionar el turismo, la moda y el arte\">Las Rozas Village y el Museo Thyssen-Bornemisza firman un acuerdo para promocionar el turismo, la moda y el arte<\/a>\n<\/span><\/div>","aioseo_breadcrumb_json":[{"label":"Home","link":"https:\/\/eldigitaldeasturias.com\/magazine365"},{"label":"Actualidad Turismo","link":"https:\/\/eldigitaldeasturias.com\/magazine365\/category\/actualidad-turismo\/"},{"label":"Las Rozas Village y el Museo Thyssen-Bornemisza firman un acuerdo para promocionar el turismo, la moda y el arte","link":"https:\/\/eldigitaldeasturias.com\/magazine365\/las-rozas-village-y-el-museo-thyssen-bornemisza-firman-un-acuerdo-para-promocionar-el-turismo-la-moda-y-el-arte\/"}],"_links":{"self":[{"href":"https:\/\/eldigitaldeasturias.com\/magazine365\/wp-json\/wp\/v2\/posts\/40143","targetHints":{"allow":["GET"]}}],"collection":[{"href":"https:\/\/eldigitaldeasturias.com\/magazine365\/wp-json\/wp\/v2\/posts"}],"about":[{"href":"https:\/\/eldigitaldeasturias.com\/magazine365\/wp-json\/wp\/v2\/types\/post"}],"author":[{"embeddable":true,"href":"https:\/\/eldigitaldeasturias.com\/magazine365\/wp-json\/wp\/v2\/users\/1"}],"replies":[{"embeddable":true,"href":"https:\/\/eldigitaldeasturias.com\/magazine365\/wp-json\/wp\/v2\/comments?post=40143"}],"version-history":[{"count":0,"href":"https:\/\/eldigitaldeasturias.com\/magazine365\/wp-json\/wp\/v2\/posts\/40143\/revisions"}],"wp:featuredmedia":[{"embeddable":true,"href":"https:\/\/eldigitaldeasturias.com\/magazine365\/wp-json\/wp\/v2\/media\/40144"}],"wp:attachment":[{"href":"https:\/\/eldigitaldeasturias.com\/magazine365\/wp-json\/wp\/v2\/media?parent=40143"}],"wp:term":[{"taxonomy":"category","embeddable":true,"href":"https:\/\/eldigitaldeasturias.com\/magazine365\/wp-json\/wp\/v2\/categories?post=40143"},{"taxonomy":"post_tag","embeddable":true,"href":"https:\/\/eldigitaldeasturias.com\/magazine365\/wp-json\/wp\/v2\/tags?post=40143"}],"curies":[{"name":"wp","href":"https:\/\/api.w.org\/{rel}","templated":true}]}}