{"id":40133,"date":"2015-06-18T07:10:43","date_gmt":"2015-06-18T05:40:43","guid":{"rendered":"http:\/\/eldigitaldeasturias.com\/magazine365\/?p=40133"},"modified":"2015-06-18T07:10:43","modified_gmt":"2015-06-18T05:40:43","slug":"vietjetair-encarga-a-airbus-seis-a321ceo-adicionales-valorados-en-663-millones","status":"publish","type":"post","link":"https:\/\/eldigitaldeasturias.com\/magazine365\/vietjetair-encarga-a-airbus-seis-a321ceo-adicionales-valorados-en-663-millones\/","title":{"rendered":"VietJetAir encarga a Airbus seis A321ceo adicionales, valorados en 663 millones"},"content":{"rendered":"<p><img fetchpriority=\"high\" decoding=\"async\" class=\"alignleft size-medium wp-image-40134\" src=\"https:\/\/eldigitaldeasturias.com\/magazine365\/wp-content\/uploads\/2015\/06\/fotonoticia_20150617122624_800-360x251.jpg\" alt=\"fotonoticia_20150617122624_800\" width=\"360\" height=\"251\" srcset=\"https:\/\/eldigitaldeasturias.com\/magazine365\/wp-content\/uploads\/2015\/06\/fotonoticia_20150617122624_800-360x251.jpg 360w, https:\/\/eldigitaldeasturias.com\/magazine365\/wp-content\/uploads\/2015\/06\/fotonoticia_20150617122624_800-650x453.jpg 650w, https:\/\/eldigitaldeasturias.com\/magazine365\/wp-content\/uploads\/2015\/06\/fotonoticia_20150617122624_800-768x535.jpg 768w, https:\/\/eldigitaldeasturias.com\/magazine365\/wp-content\/uploads\/2015\/06\/fotonoticia_20150617122624_800-150x104.jpg 150w, https:\/\/eldigitaldeasturias.com\/magazine365\/wp-content\/uploads\/2015\/06\/fotonoticia_20150617122624_800-450x313.jpg 450w, https:\/\/eldigitaldeasturias.com\/magazine365\/wp-content\/uploads\/2015\/06\/fotonoticia_20150617122624_800-100x70.jpg 100w, https:\/\/eldigitaldeasturias.com\/magazine365\/wp-content\/uploads\/2015\/06\/fotonoticia_20150617122624_800-696x485.jpg 696w, https:\/\/eldigitaldeasturias.com\/magazine365\/wp-content\/uploads\/2015\/06\/fotonoticia_20150617122624_800-603x420.jpg 603w, https:\/\/eldigitaldeasturias.com\/magazine365\/wp-content\/uploads\/2015\/06\/fotonoticia_20150617122624_800.jpg 800w\" sizes=\"(max-width: 360px) 100vw, 360px\" \/>VietJetAir ha realizado un pedido en firme con Airbus para la compra de seis A321ceo adicionales, valorado en 746,4 millones de d\u00f3lares (663 millones de euros), durante la tercera jornada del Sal\u00f3n Aeron\u00e1utico de Le Bourget, en las proximidades de Par\u00eds, inform\u00f3 el consorcio europeo.<\/p>\n<p>El contrato fue suscrito entre la presidente y consejera delegado de la aerol\u00ednea vietnamita, Nguyen Thi Phuong Thao, y el presidente y consejero delegado de Airbus, Fabrice Br\u00e9gier.<\/p>\n<p>La compa\u00f1\u00eda recibi\u00f3 su primer A321 en marzo de este a\u00f1o y ha decido incrementar sus pedidos ante la demanda registrada en algunas de sus rutas.<\/p>\n<p>VietJetAir, que despeg\u00f3 a finales de 2011, opera actualmente con una flota de 25 aviones de la familia A320. Tras el anuncio de hoy, la aerol\u00ednea ha ordenado 69 aviones a Airbus, incluyendo este nuevo pedido, y cuenta con opciones de compra para otras 30 aeronaves.<\/p>\n<p>Hasta la fecha, la familia A320 suma m\u00e1s de 11.700 pedidos y m\u00e1s de 6.500 aviones entregados a m\u00e1s de 300 operadores en todo el mundo.<\/p>\n","protected":false},"excerpt":{"rendered":"<p>VietJetAir ha realizado un pedido en firme con Airbus para la compra de seis A321ceo adicionales, valorado en 746,4 millones de d\u00f3lares (663 millones de euros), durante la tercera jornada del Sal\u00f3n Aeron\u00e1utico de Le Bourget, en las proximidades de Par\u00eds, inform\u00f3 el consorcio europeo. El contrato fue suscrito entre la presidente y consejera delegado<\/p>\n","protected":false},"author":1,"featured_media":40134,"comment_status":"open","ping_status":"closed","sticky":false,"template":"","format":"standard","meta":{"footnotes":""},"categories":[224],"tags":[],"class_list":{"0":"post-40133","1":"post","2":"type-post","3":"status-publish","4":"format-standard","5":"has-post-thumbnail","7":"category-noticias-actualidad"},"aioseo_notices":[],"aioseo_head":"\n\t\t<!-- All in One SEO Pro 4.9.6.1 - aioseo.com -->\n\t<meta name=\"description\" content=\"VietJetAir ha realizado un pedido en firme con Airbus para la compra de seis A321ceo adicionales, valorado en 746,4 millones de d\u00f3lares (663 millones de euros), durante la tercera jornada del Sal\u00f3n Aeron\u00e1utico de Le Bourget, en las proximidades de Par\u00eds, inform\u00f3 el consorcio europeo. El contrato fue suscrito entre la presidente y consejera delegado\" \/>\n\t<meta name=\"robots\" content=\"max-image-preview:large\" \/>\n\t<meta name=\"author\" content=\"admin\"\/>\n\t<meta name=\"google-site-verification\" content=\"UA-38556648-1\" \/>\n\t<meta name=\"keywords\" content=\"noticias y actualidad\" \/>\n\t<link rel=\"canonical\" href=\"https:\/\/eldigitaldeasturias.com\/magazine365\/vietjetair-encarga-a-airbus-seis-a321ceo-adicionales-valorados-en-663-millones\/\" \/>\n\t<meta name=\"generator\" content=\"All in One SEO Pro (AIOSEO) 4.9.6.1\" \/>\n\t\t<meta property=\"og:locale\" content=\"es_ES\" \/>\n\t\t<meta property=\"og:site_name\" content=\"El Digital de Asturias \u2013 Revista de ocio, turismo y estilo de vida\" \/>\n\t\t<meta property=\"og:type\" content=\"article\" \/>\n\t\t<meta property=\"og:title\" content=\"VietJetAir encarga a Airbus seis A321ceo adicionales, valorados en 663 millones | El Digital de Asturias\" \/>\n\t\t<meta property=\"og:description\" content=\"VietJetAir ha realizado un pedido en firme con Airbus para la compra de seis A321ceo adicionales, valorado en 746,4 millones de d\u00f3lares (663 millones de euros), durante la tercera jornada del Sal\u00f3n Aeron\u00e1utico de Le Bourget, en las proximidades de Par\u00eds, inform\u00f3 el consorcio europeo. El contrato fue suscrito entre la presidente y consejera delegado\" \/>\n\t\t<meta property=\"og:url\" content=\"https:\/\/eldigitaldeasturias.com\/magazine365\/vietjetair-encarga-a-airbus-seis-a321ceo-adicionales-valorados-en-663-millones\/\" \/>\n\t\t<meta property=\"og:image\" content=\"https:\/\/eldigitaldeasturias.com\/magazine365\/wp-content\/uploads\/2015\/06\/fotonoticia_20150617122624_800.jpg\" \/>\n\t\t<meta property=\"og:image:secure_url\" content=\"https:\/\/eldigitaldeasturias.com\/magazine365\/wp-content\/uploads\/2015\/06\/fotonoticia_20150617122624_800.jpg\" \/>\n\t\t<meta property=\"og:image:width\" content=\"800\" \/>\n\t\t<meta property=\"og:image:height\" content=\"557\" \/>\n\t\t<meta property=\"article:published_time\" content=\"2015-06-18T05:40:43+00:00\" \/>\n\t\t<meta property=\"article:modified_time\" content=\"2015-06-18T05:40:43+00:00\" \/>\n\t\t<meta name=\"twitter:card\" content=\"summary_large_image\" \/>\n\t\t<meta name=\"twitter:title\" content=\"VietJetAir encarga a Airbus seis A321ceo adicionales, valorados en 663 millones | El Digital de Asturias\" \/>\n\t\t<meta name=\"twitter:description\" content=\"VietJetAir ha realizado un pedido en firme con Airbus para la compra de seis A321ceo adicionales, valorado en 746,4 millones de d\u00f3lares (663 millones de euros), durante la tercera jornada del Sal\u00f3n Aeron\u00e1utico de Le Bourget, en las proximidades de Par\u00eds, inform\u00f3 el consorcio europeo. El contrato fue suscrito entre la presidente y consejera delegado\" \/>\n\t\t<meta name=\"twitter:image\" content=\"https:\/\/eldigitaldeasturias.com\/magazine365\/wp-content\/uploads\/2015\/06\/fotonoticia_20150617122624_800.jpg\" \/>\n\t\t<script type=\"application\/ld+json\" class=\"aioseo-schema\">\n\t\t\t{\"@context\":\"https:\\\/\\\/schema.org\",\"@graph\":[{\"@type\":\"Article\",\"@id\":\"https:\\\/\\\/eldigitaldeasturias.com\\\/magazine365\\\/vietjetair-encarga-a-airbus-seis-a321ceo-adicionales-valorados-en-663-millones\\\/#article\",\"name\":\"VietJetAir encarga a Airbus seis A321ceo adicionales, valorados en 663 millones | El Digital de Asturias\",\"headline\":\"VietJetAir encarga a Airbus seis A321ceo adicionales, valorados en 663 millones\",\"author\":{\"@id\":\"https:\\\/\\\/eldigitaldeasturias.com\\\/magazine365\\\/author\\\/admin\\\/#author\"},\"publisher\":{\"@id\":\"https:\\\/\\\/eldigitaldeasturias.com\\\/magazine365\\\/#organization\"},\"image\":{\"@type\":\"ImageObject\",\"url\":\"https:\\\/\\\/eldigitaldeasturias.com\\\/magazine365\\\/wp-content\\\/uploads\\\/2015\\\/06\\\/fotonoticia_20150617122624_800.jpg\",\"width\":800,\"height\":557},\"datePublished\":\"2015-06-18T07:10:43+02:00\",\"dateModified\":\"2015-06-18T07:10:43+02:00\",\"inLanguage\":\"es-ES\",\"mainEntityOfPage\":{\"@id\":\"https:\\\/\\\/eldigitaldeasturias.com\\\/magazine365\\\/vietjetair-encarga-a-airbus-seis-a321ceo-adicionales-valorados-en-663-millones\\\/#webpage\"},\"isPartOf\":{\"@id\":\"https:\\\/\\\/eldigitaldeasturias.com\\\/magazine365\\\/vietjetair-encarga-a-airbus-seis-a321ceo-adicionales-valorados-en-663-millones\\\/#webpage\"},\"articleSection\":\"Noticias y Actualidad\"},{\"@type\":\"BreadcrumbList\",\"@id\":\"https:\\\/\\\/eldigitaldeasturias.com\\\/magazine365\\\/vietjetair-encarga-a-airbus-seis-a321ceo-adicionales-valorados-en-663-millones\\\/#breadcrumblist\",\"itemListElement\":[{\"@type\":\"ListItem\",\"@id\":\"https:\\\/\\\/eldigitaldeasturias.com\\\/magazine365#listItem\",\"position\":1,\"name\":\"Home\",\"item\":\"https:\\\/\\\/eldigitaldeasturias.com\\\/magazine365\",\"nextItem\":{\"@type\":\"ListItem\",\"@id\":\"https:\\\/\\\/eldigitaldeasturias.com\\\/magazine365\\\/category\\\/noticias-actualidad\\\/#listItem\",\"name\":\"Noticias y Actualidad\"}},{\"@type\":\"ListItem\",\"@id\":\"https:\\\/\\\/eldigitaldeasturias.com\\\/magazine365\\\/category\\\/noticias-actualidad\\\/#listItem\",\"position\":2,\"name\":\"Noticias y Actualidad\",\"item\":\"https:\\\/\\\/eldigitaldeasturias.com\\\/magazine365\\\/category\\\/noticias-actualidad\\\/\",\"nextItem\":{\"@type\":\"ListItem\",\"@id\":\"https:\\\/\\\/eldigitaldeasturias.com\\\/magazine365\\\/vietjetair-encarga-a-airbus-seis-a321ceo-adicionales-valorados-en-663-millones\\\/#listItem\",\"name\":\"VietJetAir encarga a Airbus seis A321ceo adicionales, valorados en 663 millones\"},\"previousItem\":{\"@type\":\"ListItem\",\"@id\":\"https:\\\/\\\/eldigitaldeasturias.com\\\/magazine365#listItem\",\"name\":\"Home\"}},{\"@type\":\"ListItem\",\"@id\":\"https:\\\/\\\/eldigitaldeasturias.com\\\/magazine365\\\/vietjetair-encarga-a-airbus-seis-a321ceo-adicionales-valorados-en-663-millones\\\/#listItem\",\"position\":3,\"name\":\"VietJetAir encarga a Airbus seis A321ceo adicionales, valorados en 663 millones\",\"previousItem\":{\"@type\":\"ListItem\",\"@id\":\"https:\\\/\\\/eldigitaldeasturias.com\\\/magazine365\\\/category\\\/noticias-actualidad\\\/#listItem\",\"name\":\"Noticias y Actualidad\"}}]},{\"@type\":\"Organization\",\"@id\":\"https:\\\/\\\/eldigitaldeasturias.com\\\/magazine365\\\/#organization\",\"name\":\"El digital de Asturias\",\"description\":\"Revista de ocio, turismo y estilo de vida\",\"url\":\"https:\\\/\\\/eldigitaldeasturias.com\\\/magazine365\\\/\",\"logo\":{\"@type\":\"ImageObject\",\"url\":\"https:\\\/\\\/www.eldigitaldeasturias.com\\\/noticias\\\/wp-content\\\/uploads\\\/2020\\\/12\\\/EDA.jpg\",\"@id\":\"https:\\\/\\\/eldigitaldeasturias.com\\\/magazine365\\\/vietjetair-encarga-a-airbus-seis-a321ceo-adicionales-valorados-en-663-millones\\\/#organizationLogo\"},\"image\":{\"@id\":\"https:\\\/\\\/eldigitaldeasturias.com\\\/magazine365\\\/vietjetair-encarga-a-airbus-seis-a321ceo-adicionales-valorados-en-663-millones\\\/#organizationLogo\"}},{\"@type\":\"Person\",\"@id\":\"https:\\\/\\\/eldigitaldeasturias.com\\\/magazine365\\\/author\\\/admin\\\/#author\",\"url\":\"https:\\\/\\\/eldigitaldeasturias.com\\\/magazine365\\\/author\\\/admin\\\/\",\"name\":\"admin\",\"image\":{\"@type\":\"ImageObject\",\"@id\":\"https:\\\/\\\/eldigitaldeasturias.com\\\/magazine365\\\/vietjetair-encarga-a-airbus-seis-a321ceo-adicionales-valorados-en-663-millones\\\/#authorImage\",\"url\":\"https:\\\/\\\/eldigitaldeasturias.com\\\/magazine365\\\/wp-content\\\/litespeed\\\/avatar\\\/e571bcf59a0edd6fa6838245a470f2fe.jpg?ver=1776969259\",\"width\":96,\"height\":96,\"caption\":\"admin\"}},{\"@type\":\"WebPage\",\"@id\":\"https:\\\/\\\/eldigitaldeasturias.com\\\/magazine365\\\/vietjetair-encarga-a-airbus-seis-a321ceo-adicionales-valorados-en-663-millones\\\/#webpage\",\"url\":\"https:\\\/\\\/eldigitaldeasturias.com\\\/magazine365\\\/vietjetair-encarga-a-airbus-seis-a321ceo-adicionales-valorados-en-663-millones\\\/\",\"name\":\"VietJetAir encarga a Airbus seis A321ceo adicionales, valorados en 663 millones | El Digital de Asturias\",\"description\":\"VietJetAir ha realizado un pedido en firme con Airbus para la compra de seis A321ceo adicionales, valorado en 746,4 millones de d\\u00f3lares (663 millones de euros), durante la tercera jornada del Sal\\u00f3n Aeron\\u00e1utico de Le Bourget, en las proximidades de Par\\u00eds, inform\\u00f3 el consorcio europeo. El contrato fue suscrito entre la presidente y consejera delegado\",\"inLanguage\":\"es-ES\",\"isPartOf\":{\"@id\":\"https:\\\/\\\/eldigitaldeasturias.com\\\/magazine365\\\/#website\"},\"breadcrumb\":{\"@id\":\"https:\\\/\\\/eldigitaldeasturias.com\\\/magazine365\\\/vietjetair-encarga-a-airbus-seis-a321ceo-adicionales-valorados-en-663-millones\\\/#breadcrumblist\"},\"author\":{\"@id\":\"https:\\\/\\\/eldigitaldeasturias.com\\\/magazine365\\\/author\\\/admin\\\/#author\"},\"creator\":{\"@id\":\"https:\\\/\\\/eldigitaldeasturias.com\\\/magazine365\\\/author\\\/admin\\\/#author\"},\"image\":{\"@type\":\"ImageObject\",\"url\":\"https:\\\/\\\/eldigitaldeasturias.com\\\/magazine365\\\/wp-content\\\/uploads\\\/2015\\\/06\\\/fotonoticia_20150617122624_800.jpg\",\"@id\":\"https:\\\/\\\/eldigitaldeasturias.com\\\/magazine365\\\/vietjetair-encarga-a-airbus-seis-a321ceo-adicionales-valorados-en-663-millones\\\/#mainImage\",\"width\":800,\"height\":557},\"primaryImageOfPage\":{\"@id\":\"https:\\\/\\\/eldigitaldeasturias.com\\\/magazine365\\\/vietjetair-encarga-a-airbus-seis-a321ceo-adicionales-valorados-en-663-millones\\\/#mainImage\"},\"datePublished\":\"2015-06-18T07:10:43+02:00\",\"dateModified\":\"2015-06-18T07:10:43+02:00\"},{\"@type\":\"WebSite\",\"@id\":\"https:\\\/\\\/eldigitaldeasturias.com\\\/magazine365\\\/#website\",\"url\":\"https:\\\/\\\/eldigitaldeasturias.com\\\/magazine365\\\/\",\"name\":\"El Digital de Asturias\",\"description\":\"Revista de ocio, turismo y estilo de vida\",\"inLanguage\":\"es-ES\",\"publisher\":{\"@id\":\"https:\\\/\\\/eldigitaldeasturias.com\\\/magazine365\\\/#organization\"}}]}\n\t\t<\/script>\n\t\t<!-- All in One SEO Pro -->\r\n\t\t<title>VietJetAir encarga a Airbus seis A321ceo adicionales, valorados en 663 millones | El Digital de Asturias<\/title>\n\n","aioseo_head_json":{"title":"VietJetAir encarga a Airbus seis A321ceo adicionales, valorados en 663 millones | El Digital de Asturias","description":"VietJetAir ha realizado un pedido en firme con Airbus para la compra de seis A321ceo adicionales, valorado en 746,4 millones de d\u00f3lares (663 millones de euros), durante la tercera jornada del Sal\u00f3n Aeron\u00e1utico de Le Bourget, en las proximidades de Par\u00eds, inform\u00f3 el consorcio europeo. El contrato fue suscrito entre la presidente y consejera delegado","canonical_url":"https:\/\/eldigitaldeasturias.com\/magazine365\/vietjetair-encarga-a-airbus-seis-a321ceo-adicionales-valorados-en-663-millones\/","robots":"max-image-preview:large","keywords":"noticias y actualidad","webmasterTools":{"google-site-verification":"UA-38556648-1","miscellaneous":""},"schema":{"@context":"https:\/\/schema.org","@graph":[{"@type":"Article","@id":"https:\/\/eldigitaldeasturias.com\/magazine365\/vietjetair-encarga-a-airbus-seis-a321ceo-adicionales-valorados-en-663-millones\/#article","name":"VietJetAir encarga a Airbus seis A321ceo adicionales, valorados en 663 millones | El Digital de Asturias","headline":"VietJetAir encarga a Airbus seis A321ceo adicionales, valorados en 663 millones","author":{"@id":"https:\/\/eldigitaldeasturias.com\/magazine365\/author\/admin\/#author"},"publisher":{"@id":"https:\/\/eldigitaldeasturias.com\/magazine365\/#organization"},"image":{"@type":"ImageObject","url":"https:\/\/eldigitaldeasturias.com\/magazine365\/wp-content\/uploads\/2015\/06\/fotonoticia_20150617122624_800.jpg","width":800,"height":557},"datePublished":"2015-06-18T07:10:43+02:00","dateModified":"2015-06-18T07:10:43+02:00","inLanguage":"es-ES","mainEntityOfPage":{"@id":"https:\/\/eldigitaldeasturias.com\/magazine365\/vietjetair-encarga-a-airbus-seis-a321ceo-adicionales-valorados-en-663-millones\/#webpage"},"isPartOf":{"@id":"https:\/\/eldigitaldeasturias.com\/magazine365\/vietjetair-encarga-a-airbus-seis-a321ceo-adicionales-valorados-en-663-millones\/#webpage"},"articleSection":"Noticias y Actualidad"},{"@type":"BreadcrumbList","@id":"https:\/\/eldigitaldeasturias.com\/magazine365\/vietjetair-encarga-a-airbus-seis-a321ceo-adicionales-valorados-en-663-millones\/#breadcrumblist","itemListElement":[{"@type":"ListItem","@id":"https:\/\/eldigitaldeasturias.com\/magazine365#listItem","position":1,"name":"Home","item":"https:\/\/eldigitaldeasturias.com\/magazine365","nextItem":{"@type":"ListItem","@id":"https:\/\/eldigitaldeasturias.com\/magazine365\/category\/noticias-actualidad\/#listItem","name":"Noticias y Actualidad"}},{"@type":"ListItem","@id":"https:\/\/eldigitaldeasturias.com\/magazine365\/category\/noticias-actualidad\/#listItem","position":2,"name":"Noticias y Actualidad","item":"https:\/\/eldigitaldeasturias.com\/magazine365\/category\/noticias-actualidad\/","nextItem":{"@type":"ListItem","@id":"https:\/\/eldigitaldeasturias.com\/magazine365\/vietjetair-encarga-a-airbus-seis-a321ceo-adicionales-valorados-en-663-millones\/#listItem","name":"VietJetAir encarga a Airbus seis A321ceo adicionales, valorados en 663 millones"},"previousItem":{"@type":"ListItem","@id":"https:\/\/eldigitaldeasturias.com\/magazine365#listItem","name":"Home"}},{"@type":"ListItem","@id":"https:\/\/eldigitaldeasturias.com\/magazine365\/vietjetair-encarga-a-airbus-seis-a321ceo-adicionales-valorados-en-663-millones\/#listItem","position":3,"name":"VietJetAir encarga a Airbus seis A321ceo adicionales, valorados en 663 millones","previousItem":{"@type":"ListItem","@id":"https:\/\/eldigitaldeasturias.com\/magazine365\/category\/noticias-actualidad\/#listItem","name":"Noticias y Actualidad"}}]},{"@type":"Organization","@id":"https:\/\/eldigitaldeasturias.com\/magazine365\/#organization","name":"El digital de Asturias","description":"Revista de ocio, turismo y estilo de vida","url":"https:\/\/eldigitaldeasturias.com\/magazine365\/","logo":{"@type":"ImageObject","url":"https:\/\/www.eldigitaldeasturias.com\/noticias\/wp-content\/uploads\/2020\/12\/EDA.jpg","@id":"https:\/\/eldigitaldeasturias.com\/magazine365\/vietjetair-encarga-a-airbus-seis-a321ceo-adicionales-valorados-en-663-millones\/#organizationLogo"},"image":{"@id":"https:\/\/eldigitaldeasturias.com\/magazine365\/vietjetair-encarga-a-airbus-seis-a321ceo-adicionales-valorados-en-663-millones\/#organizationLogo"}},{"@type":"Person","@id":"https:\/\/eldigitaldeasturias.com\/magazine365\/author\/admin\/#author","url":"https:\/\/eldigitaldeasturias.com\/magazine365\/author\/admin\/","name":"admin","image":{"@type":"ImageObject","@id":"https:\/\/eldigitaldeasturias.com\/magazine365\/vietjetair-encarga-a-airbus-seis-a321ceo-adicionales-valorados-en-663-millones\/#authorImage","url":"https:\/\/eldigitaldeasturias.com\/magazine365\/wp-content\/litespeed\/avatar\/e571bcf59a0edd6fa6838245a470f2fe.jpg?ver=1776969259","width":96,"height":96,"caption":"admin"}},{"@type":"WebPage","@id":"https:\/\/eldigitaldeasturias.com\/magazine365\/vietjetair-encarga-a-airbus-seis-a321ceo-adicionales-valorados-en-663-millones\/#webpage","url":"https:\/\/eldigitaldeasturias.com\/magazine365\/vietjetair-encarga-a-airbus-seis-a321ceo-adicionales-valorados-en-663-millones\/","name":"VietJetAir encarga a Airbus seis A321ceo adicionales, valorados en 663 millones | El Digital de Asturias","description":"VietJetAir ha realizado un pedido en firme con Airbus para la compra de seis A321ceo adicionales, valorado en 746,4 millones de d\u00f3lares (663 millones de euros), durante la tercera jornada del Sal\u00f3n Aeron\u00e1utico de Le Bourget, en las proximidades de Par\u00eds, inform\u00f3 el consorcio europeo. El contrato fue suscrito entre la presidente y consejera delegado","inLanguage":"es-ES","isPartOf":{"@id":"https:\/\/eldigitaldeasturias.com\/magazine365\/#website"},"breadcrumb":{"@id":"https:\/\/eldigitaldeasturias.com\/magazine365\/vietjetair-encarga-a-airbus-seis-a321ceo-adicionales-valorados-en-663-millones\/#breadcrumblist"},"author":{"@id":"https:\/\/eldigitaldeasturias.com\/magazine365\/author\/admin\/#author"},"creator":{"@id":"https:\/\/eldigitaldeasturias.com\/magazine365\/author\/admin\/#author"},"image":{"@type":"ImageObject","url":"https:\/\/eldigitaldeasturias.com\/magazine365\/wp-content\/uploads\/2015\/06\/fotonoticia_20150617122624_800.jpg","@id":"https:\/\/eldigitaldeasturias.com\/magazine365\/vietjetair-encarga-a-airbus-seis-a321ceo-adicionales-valorados-en-663-millones\/#mainImage","width":800,"height":557},"primaryImageOfPage":{"@id":"https:\/\/eldigitaldeasturias.com\/magazine365\/vietjetair-encarga-a-airbus-seis-a321ceo-adicionales-valorados-en-663-millones\/#mainImage"},"datePublished":"2015-06-18T07:10:43+02:00","dateModified":"2015-06-18T07:10:43+02:00"},{"@type":"WebSite","@id":"https:\/\/eldigitaldeasturias.com\/magazine365\/#website","url":"https:\/\/eldigitaldeasturias.com\/magazine365\/","name":"El Digital de Asturias","description":"Revista de ocio, turismo y estilo de vida","inLanguage":"es-ES","publisher":{"@id":"https:\/\/eldigitaldeasturias.com\/magazine365\/#organization"}}]},"og:locale":"es_ES","og:site_name":"El Digital de Asturias \u2013 Revista de ocio, turismo y estilo de vida","og:type":"article","og:title":"VietJetAir encarga a Airbus seis A321ceo adicionales, valorados en 663 millones | El Digital de Asturias","og:description":"VietJetAir ha realizado un pedido en firme con Airbus para la compra de seis A321ceo adicionales, valorado en 746,4 millones de d\u00f3lares (663 millones de euros), durante la tercera jornada del Sal\u00f3n Aeron\u00e1utico de Le Bourget, en las proximidades de Par\u00eds, inform\u00f3 el consorcio europeo. El contrato fue suscrito entre la presidente y consejera delegado","og:url":"https:\/\/eldigitaldeasturias.com\/magazine365\/vietjetair-encarga-a-airbus-seis-a321ceo-adicionales-valorados-en-663-millones\/","og:image":"https:\/\/eldigitaldeasturias.com\/magazine365\/wp-content\/uploads\/2015\/06\/fotonoticia_20150617122624_800.jpg","og:image:secure_url":"https:\/\/eldigitaldeasturias.com\/magazine365\/wp-content\/uploads\/2015\/06\/fotonoticia_20150617122624_800.jpg","og:image:width":800,"og:image:height":557,"article:published_time":"2015-06-18T05:40:43+00:00","article:modified_time":"2015-06-18T05:40:43+00:00","twitter:card":"summary_large_image","twitter:title":"VietJetAir encarga a Airbus seis A321ceo adicionales, valorados en 663 millones | El Digital de Asturias","twitter:description":"VietJetAir ha realizado un pedido en firme con Airbus para la compra de seis A321ceo adicionales, valorado en 746,4 millones de d\u00f3lares (663 millones de euros), durante la tercera jornada del Sal\u00f3n Aeron\u00e1utico de Le Bourget, en las proximidades de Par\u00eds, inform\u00f3 el consorcio europeo. El contrato fue suscrito entre la presidente y consejera delegado","twitter:image":"https:\/\/eldigitaldeasturias.com\/magazine365\/wp-content\/uploads\/2015\/06\/fotonoticia_20150617122624_800.jpg"},"aioseo_meta_data":{"post_id":"40133","title":null,"description":null,"keywords":null,"keyphrases":null,"primary_term":null,"canonical_url":null,"og_title":null,"og_description":null,"og_object_type":"default","og_image_type":"default","og_image_url":null,"og_image_width":null,"og_image_height":null,"og_image_custom_url":null,"og_image_custom_fields":null,"og_video":null,"og_custom_url":null,"og_article_section":null,"og_article_tags":null,"twitter_use_og":false,"twitter_card":"default","twitter_image_type":"default","twitter_image_url":null,"twitter_image_custom_url":null,"twitter_image_custom_fields":null,"twitter_title":null,"twitter_description":null,"schema":{"blockGraphs":[],"customGraphs":[],"default":{"data":{"Article":[],"Course":[],"Dataset":[],"FAQPage":[],"Movie":[],"Person":[],"Product":[],"ProductReview":[],"Car":[],"Recipe":[],"Service":[],"SoftwareApplication":[],"WebPage":[]},"graphName":"","isEnabled":true},"graphs":[],"defaultGraph":"","defaultPostTypeGraph":""},"schema_type":null,"schema_type_options":null,"pillar_content":false,"robots_default":true,"robots_noindex":false,"robots_noarchive":false,"robots_nosnippet":false,"robots_nofollow":false,"robots_noimageindex":false,"robots_noodp":false,"robots_notranslate":false,"robots_max_snippet":null,"robots_max_videopreview":null,"robots_max_imagepreview":"large","priority":null,"frequency":null,"location":null,"local_seo":null,"seo_analyzer_scan_date":"2025-09-19 13:00:03","breadcrumb_settings":null,"limit_modified_date":false,"open_ai":null,"ai":null,"created":"2021-03-09 02:32:56","updated":"2025-09-19 13:00:03"},"aioseo_breadcrumb":"<div class=\"aioseo-breadcrumbs\"><span class=\"aioseo-breadcrumb\">\n\t<a href=\"https:\/\/eldigitaldeasturias.com\/magazine365\" title=\"Home\">Home<\/a>\n<\/span><span class=\"aioseo-breadcrumb-separator\">\u2013<\/span><span class=\"aioseo-breadcrumb\">\n\t<a href=\"https:\/\/eldigitaldeasturias.com\/magazine365\/category\/noticias-actualidad\/\" title=\"Noticias y Actualidad\">Noticias y Actualidad<\/a>\n<\/span><span class=\"aioseo-breadcrumb-separator\">\u2013<\/span><span class=\"aioseo-breadcrumb\">\n\t<a href=\"https:\/\/eldigitaldeasturias.com\/magazine365\/vietjetair-encarga-a-airbus-seis-a321ceo-adicionales-valorados-en-663-millones\/\" title=\"VietJetAir encarga a Airbus seis A321ceo adicionales, valorados en 663 millones\">VietJetAir encarga a Airbus seis A321ceo adicionales, valorados en 663 millones<\/a>\n<\/span><\/div>","aioseo_breadcrumb_json":[{"label":"Home","link":"https:\/\/eldigitaldeasturias.com\/magazine365"},{"label":"Noticias y Actualidad","link":"https:\/\/eldigitaldeasturias.com\/magazine365\/category\/noticias-actualidad\/"},{"label":"VietJetAir encarga a Airbus seis A321ceo adicionales, valorados en 663 millones","link":"https:\/\/eldigitaldeasturias.com\/magazine365\/vietjetair-encarga-a-airbus-seis-a321ceo-adicionales-valorados-en-663-millones\/"}],"_links":{"self":[{"href":"https:\/\/eldigitaldeasturias.com\/magazine365\/wp-json\/wp\/v2\/posts\/40133","targetHints":{"allow":["GET"]}}],"collection":[{"href":"https:\/\/eldigitaldeasturias.com\/magazine365\/wp-json\/wp\/v2\/posts"}],"about":[{"href":"https:\/\/eldigitaldeasturias.com\/magazine365\/wp-json\/wp\/v2\/types\/post"}],"author":[{"embeddable":true,"href":"https:\/\/eldigitaldeasturias.com\/magazine365\/wp-json\/wp\/v2\/users\/1"}],"replies":[{"embeddable":true,"href":"https:\/\/eldigitaldeasturias.com\/magazine365\/wp-json\/wp\/v2\/comments?post=40133"}],"version-history":[{"count":0,"href":"https:\/\/eldigitaldeasturias.com\/magazine365\/wp-json\/wp\/v2\/posts\/40133\/revisions"}],"wp:featuredmedia":[{"embeddable":true,"href":"https:\/\/eldigitaldeasturias.com\/magazine365\/wp-json\/wp\/v2\/media\/40134"}],"wp:attachment":[{"href":"https:\/\/eldigitaldeasturias.com\/magazine365\/wp-json\/wp\/v2\/media?parent=40133"}],"wp:term":[{"taxonomy":"category","embeddable":true,"href":"https:\/\/eldigitaldeasturias.com\/magazine365\/wp-json\/wp\/v2\/categories?post=40133"},{"taxonomy":"post_tag","embeddable":true,"href":"https:\/\/eldigitaldeasturias.com\/magazine365\/wp-json\/wp\/v2\/tags?post=40133"}],"curies":[{"name":"wp","href":"https:\/\/api.w.org\/{rel}","templated":true}]}}