{"id":40130,"date":"2015-06-18T07:09:08","date_gmt":"2015-06-18T05:39:08","guid":{"rendered":"http:\/\/eldigitaldeasturias.com\/magazine365\/?p=40130"},"modified":"2015-06-18T07:09:08","modified_gmt":"2015-06-18T05:39:08","slug":"airbus-vende-a-una-aerolinea-asiatica-60-aviones-a320neo","status":"publish","type":"post","link":"https:\/\/eldigitaldeasturias.com\/magazine365\/airbus-vende-a-una-aerolinea-asiatica-60-aviones-a320neo\/","title":{"rendered":"Airbus vende a una aerol\u00ednea asi\u00e1tica 60 aviones A320neo"},"content":{"rendered":"<p><img fetchpriority=\"high\" decoding=\"async\" class=\"alignleft size-medium wp-image-40131\" src=\"https:\/\/eldigitaldeasturias.com\/magazine365\/wp-content\/uploads\/2015\/06\/fotonoticia_20150617121411_800-360x251.jpg\" alt=\"fotonoticia_20150617121411_800\" width=\"360\" height=\"251\" srcset=\"https:\/\/eldigitaldeasturias.com\/magazine365\/wp-content\/uploads\/2015\/06\/fotonoticia_20150617121411_800-360x251.jpg 360w, https:\/\/eldigitaldeasturias.com\/magazine365\/wp-content\/uploads\/2015\/06\/fotonoticia_20150617121411_800-650x453.jpg 650w, https:\/\/eldigitaldeasturias.com\/magazine365\/wp-content\/uploads\/2015\/06\/fotonoticia_20150617121411_800-768x535.jpg 768w, https:\/\/eldigitaldeasturias.com\/magazine365\/wp-content\/uploads\/2015\/06\/fotonoticia_20150617121411_800-150x104.jpg 150w, https:\/\/eldigitaldeasturias.com\/magazine365\/wp-content\/uploads\/2015\/06\/fotonoticia_20150617121411_800-450x313.jpg 450w, https:\/\/eldigitaldeasturias.com\/magazine365\/wp-content\/uploads\/2015\/06\/fotonoticia_20150617121411_800-100x70.jpg 100w, https:\/\/eldigitaldeasturias.com\/magazine365\/wp-content\/uploads\/2015\/06\/fotonoticia_20150617121411_800-696x485.jpg 696w, https:\/\/eldigitaldeasturias.com\/magazine365\/wp-content\/uploads\/2015\/06\/fotonoticia_20150617121411_800-603x420.jpg 603w, https:\/\/eldigitaldeasturias.com\/magazine365\/wp-content\/uploads\/2015\/06\/fotonoticia_20150617121411_800.jpg 800w\" sizes=\"(max-width: 360px) 100vw, 360px\" \/>Airbus ha anunciado hoy la firma de un memorando de entendimiento (MoU) con una aerol\u00ednea asi\u00e1tica para la compra de 60 aviones A320neo, pedido valorado en m\u00e1s de 6.372 millones de d\u00f3lares (m\u00e1s de 5.656 millones de euros), a precio de cat\u00e1logo, durante la tercera jornada del Sal\u00f3n Aeron\u00e1utico de Par\u00eds.<\/p>\n<p>El fabricante, que no desvel\u00f3 la identidad de la compa\u00f1\u00eda a\u00e9rea, destac\u00f3 el r\u00e1pido crecimiento que est\u00e1 registrado Asia en cuanto a la demanda de aviones.<\/p>\n<p>La familia A320neo es la de mayor venta entre los aviones de pasillo \u00fanico del mundo, con casi 3.800 pedidos recibidos de 72 clientes desde su lanzamiento en 2010, con una cuota del 60% del mercado.<\/p>\n<p>Ofrece tres tama\u00f1os diferentes (A319neo, A320neo y A321neo), con capacidad para entre 100 y 240 pasajeros. Hasta la fecha, la familia A320 suma m\u00e1s de 11.700 pedidos y m\u00e1s de 6.500 aviones entregas a m\u00e1s de 300 operadores en todo el mundo.<\/p>\n","protected":false},"excerpt":{"rendered":"<p>Airbus ha anunciado hoy la firma de un memorando de entendimiento (MoU) con una aerol\u00ednea asi\u00e1tica para la compra de 60 aviones A320neo, pedido valorado en m\u00e1s de 6.372 millones de d\u00f3lares (m\u00e1s de 5.656 millones de euros), a precio de cat\u00e1logo, durante la tercera jornada del Sal\u00f3n Aeron\u00e1utico de Par\u00eds. El fabricante, que no<\/p>\n","protected":false},"author":1,"featured_media":40131,"comment_status":"open","ping_status":"closed","sticky":false,"template":"","format":"standard","meta":{"footnotes":""},"categories":[224],"tags":[],"class_list":{"0":"post-40130","1":"post","2":"type-post","3":"status-publish","4":"format-standard","5":"has-post-thumbnail","7":"category-noticias-actualidad"},"aioseo_notices":[],"aioseo_head":"\n\t\t<!-- All in One SEO Pro 4.9.6.1 - aioseo.com -->\n\t<meta name=\"description\" content=\"Airbus ha anunciado hoy la firma de un memorando de entendimiento (MoU) con una aerol\u00ednea asi\u00e1tica para la compra de 60 aviones A320neo, pedido valorado en m\u00e1s de 6.372 millones de d\u00f3lares (m\u00e1s de 5.656 millones de euros), a precio de cat\u00e1logo, durante la tercera jornada del Sal\u00f3n Aeron\u00e1utico de Par\u00eds. El fabricante, que no\" \/>\n\t<meta name=\"robots\" content=\"max-image-preview:large\" \/>\n\t<meta name=\"author\" content=\"admin\"\/>\n\t<meta name=\"google-site-verification\" content=\"UA-38556648-1\" \/>\n\t<meta name=\"keywords\" content=\"noticias y actualidad\" \/>\n\t<link rel=\"canonical\" href=\"https:\/\/eldigitaldeasturias.com\/magazine365\/airbus-vende-a-una-aerolinea-asiatica-60-aviones-a320neo\/\" \/>\n\t<meta name=\"generator\" content=\"All in One SEO Pro (AIOSEO) 4.9.6.1\" \/>\n\t\t<meta property=\"og:locale\" content=\"es_ES\" \/>\n\t\t<meta property=\"og:site_name\" content=\"El Digital de Asturias \u2013 Revista de ocio, turismo y estilo de vida\" \/>\n\t\t<meta property=\"og:type\" content=\"article\" \/>\n\t\t<meta property=\"og:title\" content=\"Airbus vende a una aerol\u00ednea asi\u00e1tica 60 aviones A320neo | El Digital de Asturias\" \/>\n\t\t<meta property=\"og:description\" content=\"Airbus ha anunciado hoy la firma de un memorando de entendimiento (MoU) con una aerol\u00ednea asi\u00e1tica para la compra de 60 aviones A320neo, pedido valorado en m\u00e1s de 6.372 millones de d\u00f3lares (m\u00e1s de 5.656 millones de euros), a precio de cat\u00e1logo, durante la tercera jornada del Sal\u00f3n Aeron\u00e1utico de Par\u00eds. El fabricante, que no\" \/>\n\t\t<meta property=\"og:url\" content=\"https:\/\/eldigitaldeasturias.com\/magazine365\/airbus-vende-a-una-aerolinea-asiatica-60-aviones-a320neo\/\" \/>\n\t\t<meta property=\"og:image\" content=\"https:\/\/eldigitaldeasturias.com\/magazine365\/wp-content\/uploads\/2015\/06\/fotonoticia_20150617121411_800.jpg\" \/>\n\t\t<meta property=\"og:image:secure_url\" content=\"https:\/\/eldigitaldeasturias.com\/magazine365\/wp-content\/uploads\/2015\/06\/fotonoticia_20150617121411_800.jpg\" \/>\n\t\t<meta property=\"og:image:width\" content=\"800\" \/>\n\t\t<meta property=\"og:image:height\" content=\"557\" \/>\n\t\t<meta property=\"article:published_time\" content=\"2015-06-18T05:39:08+00:00\" \/>\n\t\t<meta property=\"article:modified_time\" content=\"2015-06-18T05:39:08+00:00\" \/>\n\t\t<meta name=\"twitter:card\" content=\"summary_large_image\" \/>\n\t\t<meta name=\"twitter:title\" content=\"Airbus vende a una aerol\u00ednea asi\u00e1tica 60 aviones A320neo | El Digital de Asturias\" \/>\n\t\t<meta name=\"twitter:description\" content=\"Airbus ha anunciado hoy la firma de un memorando de entendimiento (MoU) con una aerol\u00ednea asi\u00e1tica para la compra de 60 aviones A320neo, pedido valorado en m\u00e1s de 6.372 millones de d\u00f3lares (m\u00e1s de 5.656 millones de euros), a precio de cat\u00e1logo, durante la tercera jornada del Sal\u00f3n Aeron\u00e1utico de Par\u00eds. El fabricante, que no\" \/>\n\t\t<meta name=\"twitter:image\" content=\"https:\/\/eldigitaldeasturias.com\/magazine365\/wp-content\/uploads\/2015\/06\/fotonoticia_20150617121411_800.jpg\" \/>\n\t\t<script type=\"application\/ld+json\" class=\"aioseo-schema\">\n\t\t\t{\"@context\":\"https:\\\/\\\/schema.org\",\"@graph\":[{\"@type\":\"Article\",\"@id\":\"https:\\\/\\\/eldigitaldeasturias.com\\\/magazine365\\\/airbus-vende-a-una-aerolinea-asiatica-60-aviones-a320neo\\\/#article\",\"name\":\"Airbus vende a una aerol\\u00ednea asi\\u00e1tica 60 aviones A320neo | El Digital de Asturias\",\"headline\":\"Airbus vende a una aerol\\u00ednea asi\\u00e1tica 60 aviones A320neo\",\"author\":{\"@id\":\"https:\\\/\\\/eldigitaldeasturias.com\\\/magazine365\\\/author\\\/admin\\\/#author\"},\"publisher\":{\"@id\":\"https:\\\/\\\/eldigitaldeasturias.com\\\/magazine365\\\/#organization\"},\"image\":{\"@type\":\"ImageObject\",\"url\":\"https:\\\/\\\/eldigitaldeasturias.com\\\/magazine365\\\/wp-content\\\/uploads\\\/2015\\\/06\\\/fotonoticia_20150617121411_800.jpg\",\"width\":800,\"height\":557},\"datePublished\":\"2015-06-18T07:09:08+02:00\",\"dateModified\":\"2015-06-18T07:09:08+02:00\",\"inLanguage\":\"es-ES\",\"mainEntityOfPage\":{\"@id\":\"https:\\\/\\\/eldigitaldeasturias.com\\\/magazine365\\\/airbus-vende-a-una-aerolinea-asiatica-60-aviones-a320neo\\\/#webpage\"},\"isPartOf\":{\"@id\":\"https:\\\/\\\/eldigitaldeasturias.com\\\/magazine365\\\/airbus-vende-a-una-aerolinea-asiatica-60-aviones-a320neo\\\/#webpage\"},\"articleSection\":\"Noticias y Actualidad\"},{\"@type\":\"BreadcrumbList\",\"@id\":\"https:\\\/\\\/eldigitaldeasturias.com\\\/magazine365\\\/airbus-vende-a-una-aerolinea-asiatica-60-aviones-a320neo\\\/#breadcrumblist\",\"itemListElement\":[{\"@type\":\"ListItem\",\"@id\":\"https:\\\/\\\/eldigitaldeasturias.com\\\/magazine365#listItem\",\"position\":1,\"name\":\"Home\",\"item\":\"https:\\\/\\\/eldigitaldeasturias.com\\\/magazine365\",\"nextItem\":{\"@type\":\"ListItem\",\"@id\":\"https:\\\/\\\/eldigitaldeasturias.com\\\/magazine365\\\/category\\\/noticias-actualidad\\\/#listItem\",\"name\":\"Noticias y Actualidad\"}},{\"@type\":\"ListItem\",\"@id\":\"https:\\\/\\\/eldigitaldeasturias.com\\\/magazine365\\\/category\\\/noticias-actualidad\\\/#listItem\",\"position\":2,\"name\":\"Noticias y Actualidad\",\"item\":\"https:\\\/\\\/eldigitaldeasturias.com\\\/magazine365\\\/category\\\/noticias-actualidad\\\/\",\"nextItem\":{\"@type\":\"ListItem\",\"@id\":\"https:\\\/\\\/eldigitaldeasturias.com\\\/magazine365\\\/airbus-vende-a-una-aerolinea-asiatica-60-aviones-a320neo\\\/#listItem\",\"name\":\"Airbus vende a una aerol\\u00ednea asi\\u00e1tica 60 aviones A320neo\"},\"previousItem\":{\"@type\":\"ListItem\",\"@id\":\"https:\\\/\\\/eldigitaldeasturias.com\\\/magazine365#listItem\",\"name\":\"Home\"}},{\"@type\":\"ListItem\",\"@id\":\"https:\\\/\\\/eldigitaldeasturias.com\\\/magazine365\\\/airbus-vende-a-una-aerolinea-asiatica-60-aviones-a320neo\\\/#listItem\",\"position\":3,\"name\":\"Airbus vende a una aerol\\u00ednea asi\\u00e1tica 60 aviones A320neo\",\"previousItem\":{\"@type\":\"ListItem\",\"@id\":\"https:\\\/\\\/eldigitaldeasturias.com\\\/magazine365\\\/category\\\/noticias-actualidad\\\/#listItem\",\"name\":\"Noticias y Actualidad\"}}]},{\"@type\":\"Organization\",\"@id\":\"https:\\\/\\\/eldigitaldeasturias.com\\\/magazine365\\\/#organization\",\"name\":\"El digital de Asturias\",\"description\":\"Revista de ocio, turismo y estilo de vida\",\"url\":\"https:\\\/\\\/eldigitaldeasturias.com\\\/magazine365\\\/\",\"logo\":{\"@type\":\"ImageObject\",\"url\":\"https:\\\/\\\/www.eldigitaldeasturias.com\\\/noticias\\\/wp-content\\\/uploads\\\/2020\\\/12\\\/EDA.jpg\",\"@id\":\"https:\\\/\\\/eldigitaldeasturias.com\\\/magazine365\\\/airbus-vende-a-una-aerolinea-asiatica-60-aviones-a320neo\\\/#organizationLogo\"},\"image\":{\"@id\":\"https:\\\/\\\/eldigitaldeasturias.com\\\/magazine365\\\/airbus-vende-a-una-aerolinea-asiatica-60-aviones-a320neo\\\/#organizationLogo\"}},{\"@type\":\"Person\",\"@id\":\"https:\\\/\\\/eldigitaldeasturias.com\\\/magazine365\\\/author\\\/admin\\\/#author\",\"url\":\"https:\\\/\\\/eldigitaldeasturias.com\\\/magazine365\\\/author\\\/admin\\\/\",\"name\":\"admin\",\"image\":{\"@type\":\"ImageObject\",\"@id\":\"https:\\\/\\\/eldigitaldeasturias.com\\\/magazine365\\\/airbus-vende-a-una-aerolinea-asiatica-60-aviones-a320neo\\\/#authorImage\",\"url\":\"https:\\\/\\\/eldigitaldeasturias.com\\\/magazine365\\\/wp-content\\\/litespeed\\\/avatar\\\/e571bcf59a0edd6fa6838245a470f2fe.jpg?ver=1776969259\",\"width\":96,\"height\":96,\"caption\":\"admin\"}},{\"@type\":\"WebPage\",\"@id\":\"https:\\\/\\\/eldigitaldeasturias.com\\\/magazine365\\\/airbus-vende-a-una-aerolinea-asiatica-60-aviones-a320neo\\\/#webpage\",\"url\":\"https:\\\/\\\/eldigitaldeasturias.com\\\/magazine365\\\/airbus-vende-a-una-aerolinea-asiatica-60-aviones-a320neo\\\/\",\"name\":\"Airbus vende a una aerol\\u00ednea asi\\u00e1tica 60 aviones A320neo | El Digital de Asturias\",\"description\":\"Airbus ha anunciado hoy la firma de un memorando de entendimiento (MoU) con una aerol\\u00ednea asi\\u00e1tica para la compra de 60 aviones A320neo, pedido valorado en m\\u00e1s de 6.372 millones de d\\u00f3lares (m\\u00e1s de 5.656 millones de euros), a precio de cat\\u00e1logo, durante la tercera jornada del Sal\\u00f3n Aeron\\u00e1utico de Par\\u00eds. El fabricante, que no\",\"inLanguage\":\"es-ES\",\"isPartOf\":{\"@id\":\"https:\\\/\\\/eldigitaldeasturias.com\\\/magazine365\\\/#website\"},\"breadcrumb\":{\"@id\":\"https:\\\/\\\/eldigitaldeasturias.com\\\/magazine365\\\/airbus-vende-a-una-aerolinea-asiatica-60-aviones-a320neo\\\/#breadcrumblist\"},\"author\":{\"@id\":\"https:\\\/\\\/eldigitaldeasturias.com\\\/magazine365\\\/author\\\/admin\\\/#author\"},\"creator\":{\"@id\":\"https:\\\/\\\/eldigitaldeasturias.com\\\/magazine365\\\/author\\\/admin\\\/#author\"},\"image\":{\"@type\":\"ImageObject\",\"url\":\"https:\\\/\\\/eldigitaldeasturias.com\\\/magazine365\\\/wp-content\\\/uploads\\\/2015\\\/06\\\/fotonoticia_20150617121411_800.jpg\",\"@id\":\"https:\\\/\\\/eldigitaldeasturias.com\\\/magazine365\\\/airbus-vende-a-una-aerolinea-asiatica-60-aviones-a320neo\\\/#mainImage\",\"width\":800,\"height\":557},\"primaryImageOfPage\":{\"@id\":\"https:\\\/\\\/eldigitaldeasturias.com\\\/magazine365\\\/airbus-vende-a-una-aerolinea-asiatica-60-aviones-a320neo\\\/#mainImage\"},\"datePublished\":\"2015-06-18T07:09:08+02:00\",\"dateModified\":\"2015-06-18T07:09:08+02:00\"},{\"@type\":\"WebSite\",\"@id\":\"https:\\\/\\\/eldigitaldeasturias.com\\\/magazine365\\\/#website\",\"url\":\"https:\\\/\\\/eldigitaldeasturias.com\\\/magazine365\\\/\",\"name\":\"El Digital de Asturias\",\"description\":\"Revista de ocio, turismo y estilo de vida\",\"inLanguage\":\"es-ES\",\"publisher\":{\"@id\":\"https:\\\/\\\/eldigitaldeasturias.com\\\/magazine365\\\/#organization\"}}]}\n\t\t<\/script>\n\t\t<!-- All in One SEO Pro -->\r\n\t\t<title>Airbus vende a una aerol\u00ednea asi\u00e1tica 60 aviones A320neo | El Digital de Asturias<\/title>\n\n","aioseo_head_json":{"title":"Airbus vende a una aerol\u00ednea asi\u00e1tica 60 aviones A320neo | El Digital de Asturias","description":"Airbus ha anunciado hoy la firma de un memorando de entendimiento (MoU) con una aerol\u00ednea asi\u00e1tica para la compra de 60 aviones A320neo, pedido valorado en m\u00e1s de 6.372 millones de d\u00f3lares (m\u00e1s de 5.656 millones de euros), a precio de cat\u00e1logo, durante la tercera jornada del Sal\u00f3n Aeron\u00e1utico de Par\u00eds. El fabricante, que no","canonical_url":"https:\/\/eldigitaldeasturias.com\/magazine365\/airbus-vende-a-una-aerolinea-asiatica-60-aviones-a320neo\/","robots":"max-image-preview:large","keywords":"noticias y actualidad","webmasterTools":{"google-site-verification":"UA-38556648-1","miscellaneous":""},"schema":{"@context":"https:\/\/schema.org","@graph":[{"@type":"Article","@id":"https:\/\/eldigitaldeasturias.com\/magazine365\/airbus-vende-a-una-aerolinea-asiatica-60-aviones-a320neo\/#article","name":"Airbus vende a una aerol\u00ednea asi\u00e1tica 60 aviones A320neo | El Digital de Asturias","headline":"Airbus vende a una aerol\u00ednea asi\u00e1tica 60 aviones A320neo","author":{"@id":"https:\/\/eldigitaldeasturias.com\/magazine365\/author\/admin\/#author"},"publisher":{"@id":"https:\/\/eldigitaldeasturias.com\/magazine365\/#organization"},"image":{"@type":"ImageObject","url":"https:\/\/eldigitaldeasturias.com\/magazine365\/wp-content\/uploads\/2015\/06\/fotonoticia_20150617121411_800.jpg","width":800,"height":557},"datePublished":"2015-06-18T07:09:08+02:00","dateModified":"2015-06-18T07:09:08+02:00","inLanguage":"es-ES","mainEntityOfPage":{"@id":"https:\/\/eldigitaldeasturias.com\/magazine365\/airbus-vende-a-una-aerolinea-asiatica-60-aviones-a320neo\/#webpage"},"isPartOf":{"@id":"https:\/\/eldigitaldeasturias.com\/magazine365\/airbus-vende-a-una-aerolinea-asiatica-60-aviones-a320neo\/#webpage"},"articleSection":"Noticias y Actualidad"},{"@type":"BreadcrumbList","@id":"https:\/\/eldigitaldeasturias.com\/magazine365\/airbus-vende-a-una-aerolinea-asiatica-60-aviones-a320neo\/#breadcrumblist","itemListElement":[{"@type":"ListItem","@id":"https:\/\/eldigitaldeasturias.com\/magazine365#listItem","position":1,"name":"Home","item":"https:\/\/eldigitaldeasturias.com\/magazine365","nextItem":{"@type":"ListItem","@id":"https:\/\/eldigitaldeasturias.com\/magazine365\/category\/noticias-actualidad\/#listItem","name":"Noticias y Actualidad"}},{"@type":"ListItem","@id":"https:\/\/eldigitaldeasturias.com\/magazine365\/category\/noticias-actualidad\/#listItem","position":2,"name":"Noticias y Actualidad","item":"https:\/\/eldigitaldeasturias.com\/magazine365\/category\/noticias-actualidad\/","nextItem":{"@type":"ListItem","@id":"https:\/\/eldigitaldeasturias.com\/magazine365\/airbus-vende-a-una-aerolinea-asiatica-60-aviones-a320neo\/#listItem","name":"Airbus vende a una aerol\u00ednea asi\u00e1tica 60 aviones A320neo"},"previousItem":{"@type":"ListItem","@id":"https:\/\/eldigitaldeasturias.com\/magazine365#listItem","name":"Home"}},{"@type":"ListItem","@id":"https:\/\/eldigitaldeasturias.com\/magazine365\/airbus-vende-a-una-aerolinea-asiatica-60-aviones-a320neo\/#listItem","position":3,"name":"Airbus vende a una aerol\u00ednea asi\u00e1tica 60 aviones A320neo","previousItem":{"@type":"ListItem","@id":"https:\/\/eldigitaldeasturias.com\/magazine365\/category\/noticias-actualidad\/#listItem","name":"Noticias y Actualidad"}}]},{"@type":"Organization","@id":"https:\/\/eldigitaldeasturias.com\/magazine365\/#organization","name":"El digital de Asturias","description":"Revista de ocio, turismo y estilo de vida","url":"https:\/\/eldigitaldeasturias.com\/magazine365\/","logo":{"@type":"ImageObject","url":"https:\/\/www.eldigitaldeasturias.com\/noticias\/wp-content\/uploads\/2020\/12\/EDA.jpg","@id":"https:\/\/eldigitaldeasturias.com\/magazine365\/airbus-vende-a-una-aerolinea-asiatica-60-aviones-a320neo\/#organizationLogo"},"image":{"@id":"https:\/\/eldigitaldeasturias.com\/magazine365\/airbus-vende-a-una-aerolinea-asiatica-60-aviones-a320neo\/#organizationLogo"}},{"@type":"Person","@id":"https:\/\/eldigitaldeasturias.com\/magazine365\/author\/admin\/#author","url":"https:\/\/eldigitaldeasturias.com\/magazine365\/author\/admin\/","name":"admin","image":{"@type":"ImageObject","@id":"https:\/\/eldigitaldeasturias.com\/magazine365\/airbus-vende-a-una-aerolinea-asiatica-60-aviones-a320neo\/#authorImage","url":"https:\/\/eldigitaldeasturias.com\/magazine365\/wp-content\/litespeed\/avatar\/e571bcf59a0edd6fa6838245a470f2fe.jpg?ver=1776969259","width":96,"height":96,"caption":"admin"}},{"@type":"WebPage","@id":"https:\/\/eldigitaldeasturias.com\/magazine365\/airbus-vende-a-una-aerolinea-asiatica-60-aviones-a320neo\/#webpage","url":"https:\/\/eldigitaldeasturias.com\/magazine365\/airbus-vende-a-una-aerolinea-asiatica-60-aviones-a320neo\/","name":"Airbus vende a una aerol\u00ednea asi\u00e1tica 60 aviones A320neo | El Digital de Asturias","description":"Airbus ha anunciado hoy la firma de un memorando de entendimiento (MoU) con una aerol\u00ednea asi\u00e1tica para la compra de 60 aviones A320neo, pedido valorado en m\u00e1s de 6.372 millones de d\u00f3lares (m\u00e1s de 5.656 millones de euros), a precio de cat\u00e1logo, durante la tercera jornada del Sal\u00f3n Aeron\u00e1utico de Par\u00eds. El fabricante, que no","inLanguage":"es-ES","isPartOf":{"@id":"https:\/\/eldigitaldeasturias.com\/magazine365\/#website"},"breadcrumb":{"@id":"https:\/\/eldigitaldeasturias.com\/magazine365\/airbus-vende-a-una-aerolinea-asiatica-60-aviones-a320neo\/#breadcrumblist"},"author":{"@id":"https:\/\/eldigitaldeasturias.com\/magazine365\/author\/admin\/#author"},"creator":{"@id":"https:\/\/eldigitaldeasturias.com\/magazine365\/author\/admin\/#author"},"image":{"@type":"ImageObject","url":"https:\/\/eldigitaldeasturias.com\/magazine365\/wp-content\/uploads\/2015\/06\/fotonoticia_20150617121411_800.jpg","@id":"https:\/\/eldigitaldeasturias.com\/magazine365\/airbus-vende-a-una-aerolinea-asiatica-60-aviones-a320neo\/#mainImage","width":800,"height":557},"primaryImageOfPage":{"@id":"https:\/\/eldigitaldeasturias.com\/magazine365\/airbus-vende-a-una-aerolinea-asiatica-60-aviones-a320neo\/#mainImage"},"datePublished":"2015-06-18T07:09:08+02:00","dateModified":"2015-06-18T07:09:08+02:00"},{"@type":"WebSite","@id":"https:\/\/eldigitaldeasturias.com\/magazine365\/#website","url":"https:\/\/eldigitaldeasturias.com\/magazine365\/","name":"El Digital de Asturias","description":"Revista de ocio, turismo y estilo de vida","inLanguage":"es-ES","publisher":{"@id":"https:\/\/eldigitaldeasturias.com\/magazine365\/#organization"}}]},"og:locale":"es_ES","og:site_name":"El Digital de Asturias \u2013 Revista de ocio, turismo y estilo de vida","og:type":"article","og:title":"Airbus vende a una aerol\u00ednea asi\u00e1tica 60 aviones A320neo | El Digital de Asturias","og:description":"Airbus ha anunciado hoy la firma de un memorando de entendimiento (MoU) con una aerol\u00ednea asi\u00e1tica para la compra de 60 aviones A320neo, pedido valorado en m\u00e1s de 6.372 millones de d\u00f3lares (m\u00e1s de 5.656 millones de euros), a precio de cat\u00e1logo, durante la tercera jornada del Sal\u00f3n Aeron\u00e1utico de Par\u00eds. El fabricante, que no","og:url":"https:\/\/eldigitaldeasturias.com\/magazine365\/airbus-vende-a-una-aerolinea-asiatica-60-aviones-a320neo\/","og:image":"https:\/\/eldigitaldeasturias.com\/magazine365\/wp-content\/uploads\/2015\/06\/fotonoticia_20150617121411_800.jpg","og:image:secure_url":"https:\/\/eldigitaldeasturias.com\/magazine365\/wp-content\/uploads\/2015\/06\/fotonoticia_20150617121411_800.jpg","og:image:width":800,"og:image:height":557,"article:published_time":"2015-06-18T05:39:08+00:00","article:modified_time":"2015-06-18T05:39:08+00:00","twitter:card":"summary_large_image","twitter:title":"Airbus vende a una aerol\u00ednea asi\u00e1tica 60 aviones A320neo | El Digital de Asturias","twitter:description":"Airbus ha anunciado hoy la firma de un memorando de entendimiento (MoU) con una aerol\u00ednea asi\u00e1tica para la compra de 60 aviones A320neo, pedido valorado en m\u00e1s de 6.372 millones de d\u00f3lares (m\u00e1s de 5.656 millones de euros), a precio de cat\u00e1logo, durante la tercera jornada del Sal\u00f3n Aeron\u00e1utico de Par\u00eds. El fabricante, que no","twitter:image":"https:\/\/eldigitaldeasturias.com\/magazine365\/wp-content\/uploads\/2015\/06\/fotonoticia_20150617121411_800.jpg"},"aioseo_meta_data":{"post_id":"40130","title":null,"description":null,"keywords":null,"keyphrases":null,"primary_term":null,"canonical_url":null,"og_title":null,"og_description":null,"og_object_type":"default","og_image_type":"default","og_image_url":null,"og_image_width":null,"og_image_height":null,"og_image_custom_url":null,"og_image_custom_fields":null,"og_video":null,"og_custom_url":null,"og_article_section":null,"og_article_tags":null,"twitter_use_og":false,"twitter_card":"default","twitter_image_type":"default","twitter_image_url":null,"twitter_image_custom_url":null,"twitter_image_custom_fields":null,"twitter_title":null,"twitter_description":null,"schema":{"blockGraphs":[],"customGraphs":[],"default":{"data":{"Article":[],"Course":[],"Dataset":[],"FAQPage":[],"Movie":[],"Person":[],"Product":[],"ProductReview":[],"Car":[],"Recipe":[],"Service":[],"SoftwareApplication":[],"WebPage":[]},"graphName":"","isEnabled":true},"graphs":[],"defaultGraph":"","defaultPostTypeGraph":""},"schema_type":null,"schema_type_options":null,"pillar_content":false,"robots_default":true,"robots_noindex":false,"robots_noarchive":false,"robots_nosnippet":false,"robots_nofollow":false,"robots_noimageindex":false,"robots_noodp":false,"robots_notranslate":false,"robots_max_snippet":null,"robots_max_videopreview":null,"robots_max_imagepreview":"large","priority":null,"frequency":null,"location":null,"local_seo":null,"seo_analyzer_scan_date":"2025-09-19 13:00:01","breadcrumb_settings":null,"limit_modified_date":false,"open_ai":null,"ai":null,"created":"2021-03-09 02:32:56","updated":"2025-09-19 13:00:01"},"aioseo_breadcrumb":"<div class=\"aioseo-breadcrumbs\"><span class=\"aioseo-breadcrumb\">\n\t<a href=\"https:\/\/eldigitaldeasturias.com\/magazine365\" title=\"Home\">Home<\/a>\n<\/span><span class=\"aioseo-breadcrumb-separator\">\u2013<\/span><span class=\"aioseo-breadcrumb\">\n\t<a href=\"https:\/\/eldigitaldeasturias.com\/magazine365\/category\/noticias-actualidad\/\" title=\"Noticias y Actualidad\">Noticias y Actualidad<\/a>\n<\/span><span class=\"aioseo-breadcrumb-separator\">\u2013<\/span><span class=\"aioseo-breadcrumb\">\n\t<a href=\"https:\/\/eldigitaldeasturias.com\/magazine365\/airbus-vende-a-una-aerolinea-asiatica-60-aviones-a320neo\/\" title=\"Airbus vende a una aerol\u00ednea asi\u00e1tica 60 aviones A320neo\">Airbus vende a una aerol\u00ednea asi\u00e1tica 60 aviones A320neo<\/a>\n<\/span><\/div>","aioseo_breadcrumb_json":[{"label":"Home","link":"https:\/\/eldigitaldeasturias.com\/magazine365"},{"label":"Noticias y Actualidad","link":"https:\/\/eldigitaldeasturias.com\/magazine365\/category\/noticias-actualidad\/"},{"label":"Airbus vende a una aerol\u00ednea asi\u00e1tica 60 aviones A320neo","link":"https:\/\/eldigitaldeasturias.com\/magazine365\/airbus-vende-a-una-aerolinea-asiatica-60-aviones-a320neo\/"}],"_links":{"self":[{"href":"https:\/\/eldigitaldeasturias.com\/magazine365\/wp-json\/wp\/v2\/posts\/40130","targetHints":{"allow":["GET"]}}],"collection":[{"href":"https:\/\/eldigitaldeasturias.com\/magazine365\/wp-json\/wp\/v2\/posts"}],"about":[{"href":"https:\/\/eldigitaldeasturias.com\/magazine365\/wp-json\/wp\/v2\/types\/post"}],"author":[{"embeddable":true,"href":"https:\/\/eldigitaldeasturias.com\/magazine365\/wp-json\/wp\/v2\/users\/1"}],"replies":[{"embeddable":true,"href":"https:\/\/eldigitaldeasturias.com\/magazine365\/wp-json\/wp\/v2\/comments?post=40130"}],"version-history":[{"count":0,"href":"https:\/\/eldigitaldeasturias.com\/magazine365\/wp-json\/wp\/v2\/posts\/40130\/revisions"}],"wp:featuredmedia":[{"embeddable":true,"href":"https:\/\/eldigitaldeasturias.com\/magazine365\/wp-json\/wp\/v2\/media\/40131"}],"wp:attachment":[{"href":"https:\/\/eldigitaldeasturias.com\/magazine365\/wp-json\/wp\/v2\/media?parent=40130"}],"wp:term":[{"taxonomy":"category","embeddable":true,"href":"https:\/\/eldigitaldeasturias.com\/magazine365\/wp-json\/wp\/v2\/categories?post=40130"},{"taxonomy":"post_tag","embeddable":true,"href":"https:\/\/eldigitaldeasturias.com\/magazine365\/wp-json\/wp\/v2\/tags?post=40130"}],"curies":[{"name":"wp","href":"https:\/\/api.w.org\/{rel}","templated":true}]}}