{"id":40127,"date":"2015-06-18T07:05:28","date_gmt":"2015-06-18T05:35:28","guid":{"rendered":"http:\/\/eldigitaldeasturias.com\/magazine365\/?p=40127"},"modified":"2015-06-18T07:05:28","modified_gmt":"2015-06-18T05:35:28","slug":"alicante-el-destino-mas-barato-para-celebrar-san-juan","status":"publish","type":"post","link":"https:\/\/eldigitaldeasturias.com\/magazine365\/alicante-el-destino-mas-barato-para-celebrar-san-juan\/","title":{"rendered":"Alicante, el destino m\u00e1s barato para celebrar San Juan"},"content":{"rendered":"<p><img fetchpriority=\"high\" decoding=\"async\" class=\"alignleft size-medium wp-image-40128\" src=\"https:\/\/eldigitaldeasturias.com\/magazine365\/wp-content\/uploads\/2015\/06\/fotonoticia_20150617121054_800-360x203.jpg\" alt=\"fotonoticia_20150617121054_800\" width=\"360\" height=\"203\" srcset=\"https:\/\/eldigitaldeasturias.com\/magazine365\/wp-content\/uploads\/2015\/06\/fotonoticia_20150617121054_800-360x203.jpg 360w, https:\/\/eldigitaldeasturias.com\/magazine365\/wp-content\/uploads\/2015\/06\/fotonoticia_20150617121054_800-650x366.jpg 650w, https:\/\/eldigitaldeasturias.com\/magazine365\/wp-content\/uploads\/2015\/06\/fotonoticia_20150617121054_800-768x432.jpg 768w, https:\/\/eldigitaldeasturias.com\/magazine365\/wp-content\/uploads\/2015\/06\/fotonoticia_20150617121054_800-150x84.jpg 150w, https:\/\/eldigitaldeasturias.com\/magazine365\/wp-content\/uploads\/2015\/06\/fotonoticia_20150617121054_800-450x253.jpg 450w, https:\/\/eldigitaldeasturias.com\/magazine365\/wp-content\/uploads\/2015\/06\/fotonoticia_20150617121054_800-696x392.jpg 696w, https:\/\/eldigitaldeasturias.com\/magazine365\/wp-content\/uploads\/2015\/06\/fotonoticia_20150617121054_800-747x420.jpg 747w, https:\/\/eldigitaldeasturias.com\/magazine365\/wp-content\/uploads\/2015\/06\/fotonoticia_20150617121054_800-499x280.jpg 499w, https:\/\/eldigitaldeasturias.com\/magazine365\/wp-content\/uploads\/2015\/06\/fotonoticia_20150617121054_800.jpg 800w\" sizes=\"(max-width: 360px) 100vw, 360px\" \/>Alicante es el destino preferido por los espa\u00f1oles para disfrutar de la noche de San Juan, seg\u00fan la agencia de viajes &#8216;online&#8217; eDreams que ha lanzado numerosas ofertas para disfrutar de la noche m\u00e1s corta del a\u00f1o en las mejores playas espa\u00f1olas.<\/p>\n<p>La ciudad valenciana es la preferida por los clientes de eDreams para vivir las hogueras, disfrutar de masclet\u00e1s y pasacalles y degustar lo t\u00edpico de estas fechas, \u00abla coca de tonyina\u00bb (coca de at\u00fan).<\/p>\n<p>Otra opci\u00f3n econ\u00f3mica es pasar la noche del 23 de Junio en la Costa del Sol. Para ello eDreams oferta hoteles en M\u00e1laga desde 28 euros la noche. Y es que la playa de la Malagueta o la de La Misericordia se llenan de gente para ver la quema de los J\u00faas, mu\u00f1ecos de trapo, serr\u00edn y papel elaborados por los vecinos de cada barrio.<\/p>\n<p>En el otro extremo del mapa, la &#8216;Noite Meiga&#8217; gallega es la ocasi\u00f3n id\u00f3nea para conocer la playa de La Lanzada en Pontevedra o la playa de Riazor en La Coru\u00f1a en donde comer cachelos con sardinas asadas y pedir deseos en forma de farolillos lanzados al viento.<\/p>\n<p>Para los que no quieran ver las hogueras desde la arena de la playa, eDreams ofrece la posibilidad de viajar a Mallorca donde lo m\u00e1s tradicional es encender las hogueras en las plazas de Palma (vuelos desde Madrid y dos noches de hotel desde 79 euros).<\/p>\n<p>La tradici\u00f3n balear consiste en quemar algo viejo o un papel con aquello que se desee cambiar y dar tres saltos mientras \u00e9ste se quema. Adem\u00e1s, en Menorca se celebran las fiestas de Ciutadella, un espect\u00e1culo de caballos que cada a\u00f1o aglutina a m\u00e1s turistas.<\/p>\n<p>Las Islas Canarias tambi\u00e9n poseen su propio ritual, colocar ramas de laurel en ventanas y puertas para atraer a la buena suerte. En la playa de las Canteras, en Las Palmas de Gran Canaria, lo t\u00edpico es darse un ba\u00f1o mientras el cielo se llena de fuegos artificiales.<\/p>\n<p>SAN JUAN ENTRE BRUJAS.<\/p>\n<p>Barcelona es sin duda otro destino especial para visitar en San Juan. Mientras se degusta la tradicional &#8216;coca de Sant Joan&#8217;, las playas se llenan de m\u00fasica y gente a pesar de estar prohibido encender fuegos. Para la ciudad condal, eDreams lanza la oferta de viajar en avi\u00f3n desde Madrid y pasar dos noches desde 99 euros.<\/p>\n<p>Otra opci\u00f3n, no menos divertida, es viajar hasta el Pa\u00eds Vasco donde ver arder el tronco de un \u00e1rbol en las plazas de los pueblos es algo asombroso. Tolosa en Guip\u00fazcoa ofrece la posibilidad de disfrutar del tradicional baile &#8216;bordon dantza&#8217; junto a fuegos y procesiones.<\/p>\n<p>Pero si lo que se quiere vivir es una experiencia m\u00e1s inquietante, el destino perfecto es Zugarramurdi donde las brujas bailan al son de la txalaparta (instrumento de percusi\u00f3n vasco) hasta que el sonido de los cencerros de los &#8216;zanpantzar&#8217; (personaje tradicional de la cultura vasca) logra ahuyentarlas.<\/p>\n","protected":false},"excerpt":{"rendered":"<p>Alicante es el destino preferido por los espa\u00f1oles para disfrutar de la noche de San Juan, seg\u00fan la agencia de viajes &#8216;online&#8217; eDreams que ha lanzado numerosas ofertas para disfrutar de la noche m\u00e1s corta del a\u00f1o en las mejores playas espa\u00f1olas. La ciudad valenciana es la preferida por los clientes de eDreams para vivir<\/p>\n","protected":false},"author":1,"featured_media":40128,"comment_status":"open","ping_status":"closed","sticky":false,"template":"","format":"standard","meta":{"footnotes":""},"categories":[222],"tags":[],"class_list":{"0":"post-40127","1":"post","2":"type-post","3":"status-publish","4":"format-standard","5":"has-post-thumbnail","7":"category-actualidad-turismo"},"aioseo_notices":[],"aioseo_head":"\n\t\t<!-- All in One SEO Pro 4.9.6.1 - aioseo.com -->\n\t<meta name=\"description\" content=\"Alicante es el destino preferido por los espa\u00f1oles para disfrutar de la noche de San Juan, seg\u00fan la agencia de viajes &#039;online&#039; eDreams que ha lanzado numerosas ofertas para disfrutar de la noche m\u00e1s corta del a\u00f1o en las mejores playas espa\u00f1olas. La ciudad valenciana es la preferida por los clientes de eDreams para vivir\" \/>\n\t<meta name=\"robots\" content=\"max-image-preview:large\" \/>\n\t<meta name=\"author\" content=\"admin\"\/>\n\t<meta name=\"google-site-verification\" content=\"UA-38556648-1\" \/>\n\t<meta name=\"keywords\" content=\"actualidad turismo\" \/>\n\t<link rel=\"canonical\" href=\"https:\/\/eldigitaldeasturias.com\/magazine365\/alicante-el-destino-mas-barato-para-celebrar-san-juan\/\" \/>\n\t<meta name=\"generator\" content=\"All in One SEO Pro (AIOSEO) 4.9.6.1\" \/>\n\t\t<meta property=\"og:locale\" content=\"es_ES\" \/>\n\t\t<meta property=\"og:site_name\" content=\"El Digital de Asturias \u2013 Revista de ocio, turismo y estilo de vida\" \/>\n\t\t<meta property=\"og:type\" content=\"article\" \/>\n\t\t<meta property=\"og:title\" content=\"Alicante, el destino m\u00e1s barato para celebrar San Juan | El Digital de Asturias\" \/>\n\t\t<meta property=\"og:description\" content=\"Alicante es el destino preferido por los espa\u00f1oles para disfrutar de la noche de San Juan, seg\u00fan la agencia de viajes &#039;online&#039; eDreams que ha lanzado numerosas ofertas para disfrutar de la noche m\u00e1s corta del a\u00f1o en las mejores playas espa\u00f1olas. La ciudad valenciana es la preferida por los clientes de eDreams para vivir\" \/>\n\t\t<meta property=\"og:url\" content=\"https:\/\/eldigitaldeasturias.com\/magazine365\/alicante-el-destino-mas-barato-para-celebrar-san-juan\/\" \/>\n\t\t<meta property=\"og:image\" content=\"https:\/\/eldigitaldeasturias.com\/magazine365\/wp-content\/uploads\/2015\/06\/fotonoticia_20150617121054_800.jpg\" \/>\n\t\t<meta property=\"og:image:secure_url\" content=\"https:\/\/eldigitaldeasturias.com\/magazine365\/wp-content\/uploads\/2015\/06\/fotonoticia_20150617121054_800.jpg\" \/>\n\t\t<meta property=\"og:image:width\" content=\"800\" \/>\n\t\t<meta property=\"og:image:height\" content=\"450\" \/>\n\t\t<meta property=\"article:published_time\" content=\"2015-06-18T05:35:28+00:00\" \/>\n\t\t<meta property=\"article:modified_time\" content=\"2015-06-18T05:35:28+00:00\" \/>\n\t\t<meta name=\"twitter:card\" content=\"summary_large_image\" \/>\n\t\t<meta name=\"twitter:title\" content=\"Alicante, el destino m\u00e1s barato para celebrar San Juan | El Digital de Asturias\" \/>\n\t\t<meta name=\"twitter:description\" content=\"Alicante es el destino preferido por los espa\u00f1oles para disfrutar de la noche de San Juan, seg\u00fan la agencia de viajes &#039;online&#039; eDreams que ha lanzado numerosas ofertas para disfrutar de la noche m\u00e1s corta del a\u00f1o en las mejores playas espa\u00f1olas. La ciudad valenciana es la preferida por los clientes de eDreams para vivir\" \/>\n\t\t<meta name=\"twitter:image\" content=\"https:\/\/eldigitaldeasturias.com\/magazine365\/wp-content\/uploads\/2015\/06\/fotonoticia_20150617121054_800.jpg\" \/>\n\t\t<script type=\"application\/ld+json\" class=\"aioseo-schema\">\n\t\t\t{\"@context\":\"https:\\\/\\\/schema.org\",\"@graph\":[{\"@type\":\"Article\",\"@id\":\"https:\\\/\\\/eldigitaldeasturias.com\\\/magazine365\\\/alicante-el-destino-mas-barato-para-celebrar-san-juan\\\/#article\",\"name\":\"Alicante, el destino m\\u00e1s barato para celebrar San Juan | El Digital de Asturias\",\"headline\":\"Alicante, el destino m\\u00e1s barato para celebrar San Juan\",\"author\":{\"@id\":\"https:\\\/\\\/eldigitaldeasturias.com\\\/magazine365\\\/author\\\/admin\\\/#author\"},\"publisher\":{\"@id\":\"https:\\\/\\\/eldigitaldeasturias.com\\\/magazine365\\\/#organization\"},\"image\":{\"@type\":\"ImageObject\",\"url\":\"https:\\\/\\\/eldigitaldeasturias.com\\\/magazine365\\\/wp-content\\\/uploads\\\/2015\\\/06\\\/fotonoticia_20150617121054_800.jpg\",\"width\":800,\"height\":450},\"datePublished\":\"2015-06-18T07:05:28+02:00\",\"dateModified\":\"2015-06-18T07:05:28+02:00\",\"inLanguage\":\"es-ES\",\"mainEntityOfPage\":{\"@id\":\"https:\\\/\\\/eldigitaldeasturias.com\\\/magazine365\\\/alicante-el-destino-mas-barato-para-celebrar-san-juan\\\/#webpage\"},\"isPartOf\":{\"@id\":\"https:\\\/\\\/eldigitaldeasturias.com\\\/magazine365\\\/alicante-el-destino-mas-barato-para-celebrar-san-juan\\\/#webpage\"},\"articleSection\":\"Actualidad Turismo\"},{\"@type\":\"BreadcrumbList\",\"@id\":\"https:\\\/\\\/eldigitaldeasturias.com\\\/magazine365\\\/alicante-el-destino-mas-barato-para-celebrar-san-juan\\\/#breadcrumblist\",\"itemListElement\":[{\"@type\":\"ListItem\",\"@id\":\"https:\\\/\\\/eldigitaldeasturias.com\\\/magazine365#listItem\",\"position\":1,\"name\":\"Home\",\"item\":\"https:\\\/\\\/eldigitaldeasturias.com\\\/magazine365\",\"nextItem\":{\"@type\":\"ListItem\",\"@id\":\"https:\\\/\\\/eldigitaldeasturias.com\\\/magazine365\\\/category\\\/actualidad-turismo\\\/#listItem\",\"name\":\"Actualidad Turismo\"}},{\"@type\":\"ListItem\",\"@id\":\"https:\\\/\\\/eldigitaldeasturias.com\\\/magazine365\\\/category\\\/actualidad-turismo\\\/#listItem\",\"position\":2,\"name\":\"Actualidad Turismo\",\"item\":\"https:\\\/\\\/eldigitaldeasturias.com\\\/magazine365\\\/category\\\/actualidad-turismo\\\/\",\"nextItem\":{\"@type\":\"ListItem\",\"@id\":\"https:\\\/\\\/eldigitaldeasturias.com\\\/magazine365\\\/alicante-el-destino-mas-barato-para-celebrar-san-juan\\\/#listItem\",\"name\":\"Alicante, el destino m\\u00e1s barato para celebrar San Juan\"},\"previousItem\":{\"@type\":\"ListItem\",\"@id\":\"https:\\\/\\\/eldigitaldeasturias.com\\\/magazine365#listItem\",\"name\":\"Home\"}},{\"@type\":\"ListItem\",\"@id\":\"https:\\\/\\\/eldigitaldeasturias.com\\\/magazine365\\\/alicante-el-destino-mas-barato-para-celebrar-san-juan\\\/#listItem\",\"position\":3,\"name\":\"Alicante, el destino m\\u00e1s barato para celebrar San Juan\",\"previousItem\":{\"@type\":\"ListItem\",\"@id\":\"https:\\\/\\\/eldigitaldeasturias.com\\\/magazine365\\\/category\\\/actualidad-turismo\\\/#listItem\",\"name\":\"Actualidad Turismo\"}}]},{\"@type\":\"Organization\",\"@id\":\"https:\\\/\\\/eldigitaldeasturias.com\\\/magazine365\\\/#organization\",\"name\":\"El digital de Asturias\",\"description\":\"Revista de ocio, turismo y estilo de vida\",\"url\":\"https:\\\/\\\/eldigitaldeasturias.com\\\/magazine365\\\/\",\"logo\":{\"@type\":\"ImageObject\",\"url\":\"https:\\\/\\\/www.eldigitaldeasturias.com\\\/noticias\\\/wp-content\\\/uploads\\\/2020\\\/12\\\/EDA.jpg\",\"@id\":\"https:\\\/\\\/eldigitaldeasturias.com\\\/magazine365\\\/alicante-el-destino-mas-barato-para-celebrar-san-juan\\\/#organizationLogo\"},\"image\":{\"@id\":\"https:\\\/\\\/eldigitaldeasturias.com\\\/magazine365\\\/alicante-el-destino-mas-barato-para-celebrar-san-juan\\\/#organizationLogo\"}},{\"@type\":\"Person\",\"@id\":\"https:\\\/\\\/eldigitaldeasturias.com\\\/magazine365\\\/author\\\/admin\\\/#author\",\"url\":\"https:\\\/\\\/eldigitaldeasturias.com\\\/magazine365\\\/author\\\/admin\\\/\",\"name\":\"admin\",\"image\":{\"@type\":\"ImageObject\",\"@id\":\"https:\\\/\\\/eldigitaldeasturias.com\\\/magazine365\\\/alicante-el-destino-mas-barato-para-celebrar-san-juan\\\/#authorImage\",\"url\":\"https:\\\/\\\/eldigitaldeasturias.com\\\/magazine365\\\/wp-content\\\/litespeed\\\/avatar\\\/e571bcf59a0edd6fa6838245a470f2fe.jpg?ver=1776969259\",\"width\":96,\"height\":96,\"caption\":\"admin\"}},{\"@type\":\"WebPage\",\"@id\":\"https:\\\/\\\/eldigitaldeasturias.com\\\/magazine365\\\/alicante-el-destino-mas-barato-para-celebrar-san-juan\\\/#webpage\",\"url\":\"https:\\\/\\\/eldigitaldeasturias.com\\\/magazine365\\\/alicante-el-destino-mas-barato-para-celebrar-san-juan\\\/\",\"name\":\"Alicante, el destino m\\u00e1s barato para celebrar San Juan | El Digital de Asturias\",\"description\":\"Alicante es el destino preferido por los espa\\u00f1oles para disfrutar de la noche de San Juan, seg\\u00fan la agencia de viajes 'online' eDreams que ha lanzado numerosas ofertas para disfrutar de la noche m\\u00e1s corta del a\\u00f1o en las mejores playas espa\\u00f1olas. La ciudad valenciana es la preferida por los clientes de eDreams para vivir\",\"inLanguage\":\"es-ES\",\"isPartOf\":{\"@id\":\"https:\\\/\\\/eldigitaldeasturias.com\\\/magazine365\\\/#website\"},\"breadcrumb\":{\"@id\":\"https:\\\/\\\/eldigitaldeasturias.com\\\/magazine365\\\/alicante-el-destino-mas-barato-para-celebrar-san-juan\\\/#breadcrumblist\"},\"author\":{\"@id\":\"https:\\\/\\\/eldigitaldeasturias.com\\\/magazine365\\\/author\\\/admin\\\/#author\"},\"creator\":{\"@id\":\"https:\\\/\\\/eldigitaldeasturias.com\\\/magazine365\\\/author\\\/admin\\\/#author\"},\"image\":{\"@type\":\"ImageObject\",\"url\":\"https:\\\/\\\/eldigitaldeasturias.com\\\/magazine365\\\/wp-content\\\/uploads\\\/2015\\\/06\\\/fotonoticia_20150617121054_800.jpg\",\"@id\":\"https:\\\/\\\/eldigitaldeasturias.com\\\/magazine365\\\/alicante-el-destino-mas-barato-para-celebrar-san-juan\\\/#mainImage\",\"width\":800,\"height\":450},\"primaryImageOfPage\":{\"@id\":\"https:\\\/\\\/eldigitaldeasturias.com\\\/magazine365\\\/alicante-el-destino-mas-barato-para-celebrar-san-juan\\\/#mainImage\"},\"datePublished\":\"2015-06-18T07:05:28+02:00\",\"dateModified\":\"2015-06-18T07:05:28+02:00\"},{\"@type\":\"WebSite\",\"@id\":\"https:\\\/\\\/eldigitaldeasturias.com\\\/magazine365\\\/#website\",\"url\":\"https:\\\/\\\/eldigitaldeasturias.com\\\/magazine365\\\/\",\"name\":\"El Digital de Asturias\",\"description\":\"Revista de ocio, turismo y estilo de vida\",\"inLanguage\":\"es-ES\",\"publisher\":{\"@id\":\"https:\\\/\\\/eldigitaldeasturias.com\\\/magazine365\\\/#organization\"}}]}\n\t\t<\/script>\n\t\t<!-- All in One SEO Pro -->\r\n\t\t<title>Alicante, el destino m\u00e1s barato para celebrar San Juan | El Digital de Asturias<\/title>\n\n","aioseo_head_json":{"title":"Alicante, el destino m\u00e1s barato para celebrar San Juan | El Digital de Asturias","description":"Alicante es el destino preferido por los espa\u00f1oles para disfrutar de la noche de San Juan, seg\u00fan la agencia de viajes 'online' eDreams que ha lanzado numerosas ofertas para disfrutar de la noche m\u00e1s corta del a\u00f1o en las mejores playas espa\u00f1olas. La ciudad valenciana es la preferida por los clientes de eDreams para vivir","canonical_url":"https:\/\/eldigitaldeasturias.com\/magazine365\/alicante-el-destino-mas-barato-para-celebrar-san-juan\/","robots":"max-image-preview:large","keywords":"actualidad turismo","webmasterTools":{"google-site-verification":"UA-38556648-1","miscellaneous":""},"schema":{"@context":"https:\/\/schema.org","@graph":[{"@type":"Article","@id":"https:\/\/eldigitaldeasturias.com\/magazine365\/alicante-el-destino-mas-barato-para-celebrar-san-juan\/#article","name":"Alicante, el destino m\u00e1s barato para celebrar San Juan | El Digital de Asturias","headline":"Alicante, el destino m\u00e1s barato para celebrar San Juan","author":{"@id":"https:\/\/eldigitaldeasturias.com\/magazine365\/author\/admin\/#author"},"publisher":{"@id":"https:\/\/eldigitaldeasturias.com\/magazine365\/#organization"},"image":{"@type":"ImageObject","url":"https:\/\/eldigitaldeasturias.com\/magazine365\/wp-content\/uploads\/2015\/06\/fotonoticia_20150617121054_800.jpg","width":800,"height":450},"datePublished":"2015-06-18T07:05:28+02:00","dateModified":"2015-06-18T07:05:28+02:00","inLanguage":"es-ES","mainEntityOfPage":{"@id":"https:\/\/eldigitaldeasturias.com\/magazine365\/alicante-el-destino-mas-barato-para-celebrar-san-juan\/#webpage"},"isPartOf":{"@id":"https:\/\/eldigitaldeasturias.com\/magazine365\/alicante-el-destino-mas-barato-para-celebrar-san-juan\/#webpage"},"articleSection":"Actualidad Turismo"},{"@type":"BreadcrumbList","@id":"https:\/\/eldigitaldeasturias.com\/magazine365\/alicante-el-destino-mas-barato-para-celebrar-san-juan\/#breadcrumblist","itemListElement":[{"@type":"ListItem","@id":"https:\/\/eldigitaldeasturias.com\/magazine365#listItem","position":1,"name":"Home","item":"https:\/\/eldigitaldeasturias.com\/magazine365","nextItem":{"@type":"ListItem","@id":"https:\/\/eldigitaldeasturias.com\/magazine365\/category\/actualidad-turismo\/#listItem","name":"Actualidad Turismo"}},{"@type":"ListItem","@id":"https:\/\/eldigitaldeasturias.com\/magazine365\/category\/actualidad-turismo\/#listItem","position":2,"name":"Actualidad Turismo","item":"https:\/\/eldigitaldeasturias.com\/magazine365\/category\/actualidad-turismo\/","nextItem":{"@type":"ListItem","@id":"https:\/\/eldigitaldeasturias.com\/magazine365\/alicante-el-destino-mas-barato-para-celebrar-san-juan\/#listItem","name":"Alicante, el destino m\u00e1s barato para celebrar San Juan"},"previousItem":{"@type":"ListItem","@id":"https:\/\/eldigitaldeasturias.com\/magazine365#listItem","name":"Home"}},{"@type":"ListItem","@id":"https:\/\/eldigitaldeasturias.com\/magazine365\/alicante-el-destino-mas-barato-para-celebrar-san-juan\/#listItem","position":3,"name":"Alicante, el destino m\u00e1s barato para celebrar San Juan","previousItem":{"@type":"ListItem","@id":"https:\/\/eldigitaldeasturias.com\/magazine365\/category\/actualidad-turismo\/#listItem","name":"Actualidad Turismo"}}]},{"@type":"Organization","@id":"https:\/\/eldigitaldeasturias.com\/magazine365\/#organization","name":"El digital de Asturias","description":"Revista de ocio, turismo y estilo de vida","url":"https:\/\/eldigitaldeasturias.com\/magazine365\/","logo":{"@type":"ImageObject","url":"https:\/\/www.eldigitaldeasturias.com\/noticias\/wp-content\/uploads\/2020\/12\/EDA.jpg","@id":"https:\/\/eldigitaldeasturias.com\/magazine365\/alicante-el-destino-mas-barato-para-celebrar-san-juan\/#organizationLogo"},"image":{"@id":"https:\/\/eldigitaldeasturias.com\/magazine365\/alicante-el-destino-mas-barato-para-celebrar-san-juan\/#organizationLogo"}},{"@type":"Person","@id":"https:\/\/eldigitaldeasturias.com\/magazine365\/author\/admin\/#author","url":"https:\/\/eldigitaldeasturias.com\/magazine365\/author\/admin\/","name":"admin","image":{"@type":"ImageObject","@id":"https:\/\/eldigitaldeasturias.com\/magazine365\/alicante-el-destino-mas-barato-para-celebrar-san-juan\/#authorImage","url":"https:\/\/eldigitaldeasturias.com\/magazine365\/wp-content\/litespeed\/avatar\/e571bcf59a0edd6fa6838245a470f2fe.jpg?ver=1776969259","width":96,"height":96,"caption":"admin"}},{"@type":"WebPage","@id":"https:\/\/eldigitaldeasturias.com\/magazine365\/alicante-el-destino-mas-barato-para-celebrar-san-juan\/#webpage","url":"https:\/\/eldigitaldeasturias.com\/magazine365\/alicante-el-destino-mas-barato-para-celebrar-san-juan\/","name":"Alicante, el destino m\u00e1s barato para celebrar San Juan | El Digital de Asturias","description":"Alicante es el destino preferido por los espa\u00f1oles para disfrutar de la noche de San Juan, seg\u00fan la agencia de viajes 'online' eDreams que ha lanzado numerosas ofertas para disfrutar de la noche m\u00e1s corta del a\u00f1o en las mejores playas espa\u00f1olas. La ciudad valenciana es la preferida por los clientes de eDreams para vivir","inLanguage":"es-ES","isPartOf":{"@id":"https:\/\/eldigitaldeasturias.com\/magazine365\/#website"},"breadcrumb":{"@id":"https:\/\/eldigitaldeasturias.com\/magazine365\/alicante-el-destino-mas-barato-para-celebrar-san-juan\/#breadcrumblist"},"author":{"@id":"https:\/\/eldigitaldeasturias.com\/magazine365\/author\/admin\/#author"},"creator":{"@id":"https:\/\/eldigitaldeasturias.com\/magazine365\/author\/admin\/#author"},"image":{"@type":"ImageObject","url":"https:\/\/eldigitaldeasturias.com\/magazine365\/wp-content\/uploads\/2015\/06\/fotonoticia_20150617121054_800.jpg","@id":"https:\/\/eldigitaldeasturias.com\/magazine365\/alicante-el-destino-mas-barato-para-celebrar-san-juan\/#mainImage","width":800,"height":450},"primaryImageOfPage":{"@id":"https:\/\/eldigitaldeasturias.com\/magazine365\/alicante-el-destino-mas-barato-para-celebrar-san-juan\/#mainImage"},"datePublished":"2015-06-18T07:05:28+02:00","dateModified":"2015-06-18T07:05:28+02:00"},{"@type":"WebSite","@id":"https:\/\/eldigitaldeasturias.com\/magazine365\/#website","url":"https:\/\/eldigitaldeasturias.com\/magazine365\/","name":"El Digital de Asturias","description":"Revista de ocio, turismo y estilo de vida","inLanguage":"es-ES","publisher":{"@id":"https:\/\/eldigitaldeasturias.com\/magazine365\/#organization"}}]},"og:locale":"es_ES","og:site_name":"El Digital de Asturias \u2013 Revista de ocio, turismo y estilo de vida","og:type":"article","og:title":"Alicante, el destino m\u00e1s barato para celebrar San Juan | El Digital de Asturias","og:description":"Alicante es el destino preferido por los espa\u00f1oles para disfrutar de la noche de San Juan, seg\u00fan la agencia de viajes 'online' eDreams que ha lanzado numerosas ofertas para disfrutar de la noche m\u00e1s corta del a\u00f1o en las mejores playas espa\u00f1olas. La ciudad valenciana es la preferida por los clientes de eDreams para vivir","og:url":"https:\/\/eldigitaldeasturias.com\/magazine365\/alicante-el-destino-mas-barato-para-celebrar-san-juan\/","og:image":"https:\/\/eldigitaldeasturias.com\/magazine365\/wp-content\/uploads\/2015\/06\/fotonoticia_20150617121054_800.jpg","og:image:secure_url":"https:\/\/eldigitaldeasturias.com\/magazine365\/wp-content\/uploads\/2015\/06\/fotonoticia_20150617121054_800.jpg","og:image:width":800,"og:image:height":450,"article:published_time":"2015-06-18T05:35:28+00:00","article:modified_time":"2015-06-18T05:35:28+00:00","twitter:card":"summary_large_image","twitter:title":"Alicante, el destino m\u00e1s barato para celebrar San Juan | El Digital de Asturias","twitter:description":"Alicante es el destino preferido por los espa\u00f1oles para disfrutar de la noche de San Juan, seg\u00fan la agencia de viajes 'online' eDreams que ha lanzado numerosas ofertas para disfrutar de la noche m\u00e1s corta del a\u00f1o en las mejores playas espa\u00f1olas. La ciudad valenciana es la preferida por los clientes de eDreams para vivir","twitter:image":"https:\/\/eldigitaldeasturias.com\/magazine365\/wp-content\/uploads\/2015\/06\/fotonoticia_20150617121054_800.jpg"},"aioseo_meta_data":{"post_id":"40127","title":null,"description":null,"keywords":null,"keyphrases":null,"primary_term":null,"canonical_url":null,"og_title":null,"og_description":null,"og_object_type":"default","og_image_type":"default","og_image_url":null,"og_image_width":null,"og_image_height":null,"og_image_custom_url":null,"og_image_custom_fields":null,"og_video":null,"og_custom_url":null,"og_article_section":null,"og_article_tags":null,"twitter_use_og":false,"twitter_card":"default","twitter_image_type":"default","twitter_image_url":null,"twitter_image_custom_url":null,"twitter_image_custom_fields":null,"twitter_title":null,"twitter_description":null,"schema":{"blockGraphs":[],"customGraphs":[],"default":{"data":{"Article":[],"Course":[],"Dataset":[],"FAQPage":[],"Movie":[],"Person":[],"Product":[],"ProductReview":[],"Car":[],"Recipe":[],"Service":[],"SoftwareApplication":[],"WebPage":[]},"graphName":"","isEnabled":true},"graphs":[],"defaultGraph":"","defaultPostTypeGraph":""},"schema_type":null,"schema_type_options":null,"pillar_content":false,"robots_default":true,"robots_noindex":false,"robots_noarchive":false,"robots_nosnippet":false,"robots_nofollow":false,"robots_noimageindex":false,"robots_noodp":false,"robots_notranslate":false,"robots_max_snippet":null,"robots_max_videopreview":null,"robots_max_imagepreview":"large","priority":null,"frequency":null,"location":null,"local_seo":null,"seo_analyzer_scan_date":"2025-09-19 12:59:59","breadcrumb_settings":null,"limit_modified_date":false,"open_ai":null,"ai":null,"created":"2021-03-09 02:32:56","updated":"2025-09-19 12:59:59"},"aioseo_breadcrumb":"<div class=\"aioseo-breadcrumbs\"><span class=\"aioseo-breadcrumb\">\n\t<a href=\"https:\/\/eldigitaldeasturias.com\/magazine365\" title=\"Home\">Home<\/a>\n<\/span><span class=\"aioseo-breadcrumb-separator\">\u2013<\/span><span class=\"aioseo-breadcrumb\">\n\t<a href=\"https:\/\/eldigitaldeasturias.com\/magazine365\/category\/actualidad-turismo\/\" title=\"Actualidad Turismo\">Actualidad Turismo<\/a>\n<\/span><span class=\"aioseo-breadcrumb-separator\">\u2013<\/span><span class=\"aioseo-breadcrumb\">\n\t<a href=\"https:\/\/eldigitaldeasturias.com\/magazine365\/alicante-el-destino-mas-barato-para-celebrar-san-juan\/\" title=\"Alicante, el destino m\u00e1s barato para celebrar San Juan\">Alicante, el destino m\u00e1s barato para celebrar San Juan<\/a>\n<\/span><\/div>","aioseo_breadcrumb_json":[{"label":"Home","link":"https:\/\/eldigitaldeasturias.com\/magazine365"},{"label":"Actualidad Turismo","link":"https:\/\/eldigitaldeasturias.com\/magazine365\/category\/actualidad-turismo\/"},{"label":"Alicante, el destino m\u00e1s barato para celebrar San Juan","link":"https:\/\/eldigitaldeasturias.com\/magazine365\/alicante-el-destino-mas-barato-para-celebrar-san-juan\/"}],"_links":{"self":[{"href":"https:\/\/eldigitaldeasturias.com\/magazine365\/wp-json\/wp\/v2\/posts\/40127","targetHints":{"allow":["GET"]}}],"collection":[{"href":"https:\/\/eldigitaldeasturias.com\/magazine365\/wp-json\/wp\/v2\/posts"}],"about":[{"href":"https:\/\/eldigitaldeasturias.com\/magazine365\/wp-json\/wp\/v2\/types\/post"}],"author":[{"embeddable":true,"href":"https:\/\/eldigitaldeasturias.com\/magazine365\/wp-json\/wp\/v2\/users\/1"}],"replies":[{"embeddable":true,"href":"https:\/\/eldigitaldeasturias.com\/magazine365\/wp-json\/wp\/v2\/comments?post=40127"}],"version-history":[{"count":0,"href":"https:\/\/eldigitaldeasturias.com\/magazine365\/wp-json\/wp\/v2\/posts\/40127\/revisions"}],"wp:featuredmedia":[{"embeddable":true,"href":"https:\/\/eldigitaldeasturias.com\/magazine365\/wp-json\/wp\/v2\/media\/40128"}],"wp:attachment":[{"href":"https:\/\/eldigitaldeasturias.com\/magazine365\/wp-json\/wp\/v2\/media?parent=40127"}],"wp:term":[{"taxonomy":"category","embeddable":true,"href":"https:\/\/eldigitaldeasturias.com\/magazine365\/wp-json\/wp\/v2\/categories?post=40127"},{"taxonomy":"post_tag","embeddable":true,"href":"https:\/\/eldigitaldeasturias.com\/magazine365\/wp-json\/wp\/v2\/tags?post=40127"}],"curies":[{"name":"wp","href":"https:\/\/api.w.org\/{rel}","templated":true}]}}