{"id":40123,"date":"2015-06-17T15:55:10","date_gmt":"2015-06-17T14:25:10","guid":{"rendered":"http:\/\/eldigitaldeasturias.com\/magazine365\/?p=40123"},"modified":"2015-06-17T15:55:10","modified_gmt":"2015-06-17T14:25:10","slug":"las-agencias-de-viajes-europeas-se-reunen-en-bruselas-para-tratar-el-recargo-de-gds-que-aplicara-lufthansa","status":"publish","type":"post","link":"https:\/\/eldigitaldeasturias.com\/magazine365\/las-agencias-de-viajes-europeas-se-reunen-en-bruselas-para-tratar-el-recargo-de-gds-que-aplicara-lufthansa\/","title":{"rendered":"Las agencias de viajes europeas se re\u00fanen en Bruselas para tratar el recargo de GDS que aplicar\u00e1 Lufthansa"},"content":{"rendered":"<p><img fetchpriority=\"high\" decoding=\"async\" class=\"alignleft size-medium wp-image-40124\" src=\"https:\/\/eldigitaldeasturias.com\/magazine365\/wp-content\/uploads\/2015\/06\/fotonoticia_20150617111610_800-360x257.jpg\" alt=\"fotonoticia_20150617111610_800\" width=\"360\" height=\"257\" srcset=\"https:\/\/eldigitaldeasturias.com\/magazine365\/wp-content\/uploads\/2015\/06\/fotonoticia_20150617111610_800-360x257.jpg 360w, https:\/\/eldigitaldeasturias.com\/magazine365\/wp-content\/uploads\/2015\/06\/fotonoticia_20150617111610_800-650x465.jpg 650w, https:\/\/eldigitaldeasturias.com\/magazine365\/wp-content\/uploads\/2015\/06\/fotonoticia_20150617111610_800-768x549.jpg 768w, https:\/\/eldigitaldeasturias.com\/magazine365\/wp-content\/uploads\/2015\/06\/fotonoticia_20150617111610_800-150x107.jpg 150w, https:\/\/eldigitaldeasturias.com\/magazine365\/wp-content\/uploads\/2015\/06\/fotonoticia_20150617111610_800-450x322.jpg 450w, https:\/\/eldigitaldeasturias.com\/magazine365\/wp-content\/uploads\/2015\/06\/fotonoticia_20150617111610_800-100x70.jpg 100w, https:\/\/eldigitaldeasturias.com\/magazine365\/wp-content\/uploads\/2015\/06\/fotonoticia_20150617111610_800-696x498.jpg 696w, https:\/\/eldigitaldeasturias.com\/magazine365\/wp-content\/uploads\/2015\/06\/fotonoticia_20150617111610_800-587x420.jpg 587w, https:\/\/eldigitaldeasturias.com\/magazine365\/wp-content\/uploads\/2015\/06\/fotonoticia_20150617111610_800.jpg 800w\" sizes=\"(max-width: 360px) 100vw, 360px\" \/>Las agencias de viajes europeas se reunir\u00e1n el pr\u00f3ximo jueves en un encuentro extraordinario convocado por la Asociaci\u00f3n Europea de Agencias de Viajes (ECTTA), a la que pertenece la Federaci\u00f3n Empresarial de Asociaciones Territoriales de Agencias de Viajes Espa\u00f1olas (Fetave), para abordar la decisi\u00f3n de Lufthansa de cobrar un recargo desde septiembre por cada reserva que se realice a trav\u00e9s de GDS.<\/p>\n<p>La federaci\u00f3n espa\u00f1ola ya ha mantenido contactos con la Subdirecci\u00f3n de Servicios de La Comisi\u00f3n Nacional de los Mercados y la Competencia (CNMC) a quien ha trasladado su opini\u00f3n de que este incremento \u00abestar\u00eda alterando las reglas del mercado beneficiando de forma arbitraria su propio canal de distribuci\u00f3n en perjuicio de las agencias de viajes y GDS\u00bb.<\/p>\n<p>ECTAA ha mostrado su total apoyo a las gestiones realizadas por Fetave y su disposici\u00f3n a aportar documentaci\u00f3n e implicarse<\/p>\n<p>directamente en los contactos con el Tribunal espa\u00f1ol.<\/p>\n<p>\u00abLAS AGENCIAS SE HAN CONVERTIDO EN REHENES\u00bb.<\/p>\n<p>Por otro lado, la presidenta de la Asociaci\u00f3n, Mari Cruz P\u00e9rez, ha estado en contacto con Paul De Villiers, director general de Amadeus Espa\u00f1a, el GDS m\u00e1s importante de Europa, para analizar la actuaci\u00f3n de Lufthansa y las implicaciones para el sector.<\/p>\n<p>Fetave alerta tambi\u00e9n de la coincidencia del incremento \u00abinjustificable\u00bb de los costes de distribuci\u00f3n de Lufthansa con el inicio de la negociaci\u00f3n entre los GDS y la compa\u00f1\u00eda alemana sobre los costes de gesti\u00f3n que los GDS aplican a las compa\u00f1\u00edas a\u00e9reas y en este caso a Lufthansa.<\/p>\n<p>En este contexto la organizaci\u00f3n espa\u00f1ola considera que \u00ablas agencias de viajes se han convertido en rehenes del proceso negociador entre las GDS y Lufthansa\u00bb.<\/p>\n","protected":false},"excerpt":{"rendered":"<p>Las agencias de viajes europeas se reunir\u00e1n el pr\u00f3ximo jueves en un encuentro extraordinario convocado por la Asociaci\u00f3n Europea de Agencias de Viajes (ECTTA), a la que pertenece la Federaci\u00f3n Empresarial de Asociaciones Territoriales de Agencias de Viajes Espa\u00f1olas (Fetave), para abordar la decisi\u00f3n de Lufthansa de cobrar un recargo desde septiembre por cada reserva<\/p>\n","protected":false},"author":1,"featured_media":40124,"comment_status":"open","ping_status":"closed","sticky":false,"template":"","format":"standard","meta":{"footnotes":""},"categories":[222],"tags":[],"class_list":{"0":"post-40123","1":"post","2":"type-post","3":"status-publish","4":"format-standard","5":"has-post-thumbnail","7":"category-actualidad-turismo"},"aioseo_notices":[],"aioseo_head":"\n\t\t<!-- All in One SEO Pro 4.9.6.1 - aioseo.com -->\n\t<meta name=\"description\" content=\"Las agencias de viajes europeas se reunir\u00e1n el pr\u00f3ximo jueves en un encuentro extraordinario convocado por la Asociaci\u00f3n Europea de Agencias de Viajes (ECTTA), a la que pertenece la Federaci\u00f3n Empresarial de Asociaciones Territoriales de Agencias de Viajes Espa\u00f1olas (Fetave), para abordar la decisi\u00f3n de Lufthansa de cobrar un recargo desde septiembre por cada reserva\" \/>\n\t<meta name=\"robots\" content=\"max-image-preview:large\" \/>\n\t<meta name=\"author\" content=\"admin\"\/>\n\t<meta name=\"google-site-verification\" content=\"UA-38556648-1\" \/>\n\t<meta name=\"keywords\" content=\"actualidad turismo\" \/>\n\t<link rel=\"canonical\" href=\"https:\/\/eldigitaldeasturias.com\/magazine365\/las-agencias-de-viajes-europeas-se-reunen-en-bruselas-para-tratar-el-recargo-de-gds-que-aplicara-lufthansa\/\" \/>\n\t<meta name=\"generator\" content=\"All in One SEO Pro (AIOSEO) 4.9.6.1\" \/>\n\t\t<meta property=\"og:locale\" content=\"es_ES\" \/>\n\t\t<meta property=\"og:site_name\" content=\"El Digital de Asturias \u2013 Revista de ocio, turismo y estilo de vida\" \/>\n\t\t<meta property=\"og:type\" content=\"article\" \/>\n\t\t<meta property=\"og:title\" content=\"Las agencias de viajes europeas se re\u00fanen en Bruselas para tratar el recargo de GDS que aplicar\u00e1 Lufthansa | El Digital de Asturias\" \/>\n\t\t<meta property=\"og:description\" content=\"Las agencias de viajes europeas se reunir\u00e1n el pr\u00f3ximo jueves en un encuentro extraordinario convocado por la Asociaci\u00f3n Europea de Agencias de Viajes (ECTTA), a la que pertenece la Federaci\u00f3n Empresarial de Asociaciones Territoriales de Agencias de Viajes Espa\u00f1olas (Fetave), para abordar la decisi\u00f3n de Lufthansa de cobrar un recargo desde septiembre por cada reserva\" \/>\n\t\t<meta property=\"og:url\" content=\"https:\/\/eldigitaldeasturias.com\/magazine365\/las-agencias-de-viajes-europeas-se-reunen-en-bruselas-para-tratar-el-recargo-de-gds-que-aplicara-lufthansa\/\" \/>\n\t\t<meta property=\"og:image\" content=\"https:\/\/eldigitaldeasturias.com\/magazine365\/wp-content\/uploads\/2015\/06\/fotonoticia_20150617111610_800.jpg\" \/>\n\t\t<meta property=\"og:image:secure_url\" content=\"https:\/\/eldigitaldeasturias.com\/magazine365\/wp-content\/uploads\/2015\/06\/fotonoticia_20150617111610_800.jpg\" \/>\n\t\t<meta property=\"og:image:width\" content=\"800\" \/>\n\t\t<meta property=\"og:image:height\" content=\"572\" \/>\n\t\t<meta property=\"article:published_time\" content=\"2015-06-17T14:25:10+00:00\" \/>\n\t\t<meta property=\"article:modified_time\" content=\"2015-06-17T14:25:10+00:00\" \/>\n\t\t<meta name=\"twitter:card\" content=\"summary_large_image\" \/>\n\t\t<meta name=\"twitter:title\" content=\"Las agencias de viajes europeas se re\u00fanen en Bruselas para tratar el recargo de GDS que aplicar\u00e1 Lufthansa | El Digital de Asturias\" \/>\n\t\t<meta name=\"twitter:description\" content=\"Las agencias de viajes europeas se reunir\u00e1n el pr\u00f3ximo jueves en un encuentro extraordinario convocado por la Asociaci\u00f3n Europea de Agencias de Viajes (ECTTA), a la que pertenece la Federaci\u00f3n Empresarial de Asociaciones Territoriales de Agencias de Viajes Espa\u00f1olas (Fetave), para abordar la decisi\u00f3n de Lufthansa de cobrar un recargo desde septiembre por cada reserva\" \/>\n\t\t<meta name=\"twitter:image\" content=\"https:\/\/eldigitaldeasturias.com\/magazine365\/wp-content\/uploads\/2015\/06\/fotonoticia_20150617111610_800.jpg\" \/>\n\t\t<script type=\"application\/ld+json\" class=\"aioseo-schema\">\n\t\t\t{\"@context\":\"https:\\\/\\\/schema.org\",\"@graph\":[{\"@type\":\"Article\",\"@id\":\"https:\\\/\\\/eldigitaldeasturias.com\\\/magazine365\\\/las-agencias-de-viajes-europeas-se-reunen-en-bruselas-para-tratar-el-recargo-de-gds-que-aplicara-lufthansa\\\/#article\",\"name\":\"Las agencias de viajes europeas se re\\u00fanen en Bruselas para tratar el recargo de GDS que aplicar\\u00e1 Lufthansa | El Digital de Asturias\",\"headline\":\"Las agencias de viajes europeas se re\\u00fanen en Bruselas para tratar el recargo de GDS que aplicar\\u00e1 Lufthansa\",\"author\":{\"@id\":\"https:\\\/\\\/eldigitaldeasturias.com\\\/magazine365\\\/author\\\/admin\\\/#author\"},\"publisher\":{\"@id\":\"https:\\\/\\\/eldigitaldeasturias.com\\\/magazine365\\\/#organization\"},\"image\":{\"@type\":\"ImageObject\",\"url\":\"https:\\\/\\\/eldigitaldeasturias.com\\\/magazine365\\\/wp-content\\\/uploads\\\/2015\\\/06\\\/fotonoticia_20150617111610_800.jpg\",\"width\":800,\"height\":572},\"datePublished\":\"2015-06-17T15:55:10+02:00\",\"dateModified\":\"2015-06-17T15:55:10+02:00\",\"inLanguage\":\"es-ES\",\"mainEntityOfPage\":{\"@id\":\"https:\\\/\\\/eldigitaldeasturias.com\\\/magazine365\\\/las-agencias-de-viajes-europeas-se-reunen-en-bruselas-para-tratar-el-recargo-de-gds-que-aplicara-lufthansa\\\/#webpage\"},\"isPartOf\":{\"@id\":\"https:\\\/\\\/eldigitaldeasturias.com\\\/magazine365\\\/las-agencias-de-viajes-europeas-se-reunen-en-bruselas-para-tratar-el-recargo-de-gds-que-aplicara-lufthansa\\\/#webpage\"},\"articleSection\":\"Actualidad Turismo\"},{\"@type\":\"BreadcrumbList\",\"@id\":\"https:\\\/\\\/eldigitaldeasturias.com\\\/magazine365\\\/las-agencias-de-viajes-europeas-se-reunen-en-bruselas-para-tratar-el-recargo-de-gds-que-aplicara-lufthansa\\\/#breadcrumblist\",\"itemListElement\":[{\"@type\":\"ListItem\",\"@id\":\"https:\\\/\\\/eldigitaldeasturias.com\\\/magazine365#listItem\",\"position\":1,\"name\":\"Home\",\"item\":\"https:\\\/\\\/eldigitaldeasturias.com\\\/magazine365\",\"nextItem\":{\"@type\":\"ListItem\",\"@id\":\"https:\\\/\\\/eldigitaldeasturias.com\\\/magazine365\\\/category\\\/actualidad-turismo\\\/#listItem\",\"name\":\"Actualidad Turismo\"}},{\"@type\":\"ListItem\",\"@id\":\"https:\\\/\\\/eldigitaldeasturias.com\\\/magazine365\\\/category\\\/actualidad-turismo\\\/#listItem\",\"position\":2,\"name\":\"Actualidad Turismo\",\"item\":\"https:\\\/\\\/eldigitaldeasturias.com\\\/magazine365\\\/category\\\/actualidad-turismo\\\/\",\"nextItem\":{\"@type\":\"ListItem\",\"@id\":\"https:\\\/\\\/eldigitaldeasturias.com\\\/magazine365\\\/las-agencias-de-viajes-europeas-se-reunen-en-bruselas-para-tratar-el-recargo-de-gds-que-aplicara-lufthansa\\\/#listItem\",\"name\":\"Las agencias de viajes europeas se re\\u00fanen en Bruselas para tratar el recargo de GDS que aplicar\\u00e1 Lufthansa\"},\"previousItem\":{\"@type\":\"ListItem\",\"@id\":\"https:\\\/\\\/eldigitaldeasturias.com\\\/magazine365#listItem\",\"name\":\"Home\"}},{\"@type\":\"ListItem\",\"@id\":\"https:\\\/\\\/eldigitaldeasturias.com\\\/magazine365\\\/las-agencias-de-viajes-europeas-se-reunen-en-bruselas-para-tratar-el-recargo-de-gds-que-aplicara-lufthansa\\\/#listItem\",\"position\":3,\"name\":\"Las agencias de viajes europeas se re\\u00fanen en Bruselas para tratar el recargo de GDS que aplicar\\u00e1 Lufthansa\",\"previousItem\":{\"@type\":\"ListItem\",\"@id\":\"https:\\\/\\\/eldigitaldeasturias.com\\\/magazine365\\\/category\\\/actualidad-turismo\\\/#listItem\",\"name\":\"Actualidad Turismo\"}}]},{\"@type\":\"Organization\",\"@id\":\"https:\\\/\\\/eldigitaldeasturias.com\\\/magazine365\\\/#organization\",\"name\":\"El digital de Asturias\",\"description\":\"Revista de ocio, turismo y estilo de vida\",\"url\":\"https:\\\/\\\/eldigitaldeasturias.com\\\/magazine365\\\/\",\"logo\":{\"@type\":\"ImageObject\",\"url\":\"https:\\\/\\\/www.eldigitaldeasturias.com\\\/noticias\\\/wp-content\\\/uploads\\\/2020\\\/12\\\/EDA.jpg\",\"@id\":\"https:\\\/\\\/eldigitaldeasturias.com\\\/magazine365\\\/las-agencias-de-viajes-europeas-se-reunen-en-bruselas-para-tratar-el-recargo-de-gds-que-aplicara-lufthansa\\\/#organizationLogo\"},\"image\":{\"@id\":\"https:\\\/\\\/eldigitaldeasturias.com\\\/magazine365\\\/las-agencias-de-viajes-europeas-se-reunen-en-bruselas-para-tratar-el-recargo-de-gds-que-aplicara-lufthansa\\\/#organizationLogo\"}},{\"@type\":\"Person\",\"@id\":\"https:\\\/\\\/eldigitaldeasturias.com\\\/magazine365\\\/author\\\/admin\\\/#author\",\"url\":\"https:\\\/\\\/eldigitaldeasturias.com\\\/magazine365\\\/author\\\/admin\\\/\",\"name\":\"admin\",\"image\":{\"@type\":\"ImageObject\",\"@id\":\"https:\\\/\\\/eldigitaldeasturias.com\\\/magazine365\\\/las-agencias-de-viajes-europeas-se-reunen-en-bruselas-para-tratar-el-recargo-de-gds-que-aplicara-lufthansa\\\/#authorImage\",\"url\":\"https:\\\/\\\/eldigitaldeasturias.com\\\/magazine365\\\/wp-content\\\/litespeed\\\/avatar\\\/e571bcf59a0edd6fa6838245a470f2fe.jpg?ver=1776969259\",\"width\":96,\"height\":96,\"caption\":\"admin\"}},{\"@type\":\"WebPage\",\"@id\":\"https:\\\/\\\/eldigitaldeasturias.com\\\/magazine365\\\/las-agencias-de-viajes-europeas-se-reunen-en-bruselas-para-tratar-el-recargo-de-gds-que-aplicara-lufthansa\\\/#webpage\",\"url\":\"https:\\\/\\\/eldigitaldeasturias.com\\\/magazine365\\\/las-agencias-de-viajes-europeas-se-reunen-en-bruselas-para-tratar-el-recargo-de-gds-que-aplicara-lufthansa\\\/\",\"name\":\"Las agencias de viajes europeas se re\\u00fanen en Bruselas para tratar el recargo de GDS que aplicar\\u00e1 Lufthansa | El Digital de Asturias\",\"description\":\"Las agencias de viajes europeas se reunir\\u00e1n el pr\\u00f3ximo jueves en un encuentro extraordinario convocado por la Asociaci\\u00f3n Europea de Agencias de Viajes (ECTTA), a la que pertenece la Federaci\\u00f3n Empresarial de Asociaciones Territoriales de Agencias de Viajes Espa\\u00f1olas (Fetave), para abordar la decisi\\u00f3n de Lufthansa de cobrar un recargo desde septiembre por cada reserva\",\"inLanguage\":\"es-ES\",\"isPartOf\":{\"@id\":\"https:\\\/\\\/eldigitaldeasturias.com\\\/magazine365\\\/#website\"},\"breadcrumb\":{\"@id\":\"https:\\\/\\\/eldigitaldeasturias.com\\\/magazine365\\\/las-agencias-de-viajes-europeas-se-reunen-en-bruselas-para-tratar-el-recargo-de-gds-que-aplicara-lufthansa\\\/#breadcrumblist\"},\"author\":{\"@id\":\"https:\\\/\\\/eldigitaldeasturias.com\\\/magazine365\\\/author\\\/admin\\\/#author\"},\"creator\":{\"@id\":\"https:\\\/\\\/eldigitaldeasturias.com\\\/magazine365\\\/author\\\/admin\\\/#author\"},\"image\":{\"@type\":\"ImageObject\",\"url\":\"https:\\\/\\\/eldigitaldeasturias.com\\\/magazine365\\\/wp-content\\\/uploads\\\/2015\\\/06\\\/fotonoticia_20150617111610_800.jpg\",\"@id\":\"https:\\\/\\\/eldigitaldeasturias.com\\\/magazine365\\\/las-agencias-de-viajes-europeas-se-reunen-en-bruselas-para-tratar-el-recargo-de-gds-que-aplicara-lufthansa\\\/#mainImage\",\"width\":800,\"height\":572},\"primaryImageOfPage\":{\"@id\":\"https:\\\/\\\/eldigitaldeasturias.com\\\/magazine365\\\/las-agencias-de-viajes-europeas-se-reunen-en-bruselas-para-tratar-el-recargo-de-gds-que-aplicara-lufthansa\\\/#mainImage\"},\"datePublished\":\"2015-06-17T15:55:10+02:00\",\"dateModified\":\"2015-06-17T15:55:10+02:00\"},{\"@type\":\"WebSite\",\"@id\":\"https:\\\/\\\/eldigitaldeasturias.com\\\/magazine365\\\/#website\",\"url\":\"https:\\\/\\\/eldigitaldeasturias.com\\\/magazine365\\\/\",\"name\":\"El Digital de Asturias\",\"description\":\"Revista de ocio, turismo y estilo de vida\",\"inLanguage\":\"es-ES\",\"publisher\":{\"@id\":\"https:\\\/\\\/eldigitaldeasturias.com\\\/magazine365\\\/#organization\"}}]}\n\t\t<\/script>\n\t\t<!-- All in One SEO Pro -->\r\n\t\t<title>Las agencias de viajes europeas se re\u00fanen en Bruselas para tratar el recargo de GDS que aplicar\u00e1 Lufthansa | El Digital de Asturias<\/title>\n\n","aioseo_head_json":{"title":"Las agencias de viajes europeas se re\u00fanen en Bruselas para tratar el recargo de GDS que aplicar\u00e1 Lufthansa | El Digital de Asturias","description":"Las agencias de viajes europeas se reunir\u00e1n el pr\u00f3ximo jueves en un encuentro extraordinario convocado por la Asociaci\u00f3n Europea de Agencias de Viajes (ECTTA), a la que pertenece la Federaci\u00f3n Empresarial de Asociaciones Territoriales de Agencias de Viajes Espa\u00f1olas (Fetave), para abordar la decisi\u00f3n de Lufthansa de cobrar un recargo desde septiembre por cada reserva","canonical_url":"https:\/\/eldigitaldeasturias.com\/magazine365\/las-agencias-de-viajes-europeas-se-reunen-en-bruselas-para-tratar-el-recargo-de-gds-que-aplicara-lufthansa\/","robots":"max-image-preview:large","keywords":"actualidad turismo","webmasterTools":{"google-site-verification":"UA-38556648-1","miscellaneous":""},"schema":{"@context":"https:\/\/schema.org","@graph":[{"@type":"Article","@id":"https:\/\/eldigitaldeasturias.com\/magazine365\/las-agencias-de-viajes-europeas-se-reunen-en-bruselas-para-tratar-el-recargo-de-gds-que-aplicara-lufthansa\/#article","name":"Las agencias de viajes europeas se re\u00fanen en Bruselas para tratar el recargo de GDS que aplicar\u00e1 Lufthansa | El Digital de Asturias","headline":"Las agencias de viajes europeas se re\u00fanen en Bruselas para tratar el recargo de GDS que aplicar\u00e1 Lufthansa","author":{"@id":"https:\/\/eldigitaldeasturias.com\/magazine365\/author\/admin\/#author"},"publisher":{"@id":"https:\/\/eldigitaldeasturias.com\/magazine365\/#organization"},"image":{"@type":"ImageObject","url":"https:\/\/eldigitaldeasturias.com\/magazine365\/wp-content\/uploads\/2015\/06\/fotonoticia_20150617111610_800.jpg","width":800,"height":572},"datePublished":"2015-06-17T15:55:10+02:00","dateModified":"2015-06-17T15:55:10+02:00","inLanguage":"es-ES","mainEntityOfPage":{"@id":"https:\/\/eldigitaldeasturias.com\/magazine365\/las-agencias-de-viajes-europeas-se-reunen-en-bruselas-para-tratar-el-recargo-de-gds-que-aplicara-lufthansa\/#webpage"},"isPartOf":{"@id":"https:\/\/eldigitaldeasturias.com\/magazine365\/las-agencias-de-viajes-europeas-se-reunen-en-bruselas-para-tratar-el-recargo-de-gds-que-aplicara-lufthansa\/#webpage"},"articleSection":"Actualidad Turismo"},{"@type":"BreadcrumbList","@id":"https:\/\/eldigitaldeasturias.com\/magazine365\/las-agencias-de-viajes-europeas-se-reunen-en-bruselas-para-tratar-el-recargo-de-gds-que-aplicara-lufthansa\/#breadcrumblist","itemListElement":[{"@type":"ListItem","@id":"https:\/\/eldigitaldeasturias.com\/magazine365#listItem","position":1,"name":"Home","item":"https:\/\/eldigitaldeasturias.com\/magazine365","nextItem":{"@type":"ListItem","@id":"https:\/\/eldigitaldeasturias.com\/magazine365\/category\/actualidad-turismo\/#listItem","name":"Actualidad Turismo"}},{"@type":"ListItem","@id":"https:\/\/eldigitaldeasturias.com\/magazine365\/category\/actualidad-turismo\/#listItem","position":2,"name":"Actualidad Turismo","item":"https:\/\/eldigitaldeasturias.com\/magazine365\/category\/actualidad-turismo\/","nextItem":{"@type":"ListItem","@id":"https:\/\/eldigitaldeasturias.com\/magazine365\/las-agencias-de-viajes-europeas-se-reunen-en-bruselas-para-tratar-el-recargo-de-gds-que-aplicara-lufthansa\/#listItem","name":"Las agencias de viajes europeas se re\u00fanen en Bruselas para tratar el recargo de GDS que aplicar\u00e1 Lufthansa"},"previousItem":{"@type":"ListItem","@id":"https:\/\/eldigitaldeasturias.com\/magazine365#listItem","name":"Home"}},{"@type":"ListItem","@id":"https:\/\/eldigitaldeasturias.com\/magazine365\/las-agencias-de-viajes-europeas-se-reunen-en-bruselas-para-tratar-el-recargo-de-gds-que-aplicara-lufthansa\/#listItem","position":3,"name":"Las agencias de viajes europeas se re\u00fanen en Bruselas para tratar el recargo de GDS que aplicar\u00e1 Lufthansa","previousItem":{"@type":"ListItem","@id":"https:\/\/eldigitaldeasturias.com\/magazine365\/category\/actualidad-turismo\/#listItem","name":"Actualidad Turismo"}}]},{"@type":"Organization","@id":"https:\/\/eldigitaldeasturias.com\/magazine365\/#organization","name":"El digital de Asturias","description":"Revista de ocio, turismo y estilo de vida","url":"https:\/\/eldigitaldeasturias.com\/magazine365\/","logo":{"@type":"ImageObject","url":"https:\/\/www.eldigitaldeasturias.com\/noticias\/wp-content\/uploads\/2020\/12\/EDA.jpg","@id":"https:\/\/eldigitaldeasturias.com\/magazine365\/las-agencias-de-viajes-europeas-se-reunen-en-bruselas-para-tratar-el-recargo-de-gds-que-aplicara-lufthansa\/#organizationLogo"},"image":{"@id":"https:\/\/eldigitaldeasturias.com\/magazine365\/las-agencias-de-viajes-europeas-se-reunen-en-bruselas-para-tratar-el-recargo-de-gds-que-aplicara-lufthansa\/#organizationLogo"}},{"@type":"Person","@id":"https:\/\/eldigitaldeasturias.com\/magazine365\/author\/admin\/#author","url":"https:\/\/eldigitaldeasturias.com\/magazine365\/author\/admin\/","name":"admin","image":{"@type":"ImageObject","@id":"https:\/\/eldigitaldeasturias.com\/magazine365\/las-agencias-de-viajes-europeas-se-reunen-en-bruselas-para-tratar-el-recargo-de-gds-que-aplicara-lufthansa\/#authorImage","url":"https:\/\/eldigitaldeasturias.com\/magazine365\/wp-content\/litespeed\/avatar\/e571bcf59a0edd6fa6838245a470f2fe.jpg?ver=1776969259","width":96,"height":96,"caption":"admin"}},{"@type":"WebPage","@id":"https:\/\/eldigitaldeasturias.com\/magazine365\/las-agencias-de-viajes-europeas-se-reunen-en-bruselas-para-tratar-el-recargo-de-gds-que-aplicara-lufthansa\/#webpage","url":"https:\/\/eldigitaldeasturias.com\/magazine365\/las-agencias-de-viajes-europeas-se-reunen-en-bruselas-para-tratar-el-recargo-de-gds-que-aplicara-lufthansa\/","name":"Las agencias de viajes europeas se re\u00fanen en Bruselas para tratar el recargo de GDS que aplicar\u00e1 Lufthansa | El Digital de Asturias","description":"Las agencias de viajes europeas se reunir\u00e1n el pr\u00f3ximo jueves en un encuentro extraordinario convocado por la Asociaci\u00f3n Europea de Agencias de Viajes (ECTTA), a la que pertenece la Federaci\u00f3n Empresarial de Asociaciones Territoriales de Agencias de Viajes Espa\u00f1olas (Fetave), para abordar la decisi\u00f3n de Lufthansa de cobrar un recargo desde septiembre por cada reserva","inLanguage":"es-ES","isPartOf":{"@id":"https:\/\/eldigitaldeasturias.com\/magazine365\/#website"},"breadcrumb":{"@id":"https:\/\/eldigitaldeasturias.com\/magazine365\/las-agencias-de-viajes-europeas-se-reunen-en-bruselas-para-tratar-el-recargo-de-gds-que-aplicara-lufthansa\/#breadcrumblist"},"author":{"@id":"https:\/\/eldigitaldeasturias.com\/magazine365\/author\/admin\/#author"},"creator":{"@id":"https:\/\/eldigitaldeasturias.com\/magazine365\/author\/admin\/#author"},"image":{"@type":"ImageObject","url":"https:\/\/eldigitaldeasturias.com\/magazine365\/wp-content\/uploads\/2015\/06\/fotonoticia_20150617111610_800.jpg","@id":"https:\/\/eldigitaldeasturias.com\/magazine365\/las-agencias-de-viajes-europeas-se-reunen-en-bruselas-para-tratar-el-recargo-de-gds-que-aplicara-lufthansa\/#mainImage","width":800,"height":572},"primaryImageOfPage":{"@id":"https:\/\/eldigitaldeasturias.com\/magazine365\/las-agencias-de-viajes-europeas-se-reunen-en-bruselas-para-tratar-el-recargo-de-gds-que-aplicara-lufthansa\/#mainImage"},"datePublished":"2015-06-17T15:55:10+02:00","dateModified":"2015-06-17T15:55:10+02:00"},{"@type":"WebSite","@id":"https:\/\/eldigitaldeasturias.com\/magazine365\/#website","url":"https:\/\/eldigitaldeasturias.com\/magazine365\/","name":"El Digital de Asturias","description":"Revista de ocio, turismo y estilo de vida","inLanguage":"es-ES","publisher":{"@id":"https:\/\/eldigitaldeasturias.com\/magazine365\/#organization"}}]},"og:locale":"es_ES","og:site_name":"El Digital de Asturias \u2013 Revista de ocio, turismo y estilo de vida","og:type":"article","og:title":"Las agencias de viajes europeas se re\u00fanen en Bruselas para tratar el recargo de GDS que aplicar\u00e1 Lufthansa | El Digital de Asturias","og:description":"Las agencias de viajes europeas se reunir\u00e1n el pr\u00f3ximo jueves en un encuentro extraordinario convocado por la Asociaci\u00f3n Europea de Agencias de Viajes (ECTTA), a la que pertenece la Federaci\u00f3n Empresarial de Asociaciones Territoriales de Agencias de Viajes Espa\u00f1olas (Fetave), para abordar la decisi\u00f3n de Lufthansa de cobrar un recargo desde septiembre por cada reserva","og:url":"https:\/\/eldigitaldeasturias.com\/magazine365\/las-agencias-de-viajes-europeas-se-reunen-en-bruselas-para-tratar-el-recargo-de-gds-que-aplicara-lufthansa\/","og:image":"https:\/\/eldigitaldeasturias.com\/magazine365\/wp-content\/uploads\/2015\/06\/fotonoticia_20150617111610_800.jpg","og:image:secure_url":"https:\/\/eldigitaldeasturias.com\/magazine365\/wp-content\/uploads\/2015\/06\/fotonoticia_20150617111610_800.jpg","og:image:width":800,"og:image:height":572,"article:published_time":"2015-06-17T14:25:10+00:00","article:modified_time":"2015-06-17T14:25:10+00:00","twitter:card":"summary_large_image","twitter:title":"Las agencias de viajes europeas se re\u00fanen en Bruselas para tratar el recargo de GDS que aplicar\u00e1 Lufthansa | El Digital de Asturias","twitter:description":"Las agencias de viajes europeas se reunir\u00e1n el pr\u00f3ximo jueves en un encuentro extraordinario convocado por la Asociaci\u00f3n Europea de Agencias de Viajes (ECTTA), a la que pertenece la Federaci\u00f3n Empresarial de Asociaciones Territoriales de Agencias de Viajes Espa\u00f1olas (Fetave), para abordar la decisi\u00f3n de Lufthansa de cobrar un recargo desde septiembre por cada reserva","twitter:image":"https:\/\/eldigitaldeasturias.com\/magazine365\/wp-content\/uploads\/2015\/06\/fotonoticia_20150617111610_800.jpg"},"aioseo_meta_data":{"post_id":"40123","title":null,"description":null,"keywords":null,"keyphrases":null,"primary_term":null,"canonical_url":null,"og_title":null,"og_description":null,"og_object_type":"default","og_image_type":"default","og_image_url":null,"og_image_width":null,"og_image_height":null,"og_image_custom_url":null,"og_image_custom_fields":null,"og_video":null,"og_custom_url":null,"og_article_section":null,"og_article_tags":null,"twitter_use_og":false,"twitter_card":"default","twitter_image_type":"default","twitter_image_url":null,"twitter_image_custom_url":null,"twitter_image_custom_fields":null,"twitter_title":null,"twitter_description":null,"schema":{"blockGraphs":[],"customGraphs":[],"default":{"data":{"Article":[],"Course":[],"Dataset":[],"FAQPage":[],"Movie":[],"Person":[],"Product":[],"ProductReview":[],"Car":[],"Recipe":[],"Service":[],"SoftwareApplication":[],"WebPage":[]},"graphName":"","isEnabled":true},"graphs":[],"defaultGraph":"","defaultPostTypeGraph":""},"schema_type":null,"schema_type_options":null,"pillar_content":false,"robots_default":true,"robots_noindex":false,"robots_noarchive":false,"robots_nosnippet":false,"robots_nofollow":false,"robots_noimageindex":false,"robots_noodp":false,"robots_notranslate":false,"robots_max_snippet":null,"robots_max_videopreview":null,"robots_max_imagepreview":"large","priority":null,"frequency":null,"location":null,"local_seo":null,"seo_analyzer_scan_date":"2025-09-19 12:59:57","breadcrumb_settings":null,"limit_modified_date":false,"open_ai":null,"ai":null,"created":"2021-03-09 02:32:56","updated":"2025-09-19 12:59:57"},"aioseo_breadcrumb":"<div class=\"aioseo-breadcrumbs\"><span class=\"aioseo-breadcrumb\">\n\t<a href=\"https:\/\/eldigitaldeasturias.com\/magazine365\" title=\"Home\">Home<\/a>\n<\/span><span class=\"aioseo-breadcrumb-separator\">\u2013<\/span><span class=\"aioseo-breadcrumb\">\n\t<a href=\"https:\/\/eldigitaldeasturias.com\/magazine365\/category\/actualidad-turismo\/\" title=\"Actualidad Turismo\">Actualidad Turismo<\/a>\n<\/span><span class=\"aioseo-breadcrumb-separator\">\u2013<\/span><span class=\"aioseo-breadcrumb\">\n\t<a href=\"https:\/\/eldigitaldeasturias.com\/magazine365\/las-agencias-de-viajes-europeas-se-reunen-en-bruselas-para-tratar-el-recargo-de-gds-que-aplicara-lufthansa\/\" title=\"Las agencias de viajes europeas se re\u00fanen en Bruselas para tratar el recargo de GDS que aplicar\u00e1 Lufthansa\">Las agencias de viajes europeas se re\u00fanen en Bruselas para tratar el recargo de GDS que aplicar\u00e1 Lufthansa<\/a>\n<\/span><\/div>","aioseo_breadcrumb_json":[{"label":"Home","link":"https:\/\/eldigitaldeasturias.com\/magazine365"},{"label":"Actualidad Turismo","link":"https:\/\/eldigitaldeasturias.com\/magazine365\/category\/actualidad-turismo\/"},{"label":"Las agencias de viajes europeas se re\u00fanen en Bruselas para tratar el recargo de GDS que aplicar\u00e1 Lufthansa","link":"https:\/\/eldigitaldeasturias.com\/magazine365\/las-agencias-de-viajes-europeas-se-reunen-en-bruselas-para-tratar-el-recargo-de-gds-que-aplicara-lufthansa\/"}],"_links":{"self":[{"href":"https:\/\/eldigitaldeasturias.com\/magazine365\/wp-json\/wp\/v2\/posts\/40123","targetHints":{"allow":["GET"]}}],"collection":[{"href":"https:\/\/eldigitaldeasturias.com\/magazine365\/wp-json\/wp\/v2\/posts"}],"about":[{"href":"https:\/\/eldigitaldeasturias.com\/magazine365\/wp-json\/wp\/v2\/types\/post"}],"author":[{"embeddable":true,"href":"https:\/\/eldigitaldeasturias.com\/magazine365\/wp-json\/wp\/v2\/users\/1"}],"replies":[{"embeddable":true,"href":"https:\/\/eldigitaldeasturias.com\/magazine365\/wp-json\/wp\/v2\/comments?post=40123"}],"version-history":[{"count":0,"href":"https:\/\/eldigitaldeasturias.com\/magazine365\/wp-json\/wp\/v2\/posts\/40123\/revisions"}],"wp:featuredmedia":[{"embeddable":true,"href":"https:\/\/eldigitaldeasturias.com\/magazine365\/wp-json\/wp\/v2\/media\/40124"}],"wp:attachment":[{"href":"https:\/\/eldigitaldeasturias.com\/magazine365\/wp-json\/wp\/v2\/media?parent=40123"}],"wp:term":[{"taxonomy":"category","embeddable":true,"href":"https:\/\/eldigitaldeasturias.com\/magazine365\/wp-json\/wp\/v2\/categories?post=40123"},{"taxonomy":"post_tag","embeddable":true,"href":"https:\/\/eldigitaldeasturias.com\/magazine365\/wp-json\/wp\/v2\/tags?post=40123"}],"curies":[{"name":"wp","href":"https:\/\/api.w.org\/{rel}","templated":true}]}}