{"id":40119,"date":"2015-06-17T15:24:26","date_gmt":"2015-06-17T13:54:26","guid":{"rendered":"http:\/\/eldigitaldeasturias.com\/magazine365\/?p=40119"},"modified":"2015-06-17T15:24:26","modified_gmt":"2015-06-17T13:54:26","slug":"agentes-de-viajes-de-brasil-visitan-extremadura","status":"publish","type":"post","link":"https:\/\/eldigitaldeasturias.com\/magazine365\/agentes-de-viajes-de-brasil-visitan-extremadura\/","title":{"rendered":"Agentes de viajes de Brasil visitan Extremadura"},"content":{"rendered":"<p><img fetchpriority=\"high\" decoding=\"async\" class=\"alignleft size-medium wp-image-40120\" src=\"https:\/\/eldigitaldeasturias.com\/magazine365\/wp-content\/uploads\/2015\/06\/fotonoticia_20150617105340_800-360x250.jpg\" alt=\"fotonoticia_20150617105340_800\" width=\"360\" height=\"250\" srcset=\"https:\/\/eldigitaldeasturias.com\/magazine365\/wp-content\/uploads\/2015\/06\/fotonoticia_20150617105340_800-360x250.jpg 360w, https:\/\/eldigitaldeasturias.com\/magazine365\/wp-content\/uploads\/2015\/06\/fotonoticia_20150617105340_800-650x451.jpg 650w, https:\/\/eldigitaldeasturias.com\/magazine365\/wp-content\/uploads\/2015\/06\/fotonoticia_20150617105340_800-768x533.jpg 768w, https:\/\/eldigitaldeasturias.com\/magazine365\/wp-content\/uploads\/2015\/06\/fotonoticia_20150617105340_800-150x104.jpg 150w, https:\/\/eldigitaldeasturias.com\/magazine365\/wp-content\/uploads\/2015\/06\/fotonoticia_20150617105340_800-450x312.jpg 450w, https:\/\/eldigitaldeasturias.com\/magazine365\/wp-content\/uploads\/2015\/06\/fotonoticia_20150617105340_800-100x70.jpg 100w, https:\/\/eldigitaldeasturias.com\/magazine365\/wp-content\/uploads\/2015\/06\/fotonoticia_20150617105340_800-218x150.jpg 218w, https:\/\/eldigitaldeasturias.com\/magazine365\/wp-content\/uploads\/2015\/06\/fotonoticia_20150617105340_800-696x483.jpg 696w, https:\/\/eldigitaldeasturias.com\/magazine365\/wp-content\/uploads\/2015\/06\/fotonoticia_20150617105340_800-605x420.jpg 605w, https:\/\/eldigitaldeasturias.com\/magazine365\/wp-content\/uploads\/2015\/06\/fotonoticia_20150617105340_800.jpg 800w\" sizes=\"(max-width: 360px) 100vw, 360px\" \/>Directivos de cinco agencias de viajes de Brasil especializadas en turismo de lujo han iniciado este mi\u00e9rcoles, d\u00eda 17, una visita a Extremadura para descubrir sus atractivos naturales, culturales y gastron\u00f3micos.<\/p>\n<p>En esta acci\u00f3n, organizada por la Direcci\u00f3n General de Turismo en colaboraci\u00f3n con la oficina de Turespa\u00f1a en S\u00e3o Paulo, participan responsables de las empresas brasile\u00f1as Latitudes, Fama, Signature Travel, Top Luxe y Flaptur, todas ellas integradas en Virtuoso, una red estadounidense de agencias de lujo presente en 26 pa\u00edses de todo el mundo.<\/p>\n<p>Asimismo, esta iniciativa promocional cuenta con el apoyo de los fondos Feder, seg\u00fan ha se\u00f1alado en nota de prensa el Gobierno de Extremadura.<\/p>\n<p>CONJUNTO MONUMENTAL DE M\u00c9RIDA Y C\u00c1CERES.<\/p>\n<p>De este modo, hasta el pr\u00f3ximo viernes, d\u00eda 19, los agentes brasile\u00f1os realizar\u00e1n visitas guiadas a los conjuntos monumentales de C\u00e1ceres y M\u00e9rida, declarados Patrimonio de la Humanidad, y \u00absaborear\u00e1n\u00bb las nuevas propuestas de la cocina de Extremadura, en un a\u00f1o en que la ciudad cacere\u00f1a es la Capital Espa\u00f1ola de la Gastronom\u00eda.<\/p>\n<p>Entre otras actividades, los representantes de Virtuoso conocer\u00e1n el Centro de Artes Visuales Fundaci\u00f3n Helga de Alvear, en C\u00e1ceres, y visitar\u00e1n una dehesa, donde se les explicar\u00e1 la importancia de este ecosistema mediterr\u00e1neo para la cr\u00eda del cerdo ib\u00e9rico y el proceso de elaboraci\u00f3n del jam\u00f3n de bellota, \u00abuno de los iconos de la gastronom\u00eda espa\u00f1ola\u00bb.<\/p>\n<p>Cabe destacar que, en los \u00faltimos a\u00f1os, la Direcci\u00f3n General de Turismo ha realizado varias acciones destinadas al mercado de Brasil, el pa\u00eds m\u00e1s poblado de Latinoam\u00e9rica con 200 millones de habitantes.<\/p>\n<p>Entre ellas, se encuentran viajes de prensa de los diarios m\u00e1s influyentes (Folha de S\u00e3o Paulo y O Estado de S\u00e3o Paulo) y de Guga Rocha, un conocido chef y presentador de televisi\u00f3n.<\/p>\n<p>Tambi\u00e9n, y con la vista puesta en Latinoam\u00e9rica, Turismo ha organizado este a\u00f1o una visita de directivos de veinte empresas mexicanas a Extremadura, entre ellas, Aerom\u00e9xico, American Express y Viajes El Corte Ingl\u00e9s M\u00e9xico, y otra de periodistas de los diarios argentinos Clar\u00edn y La Naci\u00f3n y del uruguayo El Pa\u00eds.<\/p>\n","protected":false},"excerpt":{"rendered":"<p>Directivos de cinco agencias de viajes de Brasil especializadas en turismo de lujo han iniciado este mi\u00e9rcoles, d\u00eda 17, una visita a Extremadura para descubrir sus atractivos naturales, culturales y gastron\u00f3micos. En esta acci\u00f3n, organizada por la Direcci\u00f3n General de Turismo en colaboraci\u00f3n con la oficina de Turespa\u00f1a en S\u00e3o Paulo, participan responsables de las<\/p>\n","protected":false},"author":1,"featured_media":40120,"comment_status":"open","ping_status":"closed","sticky":false,"template":"","format":"standard","meta":{"footnotes":""},"categories":[222],"tags":[],"class_list":{"0":"post-40119","1":"post","2":"type-post","3":"status-publish","4":"format-standard","5":"has-post-thumbnail","7":"category-actualidad-turismo"},"aioseo_notices":[],"aioseo_head":"\n\t\t<!-- All in One SEO Pro 4.9.6.1 - aioseo.com -->\n\t<meta name=\"description\" content=\"Directivos de cinco agencias de viajes de Brasil especializadas en turismo de lujo han iniciado este mi\u00e9rcoles, d\u00eda 17, una visita a Extremadura para descubrir sus atractivos naturales, culturales y gastron\u00f3micos. En esta acci\u00f3n, organizada por la Direcci\u00f3n General de Turismo en colaboraci\u00f3n con la oficina de Turespa\u00f1a en S\u00e3o Paulo, participan responsables de las\" \/>\n\t<meta name=\"robots\" content=\"max-image-preview:large\" \/>\n\t<meta name=\"author\" content=\"admin\"\/>\n\t<meta name=\"google-site-verification\" content=\"UA-38556648-1\" \/>\n\t<meta name=\"keywords\" content=\"actualidad turismo\" \/>\n\t<link rel=\"canonical\" href=\"https:\/\/eldigitaldeasturias.com\/magazine365\/agentes-de-viajes-de-brasil-visitan-extremadura\/\" \/>\n\t<meta name=\"generator\" content=\"All in One SEO Pro (AIOSEO) 4.9.6.1\" \/>\n\t\t<meta property=\"og:locale\" content=\"es_ES\" \/>\n\t\t<meta property=\"og:site_name\" content=\"El Digital de Asturias \u2013 Revista de ocio, turismo y estilo de vida\" \/>\n\t\t<meta property=\"og:type\" content=\"article\" \/>\n\t\t<meta property=\"og:title\" content=\"Agentes de viajes de Brasil visitan Extremadura | El Digital de Asturias\" \/>\n\t\t<meta property=\"og:description\" content=\"Directivos de cinco agencias de viajes de Brasil especializadas en turismo de lujo han iniciado este mi\u00e9rcoles, d\u00eda 17, una visita a Extremadura para descubrir sus atractivos naturales, culturales y gastron\u00f3micos. En esta acci\u00f3n, organizada por la Direcci\u00f3n General de Turismo en colaboraci\u00f3n con la oficina de Turespa\u00f1a en S\u00e3o Paulo, participan responsables de las\" \/>\n\t\t<meta property=\"og:url\" content=\"https:\/\/eldigitaldeasturias.com\/magazine365\/agentes-de-viajes-de-brasil-visitan-extremadura\/\" \/>\n\t\t<meta property=\"og:image\" content=\"https:\/\/eldigitaldeasturias.com\/magazine365\/wp-content\/uploads\/2015\/06\/fotonoticia_20150617105340_800.jpg\" \/>\n\t\t<meta property=\"og:image:secure_url\" content=\"https:\/\/eldigitaldeasturias.com\/magazine365\/wp-content\/uploads\/2015\/06\/fotonoticia_20150617105340_800.jpg\" \/>\n\t\t<meta property=\"og:image:width\" content=\"800\" \/>\n\t\t<meta property=\"og:image:height\" content=\"555\" \/>\n\t\t<meta property=\"article:published_time\" content=\"2015-06-17T13:54:26+00:00\" \/>\n\t\t<meta property=\"article:modified_time\" content=\"2015-06-17T13:54:26+00:00\" \/>\n\t\t<meta name=\"twitter:card\" content=\"summary_large_image\" \/>\n\t\t<meta name=\"twitter:title\" content=\"Agentes de viajes de Brasil visitan Extremadura | El Digital de Asturias\" \/>\n\t\t<meta name=\"twitter:description\" content=\"Directivos de cinco agencias de viajes de Brasil especializadas en turismo de lujo han iniciado este mi\u00e9rcoles, d\u00eda 17, una visita a Extremadura para descubrir sus atractivos naturales, culturales y gastron\u00f3micos. En esta acci\u00f3n, organizada por la Direcci\u00f3n General de Turismo en colaboraci\u00f3n con la oficina de Turespa\u00f1a en S\u00e3o Paulo, participan responsables de las\" \/>\n\t\t<meta name=\"twitter:image\" content=\"https:\/\/eldigitaldeasturias.com\/magazine365\/wp-content\/uploads\/2015\/06\/fotonoticia_20150617105340_800.jpg\" \/>\n\t\t<script type=\"application\/ld+json\" class=\"aioseo-schema\">\n\t\t\t{\"@context\":\"https:\\\/\\\/schema.org\",\"@graph\":[{\"@type\":\"Article\",\"@id\":\"https:\\\/\\\/eldigitaldeasturias.com\\\/magazine365\\\/agentes-de-viajes-de-brasil-visitan-extremadura\\\/#article\",\"name\":\"Agentes de viajes de Brasil visitan Extremadura | El Digital de Asturias\",\"headline\":\"Agentes de viajes de Brasil visitan Extremadura\",\"author\":{\"@id\":\"https:\\\/\\\/eldigitaldeasturias.com\\\/magazine365\\\/author\\\/admin\\\/#author\"},\"publisher\":{\"@id\":\"https:\\\/\\\/eldigitaldeasturias.com\\\/magazine365\\\/#organization\"},\"image\":{\"@type\":\"ImageObject\",\"url\":\"https:\\\/\\\/eldigitaldeasturias.com\\\/magazine365\\\/wp-content\\\/uploads\\\/2015\\\/06\\\/fotonoticia_20150617105340_800.jpg\",\"width\":800,\"height\":555},\"datePublished\":\"2015-06-17T15:24:26+02:00\",\"dateModified\":\"2015-06-17T15:24:26+02:00\",\"inLanguage\":\"es-ES\",\"mainEntityOfPage\":{\"@id\":\"https:\\\/\\\/eldigitaldeasturias.com\\\/magazine365\\\/agentes-de-viajes-de-brasil-visitan-extremadura\\\/#webpage\"},\"isPartOf\":{\"@id\":\"https:\\\/\\\/eldigitaldeasturias.com\\\/magazine365\\\/agentes-de-viajes-de-brasil-visitan-extremadura\\\/#webpage\"},\"articleSection\":\"Actualidad Turismo\"},{\"@type\":\"BreadcrumbList\",\"@id\":\"https:\\\/\\\/eldigitaldeasturias.com\\\/magazine365\\\/agentes-de-viajes-de-brasil-visitan-extremadura\\\/#breadcrumblist\",\"itemListElement\":[{\"@type\":\"ListItem\",\"@id\":\"https:\\\/\\\/eldigitaldeasturias.com\\\/magazine365#listItem\",\"position\":1,\"name\":\"Home\",\"item\":\"https:\\\/\\\/eldigitaldeasturias.com\\\/magazine365\",\"nextItem\":{\"@type\":\"ListItem\",\"@id\":\"https:\\\/\\\/eldigitaldeasturias.com\\\/magazine365\\\/category\\\/actualidad-turismo\\\/#listItem\",\"name\":\"Actualidad Turismo\"}},{\"@type\":\"ListItem\",\"@id\":\"https:\\\/\\\/eldigitaldeasturias.com\\\/magazine365\\\/category\\\/actualidad-turismo\\\/#listItem\",\"position\":2,\"name\":\"Actualidad Turismo\",\"item\":\"https:\\\/\\\/eldigitaldeasturias.com\\\/magazine365\\\/category\\\/actualidad-turismo\\\/\",\"nextItem\":{\"@type\":\"ListItem\",\"@id\":\"https:\\\/\\\/eldigitaldeasturias.com\\\/magazine365\\\/agentes-de-viajes-de-brasil-visitan-extremadura\\\/#listItem\",\"name\":\"Agentes de viajes de Brasil visitan Extremadura\"},\"previousItem\":{\"@type\":\"ListItem\",\"@id\":\"https:\\\/\\\/eldigitaldeasturias.com\\\/magazine365#listItem\",\"name\":\"Home\"}},{\"@type\":\"ListItem\",\"@id\":\"https:\\\/\\\/eldigitaldeasturias.com\\\/magazine365\\\/agentes-de-viajes-de-brasil-visitan-extremadura\\\/#listItem\",\"position\":3,\"name\":\"Agentes de viajes de Brasil visitan Extremadura\",\"previousItem\":{\"@type\":\"ListItem\",\"@id\":\"https:\\\/\\\/eldigitaldeasturias.com\\\/magazine365\\\/category\\\/actualidad-turismo\\\/#listItem\",\"name\":\"Actualidad Turismo\"}}]},{\"@type\":\"Organization\",\"@id\":\"https:\\\/\\\/eldigitaldeasturias.com\\\/magazine365\\\/#organization\",\"name\":\"El digital de Asturias\",\"description\":\"Revista de ocio, turismo y estilo de vida\",\"url\":\"https:\\\/\\\/eldigitaldeasturias.com\\\/magazine365\\\/\",\"logo\":{\"@type\":\"ImageObject\",\"url\":\"https:\\\/\\\/www.eldigitaldeasturias.com\\\/noticias\\\/wp-content\\\/uploads\\\/2020\\\/12\\\/EDA.jpg\",\"@id\":\"https:\\\/\\\/eldigitaldeasturias.com\\\/magazine365\\\/agentes-de-viajes-de-brasil-visitan-extremadura\\\/#organizationLogo\"},\"image\":{\"@id\":\"https:\\\/\\\/eldigitaldeasturias.com\\\/magazine365\\\/agentes-de-viajes-de-brasil-visitan-extremadura\\\/#organizationLogo\"}},{\"@type\":\"Person\",\"@id\":\"https:\\\/\\\/eldigitaldeasturias.com\\\/magazine365\\\/author\\\/admin\\\/#author\",\"url\":\"https:\\\/\\\/eldigitaldeasturias.com\\\/magazine365\\\/author\\\/admin\\\/\",\"name\":\"admin\",\"image\":{\"@type\":\"ImageObject\",\"@id\":\"https:\\\/\\\/eldigitaldeasturias.com\\\/magazine365\\\/agentes-de-viajes-de-brasil-visitan-extremadura\\\/#authorImage\",\"url\":\"https:\\\/\\\/eldigitaldeasturias.com\\\/magazine365\\\/wp-content\\\/litespeed\\\/avatar\\\/e571bcf59a0edd6fa6838245a470f2fe.jpg?ver=1776969259\",\"width\":96,\"height\":96,\"caption\":\"admin\"}},{\"@type\":\"WebPage\",\"@id\":\"https:\\\/\\\/eldigitaldeasturias.com\\\/magazine365\\\/agentes-de-viajes-de-brasil-visitan-extremadura\\\/#webpage\",\"url\":\"https:\\\/\\\/eldigitaldeasturias.com\\\/magazine365\\\/agentes-de-viajes-de-brasil-visitan-extremadura\\\/\",\"name\":\"Agentes de viajes de Brasil visitan Extremadura | El Digital de Asturias\",\"description\":\"Directivos de cinco agencias de viajes de Brasil especializadas en turismo de lujo han iniciado este mi\\u00e9rcoles, d\\u00eda 17, una visita a Extremadura para descubrir sus atractivos naturales, culturales y gastron\\u00f3micos. En esta acci\\u00f3n, organizada por la Direcci\\u00f3n General de Turismo en colaboraci\\u00f3n con la oficina de Turespa\\u00f1a en S\\u00e3o Paulo, participan responsables de las\",\"inLanguage\":\"es-ES\",\"isPartOf\":{\"@id\":\"https:\\\/\\\/eldigitaldeasturias.com\\\/magazine365\\\/#website\"},\"breadcrumb\":{\"@id\":\"https:\\\/\\\/eldigitaldeasturias.com\\\/magazine365\\\/agentes-de-viajes-de-brasil-visitan-extremadura\\\/#breadcrumblist\"},\"author\":{\"@id\":\"https:\\\/\\\/eldigitaldeasturias.com\\\/magazine365\\\/author\\\/admin\\\/#author\"},\"creator\":{\"@id\":\"https:\\\/\\\/eldigitaldeasturias.com\\\/magazine365\\\/author\\\/admin\\\/#author\"},\"image\":{\"@type\":\"ImageObject\",\"url\":\"https:\\\/\\\/eldigitaldeasturias.com\\\/magazine365\\\/wp-content\\\/uploads\\\/2015\\\/06\\\/fotonoticia_20150617105340_800.jpg\",\"@id\":\"https:\\\/\\\/eldigitaldeasturias.com\\\/magazine365\\\/agentes-de-viajes-de-brasil-visitan-extremadura\\\/#mainImage\",\"width\":800,\"height\":555},\"primaryImageOfPage\":{\"@id\":\"https:\\\/\\\/eldigitaldeasturias.com\\\/magazine365\\\/agentes-de-viajes-de-brasil-visitan-extremadura\\\/#mainImage\"},\"datePublished\":\"2015-06-17T15:24:26+02:00\",\"dateModified\":\"2015-06-17T15:24:26+02:00\"},{\"@type\":\"WebSite\",\"@id\":\"https:\\\/\\\/eldigitaldeasturias.com\\\/magazine365\\\/#website\",\"url\":\"https:\\\/\\\/eldigitaldeasturias.com\\\/magazine365\\\/\",\"name\":\"El Digital de Asturias\",\"description\":\"Revista de ocio, turismo y estilo de vida\",\"inLanguage\":\"es-ES\",\"publisher\":{\"@id\":\"https:\\\/\\\/eldigitaldeasturias.com\\\/magazine365\\\/#organization\"}}]}\n\t\t<\/script>\n\t\t<!-- All in One SEO Pro -->\r\n\t\t<title>Agentes de viajes de Brasil visitan Extremadura | El Digital de Asturias<\/title>\n\n","aioseo_head_json":{"title":"Agentes de viajes de Brasil visitan Extremadura | El Digital de Asturias","description":"Directivos de cinco agencias de viajes de Brasil especializadas en turismo de lujo han iniciado este mi\u00e9rcoles, d\u00eda 17, una visita a Extremadura para descubrir sus atractivos naturales, culturales y gastron\u00f3micos. En esta acci\u00f3n, organizada por la Direcci\u00f3n General de Turismo en colaboraci\u00f3n con la oficina de Turespa\u00f1a en S\u00e3o Paulo, participan responsables de las","canonical_url":"https:\/\/eldigitaldeasturias.com\/magazine365\/agentes-de-viajes-de-brasil-visitan-extremadura\/","robots":"max-image-preview:large","keywords":"actualidad turismo","webmasterTools":{"google-site-verification":"UA-38556648-1","miscellaneous":""},"schema":{"@context":"https:\/\/schema.org","@graph":[{"@type":"Article","@id":"https:\/\/eldigitaldeasturias.com\/magazine365\/agentes-de-viajes-de-brasil-visitan-extremadura\/#article","name":"Agentes de viajes de Brasil visitan Extremadura | El Digital de Asturias","headline":"Agentes de viajes de Brasil visitan Extremadura","author":{"@id":"https:\/\/eldigitaldeasturias.com\/magazine365\/author\/admin\/#author"},"publisher":{"@id":"https:\/\/eldigitaldeasturias.com\/magazine365\/#organization"},"image":{"@type":"ImageObject","url":"https:\/\/eldigitaldeasturias.com\/magazine365\/wp-content\/uploads\/2015\/06\/fotonoticia_20150617105340_800.jpg","width":800,"height":555},"datePublished":"2015-06-17T15:24:26+02:00","dateModified":"2015-06-17T15:24:26+02:00","inLanguage":"es-ES","mainEntityOfPage":{"@id":"https:\/\/eldigitaldeasturias.com\/magazine365\/agentes-de-viajes-de-brasil-visitan-extremadura\/#webpage"},"isPartOf":{"@id":"https:\/\/eldigitaldeasturias.com\/magazine365\/agentes-de-viajes-de-brasil-visitan-extremadura\/#webpage"},"articleSection":"Actualidad Turismo"},{"@type":"BreadcrumbList","@id":"https:\/\/eldigitaldeasturias.com\/magazine365\/agentes-de-viajes-de-brasil-visitan-extremadura\/#breadcrumblist","itemListElement":[{"@type":"ListItem","@id":"https:\/\/eldigitaldeasturias.com\/magazine365#listItem","position":1,"name":"Home","item":"https:\/\/eldigitaldeasturias.com\/magazine365","nextItem":{"@type":"ListItem","@id":"https:\/\/eldigitaldeasturias.com\/magazine365\/category\/actualidad-turismo\/#listItem","name":"Actualidad Turismo"}},{"@type":"ListItem","@id":"https:\/\/eldigitaldeasturias.com\/magazine365\/category\/actualidad-turismo\/#listItem","position":2,"name":"Actualidad Turismo","item":"https:\/\/eldigitaldeasturias.com\/magazine365\/category\/actualidad-turismo\/","nextItem":{"@type":"ListItem","@id":"https:\/\/eldigitaldeasturias.com\/magazine365\/agentes-de-viajes-de-brasil-visitan-extremadura\/#listItem","name":"Agentes de viajes de Brasil visitan Extremadura"},"previousItem":{"@type":"ListItem","@id":"https:\/\/eldigitaldeasturias.com\/magazine365#listItem","name":"Home"}},{"@type":"ListItem","@id":"https:\/\/eldigitaldeasturias.com\/magazine365\/agentes-de-viajes-de-brasil-visitan-extremadura\/#listItem","position":3,"name":"Agentes de viajes de Brasil visitan Extremadura","previousItem":{"@type":"ListItem","@id":"https:\/\/eldigitaldeasturias.com\/magazine365\/category\/actualidad-turismo\/#listItem","name":"Actualidad Turismo"}}]},{"@type":"Organization","@id":"https:\/\/eldigitaldeasturias.com\/magazine365\/#organization","name":"El digital de Asturias","description":"Revista de ocio, turismo y estilo de vida","url":"https:\/\/eldigitaldeasturias.com\/magazine365\/","logo":{"@type":"ImageObject","url":"https:\/\/www.eldigitaldeasturias.com\/noticias\/wp-content\/uploads\/2020\/12\/EDA.jpg","@id":"https:\/\/eldigitaldeasturias.com\/magazine365\/agentes-de-viajes-de-brasil-visitan-extremadura\/#organizationLogo"},"image":{"@id":"https:\/\/eldigitaldeasturias.com\/magazine365\/agentes-de-viajes-de-brasil-visitan-extremadura\/#organizationLogo"}},{"@type":"Person","@id":"https:\/\/eldigitaldeasturias.com\/magazine365\/author\/admin\/#author","url":"https:\/\/eldigitaldeasturias.com\/magazine365\/author\/admin\/","name":"admin","image":{"@type":"ImageObject","@id":"https:\/\/eldigitaldeasturias.com\/magazine365\/agentes-de-viajes-de-brasil-visitan-extremadura\/#authorImage","url":"https:\/\/eldigitaldeasturias.com\/magazine365\/wp-content\/litespeed\/avatar\/e571bcf59a0edd6fa6838245a470f2fe.jpg?ver=1776969259","width":96,"height":96,"caption":"admin"}},{"@type":"WebPage","@id":"https:\/\/eldigitaldeasturias.com\/magazine365\/agentes-de-viajes-de-brasil-visitan-extremadura\/#webpage","url":"https:\/\/eldigitaldeasturias.com\/magazine365\/agentes-de-viajes-de-brasil-visitan-extremadura\/","name":"Agentes de viajes de Brasil visitan Extremadura | El Digital de Asturias","description":"Directivos de cinco agencias de viajes de Brasil especializadas en turismo de lujo han iniciado este mi\u00e9rcoles, d\u00eda 17, una visita a Extremadura para descubrir sus atractivos naturales, culturales y gastron\u00f3micos. En esta acci\u00f3n, organizada por la Direcci\u00f3n General de Turismo en colaboraci\u00f3n con la oficina de Turespa\u00f1a en S\u00e3o Paulo, participan responsables de las","inLanguage":"es-ES","isPartOf":{"@id":"https:\/\/eldigitaldeasturias.com\/magazine365\/#website"},"breadcrumb":{"@id":"https:\/\/eldigitaldeasturias.com\/magazine365\/agentes-de-viajes-de-brasil-visitan-extremadura\/#breadcrumblist"},"author":{"@id":"https:\/\/eldigitaldeasturias.com\/magazine365\/author\/admin\/#author"},"creator":{"@id":"https:\/\/eldigitaldeasturias.com\/magazine365\/author\/admin\/#author"},"image":{"@type":"ImageObject","url":"https:\/\/eldigitaldeasturias.com\/magazine365\/wp-content\/uploads\/2015\/06\/fotonoticia_20150617105340_800.jpg","@id":"https:\/\/eldigitaldeasturias.com\/magazine365\/agentes-de-viajes-de-brasil-visitan-extremadura\/#mainImage","width":800,"height":555},"primaryImageOfPage":{"@id":"https:\/\/eldigitaldeasturias.com\/magazine365\/agentes-de-viajes-de-brasil-visitan-extremadura\/#mainImage"},"datePublished":"2015-06-17T15:24:26+02:00","dateModified":"2015-06-17T15:24:26+02:00"},{"@type":"WebSite","@id":"https:\/\/eldigitaldeasturias.com\/magazine365\/#website","url":"https:\/\/eldigitaldeasturias.com\/magazine365\/","name":"El Digital de Asturias","description":"Revista de ocio, turismo y estilo de vida","inLanguage":"es-ES","publisher":{"@id":"https:\/\/eldigitaldeasturias.com\/magazine365\/#organization"}}]},"og:locale":"es_ES","og:site_name":"El Digital de Asturias \u2013 Revista de ocio, turismo y estilo de vida","og:type":"article","og:title":"Agentes de viajes de Brasil visitan Extremadura | El Digital de Asturias","og:description":"Directivos de cinco agencias de viajes de Brasil especializadas en turismo de lujo han iniciado este mi\u00e9rcoles, d\u00eda 17, una visita a Extremadura para descubrir sus atractivos naturales, culturales y gastron\u00f3micos. En esta acci\u00f3n, organizada por la Direcci\u00f3n General de Turismo en colaboraci\u00f3n con la oficina de Turespa\u00f1a en S\u00e3o Paulo, participan responsables de las","og:url":"https:\/\/eldigitaldeasturias.com\/magazine365\/agentes-de-viajes-de-brasil-visitan-extremadura\/","og:image":"https:\/\/eldigitaldeasturias.com\/magazine365\/wp-content\/uploads\/2015\/06\/fotonoticia_20150617105340_800.jpg","og:image:secure_url":"https:\/\/eldigitaldeasturias.com\/magazine365\/wp-content\/uploads\/2015\/06\/fotonoticia_20150617105340_800.jpg","og:image:width":800,"og:image:height":555,"article:published_time":"2015-06-17T13:54:26+00:00","article:modified_time":"2015-06-17T13:54:26+00:00","twitter:card":"summary_large_image","twitter:title":"Agentes de viajes de Brasil visitan Extremadura | El Digital de Asturias","twitter:description":"Directivos de cinco agencias de viajes de Brasil especializadas en turismo de lujo han iniciado este mi\u00e9rcoles, d\u00eda 17, una visita a Extremadura para descubrir sus atractivos naturales, culturales y gastron\u00f3micos. En esta acci\u00f3n, organizada por la Direcci\u00f3n General de Turismo en colaboraci\u00f3n con la oficina de Turespa\u00f1a en S\u00e3o Paulo, participan responsables de las","twitter:image":"https:\/\/eldigitaldeasturias.com\/magazine365\/wp-content\/uploads\/2015\/06\/fotonoticia_20150617105340_800.jpg"},"aioseo_meta_data":{"post_id":"40119","title":null,"description":null,"keywords":null,"keyphrases":null,"primary_term":null,"canonical_url":null,"og_title":null,"og_description":null,"og_object_type":"default","og_image_type":"default","og_image_url":null,"og_image_width":null,"og_image_height":null,"og_image_custom_url":null,"og_image_custom_fields":null,"og_video":null,"og_custom_url":null,"og_article_section":null,"og_article_tags":null,"twitter_use_og":false,"twitter_card":"default","twitter_image_type":"default","twitter_image_url":null,"twitter_image_custom_url":null,"twitter_image_custom_fields":null,"twitter_title":null,"twitter_description":null,"schema":{"blockGraphs":[],"customGraphs":[],"default":{"data":{"Article":[],"Course":[],"Dataset":[],"FAQPage":[],"Movie":[],"Person":[],"Product":[],"ProductReview":[],"Car":[],"Recipe":[],"Service":[],"SoftwareApplication":[],"WebPage":[]},"graphName":"","isEnabled":true},"graphs":[],"defaultGraph":"","defaultPostTypeGraph":""},"schema_type":null,"schema_type_options":null,"pillar_content":false,"robots_default":true,"robots_noindex":false,"robots_noarchive":false,"robots_nosnippet":false,"robots_nofollow":false,"robots_noimageindex":false,"robots_noodp":false,"robots_notranslate":false,"robots_max_snippet":null,"robots_max_videopreview":null,"robots_max_imagepreview":"large","priority":null,"frequency":null,"location":null,"local_seo":null,"seo_analyzer_scan_date":"2025-09-19 12:58:04","breadcrumb_settings":null,"limit_modified_date":false,"open_ai":null,"ai":null,"created":"2021-03-09 02:32:56","updated":"2025-09-19 12:58:04"},"aioseo_breadcrumb":"<div class=\"aioseo-breadcrumbs\"><span class=\"aioseo-breadcrumb\">\n\t<a href=\"https:\/\/eldigitaldeasturias.com\/magazine365\" title=\"Home\">Home<\/a>\n<\/span><span class=\"aioseo-breadcrumb-separator\">\u2013<\/span><span class=\"aioseo-breadcrumb\">\n\t<a href=\"https:\/\/eldigitaldeasturias.com\/magazine365\/category\/actualidad-turismo\/\" title=\"Actualidad Turismo\">Actualidad Turismo<\/a>\n<\/span><span class=\"aioseo-breadcrumb-separator\">\u2013<\/span><span class=\"aioseo-breadcrumb\">\n\t<a href=\"https:\/\/eldigitaldeasturias.com\/magazine365\/agentes-de-viajes-de-brasil-visitan-extremadura\/\" title=\"Agentes de viajes de Brasil visitan Extremadura\">Agentes de viajes de Brasil visitan Extremadura<\/a>\n<\/span><\/div>","aioseo_breadcrumb_json":[{"label":"Home","link":"https:\/\/eldigitaldeasturias.com\/magazine365"},{"label":"Actualidad Turismo","link":"https:\/\/eldigitaldeasturias.com\/magazine365\/category\/actualidad-turismo\/"},{"label":"Agentes de viajes de Brasil visitan Extremadura","link":"https:\/\/eldigitaldeasturias.com\/magazine365\/agentes-de-viajes-de-brasil-visitan-extremadura\/"}],"_links":{"self":[{"href":"https:\/\/eldigitaldeasturias.com\/magazine365\/wp-json\/wp\/v2\/posts\/40119","targetHints":{"allow":["GET"]}}],"collection":[{"href":"https:\/\/eldigitaldeasturias.com\/magazine365\/wp-json\/wp\/v2\/posts"}],"about":[{"href":"https:\/\/eldigitaldeasturias.com\/magazine365\/wp-json\/wp\/v2\/types\/post"}],"author":[{"embeddable":true,"href":"https:\/\/eldigitaldeasturias.com\/magazine365\/wp-json\/wp\/v2\/users\/1"}],"replies":[{"embeddable":true,"href":"https:\/\/eldigitaldeasturias.com\/magazine365\/wp-json\/wp\/v2\/comments?post=40119"}],"version-history":[{"count":0,"href":"https:\/\/eldigitaldeasturias.com\/magazine365\/wp-json\/wp\/v2\/posts\/40119\/revisions"}],"wp:featuredmedia":[{"embeddable":true,"href":"https:\/\/eldigitaldeasturias.com\/magazine365\/wp-json\/wp\/v2\/media\/40120"}],"wp:attachment":[{"href":"https:\/\/eldigitaldeasturias.com\/magazine365\/wp-json\/wp\/v2\/media?parent=40119"}],"wp:term":[{"taxonomy":"category","embeddable":true,"href":"https:\/\/eldigitaldeasturias.com\/magazine365\/wp-json\/wp\/v2\/categories?post=40119"},{"taxonomy":"post_tag","embeddable":true,"href":"https:\/\/eldigitaldeasturias.com\/magazine365\/wp-json\/wp\/v2\/tags?post=40119"}],"curies":[{"name":"wp","href":"https:\/\/api.w.org\/{rel}","templated":true}]}}