{"id":40113,"date":"2015-06-17T08:12:04","date_gmt":"2015-06-17T06:42:04","guid":{"rendered":"http:\/\/eldigitaldeasturias.com\/magazine365\/?p=40113"},"modified":"2015-06-17T08:12:04","modified_gmt":"2015-06-17T06:42:04","slug":"easyjet-acuerda-con-airbus-la-modernizacion-de-cabinas-para-hasta-105-aviones-a320","status":"publish","type":"post","link":"https:\/\/eldigitaldeasturias.com\/magazine365\/easyjet-acuerda-con-airbus-la-modernizacion-de-cabinas-para-hasta-105-aviones-a320\/","title":{"rendered":"easyJet acuerda con Airbus la modernizaci\u00f3n de cabinas para hasta 105 aviones A320"},"content":{"rendered":"<p><img fetchpriority=\"high\" decoding=\"async\" class=\"alignleft size-medium wp-image-40114\" src=\"https:\/\/eldigitaldeasturias.com\/magazine365\/wp-content\/uploads\/2015\/06\/fotonoticia_20150616200648_800-360x212.jpg\" alt=\"fotonoticia_20150616200648_800\" width=\"360\" height=\"212\" srcset=\"https:\/\/eldigitaldeasturias.com\/magazine365\/wp-content\/uploads\/2015\/06\/fotonoticia_20150616200648_800-360x212.jpg 360w, https:\/\/eldigitaldeasturias.com\/magazine365\/wp-content\/uploads\/2015\/06\/fotonoticia_20150616200648_800-650x382.jpg 650w, https:\/\/eldigitaldeasturias.com\/magazine365\/wp-content\/uploads\/2015\/06\/fotonoticia_20150616200648_800-768x451.jpg 768w, https:\/\/eldigitaldeasturias.com\/magazine365\/wp-content\/uploads\/2015\/06\/fotonoticia_20150616200648_800-150x88.jpg 150w, https:\/\/eldigitaldeasturias.com\/magazine365\/wp-content\/uploads\/2015\/06\/fotonoticia_20150616200648_800-450x264.jpg 450w, https:\/\/eldigitaldeasturias.com\/magazine365\/wp-content\/uploads\/2015\/06\/fotonoticia_20150616200648_800-696x409.jpg 696w, https:\/\/eldigitaldeasturias.com\/magazine365\/wp-content\/uploads\/2015\/06\/fotonoticia_20150616200648_800-715x420.jpg 715w, https:\/\/eldigitaldeasturias.com\/magazine365\/wp-content\/uploads\/2015\/06\/fotonoticia_20150616200648_800-172x100.jpg 172w, https:\/\/eldigitaldeasturias.com\/magazine365\/wp-content\/uploads\/2015\/06\/fotonoticia_20150616200648_800.jpg 800w\" sizes=\"(max-width: 360px) 100vw, 360px\" \/>easyJet ha llegado un acuerdo con Airbus para la modernizaci\u00f3n de sus cabinas en hasta 105 aviones de su flota A320, a trav\u00e9s de la divisi\u00f3n de servicios de actualizaci\u00f3n del fabricante, que permitir\u00e1 a\u00f1adir seis plazas m\u00e1s adicionales, e incluir uno de los ba\u00f1os para personas con movilidad reducida (PMR).<\/p>\n<p>El pasado mes de abril, Airbus y easyJet celebraron la entrega n\u00famero 250 de aviones del fabricante. Este programa de actualizaci\u00f3n de cabina refuerza de forma \u00absignificativa\u00bb el compromiso de la compa\u00f1\u00eda de bajo coste brit\u00e1nica para la modernizaci\u00f3n de su flota.<\/p>\n<p>El nuevo dise\u00f1o de las cabinas incluir\u00e1 el innovador m\u00f3dulo de Airbus Space-Flex que hace un uso m\u00e1s eficiente del volumen en el extremo posterior de la cabina, al combinarse con el m\u00f3dulo de Airbus Space-Flex y aumentar la capacidad de asientos A320 desde 180 a 186 asientos.<\/p>\n<p>El lavabo PRM es reconfigurable a trav\u00e9s de un sencillo proceso de conversi\u00f3n que consiste en dividir el espacio en dos Space-Flex, similar a los de aviones de fuselaje ancho.<\/p>\n<p>El primer avi\u00f3n con esta renovaci\u00f3n de cabinas llegar\u00e1 directamente desde la l\u00ednea de producci\u00f3n de Airbus en mayo 2016. El plan de adaptaci\u00f3n se ha planificado entre el oto\u00f1o de 2016 y la primavera de 2018.<\/p>\n<p>Airbus ha vendido m\u00e1s de 15.400 aviones a m\u00e1s de 380 clientes en todo el mundo, y ha conseguido m\u00e1s de 9.100 entregas desde su primer avi\u00f3n entr\u00f3 en servicio.<\/p>\n","protected":false},"excerpt":{"rendered":"<p>easyJet ha llegado un acuerdo con Airbus para la modernizaci\u00f3n de sus cabinas en hasta 105 aviones de su flota A320, a trav\u00e9s de la divisi\u00f3n de servicios de actualizaci\u00f3n del fabricante, que permitir\u00e1 a\u00f1adir seis plazas m\u00e1s adicionales, e incluir uno de los ba\u00f1os para personas con movilidad reducida (PMR). El pasado mes de<\/p>\n","protected":false},"author":1,"featured_media":40114,"comment_status":"open","ping_status":"closed","sticky":false,"template":"","format":"standard","meta":{"footnotes":""},"categories":[224],"tags":[],"class_list":{"0":"post-40113","1":"post","2":"type-post","3":"status-publish","4":"format-standard","5":"has-post-thumbnail","7":"category-noticias-actualidad"},"aioseo_notices":[],"aioseo_head":"\n\t\t<!-- All in One SEO Pro 4.9.6.1 - aioseo.com -->\n\t<meta name=\"description\" content=\"easyJet ha llegado un acuerdo con Airbus para la modernizaci\u00f3n de sus cabinas en hasta 105 aviones de su flota A320, a trav\u00e9s de la divisi\u00f3n de servicios de actualizaci\u00f3n del fabricante, que permitir\u00e1 a\u00f1adir seis plazas m\u00e1s adicionales, e incluir uno de los ba\u00f1os para personas con movilidad reducida (PMR). El pasado mes de\" \/>\n\t<meta name=\"robots\" content=\"max-image-preview:large\" \/>\n\t<meta name=\"author\" content=\"admin\"\/>\n\t<meta name=\"google-site-verification\" content=\"UA-38556648-1\" \/>\n\t<meta name=\"keywords\" content=\"noticias y actualidad\" \/>\n\t<link rel=\"canonical\" href=\"https:\/\/eldigitaldeasturias.com\/magazine365\/easyjet-acuerda-con-airbus-la-modernizacion-de-cabinas-para-hasta-105-aviones-a320\/\" \/>\n\t<meta name=\"generator\" content=\"All in One SEO Pro (AIOSEO) 4.9.6.1\" \/>\n\t\t<meta property=\"og:locale\" content=\"es_ES\" \/>\n\t\t<meta property=\"og:site_name\" content=\"El Digital de Asturias \u2013 Revista de ocio, turismo y estilo de vida\" \/>\n\t\t<meta property=\"og:type\" content=\"article\" \/>\n\t\t<meta property=\"og:title\" content=\"easyJet acuerda con Airbus la modernizaci\u00f3n de cabinas para hasta 105 aviones A320 | El Digital de Asturias\" \/>\n\t\t<meta property=\"og:description\" content=\"easyJet ha llegado un acuerdo con Airbus para la modernizaci\u00f3n de sus cabinas en hasta 105 aviones de su flota A320, a trav\u00e9s de la divisi\u00f3n de servicios de actualizaci\u00f3n del fabricante, que permitir\u00e1 a\u00f1adir seis plazas m\u00e1s adicionales, e incluir uno de los ba\u00f1os para personas con movilidad reducida (PMR). El pasado mes de\" \/>\n\t\t<meta property=\"og:url\" content=\"https:\/\/eldigitaldeasturias.com\/magazine365\/easyjet-acuerda-con-airbus-la-modernizacion-de-cabinas-para-hasta-105-aviones-a320\/\" \/>\n\t\t<meta property=\"og:image\" content=\"https:\/\/eldigitaldeasturias.com\/magazine365\/wp-content\/uploads\/2015\/06\/fotonoticia_20150616200648_800.jpg\" \/>\n\t\t<meta property=\"og:image:secure_url\" content=\"https:\/\/eldigitaldeasturias.com\/magazine365\/wp-content\/uploads\/2015\/06\/fotonoticia_20150616200648_800.jpg\" \/>\n\t\t<meta property=\"og:image:width\" content=\"800\" \/>\n\t\t<meta property=\"og:image:height\" content=\"470\" \/>\n\t\t<meta property=\"article:published_time\" content=\"2015-06-17T06:42:04+00:00\" \/>\n\t\t<meta property=\"article:modified_time\" content=\"2015-06-17T06:42:04+00:00\" \/>\n\t\t<meta name=\"twitter:card\" content=\"summary_large_image\" \/>\n\t\t<meta name=\"twitter:title\" content=\"easyJet acuerda con Airbus la modernizaci\u00f3n de cabinas para hasta 105 aviones A320 | El Digital de Asturias\" \/>\n\t\t<meta name=\"twitter:description\" content=\"easyJet ha llegado un acuerdo con Airbus para la modernizaci\u00f3n de sus cabinas en hasta 105 aviones de su flota A320, a trav\u00e9s de la divisi\u00f3n de servicios de actualizaci\u00f3n del fabricante, que permitir\u00e1 a\u00f1adir seis plazas m\u00e1s adicionales, e incluir uno de los ba\u00f1os para personas con movilidad reducida (PMR). El pasado mes de\" \/>\n\t\t<meta name=\"twitter:image\" content=\"https:\/\/eldigitaldeasturias.com\/magazine365\/wp-content\/uploads\/2015\/06\/fotonoticia_20150616200648_800.jpg\" \/>\n\t\t<script type=\"application\/ld+json\" class=\"aioseo-schema\">\n\t\t\t{\"@context\":\"https:\\\/\\\/schema.org\",\"@graph\":[{\"@type\":\"Article\",\"@id\":\"https:\\\/\\\/eldigitaldeasturias.com\\\/magazine365\\\/easyjet-acuerda-con-airbus-la-modernizacion-de-cabinas-para-hasta-105-aviones-a320\\\/#article\",\"name\":\"easyJet acuerda con Airbus la modernizaci\\u00f3n de cabinas para hasta 105 aviones A320 | El Digital de Asturias\",\"headline\":\"easyJet acuerda con Airbus la modernizaci\\u00f3n de cabinas para hasta 105 aviones A320\",\"author\":{\"@id\":\"https:\\\/\\\/eldigitaldeasturias.com\\\/magazine365\\\/author\\\/admin\\\/#author\"},\"publisher\":{\"@id\":\"https:\\\/\\\/eldigitaldeasturias.com\\\/magazine365\\\/#organization\"},\"image\":{\"@type\":\"ImageObject\",\"url\":\"https:\\\/\\\/eldigitaldeasturias.com\\\/magazine365\\\/wp-content\\\/uploads\\\/2015\\\/06\\\/fotonoticia_20150616200648_800.jpg\",\"width\":800,\"height\":470},\"datePublished\":\"2015-06-17T08:12:04+02:00\",\"dateModified\":\"2015-06-17T08:12:04+02:00\",\"inLanguage\":\"es-ES\",\"mainEntityOfPage\":{\"@id\":\"https:\\\/\\\/eldigitaldeasturias.com\\\/magazine365\\\/easyjet-acuerda-con-airbus-la-modernizacion-de-cabinas-para-hasta-105-aviones-a320\\\/#webpage\"},\"isPartOf\":{\"@id\":\"https:\\\/\\\/eldigitaldeasturias.com\\\/magazine365\\\/easyjet-acuerda-con-airbus-la-modernizacion-de-cabinas-para-hasta-105-aviones-a320\\\/#webpage\"},\"articleSection\":\"Noticias y Actualidad\"},{\"@type\":\"BreadcrumbList\",\"@id\":\"https:\\\/\\\/eldigitaldeasturias.com\\\/magazine365\\\/easyjet-acuerda-con-airbus-la-modernizacion-de-cabinas-para-hasta-105-aviones-a320\\\/#breadcrumblist\",\"itemListElement\":[{\"@type\":\"ListItem\",\"@id\":\"https:\\\/\\\/eldigitaldeasturias.com\\\/magazine365#listItem\",\"position\":1,\"name\":\"Home\",\"item\":\"https:\\\/\\\/eldigitaldeasturias.com\\\/magazine365\",\"nextItem\":{\"@type\":\"ListItem\",\"@id\":\"https:\\\/\\\/eldigitaldeasturias.com\\\/magazine365\\\/category\\\/noticias-actualidad\\\/#listItem\",\"name\":\"Noticias y Actualidad\"}},{\"@type\":\"ListItem\",\"@id\":\"https:\\\/\\\/eldigitaldeasturias.com\\\/magazine365\\\/category\\\/noticias-actualidad\\\/#listItem\",\"position\":2,\"name\":\"Noticias y Actualidad\",\"item\":\"https:\\\/\\\/eldigitaldeasturias.com\\\/magazine365\\\/category\\\/noticias-actualidad\\\/\",\"nextItem\":{\"@type\":\"ListItem\",\"@id\":\"https:\\\/\\\/eldigitaldeasturias.com\\\/magazine365\\\/easyjet-acuerda-con-airbus-la-modernizacion-de-cabinas-para-hasta-105-aviones-a320\\\/#listItem\",\"name\":\"easyJet acuerda con Airbus la modernizaci\\u00f3n de cabinas para hasta 105 aviones A320\"},\"previousItem\":{\"@type\":\"ListItem\",\"@id\":\"https:\\\/\\\/eldigitaldeasturias.com\\\/magazine365#listItem\",\"name\":\"Home\"}},{\"@type\":\"ListItem\",\"@id\":\"https:\\\/\\\/eldigitaldeasturias.com\\\/magazine365\\\/easyjet-acuerda-con-airbus-la-modernizacion-de-cabinas-para-hasta-105-aviones-a320\\\/#listItem\",\"position\":3,\"name\":\"easyJet acuerda con Airbus la modernizaci\\u00f3n de cabinas para hasta 105 aviones A320\",\"previousItem\":{\"@type\":\"ListItem\",\"@id\":\"https:\\\/\\\/eldigitaldeasturias.com\\\/magazine365\\\/category\\\/noticias-actualidad\\\/#listItem\",\"name\":\"Noticias y Actualidad\"}}]},{\"@type\":\"Organization\",\"@id\":\"https:\\\/\\\/eldigitaldeasturias.com\\\/magazine365\\\/#organization\",\"name\":\"El digital de Asturias\",\"description\":\"Revista de ocio, turismo y estilo de vida\",\"url\":\"https:\\\/\\\/eldigitaldeasturias.com\\\/magazine365\\\/\",\"logo\":{\"@type\":\"ImageObject\",\"url\":\"https:\\\/\\\/www.eldigitaldeasturias.com\\\/noticias\\\/wp-content\\\/uploads\\\/2020\\\/12\\\/EDA.jpg\",\"@id\":\"https:\\\/\\\/eldigitaldeasturias.com\\\/magazine365\\\/easyjet-acuerda-con-airbus-la-modernizacion-de-cabinas-para-hasta-105-aviones-a320\\\/#organizationLogo\"},\"image\":{\"@id\":\"https:\\\/\\\/eldigitaldeasturias.com\\\/magazine365\\\/easyjet-acuerda-con-airbus-la-modernizacion-de-cabinas-para-hasta-105-aviones-a320\\\/#organizationLogo\"}},{\"@type\":\"Person\",\"@id\":\"https:\\\/\\\/eldigitaldeasturias.com\\\/magazine365\\\/author\\\/admin\\\/#author\",\"url\":\"https:\\\/\\\/eldigitaldeasturias.com\\\/magazine365\\\/author\\\/admin\\\/\",\"name\":\"admin\",\"image\":{\"@type\":\"ImageObject\",\"@id\":\"https:\\\/\\\/eldigitaldeasturias.com\\\/magazine365\\\/easyjet-acuerda-con-airbus-la-modernizacion-de-cabinas-para-hasta-105-aviones-a320\\\/#authorImage\",\"url\":\"https:\\\/\\\/eldigitaldeasturias.com\\\/magazine365\\\/wp-content\\\/litespeed\\\/avatar\\\/e571bcf59a0edd6fa6838245a470f2fe.jpg?ver=1776969259\",\"width\":96,\"height\":96,\"caption\":\"admin\"}},{\"@type\":\"WebPage\",\"@id\":\"https:\\\/\\\/eldigitaldeasturias.com\\\/magazine365\\\/easyjet-acuerda-con-airbus-la-modernizacion-de-cabinas-para-hasta-105-aviones-a320\\\/#webpage\",\"url\":\"https:\\\/\\\/eldigitaldeasturias.com\\\/magazine365\\\/easyjet-acuerda-con-airbus-la-modernizacion-de-cabinas-para-hasta-105-aviones-a320\\\/\",\"name\":\"easyJet acuerda con Airbus la modernizaci\\u00f3n de cabinas para hasta 105 aviones A320 | El Digital de Asturias\",\"description\":\"easyJet ha llegado un acuerdo con Airbus para la modernizaci\\u00f3n de sus cabinas en hasta 105 aviones de su flota A320, a trav\\u00e9s de la divisi\\u00f3n de servicios de actualizaci\\u00f3n del fabricante, que permitir\\u00e1 a\\u00f1adir seis plazas m\\u00e1s adicionales, e incluir uno de los ba\\u00f1os para personas con movilidad reducida (PMR). El pasado mes de\",\"inLanguage\":\"es-ES\",\"isPartOf\":{\"@id\":\"https:\\\/\\\/eldigitaldeasturias.com\\\/magazine365\\\/#website\"},\"breadcrumb\":{\"@id\":\"https:\\\/\\\/eldigitaldeasturias.com\\\/magazine365\\\/easyjet-acuerda-con-airbus-la-modernizacion-de-cabinas-para-hasta-105-aviones-a320\\\/#breadcrumblist\"},\"author\":{\"@id\":\"https:\\\/\\\/eldigitaldeasturias.com\\\/magazine365\\\/author\\\/admin\\\/#author\"},\"creator\":{\"@id\":\"https:\\\/\\\/eldigitaldeasturias.com\\\/magazine365\\\/author\\\/admin\\\/#author\"},\"image\":{\"@type\":\"ImageObject\",\"url\":\"https:\\\/\\\/eldigitaldeasturias.com\\\/magazine365\\\/wp-content\\\/uploads\\\/2015\\\/06\\\/fotonoticia_20150616200648_800.jpg\",\"@id\":\"https:\\\/\\\/eldigitaldeasturias.com\\\/magazine365\\\/easyjet-acuerda-con-airbus-la-modernizacion-de-cabinas-para-hasta-105-aviones-a320\\\/#mainImage\",\"width\":800,\"height\":470},\"primaryImageOfPage\":{\"@id\":\"https:\\\/\\\/eldigitaldeasturias.com\\\/magazine365\\\/easyjet-acuerda-con-airbus-la-modernizacion-de-cabinas-para-hasta-105-aviones-a320\\\/#mainImage\"},\"datePublished\":\"2015-06-17T08:12:04+02:00\",\"dateModified\":\"2015-06-17T08:12:04+02:00\"},{\"@type\":\"WebSite\",\"@id\":\"https:\\\/\\\/eldigitaldeasturias.com\\\/magazine365\\\/#website\",\"url\":\"https:\\\/\\\/eldigitaldeasturias.com\\\/magazine365\\\/\",\"name\":\"El Digital de Asturias\",\"description\":\"Revista de ocio, turismo y estilo de vida\",\"inLanguage\":\"es-ES\",\"publisher\":{\"@id\":\"https:\\\/\\\/eldigitaldeasturias.com\\\/magazine365\\\/#organization\"}}]}\n\t\t<\/script>\n\t\t<!-- All in One SEO Pro -->\r\n\t\t<title>easyJet acuerda con Airbus la modernizaci\u00f3n de cabinas para hasta 105 aviones A320 | El Digital de Asturias<\/title>\n\n","aioseo_head_json":{"title":"easyJet acuerda con Airbus la modernizaci\u00f3n de cabinas para hasta 105 aviones A320 | El Digital de Asturias","description":"easyJet ha llegado un acuerdo con Airbus para la modernizaci\u00f3n de sus cabinas en hasta 105 aviones de su flota A320, a trav\u00e9s de la divisi\u00f3n de servicios de actualizaci\u00f3n del fabricante, que permitir\u00e1 a\u00f1adir seis plazas m\u00e1s adicionales, e incluir uno de los ba\u00f1os para personas con movilidad reducida (PMR). El pasado mes de","canonical_url":"https:\/\/eldigitaldeasturias.com\/magazine365\/easyjet-acuerda-con-airbus-la-modernizacion-de-cabinas-para-hasta-105-aviones-a320\/","robots":"max-image-preview:large","keywords":"noticias y actualidad","webmasterTools":{"google-site-verification":"UA-38556648-1","miscellaneous":""},"schema":{"@context":"https:\/\/schema.org","@graph":[{"@type":"Article","@id":"https:\/\/eldigitaldeasturias.com\/magazine365\/easyjet-acuerda-con-airbus-la-modernizacion-de-cabinas-para-hasta-105-aviones-a320\/#article","name":"easyJet acuerda con Airbus la modernizaci\u00f3n de cabinas para hasta 105 aviones A320 | El Digital de Asturias","headline":"easyJet acuerda con Airbus la modernizaci\u00f3n de cabinas para hasta 105 aviones A320","author":{"@id":"https:\/\/eldigitaldeasturias.com\/magazine365\/author\/admin\/#author"},"publisher":{"@id":"https:\/\/eldigitaldeasturias.com\/magazine365\/#organization"},"image":{"@type":"ImageObject","url":"https:\/\/eldigitaldeasturias.com\/magazine365\/wp-content\/uploads\/2015\/06\/fotonoticia_20150616200648_800.jpg","width":800,"height":470},"datePublished":"2015-06-17T08:12:04+02:00","dateModified":"2015-06-17T08:12:04+02:00","inLanguage":"es-ES","mainEntityOfPage":{"@id":"https:\/\/eldigitaldeasturias.com\/magazine365\/easyjet-acuerda-con-airbus-la-modernizacion-de-cabinas-para-hasta-105-aviones-a320\/#webpage"},"isPartOf":{"@id":"https:\/\/eldigitaldeasturias.com\/magazine365\/easyjet-acuerda-con-airbus-la-modernizacion-de-cabinas-para-hasta-105-aviones-a320\/#webpage"},"articleSection":"Noticias y Actualidad"},{"@type":"BreadcrumbList","@id":"https:\/\/eldigitaldeasturias.com\/magazine365\/easyjet-acuerda-con-airbus-la-modernizacion-de-cabinas-para-hasta-105-aviones-a320\/#breadcrumblist","itemListElement":[{"@type":"ListItem","@id":"https:\/\/eldigitaldeasturias.com\/magazine365#listItem","position":1,"name":"Home","item":"https:\/\/eldigitaldeasturias.com\/magazine365","nextItem":{"@type":"ListItem","@id":"https:\/\/eldigitaldeasturias.com\/magazine365\/category\/noticias-actualidad\/#listItem","name":"Noticias y Actualidad"}},{"@type":"ListItem","@id":"https:\/\/eldigitaldeasturias.com\/magazine365\/category\/noticias-actualidad\/#listItem","position":2,"name":"Noticias y Actualidad","item":"https:\/\/eldigitaldeasturias.com\/magazine365\/category\/noticias-actualidad\/","nextItem":{"@type":"ListItem","@id":"https:\/\/eldigitaldeasturias.com\/magazine365\/easyjet-acuerda-con-airbus-la-modernizacion-de-cabinas-para-hasta-105-aviones-a320\/#listItem","name":"easyJet acuerda con Airbus la modernizaci\u00f3n de cabinas para hasta 105 aviones A320"},"previousItem":{"@type":"ListItem","@id":"https:\/\/eldigitaldeasturias.com\/magazine365#listItem","name":"Home"}},{"@type":"ListItem","@id":"https:\/\/eldigitaldeasturias.com\/magazine365\/easyjet-acuerda-con-airbus-la-modernizacion-de-cabinas-para-hasta-105-aviones-a320\/#listItem","position":3,"name":"easyJet acuerda con Airbus la modernizaci\u00f3n de cabinas para hasta 105 aviones A320","previousItem":{"@type":"ListItem","@id":"https:\/\/eldigitaldeasturias.com\/magazine365\/category\/noticias-actualidad\/#listItem","name":"Noticias y Actualidad"}}]},{"@type":"Organization","@id":"https:\/\/eldigitaldeasturias.com\/magazine365\/#organization","name":"El digital de Asturias","description":"Revista de ocio, turismo y estilo de vida","url":"https:\/\/eldigitaldeasturias.com\/magazine365\/","logo":{"@type":"ImageObject","url":"https:\/\/www.eldigitaldeasturias.com\/noticias\/wp-content\/uploads\/2020\/12\/EDA.jpg","@id":"https:\/\/eldigitaldeasturias.com\/magazine365\/easyjet-acuerda-con-airbus-la-modernizacion-de-cabinas-para-hasta-105-aviones-a320\/#organizationLogo"},"image":{"@id":"https:\/\/eldigitaldeasturias.com\/magazine365\/easyjet-acuerda-con-airbus-la-modernizacion-de-cabinas-para-hasta-105-aviones-a320\/#organizationLogo"}},{"@type":"Person","@id":"https:\/\/eldigitaldeasturias.com\/magazine365\/author\/admin\/#author","url":"https:\/\/eldigitaldeasturias.com\/magazine365\/author\/admin\/","name":"admin","image":{"@type":"ImageObject","@id":"https:\/\/eldigitaldeasturias.com\/magazine365\/easyjet-acuerda-con-airbus-la-modernizacion-de-cabinas-para-hasta-105-aviones-a320\/#authorImage","url":"https:\/\/eldigitaldeasturias.com\/magazine365\/wp-content\/litespeed\/avatar\/e571bcf59a0edd6fa6838245a470f2fe.jpg?ver=1776969259","width":96,"height":96,"caption":"admin"}},{"@type":"WebPage","@id":"https:\/\/eldigitaldeasturias.com\/magazine365\/easyjet-acuerda-con-airbus-la-modernizacion-de-cabinas-para-hasta-105-aviones-a320\/#webpage","url":"https:\/\/eldigitaldeasturias.com\/magazine365\/easyjet-acuerda-con-airbus-la-modernizacion-de-cabinas-para-hasta-105-aviones-a320\/","name":"easyJet acuerda con Airbus la modernizaci\u00f3n de cabinas para hasta 105 aviones A320 | El Digital de Asturias","description":"easyJet ha llegado un acuerdo con Airbus para la modernizaci\u00f3n de sus cabinas en hasta 105 aviones de su flota A320, a trav\u00e9s de la divisi\u00f3n de servicios de actualizaci\u00f3n del fabricante, que permitir\u00e1 a\u00f1adir seis plazas m\u00e1s adicionales, e incluir uno de los ba\u00f1os para personas con movilidad reducida (PMR). El pasado mes de","inLanguage":"es-ES","isPartOf":{"@id":"https:\/\/eldigitaldeasturias.com\/magazine365\/#website"},"breadcrumb":{"@id":"https:\/\/eldigitaldeasturias.com\/magazine365\/easyjet-acuerda-con-airbus-la-modernizacion-de-cabinas-para-hasta-105-aviones-a320\/#breadcrumblist"},"author":{"@id":"https:\/\/eldigitaldeasturias.com\/magazine365\/author\/admin\/#author"},"creator":{"@id":"https:\/\/eldigitaldeasturias.com\/magazine365\/author\/admin\/#author"},"image":{"@type":"ImageObject","url":"https:\/\/eldigitaldeasturias.com\/magazine365\/wp-content\/uploads\/2015\/06\/fotonoticia_20150616200648_800.jpg","@id":"https:\/\/eldigitaldeasturias.com\/magazine365\/easyjet-acuerda-con-airbus-la-modernizacion-de-cabinas-para-hasta-105-aviones-a320\/#mainImage","width":800,"height":470},"primaryImageOfPage":{"@id":"https:\/\/eldigitaldeasturias.com\/magazine365\/easyjet-acuerda-con-airbus-la-modernizacion-de-cabinas-para-hasta-105-aviones-a320\/#mainImage"},"datePublished":"2015-06-17T08:12:04+02:00","dateModified":"2015-06-17T08:12:04+02:00"},{"@type":"WebSite","@id":"https:\/\/eldigitaldeasturias.com\/magazine365\/#website","url":"https:\/\/eldigitaldeasturias.com\/magazine365\/","name":"El Digital de Asturias","description":"Revista de ocio, turismo y estilo de vida","inLanguage":"es-ES","publisher":{"@id":"https:\/\/eldigitaldeasturias.com\/magazine365\/#organization"}}]},"og:locale":"es_ES","og:site_name":"El Digital de Asturias \u2013 Revista de ocio, turismo y estilo de vida","og:type":"article","og:title":"easyJet acuerda con Airbus la modernizaci\u00f3n de cabinas para hasta 105 aviones A320 | El Digital de Asturias","og:description":"easyJet ha llegado un acuerdo con Airbus para la modernizaci\u00f3n de sus cabinas en hasta 105 aviones de su flota A320, a trav\u00e9s de la divisi\u00f3n de servicios de actualizaci\u00f3n del fabricante, que permitir\u00e1 a\u00f1adir seis plazas m\u00e1s adicionales, e incluir uno de los ba\u00f1os para personas con movilidad reducida (PMR). El pasado mes de","og:url":"https:\/\/eldigitaldeasturias.com\/magazine365\/easyjet-acuerda-con-airbus-la-modernizacion-de-cabinas-para-hasta-105-aviones-a320\/","og:image":"https:\/\/eldigitaldeasturias.com\/magazine365\/wp-content\/uploads\/2015\/06\/fotonoticia_20150616200648_800.jpg","og:image:secure_url":"https:\/\/eldigitaldeasturias.com\/magazine365\/wp-content\/uploads\/2015\/06\/fotonoticia_20150616200648_800.jpg","og:image:width":800,"og:image:height":470,"article:published_time":"2015-06-17T06:42:04+00:00","article:modified_time":"2015-06-17T06:42:04+00:00","twitter:card":"summary_large_image","twitter:title":"easyJet acuerda con Airbus la modernizaci\u00f3n de cabinas para hasta 105 aviones A320 | El Digital de Asturias","twitter:description":"easyJet ha llegado un acuerdo con Airbus para la modernizaci\u00f3n de sus cabinas en hasta 105 aviones de su flota A320, a trav\u00e9s de la divisi\u00f3n de servicios de actualizaci\u00f3n del fabricante, que permitir\u00e1 a\u00f1adir seis plazas m\u00e1s adicionales, e incluir uno de los ba\u00f1os para personas con movilidad reducida (PMR). El pasado mes de","twitter:image":"https:\/\/eldigitaldeasturias.com\/magazine365\/wp-content\/uploads\/2015\/06\/fotonoticia_20150616200648_800.jpg"},"aioseo_meta_data":{"post_id":"40113","title":null,"description":null,"keywords":null,"keyphrases":null,"primary_term":null,"canonical_url":null,"og_title":null,"og_description":null,"og_object_type":"default","og_image_type":"default","og_image_url":null,"og_image_width":null,"og_image_height":null,"og_image_custom_url":null,"og_image_custom_fields":null,"og_video":null,"og_custom_url":null,"og_article_section":null,"og_article_tags":null,"twitter_use_og":false,"twitter_card":"default","twitter_image_type":"default","twitter_image_url":null,"twitter_image_custom_url":null,"twitter_image_custom_fields":null,"twitter_title":null,"twitter_description":null,"schema":{"blockGraphs":[],"customGraphs":[],"default":{"data":{"Article":[],"Course":[],"Dataset":[],"FAQPage":[],"Movie":[],"Person":[],"Product":[],"ProductReview":[],"Car":[],"Recipe":[],"Service":[],"SoftwareApplication":[],"WebPage":[]},"graphName":"","isEnabled":true},"graphs":[],"defaultGraph":"","defaultPostTypeGraph":""},"schema_type":null,"schema_type_options":null,"pillar_content":false,"robots_default":true,"robots_noindex":false,"robots_noarchive":false,"robots_nosnippet":false,"robots_nofollow":false,"robots_noimageindex":false,"robots_noodp":false,"robots_notranslate":false,"robots_max_snippet":null,"robots_max_videopreview":null,"robots_max_imagepreview":"large","priority":null,"frequency":null,"location":null,"local_seo":null,"seo_analyzer_scan_date":"2025-09-19 12:58:00","breadcrumb_settings":null,"limit_modified_date":false,"open_ai":null,"ai":null,"created":"2021-03-09 01:22:57","updated":"2025-09-19 12:58:00"},"aioseo_breadcrumb":"<div class=\"aioseo-breadcrumbs\"><span class=\"aioseo-breadcrumb\">\n\t<a href=\"https:\/\/eldigitaldeasturias.com\/magazine365\" title=\"Home\">Home<\/a>\n<\/span><span class=\"aioseo-breadcrumb-separator\">\u2013<\/span><span class=\"aioseo-breadcrumb\">\n\t<a href=\"https:\/\/eldigitaldeasturias.com\/magazine365\/category\/noticias-actualidad\/\" title=\"Noticias y Actualidad\">Noticias y Actualidad<\/a>\n<\/span><span class=\"aioseo-breadcrumb-separator\">\u2013<\/span><span class=\"aioseo-breadcrumb\">\n\t<a href=\"https:\/\/eldigitaldeasturias.com\/magazine365\/easyjet-acuerda-con-airbus-la-modernizacion-de-cabinas-para-hasta-105-aviones-a320\/\" title=\"easyJet acuerda con Airbus la modernizaci\u00f3n de cabinas para hasta 105 aviones A320\">easyJet acuerda con Airbus la modernizaci\u00f3n de cabinas para hasta 105 aviones A320<\/a>\n<\/span><\/div>","aioseo_breadcrumb_json":[{"label":"Home","link":"https:\/\/eldigitaldeasturias.com\/magazine365"},{"label":"Noticias y Actualidad","link":"https:\/\/eldigitaldeasturias.com\/magazine365\/category\/noticias-actualidad\/"},{"label":"easyJet acuerda con Airbus la modernizaci\u00f3n de cabinas para hasta 105 aviones A320","link":"https:\/\/eldigitaldeasturias.com\/magazine365\/easyjet-acuerda-con-airbus-la-modernizacion-de-cabinas-para-hasta-105-aviones-a320\/"}],"_links":{"self":[{"href":"https:\/\/eldigitaldeasturias.com\/magazine365\/wp-json\/wp\/v2\/posts\/40113","targetHints":{"allow":["GET"]}}],"collection":[{"href":"https:\/\/eldigitaldeasturias.com\/magazine365\/wp-json\/wp\/v2\/posts"}],"about":[{"href":"https:\/\/eldigitaldeasturias.com\/magazine365\/wp-json\/wp\/v2\/types\/post"}],"author":[{"embeddable":true,"href":"https:\/\/eldigitaldeasturias.com\/magazine365\/wp-json\/wp\/v2\/users\/1"}],"replies":[{"embeddable":true,"href":"https:\/\/eldigitaldeasturias.com\/magazine365\/wp-json\/wp\/v2\/comments?post=40113"}],"version-history":[{"count":0,"href":"https:\/\/eldigitaldeasturias.com\/magazine365\/wp-json\/wp\/v2\/posts\/40113\/revisions"}],"wp:featuredmedia":[{"embeddable":true,"href":"https:\/\/eldigitaldeasturias.com\/magazine365\/wp-json\/wp\/v2\/media\/40114"}],"wp:attachment":[{"href":"https:\/\/eldigitaldeasturias.com\/magazine365\/wp-json\/wp\/v2\/media?parent=40113"}],"wp:term":[{"taxonomy":"category","embeddable":true,"href":"https:\/\/eldigitaldeasturias.com\/magazine365\/wp-json\/wp\/v2\/categories?post=40113"},{"taxonomy":"post_tag","embeddable":true,"href":"https:\/\/eldigitaldeasturias.com\/magazine365\/wp-json\/wp\/v2\/tags?post=40113"}],"curies":[{"name":"wp","href":"https:\/\/api.w.org\/{rel}","templated":true}]}}