{"id":40104,"date":"2015-06-17T07:55:19","date_gmt":"2015-06-17T06:25:19","guid":{"rendered":"http:\/\/eldigitaldeasturias.com\/magazine365\/?p=40104"},"modified":"2015-06-17T07:55:19","modified_gmt":"2015-06-17T06:25:19","slug":"el-i-food-tour-itinerante-de-espana-recorrera-el-pais-a-partir-del-19-de-junio","status":"publish","type":"post","link":"https:\/\/eldigitaldeasturias.com\/magazine365\/el-i-food-tour-itinerante-de-espana-recorrera-el-pais-a-partir-del-19-de-junio\/","title":{"rendered":"El I &#8216;Food Tour&#8217; itinerante de Espa\u00f1a recorrer\u00e1 el pa\u00eds a partir del 19 de junio"},"content":{"rendered":"<p><img fetchpriority=\"high\" decoding=\"async\" class=\"alignleft size-medium wp-image-40105\" src=\"https:\/\/eldigitaldeasturias.com\/magazine365\/wp-content\/uploads\/2015\/06\/fotonoticia_20150616190453_800-360x240.jpg\" alt=\"fotonoticia_20150616190453_800\" width=\"360\" height=\"240\" srcset=\"https:\/\/eldigitaldeasturias.com\/magazine365\/wp-content\/uploads\/2015\/06\/fotonoticia_20150616190453_800-360x240.jpg 360w, https:\/\/eldigitaldeasturias.com\/magazine365\/wp-content\/uploads\/2015\/06\/fotonoticia_20150616190453_800-650x433.jpg 650w, https:\/\/eldigitaldeasturias.com\/magazine365\/wp-content\/uploads\/2015\/06\/fotonoticia_20150616190453_800-768x512.jpg 768w, https:\/\/eldigitaldeasturias.com\/magazine365\/wp-content\/uploads\/2015\/06\/fotonoticia_20150616190453_800-150x100.jpg 150w, https:\/\/eldigitaldeasturias.com\/magazine365\/wp-content\/uploads\/2015\/06\/fotonoticia_20150616190453_800-450x300.jpg 450w, https:\/\/eldigitaldeasturias.com\/magazine365\/wp-content\/uploads\/2015\/06\/fotonoticia_20150616190453_800-696x464.jpg 696w, https:\/\/eldigitaldeasturias.com\/magazine365\/wp-content\/uploads\/2015\/06\/fotonoticia_20150616190453_800-630x420.jpg 630w, https:\/\/eldigitaldeasturias.com\/magazine365\/wp-content\/uploads\/2015\/06\/fotonoticia_20150616190453_800-84x55.jpg 84w, https:\/\/eldigitaldeasturias.com\/magazine365\/wp-content\/uploads\/2015\/06\/fotonoticia_20150616190453_800.jpg 800w\" sizes=\"(max-width: 360px) 100vw, 360px\" \/>El primer Food Tour itinerante en Espa\u00f1a empieza su andadura por las principales ciudades del pa\u00eds a partir de junio, seg\u00fan ha informado la plataforma digital Plateselector, responsable junto con Citro\u00ebn de esta iniciativa.<\/p>\n<p>El festival gastron\u00f3mico arranca en Zaragoza el 19 de junio con el objetivo de dar a conocer una selecci\u00f3n de las mejores caravanas y food trucks nacionales junto a una muestra de los restauradores locales m\u00e1s destacados.<\/p>\n<p>A lo largo del 2015 y durante 3 d\u00edas, el &#8216;Citro\u00ebn Platesector Food Tour&#8217; (CPFT) &#8211; se instalar\u00e1 en un emblem\u00e1tico enclave de cada ciudad, siempre al aire libre, y contar\u00e1 con la presencia de alrededor de 6 food trucks con una oferta culinaria de diferentes nacionalidades y 7 puestos de restaurantes o chefs de la zona en representaci\u00f3n de la gastronom\u00eda local.<\/p>\n<p>El fen\u00f3meno de los food trucks y la comida callejera ha ido cobrando gran importancia a medida que ha crecido el inter\u00e9s por todo lo relacionado con la gastronom\u00eda. En los \u00faltimos tiempos, esta idea ha tomado mucha fuerza en las grandes ciudades, donde hay una demanda cada vez mayor de nuevas f\u00f3rmulas que a\u00fanen ocio y gastronom\u00eda.<\/p>\n<p>Las siguientes paradas ser\u00e1n San Sebasti\u00e1n, dentro del SurfilmFestibal (del 26 al 28 junio, en la explanada de Sag\u00fces), Bilbao (del 3 al 5 de julio), M\u00e1laga (del 17 al 19 de julio, en el Muelle 2). Est\u00e1n pendientes de definir fechas para otras ciudades espa\u00f1olas, entre ellas Madrid, que es la ciudad elegida para cerrar esta primera edici\u00f3n del CPFT.<\/p>\n","protected":false},"excerpt":{"rendered":"<p>El primer Food Tour itinerante en Espa\u00f1a empieza su andadura por las principales ciudades del pa\u00eds a partir de junio, seg\u00fan ha informado la plataforma digital Plateselector, responsable junto con Citro\u00ebn de esta iniciativa. El festival gastron\u00f3mico arranca en Zaragoza el 19 de junio con el objetivo de dar a conocer una selecci\u00f3n de las<\/p>\n","protected":false},"author":1,"featured_media":40105,"comment_status":"open","ping_status":"closed","sticky":false,"template":"","format":"standard","meta":{"footnotes":""},"categories":[217],"tags":[],"class_list":{"0":"post-40104","1":"post","2":"type-post","3":"status-publish","4":"format-standard","5":"has-post-thumbnail","7":"category-sabores"},"aioseo_notices":[],"aioseo_head":"\n\t\t<!-- All in One SEO Pro 4.9.6.1 - aioseo.com -->\n\t<meta name=\"description\" content=\"El primer Food Tour itinerante en Espa\u00f1a empieza su andadura por las principales ciudades del pa\u00eds a partir de junio, seg\u00fan ha informado la plataforma digital Plateselector, responsable junto con Citro\u00ebn de esta iniciativa. El festival gastron\u00f3mico arranca en Zaragoza el 19 de junio con el objetivo de dar a conocer una selecci\u00f3n de las\" \/>\n\t<meta name=\"robots\" content=\"max-image-preview:large\" \/>\n\t<meta name=\"author\" content=\"admin\"\/>\n\t<meta name=\"google-site-verification\" content=\"UA-38556648-1\" \/>\n\t<meta name=\"keywords\" content=\"sabores\" \/>\n\t<link rel=\"canonical\" href=\"https:\/\/eldigitaldeasturias.com\/magazine365\/el-i-food-tour-itinerante-de-espana-recorrera-el-pais-a-partir-del-19-de-junio\/\" \/>\n\t<meta name=\"generator\" content=\"All in One SEO Pro (AIOSEO) 4.9.6.1\" \/>\n\t\t<meta property=\"og:locale\" content=\"es_ES\" \/>\n\t\t<meta property=\"og:site_name\" content=\"El Digital de Asturias \u2013 Revista de ocio, turismo y estilo de vida\" \/>\n\t\t<meta property=\"og:type\" content=\"article\" \/>\n\t\t<meta property=\"og:title\" content=\"El I \u2018Food Tour\u2019 itinerante de Espa\u00f1a recorrer\u00e1 el pa\u00eds a partir del 19 de junio | El Digital de Asturias\" \/>\n\t\t<meta property=\"og:description\" content=\"El primer Food Tour itinerante en Espa\u00f1a empieza su andadura por las principales ciudades del pa\u00eds a partir de junio, seg\u00fan ha informado la plataforma digital Plateselector, responsable junto con Citro\u00ebn de esta iniciativa. El festival gastron\u00f3mico arranca en Zaragoza el 19 de junio con el objetivo de dar a conocer una selecci\u00f3n de las\" \/>\n\t\t<meta property=\"og:url\" content=\"https:\/\/eldigitaldeasturias.com\/magazine365\/el-i-food-tour-itinerante-de-espana-recorrera-el-pais-a-partir-del-19-de-junio\/\" \/>\n\t\t<meta property=\"og:image\" content=\"https:\/\/eldigitaldeasturias.com\/magazine365\/wp-content\/uploads\/2015\/06\/fotonoticia_20150616190453_800.jpg\" \/>\n\t\t<meta property=\"og:image:secure_url\" content=\"https:\/\/eldigitaldeasturias.com\/magazine365\/wp-content\/uploads\/2015\/06\/fotonoticia_20150616190453_800.jpg\" \/>\n\t\t<meta property=\"og:image:width\" content=\"800\" \/>\n\t\t<meta property=\"og:image:height\" content=\"533\" \/>\n\t\t<meta property=\"article:published_time\" content=\"2015-06-17T06:25:19+00:00\" \/>\n\t\t<meta property=\"article:modified_time\" content=\"2015-06-17T06:25:19+00:00\" \/>\n\t\t<meta name=\"twitter:card\" content=\"summary_large_image\" \/>\n\t\t<meta name=\"twitter:title\" content=\"El I \u2018Food Tour\u2019 itinerante de Espa\u00f1a recorrer\u00e1 el pa\u00eds a partir del 19 de junio | El Digital de Asturias\" \/>\n\t\t<meta name=\"twitter:description\" content=\"El primer Food Tour itinerante en Espa\u00f1a empieza su andadura por las principales ciudades del pa\u00eds a partir de junio, seg\u00fan ha informado la plataforma digital Plateselector, responsable junto con Citro\u00ebn de esta iniciativa. El festival gastron\u00f3mico arranca en Zaragoza el 19 de junio con el objetivo de dar a conocer una selecci\u00f3n de las\" \/>\n\t\t<meta name=\"twitter:image\" content=\"https:\/\/eldigitaldeasturias.com\/magazine365\/wp-content\/uploads\/2015\/06\/fotonoticia_20150616190453_800.jpg\" \/>\n\t\t<script type=\"application\/ld+json\" class=\"aioseo-schema\">\n\t\t\t{\"@context\":\"https:\\\/\\\/schema.org\",\"@graph\":[{\"@type\":\"Article\",\"@id\":\"https:\\\/\\\/eldigitaldeasturias.com\\\/magazine365\\\/el-i-food-tour-itinerante-de-espana-recorrera-el-pais-a-partir-del-19-de-junio\\\/#article\",\"name\":\"El I \\u2018Food Tour\\u2019 itinerante de Espa\\u00f1a recorrer\\u00e1 el pa\\u00eds a partir del 19 de junio | El Digital de Asturias\",\"headline\":\"El I &#8216;Food Tour&#8217; itinerante de Espa\\u00f1a recorrer\\u00e1 el pa\\u00eds a partir del 19 de junio\",\"author\":{\"@id\":\"https:\\\/\\\/eldigitaldeasturias.com\\\/magazine365\\\/author\\\/admin\\\/#author\"},\"publisher\":{\"@id\":\"https:\\\/\\\/eldigitaldeasturias.com\\\/magazine365\\\/#organization\"},\"image\":{\"@type\":\"ImageObject\",\"url\":\"https:\\\/\\\/eldigitaldeasturias.com\\\/magazine365\\\/wp-content\\\/uploads\\\/2015\\\/06\\\/fotonoticia_20150616190453_800.jpg\",\"width\":800,\"height\":533},\"datePublished\":\"2015-06-17T07:55:19+02:00\",\"dateModified\":\"2015-06-17T07:55:19+02:00\",\"inLanguage\":\"es-ES\",\"mainEntityOfPage\":{\"@id\":\"https:\\\/\\\/eldigitaldeasturias.com\\\/magazine365\\\/el-i-food-tour-itinerante-de-espana-recorrera-el-pais-a-partir-del-19-de-junio\\\/#webpage\"},\"isPartOf\":{\"@id\":\"https:\\\/\\\/eldigitaldeasturias.com\\\/magazine365\\\/el-i-food-tour-itinerante-de-espana-recorrera-el-pais-a-partir-del-19-de-junio\\\/#webpage\"},\"articleSection\":\"Sabores\"},{\"@type\":\"BreadcrumbList\",\"@id\":\"https:\\\/\\\/eldigitaldeasturias.com\\\/magazine365\\\/el-i-food-tour-itinerante-de-espana-recorrera-el-pais-a-partir-del-19-de-junio\\\/#breadcrumblist\",\"itemListElement\":[{\"@type\":\"ListItem\",\"@id\":\"https:\\\/\\\/eldigitaldeasturias.com\\\/magazine365#listItem\",\"position\":1,\"name\":\"Home\",\"item\":\"https:\\\/\\\/eldigitaldeasturias.com\\\/magazine365\",\"nextItem\":{\"@type\":\"ListItem\",\"@id\":\"https:\\\/\\\/eldigitaldeasturias.com\\\/magazine365\\\/category\\\/sabores\\\/#listItem\",\"name\":\"Sabores\"}},{\"@type\":\"ListItem\",\"@id\":\"https:\\\/\\\/eldigitaldeasturias.com\\\/magazine365\\\/category\\\/sabores\\\/#listItem\",\"position\":2,\"name\":\"Sabores\",\"item\":\"https:\\\/\\\/eldigitaldeasturias.com\\\/magazine365\\\/category\\\/sabores\\\/\",\"nextItem\":{\"@type\":\"ListItem\",\"@id\":\"https:\\\/\\\/eldigitaldeasturias.com\\\/magazine365\\\/el-i-food-tour-itinerante-de-espana-recorrera-el-pais-a-partir-del-19-de-junio\\\/#listItem\",\"name\":\"El I &#8216;Food Tour&#8217; itinerante de Espa\\u00f1a recorrer\\u00e1 el pa\\u00eds a partir del 19 de junio\"},\"previousItem\":{\"@type\":\"ListItem\",\"@id\":\"https:\\\/\\\/eldigitaldeasturias.com\\\/magazine365#listItem\",\"name\":\"Home\"}},{\"@type\":\"ListItem\",\"@id\":\"https:\\\/\\\/eldigitaldeasturias.com\\\/magazine365\\\/el-i-food-tour-itinerante-de-espana-recorrera-el-pais-a-partir-del-19-de-junio\\\/#listItem\",\"position\":3,\"name\":\"El I &#8216;Food Tour&#8217; itinerante de Espa\\u00f1a recorrer\\u00e1 el pa\\u00eds a partir del 19 de junio\",\"previousItem\":{\"@type\":\"ListItem\",\"@id\":\"https:\\\/\\\/eldigitaldeasturias.com\\\/magazine365\\\/category\\\/sabores\\\/#listItem\",\"name\":\"Sabores\"}}]},{\"@type\":\"Organization\",\"@id\":\"https:\\\/\\\/eldigitaldeasturias.com\\\/magazine365\\\/#organization\",\"name\":\"El digital de Asturias\",\"description\":\"Revista de ocio, turismo y estilo de vida\",\"url\":\"https:\\\/\\\/eldigitaldeasturias.com\\\/magazine365\\\/\",\"logo\":{\"@type\":\"ImageObject\",\"url\":\"https:\\\/\\\/www.eldigitaldeasturias.com\\\/noticias\\\/wp-content\\\/uploads\\\/2020\\\/12\\\/EDA.jpg\",\"@id\":\"https:\\\/\\\/eldigitaldeasturias.com\\\/magazine365\\\/el-i-food-tour-itinerante-de-espana-recorrera-el-pais-a-partir-del-19-de-junio\\\/#organizationLogo\"},\"image\":{\"@id\":\"https:\\\/\\\/eldigitaldeasturias.com\\\/magazine365\\\/el-i-food-tour-itinerante-de-espana-recorrera-el-pais-a-partir-del-19-de-junio\\\/#organizationLogo\"}},{\"@type\":\"Person\",\"@id\":\"https:\\\/\\\/eldigitaldeasturias.com\\\/magazine365\\\/author\\\/admin\\\/#author\",\"url\":\"https:\\\/\\\/eldigitaldeasturias.com\\\/magazine365\\\/author\\\/admin\\\/\",\"name\":\"admin\",\"image\":{\"@type\":\"ImageObject\",\"@id\":\"https:\\\/\\\/eldigitaldeasturias.com\\\/magazine365\\\/el-i-food-tour-itinerante-de-espana-recorrera-el-pais-a-partir-del-19-de-junio\\\/#authorImage\",\"url\":\"https:\\\/\\\/eldigitaldeasturias.com\\\/magazine365\\\/wp-content\\\/litespeed\\\/avatar\\\/e571bcf59a0edd6fa6838245a470f2fe.jpg?ver=1776969259\",\"width\":96,\"height\":96,\"caption\":\"admin\"}},{\"@type\":\"WebPage\",\"@id\":\"https:\\\/\\\/eldigitaldeasturias.com\\\/magazine365\\\/el-i-food-tour-itinerante-de-espana-recorrera-el-pais-a-partir-del-19-de-junio\\\/#webpage\",\"url\":\"https:\\\/\\\/eldigitaldeasturias.com\\\/magazine365\\\/el-i-food-tour-itinerante-de-espana-recorrera-el-pais-a-partir-del-19-de-junio\\\/\",\"name\":\"El I \\u2018Food Tour\\u2019 itinerante de Espa\\u00f1a recorrer\\u00e1 el pa\\u00eds a partir del 19 de junio | El Digital de Asturias\",\"description\":\"El primer Food Tour itinerante en Espa\\u00f1a empieza su andadura por las principales ciudades del pa\\u00eds a partir de junio, seg\\u00fan ha informado la plataforma digital Plateselector, responsable junto con Citro\\u00ebn de esta iniciativa. El festival gastron\\u00f3mico arranca en Zaragoza el 19 de junio con el objetivo de dar a conocer una selecci\\u00f3n de las\",\"inLanguage\":\"es-ES\",\"isPartOf\":{\"@id\":\"https:\\\/\\\/eldigitaldeasturias.com\\\/magazine365\\\/#website\"},\"breadcrumb\":{\"@id\":\"https:\\\/\\\/eldigitaldeasturias.com\\\/magazine365\\\/el-i-food-tour-itinerante-de-espana-recorrera-el-pais-a-partir-del-19-de-junio\\\/#breadcrumblist\"},\"author\":{\"@id\":\"https:\\\/\\\/eldigitaldeasturias.com\\\/magazine365\\\/author\\\/admin\\\/#author\"},\"creator\":{\"@id\":\"https:\\\/\\\/eldigitaldeasturias.com\\\/magazine365\\\/author\\\/admin\\\/#author\"},\"image\":{\"@type\":\"ImageObject\",\"url\":\"https:\\\/\\\/eldigitaldeasturias.com\\\/magazine365\\\/wp-content\\\/uploads\\\/2015\\\/06\\\/fotonoticia_20150616190453_800.jpg\",\"@id\":\"https:\\\/\\\/eldigitaldeasturias.com\\\/magazine365\\\/el-i-food-tour-itinerante-de-espana-recorrera-el-pais-a-partir-del-19-de-junio\\\/#mainImage\",\"width\":800,\"height\":533},\"primaryImageOfPage\":{\"@id\":\"https:\\\/\\\/eldigitaldeasturias.com\\\/magazine365\\\/el-i-food-tour-itinerante-de-espana-recorrera-el-pais-a-partir-del-19-de-junio\\\/#mainImage\"},\"datePublished\":\"2015-06-17T07:55:19+02:00\",\"dateModified\":\"2015-06-17T07:55:19+02:00\"},{\"@type\":\"WebSite\",\"@id\":\"https:\\\/\\\/eldigitaldeasturias.com\\\/magazine365\\\/#website\",\"url\":\"https:\\\/\\\/eldigitaldeasturias.com\\\/magazine365\\\/\",\"name\":\"El Digital de Asturias\",\"description\":\"Revista de ocio, turismo y estilo de vida\",\"inLanguage\":\"es-ES\",\"publisher\":{\"@id\":\"https:\\\/\\\/eldigitaldeasturias.com\\\/magazine365\\\/#organization\"}}]}\n\t\t<\/script>\n\t\t<!-- All in One SEO Pro -->\r\n\t\t<title>El I \u2018Food Tour\u2019 itinerante de Espa\u00f1a recorrer\u00e1 el pa\u00eds a partir del 19 de junio | El Digital de Asturias<\/title>\n\n","aioseo_head_json":{"title":"El I \u2018Food Tour\u2019 itinerante de Espa\u00f1a recorrer\u00e1 el pa\u00eds a partir del 19 de junio | El Digital de Asturias","description":"El primer Food Tour itinerante en Espa\u00f1a empieza su andadura por las principales ciudades del pa\u00eds a partir de junio, seg\u00fan ha informado la plataforma digital Plateselector, responsable junto con Citro\u00ebn de esta iniciativa. El festival gastron\u00f3mico arranca en Zaragoza el 19 de junio con el objetivo de dar a conocer una selecci\u00f3n de las","canonical_url":"https:\/\/eldigitaldeasturias.com\/magazine365\/el-i-food-tour-itinerante-de-espana-recorrera-el-pais-a-partir-del-19-de-junio\/","robots":"max-image-preview:large","keywords":"sabores","webmasterTools":{"google-site-verification":"UA-38556648-1","miscellaneous":""},"schema":{"@context":"https:\/\/schema.org","@graph":[{"@type":"Article","@id":"https:\/\/eldigitaldeasturias.com\/magazine365\/el-i-food-tour-itinerante-de-espana-recorrera-el-pais-a-partir-del-19-de-junio\/#article","name":"El I \u2018Food Tour\u2019 itinerante de Espa\u00f1a recorrer\u00e1 el pa\u00eds a partir del 19 de junio | El Digital de Asturias","headline":"El I &#8216;Food Tour&#8217; itinerante de Espa\u00f1a recorrer\u00e1 el pa\u00eds a partir del 19 de junio","author":{"@id":"https:\/\/eldigitaldeasturias.com\/magazine365\/author\/admin\/#author"},"publisher":{"@id":"https:\/\/eldigitaldeasturias.com\/magazine365\/#organization"},"image":{"@type":"ImageObject","url":"https:\/\/eldigitaldeasturias.com\/magazine365\/wp-content\/uploads\/2015\/06\/fotonoticia_20150616190453_800.jpg","width":800,"height":533},"datePublished":"2015-06-17T07:55:19+02:00","dateModified":"2015-06-17T07:55:19+02:00","inLanguage":"es-ES","mainEntityOfPage":{"@id":"https:\/\/eldigitaldeasturias.com\/magazine365\/el-i-food-tour-itinerante-de-espana-recorrera-el-pais-a-partir-del-19-de-junio\/#webpage"},"isPartOf":{"@id":"https:\/\/eldigitaldeasturias.com\/magazine365\/el-i-food-tour-itinerante-de-espana-recorrera-el-pais-a-partir-del-19-de-junio\/#webpage"},"articleSection":"Sabores"},{"@type":"BreadcrumbList","@id":"https:\/\/eldigitaldeasturias.com\/magazine365\/el-i-food-tour-itinerante-de-espana-recorrera-el-pais-a-partir-del-19-de-junio\/#breadcrumblist","itemListElement":[{"@type":"ListItem","@id":"https:\/\/eldigitaldeasturias.com\/magazine365#listItem","position":1,"name":"Home","item":"https:\/\/eldigitaldeasturias.com\/magazine365","nextItem":{"@type":"ListItem","@id":"https:\/\/eldigitaldeasturias.com\/magazine365\/category\/sabores\/#listItem","name":"Sabores"}},{"@type":"ListItem","@id":"https:\/\/eldigitaldeasturias.com\/magazine365\/category\/sabores\/#listItem","position":2,"name":"Sabores","item":"https:\/\/eldigitaldeasturias.com\/magazine365\/category\/sabores\/","nextItem":{"@type":"ListItem","@id":"https:\/\/eldigitaldeasturias.com\/magazine365\/el-i-food-tour-itinerante-de-espana-recorrera-el-pais-a-partir-del-19-de-junio\/#listItem","name":"El I &#8216;Food Tour&#8217; itinerante de Espa\u00f1a recorrer\u00e1 el pa\u00eds a partir del 19 de junio"},"previousItem":{"@type":"ListItem","@id":"https:\/\/eldigitaldeasturias.com\/magazine365#listItem","name":"Home"}},{"@type":"ListItem","@id":"https:\/\/eldigitaldeasturias.com\/magazine365\/el-i-food-tour-itinerante-de-espana-recorrera-el-pais-a-partir-del-19-de-junio\/#listItem","position":3,"name":"El I &#8216;Food Tour&#8217; itinerante de Espa\u00f1a recorrer\u00e1 el pa\u00eds a partir del 19 de junio","previousItem":{"@type":"ListItem","@id":"https:\/\/eldigitaldeasturias.com\/magazine365\/category\/sabores\/#listItem","name":"Sabores"}}]},{"@type":"Organization","@id":"https:\/\/eldigitaldeasturias.com\/magazine365\/#organization","name":"El digital de Asturias","description":"Revista de ocio, turismo y estilo de vida","url":"https:\/\/eldigitaldeasturias.com\/magazine365\/","logo":{"@type":"ImageObject","url":"https:\/\/www.eldigitaldeasturias.com\/noticias\/wp-content\/uploads\/2020\/12\/EDA.jpg","@id":"https:\/\/eldigitaldeasturias.com\/magazine365\/el-i-food-tour-itinerante-de-espana-recorrera-el-pais-a-partir-del-19-de-junio\/#organizationLogo"},"image":{"@id":"https:\/\/eldigitaldeasturias.com\/magazine365\/el-i-food-tour-itinerante-de-espana-recorrera-el-pais-a-partir-del-19-de-junio\/#organizationLogo"}},{"@type":"Person","@id":"https:\/\/eldigitaldeasturias.com\/magazine365\/author\/admin\/#author","url":"https:\/\/eldigitaldeasturias.com\/magazine365\/author\/admin\/","name":"admin","image":{"@type":"ImageObject","@id":"https:\/\/eldigitaldeasturias.com\/magazine365\/el-i-food-tour-itinerante-de-espana-recorrera-el-pais-a-partir-del-19-de-junio\/#authorImage","url":"https:\/\/eldigitaldeasturias.com\/magazine365\/wp-content\/litespeed\/avatar\/e571bcf59a0edd6fa6838245a470f2fe.jpg?ver=1776969259","width":96,"height":96,"caption":"admin"}},{"@type":"WebPage","@id":"https:\/\/eldigitaldeasturias.com\/magazine365\/el-i-food-tour-itinerante-de-espana-recorrera-el-pais-a-partir-del-19-de-junio\/#webpage","url":"https:\/\/eldigitaldeasturias.com\/magazine365\/el-i-food-tour-itinerante-de-espana-recorrera-el-pais-a-partir-del-19-de-junio\/","name":"El I \u2018Food Tour\u2019 itinerante de Espa\u00f1a recorrer\u00e1 el pa\u00eds a partir del 19 de junio | El Digital de Asturias","description":"El primer Food Tour itinerante en Espa\u00f1a empieza su andadura por las principales ciudades del pa\u00eds a partir de junio, seg\u00fan ha informado la plataforma digital Plateselector, responsable junto con Citro\u00ebn de esta iniciativa. El festival gastron\u00f3mico arranca en Zaragoza el 19 de junio con el objetivo de dar a conocer una selecci\u00f3n de las","inLanguage":"es-ES","isPartOf":{"@id":"https:\/\/eldigitaldeasturias.com\/magazine365\/#website"},"breadcrumb":{"@id":"https:\/\/eldigitaldeasturias.com\/magazine365\/el-i-food-tour-itinerante-de-espana-recorrera-el-pais-a-partir-del-19-de-junio\/#breadcrumblist"},"author":{"@id":"https:\/\/eldigitaldeasturias.com\/magazine365\/author\/admin\/#author"},"creator":{"@id":"https:\/\/eldigitaldeasturias.com\/magazine365\/author\/admin\/#author"},"image":{"@type":"ImageObject","url":"https:\/\/eldigitaldeasturias.com\/magazine365\/wp-content\/uploads\/2015\/06\/fotonoticia_20150616190453_800.jpg","@id":"https:\/\/eldigitaldeasturias.com\/magazine365\/el-i-food-tour-itinerante-de-espana-recorrera-el-pais-a-partir-del-19-de-junio\/#mainImage","width":800,"height":533},"primaryImageOfPage":{"@id":"https:\/\/eldigitaldeasturias.com\/magazine365\/el-i-food-tour-itinerante-de-espana-recorrera-el-pais-a-partir-del-19-de-junio\/#mainImage"},"datePublished":"2015-06-17T07:55:19+02:00","dateModified":"2015-06-17T07:55:19+02:00"},{"@type":"WebSite","@id":"https:\/\/eldigitaldeasturias.com\/magazine365\/#website","url":"https:\/\/eldigitaldeasturias.com\/magazine365\/","name":"El Digital de Asturias","description":"Revista de ocio, turismo y estilo de vida","inLanguage":"es-ES","publisher":{"@id":"https:\/\/eldigitaldeasturias.com\/magazine365\/#organization"}}]},"og:locale":"es_ES","og:site_name":"El Digital de Asturias \u2013 Revista de ocio, turismo y estilo de vida","og:type":"article","og:title":"El I \u2018Food Tour\u2019 itinerante de Espa\u00f1a recorrer\u00e1 el pa\u00eds a partir del 19 de junio | El Digital de Asturias","og:description":"El primer Food Tour itinerante en Espa\u00f1a empieza su andadura por las principales ciudades del pa\u00eds a partir de junio, seg\u00fan ha informado la plataforma digital Plateselector, responsable junto con Citro\u00ebn de esta iniciativa. El festival gastron\u00f3mico arranca en Zaragoza el 19 de junio con el objetivo de dar a conocer una selecci\u00f3n de las","og:url":"https:\/\/eldigitaldeasturias.com\/magazine365\/el-i-food-tour-itinerante-de-espana-recorrera-el-pais-a-partir-del-19-de-junio\/","og:image":"https:\/\/eldigitaldeasturias.com\/magazine365\/wp-content\/uploads\/2015\/06\/fotonoticia_20150616190453_800.jpg","og:image:secure_url":"https:\/\/eldigitaldeasturias.com\/magazine365\/wp-content\/uploads\/2015\/06\/fotonoticia_20150616190453_800.jpg","og:image:width":800,"og:image:height":533,"article:published_time":"2015-06-17T06:25:19+00:00","article:modified_time":"2015-06-17T06:25:19+00:00","twitter:card":"summary_large_image","twitter:title":"El I \u2018Food Tour\u2019 itinerante de Espa\u00f1a recorrer\u00e1 el pa\u00eds a partir del 19 de junio | El Digital de Asturias","twitter:description":"El primer Food Tour itinerante en Espa\u00f1a empieza su andadura por las principales ciudades del pa\u00eds a partir de junio, seg\u00fan ha informado la plataforma digital Plateselector, responsable junto con Citro\u00ebn de esta iniciativa. El festival gastron\u00f3mico arranca en Zaragoza el 19 de junio con el objetivo de dar a conocer una selecci\u00f3n de las","twitter:image":"https:\/\/eldigitaldeasturias.com\/magazine365\/wp-content\/uploads\/2015\/06\/fotonoticia_20150616190453_800.jpg"},"aioseo_meta_data":{"post_id":"40104","title":null,"description":null,"keywords":null,"keyphrases":null,"primary_term":null,"canonical_url":null,"og_title":null,"og_description":null,"og_object_type":"default","og_image_type":"default","og_image_url":null,"og_image_width":null,"og_image_height":null,"og_image_custom_url":null,"og_image_custom_fields":null,"og_video":null,"og_custom_url":null,"og_article_section":null,"og_article_tags":null,"twitter_use_og":false,"twitter_card":"default","twitter_image_type":"default","twitter_image_url":null,"twitter_image_custom_url":null,"twitter_image_custom_fields":null,"twitter_title":null,"twitter_description":null,"schema":{"blockGraphs":[],"customGraphs":[],"default":{"data":{"Article":[],"Course":[],"Dataset":[],"FAQPage":[],"Movie":[],"Person":[],"Product":[],"ProductReview":[],"Car":[],"Recipe":[],"Service":[],"SoftwareApplication":[],"WebPage":[]},"graphName":"","isEnabled":true},"graphs":[],"defaultGraph":"","defaultPostTypeGraph":""},"schema_type":null,"schema_type_options":null,"pillar_content":false,"robots_default":true,"robots_noindex":false,"robots_noarchive":false,"robots_nosnippet":false,"robots_nofollow":false,"robots_noimageindex":false,"robots_noodp":false,"robots_notranslate":false,"robots_max_snippet":null,"robots_max_videopreview":null,"robots_max_imagepreview":"large","priority":null,"frequency":null,"location":null,"local_seo":null,"seo_analyzer_scan_date":"2025-09-19 12:55:09","breadcrumb_settings":null,"limit_modified_date":false,"open_ai":null,"ai":null,"created":"2021-03-09 02:32:56","updated":"2025-09-19 12:55:09"},"aioseo_breadcrumb":"<div class=\"aioseo-breadcrumbs\"><span class=\"aioseo-breadcrumb\">\n\t<a href=\"https:\/\/eldigitaldeasturias.com\/magazine365\" title=\"Home\">Home<\/a>\n<\/span><span class=\"aioseo-breadcrumb-separator\">\u2013<\/span><span class=\"aioseo-breadcrumb\">\n\t<a href=\"https:\/\/eldigitaldeasturias.com\/magazine365\/category\/sabores\/\" title=\"Sabores\">Sabores<\/a>\n<\/span><span class=\"aioseo-breadcrumb-separator\">\u2013<\/span><span class=\"aioseo-breadcrumb\">\n\t<a href=\"https:\/\/eldigitaldeasturias.com\/magazine365\/el-i-food-tour-itinerante-de-espana-recorrera-el-pais-a-partir-del-19-de-junio\/\" title=\"El I \u2018Food Tour\u2019 itinerante de Espa\u00f1a recorrer\u00e1 el pa\u00eds a partir del 19 de junio\">El I \u2018Food Tour\u2019 itinerante de Espa\u00f1a recorrer\u00e1 el pa\u00eds a partir del 19 de junio<\/a>\n<\/span><\/div>","aioseo_breadcrumb_json":[{"label":"Home","link":"https:\/\/eldigitaldeasturias.com\/magazine365"},{"label":"Sabores","link":"https:\/\/eldigitaldeasturias.com\/magazine365\/category\/sabores\/"},{"label":"El I &#8216;Food Tour&#8217; itinerante de Espa\u00f1a recorrer\u00e1 el pa\u00eds a partir del 19 de junio","link":"https:\/\/eldigitaldeasturias.com\/magazine365\/el-i-food-tour-itinerante-de-espana-recorrera-el-pais-a-partir-del-19-de-junio\/"}],"_links":{"self":[{"href":"https:\/\/eldigitaldeasturias.com\/magazine365\/wp-json\/wp\/v2\/posts\/40104","targetHints":{"allow":["GET"]}}],"collection":[{"href":"https:\/\/eldigitaldeasturias.com\/magazine365\/wp-json\/wp\/v2\/posts"}],"about":[{"href":"https:\/\/eldigitaldeasturias.com\/magazine365\/wp-json\/wp\/v2\/types\/post"}],"author":[{"embeddable":true,"href":"https:\/\/eldigitaldeasturias.com\/magazine365\/wp-json\/wp\/v2\/users\/1"}],"replies":[{"embeddable":true,"href":"https:\/\/eldigitaldeasturias.com\/magazine365\/wp-json\/wp\/v2\/comments?post=40104"}],"version-history":[{"count":0,"href":"https:\/\/eldigitaldeasturias.com\/magazine365\/wp-json\/wp\/v2\/posts\/40104\/revisions"}],"wp:featuredmedia":[{"embeddable":true,"href":"https:\/\/eldigitaldeasturias.com\/magazine365\/wp-json\/wp\/v2\/media\/40105"}],"wp:attachment":[{"href":"https:\/\/eldigitaldeasturias.com\/magazine365\/wp-json\/wp\/v2\/media?parent=40104"}],"wp:term":[{"taxonomy":"category","embeddable":true,"href":"https:\/\/eldigitaldeasturias.com\/magazine365\/wp-json\/wp\/v2\/categories?post=40104"},{"taxonomy":"post_tag","embeddable":true,"href":"https:\/\/eldigitaldeasturias.com\/magazine365\/wp-json\/wp\/v2\/tags?post=40104"}],"curies":[{"name":"wp","href":"https:\/\/api.w.org\/{rel}","templated":true}]}}