{"id":40094,"date":"2015-06-17T07:46:32","date_gmt":"2015-06-17T06:16:32","guid":{"rendered":"http:\/\/eldigitaldeasturias.com\/magazine365\/?p=40094"},"modified":"2015-06-17T07:46:32","modified_gmt":"2015-06-17T06:16:32","slug":"fernando-fraile-y-juan-jose-hidalgo-premios-de-turismo-islas-canarias","status":"publish","type":"post","link":"https:\/\/eldigitaldeasturias.com\/magazine365\/fernando-fraile-y-juan-jose-hidalgo-premios-de-turismo-islas-canarias\/","title":{"rendered":"Fernando Fraile y Juan Jos\u00e9 Hidalgo, Premios de Turismo &#8216;Islas Canarias&#8217;"},"content":{"rendered":"<p><img fetchpriority=\"high\" decoding=\"async\" class=\"alignleft size-medium wp-image-40095\" src=\"https:\/\/eldigitaldeasturias.com\/magazine365\/wp-content\/uploads\/2015\/06\/fotonoticia_20150616182047_800-360x239.jpg\" alt=\"fotonoticia_20150616182047_800\" width=\"360\" height=\"239\" srcset=\"https:\/\/eldigitaldeasturias.com\/magazine365\/wp-content\/uploads\/2015\/06\/fotonoticia_20150616182047_800-360x239.jpg 360w, https:\/\/eldigitaldeasturias.com\/magazine365\/wp-content\/uploads\/2015\/06\/fotonoticia_20150616182047_800-650x432.jpg 650w, https:\/\/eldigitaldeasturias.com\/magazine365\/wp-content\/uploads\/2015\/06\/fotonoticia_20150616182047_800-768x511.jpg 768w, https:\/\/eldigitaldeasturias.com\/magazine365\/wp-content\/uploads\/2015\/06\/fotonoticia_20150616182047_800-150x100.jpg 150w, https:\/\/eldigitaldeasturias.com\/magazine365\/wp-content\/uploads\/2015\/06\/fotonoticia_20150616182047_800-450x299.jpg 450w, https:\/\/eldigitaldeasturias.com\/magazine365\/wp-content\/uploads\/2015\/06\/fotonoticia_20150616182047_800-696x463.jpg 696w, https:\/\/eldigitaldeasturias.com\/magazine365\/wp-content\/uploads\/2015\/06\/fotonoticia_20150616182047_800-632x420.jpg 632w, https:\/\/eldigitaldeasturias.com\/magazine365\/wp-content\/uploads\/2015\/06\/fotonoticia_20150616182047_800-84x55.jpg 84w, https:\/\/eldigitaldeasturias.com\/magazine365\/wp-content\/uploads\/2015\/06\/fotonoticia_20150616182047_800.jpg 800w\" sizes=\"(max-width: 360px) 100vw, 360px\" \/>El viceconsejero de Turismo del Gobierno de Canarias, Ricardo Fern\u00e1ndez de la Puente Armas, ha presidido este martes el Jurado de los Premios de Turismo &#8216;Islas Canarias&#8217;, que ha designado a Fernando Fraile, en la categor\u00eda de Premio de Turismo &#8216;Islas Canarias&#8217; a la Excelencia en el Sector Tur\u00edstico Canario, y a Juan Jos\u00e9 Hidalgo, en la categor\u00eda de Premio de Turismo &#8216;Islas Canarias&#8217; a la Proyecci\u00f3n Internacional de Canarias.<\/p>\n<p>Adem\u00e1s del viceconsejero de Turismo, han formado parte del jurado Pedro San Gin\u00e9s, presidente en funciones del Cabildo de Lanzarote, Pedro Luis Cobiella, presidente del grupo Hospiten, Rafael Caballero Montes, editor de la revista &#8216;Preferente&#8217;, Joaqu\u00edn Molia Garc\u00eda-Mu\u00f1oz, editor de la revista &#8216;Hosteltur&#8217;, y Enrique Talg, empresario tur\u00edstico.<\/p>\n<p>Fernando Fraile dirige desde 1973 diferentes establecimientos hoteleros. Adem\u00e1s, desde 1998 es el presidente de la Federaci\u00f3n de Empresarios de Hosteler\u00eda y Turismo (Feht) y miembro de diversos organismos como el Comit\u00e9 Ejecutivo y Junta Rectora del Patronato de Turismo del Cabildo Insular de Gran Canaria, el Consejo Econ\u00f3mico Social, la Confederaci\u00f3n Espa\u00f1ola de Hoteles y Alojamientos Tur\u00edsticos CEHAT, la Confederaci\u00f3n Canaria de Empresarios CCE y el Consejo Canario de Turismo, entre otros muchos.<\/p>\n<p>Por otra parte, Juan Jos\u00e9 Hidalgo es presidente del grupo tur\u00edstico Globalia, l\u00edder en el sector de viajes, en el que trabajan m\u00e1s de 12.000 personas, integrado por las empresas Air Europa, Viajes Halc\u00f3n y Ecuador, Travelplan, Be Live Hoteles, Groundforce y Globalia Autocares.<\/p>\n<p>Todas ellas conforman una estructura que les permite brindar un servicio de calidad y satisfacer las necesidades de sus clientes. En la actualidad, se encuentra extendida por Europa, Am\u00e9rica, el Caribe y el Norte de \u00c1frica.<\/p>\n","protected":false},"excerpt":{"rendered":"<p>El viceconsejero de Turismo del Gobierno de Canarias, Ricardo Fern\u00e1ndez de la Puente Armas, ha presidido este martes el Jurado de los Premios de Turismo &#8216;Islas Canarias&#8217;, que ha designado a Fernando Fraile, en la categor\u00eda de Premio de Turismo &#8216;Islas Canarias&#8217; a la Excelencia en el Sector Tur\u00edstico Canario, y a Juan Jos\u00e9 Hidalgo,<\/p>\n","protected":false},"author":1,"featured_media":40095,"comment_status":"open","ping_status":"closed","sticky":false,"template":"","format":"standard","meta":{"footnotes":""},"categories":[222],"tags":[],"class_list":{"0":"post-40094","1":"post","2":"type-post","3":"status-publish","4":"format-standard","5":"has-post-thumbnail","7":"category-actualidad-turismo"},"aioseo_notices":[],"aioseo_head":"\n\t\t<!-- All in One SEO Pro 4.9.6.1 - aioseo.com -->\n\t<meta name=\"description\" content=\"El viceconsejero de Turismo del Gobierno de Canarias, Ricardo Fern\u00e1ndez de la Puente Armas, ha presidido este martes el Jurado de los Premios de Turismo &#039;Islas Canarias&#039;, que ha designado a Fernando Fraile, en la categor\u00eda de Premio de Turismo &#039;Islas Canarias&#039; a la Excelencia en el Sector Tur\u00edstico Canario, y a Juan Jos\u00e9 Hidalgo,\" \/>\n\t<meta name=\"robots\" content=\"max-image-preview:large\" \/>\n\t<meta name=\"author\" content=\"admin\"\/>\n\t<meta name=\"google-site-verification\" content=\"UA-38556648-1\" \/>\n\t<meta name=\"keywords\" content=\"actualidad turismo\" \/>\n\t<link rel=\"canonical\" href=\"https:\/\/eldigitaldeasturias.com\/magazine365\/fernando-fraile-y-juan-jose-hidalgo-premios-de-turismo-islas-canarias\/\" \/>\n\t<meta name=\"generator\" content=\"All in One SEO Pro (AIOSEO) 4.9.6.1\" \/>\n\t\t<meta property=\"og:locale\" content=\"es_ES\" \/>\n\t\t<meta property=\"og:site_name\" content=\"El Digital de Asturias \u2013 Revista de ocio, turismo y estilo de vida\" \/>\n\t\t<meta property=\"og:type\" content=\"article\" \/>\n\t\t<meta property=\"og:title\" content=\"Fernando Fraile y Juan Jos\u00e9 Hidalgo, Premios de Turismo \u2018Islas Canarias\u2019 | El Digital de Asturias\" \/>\n\t\t<meta property=\"og:description\" content=\"El viceconsejero de Turismo del Gobierno de Canarias, Ricardo Fern\u00e1ndez de la Puente Armas, ha presidido este martes el Jurado de los Premios de Turismo &#039;Islas Canarias&#039;, que ha designado a Fernando Fraile, en la categor\u00eda de Premio de Turismo &#039;Islas Canarias&#039; a la Excelencia en el Sector Tur\u00edstico Canario, y a Juan Jos\u00e9 Hidalgo,\" \/>\n\t\t<meta property=\"og:url\" content=\"https:\/\/eldigitaldeasturias.com\/magazine365\/fernando-fraile-y-juan-jose-hidalgo-premios-de-turismo-islas-canarias\/\" \/>\n\t\t<meta property=\"og:image\" content=\"https:\/\/eldigitaldeasturias.com\/magazine365\/wp-content\/uploads\/2015\/06\/fotonoticia_20150616182047_800.jpg\" \/>\n\t\t<meta property=\"og:image:secure_url\" content=\"https:\/\/eldigitaldeasturias.com\/magazine365\/wp-content\/uploads\/2015\/06\/fotonoticia_20150616182047_800.jpg\" \/>\n\t\t<meta property=\"og:image:width\" content=\"800\" \/>\n\t\t<meta property=\"og:image:height\" content=\"532\" \/>\n\t\t<meta property=\"article:published_time\" content=\"2015-06-17T06:16:32+00:00\" \/>\n\t\t<meta property=\"article:modified_time\" content=\"2015-06-17T06:16:32+00:00\" \/>\n\t\t<meta name=\"twitter:card\" content=\"summary_large_image\" \/>\n\t\t<meta name=\"twitter:title\" content=\"Fernando Fraile y Juan Jos\u00e9 Hidalgo, Premios de Turismo \u2018Islas Canarias\u2019 | El Digital de Asturias\" \/>\n\t\t<meta name=\"twitter:description\" content=\"El viceconsejero de Turismo del Gobierno de Canarias, Ricardo Fern\u00e1ndez de la Puente Armas, ha presidido este martes el Jurado de los Premios de Turismo &#039;Islas Canarias&#039;, que ha designado a Fernando Fraile, en la categor\u00eda de Premio de Turismo &#039;Islas Canarias&#039; a la Excelencia en el Sector Tur\u00edstico Canario, y a Juan Jos\u00e9 Hidalgo,\" \/>\n\t\t<meta name=\"twitter:image\" content=\"https:\/\/eldigitaldeasturias.com\/magazine365\/wp-content\/uploads\/2015\/06\/fotonoticia_20150616182047_800.jpg\" \/>\n\t\t<script type=\"application\/ld+json\" class=\"aioseo-schema\">\n\t\t\t{\"@context\":\"https:\\\/\\\/schema.org\",\"@graph\":[{\"@type\":\"Article\",\"@id\":\"https:\\\/\\\/eldigitaldeasturias.com\\\/magazine365\\\/fernando-fraile-y-juan-jose-hidalgo-premios-de-turismo-islas-canarias\\\/#article\",\"name\":\"Fernando Fraile y Juan Jos\\u00e9 Hidalgo, Premios de Turismo \\u2018Islas Canarias\\u2019 | El Digital de Asturias\",\"headline\":\"Fernando Fraile y Juan Jos\\u00e9 Hidalgo, Premios de Turismo &#8216;Islas Canarias&#8217;\",\"author\":{\"@id\":\"https:\\\/\\\/eldigitaldeasturias.com\\\/magazine365\\\/author\\\/admin\\\/#author\"},\"publisher\":{\"@id\":\"https:\\\/\\\/eldigitaldeasturias.com\\\/magazine365\\\/#organization\"},\"image\":{\"@type\":\"ImageObject\",\"url\":\"https:\\\/\\\/eldigitaldeasturias.com\\\/magazine365\\\/wp-content\\\/uploads\\\/2015\\\/06\\\/fotonoticia_20150616182047_800.jpg\",\"width\":800,\"height\":532},\"datePublished\":\"2015-06-17T07:46:32+02:00\",\"dateModified\":\"2015-06-17T07:46:32+02:00\",\"inLanguage\":\"es-ES\",\"mainEntityOfPage\":{\"@id\":\"https:\\\/\\\/eldigitaldeasturias.com\\\/magazine365\\\/fernando-fraile-y-juan-jose-hidalgo-premios-de-turismo-islas-canarias\\\/#webpage\"},\"isPartOf\":{\"@id\":\"https:\\\/\\\/eldigitaldeasturias.com\\\/magazine365\\\/fernando-fraile-y-juan-jose-hidalgo-premios-de-turismo-islas-canarias\\\/#webpage\"},\"articleSection\":\"Actualidad Turismo\"},{\"@type\":\"BreadcrumbList\",\"@id\":\"https:\\\/\\\/eldigitaldeasturias.com\\\/magazine365\\\/fernando-fraile-y-juan-jose-hidalgo-premios-de-turismo-islas-canarias\\\/#breadcrumblist\",\"itemListElement\":[{\"@type\":\"ListItem\",\"@id\":\"https:\\\/\\\/eldigitaldeasturias.com\\\/magazine365#listItem\",\"position\":1,\"name\":\"Home\",\"item\":\"https:\\\/\\\/eldigitaldeasturias.com\\\/magazine365\",\"nextItem\":{\"@type\":\"ListItem\",\"@id\":\"https:\\\/\\\/eldigitaldeasturias.com\\\/magazine365\\\/category\\\/actualidad-turismo\\\/#listItem\",\"name\":\"Actualidad Turismo\"}},{\"@type\":\"ListItem\",\"@id\":\"https:\\\/\\\/eldigitaldeasturias.com\\\/magazine365\\\/category\\\/actualidad-turismo\\\/#listItem\",\"position\":2,\"name\":\"Actualidad Turismo\",\"item\":\"https:\\\/\\\/eldigitaldeasturias.com\\\/magazine365\\\/category\\\/actualidad-turismo\\\/\",\"nextItem\":{\"@type\":\"ListItem\",\"@id\":\"https:\\\/\\\/eldigitaldeasturias.com\\\/magazine365\\\/fernando-fraile-y-juan-jose-hidalgo-premios-de-turismo-islas-canarias\\\/#listItem\",\"name\":\"Fernando Fraile y Juan Jos\\u00e9 Hidalgo, Premios de Turismo &#8216;Islas Canarias&#8217;\"},\"previousItem\":{\"@type\":\"ListItem\",\"@id\":\"https:\\\/\\\/eldigitaldeasturias.com\\\/magazine365#listItem\",\"name\":\"Home\"}},{\"@type\":\"ListItem\",\"@id\":\"https:\\\/\\\/eldigitaldeasturias.com\\\/magazine365\\\/fernando-fraile-y-juan-jose-hidalgo-premios-de-turismo-islas-canarias\\\/#listItem\",\"position\":3,\"name\":\"Fernando Fraile y Juan Jos\\u00e9 Hidalgo, Premios de Turismo &#8216;Islas Canarias&#8217;\",\"previousItem\":{\"@type\":\"ListItem\",\"@id\":\"https:\\\/\\\/eldigitaldeasturias.com\\\/magazine365\\\/category\\\/actualidad-turismo\\\/#listItem\",\"name\":\"Actualidad Turismo\"}}]},{\"@type\":\"Organization\",\"@id\":\"https:\\\/\\\/eldigitaldeasturias.com\\\/magazine365\\\/#organization\",\"name\":\"El digital de Asturias\",\"description\":\"Revista de ocio, turismo y estilo de vida\",\"url\":\"https:\\\/\\\/eldigitaldeasturias.com\\\/magazine365\\\/\",\"logo\":{\"@type\":\"ImageObject\",\"url\":\"https:\\\/\\\/www.eldigitaldeasturias.com\\\/noticias\\\/wp-content\\\/uploads\\\/2020\\\/12\\\/EDA.jpg\",\"@id\":\"https:\\\/\\\/eldigitaldeasturias.com\\\/magazine365\\\/fernando-fraile-y-juan-jose-hidalgo-premios-de-turismo-islas-canarias\\\/#organizationLogo\"},\"image\":{\"@id\":\"https:\\\/\\\/eldigitaldeasturias.com\\\/magazine365\\\/fernando-fraile-y-juan-jose-hidalgo-premios-de-turismo-islas-canarias\\\/#organizationLogo\"}},{\"@type\":\"Person\",\"@id\":\"https:\\\/\\\/eldigitaldeasturias.com\\\/magazine365\\\/author\\\/admin\\\/#author\",\"url\":\"https:\\\/\\\/eldigitaldeasturias.com\\\/magazine365\\\/author\\\/admin\\\/\",\"name\":\"admin\",\"image\":{\"@type\":\"ImageObject\",\"@id\":\"https:\\\/\\\/eldigitaldeasturias.com\\\/magazine365\\\/fernando-fraile-y-juan-jose-hidalgo-premios-de-turismo-islas-canarias\\\/#authorImage\",\"url\":\"https:\\\/\\\/eldigitaldeasturias.com\\\/magazine365\\\/wp-content\\\/litespeed\\\/avatar\\\/e571bcf59a0edd6fa6838245a470f2fe.jpg?ver=1776969259\",\"width\":96,\"height\":96,\"caption\":\"admin\"}},{\"@type\":\"WebPage\",\"@id\":\"https:\\\/\\\/eldigitaldeasturias.com\\\/magazine365\\\/fernando-fraile-y-juan-jose-hidalgo-premios-de-turismo-islas-canarias\\\/#webpage\",\"url\":\"https:\\\/\\\/eldigitaldeasturias.com\\\/magazine365\\\/fernando-fraile-y-juan-jose-hidalgo-premios-de-turismo-islas-canarias\\\/\",\"name\":\"Fernando Fraile y Juan Jos\\u00e9 Hidalgo, Premios de Turismo \\u2018Islas Canarias\\u2019 | El Digital de Asturias\",\"description\":\"El viceconsejero de Turismo del Gobierno de Canarias, Ricardo Fern\\u00e1ndez de la Puente Armas, ha presidido este martes el Jurado de los Premios de Turismo 'Islas Canarias', que ha designado a Fernando Fraile, en la categor\\u00eda de Premio de Turismo 'Islas Canarias' a la Excelencia en el Sector Tur\\u00edstico Canario, y a Juan Jos\\u00e9 Hidalgo,\",\"inLanguage\":\"es-ES\",\"isPartOf\":{\"@id\":\"https:\\\/\\\/eldigitaldeasturias.com\\\/magazine365\\\/#website\"},\"breadcrumb\":{\"@id\":\"https:\\\/\\\/eldigitaldeasturias.com\\\/magazine365\\\/fernando-fraile-y-juan-jose-hidalgo-premios-de-turismo-islas-canarias\\\/#breadcrumblist\"},\"author\":{\"@id\":\"https:\\\/\\\/eldigitaldeasturias.com\\\/magazine365\\\/author\\\/admin\\\/#author\"},\"creator\":{\"@id\":\"https:\\\/\\\/eldigitaldeasturias.com\\\/magazine365\\\/author\\\/admin\\\/#author\"},\"image\":{\"@type\":\"ImageObject\",\"url\":\"https:\\\/\\\/eldigitaldeasturias.com\\\/magazine365\\\/wp-content\\\/uploads\\\/2015\\\/06\\\/fotonoticia_20150616182047_800.jpg\",\"@id\":\"https:\\\/\\\/eldigitaldeasturias.com\\\/magazine365\\\/fernando-fraile-y-juan-jose-hidalgo-premios-de-turismo-islas-canarias\\\/#mainImage\",\"width\":800,\"height\":532},\"primaryImageOfPage\":{\"@id\":\"https:\\\/\\\/eldigitaldeasturias.com\\\/magazine365\\\/fernando-fraile-y-juan-jose-hidalgo-premios-de-turismo-islas-canarias\\\/#mainImage\"},\"datePublished\":\"2015-06-17T07:46:32+02:00\",\"dateModified\":\"2015-06-17T07:46:32+02:00\"},{\"@type\":\"WebSite\",\"@id\":\"https:\\\/\\\/eldigitaldeasturias.com\\\/magazine365\\\/#website\",\"url\":\"https:\\\/\\\/eldigitaldeasturias.com\\\/magazine365\\\/\",\"name\":\"El Digital de Asturias\",\"description\":\"Revista de ocio, turismo y estilo de vida\",\"inLanguage\":\"es-ES\",\"publisher\":{\"@id\":\"https:\\\/\\\/eldigitaldeasturias.com\\\/magazine365\\\/#organization\"}}]}\n\t\t<\/script>\n\t\t<!-- All in One SEO Pro -->\r\n\t\t<title>Fernando Fraile y Juan Jos\u00e9 Hidalgo, Premios de Turismo \u2018Islas Canarias\u2019 | El Digital de Asturias<\/title>\n\n","aioseo_head_json":{"title":"Fernando Fraile y Juan Jos\u00e9 Hidalgo, Premios de Turismo \u2018Islas Canarias\u2019 | El Digital de Asturias","description":"El viceconsejero de Turismo del Gobierno de Canarias, Ricardo Fern\u00e1ndez de la Puente Armas, ha presidido este martes el Jurado de los Premios de Turismo 'Islas Canarias', que ha designado a Fernando Fraile, en la categor\u00eda de Premio de Turismo 'Islas Canarias' a la Excelencia en el Sector Tur\u00edstico Canario, y a Juan Jos\u00e9 Hidalgo,","canonical_url":"https:\/\/eldigitaldeasturias.com\/magazine365\/fernando-fraile-y-juan-jose-hidalgo-premios-de-turismo-islas-canarias\/","robots":"max-image-preview:large","keywords":"actualidad turismo","webmasterTools":{"google-site-verification":"UA-38556648-1","miscellaneous":""},"schema":{"@context":"https:\/\/schema.org","@graph":[{"@type":"Article","@id":"https:\/\/eldigitaldeasturias.com\/magazine365\/fernando-fraile-y-juan-jose-hidalgo-premios-de-turismo-islas-canarias\/#article","name":"Fernando Fraile y Juan Jos\u00e9 Hidalgo, Premios de Turismo \u2018Islas Canarias\u2019 | El Digital de Asturias","headline":"Fernando Fraile y Juan Jos\u00e9 Hidalgo, Premios de Turismo &#8216;Islas Canarias&#8217;","author":{"@id":"https:\/\/eldigitaldeasturias.com\/magazine365\/author\/admin\/#author"},"publisher":{"@id":"https:\/\/eldigitaldeasturias.com\/magazine365\/#organization"},"image":{"@type":"ImageObject","url":"https:\/\/eldigitaldeasturias.com\/magazine365\/wp-content\/uploads\/2015\/06\/fotonoticia_20150616182047_800.jpg","width":800,"height":532},"datePublished":"2015-06-17T07:46:32+02:00","dateModified":"2015-06-17T07:46:32+02:00","inLanguage":"es-ES","mainEntityOfPage":{"@id":"https:\/\/eldigitaldeasturias.com\/magazine365\/fernando-fraile-y-juan-jose-hidalgo-premios-de-turismo-islas-canarias\/#webpage"},"isPartOf":{"@id":"https:\/\/eldigitaldeasturias.com\/magazine365\/fernando-fraile-y-juan-jose-hidalgo-premios-de-turismo-islas-canarias\/#webpage"},"articleSection":"Actualidad Turismo"},{"@type":"BreadcrumbList","@id":"https:\/\/eldigitaldeasturias.com\/magazine365\/fernando-fraile-y-juan-jose-hidalgo-premios-de-turismo-islas-canarias\/#breadcrumblist","itemListElement":[{"@type":"ListItem","@id":"https:\/\/eldigitaldeasturias.com\/magazine365#listItem","position":1,"name":"Home","item":"https:\/\/eldigitaldeasturias.com\/magazine365","nextItem":{"@type":"ListItem","@id":"https:\/\/eldigitaldeasturias.com\/magazine365\/category\/actualidad-turismo\/#listItem","name":"Actualidad Turismo"}},{"@type":"ListItem","@id":"https:\/\/eldigitaldeasturias.com\/magazine365\/category\/actualidad-turismo\/#listItem","position":2,"name":"Actualidad Turismo","item":"https:\/\/eldigitaldeasturias.com\/magazine365\/category\/actualidad-turismo\/","nextItem":{"@type":"ListItem","@id":"https:\/\/eldigitaldeasturias.com\/magazine365\/fernando-fraile-y-juan-jose-hidalgo-premios-de-turismo-islas-canarias\/#listItem","name":"Fernando Fraile y Juan Jos\u00e9 Hidalgo, Premios de Turismo &#8216;Islas Canarias&#8217;"},"previousItem":{"@type":"ListItem","@id":"https:\/\/eldigitaldeasturias.com\/magazine365#listItem","name":"Home"}},{"@type":"ListItem","@id":"https:\/\/eldigitaldeasturias.com\/magazine365\/fernando-fraile-y-juan-jose-hidalgo-premios-de-turismo-islas-canarias\/#listItem","position":3,"name":"Fernando Fraile y Juan Jos\u00e9 Hidalgo, Premios de Turismo &#8216;Islas Canarias&#8217;","previousItem":{"@type":"ListItem","@id":"https:\/\/eldigitaldeasturias.com\/magazine365\/category\/actualidad-turismo\/#listItem","name":"Actualidad Turismo"}}]},{"@type":"Organization","@id":"https:\/\/eldigitaldeasturias.com\/magazine365\/#organization","name":"El digital de Asturias","description":"Revista de ocio, turismo y estilo de vida","url":"https:\/\/eldigitaldeasturias.com\/magazine365\/","logo":{"@type":"ImageObject","url":"https:\/\/www.eldigitaldeasturias.com\/noticias\/wp-content\/uploads\/2020\/12\/EDA.jpg","@id":"https:\/\/eldigitaldeasturias.com\/magazine365\/fernando-fraile-y-juan-jose-hidalgo-premios-de-turismo-islas-canarias\/#organizationLogo"},"image":{"@id":"https:\/\/eldigitaldeasturias.com\/magazine365\/fernando-fraile-y-juan-jose-hidalgo-premios-de-turismo-islas-canarias\/#organizationLogo"}},{"@type":"Person","@id":"https:\/\/eldigitaldeasturias.com\/magazine365\/author\/admin\/#author","url":"https:\/\/eldigitaldeasturias.com\/magazine365\/author\/admin\/","name":"admin","image":{"@type":"ImageObject","@id":"https:\/\/eldigitaldeasturias.com\/magazine365\/fernando-fraile-y-juan-jose-hidalgo-premios-de-turismo-islas-canarias\/#authorImage","url":"https:\/\/eldigitaldeasturias.com\/magazine365\/wp-content\/litespeed\/avatar\/e571bcf59a0edd6fa6838245a470f2fe.jpg?ver=1776969259","width":96,"height":96,"caption":"admin"}},{"@type":"WebPage","@id":"https:\/\/eldigitaldeasturias.com\/magazine365\/fernando-fraile-y-juan-jose-hidalgo-premios-de-turismo-islas-canarias\/#webpage","url":"https:\/\/eldigitaldeasturias.com\/magazine365\/fernando-fraile-y-juan-jose-hidalgo-premios-de-turismo-islas-canarias\/","name":"Fernando Fraile y Juan Jos\u00e9 Hidalgo, Premios de Turismo \u2018Islas Canarias\u2019 | El Digital de Asturias","description":"El viceconsejero de Turismo del Gobierno de Canarias, Ricardo Fern\u00e1ndez de la Puente Armas, ha presidido este martes el Jurado de los Premios de Turismo 'Islas Canarias', que ha designado a Fernando Fraile, en la categor\u00eda de Premio de Turismo 'Islas Canarias' a la Excelencia en el Sector Tur\u00edstico Canario, y a Juan Jos\u00e9 Hidalgo,","inLanguage":"es-ES","isPartOf":{"@id":"https:\/\/eldigitaldeasturias.com\/magazine365\/#website"},"breadcrumb":{"@id":"https:\/\/eldigitaldeasturias.com\/magazine365\/fernando-fraile-y-juan-jose-hidalgo-premios-de-turismo-islas-canarias\/#breadcrumblist"},"author":{"@id":"https:\/\/eldigitaldeasturias.com\/magazine365\/author\/admin\/#author"},"creator":{"@id":"https:\/\/eldigitaldeasturias.com\/magazine365\/author\/admin\/#author"},"image":{"@type":"ImageObject","url":"https:\/\/eldigitaldeasturias.com\/magazine365\/wp-content\/uploads\/2015\/06\/fotonoticia_20150616182047_800.jpg","@id":"https:\/\/eldigitaldeasturias.com\/magazine365\/fernando-fraile-y-juan-jose-hidalgo-premios-de-turismo-islas-canarias\/#mainImage","width":800,"height":532},"primaryImageOfPage":{"@id":"https:\/\/eldigitaldeasturias.com\/magazine365\/fernando-fraile-y-juan-jose-hidalgo-premios-de-turismo-islas-canarias\/#mainImage"},"datePublished":"2015-06-17T07:46:32+02:00","dateModified":"2015-06-17T07:46:32+02:00"},{"@type":"WebSite","@id":"https:\/\/eldigitaldeasturias.com\/magazine365\/#website","url":"https:\/\/eldigitaldeasturias.com\/magazine365\/","name":"El Digital de Asturias","description":"Revista de ocio, turismo y estilo de vida","inLanguage":"es-ES","publisher":{"@id":"https:\/\/eldigitaldeasturias.com\/magazine365\/#organization"}}]},"og:locale":"es_ES","og:site_name":"El Digital de Asturias \u2013 Revista de ocio, turismo y estilo de vida","og:type":"article","og:title":"Fernando Fraile y Juan Jos\u00e9 Hidalgo, Premios de Turismo \u2018Islas Canarias\u2019 | El Digital de Asturias","og:description":"El viceconsejero de Turismo del Gobierno de Canarias, Ricardo Fern\u00e1ndez de la Puente Armas, ha presidido este martes el Jurado de los Premios de Turismo 'Islas Canarias', que ha designado a Fernando Fraile, en la categor\u00eda de Premio de Turismo 'Islas Canarias' a la Excelencia en el Sector Tur\u00edstico Canario, y a Juan Jos\u00e9 Hidalgo,","og:url":"https:\/\/eldigitaldeasturias.com\/magazine365\/fernando-fraile-y-juan-jose-hidalgo-premios-de-turismo-islas-canarias\/","og:image":"https:\/\/eldigitaldeasturias.com\/magazine365\/wp-content\/uploads\/2015\/06\/fotonoticia_20150616182047_800.jpg","og:image:secure_url":"https:\/\/eldigitaldeasturias.com\/magazine365\/wp-content\/uploads\/2015\/06\/fotonoticia_20150616182047_800.jpg","og:image:width":800,"og:image:height":532,"article:published_time":"2015-06-17T06:16:32+00:00","article:modified_time":"2015-06-17T06:16:32+00:00","twitter:card":"summary_large_image","twitter:title":"Fernando Fraile y Juan Jos\u00e9 Hidalgo, Premios de Turismo \u2018Islas Canarias\u2019 | El Digital de Asturias","twitter:description":"El viceconsejero de Turismo del Gobierno de Canarias, Ricardo Fern\u00e1ndez de la Puente Armas, ha presidido este martes el Jurado de los Premios de Turismo 'Islas Canarias', que ha designado a Fernando Fraile, en la categor\u00eda de Premio de Turismo 'Islas Canarias' a la Excelencia en el Sector Tur\u00edstico Canario, y a Juan Jos\u00e9 Hidalgo,","twitter:image":"https:\/\/eldigitaldeasturias.com\/magazine365\/wp-content\/uploads\/2015\/06\/fotonoticia_20150616182047_800.jpg"},"aioseo_meta_data":{"post_id":"40094","title":null,"description":null,"keywords":null,"keyphrases":null,"primary_term":null,"canonical_url":null,"og_title":null,"og_description":null,"og_object_type":"default","og_image_type":"default","og_image_url":null,"og_image_width":null,"og_image_height":null,"og_image_custom_url":null,"og_image_custom_fields":null,"og_video":null,"og_custom_url":null,"og_article_section":null,"og_article_tags":null,"twitter_use_og":false,"twitter_card":"default","twitter_image_type":"default","twitter_image_url":null,"twitter_image_custom_url":null,"twitter_image_custom_fields":null,"twitter_title":null,"twitter_description":null,"schema":{"blockGraphs":[],"customGraphs":[],"default":{"data":{"Article":[],"Course":[],"Dataset":[],"FAQPage":[],"Movie":[],"Person":[],"Product":[],"ProductReview":[],"Car":[],"Recipe":[],"Service":[],"SoftwareApplication":[],"WebPage":[]},"graphName":"","isEnabled":true},"graphs":[],"defaultGraph":"","defaultPostTypeGraph":""},"schema_type":null,"schema_type_options":null,"pillar_content":false,"robots_default":true,"robots_noindex":false,"robots_noarchive":false,"robots_nosnippet":false,"robots_nofollow":false,"robots_noimageindex":false,"robots_noodp":false,"robots_notranslate":false,"robots_max_snippet":null,"robots_max_videopreview":null,"robots_max_imagepreview":"large","priority":null,"frequency":null,"location":null,"local_seo":null,"seo_analyzer_scan_date":"2025-09-19 12:55:06","breadcrumb_settings":null,"limit_modified_date":false,"open_ai":null,"ai":null,"created":"2021-03-09 02:32:56","updated":"2025-09-19 12:55:06"},"aioseo_breadcrumb":"<div class=\"aioseo-breadcrumbs\"><span class=\"aioseo-breadcrumb\">\n\t<a href=\"https:\/\/eldigitaldeasturias.com\/magazine365\" title=\"Home\">Home<\/a>\n<\/span><span class=\"aioseo-breadcrumb-separator\">\u2013<\/span><span class=\"aioseo-breadcrumb\">\n\t<a href=\"https:\/\/eldigitaldeasturias.com\/magazine365\/category\/actualidad-turismo\/\" title=\"Actualidad Turismo\">Actualidad Turismo<\/a>\n<\/span><span class=\"aioseo-breadcrumb-separator\">\u2013<\/span><span class=\"aioseo-breadcrumb\">\n\t<a href=\"https:\/\/eldigitaldeasturias.com\/magazine365\/fernando-fraile-y-juan-jose-hidalgo-premios-de-turismo-islas-canarias\/\" title=\"Fernando Fraile y Juan Jos\u00e9 Hidalgo, Premios de Turismo \u2018Islas Canarias\u2019\">Fernando Fraile y Juan Jos\u00e9 Hidalgo, Premios de Turismo \u2018Islas Canarias\u2019<\/a>\n<\/span><\/div>","aioseo_breadcrumb_json":[{"label":"Home","link":"https:\/\/eldigitaldeasturias.com\/magazine365"},{"label":"Actualidad Turismo","link":"https:\/\/eldigitaldeasturias.com\/magazine365\/category\/actualidad-turismo\/"},{"label":"Fernando Fraile y Juan Jos\u00e9 Hidalgo, Premios de Turismo &#8216;Islas Canarias&#8217;","link":"https:\/\/eldigitaldeasturias.com\/magazine365\/fernando-fraile-y-juan-jose-hidalgo-premios-de-turismo-islas-canarias\/"}],"_links":{"self":[{"href":"https:\/\/eldigitaldeasturias.com\/magazine365\/wp-json\/wp\/v2\/posts\/40094","targetHints":{"allow":["GET"]}}],"collection":[{"href":"https:\/\/eldigitaldeasturias.com\/magazine365\/wp-json\/wp\/v2\/posts"}],"about":[{"href":"https:\/\/eldigitaldeasturias.com\/magazine365\/wp-json\/wp\/v2\/types\/post"}],"author":[{"embeddable":true,"href":"https:\/\/eldigitaldeasturias.com\/magazine365\/wp-json\/wp\/v2\/users\/1"}],"replies":[{"embeddable":true,"href":"https:\/\/eldigitaldeasturias.com\/magazine365\/wp-json\/wp\/v2\/comments?post=40094"}],"version-history":[{"count":0,"href":"https:\/\/eldigitaldeasturias.com\/magazine365\/wp-json\/wp\/v2\/posts\/40094\/revisions"}],"wp:featuredmedia":[{"embeddable":true,"href":"https:\/\/eldigitaldeasturias.com\/magazine365\/wp-json\/wp\/v2\/media\/40095"}],"wp:attachment":[{"href":"https:\/\/eldigitaldeasturias.com\/magazine365\/wp-json\/wp\/v2\/media?parent=40094"}],"wp:term":[{"taxonomy":"category","embeddable":true,"href":"https:\/\/eldigitaldeasturias.com\/magazine365\/wp-json\/wp\/v2\/categories?post=40094"},{"taxonomy":"post_tag","embeddable":true,"href":"https:\/\/eldigitaldeasturias.com\/magazine365\/wp-json\/wp\/v2\/tags?post=40094"}],"curies":[{"name":"wp","href":"https:\/\/api.w.org\/{rel}","templated":true}]}}